{"id":6043,"date":"2011-01-30T07:57:40","date_gmt":"2011-01-30T06:57:40","guid":{"rendered":"http:\/\/fjala.shkoder.net\/?p=6043"},"modified":"2011-01-30T07:57:40","modified_gmt":"2011-01-30T06:57:40","slug":"policia-nuk-prangos-6-gardistet-prokuroria-refuzon-ti-pyese","status":"publish","type":"post","link":"https:\/\/fjala.info\/2009-2015\/policia-nuk-prangos-6-gardistet-prokuroria-refuzon-ti-pyese\/","title":{"rendered":"Policia nuk prangos 6 gardist\u00ebt, prokuroria refuzon t&#8217;i pyes\u00eb"},"content":{"rendered":"<p><img loading=\"lazy\" decoding=\"async\" class=\"alignright size-medium wp-image-6044\" title=\"gardistet_vrases\" src=\"http:\/\/fjala.shkoder.net\/wp-content\/uploads\/2011\/01\/gardistet_vrases-300x189.jpg\" alt=\"\" width=\"300\" height=\"189\" \/><br \/>\nNga <strong>Korresp. 24-ore.com<\/strong><\/p>\n<p>Gjasht\u00eb drejtuesit e Gard\u00ebs s\u00eb Republik\u00ebs, ndaj t\u00eb cil\u00ebve prokuroria e kryeqytetit ka l\u00ebshuar urdh\u00ebr-ndalimi si t\u00eb dyshuar p\u00ebr pasojat e demonstrat\u00ebs s\u00eb 21 janarit, paraqiten me arm\u00eb n\u00eb brez n\u00eb Drejtorin e Policis\u00eb, duke k\u00ebrkuar t\u00eb japin shpjegime p\u00ebr ngjarjen dhe nuk arrestohen nga efektiv\u00ebt blu. Lajmi konfirmohet nga burimet zyrtare t\u00eb Prokuroris\u00eb s\u00eb P\u00ebrgjithshme dhe Ministris\u00eb s\u00eb Brendshme, sipas t\u00eb cil\u00ebve, edhe pse ndaj gjasht\u00eb gardist\u00ebt kishte nj\u00eb urdh\u00ebr-ndalimi t\u00eb l\u00ebshuar nga institucioni i akuz\u00ebs Drejtori i Policis\u00eb s\u00eb Tiran\u00ebs, drejtuesi z.Sajmir Mu\u00e7aj nuk pranoi ta zbatonte duke i l\u00ebn\u00eb t\u00eb lir\u00eb gardist\u00ebt e &#8220;shpallur&#8221; n\u00eb k\u00ebrkim.<\/p>\n<p>Ka qen\u00eb ora 21 e dark\u00ebs s\u00eb m\u00ebrkur\u00eb, kur n\u00eb telefonin e drejtuesit t\u00eb Prokuroris\u00eb s\u00eb Tiran\u00ebs prokurori z.Sokol Malaj, ka ardhur nj\u00eb telefonat nga Drejtoria e P\u00ebrgjithshme e Policis\u00eb s\u00eb Shtetit duke njoftuar se gjasht\u00eb gardist\u00ebt e shpallur n\u00eb &#8220;k\u00ebrkim&#8221; ndodhen n\u00eb Drejtorin e Policis\u00eb s\u00eb kryeqytetit. Prokurori Malaj i shoq\u00ebruar nga tre prokuror t\u00eb tjer\u00eb dhe kat\u00ebr oficer t\u00eb policis\u00eb gjyq\u00ebsore q\u00eb jan\u00eb pjes\u00eb e grupit hetimor t\u00eb zbardhjes s\u00eb pasojave t\u00eb demonstrat\u00ebs s\u00eb 21 janarit, p\u00ebr pak minuta kan\u00eb zbarkuar n\u00eb ambientet e policis\u00eb s\u00eb kryeqytetit. Aty ndodhej e pranishme edhe p\u00ebrfaq\u00ebsuesja e ambasad\u00ebs s\u00eb SHBA-s\u00eb.<\/p>\n<p>I shoq\u00ebruar nga amerikania dhe me nd\u00ebrmjet\u00ebsimin e k\u00ebsaj t\u00eb fundit, prokurori Malaj \u00ebsht\u00eb takuar me drejtorin e policis\u00eb s\u00eb kryeqytetit z.Sajmir Mu\u00e7aj ku n\u00eb zyr\u00ebn e tij ndodheshin gjasht\u00eb drejtuesit e Gard\u00ebs s\u00eb Republik\u00ebs t\u00eb veshur me uniform\u00eb ushtarake dhe pistoleta n\u00eb brez. &#8220;I habitur prokurori z.Sokol Malaj ka k\u00ebrkuar shpjegime nga drejtori i Policis\u00eb z.Sajmir Mu\u00e7aj pse gjasht\u00eb t\u00eb ndaluarit kan\u00eb t\u00eb veshur uniform\u00eb dhe pistoletat n\u00eb brez. Reagimi i drejtorit Mu\u00e7aj, ishte se &#8220;ata nuk jan\u00eb t\u00eb arrestuar, por, kan\u00eb ardhur t\u00eb japin shpjegime dhe pas protest\u00ebs s\u00eb nes\u00ebrme (djeshme) do t\u00eb dor\u00ebzohen vet\u00eb&#8221;-m\u00ebsohet se i \u00ebsht\u00eb p\u00ebrgjigjur drejtori Mu\u00e7aj prokurorit Malaj.<\/p>\n<p>Sipas k\u00ebtyre burimeve, i ndodhur n\u00eb k\u00ebto kushte kryeprokurori i Tiran\u00ebs ka k\u00ebrkuar q\u00eb gjasht\u00eb gardist\u00ebve t&#8217;i vihen prangat pasi ka nj\u00eb urdh\u00ebr-ndalimi. Por, k\u00ebt\u00eb urdh\u00ebr-ndalimi drejtori Mu\u00e7aj ka refuzuar ta zbatoi duke u mb\u00ebshtetur n\u00eb nenin 254 t\u00eb Kodit t\u00eb Procedur\u00ebs Penale, nen ky i p\u00ebrmendur edhe nga kryeministri Sali Berisha pak dit\u00eb m\u00eb par\u00eb n\u00eb nj\u00eb konferenc\u00eb p\u00ebr media. Sipas k\u00ebtij neni q\u00eb parashikon &#8220;moslejimin e arrestimit dhe ndalimit n\u00eb rrethana t\u00eb caktuara&#8221; thuhet se &#8220;arrestimi ose ndalimi nuk lejohet kur nga rrethanat e faktit del se veprimi \u00ebsht\u00eb b\u00ebr\u00eb gjat\u00eb kryerjes s\u00eb nj\u00eb detyre ose gjat\u00eb ushtrimit t\u00eb nj\u00eb t\u00eb drejte t\u00eb ligjshme ose kur ekziston nj\u00eb shkak pad\u00ebnueshm\u00ebrie&#8221;-thuhet n\u00eb nen.<\/p>\n<p>Drejtori Mu\u00e7aj i bazuar n\u00eb k\u00ebt\u00eb nen, pasi sipas tij, gjasht\u00eb drejtuesit e Gard\u00ebs s\u00eb Republik\u00ebs ndodhen n\u00eb pun\u00eb dhe arrestimi i tyre nuk mund t\u00eb b\u00ebhet. Prokurori Malaj n\u00eb prezenc\u00ebn e p\u00ebrfaq\u00ebsueses s\u00eb Ambasad\u00ebs s\u00eb SHBA-s\u00eb ka k\u00ebmb\u00ebngulur q\u00eb t\u00eb kryet arrestimi i tyre dhe m\u00eb pas do t\u00eb japin shpjegime p\u00ebr ngjarjen. N\u00eb t\u00eb kund\u00ebrt\u00ebn, sipas pretendimit t\u00eb prokurorit, n\u00eb asnj\u00eb m\u00ebnyr\u00eb t\u00eb &#8216;shpallurit&#8221; n\u00eb k\u00ebrkim nuk do t\u00eb merren n\u00eb pyetje. &#8220;Nuk b\u00ebj pakte me ligjin&#8221;-m\u00ebsohet t\u00eb jet\u00eb shprehur prokurori Malaj, duke paralajm\u00ebruar drejtorin Mu\u00e7aj se mos zbatimi i urdhrit t\u00eb prokuroris\u00eb \u00ebsht\u00eb vep\u00ebr penale. Pas tre or\u00eb debate dhe diskutime mes drejtorit t\u00eb Policis\u00eb Mu\u00e7aj, prokurorit Malaj dhe p\u00ebrfaq\u00ebsueses s\u00eb Ambasad\u00ebs s\u00eb SHBA-s\u00eb, prokurori Malaj i shoq\u00ebruar nga grupa hetimore \u00ebsht\u00eb larguar nga Drejtoria e Policis\u00eb.<\/p>\n<p><strong>GARDA<\/strong><br \/>\nMjek\u00ebt: 22 nga gardist\u00ebt e raportuar si t\u00eb plagosur jan\u00eb l\u00ebnduar nga gazi lotsjell\u00ebs<\/p>\n<p><em>TIRAN\u00cb<\/em> &#8211; Gardist\u00ebt q\u00eb plagosen dhe p\u00ebsuan l\u00ebndime trupore nga sendet e forta gjat\u00eb demonstrat\u00ebs s\u00eb 21 janarit, paraqiten n\u00eb Institutin e Mjek\u00ebsis\u00eb Ligjore p\u00ebr t\u00eb kryer ekzaminimet p\u00ebrkat\u00ebse edhe pse nj\u00eb dit\u00eb m\u00eb par\u00eb drejtuesit e Gard\u00ebs s\u00eb Republik\u00ebs refuzuan nj\u00eb &#8220;vizit\u00eb&#8221; t\u00eb till\u00eb mjek\u00ebsore. Ka qen\u00eb pasditja e s\u00eb enjtes, kur disa gardist\u00eb t\u00eb plagosur dhe l\u00ebnduar jan\u00eb drejtuar Institutit t\u00eb Mjek\u00ebsis\u00eb Ligjore p\u00ebr t\u00eb kryer ekzaminimet e plag\u00ebve t\u00eb marra q\u00eb m\u00eb pas jan\u00eb renditur n\u00eb nj\u00eb akt-ekspertim q\u00eb pritet t&#8217;i bashkohet dosjes hetimore n\u00eb ngarkim t\u00eb demonstruesve. M\u00ebsohet se gardist\u00ebt e l\u00ebnduar jan\u00eb shoq\u00ebruar nga mjeku i institucionit t\u00eb tyre, i cili ka dor\u00ebzuar edhe regjistrin me emrat e 81 gardist\u00ebve q\u00eb kan\u00eb marr mjekime t\u00eb ndryshme brenda Gard\u00ebs s\u00eb Republik\u00ebs nga personeli mjek\u00ebsor.<\/p>\n<p>&#8220;Nga 81 t\u00eb plagosur e l\u00ebnduar, 22 prej tyre kishin marr mjekime p\u00ebr shkak t\u00eb d\u00ebmtimeve t\u00eb shqisave t\u00eb t\u00eb parit dhe nuhatjes nga gazi lotsjell\u00ebs i hedhur dit\u00ebn e demonstratave nga forcat e nd\u00ebrhyrjes s\u00eb shpejt t\u00eb policis\u00eb. Nd\u00ebrsa 59 prej t\u00eb tjer\u00ebve kishin marr l\u00ebndime trupore t\u00eb ndryshme nga sendet e forta, si gur, fishekzjarr, molotov\u00eb e pllaka t\u00eb betonit t\u00eb hedhura ndaj tyre dit\u00ebn e demonstrat\u00ebs&#8221;-thuhet nga ekspert\u00ebt e Mjek\u00ebsis\u00eb Ligjore. P\u00ebrve\u00e7 gardist\u00ebve, punonj\u00ebsve t\u00eb policis\u00eb dhe gazetar\u00ebve q\u00eb jan\u00eb q\u00eblluar nga efektiv\u00ebt blu edhe agjent\u00ebt e policis\u00eb t\u00eb veshur civil dhe q\u00eb ndoq\u00ebn demonstrat\u00ebn mes turm\u00ebs kan\u00eb p\u00ebsuar d\u00ebmtime. L\u00ebndime k\u00ebto si nga gazi lotsjell\u00ebs, gur\u00ebt e hedhur nga policia si kund\u00ebrp\u00ebrgjigje por edhe nga shkopinjt\u00eb e gom\u00ebs t\u00eb koleg\u00ebve t\u00eb tyre, t\u00eb cil\u00ebt n\u00eb or\u00ebt e pasdites von\u00eb t\u00eb s\u00eb premtes u drejtuan drejt peronave q\u00eb ndodheshin n\u00eb bulevardin &#8220;D\u00ebshmor\u00ebt e Kombit&#8221; apo edhe brenda nd\u00ebrtesave t\u00eb dy kullave.<\/p>\n<p>&#8220;N\u00eb mesin e t\u00eb l\u00ebnduarve jan\u00eb edhe disa agjent\u00eb civil\u00eb t\u00eb policis\u00eb, q\u00eb ndodheshin mes turm\u00ebs dit\u00ebn e demonstrat\u00ebs. K\u00ebta agjent\u00eb kishin p\u00ebr detyr\u00eb t\u00eb v\u00ebzhgonin nga af\u00ebr demonstruesit dhe t\u00eb identifikonin n\u00eb heshtje personat q\u00eb q\u00ebllonin me gur\u00eb apo sende tjera t\u00eb paligjshme. Por, n\u00eb momentin q\u00eb forcat e policis\u00eb hodh\u00ebn gaz lotsjell\u00ebs, gur\u00eb apo shkopinj\u00eb gome drejt turm\u00ebs edhe ata ran\u00eb pre e k\u00ebsaj dhune p\u00ebr t\u00eb cil\u00ebn kan\u00eb marr edhe mjekime n\u00eb Spitalin Ushtarak apo edhe at\u00eb civil n\u00eb kryeqytet&#8221;-thuhet nga burimet e prokuroris\u00eb, t\u00eb cil\u00ebt kan\u00eb filluar t\u00eb administrojn\u00eb n\u00eb dosje t\u00eb gjitha kartelat mjek\u00ebsore t\u00eb 7 t\u00eb plagosurve me arm\u00eb zjarri dhe t\u00eb l\u00ebnduarve t\u00eb tjer\u00eb mes demonstruesve, policis\u00eb dhe gard\u00ebs. Edhe pse tashm\u00eb shumica prej t\u00eb l\u00ebnduarve \u00ebsht\u00eb ekzaminuar nga mjek\u00ebt e Mjek\u00ebsis\u00eb Ligjore, k\u00ebta t\u00eb fundit ende nuk kan\u00eb p\u00ebrfunduar raportet p\u00ebrfundimtare q\u00eb do i bashkohen dosjes hetimore t\u00eb procedimit penal, p\u00ebr demonstrat\u00ebn e 21 janarit dhe pasojat e asaj dite.<\/p>\n<p>Ekspert\u00ebt e Mjek\u00ebsis\u00eb Ligjore, n\u00eb p\u00ebrfundim t\u00eb akt-ekspertimeve t\u00eb tre t\u00eb vrar\u00ebve, kan\u00eb arritur n\u00eb konkluzionin se t\u00eb tre jan\u00eb q\u00eblluar me arm\u00eb zjarri t\u00eb kalibrit 9 mm. Sipas k\u00ebtyre t\u00eb dh\u00ebnave t\u00eb siguruara nga burimet pran\u00eb Mjek\u00ebsis\u00eb Ligjore dhe raporteve q\u00eb tashm\u00eb jan\u00eb administruar n\u00eb dosjen hetimore, m\u00ebsohet se t\u00eb tre viktimat jan\u00eb vrar\u00eb nga arm\u00eb zjarri n\u00eb vende t\u00eb ndryshme n\u00eb nj\u00eb afat t\u00eb ngusht\u00eb kohor\u00eb mes tyre. I pari q\u00eb \u00ebsht\u00eb q\u00eblluar me arm\u00eb zjarri ka qen\u00eb shtetasi Hekuran Deda nga Dibra, i cili ndodhej rreth 10 metra nga porta hyr\u00ebse e kryeministris\u00eb, hipur n\u00eb dy tavolina t\u00eb vendosura nga televizionet private p\u00ebr t\u00eb pasqyruar demonstrat\u00ebn. Viktima Deda ka qen\u00eb duke zbritur nga tavolinat, ku plumbi e ka q\u00eblluar n\u00eb an\u00ebn e majt\u00eb t\u00eb kok\u00ebs, mes veshit dhe ballit, duke i shkaktuar nj\u00eb plag\u00eb tejshpuese dhe vdekjeprur\u00ebse.<\/p>\n<p>Plumbi q\u00eb ka q\u00eblluar Ded\u00ebn, ka goditur edhe nj\u00eb gazetar t\u00eb televizionit ABC duke i shkaktuar plagosjen n\u00eb dor\u00eb. Viktima Deda, sipas ekspert\u00ebve t\u00eb mjek\u00ebsis\u00eb ligjore ka gjetur vdekjen nga nj\u00eb plumb i kalibrit 9 mm.<\/p>\n<p>M\u00eb pas, vet\u00ebm pak sekonda nga vrasja e Ded\u00ebs, \u00ebsht\u00eb q\u00eblluar me arm\u00eb zjarri shtetasi Ziver Veizi nga Gjirokastra, i cili ndodhej rreth tre metra nga porta hyr\u00ebse e kryeministris\u00eb n\u00eb bulevard. Sipas raportit t\u00eb mjeko-ligjor\u00ebve, viktima Veizi ka marr\u00eb nj\u00eb plumb n\u00eb kraharor, n\u00eb an\u00ebn e djatht\u00eb ballore. &#8220;Plumbi q\u00eb ka sjell vdekjen e tij, \u00ebsht\u00eb i kalibrit 9 mm&#8221;, &#8211; thuhet n\u00eb raportin e prokuroris\u00eb.<\/p>\n<p>Vet\u00ebm pak minuta nga k\u00ebto dy vrasje, \u00ebsht\u00eb q\u00eblluar shtetasi Faik Myrtaj. &#8220;Vrasja e Myrtajt, \u00ebsht\u00eb b\u00ebr\u00eb nga nj\u00eb plumb i vet\u00ebm, i cili e ka goditur n\u00eb shpatull\u00ebn e djatht\u00eb duke p\u00ebrshkruar hyrjen me nj\u00eb pjerrt\u00ebsi t\u00eb vog\u00ebl. Edhe plumbi q\u00eb ka q\u00eblluar Myrtajn \u00ebsht\u00eb i kalibri 9 mm&#8221;,- thuhet nga ekspert\u00ebt.<br \/>\nSipas prokuroris\u00eb, n\u00eb vendin e ngjarjes, dhe n\u00eb oborrin e kryeministris\u00eb jan\u00eb gjetur nj\u00eb sasi e madhe g\u00ebzhojash t\u00eb t\u00eb nj\u00ebjtit kalib\u00ebr 9 mm, t\u00eb cilat jan\u00eb shkrehur nga arm\u00ebt e efektiv\u00ebve t\u00eb Gard\u00ebs s\u00eb Republik\u00ebs t\u00eb tipit MP5 t\u00eb prodhimit turk. Sipas prokuroris\u00eb, predhat e gjetura n\u00eb trupin e t\u00eb vrar\u00ebve, jan\u00eb t\u00eb arm\u00ebve t\u00eb kalibrit t\u00eb nj\u00ebjt\u00eb q\u00eb efektiv\u00ebt e Gard\u00ebs kan\u00eb n\u00eb p\u00ebrdorim.<\/p>\n<p>Q\u00eb n\u00eb or\u00ebn 12:00 t\u00eb mesdit\u00ebs s\u00eb djeshme, prokuroria e kryeqytetit ka l\u00ebshuar gjasht\u00eb urdh\u00ebr-arrestet p\u00ebr drejtuesit e lart\u00eb t\u00eb Gard\u00ebs s\u00eb Republik\u00ebs, mes tyre komandantin e k\u00ebtij institucioni gjeneral Ndrea Prendi dhe pes\u00eb vart\u00ebsit e tij, por, policia e shtetit nuk i zbaton k\u00ebto urdhra.<\/p>\n<p>Lajmi konfirmohet nga burimet zyrtare t\u00eb organit t\u00eb akuz\u00ebs, ku grupi hetimor n\u00ebn drejtimin e drejtuesit t\u00eb Prokuroris\u00eb s\u00eb Tiran\u00ebs prokurorit Sokol Malaj, ka konstatuar nga hetimet paraprake t\u00eb ngjarjes, element\u00eb t\u00eb vepr\u00ebs penale t\u00eb kryer nga drejtuesit e lart\u00eb t\u00eb Gard\u00ebs s\u00eb Republik\u00ebs, vart\u00ebsit e t\u00eb cil\u00ebve dyshohet se kan\u00eb vrar\u00eb tre demonstruesit dhe kan\u00eb plagosur me arm\u00eb zjarri s\u00eb paku 10 persona t\u00eb tjer\u00eb.<br \/>\nSipas k\u00ebtyre burimeve, m\u00ebsohet se prokuroria ka l\u00ebshuar urdh\u00ebr-ndalimi p\u00ebr Komandantin e Gard\u00ebs gjeneral Ndrea Prendin i njohur si ish-shoq\u00ebruesi personal i kryeministrit Sali Berisha dhe pes\u00eb komandant\u00ebt t\u00eb nj\u00ebsive t\u00eb Gard\u00ebs, por ende nuk jan\u00eb zbatuar nga Policia e Shtetit.<\/p>\n<p>&#8220;\u00cbsht\u00eb l\u00ebshuar urdh\u00ebr-arresti p\u00ebr Komandantin e Gard\u00ebs gjeneral Ndrea Prendi, komandantin e nj\u00ebsis\u00eb num\u00ebr dy t\u00eb Gard\u00ebs kolonel Dashamir Shehi, efektiv\u00ebt e t\u00eb cilit sipas rregullores kishin p\u00ebr detyr\u00eb ruajtjen e ambienteve t\u00eb kryeministris\u00eb. P\u00ebr komandantin e nj\u00ebsis\u00eb speciale t\u00eb Gard\u00ebs major Alfred Ahmetcenaj, komandantin Fran Prenga, komandat i nj\u00ebsis\u00eb Vladimir Ndreaj dhe nj\u00eb komandant tjet\u00ebr i nj\u00ebsive q\u00eb ishin organizator\u00ebt e planit t\u00eb masave ndaj demonstrat\u00ebs&#8221;,- thuhet nga prokuroria, t\u00eb cil\u00ebt nuk japin detaje p\u00ebr dy emrat e tjer\u00eb t\u00eb gardist\u00ebve. &#8220;Shekulli&#8221; deri n\u00eb or\u00ebt e vona t\u00eb mbr\u00ebmjes, nuk ka mundur t\u00eb siguroj\u00eb k\u00ebto dy emra, por ka konfirmuar 4 prej tyre t\u00eb cil\u00ebt jan\u00eb personat e sip\u00ebrp\u00ebrmendur.<\/p>\n<p>Gjasht\u00eb drejtuesit e gard\u00ebs akuzohen se kan\u00eb konsumuar element\u00eb t\u00eb veprave penale t\u00eb &#8220;shp\u00ebrdorimit t\u00eb detyr\u00ebs&#8221; sipas Kodit Penal Ushtarak dhe akuz\u00ebn e &#8220;vrasjes n\u00eb rrethane cil\u00ebsuese&#8221; kund\u00ebr dy apo m\u00eb shum\u00eb personave (pasi \u00ebsht\u00eb q\u00eblluar n\u00eb drejtim t\u00eb turm\u00ebs) sipas Kodit Penal civil. M\u00ebsohet se urdhrat p\u00ebr arrestimin e gardist\u00ebve jan\u00eb d\u00ebrguar n\u00eb zyr\u00ebn e Drejtorit t\u00eb P\u00ebrgjithsh\u00ebm t\u00eb Policis\u00eb s\u00eb Shtetit, por, n\u00eb m\u00ebnyr\u00eb skandaloze, deri n\u00eb mesnat\u00ebn e djeshme, urdhrat nuk jan\u00eb ekzekutuar nga policia n\u00eb kund\u00ebrshtim flagrant me ligjet e shtetit.<\/p>\n","protected":false},"excerpt":{"rendered":"<p>Nga Korresp. 24-ore.com Gjasht\u00eb drejtuesit e Gard\u00ebs s\u00eb Republik\u00ebs, ndaj t\u00eb cil\u00ebve prokuroria e kryeqytetit ka l\u00ebshuar urdh\u00ebr-ndalimi si t\u00eb dyshuar p\u00ebr pasojat e demonstrat\u00ebs s\u00eb 21 janarit, paraqiten me arm\u00eb n\u00eb brez n\u00eb Drejtorin e Policis\u00eb, duke k\u00ebrkuar t\u00eb japin shpjegime p\u00ebr ngjarjen dhe nuk arrestohen nga efektiv\u00ebt blu. Lajmi konfirmohet nga burimet zyrtare [&hellip;]<\/p>\n","protected":false},"author":1,"featured_media":0,"comment_status":"open","ping_status":"closed","sticky":false,"template":"","format":"standard","meta":{"footnotes":""},"categories":[2],"tags":[],"class_list":{"0":"post-6043","1":"post","2":"type-post","3":"status-publish","4":"format-standard","6":"category-artikuj"},"yoast_head":"<!-- This site is optimized with the Yoast SEO plugin v27.4 - https:\/\/yoast.com\/product\/yoast-seo-wordpress\/ -->\n<title>Policia nuk prangos 6 gardist\u00ebt, prokuroria refuzon t&#039;i pyes\u00eb - FjALA e LIR\u00cb - Arkivi<\/title>\n<meta name=\"robots\" content=\"index, follow, max-snippet:-1, max-image-preview:large, max-video-preview:-1\" \/>\n<link rel=\"canonical\" href=\"https:\/\/fjala.info\/2009-2015\/policia-nuk-prangos-6-gardistet-prokuroria-refuzon-ti-pyese\/\" \/>\n<meta property=\"og:locale\" content=\"sq_AL\" \/>\n<meta property=\"og:type\" content=\"article\" \/>\n<meta property=\"og:title\" content=\"Policia nuk prangos 6 gardist\u00ebt, prokuroria refuzon t&#039;i pyes\u00eb - FjALA e LIR\u00cb - Arkivi\" \/>\n<meta property=\"og:description\" content=\"Nga Korresp. 24-ore.com Gjasht\u00eb drejtuesit e Gard\u00ebs s\u00eb Republik\u00ebs, ndaj t\u00eb cil\u00ebve prokuroria e kryeqytetit ka l\u00ebshuar urdh\u00ebr-ndalimi si t\u00eb dyshuar p\u00ebr pasojat e demonstrat\u00ebs s\u00eb 21 janarit, paraqiten me arm\u00eb n\u00eb brez n\u00eb Drejtorin e Policis\u00eb, duke k\u00ebrkuar t\u00eb japin shpjegime p\u00ebr ngjarjen dhe nuk arrestohen nga efektiv\u00ebt blu. Lajmi konfirmohet nga burimet zyrtare [&hellip;]\" \/>\n<meta property=\"og:url\" content=\"https:\/\/fjala.info\/2009-2015\/policia-nuk-prangos-6-gardistet-prokuroria-refuzon-ti-pyese\/\" \/>\n<meta property=\"og:site_name\" content=\"FjALA e LIR\u00cb - Arkivi\" \/>\n<meta property=\"article:published_time\" content=\"2011-01-30T06:57:40+00:00\" \/>\n<meta property=\"og:image\" content=\"http:\/\/fjala.shkoder.net\/wp-content\/uploads\/2011\/01\/gardistet_vrases-300x189.jpg\" \/>\n<meta name=\"author\" content=\"admin\" \/>\n<meta name=\"twitter:card\" content=\"summary_large_image\" \/>\n<meta name=\"twitter:label1\" content=\"Written by\" \/>\n\t<meta name=\"twitter:data1\" content=\"admin\" \/>\n\t<meta name=\"twitter:label2\" content=\"Est. reading time\" \/>\n\t<meta name=\"twitter:data2\" content=\"10 minutes\" \/>\n<script type=\"application\/ld+json\" class=\"yoast-schema-graph\">{\"@context\":\"https:\\\/\\\/schema.org\",\"@graph\":[{\"@type\":\"Article\",\"@id\":\"https:\\\/\\\/fjala.info\\\/2009-2015\\\/policia-nuk-prangos-6-gardistet-prokuroria-refuzon-ti-pyese\\\/#article\",\"isPartOf\":{\"@id\":\"https:\\\/\\\/fjala.info\\\/2009-2015\\\/policia-nuk-prangos-6-gardistet-prokuroria-refuzon-ti-pyese\\\/\"},\"author\":{\"name\":\"admin\",\"@id\":\"https:\\\/\\\/fjala.info\\\/2009-2015\\\/#\\\/schema\\\/person\\\/3aa1163ef05469c496fc94e77611ada2\"},\"headline\":\"Policia nuk prangos 6 gardist\u00ebt, prokuroria refuzon t&#8217;i pyes\u00eb\",\"datePublished\":\"2011-01-30T06:57:40+00:00\",\"mainEntityOfPage\":{\"@id\":\"https:\\\/\\\/fjala.info\\\/2009-2015\\\/policia-nuk-prangos-6-gardistet-prokuroria-refuzon-ti-pyese\\\/\"},\"wordCount\":2030,\"commentCount\":0,\"publisher\":{\"@id\":\"https:\\\/\\\/fjala.info\\\/2009-2015\\\/#organization\"},\"image\":{\"@id\":\"https:\\\/\\\/fjala.info\\\/2009-2015\\\/policia-nuk-prangos-6-gardistet-prokuroria-refuzon-ti-pyese\\\/#primaryimage\"},\"thumbnailUrl\":\"http:\\\/\\\/fjala.shkoder.net\\\/wp-content\\\/uploads\\\/2011\\\/01\\\/gardistet_vrases-300x189.jpg\",\"articleSection\":[\"Artikuj\"],\"inLanguage\":\"sq-AL\",\"potentialAction\":[{\"@type\":\"CommentAction\",\"name\":\"Comment\",\"target\":[\"https:\\\/\\\/fjala.info\\\/2009-2015\\\/policia-nuk-prangos-6-gardistet-prokuroria-refuzon-ti-pyese\\\/#respond\"]}]},{\"@type\":\"WebPage\",\"@id\":\"https:\\\/\\\/fjala.info\\\/2009-2015\\\/policia-nuk-prangos-6-gardistet-prokuroria-refuzon-ti-pyese\\\/\",\"url\":\"https:\\\/\\\/fjala.info\\\/2009-2015\\\/policia-nuk-prangos-6-gardistet-prokuroria-refuzon-ti-pyese\\\/\",\"name\":\"Policia nuk prangos 6 gardist\u00ebt, prokuroria refuzon t'i pyes\u00eb - FjALA e LIR\u00cb - Arkivi\",\"isPartOf\":{\"@id\":\"https:\\\/\\\/fjala.info\\\/2009-2015\\\/#website\"},\"primaryImageOfPage\":{\"@id\":\"https:\\\/\\\/fjala.info\\\/2009-2015\\\/policia-nuk-prangos-6-gardistet-prokuroria-refuzon-ti-pyese\\\/#primaryimage\"},\"image\":{\"@id\":\"https:\\\/\\\/fjala.info\\\/2009-2015\\\/policia-nuk-prangos-6-gardistet-prokuroria-refuzon-ti-pyese\\\/#primaryimage\"},\"thumbnailUrl\":\"http:\\\/\\\/fjala.shkoder.net\\\/wp-content\\\/uploads\\\/2011\\\/01\\\/gardistet_vrases-300x189.jpg\",\"datePublished\":\"2011-01-30T06:57:40+00:00\",\"breadcrumb\":{\"@id\":\"https:\\\/\\\/fjala.info\\\/2009-2015\\\/policia-nuk-prangos-6-gardistet-prokuroria-refuzon-ti-pyese\\\/#breadcrumb\"},\"inLanguage\":\"sq-AL\",\"potentialAction\":[{\"@type\":\"ReadAction\",\"target\":[\"https:\\\/\\\/fjala.info\\\/2009-2015\\\/policia-nuk-prangos-6-gardistet-prokuroria-refuzon-ti-pyese\\\/\"]}]},{\"@type\":\"ImageObject\",\"inLanguage\":\"sq-AL\",\"@id\":\"https:\\\/\\\/fjala.info\\\/2009-2015\\\/policia-nuk-prangos-6-gardistet-prokuroria-refuzon-ti-pyese\\\/#primaryimage\",\"url\":\"http:\\\/\\\/fjala.shkoder.net\\\/wp-content\\\/uploads\\\/2011\\\/01\\\/gardistet_vrases-300x189.jpg\",\"contentUrl\":\"http:\\\/\\\/fjala.shkoder.net\\\/wp-content\\\/uploads\\\/2011\\\/01\\\/gardistet_vrases-300x189.jpg\"},{\"@type\":\"BreadcrumbList\",\"@id\":\"https:\\\/\\\/fjala.info\\\/2009-2015\\\/policia-nuk-prangos-6-gardistet-prokuroria-refuzon-ti-pyese\\\/#breadcrumb\",\"itemListElement\":[{\"@type\":\"ListItem\",\"position\":1,\"name\":\"Home\",\"item\":\"https:\\\/\\\/fjala.info\\\/2009-2015\\\/\"},{\"@type\":\"ListItem\",\"position\":2,\"name\":\"Policia nuk prangos 6 gardist\u00ebt, prokuroria refuzon t&#8217;i pyes\u00eb\"}]},{\"@type\":\"WebSite\",\"@id\":\"https:\\\/\\\/fjala.info\\\/2009-2015\\\/#website\",\"url\":\"https:\\\/\\\/fjala.info\\\/2009-2015\\\/\",\"name\":\"FjALA e LIR\u00cb - Arkivi\",\"description\":\"Arkivi 2009-2015\",\"publisher\":{\"@id\":\"https:\\\/\\\/fjala.info\\\/2009-2015\\\/#organization\"},\"potentialAction\":[{\"@type\":\"SearchAction\",\"target\":{\"@type\":\"EntryPoint\",\"urlTemplate\":\"https:\\\/\\\/fjala.info\\\/2009-2015\\\/?s={search_term_string}\"},\"query-input\":{\"@type\":\"PropertyValueSpecification\",\"valueRequired\":true,\"valueName\":\"search_term_string\"}}],\"inLanguage\":\"sq-AL\"},{\"@type\":\"Organization\",\"@id\":\"https:\\\/\\\/fjala.info\\\/2009-2015\\\/#organization\",\"name\":\"FjALA e LIR\u00cb - Arkivi\",\"url\":\"https:\\\/\\\/fjala.info\\\/2009-2015\\\/\",\"logo\":{\"@type\":\"ImageObject\",\"inLanguage\":\"sq-AL\",\"@id\":\"https:\\\/\\\/fjala.info\\\/2009-2015\\\/#\\\/schema\\\/logo\\\/image\\\/\",\"url\":\"\",\"contentUrl\":\"\",\"caption\":\"FjALA e LIR\u00cb - Arkivi\"},\"image\":{\"@id\":\"https:\\\/\\\/fjala.info\\\/2009-2015\\\/#\\\/schema\\\/logo\\\/image\\\/\"}},{\"@type\":\"Person\",\"@id\":\"https:\\\/\\\/fjala.info\\\/2009-2015\\\/#\\\/schema\\\/person\\\/3aa1163ef05469c496fc94e77611ada2\",\"name\":\"admin\",\"image\":{\"@type\":\"ImageObject\",\"inLanguage\":\"sq-AL\",\"@id\":\"https:\\\/\\\/fjala.info\\\/2009-2015\\\/wp-content\\\/uploads\\\/2012\\\/02\\\/arben_cokaj-120x150.jpg\",\"url\":\"https:\\\/\\\/fjala.info\\\/2009-2015\\\/wp-content\\\/uploads\\\/2012\\\/02\\\/arben_cokaj-120x150.jpg\",\"contentUrl\":\"https:\\\/\\\/fjala.info\\\/2009-2015\\\/wp-content\\\/uploads\\\/2012\\\/02\\\/arben_cokaj-120x150.jpg\",\"caption\":\"admin\"},\"description\":\"Admin, Fjala e Lir\u00eb\",\"sameAs\":[\"https:\\\/\\\/fjala.info\\\/\"],\"url\":\"https:\\\/\\\/fjala.info\\\/2009-2015\\\/author\\\/admin\\\/\"}]}<\/script>\n<!-- \/ Yoast SEO plugin. -->","yoast_head_json":{"title":"Policia nuk prangos 6 gardist\u00ebt, prokuroria refuzon t'i pyes\u00eb - FjALA e LIR\u00cb - Arkivi","robots":{"index":"index","follow":"follow","max-snippet":"max-snippet:-1","max-image-preview":"max-image-preview:large","max-video-preview":"max-video-preview:-1"},"canonical":"https:\/\/fjala.info\/2009-2015\/policia-nuk-prangos-6-gardistet-prokuroria-refuzon-ti-pyese\/","og_locale":"sq_AL","og_type":"article","og_title":"Policia nuk prangos 6 gardist\u00ebt, prokuroria refuzon t'i pyes\u00eb - FjALA e LIR\u00cb - Arkivi","og_description":"Nga Korresp. 24-ore.com Gjasht\u00eb drejtuesit e Gard\u00ebs s\u00eb Republik\u00ebs, ndaj t\u00eb cil\u00ebve prokuroria e kryeqytetit ka l\u00ebshuar urdh\u00ebr-ndalimi si t\u00eb dyshuar p\u00ebr pasojat e demonstrat\u00ebs s\u00eb 21 janarit, paraqiten me arm\u00eb n\u00eb brez n\u00eb Drejtorin e Policis\u00eb, duke k\u00ebrkuar t\u00eb japin shpjegime p\u00ebr ngjarjen dhe nuk arrestohen nga efektiv\u00ebt blu. Lajmi konfirmohet nga burimet zyrtare [&hellip;]","og_url":"https:\/\/fjala.info\/2009-2015\/policia-nuk-prangos-6-gardistet-prokuroria-refuzon-ti-pyese\/","og_site_name":"FjALA e LIR\u00cb - Arkivi","article_published_time":"2011-01-30T06:57:40+00:00","og_image":[{"url":"http:\/\/fjala.shkoder.net\/wp-content\/uploads\/2011\/01\/gardistet_vrases-300x189.jpg","type":"","width":"","height":""}],"author":"admin","twitter_card":"summary_large_image","twitter_misc":{"Written by":"admin","Est. reading time":"10 minutes"},"schema":{"@context":"https:\/\/schema.org","@graph":[{"@type":"Article","@id":"https:\/\/fjala.info\/2009-2015\/policia-nuk-prangos-6-gardistet-prokuroria-refuzon-ti-pyese\/#article","isPartOf":{"@id":"https:\/\/fjala.info\/2009-2015\/policia-nuk-prangos-6-gardistet-prokuroria-refuzon-ti-pyese\/"},"author":{"name":"admin","@id":"https:\/\/fjala.info\/2009-2015\/#\/schema\/person\/3aa1163ef05469c496fc94e77611ada2"},"headline":"Policia nuk prangos 6 gardist\u00ebt, prokuroria refuzon t&#8217;i pyes\u00eb","datePublished":"2011-01-30T06:57:40+00:00","mainEntityOfPage":{"@id":"https:\/\/fjala.info\/2009-2015\/policia-nuk-prangos-6-gardistet-prokuroria-refuzon-ti-pyese\/"},"wordCount":2030,"commentCount":0,"publisher":{"@id":"https:\/\/fjala.info\/2009-2015\/#organization"},"image":{"@id":"https:\/\/fjala.info\/2009-2015\/policia-nuk-prangos-6-gardistet-prokuroria-refuzon-ti-pyese\/#primaryimage"},"thumbnailUrl":"http:\/\/fjala.shkoder.net\/wp-content\/uploads\/2011\/01\/gardistet_vrases-300x189.jpg","articleSection":["Artikuj"],"inLanguage":"sq-AL","potentialAction":[{"@type":"CommentAction","name":"Comment","target":["https:\/\/fjala.info\/2009-2015\/policia-nuk-prangos-6-gardistet-prokuroria-refuzon-ti-pyese\/#respond"]}]},{"@type":"WebPage","@id":"https:\/\/fjala.info\/2009-2015\/policia-nuk-prangos-6-gardistet-prokuroria-refuzon-ti-pyese\/","url":"https:\/\/fjala.info\/2009-2015\/policia-nuk-prangos-6-gardistet-prokuroria-refuzon-ti-pyese\/","name":"Policia nuk prangos 6 gardist\u00ebt, prokuroria refuzon t'i pyes\u00eb - FjALA e LIR\u00cb - Arkivi","isPartOf":{"@id":"https:\/\/fjala.info\/2009-2015\/#website"},"primaryImageOfPage":{"@id":"https:\/\/fjala.info\/2009-2015\/policia-nuk-prangos-6-gardistet-prokuroria-refuzon-ti-pyese\/#primaryimage"},"image":{"@id":"https:\/\/fjala.info\/2009-2015\/policia-nuk-prangos-6-gardistet-prokuroria-refuzon-ti-pyese\/#primaryimage"},"thumbnailUrl":"http:\/\/fjala.shkoder.net\/wp-content\/uploads\/2011\/01\/gardistet_vrases-300x189.jpg","datePublished":"2011-01-30T06:57:40+00:00","breadcrumb":{"@id":"https:\/\/fjala.info\/2009-2015\/policia-nuk-prangos-6-gardistet-prokuroria-refuzon-ti-pyese\/#breadcrumb"},"inLanguage":"sq-AL","potentialAction":[{"@type":"ReadAction","target":["https:\/\/fjala.info\/2009-2015\/policia-nuk-prangos-6-gardistet-prokuroria-refuzon-ti-pyese\/"]}]},{"@type":"ImageObject","inLanguage":"sq-AL","@id":"https:\/\/fjala.info\/2009-2015\/policia-nuk-prangos-6-gardistet-prokuroria-refuzon-ti-pyese\/#primaryimage","url":"http:\/\/fjala.shkoder.net\/wp-content\/uploads\/2011\/01\/gardistet_vrases-300x189.jpg","contentUrl":"http:\/\/fjala.shkoder.net\/wp-content\/uploads\/2011\/01\/gardistet_vrases-300x189.jpg"},{"@type":"BreadcrumbList","@id":"https:\/\/fjala.info\/2009-2015\/policia-nuk-prangos-6-gardistet-prokuroria-refuzon-ti-pyese\/#breadcrumb","itemListElement":[{"@type":"ListItem","position":1,"name":"Home","item":"https:\/\/fjala.info\/2009-2015\/"},{"@type":"ListItem","position":2,"name":"Policia nuk prangos 6 gardist\u00ebt, prokuroria refuzon t&#8217;i pyes\u00eb"}]},{"@type":"WebSite","@id":"https:\/\/fjala.info\/2009-2015\/#website","url":"https:\/\/fjala.info\/2009-2015\/","name":"FjALA e LIR\u00cb - Arkivi","description":"Arkivi 2009-2015","publisher":{"@id":"https:\/\/fjala.info\/2009-2015\/#organization"},"potentialAction":[{"@type":"SearchAction","target":{"@type":"EntryPoint","urlTemplate":"https:\/\/fjala.info\/2009-2015\/?s={search_term_string}"},"query-input":{"@type":"PropertyValueSpecification","valueRequired":true,"valueName":"search_term_string"}}],"inLanguage":"sq-AL"},{"@type":"Organization","@id":"https:\/\/fjala.info\/2009-2015\/#organization","name":"FjALA e LIR\u00cb - Arkivi","url":"https:\/\/fjala.info\/2009-2015\/","logo":{"@type":"ImageObject","inLanguage":"sq-AL","@id":"https:\/\/fjala.info\/2009-2015\/#\/schema\/logo\/image\/","url":"","contentUrl":"","caption":"FjALA e LIR\u00cb - Arkivi"},"image":{"@id":"https:\/\/fjala.info\/2009-2015\/#\/schema\/logo\/image\/"}},{"@type":"Person","@id":"https:\/\/fjala.info\/2009-2015\/#\/schema\/person\/3aa1163ef05469c496fc94e77611ada2","name":"admin","image":{"@type":"ImageObject","inLanguage":"sq-AL","@id":"https:\/\/fjala.info\/2009-2015\/wp-content\/uploads\/2012\/02\/arben_cokaj-120x150.jpg","url":"https:\/\/fjala.info\/2009-2015\/wp-content\/uploads\/2012\/02\/arben_cokaj-120x150.jpg","contentUrl":"https:\/\/fjala.info\/2009-2015\/wp-content\/uploads\/2012\/02\/arben_cokaj-120x150.jpg","caption":"admin"},"description":"Admin, Fjala e Lir\u00eb","sameAs":["https:\/\/fjala.info\/"],"url":"https:\/\/fjala.info\/2009-2015\/author\/admin\/"}]}},"_links":{"self":[{"href":"https:\/\/fjala.info\/2009-2015\/wp-json\/wp\/v2\/posts\/6043","targetHints":{"allow":["GET"]}}],"collection":[{"href":"https:\/\/fjala.info\/2009-2015\/wp-json\/wp\/v2\/posts"}],"about":[{"href":"https:\/\/fjala.info\/2009-2015\/wp-json\/wp\/v2\/types\/post"}],"author":[{"embeddable":true,"href":"https:\/\/fjala.info\/2009-2015\/wp-json\/wp\/v2\/users\/1"}],"replies":[{"embeddable":true,"href":"https:\/\/fjala.info\/2009-2015\/wp-json\/wp\/v2\/comments?post=6043"}],"version-history":[{"count":0,"href":"https:\/\/fjala.info\/2009-2015\/wp-json\/wp\/v2\/posts\/6043\/revisions"}],"wp:attachment":[{"href":"https:\/\/fjala.info\/2009-2015\/wp-json\/wp\/v2\/media?parent=6043"}],"wp:term":[{"taxonomy":"category","embeddable":true,"href":"https:\/\/fjala.info\/2009-2015\/wp-json\/wp\/v2\/categories?post=6043"},{"taxonomy":"post_tag","embeddable":true,"href":"https:\/\/fjala.info\/2009-2015\/wp-json\/wp\/v2\/tags?post=6043"}],"curies":[{"name":"wp","href":"https:\/\/api.w.org\/{rel}","templated":true}]}}