{"id":6037,"date":"2011-01-30T07:42:15","date_gmt":"2011-01-30T06:42:15","guid":{"rendered":"http:\/\/fjala.shkoder.net\/?p=6037"},"modified":"2011-01-30T07:42:15","modified_gmt":"2011-01-30T06:42:15","slug":"bernd-fisher-zgjidhja-e-krizes-ne-shqiperi-e-pamundshme-pa-nderhyrjen-nderkombetare","status":"publish","type":"post","link":"https:\/\/fjala.info\/2009-2015\/bernd-fisher-zgjidhja-e-krizes-ne-shqiperi-e-pamundshme-pa-nderhyrjen-nderkombetare\/","title":{"rendered":"Bernd Fisher: Zgjidhja e kriz\u00ebs n\u00eb Shqip\u00ebri, e pamundshme pa nd\u00ebrhyrjen nd\u00ebrkomb\u00ebtare"},"content":{"rendered":"<p><img loading=\"lazy\" decoding=\"async\" class=\"alignleft size-full wp-image-6038\" title=\"Bernd Fisher\" src=\"http:\/\/fjala.shkoder.net\/wp-content\/uploads\/2011\/01\/bernd_fisher.jpg\" alt=\"\" width=\"300\" height=\"195\" \/><br \/>\nBisedoi: <strong>Keida Kostreci<\/strong>, <em>VOA<\/em><\/p>\n<p>Nj\u00eb studiues amerikan i historis\u00eb shqiptare thot\u00eb se n\u00eb pik\u00ebn ku kan\u00eb arritur marr\u00ebdh\u00ebniet mes pal\u00ebve politike n\u00eb Shqip\u00ebri, nj\u00eb zgjidhje kompromisi do t\u00eb ishte e pamundur pa angazhimin nd\u00ebrkomb\u00ebtar, ve\u00e7an\u00ebrisht t\u00eb Bashkimit Evropian dhe Shteteve t\u00eb Bashkuara. Profesori Bernd Fisher i Universitetit t\u00eb Indian\u00ebs n\u00eb Fort Uejn thot\u00eb n\u00eb nj\u00eb intervist\u00eb p\u00ebr Z\u00ebrin e Amerik\u00ebs se do t\u00eb donte gjithashtu t\u00eb shihte nj\u00eb angazhim m\u00eb t\u00eb madh nga Presidenti Bamir Topi dhe se sugjerimet p\u00ebr zgjidhjen e situat\u00ebs duhet t\u00eb jen\u00eb konkrete.<\/p>\n<p><em>Prof. Fischer, protesta e jav\u00ebs s\u00eb kaluar p\u00ebrfundoi n\u00eb dhun\u00eb dhe sh\u00ebnoi nj\u00eb hap pas p\u00ebr Shqip\u00ebrin\u00eb. \u00c7far\u00eb mendoni p\u00ebr zhvillimet e fundit?<\/em><\/p>\n<p>Situata n\u00eb Shqip\u00ebri duket se degjeneroi nga politika n\u00eb tragjedi. Ne pat\u00ebm k\u00ebtu n\u00eb Shtetet e Bashkuara nj\u00eb tragjedi n\u00eb Tuson dhe Presidenti (Obama) dha nj\u00eb nga fjalimet e tij m\u00eb t\u00eb mira sipas mendimit tim, pas k\u00ebsaj tragjedie p\u00ebr t\u00eb zbutur situat\u00ebn politike, me synimin p\u00ebr t\u00eb ulur tonet. Mendoj se kjo pati efekt. Kur pash\u00eb ngjarjet e s\u00eb premtes s\u00eb kaluar n\u00eb Shqip\u00ebri, mendimi im i par\u00eb ishte q\u00eb me gjith\u00eb tragjedin\u00eb, kjo mund t\u2019i ofronte Shqip\u00ebris\u00eb mund\u00ebsin\u00eb e nj\u00eb momenti t\u00eb ngjash\u00ebm me at\u00eb q\u00eb ndodhi k\u00ebtu n\u00eb Shtetet e Bashkuara, ku udh\u00ebheq\u00ebsit e Shqip\u00ebris\u00eb t\u00eb ngriheshin dhe t\u00eb tregonin aft\u00ebsin\u00eb e burrave t\u00eb shtetit. Fatkeq\u00ebsisht kjo nuk ndodhi.<\/p>\n<p><em>Nj\u00eb pjes\u00eb e madhe e problemit ishte retorika e ashp\u00ebr politike, t\u00eb cil\u00ebs iu atribua gjer\u00ebsisht acarimi i situat\u00ebs. Jo thoni se shpresoni q\u00eb pal\u00ebt t\u00eb ulen dhe t\u00eb bisedojn\u00eb. Mendoni se kjo do t\u00eb ishte e mundur n\u00eb nj\u00eb klim\u00eb t\u00eb till\u00eb?<\/em><\/p>\n<p>Mendoj se n\u00eb k\u00ebt\u00eb pik\u00eb duket se nuk \u00ebsht\u00eb e mundur. N\u00eb k\u00ebt\u00eb pik\u00eb, e vetmja zgjidhje e mundshme t\u00eb pakt\u00ebn sipas k\u00ebndv\u00ebshtrimit tim, \u00ebsht\u00eb nj\u00eb angazhim m\u00eb i madh i komunitetit nd\u00ebrkomb\u00ebtar. Besoj se \u00ebsht\u00eb mjaft e qart\u00eb se nuk do t\u00eb ket\u00eb nj\u00eb kompromis t\u00eb nisur nga pal\u00ebt shqiptare mes dy partive kryesore politike. Mendoj se situata \u00ebsht\u00eb b\u00ebr\u00eb aq serioze sa t\u00eb k\u00ebrkoj\u00eb nj\u00eb angazhim m\u00eb t\u00eb madh nga ana e Bashkimit Evropian dhe Shteteve t\u00eb Bashkuara.<\/p>\n<p>Un\u00eb e p\u00ebrsh\u00ebndes ashtu si gjithkush shpres\u00ebn e shprehur nga ambasadori i Shteteve t\u00eb Bashkuara dhe nga (Zv\/Ndihm\u00ebs Sekretari i Shtetit p\u00ebr Evrop\u00ebn) Tom Kantrimen, si edhe nga p\u00ebrfaq\u00ebsuesit e Bashkimit Evropian q\u00eb toni i debatit politik t\u00eb zbutet, por kjo sipas mendimit tim nuk \u00ebsht\u00eb e mjaftueshme pasi duhet shoq\u00ebruar me sugjerime konkrete p\u00ebr t\u00eb ndihmuar n\u00eb krijimin e kushteve p\u00ebr nj\u00eb kompromis mes dy pal\u00ebve. Fatkeq\u00ebsisht nuk mendoj se skena politike shqiptare mund ta realizoj\u00eb k\u00ebt\u00eb vet\u00eb.<\/p>\n<p>Mendoj se \u00ebsht\u00eb e nevojshme nj\u00eb pjes\u00ebmarrje m\u00eb e madhe e aktor\u00ebve nd\u00ebrkomb\u00ebtar\u00eb. Do t\u00eb kisha t\u00eb d\u00ebshir\u00eb q\u00eb Presidenti Topi t\u00eb ishte m\u00eb aktiv. Ai ka b\u00ebr\u00eb thirrje p\u00ebr qet\u00ebsi, paqe dhe kompromis por ndoshta \u00ebsht\u00eb koha q\u00eb Presidenti t\u00eb paraqes\u00eb disa sugjerime p\u00ebrsa i takon \u00e7\u00ebshtjes se cil\u00ebt jan\u00eb ata q\u00eb duhet t\u00eb ulen p\u00ebr kompromis dhe \u00e7far\u00eb \u00e7\u00ebshtje t\u00eb diskutohen. Si\u00e7 e thash\u00eb gjendja k\u00ebrkon angazhimin m\u00eb t\u00eb madh t\u00eb komunitetit nd\u00ebrkomb\u00ebtar dhe sugjerimi i BE-s\u00eb q\u00eb Shqip\u00ebria ta zgjidh\u00eb vet\u00eb k\u00ebt\u00eb situat\u00eb mban rrezikun p\u00ebr dhun\u00eb tjet\u00ebr t\u00eb mundshme.<\/p>\n<p><em>Por nd\u00ebrmjet\u00ebsimi nd\u00ebrkomb\u00ebtar n\u00ebnkupton q\u00eb pal\u00ebt t\u00eb ken\u00eb vullnetin p\u00ebr kompromis. Kriza politike n\u00eb Shqip\u00ebri filloi q\u00eb pas zgjedhjeve t\u00eb vitit 2009. \u00c7far\u00eb do ta b\u00ebnte k\u00ebt\u00eb angazhim t\u00eb efektsh\u00ebm?<\/em><\/p>\n<p>Mund t\u00eb ndiqej nj\u00eb metod\u00eb e sugjerimeve e shoq\u00ebruar me kushte, por n\u00eb t\u00eb kaluar\u00ebn BE-ja e ka b\u00ebr\u00eb nj\u00eb gj\u00eb t\u00eb till\u00eb dhe nuk ka pasur rezultat. Nuk besoj se BE-ja g\u00ebzon at\u00eb besueshm\u00ebri q\u00eb ka pasur k\u00ebshtu q\u00eb angazhimi amerikan mund t\u00eb jet\u00eb m\u00eb i dobish\u00ebm. Mendoj se ajo q\u00eb do t\u2019i jepte shtys\u00eb diskutimeve, do t\u00eb ishte q\u00eb Bashkimi Evropian dhe Shtetet e Bashkuara t\u00eb paraqisnin sugjerime konkrete, q\u00eb sipas mendimit tim mund t\u00eb kishin t\u00eb b\u00ebnin me struktur\u00ebn e zgjedhjeve. P\u00ebr shembull, un\u00eb mendoj se do t\u00eb ishte shum\u00eb e dobishme t\u00eb b\u00ebhej di\u00e7ka p\u00ebr m\u00ebnyr\u00ebn sesi num\u00ebrohen votat n\u00eb Shqip\u00ebri. Em\u00ebrimi i militant\u00ebve t\u00eb partive si komisioner\u00eb zgjedhjesh \u00ebsht\u00eb shum\u00eb i gabuar dhe \u00ebsht\u00eb e qart\u00eb q\u00eb nuk ka funksionuar.<\/p>\n<p>Mendoj se ky ishte problemi kryesor i zgjedhjeve t\u00eb vitit 2009, ishte nj\u00eb problem madhor n\u00eb vitin 2005. Mund t\u00eb ket\u00eb disa rrug\u00ebzgjidhje. Mendoj se do t\u00eb duhen vite n\u00eb Shqip\u00ebri p\u00ebr t\u00eb krijuar nj\u00eb sh\u00ebrbim punonj\u00ebsish civil\u00eb, ku mund t\u00eb identifikosh individ\u00eb q\u00eb nuk jan\u00eb lidhur me asnj\u00eb nga partit\u00eb q\u00eb ta kryejn\u00eb k\u00ebt\u00eb rol. Kjo do t\u00eb ishte zgjidhja ideale. Por p\u00ebrsa i takon perspektiv\u00ebs afatshkurt\u00ebr, zgjedhjet po vijn\u00eb p\u00ebrs\u00ebri dhe asgj\u00eb nuk ka ndryshuar. Pse duhet t\u00eb presim q\u00eb t\u00eb jen\u00eb m\u00eb efektive se n\u00eb t\u00eb kaluar\u00ebn, n\u00ebse nuk ndryshon asgj\u00eb? Un\u00eb do t\u00eb propozoja q\u00eb t\u00eb merrej me kontrat\u00eb nj\u00eb firm\u00eb nd\u00ebrkomb\u00ebtare, q\u00eb t\u00eb ishte absolutisht objektive n\u00eb num\u00ebrimin e votave. Pra un\u00eb sugjeroj propozime konkrete nga Presidenti, nga BE-ja, nga SHBA dhe nj\u00eb presion t\u00eb konsideruesh\u00ebm ndaj pal\u00ebve q\u00eb t\u00eb ulen p\u00ebr kompromis.<\/p>\n<p><em>Nj\u00eb nga problemet m\u00eb t\u00eb m\u00ebdha n\u00eb Shqip\u00ebri, q\u00eb pas r\u00ebnies s\u00eb komunizmit dhe q\u00eb vazhdon ende edhe sot \u00ebsht\u00eb anashkalimi i institucioneve, e th\u00ebn\u00eb ndryshe b\u00ebrja e politik\u00ebs jasht\u00eb institucioneve. \u00c7far\u00eb do t\u00eb thot\u00eb kjo p\u00ebr demokracin\u00eb n\u00eb Shqip\u00ebri?<\/em><\/p>\n<p>Kjo tregon se demokracia dhe shteti ligjor nuk jan\u00eb vendosur plot\u00ebsisht. Nj\u00eb nga arsyet \u00ebsht\u00eb se edhe institucionet vet\u00eb jan\u00eb pak a shum\u00eb zgjatime t\u00eb partive politike. T\u00eb ashtuquajturat institucione t\u00eb pavarura nuk kan\u00eb pavar\u00ebsin\u00eb q\u00eb u duhet dhe kjo pjes\u00ebrisht sepse ata q\u00eb i drejtojn\u00eb ato, jan\u00eb t\u00eb em\u00ebruar politik\u00eb. Kjo sigurisht q\u00eb do koh\u00eb t\u00eb realizohet. Shqip\u00ebria ka patur nj\u00eb nga regjimet komuniste m\u00eb t\u00eb ashpra n\u00eb bot\u00eb dhe do t\u00eb duhet koh\u00eb q\u00eb t\u00eb kap\u00ebrcehen pasojat politike t\u00eb regjimit Hoxha. Por n\u00ebse krijohet sh\u00ebrbimi civil, institucionet do t\u00eb fitojn\u00eb respektin e popullsis\u00eb q\u00eb un\u00eb mendoj se nuk e kan\u00eb, pasi shihen si zgjatim i nj\u00eb partie, apo tjetr\u00ebs.<\/p>\n<p><em>Si e shihni rolin e publikut dhe shoq\u00ebris\u00eb civile? A ka nevoj\u00eb sipas mendimit tuaj p\u00ebr nj\u00eb pjekuri edhe nga sfera publike, n\u00eb m\u00ebnyr\u00eb q\u00eb t\u00eb ushtrohet presion ndaj k\u00ebsaj politike q\u00eb drejtohet nga personaliteti i udh\u00ebheq\u00ebsve?<\/em><\/p>\n<p>Mendoj q\u00eb shoq\u00ebria civile patjet\u00ebr q\u00eb duhet t\u00eb luaj\u00eb nj\u00eb rol m\u00eb aktiv dhe madje ky \u00ebsht\u00eb nj\u00eb nga drejtimet ku e kam shpres\u00ebn m\u00eb t\u00eb madhe p\u00ebr Shqip\u00ebrin\u00eb. Nd\u00ebrsa p\u00ebrsa i takon popullsis\u00eb m\u00eb duket se ajo vuan pasojat e politik\u00ebs, ashtu si edhe n\u00eb koh\u00ebn e regjimit t\u00eb Hoxh\u00ebs. Edhe pjes\u00ebmarrja n\u00eb votime ka r\u00ebn\u00eb sepse njer\u00ebzit kan\u00eb humbur besimin tek sistemi sepse asgj\u00eb nuk duket se po ndryshon. Niveli i korrupsionit mbetet i nj\u00ebjti dhe nevojat e popullsis\u00eb ende injorohen. Pjes\u00ebmarrja n\u00eb demonstrata, shprehja e pak\u00ebnaq\u00ebsis\u00eb me nj\u00eb parti t\u00eb ve\u00e7ant\u00eb, apo politika t\u00eb ve\u00e7anta, apo qeveris\u00eb n\u00eb p\u00ebrgjith\u00ebsi, \u00ebsht\u00eb n\u00eb thelb t\u00eb demokracis\u00eb kudo. Por shpresa \u00ebsht\u00eb q\u00eb demonstratat e k\u00ebtij lloji n\u00eb t\u00eb ardhmen t\u00eb jen\u00eb paq\u00ebsore. Humbja e jet\u00ebs n\u00eb demonstrata politike \u00ebsht\u00eb e papranueshme sipas mendimit tim.<\/p>\n<p><em>Retorika politike \u00ebsht\u00eb e ashp\u00ebr shpesh n\u00eb shum\u00eb vende, p\u00ebrfshir\u00eb Shtetet e Bashkuara. \u00c7far\u00eb mendoni se e b\u00ebn me pasoja t\u00eb tilla t\u00eb rrezikshme n\u00eb Shqip\u00ebri?<\/em><\/p>\n<p>Pjes\u00eb e problemit n\u00eb Shqip\u00ebri \u00ebsht\u00eb se retorika e ashp\u00ebr politike, ka vazhduar p\u00ebr nj\u00eb koh\u00eb aq t\u00eb gjat\u00eb, saq\u00eb duket sikur \u00ebsht\u00eb b\u00ebr\u00eb pjes\u00eb e procesit politik. Mendoj se \u00ebsht\u00eb shum\u00eb e qart\u00eb q\u00eb ka ndikim, kur udh\u00ebheq\u00ebsit e partive e quajn\u00eb nj\u00ebri-tjetrin tradhtar apo terrorist, kjo dep\u00ebrton n\u00eb komunitetet lokale dhe n\u00eb thelb justifikon akte dhune sepse njer\u00ebzit mendojn\u00eb se po mbrojn\u00eb vendin nga tradhtar\u00ebt apo terrorist\u00ebt. Mendoj se \u00ebsht\u00eb di\u00e7ka shum\u00eb e rrezikshme dhe kjo \u00ebsht\u00eb di\u00e7ka p\u00ebr t\u00eb cil\u00ebt t\u00eb dyja partit\u00eb mund t\u00eb veprojn\u00eb menj\u00ebher\u00eb p\u00ebr ta ndryshuar.<\/p>\n<p>T\u00eb gjitha \u00e7\u00ebshtjet e tjera q\u00eb kan\u00eb nevoj\u00eb p\u00ebr diskutim dhe kompromis mund t\u00eb duan nj\u00eb koh\u00eb m\u00eb t\u00eb gjat\u00eb por mua m\u00eb duket se dy partit\u00eb kryesore politike duhet ta shohin se \u00ebsht\u00eb n\u00eb interesin e tyre dhe t\u00eb Shqip\u00ebris\u00eb q\u00eb t\u00eb ulin dramatikisht nivelit e gjuh\u00ebs s\u00eb urrejtjes n\u00eb retorik\u00ebn politike dhe mendoj se ka arritur n\u00eb pik\u00ebn e gjuh\u00ebs s\u00eb urrejtjes.<\/p>\n","protected":false},"excerpt":{"rendered":"<p>Bisedoi: Keida Kostreci, VOA Nj\u00eb studiues amerikan i historis\u00eb shqiptare thot\u00eb se n\u00eb pik\u00ebn ku kan\u00eb arritur marr\u00ebdh\u00ebniet mes pal\u00ebve politike n\u00eb Shqip\u00ebri, nj\u00eb zgjidhje kompromisi do t\u00eb ishte e pamundur pa angazhimin nd\u00ebrkomb\u00ebtar, ve\u00e7an\u00ebrisht t\u00eb Bashkimit Evropian dhe Shteteve t\u00eb Bashkuara. Profesori Bernd Fisher i Universitetit t\u00eb Indian\u00ebs n\u00eb Fort Uejn thot\u00eb n\u00eb nj\u00eb [&hellip;]<\/p>\n","protected":false},"author":1,"featured_media":0,"comment_status":"open","ping_status":"closed","sticky":false,"template":"","format":"standard","meta":{"footnotes":""},"categories":[2],"tags":[],"class_list":{"0":"post-6037","1":"post","2":"type-post","3":"status-publish","4":"format-standard","6":"category-artikuj"},"yoast_head":"<!-- This site is optimized with the Yoast SEO plugin v27.4 - https:\/\/yoast.com\/product\/yoast-seo-wordpress\/ -->\n<title>Bernd Fisher: Zgjidhja e kriz\u00ebs n\u00eb Shqip\u00ebri, e pamundshme pa nd\u00ebrhyrjen nd\u00ebrkomb\u00ebtare - FjALA e LIR\u00cb - Arkivi<\/title>\n<meta name=\"robots\" content=\"index, follow, max-snippet:-1, max-image-preview:large, max-video-preview:-1\" \/>\n<link rel=\"canonical\" href=\"https:\/\/fjala.info\/2009-2015\/bernd-fisher-zgjidhja-e-krizes-ne-shqiperi-e-pamundshme-pa-nderhyrjen-nderkombetare\/\" \/>\n<meta property=\"og:locale\" content=\"sq_AL\" \/>\n<meta property=\"og:type\" content=\"article\" \/>\n<meta property=\"og:title\" content=\"Bernd Fisher: Zgjidhja e kriz\u00ebs n\u00eb Shqip\u00ebri, e pamundshme pa nd\u00ebrhyrjen nd\u00ebrkomb\u00ebtare - FjALA e LIR\u00cb - Arkivi\" \/>\n<meta property=\"og:description\" content=\"Bisedoi: Keida Kostreci, VOA Nj\u00eb studiues amerikan i historis\u00eb shqiptare thot\u00eb se n\u00eb pik\u00ebn ku kan\u00eb arritur marr\u00ebdh\u00ebniet mes pal\u00ebve politike n\u00eb Shqip\u00ebri, nj\u00eb zgjidhje kompromisi do t\u00eb ishte e pamundur pa angazhimin nd\u00ebrkomb\u00ebtar, ve\u00e7an\u00ebrisht t\u00eb Bashkimit Evropian dhe Shteteve t\u00eb Bashkuara. Profesori Bernd Fisher i Universitetit t\u00eb Indian\u00ebs n\u00eb Fort Uejn thot\u00eb n\u00eb nj\u00eb [&hellip;]\" \/>\n<meta property=\"og:url\" content=\"https:\/\/fjala.info\/2009-2015\/bernd-fisher-zgjidhja-e-krizes-ne-shqiperi-e-pamundshme-pa-nderhyrjen-nderkombetare\/\" \/>\n<meta property=\"og:site_name\" content=\"FjALA e LIR\u00cb - Arkivi\" \/>\n<meta property=\"article:published_time\" content=\"2011-01-30T06:42:15+00:00\" \/>\n<meta property=\"og:image\" content=\"http:\/\/fjala.shkoder.net\/wp-content\/uploads\/2011\/01\/bernd_fisher.jpg\" \/>\n<meta name=\"author\" content=\"admin\" \/>\n<meta name=\"twitter:card\" content=\"summary_large_image\" \/>\n<meta name=\"twitter:label1\" content=\"Written by\" \/>\n\t<meta name=\"twitter:data1\" content=\"admin\" \/>\n\t<meta name=\"twitter:label2\" content=\"Est. reading time\" \/>\n\t<meta name=\"twitter:data2\" content=\"8 minutes\" \/>\n<script type=\"application\/ld+json\" class=\"yoast-schema-graph\">{\"@context\":\"https:\\\/\\\/schema.org\",\"@graph\":[{\"@type\":\"Article\",\"@id\":\"https:\\\/\\\/fjala.info\\\/2009-2015\\\/bernd-fisher-zgjidhja-e-krizes-ne-shqiperi-e-pamundshme-pa-nderhyrjen-nderkombetare\\\/#article\",\"isPartOf\":{\"@id\":\"https:\\\/\\\/fjala.info\\\/2009-2015\\\/bernd-fisher-zgjidhja-e-krizes-ne-shqiperi-e-pamundshme-pa-nderhyrjen-nderkombetare\\\/\"},\"author\":{\"name\":\"admin\",\"@id\":\"https:\\\/\\\/fjala.info\\\/2009-2015\\\/#\\\/schema\\\/person\\\/3aa1163ef05469c496fc94e77611ada2\"},\"headline\":\"Bernd Fisher: Zgjidhja e kriz\u00ebs n\u00eb Shqip\u00ebri, e pamundshme pa nd\u00ebrhyrjen nd\u00ebrkomb\u00ebtare\",\"datePublished\":\"2011-01-30T06:42:15+00:00\",\"mainEntityOfPage\":{\"@id\":\"https:\\\/\\\/fjala.info\\\/2009-2015\\\/bernd-fisher-zgjidhja-e-krizes-ne-shqiperi-e-pamundshme-pa-nderhyrjen-nderkombetare\\\/\"},\"wordCount\":1540,\"commentCount\":0,\"publisher\":{\"@id\":\"https:\\\/\\\/fjala.info\\\/2009-2015\\\/#organization\"},\"image\":{\"@id\":\"https:\\\/\\\/fjala.info\\\/2009-2015\\\/bernd-fisher-zgjidhja-e-krizes-ne-shqiperi-e-pamundshme-pa-nderhyrjen-nderkombetare\\\/#primaryimage\"},\"thumbnailUrl\":\"http:\\\/\\\/fjala.shkoder.net\\\/wp-content\\\/uploads\\\/2011\\\/01\\\/bernd_fisher.jpg\",\"articleSection\":[\"Artikuj\"],\"inLanguage\":\"sq-AL\",\"potentialAction\":[{\"@type\":\"CommentAction\",\"name\":\"Comment\",\"target\":[\"https:\\\/\\\/fjala.info\\\/2009-2015\\\/bernd-fisher-zgjidhja-e-krizes-ne-shqiperi-e-pamundshme-pa-nderhyrjen-nderkombetare\\\/#respond\"]}]},{\"@type\":\"WebPage\",\"@id\":\"https:\\\/\\\/fjala.info\\\/2009-2015\\\/bernd-fisher-zgjidhja-e-krizes-ne-shqiperi-e-pamundshme-pa-nderhyrjen-nderkombetare\\\/\",\"url\":\"https:\\\/\\\/fjala.info\\\/2009-2015\\\/bernd-fisher-zgjidhja-e-krizes-ne-shqiperi-e-pamundshme-pa-nderhyrjen-nderkombetare\\\/\",\"name\":\"Bernd Fisher: Zgjidhja e kriz\u00ebs n\u00eb Shqip\u00ebri, e pamundshme pa nd\u00ebrhyrjen nd\u00ebrkomb\u00ebtare - FjALA e LIR\u00cb - Arkivi\",\"isPartOf\":{\"@id\":\"https:\\\/\\\/fjala.info\\\/2009-2015\\\/#website\"},\"primaryImageOfPage\":{\"@id\":\"https:\\\/\\\/fjala.info\\\/2009-2015\\\/bernd-fisher-zgjidhja-e-krizes-ne-shqiperi-e-pamundshme-pa-nderhyrjen-nderkombetare\\\/#primaryimage\"},\"image\":{\"@id\":\"https:\\\/\\\/fjala.info\\\/2009-2015\\\/bernd-fisher-zgjidhja-e-krizes-ne-shqiperi-e-pamundshme-pa-nderhyrjen-nderkombetare\\\/#primaryimage\"},\"thumbnailUrl\":\"http:\\\/\\\/fjala.shkoder.net\\\/wp-content\\\/uploads\\\/2011\\\/01\\\/bernd_fisher.jpg\",\"datePublished\":\"2011-01-30T06:42:15+00:00\",\"breadcrumb\":{\"@id\":\"https:\\\/\\\/fjala.info\\\/2009-2015\\\/bernd-fisher-zgjidhja-e-krizes-ne-shqiperi-e-pamundshme-pa-nderhyrjen-nderkombetare\\\/#breadcrumb\"},\"inLanguage\":\"sq-AL\",\"potentialAction\":[{\"@type\":\"ReadAction\",\"target\":[\"https:\\\/\\\/fjala.info\\\/2009-2015\\\/bernd-fisher-zgjidhja-e-krizes-ne-shqiperi-e-pamundshme-pa-nderhyrjen-nderkombetare\\\/\"]}]},{\"@type\":\"ImageObject\",\"inLanguage\":\"sq-AL\",\"@id\":\"https:\\\/\\\/fjala.info\\\/2009-2015\\\/bernd-fisher-zgjidhja-e-krizes-ne-shqiperi-e-pamundshme-pa-nderhyrjen-nderkombetare\\\/#primaryimage\",\"url\":\"http:\\\/\\\/fjala.shkoder.net\\\/wp-content\\\/uploads\\\/2011\\\/01\\\/bernd_fisher.jpg\",\"contentUrl\":\"http:\\\/\\\/fjala.shkoder.net\\\/wp-content\\\/uploads\\\/2011\\\/01\\\/bernd_fisher.jpg\"},{\"@type\":\"BreadcrumbList\",\"@id\":\"https:\\\/\\\/fjala.info\\\/2009-2015\\\/bernd-fisher-zgjidhja-e-krizes-ne-shqiperi-e-pamundshme-pa-nderhyrjen-nderkombetare\\\/#breadcrumb\",\"itemListElement\":[{\"@type\":\"ListItem\",\"position\":1,\"name\":\"Home\",\"item\":\"https:\\\/\\\/fjala.info\\\/2009-2015\\\/\"},{\"@type\":\"ListItem\",\"position\":2,\"name\":\"Bernd Fisher: Zgjidhja e kriz\u00ebs n\u00eb Shqip\u00ebri, e pamundshme pa nd\u00ebrhyrjen nd\u00ebrkomb\u00ebtare\"}]},{\"@type\":\"WebSite\",\"@id\":\"https:\\\/\\\/fjala.info\\\/2009-2015\\\/#website\",\"url\":\"https:\\\/\\\/fjala.info\\\/2009-2015\\\/\",\"name\":\"FjALA e LIR\u00cb - Arkivi\",\"description\":\"Arkivi 2009-2015\",\"publisher\":{\"@id\":\"https:\\\/\\\/fjala.info\\\/2009-2015\\\/#organization\"},\"potentialAction\":[{\"@type\":\"SearchAction\",\"target\":{\"@type\":\"EntryPoint\",\"urlTemplate\":\"https:\\\/\\\/fjala.info\\\/2009-2015\\\/?s={search_term_string}\"},\"query-input\":{\"@type\":\"PropertyValueSpecification\",\"valueRequired\":true,\"valueName\":\"search_term_string\"}}],\"inLanguage\":\"sq-AL\"},{\"@type\":\"Organization\",\"@id\":\"https:\\\/\\\/fjala.info\\\/2009-2015\\\/#organization\",\"name\":\"FjALA e LIR\u00cb - Arkivi\",\"url\":\"https:\\\/\\\/fjala.info\\\/2009-2015\\\/\",\"logo\":{\"@type\":\"ImageObject\",\"inLanguage\":\"sq-AL\",\"@id\":\"https:\\\/\\\/fjala.info\\\/2009-2015\\\/#\\\/schema\\\/logo\\\/image\\\/\",\"url\":\"\",\"contentUrl\":\"\",\"caption\":\"FjALA e LIR\u00cb - Arkivi\"},\"image\":{\"@id\":\"https:\\\/\\\/fjala.info\\\/2009-2015\\\/#\\\/schema\\\/logo\\\/image\\\/\"}},{\"@type\":\"Person\",\"@id\":\"https:\\\/\\\/fjala.info\\\/2009-2015\\\/#\\\/schema\\\/person\\\/3aa1163ef05469c496fc94e77611ada2\",\"name\":\"admin\",\"image\":{\"@type\":\"ImageObject\",\"inLanguage\":\"sq-AL\",\"@id\":\"https:\\\/\\\/fjala.info\\\/2009-2015\\\/wp-content\\\/uploads\\\/2012\\\/02\\\/arben_cokaj-120x150.jpg\",\"url\":\"https:\\\/\\\/fjala.info\\\/2009-2015\\\/wp-content\\\/uploads\\\/2012\\\/02\\\/arben_cokaj-120x150.jpg\",\"contentUrl\":\"https:\\\/\\\/fjala.info\\\/2009-2015\\\/wp-content\\\/uploads\\\/2012\\\/02\\\/arben_cokaj-120x150.jpg\",\"caption\":\"admin\"},\"description\":\"Admin, Fjala e Lir\u00eb\",\"sameAs\":[\"https:\\\/\\\/fjala.info\\\/\"],\"url\":\"https:\\\/\\\/fjala.info\\\/2009-2015\\\/author\\\/admin\\\/\"}]}<\/script>\n<!-- \/ Yoast SEO plugin. -->","yoast_head_json":{"title":"Bernd Fisher: Zgjidhja e kriz\u00ebs n\u00eb Shqip\u00ebri, e pamundshme pa nd\u00ebrhyrjen nd\u00ebrkomb\u00ebtare - FjALA e LIR\u00cb - Arkivi","robots":{"index":"index","follow":"follow","max-snippet":"max-snippet:-1","max-image-preview":"max-image-preview:large","max-video-preview":"max-video-preview:-1"},"canonical":"https:\/\/fjala.info\/2009-2015\/bernd-fisher-zgjidhja-e-krizes-ne-shqiperi-e-pamundshme-pa-nderhyrjen-nderkombetare\/","og_locale":"sq_AL","og_type":"article","og_title":"Bernd Fisher: Zgjidhja e kriz\u00ebs n\u00eb Shqip\u00ebri, e pamundshme pa nd\u00ebrhyrjen nd\u00ebrkomb\u00ebtare - FjALA e LIR\u00cb - Arkivi","og_description":"Bisedoi: Keida Kostreci, VOA Nj\u00eb studiues amerikan i historis\u00eb shqiptare thot\u00eb se n\u00eb pik\u00ebn ku kan\u00eb arritur marr\u00ebdh\u00ebniet mes pal\u00ebve politike n\u00eb Shqip\u00ebri, nj\u00eb zgjidhje kompromisi do t\u00eb ishte e pamundur pa angazhimin nd\u00ebrkomb\u00ebtar, ve\u00e7an\u00ebrisht t\u00eb Bashkimit Evropian dhe Shteteve t\u00eb Bashkuara. Profesori Bernd Fisher i Universitetit t\u00eb Indian\u00ebs n\u00eb Fort Uejn thot\u00eb n\u00eb nj\u00eb [&hellip;]","og_url":"https:\/\/fjala.info\/2009-2015\/bernd-fisher-zgjidhja-e-krizes-ne-shqiperi-e-pamundshme-pa-nderhyrjen-nderkombetare\/","og_site_name":"FjALA e LIR\u00cb - Arkivi","article_published_time":"2011-01-30T06:42:15+00:00","og_image":[{"url":"http:\/\/fjala.shkoder.net\/wp-content\/uploads\/2011\/01\/bernd_fisher.jpg","type":"","width":"","height":""}],"author":"admin","twitter_card":"summary_large_image","twitter_misc":{"Written by":"admin","Est. reading time":"8 minutes"},"schema":{"@context":"https:\/\/schema.org","@graph":[{"@type":"Article","@id":"https:\/\/fjala.info\/2009-2015\/bernd-fisher-zgjidhja-e-krizes-ne-shqiperi-e-pamundshme-pa-nderhyrjen-nderkombetare\/#article","isPartOf":{"@id":"https:\/\/fjala.info\/2009-2015\/bernd-fisher-zgjidhja-e-krizes-ne-shqiperi-e-pamundshme-pa-nderhyrjen-nderkombetare\/"},"author":{"name":"admin","@id":"https:\/\/fjala.info\/2009-2015\/#\/schema\/person\/3aa1163ef05469c496fc94e77611ada2"},"headline":"Bernd Fisher: Zgjidhja e kriz\u00ebs n\u00eb Shqip\u00ebri, e pamundshme pa nd\u00ebrhyrjen nd\u00ebrkomb\u00ebtare","datePublished":"2011-01-30T06:42:15+00:00","mainEntityOfPage":{"@id":"https:\/\/fjala.info\/2009-2015\/bernd-fisher-zgjidhja-e-krizes-ne-shqiperi-e-pamundshme-pa-nderhyrjen-nderkombetare\/"},"wordCount":1540,"commentCount":0,"publisher":{"@id":"https:\/\/fjala.info\/2009-2015\/#organization"},"image":{"@id":"https:\/\/fjala.info\/2009-2015\/bernd-fisher-zgjidhja-e-krizes-ne-shqiperi-e-pamundshme-pa-nderhyrjen-nderkombetare\/#primaryimage"},"thumbnailUrl":"http:\/\/fjala.shkoder.net\/wp-content\/uploads\/2011\/01\/bernd_fisher.jpg","articleSection":["Artikuj"],"inLanguage":"sq-AL","potentialAction":[{"@type":"CommentAction","name":"Comment","target":["https:\/\/fjala.info\/2009-2015\/bernd-fisher-zgjidhja-e-krizes-ne-shqiperi-e-pamundshme-pa-nderhyrjen-nderkombetare\/#respond"]}]},{"@type":"WebPage","@id":"https:\/\/fjala.info\/2009-2015\/bernd-fisher-zgjidhja-e-krizes-ne-shqiperi-e-pamundshme-pa-nderhyrjen-nderkombetare\/","url":"https:\/\/fjala.info\/2009-2015\/bernd-fisher-zgjidhja-e-krizes-ne-shqiperi-e-pamundshme-pa-nderhyrjen-nderkombetare\/","name":"Bernd Fisher: Zgjidhja e kriz\u00ebs n\u00eb Shqip\u00ebri, e pamundshme pa nd\u00ebrhyrjen nd\u00ebrkomb\u00ebtare - FjALA e LIR\u00cb - Arkivi","isPartOf":{"@id":"https:\/\/fjala.info\/2009-2015\/#website"},"primaryImageOfPage":{"@id":"https:\/\/fjala.info\/2009-2015\/bernd-fisher-zgjidhja-e-krizes-ne-shqiperi-e-pamundshme-pa-nderhyrjen-nderkombetare\/#primaryimage"},"image":{"@id":"https:\/\/fjala.info\/2009-2015\/bernd-fisher-zgjidhja-e-krizes-ne-shqiperi-e-pamundshme-pa-nderhyrjen-nderkombetare\/#primaryimage"},"thumbnailUrl":"http:\/\/fjala.shkoder.net\/wp-content\/uploads\/2011\/01\/bernd_fisher.jpg","datePublished":"2011-01-30T06:42:15+00:00","breadcrumb":{"@id":"https:\/\/fjala.info\/2009-2015\/bernd-fisher-zgjidhja-e-krizes-ne-shqiperi-e-pamundshme-pa-nderhyrjen-nderkombetare\/#breadcrumb"},"inLanguage":"sq-AL","potentialAction":[{"@type":"ReadAction","target":["https:\/\/fjala.info\/2009-2015\/bernd-fisher-zgjidhja-e-krizes-ne-shqiperi-e-pamundshme-pa-nderhyrjen-nderkombetare\/"]}]},{"@type":"ImageObject","inLanguage":"sq-AL","@id":"https:\/\/fjala.info\/2009-2015\/bernd-fisher-zgjidhja-e-krizes-ne-shqiperi-e-pamundshme-pa-nderhyrjen-nderkombetare\/#primaryimage","url":"http:\/\/fjala.shkoder.net\/wp-content\/uploads\/2011\/01\/bernd_fisher.jpg","contentUrl":"http:\/\/fjala.shkoder.net\/wp-content\/uploads\/2011\/01\/bernd_fisher.jpg"},{"@type":"BreadcrumbList","@id":"https:\/\/fjala.info\/2009-2015\/bernd-fisher-zgjidhja-e-krizes-ne-shqiperi-e-pamundshme-pa-nderhyrjen-nderkombetare\/#breadcrumb","itemListElement":[{"@type":"ListItem","position":1,"name":"Home","item":"https:\/\/fjala.info\/2009-2015\/"},{"@type":"ListItem","position":2,"name":"Bernd Fisher: Zgjidhja e kriz\u00ebs n\u00eb Shqip\u00ebri, e pamundshme pa nd\u00ebrhyrjen nd\u00ebrkomb\u00ebtare"}]},{"@type":"WebSite","@id":"https:\/\/fjala.info\/2009-2015\/#website","url":"https:\/\/fjala.info\/2009-2015\/","name":"FjALA e LIR\u00cb - Arkivi","description":"Arkivi 2009-2015","publisher":{"@id":"https:\/\/fjala.info\/2009-2015\/#organization"},"potentialAction":[{"@type":"SearchAction","target":{"@type":"EntryPoint","urlTemplate":"https:\/\/fjala.info\/2009-2015\/?s={search_term_string}"},"query-input":{"@type":"PropertyValueSpecification","valueRequired":true,"valueName":"search_term_string"}}],"inLanguage":"sq-AL"},{"@type":"Organization","@id":"https:\/\/fjala.info\/2009-2015\/#organization","name":"FjALA e LIR\u00cb - Arkivi","url":"https:\/\/fjala.info\/2009-2015\/","logo":{"@type":"ImageObject","inLanguage":"sq-AL","@id":"https:\/\/fjala.info\/2009-2015\/#\/schema\/logo\/image\/","url":"","contentUrl":"","caption":"FjALA e LIR\u00cb - Arkivi"},"image":{"@id":"https:\/\/fjala.info\/2009-2015\/#\/schema\/logo\/image\/"}},{"@type":"Person","@id":"https:\/\/fjala.info\/2009-2015\/#\/schema\/person\/3aa1163ef05469c496fc94e77611ada2","name":"admin","image":{"@type":"ImageObject","inLanguage":"sq-AL","@id":"https:\/\/fjala.info\/2009-2015\/wp-content\/uploads\/2012\/02\/arben_cokaj-120x150.jpg","url":"https:\/\/fjala.info\/2009-2015\/wp-content\/uploads\/2012\/02\/arben_cokaj-120x150.jpg","contentUrl":"https:\/\/fjala.info\/2009-2015\/wp-content\/uploads\/2012\/02\/arben_cokaj-120x150.jpg","caption":"admin"},"description":"Admin, Fjala e Lir\u00eb","sameAs":["https:\/\/fjala.info\/"],"url":"https:\/\/fjala.info\/2009-2015\/author\/admin\/"}]}},"_links":{"self":[{"href":"https:\/\/fjala.info\/2009-2015\/wp-json\/wp\/v2\/posts\/6037","targetHints":{"allow":["GET"]}}],"collection":[{"href":"https:\/\/fjala.info\/2009-2015\/wp-json\/wp\/v2\/posts"}],"about":[{"href":"https:\/\/fjala.info\/2009-2015\/wp-json\/wp\/v2\/types\/post"}],"author":[{"embeddable":true,"href":"https:\/\/fjala.info\/2009-2015\/wp-json\/wp\/v2\/users\/1"}],"replies":[{"embeddable":true,"href":"https:\/\/fjala.info\/2009-2015\/wp-json\/wp\/v2\/comments?post=6037"}],"version-history":[{"count":0,"href":"https:\/\/fjala.info\/2009-2015\/wp-json\/wp\/v2\/posts\/6037\/revisions"}],"wp:attachment":[{"href":"https:\/\/fjala.info\/2009-2015\/wp-json\/wp\/v2\/media?parent=6037"}],"wp:term":[{"taxonomy":"category","embeddable":true,"href":"https:\/\/fjala.info\/2009-2015\/wp-json\/wp\/v2\/categories?post=6037"},{"taxonomy":"post_tag","embeddable":true,"href":"https:\/\/fjala.info\/2009-2015\/wp-json\/wp\/v2\/tags?post=6037"}],"curies":[{"name":"wp","href":"https:\/\/api.w.org\/{rel}","templated":true}]}}