{"id":6035,"date":"2011-01-30T07:35:28","date_gmt":"2011-01-30T06:35:28","guid":{"rendered":"http:\/\/fjala.shkoder.net\/?p=6035"},"modified":"2011-01-30T07:35:28","modified_gmt":"2011-01-30T06:35:28","slug":"po-tani","status":"publish","type":"post","link":"https:\/\/fjala.info\/2009-2015\/po-tani\/","title":{"rendered":"Po tani?"},"content":{"rendered":"<p><strong>Sokol Shameti<\/strong><\/p>\n<p>Pas homazhit t\u00eb djesh\u00ebm, pyetja q\u00eb b\u00ebjn\u00eb me mendjen e tyre shum\u00eb njer\u00ebz \u00ebsht\u00eb: Po tani? \u00c7\u2019do t\u00eb ndodh\u00eb tani q\u00eb gjendja duket se hyri me t\u00eb shtyra (nga t\u00eb huajt) n\u00eb normalitet dhe kur pal\u00ebt iu larguan pa d\u00ebshir\u00eb, por gjithsesi duksh\u00ebm, konfrontimit fizik? \u00c7far\u00eb duhet t\u00eb kuptojm\u00eb nga mesazhi thuajse p\u00ebrgj\u00ebrues n\u00eb anglisht i Edi Ram\u00ebs drejtuar nd\u00ebrkomb\u00ebtar\u00ebve fill pas mbarimit t\u00eb tubimit, p\u00ebr t\u00eb cilin ai ishte paralajm\u00ebruar m\u00ebse nj\u00eb her\u00eb q\u00eb ta anulonte? Po nga ofensiva me figuracion t\u00eb ndezur luftarak plot me komplote, thika t\u00eb helmatisura, kobure-stilolaps dhe \u00e7adra-kallash t\u00eb Kryeministrit Sali Berisha, q\u00eb si\u00e7 sugjeronte nj\u00eb mik: t\u00eb kujton arsenalin e \u00ebnd\u00ebrruar t\u00eb nj\u00eb adoleshenti t\u00eb fiksuar pas loj\u00ebs \u201cAssassins creed\u201d?<\/p>\n<p>P\u00ebr t\u00eb arritur t\u00eb kuptojm\u00eb sa m\u00eb qart\u00eb prognoz\u00ebn e asaj q\u00eb pritet t\u00eb ndodh\u00eb, \u00ebsht\u00eb ndoshta e dobishme t\u00eb b\u00ebjm\u00eb nj\u00eb rikapitullim t\u00eb asaj q\u00eb ka ndodhur. Jemi n\u00eb gjendje ta b\u00ebjm\u00eb k\u00ebt\u00eb n\u00eb m\u00ebnyr\u00eb m\u00eb t\u00eb plot\u00eb dhe t\u00eb ftoht\u00eb tani, pasi edhe distanca kohore, edhe numri i element\u00ebve q\u00eb plot\u00ebsojn\u00eb kuadrin, \u00ebsht\u00eb m\u00eb e mjaftueshme dhe komode.<\/p>\n<p>P\u00ebr 18 muaj me radh\u00eb, Partia Socialiste ka ushtruar nj\u00eb presion t\u00eb formave t\u00eb ndryshme mbi qeverin\u00eb, p\u00ebr shkak t\u00eb pretendimit se n\u00eb zgjedhjet e fundit u tjet\u00ebrsuan shum\u00eb flet\u00eb votimi q\u00eb, sipas saj, p\u00ebrmbys\u00ebn rezultatin. Por kjo \u00ebsht\u00eb gjithsesi detyra legjitime e opozit\u00ebs dhe pavar\u00ebsisht akuzave militare se PS-ja e versionit t\u00eb Ram\u00ebs nuk zot\u00ebronte pasionin e duhur n\u00eb t\u00eb b\u00ebrit opozit\u00eb, ata e kan\u00eb kryer nj\u00ebfar\u00ebsoj k\u00ebt\u00eb detyr\u00eb.<\/p>\n<p>Nga ana e saj, mazhoranca qeveris\u00ebse u ka rezervuar ankesave t\u00eb opozit\u00ebs nj\u00eb q\u00ebndrim t\u00ebr\u00ebsisht intransigjent dhe deri diku sfidues. P\u00ebrgjat\u00eb gjith\u00eb koh\u00ebzgjatjes s\u00eb k\u00ebtij ng\u00ebr\u00e7i, ajo ka angazhuar nj\u00eb retorik\u00eb agresive deri edhe ofenduese si dhe ka refuzuar me k\u00ebmb\u00ebngulje \u00e7do nisje hetimi p\u00ebr procesin zgjedhor.<\/p>\n<p>P\u00ebrve\u00e7 intransigjenc\u00ebs kok\u00ebfort\u00eb t\u00eb mazhoranc\u00ebs, edhe kritik\u00eb t\u00eb shumt\u00eb t\u00eb pavarur t\u00eb liderit socialist e kan\u00eb konsideruar si fals pretendimin socialist, pasi ata besojn\u00eb se Rama po e zhvillon gjith\u00eb k\u00ebt\u00eb teat\u00ebr p\u00ebr t\u00eb mos zbatuar nj\u00eb pik\u00eb t\u00eb statutit t\u00eb partis\u00eb, q\u00eb e detyron kryetarin humb\u00ebs t\u00eb zgjedhjeve q\u00eb t\u00eb largohet nga lidershipi. Jo krejt pa t\u00eb drejt\u00eb, ata gjithashtu nuk mendojn\u00eb se Rama \u00ebsht\u00eb i sinqert\u00eb kur p\u00ebrgj\u00ebrohet p\u00ebr vler\u00ebn e demokracis\u00eb dhe votave po t\u00eb mbash parasysh m\u00ebnyr\u00ebn e dyshimt\u00eb sesi vet\u00eb zgjedhjet e brendshme u zhvilluan n\u00eb PS, si dhe p\u00ebr t\u2019i thirrur kujtes\u00ebs, leht\u00ebsis\u00eb skandaloze me t\u00eb cil\u00ebn vet\u00eb Rama bashk\u00ebpunoi me Berish\u00ebn p\u00ebr t\u00eb ndryshuar Kushtetut\u00ebn, p\u00ebr t\u00eb hartuar nj\u00eb Kod Zgjedhor t\u00eb diskutuesh\u00ebm e p\u00ebr t\u00eb eliminuar parti t\u00eb vogla q\u00eb dikur gjallonin n\u00eb spektrin politik shqiptar.<\/p>\n<p>Nga ana tjet\u00ebr, kritikat q\u00eb u adresohen socialist\u00ebve t\u00eb majt\u00eb n\u00eb opozit\u00eb kan\u00eb t\u00eb b\u00ebjn\u00eb edhe me faktin se ata po shnd\u00ebrrojn\u00eb n\u00eb tragjedi di\u00e7ka q\u00eb q\u00ebndron shum\u00eb posht\u00eb n\u00eb list\u00ebn e problemeve reale t\u00eb qytetar\u00ebve, ku hitparada kryesohet nga nj\u00eb papun\u00ebsi epidemike dhe nj\u00eb varf\u00ebri skandaloze q\u00eb ka pllakosur p\u00ebr shum\u00eb familje t\u00eb thjeshta n\u00eb k\u00ebt\u00eb vend. Sinjalet e preokupimit opozitar p\u00ebr k\u00ebto \u00e7\u00ebshtje kan\u00eb qen\u00eb t\u00eb zbehta, t\u00eb pamjaftueshme dhe jo bind\u00ebse krahasuar me intensitetin e lart\u00eb t\u00eb dramacitetit q\u00eb po i rezervojn\u00eb luft\u00ebs s\u00eb tyre p\u00ebr pushtet.<\/p>\n<p>Nga ana e vet, komuniteti nd\u00ebrkomb\u00ebtar, i z\u00ebn\u00eb n\u00eb kllap\u00ebn e nj\u00eb krize bot\u00ebrore q\u00eb s\u2019po ndalet, trazirave n\u00eb Greqi e m\u00eb pas nuancave autoritariste q\u00eb lider\u00eb t\u00eb shumt\u00eb bot\u00ebror\u00eb po shfaqin edhe n\u00eb vende ku kriza e demokracis\u00eb s\u2019mund t\u00eb paramendohej si Italia e Franca (pa p\u00ebrmendur ankthin e p\u00ebrhersh\u00ebm kinez, rus, bjellorus dhe reaksionet zinxhir q\u00eb ato shkaktojn\u00eb), s\u2019ia kan\u00eb pasur ngen\u00eb edhe nj\u00eb fronti tjet\u00ebr t\u00eb bezdissh\u00ebm n\u00eb Tiran\u00eb.<\/p>\n<p>Institucionet jan\u00eb pranuar si p\u00ebrgjith\u00ebsisht demokratike, situata sociale si p\u00ebrgjith\u00ebsisht paq\u00ebsore dhe zhvillimi i kapitalit si p\u00ebrgjith\u00ebsisht i q\u00ebndruesh\u00ebm. N\u00eb t\u00eb v\u00ebrtet\u00eb, kazani prej koh\u00ebsh vlonte, por p\u00ebr t\u00eb krijuar iluzionin se gjith\u00e7ka ishte n\u00ebn kontroll kujdesej nj\u00eb fushat\u00eb e shfrenuar marketingu e qeveris\u00eb, q\u00eb p\u00ebr pak arriti t\u00eb blej\u00eb me valut\u00eb t\u00eb vlefshme n\u00eb k\u00ebto koh\u00ebra shtr\u00ebngice, imazhin e nj\u00eb Shqip\u00ebrie t\u00eb ngjashme me ishujt blu Cayman ku t\u00eb gjith\u00eb k\u00ebrcejn\u00eb, b\u00ebjn\u00eb seks e han\u00eb shijsh\u00ebm, por p\u00ebr k\u00ebt\u00eb do t\u00eb flasim pak m\u00eb tej.<\/p>\n<p>Pavar\u00ebsisht t\u00eb gjitha k\u00ebtyre, presioni i Partis\u00eb Socialiste p\u00ebsoi nj\u00eb kurb\u00eb t\u00eb fort\u00eb ngrit\u00ebse muajt e fundit dhe kulmoi me nj\u00eb val\u00eb demaskimi skandalesh t\u00eb qeveris\u00eb, t\u00eb cilat, edhe pse n\u00eb mas\u00eb t\u00eb madhe, nuk p\u00ebrfunduan kurr\u00eb n\u00eb prokurori, krijuan gjithsesi nj\u00eb psikoz\u00eb t\u00eb p\u00ebrgjithshme qytetare se karburanti legjitimues i k\u00ebsaj qeverie ishte ezauruar me shpejt\u00ebsi.<\/p>\n<p>Si\u00e7 tham\u00eb, qytetari shqiptar p\u00ebrballej me dy realitete, nj\u00ebri n\u00eb televizorin e sponsorizuar nga pushteti, ku flitej p\u00ebr nj\u00eb lumturi t\u00eb gjithanshme, dhe nj\u00eb tjet\u00ebr n\u00eb vatrat e tyre familjare, ku me zor arrinin t\u00eb bashkonin fundet. K\u00ebsisoj, kur m\u00eb n\u00eb fund socialist\u00ebt vendos\u00ebn t\u00eb eksperimentojn\u00eb me akumulimin e k\u00ebsaj energjie t\u00eb pak\u00ebnaqurish dhe orientimin e saj si nj\u00eb arm\u00eb me rreze laser me p\u00ebrqendrim t\u00eb lart\u00eb, drejt kangjellave t\u00eb Kryeministris\u00eb, ndodhi nj\u00eb eksplozion q\u00eb e shkundi Shqip\u00ebrin\u00eb, mazhoranc\u00ebn, komunitetin nd\u00ebrkomb\u00ebtar dhe opozit\u00ebn vet\u00eb nga themelet. Situata u ngjante skenave nga filmi \u201cBack to the future\u201d, ku portreti i Edi Ram\u00ebs me makin\u00ebn e tij fantastiko-shkencore q\u00eb shkakton papritur e papandehur plasje, t\u00ebrmete e zhvendosje n\u00eb koh\u00eb, mund t\u00eb imagjinohet si e ngjashme me fytyr\u00ebn e tronditur t\u00eb Doctor Brown.<\/p>\n<p>N\u00eb k\u00ebt\u00eb situat\u00eb, t\u00eb gjith\u00eb aktor\u00ebt u duk se dol\u00ebn jasht\u00eb vetes dhe reaguan n\u00eb nj\u00eb m\u00ebnyr\u00eb q\u00eb fare pak ka t\u00eb b\u00ebj\u00eb me repertorin e p\u00ebrhersh\u00ebm t\u00eb sjelljeve t\u00eb tyre, ose m\u00eb mir\u00eb, shum\u00eb maska u hoq\u00ebn dhe shum\u00eb q\u00ebndrime deri dje t\u00eb buta e diplomatike, u shtyn\u00eb n\u00eb ekstrem. Policia dhe garda u l\u00ebshuan nga nervat dhe shkaktuan t\u00eb vrar\u00eb, t\u00eb plagosur dhe nj\u00eb val\u00eb terrori q\u00eb i futi dridhmat gjith\u00eb Shqip\u00ebris\u00eb. Kryeministri u hodh n\u00eb nj\u00eb ofensiv\u00eb hakmarr\u00ebse q\u00eb flet p\u00ebr pu\u00e7e dhe komplotist\u00eb q\u00eb flen\u00eb n\u00eb zyrat e opozit\u00ebs po e po, por edhe t\u00eb prokuroris\u00eb, sh\u00ebrbimit sekret e deri Presidenc\u00ebs.<\/p>\n<p>Diplomat\u00ebt e huaj, t\u00ebr\u00ebsisht t\u00eb pap\u00ebrgatitur, kaluan edhe ata n\u00eb nj\u00eb val\u00eb presioni, t\u00eb cilit, si\u00e7 mund t\u00eb imagjinohej, iu bind m\u00eb tep\u00ebr ai q\u00eb kishte m\u00eb tep\u00ebr se \u00e7far\u00eb t\u00eb humbiste. Si rezultat, mb\u00ebrrit\u00ebm n\u00eb anulimin e antimitingut t\u00eb qeveris\u00eb dhe n\u00eb transformimin e protest\u00ebs s\u00eb opozit\u00ebs, nga t\u00ebr\u00ebsisht t\u00eb mir\u00ebkuptueshme n\u00ebse do t\u00eb ishte e mllefosur, n\u00eb nj\u00eb ceremoni prek\u00ebse familjare p\u00ebr viktimat e trazirave t\u00eb 21 janarit.<\/p>\n<p>S\u00eb fundi, mund t\u00eb shohim se zjarrit q\u00eb u ndez m\u00eb 21 janar iu hodh nj\u00eb sasi e till\u00eb uji importi, e cila e fiku jo vet\u00ebm at\u00eb, por edhe prushin e domosdosh\u00ebm t\u00eb presionit opozitar mbi nj\u00eb qeveri q\u00eb tashm\u00eb duket haptazi se nuk \u00ebsht\u00eb n\u00eb gjendje t\u00eb jet\u00eb e sinqert\u00eb me ask\u00ebnd, p\u00ebrfshi edhe veten.<\/p>\n<p>Topi \u00ebsht\u00eb tani n\u00eb fush\u00ebn e nd\u00ebrkomb\u00ebtar\u00ebve, t\u00eb cil\u00ebt, pasi e grabit\u00ebn dhunsh\u00ebm sovranitetin e Shqip\u00ebris\u00eb gjat\u00eb jav\u00ebs s\u00eb fundit, n\u00eb jav\u00ebn n\u00eb vijim duhet t\u00eb na provojn\u00eb se e b\u00ebn\u00eb k\u00ebt\u00eb p\u00ebr t\u00eb hequr nga ky sovranitet vet\u00ebm sasin\u00eb e tep\u00ebrt t\u00eb helmit dhe marr\u00ebzis\u00eb, p\u00ebr t\u00eb na e rikthyer t\u00eb q\u00ebruar nga helmet, por t\u00eb pakastruar nga instinkti yn\u00eb i nevojsh\u00ebm kritik. Shpresa e vetme \u00ebsht\u00eb q\u00eb nd\u00ebrkomb\u00ebtar\u00ebt, nga t\u00eb cil\u00ebt tani pritet l\u00ebvizja e radh\u00ebs, t\u00eb ken\u00eb kuptuar nj\u00eb t\u00eb v\u00ebrtet\u00eb t\u00eb madhe: n\u00eb Shqip\u00ebri po zhvillohen paralelisht dy kriza.<\/p>\n<p>Nj\u00ebra \u00ebsht\u00eb kriza teknike e politik\u00ebs dhe mosmarr\u00ebveshjeve t\u00eb saj p\u00ebr m\u00ebnyr\u00ebn e administrimit t\u00eb zgjedhjeve, tjetra \u00ebsht\u00eb kriza e madhe dhe e r\u00ebnd\u00eb e popullit q\u00eb l\u00ebngon n\u00ebn nj\u00eb situat\u00eb tragjike ekonomike, e cila nuk mund t\u00eb fshihet m\u00eb, nuk mund t\u00eb kamuflohet m\u00eb dhe nuk mund t\u00eb tjet\u00ebrsohet m\u00eb. Edhe n\u00ebse kriza politike do t\u00eb gjej\u00eb zgjidhjen e saj n\u00eb nj\u00eb tryez\u00eb t\u00eb sforcuar burrash q\u00eb aty puthen me pasion e aty shahen me rob sht\u00ebpie, kriza e v\u00ebrtet\u00eb e njer\u00ebzve do t\u00eb gjej\u00eb rastin tjet\u00ebr, m\u00eb t\u00eb parin dhe m\u00eb t\u00eb af\u00ebrtin, p\u00ebr t\u00eb shp\u00ebrthyer tragjikisht dhe pa p\u00ebrmbajtje. Si m\u00eb 21 janar.<\/p>\n","protected":false},"excerpt":{"rendered":"<p>Sokol Shameti Pas homazhit t\u00eb djesh\u00ebm, pyetja q\u00eb b\u00ebjn\u00eb me mendjen e tyre shum\u00eb njer\u00ebz \u00ebsht\u00eb: Po tani? \u00c7\u2019do t\u00eb ndodh\u00eb tani q\u00eb gjendja duket se hyri me t\u00eb shtyra (nga t\u00eb huajt) n\u00eb normalitet dhe kur pal\u00ebt iu larguan pa d\u00ebshir\u00eb, por gjithsesi duksh\u00ebm, konfrontimit fizik? \u00c7far\u00eb duhet t\u00eb kuptojm\u00eb nga mesazhi thuajse p\u00ebrgj\u00ebrues [&hellip;]<\/p>\n","protected":false},"author":1,"featured_media":0,"comment_status":"open","ping_status":"closed","sticky":false,"template":"","format":"standard","meta":{"footnotes":""},"categories":[2],"tags":[],"class_list":{"0":"post-6035","1":"post","2":"type-post","3":"status-publish","4":"format-standard","6":"category-artikuj"},"yoast_head":"<!-- This site is optimized with the Yoast SEO plugin v27.4 - https:\/\/yoast.com\/product\/yoast-seo-wordpress\/ -->\n<title>Po tani? - FjALA e LIR\u00cb - Arkivi<\/title>\n<meta name=\"robots\" content=\"index, follow, max-snippet:-1, max-image-preview:large, max-video-preview:-1\" \/>\n<link rel=\"canonical\" href=\"https:\/\/fjala.info\/2009-2015\/po-tani\/\" \/>\n<meta property=\"og:locale\" content=\"sq_AL\" \/>\n<meta property=\"og:type\" content=\"article\" \/>\n<meta property=\"og:title\" content=\"Po tani? - FjALA e LIR\u00cb - Arkivi\" \/>\n<meta property=\"og:description\" content=\"Sokol Shameti Pas homazhit t\u00eb djesh\u00ebm, pyetja q\u00eb b\u00ebjn\u00eb me mendjen e tyre shum\u00eb njer\u00ebz \u00ebsht\u00eb: Po tani? \u00c7\u2019do t\u00eb ndodh\u00eb tani q\u00eb gjendja duket se hyri me t\u00eb shtyra (nga t\u00eb huajt) n\u00eb normalitet dhe kur pal\u00ebt iu larguan pa d\u00ebshir\u00eb, por gjithsesi duksh\u00ebm, konfrontimit fizik? \u00c7far\u00eb duhet t\u00eb kuptojm\u00eb nga mesazhi thuajse p\u00ebrgj\u00ebrues [&hellip;]\" \/>\n<meta property=\"og:url\" content=\"https:\/\/fjala.info\/2009-2015\/po-tani\/\" \/>\n<meta property=\"og:site_name\" content=\"FjALA e LIR\u00cb - Arkivi\" \/>\n<meta property=\"article:published_time\" content=\"2011-01-30T06:35:28+00:00\" \/>\n<meta name=\"author\" content=\"admin\" \/>\n<meta name=\"twitter:card\" content=\"summary_large_image\" \/>\n<meta name=\"twitter:label1\" content=\"Written by\" \/>\n\t<meta name=\"twitter:data1\" content=\"admin\" \/>\n\t<meta name=\"twitter:label2\" content=\"Est. reading time\" \/>\n\t<meta name=\"twitter:data2\" content=\"8 minutes\" \/>\n<script type=\"application\/ld+json\" class=\"yoast-schema-graph\">{\"@context\":\"https:\\\/\\\/schema.org\",\"@graph\":[{\"@type\":\"Article\",\"@id\":\"https:\\\/\\\/fjala.info\\\/2009-2015\\\/po-tani\\\/#article\",\"isPartOf\":{\"@id\":\"https:\\\/\\\/fjala.info\\\/2009-2015\\\/po-tani\\\/\"},\"author\":{\"name\":\"admin\",\"@id\":\"https:\\\/\\\/fjala.info\\\/2009-2015\\\/#\\\/schema\\\/person\\\/3aa1163ef05469c496fc94e77611ada2\"},\"headline\":\"Po tani?\",\"datePublished\":\"2011-01-30T06:35:28+00:00\",\"mainEntityOfPage\":{\"@id\":\"https:\\\/\\\/fjala.info\\\/2009-2015\\\/po-tani\\\/\"},\"wordCount\":1535,\"commentCount\":0,\"publisher\":{\"@id\":\"https:\\\/\\\/fjala.info\\\/2009-2015\\\/#organization\"},\"articleSection\":[\"Artikuj\"],\"inLanguage\":\"sq-AL\",\"potentialAction\":[{\"@type\":\"CommentAction\",\"name\":\"Comment\",\"target\":[\"https:\\\/\\\/fjala.info\\\/2009-2015\\\/po-tani\\\/#respond\"]}]},{\"@type\":\"WebPage\",\"@id\":\"https:\\\/\\\/fjala.info\\\/2009-2015\\\/po-tani\\\/\",\"url\":\"https:\\\/\\\/fjala.info\\\/2009-2015\\\/po-tani\\\/\",\"name\":\"Po tani? - FjALA e LIR\u00cb - Arkivi\",\"isPartOf\":{\"@id\":\"https:\\\/\\\/fjala.info\\\/2009-2015\\\/#website\"},\"datePublished\":\"2011-01-30T06:35:28+00:00\",\"breadcrumb\":{\"@id\":\"https:\\\/\\\/fjala.info\\\/2009-2015\\\/po-tani\\\/#breadcrumb\"},\"inLanguage\":\"sq-AL\",\"potentialAction\":[{\"@type\":\"ReadAction\",\"target\":[\"https:\\\/\\\/fjala.info\\\/2009-2015\\\/po-tani\\\/\"]}]},{\"@type\":\"BreadcrumbList\",\"@id\":\"https:\\\/\\\/fjala.info\\\/2009-2015\\\/po-tani\\\/#breadcrumb\",\"itemListElement\":[{\"@type\":\"ListItem\",\"position\":1,\"name\":\"Home\",\"item\":\"https:\\\/\\\/fjala.info\\\/2009-2015\\\/\"},{\"@type\":\"ListItem\",\"position\":2,\"name\":\"Po tani?\"}]},{\"@type\":\"WebSite\",\"@id\":\"https:\\\/\\\/fjala.info\\\/2009-2015\\\/#website\",\"url\":\"https:\\\/\\\/fjala.info\\\/2009-2015\\\/\",\"name\":\"FjALA e LIR\u00cb - Arkivi\",\"description\":\"Arkivi 2009-2015\",\"publisher\":{\"@id\":\"https:\\\/\\\/fjala.info\\\/2009-2015\\\/#organization\"},\"potentialAction\":[{\"@type\":\"SearchAction\",\"target\":{\"@type\":\"EntryPoint\",\"urlTemplate\":\"https:\\\/\\\/fjala.info\\\/2009-2015\\\/?s={search_term_string}\"},\"query-input\":{\"@type\":\"PropertyValueSpecification\",\"valueRequired\":true,\"valueName\":\"search_term_string\"}}],\"inLanguage\":\"sq-AL\"},{\"@type\":\"Organization\",\"@id\":\"https:\\\/\\\/fjala.info\\\/2009-2015\\\/#organization\",\"name\":\"FjALA e LIR\u00cb - Arkivi\",\"url\":\"https:\\\/\\\/fjala.info\\\/2009-2015\\\/\",\"logo\":{\"@type\":\"ImageObject\",\"inLanguage\":\"sq-AL\",\"@id\":\"https:\\\/\\\/fjala.info\\\/2009-2015\\\/#\\\/schema\\\/logo\\\/image\\\/\",\"url\":\"\",\"contentUrl\":\"\",\"caption\":\"FjALA e LIR\u00cb - Arkivi\"},\"image\":{\"@id\":\"https:\\\/\\\/fjala.info\\\/2009-2015\\\/#\\\/schema\\\/logo\\\/image\\\/\"}},{\"@type\":\"Person\",\"@id\":\"https:\\\/\\\/fjala.info\\\/2009-2015\\\/#\\\/schema\\\/person\\\/3aa1163ef05469c496fc94e77611ada2\",\"name\":\"admin\",\"image\":{\"@type\":\"ImageObject\",\"inLanguage\":\"sq-AL\",\"@id\":\"https:\\\/\\\/fjala.info\\\/2009-2015\\\/wp-content\\\/uploads\\\/2012\\\/02\\\/arben_cokaj-120x150.jpg\",\"url\":\"https:\\\/\\\/fjala.info\\\/2009-2015\\\/wp-content\\\/uploads\\\/2012\\\/02\\\/arben_cokaj-120x150.jpg\",\"contentUrl\":\"https:\\\/\\\/fjala.info\\\/2009-2015\\\/wp-content\\\/uploads\\\/2012\\\/02\\\/arben_cokaj-120x150.jpg\",\"caption\":\"admin\"},\"description\":\"Admin, Fjala e Lir\u00eb\",\"sameAs\":[\"https:\\\/\\\/fjala.info\\\/\"],\"url\":\"https:\\\/\\\/fjala.info\\\/2009-2015\\\/author\\\/admin\\\/\"}]}<\/script>\n<!-- \/ Yoast SEO plugin. -->","yoast_head_json":{"title":"Po tani? - FjALA e LIR\u00cb - Arkivi","robots":{"index":"index","follow":"follow","max-snippet":"max-snippet:-1","max-image-preview":"max-image-preview:large","max-video-preview":"max-video-preview:-1"},"canonical":"https:\/\/fjala.info\/2009-2015\/po-tani\/","og_locale":"sq_AL","og_type":"article","og_title":"Po tani? - FjALA e LIR\u00cb - Arkivi","og_description":"Sokol Shameti Pas homazhit t\u00eb djesh\u00ebm, pyetja q\u00eb b\u00ebjn\u00eb me mendjen e tyre shum\u00eb njer\u00ebz \u00ebsht\u00eb: Po tani? \u00c7\u2019do t\u00eb ndodh\u00eb tani q\u00eb gjendja duket se hyri me t\u00eb shtyra (nga t\u00eb huajt) n\u00eb normalitet dhe kur pal\u00ebt iu larguan pa d\u00ebshir\u00eb, por gjithsesi duksh\u00ebm, konfrontimit fizik? \u00c7far\u00eb duhet t\u00eb kuptojm\u00eb nga mesazhi thuajse p\u00ebrgj\u00ebrues [&hellip;]","og_url":"https:\/\/fjala.info\/2009-2015\/po-tani\/","og_site_name":"FjALA e LIR\u00cb - Arkivi","article_published_time":"2011-01-30T06:35:28+00:00","author":"admin","twitter_card":"summary_large_image","twitter_misc":{"Written by":"admin","Est. reading time":"8 minutes"},"schema":{"@context":"https:\/\/schema.org","@graph":[{"@type":"Article","@id":"https:\/\/fjala.info\/2009-2015\/po-tani\/#article","isPartOf":{"@id":"https:\/\/fjala.info\/2009-2015\/po-tani\/"},"author":{"name":"admin","@id":"https:\/\/fjala.info\/2009-2015\/#\/schema\/person\/3aa1163ef05469c496fc94e77611ada2"},"headline":"Po tani?","datePublished":"2011-01-30T06:35:28+00:00","mainEntityOfPage":{"@id":"https:\/\/fjala.info\/2009-2015\/po-tani\/"},"wordCount":1535,"commentCount":0,"publisher":{"@id":"https:\/\/fjala.info\/2009-2015\/#organization"},"articleSection":["Artikuj"],"inLanguage":"sq-AL","potentialAction":[{"@type":"CommentAction","name":"Comment","target":["https:\/\/fjala.info\/2009-2015\/po-tani\/#respond"]}]},{"@type":"WebPage","@id":"https:\/\/fjala.info\/2009-2015\/po-tani\/","url":"https:\/\/fjala.info\/2009-2015\/po-tani\/","name":"Po tani? - FjALA e LIR\u00cb - Arkivi","isPartOf":{"@id":"https:\/\/fjala.info\/2009-2015\/#website"},"datePublished":"2011-01-30T06:35:28+00:00","breadcrumb":{"@id":"https:\/\/fjala.info\/2009-2015\/po-tani\/#breadcrumb"},"inLanguage":"sq-AL","potentialAction":[{"@type":"ReadAction","target":["https:\/\/fjala.info\/2009-2015\/po-tani\/"]}]},{"@type":"BreadcrumbList","@id":"https:\/\/fjala.info\/2009-2015\/po-tani\/#breadcrumb","itemListElement":[{"@type":"ListItem","position":1,"name":"Home","item":"https:\/\/fjala.info\/2009-2015\/"},{"@type":"ListItem","position":2,"name":"Po tani?"}]},{"@type":"WebSite","@id":"https:\/\/fjala.info\/2009-2015\/#website","url":"https:\/\/fjala.info\/2009-2015\/","name":"FjALA e LIR\u00cb - Arkivi","description":"Arkivi 2009-2015","publisher":{"@id":"https:\/\/fjala.info\/2009-2015\/#organization"},"potentialAction":[{"@type":"SearchAction","target":{"@type":"EntryPoint","urlTemplate":"https:\/\/fjala.info\/2009-2015\/?s={search_term_string}"},"query-input":{"@type":"PropertyValueSpecification","valueRequired":true,"valueName":"search_term_string"}}],"inLanguage":"sq-AL"},{"@type":"Organization","@id":"https:\/\/fjala.info\/2009-2015\/#organization","name":"FjALA e LIR\u00cb - Arkivi","url":"https:\/\/fjala.info\/2009-2015\/","logo":{"@type":"ImageObject","inLanguage":"sq-AL","@id":"https:\/\/fjala.info\/2009-2015\/#\/schema\/logo\/image\/","url":"","contentUrl":"","caption":"FjALA e LIR\u00cb - Arkivi"},"image":{"@id":"https:\/\/fjala.info\/2009-2015\/#\/schema\/logo\/image\/"}},{"@type":"Person","@id":"https:\/\/fjala.info\/2009-2015\/#\/schema\/person\/3aa1163ef05469c496fc94e77611ada2","name":"admin","image":{"@type":"ImageObject","inLanguage":"sq-AL","@id":"https:\/\/fjala.info\/2009-2015\/wp-content\/uploads\/2012\/02\/arben_cokaj-120x150.jpg","url":"https:\/\/fjala.info\/2009-2015\/wp-content\/uploads\/2012\/02\/arben_cokaj-120x150.jpg","contentUrl":"https:\/\/fjala.info\/2009-2015\/wp-content\/uploads\/2012\/02\/arben_cokaj-120x150.jpg","caption":"admin"},"description":"Admin, Fjala e Lir\u00eb","sameAs":["https:\/\/fjala.info\/"],"url":"https:\/\/fjala.info\/2009-2015\/author\/admin\/"}]}},"_links":{"self":[{"href":"https:\/\/fjala.info\/2009-2015\/wp-json\/wp\/v2\/posts\/6035","targetHints":{"allow":["GET"]}}],"collection":[{"href":"https:\/\/fjala.info\/2009-2015\/wp-json\/wp\/v2\/posts"}],"about":[{"href":"https:\/\/fjala.info\/2009-2015\/wp-json\/wp\/v2\/types\/post"}],"author":[{"embeddable":true,"href":"https:\/\/fjala.info\/2009-2015\/wp-json\/wp\/v2\/users\/1"}],"replies":[{"embeddable":true,"href":"https:\/\/fjala.info\/2009-2015\/wp-json\/wp\/v2\/comments?post=6035"}],"version-history":[{"count":0,"href":"https:\/\/fjala.info\/2009-2015\/wp-json\/wp\/v2\/posts\/6035\/revisions"}],"wp:attachment":[{"href":"https:\/\/fjala.info\/2009-2015\/wp-json\/wp\/v2\/media?parent=6035"}],"wp:term":[{"taxonomy":"category","embeddable":true,"href":"https:\/\/fjala.info\/2009-2015\/wp-json\/wp\/v2\/categories?post=6035"},{"taxonomy":"post_tag","embeddable":true,"href":"https:\/\/fjala.info\/2009-2015\/wp-json\/wp\/v2\/tags?post=6035"}],"curies":[{"name":"wp","href":"https:\/\/api.w.org\/{rel}","templated":true}]}}