{"id":6024,"date":"2011-01-30T07:02:55","date_gmt":"2011-01-30T06:02:55","guid":{"rendered":"http:\/\/fjala.shkoder.net\/?p=6024"},"modified":"2011-01-30T07:02:55","modified_gmt":"2011-01-30T06:02:55","slug":"pacienti-kryeminister","status":"publish","type":"post","link":"https:\/\/fjala.info\/2009-2015\/pacienti-kryeminister\/","title":{"rendered":"Pacienti Kryeminist\u00ebr"},"content":{"rendered":"<p><img loading=\"lazy\" decoding=\"async\" class=\"alignright size-full wp-image-4127\" title=\"Naser Aliu\" src=\"http:\/\/fjala.shkoder.net\/wp-content\/uploads\/2010\/10\/naser_aliu.jpg\" alt=\"\" width=\"150\" height=\"112\" \/><br \/>\n<strong>NASER ALIU<\/strong>, <em>29.01.2011<\/em><\/p>\n<p>Le t&#8217;i ofrohet pozita e presidentit t\u00eb shtetit deri n\u00eb vdekje, n\u00ebse e d\u00ebshiron edhe dy dekada pas vdekjes, natyrisht si i balsamosur. Aty do t\u00eb ket\u00eb m\u00eb pak pushtet p\u00ebr ta d\u00ebmtuar shtetin dhe ekonomin\u00eb komb\u00ebtare, respektivisht popullin. Le t&#8217;i ofrohet paga e dyfisht\u00eb, nj\u00eb rrog\u00eb e dyfisht\u00eb d\u00ebmton shum\u00eb m\u00eb pak buxhetin se sa m\u00ebnyra se si administron ai shtetin.<\/p>\n<p>Le t&#8217;u falen edhe an\u00ebtar\u00ebve t\u00eb familjes nga 5 milion euro, 20 apo 30 milion euro p\u00ebr fisin e tij do t\u00eb d\u00ebmtonin m\u00eb pak ekonomin\u00eb, buxhetin e vendit, se sa prania e tij n\u00eb Kryeministri. Le t\u00eb lavd\u00ebrohet \u00e7do dit\u00eb, l\u00ebvdatat qet\u00ebsojn\u00eb njer\u00ebzit me personalitet t\u00eb shpartalluar. Ta fal\u00ebnderojm\u00eb \u00e7do dit\u00eb, ta lavd\u00ebrojm\u00eb \u00e7do dit\u00eb, p\u00ebr oratorin\u00eb, p\u00ebr fjalorin e bukur dhe p\u00ebr gjykimin vizionar, k\u00ebto d\u00ebmtojn\u00eb m\u00eb pak vendin, edhe pse t\u00eb rreme, por ai ka nevoj\u00eb t\u00eb d\u00ebgjoj\u00eb dhe t&#8217; i besoj\u00eb p\u00ebrrallave t\u00eb tilla.<\/p>\n<p>Nj\u00eb amnisti e till\u00eb do ta d\u00ebmtonte drejt\u00ebsin\u00eb shqiptare, por do ta rim\u00ebk\u00ebmbte vendin dhe detyr\u00eb e pasardh\u00ebsve duhet t\u00eb jet\u00eb: krijimi i kultur\u00ebs demokratike n\u00eb vend dhe t\u00eb niset nga e para. Dhe, ndoshta populli shqiptar ka potencial ta nd\u00ebrtoj\u00eb nj\u00eb parti t\u00eb v\u00ebrtet\u00eb demokratike pa stalinist n\u00eb krye t\u00eb saj. Amin! Aq sa m\u00eb shum\u00eb ai kritikohet, aq m\u00eb shum\u00eb beson se ka edhe detyra tjera q\u00eb i di dhe duhet t&#8217; i b\u00ebj\u00eb vet\u00ebm ai. P\u00ebr t\u00eb cilat \u00ebsht\u00eb autorizuar vet\u00ebm ai. Po si duhet larguar Kryeministri me fjalor dhe rezonim rruga\u00e7i?<\/p>\n<p>P\u00ebr ta gjetur v\u00ebrtet nj\u00eb zgjidhje valide dhe t\u00eb q\u00ebndrueshme pa shkaktuar viktima dhe pa traumatizuar popullin duhet nj\u00eb neuropsikiat\u00ebr, nj\u00eb psikiat\u00ebr dhe nj\u00eb psikolog. Duke u konsultuar me ta, mund t\u00eb gjendet di\u00e7ka me vler\u00eb. N\u00ebse psikologu e bind se mendja e tij l\u00eb shum\u00eb p\u00ebr t\u00eb d\u00ebshiruar dhe se qart\u00eb v\u00ebrehet nj\u00eb disonanc\u00eb konjunktive, at\u00ebher\u00eb psikiatri mund t&#8217;i shkruaj\u00eb ca barna, natyrisht pas nj\u00eb konsultimi edhe me neuropsikiatrin.<\/p>\n<p>Pasi t\u00eb jet\u00eb qet\u00ebsuar pacienti Kryeminist\u00ebr, at\u00ebher\u00eb psikologu duhet t&#8217; ia mbushin mendjen se askush nuk i sulet forc\u00ebrisht karriges s\u00eb tij, se askush nuk do t\u00eb p\u00ebrdor\u00eb dhun\u00ebn kund\u00ebr tij dhe se \u00ebsht\u00eb n\u00eb pyetje vet\u00ebm perceptimi irreal i tij. Pasi neuropsikiatri t\u00eb konstatoj\u00eb se ai vuan nga de-mens, latinisht pamend\u00ebsi, me nj\u00eb d\u00ebmtim tep\u00ebr t\u00eb madh t\u00eb mendjes konjunktive dhe emocionale, at\u00ebher\u00eb mund t&#8217; i shkruhen edhe disa medikamente tjera. N\u00ebse ekipi i specialist\u00ebve nuk mund ta sh\u00ebroj\u00eb, at\u00ebher\u00eb mund t\u00eb shkohet n\u00eb Maqedoni dhe Kosov\u00eb p\u00ebr ndonj\u00eb ila\u00e7. Atje mund t\u00eb gjenden plaka q\u00eb mund t&#8217; i fryjn\u00eb apo edhe ndonj\u00eb plak tjet\u00ebr q\u00eb merret me ekzorciz\u00ebm.<\/p>\n<p>Shqip\u00ebria ka n\u00eb krye t\u00eb vendit nj\u00eb pacient. P\u00ebr fat t\u00eb keq pacienti nuk \u00ebsht\u00eb n\u00eb spital, por \u00ebsht\u00eb n\u00eb Kryeministri. Spitalet m\u00eb t\u00eb m\u00ebdha psikiatrike n\u00eb Shqip\u00ebri sot jan\u00eb Kryeministria dhe Kuvendi. P\u00ebr fat t\u00eb keq askush nuk po ia b\u00ebn t\u00eb qart\u00eb dhe ai vet nuk \u00ebsht\u00eb n\u00eb gjendje ta kuptoj\u00eb se Kuvendi nuk \u00ebsht\u00eb nevojtore dhe se populli shqiptar nuk \u00ebsht\u00eb kope. P\u00ebr fat t\u00eb keq askush nuk po ia b\u00ebn t\u00eb qart\u00eb dhe ai vet nuk \u00ebsht\u00eb n\u00eb gjendje ta kuptoj\u00eb se prokurorja e bukur, nuk \u00ebsht\u00eb n\u00eb sh\u00ebrbim t\u00eb partis\u00eb s\u00eb tij, por t\u00eb drejt\u00ebsis\u00eb.<\/p>\n<p>P\u00ebr fat. Xix\u00ebllonja e par\u00eb e shtetit ligjor. Si duket neve vet\u00ebm grat\u00eb na e zbardhin fytyr\u00ebn, q\u00eb e nxijn\u00eb burrat. P\u00ebr fat t\u00eb keq ai nuk kupton s e opozita nuk \u00ebsht\u00eb vet\u00ebm p\u00ebr zbukurimin e demokracis\u00eb, por ajo q\u00eb \u00ebsht\u00eb e autorizuar ta marr\u00eb edhe drejtimin e shtetit. Kudo n\u00eb demokraci \u00ebsht\u00eb normale t\u00eb synohet pushteti nga opozita, jo mir\u00ebpo n\u00eb Shqip\u00ebri, edhe n\u00eb Serbi n\u00eb koh\u00ebn e Milloshevi\u00e7it nuk ishte normale.<\/p>\n<p>Nuk jam as psikiat\u00ebr, as neuropsikiat\u00ebr, por nga dhjet\u00ebra raste q\u00eb kam pasur rastin t\u00eb jem si p\u00ebrkthyes n\u00eb psikiatri n\u00eb fillim p\u00ebr boshnjak, pastaj p\u00ebr serb, maqedonas, pastaj edhe p\u00ebr shqiptar dhe italian mund t\u00eb konkludoj se kryeministri jon\u00eb ka nevoj\u00eb t\u00eb shtrohet n\u00eb spital dhe t\u00eb mjekohet s\u00eb paku tre muaj deri sa t\u00eb rifitoj\u00eb kontaktin me bot\u00ebn reale. Kur e shoh duke folur, m\u00eb rikujton skena t\u00eb p\u00ebrjetuara n\u00eb psikiatri. Medet! Mos m\u00eb keq! Kam takuar njer\u00ebz q\u00eb b\u00ebnin pyetje p\u00ebr veten dhe pyesni kokulur me flok\u00eb t\u00eb shpupurishura: &#8220;kush jam un\u00eb?&#8221;. Kishin humbur emrin, mbiemrin dhe identitetin.<\/p>\n<p>Tjetri mendonte se Krishti e kishte autorizuar t\u00eb sh\u00ebroj\u00eb njer\u00ebz dhe vjedh \u00e7el\u00ebsin dhe i hap der\u00ebn nj\u00eb pacienti q\u00eb kishte dashur ta vras\u00eb gruan, sepse ky ishte i bindur se e kishte sh\u00ebruar gjat\u00eb drek\u00ebs, kurse policia e k\u00ebrkonte n\u00ebp\u00ebr qytet me gjasht\u00eb makina. Tjetri na shante n\u00ebn\u00ebn mua dhe psikiatrin, dhe na qeshej n\u00eb fytyr\u00eb dhe pastaj na k\u00ebrkonte ndjes\u00eb duke qar\u00eb, mir\u00ebpo, k\u00ebta njer\u00ebz, me d\u00ebme t\u00eb m\u00ebdha n\u00eb t\u00eb gjykuar nga skizofrenia, nuk ishin jasht\u00eb, ata konsideroheshin t\u00eb rreziksh\u00ebm p\u00ebr rrethin dhe gjendeshin n\u00eb spital, t\u00eb shtrir\u00eb n\u00eb psikiatri. Shum\u00eb prej tyre, pas vendimit t\u00eb gjyqtarit, mbylleshin n\u00eb nj\u00eb dhom\u00eb t\u00eb spitalit p\u00ebr sh\u00ebrim. Te ne dallimi \u00ebsht\u00eb shum\u00eb i madh, te ne pacienti \u00ebsht\u00eb Kryeminist\u00ebr i vendit. N\u00eb krye t\u00eb shtetit dhe pran\u00eb kamerave na shan\u00eb n\u00ebn\u00ebn, na fyen dinjitetin dhe e shnd\u00ebrron Kuvendin n\u00eb sht\u00ebpi publike.<\/p>\n<p>Dje d\u00ebmtonte imazhin ton\u00eb mafia, sot shkat\u00ebrron imazhin dhe dinjitetit ai q\u00eb duhet ta mbroj\u00eb. P\u00ebr \u00e7ka edhe paguhet! Milloshevi\u00e7i nga pozita organizonte protesta kund\u00ebr opozit\u00ebs. K\u00ebshtu deshi edhe pacienti jon\u00eb. Saliu \u00ebsht\u00eb nj\u00eb kompozicioni i \u00e7oroditur i shum\u00eb personaliteteve negative n\u00eb historin\u00eb e njer\u00ebzimit dhe \u00ebsht\u00eb shum\u00eb i rreziksh\u00ebm dhe p\u00ebr ta mbrojtur karrigen \u00ebsht\u00eb n\u00eb gjendje t&#8217; ia fus\u00eb zjarrin Shqip\u00ebris\u00eb!<\/p>\n<p>Dhe ta shkrumboj\u00eb. Ai ngryset si Stalini, k\u00ebrc\u00ebnohet si Enveri, s han\u00eb si Kaligula dhe krekoset si Milloshevi\u00e7i. Gjyshja ime, ndjes\u00eb past\u00eb, thoshte: &#8220;O zot, jep mend ku nuk ka!&#8221; Me Saliun njeriu nuk mund t\u00eb hidh\u00ebrohet, ai ka problemet e veta, por njeriu habitet dhe mbetet goj\u00ebhapur me an\u00ebtar\u00ebsin\u00eb e Partis\u00eb Demokratike, q\u00eb duron stalinistin e fundit n\u00eb Shqip\u00ebri n\u00eb krye t\u00eb nj\u00eb partie, q\u00eb shtiret se \u00ebsht\u00eb emokratike.<\/p>\n<p>Ajo parti \u00ebsht\u00eb demokratike, aq sa ishte demokratike Republika Demokratike Gjermane! Opozita duhet t\u00eb ndryshoj\u00eb m\u00ebnyr\u00ebn e rezistenc\u00ebs dhe t\u00eb marr\u00eb m\u00ebsime nga rugovizmi. Kjo \u00ebsht\u00eb m\u00ebnyra vetme p\u00ebr t&#8217; i luftuar diktator\u00ebt me sukses, edhe at\u00eb pa humbur njer\u00ebz. Vrasje e tre vetave, nuk ka qen\u00eb e rastit, nuk \u00ebsht\u00eb kryer pa urdh\u00ebr dhe kishte vet\u00ebm nj\u00eb q\u00ebllim: t&#8217; u tregoj\u00eb shqiptar\u00ebve se \u00e7ka \u00ebsht\u00eb n\u00eb gjendje t\u00eb b\u00ebj\u00eb pacienti n\u00ebse i rrezikohet karrigia. Kur shikohet duke shar\u00eb e duke u k\u00ebrc\u00ebnuar, njeriu mendon se paska ikur nga spitali, apo ia paska hapur der\u00ebn dikush q\u00eb mendonte se ishte autorizuar nga Krishti&#8230;<\/p>\n<p>Tre veta u vran\u00eb p\u00ebr t&#8217; i d\u00ebrguar nj\u00eb mesazh pa ekuivoke atyre q\u00eb protestojn\u00eb kund\u00ebr pacientit! K\u00ebt\u00eb e ka b\u00ebr\u00eb, sepse ishte i bindur se prokuroja nuk do t\u00eb b\u00ebnte hetime. Mjaftonte t&#8217; i telefonohej, si n\u00eb koh\u00ebn e xhaxhit, k\u00ebshtu besonte nx\u00ebn\u00ebsi dhe mjeku i xhaxhit. Dhe, k\u00ebtu gaboi. P\u00ebr fat t\u00eb mir\u00eb prokuroria n\u00eb Shqip\u00ebri ka nisur t\u00eb ushtroj\u00eb detyr\u00ebn ashtu si duhet dhe jo ashtu si priste pacienti prej saj: mir\u00ebnjohje dhe p\u00ebrkulje, mbylljen e syve para krimit shtet\u00ebror&#8230; Pati disa artikuj pozitiv mbi Shqip\u00ebrin\u00eb p\u00ebr turizmin shqiptar, madje Hamburger Abendblatt e quajti Shqip\u00ebrin\u00eb si vendi m\u00eb mikprit\u00ebs ne Europ\u00ebn Juglindore ( pra popullin shqiptar, jo politikan\u00ebt e k\u00ebtij populli) mir\u00ebpo k\u00ebt\u00eb vit, n\u00eb vend se t\u00eb rritet numri i turist\u00ebve, ai do t\u00eb bjer\u00eb ndjesh\u00ebm. P\u00ebr k\u00ebt\u00eb duhet fal\u00ebnderuar pacientit q\u00eb refuzon kurimin!<\/p>\n","protected":false},"excerpt":{"rendered":"<p>NASER ALIU, 29.01.2011 Le t&#8217;i ofrohet pozita e presidentit t\u00eb shtetit deri n\u00eb vdekje, n\u00ebse e d\u00ebshiron edhe dy dekada pas vdekjes, natyrisht si i balsamosur. Aty do t\u00eb ket\u00eb m\u00eb pak pushtet p\u00ebr ta d\u00ebmtuar shtetin dhe ekonomin\u00eb komb\u00ebtare, respektivisht popullin. Le t&#8217;i ofrohet paga e dyfisht\u00eb, nj\u00eb rrog\u00eb e dyfisht\u00eb d\u00ebmton shum\u00eb m\u00eb [&hellip;]<\/p>\n","protected":false},"author":1,"featured_media":0,"comment_status":"open","ping_status":"closed","sticky":false,"template":"","format":"standard","meta":{"footnotes":""},"categories":[2],"tags":[],"class_list":{"0":"post-6024","1":"post","2":"type-post","3":"status-publish","4":"format-standard","6":"category-artikuj"},"yoast_head":"<!-- This site is optimized with the Yoast SEO plugin v27.4 - https:\/\/yoast.com\/product\/yoast-seo-wordpress\/ -->\n<title>Pacienti Kryeminist\u00ebr - FjALA e LIR\u00cb - Arkivi<\/title>\n<meta name=\"robots\" content=\"index, follow, max-snippet:-1, max-image-preview:large, max-video-preview:-1\" \/>\n<link rel=\"canonical\" href=\"https:\/\/fjala.info\/2009-2015\/pacienti-kryeminister\/\" \/>\n<meta property=\"og:locale\" content=\"sq_AL\" \/>\n<meta property=\"og:type\" content=\"article\" \/>\n<meta property=\"og:title\" content=\"Pacienti Kryeminist\u00ebr - FjALA e LIR\u00cb - Arkivi\" \/>\n<meta property=\"og:description\" content=\"NASER ALIU, 29.01.2011 Le t&#8217;i ofrohet pozita e presidentit t\u00eb shtetit deri n\u00eb vdekje, n\u00ebse e d\u00ebshiron edhe dy dekada pas vdekjes, natyrisht si i balsamosur. Aty do t\u00eb ket\u00eb m\u00eb pak pushtet p\u00ebr ta d\u00ebmtuar shtetin dhe ekonomin\u00eb komb\u00ebtare, respektivisht popullin. Le t&#8217;i ofrohet paga e dyfisht\u00eb, nj\u00eb rrog\u00eb e dyfisht\u00eb d\u00ebmton shum\u00eb m\u00eb [&hellip;]\" \/>\n<meta property=\"og:url\" content=\"https:\/\/fjala.info\/2009-2015\/pacienti-kryeminister\/\" \/>\n<meta property=\"og:site_name\" content=\"FjALA e LIR\u00cb - Arkivi\" \/>\n<meta property=\"article:published_time\" content=\"2011-01-30T06:02:55+00:00\" \/>\n<meta property=\"og:image\" content=\"http:\/\/fjala.shkoder.net\/wp-content\/uploads\/2010\/10\/naser_aliu.jpg\" \/>\n<meta name=\"author\" content=\"admin\" \/>\n<meta name=\"twitter:card\" content=\"summary_large_image\" \/>\n<meta name=\"twitter:label1\" content=\"Written by\" \/>\n\t<meta name=\"twitter:data1\" content=\"admin\" \/>\n\t<meta name=\"twitter:label2\" content=\"Est. reading time\" \/>\n\t<meta name=\"twitter:data2\" content=\"7 minutes\" \/>\n<script type=\"application\/ld+json\" class=\"yoast-schema-graph\">{\"@context\":\"https:\\\/\\\/schema.org\",\"@graph\":[{\"@type\":\"Article\",\"@id\":\"https:\\\/\\\/fjala.info\\\/2009-2015\\\/pacienti-kryeminister\\\/#article\",\"isPartOf\":{\"@id\":\"https:\\\/\\\/fjala.info\\\/2009-2015\\\/pacienti-kryeminister\\\/\"},\"author\":{\"name\":\"admin\",\"@id\":\"https:\\\/\\\/fjala.info\\\/2009-2015\\\/#\\\/schema\\\/person\\\/3aa1163ef05469c496fc94e77611ada2\"},\"headline\":\"Pacienti Kryeminist\u00ebr\",\"datePublished\":\"2011-01-30T06:02:55+00:00\",\"mainEntityOfPage\":{\"@id\":\"https:\\\/\\\/fjala.info\\\/2009-2015\\\/pacienti-kryeminister\\\/\"},\"wordCount\":1414,\"commentCount\":0,\"publisher\":{\"@id\":\"https:\\\/\\\/fjala.info\\\/2009-2015\\\/#organization\"},\"image\":{\"@id\":\"https:\\\/\\\/fjala.info\\\/2009-2015\\\/pacienti-kryeminister\\\/#primaryimage\"},\"thumbnailUrl\":\"http:\\\/\\\/fjala.shkoder.net\\\/wp-content\\\/uploads\\\/2010\\\/10\\\/naser_aliu.jpg\",\"articleSection\":[\"Artikuj\"],\"inLanguage\":\"sq-AL\",\"potentialAction\":[{\"@type\":\"CommentAction\",\"name\":\"Comment\",\"target\":[\"https:\\\/\\\/fjala.info\\\/2009-2015\\\/pacienti-kryeminister\\\/#respond\"]}]},{\"@type\":\"WebPage\",\"@id\":\"https:\\\/\\\/fjala.info\\\/2009-2015\\\/pacienti-kryeminister\\\/\",\"url\":\"https:\\\/\\\/fjala.info\\\/2009-2015\\\/pacienti-kryeminister\\\/\",\"name\":\"Pacienti Kryeminist\u00ebr - FjALA e LIR\u00cb - Arkivi\",\"isPartOf\":{\"@id\":\"https:\\\/\\\/fjala.info\\\/2009-2015\\\/#website\"},\"primaryImageOfPage\":{\"@id\":\"https:\\\/\\\/fjala.info\\\/2009-2015\\\/pacienti-kryeminister\\\/#primaryimage\"},\"image\":{\"@id\":\"https:\\\/\\\/fjala.info\\\/2009-2015\\\/pacienti-kryeminister\\\/#primaryimage\"},\"thumbnailUrl\":\"http:\\\/\\\/fjala.shkoder.net\\\/wp-content\\\/uploads\\\/2010\\\/10\\\/naser_aliu.jpg\",\"datePublished\":\"2011-01-30T06:02:55+00:00\",\"breadcrumb\":{\"@id\":\"https:\\\/\\\/fjala.info\\\/2009-2015\\\/pacienti-kryeminister\\\/#breadcrumb\"},\"inLanguage\":\"sq-AL\",\"potentialAction\":[{\"@type\":\"ReadAction\",\"target\":[\"https:\\\/\\\/fjala.info\\\/2009-2015\\\/pacienti-kryeminister\\\/\"]}]},{\"@type\":\"ImageObject\",\"inLanguage\":\"sq-AL\",\"@id\":\"https:\\\/\\\/fjala.info\\\/2009-2015\\\/pacienti-kryeminister\\\/#primaryimage\",\"url\":\"http:\\\/\\\/fjala.shkoder.net\\\/wp-content\\\/uploads\\\/2010\\\/10\\\/naser_aliu.jpg\",\"contentUrl\":\"http:\\\/\\\/fjala.shkoder.net\\\/wp-content\\\/uploads\\\/2010\\\/10\\\/naser_aliu.jpg\"},{\"@type\":\"BreadcrumbList\",\"@id\":\"https:\\\/\\\/fjala.info\\\/2009-2015\\\/pacienti-kryeminister\\\/#breadcrumb\",\"itemListElement\":[{\"@type\":\"ListItem\",\"position\":1,\"name\":\"Home\",\"item\":\"https:\\\/\\\/fjala.info\\\/2009-2015\\\/\"},{\"@type\":\"ListItem\",\"position\":2,\"name\":\"Pacienti Kryeminist\u00ebr\"}]},{\"@type\":\"WebSite\",\"@id\":\"https:\\\/\\\/fjala.info\\\/2009-2015\\\/#website\",\"url\":\"https:\\\/\\\/fjala.info\\\/2009-2015\\\/\",\"name\":\"FjALA e LIR\u00cb - Arkivi\",\"description\":\"Arkivi 2009-2015\",\"publisher\":{\"@id\":\"https:\\\/\\\/fjala.info\\\/2009-2015\\\/#organization\"},\"potentialAction\":[{\"@type\":\"SearchAction\",\"target\":{\"@type\":\"EntryPoint\",\"urlTemplate\":\"https:\\\/\\\/fjala.info\\\/2009-2015\\\/?s={search_term_string}\"},\"query-input\":{\"@type\":\"PropertyValueSpecification\",\"valueRequired\":true,\"valueName\":\"search_term_string\"}}],\"inLanguage\":\"sq-AL\"},{\"@type\":\"Organization\",\"@id\":\"https:\\\/\\\/fjala.info\\\/2009-2015\\\/#organization\",\"name\":\"FjALA e LIR\u00cb - Arkivi\",\"url\":\"https:\\\/\\\/fjala.info\\\/2009-2015\\\/\",\"logo\":{\"@type\":\"ImageObject\",\"inLanguage\":\"sq-AL\",\"@id\":\"https:\\\/\\\/fjala.info\\\/2009-2015\\\/#\\\/schema\\\/logo\\\/image\\\/\",\"url\":\"\",\"contentUrl\":\"\",\"caption\":\"FjALA e LIR\u00cb - Arkivi\"},\"image\":{\"@id\":\"https:\\\/\\\/fjala.info\\\/2009-2015\\\/#\\\/schema\\\/logo\\\/image\\\/\"}},{\"@type\":\"Person\",\"@id\":\"https:\\\/\\\/fjala.info\\\/2009-2015\\\/#\\\/schema\\\/person\\\/3aa1163ef05469c496fc94e77611ada2\",\"name\":\"admin\",\"image\":{\"@type\":\"ImageObject\",\"inLanguage\":\"sq-AL\",\"@id\":\"https:\\\/\\\/fjala.info\\\/2009-2015\\\/wp-content\\\/uploads\\\/2012\\\/02\\\/arben_cokaj-120x150.jpg\",\"url\":\"https:\\\/\\\/fjala.info\\\/2009-2015\\\/wp-content\\\/uploads\\\/2012\\\/02\\\/arben_cokaj-120x150.jpg\",\"contentUrl\":\"https:\\\/\\\/fjala.info\\\/2009-2015\\\/wp-content\\\/uploads\\\/2012\\\/02\\\/arben_cokaj-120x150.jpg\",\"caption\":\"admin\"},\"description\":\"Admin, Fjala e Lir\u00eb\",\"sameAs\":[\"https:\\\/\\\/fjala.info\\\/\"],\"url\":\"https:\\\/\\\/fjala.info\\\/2009-2015\\\/author\\\/admin\\\/\"}]}<\/script>\n<!-- \/ Yoast SEO plugin. -->","yoast_head_json":{"title":"Pacienti Kryeminist\u00ebr - FjALA e LIR\u00cb - Arkivi","robots":{"index":"index","follow":"follow","max-snippet":"max-snippet:-1","max-image-preview":"max-image-preview:large","max-video-preview":"max-video-preview:-1"},"canonical":"https:\/\/fjala.info\/2009-2015\/pacienti-kryeminister\/","og_locale":"sq_AL","og_type":"article","og_title":"Pacienti Kryeminist\u00ebr - FjALA e LIR\u00cb - Arkivi","og_description":"NASER ALIU, 29.01.2011 Le t&#8217;i ofrohet pozita e presidentit t\u00eb shtetit deri n\u00eb vdekje, n\u00ebse e d\u00ebshiron edhe dy dekada pas vdekjes, natyrisht si i balsamosur. Aty do t\u00eb ket\u00eb m\u00eb pak pushtet p\u00ebr ta d\u00ebmtuar shtetin dhe ekonomin\u00eb komb\u00ebtare, respektivisht popullin. Le t&#8217;i ofrohet paga e dyfisht\u00eb, nj\u00eb rrog\u00eb e dyfisht\u00eb d\u00ebmton shum\u00eb m\u00eb [&hellip;]","og_url":"https:\/\/fjala.info\/2009-2015\/pacienti-kryeminister\/","og_site_name":"FjALA e LIR\u00cb - Arkivi","article_published_time":"2011-01-30T06:02:55+00:00","og_image":[{"url":"http:\/\/fjala.shkoder.net\/wp-content\/uploads\/2010\/10\/naser_aliu.jpg","type":"","width":"","height":""}],"author":"admin","twitter_card":"summary_large_image","twitter_misc":{"Written by":"admin","Est. reading time":"7 minutes"},"schema":{"@context":"https:\/\/schema.org","@graph":[{"@type":"Article","@id":"https:\/\/fjala.info\/2009-2015\/pacienti-kryeminister\/#article","isPartOf":{"@id":"https:\/\/fjala.info\/2009-2015\/pacienti-kryeminister\/"},"author":{"name":"admin","@id":"https:\/\/fjala.info\/2009-2015\/#\/schema\/person\/3aa1163ef05469c496fc94e77611ada2"},"headline":"Pacienti Kryeminist\u00ebr","datePublished":"2011-01-30T06:02:55+00:00","mainEntityOfPage":{"@id":"https:\/\/fjala.info\/2009-2015\/pacienti-kryeminister\/"},"wordCount":1414,"commentCount":0,"publisher":{"@id":"https:\/\/fjala.info\/2009-2015\/#organization"},"image":{"@id":"https:\/\/fjala.info\/2009-2015\/pacienti-kryeminister\/#primaryimage"},"thumbnailUrl":"http:\/\/fjala.shkoder.net\/wp-content\/uploads\/2010\/10\/naser_aliu.jpg","articleSection":["Artikuj"],"inLanguage":"sq-AL","potentialAction":[{"@type":"CommentAction","name":"Comment","target":["https:\/\/fjala.info\/2009-2015\/pacienti-kryeminister\/#respond"]}]},{"@type":"WebPage","@id":"https:\/\/fjala.info\/2009-2015\/pacienti-kryeminister\/","url":"https:\/\/fjala.info\/2009-2015\/pacienti-kryeminister\/","name":"Pacienti Kryeminist\u00ebr - FjALA e LIR\u00cb - Arkivi","isPartOf":{"@id":"https:\/\/fjala.info\/2009-2015\/#website"},"primaryImageOfPage":{"@id":"https:\/\/fjala.info\/2009-2015\/pacienti-kryeminister\/#primaryimage"},"image":{"@id":"https:\/\/fjala.info\/2009-2015\/pacienti-kryeminister\/#primaryimage"},"thumbnailUrl":"http:\/\/fjala.shkoder.net\/wp-content\/uploads\/2010\/10\/naser_aliu.jpg","datePublished":"2011-01-30T06:02:55+00:00","breadcrumb":{"@id":"https:\/\/fjala.info\/2009-2015\/pacienti-kryeminister\/#breadcrumb"},"inLanguage":"sq-AL","potentialAction":[{"@type":"ReadAction","target":["https:\/\/fjala.info\/2009-2015\/pacienti-kryeminister\/"]}]},{"@type":"ImageObject","inLanguage":"sq-AL","@id":"https:\/\/fjala.info\/2009-2015\/pacienti-kryeminister\/#primaryimage","url":"http:\/\/fjala.shkoder.net\/wp-content\/uploads\/2010\/10\/naser_aliu.jpg","contentUrl":"http:\/\/fjala.shkoder.net\/wp-content\/uploads\/2010\/10\/naser_aliu.jpg"},{"@type":"BreadcrumbList","@id":"https:\/\/fjala.info\/2009-2015\/pacienti-kryeminister\/#breadcrumb","itemListElement":[{"@type":"ListItem","position":1,"name":"Home","item":"https:\/\/fjala.info\/2009-2015\/"},{"@type":"ListItem","position":2,"name":"Pacienti Kryeminist\u00ebr"}]},{"@type":"WebSite","@id":"https:\/\/fjala.info\/2009-2015\/#website","url":"https:\/\/fjala.info\/2009-2015\/","name":"FjALA e LIR\u00cb - Arkivi","description":"Arkivi 2009-2015","publisher":{"@id":"https:\/\/fjala.info\/2009-2015\/#organization"},"potentialAction":[{"@type":"SearchAction","target":{"@type":"EntryPoint","urlTemplate":"https:\/\/fjala.info\/2009-2015\/?s={search_term_string}"},"query-input":{"@type":"PropertyValueSpecification","valueRequired":true,"valueName":"search_term_string"}}],"inLanguage":"sq-AL"},{"@type":"Organization","@id":"https:\/\/fjala.info\/2009-2015\/#organization","name":"FjALA e LIR\u00cb - Arkivi","url":"https:\/\/fjala.info\/2009-2015\/","logo":{"@type":"ImageObject","inLanguage":"sq-AL","@id":"https:\/\/fjala.info\/2009-2015\/#\/schema\/logo\/image\/","url":"","contentUrl":"","caption":"FjALA e LIR\u00cb - Arkivi"},"image":{"@id":"https:\/\/fjala.info\/2009-2015\/#\/schema\/logo\/image\/"}},{"@type":"Person","@id":"https:\/\/fjala.info\/2009-2015\/#\/schema\/person\/3aa1163ef05469c496fc94e77611ada2","name":"admin","image":{"@type":"ImageObject","inLanguage":"sq-AL","@id":"https:\/\/fjala.info\/2009-2015\/wp-content\/uploads\/2012\/02\/arben_cokaj-120x150.jpg","url":"https:\/\/fjala.info\/2009-2015\/wp-content\/uploads\/2012\/02\/arben_cokaj-120x150.jpg","contentUrl":"https:\/\/fjala.info\/2009-2015\/wp-content\/uploads\/2012\/02\/arben_cokaj-120x150.jpg","caption":"admin"},"description":"Admin, Fjala e Lir\u00eb","sameAs":["https:\/\/fjala.info\/"],"url":"https:\/\/fjala.info\/2009-2015\/author\/admin\/"}]}},"_links":{"self":[{"href":"https:\/\/fjala.info\/2009-2015\/wp-json\/wp\/v2\/posts\/6024","targetHints":{"allow":["GET"]}}],"collection":[{"href":"https:\/\/fjala.info\/2009-2015\/wp-json\/wp\/v2\/posts"}],"about":[{"href":"https:\/\/fjala.info\/2009-2015\/wp-json\/wp\/v2\/types\/post"}],"author":[{"embeddable":true,"href":"https:\/\/fjala.info\/2009-2015\/wp-json\/wp\/v2\/users\/1"}],"replies":[{"embeddable":true,"href":"https:\/\/fjala.info\/2009-2015\/wp-json\/wp\/v2\/comments?post=6024"}],"version-history":[{"count":0,"href":"https:\/\/fjala.info\/2009-2015\/wp-json\/wp\/v2\/posts\/6024\/revisions"}],"wp:attachment":[{"href":"https:\/\/fjala.info\/2009-2015\/wp-json\/wp\/v2\/media?parent=6024"}],"wp:term":[{"taxonomy":"category","embeddable":true,"href":"https:\/\/fjala.info\/2009-2015\/wp-json\/wp\/v2\/categories?post=6024"},{"taxonomy":"post_tag","embeddable":true,"href":"https:\/\/fjala.info\/2009-2015\/wp-json\/wp\/v2\/tags?post=6024"}],"curies":[{"name":"wp","href":"https:\/\/api.w.org\/{rel}","templated":true}]}}