{"id":6020,"date":"2011-01-30T06:41:27","date_gmt":"2011-01-30T05:41:27","guid":{"rendered":"http:\/\/fjala.shkoder.net\/?p=6020"},"modified":"2011-01-30T06:41:27","modified_gmt":"2011-01-30T05:41:27","slug":"ana-pret-drejtesi","status":"publish","type":"post","link":"https:\/\/fjala.info\/2009-2015\/ana-pret-drejtesi\/","title":{"rendered":"ANA PRET DREJTESI"},"content":{"rendered":"<p><img loading=\"lazy\" decoding=\"async\" class=\"alignright size-medium wp-image-6021\" title=\"Ana\" src=\"http:\/\/fjala.shkoder.net\/wp-content\/uploads\/2011\/01\/ana-300x178.jpg\" alt=\"\" width=\"300\" height=\"178\" \/><br \/>\n<strong>Redaksionale<\/strong>, <em>29.01.2011<\/em><\/p>\n<p><em>Lot\u00ebt e An\u00ebs&#8230;<\/em><\/p>\n<p>Doli p\u00ebrs\u00ebri dje. Pak para se t\u00eb fillonte nj\u00eb nga tubimet paq\u00ebsore m\u00eb t\u00eb friksh\u00ebm q\u00eb kemi par\u00eb n\u00eb Tiran\u00eb, p\u00ebr nga p\u00ebrmasat dhe solemniteti, Berisha u shfaq para gazetar\u00ebve n\u00eb p\u00ebrpjekjen e tij t\u00eb fundit p\u00ebr ta ndalur lumin e njer\u00ebzve. Kishte dy dit\u00eb q\u00eb paralajm\u00ebronte, d\u00ebnonte me vdekje, t\u00ebrhiqte policin\u00eb nga detyrat e saj funksionale, keqp\u00ebrdorte deklaratat e ambasador\u00ebve t\u00eb per\u00ebndimit dhe veprimet e tyre rutin\u00eb p\u00ebr sigurin\u00eb, shpikte kampe st\u00ebrvitore p\u00ebr kriminel\u00eb, qeveri n\u00eb hije dhe pu\u00e7ist\u00eb t\u00eb rinj, derisa gjeti q\u00eb armiku kryesor \u00ebsht\u00eb Presidenti.<\/p>\n<p>I duhej doemos t\u00eb mos e shihte at\u00eb pamje nga dritarja e zyr\u00ebs s\u00eb tij. Nuk di n\u00ebse e ngriti tin\u00ebz gril\u00ebn e blinduar apo jo, por askush nuk e kishte mendjen tek ai. Tri memorialet e ngritura si kodra me lule t\u00eb tre qytetar\u00ebve t\u00eb ekzekutuar me urdh\u00ebr t\u00eb tij, u b\u00ebn\u00eb vend pelegrinazhi p\u00ebr dhjet\u00ebra- mij\u00ebra qytetar\u00eb t\u00eb Tiran\u00ebs dhe gjith\u00eb Shqip\u00ebris\u00eb. Nuk e ndali dot edhe pse konsumoi gjith\u00e7ka.<\/p>\n<p>Nga e premtja n\u00eb t\u00eb premte, opozita po kujton 3 t\u00eb vrar\u00eb nga kryeministri para zyr\u00ebs s\u00eb tij, kurse kryeministri ka ekzekutuar praktikisht nj\u00eb s\u00ebr\u00eb institucionesh t\u00eb r\u00ebnd\u00ebsishme t\u00eb shtetit duke e d\u00ebrrmuar at\u00eb. Nga e premtja n\u00eb t\u00eb premte, ai ka ekzekutuar kryeprokuroren e P\u00ebrgjithshme, duke e etiketuar ndrikull, lavire bulevardi, pu\u00e7iste, g\u00ebnjeshtare, t\u00eb pafytyr\u00eb. Ka ekzekutuar Sh\u00ebrbimin Informativ Shtet\u00ebror, t\u00eb cilin e ka konsideruar pjes\u00eb t\u00eb pu\u00e7it. Ka d\u00ebnuar me vdekje liderin e opozit\u00ebs.<\/p>\n<p>Ka shkat\u00ebrruar dimensionin m\u00eb delikat t\u00eb ushtris\u00eb shqiptar\u00eb- pjes\u00eb e NATO-s, depolitizimin, duke u b\u00ebr\u00eb thirrje gjeneral\u00ebve t\u00eb saj t\u00eb mbrojn\u00eb pushtetin e tij. N\u00eb fund ka sulmuar dhe presidentin, duke e akuzuar si pjes\u00eb e skem\u00ebs q\u00eb k\u00ebrkon t\u00eb rr\u00ebzoj\u00eb at\u00eb nga pushteti. Pra, p\u00ebr \u00e7do dit\u00eb nga e premtja e shkuar, ky njeri e ka q\u00eblluar p\u00ebrdit\u00eb me grushta shtetin ku qeveris\u00eb, duke nxjerr\u00eb jasht\u00eb loje gjith\u00eb institucionet e tij. E gjith\u00eb kjo ka ndodhur shpejt, si nj\u00eb film me xhiro t\u00eb shpejta, brenda jav\u00ebs s\u00eb zis\u00eb. Arsyeja \u00ebsht\u00eb e qart\u00eb.<\/p>\n<p>Sali Berisha n\u00eb \u00e7do shtet normal, ku veprojn\u00eb minimumet e standardit t\u00eb drejt\u00ebsis\u00eb do t\u00eb duhet t\u00eb jet\u00eb i ndaluari kryesor i akuz\u00ebs p\u00ebr tre t\u00eb vrar\u00ebt. Ka pranuar se ka qen\u00eb n\u00eb zyr\u00eb t\u00eb tij, ka tentuar t\u00eb krijoj\u00eb nj\u00eb alibi p\u00ebr vrasjet, dhe po tenton t\u00eb shes\u00eb si informacione gjith\u00eb halucinacionet e tij q\u00eb burojn\u00eb nga paranoja se po i marrin pushtetin. N\u00eb rrethana t\u00eb tilla ky njeri kthehet n\u00eb nj\u00eb rrezik komb\u00ebtar, pasi \u00ebsht\u00eb i paparashikuesh\u00ebm n\u00eb loj\u00ebrat e tij t\u00eb \u00e7mendura me integritetin e shtetit shqiptar.<\/p>\n<p>N\u00ebse dje do t\u00eb ishim t\u00eb ulur n\u00eb nj\u00eb zyr\u00eb ku do t\u00eb ishin dhe ambasador\u00ebt e Per\u00ebndimit, p\u00ebrfshi at\u00eb amerikan dhe ata t\u00eb vendeve kryesore per\u00ebndimore dhe do t\u00eb d\u00ebgjonin p\u00ebrkthyeset e tyre tu p\u00ebrkthente fjalimin e kryeministrit, me siguri secili prej tyre me vete do t\u00eb mendonte si t\u00eb gjendej nj\u00eb m\u00ebnyr\u00eb q\u00eb k\u00ebtij njeriu t&#8217;i hiqej nga duart me takt pushteti, kjo bomb\u00eb, e cila kur gjendet n\u00eb duart e nj\u00eb t\u00eb \u00e7menduri mund t\u00eb b\u00ebj hatan\u00eb. Gazetar\u00ebt e medies per\u00ebndimore, q\u00eb e kishin d\u00ebgjuar dje, e kishin kthyer menj\u00ebher\u00eb n\u00eb objekt barsoletash dhe nuk i shk\u00ebpusnin dot asnj\u00eb fjali p\u00ebr t&#8217;ia cituar. Dhe nuk kishin faj. \u00c7far\u00eb t&#8217;i citonin seriozisht?<\/p>\n<p>Ti citonin q\u00eb opozita ka kampe st\u00ebrvitore, q\u00eb ka b\u00ebr\u00eb qeveri hije p\u00ebr pu\u00e7in, q\u00eb ka plan A dhe B t\u00eb d\u00ebshtuar, dhe nj\u00eb C t\u00eb pazbatuar, q\u00eb Presidenti \u00ebsht\u00eb n\u00eb krye t\u00eb komplotit kund\u00ebr tij, q\u00eb Edi Ram\u00ebn do ta ekzekutoj\u00eb po i shkoi m\u00eb para zyr\u00ebs s\u00eb vet? T\u00eb gjitha k\u00ebto e kalojn\u00eb kufirin e t\u00eb marrit seriozisht si &#8220;burr\u00eb shteti&#8221;. K\u00ebto vet\u00ebm sa bindin secilin q\u00eb e d\u00ebgjon, q\u00eb ndaj tij duhet v\u00ebrtet nj\u00eb plan p\u00ebr t&#8217;ia hequr nga duart k\u00ebt\u00eb lod\u00ebr t\u00eb rrezikshme q\u00eb po p\u00ebrdor kund\u00ebr fatit t\u00eb Shqip\u00ebris\u00eb. Dhe e gjith\u00eb kjo p\u00ebr nj\u00eb arsye shum\u00eb personale. \u00c7do drejt\u00ebsi e lir\u00eb dhe e pavarur n\u00eb k\u00ebt\u00eb vend do t\u00eb \u00e7oj\u00eb n\u00eb burg Sali Berish\u00ebn dhe Lul\u00ebzim Bash\u00ebn p\u00ebr tri vrasjet.<\/p>\n<p>E di q\u00eb shum\u00eb njer\u00ebz l\u00ebshojn\u00eb nj\u00eb ofsham\u00eb pesimizmi kur d\u00ebgjojn\u00eb k\u00ebto fjal\u00eb, por Sali Berisha duhet t\u00eb kuptoj\u00eb q\u00eb vrasjet politike nuk parashkruhen. Ato nuk kan\u00eb afat hetimi apo d\u00ebnimi. Ato nuk mund t\u00eb mbyllen me procedur\u00eb apo imunitet. Ato do t\u00eb hetohen dhe do t\u00eb d\u00ebnohen nj\u00eb dit\u00eb. Nuk them dot q\u00eb e b\u00ebn Ina Rama, edhe pse nuk e mohoj k\u00ebt\u00eb, por di t\u00eb them q\u00eb Shqip\u00ebria do t\u00eb ket\u00eb nj\u00eb kryeprokuror q\u00eb do ta d\u00ebnoj\u00eb k\u00ebt\u00eb krim. N\u00eb mos sot dhe mot, pas 5 vjet\u00ebsh apo di\u00e7ka m\u00eb von\u00eb. Sali Berisha \u00ebsht\u00eb i kapur n\u00eb krim dhe po p\u00ebrpiqet t\u00eb shkat\u00ebrroj\u00eb shtetin p\u00ebr t&#8217;i shp\u00ebtuar p\u00ebrgjegj\u00ebsis\u00eb s\u00eb krimit.<\/p>\n<p>Po b\u00ebn her\u00eb si i \u00e7mendur e her\u00eb si budalla, her\u00eb si &#8220;burr\u00eb shteti&#8221; e her\u00eb si halabak, her\u00eb si pu\u00e7ist e her\u00eb si viktim\u00eb, vet\u00ebm e vet\u00ebm q\u00eb t&#8217;i shp\u00ebtoj\u00eb k\u00ebtij gjykimi. Por d\u00ebnimi i tij \u00ebsht\u00eb vulosur. F\u00ebmij\u00ebt e viktimave dje ishin n\u00eb bulevard dhe puth\u00ebn p\u00ebr her\u00eb t\u00eb fundit para mij\u00ebra qytetar\u00ebve fotografit\u00eb e prind\u00ebrve t\u00eb tyre. I puth\u00ebn dhe hodh\u00ebn syt\u00eb e p\u00ebrlotur nga dritarja prej ku fshihet vras\u00ebsi i tyre. Askush t\u00eb mos mendoj\u00eb se mund t\u00eb fitoj\u00eb betej\u00ebn me zem\u00ebrimin e tyre. Nuk b\u00ebhet m\u00eb fjal\u00eb p\u00ebr ikjen e Berish\u00ebs nga pushteti, apo shkarkimin e Lul\u00ebzim Bash\u00ebs. B\u00ebhet fjal\u00eb p\u00ebr d\u00ebnimin e tyre.<\/p>\n","protected":false},"excerpt":{"rendered":"<p>Redaksionale, 29.01.2011 Lot\u00ebt e An\u00ebs&#8230; Doli p\u00ebrs\u00ebri dje. Pak para se t\u00eb fillonte nj\u00eb nga tubimet paq\u00ebsore m\u00eb t\u00eb friksh\u00ebm q\u00eb kemi par\u00eb n\u00eb Tiran\u00eb, p\u00ebr nga p\u00ebrmasat dhe solemniteti, Berisha u shfaq para gazetar\u00ebve n\u00eb p\u00ebrpjekjen e tij t\u00eb fundit p\u00ebr ta ndalur lumin e njer\u00ebzve. Kishte dy dit\u00eb q\u00eb paralajm\u00ebronte, d\u00ebnonte me vdekje, [&hellip;]<\/p>\n","protected":false},"author":1,"featured_media":0,"comment_status":"open","ping_status":"closed","sticky":false,"template":"","format":"standard","meta":{"footnotes":""},"categories":[2],"tags":[],"class_list":{"0":"post-6020","1":"post","2":"type-post","3":"status-publish","4":"format-standard","6":"category-artikuj"},"yoast_head":"<!-- This site is optimized with the Yoast SEO plugin v27.4 - https:\/\/yoast.com\/product\/yoast-seo-wordpress\/ -->\n<title>ANA PRET DREJTESI - FjALA e LIR\u00cb - Arkivi<\/title>\n<meta name=\"robots\" content=\"index, follow, max-snippet:-1, max-image-preview:large, max-video-preview:-1\" \/>\n<link rel=\"canonical\" href=\"https:\/\/fjala.info\/2009-2015\/ana-pret-drejtesi\/\" \/>\n<meta property=\"og:locale\" content=\"sq_AL\" \/>\n<meta property=\"og:type\" content=\"article\" \/>\n<meta property=\"og:title\" content=\"ANA PRET DREJTESI - FjALA e LIR\u00cb - Arkivi\" \/>\n<meta property=\"og:description\" content=\"Redaksionale, 29.01.2011 Lot\u00ebt e An\u00ebs&#8230; Doli p\u00ebrs\u00ebri dje. Pak para se t\u00eb fillonte nj\u00eb nga tubimet paq\u00ebsore m\u00eb t\u00eb friksh\u00ebm q\u00eb kemi par\u00eb n\u00eb Tiran\u00eb, p\u00ebr nga p\u00ebrmasat dhe solemniteti, Berisha u shfaq para gazetar\u00ebve n\u00eb p\u00ebrpjekjen e tij t\u00eb fundit p\u00ebr ta ndalur lumin e njer\u00ebzve. Kishte dy dit\u00eb q\u00eb paralajm\u00ebronte, d\u00ebnonte me vdekje, [&hellip;]\" \/>\n<meta property=\"og:url\" content=\"https:\/\/fjala.info\/2009-2015\/ana-pret-drejtesi\/\" \/>\n<meta property=\"og:site_name\" content=\"FjALA e LIR\u00cb - Arkivi\" \/>\n<meta property=\"article:published_time\" content=\"2011-01-30T05:41:27+00:00\" \/>\n<meta property=\"og:image\" content=\"http:\/\/fjala.shkoder.net\/wp-content\/uploads\/2011\/01\/ana-300x178.jpg\" \/>\n<meta name=\"author\" content=\"admin\" \/>\n<meta name=\"twitter:card\" content=\"summary_large_image\" \/>\n<meta name=\"twitter:label1\" content=\"Written by\" \/>\n\t<meta name=\"twitter:data1\" content=\"admin\" \/>\n\t<meta name=\"twitter:label2\" content=\"Est. reading time\" \/>\n\t<meta name=\"twitter:data2\" content=\"5 minutes\" \/>\n<script type=\"application\/ld+json\" class=\"yoast-schema-graph\">{\"@context\":\"https:\\\/\\\/schema.org\",\"@graph\":[{\"@type\":\"Article\",\"@id\":\"https:\\\/\\\/fjala.info\\\/2009-2015\\\/ana-pret-drejtesi\\\/#article\",\"isPartOf\":{\"@id\":\"https:\\\/\\\/fjala.info\\\/2009-2015\\\/ana-pret-drejtesi\\\/\"},\"author\":{\"name\":\"admin\",\"@id\":\"https:\\\/\\\/fjala.info\\\/2009-2015\\\/#\\\/schema\\\/person\\\/3aa1163ef05469c496fc94e77611ada2\"},\"headline\":\"ANA PRET DREJTESI\",\"datePublished\":\"2011-01-30T05:41:27+00:00\",\"mainEntityOfPage\":{\"@id\":\"https:\\\/\\\/fjala.info\\\/2009-2015\\\/ana-pret-drejtesi\\\/\"},\"wordCount\":1049,\"commentCount\":0,\"publisher\":{\"@id\":\"https:\\\/\\\/fjala.info\\\/2009-2015\\\/#organization\"},\"image\":{\"@id\":\"https:\\\/\\\/fjala.info\\\/2009-2015\\\/ana-pret-drejtesi\\\/#primaryimage\"},\"thumbnailUrl\":\"http:\\\/\\\/fjala.shkoder.net\\\/wp-content\\\/uploads\\\/2011\\\/01\\\/ana-300x178.jpg\",\"articleSection\":[\"Artikuj\"],\"inLanguage\":\"sq-AL\",\"potentialAction\":[{\"@type\":\"CommentAction\",\"name\":\"Comment\",\"target\":[\"https:\\\/\\\/fjala.info\\\/2009-2015\\\/ana-pret-drejtesi\\\/#respond\"]}]},{\"@type\":\"WebPage\",\"@id\":\"https:\\\/\\\/fjala.info\\\/2009-2015\\\/ana-pret-drejtesi\\\/\",\"url\":\"https:\\\/\\\/fjala.info\\\/2009-2015\\\/ana-pret-drejtesi\\\/\",\"name\":\"ANA PRET DREJTESI - FjALA e LIR\u00cb - Arkivi\",\"isPartOf\":{\"@id\":\"https:\\\/\\\/fjala.info\\\/2009-2015\\\/#website\"},\"primaryImageOfPage\":{\"@id\":\"https:\\\/\\\/fjala.info\\\/2009-2015\\\/ana-pret-drejtesi\\\/#primaryimage\"},\"image\":{\"@id\":\"https:\\\/\\\/fjala.info\\\/2009-2015\\\/ana-pret-drejtesi\\\/#primaryimage\"},\"thumbnailUrl\":\"http:\\\/\\\/fjala.shkoder.net\\\/wp-content\\\/uploads\\\/2011\\\/01\\\/ana-300x178.jpg\",\"datePublished\":\"2011-01-30T05:41:27+00:00\",\"breadcrumb\":{\"@id\":\"https:\\\/\\\/fjala.info\\\/2009-2015\\\/ana-pret-drejtesi\\\/#breadcrumb\"},\"inLanguage\":\"sq-AL\",\"potentialAction\":[{\"@type\":\"ReadAction\",\"target\":[\"https:\\\/\\\/fjala.info\\\/2009-2015\\\/ana-pret-drejtesi\\\/\"]}]},{\"@type\":\"ImageObject\",\"inLanguage\":\"sq-AL\",\"@id\":\"https:\\\/\\\/fjala.info\\\/2009-2015\\\/ana-pret-drejtesi\\\/#primaryimage\",\"url\":\"http:\\\/\\\/fjala.shkoder.net\\\/wp-content\\\/uploads\\\/2011\\\/01\\\/ana-300x178.jpg\",\"contentUrl\":\"http:\\\/\\\/fjala.shkoder.net\\\/wp-content\\\/uploads\\\/2011\\\/01\\\/ana-300x178.jpg\"},{\"@type\":\"BreadcrumbList\",\"@id\":\"https:\\\/\\\/fjala.info\\\/2009-2015\\\/ana-pret-drejtesi\\\/#breadcrumb\",\"itemListElement\":[{\"@type\":\"ListItem\",\"position\":1,\"name\":\"Home\",\"item\":\"https:\\\/\\\/fjala.info\\\/2009-2015\\\/\"},{\"@type\":\"ListItem\",\"position\":2,\"name\":\"ANA PRET DREJTESI\"}]},{\"@type\":\"WebSite\",\"@id\":\"https:\\\/\\\/fjala.info\\\/2009-2015\\\/#website\",\"url\":\"https:\\\/\\\/fjala.info\\\/2009-2015\\\/\",\"name\":\"FjALA e LIR\u00cb - Arkivi\",\"description\":\"Arkivi 2009-2015\",\"publisher\":{\"@id\":\"https:\\\/\\\/fjala.info\\\/2009-2015\\\/#organization\"},\"potentialAction\":[{\"@type\":\"SearchAction\",\"target\":{\"@type\":\"EntryPoint\",\"urlTemplate\":\"https:\\\/\\\/fjala.info\\\/2009-2015\\\/?s={search_term_string}\"},\"query-input\":{\"@type\":\"PropertyValueSpecification\",\"valueRequired\":true,\"valueName\":\"search_term_string\"}}],\"inLanguage\":\"sq-AL\"},{\"@type\":\"Organization\",\"@id\":\"https:\\\/\\\/fjala.info\\\/2009-2015\\\/#organization\",\"name\":\"FjALA e LIR\u00cb - Arkivi\",\"url\":\"https:\\\/\\\/fjala.info\\\/2009-2015\\\/\",\"logo\":{\"@type\":\"ImageObject\",\"inLanguage\":\"sq-AL\",\"@id\":\"https:\\\/\\\/fjala.info\\\/2009-2015\\\/#\\\/schema\\\/logo\\\/image\\\/\",\"url\":\"\",\"contentUrl\":\"\",\"caption\":\"FjALA e LIR\u00cb - Arkivi\"},\"image\":{\"@id\":\"https:\\\/\\\/fjala.info\\\/2009-2015\\\/#\\\/schema\\\/logo\\\/image\\\/\"}},{\"@type\":\"Person\",\"@id\":\"https:\\\/\\\/fjala.info\\\/2009-2015\\\/#\\\/schema\\\/person\\\/3aa1163ef05469c496fc94e77611ada2\",\"name\":\"admin\",\"image\":{\"@type\":\"ImageObject\",\"inLanguage\":\"sq-AL\",\"@id\":\"https:\\\/\\\/fjala.info\\\/2009-2015\\\/wp-content\\\/uploads\\\/2012\\\/02\\\/arben_cokaj-120x150.jpg\",\"url\":\"https:\\\/\\\/fjala.info\\\/2009-2015\\\/wp-content\\\/uploads\\\/2012\\\/02\\\/arben_cokaj-120x150.jpg\",\"contentUrl\":\"https:\\\/\\\/fjala.info\\\/2009-2015\\\/wp-content\\\/uploads\\\/2012\\\/02\\\/arben_cokaj-120x150.jpg\",\"caption\":\"admin\"},\"description\":\"Admin, Fjala e Lir\u00eb\",\"sameAs\":[\"https:\\\/\\\/fjala.info\\\/\"],\"url\":\"https:\\\/\\\/fjala.info\\\/2009-2015\\\/author\\\/admin\\\/\"}]}<\/script>\n<!-- \/ Yoast SEO plugin. -->","yoast_head_json":{"title":"ANA PRET DREJTESI - FjALA e LIR\u00cb - Arkivi","robots":{"index":"index","follow":"follow","max-snippet":"max-snippet:-1","max-image-preview":"max-image-preview:large","max-video-preview":"max-video-preview:-1"},"canonical":"https:\/\/fjala.info\/2009-2015\/ana-pret-drejtesi\/","og_locale":"sq_AL","og_type":"article","og_title":"ANA PRET DREJTESI - FjALA e LIR\u00cb - Arkivi","og_description":"Redaksionale, 29.01.2011 Lot\u00ebt e An\u00ebs&#8230; Doli p\u00ebrs\u00ebri dje. Pak para se t\u00eb fillonte nj\u00eb nga tubimet paq\u00ebsore m\u00eb t\u00eb friksh\u00ebm q\u00eb kemi par\u00eb n\u00eb Tiran\u00eb, p\u00ebr nga p\u00ebrmasat dhe solemniteti, Berisha u shfaq para gazetar\u00ebve n\u00eb p\u00ebrpjekjen e tij t\u00eb fundit p\u00ebr ta ndalur lumin e njer\u00ebzve. Kishte dy dit\u00eb q\u00eb paralajm\u00ebronte, d\u00ebnonte me vdekje, [&hellip;]","og_url":"https:\/\/fjala.info\/2009-2015\/ana-pret-drejtesi\/","og_site_name":"FjALA e LIR\u00cb - Arkivi","article_published_time":"2011-01-30T05:41:27+00:00","og_image":[{"url":"http:\/\/fjala.shkoder.net\/wp-content\/uploads\/2011\/01\/ana-300x178.jpg","type":"","width":"","height":""}],"author":"admin","twitter_card":"summary_large_image","twitter_misc":{"Written by":"admin","Est. reading time":"5 minutes"},"schema":{"@context":"https:\/\/schema.org","@graph":[{"@type":"Article","@id":"https:\/\/fjala.info\/2009-2015\/ana-pret-drejtesi\/#article","isPartOf":{"@id":"https:\/\/fjala.info\/2009-2015\/ana-pret-drejtesi\/"},"author":{"name":"admin","@id":"https:\/\/fjala.info\/2009-2015\/#\/schema\/person\/3aa1163ef05469c496fc94e77611ada2"},"headline":"ANA PRET DREJTESI","datePublished":"2011-01-30T05:41:27+00:00","mainEntityOfPage":{"@id":"https:\/\/fjala.info\/2009-2015\/ana-pret-drejtesi\/"},"wordCount":1049,"commentCount":0,"publisher":{"@id":"https:\/\/fjala.info\/2009-2015\/#organization"},"image":{"@id":"https:\/\/fjala.info\/2009-2015\/ana-pret-drejtesi\/#primaryimage"},"thumbnailUrl":"http:\/\/fjala.shkoder.net\/wp-content\/uploads\/2011\/01\/ana-300x178.jpg","articleSection":["Artikuj"],"inLanguage":"sq-AL","potentialAction":[{"@type":"CommentAction","name":"Comment","target":["https:\/\/fjala.info\/2009-2015\/ana-pret-drejtesi\/#respond"]}]},{"@type":"WebPage","@id":"https:\/\/fjala.info\/2009-2015\/ana-pret-drejtesi\/","url":"https:\/\/fjala.info\/2009-2015\/ana-pret-drejtesi\/","name":"ANA PRET DREJTESI - FjALA e LIR\u00cb - Arkivi","isPartOf":{"@id":"https:\/\/fjala.info\/2009-2015\/#website"},"primaryImageOfPage":{"@id":"https:\/\/fjala.info\/2009-2015\/ana-pret-drejtesi\/#primaryimage"},"image":{"@id":"https:\/\/fjala.info\/2009-2015\/ana-pret-drejtesi\/#primaryimage"},"thumbnailUrl":"http:\/\/fjala.shkoder.net\/wp-content\/uploads\/2011\/01\/ana-300x178.jpg","datePublished":"2011-01-30T05:41:27+00:00","breadcrumb":{"@id":"https:\/\/fjala.info\/2009-2015\/ana-pret-drejtesi\/#breadcrumb"},"inLanguage":"sq-AL","potentialAction":[{"@type":"ReadAction","target":["https:\/\/fjala.info\/2009-2015\/ana-pret-drejtesi\/"]}]},{"@type":"ImageObject","inLanguage":"sq-AL","@id":"https:\/\/fjala.info\/2009-2015\/ana-pret-drejtesi\/#primaryimage","url":"http:\/\/fjala.shkoder.net\/wp-content\/uploads\/2011\/01\/ana-300x178.jpg","contentUrl":"http:\/\/fjala.shkoder.net\/wp-content\/uploads\/2011\/01\/ana-300x178.jpg"},{"@type":"BreadcrumbList","@id":"https:\/\/fjala.info\/2009-2015\/ana-pret-drejtesi\/#breadcrumb","itemListElement":[{"@type":"ListItem","position":1,"name":"Home","item":"https:\/\/fjala.info\/2009-2015\/"},{"@type":"ListItem","position":2,"name":"ANA PRET DREJTESI"}]},{"@type":"WebSite","@id":"https:\/\/fjala.info\/2009-2015\/#website","url":"https:\/\/fjala.info\/2009-2015\/","name":"FjALA e LIR\u00cb - Arkivi","description":"Arkivi 2009-2015","publisher":{"@id":"https:\/\/fjala.info\/2009-2015\/#organization"},"potentialAction":[{"@type":"SearchAction","target":{"@type":"EntryPoint","urlTemplate":"https:\/\/fjala.info\/2009-2015\/?s={search_term_string}"},"query-input":{"@type":"PropertyValueSpecification","valueRequired":true,"valueName":"search_term_string"}}],"inLanguage":"sq-AL"},{"@type":"Organization","@id":"https:\/\/fjala.info\/2009-2015\/#organization","name":"FjALA e LIR\u00cb - Arkivi","url":"https:\/\/fjala.info\/2009-2015\/","logo":{"@type":"ImageObject","inLanguage":"sq-AL","@id":"https:\/\/fjala.info\/2009-2015\/#\/schema\/logo\/image\/","url":"","contentUrl":"","caption":"FjALA e LIR\u00cb - Arkivi"},"image":{"@id":"https:\/\/fjala.info\/2009-2015\/#\/schema\/logo\/image\/"}},{"@type":"Person","@id":"https:\/\/fjala.info\/2009-2015\/#\/schema\/person\/3aa1163ef05469c496fc94e77611ada2","name":"admin","image":{"@type":"ImageObject","inLanguage":"sq-AL","@id":"https:\/\/fjala.info\/2009-2015\/wp-content\/uploads\/2012\/02\/arben_cokaj-120x150.jpg","url":"https:\/\/fjala.info\/2009-2015\/wp-content\/uploads\/2012\/02\/arben_cokaj-120x150.jpg","contentUrl":"https:\/\/fjala.info\/2009-2015\/wp-content\/uploads\/2012\/02\/arben_cokaj-120x150.jpg","caption":"admin"},"description":"Admin, Fjala e Lir\u00eb","sameAs":["https:\/\/fjala.info\/"],"url":"https:\/\/fjala.info\/2009-2015\/author\/admin\/"}]}},"_links":{"self":[{"href":"https:\/\/fjala.info\/2009-2015\/wp-json\/wp\/v2\/posts\/6020","targetHints":{"allow":["GET"]}}],"collection":[{"href":"https:\/\/fjala.info\/2009-2015\/wp-json\/wp\/v2\/posts"}],"about":[{"href":"https:\/\/fjala.info\/2009-2015\/wp-json\/wp\/v2\/types\/post"}],"author":[{"embeddable":true,"href":"https:\/\/fjala.info\/2009-2015\/wp-json\/wp\/v2\/users\/1"}],"replies":[{"embeddable":true,"href":"https:\/\/fjala.info\/2009-2015\/wp-json\/wp\/v2\/comments?post=6020"}],"version-history":[{"count":0,"href":"https:\/\/fjala.info\/2009-2015\/wp-json\/wp\/v2\/posts\/6020\/revisions"}],"wp:attachment":[{"href":"https:\/\/fjala.info\/2009-2015\/wp-json\/wp\/v2\/media?parent=6020"}],"wp:term":[{"taxonomy":"category","embeddable":true,"href":"https:\/\/fjala.info\/2009-2015\/wp-json\/wp\/v2\/categories?post=6020"},{"taxonomy":"post_tag","embeddable":true,"href":"https:\/\/fjala.info\/2009-2015\/wp-json\/wp\/v2\/tags?post=6020"}],"curies":[{"name":"wp","href":"https:\/\/api.w.org\/{rel}","templated":true}]}}