{"id":6018,"date":"2011-01-30T06:33:02","date_gmt":"2011-01-30T05:33:02","guid":{"rendered":"http:\/\/fjala.shkoder.net\/?p=6018"},"modified":"2011-01-30T06:33:02","modified_gmt":"2011-01-30T05:33:02","slug":"keshille-flutures","status":"publish","type":"post","link":"https:\/\/fjala.info\/2009-2015\/keshille-flutures\/","title":{"rendered":"K\u00ebshill\u00eb Flutur\u00ebs"},"content":{"rendered":"<p><strong>Shega Ligori<\/strong><\/p>\n<p>Un\u00eb nuk e njoh nga af\u00ebr Flutura A\u00e7k\u00ebn. Di q\u00eb jemi nga nj\u00eb qytet dhe q\u00eb shkruan poezi, t\u00eb cilat nuk kam pasur rastin t\u2019i lexoj. Di gjithashtu q\u00eb emri i saj iu bashkua list\u00ebs s\u00eb disa puthadorasve t\u00eb pushtetit, q\u00eb n\u00ebnshkruan peticionin qeveritar kund\u00ebr grev\u00ebs s\u00eb uris\u00eb majin e shkuar. Pun\u00eb p\u00ebr t\u00eb. Rasti e solli ta njihja pak m\u00eb shum\u00eb, ngaq\u00eb e gjeta durimin p\u00ebr ta lexuar deri n\u00eb fund shkrimin e saj t\u00eb st\u00ebrzgjatur ku, krejt pa sens e pa arsye, k\u00ebrkonte t\u00eb dinte se ku ndodhesha un\u00eb dit\u00ebn e premte, m\u00eb 21 janar 2011 (\u201cAtdhe i tradhtuar\u201d, gazeta \u201cShqip\u201d, 27 janar 2011).<\/p>\n<p>Nuk d\u00ebshiroj t\u00eb komentoj gjer\u00ebsisht mendimet e zonj\u00ebs p\u00ebr gj\u00ebm\u00ebn q\u00eb ngjau m\u00eb 21 janar, ndon\u00ebse m\u00eb la nj\u00eb shije t\u00eb keqe p\u00ebrkimi i mendimeve t\u00eb saj me propagand\u00ebn e shfrenuar fashistoide t\u00eb pushtetit. Q\u00eb kur s\u2019i del argumenti p\u00ebr t\u2019i mbushur mendjen gjindjes se Edi Rama ia paska tradhtuar atdheun, i turret pandershm\u00ebrisht Ina Ram\u00ebs, pa e kuptuar se ngjyra e flok\u00ebve dhe prerja e kostumit t\u00eb kryeprokurores nuk ka asnj\u00eb lloj lidhjeje me detyrimet kushtetuese t\u00eb prokuroris\u00eb dhe as me hetimet q\u00eb kryejn\u00eb vart\u00ebsit e saj p\u00ebr ngjarjen.<\/p>\n<p>Idet\u00eb e zonj\u00ebs A\u00e7ka p\u00ebr politik\u00ebn, shoq\u00ebrin\u00eb dhe vlerat njer\u00ebzore nuk m\u00eb interesojn\u00eb shum\u00eb; ajo ka t\u00eb drejt\u00eb t\u00eb besoj\u00eb \u00e7far\u00eb t\u00eb d\u00ebshiroj\u00eb. Por nuk mund ta fsheh se m\u00eb duket nj\u00eb ciniz\u00ebm i pashpirt q\u00eb viktimat e pushtetit barbar t\u2019i rivras\u00eb metafora e shpifur e poetes, teksa Flutur\u00ebs nuk i dridhet dora q\u00eb gjakun e t\u00eb ndjer\u00ebve q\u00eb ran\u00eb nga plumbat e regjimit ta quaj\u00eb \u201cgjak cjep\u00ebrish\u201d.<\/p>\n<p>Dhe tani, zonj\u00eb, m\u00eb duhet t\u2019jua heq kureshtjen se ku isha un\u00eb pasditen e 21 janarit. Isha s\u00eb bashku me djalin tim student dhe me plot miq e shok\u00eb nga qyteti im i lindjes, nga qyteti juaj i lindjes, n\u00eb mes t\u00eb demonstruesve opozitar\u00eb. Isha aty, sepse besoj se ky vend, i zhytur p\u00ebrdit\u00eb e m\u00eb thell\u00eb n\u00eb varf\u00ebri nga nj\u00eb pushtet i grabitur dhe i panginjur n\u00eb vjedhje, meriton nj\u00eb t\u00eb ardhme m\u00eb t\u00eb mir\u00eb.<\/p>\n<p>Isha aty sepse mendoj dhe besoj se njer\u00ebzit e zakonsh\u00ebm t\u00eb k\u00ebtij vendi, t\u00eb cenuar n\u00eb dinjitetin e tyre nga b\u00ebmat dhe gj\u00ebmat e nj\u00eb pushteti t\u00eb pashpirt, kan\u00eb t\u00eb gjith\u00eb t\u00eb drejt\u00ebn e zotit t\u00eb protestojn\u00eb p\u00ebr nj\u00eb jet\u00eb m\u00eb t\u00eb mir\u00eb, p\u00ebr vete dhe p\u00ebr f\u00ebmij\u00ebt e tyre. Pash\u00eb me syt\u00eb e mi dhe ndjeva n\u00eb shqisat e mbi trupin tim provokimin djall\u00ebzor t\u00eb pushtetit, teksa p\u00ebrdori gazin lotsjell\u00ebs dhe pompat e ujit kund\u00ebr demonstruesve paq\u00ebsor\u00eb, me q\u00ebllimin e qart\u00eb p\u00ebr t\u00eb nxitur kund\u00ebrveprimin e tyre. Isha aty dhe e d\u00ebgjova barbarin\u00eb e zbrazjes s\u00eb plumbave mbi turm\u00ebn e demonstruesve.<\/p>\n<p>Mundet q\u00eb e keni par\u00eb edhe ju, ndon\u00ebse nuk e keni guximin qytetar e intelektual q\u00eb ta pranoni se popullin e tyre e vrasin juntat, kurrsesi qeverit\u00eb q\u00eb vijn\u00eb nga populli dhe q\u00eb punojn\u00eb p\u00ebr popullin. M\u00eb pas, pash\u00eb edhe shkelmat e shkopinjt\u00eb q\u00eb p\u00ebrdor\u00ebn falangat burracake t\u00eb pushtetit, kund\u00ebr njer\u00ebzve t\u00eb pambrojtur, pasi demonstrata ishte mbyllur tragjikisht. Sot do t\u00eb jem p\u00ebrs\u00ebri p\u00ebr t\u2019u lutur p\u00ebr shpirtin e atyre q\u00eb ik\u00ebn pa b\u00ebr\u00eb asnj\u00eb faj.<\/p>\n<p>N\u00eb fund fare, meq\u00eb m\u00eb cyte t\u00eb rr\u00ebfehem ku kam qen\u00eb at\u00eb pasdite, do t\u2019ju lutem ta d\u00ebgjonit k\u00ebshill\u00ebn e poetit:<\/p>\n<p>\u201cFlutur e vog\u00ebl, e gjor\u00eb, e nat\u00ebs,<br \/>\n&#8230;<br \/>\nKoh\u00ebn kot mos e vrit.<br \/>\nMundohu t\u00eb m\u00ebsohesh me diellin,<br \/>\n\u00cbsht\u00eb m\u2019e bukura drit\u2019.\u201d<\/p>\n","protected":false},"excerpt":{"rendered":"<p>Shega Ligori Un\u00eb nuk e njoh nga af\u00ebr Flutura A\u00e7k\u00ebn. Di q\u00eb jemi nga nj\u00eb qytet dhe q\u00eb shkruan poezi, t\u00eb cilat nuk kam pasur rastin t\u2019i lexoj. Di gjithashtu q\u00eb emri i saj iu bashkua list\u00ebs s\u00eb disa puthadorasve t\u00eb pushtetit, q\u00eb n\u00ebnshkruan peticionin qeveritar kund\u00ebr grev\u00ebs s\u00eb uris\u00eb majin e shkuar. Pun\u00eb p\u00ebr [&hellip;]<\/p>\n","protected":false},"author":1,"featured_media":0,"comment_status":"open","ping_status":"closed","sticky":false,"template":"","format":"standard","meta":{"footnotes":""},"categories":[2],"tags":[],"class_list":{"0":"post-6018","1":"post","2":"type-post","3":"status-publish","4":"format-standard","6":"category-artikuj"},"yoast_head":"<!-- This site is optimized with the Yoast SEO plugin v27.4 - https:\/\/yoast.com\/product\/yoast-seo-wordpress\/ -->\n<title>K\u00ebshill\u00eb Flutur\u00ebs - FjALA e LIR\u00cb - Arkivi<\/title>\n<meta name=\"robots\" content=\"index, follow, max-snippet:-1, max-image-preview:large, max-video-preview:-1\" \/>\n<link rel=\"canonical\" href=\"https:\/\/fjala.info\/2009-2015\/keshille-flutures\/\" \/>\n<meta property=\"og:locale\" content=\"sq_AL\" \/>\n<meta property=\"og:type\" content=\"article\" \/>\n<meta property=\"og:title\" content=\"K\u00ebshill\u00eb Flutur\u00ebs - FjALA e LIR\u00cb - Arkivi\" \/>\n<meta property=\"og:description\" content=\"Shega Ligori Un\u00eb nuk e njoh nga af\u00ebr Flutura A\u00e7k\u00ebn. Di q\u00eb jemi nga nj\u00eb qytet dhe q\u00eb shkruan poezi, t\u00eb cilat nuk kam pasur rastin t\u2019i lexoj. Di gjithashtu q\u00eb emri i saj iu bashkua list\u00ebs s\u00eb disa puthadorasve t\u00eb pushtetit, q\u00eb n\u00ebnshkruan peticionin qeveritar kund\u00ebr grev\u00ebs s\u00eb uris\u00eb majin e shkuar. Pun\u00eb p\u00ebr [&hellip;]\" \/>\n<meta property=\"og:url\" content=\"https:\/\/fjala.info\/2009-2015\/keshille-flutures\/\" \/>\n<meta property=\"og:site_name\" content=\"FjALA e LIR\u00cb - Arkivi\" \/>\n<meta property=\"article:published_time\" content=\"2011-01-30T05:33:02+00:00\" \/>\n<meta name=\"author\" content=\"admin\" \/>\n<meta name=\"twitter:card\" content=\"summary_large_image\" \/>\n<meta name=\"twitter:label1\" content=\"Written by\" \/>\n\t<meta name=\"twitter:data1\" content=\"admin\" \/>\n\t<meta name=\"twitter:label2\" content=\"Est. reading time\" \/>\n\t<meta name=\"twitter:data2\" content=\"3 minutes\" \/>\n<script type=\"application\/ld+json\" class=\"yoast-schema-graph\">{\"@context\":\"https:\\\/\\\/schema.org\",\"@graph\":[{\"@type\":\"Article\",\"@id\":\"https:\\\/\\\/fjala.info\\\/2009-2015\\\/keshille-flutures\\\/#article\",\"isPartOf\":{\"@id\":\"https:\\\/\\\/fjala.info\\\/2009-2015\\\/keshille-flutures\\\/\"},\"author\":{\"name\":\"admin\",\"@id\":\"https:\\\/\\\/fjala.info\\\/2009-2015\\\/#\\\/schema\\\/person\\\/3aa1163ef05469c496fc94e77611ada2\"},\"headline\":\"K\u00ebshill\u00eb Flutur\u00ebs\",\"datePublished\":\"2011-01-30T05:33:02+00:00\",\"mainEntityOfPage\":{\"@id\":\"https:\\\/\\\/fjala.info\\\/2009-2015\\\/keshille-flutures\\\/\"},\"wordCount\":649,\"commentCount\":0,\"publisher\":{\"@id\":\"https:\\\/\\\/fjala.info\\\/2009-2015\\\/#organization\"},\"articleSection\":[\"Artikuj\"],\"inLanguage\":\"sq-AL\",\"potentialAction\":[{\"@type\":\"CommentAction\",\"name\":\"Comment\",\"target\":[\"https:\\\/\\\/fjala.info\\\/2009-2015\\\/keshille-flutures\\\/#respond\"]}]},{\"@type\":\"WebPage\",\"@id\":\"https:\\\/\\\/fjala.info\\\/2009-2015\\\/keshille-flutures\\\/\",\"url\":\"https:\\\/\\\/fjala.info\\\/2009-2015\\\/keshille-flutures\\\/\",\"name\":\"K\u00ebshill\u00eb Flutur\u00ebs - FjALA e LIR\u00cb - Arkivi\",\"isPartOf\":{\"@id\":\"https:\\\/\\\/fjala.info\\\/2009-2015\\\/#website\"},\"datePublished\":\"2011-01-30T05:33:02+00:00\",\"breadcrumb\":{\"@id\":\"https:\\\/\\\/fjala.info\\\/2009-2015\\\/keshille-flutures\\\/#breadcrumb\"},\"inLanguage\":\"sq-AL\",\"potentialAction\":[{\"@type\":\"ReadAction\",\"target\":[\"https:\\\/\\\/fjala.info\\\/2009-2015\\\/keshille-flutures\\\/\"]}]},{\"@type\":\"BreadcrumbList\",\"@id\":\"https:\\\/\\\/fjala.info\\\/2009-2015\\\/keshille-flutures\\\/#breadcrumb\",\"itemListElement\":[{\"@type\":\"ListItem\",\"position\":1,\"name\":\"Home\",\"item\":\"https:\\\/\\\/fjala.info\\\/2009-2015\\\/\"},{\"@type\":\"ListItem\",\"position\":2,\"name\":\"K\u00ebshill\u00eb Flutur\u00ebs\"}]},{\"@type\":\"WebSite\",\"@id\":\"https:\\\/\\\/fjala.info\\\/2009-2015\\\/#website\",\"url\":\"https:\\\/\\\/fjala.info\\\/2009-2015\\\/\",\"name\":\"FjALA e LIR\u00cb - Arkivi\",\"description\":\"Arkivi 2009-2015\",\"publisher\":{\"@id\":\"https:\\\/\\\/fjala.info\\\/2009-2015\\\/#organization\"},\"potentialAction\":[{\"@type\":\"SearchAction\",\"target\":{\"@type\":\"EntryPoint\",\"urlTemplate\":\"https:\\\/\\\/fjala.info\\\/2009-2015\\\/?s={search_term_string}\"},\"query-input\":{\"@type\":\"PropertyValueSpecification\",\"valueRequired\":true,\"valueName\":\"search_term_string\"}}],\"inLanguage\":\"sq-AL\"},{\"@type\":\"Organization\",\"@id\":\"https:\\\/\\\/fjala.info\\\/2009-2015\\\/#organization\",\"name\":\"FjALA e LIR\u00cb - Arkivi\",\"url\":\"https:\\\/\\\/fjala.info\\\/2009-2015\\\/\",\"logo\":{\"@type\":\"ImageObject\",\"inLanguage\":\"sq-AL\",\"@id\":\"https:\\\/\\\/fjala.info\\\/2009-2015\\\/#\\\/schema\\\/logo\\\/image\\\/\",\"url\":\"\",\"contentUrl\":\"\",\"caption\":\"FjALA e LIR\u00cb - Arkivi\"},\"image\":{\"@id\":\"https:\\\/\\\/fjala.info\\\/2009-2015\\\/#\\\/schema\\\/logo\\\/image\\\/\"}},{\"@type\":\"Person\",\"@id\":\"https:\\\/\\\/fjala.info\\\/2009-2015\\\/#\\\/schema\\\/person\\\/3aa1163ef05469c496fc94e77611ada2\",\"name\":\"admin\",\"image\":{\"@type\":\"ImageObject\",\"inLanguage\":\"sq-AL\",\"@id\":\"https:\\\/\\\/fjala.info\\\/2009-2015\\\/wp-content\\\/uploads\\\/2012\\\/02\\\/arben_cokaj-120x150.jpg\",\"url\":\"https:\\\/\\\/fjala.info\\\/2009-2015\\\/wp-content\\\/uploads\\\/2012\\\/02\\\/arben_cokaj-120x150.jpg\",\"contentUrl\":\"https:\\\/\\\/fjala.info\\\/2009-2015\\\/wp-content\\\/uploads\\\/2012\\\/02\\\/arben_cokaj-120x150.jpg\",\"caption\":\"admin\"},\"description\":\"Admin, Fjala e Lir\u00eb\",\"sameAs\":[\"https:\\\/\\\/fjala.info\\\/\"],\"url\":\"https:\\\/\\\/fjala.info\\\/2009-2015\\\/author\\\/admin\\\/\"}]}<\/script>\n<!-- \/ Yoast SEO plugin. -->","yoast_head_json":{"title":"K\u00ebshill\u00eb Flutur\u00ebs - FjALA e LIR\u00cb - Arkivi","robots":{"index":"index","follow":"follow","max-snippet":"max-snippet:-1","max-image-preview":"max-image-preview:large","max-video-preview":"max-video-preview:-1"},"canonical":"https:\/\/fjala.info\/2009-2015\/keshille-flutures\/","og_locale":"sq_AL","og_type":"article","og_title":"K\u00ebshill\u00eb Flutur\u00ebs - FjALA e LIR\u00cb - Arkivi","og_description":"Shega Ligori Un\u00eb nuk e njoh nga af\u00ebr Flutura A\u00e7k\u00ebn. Di q\u00eb jemi nga nj\u00eb qytet dhe q\u00eb shkruan poezi, t\u00eb cilat nuk kam pasur rastin t\u2019i lexoj. Di gjithashtu q\u00eb emri i saj iu bashkua list\u00ebs s\u00eb disa puthadorasve t\u00eb pushtetit, q\u00eb n\u00ebnshkruan peticionin qeveritar kund\u00ebr grev\u00ebs s\u00eb uris\u00eb majin e shkuar. Pun\u00eb p\u00ebr [&hellip;]","og_url":"https:\/\/fjala.info\/2009-2015\/keshille-flutures\/","og_site_name":"FjALA e LIR\u00cb - Arkivi","article_published_time":"2011-01-30T05:33:02+00:00","author":"admin","twitter_card":"summary_large_image","twitter_misc":{"Written by":"admin","Est. reading time":"3 minutes"},"schema":{"@context":"https:\/\/schema.org","@graph":[{"@type":"Article","@id":"https:\/\/fjala.info\/2009-2015\/keshille-flutures\/#article","isPartOf":{"@id":"https:\/\/fjala.info\/2009-2015\/keshille-flutures\/"},"author":{"name":"admin","@id":"https:\/\/fjala.info\/2009-2015\/#\/schema\/person\/3aa1163ef05469c496fc94e77611ada2"},"headline":"K\u00ebshill\u00eb Flutur\u00ebs","datePublished":"2011-01-30T05:33:02+00:00","mainEntityOfPage":{"@id":"https:\/\/fjala.info\/2009-2015\/keshille-flutures\/"},"wordCount":649,"commentCount":0,"publisher":{"@id":"https:\/\/fjala.info\/2009-2015\/#organization"},"articleSection":["Artikuj"],"inLanguage":"sq-AL","potentialAction":[{"@type":"CommentAction","name":"Comment","target":["https:\/\/fjala.info\/2009-2015\/keshille-flutures\/#respond"]}]},{"@type":"WebPage","@id":"https:\/\/fjala.info\/2009-2015\/keshille-flutures\/","url":"https:\/\/fjala.info\/2009-2015\/keshille-flutures\/","name":"K\u00ebshill\u00eb Flutur\u00ebs - FjALA e LIR\u00cb - Arkivi","isPartOf":{"@id":"https:\/\/fjala.info\/2009-2015\/#website"},"datePublished":"2011-01-30T05:33:02+00:00","breadcrumb":{"@id":"https:\/\/fjala.info\/2009-2015\/keshille-flutures\/#breadcrumb"},"inLanguage":"sq-AL","potentialAction":[{"@type":"ReadAction","target":["https:\/\/fjala.info\/2009-2015\/keshille-flutures\/"]}]},{"@type":"BreadcrumbList","@id":"https:\/\/fjala.info\/2009-2015\/keshille-flutures\/#breadcrumb","itemListElement":[{"@type":"ListItem","position":1,"name":"Home","item":"https:\/\/fjala.info\/2009-2015\/"},{"@type":"ListItem","position":2,"name":"K\u00ebshill\u00eb Flutur\u00ebs"}]},{"@type":"WebSite","@id":"https:\/\/fjala.info\/2009-2015\/#website","url":"https:\/\/fjala.info\/2009-2015\/","name":"FjALA e LIR\u00cb - Arkivi","description":"Arkivi 2009-2015","publisher":{"@id":"https:\/\/fjala.info\/2009-2015\/#organization"},"potentialAction":[{"@type":"SearchAction","target":{"@type":"EntryPoint","urlTemplate":"https:\/\/fjala.info\/2009-2015\/?s={search_term_string}"},"query-input":{"@type":"PropertyValueSpecification","valueRequired":true,"valueName":"search_term_string"}}],"inLanguage":"sq-AL"},{"@type":"Organization","@id":"https:\/\/fjala.info\/2009-2015\/#organization","name":"FjALA e LIR\u00cb - Arkivi","url":"https:\/\/fjala.info\/2009-2015\/","logo":{"@type":"ImageObject","inLanguage":"sq-AL","@id":"https:\/\/fjala.info\/2009-2015\/#\/schema\/logo\/image\/","url":"","contentUrl":"","caption":"FjALA e LIR\u00cb - Arkivi"},"image":{"@id":"https:\/\/fjala.info\/2009-2015\/#\/schema\/logo\/image\/"}},{"@type":"Person","@id":"https:\/\/fjala.info\/2009-2015\/#\/schema\/person\/3aa1163ef05469c496fc94e77611ada2","name":"admin","image":{"@type":"ImageObject","inLanguage":"sq-AL","@id":"https:\/\/fjala.info\/2009-2015\/wp-content\/uploads\/2012\/02\/arben_cokaj-120x150.jpg","url":"https:\/\/fjala.info\/2009-2015\/wp-content\/uploads\/2012\/02\/arben_cokaj-120x150.jpg","contentUrl":"https:\/\/fjala.info\/2009-2015\/wp-content\/uploads\/2012\/02\/arben_cokaj-120x150.jpg","caption":"admin"},"description":"Admin, Fjala e Lir\u00eb","sameAs":["https:\/\/fjala.info\/"],"url":"https:\/\/fjala.info\/2009-2015\/author\/admin\/"}]}},"_links":{"self":[{"href":"https:\/\/fjala.info\/2009-2015\/wp-json\/wp\/v2\/posts\/6018","targetHints":{"allow":["GET"]}}],"collection":[{"href":"https:\/\/fjala.info\/2009-2015\/wp-json\/wp\/v2\/posts"}],"about":[{"href":"https:\/\/fjala.info\/2009-2015\/wp-json\/wp\/v2\/types\/post"}],"author":[{"embeddable":true,"href":"https:\/\/fjala.info\/2009-2015\/wp-json\/wp\/v2\/users\/1"}],"replies":[{"embeddable":true,"href":"https:\/\/fjala.info\/2009-2015\/wp-json\/wp\/v2\/comments?post=6018"}],"version-history":[{"count":0,"href":"https:\/\/fjala.info\/2009-2015\/wp-json\/wp\/v2\/posts\/6018\/revisions"}],"wp:attachment":[{"href":"https:\/\/fjala.info\/2009-2015\/wp-json\/wp\/v2\/media?parent=6018"}],"wp:term":[{"taxonomy":"category","embeddable":true,"href":"https:\/\/fjala.info\/2009-2015\/wp-json\/wp\/v2\/categories?post=6018"},{"taxonomy":"post_tag","embeddable":true,"href":"https:\/\/fjala.info\/2009-2015\/wp-json\/wp\/v2\/tags?post=6018"}],"curies":[{"name":"wp","href":"https:\/\/api.w.org\/{rel}","templated":true}]}}