{"id":6015,"date":"2011-01-30T06:27:12","date_gmt":"2011-01-30T05:27:12","guid":{"rendered":"http:\/\/fjala.shkoder.net\/?p=6015"},"modified":"2011-01-30T06:27:12","modified_gmt":"2011-01-30T05:27:12","slug":"ngjela-demonstrata-hap-drejt-perendimit-protestat-do-vazhdojne","status":"publish","type":"post","link":"https:\/\/fjala.info\/2009-2015\/ngjela-demonstrata-hap-drejt-perendimit-protestat-do-vazhdojne\/","title":{"rendered":"Ngjela: Demonstrata, hap drejt Per\u00ebndimit. Protestat do vazhdojn\u00eb"},"content":{"rendered":"<p><img loading=\"lazy\" decoding=\"async\" class=\"alignleft size-medium wp-image-6016\" title=\"Spartak Ngjela\" src=\"http:\/\/fjala.shkoder.net\/wp-content\/uploads\/2011\/01\/spartak_ngjela-300x195.jpg\" alt=\"\" width=\"300\" height=\"195\" \/><br \/>\n<strong>\u00c7lirim Halla\u00e7i<\/strong>, <em>29.01.2011<\/em><\/p>\n<p>&#8220;Protestat do t\u00eb vazhdojn\u00eb&#8221;. N\u00eb em\u00ebr t\u00eb Opozit\u00ebs s\u00eb Bashkuar kreu i Partis\u00eb Ligj dhe Drejt\u00ebsi, Spartak Ngjela tha se protestat masive t\u00eb qytetar\u00ebve do t\u00eb vazhdojn\u00eb.<\/p>\n<p>Nj\u00eb hap gjigant drejt per\u00ebndimit e quajti Ngjela demonstrat\u00ebn homazh t\u00eb dit\u00ebs s\u00eb djeshme ku mendohet se mor\u00ebn pjes\u00eb m\u00eb shum\u00eb se 100 mij\u00eb qytetar\u00eb.<\/p>\n<p>&#8220;<em>Tubimi ishte nj\u00eb hap i madh para p\u00ebr lirin\u00eb n\u00eb Shqip\u00ebri<\/em>&#8220;- tha Ngjela<\/p>\n<p>PS, Gjermeni: Homazhi, nj\u00eb thirrje q\u00eb drejt\u00ebsia t\u00eb b\u00ebj\u00eb pun\u00ebn e saj<br \/>\nDeputetja socialiste Eglantina Gjermeni fal\u00ebnderoi sot n\u00eb em\u00ebr t\u00eb PS-s\u00eb dhjet\u00ebra e qindra mij\u00ebra qytetar\u00eb nga t\u00eb kat\u00ebr an\u00ebt e vendit q\u00eb iu bashkuan dje homazheve p\u00ebr tre shqiptar\u00ebt q\u00eb u vran\u00eb n\u00eb 21 janar. &#8220;Ky homazh madh\u00ebshtor e dinjitoz p\u00ebrb\u00ebn imazhin m\u00eb t\u00eb mrekulluesh\u00ebm q\u00eb populli shqiptar mund t&#8217;i transmetonte nj\u00eb bote skeptike e t\u00eb shqet\u00ebsuar nga p\u00ebrpjekjet e turpshme t\u00eb k\u00ebtij regjimi p\u00ebr t\u00eb mbjell\u00eb frik\u00eb e panik. Dje nj\u00eb bot\u00eb e t\u00ebr\u00eb pa p\u00ebrmes medieve se pavar\u00ebsisht provokimeve q\u00eb nuk u ndal\u00ebn, madje as n\u00eb respekt p\u00ebr t\u00eb r\u00ebn\u00ebt, pavar\u00ebsisht shp\u00ebrthimeve t\u00eb turpshme t\u00eb Sali Berish\u00ebs e gjuh\u00ebs k\u00ebrc\u00ebnuese e shantazhuese t\u00eb t\u00eb ashtuquajturit kryeminist\u00ebr e t\u00eb t\u00eb gjitha institucioneve t\u00eb kontrolluara prej tij, shqiptar\u00ebt treguan se protesta e tyre, paq\u00ebsore e dinjitoze nuk ka p\u00ebr t&#8217;u ndalur.<\/p>\n<p>Homazhi i djesh\u00ebm nuk ishte thjesht nj\u00eb shfaqje respekti ndaj t\u00eb r\u00ebn\u00ebve dhe nj\u00eb sfid\u00eb qytetare e paq\u00ebsore q\u00eb i b\u00ebhej regjimit. Ajo ishte po ashtu nj\u00eb thirrje q\u00eb drejt\u00ebsia n\u00eb Shqip\u00ebri t\u00eb b\u00ebj\u00eb pun\u00ebn e saj e sigurt se ka mb\u00ebshtetjen dhe solidaritetin e \u00e7do qytetari, e \u00e7do gruaje e \u00e7do n\u00ebne, n\u00eb kushtet kur sulmohet paburr\u00ebrisht. Q\u00eb drejt\u00ebsia shqiptare t\u00eb vazhdoj\u00eb pun\u00ebn p\u00ebr t\u00eb nxjerr\u00eb p\u00ebrpara ligjit e nd\u00ebshkimit t\u00eb merituar ata v\u00ebllavras\u00ebs q\u00eb q\u00eblluan, vran\u00eb e plagos\u00ebn shqiptar\u00eb.<\/p>\n<p>Demonstrata e homazhit ishte t\u00eb gjitha k\u00ebto e shum\u00eb m\u00eb tep\u00ebr, por mbi t\u00eb gjitha ajo ishte nj\u00eb mesazh i qart\u00eb q\u00eb i d\u00ebrgohej nga qindra mij\u00ebra shqiptar\u00eb nj\u00eb regjimi t\u00eb ngujuar e rrethuar me ushtar\u00eb e polic\u00eb, i cili sot nuk p\u00ebrfaq\u00ebson ve\u00e7 nj\u00eb minoritet nd\u00ebr shqiptar\u00ebt: nd\u00ebrsa Sali Berisha me \u00e7do dit\u00eb q\u00eb kalon po tregon se nuk ndan asgj\u00eb nga kultura dhe vlerat evropiane, ai ka p\u00ebrball\u00eb nj\u00eb popull evropian, i cili nuk do t\u00eb resht\u00eb s\u00eb protestuari n\u00eb em\u00ebr t\u00eb atyre vlerave e parimeve q\u00eb shkelen p\u00ebrdit\u00eb me k\u00ebmb\u00eb nga ky pushtet&#8221;.<\/p>\n<p><em>Redaksia online<\/em><\/p>\n","protected":false},"excerpt":{"rendered":"<p>\u00c7lirim Halla\u00e7i, 29.01.2011 &#8220;Protestat do t\u00eb vazhdojn\u00eb&#8221;. N\u00eb em\u00ebr t\u00eb Opozit\u00ebs s\u00eb Bashkuar kreu i Partis\u00eb Ligj dhe Drejt\u00ebsi, Spartak Ngjela tha se protestat masive t\u00eb qytetar\u00ebve do t\u00eb vazhdojn\u00eb. Nj\u00eb hap gjigant drejt per\u00ebndimit e quajti Ngjela demonstrat\u00ebn homazh t\u00eb dit\u00ebs s\u00eb djeshme ku mendohet se mor\u00ebn pjes\u00eb m\u00eb shum\u00eb se 100 mij\u00eb qytetar\u00eb. [&hellip;]<\/p>\n","protected":false},"author":1,"featured_media":0,"comment_status":"open","ping_status":"closed","sticky":false,"template":"","format":"standard","meta":{"footnotes":""},"categories":[2],"tags":[],"class_list":{"0":"post-6015","1":"post","2":"type-post","3":"status-publish","4":"format-standard","6":"category-artikuj"},"yoast_head":"<!-- This site is optimized with the Yoast SEO plugin v27.4 - https:\/\/yoast.com\/product\/yoast-seo-wordpress\/ -->\n<title>Ngjela: Demonstrata, hap drejt Per\u00ebndimit. Protestat do vazhdojn\u00eb - FjALA e LIR\u00cb - Arkivi<\/title>\n<meta name=\"robots\" content=\"index, follow, max-snippet:-1, max-image-preview:large, max-video-preview:-1\" \/>\n<link rel=\"canonical\" href=\"https:\/\/fjala.info\/2009-2015\/ngjela-demonstrata-hap-drejt-perendimit-protestat-do-vazhdojne\/\" \/>\n<meta property=\"og:locale\" content=\"sq_AL\" \/>\n<meta property=\"og:type\" content=\"article\" \/>\n<meta property=\"og:title\" content=\"Ngjela: Demonstrata, hap drejt Per\u00ebndimit. Protestat do vazhdojn\u00eb - FjALA e LIR\u00cb - Arkivi\" \/>\n<meta property=\"og:description\" content=\"\u00c7lirim Halla\u00e7i, 29.01.2011 &#8220;Protestat do t\u00eb vazhdojn\u00eb&#8221;. N\u00eb em\u00ebr t\u00eb Opozit\u00ebs s\u00eb Bashkuar kreu i Partis\u00eb Ligj dhe Drejt\u00ebsi, Spartak Ngjela tha se protestat masive t\u00eb qytetar\u00ebve do t\u00eb vazhdojn\u00eb. Nj\u00eb hap gjigant drejt per\u00ebndimit e quajti Ngjela demonstrat\u00ebn homazh t\u00eb dit\u00ebs s\u00eb djeshme ku mendohet se mor\u00ebn pjes\u00eb m\u00eb shum\u00eb se 100 mij\u00eb qytetar\u00eb. [&hellip;]\" \/>\n<meta property=\"og:url\" content=\"https:\/\/fjala.info\/2009-2015\/ngjela-demonstrata-hap-drejt-perendimit-protestat-do-vazhdojne\/\" \/>\n<meta property=\"og:site_name\" content=\"FjALA e LIR\u00cb - Arkivi\" \/>\n<meta property=\"article:published_time\" content=\"2011-01-30T05:27:12+00:00\" \/>\n<meta property=\"og:image\" content=\"http:\/\/fjala.shkoder.net\/wp-content\/uploads\/2011\/01\/spartak_ngjela-300x195.jpg\" \/>\n<meta name=\"author\" content=\"admin\" \/>\n<meta name=\"twitter:card\" content=\"summary_large_image\" \/>\n<meta name=\"twitter:label1\" content=\"Written by\" \/>\n\t<meta name=\"twitter:data1\" content=\"admin\" \/>\n\t<meta name=\"twitter:label2\" content=\"Est. reading time\" \/>\n\t<meta name=\"twitter:data2\" content=\"2 minutes\" \/>\n<script type=\"application\/ld+json\" class=\"yoast-schema-graph\">{\"@context\":\"https:\\\/\\\/schema.org\",\"@graph\":[{\"@type\":\"Article\",\"@id\":\"https:\\\/\\\/fjala.info\\\/2009-2015\\\/ngjela-demonstrata-hap-drejt-perendimit-protestat-do-vazhdojne\\\/#article\",\"isPartOf\":{\"@id\":\"https:\\\/\\\/fjala.info\\\/2009-2015\\\/ngjela-demonstrata-hap-drejt-perendimit-protestat-do-vazhdojne\\\/\"},\"author\":{\"name\":\"admin\",\"@id\":\"https:\\\/\\\/fjala.info\\\/2009-2015\\\/#\\\/schema\\\/person\\\/3aa1163ef05469c496fc94e77611ada2\"},\"headline\":\"Ngjela: Demonstrata, hap drejt Per\u00ebndimit. Protestat do vazhdojn\u00eb\",\"datePublished\":\"2011-01-30T05:27:12+00:00\",\"mainEntityOfPage\":{\"@id\":\"https:\\\/\\\/fjala.info\\\/2009-2015\\\/ngjela-demonstrata-hap-drejt-perendimit-protestat-do-vazhdojne\\\/\"},\"wordCount\":480,\"commentCount\":0,\"publisher\":{\"@id\":\"https:\\\/\\\/fjala.info\\\/2009-2015\\\/#organization\"},\"image\":{\"@id\":\"https:\\\/\\\/fjala.info\\\/2009-2015\\\/ngjela-demonstrata-hap-drejt-perendimit-protestat-do-vazhdojne\\\/#primaryimage\"},\"thumbnailUrl\":\"http:\\\/\\\/fjala.shkoder.net\\\/wp-content\\\/uploads\\\/2011\\\/01\\\/spartak_ngjela-300x195.jpg\",\"articleSection\":[\"Artikuj\"],\"inLanguage\":\"sq-AL\",\"potentialAction\":[{\"@type\":\"CommentAction\",\"name\":\"Comment\",\"target\":[\"https:\\\/\\\/fjala.info\\\/2009-2015\\\/ngjela-demonstrata-hap-drejt-perendimit-protestat-do-vazhdojne\\\/#respond\"]}]},{\"@type\":\"WebPage\",\"@id\":\"https:\\\/\\\/fjala.info\\\/2009-2015\\\/ngjela-demonstrata-hap-drejt-perendimit-protestat-do-vazhdojne\\\/\",\"url\":\"https:\\\/\\\/fjala.info\\\/2009-2015\\\/ngjela-demonstrata-hap-drejt-perendimit-protestat-do-vazhdojne\\\/\",\"name\":\"Ngjela: Demonstrata, hap drejt Per\u00ebndimit. Protestat do vazhdojn\u00eb - FjALA e LIR\u00cb - Arkivi\",\"isPartOf\":{\"@id\":\"https:\\\/\\\/fjala.info\\\/2009-2015\\\/#website\"},\"primaryImageOfPage\":{\"@id\":\"https:\\\/\\\/fjala.info\\\/2009-2015\\\/ngjela-demonstrata-hap-drejt-perendimit-protestat-do-vazhdojne\\\/#primaryimage\"},\"image\":{\"@id\":\"https:\\\/\\\/fjala.info\\\/2009-2015\\\/ngjela-demonstrata-hap-drejt-perendimit-protestat-do-vazhdojne\\\/#primaryimage\"},\"thumbnailUrl\":\"http:\\\/\\\/fjala.shkoder.net\\\/wp-content\\\/uploads\\\/2011\\\/01\\\/spartak_ngjela-300x195.jpg\",\"datePublished\":\"2011-01-30T05:27:12+00:00\",\"breadcrumb\":{\"@id\":\"https:\\\/\\\/fjala.info\\\/2009-2015\\\/ngjela-demonstrata-hap-drejt-perendimit-protestat-do-vazhdojne\\\/#breadcrumb\"},\"inLanguage\":\"sq-AL\",\"potentialAction\":[{\"@type\":\"ReadAction\",\"target\":[\"https:\\\/\\\/fjala.info\\\/2009-2015\\\/ngjela-demonstrata-hap-drejt-perendimit-protestat-do-vazhdojne\\\/\"]}]},{\"@type\":\"ImageObject\",\"inLanguage\":\"sq-AL\",\"@id\":\"https:\\\/\\\/fjala.info\\\/2009-2015\\\/ngjela-demonstrata-hap-drejt-perendimit-protestat-do-vazhdojne\\\/#primaryimage\",\"url\":\"http:\\\/\\\/fjala.shkoder.net\\\/wp-content\\\/uploads\\\/2011\\\/01\\\/spartak_ngjela-300x195.jpg\",\"contentUrl\":\"http:\\\/\\\/fjala.shkoder.net\\\/wp-content\\\/uploads\\\/2011\\\/01\\\/spartak_ngjela-300x195.jpg\"},{\"@type\":\"BreadcrumbList\",\"@id\":\"https:\\\/\\\/fjala.info\\\/2009-2015\\\/ngjela-demonstrata-hap-drejt-perendimit-protestat-do-vazhdojne\\\/#breadcrumb\",\"itemListElement\":[{\"@type\":\"ListItem\",\"position\":1,\"name\":\"Home\",\"item\":\"https:\\\/\\\/fjala.info\\\/2009-2015\\\/\"},{\"@type\":\"ListItem\",\"position\":2,\"name\":\"Ngjela: Demonstrata, hap drejt Per\u00ebndimit. Protestat do vazhdojn\u00eb\"}]},{\"@type\":\"WebSite\",\"@id\":\"https:\\\/\\\/fjala.info\\\/2009-2015\\\/#website\",\"url\":\"https:\\\/\\\/fjala.info\\\/2009-2015\\\/\",\"name\":\"FjALA e LIR\u00cb - Arkivi\",\"description\":\"Arkivi 2009-2015\",\"publisher\":{\"@id\":\"https:\\\/\\\/fjala.info\\\/2009-2015\\\/#organization\"},\"potentialAction\":[{\"@type\":\"SearchAction\",\"target\":{\"@type\":\"EntryPoint\",\"urlTemplate\":\"https:\\\/\\\/fjala.info\\\/2009-2015\\\/?s={search_term_string}\"},\"query-input\":{\"@type\":\"PropertyValueSpecification\",\"valueRequired\":true,\"valueName\":\"search_term_string\"}}],\"inLanguage\":\"sq-AL\"},{\"@type\":\"Organization\",\"@id\":\"https:\\\/\\\/fjala.info\\\/2009-2015\\\/#organization\",\"name\":\"FjALA e LIR\u00cb - Arkivi\",\"url\":\"https:\\\/\\\/fjala.info\\\/2009-2015\\\/\",\"logo\":{\"@type\":\"ImageObject\",\"inLanguage\":\"sq-AL\",\"@id\":\"https:\\\/\\\/fjala.info\\\/2009-2015\\\/#\\\/schema\\\/logo\\\/image\\\/\",\"url\":\"\",\"contentUrl\":\"\",\"caption\":\"FjALA e LIR\u00cb - Arkivi\"},\"image\":{\"@id\":\"https:\\\/\\\/fjala.info\\\/2009-2015\\\/#\\\/schema\\\/logo\\\/image\\\/\"}},{\"@type\":\"Person\",\"@id\":\"https:\\\/\\\/fjala.info\\\/2009-2015\\\/#\\\/schema\\\/person\\\/3aa1163ef05469c496fc94e77611ada2\",\"name\":\"admin\",\"image\":{\"@type\":\"ImageObject\",\"inLanguage\":\"sq-AL\",\"@id\":\"https:\\\/\\\/fjala.info\\\/2009-2015\\\/wp-content\\\/uploads\\\/2012\\\/02\\\/arben_cokaj-120x150.jpg\",\"url\":\"https:\\\/\\\/fjala.info\\\/2009-2015\\\/wp-content\\\/uploads\\\/2012\\\/02\\\/arben_cokaj-120x150.jpg\",\"contentUrl\":\"https:\\\/\\\/fjala.info\\\/2009-2015\\\/wp-content\\\/uploads\\\/2012\\\/02\\\/arben_cokaj-120x150.jpg\",\"caption\":\"admin\"},\"description\":\"Admin, Fjala e Lir\u00eb\",\"sameAs\":[\"https:\\\/\\\/fjala.info\\\/\"],\"url\":\"https:\\\/\\\/fjala.info\\\/2009-2015\\\/author\\\/admin\\\/\"}]}<\/script>\n<!-- \/ Yoast SEO plugin. -->","yoast_head_json":{"title":"Ngjela: Demonstrata, hap drejt Per\u00ebndimit. Protestat do vazhdojn\u00eb - FjALA e LIR\u00cb - Arkivi","robots":{"index":"index","follow":"follow","max-snippet":"max-snippet:-1","max-image-preview":"max-image-preview:large","max-video-preview":"max-video-preview:-1"},"canonical":"https:\/\/fjala.info\/2009-2015\/ngjela-demonstrata-hap-drejt-perendimit-protestat-do-vazhdojne\/","og_locale":"sq_AL","og_type":"article","og_title":"Ngjela: Demonstrata, hap drejt Per\u00ebndimit. Protestat do vazhdojn\u00eb - FjALA e LIR\u00cb - Arkivi","og_description":"\u00c7lirim Halla\u00e7i, 29.01.2011 &#8220;Protestat do t\u00eb vazhdojn\u00eb&#8221;. N\u00eb em\u00ebr t\u00eb Opozit\u00ebs s\u00eb Bashkuar kreu i Partis\u00eb Ligj dhe Drejt\u00ebsi, Spartak Ngjela tha se protestat masive t\u00eb qytetar\u00ebve do t\u00eb vazhdojn\u00eb. Nj\u00eb hap gjigant drejt per\u00ebndimit e quajti Ngjela demonstrat\u00ebn homazh t\u00eb dit\u00ebs s\u00eb djeshme ku mendohet se mor\u00ebn pjes\u00eb m\u00eb shum\u00eb se 100 mij\u00eb qytetar\u00eb. [&hellip;]","og_url":"https:\/\/fjala.info\/2009-2015\/ngjela-demonstrata-hap-drejt-perendimit-protestat-do-vazhdojne\/","og_site_name":"FjALA e LIR\u00cb - Arkivi","article_published_time":"2011-01-30T05:27:12+00:00","og_image":[{"url":"http:\/\/fjala.shkoder.net\/wp-content\/uploads\/2011\/01\/spartak_ngjela-300x195.jpg","type":"","width":"","height":""}],"author":"admin","twitter_card":"summary_large_image","twitter_misc":{"Written by":"admin","Est. reading time":"2 minutes"},"schema":{"@context":"https:\/\/schema.org","@graph":[{"@type":"Article","@id":"https:\/\/fjala.info\/2009-2015\/ngjela-demonstrata-hap-drejt-perendimit-protestat-do-vazhdojne\/#article","isPartOf":{"@id":"https:\/\/fjala.info\/2009-2015\/ngjela-demonstrata-hap-drejt-perendimit-protestat-do-vazhdojne\/"},"author":{"name":"admin","@id":"https:\/\/fjala.info\/2009-2015\/#\/schema\/person\/3aa1163ef05469c496fc94e77611ada2"},"headline":"Ngjela: Demonstrata, hap drejt Per\u00ebndimit. Protestat do vazhdojn\u00eb","datePublished":"2011-01-30T05:27:12+00:00","mainEntityOfPage":{"@id":"https:\/\/fjala.info\/2009-2015\/ngjela-demonstrata-hap-drejt-perendimit-protestat-do-vazhdojne\/"},"wordCount":480,"commentCount":0,"publisher":{"@id":"https:\/\/fjala.info\/2009-2015\/#organization"},"image":{"@id":"https:\/\/fjala.info\/2009-2015\/ngjela-demonstrata-hap-drejt-perendimit-protestat-do-vazhdojne\/#primaryimage"},"thumbnailUrl":"http:\/\/fjala.shkoder.net\/wp-content\/uploads\/2011\/01\/spartak_ngjela-300x195.jpg","articleSection":["Artikuj"],"inLanguage":"sq-AL","potentialAction":[{"@type":"CommentAction","name":"Comment","target":["https:\/\/fjala.info\/2009-2015\/ngjela-demonstrata-hap-drejt-perendimit-protestat-do-vazhdojne\/#respond"]}]},{"@type":"WebPage","@id":"https:\/\/fjala.info\/2009-2015\/ngjela-demonstrata-hap-drejt-perendimit-protestat-do-vazhdojne\/","url":"https:\/\/fjala.info\/2009-2015\/ngjela-demonstrata-hap-drejt-perendimit-protestat-do-vazhdojne\/","name":"Ngjela: Demonstrata, hap drejt Per\u00ebndimit. Protestat do vazhdojn\u00eb - FjALA e LIR\u00cb - Arkivi","isPartOf":{"@id":"https:\/\/fjala.info\/2009-2015\/#website"},"primaryImageOfPage":{"@id":"https:\/\/fjala.info\/2009-2015\/ngjela-demonstrata-hap-drejt-perendimit-protestat-do-vazhdojne\/#primaryimage"},"image":{"@id":"https:\/\/fjala.info\/2009-2015\/ngjela-demonstrata-hap-drejt-perendimit-protestat-do-vazhdojne\/#primaryimage"},"thumbnailUrl":"http:\/\/fjala.shkoder.net\/wp-content\/uploads\/2011\/01\/spartak_ngjela-300x195.jpg","datePublished":"2011-01-30T05:27:12+00:00","breadcrumb":{"@id":"https:\/\/fjala.info\/2009-2015\/ngjela-demonstrata-hap-drejt-perendimit-protestat-do-vazhdojne\/#breadcrumb"},"inLanguage":"sq-AL","potentialAction":[{"@type":"ReadAction","target":["https:\/\/fjala.info\/2009-2015\/ngjela-demonstrata-hap-drejt-perendimit-protestat-do-vazhdojne\/"]}]},{"@type":"ImageObject","inLanguage":"sq-AL","@id":"https:\/\/fjala.info\/2009-2015\/ngjela-demonstrata-hap-drejt-perendimit-protestat-do-vazhdojne\/#primaryimage","url":"http:\/\/fjala.shkoder.net\/wp-content\/uploads\/2011\/01\/spartak_ngjela-300x195.jpg","contentUrl":"http:\/\/fjala.shkoder.net\/wp-content\/uploads\/2011\/01\/spartak_ngjela-300x195.jpg"},{"@type":"BreadcrumbList","@id":"https:\/\/fjala.info\/2009-2015\/ngjela-demonstrata-hap-drejt-perendimit-protestat-do-vazhdojne\/#breadcrumb","itemListElement":[{"@type":"ListItem","position":1,"name":"Home","item":"https:\/\/fjala.info\/2009-2015\/"},{"@type":"ListItem","position":2,"name":"Ngjela: Demonstrata, hap drejt Per\u00ebndimit. Protestat do vazhdojn\u00eb"}]},{"@type":"WebSite","@id":"https:\/\/fjala.info\/2009-2015\/#website","url":"https:\/\/fjala.info\/2009-2015\/","name":"FjALA e LIR\u00cb - Arkivi","description":"Arkivi 2009-2015","publisher":{"@id":"https:\/\/fjala.info\/2009-2015\/#organization"},"potentialAction":[{"@type":"SearchAction","target":{"@type":"EntryPoint","urlTemplate":"https:\/\/fjala.info\/2009-2015\/?s={search_term_string}"},"query-input":{"@type":"PropertyValueSpecification","valueRequired":true,"valueName":"search_term_string"}}],"inLanguage":"sq-AL"},{"@type":"Organization","@id":"https:\/\/fjala.info\/2009-2015\/#organization","name":"FjALA e LIR\u00cb - Arkivi","url":"https:\/\/fjala.info\/2009-2015\/","logo":{"@type":"ImageObject","inLanguage":"sq-AL","@id":"https:\/\/fjala.info\/2009-2015\/#\/schema\/logo\/image\/","url":"","contentUrl":"","caption":"FjALA e LIR\u00cb - Arkivi"},"image":{"@id":"https:\/\/fjala.info\/2009-2015\/#\/schema\/logo\/image\/"}},{"@type":"Person","@id":"https:\/\/fjala.info\/2009-2015\/#\/schema\/person\/3aa1163ef05469c496fc94e77611ada2","name":"admin","image":{"@type":"ImageObject","inLanguage":"sq-AL","@id":"https:\/\/fjala.info\/2009-2015\/wp-content\/uploads\/2012\/02\/arben_cokaj-120x150.jpg","url":"https:\/\/fjala.info\/2009-2015\/wp-content\/uploads\/2012\/02\/arben_cokaj-120x150.jpg","contentUrl":"https:\/\/fjala.info\/2009-2015\/wp-content\/uploads\/2012\/02\/arben_cokaj-120x150.jpg","caption":"admin"},"description":"Admin, Fjala e Lir\u00eb","sameAs":["https:\/\/fjala.info\/"],"url":"https:\/\/fjala.info\/2009-2015\/author\/admin\/"}]}},"_links":{"self":[{"href":"https:\/\/fjala.info\/2009-2015\/wp-json\/wp\/v2\/posts\/6015","targetHints":{"allow":["GET"]}}],"collection":[{"href":"https:\/\/fjala.info\/2009-2015\/wp-json\/wp\/v2\/posts"}],"about":[{"href":"https:\/\/fjala.info\/2009-2015\/wp-json\/wp\/v2\/types\/post"}],"author":[{"embeddable":true,"href":"https:\/\/fjala.info\/2009-2015\/wp-json\/wp\/v2\/users\/1"}],"replies":[{"embeddable":true,"href":"https:\/\/fjala.info\/2009-2015\/wp-json\/wp\/v2\/comments?post=6015"}],"version-history":[{"count":0,"href":"https:\/\/fjala.info\/2009-2015\/wp-json\/wp\/v2\/posts\/6015\/revisions"}],"wp:attachment":[{"href":"https:\/\/fjala.info\/2009-2015\/wp-json\/wp\/v2\/media?parent=6015"}],"wp:term":[{"taxonomy":"category","embeddable":true,"href":"https:\/\/fjala.info\/2009-2015\/wp-json\/wp\/v2\/categories?post=6015"},{"taxonomy":"post_tag","embeddable":true,"href":"https:\/\/fjala.info\/2009-2015\/wp-json\/wp\/v2\/tags?post=6015"}],"curies":[{"name":"wp","href":"https:\/\/api.w.org\/{rel}","templated":true}]}}