{"id":6011,"date":"2011-01-30T06:08:12","date_gmt":"2011-01-30T05:08:12","guid":{"rendered":"http:\/\/fjala.shkoder.net\/?p=6011"},"modified":"2011-01-30T06:08:12","modified_gmt":"2011-01-30T05:08:12","slug":"opozita-triumfon-me-heshtje","status":"publish","type":"post","link":"https:\/\/fjala.info\/2009-2015\/opozita-triumfon-me-heshtje\/","title":{"rendered":"Opozita triumfon me heshtje"},"content":{"rendered":"<p><img loading=\"lazy\" decoding=\"async\" class=\"alignleft size-medium wp-image-6013\" title=\"200mije_homazhe\" src=\"http:\/\/fjala.shkoder.net\/wp-content\/uploads\/2011\/01\/200mije_homazhe1-300x200.jpg\" alt=\"\" width=\"300\" height=\"200\" \/><br \/>\n<strong>Daniele Mastrogiacomo<\/strong><\/p>\n<p><strong><em>Nderim n\u00eb paqe<\/em><\/strong><\/p>\n<p><strong><em>Tirana n\u00eb shesh, n\u00eb kujtim t\u00eb tri viktimave, opozita fiton betej\u00ebn<\/em><\/strong><\/p>\n<p>Njer\u00ebzit kan\u00eb puthur, prekur, p\u00ebrsh\u00ebndetur, fotot e viktimave dhe u shp\u00ebrndan\u00eb n\u00eb nj\u00eb p\u00ebrqafim t\u00eb madh virtual. Por \u00ebsht\u00eb vet\u00ebm nj\u00eb nga shum\u00eb etapat e nj\u00eb beteje q\u00eb do t\u00eb vazhdoj\u00eb n\u00eb dit\u00ebt e ardhshme. Ka tre t\u00eb vdekur q\u00eb k\u00ebrkojn\u00eb drejt\u00ebsi. Ka nj\u00eb hetim n\u00eb vijim p\u00ebr t\u00eb p\u00ebrcaktuar p\u00ebrgjegj\u00ebsin\u00eb e t\u00eb sht\u00ebnave, jan\u00eb gjasht\u00eb mandate arresti p\u00ebr kreun e Gard\u00ebs p\u00ebr t\u2019u zbatuar.<\/p>\n<p>Opozita socialiste fiton betej\u00ebn e saj n\u00eb Shqip\u00ebri dhe dominon sken\u00ebn politike duke sjell\u00eb n\u00eb shesh 100 mij\u00eb persona n\u00eb nj\u00eb manifestim paq\u00ebsor, kompakt dhe n\u00eb heshtje. Edhe frika e vigjiljes q\u00eb shtyn policin\u00eb t\u00eb p\u00ebrhap\u00eb ankthin e incidenteve t\u00eb reja \u00ebsht\u00eb p\u00ebrg\u00ebnjeshtruar. P\u00ebr disa or\u00eb ajo pjes\u00eb e vendit q\u00eb prej nj\u00eb viti e gjysm\u00eb konteston politik\u00ebn sociale dhe ekonomike t\u00eb Kryeministrit Sali Berisha, n\u00eb krye t\u00eb nj\u00eb koalicioni t\u00eb qendre t\u00eb djatht\u00eb, \u00ebsht\u00eb mbledhur p\u00ebrreth 20 familjar\u00ebve t\u00eb tri viktimave t\u00eb vrara nga ushtar\u00ebt e gard\u00ebs republikane, t\u00eb premten e shkuar, 21 janar, gjat\u00eb p\u00ebrleshjeve t\u00eb dhunshme nd\u00ebrmjet manifestuesve dhe forcave t\u00eb policis\u00eb.<\/p>\n<p>T\u00eb p\u00ebrfshir\u00eb nga nj\u00eb heshtje t\u00eb ngarkuar me tension, por mbi t\u00eb gjitha me dhimbje, nj\u00eb turm\u00eb burrash e grash, t\u00eb moshuar dhe f\u00ebmij\u00eb, \u00ebsht\u00eb mbledhur p\u00ebrpara selis\u00eb s\u00eb Partis\u00eb Socialiste. U shp\u00ebrndan\u00eb lule dhe qirinj, s\u00eb bashku me shiritat e zis\u00eb q\u00eb njer\u00ebzit kan\u00eb vendosur n\u00eb krah\u00ebt e tyre. E ng\u00ebrthyer nga \u201cNata e Liqenit t\u00eb Mjellmave e Tchaikovsky-t dhe Requiem-i i Mozart-it, kortezhi nisi t\u00eb l\u00ebviz\u00eb n\u00eb heshtjen maksimale. Nuk kishte parulla, flamuj, as tabela apo shirita. Vet\u00ebm fotot e tri viktimave, tre burrave, t\u00eb kornizuar dhe t\u00eb mbajtur n\u00eb krah\u00ebt e dy vajzave dhe nj\u00eb djali.<\/p>\n<p>Mbrapa, duke formuar nj\u00eb gjarp\u00ebr t\u00eb madh q\u00eb u p\u00ebrdrodh n\u00eb qendr\u00ebn e qytetit, vijonin parlamentar\u00ebt e opozit\u00ebs, artist\u00eb, aktor\u00eb, intelektual\u00eb, militant\u00eb socialist\u00eb, qytetar\u00eb t\u00eb thjesht\u00eb. P\u00ebr t\u00eb nderuar viktimat dje ndaloi e gjith\u00eb Tirana. Dyqanet mbyll\u00ebn qepenat, trafiku i makinave u zhduk, njer\u00ebzit q\u00eb mbet\u00ebn n\u00eb sht\u00ebpi nga frika e p\u00ebrleshjeve t\u00eb reja, ka v\u00ebshtruar e emocionuar nga dritaret. Me gjith\u00eb shiun e bezdissh\u00ebm dhe t\u00eb ftohtin konstant, shqiptar\u00ebt nuk kan\u00eb dashur t\u00eb heqin dor\u00eb nga ajo q\u00eb e konsideronin gjithsesi, p\u00ebrtej pozicioneve politike, nj\u00eb dit\u00eb t\u00eb tyren, nj\u00eb prov\u00eb force q\u00eb do t\u00eb reflektonte mbi nj\u00eb kriz\u00eb t\u00eb provokuar nga nj\u00eb paraliz\u00eb politike prej 18 muajsh pa pushim.<\/p>\n<p>Edi Rama, lideri i Partis\u00eb Socialiste dhe kryetar i Bashkis\u00eb s\u00eb Tiran\u00ebs, ka marr\u00eb pjes\u00eb n\u00eb kortezhin homazh, n\u00eb momentin m\u00eb delikat, kalimi pak metra nga pallati i Kryeministrit, t\u00eb mbrojtur nga 2 mij\u00eb polic\u00eb me veshje anti-revolt\u00eb, rreth 50 ushtar\u00eb t\u00eb Gard\u00ebs republikane, nj\u00eb qark dyfish me tela me gjemba dhe snajper\u00ebt e vendosur n\u00eb pallatet pran\u00eb. Turma ka q\u00ebndruar gjat\u00eb n\u00eb vendin ku u vran\u00eb tre burrat, duke i mbuluar me lule e qirinj.<\/p>\n<p>Tre banera gjigante t\u00eb montuara n\u00eb panele mbyllnin ecjen e kortezhit dhe e obligonin t\u00eb ecnin rreth itinerarit t\u00eb p\u00ebrcaktuar. Sali Berisha ka zgjedhur heshtjen. Ka v\u00ebzhguar nga manifestimi i transmetuar direkt n\u00eb TV nga studio e tij e vendosur n\u00eb katin e dyt\u00eb t\u00eb Pallatit q\u00eb p\u00ebrshkohej nga masa e demonstruesve. Nuk kishte thirrje, reaksione inati, gjeste instiktive q\u00eb mund t\u00eb provokonin reaksionin e policis\u00eb dhe ushtris\u00eb. Opozita ka treguar pjekuri politike ndoshta n\u00eb momentin e saj m\u00eb t\u00eb v\u00ebshtir\u00eb. Ka mbajtur premtimin edhe pas apeleve t\u00eb komunitetit nd\u00ebrkomb\u00ebtar p\u00ebr ta anuluar dhe \u00ebsht\u00eb propozuar si udh\u00ebheqje e re p\u00ebr vendin.<\/p>\n<p>E p\u00ebrfshir\u00eb nga muzika trondit\u00ebse q\u00eb nxiste p\u00ebrkujtimin funeb\u00ebr, njer\u00ebzit kan\u00eb puthur, prekur, p\u00ebrsh\u00ebndetur, fotot e viktimave dhe u shp\u00ebrndan\u00eb n\u00eb nj\u00eb p\u00ebrqafim t\u00eb madh virtual. Por \u00ebsht\u00eb vet\u00ebm nj\u00eb nga shum\u00eb etapat e nj\u00eb beteje q\u00eb do t\u00eb vazhdoj\u00eb n\u00eb dit\u00ebt e ardhshme. Ka tre t\u00eb vdekur q\u00eb k\u00ebrkojn\u00eb drejt\u00ebsi. Ka nj\u00eb hetim n\u00eb vijim p\u00ebr t\u00eb p\u00ebrcaktuar p\u00ebrgjegj\u00ebsin\u00eb e t\u00eb sht\u00ebnave, jan\u00eb gjasht\u00eb mandate arresti p\u00ebr kreun e Gard\u00ebs p\u00ebr t\u2019u zbatuar. Jan\u00eb nj\u00eb milion t\u00eb papun\u00eb dhe pjes\u00eb t\u00eb gjera varf\u00ebrish q\u00eb shtyjn\u00eb nj\u00eb qeveri t\u00eb votuar nga mazhoranca, por tashm\u00eb t\u00eb mb\u00ebshtetur nga minoranca e shqiptar\u00ebve.<\/p>\n<p><em>Marr\u00eb nga \u201cLa Repubblica\u201d<\/em><\/p>\n","protected":false},"excerpt":{"rendered":"<p>Daniele Mastrogiacomo Nderim n\u00eb paqe Tirana n\u00eb shesh, n\u00eb kujtim t\u00eb tri viktimave, opozita fiton betej\u00ebn Njer\u00ebzit kan\u00eb puthur, prekur, p\u00ebrsh\u00ebndetur, fotot e viktimave dhe u shp\u00ebrndan\u00eb n\u00eb nj\u00eb p\u00ebrqafim t\u00eb madh virtual. Por \u00ebsht\u00eb vet\u00ebm nj\u00eb nga shum\u00eb etapat e nj\u00eb beteje q\u00eb do t\u00eb vazhdoj\u00eb n\u00eb dit\u00ebt e ardhshme. Ka tre t\u00eb vdekur [&hellip;]<\/p>\n","protected":false},"author":1,"featured_media":0,"comment_status":"open","ping_status":"closed","sticky":false,"template":"","format":"standard","meta":{"footnotes":""},"categories":[2],"tags":[],"class_list":{"0":"post-6011","1":"post","2":"type-post","3":"status-publish","4":"format-standard","6":"category-artikuj"},"yoast_head":"<!-- This site is optimized with the Yoast SEO plugin v27.4 - https:\/\/yoast.com\/product\/yoast-seo-wordpress\/ -->\n<title>Opozita triumfon me heshtje - FjALA e LIR\u00cb - Arkivi<\/title>\n<meta name=\"robots\" content=\"index, follow, max-snippet:-1, max-image-preview:large, max-video-preview:-1\" \/>\n<link rel=\"canonical\" href=\"https:\/\/fjala.info\/2009-2015\/opozita-triumfon-me-heshtje\/\" \/>\n<meta property=\"og:locale\" content=\"sq_AL\" \/>\n<meta property=\"og:type\" content=\"article\" \/>\n<meta property=\"og:title\" content=\"Opozita triumfon me heshtje - FjALA e LIR\u00cb - Arkivi\" \/>\n<meta property=\"og:description\" content=\"Daniele Mastrogiacomo Nderim n\u00eb paqe Tirana n\u00eb shesh, n\u00eb kujtim t\u00eb tri viktimave, opozita fiton betej\u00ebn Njer\u00ebzit kan\u00eb puthur, prekur, p\u00ebrsh\u00ebndetur, fotot e viktimave dhe u shp\u00ebrndan\u00eb n\u00eb nj\u00eb p\u00ebrqafim t\u00eb madh virtual. Por \u00ebsht\u00eb vet\u00ebm nj\u00eb nga shum\u00eb etapat e nj\u00eb beteje q\u00eb do t\u00eb vazhdoj\u00eb n\u00eb dit\u00ebt e ardhshme. Ka tre t\u00eb vdekur [&hellip;]\" \/>\n<meta property=\"og:url\" content=\"https:\/\/fjala.info\/2009-2015\/opozita-triumfon-me-heshtje\/\" \/>\n<meta property=\"og:site_name\" content=\"FjALA e LIR\u00cb - Arkivi\" \/>\n<meta property=\"article:published_time\" content=\"2011-01-30T05:08:12+00:00\" \/>\n<meta property=\"og:image\" content=\"http:\/\/fjala.shkoder.net\/wp-content\/uploads\/2011\/01\/200mije_homazhe1-300x200.jpg\" \/>\n<meta name=\"author\" content=\"admin\" \/>\n<meta name=\"twitter:card\" content=\"summary_large_image\" \/>\n<meta name=\"twitter:label1\" content=\"Written by\" \/>\n\t<meta name=\"twitter:data1\" content=\"admin\" \/>\n\t<meta name=\"twitter:label2\" content=\"Est. reading time\" \/>\n\t<meta name=\"twitter:data2\" content=\"4 minutes\" \/>\n<script type=\"application\/ld+json\" class=\"yoast-schema-graph\">{\"@context\":\"https:\\\/\\\/schema.org\",\"@graph\":[{\"@type\":\"Article\",\"@id\":\"https:\\\/\\\/fjala.info\\\/2009-2015\\\/opozita-triumfon-me-heshtje\\\/#article\",\"isPartOf\":{\"@id\":\"https:\\\/\\\/fjala.info\\\/2009-2015\\\/opozita-triumfon-me-heshtje\\\/\"},\"author\":{\"name\":\"admin\",\"@id\":\"https:\\\/\\\/fjala.info\\\/2009-2015\\\/#\\\/schema\\\/person\\\/3aa1163ef05469c496fc94e77611ada2\"},\"headline\":\"Opozita triumfon me heshtje\",\"datePublished\":\"2011-01-30T05:08:12+00:00\",\"mainEntityOfPage\":{\"@id\":\"https:\\\/\\\/fjala.info\\\/2009-2015\\\/opozita-triumfon-me-heshtje\\\/\"},\"wordCount\":772,\"commentCount\":0,\"publisher\":{\"@id\":\"https:\\\/\\\/fjala.info\\\/2009-2015\\\/#organization\"},\"image\":{\"@id\":\"https:\\\/\\\/fjala.info\\\/2009-2015\\\/opozita-triumfon-me-heshtje\\\/#primaryimage\"},\"thumbnailUrl\":\"http:\\\/\\\/fjala.shkoder.net\\\/wp-content\\\/uploads\\\/2011\\\/01\\\/200mije_homazhe1-300x200.jpg\",\"articleSection\":[\"Artikuj\"],\"inLanguage\":\"sq-AL\",\"potentialAction\":[{\"@type\":\"CommentAction\",\"name\":\"Comment\",\"target\":[\"https:\\\/\\\/fjala.info\\\/2009-2015\\\/opozita-triumfon-me-heshtje\\\/#respond\"]}]},{\"@type\":\"WebPage\",\"@id\":\"https:\\\/\\\/fjala.info\\\/2009-2015\\\/opozita-triumfon-me-heshtje\\\/\",\"url\":\"https:\\\/\\\/fjala.info\\\/2009-2015\\\/opozita-triumfon-me-heshtje\\\/\",\"name\":\"Opozita triumfon me heshtje - FjALA e LIR\u00cb - Arkivi\",\"isPartOf\":{\"@id\":\"https:\\\/\\\/fjala.info\\\/2009-2015\\\/#website\"},\"primaryImageOfPage\":{\"@id\":\"https:\\\/\\\/fjala.info\\\/2009-2015\\\/opozita-triumfon-me-heshtje\\\/#primaryimage\"},\"image\":{\"@id\":\"https:\\\/\\\/fjala.info\\\/2009-2015\\\/opozita-triumfon-me-heshtje\\\/#primaryimage\"},\"thumbnailUrl\":\"http:\\\/\\\/fjala.shkoder.net\\\/wp-content\\\/uploads\\\/2011\\\/01\\\/200mije_homazhe1-300x200.jpg\",\"datePublished\":\"2011-01-30T05:08:12+00:00\",\"breadcrumb\":{\"@id\":\"https:\\\/\\\/fjala.info\\\/2009-2015\\\/opozita-triumfon-me-heshtje\\\/#breadcrumb\"},\"inLanguage\":\"sq-AL\",\"potentialAction\":[{\"@type\":\"ReadAction\",\"target\":[\"https:\\\/\\\/fjala.info\\\/2009-2015\\\/opozita-triumfon-me-heshtje\\\/\"]}]},{\"@type\":\"ImageObject\",\"inLanguage\":\"sq-AL\",\"@id\":\"https:\\\/\\\/fjala.info\\\/2009-2015\\\/opozita-triumfon-me-heshtje\\\/#primaryimage\",\"url\":\"http:\\\/\\\/fjala.shkoder.net\\\/wp-content\\\/uploads\\\/2011\\\/01\\\/200mije_homazhe1-300x200.jpg\",\"contentUrl\":\"http:\\\/\\\/fjala.shkoder.net\\\/wp-content\\\/uploads\\\/2011\\\/01\\\/200mije_homazhe1-300x200.jpg\"},{\"@type\":\"BreadcrumbList\",\"@id\":\"https:\\\/\\\/fjala.info\\\/2009-2015\\\/opozita-triumfon-me-heshtje\\\/#breadcrumb\",\"itemListElement\":[{\"@type\":\"ListItem\",\"position\":1,\"name\":\"Home\",\"item\":\"https:\\\/\\\/fjala.info\\\/2009-2015\\\/\"},{\"@type\":\"ListItem\",\"position\":2,\"name\":\"Opozita triumfon me heshtje\"}]},{\"@type\":\"WebSite\",\"@id\":\"https:\\\/\\\/fjala.info\\\/2009-2015\\\/#website\",\"url\":\"https:\\\/\\\/fjala.info\\\/2009-2015\\\/\",\"name\":\"FjALA e LIR\u00cb - Arkivi\",\"description\":\"Arkivi 2009-2015\",\"publisher\":{\"@id\":\"https:\\\/\\\/fjala.info\\\/2009-2015\\\/#organization\"},\"potentialAction\":[{\"@type\":\"SearchAction\",\"target\":{\"@type\":\"EntryPoint\",\"urlTemplate\":\"https:\\\/\\\/fjala.info\\\/2009-2015\\\/?s={search_term_string}\"},\"query-input\":{\"@type\":\"PropertyValueSpecification\",\"valueRequired\":true,\"valueName\":\"search_term_string\"}}],\"inLanguage\":\"sq-AL\"},{\"@type\":\"Organization\",\"@id\":\"https:\\\/\\\/fjala.info\\\/2009-2015\\\/#organization\",\"name\":\"FjALA e LIR\u00cb - Arkivi\",\"url\":\"https:\\\/\\\/fjala.info\\\/2009-2015\\\/\",\"logo\":{\"@type\":\"ImageObject\",\"inLanguage\":\"sq-AL\",\"@id\":\"https:\\\/\\\/fjala.info\\\/2009-2015\\\/#\\\/schema\\\/logo\\\/image\\\/\",\"url\":\"\",\"contentUrl\":\"\",\"caption\":\"FjALA e LIR\u00cb - Arkivi\"},\"image\":{\"@id\":\"https:\\\/\\\/fjala.info\\\/2009-2015\\\/#\\\/schema\\\/logo\\\/image\\\/\"}},{\"@type\":\"Person\",\"@id\":\"https:\\\/\\\/fjala.info\\\/2009-2015\\\/#\\\/schema\\\/person\\\/3aa1163ef05469c496fc94e77611ada2\",\"name\":\"admin\",\"image\":{\"@type\":\"ImageObject\",\"inLanguage\":\"sq-AL\",\"@id\":\"https:\\\/\\\/fjala.info\\\/2009-2015\\\/wp-content\\\/uploads\\\/2012\\\/02\\\/arben_cokaj-120x150.jpg\",\"url\":\"https:\\\/\\\/fjala.info\\\/2009-2015\\\/wp-content\\\/uploads\\\/2012\\\/02\\\/arben_cokaj-120x150.jpg\",\"contentUrl\":\"https:\\\/\\\/fjala.info\\\/2009-2015\\\/wp-content\\\/uploads\\\/2012\\\/02\\\/arben_cokaj-120x150.jpg\",\"caption\":\"admin\"},\"description\":\"Admin, Fjala e Lir\u00eb\",\"sameAs\":[\"https:\\\/\\\/fjala.info\\\/\"],\"url\":\"https:\\\/\\\/fjala.info\\\/2009-2015\\\/author\\\/admin\\\/\"}]}<\/script>\n<!-- \/ Yoast SEO plugin. -->","yoast_head_json":{"title":"Opozita triumfon me heshtje - FjALA e LIR\u00cb - Arkivi","robots":{"index":"index","follow":"follow","max-snippet":"max-snippet:-1","max-image-preview":"max-image-preview:large","max-video-preview":"max-video-preview:-1"},"canonical":"https:\/\/fjala.info\/2009-2015\/opozita-triumfon-me-heshtje\/","og_locale":"sq_AL","og_type":"article","og_title":"Opozita triumfon me heshtje - FjALA e LIR\u00cb - Arkivi","og_description":"Daniele Mastrogiacomo Nderim n\u00eb paqe Tirana n\u00eb shesh, n\u00eb kujtim t\u00eb tri viktimave, opozita fiton betej\u00ebn Njer\u00ebzit kan\u00eb puthur, prekur, p\u00ebrsh\u00ebndetur, fotot e viktimave dhe u shp\u00ebrndan\u00eb n\u00eb nj\u00eb p\u00ebrqafim t\u00eb madh virtual. Por \u00ebsht\u00eb vet\u00ebm nj\u00eb nga shum\u00eb etapat e nj\u00eb beteje q\u00eb do t\u00eb vazhdoj\u00eb n\u00eb dit\u00ebt e ardhshme. Ka tre t\u00eb vdekur [&hellip;]","og_url":"https:\/\/fjala.info\/2009-2015\/opozita-triumfon-me-heshtje\/","og_site_name":"FjALA e LIR\u00cb - Arkivi","article_published_time":"2011-01-30T05:08:12+00:00","og_image":[{"url":"http:\/\/fjala.shkoder.net\/wp-content\/uploads\/2011\/01\/200mije_homazhe1-300x200.jpg","type":"","width":"","height":""}],"author":"admin","twitter_card":"summary_large_image","twitter_misc":{"Written by":"admin","Est. reading time":"4 minutes"},"schema":{"@context":"https:\/\/schema.org","@graph":[{"@type":"Article","@id":"https:\/\/fjala.info\/2009-2015\/opozita-triumfon-me-heshtje\/#article","isPartOf":{"@id":"https:\/\/fjala.info\/2009-2015\/opozita-triumfon-me-heshtje\/"},"author":{"name":"admin","@id":"https:\/\/fjala.info\/2009-2015\/#\/schema\/person\/3aa1163ef05469c496fc94e77611ada2"},"headline":"Opozita triumfon me heshtje","datePublished":"2011-01-30T05:08:12+00:00","mainEntityOfPage":{"@id":"https:\/\/fjala.info\/2009-2015\/opozita-triumfon-me-heshtje\/"},"wordCount":772,"commentCount":0,"publisher":{"@id":"https:\/\/fjala.info\/2009-2015\/#organization"},"image":{"@id":"https:\/\/fjala.info\/2009-2015\/opozita-triumfon-me-heshtje\/#primaryimage"},"thumbnailUrl":"http:\/\/fjala.shkoder.net\/wp-content\/uploads\/2011\/01\/200mije_homazhe1-300x200.jpg","articleSection":["Artikuj"],"inLanguage":"sq-AL","potentialAction":[{"@type":"CommentAction","name":"Comment","target":["https:\/\/fjala.info\/2009-2015\/opozita-triumfon-me-heshtje\/#respond"]}]},{"@type":"WebPage","@id":"https:\/\/fjala.info\/2009-2015\/opozita-triumfon-me-heshtje\/","url":"https:\/\/fjala.info\/2009-2015\/opozita-triumfon-me-heshtje\/","name":"Opozita triumfon me heshtje - FjALA e LIR\u00cb - Arkivi","isPartOf":{"@id":"https:\/\/fjala.info\/2009-2015\/#website"},"primaryImageOfPage":{"@id":"https:\/\/fjala.info\/2009-2015\/opozita-triumfon-me-heshtje\/#primaryimage"},"image":{"@id":"https:\/\/fjala.info\/2009-2015\/opozita-triumfon-me-heshtje\/#primaryimage"},"thumbnailUrl":"http:\/\/fjala.shkoder.net\/wp-content\/uploads\/2011\/01\/200mije_homazhe1-300x200.jpg","datePublished":"2011-01-30T05:08:12+00:00","breadcrumb":{"@id":"https:\/\/fjala.info\/2009-2015\/opozita-triumfon-me-heshtje\/#breadcrumb"},"inLanguage":"sq-AL","potentialAction":[{"@type":"ReadAction","target":["https:\/\/fjala.info\/2009-2015\/opozita-triumfon-me-heshtje\/"]}]},{"@type":"ImageObject","inLanguage":"sq-AL","@id":"https:\/\/fjala.info\/2009-2015\/opozita-triumfon-me-heshtje\/#primaryimage","url":"http:\/\/fjala.shkoder.net\/wp-content\/uploads\/2011\/01\/200mije_homazhe1-300x200.jpg","contentUrl":"http:\/\/fjala.shkoder.net\/wp-content\/uploads\/2011\/01\/200mije_homazhe1-300x200.jpg"},{"@type":"BreadcrumbList","@id":"https:\/\/fjala.info\/2009-2015\/opozita-triumfon-me-heshtje\/#breadcrumb","itemListElement":[{"@type":"ListItem","position":1,"name":"Home","item":"https:\/\/fjala.info\/2009-2015\/"},{"@type":"ListItem","position":2,"name":"Opozita triumfon me heshtje"}]},{"@type":"WebSite","@id":"https:\/\/fjala.info\/2009-2015\/#website","url":"https:\/\/fjala.info\/2009-2015\/","name":"FjALA e LIR\u00cb - Arkivi","description":"Arkivi 2009-2015","publisher":{"@id":"https:\/\/fjala.info\/2009-2015\/#organization"},"potentialAction":[{"@type":"SearchAction","target":{"@type":"EntryPoint","urlTemplate":"https:\/\/fjala.info\/2009-2015\/?s={search_term_string}"},"query-input":{"@type":"PropertyValueSpecification","valueRequired":true,"valueName":"search_term_string"}}],"inLanguage":"sq-AL"},{"@type":"Organization","@id":"https:\/\/fjala.info\/2009-2015\/#organization","name":"FjALA e LIR\u00cb - Arkivi","url":"https:\/\/fjala.info\/2009-2015\/","logo":{"@type":"ImageObject","inLanguage":"sq-AL","@id":"https:\/\/fjala.info\/2009-2015\/#\/schema\/logo\/image\/","url":"","contentUrl":"","caption":"FjALA e LIR\u00cb - Arkivi"},"image":{"@id":"https:\/\/fjala.info\/2009-2015\/#\/schema\/logo\/image\/"}},{"@type":"Person","@id":"https:\/\/fjala.info\/2009-2015\/#\/schema\/person\/3aa1163ef05469c496fc94e77611ada2","name":"admin","image":{"@type":"ImageObject","inLanguage":"sq-AL","@id":"https:\/\/fjala.info\/2009-2015\/wp-content\/uploads\/2012\/02\/arben_cokaj-120x150.jpg","url":"https:\/\/fjala.info\/2009-2015\/wp-content\/uploads\/2012\/02\/arben_cokaj-120x150.jpg","contentUrl":"https:\/\/fjala.info\/2009-2015\/wp-content\/uploads\/2012\/02\/arben_cokaj-120x150.jpg","caption":"admin"},"description":"Admin, Fjala e Lir\u00eb","sameAs":["https:\/\/fjala.info\/"],"url":"https:\/\/fjala.info\/2009-2015\/author\/admin\/"}]}},"_links":{"self":[{"href":"https:\/\/fjala.info\/2009-2015\/wp-json\/wp\/v2\/posts\/6011","targetHints":{"allow":["GET"]}}],"collection":[{"href":"https:\/\/fjala.info\/2009-2015\/wp-json\/wp\/v2\/posts"}],"about":[{"href":"https:\/\/fjala.info\/2009-2015\/wp-json\/wp\/v2\/types\/post"}],"author":[{"embeddable":true,"href":"https:\/\/fjala.info\/2009-2015\/wp-json\/wp\/v2\/users\/1"}],"replies":[{"embeddable":true,"href":"https:\/\/fjala.info\/2009-2015\/wp-json\/wp\/v2\/comments?post=6011"}],"version-history":[{"count":0,"href":"https:\/\/fjala.info\/2009-2015\/wp-json\/wp\/v2\/posts\/6011\/revisions"}],"wp:attachment":[{"href":"https:\/\/fjala.info\/2009-2015\/wp-json\/wp\/v2\/media?parent=6011"}],"wp:term":[{"taxonomy":"category","embeddable":true,"href":"https:\/\/fjala.info\/2009-2015\/wp-json\/wp\/v2\/categories?post=6011"},{"taxonomy":"post_tag","embeddable":true,"href":"https:\/\/fjala.info\/2009-2015\/wp-json\/wp\/v2\/tags?post=6011"}],"curies":[{"name":"wp","href":"https:\/\/api.w.org\/{rel}","templated":true}]}}