{"id":6009,"date":"2011-01-30T05:30:19","date_gmt":"2011-01-30T04:30:19","guid":{"rendered":"http:\/\/fjala.shkoder.net\/?p=6009"},"modified":"2011-01-30T05:30:19","modified_gmt":"2011-01-30T04:30:19","slug":"zgjidhja-e-krizes-ne-pese-variante","status":"publish","type":"post","link":"https:\/\/fjala.info\/2009-2015\/zgjidhja-e-krizes-ne-pese-variante\/","title":{"rendered":"Zgjidhja e kriz\u00ebs n\u00eb pes\u00eb variante"},"content":{"rendered":"<p>\nNga: <strong>AFRIM KRASNIQI <\/strong> <\/p>\n<p>Kur kaloi java e par\u00eb nga ngjarjet e jasht\u00ebzakonshme t\u00eb 21 prillit, t\u00eb cilat soll\u00ebn vrasjen e tre qytetar\u00ebve, plagosjen e disa dhjet\u00ebra efektivave t\u00eb policis\u00eb dhe civil\u00ebve protestues, Shqip\u00ebria nuk ka b\u00ebr\u00eb ende asnj\u00eb hap p\u00ebrpara p\u00ebr zgjidhjen e kriz\u00ebs. Si n\u00eb nj\u00eb betej\u00eb lufte, pal\u00ebt vet\u00ebm sa kan\u00eb b\u00ebr\u00eb bilancin e tyre t\u00eb brendsh\u00ebm, kan\u00eb mobilizuar militant\u00ebt e strukturat, kan\u00eb testuar mb\u00ebshtetjen e tyre nd\u00ebrkomb\u00ebtare dhe kan\u00eb tentuar t\u00eb zhvendosin konfliktin nga rruga n\u00eb institucionet politike. Prokuroria po heton, por ende nuk ka shenja se rezultatet e saj do t\u00eb jen\u00eb t\u00eb shpejta dhe efektive. Qeveria ka refuzuar t\u00eb d\u00ebrgoj\u00eb gardist\u00ebt e akuzuar n\u00eb prokurori dhe ka nd\u00ebrmarr\u00eb nj\u00eb fushat\u00eb intensive denigrimi, sulmi dhe akuzash ndaj prokuroris\u00eb, gjykat\u00ebs, sh\u00ebrbimit sekret dhe s\u00eb fundi, edhe Presidentit t\u00eb Republik\u00ebs. <\/p>\n<p>N\u00eb k\u00ebto rrethana shoq\u00ebria \u00ebsht\u00eb ndar\u00eb n\u00eb gjykime p\u00ebrjashtuese bardh e zi, ku q\u00ebndrimi i paansh\u00ebm shihet si reshtim me tjetrin, ku vendin e institucioneve t\u00eb forta kushtetuese e kan\u00eb z\u00ebn\u00eb lider\u00ebt e fort\u00eb partiak\u00eb, ku qeveria e opozita, parlamenti dhe organet e siguris\u00eb kan\u00eb braktisur pozitat kushtetuese dhe jan\u00eb shnd\u00ebrruar n\u00eb shtojca t\u00eb retorik\u00ebs p\u00ebrjashtuese. Syt\u00eb e t\u00eb gjith\u00ebve jan\u00eb drejtuar tek faktori nd\u00ebrkomb\u00ebtar, SHBA dhe BE, me shpres\u00ebn se ata do t\u00eb nd\u00ebrhyjn\u00eb p\u00ebr t\u2019i dh\u00ebn\u00eb fund \u00e7menduris\u00eb kolektive t\u00eb Tiran\u00ebs politike. T\u00eb gjith\u00eb pra kryejn\u00eb ritin tradicional t\u00eb krizave shqiptare, dhe gabimisht, ende nuk ka nisur debati thelb\u00ebsor; &#8211; \u00e7far\u00eb do t\u00eb ndodh\u00eb dhe \u00e7far\u00eb duhet t\u00eb ndodh\u00eb p\u00ebr t\u2019u ndar\u00eb nga krizat permanente. <\/p>\n<p>Mesazhi nd\u00ebrkomb\u00ebtar \u00ebsht\u00eb unik: Duhet dialog e marr\u00ebveshje midis dy lider\u00ebve politik\u00eb Berisha e Rama. Ata prej koh\u00ebsh nuk pranojn\u00eb rol aktiv n\u00eb dialog, por vet\u00ebm e nxisin dhe e mb\u00ebshtesin at\u00eb. Teza e tyre bazohet n\u00eb p\u00ebrvoj\u00ebn dhe modelet e sjelljes politike q\u00eb kemi par\u00eb n\u00eb vende me demokraci t\u00eb konsoliduar dhe politikan\u00eb t\u00eb p\u00ebrgjegjsh\u00ebm p\u00ebr interesat madhore t\u00eb vendeve t\u00eb tyre. N\u00eb k\u00ebto vende \u00e7do kriz\u00eb zgjidhet me bisedime dhe konsultimet pozit\u00eb \u2013 opozit\u00eb jan\u00eb m\u00eb se normale. Ajo q\u00eb nd\u00ebrkomb\u00ebtar\u00ebt e din\u00eb, por ende nuk e pranojn\u00eb \u00ebsht\u00eb se n\u00eb Shqip\u00ebri ky opsion zgjidhjeje \u00ebsht\u00eb joefektiv dhe ireal.<\/p>\n<p>Pal\u00ebt politike kan\u00eb shkuar aq larg nga nj\u00ebra tjetra, liderit politik\u00eb kan\u00eb shkuar aq larg nga nj\u00ebri tjetri, sa vet\u00ebm nj\u00eb forc\u00eb madhore mund t\u00eb sjell\u00eb qet\u00ebsi e besim midis tyre. Ata kan\u00eb axhend\u00eb t\u00eb kund\u00ebrt personale, ambicie dhe projekte t\u00eb ndryshme, gati p\u00ebrjashtuese p\u00ebr nj\u00ebri tjetrin. Shum\u00ebkush mendon se ky takim \u201chistorik\u201d nuk mund t\u00eb jet\u00eb zgjidhje dhe p\u00ebr m\u00eb tep\u00ebr, garanci p\u00ebr stabilitetin demokratik p\u00ebr vendin. Sepse askush m\u00eb shum\u00eb se k\u00ebta dy lider\u00eb nuk kan\u00eb p\u00ebrgjegj\u00ebsi p\u00ebr kriz\u00ebn politike n\u00eb Shqip\u00ebri, bllokimin nj\u00ebvje\u00e7ar, ndryshimet kushtetuese si dhe dhun\u00ebn apo viktimat e dat\u00ebs 21 janar. Dhe kur kemi nj\u00eb bilanc t\u00eb till\u00eb, \u00ebsht\u00eb gati fetare dhe utopike t\u00eb besohet ende q\u00eb brenda dit\u00ebs djalli t\u00eb b\u00ebhet engj\u00ebll dhe m\u00ebkatari shp\u00ebtimtar. <\/p>\n<p>Gjendja si\u00e7 \u00ebsht\u00eb nuk mund t\u00eb vijoj\u00eb. Tensioni politik do t\u00eb zgjerohet, parlamenti do t\u00eb mbetet i bllokuar (sidomos pas rezolut\u00ebs absurde t\u00eb nj\u00eb pale kund\u00ebr pal\u00ebs tjet\u00ebr), qeveria do t\u00eb merret edhe m\u00eb tej me luft\u00eb politike jo me qeverisjen e vendit, institucionet e siguris\u00eb do t\u00eb jen\u00eb gjithnj\u00eb e m\u00eb shum\u00eb sigurie, opozita mund t\u00eb bojkotoj\u00eb duke bllokuar zgjedhjet lokale dhe kriza n\u00eb vend do t\u00eb p\u00ebrshkall\u00ebzohet. Edhe modeli i 2010 p\u00ebr dialog formal e bisedime formale, sipas tradit\u00ebs, \u201cmerru me procedura p\u00ebr t\u00eb fituar koh\u00eb\u201d, nuk ka m\u00eb mb\u00ebshtetje mes pal\u00ebve dhe as nga opinion publik vendas. <\/p>\n<p>N\u00eb k\u00ebto rrethana, variantet e zgjidhjes jan\u00eb politike, vet\u00ebm politike. PD dhe PS mund t\u00eb p\u00ebrdorin mocionin e besimit ose t\u00eb mosbesimit p\u00ebr t\u00eb testuar publikisht mb\u00ebshtetjen e tyre, si l\u00ebvizje kushtetuese p\u00ebr t\u00eb fituar koh\u00eb dhe p\u00ebr t\u00eb imponuar zgjidhje sa m\u00eb institucionale t\u00eb kriz\u00ebs. Ky variant mund t\u00eb mos jet\u00eb zgjidhje finale, pasi zgjedhjet lokale jan\u00eb af\u00ebr dhe kriza do t\u00eb ket\u00eb aty kulmimin e saj. <\/p>\n<p>Nj\u00eb varianti i dyt\u00eb \u00ebsht\u00eb shpallja e zgjedhjeve t\u00eb parakohshme parlamentare. kjo mund t\u00eb b\u00ebhet me qeveri teknike ose qeveri aktuale, me garanci p\u00ebr transparenc\u00eb p\u00ebr ruajtjen e integritetit t\u00eb votimit. Ky opsion p\u00ebrjashtohet nga maxhoranca, e cila n\u00ebse e pranon, automatikisht pranon largimin nga pushteti. Ajo refuzon \u00e7do zgjidhje \u201cin ekstremis\u201d n\u00eb em\u00ebr t\u00eb legjitimitetit elektoral dhe e shtyn kriz\u00ebn deri n\u00eb zgjedhjet lokale, me shpres\u00ebn p\u00ebr t\u00eb krijuar nj\u00eb kriz\u00eb t\u00eb re zgjedhore e lokale q\u00eb sposton kriz\u00ebn politike parlamentare. Opozita synon zgjedhje t\u00eb parakohshme, k\u00ebrkes\u00eb maksimale, t\u00eb cil\u00ebn ajo \u00ebsht\u00eb e vet\u00ebdijshme se aktualisht nuk pranohet. N\u00ebse vendi shkon n\u00eb zgjedhje t\u00eb parakohshme duhet t\u00eb merren n\u00eb konsiderat\u00eb dy skenar\u00eb: n\u00ebse b\u00ebhen nj\u00ebsoj me zgjedhjet lokale (duhet ndryshim n\u00eb legjislacionin zgjedhor) ose n\u00ebse llogariten n\u00eb vjesht\u00eb (dy zgjedhje n\u00eb pak muaj jan\u00eb absolutisht t\u00eb papranueshme p\u00ebr ekonomin\u00eb shqiptare). <\/p>\n<p>Varianti i tret\u00eb \u00ebsht\u00eb krijimi i nj\u00eb qeverie integrimi dypal\u00ebsh, maxhoranc\u00eb dhe opozit\u00eb, me mandat dyvje\u00e7ar, me axhend\u00eb ligjet themelore q\u00eb kan\u00eb t\u00eb b\u00ebjn\u00eb me k\u00ebrkesat e statutit kandidat p\u00ebr n\u00eb BE. Ky variant do t\u00eb mir\u00ebpritej nga qytetar\u00ebt dhe faktori nd\u00ebrkomb\u00ebtar, por \u00ebsht\u00eb nd\u00ebshkues p\u00ebr dy liderit kryesor\u00eb politik\u00eb n\u00eb ambiciet e tyre p\u00ebr t\u00eb qen\u00eb kryeminist\u00ebr, si dhe p\u00ebr nj\u00eb num\u00ebr t\u00eb madh politikan\u00ebsh t\u00eb korruptuar t\u00eb dy krah\u00ebve, t\u00eb cil\u00ebt do t\u00eb jen\u00eb t\u00eb detyruar t\u00eb p\u00ebrjashtohen nga vendimmarrja n\u00eb qeverisjen e vendit. <\/p>\n<p>Varianti i kat\u00ebrt \u00ebsht\u00eb krijimi i nj\u00eb qeverie teknike me t\u00eb nj\u00ebjtin objektiv si ai i koalicionit t\u00eb madh. Ky variant do t\u00eb ishte m\u00eb i pranuesh\u00ebm p\u00ebr dy liderit politik\u00eb meqen\u00ebse automatikisht p\u00ebrjashton politik\u00ebt n\u00eb qeveri dhe krijon nj\u00eb mekaniz\u00ebm administrimi jopartiak, pa efekte pozitive ose negative n\u00eb axhend\u00ebn elektorale t\u00eb dy partive t\u00eb m\u00ebdha. Edhe ky variant ka mb\u00ebshtetje nd\u00ebrkomb\u00ebtare e publike. Gjithsesi, aktualisht asnj\u00ebra pal\u00eb nuk \u00ebsht\u00eb ende n\u00eb at\u00eb gjendje sa ta pranoj\u00eb dhe ky variant mund t\u00eb vij\u00eb vet\u00ebm n\u00eb momentin kur jan\u00eb konsumuar t\u00eb gjitha variantet e tjera partizane e bipartizane. <\/p>\n<p>Varianti i pest\u00eb varet direkt vet\u00ebm nga maxhoranca. N\u00ebse ajo aplikon modelin e PS t\u00eb vitit 2002, pra ndryshim t\u00eb qeveris\u00eb me nj\u00eb lidership t\u00eb ri brenda radh\u00ebve t\u00eb saj, opozita nuk do t\u00eb mund ta bllokoj\u00eb moralisht e politikisht funksionimin e saj p\u00ebr t\u00eb pakt\u00ebn 1 vit. Ky variant lidhet vet\u00ebm me axhend\u00ebn personale t\u00eb kryeministrit aktual dhe me at\u00eb sesa ai \u00ebsht\u00eb i gatsh\u00ebm t\u00eb ofroj\u00eb zgjidhje politike t\u00eb pakusht\u00ebzuar. N\u00eb kushtet aktuale, edhe ky skenar ende nuk po merret n\u00eb konsiderat\u00eb nga pal\u00ebt. <\/p>\n<p>Jasht\u00eb t\u00eb gjith\u00eb skenar\u00ebve t\u00eb mundsh\u00ebm, zgjidhja optimale dhe afatgjat\u00eb mbetet nj\u00eb dhe vet\u00ebm nj\u00eb: negociatori nd\u00ebrkomb\u00ebtar (BE) t\u00eb ofroj\u00eb si nj\u00eb zgjidhje ekstra, nj\u00eb prej varianteve t\u00eb m\u00ebsip\u00ebrme, ose nj\u00eb kombinim midis tyre, me kushtin q\u00eb pal\u00ebt t\u00eb jen\u00eb t\u00eb detyruara ta pranojn\u00eb. Ai duhet monitoroj\u00eb hetimin e plot\u00eb mbi 21 janarin, dhun\u00ebn dhe sidomos vrasjet dhe n\u00eb plan m\u00eb afatgjat\u00eb, t\u00eb marr\u00eb p\u00ebrsip\u00ebr administrimin zgjedhor si dhe t\u00eb nxis\u00eb korrektimin e sistemit politik shqiptar (sistemit elektoral e kushtetues). Sa m\u00eb par\u00eb q\u00eb kjo t\u00eb ndodh\u00eb, aq m\u00eb shpejt kriza do t\u00eb mbyllet dhe vendi do ti kthehet normalitetit. \u00c7do alibi kund\u00ebr, retorika e sovranitetit apo e mosnd\u00ebrhyrjes s\u00eb huaj, jan\u00eb minore n\u00eb raport me nevojat urgjente t\u00eb Shqip\u00ebris\u00eb p\u00ebr demokraci funksionale dhe stabilitet demokratik. <\/p>\n<p>BE e SHBA me t\u00eb drejt\u00eb mendojn\u00eb se nj\u00eb vend n\u00eb NATO e kandidat p\u00ebr BE nuk duhet t\u00eb pres\u00eb zgjidhje nga jasht\u00eb, por n\u00eb kushtet aktuale ku vendi \u00ebsht\u00eb peng i politik\u00ebs ekstreme, p\u00ebrjashtuese dhe pa zgjidhje, \u00ebsht\u00eb p\u00ebrgjegj\u00ebsi e Brukselit q\u00eb t\u00eb sillet jasht\u00eb praktikave diplomatike. N\u00ebse Brukseli nuk e b\u00ebn sot k\u00ebt\u00eb, nes\u00ebr, nuk p\u00ebrjashtohet mund\u00ebsia q\u00eb ai t\u00eb jet\u00eb i detyruar t\u00eb sjell\u00eb p\u00ebrs\u00ebri misione diplomatike paqeje dhe pse jo, edhe ushtarake p\u00ebr ruajtjen e qet\u00ebsis\u00eb dhe normalitetit n\u00eb Shqip\u00ebri.  <\/p>\n","protected":false},"excerpt":{"rendered":"<p>Nga: AFRIM KRASNIQI Kur kaloi java e par\u00eb nga ngjarjet e jasht\u00ebzakonshme t\u00eb 21 prillit, t\u00eb cilat soll\u00ebn vrasjen e tre qytetar\u00ebve, plagosjen e disa dhjet\u00ebra efektivave t\u00eb policis\u00eb dhe civil\u00ebve protestues, Shqip\u00ebria nuk ka b\u00ebr\u00eb ende asnj\u00eb hap p\u00ebrpara p\u00ebr zgjidhjen e kriz\u00ebs. Si n\u00eb nj\u00eb betej\u00eb lufte, pal\u00ebt vet\u00ebm sa kan\u00eb b\u00ebr\u00eb bilancin [&hellip;]<\/p>\n","protected":false},"author":1,"featured_media":0,"comment_status":"open","ping_status":"closed","sticky":false,"template":"","format":"standard","meta":{"footnotes":""},"categories":[2],"tags":[],"class_list":{"0":"post-6009","1":"post","2":"type-post","3":"status-publish","4":"format-standard","6":"category-artikuj"},"yoast_head":"<!-- This site is optimized with the Yoast SEO plugin v27.4 - https:\/\/yoast.com\/product\/yoast-seo-wordpress\/ -->\n<title>Zgjidhja e kriz\u00ebs n\u00eb pes\u00eb variante - FjALA e LIR\u00cb - Arkivi<\/title>\n<meta name=\"robots\" content=\"index, follow, max-snippet:-1, max-image-preview:large, max-video-preview:-1\" \/>\n<link rel=\"canonical\" href=\"https:\/\/fjala.info\/2009-2015\/zgjidhja-e-krizes-ne-pese-variante\/\" \/>\n<meta property=\"og:locale\" content=\"sq_AL\" \/>\n<meta property=\"og:type\" content=\"article\" \/>\n<meta property=\"og:title\" content=\"Zgjidhja e kriz\u00ebs n\u00eb pes\u00eb variante - FjALA e LIR\u00cb - Arkivi\" \/>\n<meta property=\"og:description\" content=\"Nga: AFRIM KRASNIQI Kur kaloi java e par\u00eb nga ngjarjet e jasht\u00ebzakonshme t\u00eb 21 prillit, t\u00eb cilat soll\u00ebn vrasjen e tre qytetar\u00ebve, plagosjen e disa dhjet\u00ebra efektivave t\u00eb policis\u00eb dhe civil\u00ebve protestues, Shqip\u00ebria nuk ka b\u00ebr\u00eb ende asnj\u00eb hap p\u00ebrpara p\u00ebr zgjidhjen e kriz\u00ebs. Si n\u00eb nj\u00eb betej\u00eb lufte, pal\u00ebt vet\u00ebm sa kan\u00eb b\u00ebr\u00eb bilancin [&hellip;]\" \/>\n<meta property=\"og:url\" content=\"https:\/\/fjala.info\/2009-2015\/zgjidhja-e-krizes-ne-pese-variante\/\" \/>\n<meta property=\"og:site_name\" content=\"FjALA e LIR\u00cb - Arkivi\" \/>\n<meta property=\"article:published_time\" content=\"2011-01-30T04:30:19+00:00\" \/>\n<meta name=\"author\" content=\"admin\" \/>\n<meta name=\"twitter:card\" content=\"summary_large_image\" \/>\n<meta name=\"twitter:label1\" content=\"Written by\" \/>\n\t<meta name=\"twitter:data1\" content=\"admin\" \/>\n\t<meta name=\"twitter:label2\" content=\"Est. reading time\" \/>\n\t<meta name=\"twitter:data2\" content=\"7 minutes\" \/>\n<script type=\"application\/ld+json\" class=\"yoast-schema-graph\">{\"@context\":\"https:\\\/\\\/schema.org\",\"@graph\":[{\"@type\":\"Article\",\"@id\":\"https:\\\/\\\/fjala.info\\\/2009-2015\\\/zgjidhja-e-krizes-ne-pese-variante\\\/#article\",\"isPartOf\":{\"@id\":\"https:\\\/\\\/fjala.info\\\/2009-2015\\\/zgjidhja-e-krizes-ne-pese-variante\\\/\"},\"author\":{\"name\":\"admin\",\"@id\":\"https:\\\/\\\/fjala.info\\\/2009-2015\\\/#\\\/schema\\\/person\\\/3aa1163ef05469c496fc94e77611ada2\"},\"headline\":\"Zgjidhja e kriz\u00ebs n\u00eb pes\u00eb variante\",\"datePublished\":\"2011-01-30T04:30:19+00:00\",\"mainEntityOfPage\":{\"@id\":\"https:\\\/\\\/fjala.info\\\/2009-2015\\\/zgjidhja-e-krizes-ne-pese-variante\\\/\"},\"wordCount\":1467,\"commentCount\":0,\"publisher\":{\"@id\":\"https:\\\/\\\/fjala.info\\\/2009-2015\\\/#organization\"},\"articleSection\":[\"Artikuj\"],\"inLanguage\":\"sq-AL\",\"potentialAction\":[{\"@type\":\"CommentAction\",\"name\":\"Comment\",\"target\":[\"https:\\\/\\\/fjala.info\\\/2009-2015\\\/zgjidhja-e-krizes-ne-pese-variante\\\/#respond\"]}]},{\"@type\":\"WebPage\",\"@id\":\"https:\\\/\\\/fjala.info\\\/2009-2015\\\/zgjidhja-e-krizes-ne-pese-variante\\\/\",\"url\":\"https:\\\/\\\/fjala.info\\\/2009-2015\\\/zgjidhja-e-krizes-ne-pese-variante\\\/\",\"name\":\"Zgjidhja e kriz\u00ebs n\u00eb pes\u00eb variante - FjALA e LIR\u00cb - Arkivi\",\"isPartOf\":{\"@id\":\"https:\\\/\\\/fjala.info\\\/2009-2015\\\/#website\"},\"datePublished\":\"2011-01-30T04:30:19+00:00\",\"breadcrumb\":{\"@id\":\"https:\\\/\\\/fjala.info\\\/2009-2015\\\/zgjidhja-e-krizes-ne-pese-variante\\\/#breadcrumb\"},\"inLanguage\":\"sq-AL\",\"potentialAction\":[{\"@type\":\"ReadAction\",\"target\":[\"https:\\\/\\\/fjala.info\\\/2009-2015\\\/zgjidhja-e-krizes-ne-pese-variante\\\/\"]}]},{\"@type\":\"BreadcrumbList\",\"@id\":\"https:\\\/\\\/fjala.info\\\/2009-2015\\\/zgjidhja-e-krizes-ne-pese-variante\\\/#breadcrumb\",\"itemListElement\":[{\"@type\":\"ListItem\",\"position\":1,\"name\":\"Home\",\"item\":\"https:\\\/\\\/fjala.info\\\/2009-2015\\\/\"},{\"@type\":\"ListItem\",\"position\":2,\"name\":\"Zgjidhja e kriz\u00ebs n\u00eb pes\u00eb variante\"}]},{\"@type\":\"WebSite\",\"@id\":\"https:\\\/\\\/fjala.info\\\/2009-2015\\\/#website\",\"url\":\"https:\\\/\\\/fjala.info\\\/2009-2015\\\/\",\"name\":\"FjALA e LIR\u00cb - Arkivi\",\"description\":\"Arkivi 2009-2015\",\"publisher\":{\"@id\":\"https:\\\/\\\/fjala.info\\\/2009-2015\\\/#organization\"},\"potentialAction\":[{\"@type\":\"SearchAction\",\"target\":{\"@type\":\"EntryPoint\",\"urlTemplate\":\"https:\\\/\\\/fjala.info\\\/2009-2015\\\/?s={search_term_string}\"},\"query-input\":{\"@type\":\"PropertyValueSpecification\",\"valueRequired\":true,\"valueName\":\"search_term_string\"}}],\"inLanguage\":\"sq-AL\"},{\"@type\":\"Organization\",\"@id\":\"https:\\\/\\\/fjala.info\\\/2009-2015\\\/#organization\",\"name\":\"FjALA e LIR\u00cb - Arkivi\",\"url\":\"https:\\\/\\\/fjala.info\\\/2009-2015\\\/\",\"logo\":{\"@type\":\"ImageObject\",\"inLanguage\":\"sq-AL\",\"@id\":\"https:\\\/\\\/fjala.info\\\/2009-2015\\\/#\\\/schema\\\/logo\\\/image\\\/\",\"url\":\"\",\"contentUrl\":\"\",\"caption\":\"FjALA e LIR\u00cb - Arkivi\"},\"image\":{\"@id\":\"https:\\\/\\\/fjala.info\\\/2009-2015\\\/#\\\/schema\\\/logo\\\/image\\\/\"}},{\"@type\":\"Person\",\"@id\":\"https:\\\/\\\/fjala.info\\\/2009-2015\\\/#\\\/schema\\\/person\\\/3aa1163ef05469c496fc94e77611ada2\",\"name\":\"admin\",\"image\":{\"@type\":\"ImageObject\",\"inLanguage\":\"sq-AL\",\"@id\":\"https:\\\/\\\/fjala.info\\\/2009-2015\\\/wp-content\\\/uploads\\\/2012\\\/02\\\/arben_cokaj-120x150.jpg\",\"url\":\"https:\\\/\\\/fjala.info\\\/2009-2015\\\/wp-content\\\/uploads\\\/2012\\\/02\\\/arben_cokaj-120x150.jpg\",\"contentUrl\":\"https:\\\/\\\/fjala.info\\\/2009-2015\\\/wp-content\\\/uploads\\\/2012\\\/02\\\/arben_cokaj-120x150.jpg\",\"caption\":\"admin\"},\"description\":\"Admin, Fjala e Lir\u00eb\",\"sameAs\":[\"https:\\\/\\\/fjala.info\\\/\"],\"url\":\"https:\\\/\\\/fjala.info\\\/2009-2015\\\/author\\\/admin\\\/\"}]}<\/script>\n<!-- \/ Yoast SEO plugin. -->","yoast_head_json":{"title":"Zgjidhja e kriz\u00ebs n\u00eb pes\u00eb variante - FjALA e LIR\u00cb - Arkivi","robots":{"index":"index","follow":"follow","max-snippet":"max-snippet:-1","max-image-preview":"max-image-preview:large","max-video-preview":"max-video-preview:-1"},"canonical":"https:\/\/fjala.info\/2009-2015\/zgjidhja-e-krizes-ne-pese-variante\/","og_locale":"sq_AL","og_type":"article","og_title":"Zgjidhja e kriz\u00ebs n\u00eb pes\u00eb variante - FjALA e LIR\u00cb - Arkivi","og_description":"Nga: AFRIM KRASNIQI Kur kaloi java e par\u00eb nga ngjarjet e jasht\u00ebzakonshme t\u00eb 21 prillit, t\u00eb cilat soll\u00ebn vrasjen e tre qytetar\u00ebve, plagosjen e disa dhjet\u00ebra efektivave t\u00eb policis\u00eb dhe civil\u00ebve protestues, Shqip\u00ebria nuk ka b\u00ebr\u00eb ende asnj\u00eb hap p\u00ebrpara p\u00ebr zgjidhjen e kriz\u00ebs. Si n\u00eb nj\u00eb betej\u00eb lufte, pal\u00ebt vet\u00ebm sa kan\u00eb b\u00ebr\u00eb bilancin [&hellip;]","og_url":"https:\/\/fjala.info\/2009-2015\/zgjidhja-e-krizes-ne-pese-variante\/","og_site_name":"FjALA e LIR\u00cb - Arkivi","article_published_time":"2011-01-30T04:30:19+00:00","author":"admin","twitter_card":"summary_large_image","twitter_misc":{"Written by":"admin","Est. reading time":"7 minutes"},"schema":{"@context":"https:\/\/schema.org","@graph":[{"@type":"Article","@id":"https:\/\/fjala.info\/2009-2015\/zgjidhja-e-krizes-ne-pese-variante\/#article","isPartOf":{"@id":"https:\/\/fjala.info\/2009-2015\/zgjidhja-e-krizes-ne-pese-variante\/"},"author":{"name":"admin","@id":"https:\/\/fjala.info\/2009-2015\/#\/schema\/person\/3aa1163ef05469c496fc94e77611ada2"},"headline":"Zgjidhja e kriz\u00ebs n\u00eb pes\u00eb variante","datePublished":"2011-01-30T04:30:19+00:00","mainEntityOfPage":{"@id":"https:\/\/fjala.info\/2009-2015\/zgjidhja-e-krizes-ne-pese-variante\/"},"wordCount":1467,"commentCount":0,"publisher":{"@id":"https:\/\/fjala.info\/2009-2015\/#organization"},"articleSection":["Artikuj"],"inLanguage":"sq-AL","potentialAction":[{"@type":"CommentAction","name":"Comment","target":["https:\/\/fjala.info\/2009-2015\/zgjidhja-e-krizes-ne-pese-variante\/#respond"]}]},{"@type":"WebPage","@id":"https:\/\/fjala.info\/2009-2015\/zgjidhja-e-krizes-ne-pese-variante\/","url":"https:\/\/fjala.info\/2009-2015\/zgjidhja-e-krizes-ne-pese-variante\/","name":"Zgjidhja e kriz\u00ebs n\u00eb pes\u00eb variante - FjALA e LIR\u00cb - Arkivi","isPartOf":{"@id":"https:\/\/fjala.info\/2009-2015\/#website"},"datePublished":"2011-01-30T04:30:19+00:00","breadcrumb":{"@id":"https:\/\/fjala.info\/2009-2015\/zgjidhja-e-krizes-ne-pese-variante\/#breadcrumb"},"inLanguage":"sq-AL","potentialAction":[{"@type":"ReadAction","target":["https:\/\/fjala.info\/2009-2015\/zgjidhja-e-krizes-ne-pese-variante\/"]}]},{"@type":"BreadcrumbList","@id":"https:\/\/fjala.info\/2009-2015\/zgjidhja-e-krizes-ne-pese-variante\/#breadcrumb","itemListElement":[{"@type":"ListItem","position":1,"name":"Home","item":"https:\/\/fjala.info\/2009-2015\/"},{"@type":"ListItem","position":2,"name":"Zgjidhja e kriz\u00ebs n\u00eb pes\u00eb variante"}]},{"@type":"WebSite","@id":"https:\/\/fjala.info\/2009-2015\/#website","url":"https:\/\/fjala.info\/2009-2015\/","name":"FjALA e LIR\u00cb - Arkivi","description":"Arkivi 2009-2015","publisher":{"@id":"https:\/\/fjala.info\/2009-2015\/#organization"},"potentialAction":[{"@type":"SearchAction","target":{"@type":"EntryPoint","urlTemplate":"https:\/\/fjala.info\/2009-2015\/?s={search_term_string}"},"query-input":{"@type":"PropertyValueSpecification","valueRequired":true,"valueName":"search_term_string"}}],"inLanguage":"sq-AL"},{"@type":"Organization","@id":"https:\/\/fjala.info\/2009-2015\/#organization","name":"FjALA e LIR\u00cb - Arkivi","url":"https:\/\/fjala.info\/2009-2015\/","logo":{"@type":"ImageObject","inLanguage":"sq-AL","@id":"https:\/\/fjala.info\/2009-2015\/#\/schema\/logo\/image\/","url":"","contentUrl":"","caption":"FjALA e LIR\u00cb - Arkivi"},"image":{"@id":"https:\/\/fjala.info\/2009-2015\/#\/schema\/logo\/image\/"}},{"@type":"Person","@id":"https:\/\/fjala.info\/2009-2015\/#\/schema\/person\/3aa1163ef05469c496fc94e77611ada2","name":"admin","image":{"@type":"ImageObject","inLanguage":"sq-AL","@id":"https:\/\/fjala.info\/2009-2015\/wp-content\/uploads\/2012\/02\/arben_cokaj-120x150.jpg","url":"https:\/\/fjala.info\/2009-2015\/wp-content\/uploads\/2012\/02\/arben_cokaj-120x150.jpg","contentUrl":"https:\/\/fjala.info\/2009-2015\/wp-content\/uploads\/2012\/02\/arben_cokaj-120x150.jpg","caption":"admin"},"description":"Admin, Fjala e Lir\u00eb","sameAs":["https:\/\/fjala.info\/"],"url":"https:\/\/fjala.info\/2009-2015\/author\/admin\/"}]}},"_links":{"self":[{"href":"https:\/\/fjala.info\/2009-2015\/wp-json\/wp\/v2\/posts\/6009","targetHints":{"allow":["GET"]}}],"collection":[{"href":"https:\/\/fjala.info\/2009-2015\/wp-json\/wp\/v2\/posts"}],"about":[{"href":"https:\/\/fjala.info\/2009-2015\/wp-json\/wp\/v2\/types\/post"}],"author":[{"embeddable":true,"href":"https:\/\/fjala.info\/2009-2015\/wp-json\/wp\/v2\/users\/1"}],"replies":[{"embeddable":true,"href":"https:\/\/fjala.info\/2009-2015\/wp-json\/wp\/v2\/comments?post=6009"}],"version-history":[{"count":0,"href":"https:\/\/fjala.info\/2009-2015\/wp-json\/wp\/v2\/posts\/6009\/revisions"}],"wp:attachment":[{"href":"https:\/\/fjala.info\/2009-2015\/wp-json\/wp\/v2\/media?parent=6009"}],"wp:term":[{"taxonomy":"category","embeddable":true,"href":"https:\/\/fjala.info\/2009-2015\/wp-json\/wp\/v2\/categories?post=6009"},{"taxonomy":"post_tag","embeddable":true,"href":"https:\/\/fjala.info\/2009-2015\/wp-json\/wp\/v2\/tags?post=6009"}],"curies":[{"name":"wp","href":"https:\/\/api.w.org\/{rel}","templated":true}]}}