{"id":6007,"date":"2011-01-30T05:25:00","date_gmt":"2011-01-30T04:25:00","guid":{"rendered":"http:\/\/fjala.shkoder.net\/?p=6007"},"modified":"2011-01-30T05:25:00","modified_gmt":"2011-01-30T04:25:00","slug":"servilet-me-dinjitet-te-kufizuar-e-pushtet-te-pakufizuar","status":"publish","type":"post","link":"https:\/\/fjala.info\/2009-2015\/servilet-me-dinjitet-te-kufizuar-e-pushtet-te-pakufizuar\/","title":{"rendered":"Servil\u00ebt me dinjitet t\u00eb kufizuar e pushtet t\u00eb pakufizuar"},"content":{"rendered":"<p><img loading=\"lazy\" decoding=\"async\" src=\"http:\/\/fjala.shkoder.net\/wp-content\/uploads\/2010\/10\/alba_malltezi-150x150.jpg\" alt=\"\" title=\"Alba Malltezi\" width=\"150\" height=\"150\" class=\"alignright size-thumbnail wp-image-4155\" \/><br \/>\n<strong>Alba Malltezi<\/strong><\/p>\n<p>Problemi yn\u00eb m\u00eb i madh nuk jan\u00eb lider\u00ebt me tipare bajraktaro-dikatoriale q\u00eb arrijm\u00eb t\u00eb prodhojm\u00eb, por numri i madh i servil\u00ebve, i njer\u00ebzve pa dinjitet q\u00eb iu ngjiten duke i ushqyer n\u00eb ambicjen pa kufi p\u00ebr pushtet. Jan\u00eb t\u00eb gatsh\u00ebm, si\u00e7 b\u00ebn\u00eb n\u00eb 50 vite diktatur\u00eb, q\u00eb mor\u00ebn form\u00ebn e Enver Hoxh\u00ebs, t\u00eb vazhdojn\u00eb t\u00eb nj\u00ebjt\u00ebn tradit\u00eb, me enverhoxhist\u00eb t\u00eb \u201cdemokracis\u00eb\u201d. <\/p>\n<p>Q\u00eb kryeministri Berisha, t\u00eb shpalos\u00eb p\u00ebrdit\u00eb teorin\u00eb e tij t\u00eb nj\u00eb pu\u00e7i t\u00eb opozit\u00ebs-prokurorise-presidences-medias-shish, \u00ebsht\u00eb nj\u00eb fenomen alucinant dhe alarmant, por q\u00eb ka njer\u00ebz t\u00eb gatsh\u00ebm rreth tij, t\u00eb ushqejn\u00eb e t\u00eb p\u00ebrpiqen n\u00eb dit\u00eb t\u00eb diellit t\u00eb zbatojn\u00eb n\u00eb praktik\u00eb k\u00ebt\u00eb teori, kjo \u00ebsht\u00eb e rrezikshme p\u00ebr t\u00eb gjith\u00eb. Sh\u00ebmtia e krijimit t\u00eb komisionit hetimor t\u00eb ngritur me nxitim nga shumica n\u00eb pushtet me nj\u00eb seanc\u00eb t\u00eb jasht\u00ebzakosnhme, po jep frytet e veta tamam si nj\u00eb pem\u00eb e mbjell\u00eb keq. <\/p>\n<p>Nj\u00eb grup servil\u00ebsh me dinjitet t\u00eb kufizuar, por me pushtet t\u00eb pakufizuar, q\u00eb gjysma e shqiptar\u00ebve ua ka besuar, po tenton t\u00eb hedh\u00eb n\u00eb nj\u00eb l\u00ebmsh e n\u00eb amulli gjith\u00eb Shtetin. K\u00ebrkon tabulatet e Presidentit t\u00eb Republik\u00ebs, Kryeprokurores, Kreut t\u00eb Opozit\u00ebs, Kreut t\u00eb SHISH, p\u00ebr t\u00eb krijuar telenovel\u00ebn e radh\u00ebs. P\u00ebr t\u00eb treguar \u00e7far\u00eb? Q\u00eb p\u00ebrfaq\u00ebsues t\u00eb pavarur t\u00eb shtetit komunikojn\u00eb me nj\u00ebri tjetrin? Sigurisht q\u00eb duhet t\u00eb komunikojn\u00eb. M\u00eb t\u00eb frikshme jan\u00eb ato telefonata q\u00eb mungojn\u00eb, psh. <\/p>\n<p>Qe kryeministri nuk komunikon me Presidentin apo me kreun e Opozites, sikur t\u00eb ishin armiqt\u00eb imperialisto-revizionist\u00eb. Por kjo, komisionit hetimor te servileve me dinjitet te kufizuar e pushtet te pakufizuar nuk u intereson; atyre u intereson realizimi i teorive t\u00eb kryeministrit. Tamam si\u00e7 b\u00ebnte nomenklatura n\u00eb koh\u00ebn e Enverit. Po ne kemi 20 vjet tashm\u00eb n\u00eb demokraci dhe ca gj\u00ebra edhe i dim\u00eb si funksionojn\u00eb, ndaj \u00ebsht\u00eb detyra civile e t\u00eb gjith\u00ebve \u2019i denoncojm\u00eb e t\u2019i ndalojm\u00eb.<br \/>\n(<em>BalkanWeb<\/em>)  <\/p>\n","protected":false},"excerpt":{"rendered":"<p>Alba Malltezi Problemi yn\u00eb m\u00eb i madh nuk jan\u00eb lider\u00ebt me tipare bajraktaro-dikatoriale q\u00eb arrijm\u00eb t\u00eb prodhojm\u00eb, por numri i madh i servil\u00ebve, i njer\u00ebzve pa dinjitet q\u00eb iu ngjiten duke i ushqyer n\u00eb ambicjen pa kufi p\u00ebr pushtet. Jan\u00eb t\u00eb gatsh\u00ebm, si\u00e7 b\u00ebn\u00eb n\u00eb 50 vite diktatur\u00eb, q\u00eb mor\u00ebn form\u00ebn e Enver Hoxh\u00ebs, t\u00eb [&hellip;]<\/p>\n","protected":false},"author":1,"featured_media":0,"comment_status":"open","ping_status":"closed","sticky":false,"template":"","format":"standard","meta":{"footnotes":""},"categories":[2],"tags":[],"class_list":{"0":"post-6007","1":"post","2":"type-post","3":"status-publish","4":"format-standard","6":"category-artikuj"},"yoast_head":"<!-- This site is optimized with the Yoast SEO plugin v27.4 - https:\/\/yoast.com\/product\/yoast-seo-wordpress\/ -->\n<title>Servil\u00ebt me dinjitet t\u00eb kufizuar e pushtet t\u00eb pakufizuar - FjALA e LIR\u00cb - Arkivi<\/title>\n<meta name=\"robots\" content=\"index, follow, max-snippet:-1, max-image-preview:large, max-video-preview:-1\" \/>\n<link rel=\"canonical\" href=\"https:\/\/fjala.info\/2009-2015\/servilet-me-dinjitet-te-kufizuar-e-pushtet-te-pakufizuar\/\" \/>\n<meta property=\"og:locale\" content=\"sq_AL\" \/>\n<meta property=\"og:type\" content=\"article\" \/>\n<meta property=\"og:title\" content=\"Servil\u00ebt me dinjitet t\u00eb kufizuar e pushtet t\u00eb pakufizuar - FjALA e LIR\u00cb - Arkivi\" \/>\n<meta property=\"og:description\" content=\"Alba Malltezi Problemi yn\u00eb m\u00eb i madh nuk jan\u00eb lider\u00ebt me tipare bajraktaro-dikatoriale q\u00eb arrijm\u00eb t\u00eb prodhojm\u00eb, por numri i madh i servil\u00ebve, i njer\u00ebzve pa dinjitet q\u00eb iu ngjiten duke i ushqyer n\u00eb ambicjen pa kufi p\u00ebr pushtet. Jan\u00eb t\u00eb gatsh\u00ebm, si\u00e7 b\u00ebn\u00eb n\u00eb 50 vite diktatur\u00eb, q\u00eb mor\u00ebn form\u00ebn e Enver Hoxh\u00ebs, t\u00eb [&hellip;]\" \/>\n<meta property=\"og:url\" content=\"https:\/\/fjala.info\/2009-2015\/servilet-me-dinjitet-te-kufizuar-e-pushtet-te-pakufizuar\/\" \/>\n<meta property=\"og:site_name\" content=\"FjALA e LIR\u00cb - Arkivi\" \/>\n<meta property=\"article:published_time\" content=\"2011-01-30T04:25:00+00:00\" \/>\n<meta property=\"og:image\" content=\"http:\/\/fjala.shkoder.net\/wp-content\/uploads\/2010\/10\/alba_malltezi-150x150.jpg\" \/>\n<meta name=\"author\" content=\"admin\" \/>\n<meta name=\"twitter:card\" content=\"summary_large_image\" \/>\n<meta name=\"twitter:label1\" content=\"Written by\" \/>\n\t<meta name=\"twitter:data1\" content=\"admin\" \/>\n\t<meta name=\"twitter:label2\" content=\"Est. reading time\" \/>\n\t<meta name=\"twitter:data2\" content=\"2 minutes\" \/>\n<script type=\"application\/ld+json\" class=\"yoast-schema-graph\">{\"@context\":\"https:\\\/\\\/schema.org\",\"@graph\":[{\"@type\":\"Article\",\"@id\":\"https:\\\/\\\/fjala.info\\\/2009-2015\\\/servilet-me-dinjitet-te-kufizuar-e-pushtet-te-pakufizuar\\\/#article\",\"isPartOf\":{\"@id\":\"https:\\\/\\\/fjala.info\\\/2009-2015\\\/servilet-me-dinjitet-te-kufizuar-e-pushtet-te-pakufizuar\\\/\"},\"author\":{\"name\":\"admin\",\"@id\":\"https:\\\/\\\/fjala.info\\\/2009-2015\\\/#\\\/schema\\\/person\\\/3aa1163ef05469c496fc94e77611ada2\"},\"headline\":\"Servil\u00ebt me dinjitet t\u00eb kufizuar e pushtet t\u00eb pakufizuar\",\"datePublished\":\"2011-01-30T04:25:00+00:00\",\"mainEntityOfPage\":{\"@id\":\"https:\\\/\\\/fjala.info\\\/2009-2015\\\/servilet-me-dinjitet-te-kufizuar-e-pushtet-te-pakufizuar\\\/\"},\"wordCount\":347,\"commentCount\":0,\"publisher\":{\"@id\":\"https:\\\/\\\/fjala.info\\\/2009-2015\\\/#organization\"},\"image\":{\"@id\":\"https:\\\/\\\/fjala.info\\\/2009-2015\\\/servilet-me-dinjitet-te-kufizuar-e-pushtet-te-pakufizuar\\\/#primaryimage\"},\"thumbnailUrl\":\"http:\\\/\\\/fjala.shkoder.net\\\/wp-content\\\/uploads\\\/2010\\\/10\\\/alba_malltezi-150x150.jpg\",\"articleSection\":[\"Artikuj\"],\"inLanguage\":\"sq-AL\",\"potentialAction\":[{\"@type\":\"CommentAction\",\"name\":\"Comment\",\"target\":[\"https:\\\/\\\/fjala.info\\\/2009-2015\\\/servilet-me-dinjitet-te-kufizuar-e-pushtet-te-pakufizuar\\\/#respond\"]}]},{\"@type\":\"WebPage\",\"@id\":\"https:\\\/\\\/fjala.info\\\/2009-2015\\\/servilet-me-dinjitet-te-kufizuar-e-pushtet-te-pakufizuar\\\/\",\"url\":\"https:\\\/\\\/fjala.info\\\/2009-2015\\\/servilet-me-dinjitet-te-kufizuar-e-pushtet-te-pakufizuar\\\/\",\"name\":\"Servil\u00ebt me dinjitet t\u00eb kufizuar e pushtet t\u00eb pakufizuar - FjALA e LIR\u00cb - Arkivi\",\"isPartOf\":{\"@id\":\"https:\\\/\\\/fjala.info\\\/2009-2015\\\/#website\"},\"primaryImageOfPage\":{\"@id\":\"https:\\\/\\\/fjala.info\\\/2009-2015\\\/servilet-me-dinjitet-te-kufizuar-e-pushtet-te-pakufizuar\\\/#primaryimage\"},\"image\":{\"@id\":\"https:\\\/\\\/fjala.info\\\/2009-2015\\\/servilet-me-dinjitet-te-kufizuar-e-pushtet-te-pakufizuar\\\/#primaryimage\"},\"thumbnailUrl\":\"http:\\\/\\\/fjala.shkoder.net\\\/wp-content\\\/uploads\\\/2010\\\/10\\\/alba_malltezi-150x150.jpg\",\"datePublished\":\"2011-01-30T04:25:00+00:00\",\"breadcrumb\":{\"@id\":\"https:\\\/\\\/fjala.info\\\/2009-2015\\\/servilet-me-dinjitet-te-kufizuar-e-pushtet-te-pakufizuar\\\/#breadcrumb\"},\"inLanguage\":\"sq-AL\",\"potentialAction\":[{\"@type\":\"ReadAction\",\"target\":[\"https:\\\/\\\/fjala.info\\\/2009-2015\\\/servilet-me-dinjitet-te-kufizuar-e-pushtet-te-pakufizuar\\\/\"]}]},{\"@type\":\"ImageObject\",\"inLanguage\":\"sq-AL\",\"@id\":\"https:\\\/\\\/fjala.info\\\/2009-2015\\\/servilet-me-dinjitet-te-kufizuar-e-pushtet-te-pakufizuar\\\/#primaryimage\",\"url\":\"http:\\\/\\\/fjala.shkoder.net\\\/wp-content\\\/uploads\\\/2010\\\/10\\\/alba_malltezi-150x150.jpg\",\"contentUrl\":\"http:\\\/\\\/fjala.shkoder.net\\\/wp-content\\\/uploads\\\/2010\\\/10\\\/alba_malltezi-150x150.jpg\"},{\"@type\":\"BreadcrumbList\",\"@id\":\"https:\\\/\\\/fjala.info\\\/2009-2015\\\/servilet-me-dinjitet-te-kufizuar-e-pushtet-te-pakufizuar\\\/#breadcrumb\",\"itemListElement\":[{\"@type\":\"ListItem\",\"position\":1,\"name\":\"Home\",\"item\":\"https:\\\/\\\/fjala.info\\\/2009-2015\\\/\"},{\"@type\":\"ListItem\",\"position\":2,\"name\":\"Servil\u00ebt me dinjitet t\u00eb kufizuar e pushtet t\u00eb pakufizuar\"}]},{\"@type\":\"WebSite\",\"@id\":\"https:\\\/\\\/fjala.info\\\/2009-2015\\\/#website\",\"url\":\"https:\\\/\\\/fjala.info\\\/2009-2015\\\/\",\"name\":\"FjALA e LIR\u00cb - Arkivi\",\"description\":\"Arkivi 2009-2015\",\"publisher\":{\"@id\":\"https:\\\/\\\/fjala.info\\\/2009-2015\\\/#organization\"},\"potentialAction\":[{\"@type\":\"SearchAction\",\"target\":{\"@type\":\"EntryPoint\",\"urlTemplate\":\"https:\\\/\\\/fjala.info\\\/2009-2015\\\/?s={search_term_string}\"},\"query-input\":{\"@type\":\"PropertyValueSpecification\",\"valueRequired\":true,\"valueName\":\"search_term_string\"}}],\"inLanguage\":\"sq-AL\"},{\"@type\":\"Organization\",\"@id\":\"https:\\\/\\\/fjala.info\\\/2009-2015\\\/#organization\",\"name\":\"FjALA e LIR\u00cb - Arkivi\",\"url\":\"https:\\\/\\\/fjala.info\\\/2009-2015\\\/\",\"logo\":{\"@type\":\"ImageObject\",\"inLanguage\":\"sq-AL\",\"@id\":\"https:\\\/\\\/fjala.info\\\/2009-2015\\\/#\\\/schema\\\/logo\\\/image\\\/\",\"url\":\"\",\"contentUrl\":\"\",\"caption\":\"FjALA e LIR\u00cb - Arkivi\"},\"image\":{\"@id\":\"https:\\\/\\\/fjala.info\\\/2009-2015\\\/#\\\/schema\\\/logo\\\/image\\\/\"}},{\"@type\":\"Person\",\"@id\":\"https:\\\/\\\/fjala.info\\\/2009-2015\\\/#\\\/schema\\\/person\\\/3aa1163ef05469c496fc94e77611ada2\",\"name\":\"admin\",\"image\":{\"@type\":\"ImageObject\",\"inLanguage\":\"sq-AL\",\"@id\":\"https:\\\/\\\/fjala.info\\\/2009-2015\\\/wp-content\\\/uploads\\\/2012\\\/02\\\/arben_cokaj-120x150.jpg\",\"url\":\"https:\\\/\\\/fjala.info\\\/2009-2015\\\/wp-content\\\/uploads\\\/2012\\\/02\\\/arben_cokaj-120x150.jpg\",\"contentUrl\":\"https:\\\/\\\/fjala.info\\\/2009-2015\\\/wp-content\\\/uploads\\\/2012\\\/02\\\/arben_cokaj-120x150.jpg\",\"caption\":\"admin\"},\"description\":\"Admin, Fjala e Lir\u00eb\",\"sameAs\":[\"https:\\\/\\\/fjala.info\\\/\"],\"url\":\"https:\\\/\\\/fjala.info\\\/2009-2015\\\/author\\\/admin\\\/\"}]}<\/script>\n<!-- \/ Yoast SEO plugin. -->","yoast_head_json":{"title":"Servil\u00ebt me dinjitet t\u00eb kufizuar e pushtet t\u00eb pakufizuar - FjALA e LIR\u00cb - Arkivi","robots":{"index":"index","follow":"follow","max-snippet":"max-snippet:-1","max-image-preview":"max-image-preview:large","max-video-preview":"max-video-preview:-1"},"canonical":"https:\/\/fjala.info\/2009-2015\/servilet-me-dinjitet-te-kufizuar-e-pushtet-te-pakufizuar\/","og_locale":"sq_AL","og_type":"article","og_title":"Servil\u00ebt me dinjitet t\u00eb kufizuar e pushtet t\u00eb pakufizuar - FjALA e LIR\u00cb - Arkivi","og_description":"Alba Malltezi Problemi yn\u00eb m\u00eb i madh nuk jan\u00eb lider\u00ebt me tipare bajraktaro-dikatoriale q\u00eb arrijm\u00eb t\u00eb prodhojm\u00eb, por numri i madh i servil\u00ebve, i njer\u00ebzve pa dinjitet q\u00eb iu ngjiten duke i ushqyer n\u00eb ambicjen pa kufi p\u00ebr pushtet. Jan\u00eb t\u00eb gatsh\u00ebm, si\u00e7 b\u00ebn\u00eb n\u00eb 50 vite diktatur\u00eb, q\u00eb mor\u00ebn form\u00ebn e Enver Hoxh\u00ebs, t\u00eb [&hellip;]","og_url":"https:\/\/fjala.info\/2009-2015\/servilet-me-dinjitet-te-kufizuar-e-pushtet-te-pakufizuar\/","og_site_name":"FjALA e LIR\u00cb - Arkivi","article_published_time":"2011-01-30T04:25:00+00:00","og_image":[{"url":"http:\/\/fjala.shkoder.net\/wp-content\/uploads\/2010\/10\/alba_malltezi-150x150.jpg","type":"","width":"","height":""}],"author":"admin","twitter_card":"summary_large_image","twitter_misc":{"Written by":"admin","Est. reading time":"2 minutes"},"schema":{"@context":"https:\/\/schema.org","@graph":[{"@type":"Article","@id":"https:\/\/fjala.info\/2009-2015\/servilet-me-dinjitet-te-kufizuar-e-pushtet-te-pakufizuar\/#article","isPartOf":{"@id":"https:\/\/fjala.info\/2009-2015\/servilet-me-dinjitet-te-kufizuar-e-pushtet-te-pakufizuar\/"},"author":{"name":"admin","@id":"https:\/\/fjala.info\/2009-2015\/#\/schema\/person\/3aa1163ef05469c496fc94e77611ada2"},"headline":"Servil\u00ebt me dinjitet t\u00eb kufizuar e pushtet t\u00eb pakufizuar","datePublished":"2011-01-30T04:25:00+00:00","mainEntityOfPage":{"@id":"https:\/\/fjala.info\/2009-2015\/servilet-me-dinjitet-te-kufizuar-e-pushtet-te-pakufizuar\/"},"wordCount":347,"commentCount":0,"publisher":{"@id":"https:\/\/fjala.info\/2009-2015\/#organization"},"image":{"@id":"https:\/\/fjala.info\/2009-2015\/servilet-me-dinjitet-te-kufizuar-e-pushtet-te-pakufizuar\/#primaryimage"},"thumbnailUrl":"http:\/\/fjala.shkoder.net\/wp-content\/uploads\/2010\/10\/alba_malltezi-150x150.jpg","articleSection":["Artikuj"],"inLanguage":"sq-AL","potentialAction":[{"@type":"CommentAction","name":"Comment","target":["https:\/\/fjala.info\/2009-2015\/servilet-me-dinjitet-te-kufizuar-e-pushtet-te-pakufizuar\/#respond"]}]},{"@type":"WebPage","@id":"https:\/\/fjala.info\/2009-2015\/servilet-me-dinjitet-te-kufizuar-e-pushtet-te-pakufizuar\/","url":"https:\/\/fjala.info\/2009-2015\/servilet-me-dinjitet-te-kufizuar-e-pushtet-te-pakufizuar\/","name":"Servil\u00ebt me dinjitet t\u00eb kufizuar e pushtet t\u00eb pakufizuar - FjALA e LIR\u00cb - Arkivi","isPartOf":{"@id":"https:\/\/fjala.info\/2009-2015\/#website"},"primaryImageOfPage":{"@id":"https:\/\/fjala.info\/2009-2015\/servilet-me-dinjitet-te-kufizuar-e-pushtet-te-pakufizuar\/#primaryimage"},"image":{"@id":"https:\/\/fjala.info\/2009-2015\/servilet-me-dinjitet-te-kufizuar-e-pushtet-te-pakufizuar\/#primaryimage"},"thumbnailUrl":"http:\/\/fjala.shkoder.net\/wp-content\/uploads\/2010\/10\/alba_malltezi-150x150.jpg","datePublished":"2011-01-30T04:25:00+00:00","breadcrumb":{"@id":"https:\/\/fjala.info\/2009-2015\/servilet-me-dinjitet-te-kufizuar-e-pushtet-te-pakufizuar\/#breadcrumb"},"inLanguage":"sq-AL","potentialAction":[{"@type":"ReadAction","target":["https:\/\/fjala.info\/2009-2015\/servilet-me-dinjitet-te-kufizuar-e-pushtet-te-pakufizuar\/"]}]},{"@type":"ImageObject","inLanguage":"sq-AL","@id":"https:\/\/fjala.info\/2009-2015\/servilet-me-dinjitet-te-kufizuar-e-pushtet-te-pakufizuar\/#primaryimage","url":"http:\/\/fjala.shkoder.net\/wp-content\/uploads\/2010\/10\/alba_malltezi-150x150.jpg","contentUrl":"http:\/\/fjala.shkoder.net\/wp-content\/uploads\/2010\/10\/alba_malltezi-150x150.jpg"},{"@type":"BreadcrumbList","@id":"https:\/\/fjala.info\/2009-2015\/servilet-me-dinjitet-te-kufizuar-e-pushtet-te-pakufizuar\/#breadcrumb","itemListElement":[{"@type":"ListItem","position":1,"name":"Home","item":"https:\/\/fjala.info\/2009-2015\/"},{"@type":"ListItem","position":2,"name":"Servil\u00ebt me dinjitet t\u00eb kufizuar e pushtet t\u00eb pakufizuar"}]},{"@type":"WebSite","@id":"https:\/\/fjala.info\/2009-2015\/#website","url":"https:\/\/fjala.info\/2009-2015\/","name":"FjALA e LIR\u00cb - Arkivi","description":"Arkivi 2009-2015","publisher":{"@id":"https:\/\/fjala.info\/2009-2015\/#organization"},"potentialAction":[{"@type":"SearchAction","target":{"@type":"EntryPoint","urlTemplate":"https:\/\/fjala.info\/2009-2015\/?s={search_term_string}"},"query-input":{"@type":"PropertyValueSpecification","valueRequired":true,"valueName":"search_term_string"}}],"inLanguage":"sq-AL"},{"@type":"Organization","@id":"https:\/\/fjala.info\/2009-2015\/#organization","name":"FjALA e LIR\u00cb - Arkivi","url":"https:\/\/fjala.info\/2009-2015\/","logo":{"@type":"ImageObject","inLanguage":"sq-AL","@id":"https:\/\/fjala.info\/2009-2015\/#\/schema\/logo\/image\/","url":"","contentUrl":"","caption":"FjALA e LIR\u00cb - Arkivi"},"image":{"@id":"https:\/\/fjala.info\/2009-2015\/#\/schema\/logo\/image\/"}},{"@type":"Person","@id":"https:\/\/fjala.info\/2009-2015\/#\/schema\/person\/3aa1163ef05469c496fc94e77611ada2","name":"admin","image":{"@type":"ImageObject","inLanguage":"sq-AL","@id":"https:\/\/fjala.info\/2009-2015\/wp-content\/uploads\/2012\/02\/arben_cokaj-120x150.jpg","url":"https:\/\/fjala.info\/2009-2015\/wp-content\/uploads\/2012\/02\/arben_cokaj-120x150.jpg","contentUrl":"https:\/\/fjala.info\/2009-2015\/wp-content\/uploads\/2012\/02\/arben_cokaj-120x150.jpg","caption":"admin"},"description":"Admin, Fjala e Lir\u00eb","sameAs":["https:\/\/fjala.info\/"],"url":"https:\/\/fjala.info\/2009-2015\/author\/admin\/"}]}},"_links":{"self":[{"href":"https:\/\/fjala.info\/2009-2015\/wp-json\/wp\/v2\/posts\/6007","targetHints":{"allow":["GET"]}}],"collection":[{"href":"https:\/\/fjala.info\/2009-2015\/wp-json\/wp\/v2\/posts"}],"about":[{"href":"https:\/\/fjala.info\/2009-2015\/wp-json\/wp\/v2\/types\/post"}],"author":[{"embeddable":true,"href":"https:\/\/fjala.info\/2009-2015\/wp-json\/wp\/v2\/users\/1"}],"replies":[{"embeddable":true,"href":"https:\/\/fjala.info\/2009-2015\/wp-json\/wp\/v2\/comments?post=6007"}],"version-history":[{"count":0,"href":"https:\/\/fjala.info\/2009-2015\/wp-json\/wp\/v2\/posts\/6007\/revisions"}],"wp:attachment":[{"href":"https:\/\/fjala.info\/2009-2015\/wp-json\/wp\/v2\/media?parent=6007"}],"wp:term":[{"taxonomy":"category","embeddable":true,"href":"https:\/\/fjala.info\/2009-2015\/wp-json\/wp\/v2\/categories?post=6007"},{"taxonomy":"post_tag","embeddable":true,"href":"https:\/\/fjala.info\/2009-2015\/wp-json\/wp\/v2\/tags?post=6007"}],"curies":[{"name":"wp","href":"https:\/\/api.w.org\/{rel}","templated":true}]}}