{"id":5991,"date":"2011-01-29T11:42:52","date_gmt":"2011-01-29T10:42:52","guid":{"rendered":"http:\/\/fjala.shkoder.net\/?p=5991"},"modified":"2011-01-29T11:42:52","modified_gmt":"2011-01-29T10:42:52","slug":"frika-e-brendshme-e-nje-te-krisuri","status":"publish","type":"post","link":"https:\/\/fjala.info\/2009-2015\/frika-e-brendshme-e-nje-te-krisuri\/","title":{"rendered":"Frika e brendshme e nj\u00eb t\u00eb krisuri"},"content":{"rendered":"<p><img decoding=\"async\" class=\"alignleft size-full wp-image-4754\" title=\"Arben \u00c7okaj\" src=\"http:\/\/fjala.shkoder.net\/wp-content\/uploads\/2010\/11\/arbencokaj.jpg\" alt=\"\" width=\"120\" \/><br \/>\n<strong>Arben \u00c7okaj<\/strong>,<em> 26.01.2011<\/em><\/p>\n<p>Vrasja e tre protestuesve t\u00eb pafajsh\u00ebm n\u00eb rrug\u00eb me dat\u00eb 21 janar 2011, si dhe plagosja e dhjet\u00ebra t\u00eb tjer\u00ebve, protestues dhe polic\u00eb, tregon qart\u00eb tensionin e panevojsh\u00ebm politik t\u00eb krijuar vetvetiu dhe artificialisht n\u00eb Shqip\u00ebri, nga kreu i qeveris\u00eb shqiptare, i cili ka koh\u00eb q\u00eb \u00ebsht\u00eb n\u00eb kriz\u00eb personale, dhe me shenja t\u00eb theksuara t\u00eb nj\u00eb s\u00ebmundjeje t\u00eb r\u00ebnd\u00eb mendore. Berisha po p\u00ebrpiqet me t\u00eb gjitha forcat, q\u00eb ta asgj\u00ebsoj\u00eb edhe fizikisht \u2013 t\u00eb vras\u00eb p\u00ebr t\u00eb trembur &#8211; nj\u00eb popull t\u00eb t\u00ebr\u00eb opozitar.<\/p>\n<p>Nuk ka asnj\u00eb dyshim, se mb\u00ebshtet\u00ebsit p\u00ebr Opozit\u00ebn e Bashkuar kan\u00eb ardhur duke u rritur. P\u00ebr k\u00ebt\u00eb ka nj\u00eb s\u00ebr\u00eb faktor\u00ebsh dhe arsyesh sociale, ekonomike dhe politike. Disa nga m\u00eb t\u00eb dukshmet jan\u00eb mungesa e p\u00ebrgjegj\u00ebsis\u00eb s\u00eb kryeministrit p\u00ebr treguesit ekonomik\u00eb, ku ai tallet vazhdimish dhe banalisht me popullin e tij t\u00eb varf\u00ebr, duke folur p\u00ebr rritje n\u00eb koh\u00eb krize, sa sfidon dhe \u00e7udit gjith\u00eb bot\u00ebn, e shoq\u00ebruar kjo me nj\u00eb korrupsion t\u00eb paimagjinuar n\u00eb \u00e7do qeliz\u00eb t\u00eb shoq\u00ebris\u00eb, deri n\u00eb nivelin m\u00eb t\u00eb lart\u00eb, dhe askush nuk d\u00ebnohet; krimet e m\u00ebdha q\u00eb po ndodhin n\u00eb k\u00ebt\u00eb vend, q\u00eb po na shokojn\u00eb dhe e paraqesin shoq\u00ebrin\u00eb shqiptare si t\u00eb s\u00ebmur\u00eb; aksidentet e shumta e t\u00eb p\u00ebrditshme n\u00eb rrug\u00eb, p\u00ebr shkak t\u00eb rrug\u00ebve t\u00eb k\u00ebqia dhe padurimit e pakujdesis\u00eb s\u00eb drejtuesve t\u00eb automjeteve, etj. etj., i japin shoq\u00ebris\u00eb son\u00eb element\u00ebt tragjik\u00eb t\u00eb pasiguris\u00eb dhe frik\u00ebs s\u00eb p\u00ebrhershme p\u00ebr ekzistenc\u00eb.<\/p>\n<p>E gjitha kjo pasiguri qytetare, gjenerohet n\u00eb mas\u00eb t\u00eb madhe nga frika e brendshme e kreut t\u00eb qeveris\u00eb, i cili duke qen\u00eb se \u00ebsht\u00eb diskretituar para publikut si kurr\u00eb m\u00eb par\u00eb dhe duke e ndjer\u00eb humbjen e tij n\u00eb mb\u00ebshtetjen popullore (p\u00ebrve\u00e7 frikaman\u00ebve, servil\u00ebve dhe puthadfor\u00ebve t\u00eb tij), ai ka vet\u00ebm nj\u00eb alternastiv\u00eb: ta mbaj\u00eb pushtetin me dhun\u00eb. K\u00ebshtu q\u00eb ai ushtron dhun\u00eb t\u00eb p\u00ebrditshme me gjith\u00eb stafin e af\u00ebrt t\u00eb tij, dhun\u00eb verbale e fizike mbi administrat\u00ebn shqiptare dhe mbi nj\u00eb popull t\u00eb t\u00ebr\u00eb. Kjo alternativ\u00eb e krisur e tij, rezulton e pasuksesshme, se nuk \u00ebsht\u00eb alternativ\u00eb racionale, por diktatoriale. \u00c7do alternativ\u00eb qeveris\u00ebse n\u00eb demokraci, q\u00eb nuk gjeneron zhvillim ekonomik, hapje t\u00eb vendeve t\u00eb reja t\u00eb pun\u00ebs dhe mir\u00ebq\u00ebnie, paqe e harmoni sociale, \u00ebsht\u00eb alternativ\u00eb e d\u00ebshtuar.<\/p>\n<p>Duke urdh\u00ebruar Policin\u00eb e Shtetit dhe Gard\u00ebn e Republik\u00ebs q\u00eb t\u00eb provokoj\u00eb dhe ushtroj\u00eb dhun\u00eb mbi protestues t\u00eb pafajsh\u00ebm e t\u00eb pambrojtur, duke irrituar dhe agresivuar nj\u00eb mas\u00eb t\u00eb t\u00ebr\u00eb protestuesish dhe m\u00eb pas, duke q\u00eblluar mbi turm\u00ebn n\u00eb rrug\u00eb dhe mbi dritaret e kullave binjake, kryeministri i vendit e paraqet veten si ideator t\u00eb nj\u00eb skenari kriminal, q\u00eb mundohet si gjithnj\u00eb fajin t\u2019ia faturoj\u00eb opozit\u00ebs, gjoja si pu\u00e7 dhe komplot shtet\u00ebror. Sali Berisha ka kapur shtetin dhe po mundohet n\u00eb vazhdim\u00ebsi t\u00eb kap\u00eb \u00e7do institucion, q\u00eb nuk e ka n\u00ebn kontroll dhe q\u00eb i b\u00ebn rezistenc\u00eb atij.<\/p>\n<p>Ajo q\u00eb shihet qart\u00eb, do komentuar. Nj\u00eb i s\u00ebmur\u00eb me skizofreni *), e ka shkall\u00ebn m\u00eb t\u00eb lart\u00eb t\u00eb s\u00ebmundjes s\u00eb tij, kur ai vret p\u00ebr t\u00eb trembur t\u00eb tjer\u00ebt. A nuk e pam\u00eb vrasjen e pasqaruar t\u00eb deputetit Xhindi, para zgjedhjeve t\u00eb kaluara parlamentare; a nuk e pam\u00eb vrasjen e nj\u00eb kryekomunari n\u00eb Kuk\u00ebs, para k\u00ebtyre zgjedhjeve vendore? I nj\u00ebjti terror u p\u00ebrdor edhe n\u00eb demonstrat\u00ebn e 21 janarit. N\u00eb rrug\u00eb, jo brenda institucionit, u vran\u00eb tre vet\u00eb dhe u plagos\u00ebn disa t\u00eb tjer\u00eb nga plumbat e gard\u00ebs. Frika e brendshme e kryeministrit inicioi nj\u00eb betej\u00eb t\u00eb paqen\u00eb, imagjinare me pu\u00e7ist\u00eb t\u00eb koh\u00ebs s\u00eb komunizmit. Ai provokoi dhun\u00eb duke sulmuar edhe gazetar\u00ebt, q\u00eb ata t\u00eb iknin dhe t\u00eb mos filmonin. Por ata filmuan dhe pamjet q\u00eb ata siguruan, jan\u00eb prova m\u00eb e gjall\u00eb e krimit shtet\u00ebror.<\/p>\n<p>Kokat e zgjuara t\u00eb k\u00ebtij vendi dhe p\u00ebrfaq\u00ebsuesit nd\u00ebrkomb\u00ebtar\u00eb, e kan\u00eb kuptuar tashm\u00eb se n\u00eb krye t\u00eb qeveris\u00eb shqiptare, q\u00ebndron nj\u00eb person i s\u00ebmur\u00eb, me luhatje e dyzim personaliteti dhe mjaft i rreziksh\u00ebm p\u00ebr shoq\u00ebrin\u00eb. Me ila\u00e7et qet\u00ebsuese, q\u00eb ai pi p\u00ebr vite me radh\u00eb, duke qen\u00eb edhe mjek, ai ka mundur ta menaxhoj\u00eb s\u00ebmundjen e tij mrekullisht, p\u00ebr t\u00eb qen\u00eb nd\u00ebr krer\u00ebt m\u00eb t\u00eb lart\u00eb t\u00eb k\u00ebtij vendi n\u00eb 20 vitet e fundit. Por ila\u00e7et kan\u00eb filluar t\u00eb mos e kontrollojn\u00eb m\u00eb kryeministrin, se fiziku i \u00ebsht\u00eb plakur. Hallakatja dhe pasojat, q\u00eb ai i ka imponuar shoq\u00ebris\u00eb shqiptare, jan\u00eb t\u00eb m\u00ebdha dhe t\u00eb pariparueshme.<\/p>\n<p>Njer\u00ebz t\u00eb thjesht\u00eb e kuptojn\u00eb fare mir\u00eb paaft\u00ebsin\u00eb e tij qeveris\u00ebse dhe krimin e vazhduesh\u00ebm, q\u00eb ai b\u00ebn mbi k\u00ebt\u00eb popull, e jo m\u00eb ekspert\u00ebt. Nj\u00eb grua fshatare m\u00eb pati th\u00ebn\u00eb nj\u00eb her\u00eb, q\u00eb para ngjarjes s\u00eb G\u00ebrdecit: \u201cai po i vesh grat\u00eb shqiptare me t\u00eb zeza\u201d. Eja e merr guximin dhe mos i beso k\u00ebtij parashikimi?! Nuk do shum\u00eb mend jo, mbi 3 000 vet\u00eb u vran\u00eb n\u00eb ngjarjet e vitit \u201997, ku si shkak kryesor ishte pik\u00ebrisht Berisha, i cili \u00ebsht\u00eb n\u00eb gjendje t\u00eb b\u00ebj\u00eb gjith\u00e7ka, edhe t\u00eb vras\u00eb njer\u00ebz t\u00eb pafajsh\u00ebm, vet\u00ebm p\u00ebr karrigen e tij. At\u00ebher\u00eb si pritet q\u00eb ai t\u00eb lejoj\u00eb zgjedhje t\u00eb lira n\u00eb k\u00ebt\u00eb vend?<\/p>\n<p><strong>Refuzim estetik<\/strong><\/p>\n<p>T\u00eb nes\u00ebrmen e masakr\u00ebs s\u00eb 21 janarit, nj\u00eb i moshuar nga Shala (fshat malor n\u00eb verilindje t\u00eb Shkodr\u00ebs) tha thjesht\u00eb: \u201cher\u00ebn tjet\u00ebr kur t\u00eb b\u00ebhen votime, duhet q\u00eb askush t\u00eb mos votoj\u00eb p\u00ebr Berish\u00ebn\u201d. E pra, nj\u00eb mal\u00ebsor pa shkoll\u00eb, ka nocion dhe nuhatje demokratike m\u00eb t\u00eb madhe se kryeministri i vendit. Le t\u00eb jet\u00eb kjo k\u00ebshill\u00eb e thjesht\u00eb, e gjeneruar nga nd\u00ebrgjegjia par\u00ebsore e nj\u00eb mal\u00ebsori, nj\u00eb v\u00ebth n\u00eb vesh p\u00ebr t\u00eb gjith\u00eb shoq\u00ebrin\u00eb shqiptare, si dhe p\u00ebr partner\u00ebt tan\u00eb nd\u00ebrkomb\u00ebtar\u00eb, q\u00eb kan\u00eb ndikim mbi zhvillimet politike t\u00eb Shqip\u00ebris\u00eb. Berisha duhet t\u00eb refuzohet.<\/p>\n<p>Integrimi i Shqip\u00ebris\u00eb si vend kandidat p\u00ebr n\u00eb BE, u pengua pik\u00ebrisht ngaq\u00eb Berisha nuk pranoi t\u00eb hapte rrug\u00eb. Ai po pengon nj\u00eb popull t\u00eb t\u00ebr\u00eb n\u00eb rrug\u00ebn e tij t\u00eb zhvillimit dhe integrimit, kur dihet qart\u00eb se BE nuk i p\u00eblqen drejtuesit problematik\u00eb. Ndryshe nga Berisha, ish-kryeministri dhe ish-presidenti malazes, Milo Gjukanovi\u00e7 u largua nga posti i tij, p\u00ebr t\u2019i hapur rrug\u00eb integrimit t\u00eb vendit t\u00eb tij. Gjukanovi\u00e7 p\u00ebrflitet p\u00ebr aferat e tij korruptive, por \u00ebsht\u00eb m\u00eb i rregullt dhe m\u00eb i ri se Berisha. Edhe akti i tij i fundit \u2013 largimi \u2013 tregon se nd\u00ebrgjegjia e tij politike dhe komb\u00ebtare funksionon.<\/p>\n<p>Q\u00eb Berisha t\u00eb largohet gradualisht, \u00ebsht\u00eb nj\u00eb problem kompleks dhe i nd\u00ebrlikuar, sepse kemi t\u00eb b\u00ebjm\u00eb me rastin e nj\u00eb t\u00eb s\u00ebmuri, q\u00eb ka dal\u00eb jasht\u00eb realitetit dhe nuk pranon trajtim. Berisha nuk mund t\u00eb duroj\u00eb k\u00ebrc\u00ebnime, nuk mund t\u00eb duroj\u00eb protesta, se e ka z\u00ebn\u00eb gjaku i t\u00eb vrar\u00ebve pa faj. Rruga politike dhe metodat konseguente, q\u00eb ka ndjekur Edi Rama deri tani, e kan\u00eb tronditur dhe trembur aq thell\u00eb kryeministrin, saq\u00eb e kan\u00eb shk\u00ebrrmoqur q\u00ebndrueshm\u00ebrin\u00eb e tij psiqike. Kjo u pa n\u00eb parlamentin shqiptar, kur gjith\u00eb ai \u201cburr\u00eb\u201d u thye dhe i mbetur kok\u00ebrr vet\u00ebm, u tha deputet\u00ebve t\u00eb opozit\u00ebs \u201clegena&#8230;\u201d. Kjo u pa edhe n\u00eb reagimin dhe veprimet e tij para, gjat\u00eb dhe pas demonstrat\u00ebs.<\/p>\n<p>Berisha nuk \u00ebsht\u00eb aq burr\u00eb n\u00eb p\u00ebrmasat e Gjukanovi\u00e7, sa t\u00eb ket\u00eb guximin dhe p\u00ebrgjegj\u00ebsin\u00eb politike, q\u00eb t\u00eb largohet vet\u00eb \u2013 ai mund t\u00eb p\u00ebrfundoj\u00eb si diktator qaraman, q\u00eb largohet vet\u00ebm me protesta. Prandaj k\u00ebrc\u00ebnon e sk\u00ebrmitet kund\u00ebr protestave. Duke par\u00eb rrezikshm\u00ebrin\u00eb dhe paq\u00ebndrueshm\u00ebrin\u00eb e tij psiqike, k\u00ebrc\u00ebnimet e tij nuk jan\u00eb p\u00ebr t\u00eb mos i marr\u00eb n\u00eb konsiderat\u00eb. P\u00ebr t\u00eb shmangur ndonj\u00eb gjakderdhje tjet\u00ebr, duhet q\u00eb t\u00eb gjendet nj\u00eb rrug\u00eb \u201cm\u00eb e but\u00eb\u201d, p\u00ebr ta larguar at\u00eb, n\u00eb m\u00ebnyr\u00eb paq\u00ebsore&#8230; Precedenti i fundit i vrasjes s\u00eb tre protestuesve t\u00eb pafajsh\u00ebm, \u00ebsht\u00eb i mjaftuesh\u00ebm p\u00ebr ta b\u00ebr\u00eb at\u00eb q\u00eb t\u00eb largohet. Por a ha pyk\u00eb Berisha? Ky duket se \u00ebsht\u00eb problemi kryesor, se ai nuk di e nuk do t\u00eb mbaj\u00eb p\u00ebrgjegj\u00ebsi p\u00ebr veprimet e veta.<\/p>\n<p>Ndoshta duhet t\u00eb d\u00ebgjohen k\u00ebshillat amerikane, p\u00ebr mos-mbajtje protestash nga t\u00eb dyja pal\u00ebt, e t\u00eb ndihmohemi nga nd\u00ebrmjet\u00ebs nd\u00ebrkomb\u00ebtar\u00eb&#8230; Por edhe nd\u00ebrkomb\u00ebtar\u00ebt duhet t\u00eb jen\u00eb t\u00eb besuesh\u00ebm, bind\u00ebs, m\u00eb t\u00eb prer\u00eb, m\u00eb konseguent\u00eb e t\u00eb drejt\u00ebp\u00ebrdrejt\u00eb, n\u00ebse nuk duan probleme n\u00eb k\u00ebt\u00eb vend. Berisha \u00ebsht\u00eb rrezik i madh p\u00ebr stabilitein dhe demokracin\u00eb n\u00eb Shqip\u00ebri. Ai duhet t\u00eb largohet me \u00e7do kusht!<\/p>\n<p>*) <em>P\u00ebr ata q\u00eb e kan\u00eb v\u00ebshtir\u00eb t\u00eb kuptojn\u00eb s\u00ebmundjen e skizofrenis\u00eb, mund t\u00eb sqaroj se skizofrenia u ndodh edhe njer\u00ebzve t\u00eb men\u00e7ur e t\u00eb ditur, q\u00eb kan\u00eb lexuar e lexojn\u00eb shum\u00eb, kur truri nuk ua p\u00ebrballon m\u00eb ngarkes\u00ebn e madfhe q\u00eb kan\u00eb, ai \u00e7ahet, kris, p\u00ebson skizm\u00eb, ose skizofreni, e cila \u00ebsht\u00eb e natyrave t\u00eb ndryshme. Kur personi i s\u00ebmur\u00eb b\u00ebhet i rreziksh\u00ebm p\u00ebr shoq\u00ebrin\u00eb, ai\u00a0mbyllet, izolohet.<\/em><\/p>\n","protected":false},"excerpt":{"rendered":"<p>Arben \u00c7okaj, 26.01.2011 Vrasja e tre protestuesve t\u00eb pafajsh\u00ebm n\u00eb rrug\u00eb me dat\u00eb 21 janar 2011, si dhe plagosja e dhjet\u00ebra t\u00eb tjer\u00ebve, protestues dhe polic\u00eb, tregon qart\u00eb tensionin e panevojsh\u00ebm politik t\u00eb krijuar vetvetiu dhe artificialisht n\u00eb Shqip\u00ebri, nga kreu i qeveris\u00eb shqiptare, i cili ka koh\u00eb q\u00eb \u00ebsht\u00eb n\u00eb kriz\u00eb personale, dhe me [&hellip;]<\/p>\n","protected":false},"author":1,"featured_media":0,"comment_status":"open","ping_status":"closed","sticky":false,"template":"","format":"standard","meta":{"footnotes":""},"categories":[2],"tags":[],"class_list":{"0":"post-5991","1":"post","2":"type-post","3":"status-publish","4":"format-standard","6":"category-artikuj"},"yoast_head":"<!-- This site is optimized with the Yoast SEO plugin v27.4 - https:\/\/yoast.com\/product\/yoast-seo-wordpress\/ -->\n<title>Frika e brendshme e nj\u00eb t\u00eb krisuri - FjALA e LIR\u00cb - Arkivi<\/title>\n<meta name=\"robots\" content=\"index, follow, max-snippet:-1, max-image-preview:large, max-video-preview:-1\" \/>\n<link rel=\"canonical\" href=\"https:\/\/fjala.info\/2009-2015\/frika-e-brendshme-e-nje-te-krisuri\/\" \/>\n<meta property=\"og:locale\" content=\"sq_AL\" \/>\n<meta property=\"og:type\" content=\"article\" \/>\n<meta property=\"og:title\" content=\"Frika e brendshme e nj\u00eb t\u00eb krisuri - FjALA e LIR\u00cb - Arkivi\" \/>\n<meta property=\"og:description\" content=\"Arben \u00c7okaj, 26.01.2011 Vrasja e tre protestuesve t\u00eb pafajsh\u00ebm n\u00eb rrug\u00eb me dat\u00eb 21 janar 2011, si dhe plagosja e dhjet\u00ebra t\u00eb tjer\u00ebve, protestues dhe polic\u00eb, tregon qart\u00eb tensionin e panevojsh\u00ebm politik t\u00eb krijuar vetvetiu dhe artificialisht n\u00eb Shqip\u00ebri, nga kreu i qeveris\u00eb shqiptare, i cili ka koh\u00eb q\u00eb \u00ebsht\u00eb n\u00eb kriz\u00eb personale, dhe me [&hellip;]\" \/>\n<meta property=\"og:url\" content=\"https:\/\/fjala.info\/2009-2015\/frika-e-brendshme-e-nje-te-krisuri\/\" \/>\n<meta property=\"og:site_name\" content=\"FjALA e LIR\u00cb - Arkivi\" \/>\n<meta property=\"article:published_time\" content=\"2011-01-29T10:42:52+00:00\" \/>\n<meta property=\"og:image\" content=\"http:\/\/fjala.shkoder.net\/wp-content\/uploads\/2010\/11\/arbencokaj.jpg\" \/>\n<meta name=\"author\" content=\"admin\" \/>\n<meta name=\"twitter:card\" content=\"summary_large_image\" \/>\n<meta name=\"twitter:label1\" content=\"Written by\" \/>\n\t<meta name=\"twitter:data1\" content=\"admin\" \/>\n\t<meta name=\"twitter:label2\" content=\"Est. reading time\" \/>\n\t<meta name=\"twitter:data2\" content=\"8 minutes\" \/>\n<script type=\"application\/ld+json\" class=\"yoast-schema-graph\">{\"@context\":\"https:\\\/\\\/schema.org\",\"@graph\":[{\"@type\":\"Article\",\"@id\":\"https:\\\/\\\/fjala.info\\\/2009-2015\\\/frika-e-brendshme-e-nje-te-krisuri\\\/#article\",\"isPartOf\":{\"@id\":\"https:\\\/\\\/fjala.info\\\/2009-2015\\\/frika-e-brendshme-e-nje-te-krisuri\\\/\"},\"author\":{\"name\":\"admin\",\"@id\":\"https:\\\/\\\/fjala.info\\\/2009-2015\\\/#\\\/schema\\\/person\\\/3aa1163ef05469c496fc94e77611ada2\"},\"headline\":\"Frika e brendshme e nj\u00eb t\u00eb krisuri\",\"datePublished\":\"2011-01-29T10:42:52+00:00\",\"mainEntityOfPage\":{\"@id\":\"https:\\\/\\\/fjala.info\\\/2009-2015\\\/frika-e-brendshme-e-nje-te-krisuri\\\/\"},\"wordCount\":1615,\"commentCount\":0,\"publisher\":{\"@id\":\"https:\\\/\\\/fjala.info\\\/2009-2015\\\/#organization\"},\"image\":{\"@id\":\"https:\\\/\\\/fjala.info\\\/2009-2015\\\/frika-e-brendshme-e-nje-te-krisuri\\\/#primaryimage\"},\"thumbnailUrl\":\"http:\\\/\\\/fjala.shkoder.net\\\/wp-content\\\/uploads\\\/2010\\\/11\\\/arbencokaj.jpg\",\"articleSection\":[\"Artikuj\"],\"inLanguage\":\"sq-AL\",\"potentialAction\":[{\"@type\":\"CommentAction\",\"name\":\"Comment\",\"target\":[\"https:\\\/\\\/fjala.info\\\/2009-2015\\\/frika-e-brendshme-e-nje-te-krisuri\\\/#respond\"]}]},{\"@type\":\"WebPage\",\"@id\":\"https:\\\/\\\/fjala.info\\\/2009-2015\\\/frika-e-brendshme-e-nje-te-krisuri\\\/\",\"url\":\"https:\\\/\\\/fjala.info\\\/2009-2015\\\/frika-e-brendshme-e-nje-te-krisuri\\\/\",\"name\":\"Frika e brendshme e nj\u00eb t\u00eb krisuri - FjALA e LIR\u00cb - Arkivi\",\"isPartOf\":{\"@id\":\"https:\\\/\\\/fjala.info\\\/2009-2015\\\/#website\"},\"primaryImageOfPage\":{\"@id\":\"https:\\\/\\\/fjala.info\\\/2009-2015\\\/frika-e-brendshme-e-nje-te-krisuri\\\/#primaryimage\"},\"image\":{\"@id\":\"https:\\\/\\\/fjala.info\\\/2009-2015\\\/frika-e-brendshme-e-nje-te-krisuri\\\/#primaryimage\"},\"thumbnailUrl\":\"http:\\\/\\\/fjala.shkoder.net\\\/wp-content\\\/uploads\\\/2010\\\/11\\\/arbencokaj.jpg\",\"datePublished\":\"2011-01-29T10:42:52+00:00\",\"breadcrumb\":{\"@id\":\"https:\\\/\\\/fjala.info\\\/2009-2015\\\/frika-e-brendshme-e-nje-te-krisuri\\\/#breadcrumb\"},\"inLanguage\":\"sq-AL\",\"potentialAction\":[{\"@type\":\"ReadAction\",\"target\":[\"https:\\\/\\\/fjala.info\\\/2009-2015\\\/frika-e-brendshme-e-nje-te-krisuri\\\/\"]}]},{\"@type\":\"ImageObject\",\"inLanguage\":\"sq-AL\",\"@id\":\"https:\\\/\\\/fjala.info\\\/2009-2015\\\/frika-e-brendshme-e-nje-te-krisuri\\\/#primaryimage\",\"url\":\"http:\\\/\\\/fjala.shkoder.net\\\/wp-content\\\/uploads\\\/2010\\\/11\\\/arbencokaj.jpg\",\"contentUrl\":\"http:\\\/\\\/fjala.shkoder.net\\\/wp-content\\\/uploads\\\/2010\\\/11\\\/arbencokaj.jpg\"},{\"@type\":\"BreadcrumbList\",\"@id\":\"https:\\\/\\\/fjala.info\\\/2009-2015\\\/frika-e-brendshme-e-nje-te-krisuri\\\/#breadcrumb\",\"itemListElement\":[{\"@type\":\"ListItem\",\"position\":1,\"name\":\"Home\",\"item\":\"https:\\\/\\\/fjala.info\\\/2009-2015\\\/\"},{\"@type\":\"ListItem\",\"position\":2,\"name\":\"Frika e brendshme e nj\u00eb t\u00eb krisuri\"}]},{\"@type\":\"WebSite\",\"@id\":\"https:\\\/\\\/fjala.info\\\/2009-2015\\\/#website\",\"url\":\"https:\\\/\\\/fjala.info\\\/2009-2015\\\/\",\"name\":\"FjALA e LIR\u00cb - Arkivi\",\"description\":\"Arkivi 2009-2015\",\"publisher\":{\"@id\":\"https:\\\/\\\/fjala.info\\\/2009-2015\\\/#organization\"},\"potentialAction\":[{\"@type\":\"SearchAction\",\"target\":{\"@type\":\"EntryPoint\",\"urlTemplate\":\"https:\\\/\\\/fjala.info\\\/2009-2015\\\/?s={search_term_string}\"},\"query-input\":{\"@type\":\"PropertyValueSpecification\",\"valueRequired\":true,\"valueName\":\"search_term_string\"}}],\"inLanguage\":\"sq-AL\"},{\"@type\":\"Organization\",\"@id\":\"https:\\\/\\\/fjala.info\\\/2009-2015\\\/#organization\",\"name\":\"FjALA e LIR\u00cb - Arkivi\",\"url\":\"https:\\\/\\\/fjala.info\\\/2009-2015\\\/\",\"logo\":{\"@type\":\"ImageObject\",\"inLanguage\":\"sq-AL\",\"@id\":\"https:\\\/\\\/fjala.info\\\/2009-2015\\\/#\\\/schema\\\/logo\\\/image\\\/\",\"url\":\"\",\"contentUrl\":\"\",\"caption\":\"FjALA e LIR\u00cb - Arkivi\"},\"image\":{\"@id\":\"https:\\\/\\\/fjala.info\\\/2009-2015\\\/#\\\/schema\\\/logo\\\/image\\\/\"}},{\"@type\":\"Person\",\"@id\":\"https:\\\/\\\/fjala.info\\\/2009-2015\\\/#\\\/schema\\\/person\\\/3aa1163ef05469c496fc94e77611ada2\",\"name\":\"admin\",\"image\":{\"@type\":\"ImageObject\",\"inLanguage\":\"sq-AL\",\"@id\":\"https:\\\/\\\/fjala.info\\\/2009-2015\\\/wp-content\\\/uploads\\\/2012\\\/02\\\/arben_cokaj-120x150.jpg\",\"url\":\"https:\\\/\\\/fjala.info\\\/2009-2015\\\/wp-content\\\/uploads\\\/2012\\\/02\\\/arben_cokaj-120x150.jpg\",\"contentUrl\":\"https:\\\/\\\/fjala.info\\\/2009-2015\\\/wp-content\\\/uploads\\\/2012\\\/02\\\/arben_cokaj-120x150.jpg\",\"caption\":\"admin\"},\"description\":\"Admin, Fjala e Lir\u00eb\",\"sameAs\":[\"https:\\\/\\\/fjala.info\\\/\"],\"url\":\"https:\\\/\\\/fjala.info\\\/2009-2015\\\/author\\\/admin\\\/\"}]}<\/script>\n<!-- \/ Yoast SEO plugin. -->","yoast_head_json":{"title":"Frika e brendshme e nj\u00eb t\u00eb krisuri - FjALA e LIR\u00cb - Arkivi","robots":{"index":"index","follow":"follow","max-snippet":"max-snippet:-1","max-image-preview":"max-image-preview:large","max-video-preview":"max-video-preview:-1"},"canonical":"https:\/\/fjala.info\/2009-2015\/frika-e-brendshme-e-nje-te-krisuri\/","og_locale":"sq_AL","og_type":"article","og_title":"Frika e brendshme e nj\u00eb t\u00eb krisuri - FjALA e LIR\u00cb - Arkivi","og_description":"Arben \u00c7okaj, 26.01.2011 Vrasja e tre protestuesve t\u00eb pafajsh\u00ebm n\u00eb rrug\u00eb me dat\u00eb 21 janar 2011, si dhe plagosja e dhjet\u00ebra t\u00eb tjer\u00ebve, protestues dhe polic\u00eb, tregon qart\u00eb tensionin e panevojsh\u00ebm politik t\u00eb krijuar vetvetiu dhe artificialisht n\u00eb Shqip\u00ebri, nga kreu i qeveris\u00eb shqiptare, i cili ka koh\u00eb q\u00eb \u00ebsht\u00eb n\u00eb kriz\u00eb personale, dhe me [&hellip;]","og_url":"https:\/\/fjala.info\/2009-2015\/frika-e-brendshme-e-nje-te-krisuri\/","og_site_name":"FjALA e LIR\u00cb - Arkivi","article_published_time":"2011-01-29T10:42:52+00:00","og_image":[{"url":"http:\/\/fjala.shkoder.net\/wp-content\/uploads\/2010\/11\/arbencokaj.jpg","type":"","width":"","height":""}],"author":"admin","twitter_card":"summary_large_image","twitter_misc":{"Written by":"admin","Est. reading time":"8 minutes"},"schema":{"@context":"https:\/\/schema.org","@graph":[{"@type":"Article","@id":"https:\/\/fjala.info\/2009-2015\/frika-e-brendshme-e-nje-te-krisuri\/#article","isPartOf":{"@id":"https:\/\/fjala.info\/2009-2015\/frika-e-brendshme-e-nje-te-krisuri\/"},"author":{"name":"admin","@id":"https:\/\/fjala.info\/2009-2015\/#\/schema\/person\/3aa1163ef05469c496fc94e77611ada2"},"headline":"Frika e brendshme e nj\u00eb t\u00eb krisuri","datePublished":"2011-01-29T10:42:52+00:00","mainEntityOfPage":{"@id":"https:\/\/fjala.info\/2009-2015\/frika-e-brendshme-e-nje-te-krisuri\/"},"wordCount":1615,"commentCount":0,"publisher":{"@id":"https:\/\/fjala.info\/2009-2015\/#organization"},"image":{"@id":"https:\/\/fjala.info\/2009-2015\/frika-e-brendshme-e-nje-te-krisuri\/#primaryimage"},"thumbnailUrl":"http:\/\/fjala.shkoder.net\/wp-content\/uploads\/2010\/11\/arbencokaj.jpg","articleSection":["Artikuj"],"inLanguage":"sq-AL","potentialAction":[{"@type":"CommentAction","name":"Comment","target":["https:\/\/fjala.info\/2009-2015\/frika-e-brendshme-e-nje-te-krisuri\/#respond"]}]},{"@type":"WebPage","@id":"https:\/\/fjala.info\/2009-2015\/frika-e-brendshme-e-nje-te-krisuri\/","url":"https:\/\/fjala.info\/2009-2015\/frika-e-brendshme-e-nje-te-krisuri\/","name":"Frika e brendshme e nj\u00eb t\u00eb krisuri - FjALA e LIR\u00cb - Arkivi","isPartOf":{"@id":"https:\/\/fjala.info\/2009-2015\/#website"},"primaryImageOfPage":{"@id":"https:\/\/fjala.info\/2009-2015\/frika-e-brendshme-e-nje-te-krisuri\/#primaryimage"},"image":{"@id":"https:\/\/fjala.info\/2009-2015\/frika-e-brendshme-e-nje-te-krisuri\/#primaryimage"},"thumbnailUrl":"http:\/\/fjala.shkoder.net\/wp-content\/uploads\/2010\/11\/arbencokaj.jpg","datePublished":"2011-01-29T10:42:52+00:00","breadcrumb":{"@id":"https:\/\/fjala.info\/2009-2015\/frika-e-brendshme-e-nje-te-krisuri\/#breadcrumb"},"inLanguage":"sq-AL","potentialAction":[{"@type":"ReadAction","target":["https:\/\/fjala.info\/2009-2015\/frika-e-brendshme-e-nje-te-krisuri\/"]}]},{"@type":"ImageObject","inLanguage":"sq-AL","@id":"https:\/\/fjala.info\/2009-2015\/frika-e-brendshme-e-nje-te-krisuri\/#primaryimage","url":"http:\/\/fjala.shkoder.net\/wp-content\/uploads\/2010\/11\/arbencokaj.jpg","contentUrl":"http:\/\/fjala.shkoder.net\/wp-content\/uploads\/2010\/11\/arbencokaj.jpg"},{"@type":"BreadcrumbList","@id":"https:\/\/fjala.info\/2009-2015\/frika-e-brendshme-e-nje-te-krisuri\/#breadcrumb","itemListElement":[{"@type":"ListItem","position":1,"name":"Home","item":"https:\/\/fjala.info\/2009-2015\/"},{"@type":"ListItem","position":2,"name":"Frika e brendshme e nj\u00eb t\u00eb krisuri"}]},{"@type":"WebSite","@id":"https:\/\/fjala.info\/2009-2015\/#website","url":"https:\/\/fjala.info\/2009-2015\/","name":"FjALA e LIR\u00cb - Arkivi","description":"Arkivi 2009-2015","publisher":{"@id":"https:\/\/fjala.info\/2009-2015\/#organization"},"potentialAction":[{"@type":"SearchAction","target":{"@type":"EntryPoint","urlTemplate":"https:\/\/fjala.info\/2009-2015\/?s={search_term_string}"},"query-input":{"@type":"PropertyValueSpecification","valueRequired":true,"valueName":"search_term_string"}}],"inLanguage":"sq-AL"},{"@type":"Organization","@id":"https:\/\/fjala.info\/2009-2015\/#organization","name":"FjALA e LIR\u00cb - Arkivi","url":"https:\/\/fjala.info\/2009-2015\/","logo":{"@type":"ImageObject","inLanguage":"sq-AL","@id":"https:\/\/fjala.info\/2009-2015\/#\/schema\/logo\/image\/","url":"","contentUrl":"","caption":"FjALA e LIR\u00cb - Arkivi"},"image":{"@id":"https:\/\/fjala.info\/2009-2015\/#\/schema\/logo\/image\/"}},{"@type":"Person","@id":"https:\/\/fjala.info\/2009-2015\/#\/schema\/person\/3aa1163ef05469c496fc94e77611ada2","name":"admin","image":{"@type":"ImageObject","inLanguage":"sq-AL","@id":"https:\/\/fjala.info\/2009-2015\/wp-content\/uploads\/2012\/02\/arben_cokaj-120x150.jpg","url":"https:\/\/fjala.info\/2009-2015\/wp-content\/uploads\/2012\/02\/arben_cokaj-120x150.jpg","contentUrl":"https:\/\/fjala.info\/2009-2015\/wp-content\/uploads\/2012\/02\/arben_cokaj-120x150.jpg","caption":"admin"},"description":"Admin, Fjala e Lir\u00eb","sameAs":["https:\/\/fjala.info\/"],"url":"https:\/\/fjala.info\/2009-2015\/author\/admin\/"}]}},"_links":{"self":[{"href":"https:\/\/fjala.info\/2009-2015\/wp-json\/wp\/v2\/posts\/5991","targetHints":{"allow":["GET"]}}],"collection":[{"href":"https:\/\/fjala.info\/2009-2015\/wp-json\/wp\/v2\/posts"}],"about":[{"href":"https:\/\/fjala.info\/2009-2015\/wp-json\/wp\/v2\/types\/post"}],"author":[{"embeddable":true,"href":"https:\/\/fjala.info\/2009-2015\/wp-json\/wp\/v2\/users\/1"}],"replies":[{"embeddable":true,"href":"https:\/\/fjala.info\/2009-2015\/wp-json\/wp\/v2\/comments?post=5991"}],"version-history":[{"count":0,"href":"https:\/\/fjala.info\/2009-2015\/wp-json\/wp\/v2\/posts\/5991\/revisions"}],"wp:attachment":[{"href":"https:\/\/fjala.info\/2009-2015\/wp-json\/wp\/v2\/media?parent=5991"}],"wp:term":[{"taxonomy":"category","embeddable":true,"href":"https:\/\/fjala.info\/2009-2015\/wp-json\/wp\/v2\/categories?post=5991"},{"taxonomy":"post_tag","embeddable":true,"href":"https:\/\/fjala.info\/2009-2015\/wp-json\/wp\/v2\/tags?post=5991"}],"curies":[{"name":"wp","href":"https:\/\/api.w.org\/{rel}","templated":true}]}}