{"id":5988,"date":"2011-01-29T11:03:37","date_gmt":"2011-01-29T10:03:37","guid":{"rendered":"http:\/\/fjala.shkoder.net\/?p=5988"},"modified":"2011-01-29T11:03:37","modified_gmt":"2011-01-29T10:03:37","slug":"dilemat-e-regjistrimit-te-popullsise-ne-mal-te-zi","status":"publish","type":"post","link":"https:\/\/fjala.info\/2009-2015\/dilemat-e-regjistrimit-te-popullsise-ne-mal-te-zi\/","title":{"rendered":"DILEMAT E REGJISTRIMIT T\u00cb POPULLSIS\u00cb N\u00cb MAL T\u00cb ZI"},"content":{"rendered":"<p><em><strong>Diskursi sociopolitik<\/strong><\/em><\/p>\n<p>Nga data 1-15 prill t\u00eb k\u00ebtij viti n\u00eb Mal t\u00eb Zi do t\u00eb mbahet regjistrimi i banor\u00ebve, i sht\u00ebpive dhe banesave ku qytetar\u00ebt do t\u00eb deklarohen edhe mbi p\u00ebrkat\u00ebsin\u00eb e tyre komb\u00ebtare, p\u00ebrkat\u00ebsisht etnike, ka konfirmuar Enti i Statistik\u00ebs \u2013 Monstat, i cili e p\u00ebrgatit edhe e organizon k\u00ebt\u00eb proces shoq\u00ebror. Qytetar\u00ebt do t\u00eb deklarohen mbi t\u00eb dh\u00ebnat personale, n\u00ebnshtet\u00ebsin\u00eb, fen\u00eb si dhe p\u00ebr gjuhen am\u00ebtare, \u00ebsht\u00eb definuar me ligjin e regjistrimit i cili \u00ebsht\u00eb i pari n\u00eb shtetin e pavarur t\u00eb Malit t\u00eb Zi.<\/p>\n<p><img loading=\"lazy\" decoding=\"async\" class=\"alignright size-full wp-image-4849\" title=\"Nail Draga\" src=\"http:\/\/fjala.shkoder.net\/wp-content\/uploads\/2010\/11\/nail_draga.jpg\" alt=\"\" width=\"200\" height=\"267\" \/><\/p>\n<p><strong>Dr. Nail Draga<\/strong><\/p>\n<p>N\u00eb saj\u00eb t\u00eb struktur\u00ebs heterogjene nacionale t\u00eb popullsis\u00eb si n\u00eb n\u00eb asnj\u00eb vend tjet\u00ebr n\u00eb Evrop\u00ebn Juglindore n\u00eb Mal t\u00eb Zi politizohet regjistrimi i popullsis\u00eb. Dhe nj\u00eb politizim i till\u00eb mbeshtetet kryesisht nga subjektet politike serbe, sepse p\u00ebrve\u00e7 s\u00eb luftojn\u00eb p\u00ebr numrin real t\u00eb popullsis\u00eb me komb\u00ebsi serbe n\u00eb ket\u00eb mjedis, ata po ashtu p\u00ebrcaktojn\u00eb edhe elektoratin e tyre votues.<\/p>\n<p><strong>Politizimi i regjistrimit t\u00eb popullsis\u00eb<\/strong><\/p>\n<p>N\u00eb saj\u00eb t\u00eb regjistrimit t\u00eb popullsis\u00eb i cili u realizu n\u00eb vitin 2003 definitivisht doli n\u00eb shesh fakti s\u00eb Mali i Zi \u00ebsht\u00eb mjedisi m\u00eb tipik multinacional si asnj\u00eb shtet tjet\u00ebr n\u00eb regjion. E dh\u00ebna e till\u00eb mbeshetet n\u00eb faktin se k\u00ebtu asnj\u00eb popull nuk \u00ebsht\u00eb shumic\u00eb absolute, sepse t\u00eb gjith\u00eb jan\u00eb n\u00ebn 50% n\u00eb kuadrin e popullsis\u00eb s\u00eb p\u00ebrgjithshme, q\u00eb e b\u00ebn ket\u00eb mjedis specifik jo vet\u00ebm p\u00ebr regjionin por edhe m\u00eb gjer\u00eb. Dhe \u00e7do tentim p\u00ebr ndryshim mekanik n\u00eb kuad\u00ebr t\u00eb struktur\u00ebs s\u00eb p\u00ebrgjithshme t\u00eb popullsis\u00eb, do t\u00eb thot angazhim direkt i pushtetit p\u00ebr t\u00eb ndryshuar raport\u00ebt ekzistuese.<\/p>\n<p>Duke marr\u00eb parasysh sindromin e mimikris\u00eb nacionale e cila k\u00ebtu ka nj\u00eb tradit\u00eb nga koha e komunizmit, dukuria e till\u00eb ka qen\u00eb e pranishme n\u00eb m\u00ebnyr\u00eb t\u00eb ve\u00e7ant\u00eb t\u00eb popullsia e cila tash \u00ebsht\u00eb deklaruar se \u00ebsht\u00eb m\u00eb komb\u00ebsi serbe. Nj\u00eb evoluim i till\u00eb u demonstru p\u00ebrfundimisht me rastin e shkat\u00ebrrimit t\u00eb ish shtetit t\u00eb p\u00ebrbashk\u00ebt t\u00eb Jugosllavis\u00eb, q\u00eb ndikoj duksh\u00ebm n\u00eb vet\u00ebdij\u00ebsimin e tyre nacional q\u00eb u d\u00ebshmu ne regjistrimin e popullsis\u00eb n\u00eb vitin 2003. Dhe n\u00eb saj\u00eb t\u00eb k\u00ebtij regjistrimi del qart\u00eb metamorfoza e deklarimit nacional p\u00ebr pjes\u00ebtaret e popullit serb dhe atij boshnjak.<\/p>\n<p><strong>Regjistrimi i vitit 2001 u mbajt n\u00eb vitin 2003<\/strong><br \/>\nSipas tradit\u00ebs s\u00eb krijuar dekada m\u00eb radh\u00eb n\u00eb ish Jugosllavi regjistrimi i rregullt i popullsis\u00eb pas vitit 1991, \u00ebsht\u00eb dashur t\u00eb mbahet n\u00eb vitin 2001, por nj\u00eb parashikim i till\u00eb nuk u realizu n\u00eb Mal t\u00eb Zi, sepse ishte vit zgjedhor duke e shtyr\u00eb p\u00ebr ne vitin 2002, e m\u00eb pas p\u00ebr ne prill te vitit 2003, me kusht n\u00ebse nuk do te ket\u00eb zgjedhje qoft\u00eb lokale apo parlamentare.<br \/>\nNuk ka dilem\u00eb s\u00eb k\u00ebto shtyerje te regjistrimit te popullsis\u00eb t\u00ebr\u00ebsisht kan\u00eb pasur dimensionin politik, edhe pse pushteti \u00ebsht\u00eb munduar p\u00ebr ti cil\u00ebsuar ne form\u00eb tjet\u00ebr. Ishte kjo e vetmja form\u00eb p\u00ebr t iu ndaluar hovin subjekt\u00ebve politike serbe e proserbe, te cilat kan\u00eb nj\u00eb elektorat rreth 40% ne nivel te vendit.<br \/>\nPor, si\u00e7 \u00ebsht\u00eb njoftuar opinioni i gj\u00ebr\u00eb p\u00ebrfundimisht u vendos qe regjistrimi i popullsis\u00eb te mbahet nga data 1-15 n\u00ebntor te vitit 2003. Menj\u00ebher\u00eb sa u caktua ky termin partit\u00eb politike proserbe dhe serbe filluan nj\u00eb fushat\u00eb kund\u00ebr regjistrimit t\u00eb popullsis\u00eb. Qellimi i tyre kryesor ishte qe te b\u00ebjn\u00eb nj\u00eb politizim p\u00ebr te nxitur ndjenjat e atyre qytetar\u00ebve te cil\u00ebt jan\u00eb me hamendje se cil\u00ebs komb\u00ebsi v\u00ebrtet i p\u00ebrkasin, asaj malazeze apo serbe, sepse sipas tyre n\u00eb Mal t\u00eb Zi ka shum\u00eb m\u00eb tep\u00ebr serb se sa e paraqet statistika zyrtare.<br \/>\nTe ndodhur ne nj\u00eb situat\u00eb t\u00eb till\u00eb, organet qeveritare organizuan takime me k\u00ebto subjekte politike, p\u00ebr te gjetur nj\u00eb konsenzus, duke mund\u00ebsuar realizimin e regjistrimit te popullsis\u00eb. Dhe konsenzuesi qe edhe ata te marrin pjes\u00eb ne regjistrimin e popullsis\u00eb ishte se organet kompetente te cilat do ta kryejn\u00eb procesin e regjistrimit te popullsis\u00eb qe \u00ebsht\u00eb Enti Republikan i Statistik\u00ebs, kishte obligim qe me dat\u00ebn 15 dhjetor te shpallte t\u00eb dh\u00ebnat e para sa i p\u00ebrket struktur\u00ebs nacionale, gjuh\u00ebsore dhe konfesionale te popullsis\u00eb.<\/p>\n<p>Ndryshime n\u00eb struktur\u00ebn nacionale t\u00eb popullsis\u00eb<\/p>\n<p>Dhe t\u00eb dh\u00ebnat e para t\u00eb publikuara p\u00ebr struktur\u00ebn nacionale t\u00eb popullsis\u00eb nga regjistrimi i vitit 2003, d\u00ebshmuan n\u00eb m\u00ebnyr\u00eb bind\u00ebse dilemat q\u00eb kishin subjektet politike t\u00eb serbeve se numri i tyre \u00ebsht\u00eb disa her\u00eb m\u00eb i lart\u00eb se sa e ka paraqitur deri m\u00eb tash statistika zyrtare. Nga numri i p\u00ebrgjithsh\u00ebm i banor\u00ebve prej 620.145 q\u00eb jan\u00eb n\u00eb vend sipas struktur\u00ebs nacionale jan\u00eb deklaruar: si malazez 267.669 banor\u00eb apo 43.16%, serb 198.414 apo 31.99%, boshnjak\u00eb 48.184 apo 7.77%, shqiptar\u00eb 31.163 apo 5.03%, musliman\u00eb 24.625 apo 3.97%, kroat\u00eb 6.811 apo 1.1o% dhe rom\u00eb 2.601 apo 0.42%.<br \/>\nN\u00ebse krahasojm\u00eb t\u00eb dh\u00ebnat e tilla me regjistrimin e vitit 1991, del qart\u00eb se metamorfoz\u00ebn m\u00eb t\u00eb lart\u00eb e kan\u00eb p\u00ebsuar pjes\u00ebtar\u00ebt e popullit serb, t\u00eb cil\u00ebt nga 9.3% arrijn\u00eb n\u00eb rreth 32%, q\u00eb \u00ebsht\u00eb rast i panjour deri m\u00eb tash n\u00eb vendet e Evrop\u00ebs Juglindore. Po ashtu hetohet edhe dukuria e deklarimit p\u00ebr p\u00ebrkat\u00ebsi komb\u00ebtare boshnjake e mund\u00ebsuar p\u00ebr her\u00eb t\u00eb par\u00eb ku jan\u00eb deklaruar 48.184 banor\u00eb apo 7.77% e popullsis\u00eb s\u00eb p\u00ebrgjithshme. Nga ana tjet\u00ebr r\u00ebnia e pjes\u00ebmarrjes s\u00eb qytetar\u00ebve t\u00eb deklaruar si malazez n\u00eb aspektin nacional nga 61.8% n\u00eb 43.16% d\u00ebshmon n\u00eb m\u00ebnyr\u00eb transparente mimikrin\u00eb nacionale t\u00eb qytetar\u00ebve n\u00eb sistemin e kaluar por edhe mekanizmin e falsifikimit t\u00eb te dh\u00ebnave gjat\u00eb p\u00ebrpunimit t\u00eb tyre. Nj\u00eb e dh\u00ebn\u00eb e till\u00eb d\u00ebshmon edhe falcitetin e regjistrimeve t\u00eb popullsis\u00eb n\u00eb t\u00eb kaluar\u00ebn 1948-1991, e cila ka qen\u00eb n\u00eb d\u00ebm t\u00eb pjes\u00ebtar\u00ebve t\u00eb popujve num\u00ebrikisht m\u00eb t\u00eb pak\u00ebt q\u00eb k\u00ebtu quhen popuj pakic\u00eb apo pakica nacionale e grupe etnike.<\/p>\n<p>Prit\u00ebn ndryshime n\u00eb struktur\u00ebn gjuh\u00ebsore<\/p>\n<p>N\u00eb regjistrimin e prillit t\u00eb k\u00ebtij viti risi nuk duhet t\u00eb paraqes\u00eb ndryshimi n\u00eb struktur\u00ebn nacionale t\u00eb popullsis\u00eb, sepse pakashum\u00eb do t\u00eb jet\u00eb kjo struktur\u00eb m\u00eb ca ndryshime minimale, por ndryshime duhet pritur n\u00eb struktur\u00ebn gjuh\u00ebsore. K\u00ebtu para s\u00eb gjithash mendojm\u00eb p\u00ebr gjuh\u00ebn malazeze dhe ate boshnjake, sepse ato n\u00eb vitin 2003 nuk kan\u00eb korresponduar m\u00eb struktur\u00ebn nacionale t\u00eb popullsis\u00eb. Nj\u00eb konstatim t\u00eb till\u00eb e mbeshtesim n\u00eb faktin s\u00eb nga viti 2003 strukturat qeveritare e sidomos qarqet kulturore, shkencore e intelektuale malazeze kan\u00eb animuar vazhdimisht opinionin ne lidhje me gjuh\u00ebn malazeze, e cila tash ka tretmanin e gjuh\u00ebs zyrtare. I nj\u00ebjti konstatim vlen edhe p\u00ebr gjuh\u00ebn boshnjake e cila edhe kjo ka fituar tretmanin e gjuh\u00ebs zyrtare n\u00eb ket\u00eb mjedis.<\/p>\n<p><strong>Sa do t\u00eb jet\u00eb numri i shqiptar\u00ebve?<\/strong><\/p>\n<p>Mjaft m\u00eb interes do t\u00eb jen\u00eb edhe t\u00eb dh\u00ebnat ne lidhje mbi numrin e popujve pakic\u00eb e ne ve\u00e7anti t\u00eb shqiptar\u00ebve n\u00eb Mal t\u00eb Zi, sepse ky do te jet\u00eb regjistrimi i tret\u00eb i cili mbahet nga miratimi i pluralizmit. Ne regjistrimin e vitit 1991 ishin 40880 banor\u00eb te deklaruar si shqiptar\u00eb apo 6.6% nga popullsia e p\u00ebrgjithshme, nd\u00ebrsa n\u00eb vitin 2003, ndodhi befasia sespe ky num\u00ebr u rrit duksh\u00ebm, n\u00eb 47.682, apo 7.09% e numrit t\u00eb p\u00ebrgjiths\u00ebm t\u00eb popullsis\u00eb.N\u00eb ket\u00eb num\u00ebr jan\u00eb llogaritur edhe shqiptar\u00ebt me q\u00eb banojn\u00eb dhe punojn\u00eb n\u00eb bot\u00ebn e jashtme.<\/p>\n<p>Dhe nj\u00eb e dh\u00ebn\u00eb e till\u00eb d\u00ebshmon faktin s\u00eb ky \u00ebsht\u00eb regjistrimi m\u00eb objektiv i popullsis\u00eb i realizuar deri m\u00eb tash n\u00eb Mal t\u00eb Zi. Nj\u00eb konstatim i till\u00eb mbeshtetet n\u00eb faktin s\u00eb p\u00ebrve\u00e7 se n\u00eb viset shqiptare kan\u00eb marr\u00eb pjes\u00eb n\u00eb regjistrimin e popullsis\u00eb indvid\u00eb shqiptar\u00eb, po ashtu nuk ekziton m\u00eb farsa e mimikrimit t\u00eb popullsis\u00eb si m\u00eb par\u00eb q\u00eb \u00ebsht\u00eb si rezultat i ndryshimineve te rrethanave shoq\u00ebrore n\u00eb Mal t\u00eb Zi nga viti 1990.<\/p>\n<p>Autori i k\u00ebtij shkrimi m\u00eb her\u00ebt ka theksuar se duke pasur parasysh pasakt\u00ebsit\u00eb e regjistrimeve t\u00eb m\u00ebhershme, nuk ka dilem\u00eb s\u00eb numri i i shqiptar\u00ebve duhet t\u00eb jet\u00eb m\u00eb i lart\u00eb se sa e ka paraqitur vazhdimisht statistika zyrtare. Dhe pik\u00ebrisht p\u00ebr regjistrimin e vitit 2003, duke marr\u00eb parasysh rrethanat shoq\u00ebrore kam cekur se numri i shqiptar\u00ebve duhet t\u00eb jet\u00eb rreth 50000 banor\u00eb. Nj\u00eb parashikim i till\u00eb u d\u00ebshmu me publikimin e rezultateve te para t\u00eb regjistrimit t\u00eb popullsis\u00eb. Nd\u00ebrsa p\u00ebr k\u00ebt\u00eb vit duke marr\u00eb parasysh natalitetin e ult\u00eb, por edhe emigrimin spontan por t\u00eb vazhduesh\u00ebm n\u00eb bot\u00ebn e jashtme, numri i shqiptar\u00ebven\u00eb Mal t\u00eb Zi duhet t\u00eb jet\u00eb me nj\u00eb rritje t\u00eb vog\u00ebl, por jo n\u00ebn 50000 banor\u00eb.<\/p>\n<p><strong>Duhet t\u00eb regjistrohet edhe diaspora<\/strong><\/p>\n<p>Duke marr\u00eb parasysh s\u00eb \u00e7do vend dhe popull ka diaspor\u00ebn e vet qoft\u00eb ate historike apo bashk\u00ebkohore, subjekte t\u00eb ve\u00e7anta qeveritare kan\u00eb evidenc\u00ebn p\u00ebrkat\u00ebse dhe vendin e qendrimit dhe t\u00eb banimit t\u00eb tyre. Shqiptar\u00ebt n\u00eb Mal t\u00eb Zi, kan\u00eb emigruar n\u00eb forma t\u00eb ndryshme nga trojet e tyre nga vit\u00ebt 1960 e m\u00eb pas, ku vendin e par\u00eb e z\u00ebn Mal\u00ebsia. Madje nuk teprohet n\u00ebse thuhet s\u00eb n\u00eb Detroit(SHBA) \u00ebsht\u00eb nj\u00eb tjet\u00ebr Mal\u00ebsi, e cila num\u00ebrikisht \u00ebsht\u00eb duke e tejkaluar ate disa her\u00eb.<\/p>\n<p>Por, nga viti 1991, e m\u00eb pas me rastin e luft\u00ebrave ne ish-Jugosllavi dhe shkat\u00ebrrimit te k\u00ebti shteti nj\u00eb num\u00ebr i konsideruar i t\u00eb rinj\u00ebve duke mos d\u00ebshiruar te angazhohet ne ish armat\u00ebn jugosllave e cila ishte n\u00eb mbeshtetje t\u00eb hegjemonizmit serb ka emigruar ne bot\u00ebn e jashtme kryesisht ne SHBA. Ishte ky nj\u00eb emigrim specifik p\u00ebr te rinj\u00ebt shqiptar\u00eb, te cil\u00ebt ishin te detyruar ta l\u00ebshojn\u00eb vendlindj\u00ebn e tyre, q\u00eb pati pasoja te m\u00ebdha sepse pas f\u00ebmijeve m\u00eb pas shkuan prind\u00ebrit e tyre.<\/p>\n<p>T\u00eb dh\u00ebnat nga regjistrimi i popullsis\u00eb n\u00eb vitin 2003, d\u00ebshmojn\u00eb s\u00eb nga numri i p\u00ebrgjithsh\u00ebm i shqiptar\u00ebve n\u00eb vend jan\u00eb 31163 banor\u00eb apo 5.03% nga del se n\u00eb diaspor\u00eb jan\u00eb 16519 banor\u00eb.<br \/>\nNj\u00eb e dh\u00ebn\u00eb e till\u00eb \u00ebsht\u00eb alarmuese sepse asnj\u00eb popull n\u00eb Mal t\u00eb Zi nuk ka pjes\u00ebmarrje aq t\u00eb lart\u00eb t\u00eb popullsis\u00eb s\u00eb emigruar, q\u00eb th\u00ebn\u00eb me gjuh\u00ebn e shifrave del s\u00eb \u00e7do i treti shqiptar\u00eb nga Mali i Zi \u00ebsht\u00eb n\u00eb bot\u00ebn e jashtme, dukuri kjo e cila \u00ebsht\u00eb shnd\u00ebrruar n\u00eb proces.<\/p>\n<p>Dhe nga emigrimi i vazhduesh\u00ebm disa vje\u00e7ar, kryesisht nga motivi ekonomik, nuk do te shkoj shum\u00eb koh\u00eb qe shqiptar\u00eb nga Mali i Zi me tep\u00ebr do te ket\u00eb ne bot\u00ebn e jashtme se sa ne trojet e tyre.<\/p>\n<p>Nuk kemi informacion se ne ket\u00eb regjistrim do te evidentohet edhe diaspora e jon\u00eb an\u00eb e k\u00ebnd bot\u00ebs edhe pse nj\u00eb num\u00ebr i konsideruar i tyre ende \u00ebsht\u00eb n\u00eb regjistrat zgjedhore. Duhet kujtuar k\u00ebtu s\u00eb nj\u00eb num\u00ebr i konsideruar i tyre ka marr\u00eb pjes\u00eb n\u00eb votim m\u00eb rastin e pavar\u00ebsis\u00eb s\u00eb Malit t\u00eb Zi m\u00eb 21 maj 2006, ku duhet cekur patjet\u00ebr se vota e tyre ka qen\u00eb vendimtare n\u00eb rezultatin definitiv. Andaj ata e meritojn\u00eb te evidentohen sepse jan\u00eb pjes\u00eb e pandar\u00eb e popullit ton\u00eb, dhe se vet\u00ebm ne ket\u00eb m\u00ebnyr\u00eb do te kemi t\u00eb dh\u00ebna te sakta ne lidhje mbi numrin, vitin e emigrimit, statusin dhe vendqendrimin e tyre, si kudo ne bot\u00ebn e qytet\u00ebruar.<\/p>\n<p><strong>Kalkulimi i regjistrimit t\u00eb popullsis\u00eb dhe ligji zgjedhor<\/strong><\/p>\n<p>Pik\u00ebrisht n\u00eb koh\u00ebn kur do t\u00eb realizohet regjistrimi i popullsis\u00eb, komisioni parlamentar duhet t\u00eb p\u00ebrfundoj variantin e pun\u00ebs t\u00eb projekt ligjit zgjedhor p\u00ebr k\u00ebshilltar dhe deputet. Por, duke marr\u00eb parasysh se deri m\u00eb tash nuk ka ekzistuar konsenzuesi n\u00eb mes subjekteve politike ka gjasa q\u00eb t\u00eb shtyhet p\u00ebrseri sepse sipas gjasave duhet pritur rezultatin definitiv t\u00eb regjistrimit t\u00eb popullsis\u00eb sipas struktures nacionale.<\/p>\n<p>Sepse ka gjasa q\u00eb pjes\u00ebmarrja e pjes\u00ebtar\u00ebve t\u00eb popujve t\u00eb ndrysh\u00ebm q\u00eb ka t\u00eb b\u00ebj kryesisht me popujt pakic\u00eb t\u00eb p\u00ebsoj ndryshime n\u00eb kuad\u00ebr t\u00eb struktur\u00ebs s\u00eb p\u00ebrgjithshme t\u00eb popullsis\u00eb. Madje, shifrat e tilla numerike do t\u00eb jen\u00eb vendimtare p\u00ebr hartimin e ligjit zgjedhor p\u00ebr k\u00ebshilltar dhe deputet. Dhe nga struktura p\u00ebrkat\u00ebse do t\u00eb vendoset p\u00ebr p\u00ebrfaq\u00ebsimin autentik perm\u00ebs deputeteve n\u00eb parlamentin e Malit t\u00eb Zi.<\/p>\n<p>N\u00eb rastin konkret prit\u00ebn ndryshime n\u00eb pjes\u00ebmarrjen e p\u00ebrgjithshme t\u00eb popullsis\u00eb tek boshnjak\u00ebt dhe mysliman\u00ebt. Nd\u00ebrsa risi duhet t\u00eb paraqes\u00eb edhe numri i rom\u00ebve. Nj\u00eb konstatim t\u00eb till\u00eb e themi nga fakti s\u00eb n\u00eb vitin 2003, s\u00eb i p\u00ebrkasin grupit etnik rom\u00eb jan\u00eb deklaruar 2601 persona apo 0.42% e popullsis\u00eb s\u00eb p\u00ebrgjithshme,, nd\u00ebrsa realiteti \u00ebsht\u00eb tjet\u00ebr fare sepse ata m\u00eb s\u00eb paku jan\u00eb dhjet\u00eb her\u00eb m\u00eb tep\u00ebr.<\/p>\n<p>Pra,regjistrimi i ardhsh\u00ebm i popullsis\u00eb do t\u00eb ofroj\u00eb numrin definitiv t\u00eb pjes\u00ebtar\u00ebve t\u00eb popujve pakic\u00eb dhe grupeve etnike e m\u00eb k\u00ebt\u00eb do t\u00eb eliminohet edhe dilema e p\u00ebrfaq\u00ebsimit t\u00eb tyre autentik n\u00eb parlamentin e Malit t\u00eb Zi, p\u00ebrmes legjislacionit p\u00ebrkat\u00ebs.<\/p>\n<p><em>Janar 2011<\/em><\/p>\n","protected":false},"excerpt":{"rendered":"<p>Diskursi sociopolitik Nga data 1-15 prill t\u00eb k\u00ebtij viti n\u00eb Mal t\u00eb Zi do t\u00eb mbahet regjistrimi i banor\u00ebve, i sht\u00ebpive dhe banesave ku qytetar\u00ebt do t\u00eb deklarohen edhe mbi p\u00ebrkat\u00ebsin\u00eb e tyre komb\u00ebtare, p\u00ebrkat\u00ebsisht etnike, ka konfirmuar Enti i Statistik\u00ebs \u2013 Monstat, i cili e p\u00ebrgatit edhe e organizon k\u00ebt\u00eb proces shoq\u00ebror. Qytetar\u00ebt do [&hellip;]<\/p>\n","protected":false},"author":1,"featured_media":0,"comment_status":"open","ping_status":"closed","sticky":false,"template":"","format":"standard","meta":{"footnotes":""},"categories":[2],"tags":[],"class_list":{"0":"post-5988","1":"post","2":"type-post","3":"status-publish","4":"format-standard","6":"category-artikuj"},"yoast_head":"<!-- This site is optimized with the Yoast SEO plugin v27.4 - https:\/\/yoast.com\/product\/yoast-seo-wordpress\/ -->\n<title>DILEMAT E REGJISTRIMIT T\u00cb POPULLSIS\u00cb N\u00cb MAL T\u00cb ZI - FjALA e LIR\u00cb - Arkivi<\/title>\n<meta name=\"robots\" content=\"index, follow, max-snippet:-1, max-image-preview:large, max-video-preview:-1\" \/>\n<link rel=\"canonical\" href=\"https:\/\/fjala.info\/2009-2015\/dilemat-e-regjistrimit-te-popullsise-ne-mal-te-zi\/\" \/>\n<meta property=\"og:locale\" content=\"sq_AL\" \/>\n<meta property=\"og:type\" content=\"article\" \/>\n<meta property=\"og:title\" content=\"DILEMAT E REGJISTRIMIT T\u00cb POPULLSIS\u00cb N\u00cb MAL T\u00cb ZI - FjALA e LIR\u00cb - Arkivi\" \/>\n<meta property=\"og:description\" content=\"Diskursi sociopolitik Nga data 1-15 prill t\u00eb k\u00ebtij viti n\u00eb Mal t\u00eb Zi do t\u00eb mbahet regjistrimi i banor\u00ebve, i sht\u00ebpive dhe banesave ku qytetar\u00ebt do t\u00eb deklarohen edhe mbi p\u00ebrkat\u00ebsin\u00eb e tyre komb\u00ebtare, p\u00ebrkat\u00ebsisht etnike, ka konfirmuar Enti i Statistik\u00ebs \u2013 Monstat, i cili e p\u00ebrgatit edhe e organizon k\u00ebt\u00eb proces shoq\u00ebror. Qytetar\u00ebt do [&hellip;]\" \/>\n<meta property=\"og:url\" content=\"https:\/\/fjala.info\/2009-2015\/dilemat-e-regjistrimit-te-popullsise-ne-mal-te-zi\/\" \/>\n<meta property=\"og:site_name\" content=\"FjALA e LIR\u00cb - Arkivi\" \/>\n<meta property=\"article:published_time\" content=\"2011-01-29T10:03:37+00:00\" \/>\n<meta property=\"og:image\" content=\"http:\/\/fjala.shkoder.net\/wp-content\/uploads\/2010\/11\/nail_draga.jpg\" \/>\n<meta name=\"author\" content=\"admin\" \/>\n<meta name=\"twitter:card\" content=\"summary_large_image\" \/>\n<meta name=\"twitter:label1\" content=\"Written by\" \/>\n\t<meta name=\"twitter:data1\" content=\"admin\" \/>\n\t<meta name=\"twitter:label2\" content=\"Est. reading time\" \/>\n\t<meta name=\"twitter:data2\" content=\"11 minutes\" \/>\n<script type=\"application\/ld+json\" class=\"yoast-schema-graph\">{\"@context\":\"https:\\\/\\\/schema.org\",\"@graph\":[{\"@type\":\"Article\",\"@id\":\"https:\\\/\\\/fjala.info\\\/2009-2015\\\/dilemat-e-regjistrimit-te-popullsise-ne-mal-te-zi\\\/#article\",\"isPartOf\":{\"@id\":\"https:\\\/\\\/fjala.info\\\/2009-2015\\\/dilemat-e-regjistrimit-te-popullsise-ne-mal-te-zi\\\/\"},\"author\":{\"name\":\"admin\",\"@id\":\"https:\\\/\\\/fjala.info\\\/2009-2015\\\/#\\\/schema\\\/person\\\/3aa1163ef05469c496fc94e77611ada2\"},\"headline\":\"DILEMAT E REGJISTRIMIT T\u00cb POPULLSIS\u00cb N\u00cb MAL T\u00cb ZI\",\"datePublished\":\"2011-01-29T10:03:37+00:00\",\"mainEntityOfPage\":{\"@id\":\"https:\\\/\\\/fjala.info\\\/2009-2015\\\/dilemat-e-regjistrimit-te-popullsise-ne-mal-te-zi\\\/\"},\"wordCount\":2235,\"commentCount\":0,\"publisher\":{\"@id\":\"https:\\\/\\\/fjala.info\\\/2009-2015\\\/#organization\"},\"image\":{\"@id\":\"https:\\\/\\\/fjala.info\\\/2009-2015\\\/dilemat-e-regjistrimit-te-popullsise-ne-mal-te-zi\\\/#primaryimage\"},\"thumbnailUrl\":\"http:\\\/\\\/fjala.shkoder.net\\\/wp-content\\\/uploads\\\/2010\\\/11\\\/nail_draga.jpg\",\"articleSection\":[\"Artikuj\"],\"inLanguage\":\"sq-AL\",\"potentialAction\":[{\"@type\":\"CommentAction\",\"name\":\"Comment\",\"target\":[\"https:\\\/\\\/fjala.info\\\/2009-2015\\\/dilemat-e-regjistrimit-te-popullsise-ne-mal-te-zi\\\/#respond\"]}]},{\"@type\":\"WebPage\",\"@id\":\"https:\\\/\\\/fjala.info\\\/2009-2015\\\/dilemat-e-regjistrimit-te-popullsise-ne-mal-te-zi\\\/\",\"url\":\"https:\\\/\\\/fjala.info\\\/2009-2015\\\/dilemat-e-regjistrimit-te-popullsise-ne-mal-te-zi\\\/\",\"name\":\"DILEMAT E REGJISTRIMIT T\u00cb POPULLSIS\u00cb N\u00cb MAL T\u00cb ZI - FjALA e LIR\u00cb - Arkivi\",\"isPartOf\":{\"@id\":\"https:\\\/\\\/fjala.info\\\/2009-2015\\\/#website\"},\"primaryImageOfPage\":{\"@id\":\"https:\\\/\\\/fjala.info\\\/2009-2015\\\/dilemat-e-regjistrimit-te-popullsise-ne-mal-te-zi\\\/#primaryimage\"},\"image\":{\"@id\":\"https:\\\/\\\/fjala.info\\\/2009-2015\\\/dilemat-e-regjistrimit-te-popullsise-ne-mal-te-zi\\\/#primaryimage\"},\"thumbnailUrl\":\"http:\\\/\\\/fjala.shkoder.net\\\/wp-content\\\/uploads\\\/2010\\\/11\\\/nail_draga.jpg\",\"datePublished\":\"2011-01-29T10:03:37+00:00\",\"breadcrumb\":{\"@id\":\"https:\\\/\\\/fjala.info\\\/2009-2015\\\/dilemat-e-regjistrimit-te-popullsise-ne-mal-te-zi\\\/#breadcrumb\"},\"inLanguage\":\"sq-AL\",\"potentialAction\":[{\"@type\":\"ReadAction\",\"target\":[\"https:\\\/\\\/fjala.info\\\/2009-2015\\\/dilemat-e-regjistrimit-te-popullsise-ne-mal-te-zi\\\/\"]}]},{\"@type\":\"ImageObject\",\"inLanguage\":\"sq-AL\",\"@id\":\"https:\\\/\\\/fjala.info\\\/2009-2015\\\/dilemat-e-regjistrimit-te-popullsise-ne-mal-te-zi\\\/#primaryimage\",\"url\":\"http:\\\/\\\/fjala.shkoder.net\\\/wp-content\\\/uploads\\\/2010\\\/11\\\/nail_draga.jpg\",\"contentUrl\":\"http:\\\/\\\/fjala.shkoder.net\\\/wp-content\\\/uploads\\\/2010\\\/11\\\/nail_draga.jpg\"},{\"@type\":\"BreadcrumbList\",\"@id\":\"https:\\\/\\\/fjala.info\\\/2009-2015\\\/dilemat-e-regjistrimit-te-popullsise-ne-mal-te-zi\\\/#breadcrumb\",\"itemListElement\":[{\"@type\":\"ListItem\",\"position\":1,\"name\":\"Home\",\"item\":\"https:\\\/\\\/fjala.info\\\/2009-2015\\\/\"},{\"@type\":\"ListItem\",\"position\":2,\"name\":\"DILEMAT E REGJISTRIMIT T\u00cb POPULLSIS\u00cb N\u00cb MAL T\u00cb ZI\"}]},{\"@type\":\"WebSite\",\"@id\":\"https:\\\/\\\/fjala.info\\\/2009-2015\\\/#website\",\"url\":\"https:\\\/\\\/fjala.info\\\/2009-2015\\\/\",\"name\":\"FjALA e LIR\u00cb - Arkivi\",\"description\":\"Arkivi 2009-2015\",\"publisher\":{\"@id\":\"https:\\\/\\\/fjala.info\\\/2009-2015\\\/#organization\"},\"potentialAction\":[{\"@type\":\"SearchAction\",\"target\":{\"@type\":\"EntryPoint\",\"urlTemplate\":\"https:\\\/\\\/fjala.info\\\/2009-2015\\\/?s={search_term_string}\"},\"query-input\":{\"@type\":\"PropertyValueSpecification\",\"valueRequired\":true,\"valueName\":\"search_term_string\"}}],\"inLanguage\":\"sq-AL\"},{\"@type\":\"Organization\",\"@id\":\"https:\\\/\\\/fjala.info\\\/2009-2015\\\/#organization\",\"name\":\"FjALA e LIR\u00cb - Arkivi\",\"url\":\"https:\\\/\\\/fjala.info\\\/2009-2015\\\/\",\"logo\":{\"@type\":\"ImageObject\",\"inLanguage\":\"sq-AL\",\"@id\":\"https:\\\/\\\/fjala.info\\\/2009-2015\\\/#\\\/schema\\\/logo\\\/image\\\/\",\"url\":\"\",\"contentUrl\":\"\",\"caption\":\"FjALA e LIR\u00cb - Arkivi\"},\"image\":{\"@id\":\"https:\\\/\\\/fjala.info\\\/2009-2015\\\/#\\\/schema\\\/logo\\\/image\\\/\"}},{\"@type\":\"Person\",\"@id\":\"https:\\\/\\\/fjala.info\\\/2009-2015\\\/#\\\/schema\\\/person\\\/3aa1163ef05469c496fc94e77611ada2\",\"name\":\"admin\",\"image\":{\"@type\":\"ImageObject\",\"inLanguage\":\"sq-AL\",\"@id\":\"https:\\\/\\\/fjala.info\\\/2009-2015\\\/wp-content\\\/uploads\\\/2012\\\/02\\\/arben_cokaj-120x150.jpg\",\"url\":\"https:\\\/\\\/fjala.info\\\/2009-2015\\\/wp-content\\\/uploads\\\/2012\\\/02\\\/arben_cokaj-120x150.jpg\",\"contentUrl\":\"https:\\\/\\\/fjala.info\\\/2009-2015\\\/wp-content\\\/uploads\\\/2012\\\/02\\\/arben_cokaj-120x150.jpg\",\"caption\":\"admin\"},\"description\":\"Admin, Fjala e Lir\u00eb\",\"sameAs\":[\"https:\\\/\\\/fjala.info\\\/\"],\"url\":\"https:\\\/\\\/fjala.info\\\/2009-2015\\\/author\\\/admin\\\/\"}]}<\/script>\n<!-- \/ Yoast SEO plugin. -->","yoast_head_json":{"title":"DILEMAT E REGJISTRIMIT T\u00cb POPULLSIS\u00cb N\u00cb MAL T\u00cb ZI - FjALA e LIR\u00cb - Arkivi","robots":{"index":"index","follow":"follow","max-snippet":"max-snippet:-1","max-image-preview":"max-image-preview:large","max-video-preview":"max-video-preview:-1"},"canonical":"https:\/\/fjala.info\/2009-2015\/dilemat-e-regjistrimit-te-popullsise-ne-mal-te-zi\/","og_locale":"sq_AL","og_type":"article","og_title":"DILEMAT E REGJISTRIMIT T\u00cb POPULLSIS\u00cb N\u00cb MAL T\u00cb ZI - FjALA e LIR\u00cb - Arkivi","og_description":"Diskursi sociopolitik Nga data 1-15 prill t\u00eb k\u00ebtij viti n\u00eb Mal t\u00eb Zi do t\u00eb mbahet regjistrimi i banor\u00ebve, i sht\u00ebpive dhe banesave ku qytetar\u00ebt do t\u00eb deklarohen edhe mbi p\u00ebrkat\u00ebsin\u00eb e tyre komb\u00ebtare, p\u00ebrkat\u00ebsisht etnike, ka konfirmuar Enti i Statistik\u00ebs \u2013 Monstat, i cili e p\u00ebrgatit edhe e organizon k\u00ebt\u00eb proces shoq\u00ebror. Qytetar\u00ebt do [&hellip;]","og_url":"https:\/\/fjala.info\/2009-2015\/dilemat-e-regjistrimit-te-popullsise-ne-mal-te-zi\/","og_site_name":"FjALA e LIR\u00cb - Arkivi","article_published_time":"2011-01-29T10:03:37+00:00","og_image":[{"url":"http:\/\/fjala.shkoder.net\/wp-content\/uploads\/2010\/11\/nail_draga.jpg","type":"","width":"","height":""}],"author":"admin","twitter_card":"summary_large_image","twitter_misc":{"Written by":"admin","Est. reading time":"11 minutes"},"schema":{"@context":"https:\/\/schema.org","@graph":[{"@type":"Article","@id":"https:\/\/fjala.info\/2009-2015\/dilemat-e-regjistrimit-te-popullsise-ne-mal-te-zi\/#article","isPartOf":{"@id":"https:\/\/fjala.info\/2009-2015\/dilemat-e-regjistrimit-te-popullsise-ne-mal-te-zi\/"},"author":{"name":"admin","@id":"https:\/\/fjala.info\/2009-2015\/#\/schema\/person\/3aa1163ef05469c496fc94e77611ada2"},"headline":"DILEMAT E REGJISTRIMIT T\u00cb POPULLSIS\u00cb N\u00cb MAL T\u00cb ZI","datePublished":"2011-01-29T10:03:37+00:00","mainEntityOfPage":{"@id":"https:\/\/fjala.info\/2009-2015\/dilemat-e-regjistrimit-te-popullsise-ne-mal-te-zi\/"},"wordCount":2235,"commentCount":0,"publisher":{"@id":"https:\/\/fjala.info\/2009-2015\/#organization"},"image":{"@id":"https:\/\/fjala.info\/2009-2015\/dilemat-e-regjistrimit-te-popullsise-ne-mal-te-zi\/#primaryimage"},"thumbnailUrl":"http:\/\/fjala.shkoder.net\/wp-content\/uploads\/2010\/11\/nail_draga.jpg","articleSection":["Artikuj"],"inLanguage":"sq-AL","potentialAction":[{"@type":"CommentAction","name":"Comment","target":["https:\/\/fjala.info\/2009-2015\/dilemat-e-regjistrimit-te-popullsise-ne-mal-te-zi\/#respond"]}]},{"@type":"WebPage","@id":"https:\/\/fjala.info\/2009-2015\/dilemat-e-regjistrimit-te-popullsise-ne-mal-te-zi\/","url":"https:\/\/fjala.info\/2009-2015\/dilemat-e-regjistrimit-te-popullsise-ne-mal-te-zi\/","name":"DILEMAT E REGJISTRIMIT T\u00cb POPULLSIS\u00cb N\u00cb MAL T\u00cb ZI - FjALA e LIR\u00cb - Arkivi","isPartOf":{"@id":"https:\/\/fjala.info\/2009-2015\/#website"},"primaryImageOfPage":{"@id":"https:\/\/fjala.info\/2009-2015\/dilemat-e-regjistrimit-te-popullsise-ne-mal-te-zi\/#primaryimage"},"image":{"@id":"https:\/\/fjala.info\/2009-2015\/dilemat-e-regjistrimit-te-popullsise-ne-mal-te-zi\/#primaryimage"},"thumbnailUrl":"http:\/\/fjala.shkoder.net\/wp-content\/uploads\/2010\/11\/nail_draga.jpg","datePublished":"2011-01-29T10:03:37+00:00","breadcrumb":{"@id":"https:\/\/fjala.info\/2009-2015\/dilemat-e-regjistrimit-te-popullsise-ne-mal-te-zi\/#breadcrumb"},"inLanguage":"sq-AL","potentialAction":[{"@type":"ReadAction","target":["https:\/\/fjala.info\/2009-2015\/dilemat-e-regjistrimit-te-popullsise-ne-mal-te-zi\/"]}]},{"@type":"ImageObject","inLanguage":"sq-AL","@id":"https:\/\/fjala.info\/2009-2015\/dilemat-e-regjistrimit-te-popullsise-ne-mal-te-zi\/#primaryimage","url":"http:\/\/fjala.shkoder.net\/wp-content\/uploads\/2010\/11\/nail_draga.jpg","contentUrl":"http:\/\/fjala.shkoder.net\/wp-content\/uploads\/2010\/11\/nail_draga.jpg"},{"@type":"BreadcrumbList","@id":"https:\/\/fjala.info\/2009-2015\/dilemat-e-regjistrimit-te-popullsise-ne-mal-te-zi\/#breadcrumb","itemListElement":[{"@type":"ListItem","position":1,"name":"Home","item":"https:\/\/fjala.info\/2009-2015\/"},{"@type":"ListItem","position":2,"name":"DILEMAT E REGJISTRIMIT T\u00cb POPULLSIS\u00cb N\u00cb MAL T\u00cb ZI"}]},{"@type":"WebSite","@id":"https:\/\/fjala.info\/2009-2015\/#website","url":"https:\/\/fjala.info\/2009-2015\/","name":"FjALA e LIR\u00cb - Arkivi","description":"Arkivi 2009-2015","publisher":{"@id":"https:\/\/fjala.info\/2009-2015\/#organization"},"potentialAction":[{"@type":"SearchAction","target":{"@type":"EntryPoint","urlTemplate":"https:\/\/fjala.info\/2009-2015\/?s={search_term_string}"},"query-input":{"@type":"PropertyValueSpecification","valueRequired":true,"valueName":"search_term_string"}}],"inLanguage":"sq-AL"},{"@type":"Organization","@id":"https:\/\/fjala.info\/2009-2015\/#organization","name":"FjALA e LIR\u00cb - Arkivi","url":"https:\/\/fjala.info\/2009-2015\/","logo":{"@type":"ImageObject","inLanguage":"sq-AL","@id":"https:\/\/fjala.info\/2009-2015\/#\/schema\/logo\/image\/","url":"","contentUrl":"","caption":"FjALA e LIR\u00cb - Arkivi"},"image":{"@id":"https:\/\/fjala.info\/2009-2015\/#\/schema\/logo\/image\/"}},{"@type":"Person","@id":"https:\/\/fjala.info\/2009-2015\/#\/schema\/person\/3aa1163ef05469c496fc94e77611ada2","name":"admin","image":{"@type":"ImageObject","inLanguage":"sq-AL","@id":"https:\/\/fjala.info\/2009-2015\/wp-content\/uploads\/2012\/02\/arben_cokaj-120x150.jpg","url":"https:\/\/fjala.info\/2009-2015\/wp-content\/uploads\/2012\/02\/arben_cokaj-120x150.jpg","contentUrl":"https:\/\/fjala.info\/2009-2015\/wp-content\/uploads\/2012\/02\/arben_cokaj-120x150.jpg","caption":"admin"},"description":"Admin, Fjala e Lir\u00eb","sameAs":["https:\/\/fjala.info\/"],"url":"https:\/\/fjala.info\/2009-2015\/author\/admin\/"}]}},"_links":{"self":[{"href":"https:\/\/fjala.info\/2009-2015\/wp-json\/wp\/v2\/posts\/5988","targetHints":{"allow":["GET"]}}],"collection":[{"href":"https:\/\/fjala.info\/2009-2015\/wp-json\/wp\/v2\/posts"}],"about":[{"href":"https:\/\/fjala.info\/2009-2015\/wp-json\/wp\/v2\/types\/post"}],"author":[{"embeddable":true,"href":"https:\/\/fjala.info\/2009-2015\/wp-json\/wp\/v2\/users\/1"}],"replies":[{"embeddable":true,"href":"https:\/\/fjala.info\/2009-2015\/wp-json\/wp\/v2\/comments?post=5988"}],"version-history":[{"count":0,"href":"https:\/\/fjala.info\/2009-2015\/wp-json\/wp\/v2\/posts\/5988\/revisions"}],"wp:attachment":[{"href":"https:\/\/fjala.info\/2009-2015\/wp-json\/wp\/v2\/media?parent=5988"}],"wp:term":[{"taxonomy":"category","embeddable":true,"href":"https:\/\/fjala.info\/2009-2015\/wp-json\/wp\/v2\/categories?post=5988"},{"taxonomy":"post_tag","embeddable":true,"href":"https:\/\/fjala.info\/2009-2015\/wp-json\/wp\/v2\/tags?post=5988"}],"curies":[{"name":"wp","href":"https:\/\/api.w.org\/{rel}","templated":true}]}}