{"id":5981,"date":"2011-01-28T10:02:31","date_gmt":"2011-01-28T09:02:31","guid":{"rendered":"http:\/\/fjala.shkoder.net\/?p=5981"},"modified":"2011-01-28T10:02:31","modified_gmt":"2011-01-28T09:02:31","slug":"forca-te-shumta-blindojne-pallatin-ku-banon-berisha","status":"publish","type":"post","link":"https:\/\/fjala.info\/2009-2015\/forca-te-shumta-blindojne-pallatin-ku-banon-berisha\/","title":{"rendered":"Forca t\u00eb shumta blindojn\u00eb pallatin ku banon Berisha"},"content":{"rendered":"<p><img loading=\"lazy\" decoding=\"async\" class=\"alignright size-full wp-image-5982\" title=\"berisha_blindohet\" src=\"http:\/\/fjala.shkoder.net\/wp-content\/uploads\/2011\/01\/berisha_blindohet.jpg\" alt=\"\" width=\"220\" height=\"165\" \/><\/p>\n<p><em>Forca t\u00eb shumta policie kan\u00eb blinduar pallatin ku jeton kryeministri<\/em><\/p>\n<p>Sali Berisha, diku pran\u00eb Televizionit Publik Shqiptar. Gazeta Tema arriti t\u00eb b\u00ebj\u00eb disa fotografi p\u00ebrkund\u00ebr rrethimit t\u00eb fort\u00eb policor. Rruga \u00ebsht\u00eb bllokuar nga t\u00eb dyja an\u00ebt, edhe kur hyn nga Rruga e Elbasanit, edhe kur hyn nga rruga e TVSH.<\/p>\n<p>Masat e rrepta t\u00eb siguris\u00eb po merren n\u00eb prag t\u00eb demonstrat\u00ebs s\u00eb dit\u00ebs s\u00eb sotme. Pallati ku banon Berisha \u00ebsht\u00eb nd\u00ebrtuar nga nj\u00eb kompani e af\u00ebrt me familjen e tij, por shqet\u00ebsimi i qytetar\u00ebve \u00ebsht\u00eb se tashme \u00ebsht\u00eb bllokuar e gjith\u00eb rruga q\u00eb t\u00eb \u00e7on p\u00ebr tek pallati. M\u00ebsohet se dhe f\u00ebmij\u00ebt e kryeministrit kan\u00eb l\u00ebn\u00eb sht\u00ebpit\u00eb e tyre t\u00eb tjera dhe jan\u00eb vendosur n\u00eb at\u00eb pallat ku kane tri apartamente.<\/p>\n<p>Tensioni \u00ebsht\u00eb i lart\u00eb n\u00eb Tiran\u00eb, nd\u00ebrkoh\u00eb q\u00eb familja e kryeministrit \u00ebsht\u00eb e p\u00ebrfolur shum\u00eb p\u00ebr implikim n\u00eb afera t\u00eb ndryshme.<\/p>\n<p><img loading=\"lazy\" decoding=\"async\" class=\"alignleft size-full wp-image-5983\" title=\"bllokimi_rruges_shtepia_berishes\" src=\"http:\/\/fjala.shkoder.net\/wp-content\/uploads\/2011\/01\/bllokimi_rruges_shtepia_berishes.jpg\" alt=\"\" width=\"300\" height=\"225\" \/>Virusi i Tunizis\u00eb ka p\u00ebrfshir\u00eb nga ana tjet\u00ebr shum\u00eb vende, kryesisht t\u00eb bot\u00ebs arabe. Tashm\u00eb \u00e7do media e huaj kur flet p\u00ebr efektin e Tunizis\u00eb, p\u00ebrfshin edhe Shqip\u00ebrin\u00eb n\u00eb k\u00ebt\u00eb mes. Sipas shum\u00eb medieve, ngjashm\u00ebrit\u00eb mes regjimeve n\u00eb k\u00ebto vende jan\u00eb t\u00eb m\u00ebdha. N\u00eb Tunizi familja e presidentit u largua duke marr\u00eb shum\u00eb pasuri me vete. Por ndaj saj \u00ebsht\u00eb l\u00ebshuar nj\u00eb urdh\u00ebr- arresti. Interpoli po b\u00ebn t\u00eb pamundur\u00ebn p\u00ebr arrestimin e tyre.<\/p>\n<p>Nga ana tjet\u00ebr, n\u00eb Egjipt protestat po shtohen. Biri i presidentit \u00ebsht\u00eb larguar nga vendi. Mediat britanike shkruajn\u00eb se ai ka mb\u00ebrritur n\u00eb Lond\u00ebr. Me vete ai ka pasur plot 100 valixhe.<\/p>\n","protected":false},"excerpt":{"rendered":"<p>Forca t\u00eb shumta policie kan\u00eb blinduar pallatin ku jeton kryeministri Sali Berisha, diku pran\u00eb Televizionit Publik Shqiptar. Gazeta Tema arriti t\u00eb b\u00ebj\u00eb disa fotografi p\u00ebrkund\u00ebr rrethimit t\u00eb fort\u00eb policor. Rruga \u00ebsht\u00eb bllokuar nga t\u00eb dyja an\u00ebt, edhe kur hyn nga Rruga e Elbasanit, edhe kur hyn nga rruga e TVSH. Masat e rrepta t\u00eb siguris\u00eb [&hellip;]<\/p>\n","protected":false},"author":1,"featured_media":0,"comment_status":"open","ping_status":"closed","sticky":false,"template":"","format":"standard","meta":{"footnotes":""},"categories":[2],"tags":[],"class_list":{"0":"post-5981","1":"post","2":"type-post","3":"status-publish","4":"format-standard","6":"category-artikuj"},"yoast_head":"<!-- This site is optimized with the Yoast SEO plugin v27.4 - https:\/\/yoast.com\/product\/yoast-seo-wordpress\/ -->\n<title>Forca t\u00eb shumta blindojn\u00eb pallatin ku banon Berisha - FjALA e LIR\u00cb - Arkivi<\/title>\n<meta name=\"robots\" content=\"index, follow, max-snippet:-1, max-image-preview:large, max-video-preview:-1\" \/>\n<link rel=\"canonical\" href=\"https:\/\/fjala.info\/2009-2015\/forca-te-shumta-blindojne-pallatin-ku-banon-berisha\/\" \/>\n<meta property=\"og:locale\" content=\"sq_AL\" \/>\n<meta property=\"og:type\" content=\"article\" \/>\n<meta property=\"og:title\" content=\"Forca t\u00eb shumta blindojn\u00eb pallatin ku banon Berisha - FjALA e LIR\u00cb - Arkivi\" \/>\n<meta property=\"og:description\" content=\"Forca t\u00eb shumta policie kan\u00eb blinduar pallatin ku jeton kryeministri Sali Berisha, diku pran\u00eb Televizionit Publik Shqiptar. Gazeta Tema arriti t\u00eb b\u00ebj\u00eb disa fotografi p\u00ebrkund\u00ebr rrethimit t\u00eb fort\u00eb policor. Rruga \u00ebsht\u00eb bllokuar nga t\u00eb dyja an\u00ebt, edhe kur hyn nga Rruga e Elbasanit, edhe kur hyn nga rruga e TVSH. Masat e rrepta t\u00eb siguris\u00eb [&hellip;]\" \/>\n<meta property=\"og:url\" content=\"https:\/\/fjala.info\/2009-2015\/forca-te-shumta-blindojne-pallatin-ku-banon-berisha\/\" \/>\n<meta property=\"og:site_name\" content=\"FjALA e LIR\u00cb - Arkivi\" \/>\n<meta property=\"article:published_time\" content=\"2011-01-28T09:02:31+00:00\" \/>\n<meta property=\"og:image\" content=\"http:\/\/fjala.shkoder.net\/wp-content\/uploads\/2011\/01\/berisha_blindohet.jpg\" \/>\n<meta name=\"author\" content=\"admin\" \/>\n<meta name=\"twitter:card\" content=\"summary_large_image\" \/>\n<meta name=\"twitter:label1\" content=\"Written by\" \/>\n\t<meta name=\"twitter:data1\" content=\"admin\" \/>\n\t<meta name=\"twitter:label2\" content=\"Est. reading time\" \/>\n\t<meta name=\"twitter:data2\" content=\"1 minute\" \/>\n<script type=\"application\/ld+json\" class=\"yoast-schema-graph\">{\"@context\":\"https:\\\/\\\/schema.org\",\"@graph\":[{\"@type\":\"Article\",\"@id\":\"https:\\\/\\\/fjala.info\\\/2009-2015\\\/forca-te-shumta-blindojne-pallatin-ku-banon-berisha\\\/#article\",\"isPartOf\":{\"@id\":\"https:\\\/\\\/fjala.info\\\/2009-2015\\\/forca-te-shumta-blindojne-pallatin-ku-banon-berisha\\\/\"},\"author\":{\"name\":\"admin\",\"@id\":\"https:\\\/\\\/fjala.info\\\/2009-2015\\\/#\\\/schema\\\/person\\\/3aa1163ef05469c496fc94e77611ada2\"},\"headline\":\"Forca t\u00eb shumta blindojn\u00eb pallatin ku banon Berisha\",\"datePublished\":\"2011-01-28T09:02:31+00:00\",\"mainEntityOfPage\":{\"@id\":\"https:\\\/\\\/fjala.info\\\/2009-2015\\\/forca-te-shumta-blindojne-pallatin-ku-banon-berisha\\\/\"},\"wordCount\":291,\"commentCount\":0,\"publisher\":{\"@id\":\"https:\\\/\\\/fjala.info\\\/2009-2015\\\/#organization\"},\"image\":{\"@id\":\"https:\\\/\\\/fjala.info\\\/2009-2015\\\/forca-te-shumta-blindojne-pallatin-ku-banon-berisha\\\/#primaryimage\"},\"thumbnailUrl\":\"http:\\\/\\\/fjala.shkoder.net\\\/wp-content\\\/uploads\\\/2011\\\/01\\\/berisha_blindohet.jpg\",\"articleSection\":[\"Artikuj\"],\"inLanguage\":\"sq-AL\",\"potentialAction\":[{\"@type\":\"CommentAction\",\"name\":\"Comment\",\"target\":[\"https:\\\/\\\/fjala.info\\\/2009-2015\\\/forca-te-shumta-blindojne-pallatin-ku-banon-berisha\\\/#respond\"]}]},{\"@type\":\"WebPage\",\"@id\":\"https:\\\/\\\/fjala.info\\\/2009-2015\\\/forca-te-shumta-blindojne-pallatin-ku-banon-berisha\\\/\",\"url\":\"https:\\\/\\\/fjala.info\\\/2009-2015\\\/forca-te-shumta-blindojne-pallatin-ku-banon-berisha\\\/\",\"name\":\"Forca t\u00eb shumta blindojn\u00eb pallatin ku banon Berisha - FjALA e LIR\u00cb - Arkivi\",\"isPartOf\":{\"@id\":\"https:\\\/\\\/fjala.info\\\/2009-2015\\\/#website\"},\"primaryImageOfPage\":{\"@id\":\"https:\\\/\\\/fjala.info\\\/2009-2015\\\/forca-te-shumta-blindojne-pallatin-ku-banon-berisha\\\/#primaryimage\"},\"image\":{\"@id\":\"https:\\\/\\\/fjala.info\\\/2009-2015\\\/forca-te-shumta-blindojne-pallatin-ku-banon-berisha\\\/#primaryimage\"},\"thumbnailUrl\":\"http:\\\/\\\/fjala.shkoder.net\\\/wp-content\\\/uploads\\\/2011\\\/01\\\/berisha_blindohet.jpg\",\"datePublished\":\"2011-01-28T09:02:31+00:00\",\"breadcrumb\":{\"@id\":\"https:\\\/\\\/fjala.info\\\/2009-2015\\\/forca-te-shumta-blindojne-pallatin-ku-banon-berisha\\\/#breadcrumb\"},\"inLanguage\":\"sq-AL\",\"potentialAction\":[{\"@type\":\"ReadAction\",\"target\":[\"https:\\\/\\\/fjala.info\\\/2009-2015\\\/forca-te-shumta-blindojne-pallatin-ku-banon-berisha\\\/\"]}]},{\"@type\":\"ImageObject\",\"inLanguage\":\"sq-AL\",\"@id\":\"https:\\\/\\\/fjala.info\\\/2009-2015\\\/forca-te-shumta-blindojne-pallatin-ku-banon-berisha\\\/#primaryimage\",\"url\":\"http:\\\/\\\/fjala.shkoder.net\\\/wp-content\\\/uploads\\\/2011\\\/01\\\/berisha_blindohet.jpg\",\"contentUrl\":\"http:\\\/\\\/fjala.shkoder.net\\\/wp-content\\\/uploads\\\/2011\\\/01\\\/berisha_blindohet.jpg\"},{\"@type\":\"BreadcrumbList\",\"@id\":\"https:\\\/\\\/fjala.info\\\/2009-2015\\\/forca-te-shumta-blindojne-pallatin-ku-banon-berisha\\\/#breadcrumb\",\"itemListElement\":[{\"@type\":\"ListItem\",\"position\":1,\"name\":\"Home\",\"item\":\"https:\\\/\\\/fjala.info\\\/2009-2015\\\/\"},{\"@type\":\"ListItem\",\"position\":2,\"name\":\"Forca t\u00eb shumta blindojn\u00eb pallatin ku banon Berisha\"}]},{\"@type\":\"WebSite\",\"@id\":\"https:\\\/\\\/fjala.info\\\/2009-2015\\\/#website\",\"url\":\"https:\\\/\\\/fjala.info\\\/2009-2015\\\/\",\"name\":\"FjALA e LIR\u00cb - Arkivi\",\"description\":\"Arkivi 2009-2015\",\"publisher\":{\"@id\":\"https:\\\/\\\/fjala.info\\\/2009-2015\\\/#organization\"},\"potentialAction\":[{\"@type\":\"SearchAction\",\"target\":{\"@type\":\"EntryPoint\",\"urlTemplate\":\"https:\\\/\\\/fjala.info\\\/2009-2015\\\/?s={search_term_string}\"},\"query-input\":{\"@type\":\"PropertyValueSpecification\",\"valueRequired\":true,\"valueName\":\"search_term_string\"}}],\"inLanguage\":\"sq-AL\"},{\"@type\":\"Organization\",\"@id\":\"https:\\\/\\\/fjala.info\\\/2009-2015\\\/#organization\",\"name\":\"FjALA e LIR\u00cb - Arkivi\",\"url\":\"https:\\\/\\\/fjala.info\\\/2009-2015\\\/\",\"logo\":{\"@type\":\"ImageObject\",\"inLanguage\":\"sq-AL\",\"@id\":\"https:\\\/\\\/fjala.info\\\/2009-2015\\\/#\\\/schema\\\/logo\\\/image\\\/\",\"url\":\"\",\"contentUrl\":\"\",\"caption\":\"FjALA e LIR\u00cb - Arkivi\"},\"image\":{\"@id\":\"https:\\\/\\\/fjala.info\\\/2009-2015\\\/#\\\/schema\\\/logo\\\/image\\\/\"}},{\"@type\":\"Person\",\"@id\":\"https:\\\/\\\/fjala.info\\\/2009-2015\\\/#\\\/schema\\\/person\\\/3aa1163ef05469c496fc94e77611ada2\",\"name\":\"admin\",\"image\":{\"@type\":\"ImageObject\",\"inLanguage\":\"sq-AL\",\"@id\":\"https:\\\/\\\/fjala.info\\\/2009-2015\\\/wp-content\\\/uploads\\\/2012\\\/02\\\/arben_cokaj-120x150.jpg\",\"url\":\"https:\\\/\\\/fjala.info\\\/2009-2015\\\/wp-content\\\/uploads\\\/2012\\\/02\\\/arben_cokaj-120x150.jpg\",\"contentUrl\":\"https:\\\/\\\/fjala.info\\\/2009-2015\\\/wp-content\\\/uploads\\\/2012\\\/02\\\/arben_cokaj-120x150.jpg\",\"caption\":\"admin\"},\"description\":\"Admin, Fjala e Lir\u00eb\",\"sameAs\":[\"https:\\\/\\\/fjala.info\\\/\"],\"url\":\"https:\\\/\\\/fjala.info\\\/2009-2015\\\/author\\\/admin\\\/\"}]}<\/script>\n<!-- \/ Yoast SEO plugin. -->","yoast_head_json":{"title":"Forca t\u00eb shumta blindojn\u00eb pallatin ku banon Berisha - FjALA e LIR\u00cb - Arkivi","robots":{"index":"index","follow":"follow","max-snippet":"max-snippet:-1","max-image-preview":"max-image-preview:large","max-video-preview":"max-video-preview:-1"},"canonical":"https:\/\/fjala.info\/2009-2015\/forca-te-shumta-blindojne-pallatin-ku-banon-berisha\/","og_locale":"sq_AL","og_type":"article","og_title":"Forca t\u00eb shumta blindojn\u00eb pallatin ku banon Berisha - FjALA e LIR\u00cb - Arkivi","og_description":"Forca t\u00eb shumta policie kan\u00eb blinduar pallatin ku jeton kryeministri Sali Berisha, diku pran\u00eb Televizionit Publik Shqiptar. Gazeta Tema arriti t\u00eb b\u00ebj\u00eb disa fotografi p\u00ebrkund\u00ebr rrethimit t\u00eb fort\u00eb policor. Rruga \u00ebsht\u00eb bllokuar nga t\u00eb dyja an\u00ebt, edhe kur hyn nga Rruga e Elbasanit, edhe kur hyn nga rruga e TVSH. Masat e rrepta t\u00eb siguris\u00eb [&hellip;]","og_url":"https:\/\/fjala.info\/2009-2015\/forca-te-shumta-blindojne-pallatin-ku-banon-berisha\/","og_site_name":"FjALA e LIR\u00cb - Arkivi","article_published_time":"2011-01-28T09:02:31+00:00","og_image":[{"url":"http:\/\/fjala.shkoder.net\/wp-content\/uploads\/2011\/01\/berisha_blindohet.jpg","type":"","width":"","height":""}],"author":"admin","twitter_card":"summary_large_image","twitter_misc":{"Written by":"admin","Est. reading time":"1 minute"},"schema":{"@context":"https:\/\/schema.org","@graph":[{"@type":"Article","@id":"https:\/\/fjala.info\/2009-2015\/forca-te-shumta-blindojne-pallatin-ku-banon-berisha\/#article","isPartOf":{"@id":"https:\/\/fjala.info\/2009-2015\/forca-te-shumta-blindojne-pallatin-ku-banon-berisha\/"},"author":{"name":"admin","@id":"https:\/\/fjala.info\/2009-2015\/#\/schema\/person\/3aa1163ef05469c496fc94e77611ada2"},"headline":"Forca t\u00eb shumta blindojn\u00eb pallatin ku banon Berisha","datePublished":"2011-01-28T09:02:31+00:00","mainEntityOfPage":{"@id":"https:\/\/fjala.info\/2009-2015\/forca-te-shumta-blindojne-pallatin-ku-banon-berisha\/"},"wordCount":291,"commentCount":0,"publisher":{"@id":"https:\/\/fjala.info\/2009-2015\/#organization"},"image":{"@id":"https:\/\/fjala.info\/2009-2015\/forca-te-shumta-blindojne-pallatin-ku-banon-berisha\/#primaryimage"},"thumbnailUrl":"http:\/\/fjala.shkoder.net\/wp-content\/uploads\/2011\/01\/berisha_blindohet.jpg","articleSection":["Artikuj"],"inLanguage":"sq-AL","potentialAction":[{"@type":"CommentAction","name":"Comment","target":["https:\/\/fjala.info\/2009-2015\/forca-te-shumta-blindojne-pallatin-ku-banon-berisha\/#respond"]}]},{"@type":"WebPage","@id":"https:\/\/fjala.info\/2009-2015\/forca-te-shumta-blindojne-pallatin-ku-banon-berisha\/","url":"https:\/\/fjala.info\/2009-2015\/forca-te-shumta-blindojne-pallatin-ku-banon-berisha\/","name":"Forca t\u00eb shumta blindojn\u00eb pallatin ku banon Berisha - FjALA e LIR\u00cb - Arkivi","isPartOf":{"@id":"https:\/\/fjala.info\/2009-2015\/#website"},"primaryImageOfPage":{"@id":"https:\/\/fjala.info\/2009-2015\/forca-te-shumta-blindojne-pallatin-ku-banon-berisha\/#primaryimage"},"image":{"@id":"https:\/\/fjala.info\/2009-2015\/forca-te-shumta-blindojne-pallatin-ku-banon-berisha\/#primaryimage"},"thumbnailUrl":"http:\/\/fjala.shkoder.net\/wp-content\/uploads\/2011\/01\/berisha_blindohet.jpg","datePublished":"2011-01-28T09:02:31+00:00","breadcrumb":{"@id":"https:\/\/fjala.info\/2009-2015\/forca-te-shumta-blindojne-pallatin-ku-banon-berisha\/#breadcrumb"},"inLanguage":"sq-AL","potentialAction":[{"@type":"ReadAction","target":["https:\/\/fjala.info\/2009-2015\/forca-te-shumta-blindojne-pallatin-ku-banon-berisha\/"]}]},{"@type":"ImageObject","inLanguage":"sq-AL","@id":"https:\/\/fjala.info\/2009-2015\/forca-te-shumta-blindojne-pallatin-ku-banon-berisha\/#primaryimage","url":"http:\/\/fjala.shkoder.net\/wp-content\/uploads\/2011\/01\/berisha_blindohet.jpg","contentUrl":"http:\/\/fjala.shkoder.net\/wp-content\/uploads\/2011\/01\/berisha_blindohet.jpg"},{"@type":"BreadcrumbList","@id":"https:\/\/fjala.info\/2009-2015\/forca-te-shumta-blindojne-pallatin-ku-banon-berisha\/#breadcrumb","itemListElement":[{"@type":"ListItem","position":1,"name":"Home","item":"https:\/\/fjala.info\/2009-2015\/"},{"@type":"ListItem","position":2,"name":"Forca t\u00eb shumta blindojn\u00eb pallatin ku banon Berisha"}]},{"@type":"WebSite","@id":"https:\/\/fjala.info\/2009-2015\/#website","url":"https:\/\/fjala.info\/2009-2015\/","name":"FjALA e LIR\u00cb - Arkivi","description":"Arkivi 2009-2015","publisher":{"@id":"https:\/\/fjala.info\/2009-2015\/#organization"},"potentialAction":[{"@type":"SearchAction","target":{"@type":"EntryPoint","urlTemplate":"https:\/\/fjala.info\/2009-2015\/?s={search_term_string}"},"query-input":{"@type":"PropertyValueSpecification","valueRequired":true,"valueName":"search_term_string"}}],"inLanguage":"sq-AL"},{"@type":"Organization","@id":"https:\/\/fjala.info\/2009-2015\/#organization","name":"FjALA e LIR\u00cb - Arkivi","url":"https:\/\/fjala.info\/2009-2015\/","logo":{"@type":"ImageObject","inLanguage":"sq-AL","@id":"https:\/\/fjala.info\/2009-2015\/#\/schema\/logo\/image\/","url":"","contentUrl":"","caption":"FjALA e LIR\u00cb - Arkivi"},"image":{"@id":"https:\/\/fjala.info\/2009-2015\/#\/schema\/logo\/image\/"}},{"@type":"Person","@id":"https:\/\/fjala.info\/2009-2015\/#\/schema\/person\/3aa1163ef05469c496fc94e77611ada2","name":"admin","image":{"@type":"ImageObject","inLanguage":"sq-AL","@id":"https:\/\/fjala.info\/2009-2015\/wp-content\/uploads\/2012\/02\/arben_cokaj-120x150.jpg","url":"https:\/\/fjala.info\/2009-2015\/wp-content\/uploads\/2012\/02\/arben_cokaj-120x150.jpg","contentUrl":"https:\/\/fjala.info\/2009-2015\/wp-content\/uploads\/2012\/02\/arben_cokaj-120x150.jpg","caption":"admin"},"description":"Admin, Fjala e Lir\u00eb","sameAs":["https:\/\/fjala.info\/"],"url":"https:\/\/fjala.info\/2009-2015\/author\/admin\/"}]}},"_links":{"self":[{"href":"https:\/\/fjala.info\/2009-2015\/wp-json\/wp\/v2\/posts\/5981","targetHints":{"allow":["GET"]}}],"collection":[{"href":"https:\/\/fjala.info\/2009-2015\/wp-json\/wp\/v2\/posts"}],"about":[{"href":"https:\/\/fjala.info\/2009-2015\/wp-json\/wp\/v2\/types\/post"}],"author":[{"embeddable":true,"href":"https:\/\/fjala.info\/2009-2015\/wp-json\/wp\/v2\/users\/1"}],"replies":[{"embeddable":true,"href":"https:\/\/fjala.info\/2009-2015\/wp-json\/wp\/v2\/comments?post=5981"}],"version-history":[{"count":0,"href":"https:\/\/fjala.info\/2009-2015\/wp-json\/wp\/v2\/posts\/5981\/revisions"}],"wp:attachment":[{"href":"https:\/\/fjala.info\/2009-2015\/wp-json\/wp\/v2\/media?parent=5981"}],"wp:term":[{"taxonomy":"category","embeddable":true,"href":"https:\/\/fjala.info\/2009-2015\/wp-json\/wp\/v2\/categories?post=5981"},{"taxonomy":"post_tag","embeddable":true,"href":"https:\/\/fjala.info\/2009-2015\/wp-json\/wp\/v2\/tags?post=5981"}],"curies":[{"name":"wp","href":"https:\/\/api.w.org\/{rel}","templated":true}]}}