{"id":598,"date":"2011-12-14T21:55:24","date_gmt":"2011-12-14T20:55:24","guid":{"rendered":"http:\/\/fjala.shkoder.net\/?p=598"},"modified":"2011-12-14T21:55:24","modified_gmt":"2011-12-14T20:55:24","slug":"kryeministri-pesoi-paralize-te-pjesshme-mjeket-i-keshillojne-terheqjen-nga-politika","status":"publish","type":"post","link":"https:\/\/fjala.info\/2009-2015\/kryeministri-pesoi-paralize-te-pjesshme-mjeket-i-keshillojne-terheqjen-nga-politika\/","title":{"rendered":"Kryeministri p\u00ebsoi paraliz\u00eb t\u00eb pjesshme, mjek\u00ebt i k\u00ebshillojn\u00eb t\u00ebrheqjen nga politika?"},"content":{"rendered":"<p><img decoding=\"async\" class=\"alignright size-thumbnail wp-image-7236\" title=\"Berisha gardavit syt\u00eb...\" src=\"http:\/\/www.shkoder.net\/images\/fjala\/2011\/berisha_lipotemi1.jpg\" alt=\"\" width=\"300\" \/> <strong>TemA Online<\/strong>, <em>14 Dhjetor 2011<\/em><\/p>\n<p>Kryeministri Sali Berisha ka p\u00ebsuar nj\u00eb paraliz\u00eb t\u00eb pjesshme t\u00eb trupit q\u00eb i erdhi nga tensioni i lart\u00eb i gjakut, problemet kardiake nga t\u00eb cilat vuan deri n\u00eb kufijt\u00eb e nj\u00eb tromboze q\u00eb p\u00ebr fat t\u00eb mir\u00eb nuk i shkaktoi \u00e7rregullime serioze p\u00ebr jet\u00ebn. Kreu i kabinetit ka p\u00ebsuar k\u00ebt\u00eb goditje si pasoj\u00eb e problemeve q\u00eb ka pasur n\u00eb vazhdim, (k\u00ebt\u00eb e shpjegon edhe termi zyrtar mjek\u00ebsor i shp\u00ebrndar\u00eb lipotemi, shkak i nj\u00eb s\u00ebmundje baz\u00eb).<\/p>\n<p>M\u00ebsohet se paraliza \u00ebsht\u00eb e leht\u00eb, e pjesshme, n\u00eb gjymtyr\u00eb, po q\u00eb p\u00ebr momentin nuk paraqet shqet\u00ebsime tejet serioze. Por m\u00eb e keqja \u00ebsht\u00eb se mjek\u00ebt i kan\u00eb k\u00ebshilluar kryeministrit nj\u00eb pushim tejet absolut dhe t\u00ebrheqje nga aktivitetet politike dhe institucionale. Nuk lejohet ngarkesa e madhe fizike, psikologjike dhe emocionale, pasi nj\u00eb tjet\u00ebr litotomi do t\u00eb ishte fatale p\u00ebr sh\u00ebndetin e kreut t\u00eb mazhoranc\u00ebs.<\/p>\n<p>Pavar\u00ebsisht se sot kryeministri u tha publikisht shqiptar\u00ebve se ndihet i ri, e v\u00ebrteta \u00ebsht\u00eb e kund\u00ebrta. Se ai ka nisur t\u00eb mendoj\u00eb shk\u00ebputjen pa asnj\u00eb kusht i mundur nga sh\u00ebndeti dhe mosha e jo nga d\u00ebshira. Mjek\u00ebt m\u00eb t\u00eb mir\u00eb t\u00eb fush\u00ebs kan\u00eb kontrolluar kryeministrin gjat\u00eb tre dit\u00ebve me radh\u00eb, duke i b\u00ebr\u00eb analiza t\u00eb shumta. M\u00ebsohet se edhe n\u00eb Franc\u00eb kryeministri ka b\u00ebr\u00eb nj\u00eb kontroll dhe ka marr\u00eb t\u00eb nj\u00ebjtat k\u00ebshilla. Por n\u00eb vijim i ka neglizhuar me t\u00eb nj\u00ebjtin intensitet.<\/p>\n<p>Mjek\u00ebt shpjegojn\u00eb se t\u00eb kthehesh nga kat\u00ebr dit\u00eb vizit\u00eb jasht\u00eb vendit, t\u00eb flas\u00ebsh, takohesh me personalitete, t\u00eb kthehesh me avion, e m\u00eb pas n\u00eb pun\u00eb n\u00eb t\u00eb pakt\u00ebn 5 takime zyrtare, p\u00ebrfshi dhe fest\u00ebn e 21 vjetorit, \u00ebsht\u00eb katastrofave p\u00ebr nj\u00eb sh\u00ebndet t\u00eb till\u00eb dhe at\u00eb mosh\u00eb. Ndaj edhe lodhja e madhe fizike, emocionale dhe psikologjike ka sjell\u00eb pasoj\u00ebn e mbr\u00ebmjes s\u00eb h\u00ebn\u00eb.<\/p>\n<p>Burimet than\u00eb se Berish\u00ebs i \u00ebsht\u00eb k\u00ebshilluar jo m\u00eb shum\u00eb se nj\u00eb or\u00eb pun\u00eb aktive n\u00eb dit\u00eb n\u00eb zyr\u00eb dhe pak e nga pak t\u00ebrheqje totale nga jeta politike dhe institucionale. Mjek\u00ebt nuk kan\u00eb marr\u00eb p\u00ebrsip\u00ebr pasojat p\u00ebr t\u00eb ardhmen n\u00ebse kryeministri shmang k\u00ebshillat e tyre. Por t\u00eb gjitha k\u00ebto informacione p\u00ebrpiqen t\u2019i mbajn\u00eb sekrete e t\u00eb mos i m\u00ebsojn\u00eb qytetar\u00ebt, me q\u00ebllim t\u00eb mos krijohet imazhi i nj\u00eb kryeministri t\u00eb s\u00ebmur\u00eb te armiqt\u00eb dhe elektorati.<\/p>\n<p>Madje po ta v\u00ebsh re p\u00ebr dy dit\u00eb me radh\u00eb mediat qeveritare e kan\u00eb neglizhuar duke e konsideruar dob\u00ebsi, por faktet dhe l\u00ebvizjet tregojn\u00eb qart\u00eb se kryeministri nuk mund t\u00eb mbingarkoj\u00eb veten me axhendat e tij. Vajtja e Bash\u00ebs dhe Topallit n\u00eb zyr\u00eb nj\u00eb dit\u00eb m\u00eb pas tregon se ai u ka dh\u00ebn\u00eb k\u00ebshilla konkrete e t\u00eb prera p\u00ebr t\u00eb ardhmen politike. Kurse dalja sot vet\u00ebm p\u00ebr nj\u00eb koh\u00eb 10 her\u00eb m\u00eb t\u00eb shkurt\u00ebr nga \u00e7far\u00eb dilte zakonisht n\u00eb media gjat\u00eb mbledhjes s\u00eb qeveris\u00eb, tregon se sh\u00ebndeti i tij nuk \u00ebsht\u00eb i prekur nga nj\u00eb dob\u00ebsi apo viroz\u00eb.<\/p>\n<p><em>Ama-News<\/em><\/p>\n","protected":false},"excerpt":{"rendered":"<p>TemA Online, 14 Dhjetor 2011 Kryeministri Sali Berisha ka p\u00ebsuar nj\u00eb paraliz\u00eb t\u00eb pjesshme t\u00eb trupit q\u00eb i erdhi nga tensioni i lart\u00eb i gjakut, problemet kardiake nga t\u00eb cilat vuan deri n\u00eb kufijt\u00eb e nj\u00eb tromboze q\u00eb p\u00ebr fat t\u00eb mir\u00eb nuk i shkaktoi \u00e7rregullime serioze p\u00ebr jet\u00ebn. Kreu i kabinetit ka p\u00ebsuar k\u00ebt\u00eb [&hellip;]<\/p>\n","protected":false},"author":1,"featured_media":0,"comment_status":"open","ping_status":"closed","sticky":false,"template":"","format":"standard","meta":{"footnotes":""},"categories":[2],"tags":[],"class_list":{"0":"post-598","1":"post","2":"type-post","3":"status-publish","4":"format-standard","6":"category-artikuj"},"yoast_head":"<!-- This site is optimized with the Yoast SEO plugin v27.4 - https:\/\/yoast.com\/product\/yoast-seo-wordpress\/ -->\n<title>Kryeministri p\u00ebsoi paraliz\u00eb t\u00eb pjesshme, mjek\u00ebt i k\u00ebshillojn\u00eb t\u00ebrheqjen nga politika? - FjALA e LIR\u00cb - Arkivi<\/title>\n<meta name=\"robots\" content=\"index, follow, max-snippet:-1, max-image-preview:large, max-video-preview:-1\" \/>\n<link rel=\"canonical\" href=\"https:\/\/fjala.info\/2009-2015\/kryeministri-pesoi-paralize-te-pjesshme-mjeket-i-keshillojne-terheqjen-nga-politika\/\" \/>\n<meta property=\"og:locale\" content=\"sq_AL\" \/>\n<meta property=\"og:type\" content=\"article\" \/>\n<meta property=\"og:title\" content=\"Kryeministri p\u00ebsoi paraliz\u00eb t\u00eb pjesshme, mjek\u00ebt i k\u00ebshillojn\u00eb t\u00ebrheqjen nga politika? - FjALA e LIR\u00cb - Arkivi\" \/>\n<meta property=\"og:description\" content=\"TemA Online, 14 Dhjetor 2011 Kryeministri Sali Berisha ka p\u00ebsuar nj\u00eb paraliz\u00eb t\u00eb pjesshme t\u00eb trupit q\u00eb i erdhi nga tensioni i lart\u00eb i gjakut, problemet kardiake nga t\u00eb cilat vuan deri n\u00eb kufijt\u00eb e nj\u00eb tromboze q\u00eb p\u00ebr fat t\u00eb mir\u00eb nuk i shkaktoi \u00e7rregullime serioze p\u00ebr jet\u00ebn. Kreu i kabinetit ka p\u00ebsuar k\u00ebt\u00eb [&hellip;]\" \/>\n<meta property=\"og:url\" content=\"https:\/\/fjala.info\/2009-2015\/kryeministri-pesoi-paralize-te-pjesshme-mjeket-i-keshillojne-terheqjen-nga-politika\/\" \/>\n<meta property=\"og:site_name\" content=\"FjALA e LIR\u00cb - Arkivi\" \/>\n<meta property=\"article:published_time\" content=\"2011-12-14T20:55:24+00:00\" \/>\n<meta property=\"og:image\" content=\"http:\/\/www.shkoder.net\/images\/fjala\/2011\/berisha_lipotemi1.jpg\" \/>\n<meta name=\"author\" content=\"admin\" \/>\n<meta name=\"twitter:card\" content=\"summary_large_image\" \/>\n<meta name=\"twitter:label1\" content=\"Written by\" \/>\n\t<meta name=\"twitter:data1\" content=\"admin\" \/>\n\t<meta name=\"twitter:label2\" content=\"Est. reading time\" \/>\n\t<meta name=\"twitter:data2\" content=\"3 minutes\" \/>\n<script type=\"application\/ld+json\" class=\"yoast-schema-graph\">{\"@context\":\"https:\\\/\\\/schema.org\",\"@graph\":[{\"@type\":\"Article\",\"@id\":\"https:\\\/\\\/fjala.info\\\/2009-2015\\\/kryeministri-pesoi-paralize-te-pjesshme-mjeket-i-keshillojne-terheqjen-nga-politika\\\/#article\",\"isPartOf\":{\"@id\":\"https:\\\/\\\/fjala.info\\\/2009-2015\\\/kryeministri-pesoi-paralize-te-pjesshme-mjeket-i-keshillojne-terheqjen-nga-politika\\\/\"},\"author\":{\"name\":\"admin\",\"@id\":\"https:\\\/\\\/fjala.info\\\/2009-2015\\\/#\\\/schema\\\/person\\\/3aa1163ef05469c496fc94e77611ada2\"},\"headline\":\"Kryeministri p\u00ebsoi paraliz\u00eb t\u00eb pjesshme, mjek\u00ebt i k\u00ebshillojn\u00eb t\u00ebrheqjen nga politika?\",\"datePublished\":\"2011-12-14T20:55:24+00:00\",\"mainEntityOfPage\":{\"@id\":\"https:\\\/\\\/fjala.info\\\/2009-2015\\\/kryeministri-pesoi-paralize-te-pjesshme-mjeket-i-keshillojne-terheqjen-nga-politika\\\/\"},\"wordCount\":551,\"commentCount\":0,\"publisher\":{\"@id\":\"https:\\\/\\\/fjala.info\\\/2009-2015\\\/#organization\"},\"image\":{\"@id\":\"https:\\\/\\\/fjala.info\\\/2009-2015\\\/kryeministri-pesoi-paralize-te-pjesshme-mjeket-i-keshillojne-terheqjen-nga-politika\\\/#primaryimage\"},\"thumbnailUrl\":\"http:\\\/\\\/www.shkoder.net\\\/images\\\/fjala\\\/2011\\\/berisha_lipotemi1.jpg\",\"articleSection\":[\"Artikuj\"],\"inLanguage\":\"sq-AL\",\"potentialAction\":[{\"@type\":\"CommentAction\",\"name\":\"Comment\",\"target\":[\"https:\\\/\\\/fjala.info\\\/2009-2015\\\/kryeministri-pesoi-paralize-te-pjesshme-mjeket-i-keshillojne-terheqjen-nga-politika\\\/#respond\"]}]},{\"@type\":\"WebPage\",\"@id\":\"https:\\\/\\\/fjala.info\\\/2009-2015\\\/kryeministri-pesoi-paralize-te-pjesshme-mjeket-i-keshillojne-terheqjen-nga-politika\\\/\",\"url\":\"https:\\\/\\\/fjala.info\\\/2009-2015\\\/kryeministri-pesoi-paralize-te-pjesshme-mjeket-i-keshillojne-terheqjen-nga-politika\\\/\",\"name\":\"Kryeministri p\u00ebsoi paraliz\u00eb t\u00eb pjesshme, mjek\u00ebt i k\u00ebshillojn\u00eb t\u00ebrheqjen nga politika? - FjALA e LIR\u00cb - Arkivi\",\"isPartOf\":{\"@id\":\"https:\\\/\\\/fjala.info\\\/2009-2015\\\/#website\"},\"primaryImageOfPage\":{\"@id\":\"https:\\\/\\\/fjala.info\\\/2009-2015\\\/kryeministri-pesoi-paralize-te-pjesshme-mjeket-i-keshillojne-terheqjen-nga-politika\\\/#primaryimage\"},\"image\":{\"@id\":\"https:\\\/\\\/fjala.info\\\/2009-2015\\\/kryeministri-pesoi-paralize-te-pjesshme-mjeket-i-keshillojne-terheqjen-nga-politika\\\/#primaryimage\"},\"thumbnailUrl\":\"http:\\\/\\\/www.shkoder.net\\\/images\\\/fjala\\\/2011\\\/berisha_lipotemi1.jpg\",\"datePublished\":\"2011-12-14T20:55:24+00:00\",\"breadcrumb\":{\"@id\":\"https:\\\/\\\/fjala.info\\\/2009-2015\\\/kryeministri-pesoi-paralize-te-pjesshme-mjeket-i-keshillojne-terheqjen-nga-politika\\\/#breadcrumb\"},\"inLanguage\":\"sq-AL\",\"potentialAction\":[{\"@type\":\"ReadAction\",\"target\":[\"https:\\\/\\\/fjala.info\\\/2009-2015\\\/kryeministri-pesoi-paralize-te-pjesshme-mjeket-i-keshillojne-terheqjen-nga-politika\\\/\"]}]},{\"@type\":\"ImageObject\",\"inLanguage\":\"sq-AL\",\"@id\":\"https:\\\/\\\/fjala.info\\\/2009-2015\\\/kryeministri-pesoi-paralize-te-pjesshme-mjeket-i-keshillojne-terheqjen-nga-politika\\\/#primaryimage\",\"url\":\"http:\\\/\\\/www.shkoder.net\\\/images\\\/fjala\\\/2011\\\/berisha_lipotemi1.jpg\",\"contentUrl\":\"http:\\\/\\\/www.shkoder.net\\\/images\\\/fjala\\\/2011\\\/berisha_lipotemi1.jpg\"},{\"@type\":\"BreadcrumbList\",\"@id\":\"https:\\\/\\\/fjala.info\\\/2009-2015\\\/kryeministri-pesoi-paralize-te-pjesshme-mjeket-i-keshillojne-terheqjen-nga-politika\\\/#breadcrumb\",\"itemListElement\":[{\"@type\":\"ListItem\",\"position\":1,\"name\":\"Home\",\"item\":\"https:\\\/\\\/fjala.info\\\/2009-2015\\\/\"},{\"@type\":\"ListItem\",\"position\":2,\"name\":\"Kryeministri p\u00ebsoi paraliz\u00eb t\u00eb pjesshme, mjek\u00ebt i k\u00ebshillojn\u00eb t\u00ebrheqjen nga politika?\"}]},{\"@type\":\"WebSite\",\"@id\":\"https:\\\/\\\/fjala.info\\\/2009-2015\\\/#website\",\"url\":\"https:\\\/\\\/fjala.info\\\/2009-2015\\\/\",\"name\":\"FjALA e LIR\u00cb - Arkivi\",\"description\":\"Arkivi 2009-2015\",\"publisher\":{\"@id\":\"https:\\\/\\\/fjala.info\\\/2009-2015\\\/#organization\"},\"potentialAction\":[{\"@type\":\"SearchAction\",\"target\":{\"@type\":\"EntryPoint\",\"urlTemplate\":\"https:\\\/\\\/fjala.info\\\/2009-2015\\\/?s={search_term_string}\"},\"query-input\":{\"@type\":\"PropertyValueSpecification\",\"valueRequired\":true,\"valueName\":\"search_term_string\"}}],\"inLanguage\":\"sq-AL\"},{\"@type\":\"Organization\",\"@id\":\"https:\\\/\\\/fjala.info\\\/2009-2015\\\/#organization\",\"name\":\"FjALA e LIR\u00cb - Arkivi\",\"url\":\"https:\\\/\\\/fjala.info\\\/2009-2015\\\/\",\"logo\":{\"@type\":\"ImageObject\",\"inLanguage\":\"sq-AL\",\"@id\":\"https:\\\/\\\/fjala.info\\\/2009-2015\\\/#\\\/schema\\\/logo\\\/image\\\/\",\"url\":\"\",\"contentUrl\":\"\",\"caption\":\"FjALA e LIR\u00cb - Arkivi\"},\"image\":{\"@id\":\"https:\\\/\\\/fjala.info\\\/2009-2015\\\/#\\\/schema\\\/logo\\\/image\\\/\"}},{\"@type\":\"Person\",\"@id\":\"https:\\\/\\\/fjala.info\\\/2009-2015\\\/#\\\/schema\\\/person\\\/3aa1163ef05469c496fc94e77611ada2\",\"name\":\"admin\",\"image\":{\"@type\":\"ImageObject\",\"inLanguage\":\"sq-AL\",\"@id\":\"https:\\\/\\\/fjala.info\\\/2009-2015\\\/wp-content\\\/uploads\\\/2012\\\/02\\\/arben_cokaj-120x150.jpg\",\"url\":\"https:\\\/\\\/fjala.info\\\/2009-2015\\\/wp-content\\\/uploads\\\/2012\\\/02\\\/arben_cokaj-120x150.jpg\",\"contentUrl\":\"https:\\\/\\\/fjala.info\\\/2009-2015\\\/wp-content\\\/uploads\\\/2012\\\/02\\\/arben_cokaj-120x150.jpg\",\"caption\":\"admin\"},\"description\":\"Admin, Fjala e Lir\u00eb\",\"sameAs\":[\"https:\\\/\\\/fjala.info\\\/\"],\"url\":\"https:\\\/\\\/fjala.info\\\/2009-2015\\\/author\\\/admin\\\/\"}]}<\/script>\n<!-- \/ Yoast SEO plugin. -->","yoast_head_json":{"title":"Kryeministri p\u00ebsoi paraliz\u00eb t\u00eb pjesshme, mjek\u00ebt i k\u00ebshillojn\u00eb t\u00ebrheqjen nga politika? - FjALA e LIR\u00cb - Arkivi","robots":{"index":"index","follow":"follow","max-snippet":"max-snippet:-1","max-image-preview":"max-image-preview:large","max-video-preview":"max-video-preview:-1"},"canonical":"https:\/\/fjala.info\/2009-2015\/kryeministri-pesoi-paralize-te-pjesshme-mjeket-i-keshillojne-terheqjen-nga-politika\/","og_locale":"sq_AL","og_type":"article","og_title":"Kryeministri p\u00ebsoi paraliz\u00eb t\u00eb pjesshme, mjek\u00ebt i k\u00ebshillojn\u00eb t\u00ebrheqjen nga politika? - FjALA e LIR\u00cb - Arkivi","og_description":"TemA Online, 14 Dhjetor 2011 Kryeministri Sali Berisha ka p\u00ebsuar nj\u00eb paraliz\u00eb t\u00eb pjesshme t\u00eb trupit q\u00eb i erdhi nga tensioni i lart\u00eb i gjakut, problemet kardiake nga t\u00eb cilat vuan deri n\u00eb kufijt\u00eb e nj\u00eb tromboze q\u00eb p\u00ebr fat t\u00eb mir\u00eb nuk i shkaktoi \u00e7rregullime serioze p\u00ebr jet\u00ebn. Kreu i kabinetit ka p\u00ebsuar k\u00ebt\u00eb [&hellip;]","og_url":"https:\/\/fjala.info\/2009-2015\/kryeministri-pesoi-paralize-te-pjesshme-mjeket-i-keshillojne-terheqjen-nga-politika\/","og_site_name":"FjALA e LIR\u00cb - Arkivi","article_published_time":"2011-12-14T20:55:24+00:00","og_image":[{"url":"http:\/\/www.shkoder.net\/images\/fjala\/2011\/berisha_lipotemi1.jpg","type":"","width":"","height":""}],"author":"admin","twitter_card":"summary_large_image","twitter_misc":{"Written by":"admin","Est. reading time":"3 minutes"},"schema":{"@context":"https:\/\/schema.org","@graph":[{"@type":"Article","@id":"https:\/\/fjala.info\/2009-2015\/kryeministri-pesoi-paralize-te-pjesshme-mjeket-i-keshillojne-terheqjen-nga-politika\/#article","isPartOf":{"@id":"https:\/\/fjala.info\/2009-2015\/kryeministri-pesoi-paralize-te-pjesshme-mjeket-i-keshillojne-terheqjen-nga-politika\/"},"author":{"name":"admin","@id":"https:\/\/fjala.info\/2009-2015\/#\/schema\/person\/3aa1163ef05469c496fc94e77611ada2"},"headline":"Kryeministri p\u00ebsoi paraliz\u00eb t\u00eb pjesshme, mjek\u00ebt i k\u00ebshillojn\u00eb t\u00ebrheqjen nga politika?","datePublished":"2011-12-14T20:55:24+00:00","mainEntityOfPage":{"@id":"https:\/\/fjala.info\/2009-2015\/kryeministri-pesoi-paralize-te-pjesshme-mjeket-i-keshillojne-terheqjen-nga-politika\/"},"wordCount":551,"commentCount":0,"publisher":{"@id":"https:\/\/fjala.info\/2009-2015\/#organization"},"image":{"@id":"https:\/\/fjala.info\/2009-2015\/kryeministri-pesoi-paralize-te-pjesshme-mjeket-i-keshillojne-terheqjen-nga-politika\/#primaryimage"},"thumbnailUrl":"http:\/\/www.shkoder.net\/images\/fjala\/2011\/berisha_lipotemi1.jpg","articleSection":["Artikuj"],"inLanguage":"sq-AL","potentialAction":[{"@type":"CommentAction","name":"Comment","target":["https:\/\/fjala.info\/2009-2015\/kryeministri-pesoi-paralize-te-pjesshme-mjeket-i-keshillojne-terheqjen-nga-politika\/#respond"]}]},{"@type":"WebPage","@id":"https:\/\/fjala.info\/2009-2015\/kryeministri-pesoi-paralize-te-pjesshme-mjeket-i-keshillojne-terheqjen-nga-politika\/","url":"https:\/\/fjala.info\/2009-2015\/kryeministri-pesoi-paralize-te-pjesshme-mjeket-i-keshillojne-terheqjen-nga-politika\/","name":"Kryeministri p\u00ebsoi paraliz\u00eb t\u00eb pjesshme, mjek\u00ebt i k\u00ebshillojn\u00eb t\u00ebrheqjen nga politika? - FjALA e LIR\u00cb - Arkivi","isPartOf":{"@id":"https:\/\/fjala.info\/2009-2015\/#website"},"primaryImageOfPage":{"@id":"https:\/\/fjala.info\/2009-2015\/kryeministri-pesoi-paralize-te-pjesshme-mjeket-i-keshillojne-terheqjen-nga-politika\/#primaryimage"},"image":{"@id":"https:\/\/fjala.info\/2009-2015\/kryeministri-pesoi-paralize-te-pjesshme-mjeket-i-keshillojne-terheqjen-nga-politika\/#primaryimage"},"thumbnailUrl":"http:\/\/www.shkoder.net\/images\/fjala\/2011\/berisha_lipotemi1.jpg","datePublished":"2011-12-14T20:55:24+00:00","breadcrumb":{"@id":"https:\/\/fjala.info\/2009-2015\/kryeministri-pesoi-paralize-te-pjesshme-mjeket-i-keshillojne-terheqjen-nga-politika\/#breadcrumb"},"inLanguage":"sq-AL","potentialAction":[{"@type":"ReadAction","target":["https:\/\/fjala.info\/2009-2015\/kryeministri-pesoi-paralize-te-pjesshme-mjeket-i-keshillojne-terheqjen-nga-politika\/"]}]},{"@type":"ImageObject","inLanguage":"sq-AL","@id":"https:\/\/fjala.info\/2009-2015\/kryeministri-pesoi-paralize-te-pjesshme-mjeket-i-keshillojne-terheqjen-nga-politika\/#primaryimage","url":"http:\/\/www.shkoder.net\/images\/fjala\/2011\/berisha_lipotemi1.jpg","contentUrl":"http:\/\/www.shkoder.net\/images\/fjala\/2011\/berisha_lipotemi1.jpg"},{"@type":"BreadcrumbList","@id":"https:\/\/fjala.info\/2009-2015\/kryeministri-pesoi-paralize-te-pjesshme-mjeket-i-keshillojne-terheqjen-nga-politika\/#breadcrumb","itemListElement":[{"@type":"ListItem","position":1,"name":"Home","item":"https:\/\/fjala.info\/2009-2015\/"},{"@type":"ListItem","position":2,"name":"Kryeministri p\u00ebsoi paraliz\u00eb t\u00eb pjesshme, mjek\u00ebt i k\u00ebshillojn\u00eb t\u00ebrheqjen nga politika?"}]},{"@type":"WebSite","@id":"https:\/\/fjala.info\/2009-2015\/#website","url":"https:\/\/fjala.info\/2009-2015\/","name":"FjALA e LIR\u00cb - Arkivi","description":"Arkivi 2009-2015","publisher":{"@id":"https:\/\/fjala.info\/2009-2015\/#organization"},"potentialAction":[{"@type":"SearchAction","target":{"@type":"EntryPoint","urlTemplate":"https:\/\/fjala.info\/2009-2015\/?s={search_term_string}"},"query-input":{"@type":"PropertyValueSpecification","valueRequired":true,"valueName":"search_term_string"}}],"inLanguage":"sq-AL"},{"@type":"Organization","@id":"https:\/\/fjala.info\/2009-2015\/#organization","name":"FjALA e LIR\u00cb - Arkivi","url":"https:\/\/fjala.info\/2009-2015\/","logo":{"@type":"ImageObject","inLanguage":"sq-AL","@id":"https:\/\/fjala.info\/2009-2015\/#\/schema\/logo\/image\/","url":"","contentUrl":"","caption":"FjALA e LIR\u00cb - Arkivi"},"image":{"@id":"https:\/\/fjala.info\/2009-2015\/#\/schema\/logo\/image\/"}},{"@type":"Person","@id":"https:\/\/fjala.info\/2009-2015\/#\/schema\/person\/3aa1163ef05469c496fc94e77611ada2","name":"admin","image":{"@type":"ImageObject","inLanguage":"sq-AL","@id":"https:\/\/fjala.info\/2009-2015\/wp-content\/uploads\/2012\/02\/arben_cokaj-120x150.jpg","url":"https:\/\/fjala.info\/2009-2015\/wp-content\/uploads\/2012\/02\/arben_cokaj-120x150.jpg","contentUrl":"https:\/\/fjala.info\/2009-2015\/wp-content\/uploads\/2012\/02\/arben_cokaj-120x150.jpg","caption":"admin"},"description":"Admin, Fjala e Lir\u00eb","sameAs":["https:\/\/fjala.info\/"],"url":"https:\/\/fjala.info\/2009-2015\/author\/admin\/"}]}},"_links":{"self":[{"href":"https:\/\/fjala.info\/2009-2015\/wp-json\/wp\/v2\/posts\/598","targetHints":{"allow":["GET"]}}],"collection":[{"href":"https:\/\/fjala.info\/2009-2015\/wp-json\/wp\/v2\/posts"}],"about":[{"href":"https:\/\/fjala.info\/2009-2015\/wp-json\/wp\/v2\/types\/post"}],"author":[{"embeddable":true,"href":"https:\/\/fjala.info\/2009-2015\/wp-json\/wp\/v2\/users\/1"}],"replies":[{"embeddable":true,"href":"https:\/\/fjala.info\/2009-2015\/wp-json\/wp\/v2\/comments?post=598"}],"version-history":[{"count":0,"href":"https:\/\/fjala.info\/2009-2015\/wp-json\/wp\/v2\/posts\/598\/revisions"}],"wp:attachment":[{"href":"https:\/\/fjala.info\/2009-2015\/wp-json\/wp\/v2\/media?parent=598"}],"wp:term":[{"taxonomy":"category","embeddable":true,"href":"https:\/\/fjala.info\/2009-2015\/wp-json\/wp\/v2\/categories?post=598"},{"taxonomy":"post_tag","embeddable":true,"href":"https:\/\/fjala.info\/2009-2015\/wp-json\/wp\/v2\/tags?post=598"}],"curies":[{"name":"wp","href":"https:\/\/api.w.org\/{rel}","templated":true}]}}