{"id":5978,"date":"2011-01-28T07:31:27","date_gmt":"2011-01-28T06:31:27","guid":{"rendered":"http:\/\/fjala.shkoder.net\/?p=5978"},"modified":"2011-01-28T07:31:27","modified_gmt":"2011-01-28T06:31:27","slug":"mediat-prane-qeverise-sulmojne-topin-per-21-janarin","status":"publish","type":"post","link":"https:\/\/fjala.info\/2009-2015\/mediat-prane-qeverise-sulmojne-topin-per-21-janarin\/","title":{"rendered":"Mediat pran\u00eb qeveris\u00eb sulmojn\u00eb Topin p\u00ebr 21 janarin"},"content":{"rendered":"<p><img loading=\"lazy\" decoding=\"async\" src=\"http:\/\/fjala.shkoder.net\/wp-content\/uploads\/2011\/01\/topi_ina_rama.jpg\" alt=\"\" title=\"topi_ina_rama\" width=\"300\" height=\"223\" class=\"alignright size-full wp-image-5979\" \/><br \/>\n<em><strong>Kemi t\u00eb regjistruara telefonatat e tij<\/strong><\/em><\/p>\n<p>Gazeta 55, e njohur si nj\u00eb e p\u00ebrditshme pran\u00eb qeveris\u00eb, n\u00eb nj\u00eb shkrim editorial t\u00eb botuesit t\u00eb saj Fahri Balliu, akuzon kryetarin e shtetit se s\u00eb bashku me Prokuroren e P\u00ebrgjithshme, Ina Rama, kan\u00eb gisht n\u00eb at\u00eb q\u00eb e quajn\u00eb tentativ\u00eb p\u00ebr pu\u00e7. N\u00eb shkrim Balliu shkon edhe m\u00eb tej kur thot\u00eb se kan\u00eb t\u00eb regjistruara telefonatat q\u00eb ka b\u00ebr\u00eb Ina Rama e Bamir Topi gjat\u00eb protest\u00ebs s\u00eb 21 janarit.<\/p>\n<p>\u201cP\u00ebrse n\u00eb deklarat\u00ebn e or\u00ebs 5 t\u00eb 21 janarit, pasi kishte mbaruar \u00e7do gj\u00eb, Topi, jo vet\u00ebm q\u00eb nuk e z\u00eb me goj\u00eb kryeministrin\u00eb, por nuk flet fare p\u00ebr dhun\u00eb. Dhe madje, n\u00eb asnj\u00eb deklarat\u00eb t\u00eb tij, nuk flitet p\u00ebr dhun\u00eb. Po k\u00ebshtu edhe shoqja Rama. Dhun\u00eb dhe kryeministri nuk z\u00ebn\u00eb dot me goj\u00eb. Sigurisht, togfjal\u00ebshi \u201cBulevardi D\u00ebshmor\u00ebt e Kombit\u201d ka qen\u00eb emri i koduar i operacionit t\u00eb tyre, dhe u duket se duke th\u00ebn\u00eb ashtu, mund ta hedhin n\u00eb Lan\u00eb bashk\u00ebfaj\u00ebsin\u00eb e tyre. Kurr\u00eb dhe asnj\u00ebher\u00eb!<\/p>\n<p>Shok\u00eb dhe shoqe struc\u00ebr! A nuk keni ngritur telefonat ju, nga ora 2 e \u00e7erek e deri n\u00eb 5? \u00c7\u2019kujtoni, se ato bisedat tuaja mbeten si tabulate egjiptiane, apo mendoni se vet\u00ebm ajo firma juaj, kur t\u2019ju teket dhe p\u00ebr budallall\u00ebqe e shpifje, fut n\u00eb p\u00ebrgjim telefona? Jeni aq t\u00eb zbuluar prej kaq koh\u00ebsh, sa ndihen edhe f\u00ebshf\u00ebrimat lirike t\u00eb teksteve, ndihen ngaz\u00ebllimet, ndihen shpresat p\u00ebr t\u00eb qen\u00eb t\u00eb lir\u00eb nga ligji, nga shteti, demokracia, koalicioni, dhe p\u00ebr t\u00eb dal\u00eb n\u00eb jet\u00ebn e atyre ske\u00e7eve banale t\u00eb uzurpimit nga eg\u00ebrsia komuniste e Bllokut, tek perversiteti i kokain\u00ebs t\u00eb shoqeve Rama-Kristaq,\u201d thot\u00eb n\u00eb shkrim Balliu.<\/p>\n<p>\u201cJu, p\u00ebr t\u00eb fituar Edi i Net\u00ebs, ia vut\u00eb kazm\u00ebn \u00e7do gj\u00ebje, n\u00eb themel dhe kujtoni q\u00eb ishit ju shteti; dhe kujtoni se ishit ju ligji. Kurr\u00eb! Ka nj\u00eb mij\u00eb mekanizma me t\u00eb cilat, e v\u00ebrteta kap t\u00eb lig\u00ebn, mosmir\u00ebnjohjen, mashtrimin, shitjen e shpirtit. Ku shkove shoku Topi, n\u00eb 12 e 30, kur kalove n\u00eb Bulevard? Ku \u00ebsht\u00eb telefonata jote, drejtuar dhunuesit dhe kryehorrit t\u00eb Shqip\u00ebris\u00eb, Edi Ram\u00ebs, bashk\u00ebpun\u00ebtorit t\u00eb revist\u00ebs s\u00eb Sigurimit \u201cn\u00eb Sh\u00ebrbim t\u00eb Popullit\u201d, kapterit t\u00eb ekipit t\u00eb Dinamos,\u2019 vijon m\u00eb tej shkrimi.<\/p>\n<p><strong>Komisioni hetimor \u201cth\u00ebrret\u201d Topin<\/strong><\/p>\n<p>Komisioni parlamentar q\u00eb po heton sjelljen e institucioneve shtet\u00ebrore para, gjat\u00eb dhe pas 21 janarit ka shtuar n\u00eb list\u00ebn e tij edhe marrjen e informacionit nga presidenti i Republik\u00ebs. Ky ishte institucioni i vet\u00ebm q\u00eb nuk ishte p\u00ebrmendur kur u listuan drejtuesit m\u00eb t\u00eb r\u00ebnd\u00ebsish\u00ebm, q\u00eb do t\u00eb thirreshin n\u00eb seanc\u00eb d\u00ebgjimore nga komisioni. Tani p\u00ebr tani, komisioni ka vler\u00ebsuar vet\u00ebm marrjen e informacionit prej presidentit. <\/p>\n<p>\u201cDuhen mbledhur informacioni dhe t\u00eb dh\u00ebnat paraprake q\u00eb jan\u00eb p\u00ebrcjell\u00eb tek presidenti i Republik\u00ebs p\u00ebr organizimin kriminal t\u00eb 21 janarit. Duhen informacionet q\u00eb presidenca ka pasur gjat\u00eb rrethimit 5 or\u00ebsh q\u00eb iu b\u00eb kryeministris\u00eb, informacionet para edhe pas rrethimit, si dhe komunikimet me prokurorin\u00eb, gard\u00ebn, SHISH dhe Ministrin\u00eb e Brendshme\u201d, deklaroi nj\u00eb prej deputet\u00ebve demokrat\u00eb. <\/p>\n<p>T\u00eb nj\u00ebjt\u00ebn gj\u00eb me shkrim, komisioni e k\u00ebrkon edhe nga kryeministri Berisha, si dhe disa informacione t\u00eb tjera nga ministri i Brendsh\u00ebm dhe Sh\u00ebrbimi Informativ i Ushtris\u00eb. Nga deputet\u00ebt demokrat\u00eb do t\u00eb k\u00ebrkohet informacion edhe nga polica bashkiake e Tiran\u00ebs p\u00ebr rolin q\u00eb ka kryer ajo gjat\u00eb 21 janarit, si dhe nga disa polici t\u00eb tjera bashkiake, t\u00eb cilat sipas deputet\u00ebve demokrat\u00eb e kan\u00eb t\u00eb paligjshme pjes\u00ebmarrjen n\u00eb nj\u00eb tubim politik.<\/p>\n","protected":false},"excerpt":{"rendered":"<p>Kemi t\u00eb regjistruara telefonatat e tij Gazeta 55, e njohur si nj\u00eb e p\u00ebrditshme pran\u00eb qeveris\u00eb, n\u00eb nj\u00eb shkrim editorial t\u00eb botuesit t\u00eb saj Fahri Balliu, akuzon kryetarin e shtetit se s\u00eb bashku me Prokuroren e P\u00ebrgjithshme, Ina Rama, kan\u00eb gisht n\u00eb at\u00eb q\u00eb e quajn\u00eb tentativ\u00eb p\u00ebr pu\u00e7. N\u00eb shkrim Balliu shkon edhe m\u00eb [&hellip;]<\/p>\n","protected":false},"author":1,"featured_media":0,"comment_status":"open","ping_status":"closed","sticky":false,"template":"","format":"standard","meta":{"footnotes":""},"categories":[2],"tags":[],"class_list":{"0":"post-5978","1":"post","2":"type-post","3":"status-publish","4":"format-standard","6":"category-artikuj"},"yoast_head":"<!-- This site is optimized with the Yoast SEO plugin v27.4 - https:\/\/yoast.com\/product\/yoast-seo-wordpress\/ -->\n<title>Mediat pran\u00eb qeveris\u00eb sulmojn\u00eb Topin p\u00ebr 21 janarin - FjALA e LIR\u00cb - Arkivi<\/title>\n<meta name=\"robots\" content=\"index, follow, max-snippet:-1, max-image-preview:large, max-video-preview:-1\" \/>\n<link rel=\"canonical\" href=\"https:\/\/fjala.info\/2009-2015\/mediat-prane-qeverise-sulmojne-topin-per-21-janarin\/\" \/>\n<meta property=\"og:locale\" content=\"sq_AL\" \/>\n<meta property=\"og:type\" content=\"article\" \/>\n<meta property=\"og:title\" content=\"Mediat pran\u00eb qeveris\u00eb sulmojn\u00eb Topin p\u00ebr 21 janarin - FjALA e LIR\u00cb - Arkivi\" \/>\n<meta property=\"og:description\" content=\"Kemi t\u00eb regjistruara telefonatat e tij Gazeta 55, e njohur si nj\u00eb e p\u00ebrditshme pran\u00eb qeveris\u00eb, n\u00eb nj\u00eb shkrim editorial t\u00eb botuesit t\u00eb saj Fahri Balliu, akuzon kryetarin e shtetit se s\u00eb bashku me Prokuroren e P\u00ebrgjithshme, Ina Rama, kan\u00eb gisht n\u00eb at\u00eb q\u00eb e quajn\u00eb tentativ\u00eb p\u00ebr pu\u00e7. N\u00eb shkrim Balliu shkon edhe m\u00eb [&hellip;]\" \/>\n<meta property=\"og:url\" content=\"https:\/\/fjala.info\/2009-2015\/mediat-prane-qeverise-sulmojne-topin-per-21-janarin\/\" \/>\n<meta property=\"og:site_name\" content=\"FjALA e LIR\u00cb - Arkivi\" \/>\n<meta property=\"article:published_time\" content=\"2011-01-28T06:31:27+00:00\" \/>\n<meta property=\"og:image\" content=\"http:\/\/fjala.shkoder.net\/wp-content\/uploads\/2011\/01\/topi_ina_rama.jpg\" \/>\n<meta name=\"author\" content=\"admin\" \/>\n<meta name=\"twitter:card\" content=\"summary_large_image\" \/>\n<meta name=\"twitter:label1\" content=\"Written by\" \/>\n\t<meta name=\"twitter:data1\" content=\"admin\" \/>\n\t<meta name=\"twitter:label2\" content=\"Est. reading time\" \/>\n\t<meta name=\"twitter:data2\" content=\"3 minutes\" \/>\n<script type=\"application\/ld+json\" class=\"yoast-schema-graph\">{\"@context\":\"https:\\\/\\\/schema.org\",\"@graph\":[{\"@type\":\"Article\",\"@id\":\"https:\\\/\\\/fjala.info\\\/2009-2015\\\/mediat-prane-qeverise-sulmojne-topin-per-21-janarin\\\/#article\",\"isPartOf\":{\"@id\":\"https:\\\/\\\/fjala.info\\\/2009-2015\\\/mediat-prane-qeverise-sulmojne-topin-per-21-janarin\\\/\"},\"author\":{\"name\":\"admin\",\"@id\":\"https:\\\/\\\/fjala.info\\\/2009-2015\\\/#\\\/schema\\\/person\\\/3aa1163ef05469c496fc94e77611ada2\"},\"headline\":\"Mediat pran\u00eb qeveris\u00eb sulmojn\u00eb Topin p\u00ebr 21 janarin\",\"datePublished\":\"2011-01-28T06:31:27+00:00\",\"mainEntityOfPage\":{\"@id\":\"https:\\\/\\\/fjala.info\\\/2009-2015\\\/mediat-prane-qeverise-sulmojne-topin-per-21-janarin\\\/\"},\"wordCount\":625,\"commentCount\":0,\"publisher\":{\"@id\":\"https:\\\/\\\/fjala.info\\\/2009-2015\\\/#organization\"},\"image\":{\"@id\":\"https:\\\/\\\/fjala.info\\\/2009-2015\\\/mediat-prane-qeverise-sulmojne-topin-per-21-janarin\\\/#primaryimage\"},\"thumbnailUrl\":\"http:\\\/\\\/fjala.shkoder.net\\\/wp-content\\\/uploads\\\/2011\\\/01\\\/topi_ina_rama.jpg\",\"articleSection\":[\"Artikuj\"],\"inLanguage\":\"sq-AL\",\"potentialAction\":[{\"@type\":\"CommentAction\",\"name\":\"Comment\",\"target\":[\"https:\\\/\\\/fjala.info\\\/2009-2015\\\/mediat-prane-qeverise-sulmojne-topin-per-21-janarin\\\/#respond\"]}]},{\"@type\":\"WebPage\",\"@id\":\"https:\\\/\\\/fjala.info\\\/2009-2015\\\/mediat-prane-qeverise-sulmojne-topin-per-21-janarin\\\/\",\"url\":\"https:\\\/\\\/fjala.info\\\/2009-2015\\\/mediat-prane-qeverise-sulmojne-topin-per-21-janarin\\\/\",\"name\":\"Mediat pran\u00eb qeveris\u00eb sulmojn\u00eb Topin p\u00ebr 21 janarin - FjALA e LIR\u00cb - Arkivi\",\"isPartOf\":{\"@id\":\"https:\\\/\\\/fjala.info\\\/2009-2015\\\/#website\"},\"primaryImageOfPage\":{\"@id\":\"https:\\\/\\\/fjala.info\\\/2009-2015\\\/mediat-prane-qeverise-sulmojne-topin-per-21-janarin\\\/#primaryimage\"},\"image\":{\"@id\":\"https:\\\/\\\/fjala.info\\\/2009-2015\\\/mediat-prane-qeverise-sulmojne-topin-per-21-janarin\\\/#primaryimage\"},\"thumbnailUrl\":\"http:\\\/\\\/fjala.shkoder.net\\\/wp-content\\\/uploads\\\/2011\\\/01\\\/topi_ina_rama.jpg\",\"datePublished\":\"2011-01-28T06:31:27+00:00\",\"breadcrumb\":{\"@id\":\"https:\\\/\\\/fjala.info\\\/2009-2015\\\/mediat-prane-qeverise-sulmojne-topin-per-21-janarin\\\/#breadcrumb\"},\"inLanguage\":\"sq-AL\",\"potentialAction\":[{\"@type\":\"ReadAction\",\"target\":[\"https:\\\/\\\/fjala.info\\\/2009-2015\\\/mediat-prane-qeverise-sulmojne-topin-per-21-janarin\\\/\"]}]},{\"@type\":\"ImageObject\",\"inLanguage\":\"sq-AL\",\"@id\":\"https:\\\/\\\/fjala.info\\\/2009-2015\\\/mediat-prane-qeverise-sulmojne-topin-per-21-janarin\\\/#primaryimage\",\"url\":\"http:\\\/\\\/fjala.shkoder.net\\\/wp-content\\\/uploads\\\/2011\\\/01\\\/topi_ina_rama.jpg\",\"contentUrl\":\"http:\\\/\\\/fjala.shkoder.net\\\/wp-content\\\/uploads\\\/2011\\\/01\\\/topi_ina_rama.jpg\"},{\"@type\":\"BreadcrumbList\",\"@id\":\"https:\\\/\\\/fjala.info\\\/2009-2015\\\/mediat-prane-qeverise-sulmojne-topin-per-21-janarin\\\/#breadcrumb\",\"itemListElement\":[{\"@type\":\"ListItem\",\"position\":1,\"name\":\"Home\",\"item\":\"https:\\\/\\\/fjala.info\\\/2009-2015\\\/\"},{\"@type\":\"ListItem\",\"position\":2,\"name\":\"Mediat pran\u00eb qeveris\u00eb sulmojn\u00eb Topin p\u00ebr 21 janarin\"}]},{\"@type\":\"WebSite\",\"@id\":\"https:\\\/\\\/fjala.info\\\/2009-2015\\\/#website\",\"url\":\"https:\\\/\\\/fjala.info\\\/2009-2015\\\/\",\"name\":\"FjALA e LIR\u00cb - Arkivi\",\"description\":\"Arkivi 2009-2015\",\"publisher\":{\"@id\":\"https:\\\/\\\/fjala.info\\\/2009-2015\\\/#organization\"},\"potentialAction\":[{\"@type\":\"SearchAction\",\"target\":{\"@type\":\"EntryPoint\",\"urlTemplate\":\"https:\\\/\\\/fjala.info\\\/2009-2015\\\/?s={search_term_string}\"},\"query-input\":{\"@type\":\"PropertyValueSpecification\",\"valueRequired\":true,\"valueName\":\"search_term_string\"}}],\"inLanguage\":\"sq-AL\"},{\"@type\":\"Organization\",\"@id\":\"https:\\\/\\\/fjala.info\\\/2009-2015\\\/#organization\",\"name\":\"FjALA e LIR\u00cb - Arkivi\",\"url\":\"https:\\\/\\\/fjala.info\\\/2009-2015\\\/\",\"logo\":{\"@type\":\"ImageObject\",\"inLanguage\":\"sq-AL\",\"@id\":\"https:\\\/\\\/fjala.info\\\/2009-2015\\\/#\\\/schema\\\/logo\\\/image\\\/\",\"url\":\"\",\"contentUrl\":\"\",\"caption\":\"FjALA e LIR\u00cb - Arkivi\"},\"image\":{\"@id\":\"https:\\\/\\\/fjala.info\\\/2009-2015\\\/#\\\/schema\\\/logo\\\/image\\\/\"}},{\"@type\":\"Person\",\"@id\":\"https:\\\/\\\/fjala.info\\\/2009-2015\\\/#\\\/schema\\\/person\\\/3aa1163ef05469c496fc94e77611ada2\",\"name\":\"admin\",\"image\":{\"@type\":\"ImageObject\",\"inLanguage\":\"sq-AL\",\"@id\":\"https:\\\/\\\/fjala.info\\\/2009-2015\\\/wp-content\\\/uploads\\\/2012\\\/02\\\/arben_cokaj-120x150.jpg\",\"url\":\"https:\\\/\\\/fjala.info\\\/2009-2015\\\/wp-content\\\/uploads\\\/2012\\\/02\\\/arben_cokaj-120x150.jpg\",\"contentUrl\":\"https:\\\/\\\/fjala.info\\\/2009-2015\\\/wp-content\\\/uploads\\\/2012\\\/02\\\/arben_cokaj-120x150.jpg\",\"caption\":\"admin\"},\"description\":\"Admin, Fjala e Lir\u00eb\",\"sameAs\":[\"https:\\\/\\\/fjala.info\\\/\"],\"url\":\"https:\\\/\\\/fjala.info\\\/2009-2015\\\/author\\\/admin\\\/\"}]}<\/script>\n<!-- \/ Yoast SEO plugin. -->","yoast_head_json":{"title":"Mediat pran\u00eb qeveris\u00eb sulmojn\u00eb Topin p\u00ebr 21 janarin - FjALA e LIR\u00cb - Arkivi","robots":{"index":"index","follow":"follow","max-snippet":"max-snippet:-1","max-image-preview":"max-image-preview:large","max-video-preview":"max-video-preview:-1"},"canonical":"https:\/\/fjala.info\/2009-2015\/mediat-prane-qeverise-sulmojne-topin-per-21-janarin\/","og_locale":"sq_AL","og_type":"article","og_title":"Mediat pran\u00eb qeveris\u00eb sulmojn\u00eb Topin p\u00ebr 21 janarin - FjALA e LIR\u00cb - Arkivi","og_description":"Kemi t\u00eb regjistruara telefonatat e tij Gazeta 55, e njohur si nj\u00eb e p\u00ebrditshme pran\u00eb qeveris\u00eb, n\u00eb nj\u00eb shkrim editorial t\u00eb botuesit t\u00eb saj Fahri Balliu, akuzon kryetarin e shtetit se s\u00eb bashku me Prokuroren e P\u00ebrgjithshme, Ina Rama, kan\u00eb gisht n\u00eb at\u00eb q\u00eb e quajn\u00eb tentativ\u00eb p\u00ebr pu\u00e7. N\u00eb shkrim Balliu shkon edhe m\u00eb [&hellip;]","og_url":"https:\/\/fjala.info\/2009-2015\/mediat-prane-qeverise-sulmojne-topin-per-21-janarin\/","og_site_name":"FjALA e LIR\u00cb - Arkivi","article_published_time":"2011-01-28T06:31:27+00:00","og_image":[{"url":"http:\/\/fjala.shkoder.net\/wp-content\/uploads\/2011\/01\/topi_ina_rama.jpg","type":"","width":"","height":""}],"author":"admin","twitter_card":"summary_large_image","twitter_misc":{"Written by":"admin","Est. reading time":"3 minutes"},"schema":{"@context":"https:\/\/schema.org","@graph":[{"@type":"Article","@id":"https:\/\/fjala.info\/2009-2015\/mediat-prane-qeverise-sulmojne-topin-per-21-janarin\/#article","isPartOf":{"@id":"https:\/\/fjala.info\/2009-2015\/mediat-prane-qeverise-sulmojne-topin-per-21-janarin\/"},"author":{"name":"admin","@id":"https:\/\/fjala.info\/2009-2015\/#\/schema\/person\/3aa1163ef05469c496fc94e77611ada2"},"headline":"Mediat pran\u00eb qeveris\u00eb sulmojn\u00eb Topin p\u00ebr 21 janarin","datePublished":"2011-01-28T06:31:27+00:00","mainEntityOfPage":{"@id":"https:\/\/fjala.info\/2009-2015\/mediat-prane-qeverise-sulmojne-topin-per-21-janarin\/"},"wordCount":625,"commentCount":0,"publisher":{"@id":"https:\/\/fjala.info\/2009-2015\/#organization"},"image":{"@id":"https:\/\/fjala.info\/2009-2015\/mediat-prane-qeverise-sulmojne-topin-per-21-janarin\/#primaryimage"},"thumbnailUrl":"http:\/\/fjala.shkoder.net\/wp-content\/uploads\/2011\/01\/topi_ina_rama.jpg","articleSection":["Artikuj"],"inLanguage":"sq-AL","potentialAction":[{"@type":"CommentAction","name":"Comment","target":["https:\/\/fjala.info\/2009-2015\/mediat-prane-qeverise-sulmojne-topin-per-21-janarin\/#respond"]}]},{"@type":"WebPage","@id":"https:\/\/fjala.info\/2009-2015\/mediat-prane-qeverise-sulmojne-topin-per-21-janarin\/","url":"https:\/\/fjala.info\/2009-2015\/mediat-prane-qeverise-sulmojne-topin-per-21-janarin\/","name":"Mediat pran\u00eb qeveris\u00eb sulmojn\u00eb Topin p\u00ebr 21 janarin - FjALA e LIR\u00cb - Arkivi","isPartOf":{"@id":"https:\/\/fjala.info\/2009-2015\/#website"},"primaryImageOfPage":{"@id":"https:\/\/fjala.info\/2009-2015\/mediat-prane-qeverise-sulmojne-topin-per-21-janarin\/#primaryimage"},"image":{"@id":"https:\/\/fjala.info\/2009-2015\/mediat-prane-qeverise-sulmojne-topin-per-21-janarin\/#primaryimage"},"thumbnailUrl":"http:\/\/fjala.shkoder.net\/wp-content\/uploads\/2011\/01\/topi_ina_rama.jpg","datePublished":"2011-01-28T06:31:27+00:00","breadcrumb":{"@id":"https:\/\/fjala.info\/2009-2015\/mediat-prane-qeverise-sulmojne-topin-per-21-janarin\/#breadcrumb"},"inLanguage":"sq-AL","potentialAction":[{"@type":"ReadAction","target":["https:\/\/fjala.info\/2009-2015\/mediat-prane-qeverise-sulmojne-topin-per-21-janarin\/"]}]},{"@type":"ImageObject","inLanguage":"sq-AL","@id":"https:\/\/fjala.info\/2009-2015\/mediat-prane-qeverise-sulmojne-topin-per-21-janarin\/#primaryimage","url":"http:\/\/fjala.shkoder.net\/wp-content\/uploads\/2011\/01\/topi_ina_rama.jpg","contentUrl":"http:\/\/fjala.shkoder.net\/wp-content\/uploads\/2011\/01\/topi_ina_rama.jpg"},{"@type":"BreadcrumbList","@id":"https:\/\/fjala.info\/2009-2015\/mediat-prane-qeverise-sulmojne-topin-per-21-janarin\/#breadcrumb","itemListElement":[{"@type":"ListItem","position":1,"name":"Home","item":"https:\/\/fjala.info\/2009-2015\/"},{"@type":"ListItem","position":2,"name":"Mediat pran\u00eb qeveris\u00eb sulmojn\u00eb Topin p\u00ebr 21 janarin"}]},{"@type":"WebSite","@id":"https:\/\/fjala.info\/2009-2015\/#website","url":"https:\/\/fjala.info\/2009-2015\/","name":"FjALA e LIR\u00cb - Arkivi","description":"Arkivi 2009-2015","publisher":{"@id":"https:\/\/fjala.info\/2009-2015\/#organization"},"potentialAction":[{"@type":"SearchAction","target":{"@type":"EntryPoint","urlTemplate":"https:\/\/fjala.info\/2009-2015\/?s={search_term_string}"},"query-input":{"@type":"PropertyValueSpecification","valueRequired":true,"valueName":"search_term_string"}}],"inLanguage":"sq-AL"},{"@type":"Organization","@id":"https:\/\/fjala.info\/2009-2015\/#organization","name":"FjALA e LIR\u00cb - Arkivi","url":"https:\/\/fjala.info\/2009-2015\/","logo":{"@type":"ImageObject","inLanguage":"sq-AL","@id":"https:\/\/fjala.info\/2009-2015\/#\/schema\/logo\/image\/","url":"","contentUrl":"","caption":"FjALA e LIR\u00cb - Arkivi"},"image":{"@id":"https:\/\/fjala.info\/2009-2015\/#\/schema\/logo\/image\/"}},{"@type":"Person","@id":"https:\/\/fjala.info\/2009-2015\/#\/schema\/person\/3aa1163ef05469c496fc94e77611ada2","name":"admin","image":{"@type":"ImageObject","inLanguage":"sq-AL","@id":"https:\/\/fjala.info\/2009-2015\/wp-content\/uploads\/2012\/02\/arben_cokaj-120x150.jpg","url":"https:\/\/fjala.info\/2009-2015\/wp-content\/uploads\/2012\/02\/arben_cokaj-120x150.jpg","contentUrl":"https:\/\/fjala.info\/2009-2015\/wp-content\/uploads\/2012\/02\/arben_cokaj-120x150.jpg","caption":"admin"},"description":"Admin, Fjala e Lir\u00eb","sameAs":["https:\/\/fjala.info\/"],"url":"https:\/\/fjala.info\/2009-2015\/author\/admin\/"}]}},"_links":{"self":[{"href":"https:\/\/fjala.info\/2009-2015\/wp-json\/wp\/v2\/posts\/5978","targetHints":{"allow":["GET"]}}],"collection":[{"href":"https:\/\/fjala.info\/2009-2015\/wp-json\/wp\/v2\/posts"}],"about":[{"href":"https:\/\/fjala.info\/2009-2015\/wp-json\/wp\/v2\/types\/post"}],"author":[{"embeddable":true,"href":"https:\/\/fjala.info\/2009-2015\/wp-json\/wp\/v2\/users\/1"}],"replies":[{"embeddable":true,"href":"https:\/\/fjala.info\/2009-2015\/wp-json\/wp\/v2\/comments?post=5978"}],"version-history":[{"count":0,"href":"https:\/\/fjala.info\/2009-2015\/wp-json\/wp\/v2\/posts\/5978\/revisions"}],"wp:attachment":[{"href":"https:\/\/fjala.info\/2009-2015\/wp-json\/wp\/v2\/media?parent=5978"}],"wp:term":[{"taxonomy":"category","embeddable":true,"href":"https:\/\/fjala.info\/2009-2015\/wp-json\/wp\/v2\/categories?post=5978"},{"taxonomy":"post_tag","embeddable":true,"href":"https:\/\/fjala.info\/2009-2015\/wp-json\/wp\/v2\/tags?post=5978"}],"curies":[{"name":"wp","href":"https:\/\/api.w.org\/{rel}","templated":true}]}}