{"id":5976,"date":"2011-01-28T09:29:47","date_gmt":"2011-01-28T08:29:47","guid":{"rendered":"http:\/\/fjala.shkoder.net\/?p=5976"},"modified":"2011-01-28T09:29:47","modified_gmt":"2011-01-28T08:29:47","slug":"presidenti-ne-shenjester","status":"publish","type":"post","link":"https:\/\/fjala.info\/2009-2015\/presidenti-ne-shenjester\/","title":{"rendered":"Presidenti n\u00eb sh\u00ebnjest\u00ebr"},"content":{"rendered":"<p><img loading=\"lazy\" decoding=\"async\" src=\"http:\/\/fjala.shkoder.net\/wp-content\/uploads\/2010\/10\/mero_baze1.jpg\" alt=\"\" title=\"Mero Baze\" width=\"149\" height=\"200\" class=\"alignright size-full wp-image-4090\" \/><br \/>\n<strong>Mero Baze<\/strong> <\/p>\n<p>Kryeministri n\u00eb detyr\u00eb Sali Berisha p\u00ebrs\u00ebriti dje sulmet e tij ndaj Prokurores s\u00eb P\u00ebrgjithshme, Ina Rama. K\u00ebt\u00eb radh\u00eb ishte dhe m\u00eb i kujdessh\u00ebm p\u00ebr t\u00eb hequr nga krahu i saj ambasadorin amerikan dhe p\u00ebr ta b\u00ebr\u00eb at\u00eb pjes\u00eb t\u00eb zyr\u00ebs dhe fjalorit t\u00eb tij. Retorika e tij kund\u00ebr kryeprokurores kishte t\u00eb b\u00ebnte me nj\u00eb banalitet tjet\u00ebr q\u00eb s\u2019ka p\u00ebrgjigje. Pak a shum\u00eb ai po pyet p\u00ebr dy dit\u00eb rresht kryeprokuroren se \u201ckush t\u00eb ka urdh\u00ebruar t\u00eb g\u00ebnjesh!?\u201d E pyet dhe nuk k\u00ebrkon p\u00ebrgjigje. E pyet dhe vazhdon t\u00eb shpjegoj\u00eb se kush e ka g\u00ebnjyer\u2026 Ashtu, me gjysm\u00eb z\u00ebri, me copa fletushkash t\u00eb tij dhe Komisionin Hetimor t\u00eb ngritur kund\u00ebr saj, \u00ebsht\u00eb duke e dh\u00ebn\u00eb vet\u00eb p\u00ebrgjigjen\u2026 T\u00eb ka urdh\u00ebruar Bamir Topi t\u00eb g\u00ebnjesh moj\u2026 pu\u00e7iste!<\/p>\n<p>Si p\u00ebr t\u00eb qen\u00eb n\u00eb nj\u00eb gjat\u00ebsi vale me kryeministrin, Komisioni Hetimor i PD-PSI ka k\u00ebrkuar t\u00eb th\u00ebrras\u00eb si d\u00ebshmitar t\u00eb par\u00eb t\u00eb hetimit Presidentin e Republik\u00ebs. Duan t\u00eb din\u00eb prej tij se \u00e7far\u00eb informacionesh ka pasur ai p\u00ebr grushtin e shtetit dhe \u201cp\u00ebrpjekjet e d\u00ebshtuara\u201d p\u00ebr t\u2019i marr\u00eb zyr\u00ebn Berish\u00ebs\u2026 N\u00ebse nuk ka, mjer\u00eb ai. Fatin e m\u00ebtejsh\u00ebm do ta vendos\u00eb Komisioni. M\u00eb tej akoma, nj\u00eb fletushk\u00eb sovjetike e Berish\u00ebs k\u00ebrc\u00ebnon Presidentin se ka bisedat e tij telefonike me Ina Ram\u00ebn nga ora 2.30 deri n\u00eb or\u00ebs 5 mbasdite. Nuk jam i sigurt n\u00ebse k\u00ebta dy zyrtar\u00eb t\u00eb lart\u00eb t\u00eb shtetit kan\u00eb folur apo jo n\u00eb telefon ndonj\u00ebher\u00eb n\u00eb at\u00eb or\u00eb, por e sigurt \u00ebsht\u00eb q\u00eb ndonj\u00eb nga k\u00ebto dit\u00eb Berisha do t\u00eb dal\u00eb para medieve dhe do lexoj\u00eb nj\u00eb sms q\u00eb sapo i ka ardhur p\u00ebr t\u00eb na treguar se \u00e7far\u00eb \u00ebsht\u00eb biseduar mes dy kryepu\u00e7ist\u00ebve.<\/p>\n<p>Po pse po afrohet sh\u00ebnjestra tek Presidenti dhe pse Berisha po p\u00ebrpiqet t\u00eb rris\u00eb retorik\u00ebn ndaj Ina Ram\u00ebs \u201csi bashk\u00ebpun\u00ebtore n\u00eb pu\u00e7\u201d?<\/p>\n<p>Tronditjen e par\u00eb Berisha e mori nga SHBA. Dalja publike e ambasadorit t\u00eb SHBA p\u00ebrkrah \u201ckryepu\u00e7istes\u201d e b\u00ebri qesharak Berish\u00ebn dhe e detyroi t\u00eb zbythet nga gjith\u00eb hak\u00ebrrimet e tij. P\u00ebr t\u00eb mos u turp\u00ebruar deri n\u00eb fund, dje u p\u00ebrpoq t\u00eb gjente nj\u00eb alibi dhe ajo kishte t\u00eb b\u00ebnte po me ambasadorin amerikan. Sipas tij, ishte Berisha ai q\u00eb i kishte rekomanduar ambasadorit amerikan k\u00ebrkes\u00ebn p\u00ebr ekspert\u00eb amerikan\u00eb dhe jo Ina Rama. Me k\u00ebt\u00eb do t\u00eb thot\u00eb q\u00eb SHBA mb\u00ebshtet Berish\u00ebn dhe jo Ina Ram\u00ebn. Edhe pse duket shum\u00eb qesharake, dhe paksa sfiduese p\u00ebr kryeministrin q\u00eb guxon t\u00eb keqp\u00ebrdor\u00eb dhe qeverin\u00eb amerikane n\u00eb k\u00ebt\u00eb rast, mbetet p\u00ebr tu admiruar guximi i tij p\u00ebr t\u00eb mos pasur turp. <\/p>\n<p>Ai nuk mund ta pranoj\u00eb dot q\u00eb \u201ckryepu\u00e7istja\u201d e tij t\u00eb ket\u00eb aleate SHBA-n\u00eb n\u00eb k\u00ebt\u00eb histori dhe po p\u00ebrpiqet t\u2019ia heq\u00eb at\u00eb nga krahu dhe ta fus\u00eb n\u00eb zyr\u00ebn e tij. N\u00eb t\u00eb v\u00ebrtet\u00eb situata \u00ebsht\u00eb m\u00eb e qet\u00eb dhe m\u00eb normale. Thjesht SHBA nuk e konsideron pu\u00e7iste Ina Ram\u00ebn, dhe nuk konsideron se ka ndodhur ndonj\u00eb pu\u00e7 n\u00eb Shqip\u00ebri dhe p\u00ebr k\u00ebt\u00eb arsye po bashk\u00ebpunon me t\u00eb gjitha pal\u00ebt. Por vet\u00ebm nj\u00ebra prej pal\u00ebve, pra vet\u00ebm Kryeministri, po guxon t\u2019i quaj\u00eb amerikan\u00ebt aleat\u00eb t\u00eb tij kund\u00ebr \u201cpu\u00e7ist\u00ebve\u201d.<\/p>\n<p>Por ndryshe nga \u00e7far\u00eb flet, ai e di t\u00eb v\u00ebrtet\u00ebn dhe po merr masa t\u00eb mos ngelet zbuluar. Duke qen\u00eb i qart\u00eb p\u00ebr mb\u00ebshtetjen amerikane p\u00ebr Prokurorin\u00eb, ai po zhvendos fokusin tek institucioni i Presidentit p\u00ebr ta futur dhe at\u00eb n\u00eb spiralen e sulmeve si \u201ckryepu\u00e7ist\u201d. <\/p>\n<p>Ai \u00ebsht\u00eb personi q\u00eb e tmerron m\u00eb shum\u00eb n\u00eb k\u00ebto momente pasi ka ndodhur e gjith\u00eb kjo dhe ai nuk ka asnj\u00eb implikim publik as n\u00eb favor t\u00eb \u201cpu\u00e7ist\u00ebve\u201d, as n\u00eb favor t\u00eb Berish\u00ebs. Po fokusohet tek Presidenti me shprese se SHBA dhe BE nuk do t\u00eb guxojn\u00eb pas k\u00ebsaj t\u00eb mb\u00ebshteten tek ai si institucion i paansh\u00ebm mbi pal\u00ebt. \u00cbsht\u00eb thjesht\u00eb duke u p\u00ebrpjekur t\u00eb eliminoj\u00eb \u00e7do faktor tjet\u00ebr politik n\u00eb k\u00ebt\u00eb vend, me t\u00eb cil\u00ebt Per\u00ebndimi duhet t\u00eb bisedoj\u00eb. K\u00ebrkon t\u00eb jet\u00eb vet\u00ebm ai dhe opozita p\u00ebrball\u00eb. <\/p>\n<p>Nuk do m\u00eb president, nuk do m\u00eb kryeprokuror, nuk do m\u00eb SHISH. Dhe po hak\u00ebrrehet kund\u00ebr tyre me nj\u00eb gjuh\u00eb q\u00eb jo m\u00eb larg se dje, vuri n\u00eb siklet grat\u00eb dhe f\u00ebmij\u00ebt e polic\u00ebve shqiptar\u00eb, para t\u00eb cilave fliste p\u00ebr \u201cgra kurva\u201d, p\u00ebr gra t\u00eb zhveshura, p\u00ebr terrorist\u00eb, p\u00ebr vras\u00ebs, p\u00ebr kriminel\u00eb dhe mendonte se i qet\u00ebsonte duke u th\u00ebn\u00eb se prind\u00ebrit dhe burrat e atyre q\u00eb po e d\u00ebgjonin t\u00eb tmerruar n\u00eb at\u00eb sall\u00eb, po ja mbronin pushtetin atij burri prej asaj s\u00ebre. <\/p>\n<p>E gjith\u00eb kjo histeri pa fund e Sali Berish\u00ebs mos prisni t\u00eb marr fund. Ai nuk qet\u00ebsohet m\u00eb. At\u00eb nuk e qet\u00ebson m\u00eb as qet\u00ebsia dhe as revoltat e opozit\u00ebs, as mb\u00ebshtetja nd\u00ebrkomb\u00ebtare dhe as shumica e heshtur e shqiptar\u00ebve q\u00eb e urrejn\u00eb. Ai e di \u00e7ka b\u00ebr\u00eb dhe e di \u00e7far\u00eb rrezikon. Ndaj k\u00ebrkon me \u00e7do kusht t\u00eb krijoj Tok\u00ebn e Djegur t\u00eb Institucioneve, q\u00eb askush t\u00eb mos jet\u00eb i gatsh\u00ebm t\u00eb zgjidh kriz\u00ebn q\u00eb po prodhon ai. <\/p>\n<p>Dhe pavar\u00ebsisht se shan e mallkon Ina Ram\u00ebn, pavar\u00ebsisht se do dhe urren ambasadorin ende t\u00eb hutuar t\u00eb SHBA n\u00eb Tiran\u00eb, ai n\u00eb t\u00eb v\u00ebrtet\u00eb ka vet\u00ebm nj\u00eb em\u00ebr n\u00eb mendje q\u00eb ja prish gjumin dhe q\u00eb i ka plasur buz\u00ebn. Ai \u00ebsht\u00eb Presidenti i Republik\u00ebs, i cili po shp\u00ebton pa u b\u00ebr\u00eb pis nga ky pu\u00e7. Ndaj mos u \u00e7udisni kur ul\u00ebret aq shum\u00eb kund\u00ebr Ina Ram\u00ebs. E b\u00ebn t\u00eb d\u00ebgjoj\u00eb dhe trembet Presidenti, pasi nuk e kupton dot se ai \u00ebsht\u00eb ai president dhe nuk e keqp\u00ebrdor pushtetin p\u00ebr t\u00eb v\u00ebn\u00eb n\u00ebn urdhra Kryeprokuroren. At\u00eb q\u00eb b\u00ebn vet\u00eb, ai nuk e kupton dot si nuk mund t\u00eb mos e b\u00ebjn\u00eb t\u00eb tjer\u00ebt kund\u00ebr tij.<\/p>\n","protected":false},"excerpt":{"rendered":"<p>Mero Baze Kryeministri n\u00eb detyr\u00eb Sali Berisha p\u00ebrs\u00ebriti dje sulmet e tij ndaj Prokurores s\u00eb P\u00ebrgjithshme, Ina Rama. K\u00ebt\u00eb radh\u00eb ishte dhe m\u00eb i kujdessh\u00ebm p\u00ebr t\u00eb hequr nga krahu i saj ambasadorin amerikan dhe p\u00ebr ta b\u00ebr\u00eb at\u00eb pjes\u00eb t\u00eb zyr\u00ebs dhe fjalorit t\u00eb tij. Retorika e tij kund\u00ebr kryeprokurores kishte t\u00eb b\u00ebnte me [&hellip;]<\/p>\n","protected":false},"author":1,"featured_media":0,"comment_status":"open","ping_status":"closed","sticky":false,"template":"","format":"standard","meta":{"footnotes":""},"categories":[2],"tags":[],"class_list":{"0":"post-5976","1":"post","2":"type-post","3":"status-publish","4":"format-standard","6":"category-artikuj"},"yoast_head":"<!-- This site is optimized with the Yoast SEO plugin v27.4 - https:\/\/yoast.com\/product\/yoast-seo-wordpress\/ -->\n<title>Presidenti n\u00eb sh\u00ebnjest\u00ebr - FjALA e LIR\u00cb - Arkivi<\/title>\n<meta name=\"robots\" content=\"index, follow, max-snippet:-1, max-image-preview:large, max-video-preview:-1\" \/>\n<link rel=\"canonical\" href=\"https:\/\/fjala.info\/2009-2015\/presidenti-ne-shenjester\/\" \/>\n<meta property=\"og:locale\" content=\"sq_AL\" \/>\n<meta property=\"og:type\" content=\"article\" \/>\n<meta property=\"og:title\" content=\"Presidenti n\u00eb sh\u00ebnjest\u00ebr - FjALA e LIR\u00cb - Arkivi\" \/>\n<meta property=\"og:description\" content=\"Mero Baze Kryeministri n\u00eb detyr\u00eb Sali Berisha p\u00ebrs\u00ebriti dje sulmet e tij ndaj Prokurores s\u00eb P\u00ebrgjithshme, Ina Rama. K\u00ebt\u00eb radh\u00eb ishte dhe m\u00eb i kujdessh\u00ebm p\u00ebr t\u00eb hequr nga krahu i saj ambasadorin amerikan dhe p\u00ebr ta b\u00ebr\u00eb at\u00eb pjes\u00eb t\u00eb zyr\u00ebs dhe fjalorit t\u00eb tij. Retorika e tij kund\u00ebr kryeprokurores kishte t\u00eb b\u00ebnte me [&hellip;]\" \/>\n<meta property=\"og:url\" content=\"https:\/\/fjala.info\/2009-2015\/presidenti-ne-shenjester\/\" \/>\n<meta property=\"og:site_name\" content=\"FjALA e LIR\u00cb - Arkivi\" \/>\n<meta property=\"article:published_time\" content=\"2011-01-28T08:29:47+00:00\" \/>\n<meta property=\"og:image\" content=\"http:\/\/fjala.shkoder.net\/wp-content\/uploads\/2010\/10\/mero_baze1.jpg\" \/>\n<meta name=\"author\" content=\"admin\" \/>\n<meta name=\"twitter:card\" content=\"summary_large_image\" \/>\n<meta name=\"twitter:label1\" content=\"Written by\" \/>\n\t<meta name=\"twitter:data1\" content=\"admin\" \/>\n\t<meta name=\"twitter:label2\" content=\"Est. reading time\" \/>\n\t<meta name=\"twitter:data2\" content=\"5 minutes\" \/>\n<script type=\"application\/ld+json\" class=\"yoast-schema-graph\">{\"@context\":\"https:\\\/\\\/schema.org\",\"@graph\":[{\"@type\":\"Article\",\"@id\":\"https:\\\/\\\/fjala.info\\\/2009-2015\\\/presidenti-ne-shenjester\\\/#article\",\"isPartOf\":{\"@id\":\"https:\\\/\\\/fjala.info\\\/2009-2015\\\/presidenti-ne-shenjester\\\/\"},\"author\":{\"name\":\"admin\",\"@id\":\"https:\\\/\\\/fjala.info\\\/2009-2015\\\/#\\\/schema\\\/person\\\/3aa1163ef05469c496fc94e77611ada2\"},\"headline\":\"Presidenti n\u00eb sh\u00ebnjest\u00ebr\",\"datePublished\":\"2011-01-28T08:29:47+00:00\",\"mainEntityOfPage\":{\"@id\":\"https:\\\/\\\/fjala.info\\\/2009-2015\\\/presidenti-ne-shenjester\\\/\"},\"wordCount\":1101,\"commentCount\":0,\"publisher\":{\"@id\":\"https:\\\/\\\/fjala.info\\\/2009-2015\\\/#organization\"},\"image\":{\"@id\":\"https:\\\/\\\/fjala.info\\\/2009-2015\\\/presidenti-ne-shenjester\\\/#primaryimage\"},\"thumbnailUrl\":\"http:\\\/\\\/fjala.shkoder.net\\\/wp-content\\\/uploads\\\/2010\\\/10\\\/mero_baze1.jpg\",\"articleSection\":[\"Artikuj\"],\"inLanguage\":\"sq-AL\",\"potentialAction\":[{\"@type\":\"CommentAction\",\"name\":\"Comment\",\"target\":[\"https:\\\/\\\/fjala.info\\\/2009-2015\\\/presidenti-ne-shenjester\\\/#respond\"]}]},{\"@type\":\"WebPage\",\"@id\":\"https:\\\/\\\/fjala.info\\\/2009-2015\\\/presidenti-ne-shenjester\\\/\",\"url\":\"https:\\\/\\\/fjala.info\\\/2009-2015\\\/presidenti-ne-shenjester\\\/\",\"name\":\"Presidenti n\u00eb sh\u00ebnjest\u00ebr - FjALA e LIR\u00cb - Arkivi\",\"isPartOf\":{\"@id\":\"https:\\\/\\\/fjala.info\\\/2009-2015\\\/#website\"},\"primaryImageOfPage\":{\"@id\":\"https:\\\/\\\/fjala.info\\\/2009-2015\\\/presidenti-ne-shenjester\\\/#primaryimage\"},\"image\":{\"@id\":\"https:\\\/\\\/fjala.info\\\/2009-2015\\\/presidenti-ne-shenjester\\\/#primaryimage\"},\"thumbnailUrl\":\"http:\\\/\\\/fjala.shkoder.net\\\/wp-content\\\/uploads\\\/2010\\\/10\\\/mero_baze1.jpg\",\"datePublished\":\"2011-01-28T08:29:47+00:00\",\"breadcrumb\":{\"@id\":\"https:\\\/\\\/fjala.info\\\/2009-2015\\\/presidenti-ne-shenjester\\\/#breadcrumb\"},\"inLanguage\":\"sq-AL\",\"potentialAction\":[{\"@type\":\"ReadAction\",\"target\":[\"https:\\\/\\\/fjala.info\\\/2009-2015\\\/presidenti-ne-shenjester\\\/\"]}]},{\"@type\":\"ImageObject\",\"inLanguage\":\"sq-AL\",\"@id\":\"https:\\\/\\\/fjala.info\\\/2009-2015\\\/presidenti-ne-shenjester\\\/#primaryimage\",\"url\":\"http:\\\/\\\/fjala.shkoder.net\\\/wp-content\\\/uploads\\\/2010\\\/10\\\/mero_baze1.jpg\",\"contentUrl\":\"http:\\\/\\\/fjala.shkoder.net\\\/wp-content\\\/uploads\\\/2010\\\/10\\\/mero_baze1.jpg\"},{\"@type\":\"BreadcrumbList\",\"@id\":\"https:\\\/\\\/fjala.info\\\/2009-2015\\\/presidenti-ne-shenjester\\\/#breadcrumb\",\"itemListElement\":[{\"@type\":\"ListItem\",\"position\":1,\"name\":\"Home\",\"item\":\"https:\\\/\\\/fjala.info\\\/2009-2015\\\/\"},{\"@type\":\"ListItem\",\"position\":2,\"name\":\"Presidenti n\u00eb sh\u00ebnjest\u00ebr\"}]},{\"@type\":\"WebSite\",\"@id\":\"https:\\\/\\\/fjala.info\\\/2009-2015\\\/#website\",\"url\":\"https:\\\/\\\/fjala.info\\\/2009-2015\\\/\",\"name\":\"FjALA e LIR\u00cb - Arkivi\",\"description\":\"Arkivi 2009-2015\",\"publisher\":{\"@id\":\"https:\\\/\\\/fjala.info\\\/2009-2015\\\/#organization\"},\"potentialAction\":[{\"@type\":\"SearchAction\",\"target\":{\"@type\":\"EntryPoint\",\"urlTemplate\":\"https:\\\/\\\/fjala.info\\\/2009-2015\\\/?s={search_term_string}\"},\"query-input\":{\"@type\":\"PropertyValueSpecification\",\"valueRequired\":true,\"valueName\":\"search_term_string\"}}],\"inLanguage\":\"sq-AL\"},{\"@type\":\"Organization\",\"@id\":\"https:\\\/\\\/fjala.info\\\/2009-2015\\\/#organization\",\"name\":\"FjALA e LIR\u00cb - Arkivi\",\"url\":\"https:\\\/\\\/fjala.info\\\/2009-2015\\\/\",\"logo\":{\"@type\":\"ImageObject\",\"inLanguage\":\"sq-AL\",\"@id\":\"https:\\\/\\\/fjala.info\\\/2009-2015\\\/#\\\/schema\\\/logo\\\/image\\\/\",\"url\":\"\",\"contentUrl\":\"\",\"caption\":\"FjALA e LIR\u00cb - Arkivi\"},\"image\":{\"@id\":\"https:\\\/\\\/fjala.info\\\/2009-2015\\\/#\\\/schema\\\/logo\\\/image\\\/\"}},{\"@type\":\"Person\",\"@id\":\"https:\\\/\\\/fjala.info\\\/2009-2015\\\/#\\\/schema\\\/person\\\/3aa1163ef05469c496fc94e77611ada2\",\"name\":\"admin\",\"image\":{\"@type\":\"ImageObject\",\"inLanguage\":\"sq-AL\",\"@id\":\"https:\\\/\\\/fjala.info\\\/2009-2015\\\/wp-content\\\/uploads\\\/2012\\\/02\\\/arben_cokaj-120x150.jpg\",\"url\":\"https:\\\/\\\/fjala.info\\\/2009-2015\\\/wp-content\\\/uploads\\\/2012\\\/02\\\/arben_cokaj-120x150.jpg\",\"contentUrl\":\"https:\\\/\\\/fjala.info\\\/2009-2015\\\/wp-content\\\/uploads\\\/2012\\\/02\\\/arben_cokaj-120x150.jpg\",\"caption\":\"admin\"},\"description\":\"Admin, Fjala e Lir\u00eb\",\"sameAs\":[\"https:\\\/\\\/fjala.info\\\/\"],\"url\":\"https:\\\/\\\/fjala.info\\\/2009-2015\\\/author\\\/admin\\\/\"}]}<\/script>\n<!-- \/ Yoast SEO plugin. -->","yoast_head_json":{"title":"Presidenti n\u00eb sh\u00ebnjest\u00ebr - FjALA e LIR\u00cb - Arkivi","robots":{"index":"index","follow":"follow","max-snippet":"max-snippet:-1","max-image-preview":"max-image-preview:large","max-video-preview":"max-video-preview:-1"},"canonical":"https:\/\/fjala.info\/2009-2015\/presidenti-ne-shenjester\/","og_locale":"sq_AL","og_type":"article","og_title":"Presidenti n\u00eb sh\u00ebnjest\u00ebr - FjALA e LIR\u00cb - Arkivi","og_description":"Mero Baze Kryeministri n\u00eb detyr\u00eb Sali Berisha p\u00ebrs\u00ebriti dje sulmet e tij ndaj Prokurores s\u00eb P\u00ebrgjithshme, Ina Rama. K\u00ebt\u00eb radh\u00eb ishte dhe m\u00eb i kujdessh\u00ebm p\u00ebr t\u00eb hequr nga krahu i saj ambasadorin amerikan dhe p\u00ebr ta b\u00ebr\u00eb at\u00eb pjes\u00eb t\u00eb zyr\u00ebs dhe fjalorit t\u00eb tij. Retorika e tij kund\u00ebr kryeprokurores kishte t\u00eb b\u00ebnte me [&hellip;]","og_url":"https:\/\/fjala.info\/2009-2015\/presidenti-ne-shenjester\/","og_site_name":"FjALA e LIR\u00cb - Arkivi","article_published_time":"2011-01-28T08:29:47+00:00","og_image":[{"url":"http:\/\/fjala.shkoder.net\/wp-content\/uploads\/2010\/10\/mero_baze1.jpg","type":"","width":"","height":""}],"author":"admin","twitter_card":"summary_large_image","twitter_misc":{"Written by":"admin","Est. reading time":"5 minutes"},"schema":{"@context":"https:\/\/schema.org","@graph":[{"@type":"Article","@id":"https:\/\/fjala.info\/2009-2015\/presidenti-ne-shenjester\/#article","isPartOf":{"@id":"https:\/\/fjala.info\/2009-2015\/presidenti-ne-shenjester\/"},"author":{"name":"admin","@id":"https:\/\/fjala.info\/2009-2015\/#\/schema\/person\/3aa1163ef05469c496fc94e77611ada2"},"headline":"Presidenti n\u00eb sh\u00ebnjest\u00ebr","datePublished":"2011-01-28T08:29:47+00:00","mainEntityOfPage":{"@id":"https:\/\/fjala.info\/2009-2015\/presidenti-ne-shenjester\/"},"wordCount":1101,"commentCount":0,"publisher":{"@id":"https:\/\/fjala.info\/2009-2015\/#organization"},"image":{"@id":"https:\/\/fjala.info\/2009-2015\/presidenti-ne-shenjester\/#primaryimage"},"thumbnailUrl":"http:\/\/fjala.shkoder.net\/wp-content\/uploads\/2010\/10\/mero_baze1.jpg","articleSection":["Artikuj"],"inLanguage":"sq-AL","potentialAction":[{"@type":"CommentAction","name":"Comment","target":["https:\/\/fjala.info\/2009-2015\/presidenti-ne-shenjester\/#respond"]}]},{"@type":"WebPage","@id":"https:\/\/fjala.info\/2009-2015\/presidenti-ne-shenjester\/","url":"https:\/\/fjala.info\/2009-2015\/presidenti-ne-shenjester\/","name":"Presidenti n\u00eb sh\u00ebnjest\u00ebr - FjALA e LIR\u00cb - Arkivi","isPartOf":{"@id":"https:\/\/fjala.info\/2009-2015\/#website"},"primaryImageOfPage":{"@id":"https:\/\/fjala.info\/2009-2015\/presidenti-ne-shenjester\/#primaryimage"},"image":{"@id":"https:\/\/fjala.info\/2009-2015\/presidenti-ne-shenjester\/#primaryimage"},"thumbnailUrl":"http:\/\/fjala.shkoder.net\/wp-content\/uploads\/2010\/10\/mero_baze1.jpg","datePublished":"2011-01-28T08:29:47+00:00","breadcrumb":{"@id":"https:\/\/fjala.info\/2009-2015\/presidenti-ne-shenjester\/#breadcrumb"},"inLanguage":"sq-AL","potentialAction":[{"@type":"ReadAction","target":["https:\/\/fjala.info\/2009-2015\/presidenti-ne-shenjester\/"]}]},{"@type":"ImageObject","inLanguage":"sq-AL","@id":"https:\/\/fjala.info\/2009-2015\/presidenti-ne-shenjester\/#primaryimage","url":"http:\/\/fjala.shkoder.net\/wp-content\/uploads\/2010\/10\/mero_baze1.jpg","contentUrl":"http:\/\/fjala.shkoder.net\/wp-content\/uploads\/2010\/10\/mero_baze1.jpg"},{"@type":"BreadcrumbList","@id":"https:\/\/fjala.info\/2009-2015\/presidenti-ne-shenjester\/#breadcrumb","itemListElement":[{"@type":"ListItem","position":1,"name":"Home","item":"https:\/\/fjala.info\/2009-2015\/"},{"@type":"ListItem","position":2,"name":"Presidenti n\u00eb sh\u00ebnjest\u00ebr"}]},{"@type":"WebSite","@id":"https:\/\/fjala.info\/2009-2015\/#website","url":"https:\/\/fjala.info\/2009-2015\/","name":"FjALA e LIR\u00cb - Arkivi","description":"Arkivi 2009-2015","publisher":{"@id":"https:\/\/fjala.info\/2009-2015\/#organization"},"potentialAction":[{"@type":"SearchAction","target":{"@type":"EntryPoint","urlTemplate":"https:\/\/fjala.info\/2009-2015\/?s={search_term_string}"},"query-input":{"@type":"PropertyValueSpecification","valueRequired":true,"valueName":"search_term_string"}}],"inLanguage":"sq-AL"},{"@type":"Organization","@id":"https:\/\/fjala.info\/2009-2015\/#organization","name":"FjALA e LIR\u00cb - Arkivi","url":"https:\/\/fjala.info\/2009-2015\/","logo":{"@type":"ImageObject","inLanguage":"sq-AL","@id":"https:\/\/fjala.info\/2009-2015\/#\/schema\/logo\/image\/","url":"","contentUrl":"","caption":"FjALA e LIR\u00cb - Arkivi"},"image":{"@id":"https:\/\/fjala.info\/2009-2015\/#\/schema\/logo\/image\/"}},{"@type":"Person","@id":"https:\/\/fjala.info\/2009-2015\/#\/schema\/person\/3aa1163ef05469c496fc94e77611ada2","name":"admin","image":{"@type":"ImageObject","inLanguage":"sq-AL","@id":"https:\/\/fjala.info\/2009-2015\/wp-content\/uploads\/2012\/02\/arben_cokaj-120x150.jpg","url":"https:\/\/fjala.info\/2009-2015\/wp-content\/uploads\/2012\/02\/arben_cokaj-120x150.jpg","contentUrl":"https:\/\/fjala.info\/2009-2015\/wp-content\/uploads\/2012\/02\/arben_cokaj-120x150.jpg","caption":"admin"},"description":"Admin, Fjala e Lir\u00eb","sameAs":["https:\/\/fjala.info\/"],"url":"https:\/\/fjala.info\/2009-2015\/author\/admin\/"}]}},"_links":{"self":[{"href":"https:\/\/fjala.info\/2009-2015\/wp-json\/wp\/v2\/posts\/5976","targetHints":{"allow":["GET"]}}],"collection":[{"href":"https:\/\/fjala.info\/2009-2015\/wp-json\/wp\/v2\/posts"}],"about":[{"href":"https:\/\/fjala.info\/2009-2015\/wp-json\/wp\/v2\/types\/post"}],"author":[{"embeddable":true,"href":"https:\/\/fjala.info\/2009-2015\/wp-json\/wp\/v2\/users\/1"}],"replies":[{"embeddable":true,"href":"https:\/\/fjala.info\/2009-2015\/wp-json\/wp\/v2\/comments?post=5976"}],"version-history":[{"count":0,"href":"https:\/\/fjala.info\/2009-2015\/wp-json\/wp\/v2\/posts\/5976\/revisions"}],"wp:attachment":[{"href":"https:\/\/fjala.info\/2009-2015\/wp-json\/wp\/v2\/media?parent=5976"}],"wp:term":[{"taxonomy":"category","embeddable":true,"href":"https:\/\/fjala.info\/2009-2015\/wp-json\/wp\/v2\/categories?post=5976"},{"taxonomy":"post_tag","embeddable":true,"href":"https:\/\/fjala.info\/2009-2015\/wp-json\/wp\/v2\/tags?post=5976"}],"curies":[{"name":"wp","href":"https:\/\/api.w.org\/{rel}","templated":true}]}}