{"id":5973,"date":"2011-01-27T23:02:19","date_gmt":"2011-01-27T22:02:19","guid":{"rendered":"http:\/\/fjala.shkoder.net\/?p=5973"},"modified":"2011-01-27T23:02:19","modified_gmt":"2011-01-27T22:02:19","slug":"te-arrestuarit-u-bene-korridor-na-peshtynin-dhe-na-qellonin","status":"publish","type":"post","link":"https:\/\/fjala.info\/2009-2015\/te-arrestuarit-u-bene-korridor-na-peshtynin-dhe-na-qellonin\/","title":{"rendered":"T\u00eb arrestuarit: &#8220;U b\u00ebn\u00eb korridor, na p\u00ebshtynin dhe na q\u00ebllonin"},"content":{"rendered":"<p><img loading=\"lazy\" decoding=\"async\" class=\"alignright size-medium wp-image-5974\" title=\"police_brutality\" src=\"http:\/\/fjala.shkoder.net\/wp-content\/uploads\/2011\/01\/police_brutality-300x220.jpg\" alt=\"\" width=\"300\" height=\"220\" \/><\/p>\n<p>Nga <strong>Korresp. 24-ore.com<\/strong><\/p>\n<p>Polic\u00ebt krijuan nj\u00eb &#8220;korridor&#8221; rreth 15-20 metra t\u00eb gjat\u00eb t\u00eb vendosur n\u00eb dy rreshta paralel\u00eb dhe na futnin n\u00eb mes duke na q\u00eblluar dhe p\u00ebshtyr\u00eb secili prej tyre me rradh\u00eb, nga i pari tek i fundit..&#8221;.<br \/>\nVazhdojn\u00eb t\u00eb vijn\u00eb d\u00ebshmi t\u00eb terrorit t\u00eb ushtruar nga policia e shtetit ndaj qytetar\u00ebve t\u00eb protest\u00ebs antiqeveritare t\u00eb 21 janarit. D\u00ebshmia e m\u00ebsip\u00ebrme \u00ebsht\u00eb dh\u00ebn\u00eb nga nj\u00eb prej t\u00eb ndaluarve me grupin e 113 t\u00eb arrestuarve t\u00eb par\u00eb, t\u00eb cil\u00ebt jan\u00eb liruar m\u00eb pas nga Gjykata p\u00ebr munges\u00eb provash, Olsi Peshtanaku.<\/p>\n<p>Rreth 50 prej tyre kan\u00eb dor\u00ebzuar padit\u00eb ndaj policis\u00eb nd\u00ebrkoh\u00eb q\u00eb p\u00ebrgjegj\u00ebsit e k\u00ebsaj dhune q\u00eb t\u00eb kujton sjelljen e paramilitar\u00ebve t\u00eb Arkanit ndaj kosovar\u00ebve, nuk do kalojn\u00eb n\u00eb heshtje, pas qet\u00ebsimit t\u00eb situat\u00ebs. Olsi ka d\u00ebshmuar se i jan\u00eb grabitur nga polic\u00ebt edhe rreth 10 mij\u00eb lek\u00eb t\u00eb reja q\u00eb ka patur me vete.<\/p>\n<p>Ai nuk \u00ebsht\u00eb i vetmi. Dhjet\u00ebra t\u00eb ndaluar t\u00eb tjer\u00eb kan\u00eb d\u00ebshmuar se jan\u00eb rrahur eg\u00ebrsisht, jan\u00eb fyer n\u00eb m\u00ebnyr\u00eb brutale nga polic\u00ebt e shtetit q\u00eb paguhen me taksat e shqiptar\u00ebve, u jan\u00eb vjedhur m\u00eb pas sende personale p\u00ebrfshi syze dhe celular\u00eb. Kur kan\u00eb shkuar ti k\u00ebrkojn\u00eb, polic\u00ebt u kan\u00eb th\u00ebn\u00eb &#8220;shkoni k\u00ebrkojini n\u00eb protest\u00eb&#8221;.<\/p>\n<p>Prind\u00ebrit e Markelian Saliko nga P\u00ebrmeti i kan\u00eb th\u00ebn\u00eb dje Shekullit se k\u00ebrkonin prej kat\u00ebr dit\u00ebsh djalin e tyre t\u00eb marr\u00eb nga policia n\u00eb protest\u00eb dhe e kan\u00eb gjetur vet\u00ebm dje t\u00eb flakur &#8220;n\u00eb nj\u00eb burg te Mine Peza&#8221; nd\u00ebrkoh\u00eb q\u00eb zyrtar\u00ebt e policis\u00eb i kan\u00eb p\u00ebrcjell\u00eb dhe g\u00ebnjyer duke i &#8220;sh\u00ebtitur&#8221; nga komisariati n\u00eb komisariat, si\u00e7 kan\u00eb b\u00ebr\u00eb me shum\u00eb t\u00eb af\u00ebrm t\u00eb t\u00eb ndaluarve t\u00eb tjer\u00eb.<br \/>\nAvokati i Popullit, n\u00eb raportin kritikues ndaj Ministris\u00eb s\u00eb Brendshme dhe institucioneve n\u00eb vart\u00ebsi t\u00eb saj policis\u00eb, ka theksuar m\u00eb n\u00eb fund hapur se veprimet e policis\u00eb dit\u00ebn e demonstrat\u00ebs ndaj protestuesve kan\u00eb qen\u00eb t\u00eb paligjshme.<\/p>\n<p>P\u00ebrve\u00e7 k\u00ebsaj, sipas raportit t\u00eb avokatit t\u00eb Popullit q\u00eb tashm\u00eb \u00ebsht\u00eb administruar n\u00eb dosjen hetimore nga prokuroria, komisionar\u00ebt i kan\u00eb cil\u00ebsuar veprimet e policis\u00eb duke q\u00eblluar me gur\u00eb ndaj demonstruesve si veprime primitive dhe jo ligjore.<\/p>\n<p>&#8220;N\u00eb asnj\u00eb shtet t\u00eb bot\u00ebs dhe n\u00eb asnj\u00eb rregullore, apo ligj n\u00eb fuqi n\u00eb Shqip\u00ebri, nuk \u00ebsht\u00eb e lejuar q\u00eb policia t&#8217;i kund\u00ebr p\u00ebrgjigjet demonstruesve me gur\u00eb si\u00e7 b\u00ebn\u00eb forcat e nd\u00ebrhyrjes s\u00eb shpejt dit\u00ebn e demonstrat\u00ebs. Ata duhet t\u00eb p\u00ebrdornin n\u00eb rastet e vet\u00ebmbrojtjes, si\u00e7 p\u00ebrdoren shkopinjt\u00eb e gom\u00ebs, gazin lotsjell\u00ebs apo edhe sende t\u00eb tjera t\u00eb parashikuar n\u00eb ligj dhe rregullore, por, asnj\u00ebher\u00eb me gur&#8221;,-thuhet nga burimet e prokuroris\u00eb, duke iu referuar raportit t\u00eb Avokatit t\u00eb Popullit.<\/p>\n","protected":false},"excerpt":{"rendered":"<p>Nga Korresp. 24-ore.com Polic\u00ebt krijuan nj\u00eb &#8220;korridor&#8221; rreth 15-20 metra t\u00eb gjat\u00eb t\u00eb vendosur n\u00eb dy rreshta paralel\u00eb dhe na futnin n\u00eb mes duke na q\u00eblluar dhe p\u00ebshtyr\u00eb secili prej tyre me rradh\u00eb, nga i pari tek i fundit..&#8221;. Vazhdojn\u00eb t\u00eb vijn\u00eb d\u00ebshmi t\u00eb terrorit t\u00eb ushtruar nga policia e shtetit ndaj qytetar\u00ebve t\u00eb protest\u00ebs [&hellip;]<\/p>\n","protected":false},"author":1,"featured_media":0,"comment_status":"open","ping_status":"closed","sticky":false,"template":"","format":"standard","meta":{"footnotes":""},"categories":[2],"tags":[],"class_list":{"0":"post-5973","1":"post","2":"type-post","3":"status-publish","4":"format-standard","6":"category-artikuj"},"yoast_head":"<!-- This site is optimized with the Yoast SEO plugin v27.4 - https:\/\/yoast.com\/product\/yoast-seo-wordpress\/ -->\n<title>T\u00eb arrestuarit: &quot;U b\u00ebn\u00eb korridor, na p\u00ebshtynin dhe na q\u00ebllonin - FjALA e LIR\u00cb - Arkivi<\/title>\n<meta name=\"robots\" content=\"index, follow, max-snippet:-1, max-image-preview:large, max-video-preview:-1\" \/>\n<link rel=\"canonical\" href=\"https:\/\/fjala.info\/2009-2015\/te-arrestuarit-u-bene-korridor-na-peshtynin-dhe-na-qellonin\/\" \/>\n<meta property=\"og:locale\" content=\"sq_AL\" \/>\n<meta property=\"og:type\" content=\"article\" \/>\n<meta property=\"og:title\" content=\"T\u00eb arrestuarit: &quot;U b\u00ebn\u00eb korridor, na p\u00ebshtynin dhe na q\u00ebllonin - FjALA e LIR\u00cb - Arkivi\" \/>\n<meta property=\"og:description\" content=\"Nga Korresp. 24-ore.com Polic\u00ebt krijuan nj\u00eb &#8220;korridor&#8221; rreth 15-20 metra t\u00eb gjat\u00eb t\u00eb vendosur n\u00eb dy rreshta paralel\u00eb dhe na futnin n\u00eb mes duke na q\u00eblluar dhe p\u00ebshtyr\u00eb secili prej tyre me rradh\u00eb, nga i pari tek i fundit..&#8221;. Vazhdojn\u00eb t\u00eb vijn\u00eb d\u00ebshmi t\u00eb terrorit t\u00eb ushtruar nga policia e shtetit ndaj qytetar\u00ebve t\u00eb protest\u00ebs [&hellip;]\" \/>\n<meta property=\"og:url\" content=\"https:\/\/fjala.info\/2009-2015\/te-arrestuarit-u-bene-korridor-na-peshtynin-dhe-na-qellonin\/\" \/>\n<meta property=\"og:site_name\" content=\"FjALA e LIR\u00cb - Arkivi\" \/>\n<meta property=\"article:published_time\" content=\"2011-01-27T22:02:19+00:00\" \/>\n<meta property=\"og:image\" content=\"http:\/\/fjala.shkoder.net\/wp-content\/uploads\/2011\/01\/police_brutality-300x220.jpg\" \/>\n<meta name=\"author\" content=\"admin\" \/>\n<meta name=\"twitter:card\" content=\"summary_large_image\" \/>\n<meta name=\"twitter:label1\" content=\"Written by\" \/>\n\t<meta name=\"twitter:data1\" content=\"admin\" \/>\n\t<meta name=\"twitter:label2\" content=\"Est. reading time\" \/>\n\t<meta name=\"twitter:data2\" content=\"2 minutes\" \/>\n<script type=\"application\/ld+json\" class=\"yoast-schema-graph\">{\"@context\":\"https:\\\/\\\/schema.org\",\"@graph\":[{\"@type\":\"Article\",\"@id\":\"https:\\\/\\\/fjala.info\\\/2009-2015\\\/te-arrestuarit-u-bene-korridor-na-peshtynin-dhe-na-qellonin\\\/#article\",\"isPartOf\":{\"@id\":\"https:\\\/\\\/fjala.info\\\/2009-2015\\\/te-arrestuarit-u-bene-korridor-na-peshtynin-dhe-na-qellonin\\\/\"},\"author\":{\"name\":\"admin\",\"@id\":\"https:\\\/\\\/fjala.info\\\/2009-2015\\\/#\\\/schema\\\/person\\\/3aa1163ef05469c496fc94e77611ada2\"},\"headline\":\"T\u00eb arrestuarit: &#8220;U b\u00ebn\u00eb korridor, na p\u00ebshtynin dhe na q\u00ebllonin\",\"datePublished\":\"2011-01-27T22:02:19+00:00\",\"mainEntityOfPage\":{\"@id\":\"https:\\\/\\\/fjala.info\\\/2009-2015\\\/te-arrestuarit-u-bene-korridor-na-peshtynin-dhe-na-qellonin\\\/\"},\"wordCount\":501,\"commentCount\":0,\"publisher\":{\"@id\":\"https:\\\/\\\/fjala.info\\\/2009-2015\\\/#organization\"},\"image\":{\"@id\":\"https:\\\/\\\/fjala.info\\\/2009-2015\\\/te-arrestuarit-u-bene-korridor-na-peshtynin-dhe-na-qellonin\\\/#primaryimage\"},\"thumbnailUrl\":\"http:\\\/\\\/fjala.shkoder.net\\\/wp-content\\\/uploads\\\/2011\\\/01\\\/police_brutality-300x220.jpg\",\"articleSection\":[\"Artikuj\"],\"inLanguage\":\"sq-AL\",\"potentialAction\":[{\"@type\":\"CommentAction\",\"name\":\"Comment\",\"target\":[\"https:\\\/\\\/fjala.info\\\/2009-2015\\\/te-arrestuarit-u-bene-korridor-na-peshtynin-dhe-na-qellonin\\\/#respond\"]}]},{\"@type\":\"WebPage\",\"@id\":\"https:\\\/\\\/fjala.info\\\/2009-2015\\\/te-arrestuarit-u-bene-korridor-na-peshtynin-dhe-na-qellonin\\\/\",\"url\":\"https:\\\/\\\/fjala.info\\\/2009-2015\\\/te-arrestuarit-u-bene-korridor-na-peshtynin-dhe-na-qellonin\\\/\",\"name\":\"T\u00eb arrestuarit: \\\"U b\u00ebn\u00eb korridor, na p\u00ebshtynin dhe na q\u00ebllonin - FjALA e LIR\u00cb - Arkivi\",\"isPartOf\":{\"@id\":\"https:\\\/\\\/fjala.info\\\/2009-2015\\\/#website\"},\"primaryImageOfPage\":{\"@id\":\"https:\\\/\\\/fjala.info\\\/2009-2015\\\/te-arrestuarit-u-bene-korridor-na-peshtynin-dhe-na-qellonin\\\/#primaryimage\"},\"image\":{\"@id\":\"https:\\\/\\\/fjala.info\\\/2009-2015\\\/te-arrestuarit-u-bene-korridor-na-peshtynin-dhe-na-qellonin\\\/#primaryimage\"},\"thumbnailUrl\":\"http:\\\/\\\/fjala.shkoder.net\\\/wp-content\\\/uploads\\\/2011\\\/01\\\/police_brutality-300x220.jpg\",\"datePublished\":\"2011-01-27T22:02:19+00:00\",\"breadcrumb\":{\"@id\":\"https:\\\/\\\/fjala.info\\\/2009-2015\\\/te-arrestuarit-u-bene-korridor-na-peshtynin-dhe-na-qellonin\\\/#breadcrumb\"},\"inLanguage\":\"sq-AL\",\"potentialAction\":[{\"@type\":\"ReadAction\",\"target\":[\"https:\\\/\\\/fjala.info\\\/2009-2015\\\/te-arrestuarit-u-bene-korridor-na-peshtynin-dhe-na-qellonin\\\/\"]}]},{\"@type\":\"ImageObject\",\"inLanguage\":\"sq-AL\",\"@id\":\"https:\\\/\\\/fjala.info\\\/2009-2015\\\/te-arrestuarit-u-bene-korridor-na-peshtynin-dhe-na-qellonin\\\/#primaryimage\",\"url\":\"http:\\\/\\\/fjala.shkoder.net\\\/wp-content\\\/uploads\\\/2011\\\/01\\\/police_brutality-300x220.jpg\",\"contentUrl\":\"http:\\\/\\\/fjala.shkoder.net\\\/wp-content\\\/uploads\\\/2011\\\/01\\\/police_brutality-300x220.jpg\"},{\"@type\":\"BreadcrumbList\",\"@id\":\"https:\\\/\\\/fjala.info\\\/2009-2015\\\/te-arrestuarit-u-bene-korridor-na-peshtynin-dhe-na-qellonin\\\/#breadcrumb\",\"itemListElement\":[{\"@type\":\"ListItem\",\"position\":1,\"name\":\"Home\",\"item\":\"https:\\\/\\\/fjala.info\\\/2009-2015\\\/\"},{\"@type\":\"ListItem\",\"position\":2,\"name\":\"T\u00eb arrestuarit: &#8220;U b\u00ebn\u00eb korridor, na p\u00ebshtynin dhe na q\u00ebllonin\"}]},{\"@type\":\"WebSite\",\"@id\":\"https:\\\/\\\/fjala.info\\\/2009-2015\\\/#website\",\"url\":\"https:\\\/\\\/fjala.info\\\/2009-2015\\\/\",\"name\":\"FjALA e LIR\u00cb - Arkivi\",\"description\":\"Arkivi 2009-2015\",\"publisher\":{\"@id\":\"https:\\\/\\\/fjala.info\\\/2009-2015\\\/#organization\"},\"potentialAction\":[{\"@type\":\"SearchAction\",\"target\":{\"@type\":\"EntryPoint\",\"urlTemplate\":\"https:\\\/\\\/fjala.info\\\/2009-2015\\\/?s={search_term_string}\"},\"query-input\":{\"@type\":\"PropertyValueSpecification\",\"valueRequired\":true,\"valueName\":\"search_term_string\"}}],\"inLanguage\":\"sq-AL\"},{\"@type\":\"Organization\",\"@id\":\"https:\\\/\\\/fjala.info\\\/2009-2015\\\/#organization\",\"name\":\"FjALA e LIR\u00cb - Arkivi\",\"url\":\"https:\\\/\\\/fjala.info\\\/2009-2015\\\/\",\"logo\":{\"@type\":\"ImageObject\",\"inLanguage\":\"sq-AL\",\"@id\":\"https:\\\/\\\/fjala.info\\\/2009-2015\\\/#\\\/schema\\\/logo\\\/image\\\/\",\"url\":\"\",\"contentUrl\":\"\",\"caption\":\"FjALA e LIR\u00cb - Arkivi\"},\"image\":{\"@id\":\"https:\\\/\\\/fjala.info\\\/2009-2015\\\/#\\\/schema\\\/logo\\\/image\\\/\"}},{\"@type\":\"Person\",\"@id\":\"https:\\\/\\\/fjala.info\\\/2009-2015\\\/#\\\/schema\\\/person\\\/3aa1163ef05469c496fc94e77611ada2\",\"name\":\"admin\",\"image\":{\"@type\":\"ImageObject\",\"inLanguage\":\"sq-AL\",\"@id\":\"https:\\\/\\\/fjala.info\\\/2009-2015\\\/wp-content\\\/uploads\\\/2012\\\/02\\\/arben_cokaj-120x150.jpg\",\"url\":\"https:\\\/\\\/fjala.info\\\/2009-2015\\\/wp-content\\\/uploads\\\/2012\\\/02\\\/arben_cokaj-120x150.jpg\",\"contentUrl\":\"https:\\\/\\\/fjala.info\\\/2009-2015\\\/wp-content\\\/uploads\\\/2012\\\/02\\\/arben_cokaj-120x150.jpg\",\"caption\":\"admin\"},\"description\":\"Admin, Fjala e Lir\u00eb\",\"sameAs\":[\"https:\\\/\\\/fjala.info\\\/\"],\"url\":\"https:\\\/\\\/fjala.info\\\/2009-2015\\\/author\\\/admin\\\/\"}]}<\/script>\n<!-- \/ Yoast SEO plugin. -->","yoast_head_json":{"title":"T\u00eb arrestuarit: \"U b\u00ebn\u00eb korridor, na p\u00ebshtynin dhe na q\u00ebllonin - FjALA e LIR\u00cb - Arkivi","robots":{"index":"index","follow":"follow","max-snippet":"max-snippet:-1","max-image-preview":"max-image-preview:large","max-video-preview":"max-video-preview:-1"},"canonical":"https:\/\/fjala.info\/2009-2015\/te-arrestuarit-u-bene-korridor-na-peshtynin-dhe-na-qellonin\/","og_locale":"sq_AL","og_type":"article","og_title":"T\u00eb arrestuarit: \"U b\u00ebn\u00eb korridor, na p\u00ebshtynin dhe na q\u00ebllonin - FjALA e LIR\u00cb - Arkivi","og_description":"Nga Korresp. 24-ore.com Polic\u00ebt krijuan nj\u00eb &#8220;korridor&#8221; rreth 15-20 metra t\u00eb gjat\u00eb t\u00eb vendosur n\u00eb dy rreshta paralel\u00eb dhe na futnin n\u00eb mes duke na q\u00eblluar dhe p\u00ebshtyr\u00eb secili prej tyre me rradh\u00eb, nga i pari tek i fundit..&#8221;. Vazhdojn\u00eb t\u00eb vijn\u00eb d\u00ebshmi t\u00eb terrorit t\u00eb ushtruar nga policia e shtetit ndaj qytetar\u00ebve t\u00eb protest\u00ebs [&hellip;]","og_url":"https:\/\/fjala.info\/2009-2015\/te-arrestuarit-u-bene-korridor-na-peshtynin-dhe-na-qellonin\/","og_site_name":"FjALA e LIR\u00cb - Arkivi","article_published_time":"2011-01-27T22:02:19+00:00","og_image":[{"url":"http:\/\/fjala.shkoder.net\/wp-content\/uploads\/2011\/01\/police_brutality-300x220.jpg","type":"","width":"","height":""}],"author":"admin","twitter_card":"summary_large_image","twitter_misc":{"Written by":"admin","Est. reading time":"2 minutes"},"schema":{"@context":"https:\/\/schema.org","@graph":[{"@type":"Article","@id":"https:\/\/fjala.info\/2009-2015\/te-arrestuarit-u-bene-korridor-na-peshtynin-dhe-na-qellonin\/#article","isPartOf":{"@id":"https:\/\/fjala.info\/2009-2015\/te-arrestuarit-u-bene-korridor-na-peshtynin-dhe-na-qellonin\/"},"author":{"name":"admin","@id":"https:\/\/fjala.info\/2009-2015\/#\/schema\/person\/3aa1163ef05469c496fc94e77611ada2"},"headline":"T\u00eb arrestuarit: &#8220;U b\u00ebn\u00eb korridor, na p\u00ebshtynin dhe na q\u00ebllonin","datePublished":"2011-01-27T22:02:19+00:00","mainEntityOfPage":{"@id":"https:\/\/fjala.info\/2009-2015\/te-arrestuarit-u-bene-korridor-na-peshtynin-dhe-na-qellonin\/"},"wordCount":501,"commentCount":0,"publisher":{"@id":"https:\/\/fjala.info\/2009-2015\/#organization"},"image":{"@id":"https:\/\/fjala.info\/2009-2015\/te-arrestuarit-u-bene-korridor-na-peshtynin-dhe-na-qellonin\/#primaryimage"},"thumbnailUrl":"http:\/\/fjala.shkoder.net\/wp-content\/uploads\/2011\/01\/police_brutality-300x220.jpg","articleSection":["Artikuj"],"inLanguage":"sq-AL","potentialAction":[{"@type":"CommentAction","name":"Comment","target":["https:\/\/fjala.info\/2009-2015\/te-arrestuarit-u-bene-korridor-na-peshtynin-dhe-na-qellonin\/#respond"]}]},{"@type":"WebPage","@id":"https:\/\/fjala.info\/2009-2015\/te-arrestuarit-u-bene-korridor-na-peshtynin-dhe-na-qellonin\/","url":"https:\/\/fjala.info\/2009-2015\/te-arrestuarit-u-bene-korridor-na-peshtynin-dhe-na-qellonin\/","name":"T\u00eb arrestuarit: \"U b\u00ebn\u00eb korridor, na p\u00ebshtynin dhe na q\u00ebllonin - FjALA e LIR\u00cb - Arkivi","isPartOf":{"@id":"https:\/\/fjala.info\/2009-2015\/#website"},"primaryImageOfPage":{"@id":"https:\/\/fjala.info\/2009-2015\/te-arrestuarit-u-bene-korridor-na-peshtynin-dhe-na-qellonin\/#primaryimage"},"image":{"@id":"https:\/\/fjala.info\/2009-2015\/te-arrestuarit-u-bene-korridor-na-peshtynin-dhe-na-qellonin\/#primaryimage"},"thumbnailUrl":"http:\/\/fjala.shkoder.net\/wp-content\/uploads\/2011\/01\/police_brutality-300x220.jpg","datePublished":"2011-01-27T22:02:19+00:00","breadcrumb":{"@id":"https:\/\/fjala.info\/2009-2015\/te-arrestuarit-u-bene-korridor-na-peshtynin-dhe-na-qellonin\/#breadcrumb"},"inLanguage":"sq-AL","potentialAction":[{"@type":"ReadAction","target":["https:\/\/fjala.info\/2009-2015\/te-arrestuarit-u-bene-korridor-na-peshtynin-dhe-na-qellonin\/"]}]},{"@type":"ImageObject","inLanguage":"sq-AL","@id":"https:\/\/fjala.info\/2009-2015\/te-arrestuarit-u-bene-korridor-na-peshtynin-dhe-na-qellonin\/#primaryimage","url":"http:\/\/fjala.shkoder.net\/wp-content\/uploads\/2011\/01\/police_brutality-300x220.jpg","contentUrl":"http:\/\/fjala.shkoder.net\/wp-content\/uploads\/2011\/01\/police_brutality-300x220.jpg"},{"@type":"BreadcrumbList","@id":"https:\/\/fjala.info\/2009-2015\/te-arrestuarit-u-bene-korridor-na-peshtynin-dhe-na-qellonin\/#breadcrumb","itemListElement":[{"@type":"ListItem","position":1,"name":"Home","item":"https:\/\/fjala.info\/2009-2015\/"},{"@type":"ListItem","position":2,"name":"T\u00eb arrestuarit: &#8220;U b\u00ebn\u00eb korridor, na p\u00ebshtynin dhe na q\u00ebllonin"}]},{"@type":"WebSite","@id":"https:\/\/fjala.info\/2009-2015\/#website","url":"https:\/\/fjala.info\/2009-2015\/","name":"FjALA e LIR\u00cb - Arkivi","description":"Arkivi 2009-2015","publisher":{"@id":"https:\/\/fjala.info\/2009-2015\/#organization"},"potentialAction":[{"@type":"SearchAction","target":{"@type":"EntryPoint","urlTemplate":"https:\/\/fjala.info\/2009-2015\/?s={search_term_string}"},"query-input":{"@type":"PropertyValueSpecification","valueRequired":true,"valueName":"search_term_string"}}],"inLanguage":"sq-AL"},{"@type":"Organization","@id":"https:\/\/fjala.info\/2009-2015\/#organization","name":"FjALA e LIR\u00cb - Arkivi","url":"https:\/\/fjala.info\/2009-2015\/","logo":{"@type":"ImageObject","inLanguage":"sq-AL","@id":"https:\/\/fjala.info\/2009-2015\/#\/schema\/logo\/image\/","url":"","contentUrl":"","caption":"FjALA e LIR\u00cb - Arkivi"},"image":{"@id":"https:\/\/fjala.info\/2009-2015\/#\/schema\/logo\/image\/"}},{"@type":"Person","@id":"https:\/\/fjala.info\/2009-2015\/#\/schema\/person\/3aa1163ef05469c496fc94e77611ada2","name":"admin","image":{"@type":"ImageObject","inLanguage":"sq-AL","@id":"https:\/\/fjala.info\/2009-2015\/wp-content\/uploads\/2012\/02\/arben_cokaj-120x150.jpg","url":"https:\/\/fjala.info\/2009-2015\/wp-content\/uploads\/2012\/02\/arben_cokaj-120x150.jpg","contentUrl":"https:\/\/fjala.info\/2009-2015\/wp-content\/uploads\/2012\/02\/arben_cokaj-120x150.jpg","caption":"admin"},"description":"Admin, Fjala e Lir\u00eb","sameAs":["https:\/\/fjala.info\/"],"url":"https:\/\/fjala.info\/2009-2015\/author\/admin\/"}]}},"_links":{"self":[{"href":"https:\/\/fjala.info\/2009-2015\/wp-json\/wp\/v2\/posts\/5973","targetHints":{"allow":["GET"]}}],"collection":[{"href":"https:\/\/fjala.info\/2009-2015\/wp-json\/wp\/v2\/posts"}],"about":[{"href":"https:\/\/fjala.info\/2009-2015\/wp-json\/wp\/v2\/types\/post"}],"author":[{"embeddable":true,"href":"https:\/\/fjala.info\/2009-2015\/wp-json\/wp\/v2\/users\/1"}],"replies":[{"embeddable":true,"href":"https:\/\/fjala.info\/2009-2015\/wp-json\/wp\/v2\/comments?post=5973"}],"version-history":[{"count":0,"href":"https:\/\/fjala.info\/2009-2015\/wp-json\/wp\/v2\/posts\/5973\/revisions"}],"wp:attachment":[{"href":"https:\/\/fjala.info\/2009-2015\/wp-json\/wp\/v2\/media?parent=5973"}],"wp:term":[{"taxonomy":"category","embeddable":true,"href":"https:\/\/fjala.info\/2009-2015\/wp-json\/wp\/v2\/categories?post=5973"},{"taxonomy":"post_tag","embeddable":true,"href":"https:\/\/fjala.info\/2009-2015\/wp-json\/wp\/v2\/tags?post=5973"}],"curies":[{"name":"wp","href":"https:\/\/api.w.org\/{rel}","templated":true}]}}