{"id":5970,"date":"2011-01-27T22:42:06","date_gmt":"2011-01-27T21:42:06","guid":{"rendered":"http:\/\/fjala.shkoder.net\/?p=5970"},"modified":"2011-01-27T22:42:06","modified_gmt":"2011-01-27T21:42:06","slug":"maunokratet-e-partitizmit-shqiptar","status":"publish","type":"post","link":"https:\/\/fjala.info\/2009-2015\/maunokratet-e-partitizmit-shqiptar\/","title":{"rendered":"\u201cMaunokrat\u00ebt\u201d e partitizmit shqiptar"},"content":{"rendered":"<p><img loading=\"lazy\" decoding=\"async\" class=\"alignright size-full wp-image-4274\" title=\"Kim Mehmeti\" src=\"http:\/\/fjala.shkoder.net\/wp-content\/uploads\/2010\/10\/kim_mehmeti.jpg\" alt=\"\" width=\"180\" height=\"226\" \/><br \/>\n<strong>Kim Mehmeti<\/strong><\/p>\n<p>M\u00eb shum\u00eb se kat\u00ebr dekada me radh\u00eb, Enveri shqiptar\u00ebve ua vrau Zotin duke dashur q\u00eb vetveten ta shpallte Per\u00ebndi t\u00eb vetmen t\u00eb tyre. N\u00eb em\u00ebr t\u00eb k\u00ebsaj ideje monstruoze, ai i vrau dhe i asgj\u00ebsoi t\u00eb gjith\u00eb ata q\u00eb e kuptuan se \u201creligjioni\u201d ideologjik i Enverit, shqiptarit ia shkat\u00ebrronte vlerat m\u00eb t\u00eb r\u00ebnd\u00ebsishme morale q\u00eb e kishin mbajtur me shekuj, e mbi t\u00eb gjitha familjen. Pra, ai i burgosi e i vrau t\u00eb gjith\u00eb ata q\u00eb me koh\u00eb e kuptuan se enverizmi e donte vet\u00ebm njeriun e gjunj\u00ebzuar, individin e zhveshur nga vetvetja dhe t\u00eb b\u00ebr\u00eb pron\u00eb t\u00eb religjionit t\u00eb quajtur \u201ckomuniz\u00ebm\u201d, q\u00eb e donte vet\u00ebm shqiptarin e gjunj\u00ebzuar p\u00ebrpara \u201cper\u00ebndis\u00eb\u201d s\u00eb quajtur Enver.<\/p>\n<p>Dy dekada me radh\u00eb,\u201cmaunokrat\u00ebt\u201d shqiptar\u00eb n\u00eb Tiran\u00eb (dhe jo vet\u00ebm atje), duke \u00ebnd\u00ebrruar t\u00eb nj\u00ebjt\u00ebn q\u00eb tentonte ta realizoj\u00eb Enveri \u2013 pra duke dashur t\u00eb b\u00ebhen \u201cbaballar\u00eb\u201d t\u00eb kombit \u2013 nuk b\u00ebn\u00eb asgj\u00eb m\u00eb shum\u00eb p\u00ebrpos cop\u00ebtimin e \u201cenverizmit\u201d n\u00eb m\u00eb shum\u00eb pjes\u00eb t\u00eb quajtura parti. Dhe k\u00ebtij \u201cenverizmi\u201d t\u00eb shp\u00ebrndar\u00eb n\u00eb m\u00eb shum\u00eb \u201cparti t\u00eb pun\u00ebs\u201d, i nevojitej nj\u00eb \u201ctempull\u201d i ri ku do e \u00e7onin popullin t\u00eb gjunj\u00ebzohej. K\u00ebshtu q\u00eb, n\u00ebse Enveri luftonte t\u00eb b\u00ebhet per\u00ebndi e vetme e shqiptar\u00ebve duke i joshur ata me tempullin ideologjik, \u201cdemokrat\u00ebt\u201d e dy dekadave t\u00eb fundit, zbuluan \u201ctempullin\u201d m\u00eb josh\u00ebs ku do gjunj\u00ebzohej populli i varf\u00ebruar shqiptar &#8211; lekun. Dhe b\u00ebn\u00eb \u00e7mos q\u00eb ky tempull t\u00eb ishte sa m\u00eb vezullues dhe \u00e7donj\u00ebra prej tyre ta kishte n\u00eb boll\u00ebk, p\u00ebr ta ndjell\u00eb popullin e partis\u00eb s\u00eb vet.<\/p>\n<p>Me \u00e7ka edhe nuk kishte si mos b\u00ebheshin at\u00eb q\u00eb jan\u00eb sot \u2013 nj\u00ebsoj t\u00eb shkath\u00ebta n\u00eb pla\u00e7kitjen e vendit dhe popullit t\u00eb vet. K\u00ebshtu ia dol\u00ebn q\u00eb librez\u00ebn partiake ta barazojn\u00eb me at\u00eb t\u00eb kursimeve bankare, ia dol\u00ebn ta bindin popullin se partia, e jo vlerat njer\u00ebzore, \u00ebsht\u00eb ajo q\u00eb t\u2019i mund\u00ebson t\u00eb gjitha. K\u00ebshtu pra, n\u00ebse Enveri shqiptar\u00ebve ua vrau Per\u00ebndin\u00eb, \u201cmaunokrat\u00ebt\u201d e dy dekadave t\u00eb fundit, shqiptar\u00ebve ua vran\u00eb Njeriun. Apo e bind\u00ebn nj\u00eb pjes\u00eb t\u00eb madhe t\u00eb popullit se njeriu nuk \u00ebsht\u00eb i p\u00ebrb\u00ebr\u00eb nga vlerat dhe dhuntit\u00eb individuale q\u00eb posedon, por nga pesha q\u00eb ka n\u00eb partin\u00eb e tij.<\/p>\n<p>Dy dekada me radh\u00eb, n\u00eb Shqip\u00ebri zhvillohet vet\u00ebm nj\u00eb betej\u00eb \u2013 kush do jet\u00eb pronar i lekut dhe kush do ket\u00eb t\u00eb drejt\u00eb at\u00eb t\u2019ua shp\u00ebrndaj\u00eb \u201cbesimtar\u00ebve\u201d t\u00eb partis\u00eb s\u00eb vet. K\u00ebshtu q\u00eb, shoq\u00ebria shqiptare nuk mund t\u2019i shp\u00ebtonte \u201cprivatizimit\u201d t\u00eb popullit q\u00eb e b\u00ebn\u00eb partit\u00eb, ajo nuk mund t\u00eb mos eg\u00ebrsohej, ngaq\u00eb \u00e7donj\u00ebri donte ta sheh sa m\u00eb t\u00eb fort\u00eb e sa m\u00eb t\u00eb begat\u00eb thesarin e \u201ckish\u00ebs\u201d s\u00eb vet partiak, duke mos mbajtur llogari se k\u00ebshtu d\u00ebmtohej, varf\u00ebrohej dhe rr\u00ebnohej tempulli i shenjt\u00eb i quajtur m\u00ebm\u00ebdhe. Andaj, mbase gabojn\u00eb ata q\u00eb thon\u00eb se vet\u00ebm politika n\u00eb Shqip\u00ebri \u00ebsht\u00eb grindavece dhe e eg\u00ebr.<\/p>\n<p>N\u00eb Shqip\u00ebri jan\u00eb eg\u00ebrsuar thuajse t\u00eb gjitha sferat e shoq\u00ebris\u00eb. N\u00eb Tiran\u00eb jan\u00eb kok\u00ebngr\u00ebn\u00ebse edhe disa media, n\u00eb Shqip\u00ebria jan\u00eb kufom\u00ebngr\u00ebn\u00ebs edhe shum\u00eb analist\u00eb q\u00eb i shohim \u00e7do nat\u00eb n\u00ebp\u00ebr disa debate televizive, n\u00eb m\u00ebm\u00ebdheun ton\u00eb, edhe shum\u00eb t\u00eb pun\u00ebsuar n\u00ebp\u00ebr institucionet arsimore, sh\u00ebndet\u00ebsore&#8230;, religjion dhe per\u00ebndi t\u00eb vetmen kan\u00eb lekun. N\u00eb Shqip\u00ebri \u00ebsht\u00eb eg\u00ebrsuar edhe arti, sepse shumica e krijuesve shqiptar nuk i p\u00ebrkulen tempullit artistik, por vet\u00ebm atij t\u00eb lekut. Me \u00e7ka edhe u b\u00ebn\u00eb sh\u00ebrb\u00ebtor\u00eb partish, me \u00e7ka me asgj\u00eb nuk ndryshojn\u00eb nga ata t\u00eb dikurshmit q\u00eb i p\u00ebrkuleshin Enverit.<\/p>\n<p>Nuk ka dyshim se shum\u00eb\u00e7ka njeriu e b\u00ebn p\u00ebr shkak t\u00eb t\u00eb mirave materiale. S\u2019ka dyshim se paraja \u00ebsht\u00eb nj\u00eb nd\u00ebr faktor\u00ebt q\u00eb p\u00ebrcaktojn\u00eb sa nj\u00eb njeri vlen n\u00eb profesionin e vet. Nj\u00ebsoj si\u00e7 nuk ka dyshim se n\u00eb shtetet ku politika \u00ebsht\u00eb biznesi m\u00eb fitimprur\u00ebs, partit\u00eb politike shnd\u00ebrrohen n\u00eb \u201ckompani\u201d fitimprur\u00ebse me kryepronar\u00ebt dhe aksioner\u00ebt q\u00eb e ndajn\u00eb mes tyre fitimin. Dhe n\u00eb ato shtete, vet\u00ebm naiv\u00ebt mund t\u00eb flasin p\u00ebr ligjshm\u00ebri, p\u00ebr demokraci, p\u00ebr \u201copozit\u00eb\u201d dhe \u201cpozit\u00eb\u201d.<\/p>\n<p>N\u00eb ato shtete, shum\u00eb\u00e7ka duhet nisur nga e para. Posa\u00e7\u00ebrisht pasi t\u00eb jet\u00eb kaluar periudha e \u201cdemokratur\u00ebs\u201d, gjat\u00eb s\u00eb cil\u00ebs, politikan\u00ebt jan\u00eb b\u00ebr\u00eb kapitalist\u00ebt m\u00eb t\u00eb fort\u00eb t\u00eb vendit dhe politika u sh\u00ebrben vet\u00ebm si jorgan p\u00ebr ta mbuluar k\u00ebt\u00eb pasuri t\u00eb tyre. Andaj, mbase ka ardhur koha kur Shqip\u00ebria duhet t\u2019i largoj\u00eb nga skena politike \u201ckapitalisto-politikan\u00ebt\u201d q\u00eb i prodhoi gjat\u00eb dy dekadave t\u00eb kaluara dhe ata t\u2019i z\u00ebvend\u00ebsoj\u00eb me politikan\u00eb t\u00eb mir\u00ebfillt\u00eb, me t\u00eb atill\u00eb q\u00eb posedojn\u00eb aq vlera materiale e njer\u00ebzore, sa mos mund t\u2019i n\u00ebnshtrohen vet\u00ebm \u201cper\u00ebndis\u00eb\u201d s\u00eb quajtur lek.<\/p>\n<p>Pra t\u2019i z\u00ebvend\u00ebsoj me t\u00eb atill\u00eb, t\u00eb cil\u00ebt n\u00eb mos m\u00eb shum\u00eb, e din\u00eb se aty ku rr\u00ebnohen t\u00eb gjitha vlerat njer\u00ebzore, edhe pasuria materiale e humb kuptimin saj, ajo b\u00ebhet e kund\u00ebrta e vetvetes \u2013 e vret njeriun, e b\u00ebn individin t\u00eb ket\u00eb at\u00eb \u00e7mim q\u00eb ia cakton \u201ckisha\u201d partiake, apo njeriun e barazon me \u00e7do mall q\u00eb shitet e blihet, me \u00e7do mall tjet\u00ebr harxhues. Shqip\u00ebris\u00eb i nevojiten politikan\u00eb q\u00eb e kan\u00eb kuptuar se kapitalizmi \u00ebsht\u00eb shoq\u00ebri harxhuese, por q\u00eb kujdeset p\u00ebr substanc\u00ebs njeri. Dhe se n\u00eb kapitalizmin e zhvilluar, m\u00eb t\u00eb shtrenjta dhe m\u00eb t\u00eb vlefshme jan\u00eb vlerat individuale.<\/p>\n","protected":false},"excerpt":{"rendered":"<p>Kim Mehmeti M\u00eb shum\u00eb se kat\u00ebr dekada me radh\u00eb, Enveri shqiptar\u00ebve ua vrau Zotin duke dashur q\u00eb vetveten ta shpallte Per\u00ebndi t\u00eb vetmen t\u00eb tyre. N\u00eb em\u00ebr t\u00eb k\u00ebsaj ideje monstruoze, ai i vrau dhe i asgj\u00ebsoi t\u00eb gjith\u00eb ata q\u00eb e kuptuan se \u201creligjioni\u201d ideologjik i Enverit, shqiptarit ia shkat\u00ebrronte vlerat m\u00eb t\u00eb r\u00ebnd\u00ebsishme [&hellip;]<\/p>\n","protected":false},"author":1,"featured_media":0,"comment_status":"open","ping_status":"closed","sticky":false,"template":"","format":"standard","meta":{"footnotes":""},"categories":[2],"tags":[],"class_list":{"0":"post-5970","1":"post","2":"type-post","3":"status-publish","4":"format-standard","6":"category-artikuj"},"yoast_head":"<!-- This site is optimized with the Yoast SEO plugin v27.4 - https:\/\/yoast.com\/product\/yoast-seo-wordpress\/ -->\n<title>\u201cMaunokrat\u00ebt\u201d e partitizmit shqiptar - FjALA e LIR\u00cb - Arkivi<\/title>\n<meta name=\"robots\" content=\"index, follow, max-snippet:-1, max-image-preview:large, max-video-preview:-1\" \/>\n<link rel=\"canonical\" href=\"https:\/\/fjala.info\/2009-2015\/maunokratet-e-partitizmit-shqiptar\/\" \/>\n<meta property=\"og:locale\" content=\"sq_AL\" \/>\n<meta property=\"og:type\" content=\"article\" \/>\n<meta property=\"og:title\" content=\"\u201cMaunokrat\u00ebt\u201d e partitizmit shqiptar - FjALA e LIR\u00cb - Arkivi\" \/>\n<meta property=\"og:description\" content=\"Kim Mehmeti M\u00eb shum\u00eb se kat\u00ebr dekada me radh\u00eb, Enveri shqiptar\u00ebve ua vrau Zotin duke dashur q\u00eb vetveten ta shpallte Per\u00ebndi t\u00eb vetmen t\u00eb tyre. N\u00eb em\u00ebr t\u00eb k\u00ebsaj ideje monstruoze, ai i vrau dhe i asgj\u00ebsoi t\u00eb gjith\u00eb ata q\u00eb e kuptuan se \u201creligjioni\u201d ideologjik i Enverit, shqiptarit ia shkat\u00ebrronte vlerat m\u00eb t\u00eb r\u00ebnd\u00ebsishme [&hellip;]\" \/>\n<meta property=\"og:url\" content=\"https:\/\/fjala.info\/2009-2015\/maunokratet-e-partitizmit-shqiptar\/\" \/>\n<meta property=\"og:site_name\" content=\"FjALA e LIR\u00cb - Arkivi\" \/>\n<meta property=\"article:published_time\" content=\"2011-01-27T21:42:06+00:00\" \/>\n<meta property=\"og:image\" content=\"http:\/\/fjala.shkoder.net\/wp-content\/uploads\/2010\/10\/kim_mehmeti.jpg\" \/>\n<meta name=\"author\" content=\"admin\" \/>\n<meta name=\"twitter:card\" content=\"summary_large_image\" \/>\n<meta name=\"twitter:label1\" content=\"Written by\" \/>\n\t<meta name=\"twitter:data1\" content=\"admin\" \/>\n\t<meta name=\"twitter:label2\" content=\"Est. reading time\" \/>\n\t<meta name=\"twitter:data2\" content=\"5 minutes\" \/>\n<script type=\"application\/ld+json\" class=\"yoast-schema-graph\">{\"@context\":\"https:\\\/\\\/schema.org\",\"@graph\":[{\"@type\":\"Article\",\"@id\":\"https:\\\/\\\/fjala.info\\\/2009-2015\\\/maunokratet-e-partitizmit-shqiptar\\\/#article\",\"isPartOf\":{\"@id\":\"https:\\\/\\\/fjala.info\\\/2009-2015\\\/maunokratet-e-partitizmit-shqiptar\\\/\"},\"author\":{\"name\":\"admin\",\"@id\":\"https:\\\/\\\/fjala.info\\\/2009-2015\\\/#\\\/schema\\\/person\\\/3aa1163ef05469c496fc94e77611ada2\"},\"headline\":\"\u201cMaunokrat\u00ebt\u201d e partitizmit shqiptar\",\"datePublished\":\"2011-01-27T21:42:06+00:00\",\"mainEntityOfPage\":{\"@id\":\"https:\\\/\\\/fjala.info\\\/2009-2015\\\/maunokratet-e-partitizmit-shqiptar\\\/\"},\"wordCount\":996,\"commentCount\":0,\"publisher\":{\"@id\":\"https:\\\/\\\/fjala.info\\\/2009-2015\\\/#organization\"},\"image\":{\"@id\":\"https:\\\/\\\/fjala.info\\\/2009-2015\\\/maunokratet-e-partitizmit-shqiptar\\\/#primaryimage\"},\"thumbnailUrl\":\"http:\\\/\\\/fjala.shkoder.net\\\/wp-content\\\/uploads\\\/2010\\\/10\\\/kim_mehmeti.jpg\",\"articleSection\":[\"Artikuj\"],\"inLanguage\":\"sq-AL\",\"potentialAction\":[{\"@type\":\"CommentAction\",\"name\":\"Comment\",\"target\":[\"https:\\\/\\\/fjala.info\\\/2009-2015\\\/maunokratet-e-partitizmit-shqiptar\\\/#respond\"]}]},{\"@type\":\"WebPage\",\"@id\":\"https:\\\/\\\/fjala.info\\\/2009-2015\\\/maunokratet-e-partitizmit-shqiptar\\\/\",\"url\":\"https:\\\/\\\/fjala.info\\\/2009-2015\\\/maunokratet-e-partitizmit-shqiptar\\\/\",\"name\":\"\u201cMaunokrat\u00ebt\u201d e partitizmit shqiptar - FjALA e LIR\u00cb - Arkivi\",\"isPartOf\":{\"@id\":\"https:\\\/\\\/fjala.info\\\/2009-2015\\\/#website\"},\"primaryImageOfPage\":{\"@id\":\"https:\\\/\\\/fjala.info\\\/2009-2015\\\/maunokratet-e-partitizmit-shqiptar\\\/#primaryimage\"},\"image\":{\"@id\":\"https:\\\/\\\/fjala.info\\\/2009-2015\\\/maunokratet-e-partitizmit-shqiptar\\\/#primaryimage\"},\"thumbnailUrl\":\"http:\\\/\\\/fjala.shkoder.net\\\/wp-content\\\/uploads\\\/2010\\\/10\\\/kim_mehmeti.jpg\",\"datePublished\":\"2011-01-27T21:42:06+00:00\",\"breadcrumb\":{\"@id\":\"https:\\\/\\\/fjala.info\\\/2009-2015\\\/maunokratet-e-partitizmit-shqiptar\\\/#breadcrumb\"},\"inLanguage\":\"sq-AL\",\"potentialAction\":[{\"@type\":\"ReadAction\",\"target\":[\"https:\\\/\\\/fjala.info\\\/2009-2015\\\/maunokratet-e-partitizmit-shqiptar\\\/\"]}]},{\"@type\":\"ImageObject\",\"inLanguage\":\"sq-AL\",\"@id\":\"https:\\\/\\\/fjala.info\\\/2009-2015\\\/maunokratet-e-partitizmit-shqiptar\\\/#primaryimage\",\"url\":\"http:\\\/\\\/fjala.shkoder.net\\\/wp-content\\\/uploads\\\/2010\\\/10\\\/kim_mehmeti.jpg\",\"contentUrl\":\"http:\\\/\\\/fjala.shkoder.net\\\/wp-content\\\/uploads\\\/2010\\\/10\\\/kim_mehmeti.jpg\"},{\"@type\":\"BreadcrumbList\",\"@id\":\"https:\\\/\\\/fjala.info\\\/2009-2015\\\/maunokratet-e-partitizmit-shqiptar\\\/#breadcrumb\",\"itemListElement\":[{\"@type\":\"ListItem\",\"position\":1,\"name\":\"Home\",\"item\":\"https:\\\/\\\/fjala.info\\\/2009-2015\\\/\"},{\"@type\":\"ListItem\",\"position\":2,\"name\":\"\u201cMaunokrat\u00ebt\u201d e partitizmit shqiptar\"}]},{\"@type\":\"WebSite\",\"@id\":\"https:\\\/\\\/fjala.info\\\/2009-2015\\\/#website\",\"url\":\"https:\\\/\\\/fjala.info\\\/2009-2015\\\/\",\"name\":\"FjALA e LIR\u00cb - Arkivi\",\"description\":\"Arkivi 2009-2015\",\"publisher\":{\"@id\":\"https:\\\/\\\/fjala.info\\\/2009-2015\\\/#organization\"},\"potentialAction\":[{\"@type\":\"SearchAction\",\"target\":{\"@type\":\"EntryPoint\",\"urlTemplate\":\"https:\\\/\\\/fjala.info\\\/2009-2015\\\/?s={search_term_string}\"},\"query-input\":{\"@type\":\"PropertyValueSpecification\",\"valueRequired\":true,\"valueName\":\"search_term_string\"}}],\"inLanguage\":\"sq-AL\"},{\"@type\":\"Organization\",\"@id\":\"https:\\\/\\\/fjala.info\\\/2009-2015\\\/#organization\",\"name\":\"FjALA e LIR\u00cb - Arkivi\",\"url\":\"https:\\\/\\\/fjala.info\\\/2009-2015\\\/\",\"logo\":{\"@type\":\"ImageObject\",\"inLanguage\":\"sq-AL\",\"@id\":\"https:\\\/\\\/fjala.info\\\/2009-2015\\\/#\\\/schema\\\/logo\\\/image\\\/\",\"url\":\"\",\"contentUrl\":\"\",\"caption\":\"FjALA e LIR\u00cb - Arkivi\"},\"image\":{\"@id\":\"https:\\\/\\\/fjala.info\\\/2009-2015\\\/#\\\/schema\\\/logo\\\/image\\\/\"}},{\"@type\":\"Person\",\"@id\":\"https:\\\/\\\/fjala.info\\\/2009-2015\\\/#\\\/schema\\\/person\\\/3aa1163ef05469c496fc94e77611ada2\",\"name\":\"admin\",\"image\":{\"@type\":\"ImageObject\",\"inLanguage\":\"sq-AL\",\"@id\":\"https:\\\/\\\/fjala.info\\\/2009-2015\\\/wp-content\\\/uploads\\\/2012\\\/02\\\/arben_cokaj-120x150.jpg\",\"url\":\"https:\\\/\\\/fjala.info\\\/2009-2015\\\/wp-content\\\/uploads\\\/2012\\\/02\\\/arben_cokaj-120x150.jpg\",\"contentUrl\":\"https:\\\/\\\/fjala.info\\\/2009-2015\\\/wp-content\\\/uploads\\\/2012\\\/02\\\/arben_cokaj-120x150.jpg\",\"caption\":\"admin\"},\"description\":\"Admin, Fjala e Lir\u00eb\",\"sameAs\":[\"https:\\\/\\\/fjala.info\\\/\"],\"url\":\"https:\\\/\\\/fjala.info\\\/2009-2015\\\/author\\\/admin\\\/\"}]}<\/script>\n<!-- \/ Yoast SEO plugin. -->","yoast_head_json":{"title":"\u201cMaunokrat\u00ebt\u201d e partitizmit shqiptar - FjALA e LIR\u00cb - Arkivi","robots":{"index":"index","follow":"follow","max-snippet":"max-snippet:-1","max-image-preview":"max-image-preview:large","max-video-preview":"max-video-preview:-1"},"canonical":"https:\/\/fjala.info\/2009-2015\/maunokratet-e-partitizmit-shqiptar\/","og_locale":"sq_AL","og_type":"article","og_title":"\u201cMaunokrat\u00ebt\u201d e partitizmit shqiptar - FjALA e LIR\u00cb - Arkivi","og_description":"Kim Mehmeti M\u00eb shum\u00eb se kat\u00ebr dekada me radh\u00eb, Enveri shqiptar\u00ebve ua vrau Zotin duke dashur q\u00eb vetveten ta shpallte Per\u00ebndi t\u00eb vetmen t\u00eb tyre. N\u00eb em\u00ebr t\u00eb k\u00ebsaj ideje monstruoze, ai i vrau dhe i asgj\u00ebsoi t\u00eb gjith\u00eb ata q\u00eb e kuptuan se \u201creligjioni\u201d ideologjik i Enverit, shqiptarit ia shkat\u00ebrronte vlerat m\u00eb t\u00eb r\u00ebnd\u00ebsishme [&hellip;]","og_url":"https:\/\/fjala.info\/2009-2015\/maunokratet-e-partitizmit-shqiptar\/","og_site_name":"FjALA e LIR\u00cb - Arkivi","article_published_time":"2011-01-27T21:42:06+00:00","og_image":[{"url":"http:\/\/fjala.shkoder.net\/wp-content\/uploads\/2010\/10\/kim_mehmeti.jpg","type":"","width":"","height":""}],"author":"admin","twitter_card":"summary_large_image","twitter_misc":{"Written by":"admin","Est. reading time":"5 minutes"},"schema":{"@context":"https:\/\/schema.org","@graph":[{"@type":"Article","@id":"https:\/\/fjala.info\/2009-2015\/maunokratet-e-partitizmit-shqiptar\/#article","isPartOf":{"@id":"https:\/\/fjala.info\/2009-2015\/maunokratet-e-partitizmit-shqiptar\/"},"author":{"name":"admin","@id":"https:\/\/fjala.info\/2009-2015\/#\/schema\/person\/3aa1163ef05469c496fc94e77611ada2"},"headline":"\u201cMaunokrat\u00ebt\u201d e partitizmit shqiptar","datePublished":"2011-01-27T21:42:06+00:00","mainEntityOfPage":{"@id":"https:\/\/fjala.info\/2009-2015\/maunokratet-e-partitizmit-shqiptar\/"},"wordCount":996,"commentCount":0,"publisher":{"@id":"https:\/\/fjala.info\/2009-2015\/#organization"},"image":{"@id":"https:\/\/fjala.info\/2009-2015\/maunokratet-e-partitizmit-shqiptar\/#primaryimage"},"thumbnailUrl":"http:\/\/fjala.shkoder.net\/wp-content\/uploads\/2010\/10\/kim_mehmeti.jpg","articleSection":["Artikuj"],"inLanguage":"sq-AL","potentialAction":[{"@type":"CommentAction","name":"Comment","target":["https:\/\/fjala.info\/2009-2015\/maunokratet-e-partitizmit-shqiptar\/#respond"]}]},{"@type":"WebPage","@id":"https:\/\/fjala.info\/2009-2015\/maunokratet-e-partitizmit-shqiptar\/","url":"https:\/\/fjala.info\/2009-2015\/maunokratet-e-partitizmit-shqiptar\/","name":"\u201cMaunokrat\u00ebt\u201d e partitizmit shqiptar - FjALA e LIR\u00cb - Arkivi","isPartOf":{"@id":"https:\/\/fjala.info\/2009-2015\/#website"},"primaryImageOfPage":{"@id":"https:\/\/fjala.info\/2009-2015\/maunokratet-e-partitizmit-shqiptar\/#primaryimage"},"image":{"@id":"https:\/\/fjala.info\/2009-2015\/maunokratet-e-partitizmit-shqiptar\/#primaryimage"},"thumbnailUrl":"http:\/\/fjala.shkoder.net\/wp-content\/uploads\/2010\/10\/kim_mehmeti.jpg","datePublished":"2011-01-27T21:42:06+00:00","breadcrumb":{"@id":"https:\/\/fjala.info\/2009-2015\/maunokratet-e-partitizmit-shqiptar\/#breadcrumb"},"inLanguage":"sq-AL","potentialAction":[{"@type":"ReadAction","target":["https:\/\/fjala.info\/2009-2015\/maunokratet-e-partitizmit-shqiptar\/"]}]},{"@type":"ImageObject","inLanguage":"sq-AL","@id":"https:\/\/fjala.info\/2009-2015\/maunokratet-e-partitizmit-shqiptar\/#primaryimage","url":"http:\/\/fjala.shkoder.net\/wp-content\/uploads\/2010\/10\/kim_mehmeti.jpg","contentUrl":"http:\/\/fjala.shkoder.net\/wp-content\/uploads\/2010\/10\/kim_mehmeti.jpg"},{"@type":"BreadcrumbList","@id":"https:\/\/fjala.info\/2009-2015\/maunokratet-e-partitizmit-shqiptar\/#breadcrumb","itemListElement":[{"@type":"ListItem","position":1,"name":"Home","item":"https:\/\/fjala.info\/2009-2015\/"},{"@type":"ListItem","position":2,"name":"\u201cMaunokrat\u00ebt\u201d e partitizmit shqiptar"}]},{"@type":"WebSite","@id":"https:\/\/fjala.info\/2009-2015\/#website","url":"https:\/\/fjala.info\/2009-2015\/","name":"FjALA e LIR\u00cb - Arkivi","description":"Arkivi 2009-2015","publisher":{"@id":"https:\/\/fjala.info\/2009-2015\/#organization"},"potentialAction":[{"@type":"SearchAction","target":{"@type":"EntryPoint","urlTemplate":"https:\/\/fjala.info\/2009-2015\/?s={search_term_string}"},"query-input":{"@type":"PropertyValueSpecification","valueRequired":true,"valueName":"search_term_string"}}],"inLanguage":"sq-AL"},{"@type":"Organization","@id":"https:\/\/fjala.info\/2009-2015\/#organization","name":"FjALA e LIR\u00cb - Arkivi","url":"https:\/\/fjala.info\/2009-2015\/","logo":{"@type":"ImageObject","inLanguage":"sq-AL","@id":"https:\/\/fjala.info\/2009-2015\/#\/schema\/logo\/image\/","url":"","contentUrl":"","caption":"FjALA e LIR\u00cb - Arkivi"},"image":{"@id":"https:\/\/fjala.info\/2009-2015\/#\/schema\/logo\/image\/"}},{"@type":"Person","@id":"https:\/\/fjala.info\/2009-2015\/#\/schema\/person\/3aa1163ef05469c496fc94e77611ada2","name":"admin","image":{"@type":"ImageObject","inLanguage":"sq-AL","@id":"https:\/\/fjala.info\/2009-2015\/wp-content\/uploads\/2012\/02\/arben_cokaj-120x150.jpg","url":"https:\/\/fjala.info\/2009-2015\/wp-content\/uploads\/2012\/02\/arben_cokaj-120x150.jpg","contentUrl":"https:\/\/fjala.info\/2009-2015\/wp-content\/uploads\/2012\/02\/arben_cokaj-120x150.jpg","caption":"admin"},"description":"Admin, Fjala e Lir\u00eb","sameAs":["https:\/\/fjala.info\/"],"url":"https:\/\/fjala.info\/2009-2015\/author\/admin\/"}]}},"_links":{"self":[{"href":"https:\/\/fjala.info\/2009-2015\/wp-json\/wp\/v2\/posts\/5970","targetHints":{"allow":["GET"]}}],"collection":[{"href":"https:\/\/fjala.info\/2009-2015\/wp-json\/wp\/v2\/posts"}],"about":[{"href":"https:\/\/fjala.info\/2009-2015\/wp-json\/wp\/v2\/types\/post"}],"author":[{"embeddable":true,"href":"https:\/\/fjala.info\/2009-2015\/wp-json\/wp\/v2\/users\/1"}],"replies":[{"embeddable":true,"href":"https:\/\/fjala.info\/2009-2015\/wp-json\/wp\/v2\/comments?post=5970"}],"version-history":[{"count":0,"href":"https:\/\/fjala.info\/2009-2015\/wp-json\/wp\/v2\/posts\/5970\/revisions"}],"wp:attachment":[{"href":"https:\/\/fjala.info\/2009-2015\/wp-json\/wp\/v2\/media?parent=5970"}],"wp:term":[{"taxonomy":"category","embeddable":true,"href":"https:\/\/fjala.info\/2009-2015\/wp-json\/wp\/v2\/categories?post=5970"},{"taxonomy":"post_tag","embeddable":true,"href":"https:\/\/fjala.info\/2009-2015\/wp-json\/wp\/v2\/tags?post=5970"}],"curies":[{"name":"wp","href":"https:\/\/api.w.org\/{rel}","templated":true}]}}