{"id":5967,"date":"2011-01-27T22:21:51","date_gmt":"2011-01-27T21:21:51","guid":{"rendered":"http:\/\/fjala.shkoder.net\/?p=5967"},"modified":"2011-01-27T22:21:51","modified_gmt":"2011-01-27T21:21:51","slug":"atdhe-i-tradhtuar","status":"publish","type":"post","link":"https:\/\/fjala.info\/2009-2015\/atdhe-i-tradhtuar\/","title":{"rendered":"Atdhe i tradhtuar"},"content":{"rendered":"<p><strong>Flutura A\u00e7ka<\/strong><\/p>\n<p>Kur dikur, nd\u00ebrsa k\u00ebndohej ezani, nj\u00eb besimtar i mir\u00eb dhe i varf\u00ebr nisi t\u00eb qante dhe n\u00eb fund t\u00eb faljes, hoxha e pyeti se \u00e7far\u00eb po e brente m\u2019u aty n\u00eb sht\u00ebpin\u00eb e Zotit, besimtari i tha me sinqeritetin e tij t\u00eb skajsh\u00ebm: \u201cTek e shihja mjekr\u00ebn t\u00ebnde, hoxh\u00eb efendi, mua m\u2019u kujtua cjapi n\u00eb sht\u00ebpi. Cjapi q\u00eb do ta ther nes\u00ebr se s\u2019kam buk\u00eb p\u00ebr f\u00ebmij\u00ebt\u201d.<\/p>\n<p>Kjo histori e vjet\u00ebr m\u2019u kujtua kur shihja mbr\u00ebm\u00eb bised\u00ebn (lavdi Zotit!) t\u00eb qet\u00eb dhe z\u00ebul\u00ebt, t\u00eb Edi Ram\u00ebs, i cili s\u00ebrish b\u00ebnte thirrje p\u00ebr nj\u00eb t\u00eb premte tjet\u00ebr demonstrative. Dhe u rr\u00ebqetha nga mendimi se cil\u00ebt \u201ccjep\u201d t\u00eb pafat do t\u00eb thirreshin n\u00eb thertoren e politik\u00ebs p\u00ebr t\u00eb shuar \u201cvarf\u00ebrin\u00eb push(te)tore\u201d t\u00eb radh\u00ebs, majtas a djathtas qoft\u00eb. Dhe nga d\u00ebshira q\u00eb kam t\u00eb mendoj se njer\u00ebzit b\u00ebhen m\u00eb t\u00eb mir\u00eb kur m\u00ebsojn\u00eb nga gabimet e tyre, dua t\u00eb besoj se nuk do t\u00eb ket\u00eb nj\u00eb t\u00eb premte t\u00eb dyt\u00eb t\u00eb zez\u00eb dhe se qet\u00ebsia q\u00eb emetoi nga ekrani i mbr\u00ebmsh\u00ebm lideri i nj\u00ebr\u00ebs pal\u00eb (i cili m\u00ebton t\u00eb na bind\u00eb se meriton t\u00eb jet\u00eb nes\u00ebr edhe i t\u00eb dyja pal\u00ebve, a i gjith\u00ebpal\u00ebve), nuk \u00ebsht\u00eb koraca e nj\u00eb beteje t\u00eb pritshme t\u00eb ngjyer me gjak prej \u201ccjepsh\u201d t\u00eb tjer\u00eb t\u00eb pafaj.<\/p>\n<p>Po, po, kam d\u00ebshir\u00eb t\u00eb besoj se Edi Rama premtoi nj\u00eb t\u00eb premte jo t\u00eb prap\u00eb, t\u00eb besoj se ai e ka kuptuar se humb\u00ebsi m\u00eb i madh i gjith\u00eb \u00e7far\u00eb ndodhi, \u00ebsht\u00eb ai vet\u00eb i pari. Por kam nj\u00eb droj\u00eb q\u00eb, m\u00eb shum\u00eb se p\u00ebr t\u00eb kujtuar t\u00eb premten e shkuar, kjo e premte do t\u00eb p\u00ebrdoret pik\u00ebrisht p\u00ebr t\u00eb harruar t\u00eb premten e shkuar, sepse \u00e7\u2019\u00ebsht\u00eb e v\u00ebrteta, ajo e premte akuzon at\u00eb t\u00eb parin, Edi Ram\u00ebn, i cili p\u00ebr vite e vite, dhe pas qershorit t\u00eb 2009, p\u00ebr muaj e muaj, po p\u00ebrpiqet t\u00eb na bind\u00eb se e drejta \u00ebsht\u00eb me t\u00eb. Dhe mund t\u00eb jet\u00eb me t\u00eb, sa koh\u00eb q\u00eb k\u00ebmb\u00ebngulja dhe lufta e tij p\u00ebr t\u00eb drejt\u00ebn, \u00ebsht\u00eb paq\u00ebsore dhe e argumentuar. N\u00eb nj\u00eb demokraci, e drejta p\u00ebr t\u00eb protestuar, \u00ebsht\u00eb esenciale dhe pjes\u00eb e liris\u00eb individuale, politike dhe asaj publike. Por e premtja e shkuar \u00ebsht\u00eb diversion, gati fatal, \u201ci s\u00eb drejt\u00ebs\u201d s\u00eb Edi Ram\u00ebs dhe kauz\u00ebs s\u00eb tij, dhe i ka b\u00ebr\u00eb \u00e7udit\u00ebrisht t\u00eb heshtur kasnec\u00ebt e t\u00eb dyja kampeve, t\u00eb cil\u00ebt p\u00ebrdit\u00eb e m\u00eb shum\u00eb jan\u00eb b\u00ebr\u00eb t\u00eb neveritsh\u00ebm n\u00eb syt\u00eb tan\u00eb.<\/p>\n<p>Un\u00eb nuk di dhe nuk dua t\u00eb gjykoj se \u201cKush?\u201d e \u201cSi?\u201d vrau njer\u00ebz t\u00eb pafajsh\u00ebm, kjo \u00ebsht\u00eb e drejt\u00eb e organeve dhe specialist\u00ebve t\u00eb prokuroris\u00eb shqiptare, e atyre q\u00eb u takon ta thon\u00eb t\u00eb v\u00ebrtet\u00ebn. Por ne (un\u00eb dhe mij\u00ebra shqiptar\u00eb q\u00eb u dhimbet atdheu) e dim\u00eb \u201cPse?\u201d dhe \u201c\u00c7far\u00eb?\u201d i vrau t\u00eb paditurit dhe besimtar\u00ebt e fes\u00eb politike t\u00eb mbledhur aneqark, p\u00ebrse u tradhtuan n\u00eb rrug\u00eb t\u00eb madhe, duke u l\u00ebn\u00eb vet\u00ebm n\u00eb gjendjen e tyre t\u00eb \u201cdehjes nga e drejta\u201d? Pse u prit aq gjat\u00eb q\u00eb rr\u00ebmuja t\u00eb b\u00ebhej kaos dhe kaosi t\u00eb kthehej mjegull p\u00ebr vrasje? Pse ata, t\u00eb cil\u00ebt at\u00eb dit\u00eb nuk dihej se n\u00eb \u00e7\u2019vrim\u00eb urith\u00ebsh ishin futur, nj\u00eb dit\u00eb m\u00eb pas aktruan shum\u00eb keq \u201ct\u00eb p\u00ebrzishmin\u201d, pik\u00ebrisht n\u00eb vendin ku duhet t\u2019u vinte turp t\u00eb afroheshin?<\/p>\n<p>Pse nuk u penguan ata dyqind t\u00eb eg\u00ebrsuar, por u la situata t\u00eb degradonte deri n\u00eb v\u00ebllavrasje? Pse na u desh t\u2019i merrnim f\u00ebmij\u00ebt m\u00eb her\u00ebt nga shkolla at\u00eb dit\u00eb, pse nga frika e ndonj\u00eb \u201cngjarjeje\u201d t\u00eb mundshme, duhej t\u00eb mbylleshim e t\u00eb nguleshim para ekraneve? Pse, p\u00ebr habi, pas vrasjes nuk kishte m\u00eb protest\u00eb, t\u00eb gjith\u00eb \u201cu qet\u00ebsuan\u201d dhe nuk kishin m\u00eb \u00e7far\u00eb t\u00eb thonin e t\u00eb protestonin? Kur n\u00eb fakt protesta aty duhet t\u00eb fillonte. Ky qet\u00ebsim tregoi dhimbsh\u00ebm se nj\u00eb plan A ishte realizuar, dhe nj\u00eb plan B u la p\u00ebr m\u00eb von\u00eb. K\u00ebto jan\u00eb ve\u00e7 hamendje q\u00eb na i b\u00ebn kujtesa e vrar\u00eb, mendja jon\u00eb e lodhur dhe shpirti yn\u00eb i fyer gjer n\u00eb palc\u00eb.<\/p>\n<p>T\u00eb kuptohemi, asnj\u00eb vrasje nuk justifikohet, madje \u00ebsht\u00eb nj\u00eb krim i madh t\u00eb vras\u00ebsh njer\u00ebz n\u00eb mes t\u00eb sheshit, n\u00eb drit\u00eb t\u00eb dit\u00ebs. Asgj\u00eb nuk e justifikon vrasjen e demonstruesve t\u00eb thjesht\u00eb, ngado t\u00eb ken\u00eb ardhur plumbat, aq m\u00eb keq n\u00ebse kan\u00eb ardhur nga fortesa e Kryeministris\u00eb. Por \u00e7\u00ebshtja nuk \u00ebsht\u00eb te Kryeministria, Edi Rama e dinte se me asisoj turme me hunj, e \u00e7adra t\u00eb kthyer n\u00eb hunj, me spektakle t\u00eb egrish si t\u00eb koh\u00ebs s\u00eb Tanzimatit, nuk mund t\u00eb merren institucionet. Dhe ngaq\u00eb e dinte k\u00ebt\u00eb, ai b\u00ebri tradhtin\u00eb m\u00eb t\u00eb madhe q\u00eb mund t\u00eb mendohet. Ai i la ata vet\u00ebm, duke u ngush\u00eblluar mbase n\u00eb heshtje me veten, a me k\u00ebshilltar\u00ebt e tij t\u00eb k\u00ebqij, se la vet\u00ebm ve\u00e7 ata, se tradhtoi ve\u00e7 ata. Por n\u00eb fakt, nuk tradhtoi vet\u00ebm ata, por edhe ne, tradhtoi atdheun e tij.<\/p>\n<p>Edi Rama tradhtoi atdheun, duke na tradhtuar t\u00eb gjith\u00ebve ne shqiptar\u00ebve, q\u00eb besojm\u00eb se nj\u00eb brez i ri politikan\u00ebsh (si\u00e7 \u00ebsht\u00eb ai), do t\u00eb sillen ndryshe me fatet e k\u00ebtij atdheu. Ai na bindi se k\u00ebtu nuk po vijn\u00eb dhe nuk do t\u00eb vijn\u00eb gjat\u00ebher\u00eb politikan\u00eb t\u00eb p\u00ebrgjegjsh\u00ebm. Se ne nuk jemi tok\u00eb ku mund t\u00eb mbijn\u00eb njer\u00ebz t\u00eb paqt\u00eb e t\u00eb qytet\u00ebruar.<\/p>\n<p>Edi Rama e tradhtoi atdheun, sepse e b\u00ebri pjes\u00eb t\u00eb show-t t\u00eb madh t\u00eb p\u00ebrbotsh\u00ebm, q\u00eb pa \u201cme z\u00eb e me figur\u00eb\u201d se \u00e7\u2019b\u00ebhet ende n\u00eb nj\u00eb vend q\u00eb po p\u00ebrpiqet t\u00eb bind\u00eb Europ\u00ebn se \u00e7o\u00e7 po b\u00ebn me demokracin\u00eb e vet. Duke b\u00ebr\u00eb k\u00ebt\u00eb, Edi Rama mendoi se ia shk\u00ebrmoqi edhe pozit\u00ebs zellin dhe ia dogji kartat e \u201cintegrimit\u201d n\u00eb dor\u00eb. Por n\u00eb fakt, ai tradhtoi \u00ebndrr\u00ebn ton\u00eb europiane dhe ata q\u00eb humbin nuk jan\u00eb politikan\u00ebt, por ne. Madje-madje, p\u00ebr ta (politikan\u00ebt), t\u00eb qen\u00ebt n\u00eb Europ\u00eb ka t\u00eb ngjar\u00eb t\u00eb jet\u00eb fundi i pashall\u00ebqeve t\u00eb tyre, ndaj edhe nxitojn\u00eb t&#8217;i ken\u00eb sa m\u00eb t\u00eb m\u00ebdha dhe t&#8217;i b\u00ebjn\u00eb me letra, q\u00eb kur t\u00eb jen\u00eb n\u00eb Europ\u00eb, t\u00eb jen\u00eb me tapira.<\/p>\n<p>Edi Rama tradhtoi atdheun, sepse na riktheu n\u00eb mendje at\u00eb \u00e7far\u00eb po p\u00ebrpiqeshim ta harronim e q\u00eb na b\u00ebn me turp sa her\u00eb kujtohemi, vitet 1997-\u201898. Duke b\u00ebr\u00eb k\u00ebt\u00eb politika na \u00e7\u2019motivoi t\u00ebr\u00ebsisht. Investitor\u00eb t\u00eb huaj q\u00eb sapo kishin shkelur apo po hamendeshin t\u00eb investonin, po largohen nj\u00eb nga nj\u00eb. Vendit \u201cHot\u201d t\u00eb turizmit po i ik\u00ebn aureola e shk\u00eblqimit dhe e lavdis\u00eb dhe turist\u00ebt, ata q\u00eb menduan t\u00eb vinin k\u00ebt\u00eb ver\u00eb n\u00eb Shqip\u00ebri, i gris\u00ebn axhendat e tyre. P\u00ebr ta ka vende m\u00eb t\u00eb qeta, me njer\u00ebz pa hunj n\u00eb duar dhe pa ushtar\u00eb me arm\u00eb e skafandra.<\/p>\n<p>Edi Rama tradhtoi atdheun, sepse prishi loj\u00ebn e demokracis\u00eb. Nga zelli p\u00ebr t\u00eb d\u00ebmtuar reputacionin e konkurrentit t\u00eb tij t\u00eb fort\u00eb (k\u00ebto ngjarje na shpjegojn\u00eb se paska qen\u00eb i fort\u00eb p\u00ebr t\u00eb) p\u00ebr Bashkin\u00eb e Tiran\u00ebs, Lulzim Basha, ishte i gatsh\u00ebm t\u00eb p\u00ebrdorte \u00e7do mjet p\u00ebr ta nxjerr\u00eb at\u00eb nga loja. Dhe e ka nxjerr\u00eb nga loja, p\u00ebr sa koh\u00eb k\u00ebto vrasje r\u00ebndojn\u00eb mbi shtetin. K\u00ebsisoj rruga p\u00ebr n\u00eb \u201cfronin\u201d e kryebashkiakut, \u00ebsht\u00eb fare e lir\u00eb. Kjo edhe ngaq\u00eb harron se t\u00eb qenit aq gjat\u00eb n\u00eb t\u00eb nj\u00ebjtin post, i b\u00ebn t\u00eb neveritsh\u00ebm politikan\u00ebt, kudo e kushdo qofshin ata.<\/p>\n<p>Edi Rama e tradhtoi atdheun, sepse tradhtoi Edi Ram\u00ebn, kryeministrin e ardhsh\u00ebm t\u00eb shqiptar\u00ebve, i cili, do t\u00eb jet\u00eb me gjasa kryeminist\u00ebr, pasi, edhe pse iu vran\u00eb tre demonstrues (p\u00ebr shkak edhe t\u00eb mosdrejtimit t\u00eb tij), nuk do t\u00eb gjej\u00eb aq kultur\u00eb dhe kultivim brenda tij, sa t\u00eb jap\u00eb dor\u00ebheqjen nga kreu i partis\u00eb q\u00eb drejton, si i paaft\u00eb.<\/p>\n<p>Edi Rama tradhtoi atdheun, sepse tradhtoi dhe i ktheu n\u00eb sh\u00ebnjestra, t\u00eb arm\u00ebve q\u00eb po ndryshkeshin m\u00eb n\u00eb fund nga paqja, tre njer\u00ebz t\u00eb pafat, tradhtoi at\u00eb \u201cpopull opozitar\u201d (gjysm\u00ebn ton\u00eb), p\u00ebr idealet e t\u00eb cilit e pat ngr\u00ebn\u00eb aq gjat\u00eb meraku. Nga ura e Lan\u00ebs ku pretendon se mbeti e nuk l\u00ebvizte dot p\u00ebr shkak t\u00eb ujit q\u00eb hidhte policia (ose t\u00eb gur\u00ebve t\u00eb t\u00eb tijve), i duheshin vet\u00ebm dy minuta p\u00ebr n\u00eb shesh dhe e kishte mbyllur me nder at\u00eb dit\u00eb. Por vendosi t\u00eb b\u00ebnte sehir dhe priti e priti mbase, derisa gard\u00ebs t\u2019i mbaronin plumbat e manovr\u00ebs, derisa gardist\u00ebve t\u00eb thjesht\u00eb t\u2019u soste durimi. Un\u00eb nuk e di se ku ka qen\u00eb Edi Rama, kam d\u00ebshir\u00eb ta besoj tek Ura e Lan\u00ebs, si\u00e7 thot\u00eb. Por un\u00eb e di se ku ka qen\u00eb Gramoz Ru\u00e7i, sepse e kam par\u00eb me syt\u00eb e mi, at\u00eb dhe shpur\u00ebn e tij. Nga \u201cSky Tower\u201d, ky politikan, dhurat\u00eb nga diktatura, b\u00ebnte sehir sheshin, kur duhet t\u00eb ishte vet\u00eb i pari n\u00eb shesh, si\u00e7 \u00ebsht\u00eb n\u00eb fjalimet q\u00eb mban nga foltorja e Parlamentit.<\/p>\n<p>Po mua nuk m\u00eb shqet\u00ebson dhe as m\u00eb habit Gramozi, as ata q\u00eb jan\u00eb m\u00ebsuar me diktatin. Un\u00eb dua t\u00eb di ku ishte Shegushja, bashk\u00ebqytetarja e f\u00ebmij\u00ebris\u00eb sime, n\u00eb thelbin e s\u00eb cil\u00ebs kam besuar se ka dhimbje dhe drejt\u00ebsi. Un\u00eb dua t\u00eb di ku ishte Vasilika, mikja ime, sepse e kam par\u00eb dhe \u00e7muar si luft\u00ebtare t\u00eb s\u00eb drejt\u00ebs, t\u00eb asaj s\u00eb drejte q\u00eb mbron edhe qytetarin e thjesht\u00eb, edhe gardistin n\u00eb krye t\u00eb detyr\u00ebs. Un\u00eb dua t\u00eb di se ku ishte Fatmir To\u00e7i, miku im, tek i cili besoj se ka aq mir\u00ebsi dhe shpirt p\u00ebr ta ndar\u00eb t\u00eb mir\u00ebn nga e keqja. Un\u00eb kam d\u00ebshir\u00eb t\u00eb besoj se k\u00ebt\u00eb t\u00eb premte ata do t\u00eb jen\u00eb aty, pik\u00ebrisht t\u00eb b\u00ebjn\u00eb misionin e tyre dhe detyrimin ndaj demokracis\u00eb. Un\u00eb kam d\u00ebshir\u00eb ta besoj k\u00ebt\u00eb.<\/p>\n<p>E premtja e kaluar \u00ebsht\u00eb nj\u00eb sfer\u00eb n\u00eb k\u00ebmb\u00eb e s\u00eb premtes s\u00eb ardhshme dhe u takon institucioneve shtet\u00ebrore ta shpengojn\u00eb at\u00eb nga p\u00ebrzija e nj\u00eb jave m\u00eb par\u00eb. Kur u vendos n\u00eb krye t\u00eb Prokuroris\u00eb shqiptare nj\u00eb grua, mendova se kishte ardhur ora q\u00eb graria shqiptare po e kishte nj\u00eb shans t\u00eb tregonte se \u00e7o\u00e7 di t\u00eb b\u00ebj\u00eb. Por pak dit\u00eb m\u00eb pas, e ndjeva se asgj\u00eb nuk do t\u00eb ndodhte. Shfaqja si topmodele e Kryeprokurores shqiptare n\u00eb kopertina revistash me veshje e n\u00ebp\u00ebr sallone t\u00eb firmuara (Kryeprokurorja e vendit!!!), e shoi entuziazmin tim. Dhe, p\u00ebr t\u00eb keqen ton\u00eb, koha tregoi se ajo nuk e drejtoi si duhej at\u00eb armat\u00eb specialist\u00ebsh t\u00eb devotsh\u00ebm, t\u00eb cil\u00ebt me pun\u00ebn e tyre duhet t\u2019ia vinin gishtin mbi plag\u00eb krimit, duke i b\u00ebr\u00eb nj\u00eb nder t\u00eb madh k\u00ebtij vendi.<\/p>\n<p>Fakti q\u00eb Kryeprokurorja akuzohet nga shteti (pjes\u00eb e t\u00eb cilit \u00ebsht\u00eb institucioni i saj), nuk tregon forc\u00ebn e pozit\u00ebs, por dob\u00ebsin\u00eb e saj si drejtuese. P\u00ebrtej \u201cretorik\u00ebs politike\u201d me t\u00eb cil\u00ebn Kryeprokurorja e p\u00ebrligji situat\u00ebn, ajo nuk ka zgjidhje ve\u00e7: ose t\u00eb na bind\u00eb se po akuzohet pa t\u00eb drejt\u00eb, ose t\u00eb largohet si e pazonja. Pasi ne kemi nevoj\u00eb p\u00ebr t\u00eb v\u00ebrtet\u00ebn, t\u00eb v\u00ebrtet\u00ebn p\u00ebr t\u00eb gjitha \u00e7\u2019kan\u00eb ndodhur e \u00e7\u2019po ndodhin.<\/p>\n<p>Ne presim fjal\u00ebn e saj, t\u00eb specialist\u00ebve t\u00eb saj t\u00eb p\u00ebrkushtuar, duke shpresuar t\u00eb mos vonoj\u00eb si G\u00ebrdeci, t\u00eb mos vonoj\u00eb si videoja e Met\u00ebs, t\u00eb mos vonoj\u00eb aq sa t\u2019i kemi hedhur n\u00eb harres\u00eb tre shqiptar\u00ebt e mjer\u00eb, fli t\u00eb \u201cvarf\u00ebris\u00eb pusht(et)ore\u201d, as hobet\u00eb e gur\u00ebve mbi shtetin e t\u00eb gjith\u00ebve.<\/p>\n","protected":false},"excerpt":{"rendered":"<p>Flutura A\u00e7ka Kur dikur, nd\u00ebrsa k\u00ebndohej ezani, nj\u00eb besimtar i mir\u00eb dhe i varf\u00ebr nisi t\u00eb qante dhe n\u00eb fund t\u00eb faljes, hoxha e pyeti se \u00e7far\u00eb po e brente m\u2019u aty n\u00eb sht\u00ebpin\u00eb e Zotit, besimtari i tha me sinqeritetin e tij t\u00eb skajsh\u00ebm: \u201cTek e shihja mjekr\u00ebn t\u00ebnde, hoxh\u00eb efendi, mua m\u2019u kujtua [&hellip;]<\/p>\n","protected":false},"author":1,"featured_media":0,"comment_status":"open","ping_status":"closed","sticky":false,"template":"","format":"standard","meta":{"footnotes":""},"categories":[2],"tags":[],"class_list":{"0":"post-5967","1":"post","2":"type-post","3":"status-publish","4":"format-standard","6":"category-artikuj"},"yoast_head":"<!-- This site is optimized with the Yoast SEO plugin v27.4 - https:\/\/yoast.com\/product\/yoast-seo-wordpress\/ -->\n<title>Atdhe i tradhtuar - FjALA e LIR\u00cb - Arkivi<\/title>\n<meta name=\"robots\" content=\"index, follow, max-snippet:-1, max-image-preview:large, max-video-preview:-1\" \/>\n<link rel=\"canonical\" href=\"https:\/\/fjala.info\/2009-2015\/atdhe-i-tradhtuar\/\" \/>\n<meta property=\"og:locale\" content=\"sq_AL\" \/>\n<meta property=\"og:type\" content=\"article\" \/>\n<meta property=\"og:title\" content=\"Atdhe i tradhtuar - FjALA e LIR\u00cb - Arkivi\" \/>\n<meta property=\"og:description\" content=\"Flutura A\u00e7ka Kur dikur, nd\u00ebrsa k\u00ebndohej ezani, nj\u00eb besimtar i mir\u00eb dhe i varf\u00ebr nisi t\u00eb qante dhe n\u00eb fund t\u00eb faljes, hoxha e pyeti se \u00e7far\u00eb po e brente m\u2019u aty n\u00eb sht\u00ebpin\u00eb e Zotit, besimtari i tha me sinqeritetin e tij t\u00eb skajsh\u00ebm: \u201cTek e shihja mjekr\u00ebn t\u00ebnde, hoxh\u00eb efendi, mua m\u2019u kujtua [&hellip;]\" \/>\n<meta property=\"og:url\" content=\"https:\/\/fjala.info\/2009-2015\/atdhe-i-tradhtuar\/\" \/>\n<meta property=\"og:site_name\" content=\"FjALA e LIR\u00cb - Arkivi\" \/>\n<meta property=\"article:published_time\" content=\"2011-01-27T21:21:51+00:00\" \/>\n<meta name=\"author\" content=\"admin\" \/>\n<meta name=\"twitter:card\" content=\"summary_large_image\" \/>\n<meta name=\"twitter:label1\" content=\"Written by\" \/>\n\t<meta name=\"twitter:data1\" content=\"admin\" \/>\n\t<meta name=\"twitter:label2\" content=\"Est. reading time\" \/>\n\t<meta name=\"twitter:data2\" content=\"10 minutes\" \/>\n<script type=\"application\/ld+json\" class=\"yoast-schema-graph\">{\"@context\":\"https:\\\/\\\/schema.org\",\"@graph\":[{\"@type\":\"Article\",\"@id\":\"https:\\\/\\\/fjala.info\\\/2009-2015\\\/atdhe-i-tradhtuar\\\/#article\",\"isPartOf\":{\"@id\":\"https:\\\/\\\/fjala.info\\\/2009-2015\\\/atdhe-i-tradhtuar\\\/\"},\"author\":{\"name\":\"admin\",\"@id\":\"https:\\\/\\\/fjala.info\\\/2009-2015\\\/#\\\/schema\\\/person\\\/3aa1163ef05469c496fc94e77611ada2\"},\"headline\":\"Atdhe i tradhtuar\",\"datePublished\":\"2011-01-27T21:21:51+00:00\",\"mainEntityOfPage\":{\"@id\":\"https:\\\/\\\/fjala.info\\\/2009-2015\\\/atdhe-i-tradhtuar\\\/\"},\"wordCount\":2087,\"commentCount\":1,\"publisher\":{\"@id\":\"https:\\\/\\\/fjala.info\\\/2009-2015\\\/#organization\"},\"articleSection\":[\"Artikuj\"],\"inLanguage\":\"sq-AL\",\"potentialAction\":[{\"@type\":\"CommentAction\",\"name\":\"Comment\",\"target\":[\"https:\\\/\\\/fjala.info\\\/2009-2015\\\/atdhe-i-tradhtuar\\\/#respond\"]}]},{\"@type\":\"WebPage\",\"@id\":\"https:\\\/\\\/fjala.info\\\/2009-2015\\\/atdhe-i-tradhtuar\\\/\",\"url\":\"https:\\\/\\\/fjala.info\\\/2009-2015\\\/atdhe-i-tradhtuar\\\/\",\"name\":\"Atdhe i tradhtuar - FjALA e LIR\u00cb - Arkivi\",\"isPartOf\":{\"@id\":\"https:\\\/\\\/fjala.info\\\/2009-2015\\\/#website\"},\"datePublished\":\"2011-01-27T21:21:51+00:00\",\"breadcrumb\":{\"@id\":\"https:\\\/\\\/fjala.info\\\/2009-2015\\\/atdhe-i-tradhtuar\\\/#breadcrumb\"},\"inLanguage\":\"sq-AL\",\"potentialAction\":[{\"@type\":\"ReadAction\",\"target\":[\"https:\\\/\\\/fjala.info\\\/2009-2015\\\/atdhe-i-tradhtuar\\\/\"]}]},{\"@type\":\"BreadcrumbList\",\"@id\":\"https:\\\/\\\/fjala.info\\\/2009-2015\\\/atdhe-i-tradhtuar\\\/#breadcrumb\",\"itemListElement\":[{\"@type\":\"ListItem\",\"position\":1,\"name\":\"Home\",\"item\":\"https:\\\/\\\/fjala.info\\\/2009-2015\\\/\"},{\"@type\":\"ListItem\",\"position\":2,\"name\":\"Atdhe i tradhtuar\"}]},{\"@type\":\"WebSite\",\"@id\":\"https:\\\/\\\/fjala.info\\\/2009-2015\\\/#website\",\"url\":\"https:\\\/\\\/fjala.info\\\/2009-2015\\\/\",\"name\":\"FjALA e LIR\u00cb - Arkivi\",\"description\":\"Arkivi 2009-2015\",\"publisher\":{\"@id\":\"https:\\\/\\\/fjala.info\\\/2009-2015\\\/#organization\"},\"potentialAction\":[{\"@type\":\"SearchAction\",\"target\":{\"@type\":\"EntryPoint\",\"urlTemplate\":\"https:\\\/\\\/fjala.info\\\/2009-2015\\\/?s={search_term_string}\"},\"query-input\":{\"@type\":\"PropertyValueSpecification\",\"valueRequired\":true,\"valueName\":\"search_term_string\"}}],\"inLanguage\":\"sq-AL\"},{\"@type\":\"Organization\",\"@id\":\"https:\\\/\\\/fjala.info\\\/2009-2015\\\/#organization\",\"name\":\"FjALA e LIR\u00cb - Arkivi\",\"url\":\"https:\\\/\\\/fjala.info\\\/2009-2015\\\/\",\"logo\":{\"@type\":\"ImageObject\",\"inLanguage\":\"sq-AL\",\"@id\":\"https:\\\/\\\/fjala.info\\\/2009-2015\\\/#\\\/schema\\\/logo\\\/image\\\/\",\"url\":\"\",\"contentUrl\":\"\",\"caption\":\"FjALA e LIR\u00cb - Arkivi\"},\"image\":{\"@id\":\"https:\\\/\\\/fjala.info\\\/2009-2015\\\/#\\\/schema\\\/logo\\\/image\\\/\"}},{\"@type\":\"Person\",\"@id\":\"https:\\\/\\\/fjala.info\\\/2009-2015\\\/#\\\/schema\\\/person\\\/3aa1163ef05469c496fc94e77611ada2\",\"name\":\"admin\",\"image\":{\"@type\":\"ImageObject\",\"inLanguage\":\"sq-AL\",\"@id\":\"https:\\\/\\\/fjala.info\\\/2009-2015\\\/wp-content\\\/uploads\\\/2012\\\/02\\\/arben_cokaj-120x150.jpg\",\"url\":\"https:\\\/\\\/fjala.info\\\/2009-2015\\\/wp-content\\\/uploads\\\/2012\\\/02\\\/arben_cokaj-120x150.jpg\",\"contentUrl\":\"https:\\\/\\\/fjala.info\\\/2009-2015\\\/wp-content\\\/uploads\\\/2012\\\/02\\\/arben_cokaj-120x150.jpg\",\"caption\":\"admin\"},\"description\":\"Admin, Fjala e Lir\u00eb\",\"sameAs\":[\"https:\\\/\\\/fjala.info\\\/\"],\"url\":\"https:\\\/\\\/fjala.info\\\/2009-2015\\\/author\\\/admin\\\/\"}]}<\/script>\n<!-- \/ Yoast SEO plugin. -->","yoast_head_json":{"title":"Atdhe i tradhtuar - FjALA e LIR\u00cb - Arkivi","robots":{"index":"index","follow":"follow","max-snippet":"max-snippet:-1","max-image-preview":"max-image-preview:large","max-video-preview":"max-video-preview:-1"},"canonical":"https:\/\/fjala.info\/2009-2015\/atdhe-i-tradhtuar\/","og_locale":"sq_AL","og_type":"article","og_title":"Atdhe i tradhtuar - FjALA e LIR\u00cb - Arkivi","og_description":"Flutura A\u00e7ka Kur dikur, nd\u00ebrsa k\u00ebndohej ezani, nj\u00eb besimtar i mir\u00eb dhe i varf\u00ebr nisi t\u00eb qante dhe n\u00eb fund t\u00eb faljes, hoxha e pyeti se \u00e7far\u00eb po e brente m\u2019u aty n\u00eb sht\u00ebpin\u00eb e Zotit, besimtari i tha me sinqeritetin e tij t\u00eb skajsh\u00ebm: \u201cTek e shihja mjekr\u00ebn t\u00ebnde, hoxh\u00eb efendi, mua m\u2019u kujtua [&hellip;]","og_url":"https:\/\/fjala.info\/2009-2015\/atdhe-i-tradhtuar\/","og_site_name":"FjALA e LIR\u00cb - Arkivi","article_published_time":"2011-01-27T21:21:51+00:00","author":"admin","twitter_card":"summary_large_image","twitter_misc":{"Written by":"admin","Est. reading time":"10 minutes"},"schema":{"@context":"https:\/\/schema.org","@graph":[{"@type":"Article","@id":"https:\/\/fjala.info\/2009-2015\/atdhe-i-tradhtuar\/#article","isPartOf":{"@id":"https:\/\/fjala.info\/2009-2015\/atdhe-i-tradhtuar\/"},"author":{"name":"admin","@id":"https:\/\/fjala.info\/2009-2015\/#\/schema\/person\/3aa1163ef05469c496fc94e77611ada2"},"headline":"Atdhe i tradhtuar","datePublished":"2011-01-27T21:21:51+00:00","mainEntityOfPage":{"@id":"https:\/\/fjala.info\/2009-2015\/atdhe-i-tradhtuar\/"},"wordCount":2087,"commentCount":1,"publisher":{"@id":"https:\/\/fjala.info\/2009-2015\/#organization"},"articleSection":["Artikuj"],"inLanguage":"sq-AL","potentialAction":[{"@type":"CommentAction","name":"Comment","target":["https:\/\/fjala.info\/2009-2015\/atdhe-i-tradhtuar\/#respond"]}]},{"@type":"WebPage","@id":"https:\/\/fjala.info\/2009-2015\/atdhe-i-tradhtuar\/","url":"https:\/\/fjala.info\/2009-2015\/atdhe-i-tradhtuar\/","name":"Atdhe i tradhtuar - FjALA e LIR\u00cb - Arkivi","isPartOf":{"@id":"https:\/\/fjala.info\/2009-2015\/#website"},"datePublished":"2011-01-27T21:21:51+00:00","breadcrumb":{"@id":"https:\/\/fjala.info\/2009-2015\/atdhe-i-tradhtuar\/#breadcrumb"},"inLanguage":"sq-AL","potentialAction":[{"@type":"ReadAction","target":["https:\/\/fjala.info\/2009-2015\/atdhe-i-tradhtuar\/"]}]},{"@type":"BreadcrumbList","@id":"https:\/\/fjala.info\/2009-2015\/atdhe-i-tradhtuar\/#breadcrumb","itemListElement":[{"@type":"ListItem","position":1,"name":"Home","item":"https:\/\/fjala.info\/2009-2015\/"},{"@type":"ListItem","position":2,"name":"Atdhe i tradhtuar"}]},{"@type":"WebSite","@id":"https:\/\/fjala.info\/2009-2015\/#website","url":"https:\/\/fjala.info\/2009-2015\/","name":"FjALA e LIR\u00cb - Arkivi","description":"Arkivi 2009-2015","publisher":{"@id":"https:\/\/fjala.info\/2009-2015\/#organization"},"potentialAction":[{"@type":"SearchAction","target":{"@type":"EntryPoint","urlTemplate":"https:\/\/fjala.info\/2009-2015\/?s={search_term_string}"},"query-input":{"@type":"PropertyValueSpecification","valueRequired":true,"valueName":"search_term_string"}}],"inLanguage":"sq-AL"},{"@type":"Organization","@id":"https:\/\/fjala.info\/2009-2015\/#organization","name":"FjALA e LIR\u00cb - Arkivi","url":"https:\/\/fjala.info\/2009-2015\/","logo":{"@type":"ImageObject","inLanguage":"sq-AL","@id":"https:\/\/fjala.info\/2009-2015\/#\/schema\/logo\/image\/","url":"","contentUrl":"","caption":"FjALA e LIR\u00cb - Arkivi"},"image":{"@id":"https:\/\/fjala.info\/2009-2015\/#\/schema\/logo\/image\/"}},{"@type":"Person","@id":"https:\/\/fjala.info\/2009-2015\/#\/schema\/person\/3aa1163ef05469c496fc94e77611ada2","name":"admin","image":{"@type":"ImageObject","inLanguage":"sq-AL","@id":"https:\/\/fjala.info\/2009-2015\/wp-content\/uploads\/2012\/02\/arben_cokaj-120x150.jpg","url":"https:\/\/fjala.info\/2009-2015\/wp-content\/uploads\/2012\/02\/arben_cokaj-120x150.jpg","contentUrl":"https:\/\/fjala.info\/2009-2015\/wp-content\/uploads\/2012\/02\/arben_cokaj-120x150.jpg","caption":"admin"},"description":"Admin, Fjala e Lir\u00eb","sameAs":["https:\/\/fjala.info\/"],"url":"https:\/\/fjala.info\/2009-2015\/author\/admin\/"}]}},"_links":{"self":[{"href":"https:\/\/fjala.info\/2009-2015\/wp-json\/wp\/v2\/posts\/5967","targetHints":{"allow":["GET"]}}],"collection":[{"href":"https:\/\/fjala.info\/2009-2015\/wp-json\/wp\/v2\/posts"}],"about":[{"href":"https:\/\/fjala.info\/2009-2015\/wp-json\/wp\/v2\/types\/post"}],"author":[{"embeddable":true,"href":"https:\/\/fjala.info\/2009-2015\/wp-json\/wp\/v2\/users\/1"}],"replies":[{"embeddable":true,"href":"https:\/\/fjala.info\/2009-2015\/wp-json\/wp\/v2\/comments?post=5967"}],"version-history":[{"count":0,"href":"https:\/\/fjala.info\/2009-2015\/wp-json\/wp\/v2\/posts\/5967\/revisions"}],"wp:attachment":[{"href":"https:\/\/fjala.info\/2009-2015\/wp-json\/wp\/v2\/media?parent=5967"}],"wp:term":[{"taxonomy":"category","embeddable":true,"href":"https:\/\/fjala.info\/2009-2015\/wp-json\/wp\/v2\/categories?post=5967"},{"taxonomy":"post_tag","embeddable":true,"href":"https:\/\/fjala.info\/2009-2015\/wp-json\/wp\/v2\/tags?post=5967"}],"curies":[{"name":"wp","href":"https:\/\/api.w.org\/{rel}","templated":true}]}}