{"id":5963,"date":"2011-01-27T22:06:58","date_gmt":"2011-01-27T21:06:58","guid":{"rendered":"http:\/\/fjala.shkoder.net\/?p=5963"},"modified":"2011-01-27T22:06:58","modified_gmt":"2011-01-27T21:06:58","slug":"lajcak-zbardhet-plani-i-be-se-per-negocimin-e-krizes","status":"publish","type":"post","link":"https:\/\/fjala.info\/2009-2015\/lajcak-zbardhet-plani-i-be-se-per-negocimin-e-krizes\/","title":{"rendered":"Laj\u00e7ak, zbardhet plani i BE-s\u00eb p\u00ebr negocimin e kriz\u00ebs"},"content":{"rendered":"<p><strong>Fatjona Mejdini<\/strong><\/p>\n<p>Platforma e Brukselit p\u00ebrfaq\u00ebson tri faza: qet\u00ebsimi, diskutimi dhe m\u00eb pas drafti p\u00ebr kompromis<br \/>\nBashkimi Europian i dha dje politik\u00ebs shqiptare nj\u00eb ultimatum t\u00eb qart\u00eb p\u00ebr sa i p\u00ebrket q\u00ebndrimit q\u00eb mazhoranca dhe opozita duhet t\u00eb ken\u00eb pas ngjarjeve t\u00eb 21 janarit. Ky mesazh, i cili kishte si fjal\u00ebt ky\u00e7 ndaljen e dhun\u00ebs dhe hetim p\u00ebr vrasjet, ju p\u00ebrcoll dje drejtuesve m\u00eb t\u00eb lart\u00eb t\u00eb vendit, si\u00e7 ishte Presidenti Bamir Topi, Kryeministri Berisha dhe kreu i opozit\u00ebs, Edi Rama nga i d\u00ebrguari i BE-s\u00eb p\u00ebr k\u00ebt\u00eb \u00e7\u00ebshtje, Miroslav Laj\u00e7ak.<\/p>\n<p>Pas takimeve intensive t\u00eb cilat u mbyll\u00ebn n\u00eb mesdit\u00ebn e djeshme, Laj\u00e7ak b\u00ebri nj\u00eb komunikim t\u00eb shkurt\u00ebr me median dhe theksoi n\u00eb m\u00ebnyr\u00eb t\u00eb qart\u00eb se BE-ja kishte disa k\u00ebrkesat t\u00eb cilat ishin nj\u00eb detyrim p\u00ebr politik\u00ebn shqiptare, n\u00eb rast se ata k\u00ebrkonin q\u00eb vendi t\u00eb ecte n\u00eb rrug\u00ebn e tij drejt Bashkimit Europian. \u201cE b\u00ebra t\u00eb qart\u00eb q\u00eb e ardhmja europiane e Shqip\u00ebris\u00eb varet n\u00ebse b\u00ebjn\u00eb at\u00eb q\u00eb u k\u00ebrkojm\u00eb ne dhe e b\u00ebjn\u00eb tani\u201d, &#8211; theksoi n\u00eb m\u00ebnyr\u00eb t\u00eb prer\u00eb i d\u00ebrguari slloven.<\/p>\n<p>Duke u rikthyer tek k\u00ebrkesat e tij, Laj\u00e7ak deklaroi se partit\u00eb duhet t\u00eb dinin se nuk mund t\u00eb q\u00ebndronin mbi institucionet dhe duhet t\u00eb shmangnin \u00e7do lloj acarimi t\u00eb m\u00ebtejsh\u00ebm t\u00eb situat\u00ebs. Po k\u00ebshtu, n\u00eb k\u00ebrkesat e BE-s\u00eb, Laj\u00e7ak e vuri theksin tek nevoja p\u00ebr t\u00eb v\u00ebn\u00eb p\u00ebrpara drejt\u00ebsis\u00eb vras\u00ebsit e tre personave p\u00ebrgjat\u00eb demonstrat\u00ebs s\u00eb 21 janarit.<\/p>\n<p>\u201cBE-ja k\u00ebrkon parandalimin e \u00e7do dhune dhe gjakderdhjeje t\u00eb m\u00ebtejshme, funksionimin e institucioneve shtet\u00ebrore dhe respektimin e tyre; askush nuk \u00ebsht\u00eb mbi institucionet shtet\u00ebrore, nxjerrjen para drejt\u00ebsis\u00eb t\u00eb p\u00ebrgjegj\u00ebsive q\u00eb shkaktuan vdekjet, shmangien e \u00e7do veprimi q\u00eb do t\u00eb \u00e7onte n\u00eb zgjerimin e m\u00ebtejsh\u00ebm t\u00eb hendekut q\u00eb ndan aktualisht sken\u00ebn politike dhe shoq\u00ebrin\u00eb dhe q\u00eb do t\u00eb rriste m\u00eb tej nivelin e konfrontimeve dhe s\u00eb fundi, kthimin e Shqip\u00ebris\u00eb drejt rrug\u00ebs europiane\u201d, &#8211; ishin k\u00ebrkesat q\u00eb Laj\u00e7ak i renditi t\u00eb p\u00ebrmbledhura n\u00eb m\u00ebnyr\u00eb koncize p\u00ebrpara medias, duke b\u00ebr\u00eb t\u00eb ditur se mbi k\u00ebto k\u00ebrkesa kishte biseduar edhe me drejtuesit e lart\u00eb t\u00eb vendit. Nga ana tjet\u00ebr, gjat\u00eb deklarat\u00ebs s\u00eb shkurt\u00ebr p\u00ebr shtyp q\u00eb mbajti i d\u00ebrguari slloven i BE-s\u00eb, la t\u00eb hapur mund\u00ebsin\u00eb e vizitave n\u00eb Shqip\u00ebri edhe t\u00eb drejtuesve m\u00eb t\u00eb lart\u00eb t\u00eb unionit, si\u00e7 jan\u00eb Catherine Ashton dhe Stefan Fule. \u201cBE-ja \u00ebsht\u00eb bashk\u00eb me ju, e gatshme p\u00ebr ta ndihmuar vendin tuaj.<\/p>\n<p>Jemi t\u00eb gatsh\u00ebm t\u00eb kthehemi n\u00eb Shqip\u00ebri n\u00eb \u00e7do moment. Si Ashton dhe Fule jan\u00eb t\u00eb gatsh\u00ebm t\u00eb vijn\u00eb s\u00ebrish, por \u00ebsht\u00eb e r\u00ebnd\u00ebsishme q\u00eb politikan\u00ebt t\u00eb b\u00ebjn\u00eb l\u00ebvizjen e par\u00eb t\u00eb duhur n\u00eb drejtimin e duhur. Ata e din\u00eb sakt\u00ebsisht se \u00e7far\u00eb duhet b\u00ebr\u00eb\u201d, &#8211; theksoi n\u00eb fund t\u00eb deklarat\u00ebs s\u00eb tij, Laj\u00e7ak. N\u00eb nj\u00eb interpretim t\u00eb saj duket se n\u00eb nj\u00eb faze tjet\u00ebr t\u00eb hetimit dhe t\u00eb perceptimit nga ana e politik\u00ebs t\u00eb ngjarjeve t\u00eb 21 janarit, pal\u00ebt mund t\u00eb zhvillojn\u00eb negociata me krer\u00ebt m\u00eb t\u00eb lart\u00eb t\u00eb BE-s\u00eb.<\/p>\n<p>Por, gjat\u00eb takimit t\u00eb Laj\u00e7ak u vu re edhe nevoja e p\u00ebrqendrimit t\u00eb dialogut politik drejt Presidenc\u00ebs. K\u00ebt\u00eb shembull e dha vet\u00eb i d\u00ebrguari i BE-s\u00eb, duke zhvilluar dy takime brenda dit\u00ebs me Presidentin Bamir Topi. Takimi i par\u00eb ishte prezantues dhe si\u00e7 b\u00ebhet e ditur nga zyra e shtypit t\u00eb Presidenc\u00ebs, takimi i dyt\u00eb ishte konsultativ nisur nga informacioni q\u00eb Laj\u00e7ek kishte marr\u00eb nga dy drejtuesit e partive kryesore n\u00eb vend.<\/p>\n","protected":false},"excerpt":{"rendered":"<p>Fatjona Mejdini Platforma e Brukselit p\u00ebrfaq\u00ebson tri faza: qet\u00ebsimi, diskutimi dhe m\u00eb pas drafti p\u00ebr kompromis Bashkimi Europian i dha dje politik\u00ebs shqiptare nj\u00eb ultimatum t\u00eb qart\u00eb p\u00ebr sa i p\u00ebrket q\u00ebndrimit q\u00eb mazhoranca dhe opozita duhet t\u00eb ken\u00eb pas ngjarjeve t\u00eb 21 janarit. Ky mesazh, i cili kishte si fjal\u00ebt ky\u00e7 ndaljen e dhun\u00ebs [&hellip;]<\/p>\n","protected":false},"author":1,"featured_media":0,"comment_status":"open","ping_status":"closed","sticky":false,"template":"","format":"standard","meta":{"footnotes":""},"categories":[2],"tags":[],"class_list":{"0":"post-5963","1":"post","2":"type-post","3":"status-publish","4":"format-standard","6":"category-artikuj"},"yoast_head":"<!-- This site is optimized with the Yoast SEO plugin v27.4 - https:\/\/yoast.com\/product\/yoast-seo-wordpress\/ -->\n<title>Laj\u00e7ak, zbardhet plani i BE-s\u00eb p\u00ebr negocimin e kriz\u00ebs - FjALA e LIR\u00cb - Arkivi<\/title>\n<meta name=\"robots\" content=\"index, follow, max-snippet:-1, max-image-preview:large, max-video-preview:-1\" \/>\n<link rel=\"canonical\" href=\"https:\/\/fjala.info\/2009-2015\/lajcak-zbardhet-plani-i-be-se-per-negocimin-e-krizes\/\" \/>\n<meta property=\"og:locale\" content=\"sq_AL\" \/>\n<meta property=\"og:type\" content=\"article\" \/>\n<meta property=\"og:title\" content=\"Laj\u00e7ak, zbardhet plani i BE-s\u00eb p\u00ebr negocimin e kriz\u00ebs - FjALA e LIR\u00cb - Arkivi\" \/>\n<meta property=\"og:description\" content=\"Fatjona Mejdini Platforma e Brukselit p\u00ebrfaq\u00ebson tri faza: qet\u00ebsimi, diskutimi dhe m\u00eb pas drafti p\u00ebr kompromis Bashkimi Europian i dha dje politik\u00ebs shqiptare nj\u00eb ultimatum t\u00eb qart\u00eb p\u00ebr sa i p\u00ebrket q\u00ebndrimit q\u00eb mazhoranca dhe opozita duhet t\u00eb ken\u00eb pas ngjarjeve t\u00eb 21 janarit. Ky mesazh, i cili kishte si fjal\u00ebt ky\u00e7 ndaljen e dhun\u00ebs [&hellip;]\" \/>\n<meta property=\"og:url\" content=\"https:\/\/fjala.info\/2009-2015\/lajcak-zbardhet-plani-i-be-se-per-negocimin-e-krizes\/\" \/>\n<meta property=\"og:site_name\" content=\"FjALA e LIR\u00cb - Arkivi\" \/>\n<meta property=\"article:published_time\" content=\"2011-01-27T21:06:58+00:00\" \/>\n<meta name=\"author\" content=\"admin\" \/>\n<meta name=\"twitter:card\" content=\"summary_large_image\" \/>\n<meta name=\"twitter:label1\" content=\"Written by\" \/>\n\t<meta name=\"twitter:data1\" content=\"admin\" \/>\n\t<meta name=\"twitter:label2\" content=\"Est. reading time\" \/>\n\t<meta name=\"twitter:data2\" content=\"3 minutes\" \/>\n<script type=\"application\/ld+json\" class=\"yoast-schema-graph\">{\"@context\":\"https:\\\/\\\/schema.org\",\"@graph\":[{\"@type\":\"Article\",\"@id\":\"https:\\\/\\\/fjala.info\\\/2009-2015\\\/lajcak-zbardhet-plani-i-be-se-per-negocimin-e-krizes\\\/#article\",\"isPartOf\":{\"@id\":\"https:\\\/\\\/fjala.info\\\/2009-2015\\\/lajcak-zbardhet-plani-i-be-se-per-negocimin-e-krizes\\\/\"},\"author\":{\"name\":\"admin\",\"@id\":\"https:\\\/\\\/fjala.info\\\/2009-2015\\\/#\\\/schema\\\/person\\\/3aa1163ef05469c496fc94e77611ada2\"},\"headline\":\"Laj\u00e7ak, zbardhet plani i BE-s\u00eb p\u00ebr negocimin e kriz\u00ebs\",\"datePublished\":\"2011-01-27T21:06:58+00:00\",\"mainEntityOfPage\":{\"@id\":\"https:\\\/\\\/fjala.info\\\/2009-2015\\\/lajcak-zbardhet-plani-i-be-se-per-negocimin-e-krizes\\\/\"},\"wordCount\":667,\"commentCount\":0,\"publisher\":{\"@id\":\"https:\\\/\\\/fjala.info\\\/2009-2015\\\/#organization\"},\"articleSection\":[\"Artikuj\"],\"inLanguage\":\"sq-AL\",\"potentialAction\":[{\"@type\":\"CommentAction\",\"name\":\"Comment\",\"target\":[\"https:\\\/\\\/fjala.info\\\/2009-2015\\\/lajcak-zbardhet-plani-i-be-se-per-negocimin-e-krizes\\\/#respond\"]}]},{\"@type\":\"WebPage\",\"@id\":\"https:\\\/\\\/fjala.info\\\/2009-2015\\\/lajcak-zbardhet-plani-i-be-se-per-negocimin-e-krizes\\\/\",\"url\":\"https:\\\/\\\/fjala.info\\\/2009-2015\\\/lajcak-zbardhet-plani-i-be-se-per-negocimin-e-krizes\\\/\",\"name\":\"Laj\u00e7ak, zbardhet plani i BE-s\u00eb p\u00ebr negocimin e kriz\u00ebs - FjALA e LIR\u00cb - Arkivi\",\"isPartOf\":{\"@id\":\"https:\\\/\\\/fjala.info\\\/2009-2015\\\/#website\"},\"datePublished\":\"2011-01-27T21:06:58+00:00\",\"breadcrumb\":{\"@id\":\"https:\\\/\\\/fjala.info\\\/2009-2015\\\/lajcak-zbardhet-plani-i-be-se-per-negocimin-e-krizes\\\/#breadcrumb\"},\"inLanguage\":\"sq-AL\",\"potentialAction\":[{\"@type\":\"ReadAction\",\"target\":[\"https:\\\/\\\/fjala.info\\\/2009-2015\\\/lajcak-zbardhet-plani-i-be-se-per-negocimin-e-krizes\\\/\"]}]},{\"@type\":\"BreadcrumbList\",\"@id\":\"https:\\\/\\\/fjala.info\\\/2009-2015\\\/lajcak-zbardhet-plani-i-be-se-per-negocimin-e-krizes\\\/#breadcrumb\",\"itemListElement\":[{\"@type\":\"ListItem\",\"position\":1,\"name\":\"Home\",\"item\":\"https:\\\/\\\/fjala.info\\\/2009-2015\\\/\"},{\"@type\":\"ListItem\",\"position\":2,\"name\":\"Laj\u00e7ak, zbardhet plani i BE-s\u00eb p\u00ebr negocimin e kriz\u00ebs\"}]},{\"@type\":\"WebSite\",\"@id\":\"https:\\\/\\\/fjala.info\\\/2009-2015\\\/#website\",\"url\":\"https:\\\/\\\/fjala.info\\\/2009-2015\\\/\",\"name\":\"FjALA e LIR\u00cb - Arkivi\",\"description\":\"Arkivi 2009-2015\",\"publisher\":{\"@id\":\"https:\\\/\\\/fjala.info\\\/2009-2015\\\/#organization\"},\"potentialAction\":[{\"@type\":\"SearchAction\",\"target\":{\"@type\":\"EntryPoint\",\"urlTemplate\":\"https:\\\/\\\/fjala.info\\\/2009-2015\\\/?s={search_term_string}\"},\"query-input\":{\"@type\":\"PropertyValueSpecification\",\"valueRequired\":true,\"valueName\":\"search_term_string\"}}],\"inLanguage\":\"sq-AL\"},{\"@type\":\"Organization\",\"@id\":\"https:\\\/\\\/fjala.info\\\/2009-2015\\\/#organization\",\"name\":\"FjALA e LIR\u00cb - Arkivi\",\"url\":\"https:\\\/\\\/fjala.info\\\/2009-2015\\\/\",\"logo\":{\"@type\":\"ImageObject\",\"inLanguage\":\"sq-AL\",\"@id\":\"https:\\\/\\\/fjala.info\\\/2009-2015\\\/#\\\/schema\\\/logo\\\/image\\\/\",\"url\":\"\",\"contentUrl\":\"\",\"caption\":\"FjALA e LIR\u00cb - Arkivi\"},\"image\":{\"@id\":\"https:\\\/\\\/fjala.info\\\/2009-2015\\\/#\\\/schema\\\/logo\\\/image\\\/\"}},{\"@type\":\"Person\",\"@id\":\"https:\\\/\\\/fjala.info\\\/2009-2015\\\/#\\\/schema\\\/person\\\/3aa1163ef05469c496fc94e77611ada2\",\"name\":\"admin\",\"image\":{\"@type\":\"ImageObject\",\"inLanguage\":\"sq-AL\",\"@id\":\"https:\\\/\\\/fjala.info\\\/2009-2015\\\/wp-content\\\/uploads\\\/2012\\\/02\\\/arben_cokaj-120x150.jpg\",\"url\":\"https:\\\/\\\/fjala.info\\\/2009-2015\\\/wp-content\\\/uploads\\\/2012\\\/02\\\/arben_cokaj-120x150.jpg\",\"contentUrl\":\"https:\\\/\\\/fjala.info\\\/2009-2015\\\/wp-content\\\/uploads\\\/2012\\\/02\\\/arben_cokaj-120x150.jpg\",\"caption\":\"admin\"},\"description\":\"Admin, Fjala e Lir\u00eb\",\"sameAs\":[\"https:\\\/\\\/fjala.info\\\/\"],\"url\":\"https:\\\/\\\/fjala.info\\\/2009-2015\\\/author\\\/admin\\\/\"}]}<\/script>\n<!-- \/ Yoast SEO plugin. -->","yoast_head_json":{"title":"Laj\u00e7ak, zbardhet plani i BE-s\u00eb p\u00ebr negocimin e kriz\u00ebs - FjALA e LIR\u00cb - Arkivi","robots":{"index":"index","follow":"follow","max-snippet":"max-snippet:-1","max-image-preview":"max-image-preview:large","max-video-preview":"max-video-preview:-1"},"canonical":"https:\/\/fjala.info\/2009-2015\/lajcak-zbardhet-plani-i-be-se-per-negocimin-e-krizes\/","og_locale":"sq_AL","og_type":"article","og_title":"Laj\u00e7ak, zbardhet plani i BE-s\u00eb p\u00ebr negocimin e kriz\u00ebs - FjALA e LIR\u00cb - Arkivi","og_description":"Fatjona Mejdini Platforma e Brukselit p\u00ebrfaq\u00ebson tri faza: qet\u00ebsimi, diskutimi dhe m\u00eb pas drafti p\u00ebr kompromis Bashkimi Europian i dha dje politik\u00ebs shqiptare nj\u00eb ultimatum t\u00eb qart\u00eb p\u00ebr sa i p\u00ebrket q\u00ebndrimit q\u00eb mazhoranca dhe opozita duhet t\u00eb ken\u00eb pas ngjarjeve t\u00eb 21 janarit. Ky mesazh, i cili kishte si fjal\u00ebt ky\u00e7 ndaljen e dhun\u00ebs [&hellip;]","og_url":"https:\/\/fjala.info\/2009-2015\/lajcak-zbardhet-plani-i-be-se-per-negocimin-e-krizes\/","og_site_name":"FjALA e LIR\u00cb - Arkivi","article_published_time":"2011-01-27T21:06:58+00:00","author":"admin","twitter_card":"summary_large_image","twitter_misc":{"Written by":"admin","Est. reading time":"3 minutes"},"schema":{"@context":"https:\/\/schema.org","@graph":[{"@type":"Article","@id":"https:\/\/fjala.info\/2009-2015\/lajcak-zbardhet-plani-i-be-se-per-negocimin-e-krizes\/#article","isPartOf":{"@id":"https:\/\/fjala.info\/2009-2015\/lajcak-zbardhet-plani-i-be-se-per-negocimin-e-krizes\/"},"author":{"name":"admin","@id":"https:\/\/fjala.info\/2009-2015\/#\/schema\/person\/3aa1163ef05469c496fc94e77611ada2"},"headline":"Laj\u00e7ak, zbardhet plani i BE-s\u00eb p\u00ebr negocimin e kriz\u00ebs","datePublished":"2011-01-27T21:06:58+00:00","mainEntityOfPage":{"@id":"https:\/\/fjala.info\/2009-2015\/lajcak-zbardhet-plani-i-be-se-per-negocimin-e-krizes\/"},"wordCount":667,"commentCount":0,"publisher":{"@id":"https:\/\/fjala.info\/2009-2015\/#organization"},"articleSection":["Artikuj"],"inLanguage":"sq-AL","potentialAction":[{"@type":"CommentAction","name":"Comment","target":["https:\/\/fjala.info\/2009-2015\/lajcak-zbardhet-plani-i-be-se-per-negocimin-e-krizes\/#respond"]}]},{"@type":"WebPage","@id":"https:\/\/fjala.info\/2009-2015\/lajcak-zbardhet-plani-i-be-se-per-negocimin-e-krizes\/","url":"https:\/\/fjala.info\/2009-2015\/lajcak-zbardhet-plani-i-be-se-per-negocimin-e-krizes\/","name":"Laj\u00e7ak, zbardhet plani i BE-s\u00eb p\u00ebr negocimin e kriz\u00ebs - FjALA e LIR\u00cb - Arkivi","isPartOf":{"@id":"https:\/\/fjala.info\/2009-2015\/#website"},"datePublished":"2011-01-27T21:06:58+00:00","breadcrumb":{"@id":"https:\/\/fjala.info\/2009-2015\/lajcak-zbardhet-plani-i-be-se-per-negocimin-e-krizes\/#breadcrumb"},"inLanguage":"sq-AL","potentialAction":[{"@type":"ReadAction","target":["https:\/\/fjala.info\/2009-2015\/lajcak-zbardhet-plani-i-be-se-per-negocimin-e-krizes\/"]}]},{"@type":"BreadcrumbList","@id":"https:\/\/fjala.info\/2009-2015\/lajcak-zbardhet-plani-i-be-se-per-negocimin-e-krizes\/#breadcrumb","itemListElement":[{"@type":"ListItem","position":1,"name":"Home","item":"https:\/\/fjala.info\/2009-2015\/"},{"@type":"ListItem","position":2,"name":"Laj\u00e7ak, zbardhet plani i BE-s\u00eb p\u00ebr negocimin e kriz\u00ebs"}]},{"@type":"WebSite","@id":"https:\/\/fjala.info\/2009-2015\/#website","url":"https:\/\/fjala.info\/2009-2015\/","name":"FjALA e LIR\u00cb - Arkivi","description":"Arkivi 2009-2015","publisher":{"@id":"https:\/\/fjala.info\/2009-2015\/#organization"},"potentialAction":[{"@type":"SearchAction","target":{"@type":"EntryPoint","urlTemplate":"https:\/\/fjala.info\/2009-2015\/?s={search_term_string}"},"query-input":{"@type":"PropertyValueSpecification","valueRequired":true,"valueName":"search_term_string"}}],"inLanguage":"sq-AL"},{"@type":"Organization","@id":"https:\/\/fjala.info\/2009-2015\/#organization","name":"FjALA e LIR\u00cb - Arkivi","url":"https:\/\/fjala.info\/2009-2015\/","logo":{"@type":"ImageObject","inLanguage":"sq-AL","@id":"https:\/\/fjala.info\/2009-2015\/#\/schema\/logo\/image\/","url":"","contentUrl":"","caption":"FjALA e LIR\u00cb - Arkivi"},"image":{"@id":"https:\/\/fjala.info\/2009-2015\/#\/schema\/logo\/image\/"}},{"@type":"Person","@id":"https:\/\/fjala.info\/2009-2015\/#\/schema\/person\/3aa1163ef05469c496fc94e77611ada2","name":"admin","image":{"@type":"ImageObject","inLanguage":"sq-AL","@id":"https:\/\/fjala.info\/2009-2015\/wp-content\/uploads\/2012\/02\/arben_cokaj-120x150.jpg","url":"https:\/\/fjala.info\/2009-2015\/wp-content\/uploads\/2012\/02\/arben_cokaj-120x150.jpg","contentUrl":"https:\/\/fjala.info\/2009-2015\/wp-content\/uploads\/2012\/02\/arben_cokaj-120x150.jpg","caption":"admin"},"description":"Admin, Fjala e Lir\u00eb","sameAs":["https:\/\/fjala.info\/"],"url":"https:\/\/fjala.info\/2009-2015\/author\/admin\/"}]}},"_links":{"self":[{"href":"https:\/\/fjala.info\/2009-2015\/wp-json\/wp\/v2\/posts\/5963","targetHints":{"allow":["GET"]}}],"collection":[{"href":"https:\/\/fjala.info\/2009-2015\/wp-json\/wp\/v2\/posts"}],"about":[{"href":"https:\/\/fjala.info\/2009-2015\/wp-json\/wp\/v2\/types\/post"}],"author":[{"embeddable":true,"href":"https:\/\/fjala.info\/2009-2015\/wp-json\/wp\/v2\/users\/1"}],"replies":[{"embeddable":true,"href":"https:\/\/fjala.info\/2009-2015\/wp-json\/wp\/v2\/comments?post=5963"}],"version-history":[{"count":0,"href":"https:\/\/fjala.info\/2009-2015\/wp-json\/wp\/v2\/posts\/5963\/revisions"}],"wp:attachment":[{"href":"https:\/\/fjala.info\/2009-2015\/wp-json\/wp\/v2\/media?parent=5963"}],"wp:term":[{"taxonomy":"category","embeddable":true,"href":"https:\/\/fjala.info\/2009-2015\/wp-json\/wp\/v2\/categories?post=5963"},{"taxonomy":"post_tag","embeddable":true,"href":"https:\/\/fjala.info\/2009-2015\/wp-json\/wp\/v2\/tags?post=5963"}],"curies":[{"name":"wp","href":"https:\/\/api.w.org\/{rel}","templated":true}]}}