{"id":5960,"date":"2011-01-27T21:41:54","date_gmt":"2011-01-27T20:41:54","guid":{"rendered":"http:\/\/fjala.shkoder.net\/?p=5960"},"modified":"2011-01-27T21:41:54","modified_gmt":"2011-01-27T20:41:54","slug":"a-ishte-21-janari-nje-grusht-shteti","status":"publish","type":"post","link":"https:\/\/fjala.info\/2009-2015\/a-ishte-21-janari-nje-grusht-shteti\/","title":{"rendered":"A ishte 21 janari nj\u00eb grusht shteti?"},"content":{"rendered":"<p><img loading=\"lazy\" decoding=\"async\" class=\"alignleft size-full wp-image-5961\" title=\"policia_proteste\" src=\"http:\/\/fjala.shkoder.net\/wp-content\/uploads\/2011\/01\/policia_proteste.jpg\" alt=\"\" width=\"250\" height=\"164\" \/><br \/>\n<strong>Piro Misha<\/strong><\/p>\n<p>Gardian\u00eb t\u00eb rendit e t\u00eb ligjit, apo &#8230;.? Sipas kryeministrit t\u00eb vendit, n\u00eb 21 janar n\u00eb Tiran\u00eb ka patur nj\u00eb tentativ\u00eb p\u00ebr grusht shteti. Sipas tij, kjo tentativ\u00eb vazhdon, duke p\u00ebrfshir\u00eb, ve\u00e7 opozit\u00ebs, prokuroren e p\u00ebrgjithshme dhe SHISH-in. Ministra, deputet\u00eb, n\u00ebpun\u00ebs dhe mediat af\u00ebr qeveris\u00eb, e trajtojn\u00eb k\u00ebt\u00eb tashm\u00eb si fakt t\u00eb mir\u00ebq\u00ebn\u00eb. Po a qe v\u00ebrtet k\u00ebshtu? P\u00ebrgjigja e k\u00ebsaj pyetje ka mjaft r\u00ebnd\u00ebsi, sepse akuza p\u00ebr grusht shteti duket se s\u2019\u00ebsht\u00eb thjesht pjes\u00eb e arsenalit t\u00eb zakonsh\u00ebm propagandistik t\u00eb p\u00ebrdorur jo rrall\u00eb p\u00ebr t\u00eb k\u00ebrc\u00ebnuar e trembur kund\u00ebrshtarin, apo p\u00ebr t\u2019i dh\u00ebn\u00eb zem\u00ebr e mobilizuar t\u00eb vet\u00ebt.<\/p>\n<p>Kjo akuz\u00eb ka p\u00ebrligjur refuzimin e kryeministrit p\u00ebr t\u2019iu bindur urdh\u00ebr ndalimit t\u00eb l\u00ebshuar nga prokuroria p\u00ebr gjasht\u00eb krer\u00ebt e gard\u00ebs t\u00eb akuzuar p\u00ebr vrasje. Me t\u00eb \u00ebsht\u00eb p\u00ebrligjur p\u00ebrdorimi i arm\u00ebve t\u00eb zjarrit dhe vrasja me to e tre demonstruesve, duke paralajm\u00ebruar madje, se n\u00eb raste t\u00eb tilla \u00ebsht\u00eb e ligjshme t\u00eb vriten jo tre, por dhe tridhjet\u00eb e m\u00eb shum\u00eb vet\u00eb! N\u00eb k\u00ebt\u00eb kontekst, kryeministri k\u00ebrc\u00ebnoi publikisht liderin e opozit\u00ebs se do t\u00eb nd\u00ebshkohej \u2018n\u00eb m\u00ebnyr\u00eb ekzemplare e fatale\u201d, n\u00ebse provonte dhe nj\u00eb her\u00eb t\u00eb rrethonte kryeministrin\u00eb.<\/p>\n<p>S\u00ebrish n\u00eb em\u00ebr t\u00eb pandehm\u00ebs s\u00eb nj\u00eb grushti shteti n\u00eb vazhdim, kryeministri mblodhi gjeneral\u00ebt e ushtris\u00eb, duke k\u00ebrc\u00ebnuar me nj\u00eb fjalor v\u00ebrtet rr\u00ebqeth\u00ebs se \u2018do t\u2019i shtypte kok\u00ebn\u2019 t\u00eb gjith\u00eb atyre q\u00eb do provonin ta p\u00ebrs\u00ebrisnin nj\u00eb tentativ\u00eb t\u00eb till\u00eb. Gjithnj\u00eb n\u00eb em\u00ebr t\u00eb saj, policia ka kryer n\u00eb or\u00ebt e dit\u00ebt pas ngjarjes nj\u00eb s\u00ebr\u00eb veprimesh q\u00eb n\u00eb \u00e7far\u00ebdo kushti do t\u00eb ishin t\u00eb d\u00ebnueshme, si\u00e7 \u00ebsht\u00eb p\u00ebrdorimi abuziv i dhun\u00ebs me t\u00eb ndaluarit.<\/p>\n<p>Sidoqoft\u00eb, pyetja e par\u00eb q\u00eb shtrohet \u00ebsht\u00eb, p\u00ebrse k\u00ebsaj here kryeministri akuzoi p\u00ebr grusht shteti dhe jo m\u00eb p\u00ebr \u2018rebelim p\u00ebr t\u00eb rr\u00ebzuar pushtetin\u2019, si\u00e7 ka b\u00ebr\u00eb, p\u00ebr shembull, p\u00ebr at\u00eb q\u00eb ndodhi m\u00eb 1997! Sepse dihet q\u00eb fjala grusht (apo pu\u00e7) shteti ka nj\u00eb konotacion teorik e praktik t\u00eb p\u00ebrcaktuar qart\u00eb: nj\u00eb grusht shteti n\u00ebnkupton p\u00ebrpjekjen e befasishme p\u00ebr t\u00eb rr\u00ebzuar e marr\u00eb pushtetin e shtetin nga forca e segmente t\u00eb caktuara brenda vet\u00eb shtetit, sidomos ushtris\u00eb. N\u00eb tekstin e tij tashm\u00eb t\u00eb mir\u00ebnjohur, \u201cNj\u00eb doracak p\u00ebr nj\u00eb grusht shteti&#8221;, politologu dhe historiani i njohur amerikan Edward Lutwak, shpjegon se \u201cGrusht shteti kemi at\u00ebhere kur nj\u00eb segment i vog\u00ebl, por i r\u00ebnd\u00ebsish\u00ebm i aparatit shtet\u00ebror (zakonisht ushtria por jo vet\u00ebm ajo) p\u00ebrdoret p\u00ebr t\u00eb p\u00ebrmbysur qeverin\u00eb, duke marr\u00eb kontrollin e saj.<\/p>\n<p>\u201dAt\u00ebhere natyrsh\u00ebm, del pyetja: \u00c7\u2019ka parasysh Berisha kur akuzon p\u00ebr grusht shteti, po qe se s\u2019e p\u00ebrdor k\u00ebt\u00eb term n\u00eb m\u00ebnyr\u00eb figurative, apo si\u00e7 p\u00ebrdorej vend e pavend fjala pu\u00e7ist gjat\u00eb viteve t\u00eb diktatur\u00ebs, p\u00ebr t\u00eb akuzuar e d\u00ebnuar \u00e7do armik t\u00eb mundsh\u00ebm? Dhe duke vazhduar m\u00eb tej n\u00eb t\u00eb nj\u00ebjt\u00ebn linj\u00eb: a \u00ebsht\u00eb n\u00eb kontakt kryeministri i vendit me kryetarin e shtetit? Ligji p\u00ebrcakton qart\u00eb masat q\u00eb duhen marr\u00eb kur rendi kushtetues e siguria komb\u00ebtare jan\u00eb t\u00eb kanosura. P\u00ebrse ai s\u2019ka k\u00ebrkuar mbledhjen urgjente t\u00eb K\u00ebshillit Komb\u00ebtar t\u00eb Siguris\u00eb? N\u00eb kushtet e nj\u00eb grushti shteti n\u00eb vazhdim, pranohet qoft\u00eb dhe shpallja e gj\u00ebndjes s\u00eb jasht\u00ebzakonshme.<\/p>\n<p>At\u00ebhere, p\u00ebrse s\u2019e k\u00ebrkon k\u00ebt\u00eb mas\u00eb, p\u00ebrderisa vendi, sipas tij, p\u00ebrballet me nj\u00eb rrezik t\u00eb till\u00eb? P\u00ebrse s\u2019arreston autor\u00ebt e komplotit? Kudo n\u00eb bot\u00ebn demokratike, n\u00ebse verifikohet e provohet se ndodh grusht shteti, autor\u00ebt e nj\u00eb krimi kaq t\u00eb r\u00ebnd\u00eb, meritojn\u00eb nd\u00ebshkim t\u00eb plot ligjor. \u00c7\u2019do t\u00eb thot\u00eb ai vall\u00eb, kur paralajm\u00ebron t\u00eb mos e provojn\u00eb s\u00ebrish. Kur b\u00ebhet fjal\u00eb p\u00ebr tentativ\u00eb t\u00eb mir\u00ebfillt\u00eb grusht shteti, nj\u00eb her\u00eb mjafton e tepron. Po kur premton se do t\u2019i amnistoj\u00eb t\u00eb gjith\u00eb, sigurisht p\u00ebrve\u00e7 Ram\u00ebs, \u00e7ka parasysh? Sepse, me \u00e7\u2019dim\u00eb, tagrin p\u00ebr t\u00eb nd\u00ebshkuar e amnistuar e ka tjet\u00ebrkush dhe jo kryeministri.<\/p>\n<p>Po ka dhe di\u00e7ka tjet\u00ebr q\u00eb t\u00eb bie n\u00eb sy. N\u00ebse ai \u00ebsht\u00eb i bindur se ka qen\u00eb tentativ\u00eb p\u00ebr grusht shteti, p\u00ebrse n\u00eb vendimin e Kuvendit t\u00eb Shqip\u00ebris\u00eb t\u00eb seanc\u00ebs t\u00eb mbledhur me urgjenc\u00eb n\u00eb dark\u00ebn e 23 janart, fjala grusht shteti s\u2019p\u00ebrmendet asgj\u00ebkundi. Aty b\u00ebhet fjal\u00eb p\u00ebr krijimin e nj\u00eb Komisioni parlamentar hetimor p\u00ebr t\u00eb hetuar \u201cVeprimtarin\u00eb e institucioneve shtet\u00ebrore p\u00ebr zbulimin, identifikimin, p\u00ebrballimin, neutralizimin, pengimin dhe nd\u00ebshkimin e veprimit t\u00eb organizuar kriminal p\u00ebr dhunimin e institucioneve dhe p\u00ebrmbysjen e rendit kushtetues n\u00eb dat\u00ebn 21 janar 2011.\u201d<\/p>\n<p>S\u2019ka asnj\u00eb dyshim se n\u00eb 21 janar n\u00eb Tiran\u00eb ndodhi di\u00e7ka tep\u00ebr e r\u00ebnd\u00eb. Pam\u00eb veprime t\u00eb dhunshme q\u00eb kishim vite pa i par\u00eb, t\u00eb cilat n\u00eb \u00e7do rast e rrethan\u00eb jan\u00eb t\u00eb d\u00ebnueshme. N\u00eb vart\u00ebsi t\u00eb optik\u00ebs me t\u00eb cil\u00ebn njer\u00ebz t\u00eb ndrysh\u00ebm i shohin ngjarjet, faji i vihet nj\u00ebr\u00ebs apo tjetr\u00ebs pal\u00eb si shkaktare t\u00eb dhun\u00ebs, por sidoqoft\u00eb ligji \u00ebsht\u00eb fare i qart\u00eb se kush jan\u00eb veprimet e nd\u00ebshkueshme p\u00ebr raste t\u00eb tilla. Ka t\u00eb tjer\u00eb q\u00eb e faj\u00ebsojn\u00eb opozit\u00ebn jo vet\u00ebm q\u00eb s\u2019qe n\u00eb gjendje t\u00eb kontrollonte turm\u00ebn e demonstruesve, por dhe p\u00ebr gjuh\u00ebn nxit\u00ebse t\u00eb p\u00ebrdorur p\u00ebrpara demonstrat\u00ebs. Dhe s\u2019ka dyshim se dinamika e p\u00ebrgjegj\u00ebsit\u00eb e asaj q\u00eb ndodhi duhen gjykuar me gjakftoht\u00ebsi e p\u00ebrgjegj\u00ebsi, p\u00ebr t\u2019i dh\u00ebn\u00eb gjithkujt at\u00eb q\u00eb meriton sipas ligjit (e vet\u00ebm ligjit).<\/p>\n<p>Por ama, s\u2019ke si t\u00eb mos shtrosh pyetjen, a mjaftojn\u00eb veprimet e dy tre qind vet\u00ebve q\u00eb godasin policin\u00eb me gur\u00eb, \u00e7adra apo shkopinj, q\u00eb t\u00eb shpallet se paskemi patur nj\u00eb tentativ\u00eb p\u00ebr grusht shteti? Sepse at\u00ebhere natyrsh\u00ebm lind pyetja, po 14 shtatori i disa viteve m\u00eb par\u00eb \u00e7\u2019ishte, kur turma me arm\u00eb n\u00eb dor\u00eb, e prir\u00eb nga ata q\u00eb sot jan\u00eb n\u00eb pushtet, hyri dhe shkat\u00ebrroi jo pak institucione, p\u00ebrfshir\u00eb kryeministrin\u00eb, nd\u00ebrkoh\u00eb q\u00eb personi q\u00eb sot mban vendin e zevend\u00ebsministrit t\u00eb mbrojtjes, doli n\u00eb ekranin e televizionit shtet\u00ebror p\u00ebr t\u00eb shpallur ngadh\u00ebnjimtar marrjen e shtetit?<\/p>\n<p>Sigurisht, s\u2019p\u00ebrjashtohet q\u00eb kryeministri t\u00eb ket\u00eb t\u00eb dh\u00ebna t\u00eb tjera ve\u00e7 atyre q\u00eb ka b\u00ebr\u00eb publike dhe n\u00ebse ai arrin t\u00eb sjell\u00eb prova bind\u00ebse se v\u00ebrtet ka patur plane p\u00ebr nj\u00eb tentativ\u00eb t\u00eb till\u00eb, un\u00eb i pari do isha n\u00eb krah t\u00eb qeveris\u00eb n\u00eb mbrojtje t\u00eb rendit kushtetues. Por at\u00ebhere pyetja shtrohet, p\u00ebrse s\u2019i \u00e7on k\u00ebto prova n\u00eb institucionet e duhura t\u00eb cilave kushtetuta iu jep t\u00eb drejt\u00ebn t\u00eb hetojn\u00eb e nd\u00ebshkojn\u00eb autor\u00ebt. Sepse n\u00eb asnj\u00eb vend demokratik, kryeministri s\u2019mund t\u00eb jet\u00eb nj\u00ebkoh\u00ebsisht prokuror, gjykat\u00ebs dhe ekzekutiv. Thelbi i demokracis\u00eb q\u00ebndron pik\u00ebrisht n\u00eb ndarjen dhe pavar\u00ebsin\u00eb e k\u00ebtyre roleve. P\u00ebrndryshe kemi hyr\u00eb n\u00eb nj\u00eb rrug\u00eb ku vija ndar\u00ebse mes shtetit ligjor dhe atij antiligjor, hollohet mjaft, duke rrezikuar t\u00eb k\u00ebputet.<\/p>\n<p>N\u00eb mbasditen e 21 janarit n\u00eb mes t\u00eb Tiran\u00ebs u vran\u00eb tre njer\u00ebz. T\u00eb cil\u00ebt, s\u00eb paku nga sa u pa n\u00eb televizione, n\u00eb \u00e7astin kur u vran\u00eb s\u2019po b\u00ebnin asgj\u00eb t\u00eb paligjshme, q\u00eb t\u00eb p\u00ebrligjte vrasjen e tyre me plumb. U plagos\u00ebn, po me plumba, shum\u00eb t\u00eb tjer\u00eb. Dhe nga t\u00eb gjitha t\u00eb dh\u00ebnat e deritanishme, tregohet me gisht Garda e Republik\u00ebs. Sigurisht, do t\u00eb jen\u00eb hetimet ato q\u00eb do provojn\u00eb t\u00eb v\u00ebrtet\u00ebn, e cila duhet t\u00eb dal\u00eb me \u00e7do kusht, por le t\u00eb jemi t\u00eb qart\u00eb: n\u00ebse s\u2019i shkohet deri n\u00eb fund k\u00ebsaj historie jo vet\u00ebm q\u00eb do t\u00eb krijohet nj\u00eb precedent me pasoja t\u00eb paparashikueshme, por drejt\u00ebsia n\u00eb Shqip\u00ebri, edhe k\u00ebshtu mjaft e kontestueshme, ka p\u00ebr t\u00eb marr\u00eb goditjen fatale. N\u00eb nj\u00eb shoq\u00ebri demokratike jeta e njeriut \u00ebsht\u00eb mbi gjith\u00e7ka tjet\u00ebr.<\/p>\n<p>Fatkeq\u00ebsisht, p\u00ebrvoja e viteve t\u00eb tranzicionit na ka m\u00ebsuar se n\u00eb politik\u00ebn shqiptare ka shum\u00eb pap\u00ebrgjegjshm\u00ebri. \u00cbsht\u00eb kjo pap\u00ebrgjegjshm\u00ebri q\u00eb e ka shnd\u00ebrruar politik\u00ebn n\u00eb nj\u00eb sherr pafund. \u00cbsht\u00eb kjo pap\u00ebrgjegjshm\u00ebri q\u00eb e ka katandisur demokracin\u00eb e brisht\u00eb shqiptare n\u00eb nj\u00eb shfaqje t\u00eb deformuar ku mbizot\u00ebron logjika e m\u00eb t\u00eb fortit, duke demonstruar or\u00eb e \u00e7ast muskujt n\u00eb nj\u00eb gar\u00eb ku mbizot\u00ebron logjika atavike sipas s\u00eb cil\u00ebs kush b\u00ebrtet e k\u00ebrc\u00ebllin m\u00eb fort\u00eb dh\u00ebmb\u00ebt, e tregon se \u00ebsht\u00eb i zoti t\u00eb rreshtoj\u00eb m\u00eb shum\u00eb trima pas vetes, shpallet fitimtar.<\/p>\n<p>S\u2019besoj t\u00eb ket\u00eb shum\u00eb shqiptar\u00eb, me p\u00ebrjashtim t\u00eb ca kokave t\u00eb nxehta, q\u00eb t\u00eb mos jen\u00eb dakord me thirrjen q\u00eb i b\u00ebhet k\u00ebto dit\u00eb politikan\u00ebve shqiptar\u00eb p\u00ebr t\u00eb ulur tonet. Un\u00eb do t\u2019i b\u00ebja thirrje t\u00eb kafshojn\u00eb gjuh\u00ebn p\u00ebrpara se t\u00eb hapin goj\u00ebn t\u00eb flasin, sepse si\u00e7 thot\u00eb urt\u00ebsia popullore, fjala t\u00eb vret. Prova p\u00ebr k\u00ebt\u00eb kemi plot. Duke nisur nga seanca e turpshme e fundit parlamentare. A s\u2019ishte ajo nj\u00eb paralajm\u00ebrim i tragjedis\u00eb q\u00eb ndodhi?<\/p>\n<p>Dhe s\u2019ka dyshim se tash e tutje politikan\u00ebve tan\u00eb u duhet k\u00ebrkuar me forc\u00eb q\u00eb t\u00eb heqin dor\u00eb nj\u00ebher\u00eb e mir\u00eb nga retorika e forc\u00ebs, duke u treguar t\u00eb p\u00ebrgjegjsh\u00ebm p\u00ebr at\u00eb q\u00eb thon\u00eb. Duke i k\u00ebrkuar kryeministrit q\u00eb t\u00eb sillet e flas\u00eb si\u00e7 i ka hije nj\u00eb kryeministri, pa shp\u00ebrthime t\u00eb papranushme si ai i seanc\u00ebs s\u00eb fundit parlamentare; duke i k\u00ebrkuar kryetares s\u00eb Parlamentit q\u00eb t\u00eb kuptoj\u00eb se cili \u00ebsht\u00eb roli i saj institucional, duke mos i hedhur m\u00eb or\u00eb e \u00e7ast benzin\u00eb zjarrit; duke i k\u00ebrkuar opozit\u00ebs q\u00eb t\u00eb p\u00ebrdor\u00eb nj\u00eb gjuh\u00eb t\u00eb p\u00ebrgjegjshme e t\u00eb moderuar.<\/p>\n<p>Por s\u2019duhet harruar se ngjarjet e 21 janarit gris\u00ebn p\u00ebrfundimisht n\u00eb sy t\u00eb t\u00eb gjith\u00ebve fasad\u00ebn e normalitetit t\u00eb jet\u00ebs son\u00eb politike e institucionale. Dhe p\u00ebr t\u2019u kthyer n\u00eb normalitet, s\u2019mjafton thjesht t\u2019i hedhim ca uj\u00eb zjarrit. Duhen k\u00ebrkuar rr\u00ebnj\u00ebt e thella t\u00eb kriz\u00ebs, arsyet e atyre deformimeve jo t\u00eb pakta q\u00eb karakterizojn\u00eb sot jet\u00ebn shqiptare, p\u00ebr t\u2019i hapur rrug\u00eb v\u00ebrtet nj\u00eb zgjidhjeje t\u00eb qart\u00eb, t\u00eb besueshme e afatgjat\u00eb politike.<\/p>\n","protected":false},"excerpt":{"rendered":"<p>Piro Misha Gardian\u00eb t\u00eb rendit e t\u00eb ligjit, apo &#8230;.? Sipas kryeministrit t\u00eb vendit, n\u00eb 21 janar n\u00eb Tiran\u00eb ka patur nj\u00eb tentativ\u00eb p\u00ebr grusht shteti. Sipas tij, kjo tentativ\u00eb vazhdon, duke p\u00ebrfshir\u00eb, ve\u00e7 opozit\u00ebs, prokuroren e p\u00ebrgjithshme dhe SHISH-in. Ministra, deputet\u00eb, n\u00ebpun\u00ebs dhe mediat af\u00ebr qeveris\u00eb, e trajtojn\u00eb k\u00ebt\u00eb tashm\u00eb si fakt t\u00eb mir\u00ebq\u00ebn\u00eb. [&hellip;]<\/p>\n","protected":false},"author":1,"featured_media":0,"comment_status":"open","ping_status":"closed","sticky":false,"template":"","format":"standard","meta":{"footnotes":""},"categories":[2],"tags":[],"class_list":{"0":"post-5960","1":"post","2":"type-post","3":"status-publish","4":"format-standard","6":"category-artikuj"},"yoast_head":"<!-- This site is optimized with the Yoast SEO plugin v27.4 - https:\/\/yoast.com\/product\/yoast-seo-wordpress\/ -->\n<title>A ishte 21 janari nj\u00eb grusht shteti? - FjALA e LIR\u00cb - Arkivi<\/title>\n<meta name=\"robots\" content=\"index, follow, max-snippet:-1, max-image-preview:large, max-video-preview:-1\" \/>\n<link rel=\"canonical\" href=\"https:\/\/fjala.info\/2009-2015\/a-ishte-21-janari-nje-grusht-shteti\/\" \/>\n<meta property=\"og:locale\" content=\"sq_AL\" \/>\n<meta property=\"og:type\" content=\"article\" \/>\n<meta property=\"og:title\" content=\"A ishte 21 janari nj\u00eb grusht shteti? - FjALA e LIR\u00cb - Arkivi\" \/>\n<meta property=\"og:description\" content=\"Piro Misha Gardian\u00eb t\u00eb rendit e t\u00eb ligjit, apo &#8230;.? Sipas kryeministrit t\u00eb vendit, n\u00eb 21 janar n\u00eb Tiran\u00eb ka patur nj\u00eb tentativ\u00eb p\u00ebr grusht shteti. Sipas tij, kjo tentativ\u00eb vazhdon, duke p\u00ebrfshir\u00eb, ve\u00e7 opozit\u00ebs, prokuroren e p\u00ebrgjithshme dhe SHISH-in. Ministra, deputet\u00eb, n\u00ebpun\u00ebs dhe mediat af\u00ebr qeveris\u00eb, e trajtojn\u00eb k\u00ebt\u00eb tashm\u00eb si fakt t\u00eb mir\u00ebq\u00ebn\u00eb. [&hellip;]\" \/>\n<meta property=\"og:url\" content=\"https:\/\/fjala.info\/2009-2015\/a-ishte-21-janari-nje-grusht-shteti\/\" \/>\n<meta property=\"og:site_name\" content=\"FjALA e LIR\u00cb - Arkivi\" \/>\n<meta property=\"article:published_time\" content=\"2011-01-27T20:41:54+00:00\" \/>\n<meta property=\"og:image\" content=\"http:\/\/fjala.shkoder.net\/wp-content\/uploads\/2011\/01\/policia_proteste.jpg\" \/>\n<meta name=\"author\" content=\"admin\" \/>\n<meta name=\"twitter:card\" content=\"summary_large_image\" \/>\n<meta name=\"twitter:label1\" content=\"Written by\" \/>\n\t<meta name=\"twitter:data1\" content=\"admin\" \/>\n\t<meta name=\"twitter:label2\" content=\"Est. reading time\" \/>\n\t<meta name=\"twitter:data2\" content=\"9 minutes\" \/>\n<script type=\"application\/ld+json\" class=\"yoast-schema-graph\">{\"@context\":\"https:\\\/\\\/schema.org\",\"@graph\":[{\"@type\":\"Article\",\"@id\":\"https:\\\/\\\/fjala.info\\\/2009-2015\\\/a-ishte-21-janari-nje-grusht-shteti\\\/#article\",\"isPartOf\":{\"@id\":\"https:\\\/\\\/fjala.info\\\/2009-2015\\\/a-ishte-21-janari-nje-grusht-shteti\\\/\"},\"author\":{\"name\":\"admin\",\"@id\":\"https:\\\/\\\/fjala.info\\\/2009-2015\\\/#\\\/schema\\\/person\\\/3aa1163ef05469c496fc94e77611ada2\"},\"headline\":\"A ishte 21 janari nj\u00eb grusht shteti?\",\"datePublished\":\"2011-01-27T20:41:54+00:00\",\"mainEntityOfPage\":{\"@id\":\"https:\\\/\\\/fjala.info\\\/2009-2015\\\/a-ishte-21-janari-nje-grusht-shteti\\\/\"},\"wordCount\":1838,\"commentCount\":1,\"publisher\":{\"@id\":\"https:\\\/\\\/fjala.info\\\/2009-2015\\\/#organization\"},\"image\":{\"@id\":\"https:\\\/\\\/fjala.info\\\/2009-2015\\\/a-ishte-21-janari-nje-grusht-shteti\\\/#primaryimage\"},\"thumbnailUrl\":\"http:\\\/\\\/fjala.shkoder.net\\\/wp-content\\\/uploads\\\/2011\\\/01\\\/policia_proteste.jpg\",\"articleSection\":[\"Artikuj\"],\"inLanguage\":\"sq-AL\",\"potentialAction\":[{\"@type\":\"CommentAction\",\"name\":\"Comment\",\"target\":[\"https:\\\/\\\/fjala.info\\\/2009-2015\\\/a-ishte-21-janari-nje-grusht-shteti\\\/#respond\"]}]},{\"@type\":\"WebPage\",\"@id\":\"https:\\\/\\\/fjala.info\\\/2009-2015\\\/a-ishte-21-janari-nje-grusht-shteti\\\/\",\"url\":\"https:\\\/\\\/fjala.info\\\/2009-2015\\\/a-ishte-21-janari-nje-grusht-shteti\\\/\",\"name\":\"A ishte 21 janari nj\u00eb grusht shteti? - FjALA e LIR\u00cb - Arkivi\",\"isPartOf\":{\"@id\":\"https:\\\/\\\/fjala.info\\\/2009-2015\\\/#website\"},\"primaryImageOfPage\":{\"@id\":\"https:\\\/\\\/fjala.info\\\/2009-2015\\\/a-ishte-21-janari-nje-grusht-shteti\\\/#primaryimage\"},\"image\":{\"@id\":\"https:\\\/\\\/fjala.info\\\/2009-2015\\\/a-ishte-21-janari-nje-grusht-shteti\\\/#primaryimage\"},\"thumbnailUrl\":\"http:\\\/\\\/fjala.shkoder.net\\\/wp-content\\\/uploads\\\/2011\\\/01\\\/policia_proteste.jpg\",\"datePublished\":\"2011-01-27T20:41:54+00:00\",\"breadcrumb\":{\"@id\":\"https:\\\/\\\/fjala.info\\\/2009-2015\\\/a-ishte-21-janari-nje-grusht-shteti\\\/#breadcrumb\"},\"inLanguage\":\"sq-AL\",\"potentialAction\":[{\"@type\":\"ReadAction\",\"target\":[\"https:\\\/\\\/fjala.info\\\/2009-2015\\\/a-ishte-21-janari-nje-grusht-shteti\\\/\"]}]},{\"@type\":\"ImageObject\",\"inLanguage\":\"sq-AL\",\"@id\":\"https:\\\/\\\/fjala.info\\\/2009-2015\\\/a-ishte-21-janari-nje-grusht-shteti\\\/#primaryimage\",\"url\":\"http:\\\/\\\/fjala.shkoder.net\\\/wp-content\\\/uploads\\\/2011\\\/01\\\/policia_proteste.jpg\",\"contentUrl\":\"http:\\\/\\\/fjala.shkoder.net\\\/wp-content\\\/uploads\\\/2011\\\/01\\\/policia_proteste.jpg\"},{\"@type\":\"BreadcrumbList\",\"@id\":\"https:\\\/\\\/fjala.info\\\/2009-2015\\\/a-ishte-21-janari-nje-grusht-shteti\\\/#breadcrumb\",\"itemListElement\":[{\"@type\":\"ListItem\",\"position\":1,\"name\":\"Home\",\"item\":\"https:\\\/\\\/fjala.info\\\/2009-2015\\\/\"},{\"@type\":\"ListItem\",\"position\":2,\"name\":\"A ishte 21 janari nj\u00eb grusht shteti?\"}]},{\"@type\":\"WebSite\",\"@id\":\"https:\\\/\\\/fjala.info\\\/2009-2015\\\/#website\",\"url\":\"https:\\\/\\\/fjala.info\\\/2009-2015\\\/\",\"name\":\"FjALA e LIR\u00cb - Arkivi\",\"description\":\"Arkivi 2009-2015\",\"publisher\":{\"@id\":\"https:\\\/\\\/fjala.info\\\/2009-2015\\\/#organization\"},\"potentialAction\":[{\"@type\":\"SearchAction\",\"target\":{\"@type\":\"EntryPoint\",\"urlTemplate\":\"https:\\\/\\\/fjala.info\\\/2009-2015\\\/?s={search_term_string}\"},\"query-input\":{\"@type\":\"PropertyValueSpecification\",\"valueRequired\":true,\"valueName\":\"search_term_string\"}}],\"inLanguage\":\"sq-AL\"},{\"@type\":\"Organization\",\"@id\":\"https:\\\/\\\/fjala.info\\\/2009-2015\\\/#organization\",\"name\":\"FjALA e LIR\u00cb - Arkivi\",\"url\":\"https:\\\/\\\/fjala.info\\\/2009-2015\\\/\",\"logo\":{\"@type\":\"ImageObject\",\"inLanguage\":\"sq-AL\",\"@id\":\"https:\\\/\\\/fjala.info\\\/2009-2015\\\/#\\\/schema\\\/logo\\\/image\\\/\",\"url\":\"\",\"contentUrl\":\"\",\"caption\":\"FjALA e LIR\u00cb - Arkivi\"},\"image\":{\"@id\":\"https:\\\/\\\/fjala.info\\\/2009-2015\\\/#\\\/schema\\\/logo\\\/image\\\/\"}},{\"@type\":\"Person\",\"@id\":\"https:\\\/\\\/fjala.info\\\/2009-2015\\\/#\\\/schema\\\/person\\\/3aa1163ef05469c496fc94e77611ada2\",\"name\":\"admin\",\"image\":{\"@type\":\"ImageObject\",\"inLanguage\":\"sq-AL\",\"@id\":\"https:\\\/\\\/fjala.info\\\/2009-2015\\\/wp-content\\\/uploads\\\/2012\\\/02\\\/arben_cokaj-120x150.jpg\",\"url\":\"https:\\\/\\\/fjala.info\\\/2009-2015\\\/wp-content\\\/uploads\\\/2012\\\/02\\\/arben_cokaj-120x150.jpg\",\"contentUrl\":\"https:\\\/\\\/fjala.info\\\/2009-2015\\\/wp-content\\\/uploads\\\/2012\\\/02\\\/arben_cokaj-120x150.jpg\",\"caption\":\"admin\"},\"description\":\"Admin, Fjala e Lir\u00eb\",\"sameAs\":[\"https:\\\/\\\/fjala.info\\\/\"],\"url\":\"https:\\\/\\\/fjala.info\\\/2009-2015\\\/author\\\/admin\\\/\"}]}<\/script>\n<!-- \/ Yoast SEO plugin. -->","yoast_head_json":{"title":"A ishte 21 janari nj\u00eb grusht shteti? - FjALA e LIR\u00cb - Arkivi","robots":{"index":"index","follow":"follow","max-snippet":"max-snippet:-1","max-image-preview":"max-image-preview:large","max-video-preview":"max-video-preview:-1"},"canonical":"https:\/\/fjala.info\/2009-2015\/a-ishte-21-janari-nje-grusht-shteti\/","og_locale":"sq_AL","og_type":"article","og_title":"A ishte 21 janari nj\u00eb grusht shteti? - FjALA e LIR\u00cb - Arkivi","og_description":"Piro Misha Gardian\u00eb t\u00eb rendit e t\u00eb ligjit, apo &#8230;.? Sipas kryeministrit t\u00eb vendit, n\u00eb 21 janar n\u00eb Tiran\u00eb ka patur nj\u00eb tentativ\u00eb p\u00ebr grusht shteti. Sipas tij, kjo tentativ\u00eb vazhdon, duke p\u00ebrfshir\u00eb, ve\u00e7 opozit\u00ebs, prokuroren e p\u00ebrgjithshme dhe SHISH-in. Ministra, deputet\u00eb, n\u00ebpun\u00ebs dhe mediat af\u00ebr qeveris\u00eb, e trajtojn\u00eb k\u00ebt\u00eb tashm\u00eb si fakt t\u00eb mir\u00ebq\u00ebn\u00eb. [&hellip;]","og_url":"https:\/\/fjala.info\/2009-2015\/a-ishte-21-janari-nje-grusht-shteti\/","og_site_name":"FjALA e LIR\u00cb - Arkivi","article_published_time":"2011-01-27T20:41:54+00:00","og_image":[{"url":"http:\/\/fjala.shkoder.net\/wp-content\/uploads\/2011\/01\/policia_proteste.jpg","type":"","width":"","height":""}],"author":"admin","twitter_card":"summary_large_image","twitter_misc":{"Written by":"admin","Est. reading time":"9 minutes"},"schema":{"@context":"https:\/\/schema.org","@graph":[{"@type":"Article","@id":"https:\/\/fjala.info\/2009-2015\/a-ishte-21-janari-nje-grusht-shteti\/#article","isPartOf":{"@id":"https:\/\/fjala.info\/2009-2015\/a-ishte-21-janari-nje-grusht-shteti\/"},"author":{"name":"admin","@id":"https:\/\/fjala.info\/2009-2015\/#\/schema\/person\/3aa1163ef05469c496fc94e77611ada2"},"headline":"A ishte 21 janari nj\u00eb grusht shteti?","datePublished":"2011-01-27T20:41:54+00:00","mainEntityOfPage":{"@id":"https:\/\/fjala.info\/2009-2015\/a-ishte-21-janari-nje-grusht-shteti\/"},"wordCount":1838,"commentCount":1,"publisher":{"@id":"https:\/\/fjala.info\/2009-2015\/#organization"},"image":{"@id":"https:\/\/fjala.info\/2009-2015\/a-ishte-21-janari-nje-grusht-shteti\/#primaryimage"},"thumbnailUrl":"http:\/\/fjala.shkoder.net\/wp-content\/uploads\/2011\/01\/policia_proteste.jpg","articleSection":["Artikuj"],"inLanguage":"sq-AL","potentialAction":[{"@type":"CommentAction","name":"Comment","target":["https:\/\/fjala.info\/2009-2015\/a-ishte-21-janari-nje-grusht-shteti\/#respond"]}]},{"@type":"WebPage","@id":"https:\/\/fjala.info\/2009-2015\/a-ishte-21-janari-nje-grusht-shteti\/","url":"https:\/\/fjala.info\/2009-2015\/a-ishte-21-janari-nje-grusht-shteti\/","name":"A ishte 21 janari nj\u00eb grusht shteti? - FjALA e LIR\u00cb - Arkivi","isPartOf":{"@id":"https:\/\/fjala.info\/2009-2015\/#website"},"primaryImageOfPage":{"@id":"https:\/\/fjala.info\/2009-2015\/a-ishte-21-janari-nje-grusht-shteti\/#primaryimage"},"image":{"@id":"https:\/\/fjala.info\/2009-2015\/a-ishte-21-janari-nje-grusht-shteti\/#primaryimage"},"thumbnailUrl":"http:\/\/fjala.shkoder.net\/wp-content\/uploads\/2011\/01\/policia_proteste.jpg","datePublished":"2011-01-27T20:41:54+00:00","breadcrumb":{"@id":"https:\/\/fjala.info\/2009-2015\/a-ishte-21-janari-nje-grusht-shteti\/#breadcrumb"},"inLanguage":"sq-AL","potentialAction":[{"@type":"ReadAction","target":["https:\/\/fjala.info\/2009-2015\/a-ishte-21-janari-nje-grusht-shteti\/"]}]},{"@type":"ImageObject","inLanguage":"sq-AL","@id":"https:\/\/fjala.info\/2009-2015\/a-ishte-21-janari-nje-grusht-shteti\/#primaryimage","url":"http:\/\/fjala.shkoder.net\/wp-content\/uploads\/2011\/01\/policia_proteste.jpg","contentUrl":"http:\/\/fjala.shkoder.net\/wp-content\/uploads\/2011\/01\/policia_proteste.jpg"},{"@type":"BreadcrumbList","@id":"https:\/\/fjala.info\/2009-2015\/a-ishte-21-janari-nje-grusht-shteti\/#breadcrumb","itemListElement":[{"@type":"ListItem","position":1,"name":"Home","item":"https:\/\/fjala.info\/2009-2015\/"},{"@type":"ListItem","position":2,"name":"A ishte 21 janari nj\u00eb grusht shteti?"}]},{"@type":"WebSite","@id":"https:\/\/fjala.info\/2009-2015\/#website","url":"https:\/\/fjala.info\/2009-2015\/","name":"FjALA e LIR\u00cb - Arkivi","description":"Arkivi 2009-2015","publisher":{"@id":"https:\/\/fjala.info\/2009-2015\/#organization"},"potentialAction":[{"@type":"SearchAction","target":{"@type":"EntryPoint","urlTemplate":"https:\/\/fjala.info\/2009-2015\/?s={search_term_string}"},"query-input":{"@type":"PropertyValueSpecification","valueRequired":true,"valueName":"search_term_string"}}],"inLanguage":"sq-AL"},{"@type":"Organization","@id":"https:\/\/fjala.info\/2009-2015\/#organization","name":"FjALA e LIR\u00cb - Arkivi","url":"https:\/\/fjala.info\/2009-2015\/","logo":{"@type":"ImageObject","inLanguage":"sq-AL","@id":"https:\/\/fjala.info\/2009-2015\/#\/schema\/logo\/image\/","url":"","contentUrl":"","caption":"FjALA e LIR\u00cb - Arkivi"},"image":{"@id":"https:\/\/fjala.info\/2009-2015\/#\/schema\/logo\/image\/"}},{"@type":"Person","@id":"https:\/\/fjala.info\/2009-2015\/#\/schema\/person\/3aa1163ef05469c496fc94e77611ada2","name":"admin","image":{"@type":"ImageObject","inLanguage":"sq-AL","@id":"https:\/\/fjala.info\/2009-2015\/wp-content\/uploads\/2012\/02\/arben_cokaj-120x150.jpg","url":"https:\/\/fjala.info\/2009-2015\/wp-content\/uploads\/2012\/02\/arben_cokaj-120x150.jpg","contentUrl":"https:\/\/fjala.info\/2009-2015\/wp-content\/uploads\/2012\/02\/arben_cokaj-120x150.jpg","caption":"admin"},"description":"Admin, Fjala e Lir\u00eb","sameAs":["https:\/\/fjala.info\/"],"url":"https:\/\/fjala.info\/2009-2015\/author\/admin\/"}]}},"_links":{"self":[{"href":"https:\/\/fjala.info\/2009-2015\/wp-json\/wp\/v2\/posts\/5960","targetHints":{"allow":["GET"]}}],"collection":[{"href":"https:\/\/fjala.info\/2009-2015\/wp-json\/wp\/v2\/posts"}],"about":[{"href":"https:\/\/fjala.info\/2009-2015\/wp-json\/wp\/v2\/types\/post"}],"author":[{"embeddable":true,"href":"https:\/\/fjala.info\/2009-2015\/wp-json\/wp\/v2\/users\/1"}],"replies":[{"embeddable":true,"href":"https:\/\/fjala.info\/2009-2015\/wp-json\/wp\/v2\/comments?post=5960"}],"version-history":[{"count":0,"href":"https:\/\/fjala.info\/2009-2015\/wp-json\/wp\/v2\/posts\/5960\/revisions"}],"wp:attachment":[{"href":"https:\/\/fjala.info\/2009-2015\/wp-json\/wp\/v2\/media?parent=5960"}],"wp:term":[{"taxonomy":"category","embeddable":true,"href":"https:\/\/fjala.info\/2009-2015\/wp-json\/wp\/v2\/categories?post=5960"},{"taxonomy":"post_tag","embeddable":true,"href":"https:\/\/fjala.info\/2009-2015\/wp-json\/wp\/v2\/tags?post=5960"}],"curies":[{"name":"wp","href":"https:\/\/api.w.org\/{rel}","templated":true}]}}