{"id":5956,"date":"2011-01-27T21:31:51","date_gmt":"2011-01-27T20:31:51","guid":{"rendered":"http:\/\/fjala.shkoder.net\/?p=5956"},"modified":"2011-01-27T21:31:51","modified_gmt":"2011-01-27T20:31:51","slug":"gogoli-i-femijeve","status":"publish","type":"post","link":"https:\/\/fjala.info\/2009-2015\/gogoli-i-femijeve\/","title":{"rendered":"GOGOLI I FEMIJEVE"},"content":{"rendered":"<p><img loading=\"lazy\" decoding=\"async\" class=\"alignleft size-full wp-image-5957\" title=\"gogoli_femijeve\" src=\"http:\/\/fjala.shkoder.net\/wp-content\/uploads\/2011\/01\/gogoli_femijeve.jpg\" alt=\"\" width=\"300\" height=\"161\" \/><\/p>\n<p>Kryeministri Sali Berisha ka mbledhur sot grat\u00eb e f\u00ebmij\u00ebt e efektivave t\u00eb gard\u00ebs dhe policis\u00eb. Por n\u00eb fund t\u00eb fjalimit, nj\u00eb f\u00ebmij\u00eb i frik\u00ebsuar ka refuzuar ta p\u00ebrqafoj\u00eb kryeministrin. \u00c7ka ndodhur?<\/p>\n<p>As m\u00eb shum\u00eb e as m\u00eb pak, por f\u00ebmij\u00ebt jan\u00eb terrorizuar. Ajo q\u00eb ka paraqitur Berisha para tyre ka qen\u00eb nj\u00eb film horror me sharje e fyerje. Nuk e dim\u00eb si e kan\u00eb p\u00ebrballuar n\u00ebnat e atyre f\u00ebmij\u00ebve at\u00eb fjalim, por t\u00eb pakt\u00ebn f\u00ebmij\u00ebt vet\u00eb jan\u00eb frik\u00ebsuar. Tani p\u00ebr ata zanati i babait dhe kryeministri do jen\u00eb makthi i p\u00ebrnatsh\u00ebm.<\/p>\n<p>M\u00eb posht\u00eb jan\u00eb disa nga pjes\u00ebzat e fjalimit t\u00eb Berish\u00ebs p\u00ebrpara f\u00ebmij\u00ebve:<\/p>\n<p>&#8211; P\u00ebr mua, \u2013 thoshte ky oficer i Policis\u00eb s\u00eb Shtetit \u2013 muajt e q\u00ebndrimit n\u00eb Irak kan\u00eb qen\u00eb lule, krahasuar me ato or\u00eb sulmi t\u00eb t\u00ebrbuar mbi ne<\/p>\n<p>&#8211; T\u00eb dashurit tuaj, mbi t\u00eb cil\u00ebt v\u00ebrshonin tulla, gur\u00eb, hunj, zjarre, t\u00eb sht\u00ebna arm\u00ebsh, plumba, shishe molotov<\/p>\n<p>&#8211; \u2026kryetarin e tij faqezi, q\u00eb publikisht ka goditur me dhjet\u00ebra her\u00eb t\u00eb gjitha grat\u00eb e familjes s\u00eb tij dhe kjo \u00ebsht\u00eb nj\u00eb e v\u00ebrtet\u00eb e pamohueshme<\/p>\n<p>&#8211; \u2026ishte shum\u00eb e v\u00ebshtir\u00eb t\u00eb p\u00ebrcaktoje se \u00e7far\u00eb do t\u00eb sillte minuta tjet\u00ebr, por p\u00ebr nj\u00eb gj\u00eb ju garantoj se \u00e7do gj\u00eb mund t\u00eb sillte, por kurr\u00eb q\u00ebllimin kobzi t\u00eb pu\u00e7ist\u00ebve p\u00ebr t\u00eb marr\u00eb K\u00ebshillin e Ministrave<\/p>\n<p>&#8211; \u2026 i vendosur q\u00eb n\u00eb \u00e7do moment t\u00eb ishte ushtar dhe t\u00eb b\u00ebnte at\u00eb q\u00eb i p\u00ebrkiste, i vendosur q\u00eb \u00e7do bashibozuku, \u00e7do horri, \u00e7do rruga\u00e7i e huligani t\u2019i jepte at\u00eb q\u00eb meritonte<\/p>\n<p>&#8211; \u2026 imagjinoni ju se n\u00eb \u00e7far\u00eb race bashibozuk\u00ebsh, horrash, huligan\u00ebsh e t\u00eb inkriminuarish do t\u00eb binin fatet tuaja, fatet e n\u00ebnave e motrave shqiptare, fatet e burrave e grave t\u00eb Shqip\u00ebris\u00eb<\/p>\n<p>&#8211; Ata, t\u00eb cil\u00ebt mendojn\u00eb se n\u00eb strofull\u00ebn ku jan\u00eb do mund t\u00eb vazhdojn\u00eb k\u00ebt\u00eb veprimtari, i garantoj se i pret ai fund q\u00eb meritojn\u00eb<\/p>\n<p>&#8211; Jan\u00eb p\u00ebrp\u00eblitjet e fundit t\u00eb horrave e lavireve t\u00eb bulevardit, por jan\u00eb p\u00ebrp\u00eblitje t\u00eb d\u00ebshtuara, t\u00eb mjera. Ato q\u00eb i b\u00ebjn\u00eb nuk din\u00eb ku do t\u00eb fusin kok\u00ebn, nuk din\u00eb se si do t\u00eb shp\u00ebtojn\u00eb.<\/p>\n","protected":false},"excerpt":{"rendered":"<p>Kryeministri Sali Berisha ka mbledhur sot grat\u00eb e f\u00ebmij\u00ebt e efektivave t\u00eb gard\u00ebs dhe policis\u00eb. Por n\u00eb fund t\u00eb fjalimit, nj\u00eb f\u00ebmij\u00eb i frik\u00ebsuar ka refuzuar ta p\u00ebrqafoj\u00eb kryeministrin. \u00c7ka ndodhur? As m\u00eb shum\u00eb e as m\u00eb pak, por f\u00ebmij\u00ebt jan\u00eb terrorizuar. Ajo q\u00eb ka paraqitur Berisha para tyre ka qen\u00eb nj\u00eb film horror me [&hellip;]<\/p>\n","protected":false},"author":1,"featured_media":0,"comment_status":"open","ping_status":"closed","sticky":false,"template":"","format":"standard","meta":{"footnotes":""},"categories":[2],"tags":[],"class_list":{"0":"post-5956","1":"post","2":"type-post","3":"status-publish","4":"format-standard","6":"category-artikuj"},"yoast_head":"<!-- This site is optimized with the Yoast SEO plugin v27.4 - https:\/\/yoast.com\/product\/yoast-seo-wordpress\/ -->\n<title>GOGOLI I FEMIJEVE - FjALA e LIR\u00cb - Arkivi<\/title>\n<meta name=\"robots\" content=\"index, follow, max-snippet:-1, max-image-preview:large, max-video-preview:-1\" \/>\n<link rel=\"canonical\" href=\"https:\/\/fjala.info\/2009-2015\/gogoli-i-femijeve\/\" \/>\n<meta property=\"og:locale\" content=\"sq_AL\" \/>\n<meta property=\"og:type\" content=\"article\" \/>\n<meta property=\"og:title\" content=\"GOGOLI I FEMIJEVE - FjALA e LIR\u00cb - Arkivi\" \/>\n<meta property=\"og:description\" content=\"Kryeministri Sali Berisha ka mbledhur sot grat\u00eb e f\u00ebmij\u00ebt e efektivave t\u00eb gard\u00ebs dhe policis\u00eb. Por n\u00eb fund t\u00eb fjalimit, nj\u00eb f\u00ebmij\u00eb i frik\u00ebsuar ka refuzuar ta p\u00ebrqafoj\u00eb kryeministrin. \u00c7ka ndodhur? As m\u00eb shum\u00eb e as m\u00eb pak, por f\u00ebmij\u00ebt jan\u00eb terrorizuar. Ajo q\u00eb ka paraqitur Berisha para tyre ka qen\u00eb nj\u00eb film horror me [&hellip;]\" \/>\n<meta property=\"og:url\" content=\"https:\/\/fjala.info\/2009-2015\/gogoli-i-femijeve\/\" \/>\n<meta property=\"og:site_name\" content=\"FjALA e LIR\u00cb - Arkivi\" \/>\n<meta property=\"article:published_time\" content=\"2011-01-27T20:31:51+00:00\" \/>\n<meta property=\"og:image\" content=\"http:\/\/fjala.shkoder.net\/wp-content\/uploads\/2011\/01\/gogoli_femijeve.jpg\" \/>\n<meta name=\"author\" content=\"admin\" \/>\n<meta name=\"twitter:card\" content=\"summary_large_image\" \/>\n<meta name=\"twitter:label1\" content=\"Written by\" \/>\n\t<meta name=\"twitter:data1\" content=\"admin\" \/>\n\t<meta name=\"twitter:label2\" content=\"Est. reading time\" \/>\n\t<meta name=\"twitter:data2\" content=\"2 minutes\" \/>\n<script type=\"application\/ld+json\" class=\"yoast-schema-graph\">{\"@context\":\"https:\\\/\\\/schema.org\",\"@graph\":[{\"@type\":\"Article\",\"@id\":\"https:\\\/\\\/fjala.info\\\/2009-2015\\\/gogoli-i-femijeve\\\/#article\",\"isPartOf\":{\"@id\":\"https:\\\/\\\/fjala.info\\\/2009-2015\\\/gogoli-i-femijeve\\\/\"},\"author\":{\"name\":\"admin\",\"@id\":\"https:\\\/\\\/fjala.info\\\/2009-2015\\\/#\\\/schema\\\/person\\\/3aa1163ef05469c496fc94e77611ada2\"},\"headline\":\"GOGOLI I FEMIJEVE\",\"datePublished\":\"2011-01-27T20:31:51+00:00\",\"mainEntityOfPage\":{\"@id\":\"https:\\\/\\\/fjala.info\\\/2009-2015\\\/gogoli-i-femijeve\\\/\"},\"wordCount\":402,\"commentCount\":0,\"publisher\":{\"@id\":\"https:\\\/\\\/fjala.info\\\/2009-2015\\\/#organization\"},\"image\":{\"@id\":\"https:\\\/\\\/fjala.info\\\/2009-2015\\\/gogoli-i-femijeve\\\/#primaryimage\"},\"thumbnailUrl\":\"http:\\\/\\\/fjala.shkoder.net\\\/wp-content\\\/uploads\\\/2011\\\/01\\\/gogoli_femijeve.jpg\",\"articleSection\":[\"Artikuj\"],\"inLanguage\":\"sq-AL\",\"potentialAction\":[{\"@type\":\"CommentAction\",\"name\":\"Comment\",\"target\":[\"https:\\\/\\\/fjala.info\\\/2009-2015\\\/gogoli-i-femijeve\\\/#respond\"]}]},{\"@type\":\"WebPage\",\"@id\":\"https:\\\/\\\/fjala.info\\\/2009-2015\\\/gogoli-i-femijeve\\\/\",\"url\":\"https:\\\/\\\/fjala.info\\\/2009-2015\\\/gogoli-i-femijeve\\\/\",\"name\":\"GOGOLI I FEMIJEVE - FjALA e LIR\u00cb - Arkivi\",\"isPartOf\":{\"@id\":\"https:\\\/\\\/fjala.info\\\/2009-2015\\\/#website\"},\"primaryImageOfPage\":{\"@id\":\"https:\\\/\\\/fjala.info\\\/2009-2015\\\/gogoli-i-femijeve\\\/#primaryimage\"},\"image\":{\"@id\":\"https:\\\/\\\/fjala.info\\\/2009-2015\\\/gogoli-i-femijeve\\\/#primaryimage\"},\"thumbnailUrl\":\"http:\\\/\\\/fjala.shkoder.net\\\/wp-content\\\/uploads\\\/2011\\\/01\\\/gogoli_femijeve.jpg\",\"datePublished\":\"2011-01-27T20:31:51+00:00\",\"breadcrumb\":{\"@id\":\"https:\\\/\\\/fjala.info\\\/2009-2015\\\/gogoli-i-femijeve\\\/#breadcrumb\"},\"inLanguage\":\"sq-AL\",\"potentialAction\":[{\"@type\":\"ReadAction\",\"target\":[\"https:\\\/\\\/fjala.info\\\/2009-2015\\\/gogoli-i-femijeve\\\/\"]}]},{\"@type\":\"ImageObject\",\"inLanguage\":\"sq-AL\",\"@id\":\"https:\\\/\\\/fjala.info\\\/2009-2015\\\/gogoli-i-femijeve\\\/#primaryimage\",\"url\":\"http:\\\/\\\/fjala.shkoder.net\\\/wp-content\\\/uploads\\\/2011\\\/01\\\/gogoli_femijeve.jpg\",\"contentUrl\":\"http:\\\/\\\/fjala.shkoder.net\\\/wp-content\\\/uploads\\\/2011\\\/01\\\/gogoli_femijeve.jpg\"},{\"@type\":\"BreadcrumbList\",\"@id\":\"https:\\\/\\\/fjala.info\\\/2009-2015\\\/gogoli-i-femijeve\\\/#breadcrumb\",\"itemListElement\":[{\"@type\":\"ListItem\",\"position\":1,\"name\":\"Home\",\"item\":\"https:\\\/\\\/fjala.info\\\/2009-2015\\\/\"},{\"@type\":\"ListItem\",\"position\":2,\"name\":\"GOGOLI I FEMIJEVE\"}]},{\"@type\":\"WebSite\",\"@id\":\"https:\\\/\\\/fjala.info\\\/2009-2015\\\/#website\",\"url\":\"https:\\\/\\\/fjala.info\\\/2009-2015\\\/\",\"name\":\"FjALA e LIR\u00cb - Arkivi\",\"description\":\"Arkivi 2009-2015\",\"publisher\":{\"@id\":\"https:\\\/\\\/fjala.info\\\/2009-2015\\\/#organization\"},\"potentialAction\":[{\"@type\":\"SearchAction\",\"target\":{\"@type\":\"EntryPoint\",\"urlTemplate\":\"https:\\\/\\\/fjala.info\\\/2009-2015\\\/?s={search_term_string}\"},\"query-input\":{\"@type\":\"PropertyValueSpecification\",\"valueRequired\":true,\"valueName\":\"search_term_string\"}}],\"inLanguage\":\"sq-AL\"},{\"@type\":\"Organization\",\"@id\":\"https:\\\/\\\/fjala.info\\\/2009-2015\\\/#organization\",\"name\":\"FjALA e LIR\u00cb - Arkivi\",\"url\":\"https:\\\/\\\/fjala.info\\\/2009-2015\\\/\",\"logo\":{\"@type\":\"ImageObject\",\"inLanguage\":\"sq-AL\",\"@id\":\"https:\\\/\\\/fjala.info\\\/2009-2015\\\/#\\\/schema\\\/logo\\\/image\\\/\",\"url\":\"\",\"contentUrl\":\"\",\"caption\":\"FjALA e LIR\u00cb - Arkivi\"},\"image\":{\"@id\":\"https:\\\/\\\/fjala.info\\\/2009-2015\\\/#\\\/schema\\\/logo\\\/image\\\/\"}},{\"@type\":\"Person\",\"@id\":\"https:\\\/\\\/fjala.info\\\/2009-2015\\\/#\\\/schema\\\/person\\\/3aa1163ef05469c496fc94e77611ada2\",\"name\":\"admin\",\"image\":{\"@type\":\"ImageObject\",\"inLanguage\":\"sq-AL\",\"@id\":\"https:\\\/\\\/fjala.info\\\/2009-2015\\\/wp-content\\\/uploads\\\/2012\\\/02\\\/arben_cokaj-120x150.jpg\",\"url\":\"https:\\\/\\\/fjala.info\\\/2009-2015\\\/wp-content\\\/uploads\\\/2012\\\/02\\\/arben_cokaj-120x150.jpg\",\"contentUrl\":\"https:\\\/\\\/fjala.info\\\/2009-2015\\\/wp-content\\\/uploads\\\/2012\\\/02\\\/arben_cokaj-120x150.jpg\",\"caption\":\"admin\"},\"description\":\"Admin, Fjala e Lir\u00eb\",\"sameAs\":[\"https:\\\/\\\/fjala.info\\\/\"],\"url\":\"https:\\\/\\\/fjala.info\\\/2009-2015\\\/author\\\/admin\\\/\"}]}<\/script>\n<!-- \/ Yoast SEO plugin. -->","yoast_head_json":{"title":"GOGOLI I FEMIJEVE - FjALA e LIR\u00cb - Arkivi","robots":{"index":"index","follow":"follow","max-snippet":"max-snippet:-1","max-image-preview":"max-image-preview:large","max-video-preview":"max-video-preview:-1"},"canonical":"https:\/\/fjala.info\/2009-2015\/gogoli-i-femijeve\/","og_locale":"sq_AL","og_type":"article","og_title":"GOGOLI I FEMIJEVE - FjALA e LIR\u00cb - Arkivi","og_description":"Kryeministri Sali Berisha ka mbledhur sot grat\u00eb e f\u00ebmij\u00ebt e efektivave t\u00eb gard\u00ebs dhe policis\u00eb. Por n\u00eb fund t\u00eb fjalimit, nj\u00eb f\u00ebmij\u00eb i frik\u00ebsuar ka refuzuar ta p\u00ebrqafoj\u00eb kryeministrin. \u00c7ka ndodhur? As m\u00eb shum\u00eb e as m\u00eb pak, por f\u00ebmij\u00ebt jan\u00eb terrorizuar. Ajo q\u00eb ka paraqitur Berisha para tyre ka qen\u00eb nj\u00eb film horror me [&hellip;]","og_url":"https:\/\/fjala.info\/2009-2015\/gogoli-i-femijeve\/","og_site_name":"FjALA e LIR\u00cb - Arkivi","article_published_time":"2011-01-27T20:31:51+00:00","og_image":[{"url":"http:\/\/fjala.shkoder.net\/wp-content\/uploads\/2011\/01\/gogoli_femijeve.jpg","type":"","width":"","height":""}],"author":"admin","twitter_card":"summary_large_image","twitter_misc":{"Written by":"admin","Est. reading time":"2 minutes"},"schema":{"@context":"https:\/\/schema.org","@graph":[{"@type":"Article","@id":"https:\/\/fjala.info\/2009-2015\/gogoli-i-femijeve\/#article","isPartOf":{"@id":"https:\/\/fjala.info\/2009-2015\/gogoli-i-femijeve\/"},"author":{"name":"admin","@id":"https:\/\/fjala.info\/2009-2015\/#\/schema\/person\/3aa1163ef05469c496fc94e77611ada2"},"headline":"GOGOLI I FEMIJEVE","datePublished":"2011-01-27T20:31:51+00:00","mainEntityOfPage":{"@id":"https:\/\/fjala.info\/2009-2015\/gogoli-i-femijeve\/"},"wordCount":402,"commentCount":0,"publisher":{"@id":"https:\/\/fjala.info\/2009-2015\/#organization"},"image":{"@id":"https:\/\/fjala.info\/2009-2015\/gogoli-i-femijeve\/#primaryimage"},"thumbnailUrl":"http:\/\/fjala.shkoder.net\/wp-content\/uploads\/2011\/01\/gogoli_femijeve.jpg","articleSection":["Artikuj"],"inLanguage":"sq-AL","potentialAction":[{"@type":"CommentAction","name":"Comment","target":["https:\/\/fjala.info\/2009-2015\/gogoli-i-femijeve\/#respond"]}]},{"@type":"WebPage","@id":"https:\/\/fjala.info\/2009-2015\/gogoli-i-femijeve\/","url":"https:\/\/fjala.info\/2009-2015\/gogoli-i-femijeve\/","name":"GOGOLI I FEMIJEVE - FjALA e LIR\u00cb - Arkivi","isPartOf":{"@id":"https:\/\/fjala.info\/2009-2015\/#website"},"primaryImageOfPage":{"@id":"https:\/\/fjala.info\/2009-2015\/gogoli-i-femijeve\/#primaryimage"},"image":{"@id":"https:\/\/fjala.info\/2009-2015\/gogoli-i-femijeve\/#primaryimage"},"thumbnailUrl":"http:\/\/fjala.shkoder.net\/wp-content\/uploads\/2011\/01\/gogoli_femijeve.jpg","datePublished":"2011-01-27T20:31:51+00:00","breadcrumb":{"@id":"https:\/\/fjala.info\/2009-2015\/gogoli-i-femijeve\/#breadcrumb"},"inLanguage":"sq-AL","potentialAction":[{"@type":"ReadAction","target":["https:\/\/fjala.info\/2009-2015\/gogoli-i-femijeve\/"]}]},{"@type":"ImageObject","inLanguage":"sq-AL","@id":"https:\/\/fjala.info\/2009-2015\/gogoli-i-femijeve\/#primaryimage","url":"http:\/\/fjala.shkoder.net\/wp-content\/uploads\/2011\/01\/gogoli_femijeve.jpg","contentUrl":"http:\/\/fjala.shkoder.net\/wp-content\/uploads\/2011\/01\/gogoli_femijeve.jpg"},{"@type":"BreadcrumbList","@id":"https:\/\/fjala.info\/2009-2015\/gogoli-i-femijeve\/#breadcrumb","itemListElement":[{"@type":"ListItem","position":1,"name":"Home","item":"https:\/\/fjala.info\/2009-2015\/"},{"@type":"ListItem","position":2,"name":"GOGOLI I FEMIJEVE"}]},{"@type":"WebSite","@id":"https:\/\/fjala.info\/2009-2015\/#website","url":"https:\/\/fjala.info\/2009-2015\/","name":"FjALA e LIR\u00cb - Arkivi","description":"Arkivi 2009-2015","publisher":{"@id":"https:\/\/fjala.info\/2009-2015\/#organization"},"potentialAction":[{"@type":"SearchAction","target":{"@type":"EntryPoint","urlTemplate":"https:\/\/fjala.info\/2009-2015\/?s={search_term_string}"},"query-input":{"@type":"PropertyValueSpecification","valueRequired":true,"valueName":"search_term_string"}}],"inLanguage":"sq-AL"},{"@type":"Organization","@id":"https:\/\/fjala.info\/2009-2015\/#organization","name":"FjALA e LIR\u00cb - Arkivi","url":"https:\/\/fjala.info\/2009-2015\/","logo":{"@type":"ImageObject","inLanguage":"sq-AL","@id":"https:\/\/fjala.info\/2009-2015\/#\/schema\/logo\/image\/","url":"","contentUrl":"","caption":"FjALA e LIR\u00cb - Arkivi"},"image":{"@id":"https:\/\/fjala.info\/2009-2015\/#\/schema\/logo\/image\/"}},{"@type":"Person","@id":"https:\/\/fjala.info\/2009-2015\/#\/schema\/person\/3aa1163ef05469c496fc94e77611ada2","name":"admin","image":{"@type":"ImageObject","inLanguage":"sq-AL","@id":"https:\/\/fjala.info\/2009-2015\/wp-content\/uploads\/2012\/02\/arben_cokaj-120x150.jpg","url":"https:\/\/fjala.info\/2009-2015\/wp-content\/uploads\/2012\/02\/arben_cokaj-120x150.jpg","contentUrl":"https:\/\/fjala.info\/2009-2015\/wp-content\/uploads\/2012\/02\/arben_cokaj-120x150.jpg","caption":"admin"},"description":"Admin, Fjala e Lir\u00eb","sameAs":["https:\/\/fjala.info\/"],"url":"https:\/\/fjala.info\/2009-2015\/author\/admin\/"}]}},"_links":{"self":[{"href":"https:\/\/fjala.info\/2009-2015\/wp-json\/wp\/v2\/posts\/5956","targetHints":{"allow":["GET"]}}],"collection":[{"href":"https:\/\/fjala.info\/2009-2015\/wp-json\/wp\/v2\/posts"}],"about":[{"href":"https:\/\/fjala.info\/2009-2015\/wp-json\/wp\/v2\/types\/post"}],"author":[{"embeddable":true,"href":"https:\/\/fjala.info\/2009-2015\/wp-json\/wp\/v2\/users\/1"}],"replies":[{"embeddable":true,"href":"https:\/\/fjala.info\/2009-2015\/wp-json\/wp\/v2\/comments?post=5956"}],"version-history":[{"count":0,"href":"https:\/\/fjala.info\/2009-2015\/wp-json\/wp\/v2\/posts\/5956\/revisions"}],"wp:attachment":[{"href":"https:\/\/fjala.info\/2009-2015\/wp-json\/wp\/v2\/media?parent=5956"}],"wp:term":[{"taxonomy":"category","embeddable":true,"href":"https:\/\/fjala.info\/2009-2015\/wp-json\/wp\/v2\/categories?post=5956"},{"taxonomy":"post_tag","embeddable":true,"href":"https:\/\/fjala.info\/2009-2015\/wp-json\/wp\/v2\/tags?post=5956"}],"curies":[{"name":"wp","href":"https:\/\/api.w.org\/{rel}","templated":true}]}}