{"id":5949,"date":"2011-01-27T21:11:29","date_gmt":"2011-01-27T20:11:29","guid":{"rendered":"http:\/\/fjala.shkoder.net\/?p=5949"},"modified":"2011-01-27T21:11:29","modified_gmt":"2011-01-27T20:11:29","slug":"ne-shqiperi-sot-ka-te-burgosur-politike","status":"publish","type":"post","link":"https:\/\/fjala.info\/2009-2015\/ne-shqiperi-sot-ka-te-burgosur-politike\/","title":{"rendered":"N\u00eb Shqip\u00ebri sot ka t\u00eb burgosur politik\u00eb"},"content":{"rendered":"<p><strong>Redaksionale<\/strong>, <em>27.01.2011<\/em><\/p>\n<p>Prind\u00ebrit e dy djemve t\u00eb rinj t\u00eb cil\u00ebve u \u00ebsht\u00eb hequr prej dit\u00ebsh liria, ishin mbr\u00ebm\u00eb n\u00eb redaksin\u00eb e Shekullit. K\u00ebta djem quhen Ledion Muharremi dhe Markelian Saliko.<\/p>\n<p>Markelianin familja e ka k\u00ebrkuar me zem\u00ebr n\u00eb dor\u00eb, komisariat m\u00eb komisariat e burg m\u00eb burg p\u00ebr kat\u00ebr dit\u00eb rresht, derisa dje m\u00eb n\u00eb fund e gjet\u00ebn ku e kishin flakur pasi e kishin zvarritur qeli m\u00eb qeli. Thjesht vendoseni veten n\u00eb vendin e prind\u00ebrve t\u00eb Markelianit.<\/p>\n<p>Markeliani dhe Ledioni jan\u00eb pjes\u00eb e nj\u00eb grupi prej rreth 40 vet\u00ebsh, q\u00eb vazhdojn\u00eb t\u00eb mbahen n\u00eb burg pas protest\u00ebs s\u00eb 21 janarit. Markeliani dhe Ledioni jan\u00eb arrestuar, sepse kan\u00eb marr\u00eb pjes\u00eb n\u00eb nj\u00eb aktivitet politik t\u00eb opozit\u00ebs. Ata sot jan\u00eb t\u00eb burgosur politik\u00eb.<\/p>\n<p>Markeliani dhe Ledioni jan\u00eb t\u00eb dy 20 vje\u00e7ar\u00eb. Kan\u00eb nj\u00eb sked\u00eb penale t\u00eb bardh\u00eb, th\u00ebn\u00eb thjesht n\u00eb jet\u00ebn e tyre nuk kan\u00eb b\u00ebr\u00eb asgj\u00eb jasht\u00eb ligjit.<\/p>\n<p>NUK KAN\u00cb B\u00cbR\u00cb ASGJ\u00cb! Nuk kan\u00eb b\u00ebr\u00eb asgj\u00eb q\u00eb t\u00eb meritojn\u00eb nj\u00eb &#8220;korridor&#8221; polic\u00ebsh t\u00eb vendosur n\u00eb 2 rreshta t\u00eb formuar nga 20 vemje me uniforma q\u00eb i kan\u00eb q\u00eblluar e p\u00ebshtyr\u00eb djemt\u00eb t\u00eb gjith\u00eb me radh\u00eb nga i pari tek i fundit, derisa i kan\u00eb rr\u00ebzuar p\u00ebrtok\u00eb t\u00eb gjakosur, si\u00e7 paramilitar\u00ebt e Arkanit trajtonin kosovar\u00ebt.<\/p>\n<p>Markeliani dhe Ledioni NUK KAN\u00cb B\u00cbR\u00cb ASNJ\u00cb KRIM! Jan\u00eb t\u00eb dy nga 20 vje\u00e7 si shum\u00eb t\u00eb papun\u00eb t\u00eb k\u00ebtij vendi. Dhe p\u00ebrs\u00ebrisim: N\u00eb sked\u00ebn e tyre penale nuk ka asgj\u00eb. Po n\u00eb kanalet e qelbura t\u00eb k\u00ebtij pushteti k\u00ebrmash q\u00eb tenton terrorin n\u00eb nj\u00eb vend ku t\u00eb gjith\u00eb njohim nj\u00ebri-tjetrin \u00e7far\u00eb ka? Ka dhjet\u00ebra hajdut\u00eb e vras\u00ebs q\u00eb po t&#8217;ua mbledh\u00ebsh dosjet penale mund t&#8217;u b\u00ebhen male me letra.<\/p>\n<p>Vet\u00ebm mendoni pak: prind\u00ebr q\u00eb vijn\u00eb nga rrethet dhe k\u00ebrkojn\u00eb f\u00ebmij\u00ebt e zhdukur nga policia e shtetit. Dhjet\u00ebra djem t\u00eb tjer\u00eb nga Fieri e Shkodra, jan\u00eb ende n\u00ebp\u00ebr qeli. Krimi i tyre? Nuk e duan k\u00ebt\u00eb hale-qeveri me nj\u00eb vras\u00ebs n\u00eb krye.<\/p>\n<p>Mes t\u00eb arrestuarve ka edhe kalimtar\u00eb t\u00eb rastit, njer\u00ebz q\u00eb u rr\u00ebmbyen nga nj\u00eb band\u00eb burracak\u00ebsh q\u00eb vrau pasi demonstrata kishte mbaruar. Njer\u00ebz q\u00eb vijonin rutin\u00ebn e tyre t\u00eb p\u00ebrditshme. N\u00eb vend t\u00eb tyre mund t\u00eb ishte sot \u00e7donj\u00ebri prej nesh. Kjo do t\u00eb thot\u00eb thjesht q\u00eb n\u00eb k\u00ebt\u00eb vend askush m\u00eb nuk \u00ebsht\u00eb i lir\u00eb! \u00c7dokush nga ne sot \u00ebsht\u00eb i burgosur.<\/p>\n<p>Plumbat fluturojn\u00eb.. &#8220;Kan\u00eb dal\u00eb nga kryeministria&#8221;, &#8211; thon\u00eb hetimet. Nj\u00eb plumb nuk fluturon nj\u00eb met\u00ebr, as dy metra e pastaj shuhet. N\u00eb qoft\u00eb se k\u00ebta plumba nuk do t\u00eb ishin shuar tek ata tre burra t\u00eb thjesht\u00eb do t\u00eb kishin gjetur tre njer\u00ebz t\u00eb tjer\u00eb. Mund t\u00eb kishin arritur k\u00ebdo nga ata mij\u00ebra njer\u00ebz, q\u00eb merrnin pjes\u00eb n\u00eb at\u00eb protest\u00eb. Prandaj secili nga ne sot \u00ebsht\u00eb i vrar\u00eb.<\/p>\n<p>N\u00eb dat\u00ebn 28 janar do t\u00eb zhvillohen t\u00eb shtatat e tre t\u00eb ndjer\u00ebve. U kemi t\u00eb gjith\u00eb borxh jet\u00ebn. Me dinjitet e respekt p\u00ebr ta dhe si sfid\u00eb e d\u00ebshmi t\u00eb shpirtit ton\u00eb t\u00eb lir\u00eb e demokratik ne gazetar\u00ebt e &#8220;Shekullit&#8221; do t\u00eb jemi p\u00ebrs\u00ebri n\u00eb shesh. Bashk\u00eb me redaktorin ton\u00eb q\u00eb ka ende hematoma n\u00eb trup. Bashk\u00eb me prind\u00ebrit e Markelianit dhe Ledionit. Bashk\u00eb me mij\u00ebra t\u00eb tjer\u00eb. Bashk\u00eb me Shqip\u00ebrin\u00eb e njer\u00ebzve t\u00eb mir\u00eb.<\/p>\n<p>P\u00ebr ata q\u00eb u vran\u00eb nga nj\u00eb pushtet k\u00ebrmash, p\u00ebr t\u00eb ardhmen ton\u00eb shpirtlir\u00eb. \u00cbsht\u00eb shum\u00eb af\u00ebr. T\u00eb gjith\u00eb e ndiejn\u00eb. T\u00eb gjith\u00eb e din\u00eb. E din\u00eb edhe k\u00ebta t\u00eb huajt q\u00eb vijn\u00eb e na flasin me arra n\u00eb goj\u00eb. Por m\u00eb shum\u00eb se t\u00eb tjer\u00ebt k\u00ebt\u00eb e di ai, q\u00eb urdh\u00ebroi t\u00eb vriteshin me paramendim tre nga t\u00eb varfrit e ndersh\u00ebm t\u00eb vendit t\u00eb tij.<\/p>\n","protected":false},"excerpt":{"rendered":"<p>Redaksionale, 27.01.2011 Prind\u00ebrit e dy djemve t\u00eb rinj t\u00eb cil\u00ebve u \u00ebsht\u00eb hequr prej dit\u00ebsh liria, ishin mbr\u00ebm\u00eb n\u00eb redaksin\u00eb e Shekullit. K\u00ebta djem quhen Ledion Muharremi dhe Markelian Saliko. Markelianin familja e ka k\u00ebrkuar me zem\u00ebr n\u00eb dor\u00eb, komisariat m\u00eb komisariat e burg m\u00eb burg p\u00ebr kat\u00ebr dit\u00eb rresht, derisa dje m\u00eb n\u00eb fund [&hellip;]<\/p>\n","protected":false},"author":1,"featured_media":0,"comment_status":"open","ping_status":"closed","sticky":false,"template":"","format":"standard","meta":{"footnotes":""},"categories":[2],"tags":[],"class_list":{"0":"post-5949","1":"post","2":"type-post","3":"status-publish","4":"format-standard","6":"category-artikuj"},"yoast_head":"<!-- This site is optimized with the Yoast SEO plugin v27.4 - https:\/\/yoast.com\/product\/yoast-seo-wordpress\/ -->\n<title>N\u00eb Shqip\u00ebri sot ka t\u00eb burgosur politik\u00eb - FjALA e LIR\u00cb - Arkivi<\/title>\n<meta name=\"robots\" content=\"index, follow, max-snippet:-1, max-image-preview:large, max-video-preview:-1\" \/>\n<link rel=\"canonical\" href=\"https:\/\/fjala.info\/2009-2015\/ne-shqiperi-sot-ka-te-burgosur-politike\/\" \/>\n<meta property=\"og:locale\" content=\"sq_AL\" \/>\n<meta property=\"og:type\" content=\"article\" \/>\n<meta property=\"og:title\" content=\"N\u00eb Shqip\u00ebri sot ka t\u00eb burgosur politik\u00eb - FjALA e LIR\u00cb - Arkivi\" \/>\n<meta property=\"og:description\" content=\"Redaksionale, 27.01.2011 Prind\u00ebrit e dy djemve t\u00eb rinj t\u00eb cil\u00ebve u \u00ebsht\u00eb hequr prej dit\u00ebsh liria, ishin mbr\u00ebm\u00eb n\u00eb redaksin\u00eb e Shekullit. K\u00ebta djem quhen Ledion Muharremi dhe Markelian Saliko. Markelianin familja e ka k\u00ebrkuar me zem\u00ebr n\u00eb dor\u00eb, komisariat m\u00eb komisariat e burg m\u00eb burg p\u00ebr kat\u00ebr dit\u00eb rresht, derisa dje m\u00eb n\u00eb fund [&hellip;]\" \/>\n<meta property=\"og:url\" content=\"https:\/\/fjala.info\/2009-2015\/ne-shqiperi-sot-ka-te-burgosur-politike\/\" \/>\n<meta property=\"og:site_name\" content=\"FjALA e LIR\u00cb - Arkivi\" \/>\n<meta property=\"article:published_time\" content=\"2011-01-27T20:11:29+00:00\" \/>\n<meta name=\"author\" content=\"admin\" \/>\n<meta name=\"twitter:card\" content=\"summary_large_image\" \/>\n<meta name=\"twitter:label1\" content=\"Written by\" \/>\n\t<meta name=\"twitter:data1\" content=\"admin\" \/>\n\t<meta name=\"twitter:label2\" content=\"Est. reading time\" \/>\n\t<meta name=\"twitter:data2\" content=\"3 minutes\" \/>\n<script type=\"application\/ld+json\" class=\"yoast-schema-graph\">{\"@context\":\"https:\\\/\\\/schema.org\",\"@graph\":[{\"@type\":\"Article\",\"@id\":\"https:\\\/\\\/fjala.info\\\/2009-2015\\\/ne-shqiperi-sot-ka-te-burgosur-politike\\\/#article\",\"isPartOf\":{\"@id\":\"https:\\\/\\\/fjala.info\\\/2009-2015\\\/ne-shqiperi-sot-ka-te-burgosur-politike\\\/\"},\"author\":{\"name\":\"admin\",\"@id\":\"https:\\\/\\\/fjala.info\\\/2009-2015\\\/#\\\/schema\\\/person\\\/3aa1163ef05469c496fc94e77611ada2\"},\"headline\":\"N\u00eb Shqip\u00ebri sot ka t\u00eb burgosur politik\u00eb\",\"datePublished\":\"2011-01-27T20:11:29+00:00\",\"mainEntityOfPage\":{\"@id\":\"https:\\\/\\\/fjala.info\\\/2009-2015\\\/ne-shqiperi-sot-ka-te-burgosur-politike\\\/\"},\"wordCount\":674,\"commentCount\":0,\"publisher\":{\"@id\":\"https:\\\/\\\/fjala.info\\\/2009-2015\\\/#organization\"},\"articleSection\":[\"Artikuj\"],\"inLanguage\":\"sq-AL\",\"potentialAction\":[{\"@type\":\"CommentAction\",\"name\":\"Comment\",\"target\":[\"https:\\\/\\\/fjala.info\\\/2009-2015\\\/ne-shqiperi-sot-ka-te-burgosur-politike\\\/#respond\"]}]},{\"@type\":\"WebPage\",\"@id\":\"https:\\\/\\\/fjala.info\\\/2009-2015\\\/ne-shqiperi-sot-ka-te-burgosur-politike\\\/\",\"url\":\"https:\\\/\\\/fjala.info\\\/2009-2015\\\/ne-shqiperi-sot-ka-te-burgosur-politike\\\/\",\"name\":\"N\u00eb Shqip\u00ebri sot ka t\u00eb burgosur politik\u00eb - FjALA e LIR\u00cb - Arkivi\",\"isPartOf\":{\"@id\":\"https:\\\/\\\/fjala.info\\\/2009-2015\\\/#website\"},\"datePublished\":\"2011-01-27T20:11:29+00:00\",\"breadcrumb\":{\"@id\":\"https:\\\/\\\/fjala.info\\\/2009-2015\\\/ne-shqiperi-sot-ka-te-burgosur-politike\\\/#breadcrumb\"},\"inLanguage\":\"sq-AL\",\"potentialAction\":[{\"@type\":\"ReadAction\",\"target\":[\"https:\\\/\\\/fjala.info\\\/2009-2015\\\/ne-shqiperi-sot-ka-te-burgosur-politike\\\/\"]}]},{\"@type\":\"BreadcrumbList\",\"@id\":\"https:\\\/\\\/fjala.info\\\/2009-2015\\\/ne-shqiperi-sot-ka-te-burgosur-politike\\\/#breadcrumb\",\"itemListElement\":[{\"@type\":\"ListItem\",\"position\":1,\"name\":\"Home\",\"item\":\"https:\\\/\\\/fjala.info\\\/2009-2015\\\/\"},{\"@type\":\"ListItem\",\"position\":2,\"name\":\"N\u00eb Shqip\u00ebri sot ka t\u00eb burgosur politik\u00eb\"}]},{\"@type\":\"WebSite\",\"@id\":\"https:\\\/\\\/fjala.info\\\/2009-2015\\\/#website\",\"url\":\"https:\\\/\\\/fjala.info\\\/2009-2015\\\/\",\"name\":\"FjALA e LIR\u00cb - Arkivi\",\"description\":\"Arkivi 2009-2015\",\"publisher\":{\"@id\":\"https:\\\/\\\/fjala.info\\\/2009-2015\\\/#organization\"},\"potentialAction\":[{\"@type\":\"SearchAction\",\"target\":{\"@type\":\"EntryPoint\",\"urlTemplate\":\"https:\\\/\\\/fjala.info\\\/2009-2015\\\/?s={search_term_string}\"},\"query-input\":{\"@type\":\"PropertyValueSpecification\",\"valueRequired\":true,\"valueName\":\"search_term_string\"}}],\"inLanguage\":\"sq-AL\"},{\"@type\":\"Organization\",\"@id\":\"https:\\\/\\\/fjala.info\\\/2009-2015\\\/#organization\",\"name\":\"FjALA e LIR\u00cb - Arkivi\",\"url\":\"https:\\\/\\\/fjala.info\\\/2009-2015\\\/\",\"logo\":{\"@type\":\"ImageObject\",\"inLanguage\":\"sq-AL\",\"@id\":\"https:\\\/\\\/fjala.info\\\/2009-2015\\\/#\\\/schema\\\/logo\\\/image\\\/\",\"url\":\"\",\"contentUrl\":\"\",\"caption\":\"FjALA e LIR\u00cb - Arkivi\"},\"image\":{\"@id\":\"https:\\\/\\\/fjala.info\\\/2009-2015\\\/#\\\/schema\\\/logo\\\/image\\\/\"}},{\"@type\":\"Person\",\"@id\":\"https:\\\/\\\/fjala.info\\\/2009-2015\\\/#\\\/schema\\\/person\\\/3aa1163ef05469c496fc94e77611ada2\",\"name\":\"admin\",\"image\":{\"@type\":\"ImageObject\",\"inLanguage\":\"sq-AL\",\"@id\":\"https:\\\/\\\/fjala.info\\\/2009-2015\\\/wp-content\\\/uploads\\\/2012\\\/02\\\/arben_cokaj-120x150.jpg\",\"url\":\"https:\\\/\\\/fjala.info\\\/2009-2015\\\/wp-content\\\/uploads\\\/2012\\\/02\\\/arben_cokaj-120x150.jpg\",\"contentUrl\":\"https:\\\/\\\/fjala.info\\\/2009-2015\\\/wp-content\\\/uploads\\\/2012\\\/02\\\/arben_cokaj-120x150.jpg\",\"caption\":\"admin\"},\"description\":\"Admin, Fjala e Lir\u00eb\",\"sameAs\":[\"https:\\\/\\\/fjala.info\\\/\"],\"url\":\"https:\\\/\\\/fjala.info\\\/2009-2015\\\/author\\\/admin\\\/\"}]}<\/script>\n<!-- \/ Yoast SEO plugin. -->","yoast_head_json":{"title":"N\u00eb Shqip\u00ebri sot ka t\u00eb burgosur politik\u00eb - FjALA e LIR\u00cb - Arkivi","robots":{"index":"index","follow":"follow","max-snippet":"max-snippet:-1","max-image-preview":"max-image-preview:large","max-video-preview":"max-video-preview:-1"},"canonical":"https:\/\/fjala.info\/2009-2015\/ne-shqiperi-sot-ka-te-burgosur-politike\/","og_locale":"sq_AL","og_type":"article","og_title":"N\u00eb Shqip\u00ebri sot ka t\u00eb burgosur politik\u00eb - FjALA e LIR\u00cb - Arkivi","og_description":"Redaksionale, 27.01.2011 Prind\u00ebrit e dy djemve t\u00eb rinj t\u00eb cil\u00ebve u \u00ebsht\u00eb hequr prej dit\u00ebsh liria, ishin mbr\u00ebm\u00eb n\u00eb redaksin\u00eb e Shekullit. K\u00ebta djem quhen Ledion Muharremi dhe Markelian Saliko. Markelianin familja e ka k\u00ebrkuar me zem\u00ebr n\u00eb dor\u00eb, komisariat m\u00eb komisariat e burg m\u00eb burg p\u00ebr kat\u00ebr dit\u00eb rresht, derisa dje m\u00eb n\u00eb fund [&hellip;]","og_url":"https:\/\/fjala.info\/2009-2015\/ne-shqiperi-sot-ka-te-burgosur-politike\/","og_site_name":"FjALA e LIR\u00cb - Arkivi","article_published_time":"2011-01-27T20:11:29+00:00","author":"admin","twitter_card":"summary_large_image","twitter_misc":{"Written by":"admin","Est. reading time":"3 minutes"},"schema":{"@context":"https:\/\/schema.org","@graph":[{"@type":"Article","@id":"https:\/\/fjala.info\/2009-2015\/ne-shqiperi-sot-ka-te-burgosur-politike\/#article","isPartOf":{"@id":"https:\/\/fjala.info\/2009-2015\/ne-shqiperi-sot-ka-te-burgosur-politike\/"},"author":{"name":"admin","@id":"https:\/\/fjala.info\/2009-2015\/#\/schema\/person\/3aa1163ef05469c496fc94e77611ada2"},"headline":"N\u00eb Shqip\u00ebri sot ka t\u00eb burgosur politik\u00eb","datePublished":"2011-01-27T20:11:29+00:00","mainEntityOfPage":{"@id":"https:\/\/fjala.info\/2009-2015\/ne-shqiperi-sot-ka-te-burgosur-politike\/"},"wordCount":674,"commentCount":0,"publisher":{"@id":"https:\/\/fjala.info\/2009-2015\/#organization"},"articleSection":["Artikuj"],"inLanguage":"sq-AL","potentialAction":[{"@type":"CommentAction","name":"Comment","target":["https:\/\/fjala.info\/2009-2015\/ne-shqiperi-sot-ka-te-burgosur-politike\/#respond"]}]},{"@type":"WebPage","@id":"https:\/\/fjala.info\/2009-2015\/ne-shqiperi-sot-ka-te-burgosur-politike\/","url":"https:\/\/fjala.info\/2009-2015\/ne-shqiperi-sot-ka-te-burgosur-politike\/","name":"N\u00eb Shqip\u00ebri sot ka t\u00eb burgosur politik\u00eb - FjALA e LIR\u00cb - Arkivi","isPartOf":{"@id":"https:\/\/fjala.info\/2009-2015\/#website"},"datePublished":"2011-01-27T20:11:29+00:00","breadcrumb":{"@id":"https:\/\/fjala.info\/2009-2015\/ne-shqiperi-sot-ka-te-burgosur-politike\/#breadcrumb"},"inLanguage":"sq-AL","potentialAction":[{"@type":"ReadAction","target":["https:\/\/fjala.info\/2009-2015\/ne-shqiperi-sot-ka-te-burgosur-politike\/"]}]},{"@type":"BreadcrumbList","@id":"https:\/\/fjala.info\/2009-2015\/ne-shqiperi-sot-ka-te-burgosur-politike\/#breadcrumb","itemListElement":[{"@type":"ListItem","position":1,"name":"Home","item":"https:\/\/fjala.info\/2009-2015\/"},{"@type":"ListItem","position":2,"name":"N\u00eb Shqip\u00ebri sot ka t\u00eb burgosur politik\u00eb"}]},{"@type":"WebSite","@id":"https:\/\/fjala.info\/2009-2015\/#website","url":"https:\/\/fjala.info\/2009-2015\/","name":"FjALA e LIR\u00cb - Arkivi","description":"Arkivi 2009-2015","publisher":{"@id":"https:\/\/fjala.info\/2009-2015\/#organization"},"potentialAction":[{"@type":"SearchAction","target":{"@type":"EntryPoint","urlTemplate":"https:\/\/fjala.info\/2009-2015\/?s={search_term_string}"},"query-input":{"@type":"PropertyValueSpecification","valueRequired":true,"valueName":"search_term_string"}}],"inLanguage":"sq-AL"},{"@type":"Organization","@id":"https:\/\/fjala.info\/2009-2015\/#organization","name":"FjALA e LIR\u00cb - Arkivi","url":"https:\/\/fjala.info\/2009-2015\/","logo":{"@type":"ImageObject","inLanguage":"sq-AL","@id":"https:\/\/fjala.info\/2009-2015\/#\/schema\/logo\/image\/","url":"","contentUrl":"","caption":"FjALA e LIR\u00cb - Arkivi"},"image":{"@id":"https:\/\/fjala.info\/2009-2015\/#\/schema\/logo\/image\/"}},{"@type":"Person","@id":"https:\/\/fjala.info\/2009-2015\/#\/schema\/person\/3aa1163ef05469c496fc94e77611ada2","name":"admin","image":{"@type":"ImageObject","inLanguage":"sq-AL","@id":"https:\/\/fjala.info\/2009-2015\/wp-content\/uploads\/2012\/02\/arben_cokaj-120x150.jpg","url":"https:\/\/fjala.info\/2009-2015\/wp-content\/uploads\/2012\/02\/arben_cokaj-120x150.jpg","contentUrl":"https:\/\/fjala.info\/2009-2015\/wp-content\/uploads\/2012\/02\/arben_cokaj-120x150.jpg","caption":"admin"},"description":"Admin, Fjala e Lir\u00eb","sameAs":["https:\/\/fjala.info\/"],"url":"https:\/\/fjala.info\/2009-2015\/author\/admin\/"}]}},"_links":{"self":[{"href":"https:\/\/fjala.info\/2009-2015\/wp-json\/wp\/v2\/posts\/5949","targetHints":{"allow":["GET"]}}],"collection":[{"href":"https:\/\/fjala.info\/2009-2015\/wp-json\/wp\/v2\/posts"}],"about":[{"href":"https:\/\/fjala.info\/2009-2015\/wp-json\/wp\/v2\/types\/post"}],"author":[{"embeddable":true,"href":"https:\/\/fjala.info\/2009-2015\/wp-json\/wp\/v2\/users\/1"}],"replies":[{"embeddable":true,"href":"https:\/\/fjala.info\/2009-2015\/wp-json\/wp\/v2\/comments?post=5949"}],"version-history":[{"count":0,"href":"https:\/\/fjala.info\/2009-2015\/wp-json\/wp\/v2\/posts\/5949\/revisions"}],"wp:attachment":[{"href":"https:\/\/fjala.info\/2009-2015\/wp-json\/wp\/v2\/media?parent=5949"}],"wp:term":[{"taxonomy":"category","embeddable":true,"href":"https:\/\/fjala.info\/2009-2015\/wp-json\/wp\/v2\/categories?post=5949"},{"taxonomy":"post_tag","embeddable":true,"href":"https:\/\/fjala.info\/2009-2015\/wp-json\/wp\/v2\/tags?post=5949"}],"curies":[{"name":"wp","href":"https:\/\/api.w.org\/{rel}","templated":true}]}}