{"id":5947,"date":"2011-01-27T10:54:36","date_gmt":"2011-01-27T09:54:36","guid":{"rendered":"http:\/\/fjala.shkoder.net\/?p=5947"},"modified":"2011-01-27T10:54:36","modified_gmt":"2011-01-27T09:54:36","slug":"new-york-times-komuniteti-nderkombetar-te-organizoje-zgjedhje-te-jashtezakonshme-ne-shqiperi","status":"publish","type":"post","link":"https:\/\/fjala.info\/2009-2015\/new-york-times-komuniteti-nderkombetar-te-organizoje-zgjedhje-te-jashtezakonshme-ne-shqiperi\/","title":{"rendered":"New York Times: Komuniteti nd\u00ebrkomb\u00ebtar t\u00eb organizoj\u00eb zgjedhje t\u00eb jasht\u00ebzakonshme n\u00eb Shqip\u00ebri"},"content":{"rendered":"<p><em><strong>N\u00eb gazet\u00ebn e njohur amerikane \u00ebsht\u00eb botuar nj\u00eb editorial nga Daniel Korski, q\u00eb b\u00ebn thirrje p\u00ebr zgjedhje t\u00eb parakohshme. Shkrimi mban titullin \u201cNdaloni vet\u00eb-shkat\u00ebrrimin e Shqip\u00ebris\u00eb\u201d. Korski \u00ebsht\u00eb an\u00ebtar i lart\u00eb i nj\u00eb institucioni me shum\u00eb pesh\u00eb n\u00eb jet\u00ebn politike evropiane dhe amerikane<\/strong><\/em><\/p>\n<p>Nga <strong>Daniel Korski<\/strong>*<\/p>\n<p>N\u00eb nj\u00eb moment Shqip\u00ebria \u00ebsht\u00eb destinacioni q\u00eb duhet vizituar, i rekomanduar nga Lonely Planet p\u00ebr vitin 2011, nj\u00eb vend an\u00ebtar i NATO-s, qytetar\u00ebt e t\u00eb cilit shijojn\u00eb udh\u00ebtimin pa viza n\u00eb Bashkimin Europian; n\u00eb momentin tjet\u00ebr forcat e qeveris\u00eb q\u00ebllojn\u00eb dhe vrasin protestues n\u00eb rrug\u00eb dhe Ministria e Jashtme Britanike po paralajm\u00ebron vizitor\u00ebt q\u00eb t\u00eb q\u00ebndrojn\u00eb larg turmave t\u00eb njer\u00ebzve n\u00eb Tiran\u00eb.<\/p>\n<p>Shqip\u00ebria, e cila iu arratis nj\u00eb diktature t\u00eb ngjashme me at\u00eb t\u00eb Kores\u00eb s\u00eb Veriut n\u00eb vitin 1991, u rr\u00ebzua dhunsh\u00ebm n\u00eb vitin 1997 e tani duket se po shkon s\u00ebrish drejt nj\u00eb tjet\u00ebr katastrofe.<\/p>\n<p>Europ\u00ebs i intereson n\u00ebse vendi do t\u00eb zhytet n\u00eb konflikte t\u00eb brendshme, ose do arrij\u00eb t\u00eb zmbrapset duke u kacavirrur.<\/p>\n<p>Shqip\u00ebria ka qen\u00eb s\u00eb fundmi nj\u00eb forc\u00eb p\u00ebr paqen n\u00eb Ballkan, duke nd\u00ebrtuar lidhje me armiqt\u00eb e vjet\u00ebr si Serbia e u ka b\u00ebr\u00eb thirrje v\u00ebllez\u00ebrve etnik\u00eb n\u00eb Kosov\u00eb e Maqedoni p\u00ebr t\u00eb punuar p\u00ebr paqen. Trupat ushtarake t\u00eb k\u00ebtij vendi punojn\u00eb p\u00ebrkrah me ushtar\u00ebt e NATO-s n\u00eb Afganistan. Nj\u00eb rikthim tek konflikti do ishte i keq p\u00ebr Ballkanin, i keq p\u00ebr Europ\u00ebn dhe i keq p\u00ebr NATO-n.<\/p>\n<p>Kriza aktuale megjithat\u00eb ka rr\u00ebnj\u00eb t\u00eb thella. Q\u00eb nga viti 1992, asnj\u00eb nga zgjedhjet e organizuara n\u00eb Shqip\u00ebri nuk jan\u00eb konsideruar t\u00eb lira e t\u00eb ndershme nga Organizata p\u00ebr Sigurin\u00eb e Bashk\u00ebpunimin n\u00eb Europ\u00eb, trupa q\u00eb monitoron zgjedhjet.<\/p>\n<p>N\u00eb zgjedhje luftohet si n\u00eb beteja me ushtrit\u00eb q\u00eb i shpallin besnik\u00ebri nj\u00ebri- tjetrit, por jo procesit demokratik. Zgjedhjet jan\u00eb nj\u00eb mund\u00ebsi p\u00ebr politikan\u00ebt p\u00ebr t\u00eb shkat\u00ebrruar kund\u00ebrshtar\u00ebt e p\u00ebr t\u00eb pasuruar miqt\u00eb.<\/p>\n<p>Zgjedhjet e fundit, n\u00eb qershor t\u00eb vitit 2009, nuk ishin ndryshe. Lideri i Partis\u00eb Socialiste n\u00eb opozit\u00eb, Edi Rama, protestoi kund\u00ebr rezultatit duke bojkotuar parlamentin. Bojkoti \u00ebsht\u00eb ende n\u00eb fuqi, duke i pamund\u00ebsuar Shqip\u00ebris\u00eb nj\u00eb kanal p\u00ebr shkarkimin e mosmarr\u00ebveshjeve.<\/p>\n<p>Nd\u00ebrkoh\u00eb, kryeministri Sali Berisha ka qeverisur n\u00eb nj\u00eb m\u00ebnyr\u00eb q\u00eb ka b\u00ebr\u00eb q\u00eb Freedom House ta cil\u00ebsoj\u00eb vendin si \u201cpjes\u00ebrisht t\u00eb lir\u00eb\u201d, i nj\u00ebjti status i dh\u00ebn\u00eb p\u00ebr Abkazin\u00eb, Gambian e Nagorni-Karabakun.<\/p>\n<p>Rivaliteti tejet i personalizuar e i mpreht\u00eb mes Ram\u00ebs e Berish\u00ebs ka vepruar si sharr\u00eb me dy krah\u00eb q\u00eb pret n\u00eb mes institucionet e vendit.<\/p>\n<p>Merrni \u00e7\u00ebshtjen e Kushtetut\u00ebs s\u00eb Shqip\u00ebris\u00eb s\u00eb vitit 1998. Tre vite m\u00eb par\u00eb, Berisha dhe Rama n\u00eb m\u00ebnyr\u00eb cinike ran\u00eb dakord p\u00ebr disa reforma gjith\u00ebp\u00ebrfshir\u00ebs, duke ndryshuar brenda nat\u00ebs dokumentin, si\u00e7 thot\u00eb ish- presidenti Alfred Moisiu.<\/p>\n<p>T\u00eb dy lider\u00ebt kan\u00eb menduar se do t\u00eb q\u00ebndrojn\u00eb p\u00ebr t\u00eb p\u00ebrfituar nga ndryshimet. Tani q\u00eb vet\u00ebm nj\u00ebri po p\u00ebrfiton, tjetri po t\u00ebrbohet. E nj\u00ebjta gj\u00eb u p\u00ebrs\u00ebrit me prezantimin e nj\u00eb kodi t\u00eb ri elektoral.<\/p>\n<p>Korrupsioni \u00ebsht\u00eb ndoshta problemi m\u00eb i madh. Vendi i 95 nga 180 vende n\u00eb Indeksin e Perceptimit t\u00eb Korrupsionit t\u00eb Transparency International n\u00eb vitin 2009 ishte nj\u00eb p\u00ebrpjekje n\u00eb grup. Megjithat\u00eb, Berisha ka refuzuar t\u00eb shkarkoj\u00eb aleat\u00ebt kryesore q\u00eb p\u00ebrballen me padi.<\/p>\n<p>Nj\u00eb shp\u00ebrthim n\u00eb depot ushtarake q\u00eb vrau shum\u00eb njer\u00ebz, detyroi dor\u00ebheqjen e ministrit t\u00eb Mbrojtjes n\u00eb at\u00eb koh\u00eb, Fatmir Mediu. Q\u00eb nga ajo koh\u00eb, ai \u00ebsht\u00eb rizgjedhur dhe imuniteti parlamentar, q\u00eb e g\u00ebzonte p\u00ebrpara dor\u00ebheqjes, i \u00ebsht\u00eb rikthyer nga Gjykata e Lart\u00eb (ai \u00ebsht\u00eb momentalisht minist\u00ebr i Mjedisit i Berish\u00ebs). Jan\u00eb t\u00eb panum\u00ebrta rastet e tjera n\u00eb mesin e an\u00ebtar\u00ebve t\u00eb klas\u00ebs politike t\u00eb t\u00eb gjitha pal\u00ebve.<\/p>\n<p>Situata n\u00eb media gjithashtu \u00ebsht\u00eb e zymt\u00eb, pavar\u00ebsisht garancive kushtetuese p\u00ebr lirin\u00eb e shprehjes.<\/p>\n<p>Mediat normalisht cil\u00ebsohen si partizane politikisht, dhe gazetar\u00ebt mbeten subjekt padish, k\u00ebrc\u00ebnimesh e dhune fizike. Vitin e shkuar nj\u00eb gazet\u00eb kritike, Tema, u d\u00ebbua nga zyrat e saj pavar\u00ebsisht nj\u00eb urdhri gjykate q\u00eb e ndalonte nj\u00eb veprim t\u00eb till\u00eb. Botuesi i Tema-s m\u00eb pas u godit nga truprojat e nj\u00eb manjati nafte, i lidhur me qeverin\u00eb.<\/p>\n<p>Pas vitesh me k\u00ebt\u00eb lloj aktiviteti, institucionet shqiptare n\u00eb m\u00ebnyr\u00eb jo t\u00eb habitshme jan\u00eb n\u00eb nj\u00eb rr\u00ebmuj\u00eb. Madje dhe gjyq\u00ebsori \u00ebsht\u00eb nj\u00eb rr\u00ebmuj\u00eb, p\u00ebr sa koh\u00eb ka nj\u00eb debat politik n\u00eb lidhje me faktin n\u00ebse duhen arrestuar gjasht\u00eb komandant\u00eb t\u00eb gard\u00ebs komb\u00ebtare, t\u00eb k\u00ebrkuar n\u00eb lidhje me vrasjen e protestuesve.<\/p>\n<p>N\u00eb vend q\u00eb t\u00eb ndalojn\u00eb dhe t\u00eb shohin d\u00ebmet q\u00eb kan\u00eb shkaktuar, Rama e Berisha kan\u00eb mprehur arm\u00ebt. Ata tani po shikojn\u00eb t\u00eb angazhojn\u00eb mjete ekstra- institucionale p\u00ebr t\u00eb fituar ose p\u00ebr t\u00eb ruajtur pushtetin. Berisha akuzon Ram\u00ebn se po p\u00ebrpiqet t\u00eb \u201cfitoj\u00eb pushtetin me an\u00eb t\u00eb forc\u00ebs\u201d dhe se ka orkestruar \u201cnj\u00eb tentativ\u00eb t\u00eb qart\u00eb si kristali\u201d p\u00ebr t\u00eb rr\u00ebzuar qeverin\u00eb legjitime.<\/p>\n<p>Ai synon tani q\u00eb t\u00eb nxjerr\u00eb n\u00eb rrug\u00eb demonstruesit e tij.<\/p>\n<p>Rama, nga ana tjet\u00ebr, proteston se shteti i Berish\u00ebs nuk \u00ebsht\u00eb demokratik e thot\u00eb se vet\u00ebm nj\u00eb revolucion i stilit tunizian mund t\u00eb sjell\u00eb ndryshime n\u00eb vend.<\/p>\n<p>Bashkimi Europian e ka p\u00ebrqendruar v\u00ebmendjen vitet e fundit diku tjet\u00ebr n\u00eb Ballkan. Tani, megjithat\u00eb, BE duhet t\u00eb b\u00ebj\u00eb t\u00eb qart\u00eb se politikan\u00ebt shqiptar\u00eb duhet t\u00eb distancohen nga p\u00ebrdorimi i dhun\u00ebs dhe t\u2019i japin fund shkat\u00ebrrimit t\u00eb institucioneve t\u00eb shtetit.<\/p>\n<p>N\u00ebse jo, at\u00ebher\u00eb shqiptar\u00ebt do t\u00eb humbin t\u00eb drejt\u00ebn p\u00ebr t\u00eb l\u00ebvizur pa viza n\u00eb Europ\u00eb dhe vendi do t\u00eb harroj\u00eb \u00e7do shans serioz p\u00ebr nj\u00eb an\u00ebtar\u00ebsim n\u00eb BE. Madje dhe an\u00ebtar\u00ebsimi i vendit n\u00eb NATO mund t\u00eb jet\u00eb n\u00eb rrezik.<\/p>\n<p>P\u00ebr t\u00eb treguar shqet\u00ebsimin e saj, Catherine Ashton, p\u00ebrfaq\u00ebsuesja e par\u00eb e lart\u00eb e BE p\u00ebr politikat e jashtme duhet t\u00eb d\u00ebrgoj\u00eb nj\u00eb negociator t\u00eb lart\u00eb n\u00eb Shqip\u00ebri. Nj\u00eb komision i p\u00ebrb\u00ebr\u00eb nga ish- president\u00eb duhet t\u00eb ngrihet p\u00ebr t\u00eb hetuar dhun\u00ebn e fundit.<\/p>\n<p>Komuniteti nd\u00ebrkomb\u00ebtar duhet t\u00eb organizoj\u00eb dhe t\u00eb mbaj\u00eb zgjedhje t\u00eb jasht\u00ebzakonshme parlamentare vitin q\u00eb vjen, duke d\u00ebrguar nj\u00eb mesazh t\u00eb qart\u00eb se institucionet e Shqip\u00ebris\u00eb nuk jan\u00eb m\u00eb t\u00eb besuesh\u00ebm ose n\u00eb gjendje p\u00ebr ta b\u00ebr\u00eb k\u00ebt\u00eb vet\u00eb.<\/p>\n<p>Nj\u00eb qeveri e re duhet t\u00eb mbaj\u00eb nj\u00eb agjend\u00eb konkrete p\u00ebr reforma.<\/p>\n<p>Kjo mund t\u00eb ndaloj\u00eb politikan\u00ebt shqiptar\u00eb q\u00eb t\u00eb shkat\u00ebrrojn\u00eb institucionet. N\u00ebse kjo nuk b\u00ebhet, pasojat do t\u00eb ndjehen p\u00ebrtej kufijve t\u00eb Shqip\u00ebris\u00eb.<\/p>\n<p>*Daniel Korski \u00ebsht\u00eb nj\u00eb an\u00ebtar i lart\u00eb i K\u00ebshillit Europian p\u00ebr Marr\u00ebdh\u00ebniet me Jasht\u00eb. Ai eshte i fejuari i ambasadores britanike n\u00eb Tiran\u00eb, Fiona McIlwham<\/p>\n<p>M\u00eb posht\u00eb lista e an\u00ebtar\u00ebve t\u00eb K\u00ebshillit Europian p\u00ebr Marr\u00ebdh\u00ebniet me Jasht\u00eb n\u00eb emer te te cilit shkruan Korski. Kjo eshte nje organizate think-tank paneuropiane me shume ndikim ne Perendim. Anetare te saj jane shume ish- drejtues shtetesh, ekonomiste, mendimtare e biznesmene (lista n\u00eb anglisht)<\/p>\n<p>1. Asger Aamund (Denmark) \u2013 President and CEO, A. J. Aamund A\/S and Chairman of Bavarian Nordic A\/S<\/p>\n<p>2. Urban Ahlin (Sweden) \u2013 Deputy Chairman of the Foreign Affairs Committee and foreign policy spokesperson for the Social Democratic Party<\/p>\n<p>3. Martti Ahtisaari (Finland) \u2013 Chairman of the Board, Crisis Management Initiative; former President<\/p>\n<p>4. Giuliano Amato (Italy) \u2013 former Prime Minister and vice President of the European Convention<\/p>\n<p>5. Hannes Androsch (Austria) \u2013 Founder, AIC Androsch International Management Consulting<\/p>\n<p>6. Dora Bakoyannis (Greece) \u2013 MP; former Foreign Minister<\/p>\n<p>7. Llu\u00eds Bassets (Spain) \u2013 Deputy Director, El Pa\u00eds<\/p>\n<p>8. Marek Belka (Poland) \u2013 Director, European Department, International Monetary Fund; former Prime Minister<\/p>\n<p>9. Roland Berger (Germany) \u2013 Founder and Chairman, Roland Berger Strategy Consultants GmbH<\/p>\n<p>10. Erik Bergl\u00f6f (Sweden) \u2013 Chief Economist, European Bank for Reconstruction and Development<\/p>\n<p>11. Jan Krzysztof Bielecki (Poland) \u2013 former Prime Minister<\/p>\n<p>12. Carl Bildt (Sweden) \u2013 Foreign Minister<\/p>\n<p>13. Svetoslav Bojilov (Bulgaria) \u2013 Founder, Communitas Foundation and President of Venture Equity Bulgaria Ltd.<\/p>\n<p>14. Emma Bonino (Italy) \u2013 Vice President of the Senate; former EU Commissioner<\/p>\n<p>15. John Bruton (Ireland) \u2013 former European Commission Ambassador to the USA; former Prime Minister (Taoiseach)<\/p>\n<p>16. Ian Buruma (The Netherlands) \u2013 Writer and academic<\/p>\n<p>17. Gunilla Carlsson (Sweden) \u2013 Minister for International Development Cooperation<\/p>\n<p>18. Manuel Castells (Spain) \u2013 Professor, Universitat Oberta de Catalunya and University of Southern California<\/p>\n<p>19. Charles Clarke (United Kingdom) \u2013 former Home Secretary<\/p>\n<p>20. Nicola Clase (Sweden) \u2013 Ambassador to the United Kingdom; former State Secretary<\/p>\n<p>21. Daniel Cohn-Bendit (Germany) \u2013 Member of European Parliament<\/p>\n<p>22. Robert Cooper (United Kingdom) \u2013 Director General for External and Politico-Military Affairs, Council of the EU<\/p>\n<p>23. Massimo D\u2019Alema (Italy) \u2013 President, Italianieuropei Foundation; former Prime Minister and Foreign Minister<\/p>\n<p>24. Marta Dass\u00f9 (Italy) \u2013 Director General International Activities, Aspen Institute Italia<\/p>\n<p>25. Etienne Davignon (Belgium) \u2013 President, Friends of Europe; former Vice President of the European Commission<\/p>\n<p>26. Ale\u0161 Debeljak (Slovenia) \u2013 Poet and Cultural Critic<\/p>\n<p>27. Jean-Luc Dehaene (Belgium) \u2013 Member of European Parliament; former Prime Minister<\/p>\n<p>28. Gianfranco Dell\u2019Alba (Italy) \u2013 Director, Confederation of Italian Industry (Confindustria) \u2013 Brussels office; former Member of European Parliament<\/p>\n<p>29. Pavol Deme\u0161 (Slovakia) \u2013 Director, German Marshall Fund of the United States (Bratislava)<\/p>\n<p>30. Tibor Dessewffy (Hungary) \u2013 President, DEMOS Hungary<\/p>\n<p>31. Andrew Duff (United Kingdom) \u2013 Member of European Parliament<\/p>\n<p>32. Hans Eichel (Germany) \u2013 former Finance Minister<\/p>\n<p>33. Sarmite Elerte (Latvia) \u2013 Chairperson, Baltic to Black Sea Alliance (BBSA); former Editor-in-chief of daily newspaper Diena<\/p>\n<p>34. Uffe Ellemann-Jensen (Denmark) \u2013 Chairman, Baltic Development Forum; former Foreign Minister<\/p>\n<p>35. Brian Eno (United Kingdom) \u2013 Musician and Producer<\/p>\n<p>36. Steven Everts (The Netherlands) \u2013 Adviser to the Vice President of the European Commission\/ EU High Representative for Foreign and Security Policy<\/p>\n<p>37. Gianfranco Fini (Italy) \u2013 President, Chamber of Deputies; former Foreign Minister<\/p>\n<p>38. Joschka Fischer (Germany) \u2013 former Foreign Minister and vice-Chancellor<\/p>\n<p>39. Jaime Gama (Portugal) \u2013 Speaker of the Parliament; former Foreign Minister<\/p>\n<p>40. Timothy Garton Ash (United Kingdom) \u2013 Professor of European Studies, Oxford University<\/p>\n<p>41. Anthony Giddens (United Kingdom) \u2013 Emeritus Professor, London School of Economics<\/p>\n<p>42. Teresa Patricio Gouveia (Portugal) \u2013 Trustee to the Board of the Calouste Gulbenkian Foundation; former Foreign Minister<\/p>\n<p>43. Heather Grabbe (United Kingdom) \u2013 Executive Director, Open Society Institute \u2013 Brussels<\/p>\n<p>44. Jean-Marie Gu\u00e9henno (France) \u2013 Senior Fellow, Brookings Institution and Center on International Cooperation (New York University); former Under-Secretary-General for Peacekeeping Operations at the UN<\/p>\n<p>45. Fernando Andresen Guimar\u00e3es (Portugal) \u2013 Adviser to European Commission President Jos\u00e9 Manuel Barroso<\/p>\n<p>46. Karl-Theodor zu Guttenberg (Germany) \u2013 Defence Minister<\/p>\n<p>47. Istv\u00e1n Gyarmati (Hungary) \u2013 President and CEO, International Centre for Democratic Transition<\/p>\n<p>48. Hans H\u00e6kkerup (Denmark) \u2013 Chairman, Defence Commission; former Defence Minister<\/p>\n<p>49. Pierre Hassner (France) \u2013 Research Director emeritus, CERI (Sciences-PO)<\/p>\n<p>50. Annette Heuser (Germany) \u2013 Executive Director, Bertelsmann Foundation Washington DC<\/p>\n<p>51. Diego Hidalgo (Spain) \u2013 Co-founder of Spanish newspaper El Pa\u00eds; President, FRIDE<\/p>\n<p>52. Michiel van Hulten (The Netherlands) \u2013 Managing Director, Government Relations, Burson-Marsteller Brussels; former Member of European Parliament<\/p>\n<p>53. Anna Ibrisagic (Sweden) \u2013 Member of European Parliament<\/p>\n<p>54. Jaakko Iloniemi (Finland) \u2013 CEO, UNIFIN; former Executive Director, Crisis Management Initiative<\/p>\n<p>55. Wolfgang Ischinger (Germany) \u2013 Chairman, Munich Security Conference; Global Head of Government Affairs Allianz SE<\/p>\n<p>56. Lionel Jospin (France) \u2013 former Prime Minister<\/p>\n<p>57. Mary Kaldor (United Kingdom) \u2013 Professor, London School of Economics<\/p>\n<p>58. Glenys Kinnock (United Kingdom) \u2013 Member of the House of Lords; former Member of European Parliament<\/p>\n<p>59. Olli Kivinen (Finland) \u2013 Writer and columnist<\/p>\n<p>60. Gerald Knaus (Austria) \u2013 Chairman of the European Stability Initiative and Carr Center Fellow<\/p>\n<p>61. Caio Koch-Weser (Germany) \u2013 Vice Chairman, Deutsche Bank Group; former State Secretary<\/p>\n<p>62. Rem Koolhaas (The Netherlands) \u2013 Architect and urbanist; Professor at the Graduate School of Design, Harvard University<\/p>\n<p>63. Ivan Krastev (Bulgaria) \u2013 Chair of Board, Centre for Liberal Strategies<\/p>\n<p>64. Mart Laar (Estonia) \u2013 MP; former Prime Minister<\/p>\n<p>65. Miroslav Laj\u010d\u00e1k (Slovakia) \u2013 Foreign Minister; former High Representative and EU Special Representative in Bosnia Herzegovina<\/p>\n<p>66. Pascal Lamy (France) \u2013 Honorary President, Notre Europe and Director-General of WTO; former EU Commissioner<\/p>\n<p>67. Mark Leonard (United Kingdom) \u2013 Director, European Council on Foreign Relations<\/p>\n<p>68. Juan Fernando L\u00f3pez Aguilar ( Spain) \u2013 Member of European Parliament; former Minister of Justice<\/p>\n<p>69. Helena Luczywo (Poland) \u2013 Deputy Editor-in-chief, Gazeta Wyborcza<\/p>\n<p>70. Adam Lury (United Kingdom) \u2013 CEO, Menemsha Ltd<\/p>\n<p>71. Alain Minc (France) \u2013 Head of AM Conseil; former chairman, Le Monde<\/p>\n<p>72. Nickolay Mladenov (Bulgaria) -Foreign Minister; former Defence Minister; former Member of European Parliament<\/p>\n<p>73. Dominique Moisi (France) \u2013 Senior Adviser, IFRI<\/p>\n<p>74. Pierre Moscovici (France) \u2013 MP; former Minister for European Affairs<\/p>\n<p>75. Nils Muiznieks (Latvia) \u2013 Director, Advanced Social and Political Research Institute, University of Latvia<\/p>\n<p>76. Hildegard M\u00fcller (Germany) \u2013 Chairwoman, BDEW Bundesverband der Energie- und Wasserwirtschaft<\/p>\n<p>77. Wolfgang M\u00fcnchau (Germany) \u2013 President, Eurointelligence ASBL<\/p>\n<p>78. Kalypso Nicola\u00efdis (Greece\/France) \u2013 Professor of International Relations, University of Oxford<\/p>\n<p>79. Christine Ockrent (Belgium) \u2013 CEO, Audiovisuel Ext\u00e9rieur de la France<\/p>\n<p>80. Andrzej Olechowski (Poland) \u2013 former Foreign Minister<\/p>\n<p>81. Dick Oosting (The Netherlands) \u2013 CEO, European Council on Foreign Relation; former Europe Director, Amnesty International<\/p>\n<p>82. Mabel van Oranje (The Netherlands) \u2013 CEO, The Elders<\/p>\n<p>83. Marcelino Oreja Aguirre (Spain) \u2013 Member of the Board, Fomento de Construcciones y Contratas; former EU Commissioner<\/p>\n<p>84. Leoluca Orlando (Italy) \u2013 MP and President, Sicilian Renaissance Institute<\/p>\n<p>85. Cem \u00d6zdemir (Germany) \u2013 Leader, B\u00fcndnis90\/Die Gr\u00fcnen (Green Party)<\/p>\n<p>86. Tommaso Padoa-Schioppa (Italy) \u2013 President, Notre Europe; former chairman of IMF and former Minister of Economy and Finance<\/p>\n<p>87. Ana Palacio (Spain) \u2013 former Foreign Minister; former Senior Vice President and General Counsel of the World Bank Group<\/p>\n<p>88. Simon Panek (Czech Republic) \u2013 Chairman, People in Need Foundation<\/p>\n<p>89. Chris Patten (United Kingdom) \u2013 Chancellor of Oxford University and co-chair of the International Crisis Group; former EU Commissioner<\/p>\n<p>90. Diana Pinto (France) \u2013 Historian and author<\/p>\n<p>91. Jean Pisani-Ferry (France) \u2013 Director, Bruegel and Professor at Universite Paris-Dauphine<\/p>\n<p>92. Andrei Ple\u015fu (Romania) \u2013 Rector, New Europe College; former Foreign Minister<\/p>\n<p>93. Ruprecht Polenz (Germany) \u2013 MP and Chairman of the Bundestag Foreign Affairs Committee<\/p>\n<p>94. Lydie Polfer (Luxembourg) \u2013 MP; former Foreign Minister<\/p>\n<p>95. Andrew Puddephatt (United Kingdom) \u2013 Director, Global Partners &amp; Associated Ltd.<\/p>\n<p>96. Vesna Pusi\u0107 (Croatia) \u2013 MP, President of the National Committee for Monitoring the EU Accession Negotiations and Professor of Sociology, University of Zagreb<\/p>\n<p>97. Sigrid Rausing (United Kingdom) \u2013 Founder, Sigrid Rausing Trust<\/p>\n<p>98. George Robertson (United Kingdom) \u2013 former Secretary General of NATO<\/p>\n<p>99. Albert Rohan (Austria) \u2013 former Secretary General for Foreign Affairs<\/p>\n<p>100. Dariusz Rosati (Poland) \u2013 former Foreign Minister<\/p>\n<p>101. Adam D. Rotfeld (Poland) \u2013 Chairman of the UN Secretary General\u2019s Advisory Board on Disarmament Matters; former Foreign Minister<\/p>\n<p>102. Daniel Sachs (Sweden) \u2013 CEO, Proventus<\/p>\n<p>103. Pierre Schori (Sweden) \u2013 Chair of Olof Palme Memorial Fund; former Director General, FRIDE; former SRSG to Cote d\u00b4Ivoire<\/p>\n<p>104. Wolfgang Sch\u00fcssel (Austria) \u2013 MP; former Chancellor<\/p>\n<p>105. Karel Schwarzenberg (Czech Republic) \u2013 MP; former Minister of Foreign Affairs<\/p>\n<p>106. Giuseppe Scognamiglio (Italy) \u2013 Head of Institutional and International Relations, UniCredit<\/p>\n<p>107. Narc\u00eds Serra (Spain) \u2013 Chair of CIDOB Foundation; former Vice President<\/p>\n<p>108. Elif Shafak (Turkey) \u2013 Writer<\/p>\n<p>109. Aleksander Smolar (Poland) \u2013 Chairman of the Board, Stefan Batory Foundation<\/p>\n<p>110. George Soros (Hungary\/USA) \u2013 Founder and Chairman, Open Society Institute<\/p>\n<p>111. Goran Stefanovski (Macedonia) \u2013 Playwright and Academic<\/p>\n<p>112. Dominique Strauss-Kahn (France) \u2013 Managing Director, International Monetary Fund; former Finance Minister<\/p>\n<p>113. Alexander Stubb (Finland) \u2013 Foreign Minister<\/p>\n<p>114. Michael St\u00fcrmer (Germany) \u2013 Chief Correspondent, Die Welt<\/p>\n<p>115. Ion Sturza (Romania) \u2013 President, Fribourg Investments Ltd.; former Prime Minister<\/p>\n<p>116. Helle Thorning Schmidt (Denmark) \u2013 Leader of the Social Democratic Party<\/p>\n<p>117. Loukas Tsoukalis (Greece) \u2013 Professor, University of Athens and President, ELIAMEP<\/p>\n<p>118. Erkki Tuomioja (Finland) \u2013 MP; former Foreign Minister<\/p>\n<p>119. Vaira Vike- Freiberga (Latvia) \u2013 former President<\/p>\n<p>120. Antonio Vitorino (Portugal) \u2013 Lawyer; former EU Commissioner<\/p>\n<p>121. Gijs de Vries (The Netherlands) \u2013 Member of the Board, Netherlands Court of Audit; former EU Counter-Terrorism Coordinator<\/p>\n<p>122. Sir Stephen Wall (United Kingdom) \u2013 Chair of the Federal Trust; Vice Chair of Business for New Europe; former EU adviser to Tony Blair<\/p>\n<p>123. Andre Wilkens (Germany) \u2013 Director for International Relations, Stiftung Mercator<\/p>\n<p>124. Shirley Williams (United Kingdom) \u2013 Professor Emeritus, Kennedy School of Government; former Leader of the Liberal Democrats in the House of Lords<\/p>\n<p>125. Carlos Alonso Zald\u00edvar (Spain) \u2013 Ambassador to Brazil<\/p>\n","protected":false},"excerpt":{"rendered":"<p>N\u00eb gazet\u00ebn e njohur amerikane \u00ebsht\u00eb botuar nj\u00eb editorial nga Daniel Korski, q\u00eb b\u00ebn thirrje p\u00ebr zgjedhje t\u00eb parakohshme. Shkrimi mban titullin \u201cNdaloni vet\u00eb-shkat\u00ebrrimin e Shqip\u00ebris\u00eb\u201d. Korski \u00ebsht\u00eb an\u00ebtar i lart\u00eb i nj\u00eb institucioni me shum\u00eb pesh\u00eb n\u00eb jet\u00ebn politike evropiane dhe amerikane Nga Daniel Korski* N\u00eb nj\u00eb moment Shqip\u00ebria \u00ebsht\u00eb destinacioni q\u00eb duhet vizituar, [&hellip;]<\/p>\n","protected":false},"author":1,"featured_media":0,"comment_status":"open","ping_status":"closed","sticky":false,"template":"","format":"standard","meta":{"footnotes":""},"categories":[2],"tags":[],"class_list":{"0":"post-5947","1":"post","2":"type-post","3":"status-publish","4":"format-standard","6":"category-artikuj"},"yoast_head":"<!-- This site is optimized with the Yoast SEO plugin v27.4 - https:\/\/yoast.com\/product\/yoast-seo-wordpress\/ -->\n<title>New York Times: Komuniteti nd\u00ebrkomb\u00ebtar t\u00eb organizoj\u00eb zgjedhje t\u00eb jasht\u00ebzakonshme n\u00eb Shqip\u00ebri - FjALA e LIR\u00cb - Arkivi<\/title>\n<meta name=\"robots\" content=\"index, follow, max-snippet:-1, max-image-preview:large, max-video-preview:-1\" \/>\n<link rel=\"canonical\" href=\"https:\/\/fjala.info\/2009-2015\/new-york-times-komuniteti-nderkombetar-te-organizoje-zgjedhje-te-jashtezakonshme-ne-shqiperi\/\" \/>\n<meta property=\"og:locale\" content=\"sq_AL\" \/>\n<meta property=\"og:type\" content=\"article\" \/>\n<meta property=\"og:title\" content=\"New York Times: Komuniteti nd\u00ebrkomb\u00ebtar t\u00eb organizoj\u00eb zgjedhje t\u00eb jasht\u00ebzakonshme n\u00eb Shqip\u00ebri - FjALA e LIR\u00cb - Arkivi\" \/>\n<meta property=\"og:description\" content=\"N\u00eb gazet\u00ebn e njohur amerikane \u00ebsht\u00eb botuar nj\u00eb editorial nga Daniel Korski, q\u00eb b\u00ebn thirrje p\u00ebr zgjedhje t\u00eb parakohshme. Shkrimi mban titullin \u201cNdaloni vet\u00eb-shkat\u00ebrrimin e Shqip\u00ebris\u00eb\u201d. Korski \u00ebsht\u00eb an\u00ebtar i lart\u00eb i nj\u00eb institucioni me shum\u00eb pesh\u00eb n\u00eb jet\u00ebn politike evropiane dhe amerikane Nga Daniel Korski* N\u00eb nj\u00eb moment Shqip\u00ebria \u00ebsht\u00eb destinacioni q\u00eb duhet vizituar, [&hellip;]\" \/>\n<meta property=\"og:url\" content=\"https:\/\/fjala.info\/2009-2015\/new-york-times-komuniteti-nderkombetar-te-organizoje-zgjedhje-te-jashtezakonshme-ne-shqiperi\/\" \/>\n<meta property=\"og:site_name\" content=\"FjALA e LIR\u00cb - Arkivi\" \/>\n<meta property=\"article:published_time\" content=\"2011-01-27T09:54:36+00:00\" \/>\n<meta name=\"author\" content=\"admin\" \/>\n<meta name=\"twitter:card\" content=\"summary_large_image\" \/>\n<meta name=\"twitter:label1\" content=\"Written by\" \/>\n\t<meta name=\"twitter:data1\" content=\"admin\" \/>\n\t<meta name=\"twitter:label2\" content=\"Est. reading time\" \/>\n\t<meta name=\"twitter:data2\" content=\"13 minutes\" \/>\n<script type=\"application\/ld+json\" class=\"yoast-schema-graph\">{\"@context\":\"https:\\\/\\\/schema.org\",\"@graph\":[{\"@type\":\"Article\",\"@id\":\"https:\\\/\\\/fjala.info\\\/2009-2015\\\/new-york-times-komuniteti-nderkombetar-te-organizoje-zgjedhje-te-jashtezakonshme-ne-shqiperi\\\/#article\",\"isPartOf\":{\"@id\":\"https:\\\/\\\/fjala.info\\\/2009-2015\\\/new-york-times-komuniteti-nderkombetar-te-organizoje-zgjedhje-te-jashtezakonshme-ne-shqiperi\\\/\"},\"author\":{\"name\":\"admin\",\"@id\":\"https:\\\/\\\/fjala.info\\\/2009-2015\\\/#\\\/schema\\\/person\\\/3aa1163ef05469c496fc94e77611ada2\"},\"headline\":\"New York Times: Komuniteti nd\u00ebrkomb\u00ebtar t\u00eb organizoj\u00eb zgjedhje t\u00eb jasht\u00ebzakonshme n\u00eb Shqip\u00ebri\",\"datePublished\":\"2011-01-27T09:54:36+00:00\",\"mainEntityOfPage\":{\"@id\":\"https:\\\/\\\/fjala.info\\\/2009-2015\\\/new-york-times-komuniteti-nderkombetar-te-organizoje-zgjedhje-te-jashtezakonshme-ne-shqiperi\\\/\"},\"wordCount\":2636,\"commentCount\":0,\"publisher\":{\"@id\":\"https:\\\/\\\/fjala.info\\\/2009-2015\\\/#organization\"},\"articleSection\":[\"Artikuj\"],\"inLanguage\":\"sq-AL\",\"potentialAction\":[{\"@type\":\"CommentAction\",\"name\":\"Comment\",\"target\":[\"https:\\\/\\\/fjala.info\\\/2009-2015\\\/new-york-times-komuniteti-nderkombetar-te-organizoje-zgjedhje-te-jashtezakonshme-ne-shqiperi\\\/#respond\"]}]},{\"@type\":\"WebPage\",\"@id\":\"https:\\\/\\\/fjala.info\\\/2009-2015\\\/new-york-times-komuniteti-nderkombetar-te-organizoje-zgjedhje-te-jashtezakonshme-ne-shqiperi\\\/\",\"url\":\"https:\\\/\\\/fjala.info\\\/2009-2015\\\/new-york-times-komuniteti-nderkombetar-te-organizoje-zgjedhje-te-jashtezakonshme-ne-shqiperi\\\/\",\"name\":\"New York Times: Komuniteti nd\u00ebrkomb\u00ebtar t\u00eb organizoj\u00eb zgjedhje t\u00eb jasht\u00ebzakonshme n\u00eb Shqip\u00ebri - FjALA e LIR\u00cb - Arkivi\",\"isPartOf\":{\"@id\":\"https:\\\/\\\/fjala.info\\\/2009-2015\\\/#website\"},\"datePublished\":\"2011-01-27T09:54:36+00:00\",\"breadcrumb\":{\"@id\":\"https:\\\/\\\/fjala.info\\\/2009-2015\\\/new-york-times-komuniteti-nderkombetar-te-organizoje-zgjedhje-te-jashtezakonshme-ne-shqiperi\\\/#breadcrumb\"},\"inLanguage\":\"sq-AL\",\"potentialAction\":[{\"@type\":\"ReadAction\",\"target\":[\"https:\\\/\\\/fjala.info\\\/2009-2015\\\/new-york-times-komuniteti-nderkombetar-te-organizoje-zgjedhje-te-jashtezakonshme-ne-shqiperi\\\/\"]}]},{\"@type\":\"BreadcrumbList\",\"@id\":\"https:\\\/\\\/fjala.info\\\/2009-2015\\\/new-york-times-komuniteti-nderkombetar-te-organizoje-zgjedhje-te-jashtezakonshme-ne-shqiperi\\\/#breadcrumb\",\"itemListElement\":[{\"@type\":\"ListItem\",\"position\":1,\"name\":\"Home\",\"item\":\"https:\\\/\\\/fjala.info\\\/2009-2015\\\/\"},{\"@type\":\"ListItem\",\"position\":2,\"name\":\"New York Times: Komuniteti nd\u00ebrkomb\u00ebtar t\u00eb organizoj\u00eb zgjedhje t\u00eb jasht\u00ebzakonshme n\u00eb Shqip\u00ebri\"}]},{\"@type\":\"WebSite\",\"@id\":\"https:\\\/\\\/fjala.info\\\/2009-2015\\\/#website\",\"url\":\"https:\\\/\\\/fjala.info\\\/2009-2015\\\/\",\"name\":\"FjALA e LIR\u00cb - Arkivi\",\"description\":\"Arkivi 2009-2015\",\"publisher\":{\"@id\":\"https:\\\/\\\/fjala.info\\\/2009-2015\\\/#organization\"},\"potentialAction\":[{\"@type\":\"SearchAction\",\"target\":{\"@type\":\"EntryPoint\",\"urlTemplate\":\"https:\\\/\\\/fjala.info\\\/2009-2015\\\/?s={search_term_string}\"},\"query-input\":{\"@type\":\"PropertyValueSpecification\",\"valueRequired\":true,\"valueName\":\"search_term_string\"}}],\"inLanguage\":\"sq-AL\"},{\"@type\":\"Organization\",\"@id\":\"https:\\\/\\\/fjala.info\\\/2009-2015\\\/#organization\",\"name\":\"FjALA e LIR\u00cb - Arkivi\",\"url\":\"https:\\\/\\\/fjala.info\\\/2009-2015\\\/\",\"logo\":{\"@type\":\"ImageObject\",\"inLanguage\":\"sq-AL\",\"@id\":\"https:\\\/\\\/fjala.info\\\/2009-2015\\\/#\\\/schema\\\/logo\\\/image\\\/\",\"url\":\"\",\"contentUrl\":\"\",\"caption\":\"FjALA e LIR\u00cb - Arkivi\"},\"image\":{\"@id\":\"https:\\\/\\\/fjala.info\\\/2009-2015\\\/#\\\/schema\\\/logo\\\/image\\\/\"}},{\"@type\":\"Person\",\"@id\":\"https:\\\/\\\/fjala.info\\\/2009-2015\\\/#\\\/schema\\\/person\\\/3aa1163ef05469c496fc94e77611ada2\",\"name\":\"admin\",\"image\":{\"@type\":\"ImageObject\",\"inLanguage\":\"sq-AL\",\"@id\":\"https:\\\/\\\/fjala.info\\\/2009-2015\\\/wp-content\\\/uploads\\\/2012\\\/02\\\/arben_cokaj-120x150.jpg\",\"url\":\"https:\\\/\\\/fjala.info\\\/2009-2015\\\/wp-content\\\/uploads\\\/2012\\\/02\\\/arben_cokaj-120x150.jpg\",\"contentUrl\":\"https:\\\/\\\/fjala.info\\\/2009-2015\\\/wp-content\\\/uploads\\\/2012\\\/02\\\/arben_cokaj-120x150.jpg\",\"caption\":\"admin\"},\"description\":\"Admin, Fjala e Lir\u00eb\",\"sameAs\":[\"https:\\\/\\\/fjala.info\\\/\"],\"url\":\"https:\\\/\\\/fjala.info\\\/2009-2015\\\/author\\\/admin\\\/\"}]}<\/script>\n<!-- \/ Yoast SEO plugin. -->","yoast_head_json":{"title":"New York Times: Komuniteti nd\u00ebrkomb\u00ebtar t\u00eb organizoj\u00eb zgjedhje t\u00eb jasht\u00ebzakonshme n\u00eb Shqip\u00ebri - FjALA e LIR\u00cb - Arkivi","robots":{"index":"index","follow":"follow","max-snippet":"max-snippet:-1","max-image-preview":"max-image-preview:large","max-video-preview":"max-video-preview:-1"},"canonical":"https:\/\/fjala.info\/2009-2015\/new-york-times-komuniteti-nderkombetar-te-organizoje-zgjedhje-te-jashtezakonshme-ne-shqiperi\/","og_locale":"sq_AL","og_type":"article","og_title":"New York Times: Komuniteti nd\u00ebrkomb\u00ebtar t\u00eb organizoj\u00eb zgjedhje t\u00eb jasht\u00ebzakonshme n\u00eb Shqip\u00ebri - FjALA e LIR\u00cb - Arkivi","og_description":"N\u00eb gazet\u00ebn e njohur amerikane \u00ebsht\u00eb botuar nj\u00eb editorial nga Daniel Korski, q\u00eb b\u00ebn thirrje p\u00ebr zgjedhje t\u00eb parakohshme. Shkrimi mban titullin \u201cNdaloni vet\u00eb-shkat\u00ebrrimin e Shqip\u00ebris\u00eb\u201d. Korski \u00ebsht\u00eb an\u00ebtar i lart\u00eb i nj\u00eb institucioni me shum\u00eb pesh\u00eb n\u00eb jet\u00ebn politike evropiane dhe amerikane Nga Daniel Korski* N\u00eb nj\u00eb moment Shqip\u00ebria \u00ebsht\u00eb destinacioni q\u00eb duhet vizituar, [&hellip;]","og_url":"https:\/\/fjala.info\/2009-2015\/new-york-times-komuniteti-nderkombetar-te-organizoje-zgjedhje-te-jashtezakonshme-ne-shqiperi\/","og_site_name":"FjALA e LIR\u00cb - Arkivi","article_published_time":"2011-01-27T09:54:36+00:00","author":"admin","twitter_card":"summary_large_image","twitter_misc":{"Written by":"admin","Est. reading time":"13 minutes"},"schema":{"@context":"https:\/\/schema.org","@graph":[{"@type":"Article","@id":"https:\/\/fjala.info\/2009-2015\/new-york-times-komuniteti-nderkombetar-te-organizoje-zgjedhje-te-jashtezakonshme-ne-shqiperi\/#article","isPartOf":{"@id":"https:\/\/fjala.info\/2009-2015\/new-york-times-komuniteti-nderkombetar-te-organizoje-zgjedhje-te-jashtezakonshme-ne-shqiperi\/"},"author":{"name":"admin","@id":"https:\/\/fjala.info\/2009-2015\/#\/schema\/person\/3aa1163ef05469c496fc94e77611ada2"},"headline":"New York Times: Komuniteti nd\u00ebrkomb\u00ebtar t\u00eb organizoj\u00eb zgjedhje t\u00eb jasht\u00ebzakonshme n\u00eb Shqip\u00ebri","datePublished":"2011-01-27T09:54:36+00:00","mainEntityOfPage":{"@id":"https:\/\/fjala.info\/2009-2015\/new-york-times-komuniteti-nderkombetar-te-organizoje-zgjedhje-te-jashtezakonshme-ne-shqiperi\/"},"wordCount":2636,"commentCount":0,"publisher":{"@id":"https:\/\/fjala.info\/2009-2015\/#organization"},"articleSection":["Artikuj"],"inLanguage":"sq-AL","potentialAction":[{"@type":"CommentAction","name":"Comment","target":["https:\/\/fjala.info\/2009-2015\/new-york-times-komuniteti-nderkombetar-te-organizoje-zgjedhje-te-jashtezakonshme-ne-shqiperi\/#respond"]}]},{"@type":"WebPage","@id":"https:\/\/fjala.info\/2009-2015\/new-york-times-komuniteti-nderkombetar-te-organizoje-zgjedhje-te-jashtezakonshme-ne-shqiperi\/","url":"https:\/\/fjala.info\/2009-2015\/new-york-times-komuniteti-nderkombetar-te-organizoje-zgjedhje-te-jashtezakonshme-ne-shqiperi\/","name":"New York Times: Komuniteti nd\u00ebrkomb\u00ebtar t\u00eb organizoj\u00eb zgjedhje t\u00eb jasht\u00ebzakonshme n\u00eb Shqip\u00ebri - FjALA e LIR\u00cb - Arkivi","isPartOf":{"@id":"https:\/\/fjala.info\/2009-2015\/#website"},"datePublished":"2011-01-27T09:54:36+00:00","breadcrumb":{"@id":"https:\/\/fjala.info\/2009-2015\/new-york-times-komuniteti-nderkombetar-te-organizoje-zgjedhje-te-jashtezakonshme-ne-shqiperi\/#breadcrumb"},"inLanguage":"sq-AL","potentialAction":[{"@type":"ReadAction","target":["https:\/\/fjala.info\/2009-2015\/new-york-times-komuniteti-nderkombetar-te-organizoje-zgjedhje-te-jashtezakonshme-ne-shqiperi\/"]}]},{"@type":"BreadcrumbList","@id":"https:\/\/fjala.info\/2009-2015\/new-york-times-komuniteti-nderkombetar-te-organizoje-zgjedhje-te-jashtezakonshme-ne-shqiperi\/#breadcrumb","itemListElement":[{"@type":"ListItem","position":1,"name":"Home","item":"https:\/\/fjala.info\/2009-2015\/"},{"@type":"ListItem","position":2,"name":"New York Times: Komuniteti nd\u00ebrkomb\u00ebtar t\u00eb organizoj\u00eb zgjedhje t\u00eb jasht\u00ebzakonshme n\u00eb Shqip\u00ebri"}]},{"@type":"WebSite","@id":"https:\/\/fjala.info\/2009-2015\/#website","url":"https:\/\/fjala.info\/2009-2015\/","name":"FjALA e LIR\u00cb - Arkivi","description":"Arkivi 2009-2015","publisher":{"@id":"https:\/\/fjala.info\/2009-2015\/#organization"},"potentialAction":[{"@type":"SearchAction","target":{"@type":"EntryPoint","urlTemplate":"https:\/\/fjala.info\/2009-2015\/?s={search_term_string}"},"query-input":{"@type":"PropertyValueSpecification","valueRequired":true,"valueName":"search_term_string"}}],"inLanguage":"sq-AL"},{"@type":"Organization","@id":"https:\/\/fjala.info\/2009-2015\/#organization","name":"FjALA e LIR\u00cb - Arkivi","url":"https:\/\/fjala.info\/2009-2015\/","logo":{"@type":"ImageObject","inLanguage":"sq-AL","@id":"https:\/\/fjala.info\/2009-2015\/#\/schema\/logo\/image\/","url":"","contentUrl":"","caption":"FjALA e LIR\u00cb - Arkivi"},"image":{"@id":"https:\/\/fjala.info\/2009-2015\/#\/schema\/logo\/image\/"}},{"@type":"Person","@id":"https:\/\/fjala.info\/2009-2015\/#\/schema\/person\/3aa1163ef05469c496fc94e77611ada2","name":"admin","image":{"@type":"ImageObject","inLanguage":"sq-AL","@id":"https:\/\/fjala.info\/2009-2015\/wp-content\/uploads\/2012\/02\/arben_cokaj-120x150.jpg","url":"https:\/\/fjala.info\/2009-2015\/wp-content\/uploads\/2012\/02\/arben_cokaj-120x150.jpg","contentUrl":"https:\/\/fjala.info\/2009-2015\/wp-content\/uploads\/2012\/02\/arben_cokaj-120x150.jpg","caption":"admin"},"description":"Admin, Fjala e Lir\u00eb","sameAs":["https:\/\/fjala.info\/"],"url":"https:\/\/fjala.info\/2009-2015\/author\/admin\/"}]}},"_links":{"self":[{"href":"https:\/\/fjala.info\/2009-2015\/wp-json\/wp\/v2\/posts\/5947","targetHints":{"allow":["GET"]}}],"collection":[{"href":"https:\/\/fjala.info\/2009-2015\/wp-json\/wp\/v2\/posts"}],"about":[{"href":"https:\/\/fjala.info\/2009-2015\/wp-json\/wp\/v2\/types\/post"}],"author":[{"embeddable":true,"href":"https:\/\/fjala.info\/2009-2015\/wp-json\/wp\/v2\/users\/1"}],"replies":[{"embeddable":true,"href":"https:\/\/fjala.info\/2009-2015\/wp-json\/wp\/v2\/comments?post=5947"}],"version-history":[{"count":0,"href":"https:\/\/fjala.info\/2009-2015\/wp-json\/wp\/v2\/posts\/5947\/revisions"}],"wp:attachment":[{"href":"https:\/\/fjala.info\/2009-2015\/wp-json\/wp\/v2\/media?parent=5947"}],"wp:term":[{"taxonomy":"category","embeddable":true,"href":"https:\/\/fjala.info\/2009-2015\/wp-json\/wp\/v2\/categories?post=5947"},{"taxonomy":"post_tag","embeddable":true,"href":"https:\/\/fjala.info\/2009-2015\/wp-json\/wp\/v2\/tags?post=5947"}],"curies":[{"name":"wp","href":"https:\/\/api.w.org\/{rel}","templated":true}]}}