{"id":594,"date":"2011-12-14T21:43:33","date_gmt":"2011-12-14T20:43:33","guid":{"rendered":"http:\/\/fjala.shkoder.net\/?p=594"},"modified":"2011-12-14T21:43:33","modified_gmt":"2011-12-14T20:43:33","slug":"si-ti-numerojme-votat","status":"publish","type":"post","link":"https:\/\/fjala.info\/2009-2015\/si-ti-numerojme-votat\/","title":{"rendered":"Si t\u2019i num\u00ebrojm\u00eb votat?"},"content":{"rendered":"<p><img decoding=\"async\" class=\"alignleft size-thumbnail wp-image-7236\" title=\"Eduard Zaloshnja\" src=\"http:\/\/www.shkoder.net\/images\/fjala\/eduard_zaloshnja.jpg\" alt=\"\" width=\"150\" \/> <strong>Eduard Zaloshnja<\/strong><\/p>\n<p>( <em><a href=\"http:\/\/www.respublica.al\">www.respublica.al<\/a><\/em>\u00a0)<\/p>\n<p>Partizan\u00ebt e votimit elektronik nuk jan\u00eb t\u00eb pakt\u00eb n\u00eb Shqip\u00ebri, por kund\u00ebrshtar\u00ebt e tij duket se jan\u00eb shum\u00eb m\u00eb t\u00eb shumt\u00eb. P\u00ebr rrjedhoj\u00eb, gjasat jan\u00eb q\u00eb, edhe p\u00ebr ca koh\u00eb, ne, shqiptar\u00ebt, do t\u00eb vazhdojm\u00eb t\u00eb votojm\u00eb si kahera, duke v\u00ebn\u00eb nj\u00eb shenjk\u00eb n\u00eb flet\u00ebn e votimit p\u00ebrbri partis\u00eb apo kandidatit t\u00eb preferuar dhe duke e futur flet\u00ebn n\u00eb kutin\u00eb e votimit. Pasi ta kemi b\u00ebr\u00eb k\u00ebt\u00eb adet, do t\u2019i vij\u00eb radha p\u00ebrs\u00ebri fam\u00ebmadhit num\u00ebrim t\u00eb votave. Por problemi \u00ebsht\u00eb se, sipas OSBE\/ODIHR-it dhe, p\u00ebr m\u00eb tep\u00ebr, sipas syve tan\u00eb, num\u00ebrimi ka qen\u00eb i keq ose shum\u00eb i keq n\u00eb shum\u00eb qendra num\u00ebrimi.<\/p>\n<p>N\u00eb zgjedhjet e shkuara mund t\u00eb jet\u00eb bllokuar nj\u00eb qend\u00ebr num\u00ebrimi thjesht si kund\u00ebrpesh\u00eb e bllokimit t\u00eb nj\u00eb qendre tjet\u00ebr dhe \u00ebsht\u00eb dashur t\u00eb shkojn\u00eb ambasador\u00ebt atje q\u00eb t\u00eb vazhdoj\u00eb num\u00ebrimi. P\u00ebr shembull, po t\u00eb mos kishte p\u00ebrveshur m\u00ebng\u00ebt amabasadori amerikan n\u00eb nj\u00ebsin\u00eb num\u00ebr 5 t\u00eb Tiran\u00ebs, mund t\u00eb ishim ngujuar p\u00ebr jav\u00eb t\u00eb t\u00ebra para televizor\u00ebve, n\u00eb pritje t\u00eb p\u00ebrfundimit t\u00eb num\u00ebrimit t\u00eb votave t\u00eb majit t\u00eb 2011-\u00ebs. Nd\u00ebrsa n\u00eb 2009-\u00ebn, n\u00eb qoft\u00eb se kutit\u00eb e Fushkuqes dhe t\u00eb Nd\u00ebrmenasit nuk do t\u00eb kishin ardhur n\u00eb Tiran\u00eb (pas trysnis\u00eb s\u00eb ambasador\u00ebve), zoti e di se kur do t\u00eb kishte mbaruar num\u00ebrimi i votave t\u00eb qarqeve Lezh\u00eb dhe Fier.<\/p>\n<p>Po si t\u2019ia b\u00ebjm\u00eb q\u00eb t\u00eb mos p\u00ebrs\u00ebriten skena si ato t\u00eb num\u00ebrimit t\u00eb votave t\u00eb Fushkuqes, Nd\u00ebrmenasit, Bushatit, Uznov\u00ebs, nj\u00ebsive 5 e 8 t\u00eb Tiran\u00ebs etj., etj.? Nj\u00eb m\u00ebnyr\u00eb \u00ebsht\u00eb ajo e num\u00ebrimit t\u00eb t\u00eb gjitha votave n\u00eb nj\u00eb sall\u00eb t\u00eb vetme n\u00eb Tiran\u00eb, ku prania e ambasador\u00ebve, kamerave dhe v\u00ebzhguesve mund t\u00eb jet\u00eb e pand\u00ebrprer\u00eb. Por nj\u00eb zgjidhje e till\u00eb sjell vetiu nj\u00eb vones\u00eb t\u00eb konsiderueshme n\u00eb num\u00ebrim \u2013 t\u00eb num\u00ebrosh me dor\u00eb 1.6 milion\u00eb vota n\u00eb nj\u00eb sall\u00eb t\u00eb vetme (sado e madhe qoft\u00eb ajo) mund t\u00eb doj\u00eb dy-tri jav\u00eb.<\/p>\n<p>Dhe a ka nj\u00eb zgjidhje p\u00ebr k\u00ebt\u00eb problem? P\u00ebr ta zgjidhur at\u00eb, n\u00eb ndihm\u00eb mund t\u00eb na vij\u00eb teknologjia \u2013 n\u00eb form\u00ebn e skanerave optik\u00eb. K\u00ebtu nuk b\u00ebhet fjal\u00eb p\u00ebr skanerat optik\u00eb t\u00eb provimeve t\u00eb student\u00ebve q\u00eb p\u00ebrdori PS-ja p\u00ebr num\u00ebrimin e votave n\u00eb Asamblen\u00eb Komb\u00ebtare. Jo, b\u00ebhet fjal\u00eb p\u00ebr skanera optik\u00eb t\u00eb nd\u00ebrtuar posa\u00e7\u00ebrisht p\u00ebr num\u00ebrimin e votave.<\/p>\n<p>Po si mund t\u00eb funksionoj\u00eb nj\u00eb num\u00ebrim i p\u00ebrqendruar me skanera optik\u00eb? S\u00eb pari, me t\u00eb mb\u00ebrritur kutit\u00eb e Tiran\u00ebs dhe qendrave af\u00ebr saj n\u00eb sall\u00ebn e num\u00ebrimit, ato kontrollohen, hapen, b\u00ebhet verifikimi i dokumentacionit t\u00eb p\u00ebrfshir\u00eb n\u00eb to dhe votat stivohen, n\u00eb pritje t\u00eb kutive t\u00eb tjera nga qendra m\u00eb t\u00eb larg\u00ebta. Ky proces vazhdon val\u00eb-val\u00eb derisa votat e t\u00eb gjith\u00eb Shqip\u00ebris\u00eb t\u00eb jen\u00eb stivuar, gati p\u00ebr t\u2019u num\u00ebruar. Duke ditur q\u00eb distancat m\u00eb t\u00eb larg\u00ebta nga Tirana mund t\u00eb p\u00ebrshkohen brenda 24 or\u00ebve, i bie q\u00eb num\u00ebrimi t\u00eb filloj\u00eb nj\u00eb dit\u00eb pas p\u00ebrfundimit t\u00eb votimit. (Dyshuesit mund t\u00eb thon\u00eb se vet\u00ebm Zoti mund ta dij\u00eb se \u00e7\u2019do t\u00eb ndodh\u00eb rrug\u00ebs me kutit\u00eb, por her\u00ebn e fundit q\u00eb ka ndodhur di\u00e7ka e till\u00eb, ka qen\u00eb n\u00eb vitin 2001 \u2013 qysh at\u00ebher\u00eb, kutit\u00eb kan\u00eb udh\u00ebtuar nga fshatra t\u00eb larg\u00ebta drejt qendrave t\u00eb num\u00ebrimit n\u00eb qytete dhe s\u2019kemi d\u00ebgjuar t\u00eb ket\u00eb ndodhur gj\u00eb.)<\/p>\n<p>Le t\u00eb kalojm\u00eb tani tek teknologjia. P\u00ebr t\u00eb num\u00ebruar votat, mund t\u00eb blihen 20-30 skanera optik\u00eb, n\u00eb var\u00ebsi t\u00eb shpejt\u00ebsis\u00eb s\u00eb tyre. P\u00ebr shembull, n\u00eb zgjedhjet e fundit bashkiake, 6 milion\u00eb votat e Londr\u00ebs u num\u00ebruan p\u00ebr 12 or\u00eb me 40 skanera.<\/p>\n<p>Po si funksionon nj\u00eb skaner optik p\u00ebr num\u00ebrimin e votave? Fillimisht, vendoset nga nj\u00eb stiv\u00eb e madhe flet\u00ebsh votimi n\u00eb secil\u00ebn makin\u00eb dhe flet\u00ebt kalojn\u00eb automatikisht nj\u00eb nga nj\u00eb para \u201csyve\u201d optik\u00eb t\u00eb makinave. N\u00eb fraksionin e sekond\u00ebs kur fleta e votimit q\u00ebndron para \u201csyrit\u201d optik, kryhen disa procese:<br \/>\n1 &#8211; B\u00ebhet verifikimi i origjinalitetit t\u00eb flet\u00ebs n\u00ebp\u00ebrmjet shenjave t\u00eb siguris\u00eb q\u00eb ka ajo;<br \/>\n2 &#8211; B\u00ebhet fotografimi i flet\u00ebs dhe ruajtja e fotografis\u00eb me nj\u00eb num\u00ebr unik n\u00eb nj\u00eb disk dixhital;<br \/>\n3 &#8211; Regjistrohet numri i qendr\u00ebs s\u00eb votimit nga ku vjen fleta;<br \/>\n4 \u2013 P\u00ebrcaktohet se cilit subjekti zgjedhor i p\u00ebrket vota, n\u00ebp\u00ebrmjet shenj\u00ebs q\u00eb votuesi ka v\u00ebn\u00eb p\u00ebrbri subjektit t\u00eb preferuar n\u00eb flet\u00ebn e votimit (shenja mund t\u00eb jet\u00eb nj\u00ebsoj si n\u00eb rastin e mir\u00ebnjohur t\u00eb num\u00ebrimit me dor\u00eb; nuk ka nevoj\u00eb p\u00ebr ndonj\u00eb shenj\u00eb t\u00eb posa\u00e7me q\u00eb mund t\u00eb ngat\u00ebrroj\u00eb votuesit e moshuar);<br \/>\n5 \u2013 N\u00eb qoft\u00eb se nuk \u00ebsht\u00eb e qart\u00eb se p\u00ebr k\u00eb \u00ebsht\u00eb dh\u00ebn\u00eb vota, fotografia e flet\u00ebs s\u00eb votimit shfaqet n\u00eb ekranin e makin\u00ebs dhe komisioni num\u00ebrues p\u00ebrcakton se kujt i takon vota ose n\u00ebse ajo \u00ebsht\u00eb e pavlefshme. Pasi komisioni vendos p\u00ebr nj\u00eb flet\u00eb t\u00eb diskutueshme, vendimi pasqyrohet manualisht n\u00eb makin\u00eb dhe ajo vazhdon num\u00ebrimin automatik.<\/p>\n<p>Vet\u00ebm pasi t\u00eb gjitha flet\u00ebt e votimit t\u00eb ken\u00eb kaluar n\u00eb skanerat optik\u00eb, b\u00ebhet llogaritja automatike e rezultatit t\u00eb zgjedhjeve, i cili, t\u00eb pakt\u00ebn n\u00eb Shqip\u00ebri, nuk duhet t\u00eb jet\u00eb p\u00ebrfundimtar. Secili nga subjektet n\u00eb gar\u00eb duhet t\u00eb ket\u00eb t\u00eb drejt\u00ebn q\u00eb t\u00eb marr\u00eb, aty p\u00ebr aty, nj\u00eb kopje t\u00eb diskut me fotografit\u00eb e t\u00eb gjitha votave dhe t\u00eb ket\u00eb edhe koh\u00ebn e arsyeshme n\u00eb dispozicon p\u00ebr ta shqyrtuar at\u00eb. Dhe pas marrjes parasysh t\u00eb \u00e7do kontestimi t\u00eb mundsh\u00ebm, mund t\u00eb nxirret rezultati p\u00ebrfundimtar. K\u00ebtu mbyllet skena.<\/p>\n<p>E zgjidh\u00ebm, pra, edhe problemin fam\u00ebkeq t\u00eb num\u00ebrit t\u00eb votave n\u00eb Shqip\u00ebri! N\u00eb 40 rreshtat e m\u00ebsip\u00ebrm \u00ebsht\u00eb p\u00ebrshkruar nj\u00eb proces, q\u00eb, po t\u00eb ec\u00eb si n\u00eb let\u00ebr, do t\u00eb ishte nj\u00eb mrekulli \u2013 brenda 36 or\u00ebve, do t\u00eb kishim nj\u00eb rezultat paraprak, dhe maksimumi brenda jav\u00ebs, nj\u00eb rezultat p\u00ebrfundimtar. Por jo gjithnj\u00eb gj\u00ebrat realizohen n\u00eb jet\u00eb aq leht\u00eb sa \u00e7\u2019mund t\u00eb duken n\u00eb let\u00ebr.<\/p>\n<p><em>S\u00eb pari<\/em>, makinat dhe programi q\u00eb p\u00ebrb\u00ebn trurin e tyre mund t\u00eb ken\u00eb probleme teknike. K\u00ebshtu, num\u00ebrimi optik hasi n\u00eb v\u00ebshtir\u00ebsi n\u00eb Skoci, n\u00eb vitin 2007, sepse n\u00eb t\u00eb nj\u00ebjt\u00ebn kuti ishin futur edhe votat p\u00ebr parlamentin skocez edhe ato p\u00ebr pushtetin lokal. Dhe makinat nuk ishin programuar mir\u00eb p\u00ebr t\u00eb b\u00ebr\u00eb dallimin mes tyre. Si rrjedhoj\u00eb, rreth 7% e votave u num\u00ebruan me dor\u00eb, pasi makinat i nxor\u00ebn t\u00eb pavlefshme. Gjithsesi, qysh at\u00ebher\u00eb, skanerat optik\u00eb jan\u00eb p\u00ebrmir\u00ebsuar dhe p\u00ebrdorur me sukses n\u00eb qytete t\u00eb ndryshme t\u00eb Britanis\u00eb, n\u00eb Norvegji, Hongkong, Singapor, Filipine, Oman etj., dhe planifikohen t\u00eb p\u00ebrdoren edhe n\u00eb shum\u00eb vende t\u00eb tjera.<\/p>\n<p><em>S\u00eb dyti<\/em>, n\u00eb Shqip\u00ebrin\u00eb e teorive konspirative dhe t\u00eb dyshimeve t\u00eb pafundme, mund t\u00eb ket\u00eb mosbesim edhe ndaj kompanive m\u00eb prestigjioze nd\u00ebrkomb\u00ebtare n\u00eb fush\u00ebn e prodhimit t\u00eb skanerave optik\u00eb. P\u00ebr k\u00ebt\u00eb arsye, ndoshta \u00e7do subjekti n\u00eb gar\u00eb i duhet dh\u00ebn\u00eb e drejta e inspektimit t\u00eb makinave dhe t\u00eb programeve t\u00eb tyre para nisjes s\u00eb procesit t\u00eb num\u00ebrimit. Kjo mund ta vonoj\u00eb disi fillimin e procesit, por, sidoqoft\u00eb, do t\u00eb rriste ndjesh\u00ebm besueshm\u00ebrin\u00eb e tij.<\/p>\n<p><em>S\u00eb treti<\/em>, n\u00eb qoft\u00eb se nj\u00eb parti do t\u00eb vendos\u00eb t\u00eb shqyrtoj\u00eb diskun me fotografit\u00eb e t\u00eb gjitha votave (me num\u00ebr unik p\u00ebr \u00e7do fotografi), do t\u2019i duhet t\u00eb ket\u00eb njer\u00ebz t\u00eb aft\u00eb t\u00eb b\u00ebjn\u00eb grupimin e tyre sipas qendrave t\u00eb votimit dhe subjekteve, e pastaj t\u00eb ket\u00eb shum\u00eb aktivist\u00eb t\u00eb gatsh\u00ebm p\u00ebr t\u00eb b\u00ebr\u00eb num\u00ebrimin viziv t\u00eb votave. Dhe kjo, pa dyshim, do t\u00eb p\u00ebrb\u00ebnte nj\u00eb barr\u00eb t\u00eb konsiderueshme p\u00ebr partit\u00eb, sidomos p\u00ebr ato t\u00eb vogla. Por, n\u00eb fund t\u00eb fundit, \u00ebsht\u00eb nj\u00eb barr\u00eb q\u00eb e p\u00ebrligj veten. Nuk ka gj\u00eb m\u00eb t\u00eb r\u00ebnd\u00ebsishme p\u00ebr nj\u00eb parti politike sesa t\u00eb ruaj\u00eb votat e veta n\u00eb gar\u00ebn p\u00ebr pushtet\u2026<\/p>\n","protected":false},"excerpt":{"rendered":"<p>Eduard Zaloshnja ( www.respublica.al\u00a0) Partizan\u00ebt e votimit elektronik nuk jan\u00eb t\u00eb pakt\u00eb n\u00eb Shqip\u00ebri, por kund\u00ebrshtar\u00ebt e tij duket se jan\u00eb shum\u00eb m\u00eb t\u00eb shumt\u00eb. P\u00ebr rrjedhoj\u00eb, gjasat jan\u00eb q\u00eb, edhe p\u00ebr ca koh\u00eb, ne, shqiptar\u00ebt, do t\u00eb vazhdojm\u00eb t\u00eb votojm\u00eb si kahera, duke v\u00ebn\u00eb nj\u00eb shenjk\u00eb n\u00eb flet\u00ebn e votimit p\u00ebrbri partis\u00eb apo kandidatit [&hellip;]<\/p>\n","protected":false},"author":1,"featured_media":0,"comment_status":"open","ping_status":"closed","sticky":false,"template":"","format":"standard","meta":{"footnotes":""},"categories":[2],"tags":[],"class_list":{"0":"post-594","1":"post","2":"type-post","3":"status-publish","4":"format-standard","6":"category-artikuj"},"yoast_head":"<!-- This site is optimized with the Yoast SEO plugin v27.4 - https:\/\/yoast.com\/product\/yoast-seo-wordpress\/ -->\n<title>Si t\u2019i num\u00ebrojm\u00eb votat? - FjALA e LIR\u00cb - Arkivi<\/title>\n<meta name=\"robots\" content=\"index, follow, max-snippet:-1, max-image-preview:large, max-video-preview:-1\" \/>\n<link rel=\"canonical\" href=\"https:\/\/fjala.info\/2009-2015\/si-ti-numerojme-votat\/\" \/>\n<meta property=\"og:locale\" content=\"sq_AL\" \/>\n<meta property=\"og:type\" content=\"article\" \/>\n<meta property=\"og:title\" content=\"Si t\u2019i num\u00ebrojm\u00eb votat? - FjALA e LIR\u00cb - Arkivi\" \/>\n<meta property=\"og:description\" content=\"Eduard Zaloshnja ( www.respublica.al\u00a0) Partizan\u00ebt e votimit elektronik nuk jan\u00eb t\u00eb pakt\u00eb n\u00eb Shqip\u00ebri, por kund\u00ebrshtar\u00ebt e tij duket se jan\u00eb shum\u00eb m\u00eb t\u00eb shumt\u00eb. P\u00ebr rrjedhoj\u00eb, gjasat jan\u00eb q\u00eb, edhe p\u00ebr ca koh\u00eb, ne, shqiptar\u00ebt, do t\u00eb vazhdojm\u00eb t\u00eb votojm\u00eb si kahera, duke v\u00ebn\u00eb nj\u00eb shenjk\u00eb n\u00eb flet\u00ebn e votimit p\u00ebrbri partis\u00eb apo kandidatit [&hellip;]\" \/>\n<meta property=\"og:url\" content=\"https:\/\/fjala.info\/2009-2015\/si-ti-numerojme-votat\/\" \/>\n<meta property=\"og:site_name\" content=\"FjALA e LIR\u00cb - Arkivi\" \/>\n<meta property=\"article:published_time\" content=\"2011-12-14T20:43:33+00:00\" \/>\n<meta property=\"og:image\" content=\"http:\/\/www.shkoder.net\/images\/fjala\/eduard_zaloshnja.jpg\" \/>\n<meta name=\"author\" content=\"admin\" \/>\n<meta name=\"twitter:card\" content=\"summary_large_image\" \/>\n<meta name=\"twitter:label1\" content=\"Written by\" \/>\n\t<meta name=\"twitter:data1\" content=\"admin\" \/>\n\t<meta name=\"twitter:label2\" content=\"Est. reading time\" \/>\n\t<meta name=\"twitter:data2\" content=\"7 minutes\" \/>\n<script type=\"application\/ld+json\" class=\"yoast-schema-graph\">{\"@context\":\"https:\\\/\\\/schema.org\",\"@graph\":[{\"@type\":\"Article\",\"@id\":\"https:\\\/\\\/fjala.info\\\/2009-2015\\\/si-ti-numerojme-votat\\\/#article\",\"isPartOf\":{\"@id\":\"https:\\\/\\\/fjala.info\\\/2009-2015\\\/si-ti-numerojme-votat\\\/\"},\"author\":{\"name\":\"admin\",\"@id\":\"https:\\\/\\\/fjala.info\\\/2009-2015\\\/#\\\/schema\\\/person\\\/3aa1163ef05469c496fc94e77611ada2\"},\"headline\":\"Si t\u2019i num\u00ebrojm\u00eb votat?\",\"datePublished\":\"2011-12-14T20:43:33+00:00\",\"mainEntityOfPage\":{\"@id\":\"https:\\\/\\\/fjala.info\\\/2009-2015\\\/si-ti-numerojme-votat\\\/\"},\"wordCount\":1421,\"commentCount\":0,\"publisher\":{\"@id\":\"https:\\\/\\\/fjala.info\\\/2009-2015\\\/#organization\"},\"image\":{\"@id\":\"https:\\\/\\\/fjala.info\\\/2009-2015\\\/si-ti-numerojme-votat\\\/#primaryimage\"},\"thumbnailUrl\":\"http:\\\/\\\/www.shkoder.net\\\/images\\\/fjala\\\/eduard_zaloshnja.jpg\",\"articleSection\":[\"Artikuj\"],\"inLanguage\":\"sq-AL\",\"potentialAction\":[{\"@type\":\"CommentAction\",\"name\":\"Comment\",\"target\":[\"https:\\\/\\\/fjala.info\\\/2009-2015\\\/si-ti-numerojme-votat\\\/#respond\"]}]},{\"@type\":\"WebPage\",\"@id\":\"https:\\\/\\\/fjala.info\\\/2009-2015\\\/si-ti-numerojme-votat\\\/\",\"url\":\"https:\\\/\\\/fjala.info\\\/2009-2015\\\/si-ti-numerojme-votat\\\/\",\"name\":\"Si t\u2019i num\u00ebrojm\u00eb votat? - FjALA e LIR\u00cb - Arkivi\",\"isPartOf\":{\"@id\":\"https:\\\/\\\/fjala.info\\\/2009-2015\\\/#website\"},\"primaryImageOfPage\":{\"@id\":\"https:\\\/\\\/fjala.info\\\/2009-2015\\\/si-ti-numerojme-votat\\\/#primaryimage\"},\"image\":{\"@id\":\"https:\\\/\\\/fjala.info\\\/2009-2015\\\/si-ti-numerojme-votat\\\/#primaryimage\"},\"thumbnailUrl\":\"http:\\\/\\\/www.shkoder.net\\\/images\\\/fjala\\\/eduard_zaloshnja.jpg\",\"datePublished\":\"2011-12-14T20:43:33+00:00\",\"breadcrumb\":{\"@id\":\"https:\\\/\\\/fjala.info\\\/2009-2015\\\/si-ti-numerojme-votat\\\/#breadcrumb\"},\"inLanguage\":\"sq-AL\",\"potentialAction\":[{\"@type\":\"ReadAction\",\"target\":[\"https:\\\/\\\/fjala.info\\\/2009-2015\\\/si-ti-numerojme-votat\\\/\"]}]},{\"@type\":\"ImageObject\",\"inLanguage\":\"sq-AL\",\"@id\":\"https:\\\/\\\/fjala.info\\\/2009-2015\\\/si-ti-numerojme-votat\\\/#primaryimage\",\"url\":\"http:\\\/\\\/www.shkoder.net\\\/images\\\/fjala\\\/eduard_zaloshnja.jpg\",\"contentUrl\":\"http:\\\/\\\/www.shkoder.net\\\/images\\\/fjala\\\/eduard_zaloshnja.jpg\"},{\"@type\":\"BreadcrumbList\",\"@id\":\"https:\\\/\\\/fjala.info\\\/2009-2015\\\/si-ti-numerojme-votat\\\/#breadcrumb\",\"itemListElement\":[{\"@type\":\"ListItem\",\"position\":1,\"name\":\"Home\",\"item\":\"https:\\\/\\\/fjala.info\\\/2009-2015\\\/\"},{\"@type\":\"ListItem\",\"position\":2,\"name\":\"Si t\u2019i num\u00ebrojm\u00eb votat?\"}]},{\"@type\":\"WebSite\",\"@id\":\"https:\\\/\\\/fjala.info\\\/2009-2015\\\/#website\",\"url\":\"https:\\\/\\\/fjala.info\\\/2009-2015\\\/\",\"name\":\"FjALA e LIR\u00cb - Arkivi\",\"description\":\"Arkivi 2009-2015\",\"publisher\":{\"@id\":\"https:\\\/\\\/fjala.info\\\/2009-2015\\\/#organization\"},\"potentialAction\":[{\"@type\":\"SearchAction\",\"target\":{\"@type\":\"EntryPoint\",\"urlTemplate\":\"https:\\\/\\\/fjala.info\\\/2009-2015\\\/?s={search_term_string}\"},\"query-input\":{\"@type\":\"PropertyValueSpecification\",\"valueRequired\":true,\"valueName\":\"search_term_string\"}}],\"inLanguage\":\"sq-AL\"},{\"@type\":\"Organization\",\"@id\":\"https:\\\/\\\/fjala.info\\\/2009-2015\\\/#organization\",\"name\":\"FjALA e LIR\u00cb - Arkivi\",\"url\":\"https:\\\/\\\/fjala.info\\\/2009-2015\\\/\",\"logo\":{\"@type\":\"ImageObject\",\"inLanguage\":\"sq-AL\",\"@id\":\"https:\\\/\\\/fjala.info\\\/2009-2015\\\/#\\\/schema\\\/logo\\\/image\\\/\",\"url\":\"\",\"contentUrl\":\"\",\"caption\":\"FjALA e LIR\u00cb - Arkivi\"},\"image\":{\"@id\":\"https:\\\/\\\/fjala.info\\\/2009-2015\\\/#\\\/schema\\\/logo\\\/image\\\/\"}},{\"@type\":\"Person\",\"@id\":\"https:\\\/\\\/fjala.info\\\/2009-2015\\\/#\\\/schema\\\/person\\\/3aa1163ef05469c496fc94e77611ada2\",\"name\":\"admin\",\"image\":{\"@type\":\"ImageObject\",\"inLanguage\":\"sq-AL\",\"@id\":\"https:\\\/\\\/fjala.info\\\/2009-2015\\\/wp-content\\\/uploads\\\/2012\\\/02\\\/arben_cokaj-120x150.jpg\",\"url\":\"https:\\\/\\\/fjala.info\\\/2009-2015\\\/wp-content\\\/uploads\\\/2012\\\/02\\\/arben_cokaj-120x150.jpg\",\"contentUrl\":\"https:\\\/\\\/fjala.info\\\/2009-2015\\\/wp-content\\\/uploads\\\/2012\\\/02\\\/arben_cokaj-120x150.jpg\",\"caption\":\"admin\"},\"description\":\"Admin, Fjala e Lir\u00eb\",\"sameAs\":[\"https:\\\/\\\/fjala.info\\\/\"],\"url\":\"https:\\\/\\\/fjala.info\\\/2009-2015\\\/author\\\/admin\\\/\"}]}<\/script>\n<!-- \/ Yoast SEO plugin. -->","yoast_head_json":{"title":"Si t\u2019i num\u00ebrojm\u00eb votat? - FjALA e LIR\u00cb - Arkivi","robots":{"index":"index","follow":"follow","max-snippet":"max-snippet:-1","max-image-preview":"max-image-preview:large","max-video-preview":"max-video-preview:-1"},"canonical":"https:\/\/fjala.info\/2009-2015\/si-ti-numerojme-votat\/","og_locale":"sq_AL","og_type":"article","og_title":"Si t\u2019i num\u00ebrojm\u00eb votat? - FjALA e LIR\u00cb - Arkivi","og_description":"Eduard Zaloshnja ( www.respublica.al\u00a0) Partizan\u00ebt e votimit elektronik nuk jan\u00eb t\u00eb pakt\u00eb n\u00eb Shqip\u00ebri, por kund\u00ebrshtar\u00ebt e tij duket se jan\u00eb shum\u00eb m\u00eb t\u00eb shumt\u00eb. P\u00ebr rrjedhoj\u00eb, gjasat jan\u00eb q\u00eb, edhe p\u00ebr ca koh\u00eb, ne, shqiptar\u00ebt, do t\u00eb vazhdojm\u00eb t\u00eb votojm\u00eb si kahera, duke v\u00ebn\u00eb nj\u00eb shenjk\u00eb n\u00eb flet\u00ebn e votimit p\u00ebrbri partis\u00eb apo kandidatit [&hellip;]","og_url":"https:\/\/fjala.info\/2009-2015\/si-ti-numerojme-votat\/","og_site_name":"FjALA e LIR\u00cb - Arkivi","article_published_time":"2011-12-14T20:43:33+00:00","og_image":[{"url":"http:\/\/www.shkoder.net\/images\/fjala\/eduard_zaloshnja.jpg","type":"","width":"","height":""}],"author":"admin","twitter_card":"summary_large_image","twitter_misc":{"Written by":"admin","Est. reading time":"7 minutes"},"schema":{"@context":"https:\/\/schema.org","@graph":[{"@type":"Article","@id":"https:\/\/fjala.info\/2009-2015\/si-ti-numerojme-votat\/#article","isPartOf":{"@id":"https:\/\/fjala.info\/2009-2015\/si-ti-numerojme-votat\/"},"author":{"name":"admin","@id":"https:\/\/fjala.info\/2009-2015\/#\/schema\/person\/3aa1163ef05469c496fc94e77611ada2"},"headline":"Si t\u2019i num\u00ebrojm\u00eb votat?","datePublished":"2011-12-14T20:43:33+00:00","mainEntityOfPage":{"@id":"https:\/\/fjala.info\/2009-2015\/si-ti-numerojme-votat\/"},"wordCount":1421,"commentCount":0,"publisher":{"@id":"https:\/\/fjala.info\/2009-2015\/#organization"},"image":{"@id":"https:\/\/fjala.info\/2009-2015\/si-ti-numerojme-votat\/#primaryimage"},"thumbnailUrl":"http:\/\/www.shkoder.net\/images\/fjala\/eduard_zaloshnja.jpg","articleSection":["Artikuj"],"inLanguage":"sq-AL","potentialAction":[{"@type":"CommentAction","name":"Comment","target":["https:\/\/fjala.info\/2009-2015\/si-ti-numerojme-votat\/#respond"]}]},{"@type":"WebPage","@id":"https:\/\/fjala.info\/2009-2015\/si-ti-numerojme-votat\/","url":"https:\/\/fjala.info\/2009-2015\/si-ti-numerojme-votat\/","name":"Si t\u2019i num\u00ebrojm\u00eb votat? - FjALA e LIR\u00cb - Arkivi","isPartOf":{"@id":"https:\/\/fjala.info\/2009-2015\/#website"},"primaryImageOfPage":{"@id":"https:\/\/fjala.info\/2009-2015\/si-ti-numerojme-votat\/#primaryimage"},"image":{"@id":"https:\/\/fjala.info\/2009-2015\/si-ti-numerojme-votat\/#primaryimage"},"thumbnailUrl":"http:\/\/www.shkoder.net\/images\/fjala\/eduard_zaloshnja.jpg","datePublished":"2011-12-14T20:43:33+00:00","breadcrumb":{"@id":"https:\/\/fjala.info\/2009-2015\/si-ti-numerojme-votat\/#breadcrumb"},"inLanguage":"sq-AL","potentialAction":[{"@type":"ReadAction","target":["https:\/\/fjala.info\/2009-2015\/si-ti-numerojme-votat\/"]}]},{"@type":"ImageObject","inLanguage":"sq-AL","@id":"https:\/\/fjala.info\/2009-2015\/si-ti-numerojme-votat\/#primaryimage","url":"http:\/\/www.shkoder.net\/images\/fjala\/eduard_zaloshnja.jpg","contentUrl":"http:\/\/www.shkoder.net\/images\/fjala\/eduard_zaloshnja.jpg"},{"@type":"BreadcrumbList","@id":"https:\/\/fjala.info\/2009-2015\/si-ti-numerojme-votat\/#breadcrumb","itemListElement":[{"@type":"ListItem","position":1,"name":"Home","item":"https:\/\/fjala.info\/2009-2015\/"},{"@type":"ListItem","position":2,"name":"Si t\u2019i num\u00ebrojm\u00eb votat?"}]},{"@type":"WebSite","@id":"https:\/\/fjala.info\/2009-2015\/#website","url":"https:\/\/fjala.info\/2009-2015\/","name":"FjALA e LIR\u00cb - Arkivi","description":"Arkivi 2009-2015","publisher":{"@id":"https:\/\/fjala.info\/2009-2015\/#organization"},"potentialAction":[{"@type":"SearchAction","target":{"@type":"EntryPoint","urlTemplate":"https:\/\/fjala.info\/2009-2015\/?s={search_term_string}"},"query-input":{"@type":"PropertyValueSpecification","valueRequired":true,"valueName":"search_term_string"}}],"inLanguage":"sq-AL"},{"@type":"Organization","@id":"https:\/\/fjala.info\/2009-2015\/#organization","name":"FjALA e LIR\u00cb - Arkivi","url":"https:\/\/fjala.info\/2009-2015\/","logo":{"@type":"ImageObject","inLanguage":"sq-AL","@id":"https:\/\/fjala.info\/2009-2015\/#\/schema\/logo\/image\/","url":"","contentUrl":"","caption":"FjALA e LIR\u00cb - Arkivi"},"image":{"@id":"https:\/\/fjala.info\/2009-2015\/#\/schema\/logo\/image\/"}},{"@type":"Person","@id":"https:\/\/fjala.info\/2009-2015\/#\/schema\/person\/3aa1163ef05469c496fc94e77611ada2","name":"admin","image":{"@type":"ImageObject","inLanguage":"sq-AL","@id":"https:\/\/fjala.info\/2009-2015\/wp-content\/uploads\/2012\/02\/arben_cokaj-120x150.jpg","url":"https:\/\/fjala.info\/2009-2015\/wp-content\/uploads\/2012\/02\/arben_cokaj-120x150.jpg","contentUrl":"https:\/\/fjala.info\/2009-2015\/wp-content\/uploads\/2012\/02\/arben_cokaj-120x150.jpg","caption":"admin"},"description":"Admin, Fjala e Lir\u00eb","sameAs":["https:\/\/fjala.info\/"],"url":"https:\/\/fjala.info\/2009-2015\/author\/admin\/"}]}},"_links":{"self":[{"href":"https:\/\/fjala.info\/2009-2015\/wp-json\/wp\/v2\/posts\/594","targetHints":{"allow":["GET"]}}],"collection":[{"href":"https:\/\/fjala.info\/2009-2015\/wp-json\/wp\/v2\/posts"}],"about":[{"href":"https:\/\/fjala.info\/2009-2015\/wp-json\/wp\/v2\/types\/post"}],"author":[{"embeddable":true,"href":"https:\/\/fjala.info\/2009-2015\/wp-json\/wp\/v2\/users\/1"}],"replies":[{"embeddable":true,"href":"https:\/\/fjala.info\/2009-2015\/wp-json\/wp\/v2\/comments?post=594"}],"version-history":[{"count":0,"href":"https:\/\/fjala.info\/2009-2015\/wp-json\/wp\/v2\/posts\/594\/revisions"}],"wp:attachment":[{"href":"https:\/\/fjala.info\/2009-2015\/wp-json\/wp\/v2\/media?parent=594"}],"wp:term":[{"taxonomy":"category","embeddable":true,"href":"https:\/\/fjala.info\/2009-2015\/wp-json\/wp\/v2\/categories?post=594"},{"taxonomy":"post_tag","embeddable":true,"href":"https:\/\/fjala.info\/2009-2015\/wp-json\/wp\/v2\/tags?post=594"}],"curies":[{"name":"wp","href":"https:\/\/api.w.org\/{rel}","templated":true}]}}