{"id":5935,"date":"2011-01-25T23:36:02","date_gmt":"2011-01-25T22:36:02","guid":{"rendered":"http:\/\/fjala.shkoder.net\/?p=5935"},"modified":"2011-01-25T23:36:02","modified_gmt":"2011-01-25T22:36:02","slug":"ky-regjim-na-ka-ne-dore","status":"publish","type":"post","link":"https:\/\/fjala.info\/2009-2015\/ky-regjim-na-ka-ne-dore\/","title":{"rendered":"Ky regjim na ka n\u00eb dor\u00eb"},"content":{"rendered":"<p><img loading=\"lazy\" decoding=\"async\" class=\"alignleft size-thumbnail wp-image-4130\" title=\"Mustafa Nano\" src=\"http:\/\/fjala.shkoder.net\/wp-content\/uploads\/2010\/10\/mustafa_nano-150x150.jpg\" alt=\"\" width=\"150\" height=\"150\" \/><br \/>\n<strong>Mustafa Nano<\/strong><\/p>\n<p>Lexoja sot n\u00eb gazet\u00ebn Shekulli, se n\u00eb loj\u00ebn e manipulimit t\u00eb ngjarjes \u00ebsht\u00eb futur dhe nj\u00eb mjek i spitalit ushtarak, me emrin Sami Ko\u00e7eku. Ky ka q\u00ebn\u00eb i pari q\u00eb ka th\u00ebn\u00eb se \u201ct\u00eb vrar\u00ebt jan\u00eb q\u00eblluar nga af\u00ebr\u201d. M\u00eb pas doli q\u00eb ka g\u00ebnjyer. Ishte deklarata q\u00eb i duhej qeveris\u00eb, sepse bash mbi k\u00ebt\u00eb deklarat\u00eb u ngrit akuza e \u00e7mendur: protestuesit jan\u00eb vrar\u00eb nga protestuesit. Mund t\u00eb mendohet, se mjeku aq ka ditur, aq ka th\u00ebn\u00eb, por mund t\u00eb mendohet dhe tjetra: mjeku ka b\u00ebr\u00eb deklarata t\u00eb gatuara n\u00eb guzhin\u00ebn e pushtetit e n\u00eb t\u00eb mir\u00eb t\u00eb pushtetit. Duhet t\u00eb besojm\u00eb v\u00ebrtet k\u00ebt\u00eb t\u00eb fundit? Un\u00eb e besoj. Pse t\u2019mos e besoj? Berisha ka n\u00eb dor\u00eb gjith\u00e7ka, ka t\u00eb gjitha institucionet (dini ndonj\u00eb institucion q\u00eb mund t\u2019i dal\u00eb kund\u00ebr?<\/p>\n<p>K\u00ebto dit\u00eb po provon prokuroria t\u00eb ec\u00eb n\u00eb nj\u00eb rrug\u00eb t\u00eb vet\u00ebn ligjore, por t\u00eb shohim deri ku do t\u00eb ec\u00eb; edhe mund t\u00eb kthehet nga rruga), ka policin\u00eb, ka gard\u00ebn e Republik\u00ebs (E Republik\u00ebs? \u00c7far\u00eb shakaje!), ka televizionin TVSH, ka kreun e Kuvendit (e keni par\u00eb se \u00e7\u2019mall kemi atje n\u00eb krye t\u00eb Kuvendit?), ka presidentin (nuk \u00ebsht\u00eb se e ka, por puna \u00ebsht\u00eb se ai nuk \u00ebsht\u00eb), ka mjekun ligjor, ka ambasadorin amerikan, ka Doris Pack-un, ka dhe intelektual\u00ebt e vet, q\u00eb e b\u00ebjn\u00eb t\u00eb bardh\u00ebn t\u00eb zez\u00eb, ka partit\u00eb e Kosov\u00ebs, partit\u00eb shqiptare t\u00eb Maqedonis\u00eb, e k\u00ebshtu me radh\u00eb. T\u00eb gjitha k\u00ebto institucione, autoritete, instanca, entitete p\u00ebrb\u00ebjn\u00eb mas\u00ebn opake q\u00eb mund t\u00eb fsheh\u00eb e rrethoj\u00eb \u00e7do krim t\u00eb pushtetit.<\/p>\n<p>E dini \u00e7\u2019mendoj? K\u00ebta mund t\u00eb vrasin k\u00ebdo. K\u00ebtij pushteti mund t\u2019ia jap\u00eb n\u00eb kok\u00eb t\u00eb m\u00eb vras\u00eb mua, fjala vjen (Larg qoft\u00eb, pasi m\u00eb p\u00eblqen t\u00eb jetoj. Shum\u00eb.), dhe \u2013 tani po vijoj n\u00eb stilin e P\u00ebllumb Kull\u00ebs \u2013 ma shpif qysh tani situata (m\u00eb shum\u00eb se sa vdekja), ku nj\u00eb doktor i spitalit ushtarak do t\u00eb thot\u00eb se \u201cun\u00eb kam p\u00ebsuar aksident, ngaq\u00eb kam q\u00ebn\u00eb i dehur\u201d, ku nj\u00eb doktor tjet\u00ebr forensik do t\u00eb thot\u00eb t\u00eb nj\u00ebjt\u00ebn gj\u00eb, q\u00eb n\u00eb fakt e ka th\u00ebn\u00eb p\u00ebrpara tyre vet\u00eb policia, ku Lul Basha do t\u00eb thot\u00eb \u201cse hetimi i rrethanave vazhdon, por deri tani na rezulton nj\u00eb aksident banal\u201d, ku Ben Imami do t\u00eb hedh\u00eb iden\u00eb, se k\u00ebt\u00eb e ka b\u00ebr\u00eb Andrea Stefani, ku Berisha do t\u00eb thot\u00eb, se \u201cka d\u00ebrguar n\u00eb vendngjarje polic\u00ebt e gardist\u00ebt m\u00eb t\u00eb mir\u00eb, dhe se po p\u00ebrgatit nj\u00eb funeral (jo madh\u00ebshtor)\u201d, ku ambasadori amerikan do t\u00eb denoncoj\u00eb dhun\u00ebn e ushtruar nga un\u00eb kund\u00ebr policis\u00eb n\u00eb dat\u00ebn 21 janar, dhe ku n\u00eb mbr\u00ebmje n\u00eb Opinion do flitet p\u00ebr mua (apo m\u00eb rren menja?), dhe ku dyshimet e Mero Bazes, se \u201ckrimi \u00ebsht\u00eb i b\u00ebr\u00eb nga familja Berisha\u201d, do t\u00eb hidhen posht\u00eb me p\u00ebrbuzje nga Fatos Lubonja, i cili nuk do duroj\u00eb dot q\u00eb familja Berisha t\u00eb p\u00ebrgojohet e t\u00eb baltoset kot m\u00eb kot edhe p\u00ebr nj\u00eb aksident, t\u00eb cilin \u2013 k\u00ebshtu do thot\u00eb \u2013 policia antiplebe e ka zbardhur tanim\u00eb (do t\u2019i shkoj\u00eb mendja p\u00ebr t\u00eb ve\u00e7uar n\u00eb debat e sip\u00ebr faktin, se Much Nanos i jan\u00eb gjetur n\u00eb xhep 2o mij\u00eb lek\u00eb, dhe kjo shum\u00eb \u00e7udit\u00ebrisht \u00ebsht\u00eb po aq sa kan\u00eb marr\u00eb protestuesit n\u00eb dt. 21).<\/p>\n<p>H\u00eb, nuk \u00ebsht\u00eb m\u00eb mir\u00eb t\u00eb t\u00eb haj\u00eb gjerba a qimja, se sa t\u00eb vdes\u00ebsh n\u00eb k\u00ebt\u00eb m\u00ebnyr\u00eb? Me q\u00eb ra fjala, nuk \u00ebsht\u00eb se dua t\u00eb ndjell vdekjen time. P\u00ebrs\u00ebris: e dua jet\u00ebn shum\u00eb. Me siguri, Berisha, me gardist\u00ebt e vet, do ta marrin n\u00eb konsiderat\u00eb k\u00ebt\u00eb dashuri timen p\u00ebr jet\u00ebn. Inshallah!<\/p>\n","protected":false},"excerpt":{"rendered":"<p>Mustafa Nano Lexoja sot n\u00eb gazet\u00ebn Shekulli, se n\u00eb loj\u00ebn e manipulimit t\u00eb ngjarjes \u00ebsht\u00eb futur dhe nj\u00eb mjek i spitalit ushtarak, me emrin Sami Ko\u00e7eku. Ky ka q\u00ebn\u00eb i pari q\u00eb ka th\u00ebn\u00eb se \u201ct\u00eb vrar\u00ebt jan\u00eb q\u00eblluar nga af\u00ebr\u201d. M\u00eb pas doli q\u00eb ka g\u00ebnjyer. Ishte deklarata q\u00eb i duhej qeveris\u00eb, sepse bash [&hellip;]<\/p>\n","protected":false},"author":1,"featured_media":0,"comment_status":"open","ping_status":"closed","sticky":false,"template":"","format":"standard","meta":{"footnotes":""},"categories":[2],"tags":[],"class_list":{"0":"post-5935","1":"post","2":"type-post","3":"status-publish","4":"format-standard","6":"category-artikuj"},"yoast_head":"<!-- This site is optimized with the Yoast SEO plugin v27.4 - https:\/\/yoast.com\/product\/yoast-seo-wordpress\/ -->\n<title>Ky regjim na ka n\u00eb dor\u00eb - FjALA e LIR\u00cb - Arkivi<\/title>\n<meta name=\"robots\" content=\"index, follow, max-snippet:-1, max-image-preview:large, max-video-preview:-1\" \/>\n<link rel=\"canonical\" href=\"https:\/\/fjala.info\/2009-2015\/ky-regjim-na-ka-ne-dore\/\" \/>\n<meta property=\"og:locale\" content=\"sq_AL\" \/>\n<meta property=\"og:type\" content=\"article\" \/>\n<meta property=\"og:title\" content=\"Ky regjim na ka n\u00eb dor\u00eb - FjALA e LIR\u00cb - Arkivi\" \/>\n<meta property=\"og:description\" content=\"Mustafa Nano Lexoja sot n\u00eb gazet\u00ebn Shekulli, se n\u00eb loj\u00ebn e manipulimit t\u00eb ngjarjes \u00ebsht\u00eb futur dhe nj\u00eb mjek i spitalit ushtarak, me emrin Sami Ko\u00e7eku. Ky ka q\u00ebn\u00eb i pari q\u00eb ka th\u00ebn\u00eb se \u201ct\u00eb vrar\u00ebt jan\u00eb q\u00eblluar nga af\u00ebr\u201d. M\u00eb pas doli q\u00eb ka g\u00ebnjyer. Ishte deklarata q\u00eb i duhej qeveris\u00eb, sepse bash [&hellip;]\" \/>\n<meta property=\"og:url\" content=\"https:\/\/fjala.info\/2009-2015\/ky-regjim-na-ka-ne-dore\/\" \/>\n<meta property=\"og:site_name\" content=\"FjALA e LIR\u00cb - Arkivi\" \/>\n<meta property=\"article:published_time\" content=\"2011-01-25T22:36:02+00:00\" \/>\n<meta property=\"og:image\" content=\"http:\/\/fjala.shkoder.net\/wp-content\/uploads\/2010\/10\/mustafa_nano-150x150.jpg\" \/>\n<meta name=\"author\" content=\"admin\" \/>\n<meta name=\"twitter:card\" content=\"summary_large_image\" \/>\n<meta name=\"twitter:label1\" content=\"Written by\" \/>\n\t<meta name=\"twitter:data1\" content=\"admin\" \/>\n\t<meta name=\"twitter:label2\" content=\"Est. reading time\" \/>\n\t<meta name=\"twitter:data2\" content=\"3 minutes\" \/>\n<script type=\"application\/ld+json\" class=\"yoast-schema-graph\">{\"@context\":\"https:\\\/\\\/schema.org\",\"@graph\":[{\"@type\":\"Article\",\"@id\":\"https:\\\/\\\/fjala.info\\\/2009-2015\\\/ky-regjim-na-ka-ne-dore\\\/#article\",\"isPartOf\":{\"@id\":\"https:\\\/\\\/fjala.info\\\/2009-2015\\\/ky-regjim-na-ka-ne-dore\\\/\"},\"author\":{\"name\":\"admin\",\"@id\":\"https:\\\/\\\/fjala.info\\\/2009-2015\\\/#\\\/schema\\\/person\\\/3aa1163ef05469c496fc94e77611ada2\"},\"headline\":\"Ky regjim na ka n\u00eb dor\u00eb\",\"datePublished\":\"2011-01-25T22:36:02+00:00\",\"mainEntityOfPage\":{\"@id\":\"https:\\\/\\\/fjala.info\\\/2009-2015\\\/ky-regjim-na-ka-ne-dore\\\/\"},\"wordCount\":658,\"commentCount\":0,\"publisher\":{\"@id\":\"https:\\\/\\\/fjala.info\\\/2009-2015\\\/#organization\"},\"image\":{\"@id\":\"https:\\\/\\\/fjala.info\\\/2009-2015\\\/ky-regjim-na-ka-ne-dore\\\/#primaryimage\"},\"thumbnailUrl\":\"http:\\\/\\\/fjala.shkoder.net\\\/wp-content\\\/uploads\\\/2010\\\/10\\\/mustafa_nano-150x150.jpg\",\"articleSection\":[\"Artikuj\"],\"inLanguage\":\"sq-AL\",\"potentialAction\":[{\"@type\":\"CommentAction\",\"name\":\"Comment\",\"target\":[\"https:\\\/\\\/fjala.info\\\/2009-2015\\\/ky-regjim-na-ka-ne-dore\\\/#respond\"]}]},{\"@type\":\"WebPage\",\"@id\":\"https:\\\/\\\/fjala.info\\\/2009-2015\\\/ky-regjim-na-ka-ne-dore\\\/\",\"url\":\"https:\\\/\\\/fjala.info\\\/2009-2015\\\/ky-regjim-na-ka-ne-dore\\\/\",\"name\":\"Ky regjim na ka n\u00eb dor\u00eb - FjALA e LIR\u00cb - Arkivi\",\"isPartOf\":{\"@id\":\"https:\\\/\\\/fjala.info\\\/2009-2015\\\/#website\"},\"primaryImageOfPage\":{\"@id\":\"https:\\\/\\\/fjala.info\\\/2009-2015\\\/ky-regjim-na-ka-ne-dore\\\/#primaryimage\"},\"image\":{\"@id\":\"https:\\\/\\\/fjala.info\\\/2009-2015\\\/ky-regjim-na-ka-ne-dore\\\/#primaryimage\"},\"thumbnailUrl\":\"http:\\\/\\\/fjala.shkoder.net\\\/wp-content\\\/uploads\\\/2010\\\/10\\\/mustafa_nano-150x150.jpg\",\"datePublished\":\"2011-01-25T22:36:02+00:00\",\"breadcrumb\":{\"@id\":\"https:\\\/\\\/fjala.info\\\/2009-2015\\\/ky-regjim-na-ka-ne-dore\\\/#breadcrumb\"},\"inLanguage\":\"sq-AL\",\"potentialAction\":[{\"@type\":\"ReadAction\",\"target\":[\"https:\\\/\\\/fjala.info\\\/2009-2015\\\/ky-regjim-na-ka-ne-dore\\\/\"]}]},{\"@type\":\"ImageObject\",\"inLanguage\":\"sq-AL\",\"@id\":\"https:\\\/\\\/fjala.info\\\/2009-2015\\\/ky-regjim-na-ka-ne-dore\\\/#primaryimage\",\"url\":\"http:\\\/\\\/fjala.shkoder.net\\\/wp-content\\\/uploads\\\/2010\\\/10\\\/mustafa_nano-150x150.jpg\",\"contentUrl\":\"http:\\\/\\\/fjala.shkoder.net\\\/wp-content\\\/uploads\\\/2010\\\/10\\\/mustafa_nano-150x150.jpg\"},{\"@type\":\"BreadcrumbList\",\"@id\":\"https:\\\/\\\/fjala.info\\\/2009-2015\\\/ky-regjim-na-ka-ne-dore\\\/#breadcrumb\",\"itemListElement\":[{\"@type\":\"ListItem\",\"position\":1,\"name\":\"Home\",\"item\":\"https:\\\/\\\/fjala.info\\\/2009-2015\\\/\"},{\"@type\":\"ListItem\",\"position\":2,\"name\":\"Ky regjim na ka n\u00eb dor\u00eb\"}]},{\"@type\":\"WebSite\",\"@id\":\"https:\\\/\\\/fjala.info\\\/2009-2015\\\/#website\",\"url\":\"https:\\\/\\\/fjala.info\\\/2009-2015\\\/\",\"name\":\"FjALA e LIR\u00cb - Arkivi\",\"description\":\"Arkivi 2009-2015\",\"publisher\":{\"@id\":\"https:\\\/\\\/fjala.info\\\/2009-2015\\\/#organization\"},\"potentialAction\":[{\"@type\":\"SearchAction\",\"target\":{\"@type\":\"EntryPoint\",\"urlTemplate\":\"https:\\\/\\\/fjala.info\\\/2009-2015\\\/?s={search_term_string}\"},\"query-input\":{\"@type\":\"PropertyValueSpecification\",\"valueRequired\":true,\"valueName\":\"search_term_string\"}}],\"inLanguage\":\"sq-AL\"},{\"@type\":\"Organization\",\"@id\":\"https:\\\/\\\/fjala.info\\\/2009-2015\\\/#organization\",\"name\":\"FjALA e LIR\u00cb - Arkivi\",\"url\":\"https:\\\/\\\/fjala.info\\\/2009-2015\\\/\",\"logo\":{\"@type\":\"ImageObject\",\"inLanguage\":\"sq-AL\",\"@id\":\"https:\\\/\\\/fjala.info\\\/2009-2015\\\/#\\\/schema\\\/logo\\\/image\\\/\",\"url\":\"\",\"contentUrl\":\"\",\"caption\":\"FjALA e LIR\u00cb - Arkivi\"},\"image\":{\"@id\":\"https:\\\/\\\/fjala.info\\\/2009-2015\\\/#\\\/schema\\\/logo\\\/image\\\/\"}},{\"@type\":\"Person\",\"@id\":\"https:\\\/\\\/fjala.info\\\/2009-2015\\\/#\\\/schema\\\/person\\\/3aa1163ef05469c496fc94e77611ada2\",\"name\":\"admin\",\"image\":{\"@type\":\"ImageObject\",\"inLanguage\":\"sq-AL\",\"@id\":\"https:\\\/\\\/fjala.info\\\/2009-2015\\\/wp-content\\\/uploads\\\/2012\\\/02\\\/arben_cokaj-120x150.jpg\",\"url\":\"https:\\\/\\\/fjala.info\\\/2009-2015\\\/wp-content\\\/uploads\\\/2012\\\/02\\\/arben_cokaj-120x150.jpg\",\"contentUrl\":\"https:\\\/\\\/fjala.info\\\/2009-2015\\\/wp-content\\\/uploads\\\/2012\\\/02\\\/arben_cokaj-120x150.jpg\",\"caption\":\"admin\"},\"description\":\"Admin, Fjala e Lir\u00eb\",\"sameAs\":[\"https:\\\/\\\/fjala.info\\\/\"],\"url\":\"https:\\\/\\\/fjala.info\\\/2009-2015\\\/author\\\/admin\\\/\"}]}<\/script>\n<!-- \/ Yoast SEO plugin. -->","yoast_head_json":{"title":"Ky regjim na ka n\u00eb dor\u00eb - FjALA e LIR\u00cb - Arkivi","robots":{"index":"index","follow":"follow","max-snippet":"max-snippet:-1","max-image-preview":"max-image-preview:large","max-video-preview":"max-video-preview:-1"},"canonical":"https:\/\/fjala.info\/2009-2015\/ky-regjim-na-ka-ne-dore\/","og_locale":"sq_AL","og_type":"article","og_title":"Ky regjim na ka n\u00eb dor\u00eb - FjALA e LIR\u00cb - Arkivi","og_description":"Mustafa Nano Lexoja sot n\u00eb gazet\u00ebn Shekulli, se n\u00eb loj\u00ebn e manipulimit t\u00eb ngjarjes \u00ebsht\u00eb futur dhe nj\u00eb mjek i spitalit ushtarak, me emrin Sami Ko\u00e7eku. Ky ka q\u00ebn\u00eb i pari q\u00eb ka th\u00ebn\u00eb se \u201ct\u00eb vrar\u00ebt jan\u00eb q\u00eblluar nga af\u00ebr\u201d. M\u00eb pas doli q\u00eb ka g\u00ebnjyer. Ishte deklarata q\u00eb i duhej qeveris\u00eb, sepse bash [&hellip;]","og_url":"https:\/\/fjala.info\/2009-2015\/ky-regjim-na-ka-ne-dore\/","og_site_name":"FjALA e LIR\u00cb - Arkivi","article_published_time":"2011-01-25T22:36:02+00:00","og_image":[{"url":"http:\/\/fjala.shkoder.net\/wp-content\/uploads\/2010\/10\/mustafa_nano-150x150.jpg","type":"","width":"","height":""}],"author":"admin","twitter_card":"summary_large_image","twitter_misc":{"Written by":"admin","Est. reading time":"3 minutes"},"schema":{"@context":"https:\/\/schema.org","@graph":[{"@type":"Article","@id":"https:\/\/fjala.info\/2009-2015\/ky-regjim-na-ka-ne-dore\/#article","isPartOf":{"@id":"https:\/\/fjala.info\/2009-2015\/ky-regjim-na-ka-ne-dore\/"},"author":{"name":"admin","@id":"https:\/\/fjala.info\/2009-2015\/#\/schema\/person\/3aa1163ef05469c496fc94e77611ada2"},"headline":"Ky regjim na ka n\u00eb dor\u00eb","datePublished":"2011-01-25T22:36:02+00:00","mainEntityOfPage":{"@id":"https:\/\/fjala.info\/2009-2015\/ky-regjim-na-ka-ne-dore\/"},"wordCount":658,"commentCount":0,"publisher":{"@id":"https:\/\/fjala.info\/2009-2015\/#organization"},"image":{"@id":"https:\/\/fjala.info\/2009-2015\/ky-regjim-na-ka-ne-dore\/#primaryimage"},"thumbnailUrl":"http:\/\/fjala.shkoder.net\/wp-content\/uploads\/2010\/10\/mustafa_nano-150x150.jpg","articleSection":["Artikuj"],"inLanguage":"sq-AL","potentialAction":[{"@type":"CommentAction","name":"Comment","target":["https:\/\/fjala.info\/2009-2015\/ky-regjim-na-ka-ne-dore\/#respond"]}]},{"@type":"WebPage","@id":"https:\/\/fjala.info\/2009-2015\/ky-regjim-na-ka-ne-dore\/","url":"https:\/\/fjala.info\/2009-2015\/ky-regjim-na-ka-ne-dore\/","name":"Ky regjim na ka n\u00eb dor\u00eb - FjALA e LIR\u00cb - Arkivi","isPartOf":{"@id":"https:\/\/fjala.info\/2009-2015\/#website"},"primaryImageOfPage":{"@id":"https:\/\/fjala.info\/2009-2015\/ky-regjim-na-ka-ne-dore\/#primaryimage"},"image":{"@id":"https:\/\/fjala.info\/2009-2015\/ky-regjim-na-ka-ne-dore\/#primaryimage"},"thumbnailUrl":"http:\/\/fjala.shkoder.net\/wp-content\/uploads\/2010\/10\/mustafa_nano-150x150.jpg","datePublished":"2011-01-25T22:36:02+00:00","breadcrumb":{"@id":"https:\/\/fjala.info\/2009-2015\/ky-regjim-na-ka-ne-dore\/#breadcrumb"},"inLanguage":"sq-AL","potentialAction":[{"@type":"ReadAction","target":["https:\/\/fjala.info\/2009-2015\/ky-regjim-na-ka-ne-dore\/"]}]},{"@type":"ImageObject","inLanguage":"sq-AL","@id":"https:\/\/fjala.info\/2009-2015\/ky-regjim-na-ka-ne-dore\/#primaryimage","url":"http:\/\/fjala.shkoder.net\/wp-content\/uploads\/2010\/10\/mustafa_nano-150x150.jpg","contentUrl":"http:\/\/fjala.shkoder.net\/wp-content\/uploads\/2010\/10\/mustafa_nano-150x150.jpg"},{"@type":"BreadcrumbList","@id":"https:\/\/fjala.info\/2009-2015\/ky-regjim-na-ka-ne-dore\/#breadcrumb","itemListElement":[{"@type":"ListItem","position":1,"name":"Home","item":"https:\/\/fjala.info\/2009-2015\/"},{"@type":"ListItem","position":2,"name":"Ky regjim na ka n\u00eb dor\u00eb"}]},{"@type":"WebSite","@id":"https:\/\/fjala.info\/2009-2015\/#website","url":"https:\/\/fjala.info\/2009-2015\/","name":"FjALA e LIR\u00cb - Arkivi","description":"Arkivi 2009-2015","publisher":{"@id":"https:\/\/fjala.info\/2009-2015\/#organization"},"potentialAction":[{"@type":"SearchAction","target":{"@type":"EntryPoint","urlTemplate":"https:\/\/fjala.info\/2009-2015\/?s={search_term_string}"},"query-input":{"@type":"PropertyValueSpecification","valueRequired":true,"valueName":"search_term_string"}}],"inLanguage":"sq-AL"},{"@type":"Organization","@id":"https:\/\/fjala.info\/2009-2015\/#organization","name":"FjALA e LIR\u00cb - Arkivi","url":"https:\/\/fjala.info\/2009-2015\/","logo":{"@type":"ImageObject","inLanguage":"sq-AL","@id":"https:\/\/fjala.info\/2009-2015\/#\/schema\/logo\/image\/","url":"","contentUrl":"","caption":"FjALA e LIR\u00cb - Arkivi"},"image":{"@id":"https:\/\/fjala.info\/2009-2015\/#\/schema\/logo\/image\/"}},{"@type":"Person","@id":"https:\/\/fjala.info\/2009-2015\/#\/schema\/person\/3aa1163ef05469c496fc94e77611ada2","name":"admin","image":{"@type":"ImageObject","inLanguage":"sq-AL","@id":"https:\/\/fjala.info\/2009-2015\/wp-content\/uploads\/2012\/02\/arben_cokaj-120x150.jpg","url":"https:\/\/fjala.info\/2009-2015\/wp-content\/uploads\/2012\/02\/arben_cokaj-120x150.jpg","contentUrl":"https:\/\/fjala.info\/2009-2015\/wp-content\/uploads\/2012\/02\/arben_cokaj-120x150.jpg","caption":"admin"},"description":"Admin, Fjala e Lir\u00eb","sameAs":["https:\/\/fjala.info\/"],"url":"https:\/\/fjala.info\/2009-2015\/author\/admin\/"}]}},"_links":{"self":[{"href":"https:\/\/fjala.info\/2009-2015\/wp-json\/wp\/v2\/posts\/5935","targetHints":{"allow":["GET"]}}],"collection":[{"href":"https:\/\/fjala.info\/2009-2015\/wp-json\/wp\/v2\/posts"}],"about":[{"href":"https:\/\/fjala.info\/2009-2015\/wp-json\/wp\/v2\/types\/post"}],"author":[{"embeddable":true,"href":"https:\/\/fjala.info\/2009-2015\/wp-json\/wp\/v2\/users\/1"}],"replies":[{"embeddable":true,"href":"https:\/\/fjala.info\/2009-2015\/wp-json\/wp\/v2\/comments?post=5935"}],"version-history":[{"count":0,"href":"https:\/\/fjala.info\/2009-2015\/wp-json\/wp\/v2\/posts\/5935\/revisions"}],"wp:attachment":[{"href":"https:\/\/fjala.info\/2009-2015\/wp-json\/wp\/v2\/media?parent=5935"}],"wp:term":[{"taxonomy":"category","embeddable":true,"href":"https:\/\/fjala.info\/2009-2015\/wp-json\/wp\/v2\/categories?post=5935"},{"taxonomy":"post_tag","embeddable":true,"href":"https:\/\/fjala.info\/2009-2015\/wp-json\/wp\/v2\/tags?post=5935"}],"curies":[{"name":"wp","href":"https:\/\/api.w.org\/{rel}","templated":true}]}}