{"id":5933,"date":"2011-01-26T23:28:08","date_gmt":"2011-01-26T22:28:08","guid":{"rendered":"http:\/\/fjala.shkoder.net\/?p=5933"},"modified":"2011-01-26T23:28:08","modified_gmt":"2011-01-26T22:28:08","slug":"grushti-permanent-i-shtetit","status":"publish","type":"post","link":"https:\/\/fjala.info\/2009-2015\/grushti-permanent-i-shtetit\/","title":{"rendered":"Grushti permanent i shtetit"},"content":{"rendered":"<p><img loading=\"lazy\" decoding=\"async\" class=\"alignleft size-full wp-image-4140\" title=\"Andrea Stefani\" src=\"http:\/\/fjala.shkoder.net\/wp-content\/uploads\/2010\/10\/andrea_stefani.jpg\" alt=\"\" width=\"108\" height=\"118\" \/><br \/>\n<strong>Andrea Stefani<\/strong>, <em>26.01.2011<\/em><\/p>\n<p>Ekziston nj\u00eb opinion mbizot\u00ebrues se ai q\u00eb r\u00ebndom quhet &#8220;grusht shteti&#8221; \u00ebsht\u00eb thjesht nj\u00eb sulm me arm\u00eb mbi godin\u00ebn e nj\u00eb apo disa institucioneve, p\u00ebr t\u00eb p\u00ebrmbysur Qeverin\u00eb duke e detyruar t&#8217;ja mbath\u00eb apo t\u00eb dor\u00ebhiqet. N\u00eb fakt &#8220;grushti i shtetit&#8221; \u00ebsht\u00eb shum\u00eb m\u00eb i larmish\u00ebm se kaq. K\u00ebshtu grushti i shtetit nuk \u00ebsht\u00eb vet\u00ebm ai q\u00eb kemi par\u00eb t\u00eb realizuar n\u00ebn lidershipin e Berish\u00ebs n\u00eb 14 shtator 1998. Sepse nj\u00eb grusht shteti mund t\u00eb realizohet edhe pa sulme t\u00eb armatosura mbi institucione madje, edhe nga vet\u00eb Qeveria. Pra kemi &#8220;grusht shteti&#8221; jo vet\u00ebm at\u00ebher\u00eb kur dikush p\u00ebrmbys me forc\u00eb nj\u00eb Qeveri, por edhe at\u00ebher\u00eb kur vet\u00eb Qeveria m\u00eb an\u00eb t\u00eb nj\u00eb dhune konstante mbi institucionet e shtetit, i deformon ato duke deformuar m\u00eb n\u00eb fund krejt frym\u00ebn e shtetit.<\/p>\n<p>Th\u00ebn\u00eb shkurt, duke e shnd\u00ebrruar nga shtet demokratik-liberal me institucione t\u00eb lira e t\u00eb pavarura q\u00eb balancojn\u00eb, kufizojn\u00eb e kontrollojn\u00eb njeri-tjetrin, n\u00eb nj\u00eb shtet autokratik ku k\u00ebto institucione ekzistojn\u00eb vet\u00ebm formalisht sepse n\u00eb t\u00eb v\u00ebrtet\u00eb, nuk veprojn\u00eb m\u00eb n\u00eb baz\u00eb t\u00eb Kushtetut\u00ebs por n\u00eb baz\u00eb t\u00eb vullnetit t\u00eb kreut t\u00eb qeveris\u00eb. Ky \u00ebsht\u00eb tipi i grushtit permanent t\u00eb shtetit q\u00eb Berisha ka m\u00eb se 6 vjet q\u00eb po e realizon n\u00eb m\u00ebnyr\u00eb graduale n\u00eb Shqip\u00ebri. Sikund\u00ebr Adolf Hitleri q\u00eb pas d\u00ebshtimit t\u00eb Pu\u00e7it t\u00eb Birr\u00ebs hoqi dor\u00eb nga marrja e pushtetit me rrug\u00eb t\u00eb armatosur, edhe Berisha pas d\u00ebshtimit t\u00eb grushtit t\u00eb armatosur n\u00eb 14 shtator, vendosi ta realizoj\u00eb at\u00eb pa arm\u00eb dhe &#8220;institucionalisht&#8221;.<\/p>\n<p>* * *<\/p>\n<p>Kryeministri Berisha po p\u00ebrpiqet ta paraqes\u00eb demonstrat\u00ebn e 21 janarit si nj\u00eb grusht shteti me synimin e qart\u00eb q\u00eb jo vet\u00ebm t\u00eb justifikoj\u00eb p\u00ebrdorimin jo legjitim t\u00eb arm\u00ebve si dhe demonstruesit e vrar\u00eb, por edhe q\u00eb t\u00eb mund t\u00eb vazhdoj\u00eb grushtin e tij permanent t\u00eb shtetit. Berisha i kund\u00ebrvihet Prokuroris\u00eb jo vet\u00ebm q\u00eb t\u00eb mbroj\u00eb ca gardist\u00eb por, mbi t\u00eb gjitha, q\u00eb t\u00eb paralizoj\u00eb, t\u00eb nxjerr\u00eb jasht\u00eb loje si jo t\u00eb besuesh\u00ebm, nj\u00eb institucion ende t\u00eb pavarur q\u00eb ka nisur nj\u00eb hetim korrupsioni p\u00ebr Qeverin\u00eb. Nj\u00eb hetim p\u00ebr nj\u00eb skandal q\u00eb sapo ka sjell\u00eb edhe dor\u00ebheqjen e z\u00ebvend\u00ebskryeministrit dhe q\u00eb po u thellua, mund ta b\u00ebj\u00eb t\u00eb pa shmangsh\u00ebm rr\u00ebzimin edhe t\u00eb vet\u00eb Kryeministrit.<\/p>\n<p>Kjo \u00ebsht\u00eb edhe arsyeja e v\u00ebrtet\u00eb se p\u00ebrse Berisha e b\u00ebn miz\u00ebn buall dhe nj\u00eb demonstrat\u00eb (dhuna e paligjshme e s\u00eb cil\u00ebs u shty, si r\u00ebndom jo pak demonstrata, deri tek gur\u00ebt, shkopat dhe ndonj\u00eb shishe me benzin\u00eb), e etiketon n\u00eb m\u00ebnyr\u00eb t\u00eb ekzagjeruar si pu\u00e7 apo grusht shteti. Tashm\u00eb ai k\u00ebrkon q\u00eb e gjith\u00eb v\u00ebmendja e politik\u00ebs dhe opinionit t\u00eb mbes\u00eb te ngjarja tragjike e 21 janarit dhe duke shfryt\u00ebzuar nj\u00eb vorbull t\u00eb kreshp\u00ebruar shqet\u00ebsimesh, frik\u00ebrash dhe alarmesh, t&#8217;i jap\u00eb nj\u00eb grusht d\u00ebrrmues Prokuroris\u00eb dhe Sh\u00ebrbimit Informativ Komb\u00ebtar (SHISH), k\u00ebtyre dy institucioneve t\u00eb tjera t\u00eb shtetit q\u00eb nuk i ka ende n\u00ebn kontroll por q\u00eb e rrezikojn\u00eb shum\u00eb pushtetin e tij t\u00eb korruptuar p\u00ebr t\u00eb vetmin shkak, se \u00ebsht\u00eb tejet i korruptuar.<\/p>\n<p>* * *<\/p>\n<p>Por duke b\u00ebr\u00eb k\u00ebt\u00eb, Berisha po tregohet jo nj\u00eb shahist i zoti n\u00eb politik\u00eb sepse po l\u00ebviz ushtar\u00ebt n\u00eb kuadrate t\u00eb gabuara ku nuk i lejohet t&#8217;i l\u00ebviz\u00eb. Po shkel hapur rregullat e loj\u00ebs t\u00eb nj\u00eb shteti me pushtete t\u00eb ndara. Dhe k\u00ebto rregulla loje jan\u00eb t\u00eb shkruara n\u00eb Kushtetut\u00ebn e Republik\u00ebs. Ndryshe nga deri m\u00eb sot Berisha po shfaq hapur, edhe para nd\u00ebrkomb\u00ebtar\u00ebve, synimet dhe arroganc\u00ebn e tij autokratike. Kjo shpjegon se p\u00ebrse edhe ambasadori i SHBA, Arvizu, doli dje n\u00eb nj\u00eb konferenc\u00eb shtypi n\u00eb krah t\u00eb kryeprokurores Rama. Sepse nd\u00ebrsa manipulimin e zgjedhjeve t\u00eb kaluara e maskoi me shumic\u00ebn n\u00eb KQZ si dhe me kapjen e padukshme t\u00eb Kolegjit Zgjedhor, n\u00eb rastin e bllokimit t\u00eb urdh\u00ebrndalimeve t\u00eb Prokuroris\u00eb p\u00ebr 6 gardist\u00ebt, Berisha po vepron hapur kund\u00ebr ligjit dhe Kushtetut\u00ebs duke v\u00ebn\u00eb vullnetin e tij mbi to.<\/p>\n<p>Por, n\u00eb k\u00ebt\u00eb rast, vullneti i Kryeministrit \u00ebsht\u00eb haptazi i pa bazuar n\u00eb ligj, pra nuk \u00ebsht\u00eb nj\u00eb veto. Dhe si i till\u00eb \u00ebsht\u00eb nj\u00eb vullnet q\u00eb tenton t\u00eb dal\u00eb mbi ligjin dhe shtetin ligjor. \u00c7udia \u00ebsht\u00eb se nd\u00ebrsa mburrte gardist\u00ebt se mbrojt\u00ebn shtetin ligjor, Berisha k\u00ebrkon t&#8217;i mbroj\u00eb po k\u00ebta gardist\u00eb duke dal\u00eb kund\u00ebr shtetit ligjor. Esht\u00eb qesharake dhe tragjike nj\u00ebherazi t\u00eb shoh\u00ebsh sesi nj\u00eb Kryeminist\u00ebr jep &#8220;argumente&#8221; n\u00eb publik lidhur me gjoja l\u00ebshimin nga prokuroria t\u00eb urdhrave p\u00ebr arrestimin e drejtuesve t\u00eb Gard\u00ebs &#8220;pa b\u00ebr\u00eb as edhe nj\u00eb hetim&#8221;.<\/p>\n<p>Para s\u00eb gjithash Kryeministri nuk e di se \u00e7far\u00eb hetimesh ka b\u00ebr\u00eb apo nuk ka b\u00ebr\u00eb Prokuroria. Kjo e fundit \u00ebsht\u00eb nj\u00eb organ i pavarur nga Qeveria. S\u00eb dyti, edhe sikur Prokuroria t\u00eb ket\u00eb vepruar e inspiruar jo nga ligji por politikisht sikund\u00ebr akuzon Berisha, kjo \u00ebsht\u00eb nj\u00eb \u00e7\u00ebshtje q\u00eb nuk e ndan dot nj\u00eb kryeminist\u00ebr, por gjykata. Institucioni i gjykat\u00ebs \u00ebsht\u00eb ai q\u00eb duhet t\u00eb vendos\u00eb n\u00ebse ndalimi i dikujt \u00ebsht\u00eb b\u00ebr\u00eb me t\u00eb drejt\u00eb apo pa t\u00eb drejt\u00eb. N\u00ebse do t\u00eb qe Kryeministri ai q\u00eb vler\u00ebson drejt\u00ebsin\u00eb apo padrejt\u00ebsin\u00eb e vendimeve t\u00eb organit t\u00eb hetimit, kjo do t\u00eb thoshte q\u00eb Kryeministri t\u00eb jet\u00eb jo vet\u00ebm kreu i ekzekutivit por edhe kreu i gjykat\u00ebs.<\/p>\n<p>Do t\u00eb kishim jo nj\u00eb republik\u00eb me pushtete t\u00eb ndara, por nj\u00eb shtet autokratik ku pushtetet jan\u00eb t\u00eb p\u00ebrq\u00ebndruara n\u00eb dor\u00ebn e kryeministrit. Dhe n\u00eb fakt kjo duket se \u00ebsht\u00eb dhe \u00ebndrra e pafjetur Berish\u00ebs, transformimi gradual i republik\u00ebs n\u00eb nj\u00eb demokraci vet\u00ebm n\u00eb let\u00ebr, n\u00eb nj\u00eb shtet ku pushtetet jan\u00eb t\u00eb ndara p\u00ebrs\u00ebri vet\u00ebm n\u00eb let\u00ebr por ku realisht \u00ebsht\u00eb ai, Kryeministri, q\u00eb komandon gjith\u00e7ka, q\u00eb dikton se kush duhet t\u00eb arrestohet dhe kush jo, kush duhet t\u00eb d\u00ebnohet dhe kush jo. Dhe duket shpreson (mjerisht jo fare pa shkak) se edhe BE e SHBA do ta pranojn\u00eb nj\u00eb shtet t\u00eb till\u00eb t\u00eb p\u00ebr\u00e7udnuar p\u00ebr sa koh\u00eb q\u00eb ruan nj\u00eb lloj stabiliteti politik edhe pse n\u00eb kurriz t\u00eb standarteve t\u00eb liris\u00eb dhe demokracis\u00eb.<\/p>\n<p>Shkelja apo mungesa e k\u00ebtyre t\u00eb fundit mund t\u00eb vazhdoj\u00eb t\u00eb justifikohet me faz\u00ebn e tranzicionit, me procesin e integrimit q\u00eb v\u00ebrtet po zgjatet ca por q\u00eb gjithsesi po progreson. Shkurt shpreson ta shtyj\u00eb n\u00eb krye t\u00eb nj\u00eb pushteti gjithnj\u00eb e m\u00eb absolut sa t\u00eb ket\u00eb ym\u00ebr, i pa shqet\u00ebsuar nga institucione t\u00eb pavarura si prokuroria, SHISH apo media, q\u00eb mund t&#8217;i nxjerrin t\u00eb palarat e nj\u00eb korrupsioni q\u00eb e gjith\u00eb bota e sheh dhe e pohon se \u00ebsht\u00eb mjaft i p\u00ebrhapur. P\u00ebr momentin Qeverin\u00eb e ka n\u00ebn zap, Parlamentin po ashtu, administrat\u00ebn publike e ka mbushur me militant\u00eb duke e spastruar nga &#8220;armiqt\u00eb e klas\u00ebs&#8221;, ka mjaft sh\u00ebrb\u00ebtor\u00eb n\u00eb t\u00eb gjitha shkall\u00ebt e gjykatave, n\u00eb media dhe shoq\u00ebrin\u00eb civile, n\u00eb biznes dhe n\u00eb dhomat e tregtis\u00eb.<\/p>\n<p>Presidenti i Republik\u00ebs po i b\u00ebn ca vickla por s\u00eb shpejti i mbaron mandati dhe (n\u00eb saj\u00eb t\u00eb amendimeve q\u00eb i jan\u00eb b\u00ebr\u00eb Kushtetut\u00ebs m\u00eb 21 prill 2008) do t\u00eb ket\u00eb mund\u00ebsi q\u00eb vet\u00ebm me 71 vota deputet\u00ebsh t\u00eb shumic\u00ebs, t\u00eb zgjedh\u00eb President k\u00eb t&#8217;i doj\u00eb kokrra e qejfit nga oborrtar\u00ebt e tij. Pas rreth nj\u00eb viti e gjysm\u00eb i mbaron mandati edhe Kryeprokurores (dhe kjo sipas amendimeve t\u00eb Kushtetut\u00ebs) ndaj do t\u00eb ket\u00eb mund\u00ebsi t\u00eb em\u00ebroj\u00eb Kryeprokuror nj\u00eb tip si ata prokuror\u00ebt q\u00eb i p\u00ebrdori dikur p\u00ebr t\u00eb burgosur liderin e opozit\u00ebs Fatos Nanon q\u00eb sot e ka mik vet\u00ebm sepse nuk \u00ebsht\u00eb m\u00eb lideri i opozit\u00ebs.<\/p>\n<p>At\u00ebher\u00eb ta shohin edhe opozitar\u00ebt, q\u00eb do ken\u00eb pranuar nd\u00ebrkoh\u00eb me sylesh\u00ebsi t\u00eb heqin edhe imunitetet p\u00ebr t\u00eb luftuar m\u00eb me efektivitet (\u00e7far\u00eb shakaje!) korrupsionin e qeveris\u00eb Berisha! Sepse do t&#8217;i ket\u00eb m\u00eb n\u00ebn hyq\u00ebm edhe gjykatat nga q\u00eb Presidenti i Republik\u00ebs (nj\u00eb Medvedev i caktuar prej putinistit Berisha) do t\u00eb jet\u00eb edhe kreu i K\u00ebshillit t\u00eb Lart\u00eb t\u00eb Drejt\u00ebsis\u00eb. K\u00ebshtu i ka b\u00ebr\u00eb Berisha planet q\u00eb po i avancon me an\u00eb t\u00eb grushteve q\u00eb i jep shtetit vit pas viti, institucion pas institucioni.<\/p>\n<p>Dhe ky dhunues e palodhur institucionesh ka goj\u00eb t\u00eb akuzoj\u00eb p\u00ebr dhun\u00eb kund\u00ebr institucioneve, ka paturp\u00ebsin\u00eb t\u00eb dal\u00eb n\u00eb &#8220;mbrojtje&#8221; t\u00eb institucioneve q\u00eb po ia u b\u00ebn varrin! Prandaj themi se berishizmi \u00ebsht\u00eb taktika e goditjes s\u00eb pareshtur t\u00eb shtetit nga pushteti deri sa shteti (q\u00eb n\u00eb fakt \u00ebsht\u00eb masa e gjith\u00eb njer\u00ebzve dhe e institucioneve) t\u00eb bjer\u00eb i pafuqish\u00ebm n\u00eb k\u00ebmb\u00ebt e pushtetit. Ky \u00ebsht\u00eb ai q\u00eb e quajm\u00eb grushti permanent i pushtetit, i Qeveris\u00eb kund\u00ebr shtetit. Dhe ose institucionet duhet t\u00eb jen\u00eb t\u00eb afta t\u00eb bllokojn\u00eb grushtin e shtetit t\u00eb pushtetit, ose k\u00ebt\u00eb gj\u00eb duhet ta b\u00ebj\u00eb publiku. Natyrisht n\u00ebse ai ekziston. Sepse kur ai nuk ekziston si ka mund\u00ebsi nj\u00eb shtet t\u00eb jet\u00eb RESPUBLICA pra, nj\u00eb shtet ku &#8220;mbret&#8221; \u00ebsht\u00eb publiku, populli dhe jo Kryeministri?<\/p>\n","protected":false},"excerpt":{"rendered":"<p>Andrea Stefani, 26.01.2011 Ekziston nj\u00eb opinion mbizot\u00ebrues se ai q\u00eb r\u00ebndom quhet &#8220;grusht shteti&#8221; \u00ebsht\u00eb thjesht nj\u00eb sulm me arm\u00eb mbi godin\u00ebn e nj\u00eb apo disa institucioneve, p\u00ebr t\u00eb p\u00ebrmbysur Qeverin\u00eb duke e detyruar t&#8217;ja mbath\u00eb apo t\u00eb dor\u00ebhiqet. N\u00eb fakt &#8220;grushti i shtetit&#8221; \u00ebsht\u00eb shum\u00eb m\u00eb i larmish\u00ebm se kaq. K\u00ebshtu grushti i shtetit [&hellip;]<\/p>\n","protected":false},"author":1,"featured_media":0,"comment_status":"open","ping_status":"closed","sticky":false,"template":"","format":"standard","meta":{"footnotes":""},"categories":[2],"tags":[],"class_list":{"0":"post-5933","1":"post","2":"type-post","3":"status-publish","4":"format-standard","6":"category-artikuj"},"yoast_head":"<!-- This site is optimized with the Yoast SEO plugin v27.4 - https:\/\/yoast.com\/product\/yoast-seo-wordpress\/ -->\n<title>Grushti permanent i shtetit - FjALA e LIR\u00cb - Arkivi<\/title>\n<meta name=\"robots\" content=\"index, follow, max-snippet:-1, max-image-preview:large, max-video-preview:-1\" \/>\n<link rel=\"canonical\" href=\"https:\/\/fjala.info\/2009-2015\/grushti-permanent-i-shtetit\/\" \/>\n<meta property=\"og:locale\" content=\"sq_AL\" \/>\n<meta property=\"og:type\" content=\"article\" \/>\n<meta property=\"og:title\" content=\"Grushti permanent i shtetit - FjALA e LIR\u00cb - Arkivi\" \/>\n<meta property=\"og:description\" content=\"Andrea Stefani, 26.01.2011 Ekziston nj\u00eb opinion mbizot\u00ebrues se ai q\u00eb r\u00ebndom quhet &#8220;grusht shteti&#8221; \u00ebsht\u00eb thjesht nj\u00eb sulm me arm\u00eb mbi godin\u00ebn e nj\u00eb apo disa institucioneve, p\u00ebr t\u00eb p\u00ebrmbysur Qeverin\u00eb duke e detyruar t&#8217;ja mbath\u00eb apo t\u00eb dor\u00ebhiqet. N\u00eb fakt &#8220;grushti i shtetit&#8221; \u00ebsht\u00eb shum\u00eb m\u00eb i larmish\u00ebm se kaq. K\u00ebshtu grushti i shtetit [&hellip;]\" \/>\n<meta property=\"og:url\" content=\"https:\/\/fjala.info\/2009-2015\/grushti-permanent-i-shtetit\/\" \/>\n<meta property=\"og:site_name\" content=\"FjALA e LIR\u00cb - Arkivi\" \/>\n<meta property=\"article:published_time\" content=\"2011-01-26T22:28:08+00:00\" \/>\n<meta property=\"og:image\" content=\"http:\/\/fjala.shkoder.net\/wp-content\/uploads\/2010\/10\/andrea_stefani.jpg\" \/>\n<meta name=\"author\" content=\"admin\" \/>\n<meta name=\"twitter:card\" content=\"summary_large_image\" \/>\n<meta name=\"twitter:label1\" content=\"Written by\" \/>\n\t<meta name=\"twitter:data1\" content=\"admin\" \/>\n\t<meta name=\"twitter:label2\" content=\"Est. reading time\" \/>\n\t<meta name=\"twitter:data2\" content=\"8 minutes\" \/>\n<script type=\"application\/ld+json\" class=\"yoast-schema-graph\">{\"@context\":\"https:\\\/\\\/schema.org\",\"@graph\":[{\"@type\":\"Article\",\"@id\":\"https:\\\/\\\/fjala.info\\\/2009-2015\\\/grushti-permanent-i-shtetit\\\/#article\",\"isPartOf\":{\"@id\":\"https:\\\/\\\/fjala.info\\\/2009-2015\\\/grushti-permanent-i-shtetit\\\/\"},\"author\":{\"name\":\"admin\",\"@id\":\"https:\\\/\\\/fjala.info\\\/2009-2015\\\/#\\\/schema\\\/person\\\/3aa1163ef05469c496fc94e77611ada2\"},\"headline\":\"Grushti permanent i shtetit\",\"datePublished\":\"2011-01-26T22:28:08+00:00\",\"mainEntityOfPage\":{\"@id\":\"https:\\\/\\\/fjala.info\\\/2009-2015\\\/grushti-permanent-i-shtetit\\\/\"},\"wordCount\":1587,\"commentCount\":0,\"publisher\":{\"@id\":\"https:\\\/\\\/fjala.info\\\/2009-2015\\\/#organization\"},\"image\":{\"@id\":\"https:\\\/\\\/fjala.info\\\/2009-2015\\\/grushti-permanent-i-shtetit\\\/#primaryimage\"},\"thumbnailUrl\":\"http:\\\/\\\/fjala.shkoder.net\\\/wp-content\\\/uploads\\\/2010\\\/10\\\/andrea_stefani.jpg\",\"articleSection\":[\"Artikuj\"],\"inLanguage\":\"sq-AL\",\"potentialAction\":[{\"@type\":\"CommentAction\",\"name\":\"Comment\",\"target\":[\"https:\\\/\\\/fjala.info\\\/2009-2015\\\/grushti-permanent-i-shtetit\\\/#respond\"]}]},{\"@type\":\"WebPage\",\"@id\":\"https:\\\/\\\/fjala.info\\\/2009-2015\\\/grushti-permanent-i-shtetit\\\/\",\"url\":\"https:\\\/\\\/fjala.info\\\/2009-2015\\\/grushti-permanent-i-shtetit\\\/\",\"name\":\"Grushti permanent i shtetit - FjALA e LIR\u00cb - Arkivi\",\"isPartOf\":{\"@id\":\"https:\\\/\\\/fjala.info\\\/2009-2015\\\/#website\"},\"primaryImageOfPage\":{\"@id\":\"https:\\\/\\\/fjala.info\\\/2009-2015\\\/grushti-permanent-i-shtetit\\\/#primaryimage\"},\"image\":{\"@id\":\"https:\\\/\\\/fjala.info\\\/2009-2015\\\/grushti-permanent-i-shtetit\\\/#primaryimage\"},\"thumbnailUrl\":\"http:\\\/\\\/fjala.shkoder.net\\\/wp-content\\\/uploads\\\/2010\\\/10\\\/andrea_stefani.jpg\",\"datePublished\":\"2011-01-26T22:28:08+00:00\",\"breadcrumb\":{\"@id\":\"https:\\\/\\\/fjala.info\\\/2009-2015\\\/grushti-permanent-i-shtetit\\\/#breadcrumb\"},\"inLanguage\":\"sq-AL\",\"potentialAction\":[{\"@type\":\"ReadAction\",\"target\":[\"https:\\\/\\\/fjala.info\\\/2009-2015\\\/grushti-permanent-i-shtetit\\\/\"]}]},{\"@type\":\"ImageObject\",\"inLanguage\":\"sq-AL\",\"@id\":\"https:\\\/\\\/fjala.info\\\/2009-2015\\\/grushti-permanent-i-shtetit\\\/#primaryimage\",\"url\":\"http:\\\/\\\/fjala.shkoder.net\\\/wp-content\\\/uploads\\\/2010\\\/10\\\/andrea_stefani.jpg\",\"contentUrl\":\"http:\\\/\\\/fjala.shkoder.net\\\/wp-content\\\/uploads\\\/2010\\\/10\\\/andrea_stefani.jpg\"},{\"@type\":\"BreadcrumbList\",\"@id\":\"https:\\\/\\\/fjala.info\\\/2009-2015\\\/grushti-permanent-i-shtetit\\\/#breadcrumb\",\"itemListElement\":[{\"@type\":\"ListItem\",\"position\":1,\"name\":\"Home\",\"item\":\"https:\\\/\\\/fjala.info\\\/2009-2015\\\/\"},{\"@type\":\"ListItem\",\"position\":2,\"name\":\"Grushti permanent i shtetit\"}]},{\"@type\":\"WebSite\",\"@id\":\"https:\\\/\\\/fjala.info\\\/2009-2015\\\/#website\",\"url\":\"https:\\\/\\\/fjala.info\\\/2009-2015\\\/\",\"name\":\"FjALA e LIR\u00cb - Arkivi\",\"description\":\"Arkivi 2009-2015\",\"publisher\":{\"@id\":\"https:\\\/\\\/fjala.info\\\/2009-2015\\\/#organization\"},\"potentialAction\":[{\"@type\":\"SearchAction\",\"target\":{\"@type\":\"EntryPoint\",\"urlTemplate\":\"https:\\\/\\\/fjala.info\\\/2009-2015\\\/?s={search_term_string}\"},\"query-input\":{\"@type\":\"PropertyValueSpecification\",\"valueRequired\":true,\"valueName\":\"search_term_string\"}}],\"inLanguage\":\"sq-AL\"},{\"@type\":\"Organization\",\"@id\":\"https:\\\/\\\/fjala.info\\\/2009-2015\\\/#organization\",\"name\":\"FjALA e LIR\u00cb - Arkivi\",\"url\":\"https:\\\/\\\/fjala.info\\\/2009-2015\\\/\",\"logo\":{\"@type\":\"ImageObject\",\"inLanguage\":\"sq-AL\",\"@id\":\"https:\\\/\\\/fjala.info\\\/2009-2015\\\/#\\\/schema\\\/logo\\\/image\\\/\",\"url\":\"\",\"contentUrl\":\"\",\"caption\":\"FjALA e LIR\u00cb - Arkivi\"},\"image\":{\"@id\":\"https:\\\/\\\/fjala.info\\\/2009-2015\\\/#\\\/schema\\\/logo\\\/image\\\/\"}},{\"@type\":\"Person\",\"@id\":\"https:\\\/\\\/fjala.info\\\/2009-2015\\\/#\\\/schema\\\/person\\\/3aa1163ef05469c496fc94e77611ada2\",\"name\":\"admin\",\"image\":{\"@type\":\"ImageObject\",\"inLanguage\":\"sq-AL\",\"@id\":\"https:\\\/\\\/fjala.info\\\/2009-2015\\\/wp-content\\\/uploads\\\/2012\\\/02\\\/arben_cokaj-120x150.jpg\",\"url\":\"https:\\\/\\\/fjala.info\\\/2009-2015\\\/wp-content\\\/uploads\\\/2012\\\/02\\\/arben_cokaj-120x150.jpg\",\"contentUrl\":\"https:\\\/\\\/fjala.info\\\/2009-2015\\\/wp-content\\\/uploads\\\/2012\\\/02\\\/arben_cokaj-120x150.jpg\",\"caption\":\"admin\"},\"description\":\"Admin, Fjala e Lir\u00eb\",\"sameAs\":[\"https:\\\/\\\/fjala.info\\\/\"],\"url\":\"https:\\\/\\\/fjala.info\\\/2009-2015\\\/author\\\/admin\\\/\"}]}<\/script>\n<!-- \/ Yoast SEO plugin. -->","yoast_head_json":{"title":"Grushti permanent i shtetit - FjALA e LIR\u00cb - Arkivi","robots":{"index":"index","follow":"follow","max-snippet":"max-snippet:-1","max-image-preview":"max-image-preview:large","max-video-preview":"max-video-preview:-1"},"canonical":"https:\/\/fjala.info\/2009-2015\/grushti-permanent-i-shtetit\/","og_locale":"sq_AL","og_type":"article","og_title":"Grushti permanent i shtetit - FjALA e LIR\u00cb - Arkivi","og_description":"Andrea Stefani, 26.01.2011 Ekziston nj\u00eb opinion mbizot\u00ebrues se ai q\u00eb r\u00ebndom quhet &#8220;grusht shteti&#8221; \u00ebsht\u00eb thjesht nj\u00eb sulm me arm\u00eb mbi godin\u00ebn e nj\u00eb apo disa institucioneve, p\u00ebr t\u00eb p\u00ebrmbysur Qeverin\u00eb duke e detyruar t&#8217;ja mbath\u00eb apo t\u00eb dor\u00ebhiqet. N\u00eb fakt &#8220;grushti i shtetit&#8221; \u00ebsht\u00eb shum\u00eb m\u00eb i larmish\u00ebm se kaq. K\u00ebshtu grushti i shtetit [&hellip;]","og_url":"https:\/\/fjala.info\/2009-2015\/grushti-permanent-i-shtetit\/","og_site_name":"FjALA e LIR\u00cb - Arkivi","article_published_time":"2011-01-26T22:28:08+00:00","og_image":[{"url":"http:\/\/fjala.shkoder.net\/wp-content\/uploads\/2010\/10\/andrea_stefani.jpg","type":"","width":"","height":""}],"author":"admin","twitter_card":"summary_large_image","twitter_misc":{"Written by":"admin","Est. reading time":"8 minutes"},"schema":{"@context":"https:\/\/schema.org","@graph":[{"@type":"Article","@id":"https:\/\/fjala.info\/2009-2015\/grushti-permanent-i-shtetit\/#article","isPartOf":{"@id":"https:\/\/fjala.info\/2009-2015\/grushti-permanent-i-shtetit\/"},"author":{"name":"admin","@id":"https:\/\/fjala.info\/2009-2015\/#\/schema\/person\/3aa1163ef05469c496fc94e77611ada2"},"headline":"Grushti permanent i shtetit","datePublished":"2011-01-26T22:28:08+00:00","mainEntityOfPage":{"@id":"https:\/\/fjala.info\/2009-2015\/grushti-permanent-i-shtetit\/"},"wordCount":1587,"commentCount":0,"publisher":{"@id":"https:\/\/fjala.info\/2009-2015\/#organization"},"image":{"@id":"https:\/\/fjala.info\/2009-2015\/grushti-permanent-i-shtetit\/#primaryimage"},"thumbnailUrl":"http:\/\/fjala.shkoder.net\/wp-content\/uploads\/2010\/10\/andrea_stefani.jpg","articleSection":["Artikuj"],"inLanguage":"sq-AL","potentialAction":[{"@type":"CommentAction","name":"Comment","target":["https:\/\/fjala.info\/2009-2015\/grushti-permanent-i-shtetit\/#respond"]}]},{"@type":"WebPage","@id":"https:\/\/fjala.info\/2009-2015\/grushti-permanent-i-shtetit\/","url":"https:\/\/fjala.info\/2009-2015\/grushti-permanent-i-shtetit\/","name":"Grushti permanent i shtetit - FjALA e LIR\u00cb - Arkivi","isPartOf":{"@id":"https:\/\/fjala.info\/2009-2015\/#website"},"primaryImageOfPage":{"@id":"https:\/\/fjala.info\/2009-2015\/grushti-permanent-i-shtetit\/#primaryimage"},"image":{"@id":"https:\/\/fjala.info\/2009-2015\/grushti-permanent-i-shtetit\/#primaryimage"},"thumbnailUrl":"http:\/\/fjala.shkoder.net\/wp-content\/uploads\/2010\/10\/andrea_stefani.jpg","datePublished":"2011-01-26T22:28:08+00:00","breadcrumb":{"@id":"https:\/\/fjala.info\/2009-2015\/grushti-permanent-i-shtetit\/#breadcrumb"},"inLanguage":"sq-AL","potentialAction":[{"@type":"ReadAction","target":["https:\/\/fjala.info\/2009-2015\/grushti-permanent-i-shtetit\/"]}]},{"@type":"ImageObject","inLanguage":"sq-AL","@id":"https:\/\/fjala.info\/2009-2015\/grushti-permanent-i-shtetit\/#primaryimage","url":"http:\/\/fjala.shkoder.net\/wp-content\/uploads\/2010\/10\/andrea_stefani.jpg","contentUrl":"http:\/\/fjala.shkoder.net\/wp-content\/uploads\/2010\/10\/andrea_stefani.jpg"},{"@type":"BreadcrumbList","@id":"https:\/\/fjala.info\/2009-2015\/grushti-permanent-i-shtetit\/#breadcrumb","itemListElement":[{"@type":"ListItem","position":1,"name":"Home","item":"https:\/\/fjala.info\/2009-2015\/"},{"@type":"ListItem","position":2,"name":"Grushti permanent i shtetit"}]},{"@type":"WebSite","@id":"https:\/\/fjala.info\/2009-2015\/#website","url":"https:\/\/fjala.info\/2009-2015\/","name":"FjALA e LIR\u00cb - Arkivi","description":"Arkivi 2009-2015","publisher":{"@id":"https:\/\/fjala.info\/2009-2015\/#organization"},"potentialAction":[{"@type":"SearchAction","target":{"@type":"EntryPoint","urlTemplate":"https:\/\/fjala.info\/2009-2015\/?s={search_term_string}"},"query-input":{"@type":"PropertyValueSpecification","valueRequired":true,"valueName":"search_term_string"}}],"inLanguage":"sq-AL"},{"@type":"Organization","@id":"https:\/\/fjala.info\/2009-2015\/#organization","name":"FjALA e LIR\u00cb - Arkivi","url":"https:\/\/fjala.info\/2009-2015\/","logo":{"@type":"ImageObject","inLanguage":"sq-AL","@id":"https:\/\/fjala.info\/2009-2015\/#\/schema\/logo\/image\/","url":"","contentUrl":"","caption":"FjALA e LIR\u00cb - Arkivi"},"image":{"@id":"https:\/\/fjala.info\/2009-2015\/#\/schema\/logo\/image\/"}},{"@type":"Person","@id":"https:\/\/fjala.info\/2009-2015\/#\/schema\/person\/3aa1163ef05469c496fc94e77611ada2","name":"admin","image":{"@type":"ImageObject","inLanguage":"sq-AL","@id":"https:\/\/fjala.info\/2009-2015\/wp-content\/uploads\/2012\/02\/arben_cokaj-120x150.jpg","url":"https:\/\/fjala.info\/2009-2015\/wp-content\/uploads\/2012\/02\/arben_cokaj-120x150.jpg","contentUrl":"https:\/\/fjala.info\/2009-2015\/wp-content\/uploads\/2012\/02\/arben_cokaj-120x150.jpg","caption":"admin"},"description":"Admin, Fjala e Lir\u00eb","sameAs":["https:\/\/fjala.info\/"],"url":"https:\/\/fjala.info\/2009-2015\/author\/admin\/"}]}},"_links":{"self":[{"href":"https:\/\/fjala.info\/2009-2015\/wp-json\/wp\/v2\/posts\/5933","targetHints":{"allow":["GET"]}}],"collection":[{"href":"https:\/\/fjala.info\/2009-2015\/wp-json\/wp\/v2\/posts"}],"about":[{"href":"https:\/\/fjala.info\/2009-2015\/wp-json\/wp\/v2\/types\/post"}],"author":[{"embeddable":true,"href":"https:\/\/fjala.info\/2009-2015\/wp-json\/wp\/v2\/users\/1"}],"replies":[{"embeddable":true,"href":"https:\/\/fjala.info\/2009-2015\/wp-json\/wp\/v2\/comments?post=5933"}],"version-history":[{"count":0,"href":"https:\/\/fjala.info\/2009-2015\/wp-json\/wp\/v2\/posts\/5933\/revisions"}],"wp:attachment":[{"href":"https:\/\/fjala.info\/2009-2015\/wp-json\/wp\/v2\/media?parent=5933"}],"wp:term":[{"taxonomy":"category","embeddable":true,"href":"https:\/\/fjala.info\/2009-2015\/wp-json\/wp\/v2\/categories?post=5933"},{"taxonomy":"post_tag","embeddable":true,"href":"https:\/\/fjala.info\/2009-2015\/wp-json\/wp\/v2\/tags?post=5933"}],"curies":[{"name":"wp","href":"https:\/\/api.w.org\/{rel}","templated":true}]}}