{"id":5930,"date":"2011-01-26T23:18:21","date_gmt":"2011-01-26T22:18:21","guid":{"rendered":"http:\/\/fjala.shkoder.net\/?p=5930"},"modified":"2011-01-26T23:18:21","modified_gmt":"2011-01-26T22:18:21","slug":"raporti-i-dik-martit-berisha-e-quan-rracist-perfaqesuesit-e-tij-te-respektueshme","status":"publish","type":"post","link":"https:\/\/fjala.info\/2009-2015\/raporti-i-dik-martit-berisha-e-quan-rracist-perfaqesuesit-e-tij-te-respektueshme\/","title":{"rendered":"Raporti i Dik Martit: Berisha e quan Rracist, perfaqesuesit e tij te respektueshme!"},"content":{"rendered":"<p><img loading=\"lazy\" decoding=\"async\" class=\"alignleft size-medium wp-image-5931\" title=\"dick_marty_report\" src=\"http:\/\/fjala.shkoder.net\/wp-content\/uploads\/2011\/01\/dick_marty_report-300x173.jpg\" alt=\"\" width=\"300\" height=\"173\" \/><br \/>\nNga <strong>Korresp. 24-ore.com<\/strong><\/p>\n<p>Tirana zyrtare voton pro rezolut\u00ebs q\u00eb k\u00ebrkon hetim ndaj kryeministrit t\u00eb Kosov\u00ebs,Hashim Tha\u00e7i lidhur me trafikun e organeve n\u00eb Kosov\u00ebn e pasluft\u00ebs. Q\u00ebndrimi i qeveris\u00eb Berisha \u00ebsht\u00eb b\u00ebr\u00eb i ditur dje nga Ilir Rusmajli, kryetar i Komisionit t\u00eb Ligjeve n\u00eb Kuvendin e Shqip\u00ebris\u00eb, i vetmi deputet shqiptar q\u00eb dje votoi n\u00eb favor t\u00eb rezolut\u00ebs s\u00eb bazuar mbi raportin racist t\u00eb Dick Martyt.<\/p>\n<p>Pjes\u00ebtar\u00ebt e tjer\u00eb t\u00eb delegacionit shqiptar votuan kund\u00ebr rezolut\u00ebs, nd\u00ebrkoh\u00eb q\u00eb nj\u00eb pjes\u00eb e madhe e amendamenteve t\u00eb tyre u hodh\u00ebn posht\u00eb nga p\u00ebrfaq\u00ebsuesit e Asambles\u00eb s\u00eb P\u00ebrgjithshme t\u00eb K\u00ebshillit t\u00eb Europ\u00ebs.<\/p>\n<p>Kryeministri Berisha e ka d\u00ebnuar hist\u00ebrine raciste t\u00eb Dick Martyt n\u00eb raportin e tij, por pavar\u00ebsisht nga deklaratat e fuqishme e emocionale, q\u00ebndrimi zyrtar i tij rezultoi t\u00eb ishte krejt ndryshe dhe n\u00eb p\u00ebrputhje me rezolut\u00ebn q\u00eb k\u00ebrkon hetimin e lider\u00ebve kosovar\u00eb. Deputeti Rusmajli deklaroi gjat\u00eb fjalimit t\u00eb tij, se rezoluta nuk k\u00ebrkonte kund\u00ebrshtar\u00eb, por p\u00ebrkrah\u00ebs dhe se ajo n\u00eb vetvete \u00ebsht\u00eb pro hetimeve t\u00eb detajuara lidhur me raportin e senatorit zviceran.<\/p>\n<p>&#8220;Ne jemi pro hetimeve, kemi besim te EULEX dhe k\u00ebrkojm\u00eb q\u00eb t\u00eb sqarohen akuzat e ngritura. Kjo rezolut\u00eb \u00ebsht\u00eb n\u00eb vet\u00ebvete e respektueshme&#8221;, deklaroi Rusmajli duke e b\u00ebr\u00eb t\u00eb ditur n\u00eb Strasburg q\u00ebndrimin e qeveris\u00eb Berisha.<\/p>\n<p>Vet\u00eb kryeministri shqiptar kishte deklaruar m\u00eb par\u00eb se &#8220;Tirana do ta votonte rezolut\u00ebn, edhe pse kishte p\u00ebr\u00e7im ton\u00eb p\u00ebr racizmin e Dik Marty n\u00eb raport&#8221;. &#8220;Racizmi nuk i b\u00ebn nder askujt, p\u00ebrkundrazi \u00ebsht\u00eb nj\u00eb ataviz\u00ebm nga i cili njer\u00ebzit e qytet\u00ebruar duhet t\u00eb luftojn\u00eb, t\u00eb \u00e7lirohen dhe t\u00eb g\u00ebzojn\u00eb dhe ata vlerat, sepse pengojn\u00eb shum\u00eb&#8221;, ka deklaruar kreu i qeveris\u00eb.<\/p>\n<p>Megjithat\u00eb, n\u00eb nj\u00eb q\u00ebndrim kontradiktor me k\u00ebt\u00eb, Berisha i b\u00ebri t\u00eb ditur ushtruesit t\u00eb detyr\u00ebs s\u00eb presidentit te Kosov\u00ebs, Jakup Krasniqi, pak dit\u00eb m\u00eb par\u00eb n\u00eb Tiran\u00eb se do ta mb\u00ebshteste Kosov\u00ebn n\u00eb k\u00ebt\u00eb pik\u00eb. &#8220;Marty i ka mbledhur akuzat e tij nga analet e Beogradit, nga lobet ruse e t\u00eb tjer\u00eb me radh\u00eb, por ai d\u00ebshmohet e del lakuriq para bot\u00ebs me racizmin e tij n\u00eb p\u00ebrshkrimin q\u00eb i b\u00ebn shoq\u00ebris\u00eb shqiptare&#8221;, tha Berisha. &#8220;Ai i ka lejuar vetes t\u00eb p\u00ebrdor\u00eb shabllone t\u00eb doktrin\u00ebs raciste serbe ndaj shqiptar\u00ebve dhe t&#8217;i transkriptoj\u00eb ato n\u00eb nj\u00eb raport p\u00ebr K\u00ebshillin e Europ\u00ebs. Shoq\u00ebria shqiptare nuk \u00ebsht\u00eb ajo q\u00eb ai paraqet&#8221;, deklaroi kryeministri.<\/p>\n<p>Asambleja Parlamentare e K\u00ebshillit t\u00eb Europ\u00ebs miratoi dje rezolut\u00ebn lidhur me raportin e senatorit zviceran, Dick Marty, q\u00eb k\u00ebrkon hetime lidhur me krimet dhe trafikun e organeve pas konfliktit t\u00eb Kosov\u00ebs. M\u00eb an\u00eb t\u00eb k\u00ebsaj rezolute q\u00eb u miratua me 169 vota pro, 8 kund\u00ebr dhe 14 abstenim, b\u00ebhet thirrje p\u00ebr hetime nd\u00ebrkomb\u00ebtare dhe shqiptare lidhur me at\u00eb \u00e7far\u00eb ndodhi pas luft\u00ebs, p\u00ebrfshi k\u00ebtu edhe dyshimet se organet q\u00eb u hoq\u00ebn nga t\u00eb burgosurit serb\u00eb u d\u00ebrguan jasht\u00eb p\u00ebr transplantim.<\/p>\n","protected":false},"excerpt":{"rendered":"<p>Nga Korresp. 24-ore.com Tirana zyrtare voton pro rezolut\u00ebs q\u00eb k\u00ebrkon hetim ndaj kryeministrit t\u00eb Kosov\u00ebs,Hashim Tha\u00e7i lidhur me trafikun e organeve n\u00eb Kosov\u00ebn e pasluft\u00ebs. Q\u00ebndrimi i qeveris\u00eb Berisha \u00ebsht\u00eb b\u00ebr\u00eb i ditur dje nga Ilir Rusmajli, kryetar i Komisionit t\u00eb Ligjeve n\u00eb Kuvendin e Shqip\u00ebris\u00eb, i vetmi deputet shqiptar q\u00eb dje votoi n\u00eb favor [&hellip;]<\/p>\n","protected":false},"author":1,"featured_media":0,"comment_status":"open","ping_status":"closed","sticky":false,"template":"","format":"standard","meta":{"footnotes":""},"categories":[2],"tags":[],"class_list":{"0":"post-5930","1":"post","2":"type-post","3":"status-publish","4":"format-standard","6":"category-artikuj"},"yoast_head":"<!-- This site is optimized with the Yoast SEO plugin v27.4 - https:\/\/yoast.com\/product\/yoast-seo-wordpress\/ -->\n<title>Raporti i Dik Martit: Berisha e quan Rracist, perfaqesuesit e tij te respektueshme! - FjALA e LIR\u00cb - Arkivi<\/title>\n<meta name=\"robots\" content=\"index, follow, max-snippet:-1, max-image-preview:large, max-video-preview:-1\" \/>\n<link rel=\"canonical\" href=\"https:\/\/fjala.info\/2009-2015\/raporti-i-dik-martit-berisha-e-quan-rracist-perfaqesuesit-e-tij-te-respektueshme\/\" \/>\n<meta property=\"og:locale\" content=\"sq_AL\" \/>\n<meta property=\"og:type\" content=\"article\" \/>\n<meta property=\"og:title\" content=\"Raporti i Dik Martit: Berisha e quan Rracist, perfaqesuesit e tij te respektueshme! - FjALA e LIR\u00cb - Arkivi\" \/>\n<meta property=\"og:description\" content=\"Nga Korresp. 24-ore.com Tirana zyrtare voton pro rezolut\u00ebs q\u00eb k\u00ebrkon hetim ndaj kryeministrit t\u00eb Kosov\u00ebs,Hashim Tha\u00e7i lidhur me trafikun e organeve n\u00eb Kosov\u00ebn e pasluft\u00ebs. Q\u00ebndrimi i qeveris\u00eb Berisha \u00ebsht\u00eb b\u00ebr\u00eb i ditur dje nga Ilir Rusmajli, kryetar i Komisionit t\u00eb Ligjeve n\u00eb Kuvendin e Shqip\u00ebris\u00eb, i vetmi deputet shqiptar q\u00eb dje votoi n\u00eb favor [&hellip;]\" \/>\n<meta property=\"og:url\" content=\"https:\/\/fjala.info\/2009-2015\/raporti-i-dik-martit-berisha-e-quan-rracist-perfaqesuesit-e-tij-te-respektueshme\/\" \/>\n<meta property=\"og:site_name\" content=\"FjALA e LIR\u00cb - Arkivi\" \/>\n<meta property=\"article:published_time\" content=\"2011-01-26T22:18:21+00:00\" \/>\n<meta property=\"og:image\" content=\"http:\/\/fjala.shkoder.net\/wp-content\/uploads\/2011\/01\/dick_marty_report-300x173.jpg\" \/>\n<meta name=\"author\" content=\"admin\" \/>\n<meta name=\"twitter:card\" content=\"summary_large_image\" \/>\n<meta name=\"twitter:label1\" content=\"Written by\" \/>\n\t<meta name=\"twitter:data1\" content=\"admin\" \/>\n\t<meta name=\"twitter:label2\" content=\"Est. reading time\" \/>\n\t<meta name=\"twitter:data2\" content=\"3 minutes\" \/>\n<script type=\"application\/ld+json\" class=\"yoast-schema-graph\">{\"@context\":\"https:\\\/\\\/schema.org\",\"@graph\":[{\"@type\":\"Article\",\"@id\":\"https:\\\/\\\/fjala.info\\\/2009-2015\\\/raporti-i-dik-martit-berisha-e-quan-rracist-perfaqesuesit-e-tij-te-respektueshme\\\/#article\",\"isPartOf\":{\"@id\":\"https:\\\/\\\/fjala.info\\\/2009-2015\\\/raporti-i-dik-martit-berisha-e-quan-rracist-perfaqesuesit-e-tij-te-respektueshme\\\/\"},\"author\":{\"name\":\"admin\",\"@id\":\"https:\\\/\\\/fjala.info\\\/2009-2015\\\/#\\\/schema\\\/person\\\/3aa1163ef05469c496fc94e77611ada2\"},\"headline\":\"Raporti i Dik Martit: Berisha e quan Rracist, perfaqesuesit e tij te respektueshme!\",\"datePublished\":\"2011-01-26T22:18:21+00:00\",\"mainEntityOfPage\":{\"@id\":\"https:\\\/\\\/fjala.info\\\/2009-2015\\\/raporti-i-dik-martit-berisha-e-quan-rracist-perfaqesuesit-e-tij-te-respektueshme\\\/\"},\"wordCount\":552,\"commentCount\":0,\"publisher\":{\"@id\":\"https:\\\/\\\/fjala.info\\\/2009-2015\\\/#organization\"},\"image\":{\"@id\":\"https:\\\/\\\/fjala.info\\\/2009-2015\\\/raporti-i-dik-martit-berisha-e-quan-rracist-perfaqesuesit-e-tij-te-respektueshme\\\/#primaryimage\"},\"thumbnailUrl\":\"http:\\\/\\\/fjala.shkoder.net\\\/wp-content\\\/uploads\\\/2011\\\/01\\\/dick_marty_report-300x173.jpg\",\"articleSection\":[\"Artikuj\"],\"inLanguage\":\"sq-AL\",\"potentialAction\":[{\"@type\":\"CommentAction\",\"name\":\"Comment\",\"target\":[\"https:\\\/\\\/fjala.info\\\/2009-2015\\\/raporti-i-dik-martit-berisha-e-quan-rracist-perfaqesuesit-e-tij-te-respektueshme\\\/#respond\"]}]},{\"@type\":\"WebPage\",\"@id\":\"https:\\\/\\\/fjala.info\\\/2009-2015\\\/raporti-i-dik-martit-berisha-e-quan-rracist-perfaqesuesit-e-tij-te-respektueshme\\\/\",\"url\":\"https:\\\/\\\/fjala.info\\\/2009-2015\\\/raporti-i-dik-martit-berisha-e-quan-rracist-perfaqesuesit-e-tij-te-respektueshme\\\/\",\"name\":\"Raporti i Dik Martit: Berisha e quan Rracist, perfaqesuesit e tij te respektueshme! - FjALA e LIR\u00cb - Arkivi\",\"isPartOf\":{\"@id\":\"https:\\\/\\\/fjala.info\\\/2009-2015\\\/#website\"},\"primaryImageOfPage\":{\"@id\":\"https:\\\/\\\/fjala.info\\\/2009-2015\\\/raporti-i-dik-martit-berisha-e-quan-rracist-perfaqesuesit-e-tij-te-respektueshme\\\/#primaryimage\"},\"image\":{\"@id\":\"https:\\\/\\\/fjala.info\\\/2009-2015\\\/raporti-i-dik-martit-berisha-e-quan-rracist-perfaqesuesit-e-tij-te-respektueshme\\\/#primaryimage\"},\"thumbnailUrl\":\"http:\\\/\\\/fjala.shkoder.net\\\/wp-content\\\/uploads\\\/2011\\\/01\\\/dick_marty_report-300x173.jpg\",\"datePublished\":\"2011-01-26T22:18:21+00:00\",\"breadcrumb\":{\"@id\":\"https:\\\/\\\/fjala.info\\\/2009-2015\\\/raporti-i-dik-martit-berisha-e-quan-rracist-perfaqesuesit-e-tij-te-respektueshme\\\/#breadcrumb\"},\"inLanguage\":\"sq-AL\",\"potentialAction\":[{\"@type\":\"ReadAction\",\"target\":[\"https:\\\/\\\/fjala.info\\\/2009-2015\\\/raporti-i-dik-martit-berisha-e-quan-rracist-perfaqesuesit-e-tij-te-respektueshme\\\/\"]}]},{\"@type\":\"ImageObject\",\"inLanguage\":\"sq-AL\",\"@id\":\"https:\\\/\\\/fjala.info\\\/2009-2015\\\/raporti-i-dik-martit-berisha-e-quan-rracist-perfaqesuesit-e-tij-te-respektueshme\\\/#primaryimage\",\"url\":\"http:\\\/\\\/fjala.shkoder.net\\\/wp-content\\\/uploads\\\/2011\\\/01\\\/dick_marty_report-300x173.jpg\",\"contentUrl\":\"http:\\\/\\\/fjala.shkoder.net\\\/wp-content\\\/uploads\\\/2011\\\/01\\\/dick_marty_report-300x173.jpg\"},{\"@type\":\"BreadcrumbList\",\"@id\":\"https:\\\/\\\/fjala.info\\\/2009-2015\\\/raporti-i-dik-martit-berisha-e-quan-rracist-perfaqesuesit-e-tij-te-respektueshme\\\/#breadcrumb\",\"itemListElement\":[{\"@type\":\"ListItem\",\"position\":1,\"name\":\"Home\",\"item\":\"https:\\\/\\\/fjala.info\\\/2009-2015\\\/\"},{\"@type\":\"ListItem\",\"position\":2,\"name\":\"Raporti i Dik Martit: Berisha e quan Rracist, perfaqesuesit e tij te respektueshme!\"}]},{\"@type\":\"WebSite\",\"@id\":\"https:\\\/\\\/fjala.info\\\/2009-2015\\\/#website\",\"url\":\"https:\\\/\\\/fjala.info\\\/2009-2015\\\/\",\"name\":\"FjALA e LIR\u00cb - Arkivi\",\"description\":\"Arkivi 2009-2015\",\"publisher\":{\"@id\":\"https:\\\/\\\/fjala.info\\\/2009-2015\\\/#organization\"},\"potentialAction\":[{\"@type\":\"SearchAction\",\"target\":{\"@type\":\"EntryPoint\",\"urlTemplate\":\"https:\\\/\\\/fjala.info\\\/2009-2015\\\/?s={search_term_string}\"},\"query-input\":{\"@type\":\"PropertyValueSpecification\",\"valueRequired\":true,\"valueName\":\"search_term_string\"}}],\"inLanguage\":\"sq-AL\"},{\"@type\":\"Organization\",\"@id\":\"https:\\\/\\\/fjala.info\\\/2009-2015\\\/#organization\",\"name\":\"FjALA e LIR\u00cb - Arkivi\",\"url\":\"https:\\\/\\\/fjala.info\\\/2009-2015\\\/\",\"logo\":{\"@type\":\"ImageObject\",\"inLanguage\":\"sq-AL\",\"@id\":\"https:\\\/\\\/fjala.info\\\/2009-2015\\\/#\\\/schema\\\/logo\\\/image\\\/\",\"url\":\"\",\"contentUrl\":\"\",\"caption\":\"FjALA e LIR\u00cb - Arkivi\"},\"image\":{\"@id\":\"https:\\\/\\\/fjala.info\\\/2009-2015\\\/#\\\/schema\\\/logo\\\/image\\\/\"}},{\"@type\":\"Person\",\"@id\":\"https:\\\/\\\/fjala.info\\\/2009-2015\\\/#\\\/schema\\\/person\\\/3aa1163ef05469c496fc94e77611ada2\",\"name\":\"admin\",\"image\":{\"@type\":\"ImageObject\",\"inLanguage\":\"sq-AL\",\"@id\":\"https:\\\/\\\/fjala.info\\\/2009-2015\\\/wp-content\\\/uploads\\\/2012\\\/02\\\/arben_cokaj-120x150.jpg\",\"url\":\"https:\\\/\\\/fjala.info\\\/2009-2015\\\/wp-content\\\/uploads\\\/2012\\\/02\\\/arben_cokaj-120x150.jpg\",\"contentUrl\":\"https:\\\/\\\/fjala.info\\\/2009-2015\\\/wp-content\\\/uploads\\\/2012\\\/02\\\/arben_cokaj-120x150.jpg\",\"caption\":\"admin\"},\"description\":\"Admin, Fjala e Lir\u00eb\",\"sameAs\":[\"https:\\\/\\\/fjala.info\\\/\"],\"url\":\"https:\\\/\\\/fjala.info\\\/2009-2015\\\/author\\\/admin\\\/\"}]}<\/script>\n<!-- \/ Yoast SEO plugin. -->","yoast_head_json":{"title":"Raporti i Dik Martit: Berisha e quan Rracist, perfaqesuesit e tij te respektueshme! - FjALA e LIR\u00cb - Arkivi","robots":{"index":"index","follow":"follow","max-snippet":"max-snippet:-1","max-image-preview":"max-image-preview:large","max-video-preview":"max-video-preview:-1"},"canonical":"https:\/\/fjala.info\/2009-2015\/raporti-i-dik-martit-berisha-e-quan-rracist-perfaqesuesit-e-tij-te-respektueshme\/","og_locale":"sq_AL","og_type":"article","og_title":"Raporti i Dik Martit: Berisha e quan Rracist, perfaqesuesit e tij te respektueshme! - FjALA e LIR\u00cb - Arkivi","og_description":"Nga Korresp. 24-ore.com Tirana zyrtare voton pro rezolut\u00ebs q\u00eb k\u00ebrkon hetim ndaj kryeministrit t\u00eb Kosov\u00ebs,Hashim Tha\u00e7i lidhur me trafikun e organeve n\u00eb Kosov\u00ebn e pasluft\u00ebs. Q\u00ebndrimi i qeveris\u00eb Berisha \u00ebsht\u00eb b\u00ebr\u00eb i ditur dje nga Ilir Rusmajli, kryetar i Komisionit t\u00eb Ligjeve n\u00eb Kuvendin e Shqip\u00ebris\u00eb, i vetmi deputet shqiptar q\u00eb dje votoi n\u00eb favor [&hellip;]","og_url":"https:\/\/fjala.info\/2009-2015\/raporti-i-dik-martit-berisha-e-quan-rracist-perfaqesuesit-e-tij-te-respektueshme\/","og_site_name":"FjALA e LIR\u00cb - Arkivi","article_published_time":"2011-01-26T22:18:21+00:00","og_image":[{"url":"http:\/\/fjala.shkoder.net\/wp-content\/uploads\/2011\/01\/dick_marty_report-300x173.jpg","type":"","width":"","height":""}],"author":"admin","twitter_card":"summary_large_image","twitter_misc":{"Written by":"admin","Est. reading time":"3 minutes"},"schema":{"@context":"https:\/\/schema.org","@graph":[{"@type":"Article","@id":"https:\/\/fjala.info\/2009-2015\/raporti-i-dik-martit-berisha-e-quan-rracist-perfaqesuesit-e-tij-te-respektueshme\/#article","isPartOf":{"@id":"https:\/\/fjala.info\/2009-2015\/raporti-i-dik-martit-berisha-e-quan-rracist-perfaqesuesit-e-tij-te-respektueshme\/"},"author":{"name":"admin","@id":"https:\/\/fjala.info\/2009-2015\/#\/schema\/person\/3aa1163ef05469c496fc94e77611ada2"},"headline":"Raporti i Dik Martit: Berisha e quan Rracist, perfaqesuesit e tij te respektueshme!","datePublished":"2011-01-26T22:18:21+00:00","mainEntityOfPage":{"@id":"https:\/\/fjala.info\/2009-2015\/raporti-i-dik-martit-berisha-e-quan-rracist-perfaqesuesit-e-tij-te-respektueshme\/"},"wordCount":552,"commentCount":0,"publisher":{"@id":"https:\/\/fjala.info\/2009-2015\/#organization"},"image":{"@id":"https:\/\/fjala.info\/2009-2015\/raporti-i-dik-martit-berisha-e-quan-rracist-perfaqesuesit-e-tij-te-respektueshme\/#primaryimage"},"thumbnailUrl":"http:\/\/fjala.shkoder.net\/wp-content\/uploads\/2011\/01\/dick_marty_report-300x173.jpg","articleSection":["Artikuj"],"inLanguage":"sq-AL","potentialAction":[{"@type":"CommentAction","name":"Comment","target":["https:\/\/fjala.info\/2009-2015\/raporti-i-dik-martit-berisha-e-quan-rracist-perfaqesuesit-e-tij-te-respektueshme\/#respond"]}]},{"@type":"WebPage","@id":"https:\/\/fjala.info\/2009-2015\/raporti-i-dik-martit-berisha-e-quan-rracist-perfaqesuesit-e-tij-te-respektueshme\/","url":"https:\/\/fjala.info\/2009-2015\/raporti-i-dik-martit-berisha-e-quan-rracist-perfaqesuesit-e-tij-te-respektueshme\/","name":"Raporti i Dik Martit: Berisha e quan Rracist, perfaqesuesit e tij te respektueshme! - FjALA e LIR\u00cb - Arkivi","isPartOf":{"@id":"https:\/\/fjala.info\/2009-2015\/#website"},"primaryImageOfPage":{"@id":"https:\/\/fjala.info\/2009-2015\/raporti-i-dik-martit-berisha-e-quan-rracist-perfaqesuesit-e-tij-te-respektueshme\/#primaryimage"},"image":{"@id":"https:\/\/fjala.info\/2009-2015\/raporti-i-dik-martit-berisha-e-quan-rracist-perfaqesuesit-e-tij-te-respektueshme\/#primaryimage"},"thumbnailUrl":"http:\/\/fjala.shkoder.net\/wp-content\/uploads\/2011\/01\/dick_marty_report-300x173.jpg","datePublished":"2011-01-26T22:18:21+00:00","breadcrumb":{"@id":"https:\/\/fjala.info\/2009-2015\/raporti-i-dik-martit-berisha-e-quan-rracist-perfaqesuesit-e-tij-te-respektueshme\/#breadcrumb"},"inLanguage":"sq-AL","potentialAction":[{"@type":"ReadAction","target":["https:\/\/fjala.info\/2009-2015\/raporti-i-dik-martit-berisha-e-quan-rracist-perfaqesuesit-e-tij-te-respektueshme\/"]}]},{"@type":"ImageObject","inLanguage":"sq-AL","@id":"https:\/\/fjala.info\/2009-2015\/raporti-i-dik-martit-berisha-e-quan-rracist-perfaqesuesit-e-tij-te-respektueshme\/#primaryimage","url":"http:\/\/fjala.shkoder.net\/wp-content\/uploads\/2011\/01\/dick_marty_report-300x173.jpg","contentUrl":"http:\/\/fjala.shkoder.net\/wp-content\/uploads\/2011\/01\/dick_marty_report-300x173.jpg"},{"@type":"BreadcrumbList","@id":"https:\/\/fjala.info\/2009-2015\/raporti-i-dik-martit-berisha-e-quan-rracist-perfaqesuesit-e-tij-te-respektueshme\/#breadcrumb","itemListElement":[{"@type":"ListItem","position":1,"name":"Home","item":"https:\/\/fjala.info\/2009-2015\/"},{"@type":"ListItem","position":2,"name":"Raporti i Dik Martit: Berisha e quan Rracist, perfaqesuesit e tij te respektueshme!"}]},{"@type":"WebSite","@id":"https:\/\/fjala.info\/2009-2015\/#website","url":"https:\/\/fjala.info\/2009-2015\/","name":"FjALA e LIR\u00cb - Arkivi","description":"Arkivi 2009-2015","publisher":{"@id":"https:\/\/fjala.info\/2009-2015\/#organization"},"potentialAction":[{"@type":"SearchAction","target":{"@type":"EntryPoint","urlTemplate":"https:\/\/fjala.info\/2009-2015\/?s={search_term_string}"},"query-input":{"@type":"PropertyValueSpecification","valueRequired":true,"valueName":"search_term_string"}}],"inLanguage":"sq-AL"},{"@type":"Organization","@id":"https:\/\/fjala.info\/2009-2015\/#organization","name":"FjALA e LIR\u00cb - Arkivi","url":"https:\/\/fjala.info\/2009-2015\/","logo":{"@type":"ImageObject","inLanguage":"sq-AL","@id":"https:\/\/fjala.info\/2009-2015\/#\/schema\/logo\/image\/","url":"","contentUrl":"","caption":"FjALA e LIR\u00cb - Arkivi"},"image":{"@id":"https:\/\/fjala.info\/2009-2015\/#\/schema\/logo\/image\/"}},{"@type":"Person","@id":"https:\/\/fjala.info\/2009-2015\/#\/schema\/person\/3aa1163ef05469c496fc94e77611ada2","name":"admin","image":{"@type":"ImageObject","inLanguage":"sq-AL","@id":"https:\/\/fjala.info\/2009-2015\/wp-content\/uploads\/2012\/02\/arben_cokaj-120x150.jpg","url":"https:\/\/fjala.info\/2009-2015\/wp-content\/uploads\/2012\/02\/arben_cokaj-120x150.jpg","contentUrl":"https:\/\/fjala.info\/2009-2015\/wp-content\/uploads\/2012\/02\/arben_cokaj-120x150.jpg","caption":"admin"},"description":"Admin, Fjala e Lir\u00eb","sameAs":["https:\/\/fjala.info\/"],"url":"https:\/\/fjala.info\/2009-2015\/author\/admin\/"}]}},"_links":{"self":[{"href":"https:\/\/fjala.info\/2009-2015\/wp-json\/wp\/v2\/posts\/5930","targetHints":{"allow":["GET"]}}],"collection":[{"href":"https:\/\/fjala.info\/2009-2015\/wp-json\/wp\/v2\/posts"}],"about":[{"href":"https:\/\/fjala.info\/2009-2015\/wp-json\/wp\/v2\/types\/post"}],"author":[{"embeddable":true,"href":"https:\/\/fjala.info\/2009-2015\/wp-json\/wp\/v2\/users\/1"}],"replies":[{"embeddable":true,"href":"https:\/\/fjala.info\/2009-2015\/wp-json\/wp\/v2\/comments?post=5930"}],"version-history":[{"count":0,"href":"https:\/\/fjala.info\/2009-2015\/wp-json\/wp\/v2\/posts\/5930\/revisions"}],"wp:attachment":[{"href":"https:\/\/fjala.info\/2009-2015\/wp-json\/wp\/v2\/media?parent=5930"}],"wp:term":[{"taxonomy":"category","embeddable":true,"href":"https:\/\/fjala.info\/2009-2015\/wp-json\/wp\/v2\/categories?post=5930"},{"taxonomy":"post_tag","embeddable":true,"href":"https:\/\/fjala.info\/2009-2015\/wp-json\/wp\/v2\/tags?post=5930"}],"curies":[{"name":"wp","href":"https:\/\/api.w.org\/{rel}","templated":true}]}}