{"id":5926,"date":"2011-01-26T23:06:09","date_gmt":"2011-01-26T22:06:09","guid":{"rendered":"http:\/\/fjala.shkoder.net\/?p=5926"},"modified":"2011-01-26T23:06:09","modified_gmt":"2011-01-26T22:06:09","slug":"cnn-ireport-sali-berisha-dha-urdhrin-per-te-vrare","status":"publish","type":"post","link":"https:\/\/fjala.info\/2009-2015\/cnn-ireport-sali-berisha-dha-urdhrin-per-te-vrare\/","title":{"rendered":"CNN iReport: Sali Berisha dha urdhrin p\u00ebr t\u00eb vrar\u00eb"},"content":{"rendered":"<p><img loading=\"lazy\" decoding=\"async\" class=\"alignright size-medium wp-image-5871\" title=\"demonstruesi_vrare_plumb_ne_koke\" src=\"http:\/\/fjala.shkoder.net\/wp-content\/uploads\/2011\/01\/demonstruesi_vrare_plumb_ne_koke-300x200.jpg\" alt=\"\" width=\"300\" height=\"200\" \/><br \/>\nN\u00eb nj\u00eb shkrim t\u00eb publikuar s\u00eb bashku me nj\u00eb video n\u00eb CNN, n\u00eb seksionin iReport, ku raportojn\u00eb qytetar\u00ebt, thuhet se vrasjet n\u00eb Tiran\u00eb i ka urdh\u00ebruar Sali Berisha. M\u00eb posht\u00eb shkrimi i plot\u00eb:<\/p>\n<p>Mund t\u00eb jet\u00eb qytetari i radh\u00ebs, q\u00eb thjesht po kalon n\u00eb rrug\u00eb n\u00eb pun\u00eb t\u00eb tij, q\u00eb mund t\u00eb q\u00ebllohet ose t\u00eb rraset n\u00eb burg. Mund t\u00eb jet\u00eb nj\u00eb biznesmen i vog\u00ebl e i ndersh\u00ebm q\u00eb gjobitet pa asnj\u00eb arsye e nuk ka asnj\u00eb vend ku mund t\u00eb gjej\u00eb drejt\u00ebsi. Kjo \u00ebsht\u00eb situata n\u00eb Shqip\u00ebri pik\u00ebrisht tani. Pasi qeveria vrau tre protestues t\u00eb pafajsh\u00ebm dukeshim jasht\u00eb territorit t\u00eb godin\u00ebs s\u00eb kryeministris\u00eb, Sali Berisha po pretendon se ai \u00ebsht\u00eb gati p\u00ebr t\u00eb vrar\u00eb m\u00eb shum\u00eb njer\u00ebz vet\u00ebm p\u00ebr t\u00eb mbrojtur interesat e tij p\u00ebr shkak se askush nuk beson se kjo q\u00eb pretendon ai \u00ebsht\u00eb n\u00eb t\u00eb mir\u00eb t\u00eb vendit. Ai gjithashtu po sulmon sh\u00ebrbimet sekrete q\u00eb nuk i dhan\u00eb informacione p\u00ebr nj\u00eb gj\u00eb q\u00eb nuk kishte informacion dhe Prokuroren e P\u00ebrgjithshme se p\u00ebrse po k\u00ebrkon hetim p\u00ebr 6 personat ky\u00e7, q\u00eb dhan\u00eb urdhrin p\u00ebr t\u00eb q\u00eblluar mbi turm\u00ebn.<\/p>\n<p>Duket se n\u00eb k\u00ebt\u00eb pik\u00eb, disa nga institucionet q\u00eb jan\u00eb akuzuar si vegla t\u00eb Sali Berish\u00ebs dhe q\u00eb e kan\u00eb mb\u00ebshtetur at\u00eb n\u00eb shum\u00eb nga skandalet e fundit, nuk jan\u00eb aq t\u00eb \u00e7mendura sa t\u00eb mb\u00ebshtesin at\u00eb n\u00eb vrasjen e njer\u00ebzve t\u00eb pafajsh\u00ebm.<\/p>\n<p>Q\u00eb t\u00eb b\u00ebhet e qart\u00eb p\u00ebr t\u00eb gjith\u00eb: ka nj\u00eb ligj q\u00eb thot\u00eb se policia, garda ose ushtria mund t\u00eb q\u00ebllojn\u00eb p\u00ebr t\u00eb plagosur dik\u00eb pasi e kan\u00eb paralajm\u00ebruar nd\u00ebrsa sulmojn\u00eb brenda nj\u00eb institucioni qeveritar. Por nuk ka ndodhur k\u00ebshtu.<\/p>\n<p>1. Tre personat jan\u00eb vrar\u00eb jasht\u00eb territorit t\u00eb godin\u00ebs qeveritare.<br \/>\n2. Asnj\u00eb nga protestuesit nuk \u00ebsht\u00eb paralajm\u00ebruar.<br \/>\n3. T\u00eb tre jan\u00eb q\u00eblluar n\u00eb kok\u00eb ose n\u00eb gjoks, \u00e7ka nuk synonte plagosjen apo neutralizimin e tyre.<\/p>\n<p>Ai po p\u00ebrdor t\u00eb nj\u00ebjtat metoda si diktatori Enver Hoxha, sh\u00ebrbyes i t\u00eb cilit ai ka qen\u00eb dikur, duke hequr qaf\u00eb personat q\u00eb i kan\u00eb sh\u00ebrbyer atij, por q\u00eb nuk jan\u00eb m\u00eb t\u00eb vlefsh\u00ebm p\u00ebr t\u00eb. Shpresojm\u00eb q\u00eb ky maniak i frik\u00ebsuar nuk do jet\u00eb shum\u00eb gjat\u00eb v\u00ebrdall\u00eb, p\u00ebrndryshe e ardhmja e k\u00ebtij vendi do jet\u00eb shum\u00eb e zymt\u00eb.<\/p>\n","protected":false},"excerpt":{"rendered":"<p>N\u00eb nj\u00eb shkrim t\u00eb publikuar s\u00eb bashku me nj\u00eb video n\u00eb CNN, n\u00eb seksionin iReport, ku raportojn\u00eb qytetar\u00ebt, thuhet se vrasjet n\u00eb Tiran\u00eb i ka urdh\u00ebruar Sali Berisha. M\u00eb posht\u00eb shkrimi i plot\u00eb: Mund t\u00eb jet\u00eb qytetari i radh\u00ebs, q\u00eb thjesht po kalon n\u00eb rrug\u00eb n\u00eb pun\u00eb t\u00eb tij, q\u00eb mund t\u00eb q\u00ebllohet ose t\u00eb [&hellip;]<\/p>\n","protected":false},"author":1,"featured_media":0,"comment_status":"open","ping_status":"closed","sticky":false,"template":"","format":"standard","meta":{"footnotes":""},"categories":[2],"tags":[],"class_list":{"0":"post-5926","1":"post","2":"type-post","3":"status-publish","4":"format-standard","6":"category-artikuj"},"yoast_head":"<!-- This site is optimized with the Yoast SEO plugin v27.4 - https:\/\/yoast.com\/product\/yoast-seo-wordpress\/ -->\n<title>CNN iReport: Sali Berisha dha urdhrin p\u00ebr t\u00eb vrar\u00eb - FjALA e LIR\u00cb - Arkivi<\/title>\n<meta name=\"robots\" content=\"index, follow, max-snippet:-1, max-image-preview:large, max-video-preview:-1\" \/>\n<link rel=\"canonical\" href=\"https:\/\/fjala.info\/2009-2015\/cnn-ireport-sali-berisha-dha-urdhrin-per-te-vrare\/\" \/>\n<meta property=\"og:locale\" content=\"sq_AL\" \/>\n<meta property=\"og:type\" content=\"article\" \/>\n<meta property=\"og:title\" content=\"CNN iReport: Sali Berisha dha urdhrin p\u00ebr t\u00eb vrar\u00eb - FjALA e LIR\u00cb - Arkivi\" \/>\n<meta property=\"og:description\" content=\"N\u00eb nj\u00eb shkrim t\u00eb publikuar s\u00eb bashku me nj\u00eb video n\u00eb CNN, n\u00eb seksionin iReport, ku raportojn\u00eb qytetar\u00ebt, thuhet se vrasjet n\u00eb Tiran\u00eb i ka urdh\u00ebruar Sali Berisha. M\u00eb posht\u00eb shkrimi i plot\u00eb: Mund t\u00eb jet\u00eb qytetari i radh\u00ebs, q\u00eb thjesht po kalon n\u00eb rrug\u00eb n\u00eb pun\u00eb t\u00eb tij, q\u00eb mund t\u00eb q\u00ebllohet ose t\u00eb [&hellip;]\" \/>\n<meta property=\"og:url\" content=\"https:\/\/fjala.info\/2009-2015\/cnn-ireport-sali-berisha-dha-urdhrin-per-te-vrare\/\" \/>\n<meta property=\"og:site_name\" content=\"FjALA e LIR\u00cb - Arkivi\" \/>\n<meta property=\"article:published_time\" content=\"2011-01-26T22:06:09+00:00\" \/>\n<meta property=\"og:image\" content=\"http:\/\/fjala.shkoder.net\/wp-content\/uploads\/2011\/01\/demonstruesi_vrare_plumb_ne_koke-300x200.jpg\" \/>\n<meta name=\"author\" content=\"admin\" \/>\n<meta name=\"twitter:card\" content=\"summary_large_image\" \/>\n<meta name=\"twitter:label1\" content=\"Written by\" \/>\n\t<meta name=\"twitter:data1\" content=\"admin\" \/>\n\t<meta name=\"twitter:label2\" content=\"Est. reading time\" \/>\n\t<meta name=\"twitter:data2\" content=\"2 minutes\" \/>\n<script type=\"application\/ld+json\" class=\"yoast-schema-graph\">{\"@context\":\"https:\\\/\\\/schema.org\",\"@graph\":[{\"@type\":\"Article\",\"@id\":\"https:\\\/\\\/fjala.info\\\/2009-2015\\\/cnn-ireport-sali-berisha-dha-urdhrin-per-te-vrare\\\/#article\",\"isPartOf\":{\"@id\":\"https:\\\/\\\/fjala.info\\\/2009-2015\\\/cnn-ireport-sali-berisha-dha-urdhrin-per-te-vrare\\\/\"},\"author\":{\"name\":\"admin\",\"@id\":\"https:\\\/\\\/fjala.info\\\/2009-2015\\\/#\\\/schema\\\/person\\\/3aa1163ef05469c496fc94e77611ada2\"},\"headline\":\"CNN iReport: Sali Berisha dha urdhrin p\u00ebr t\u00eb vrar\u00eb\",\"datePublished\":\"2011-01-26T22:06:09+00:00\",\"mainEntityOfPage\":{\"@id\":\"https:\\\/\\\/fjala.info\\\/2009-2015\\\/cnn-ireport-sali-berisha-dha-urdhrin-per-te-vrare\\\/\"},\"wordCount\":415,\"commentCount\":0,\"publisher\":{\"@id\":\"https:\\\/\\\/fjala.info\\\/2009-2015\\\/#organization\"},\"image\":{\"@id\":\"https:\\\/\\\/fjala.info\\\/2009-2015\\\/cnn-ireport-sali-berisha-dha-urdhrin-per-te-vrare\\\/#primaryimage\"},\"thumbnailUrl\":\"http:\\\/\\\/fjala.shkoder.net\\\/wp-content\\\/uploads\\\/2011\\\/01\\\/demonstruesi_vrare_plumb_ne_koke-300x200.jpg\",\"articleSection\":[\"Artikuj\"],\"inLanguage\":\"sq-AL\",\"potentialAction\":[{\"@type\":\"CommentAction\",\"name\":\"Comment\",\"target\":[\"https:\\\/\\\/fjala.info\\\/2009-2015\\\/cnn-ireport-sali-berisha-dha-urdhrin-per-te-vrare\\\/#respond\"]}]},{\"@type\":\"WebPage\",\"@id\":\"https:\\\/\\\/fjala.info\\\/2009-2015\\\/cnn-ireport-sali-berisha-dha-urdhrin-per-te-vrare\\\/\",\"url\":\"https:\\\/\\\/fjala.info\\\/2009-2015\\\/cnn-ireport-sali-berisha-dha-urdhrin-per-te-vrare\\\/\",\"name\":\"CNN iReport: Sali Berisha dha urdhrin p\u00ebr t\u00eb vrar\u00eb - FjALA e LIR\u00cb - Arkivi\",\"isPartOf\":{\"@id\":\"https:\\\/\\\/fjala.info\\\/2009-2015\\\/#website\"},\"primaryImageOfPage\":{\"@id\":\"https:\\\/\\\/fjala.info\\\/2009-2015\\\/cnn-ireport-sali-berisha-dha-urdhrin-per-te-vrare\\\/#primaryimage\"},\"image\":{\"@id\":\"https:\\\/\\\/fjala.info\\\/2009-2015\\\/cnn-ireport-sali-berisha-dha-urdhrin-per-te-vrare\\\/#primaryimage\"},\"thumbnailUrl\":\"http:\\\/\\\/fjala.shkoder.net\\\/wp-content\\\/uploads\\\/2011\\\/01\\\/demonstruesi_vrare_plumb_ne_koke-300x200.jpg\",\"datePublished\":\"2011-01-26T22:06:09+00:00\",\"breadcrumb\":{\"@id\":\"https:\\\/\\\/fjala.info\\\/2009-2015\\\/cnn-ireport-sali-berisha-dha-urdhrin-per-te-vrare\\\/#breadcrumb\"},\"inLanguage\":\"sq-AL\",\"potentialAction\":[{\"@type\":\"ReadAction\",\"target\":[\"https:\\\/\\\/fjala.info\\\/2009-2015\\\/cnn-ireport-sali-berisha-dha-urdhrin-per-te-vrare\\\/\"]}]},{\"@type\":\"ImageObject\",\"inLanguage\":\"sq-AL\",\"@id\":\"https:\\\/\\\/fjala.info\\\/2009-2015\\\/cnn-ireport-sali-berisha-dha-urdhrin-per-te-vrare\\\/#primaryimage\",\"url\":\"http:\\\/\\\/fjala.shkoder.net\\\/wp-content\\\/uploads\\\/2011\\\/01\\\/demonstruesi_vrare_plumb_ne_koke-300x200.jpg\",\"contentUrl\":\"http:\\\/\\\/fjala.shkoder.net\\\/wp-content\\\/uploads\\\/2011\\\/01\\\/demonstruesi_vrare_plumb_ne_koke-300x200.jpg\"},{\"@type\":\"BreadcrumbList\",\"@id\":\"https:\\\/\\\/fjala.info\\\/2009-2015\\\/cnn-ireport-sali-berisha-dha-urdhrin-per-te-vrare\\\/#breadcrumb\",\"itemListElement\":[{\"@type\":\"ListItem\",\"position\":1,\"name\":\"Home\",\"item\":\"https:\\\/\\\/fjala.info\\\/2009-2015\\\/\"},{\"@type\":\"ListItem\",\"position\":2,\"name\":\"CNN iReport: Sali Berisha dha urdhrin p\u00ebr t\u00eb vrar\u00eb\"}]},{\"@type\":\"WebSite\",\"@id\":\"https:\\\/\\\/fjala.info\\\/2009-2015\\\/#website\",\"url\":\"https:\\\/\\\/fjala.info\\\/2009-2015\\\/\",\"name\":\"FjALA e LIR\u00cb - Arkivi\",\"description\":\"Arkivi 2009-2015\",\"publisher\":{\"@id\":\"https:\\\/\\\/fjala.info\\\/2009-2015\\\/#organization\"},\"potentialAction\":[{\"@type\":\"SearchAction\",\"target\":{\"@type\":\"EntryPoint\",\"urlTemplate\":\"https:\\\/\\\/fjala.info\\\/2009-2015\\\/?s={search_term_string}\"},\"query-input\":{\"@type\":\"PropertyValueSpecification\",\"valueRequired\":true,\"valueName\":\"search_term_string\"}}],\"inLanguage\":\"sq-AL\"},{\"@type\":\"Organization\",\"@id\":\"https:\\\/\\\/fjala.info\\\/2009-2015\\\/#organization\",\"name\":\"FjALA e LIR\u00cb - Arkivi\",\"url\":\"https:\\\/\\\/fjala.info\\\/2009-2015\\\/\",\"logo\":{\"@type\":\"ImageObject\",\"inLanguage\":\"sq-AL\",\"@id\":\"https:\\\/\\\/fjala.info\\\/2009-2015\\\/#\\\/schema\\\/logo\\\/image\\\/\",\"url\":\"\",\"contentUrl\":\"\",\"caption\":\"FjALA e LIR\u00cb - Arkivi\"},\"image\":{\"@id\":\"https:\\\/\\\/fjala.info\\\/2009-2015\\\/#\\\/schema\\\/logo\\\/image\\\/\"}},{\"@type\":\"Person\",\"@id\":\"https:\\\/\\\/fjala.info\\\/2009-2015\\\/#\\\/schema\\\/person\\\/3aa1163ef05469c496fc94e77611ada2\",\"name\":\"admin\",\"image\":{\"@type\":\"ImageObject\",\"inLanguage\":\"sq-AL\",\"@id\":\"https:\\\/\\\/fjala.info\\\/2009-2015\\\/wp-content\\\/uploads\\\/2012\\\/02\\\/arben_cokaj-120x150.jpg\",\"url\":\"https:\\\/\\\/fjala.info\\\/2009-2015\\\/wp-content\\\/uploads\\\/2012\\\/02\\\/arben_cokaj-120x150.jpg\",\"contentUrl\":\"https:\\\/\\\/fjala.info\\\/2009-2015\\\/wp-content\\\/uploads\\\/2012\\\/02\\\/arben_cokaj-120x150.jpg\",\"caption\":\"admin\"},\"description\":\"Admin, Fjala e Lir\u00eb\",\"sameAs\":[\"https:\\\/\\\/fjala.info\\\/\"],\"url\":\"https:\\\/\\\/fjala.info\\\/2009-2015\\\/author\\\/admin\\\/\"}]}<\/script>\n<!-- \/ Yoast SEO plugin. -->","yoast_head_json":{"title":"CNN iReport: Sali Berisha dha urdhrin p\u00ebr t\u00eb vrar\u00eb - FjALA e LIR\u00cb - Arkivi","robots":{"index":"index","follow":"follow","max-snippet":"max-snippet:-1","max-image-preview":"max-image-preview:large","max-video-preview":"max-video-preview:-1"},"canonical":"https:\/\/fjala.info\/2009-2015\/cnn-ireport-sali-berisha-dha-urdhrin-per-te-vrare\/","og_locale":"sq_AL","og_type":"article","og_title":"CNN iReport: Sali Berisha dha urdhrin p\u00ebr t\u00eb vrar\u00eb - FjALA e LIR\u00cb - Arkivi","og_description":"N\u00eb nj\u00eb shkrim t\u00eb publikuar s\u00eb bashku me nj\u00eb video n\u00eb CNN, n\u00eb seksionin iReport, ku raportojn\u00eb qytetar\u00ebt, thuhet se vrasjet n\u00eb Tiran\u00eb i ka urdh\u00ebruar Sali Berisha. M\u00eb posht\u00eb shkrimi i plot\u00eb: Mund t\u00eb jet\u00eb qytetari i radh\u00ebs, q\u00eb thjesht po kalon n\u00eb rrug\u00eb n\u00eb pun\u00eb t\u00eb tij, q\u00eb mund t\u00eb q\u00ebllohet ose t\u00eb [&hellip;]","og_url":"https:\/\/fjala.info\/2009-2015\/cnn-ireport-sali-berisha-dha-urdhrin-per-te-vrare\/","og_site_name":"FjALA e LIR\u00cb - Arkivi","article_published_time":"2011-01-26T22:06:09+00:00","og_image":[{"url":"http:\/\/fjala.shkoder.net\/wp-content\/uploads\/2011\/01\/demonstruesi_vrare_plumb_ne_koke-300x200.jpg","type":"","width":"","height":""}],"author":"admin","twitter_card":"summary_large_image","twitter_misc":{"Written by":"admin","Est. reading time":"2 minutes"},"schema":{"@context":"https:\/\/schema.org","@graph":[{"@type":"Article","@id":"https:\/\/fjala.info\/2009-2015\/cnn-ireport-sali-berisha-dha-urdhrin-per-te-vrare\/#article","isPartOf":{"@id":"https:\/\/fjala.info\/2009-2015\/cnn-ireport-sali-berisha-dha-urdhrin-per-te-vrare\/"},"author":{"name":"admin","@id":"https:\/\/fjala.info\/2009-2015\/#\/schema\/person\/3aa1163ef05469c496fc94e77611ada2"},"headline":"CNN iReport: Sali Berisha dha urdhrin p\u00ebr t\u00eb vrar\u00eb","datePublished":"2011-01-26T22:06:09+00:00","mainEntityOfPage":{"@id":"https:\/\/fjala.info\/2009-2015\/cnn-ireport-sali-berisha-dha-urdhrin-per-te-vrare\/"},"wordCount":415,"commentCount":0,"publisher":{"@id":"https:\/\/fjala.info\/2009-2015\/#organization"},"image":{"@id":"https:\/\/fjala.info\/2009-2015\/cnn-ireport-sali-berisha-dha-urdhrin-per-te-vrare\/#primaryimage"},"thumbnailUrl":"http:\/\/fjala.shkoder.net\/wp-content\/uploads\/2011\/01\/demonstruesi_vrare_plumb_ne_koke-300x200.jpg","articleSection":["Artikuj"],"inLanguage":"sq-AL","potentialAction":[{"@type":"CommentAction","name":"Comment","target":["https:\/\/fjala.info\/2009-2015\/cnn-ireport-sali-berisha-dha-urdhrin-per-te-vrare\/#respond"]}]},{"@type":"WebPage","@id":"https:\/\/fjala.info\/2009-2015\/cnn-ireport-sali-berisha-dha-urdhrin-per-te-vrare\/","url":"https:\/\/fjala.info\/2009-2015\/cnn-ireport-sali-berisha-dha-urdhrin-per-te-vrare\/","name":"CNN iReport: Sali Berisha dha urdhrin p\u00ebr t\u00eb vrar\u00eb - FjALA e LIR\u00cb - Arkivi","isPartOf":{"@id":"https:\/\/fjala.info\/2009-2015\/#website"},"primaryImageOfPage":{"@id":"https:\/\/fjala.info\/2009-2015\/cnn-ireport-sali-berisha-dha-urdhrin-per-te-vrare\/#primaryimage"},"image":{"@id":"https:\/\/fjala.info\/2009-2015\/cnn-ireport-sali-berisha-dha-urdhrin-per-te-vrare\/#primaryimage"},"thumbnailUrl":"http:\/\/fjala.shkoder.net\/wp-content\/uploads\/2011\/01\/demonstruesi_vrare_plumb_ne_koke-300x200.jpg","datePublished":"2011-01-26T22:06:09+00:00","breadcrumb":{"@id":"https:\/\/fjala.info\/2009-2015\/cnn-ireport-sali-berisha-dha-urdhrin-per-te-vrare\/#breadcrumb"},"inLanguage":"sq-AL","potentialAction":[{"@type":"ReadAction","target":["https:\/\/fjala.info\/2009-2015\/cnn-ireport-sali-berisha-dha-urdhrin-per-te-vrare\/"]}]},{"@type":"ImageObject","inLanguage":"sq-AL","@id":"https:\/\/fjala.info\/2009-2015\/cnn-ireport-sali-berisha-dha-urdhrin-per-te-vrare\/#primaryimage","url":"http:\/\/fjala.shkoder.net\/wp-content\/uploads\/2011\/01\/demonstruesi_vrare_plumb_ne_koke-300x200.jpg","contentUrl":"http:\/\/fjala.shkoder.net\/wp-content\/uploads\/2011\/01\/demonstruesi_vrare_plumb_ne_koke-300x200.jpg"},{"@type":"BreadcrumbList","@id":"https:\/\/fjala.info\/2009-2015\/cnn-ireport-sali-berisha-dha-urdhrin-per-te-vrare\/#breadcrumb","itemListElement":[{"@type":"ListItem","position":1,"name":"Home","item":"https:\/\/fjala.info\/2009-2015\/"},{"@type":"ListItem","position":2,"name":"CNN iReport: Sali Berisha dha urdhrin p\u00ebr t\u00eb vrar\u00eb"}]},{"@type":"WebSite","@id":"https:\/\/fjala.info\/2009-2015\/#website","url":"https:\/\/fjala.info\/2009-2015\/","name":"FjALA e LIR\u00cb - Arkivi","description":"Arkivi 2009-2015","publisher":{"@id":"https:\/\/fjala.info\/2009-2015\/#organization"},"potentialAction":[{"@type":"SearchAction","target":{"@type":"EntryPoint","urlTemplate":"https:\/\/fjala.info\/2009-2015\/?s={search_term_string}"},"query-input":{"@type":"PropertyValueSpecification","valueRequired":true,"valueName":"search_term_string"}}],"inLanguage":"sq-AL"},{"@type":"Organization","@id":"https:\/\/fjala.info\/2009-2015\/#organization","name":"FjALA e LIR\u00cb - Arkivi","url":"https:\/\/fjala.info\/2009-2015\/","logo":{"@type":"ImageObject","inLanguage":"sq-AL","@id":"https:\/\/fjala.info\/2009-2015\/#\/schema\/logo\/image\/","url":"","contentUrl":"","caption":"FjALA e LIR\u00cb - Arkivi"},"image":{"@id":"https:\/\/fjala.info\/2009-2015\/#\/schema\/logo\/image\/"}},{"@type":"Person","@id":"https:\/\/fjala.info\/2009-2015\/#\/schema\/person\/3aa1163ef05469c496fc94e77611ada2","name":"admin","image":{"@type":"ImageObject","inLanguage":"sq-AL","@id":"https:\/\/fjala.info\/2009-2015\/wp-content\/uploads\/2012\/02\/arben_cokaj-120x150.jpg","url":"https:\/\/fjala.info\/2009-2015\/wp-content\/uploads\/2012\/02\/arben_cokaj-120x150.jpg","contentUrl":"https:\/\/fjala.info\/2009-2015\/wp-content\/uploads\/2012\/02\/arben_cokaj-120x150.jpg","caption":"admin"},"description":"Admin, Fjala e Lir\u00eb","sameAs":["https:\/\/fjala.info\/"],"url":"https:\/\/fjala.info\/2009-2015\/author\/admin\/"}]}},"_links":{"self":[{"href":"https:\/\/fjala.info\/2009-2015\/wp-json\/wp\/v2\/posts\/5926","targetHints":{"allow":["GET"]}}],"collection":[{"href":"https:\/\/fjala.info\/2009-2015\/wp-json\/wp\/v2\/posts"}],"about":[{"href":"https:\/\/fjala.info\/2009-2015\/wp-json\/wp\/v2\/types\/post"}],"author":[{"embeddable":true,"href":"https:\/\/fjala.info\/2009-2015\/wp-json\/wp\/v2\/users\/1"}],"replies":[{"embeddable":true,"href":"https:\/\/fjala.info\/2009-2015\/wp-json\/wp\/v2\/comments?post=5926"}],"version-history":[{"count":0,"href":"https:\/\/fjala.info\/2009-2015\/wp-json\/wp\/v2\/posts\/5926\/revisions"}],"wp:attachment":[{"href":"https:\/\/fjala.info\/2009-2015\/wp-json\/wp\/v2\/media?parent=5926"}],"wp:term":[{"taxonomy":"category","embeddable":true,"href":"https:\/\/fjala.info\/2009-2015\/wp-json\/wp\/v2\/categories?post=5926"},{"taxonomy":"post_tag","embeddable":true,"href":"https:\/\/fjala.info\/2009-2015\/wp-json\/wp\/v2\/tags?post=5926"}],"curies":[{"name":"wp","href":"https:\/\/api.w.org\/{rel}","templated":true}]}}