{"id":5919,"date":"2011-01-26T22:15:55","date_gmt":"2011-01-26T21:15:55","guid":{"rendered":"http:\/\/fjala.shkoder.net\/?p=5919"},"modified":"2011-01-26T22:15:55","modified_gmt":"2011-01-26T21:15:55","slug":"ditelindja-e-gabuar-e-krizes","status":"publish","type":"post","link":"https:\/\/fjala.info\/2009-2015\/ditelindja-e-gabuar-e-krizes\/","title":{"rendered":"Dit\u00eblindja e gabuar e kriz\u00ebs"},"content":{"rendered":"<p><img loading=\"lazy\" decoding=\"async\" src=\"http:\/\/fjala.shkoder.net\/wp-content\/uploads\/2010\/10\/mero_baze1.jpg\" alt=\"\" title=\"Mero Baze\" width=\"149\" height=\"200\" class=\"alignright size-full wp-image-4090\" \/><br \/>\nNga <strong>Mero Baze<\/strong> <\/p>\n<p>P\u00ebrpjekjet nd\u00ebrkomb\u00ebtare p\u00ebr zgjidhjen e kriz\u00ebs shqiptare duhen mir\u00ebkuptuar si p\u00ebrpjekje p\u00ebr t\u00eb sh\u00ebruar pasojat e 21 janarit, dhe si t\u00eb tilla ato jan\u00eb vet\u00ebm nj\u00eb qet\u00ebsues mbi plag\u00ebn e pash\u00ebruar t\u00eb kriz\u00ebs shqiptare. I d\u00ebrguari evropian p\u00ebr kriz\u00ebn, por dhe angazhimi n\u00eb nivele t\u00eb larta i diplomacis\u00eb s\u00eb SHBA, jan\u00eb fokusuar t\u00eb gjith\u00eb tek ndalja e dhun\u00ebs, ndalja e protestave dhe hetimi p\u00ebr vrasjet e ndodhura p\u00ebrball\u00eb zyrave t\u00eb kryeministrit Sali Berisha. <\/p>\n<p>Ky nivel i lart\u00eb angazhimi n\u00eb t\u00eb v\u00ebrtet\u00eb nuk i p\u00ebrgjigjet r\u00ebnd\u00ebsis\u00eb q\u00eb ka n\u00eb qet\u00ebsimin e situat\u00ebs n\u00eb Shqip\u00ebri, pas 21 janari. Ajo q\u00eb ndodhi m\u00eb 21 janar \u00ebsht\u00eb e qart\u00eb dhe nuk ka shum\u00eb nevoj\u00eb p\u00ebr asistenc\u00eb nd\u00ebrkomb\u00ebtare, as p\u00ebr tu gjykuar dhe as p\u00ebr tu hetuar. M\u00eb 21 janar n\u00eb nj\u00eb demonstrat\u00eb rutin\u00eb t\u00eb dhunshme, kryeministri Berisha ka urdh\u00ebruar dhe po mbron vras\u00ebsit e tre qytetar\u00ebve shqiptar\u00eb. <\/p>\n<p>Kjo natyrisht q\u00eb ka rritur zem\u00ebrimin popullor dhe p\u00ebrbetimin e opozit\u00ebs p\u00ebr protesta, por nuk ka ndryshuar asgj\u00eb nga shkaqet pse ndodhi 21 janari. Me to nuk po merret askush dhe derisa ato t\u00eb injorohen, 21 janari do t\u00eb p\u00ebrs\u00ebritet ose n\u00eb form\u00ebn e tij makabre, ose n\u00eb forma t\u00eb tjera, pasi ajo \u00ebsht\u00eb pasoj\u00eb e nj\u00eb  plage t\u00eb pash\u00ebruar.<\/p>\n<p>Si\u00e7 \u00ebsht\u00eb vler\u00ebsuar dhe nga media e huaj dhe ajo shqiptare, 21 janarin e prodhoi injorimi i vazhduesh\u00ebm i kriz\u00ebs shqiptare nga qeveria e kryeministrit Berisha dhe mbyllja e der\u00ebs ndaj opozit\u00ebs p\u00ebr \u00e7do opsion t\u00eb saj. Historia e politik\u00ebs shqiptare pas 28 qershorit \u00ebsht\u00eb nj\u00eb p\u00ebrpjekje konstante p\u00ebr t\u00eb delegjitimuar \u00e7do l\u00ebvizje politike t\u00eb opozit\u00ebs dhe p\u00ebr ta b\u00ebr\u00eb at\u00eb t\u00eb pafuqishme p\u00ebr t\u00eb p\u00ebrfaq\u00ebsuar shoq\u00ebrin\u00eb opozitare n\u00eb Shqip\u00ebri. <\/p>\n<p>Asaj ju mohua n\u00eb m\u00ebnyr\u00eb arrogante transparenca e zgjedhjeve dhe t\u00eb gjitha shqet\u00ebsimet e saj mbi nivelin galopant t\u00eb korrupsionit n\u00eb Shqip\u00ebri. Dhe si p\u00ebr t\u00eb derdhur kup\u00ebn e durimit para shqiptar\u00ebve shfaqet arroganca e Sali Berish\u00ebs dhe Ilir Met\u00ebs, t\u00eb kapur me z\u00eb dhe figur\u00eb duke pla\u00e7kitur Shqip\u00ebrin\u00eb, t\u00eb cil\u00ebt fyen dyfish shqiptar\u00ebt me m\u00ebnyr\u00ebn se si donin t\u00eb justifikonin at\u00eb q\u00eb po b\u00ebjn\u00eb p\u00ebrdit\u00eb.<\/p>\n<p>Pra, drejt 21 janarit shqiptar\u00ebt shkuan t\u00eb fyer nga pushteti, t\u00eb fyer nga arroganca e tij p\u00ebr transparenc\u00ebn e zgjedhjeve dhe transparenc\u00ebn e qeverisjes, t\u00eb zem\u00ebruar nga aferat e p\u00ebrditshme ku familjar\u00ebt e pushtetit jan\u00eb shpallur qytetar\u00eb t\u00eb dor\u00ebs s\u00eb par\u00eb dhe shqiptar\u00ebt qytetar\u00eb t\u00eb dor\u00eb s\u00eb dyt\u00eb. Per\u00ebndimi u dor\u00ebzua ndaj k\u00ebsaj arrogance. Edhe opozita u kryq\u00ebzua si i paaft\u00eb ndaj k\u00ebsaj arrogance. Qytetar\u00ebt nuk u dor\u00ebzuan dhe dol\u00ebn n\u00eb rrug\u00eb duke ndodhur ajo q\u00eb ndodhi.<br \/>\nTash\u00ebm ne kemi nj\u00eb v\u00ebmendje t\u00eb madhe per\u00ebndimore p\u00ebr t\u00eb zgjidhur pasojat e 21 Janarit. <\/p>\n<p>Kjo \u00ebsht\u00eb nj\u00eb gj\u00eb e mir\u00eb, por asgj\u00eb nuk sjell stabilitet n\u00eb Shqip\u00ebri, pa u zgjidhur problemet q\u00eb prodhuan 21 Janarin. P\u00ebrpara se kryeministria t\u00eb mbrohet me gardist\u00eb t\u00eb pap\u00ebrgjegjsh\u00ebm dhe element\u00eb kriminal t\u00eb rekrutuar nga familja n\u00eb pushtet, ajo mbrohet me mjete politike, mbrohet me dialog dhe respektim t\u00eb institucioneve. Pas 21 janarit Berisha shpalli nj\u00eb grusht shteti, duke mos njohur institucionet e drejt\u00ebsis\u00eb, duke uzurpuar kompetenca t\u00eb presidentit dhe duke i shpallur luft\u00eb fizike opozit\u00ebs, dhe d\u00ebnim me vdekje liderit t\u00eb saj. <\/p>\n<p>Kjo rriti artificialisht tensionin tek faktori nd\u00ebrkomb\u00ebtar dhe dje Berisha me pafytyr\u00ebsin\u00eb e tij klasike u t\u00ebrhoq nga \u00e7mendurit\u00eb e tij dhe kjo po i vler\u00ebsohet si pozitive. Kjo \u00ebsht\u00eb nj\u00eb qasje sempliste ndaj kriz\u00ebs, nj\u00eb manov\u00ebr p\u00ebr tu qet\u00ebsuar nga profili i pap\u00ebrgjegjsh\u00ebm i Sali Berish\u00ebs, nga i cili kan\u00eb frik\u00eb se mund t\u2019i v\u00ebr\u00eb zjarrin Shqip\u00ebris\u00eb si n\u00eb vitin 1997. \u00cbsht\u00eb gabim. Shqip\u00ebria nuk i rikthehet m\u00eb vitit 1997 p\u00ebr shum\u00eb faktor\u00eb. <\/p>\n<p>Mbi t\u00eb gjith\u00eb se dhe vet\u00eb Sali Berisha pavar\u00ebsisht se po i b\u00ebn gjith\u00eb \u201cadetet\u201d e vitit 1997, nuk shkon deri tek anarkia dhe dhuna n\u00eb rrug\u00eb pasi ai nuk \u00ebsht\u00eb m\u00eb \u201casketi\u201d dhe i vetmuari i vitit 1997. Ai ka f\u00ebmij\u00eb t\u00eb pasur me prona prej miliardash, mbesa e farefis q\u00eb kan\u00eb Shqip\u00ebrin\u00eb pron\u00eb t\u00eb tyre dhe ata nuk jan\u00eb t\u00eb gatsh\u00ebm t\u2019i v\u00ebn\u00eb flak\u00ebn asaj aq leht\u00eb. Edhe pse shpesh ai e m\u00ebrm\u00ebrin skenarin tunizian, ana e tmerrshme e atij skenari \u00ebsht\u00eb se populli filloi tu v\u00ebr\u00eb zjarrin pronave t\u00eb nipave, mbesave e dh\u00ebndur\u00ebve dhe farefisit t\u00eb Ben Alis\u00eb. <\/p>\n<p>Kjo \u00ebsht\u00eb nj\u00eb arsye e fort\u00eb q\u00eb vet\u00eb Berisha p\u00ebrpiqet t\u00eb frik\u00ebsoj\u00eb Per\u00ebndimin me gjestet e vitit 1997, por nuk e kthen dot Shqip\u00ebrin\u00eb n\u00eb at\u00eb koh\u00eb. P\u00ebrtej tij \u00ebsht\u00eb nj\u00eb Shqip\u00ebri tjet\u00ebr q\u00eb nuk b\u00ebhet si ajo e vitit 1997. Ka dhjet\u00ebra faktor\u00eb t\u00eb tjer\u00eb n\u00eb Shqip\u00ebri q\u00eb din\u00eb t\u00eb mbrojn\u00eb dhe ta ruajn\u00eb k\u00ebt\u00eb vend, pavar\u00ebsisht \u00e7mendurive t\u00eb nj\u00eb njeriu, dhe nuk do t\u00eb ket\u00eb m\u00eb nj\u00eb vit 1997. Por ajo q\u00eb \u00ebsht\u00eb e r\u00ebnd\u00ebsishme \u00ebsht\u00eb q\u00eb t\u00eb mos kemi as hiena q\u00eb duan t\u00eb na k\u00ebrc\u00ebnojn\u00eb me njoll\u00ebn me t\u00eb zez\u00eb t\u00eb tyre. <\/p>\n<p>Ndarja mes Evrop\u00ebs dhe SHA mbi shkaqet e kriz\u00ebs s\u00eb vitit 1997 u shfryt\u00ebzua mrekullisht at\u00ebher\u00eb prej Berish\u00ebs. Evropa e shikonte kriz\u00ebn si kriz\u00eb financiare shkaktuar nga skemat piramidale dhe u p\u00ebrqendrua tek zbutja e atyre pasojave duke i dh\u00ebn\u00eb shans Sali Berish\u00ebs ta shihte faktor kryesor, nd\u00ebrsa SHBA e shihte si kriz\u00eb thelb\u00ebsore t\u00eb demokracis\u00eb duke k\u00ebrkuar zgjidhje thelb\u00ebsore t\u00eb saj. Mes k\u00ebsaj paqart\u00ebsie, Berisha notoi dhe mbijetoi. <\/p>\n<p>Tashm\u00eb \u00ebsht\u00eb mir\u00eb q\u00eb kjo histori t\u00eb mos p\u00ebrs\u00ebritet. Ajo q\u00eb ndodhi m\u00eb 21 Janar \u00ebsht\u00eb nj\u00eb kriz\u00eb e menaxhueshme. Askush nuk mund  t\u00eb qet\u00ebsoj\u00eb shpirtrat e zem\u00ebruar, bile as familjar\u00ebt e viktimave, n\u00ebse arrin n\u00eb p\u00ebrfundim se ata u vran\u00eb nga qit\u00ebs nga Gramshi apo nj\u00eb qit\u00ebs nga Tropoja. Zem\u00ebrimi ndalet kur t\u00eb bien arsyet p\u00ebrse njer\u00ebzit dol\u00ebn n\u00eb rrug\u00eb t\u00eb zem\u00ebruar m\u00eb 21 Janar. Kriza nuk e ka dit\u00eblindjen m\u00eb 21 Janar. E ka m\u00eb her\u00ebt, bile m\u00eb her\u00ebt dhe se 28 qershori i vitit 2009, kur trupi i dob\u00ebsuar i demokracis\u00eb shqiptare, nuk i rezistoi dot virusit t\u00eb zgjedhjeve t\u00eb vjedhura. <\/p>\n<p>Prandaj n\u00ebse duhet ta njohim k\u00ebt\u00eb kriz\u00eb dhe n\u00ebse duhet ta zgjidhim, duhet ta nisim me dit\u00eblindjen e saj. 21 janari \u00ebsht\u00eb dit\u00eblindje e gabuar, \u00ebsht\u00eb n\u00eb nj\u00eb far\u00eb m\u00ebnyre si dit\u00eblindja fallco e Sali Berish\u00ebs m\u00eb 15 Tetor. Arsyet p\u00ebrse ndodhi 21 Janari jan\u00eb ende gjall\u00eb, jan\u00eb \u00e7do dit\u00eb para nesh si kufoma t\u00eb gjalla. Ne ende shohim n\u00eb ekrane kufom\u00ebn e gjall\u00eb t\u00eb Ilir Met\u00ebs, kufom\u00ebn e gjall\u00eb t\u00eb Lul\u00ebzim Bash\u00ebs dhe kryeministrin buz\u00ebplasur Sali Berisha, q\u00eb duan t\u00eb na shesin krimin p\u00ebr heroiz\u00ebm dhe pla\u00e7kitjen p\u00ebr qeverisje. <\/p>\n<p>Paqja vjen nga nj\u00eb zgjidhje politike q\u00eb i jep fund arsyeve q\u00eb nxor\u00ebn njer\u00ebzit n\u00eb rrug\u00eb m\u00eb 21 janar dhe jo nga paradat ushtarake, gjestet makabre t\u00eb lavd\u00ebrimit t\u00eb vras\u00ebsve, apo investimet e diplomacis\u00eb per\u00ebndimore tek qet\u00ebsimi i qytetar\u00ebve dhe shtetar\u00ebve. Kjo nuk \u00ebsht\u00eb nj\u00eb histori e ndonj\u00eb burri shteti apo ndonj\u00eb burri mileti. Kjo \u00ebsht\u00eb nj\u00eb histori e anomalis\u00eb s\u00eb demokracis\u00eb shqiptare q\u00eb duhet korrigjuar n\u00eb thelb. Nj\u00eb kazan q\u00eb zien nuk ndalet duke e ruajtur mos derdhet, por duke fikur zjarrin. Dhe ai \u00ebsht\u00eb n\u00eb zjarr para 21 Janarit.<\/p>\n","protected":false},"excerpt":{"rendered":"<p>Nga Mero Baze P\u00ebrpjekjet nd\u00ebrkomb\u00ebtare p\u00ebr zgjidhjen e kriz\u00ebs shqiptare duhen mir\u00ebkuptuar si p\u00ebrpjekje p\u00ebr t\u00eb sh\u00ebruar pasojat e 21 janarit, dhe si t\u00eb tilla ato jan\u00eb vet\u00ebm nj\u00eb qet\u00ebsues mbi plag\u00ebn e pash\u00ebruar t\u00eb kriz\u00ebs shqiptare. I d\u00ebrguari evropian p\u00ebr kriz\u00ebn, por dhe angazhimi n\u00eb nivele t\u00eb larta i diplomacis\u00eb s\u00eb SHBA, jan\u00eb fokusuar [&hellip;]<\/p>\n","protected":false},"author":1,"featured_media":0,"comment_status":"open","ping_status":"closed","sticky":false,"template":"","format":"standard","meta":{"footnotes":""},"categories":[2],"tags":[],"class_list":{"0":"post-5919","1":"post","2":"type-post","3":"status-publish","4":"format-standard","6":"category-artikuj"},"yoast_head":"<!-- This site is optimized with the Yoast SEO plugin v27.4 - https:\/\/yoast.com\/product\/yoast-seo-wordpress\/ -->\n<title>Dit\u00eblindja e gabuar e kriz\u00ebs - FjALA e LIR\u00cb - Arkivi<\/title>\n<meta name=\"robots\" content=\"index, follow, max-snippet:-1, max-image-preview:large, max-video-preview:-1\" \/>\n<link rel=\"canonical\" href=\"https:\/\/fjala.info\/2009-2015\/ditelindja-e-gabuar-e-krizes\/\" \/>\n<meta property=\"og:locale\" content=\"sq_AL\" \/>\n<meta property=\"og:type\" content=\"article\" \/>\n<meta property=\"og:title\" content=\"Dit\u00eblindja e gabuar e kriz\u00ebs - FjALA e LIR\u00cb - Arkivi\" \/>\n<meta property=\"og:description\" content=\"Nga Mero Baze P\u00ebrpjekjet nd\u00ebrkomb\u00ebtare p\u00ebr zgjidhjen e kriz\u00ebs shqiptare duhen mir\u00ebkuptuar si p\u00ebrpjekje p\u00ebr t\u00eb sh\u00ebruar pasojat e 21 janarit, dhe si t\u00eb tilla ato jan\u00eb vet\u00ebm nj\u00eb qet\u00ebsues mbi plag\u00ebn e pash\u00ebruar t\u00eb kriz\u00ebs shqiptare. I d\u00ebrguari evropian p\u00ebr kriz\u00ebn, por dhe angazhimi n\u00eb nivele t\u00eb larta i diplomacis\u00eb s\u00eb SHBA, jan\u00eb fokusuar [&hellip;]\" \/>\n<meta property=\"og:url\" content=\"https:\/\/fjala.info\/2009-2015\/ditelindja-e-gabuar-e-krizes\/\" \/>\n<meta property=\"og:site_name\" content=\"FjALA e LIR\u00cb - Arkivi\" \/>\n<meta property=\"article:published_time\" content=\"2011-01-26T21:15:55+00:00\" \/>\n<meta property=\"og:image\" content=\"http:\/\/fjala.shkoder.net\/wp-content\/uploads\/2010\/10\/mero_baze1.jpg\" \/>\n<meta name=\"author\" content=\"admin\" \/>\n<meta name=\"twitter:card\" content=\"summary_large_image\" \/>\n<meta name=\"twitter:label1\" content=\"Written by\" \/>\n\t<meta name=\"twitter:data1\" content=\"admin\" \/>\n\t<meta name=\"twitter:label2\" content=\"Est. reading time\" \/>\n\t<meta name=\"twitter:data2\" content=\"7 minutes\" \/>\n<script type=\"application\/ld+json\" class=\"yoast-schema-graph\">{\"@context\":\"https:\\\/\\\/schema.org\",\"@graph\":[{\"@type\":\"Article\",\"@id\":\"https:\\\/\\\/fjala.info\\\/2009-2015\\\/ditelindja-e-gabuar-e-krizes\\\/#article\",\"isPartOf\":{\"@id\":\"https:\\\/\\\/fjala.info\\\/2009-2015\\\/ditelindja-e-gabuar-e-krizes\\\/\"},\"author\":{\"name\":\"admin\",\"@id\":\"https:\\\/\\\/fjala.info\\\/2009-2015\\\/#\\\/schema\\\/person\\\/3aa1163ef05469c496fc94e77611ada2\"},\"headline\":\"Dit\u00eblindja e gabuar e kriz\u00ebs\",\"datePublished\":\"2011-01-26T21:15:55+00:00\",\"mainEntityOfPage\":{\"@id\":\"https:\\\/\\\/fjala.info\\\/2009-2015\\\/ditelindja-e-gabuar-e-krizes\\\/\"},\"wordCount\":1332,\"commentCount\":0,\"publisher\":{\"@id\":\"https:\\\/\\\/fjala.info\\\/2009-2015\\\/#organization\"},\"image\":{\"@id\":\"https:\\\/\\\/fjala.info\\\/2009-2015\\\/ditelindja-e-gabuar-e-krizes\\\/#primaryimage\"},\"thumbnailUrl\":\"http:\\\/\\\/fjala.shkoder.net\\\/wp-content\\\/uploads\\\/2010\\\/10\\\/mero_baze1.jpg\",\"articleSection\":[\"Artikuj\"],\"inLanguage\":\"sq-AL\",\"potentialAction\":[{\"@type\":\"CommentAction\",\"name\":\"Comment\",\"target\":[\"https:\\\/\\\/fjala.info\\\/2009-2015\\\/ditelindja-e-gabuar-e-krizes\\\/#respond\"]}]},{\"@type\":\"WebPage\",\"@id\":\"https:\\\/\\\/fjala.info\\\/2009-2015\\\/ditelindja-e-gabuar-e-krizes\\\/\",\"url\":\"https:\\\/\\\/fjala.info\\\/2009-2015\\\/ditelindja-e-gabuar-e-krizes\\\/\",\"name\":\"Dit\u00eblindja e gabuar e kriz\u00ebs - FjALA e LIR\u00cb - Arkivi\",\"isPartOf\":{\"@id\":\"https:\\\/\\\/fjala.info\\\/2009-2015\\\/#website\"},\"primaryImageOfPage\":{\"@id\":\"https:\\\/\\\/fjala.info\\\/2009-2015\\\/ditelindja-e-gabuar-e-krizes\\\/#primaryimage\"},\"image\":{\"@id\":\"https:\\\/\\\/fjala.info\\\/2009-2015\\\/ditelindja-e-gabuar-e-krizes\\\/#primaryimage\"},\"thumbnailUrl\":\"http:\\\/\\\/fjala.shkoder.net\\\/wp-content\\\/uploads\\\/2010\\\/10\\\/mero_baze1.jpg\",\"datePublished\":\"2011-01-26T21:15:55+00:00\",\"breadcrumb\":{\"@id\":\"https:\\\/\\\/fjala.info\\\/2009-2015\\\/ditelindja-e-gabuar-e-krizes\\\/#breadcrumb\"},\"inLanguage\":\"sq-AL\",\"potentialAction\":[{\"@type\":\"ReadAction\",\"target\":[\"https:\\\/\\\/fjala.info\\\/2009-2015\\\/ditelindja-e-gabuar-e-krizes\\\/\"]}]},{\"@type\":\"ImageObject\",\"inLanguage\":\"sq-AL\",\"@id\":\"https:\\\/\\\/fjala.info\\\/2009-2015\\\/ditelindja-e-gabuar-e-krizes\\\/#primaryimage\",\"url\":\"http:\\\/\\\/fjala.shkoder.net\\\/wp-content\\\/uploads\\\/2010\\\/10\\\/mero_baze1.jpg\",\"contentUrl\":\"http:\\\/\\\/fjala.shkoder.net\\\/wp-content\\\/uploads\\\/2010\\\/10\\\/mero_baze1.jpg\"},{\"@type\":\"BreadcrumbList\",\"@id\":\"https:\\\/\\\/fjala.info\\\/2009-2015\\\/ditelindja-e-gabuar-e-krizes\\\/#breadcrumb\",\"itemListElement\":[{\"@type\":\"ListItem\",\"position\":1,\"name\":\"Home\",\"item\":\"https:\\\/\\\/fjala.info\\\/2009-2015\\\/\"},{\"@type\":\"ListItem\",\"position\":2,\"name\":\"Dit\u00eblindja e gabuar e kriz\u00ebs\"}]},{\"@type\":\"WebSite\",\"@id\":\"https:\\\/\\\/fjala.info\\\/2009-2015\\\/#website\",\"url\":\"https:\\\/\\\/fjala.info\\\/2009-2015\\\/\",\"name\":\"FjALA e LIR\u00cb - Arkivi\",\"description\":\"Arkivi 2009-2015\",\"publisher\":{\"@id\":\"https:\\\/\\\/fjala.info\\\/2009-2015\\\/#organization\"},\"potentialAction\":[{\"@type\":\"SearchAction\",\"target\":{\"@type\":\"EntryPoint\",\"urlTemplate\":\"https:\\\/\\\/fjala.info\\\/2009-2015\\\/?s={search_term_string}\"},\"query-input\":{\"@type\":\"PropertyValueSpecification\",\"valueRequired\":true,\"valueName\":\"search_term_string\"}}],\"inLanguage\":\"sq-AL\"},{\"@type\":\"Organization\",\"@id\":\"https:\\\/\\\/fjala.info\\\/2009-2015\\\/#organization\",\"name\":\"FjALA e LIR\u00cb - Arkivi\",\"url\":\"https:\\\/\\\/fjala.info\\\/2009-2015\\\/\",\"logo\":{\"@type\":\"ImageObject\",\"inLanguage\":\"sq-AL\",\"@id\":\"https:\\\/\\\/fjala.info\\\/2009-2015\\\/#\\\/schema\\\/logo\\\/image\\\/\",\"url\":\"\",\"contentUrl\":\"\",\"caption\":\"FjALA e LIR\u00cb - Arkivi\"},\"image\":{\"@id\":\"https:\\\/\\\/fjala.info\\\/2009-2015\\\/#\\\/schema\\\/logo\\\/image\\\/\"}},{\"@type\":\"Person\",\"@id\":\"https:\\\/\\\/fjala.info\\\/2009-2015\\\/#\\\/schema\\\/person\\\/3aa1163ef05469c496fc94e77611ada2\",\"name\":\"admin\",\"image\":{\"@type\":\"ImageObject\",\"inLanguage\":\"sq-AL\",\"@id\":\"https:\\\/\\\/fjala.info\\\/2009-2015\\\/wp-content\\\/uploads\\\/2012\\\/02\\\/arben_cokaj-120x150.jpg\",\"url\":\"https:\\\/\\\/fjala.info\\\/2009-2015\\\/wp-content\\\/uploads\\\/2012\\\/02\\\/arben_cokaj-120x150.jpg\",\"contentUrl\":\"https:\\\/\\\/fjala.info\\\/2009-2015\\\/wp-content\\\/uploads\\\/2012\\\/02\\\/arben_cokaj-120x150.jpg\",\"caption\":\"admin\"},\"description\":\"Admin, Fjala e Lir\u00eb\",\"sameAs\":[\"https:\\\/\\\/fjala.info\\\/\"],\"url\":\"https:\\\/\\\/fjala.info\\\/2009-2015\\\/author\\\/admin\\\/\"}]}<\/script>\n<!-- \/ Yoast SEO plugin. -->","yoast_head_json":{"title":"Dit\u00eblindja e gabuar e kriz\u00ebs - FjALA e LIR\u00cb - Arkivi","robots":{"index":"index","follow":"follow","max-snippet":"max-snippet:-1","max-image-preview":"max-image-preview:large","max-video-preview":"max-video-preview:-1"},"canonical":"https:\/\/fjala.info\/2009-2015\/ditelindja-e-gabuar-e-krizes\/","og_locale":"sq_AL","og_type":"article","og_title":"Dit\u00eblindja e gabuar e kriz\u00ebs - FjALA e LIR\u00cb - Arkivi","og_description":"Nga Mero Baze P\u00ebrpjekjet nd\u00ebrkomb\u00ebtare p\u00ebr zgjidhjen e kriz\u00ebs shqiptare duhen mir\u00ebkuptuar si p\u00ebrpjekje p\u00ebr t\u00eb sh\u00ebruar pasojat e 21 janarit, dhe si t\u00eb tilla ato jan\u00eb vet\u00ebm nj\u00eb qet\u00ebsues mbi plag\u00ebn e pash\u00ebruar t\u00eb kriz\u00ebs shqiptare. I d\u00ebrguari evropian p\u00ebr kriz\u00ebn, por dhe angazhimi n\u00eb nivele t\u00eb larta i diplomacis\u00eb s\u00eb SHBA, jan\u00eb fokusuar [&hellip;]","og_url":"https:\/\/fjala.info\/2009-2015\/ditelindja-e-gabuar-e-krizes\/","og_site_name":"FjALA e LIR\u00cb - Arkivi","article_published_time":"2011-01-26T21:15:55+00:00","og_image":[{"url":"http:\/\/fjala.shkoder.net\/wp-content\/uploads\/2010\/10\/mero_baze1.jpg","type":"","width":"","height":""}],"author":"admin","twitter_card":"summary_large_image","twitter_misc":{"Written by":"admin","Est. reading time":"7 minutes"},"schema":{"@context":"https:\/\/schema.org","@graph":[{"@type":"Article","@id":"https:\/\/fjala.info\/2009-2015\/ditelindja-e-gabuar-e-krizes\/#article","isPartOf":{"@id":"https:\/\/fjala.info\/2009-2015\/ditelindja-e-gabuar-e-krizes\/"},"author":{"name":"admin","@id":"https:\/\/fjala.info\/2009-2015\/#\/schema\/person\/3aa1163ef05469c496fc94e77611ada2"},"headline":"Dit\u00eblindja e gabuar e kriz\u00ebs","datePublished":"2011-01-26T21:15:55+00:00","mainEntityOfPage":{"@id":"https:\/\/fjala.info\/2009-2015\/ditelindja-e-gabuar-e-krizes\/"},"wordCount":1332,"commentCount":0,"publisher":{"@id":"https:\/\/fjala.info\/2009-2015\/#organization"},"image":{"@id":"https:\/\/fjala.info\/2009-2015\/ditelindja-e-gabuar-e-krizes\/#primaryimage"},"thumbnailUrl":"http:\/\/fjala.shkoder.net\/wp-content\/uploads\/2010\/10\/mero_baze1.jpg","articleSection":["Artikuj"],"inLanguage":"sq-AL","potentialAction":[{"@type":"CommentAction","name":"Comment","target":["https:\/\/fjala.info\/2009-2015\/ditelindja-e-gabuar-e-krizes\/#respond"]}]},{"@type":"WebPage","@id":"https:\/\/fjala.info\/2009-2015\/ditelindja-e-gabuar-e-krizes\/","url":"https:\/\/fjala.info\/2009-2015\/ditelindja-e-gabuar-e-krizes\/","name":"Dit\u00eblindja e gabuar e kriz\u00ebs - FjALA e LIR\u00cb - Arkivi","isPartOf":{"@id":"https:\/\/fjala.info\/2009-2015\/#website"},"primaryImageOfPage":{"@id":"https:\/\/fjala.info\/2009-2015\/ditelindja-e-gabuar-e-krizes\/#primaryimage"},"image":{"@id":"https:\/\/fjala.info\/2009-2015\/ditelindja-e-gabuar-e-krizes\/#primaryimage"},"thumbnailUrl":"http:\/\/fjala.shkoder.net\/wp-content\/uploads\/2010\/10\/mero_baze1.jpg","datePublished":"2011-01-26T21:15:55+00:00","breadcrumb":{"@id":"https:\/\/fjala.info\/2009-2015\/ditelindja-e-gabuar-e-krizes\/#breadcrumb"},"inLanguage":"sq-AL","potentialAction":[{"@type":"ReadAction","target":["https:\/\/fjala.info\/2009-2015\/ditelindja-e-gabuar-e-krizes\/"]}]},{"@type":"ImageObject","inLanguage":"sq-AL","@id":"https:\/\/fjala.info\/2009-2015\/ditelindja-e-gabuar-e-krizes\/#primaryimage","url":"http:\/\/fjala.shkoder.net\/wp-content\/uploads\/2010\/10\/mero_baze1.jpg","contentUrl":"http:\/\/fjala.shkoder.net\/wp-content\/uploads\/2010\/10\/mero_baze1.jpg"},{"@type":"BreadcrumbList","@id":"https:\/\/fjala.info\/2009-2015\/ditelindja-e-gabuar-e-krizes\/#breadcrumb","itemListElement":[{"@type":"ListItem","position":1,"name":"Home","item":"https:\/\/fjala.info\/2009-2015\/"},{"@type":"ListItem","position":2,"name":"Dit\u00eblindja e gabuar e kriz\u00ebs"}]},{"@type":"WebSite","@id":"https:\/\/fjala.info\/2009-2015\/#website","url":"https:\/\/fjala.info\/2009-2015\/","name":"FjALA e LIR\u00cb - Arkivi","description":"Arkivi 2009-2015","publisher":{"@id":"https:\/\/fjala.info\/2009-2015\/#organization"},"potentialAction":[{"@type":"SearchAction","target":{"@type":"EntryPoint","urlTemplate":"https:\/\/fjala.info\/2009-2015\/?s={search_term_string}"},"query-input":{"@type":"PropertyValueSpecification","valueRequired":true,"valueName":"search_term_string"}}],"inLanguage":"sq-AL"},{"@type":"Organization","@id":"https:\/\/fjala.info\/2009-2015\/#organization","name":"FjALA e LIR\u00cb - Arkivi","url":"https:\/\/fjala.info\/2009-2015\/","logo":{"@type":"ImageObject","inLanguage":"sq-AL","@id":"https:\/\/fjala.info\/2009-2015\/#\/schema\/logo\/image\/","url":"","contentUrl":"","caption":"FjALA e LIR\u00cb - Arkivi"},"image":{"@id":"https:\/\/fjala.info\/2009-2015\/#\/schema\/logo\/image\/"}},{"@type":"Person","@id":"https:\/\/fjala.info\/2009-2015\/#\/schema\/person\/3aa1163ef05469c496fc94e77611ada2","name":"admin","image":{"@type":"ImageObject","inLanguage":"sq-AL","@id":"https:\/\/fjala.info\/2009-2015\/wp-content\/uploads\/2012\/02\/arben_cokaj-120x150.jpg","url":"https:\/\/fjala.info\/2009-2015\/wp-content\/uploads\/2012\/02\/arben_cokaj-120x150.jpg","contentUrl":"https:\/\/fjala.info\/2009-2015\/wp-content\/uploads\/2012\/02\/arben_cokaj-120x150.jpg","caption":"admin"},"description":"Admin, Fjala e Lir\u00eb","sameAs":["https:\/\/fjala.info\/"],"url":"https:\/\/fjala.info\/2009-2015\/author\/admin\/"}]}},"_links":{"self":[{"href":"https:\/\/fjala.info\/2009-2015\/wp-json\/wp\/v2\/posts\/5919","targetHints":{"allow":["GET"]}}],"collection":[{"href":"https:\/\/fjala.info\/2009-2015\/wp-json\/wp\/v2\/posts"}],"about":[{"href":"https:\/\/fjala.info\/2009-2015\/wp-json\/wp\/v2\/types\/post"}],"author":[{"embeddable":true,"href":"https:\/\/fjala.info\/2009-2015\/wp-json\/wp\/v2\/users\/1"}],"replies":[{"embeddable":true,"href":"https:\/\/fjala.info\/2009-2015\/wp-json\/wp\/v2\/comments?post=5919"}],"version-history":[{"count":0,"href":"https:\/\/fjala.info\/2009-2015\/wp-json\/wp\/v2\/posts\/5919\/revisions"}],"wp:attachment":[{"href":"https:\/\/fjala.info\/2009-2015\/wp-json\/wp\/v2\/media?parent=5919"}],"wp:term":[{"taxonomy":"category","embeddable":true,"href":"https:\/\/fjala.info\/2009-2015\/wp-json\/wp\/v2\/categories?post=5919"},{"taxonomy":"post_tag","embeddable":true,"href":"https:\/\/fjala.info\/2009-2015\/wp-json\/wp\/v2\/tags?post=5919"}],"curies":[{"name":"wp","href":"https:\/\/api.w.org\/{rel}","templated":true}]}}