{"id":5915,"date":"2011-01-26T21:58:03","date_gmt":"2011-01-26T20:58:03","guid":{"rendered":"http:\/\/fjala.shkoder.net\/?p=5915"},"modified":"2011-01-26T21:58:03","modified_gmt":"2011-01-26T20:58:03","slug":"grusht-shteti","status":"publish","type":"post","link":"https:\/\/fjala.info\/2009-2015\/grusht-shteti\/","title":{"rendered":"GRUSHT SHTETI"},"content":{"rendered":"<p><img loading=\"lazy\" decoding=\"async\" class=\"alignright size-full wp-image-5916\" title=\"grusht_shteti\" src=\"http:\/\/fjala.shkoder.net\/wp-content\/uploads\/2011\/01\/grusht_shteti.png\" alt=\"\" width=\"386\" height=\"345\" \/><strong>GRUSHT SHTETI &#8211; fejton<\/strong><\/p>\n<p><em>Kushdo q\u00eb e ngre grushtin lart akuzohet p\u00ebr Grusht Shteti<\/em><\/p>\n<p>Nga <strong>K.TRABOINI<\/strong><\/p>\n<p>Isha n\u00eb kafe &#8220;Universi&#8221;, n\u00eb nj\u00eb kompleks t\u00eb ri modern n\u00eb Tiran\u00eb, ku nj\u00eb ekran i madh TV Plazma mbulonte t\u00ebr\u00eb faqen e murit.U k\u00ebnaqa. Krejt si n\u00eb Boston, madje edhe pak m\u00eb mir\u00eb. Pastaj u kujtova se atje n\u00eb Boston ku kisha koh\u00eb un\u00eb t\u00eb shkoja n\u00eb kafene t\u00eb k\u00ebtij lloji. Luks fare. M\u00eb pelqeu konforti e ndenja pa\u00e7, p\u00ebr shtat\u00eb pal\u00eb qejfe. \u201cShqip\u00ebri kush si ti\u201d- thash\u00eb n\u00ebn z\u00eb por m\u00eb d\u00ebgjuan. N\u00eb t\u00eb vertet\u00eb un\u00eb me ato fjal\u00eb u ndjeva keq, sikur n\u00eb sht\u00ebpin\u00eb e nj\u00eb t\u00eb varuri t\u00eb kisha p\u00ebrm\u00ebndur litarin, ndaj ca fytyra t\u00eb eg\u00ebrsuara q\u00eb ja kishin ngjitur syt\u00eb TV Plasma, u kthyen nga un\u00eb e m\u00eb pan\u00eb me dyshim. Kishin t\u00eb drejt\u00eb. Opozita kish mbledhur popullin, ca thon\u00eb e kish nd\u00ebrsyer, Qeveria nga ana e saj kish b\u00ebr\u00eb t\u00eb pab\u00ebr\u00ebn. Tre t\u00eb vdekur n\u00ebn dh\u00e8. Nj\u00eb n\u00eb spitalin ushtarak as i gjall\u00eb e as i vdekur me plumb n\u00eb kok\u00eb.<\/p>\n<p>U mblodha dhe po d\u00ebgjoja edhe un\u00eb si t\u00eb tjer\u00ebt \u00e7ka po ndodhte sot n\u00eb k\u00ebt\u00eb Shqip\u00ebrin\u00eb ton\u00eb fam\u00ebmadhe. Than\u00eb se Berisha u kish dh\u00ebne \u201camnisti\u201d opozitar\u00ebve por ve\u00e7 Edi Ram\u00ebn nuk e falte, se ky me Shikun, Prokurorin\u00eb dhe 200 halabak\u00eb si komunista lule kishin b\u00ebr\u00eb grusht shteti p\u00ebr ti marr\u00eb kolltukun. Po a merret kolltuku?! Jo bre! Se kolltuku \u00ebsht\u00eb si Atdheu, q\u00eb si\u00e7 thon\u00eb, as nuk ta shes e as nuk ta fali. Than\u00eb edhe se po binte bor\u00eb e madhe deri 2 metra n\u00eb Puk\u00eb. Eh, thash\u00eb me vete, luft\u00eb me bor\u00ebn andej e luft\u00eb me kolltuk\u00ebt k\u00ebndej. Q\u00eb dymij\u00eb vjet nuk na u ndan\u00eb luftrat.<\/p>\n<p>Isha duke rufitur nj\u00eb ekspres makiato kur emisioni kish ndrruar faqe..Kur \u00e7far\u00eb t\u00eb shoh. T\u00eb njohurin tim t\u00eb vjet\u00ebr Frrok Ka\u00e7upi. Kisha d\u00ebgjuar se ky shoku Frrok ishte si nj\u00eb ad interim n\u00eb Qeveri dhe i ka z\u00ebn\u00eb televizionet me rradh\u00eb, se, si\u00e7 m\u00eb tha nj\u00eb njeri pran\u00eb meje &#8211; do a nuk do, at\u00eb do t\u00eb d\u00ebgjosh se \u00ebsht\u00eb i p\u00ebrnatsh\u00ebm.<\/p>\n<p>Sapo u ul, fjala e par\u00eb ishte mbrojtja e Qeveris\u00eb.<br \/>\n&#8211; Bravo Frrok!- tha nj\u00ebri.<br \/>\n&#8211; Posht Frroku!- tha nj\u00eb tjet\u00ebr.<br \/>\nUn\u00eb po rrija n\u00eb nj\u00eb an\u00eb se e di q\u00eb kur zihen dy vet\u00eb e ha i treti. Dhe i treti isha un\u00eb. Por kur e pash\u00eb se u zbuten gjakrat, pyeta kinse nuk e dija Frrok Ka\u00e7upin.<br \/>\n&#8211; Mos \u00ebsht\u00eb z\u00ebdh\u00ebn\u00ebs i kryeministris\u00eb.<br \/>\n&#8211; Jo- m\u00eb than\u00eb-, por e b\u00ebn gratis. Badiava fare.<br \/>\n&#8211; Fix fare- shtoi nj\u00eb tjet\u00ebr. N\u00eb kafene plasi gazi. Jo gazi lotsjell\u00ebs por e qeshura, se jemi n\u00eb koh\u00eb lufte e gj\u00ebrat mund t\u00eb ngatrrohen.<\/p>\n<p>&#8211; Pun\u00eb vullnetare si n\u00eb koh\u00eb t\u00eb Enverit? \u2013 i pyeta me dyshim.<br \/>\nM\u00eb shikuan me habi se kujt ja mban t\u00eb kritikoj\u00eb Frrokun. Pastaj, gjysma e kafenes ishte me spiun\u00eb t\u00eb qeveris\u00eb dhe nuk kishin nd\u00ebrm\u00ebnt ta p\u00ebsonin si Shvejku, se si e kush e dhjer\u00eb portretin e kryeqeveritarit t\u00eb kryeqytetit perandorak, ani pse nuk kishte pik\u00eb mize n\u00eb janar.<br \/>\n&#8211; Edhe k\u00ebshtu edhe ashtu- ma kthyen- ai Agon e Per\u00ebndon n\u00eb nj\u00eb cik\u00ebl t\u00eb pambaruar.<br \/>\nPo ku i mirrja vesh un\u00eb i humburi matan\u00eb oqeanit Agimet e Per\u00ebndimet e Frrokut.<\/p>\n<p>&#8211; Ricikling- u thash\u00eb anglisht, si tu thosha \u201cEureka!\u201d, duke harruar se nuk isha n\u00eb Boston por n\u00eb Tiran\u00eb.<br \/>\n&#8211; Jes men!- ma ktheu kamarjerja bukuroshe buz\u00ebgaz.<br \/>\n&#8211; Si \u00ebsht\u00eb e mundur- u thash\u00eb- se Frrok Ka\u00e7upin e njoh mir\u00eb, po nuk ja mbushe sapllaken nuk e luan t\u00eb ngrat\u00ebn<\/p>\n<p>&#8211; Frroku \u00ebsht\u00eb monument kulture. Mbrohet nga Qeveria &#8211; m\u00eb than\u00eb nj\u00eb z\u00ebri si t\u00eb ishin deputet\u00ebt n\u00eb pushtet kur miratojn\u00eb vendimet e partis\u00eb s\u00eb vet.<br \/>\n&#8211; Po ku mblla\u00e7itet -u thash\u00eb.- Ku e ka taxhin\u00eb gazepi ?<br \/>\nPor m\u00eb kot pyeta. Askush nuk m\u00eb tregoi se \u00e7far\u00eb burimesh ka ky Frrok.<br \/>\nPash\u00eb \u00e7&#8217;pash e u thash\u00eb:<br \/>\n&#8211; M\u00eb falni por ne q\u00eb kemi nj\u00ebzet vjet jasht\u00eb shtetit, jemi m\u00ebsuar t\u00eb njohim tjetrin n\u00eb baz\u00eb t\u00eb pun\u00ebs e jo t\u00eb gun\u00ebs. Pun\u00ebs s\u00eb p\u00ebrditshme e \u00e7ekut t\u00eb p\u00ebrjavsh\u00ebm. Se jasht\u00eb po nuk punove nuk ha.<\/p>\n<p>&#8211; Po k\u00ebtu n\u00eb Shqip\u00ebri ha edhe pa punuar- ma kthyen pa e prishur terezin\u00eb.<br \/>\n&#8211; Si k\u00ebshtu?- pyeta.<br \/>\n&#8211; Han\u00eb me llap\u00eb.<br \/>\n&#8211; Po llap kan\u00eb qent\u00eb \u2013 ua ktheva.<br \/>\n&#8211; Ohu dhe ti, k\u00ebta jan\u00eb qen\u00eb e shkuar qensh. Lehin p\u00ebr t\u00eb zotin.<br \/>\nI thirra mendjes. Po p\u00ebr k\u00ebt\u00eb i shoh p\u00ebr nat\u00eb k\u00ebtu &#8220;majtas djathtas&#8221;.<\/p>\n<p>Po le t\u00eb ndjekim bised\u00ebn televizive rreth tryez\u00ebs politike t\u00eb dat\u00ebs 24 janar n\u00eb mbr\u00ebmje. Sa u ul Frroku n\u00eb karrike, pa i montuar mir\u00eb mikrofonin brofi n\u00eb k\u00ebmb\u00eb. Tham\u00eb karrikja do t\u00eb kish pas\u00eb ndonj\u00eb gozhd\u00eb e i mjeri do t\u00eb jet\u00eb shpuar n\u00eb vend t\u00eb keq. Por u gabuam. T\u00eb prapmen Frroku e kishte n\u00eb rregull.<br \/>\n&#8211; Esht\u00eb grusht shteti &#8211; tha Frroku.- dhe pik\u00eb.<br \/>\n&#8211; Po, dale mo Frrok, &#8211; i thosh Pre\u00e7 Zogaj &#8211; ku ka grusht shteti me \u00e7adra shiu?<\/p>\n<p>Po ku i hante koka sqepar Frrokut. Ka nj\u00eb kok\u00eb ai. Grusht- shteti se s&#8217;b\u00ebn.<br \/>\nMu kujtua kryengritja fshatare-agrare-qyqare-qytetare e vitit 1997 ku Frroku n\u00eb Vlor\u00eb ishte eksponent i madh fare e mbante fjalime si Robespjeri n\u00eb Paris. N\u00eb Vlor\u00eb e Tepelen\u00eb ishin rr\u00ebmbyer arm\u00eb, autoblinda e tanke. Por Frroku harron. Harron se ashtu ja do interesi. Simbas Frrokut ai atje n\u00eb Vlor\u00eb nuk ka q\u00ebn\u00eb fare grusht shtetit sepse ai ishte me tanke e topa, ishin rr\u00ebmbyer edhe rraketat, ndersa ky me 21 janar ishte me \u00e7adra e ristela, grusht shteti i mir\u00ebfillt\u00eb.<\/p>\n<p>U mundua i miri Pre\u00e7 Zogaj ta qetesoj\u00eb e ti thoj\u00eb se nj\u00eb grusht shtetit b\u00ebhet nga nj\u00eb pjes\u00eb e pushtetit mbi pjes\u00ebn tjet\u00ebr t\u00eb cil\u00ebn e nxjerr jasht\u00eb loje, e burgos, e ekzekuton, dhe merr pushtetin n\u00eb m\u00ebnyr\u00eb t\u00eb jasht\u00ebligj\u00ebshme. Se nuk mund t\u00eb merret pushteti, as t\u00eb realizohet nj\u00eb grusht shteti me \u00e7adra shiu. Po Frroku \u00ebsht\u00eb Frrok. Edhe kok\u00ebn e ka Frrok. Dhe duhet t\u00eb gjith\u00eb t\u00eb mendojn\u00eb si Frrok. Se grusht shtetiit, sipas kok\u00ebfrrokut mund t\u00eb realizohet edhe me \u00e7adra shiu, por shkoj m\u00eb tej kur tha se n\u00eb miting kish njer\u00ebz me arm\u00eb. U treguan foto t\u00eb serviruara nga policia (vidio monitori jepte pa pushim kronikat e demostrat\u00ebs) por ato dukeshin ashiqare se ishin \u00e7adra shiu q\u00eb mblidhen e t\u00eb futura n\u00ebn rrip t\u00eb pantallonave dhe specialist\u00ebve t\u00eb policis\u00eb u dukeshin si pistoleta.<\/p>\n<p>Dyshime i kishin dhe ata. Gj\u00eb t\u00eb sakt\u00eb nuk ish. Se ndonj\u00ebher\u00eb nga frika t\u00eb duket prifti gomar.<br \/>\nTek e shihja Frokun q\u00eb e mbronte me duar e me k\u00ebmb\u00eb Qeverin\u00eb mu kujtua kur erdhi n\u00eb Athin\u00eb n\u00eb 1995 dhe dridhej nga frika se mos i kish d\u00ebrguar Berisha ndonj\u00eb atentator ta hiqte qafe.<br \/>\nMora p\u00ebrsip\u00ebr nj\u00eb dit\u00eb ta shetisja n\u00eb Athin\u00eb. E kalova n\u00ebp\u00ebr lagjen m\u00eb t\u00eb vjet\u00ebr t\u00eb Athin\u00ebs q\u00eb konsiderohej historikisht si lagje e t\u00eb pasurve, n\u00eb Kolonaq. Prej andej rruga kalon n\u00eb lagjen Plaka dhe m\u00eb tej \u00ebsht\u00eb Akropoli.<\/p>\n<p>Pse m\u00eb fute n\u00eb rrugica, m\u00eb tha i tmerruar nd\u00ebrsa shkonim tek redaksia e gazet\u00ebs ton\u00eb t\u00eb emigranteve shqiptar\u00eb n\u00eb gjuh\u00ebn shqipe &#8220;Egnatia&#8221;. I b\u00ebnte syt\u00eb kat\u00ebr. \u00c7ak\u00ebrr fare. Nj\u00eb andej e nj\u00eb k\u00ebndej. Kudo shihte t\u00eb dyshimt\u00eb. Mos na del njeri n\u00eb rrug\u00eb. I qe mbushun mendja top se Presidenti kish nisur ndonj\u00eb atentator p\u00ebr kok\u00eb t\u00eb Frrokut. Po Presidenti kish aq pun\u00eb sa nuk i binte nd\u00ebrm\u00ebnd p\u00ebr Frrok. Por ama kish edhe frik\u00ebn SHIK-ut. Sa delte njeri nga kthesa ,fytyra e Frrokut si meit. U nxeh. Kthehemi, m\u00eb tha,. ndrrojm\u00eb drejtim. Mora nj\u00eb rrug\u00eb tjet\u00ebr dhe e \u00e7ova n\u00eb Monastiraq. Pun\u00eb pazari.<\/p>\n<p>Ik\u00ebn vitet. E jo pak 15 vjet. Q\u00eb gj\u00ebrat do ndryshojn\u00eb e mendoja por se ta shihja Frrokun q\u00eb mbronte Qeverin\u00eb me t\u00eb nj\u00ebjtin kryeminister si\u00e7 asokohe ish president, nuk e mendoja.Ndaj nuk po merrja vesh cil\u00ebs koh\u00eb po i p\u00ebrkisja n\u00eb at\u00eb kafene.<br \/>\n&#8211; Po kush \u00ebsht\u00eb n\u00eb qeveri, &#8211; pyeta.<br \/>\nNuk e di a m\u00eb mor\u00ebn p\u00ebr t\u00eb marr\u00eb a jo, se un\u00eb jam tap\u00eb nga politika, por p\u00ebrgjigjen me kthyen:<\/p>\n<p>&#8211; Esht\u00eb ai qe ka qene.<br \/>\n&#8211; Po ai ka q\u00ebn\u00eb president \u00e7&#8217;ne tani kryeminist\u00ebr?&#8230;<br \/>\nK\u00ebsaj rradhe pyetjes time nuk ju pergjigj\u00ebn se ju duka drras\u00eb fare.<br \/>\nS&#8217;kisha \u00e7far\u00eb t\u00eb b\u00ebja, e me k\u00eb t\u00eb flisja ndaj degdisa t\u00eb flas me vete kinse i flisja Frrokut:<br \/>\n\u201cFrika n\u00eb b&#8230; at\u00ebher\u00eb, more Frrok, nd\u00ebrsa tani b\u00ebn trimin dhe mbron kryeministrin more Frrok. A b\u00ebn mir\u00eb a b\u00ebn keq puna jote, more Frrok. Por burri s&#8217;b\u00ebhet teneqe, more Frrok.<\/p>\n<p>K\u00ebput edhe kopa\u00e7e fshat\u00e7e, more Frrok. Ja \u00e7far\u00eb the ti more shoku Frrok: Demostrata do t\u00eb thot\u00eb Demon e Monstra, the more Frrok. E gajase UFO-TV q\u00eb drejtonte \u00c7lirim Peka, more Frrok.<br \/>\nKam qeshur me t\u00eb madhe, more Frrok. Se ti i kishe mik grek\u00ebt kund\u00ebr Presidentit n\u00eb 1997, more Frrok. Si s&#8217;ta m\u00ebsuan fjal\u00ebn Demos, more Frrok. Demos do t\u00eb thot\u00eb popull e jo Demone e as Monstra , more Frrok.<\/p>\n<p>Ti nuk je krejt i pa dal\u00eb, more Frrok. Si ti tha goja ato fjal\u00eb, more Frrok. Demokraci do t\u00eb thot\u00eb pushteti i popullit, more Frrok. Demostrat\u00eb kuptimi i forc\u00ebs s\u00eb k\u00ebtij popull, more Frrok. Q\u00eb populli t\u00eb shpreh forc\u00ebn e vet morale para pusht-pushtetar\u00ebve, more Frrok.<\/p>\n<p>Po ku di ti \u00e7far\u00eb \u00ebsht\u00eb populli, more Frroku. N\u00eb rubrik\u00ebn e pushtetit e partis\u00eb n\u00eb \u201cZ\u00ebri popullit\u201d ke punuar, o more Frrok. At\u00ebhere mbroje Enverin e tani mbron Salierin, more Frrok. Edhe ti edhe ata, q\u00eb t\u00eb tre keni q\u00ebn\u00eb komunist\u00eb, more Frrok.<br \/>\nPo s&#8217;ta mbushi kush kandilen s\u2019e luaj rrotaxhilen, more Frrok. Pun\u00eb zanati e takati, more Frrok. K\u00ebshtu e ka kryeplakun fshati, more Frrok.<br \/>\nN\u00eb k\u00ebt\u00eb vend s\u2019 njeh qeni t\u00eb zon\u00eb more Frrok. Ndaj tek populli sheh Monstra dhe Demon\u00eb, more Frrok.\u201d<\/p>\n<p><em>24 Janar 2011<\/em><\/p>\n<p>http:\/\/traboini-antologji.blogspot.com\/<\/p>\n","protected":false},"excerpt":{"rendered":"<p>GRUSHT SHTETI &#8211; fejton Kushdo q\u00eb e ngre grushtin lart akuzohet p\u00ebr Grusht Shteti Nga K.TRABOINI Isha n\u00eb kafe &#8220;Universi&#8221;, n\u00eb nj\u00eb kompleks t\u00eb ri modern n\u00eb Tiran\u00eb, ku nj\u00eb ekran i madh TV Plazma mbulonte t\u00ebr\u00eb faqen e murit.U k\u00ebnaqa. Krejt si n\u00eb Boston, madje edhe pak m\u00eb mir\u00eb. Pastaj u kujtova se atje [&hellip;]<\/p>\n","protected":false},"author":1,"featured_media":0,"comment_status":"open","ping_status":"closed","sticky":false,"template":"","format":"standard","meta":{"footnotes":""},"categories":[12,7],"tags":[],"class_list":{"0":"post-5915","1":"post","2":"type-post","3":"status-publish","4":"format-standard","6":"category-ese","7":"category-letersi"},"yoast_head":"<!-- This site is optimized with the Yoast SEO plugin v27.4 - https:\/\/yoast.com\/product\/yoast-seo-wordpress\/ -->\n<title>GRUSHT SHTETI - FjALA e LIR\u00cb - Arkivi<\/title>\n<meta name=\"robots\" content=\"index, follow, max-snippet:-1, max-image-preview:large, max-video-preview:-1\" \/>\n<link rel=\"canonical\" href=\"https:\/\/fjala.info\/2009-2015\/grusht-shteti\/\" \/>\n<meta property=\"og:locale\" content=\"sq_AL\" \/>\n<meta property=\"og:type\" content=\"article\" \/>\n<meta property=\"og:title\" content=\"GRUSHT SHTETI - FjALA e LIR\u00cb - Arkivi\" \/>\n<meta property=\"og:description\" content=\"GRUSHT SHTETI &#8211; fejton Kushdo q\u00eb e ngre grushtin lart akuzohet p\u00ebr Grusht Shteti Nga K.TRABOINI Isha n\u00eb kafe &#8220;Universi&#8221;, n\u00eb nj\u00eb kompleks t\u00eb ri modern n\u00eb Tiran\u00eb, ku nj\u00eb ekran i madh TV Plazma mbulonte t\u00ebr\u00eb faqen e murit.U k\u00ebnaqa. Krejt si n\u00eb Boston, madje edhe pak m\u00eb mir\u00eb. Pastaj u kujtova se atje [&hellip;]\" \/>\n<meta property=\"og:url\" content=\"https:\/\/fjala.info\/2009-2015\/grusht-shteti\/\" \/>\n<meta property=\"og:site_name\" content=\"FjALA e LIR\u00cb - Arkivi\" \/>\n<meta property=\"article:published_time\" content=\"2011-01-26T20:58:03+00:00\" \/>\n<meta property=\"og:image\" content=\"http:\/\/fjala.shkoder.net\/wp-content\/uploads\/2011\/01\/grusht_shteti.png\" \/>\n<meta name=\"author\" content=\"admin\" \/>\n<meta name=\"twitter:card\" content=\"summary_large_image\" \/>\n<meta name=\"twitter:label1\" content=\"Written by\" \/>\n\t<meta name=\"twitter:data1\" content=\"admin\" \/>\n\t<meta name=\"twitter:label2\" content=\"Est. reading time\" \/>\n\t<meta name=\"twitter:data2\" content=\"9 minutes\" \/>\n<script type=\"application\/ld+json\" class=\"yoast-schema-graph\">{\"@context\":\"https:\\\/\\\/schema.org\",\"@graph\":[{\"@type\":\"Article\",\"@id\":\"https:\\\/\\\/fjala.info\\\/2009-2015\\\/grusht-shteti\\\/#article\",\"isPartOf\":{\"@id\":\"https:\\\/\\\/fjala.info\\\/2009-2015\\\/grusht-shteti\\\/\"},\"author\":{\"name\":\"admin\",\"@id\":\"https:\\\/\\\/fjala.info\\\/2009-2015\\\/#\\\/schema\\\/person\\\/3aa1163ef05469c496fc94e77611ada2\"},\"headline\":\"GRUSHT SHTETI\",\"datePublished\":\"2011-01-26T20:58:03+00:00\",\"mainEntityOfPage\":{\"@id\":\"https:\\\/\\\/fjala.info\\\/2009-2015\\\/grusht-shteti\\\/\"},\"wordCount\":1783,\"commentCount\":0,\"publisher\":{\"@id\":\"https:\\\/\\\/fjala.info\\\/2009-2015\\\/#organization\"},\"image\":{\"@id\":\"https:\\\/\\\/fjala.info\\\/2009-2015\\\/grusht-shteti\\\/#primaryimage\"},\"thumbnailUrl\":\"http:\\\/\\\/fjala.shkoder.net\\\/wp-content\\\/uploads\\\/2011\\\/01\\\/grusht_shteti.png\",\"articleSection\":[\"Ese\",\"Let\u00ebrsi\"],\"inLanguage\":\"sq-AL\",\"potentialAction\":[{\"@type\":\"CommentAction\",\"name\":\"Comment\",\"target\":[\"https:\\\/\\\/fjala.info\\\/2009-2015\\\/grusht-shteti\\\/#respond\"]}]},{\"@type\":\"WebPage\",\"@id\":\"https:\\\/\\\/fjala.info\\\/2009-2015\\\/grusht-shteti\\\/\",\"url\":\"https:\\\/\\\/fjala.info\\\/2009-2015\\\/grusht-shteti\\\/\",\"name\":\"GRUSHT SHTETI - FjALA e LIR\u00cb - Arkivi\",\"isPartOf\":{\"@id\":\"https:\\\/\\\/fjala.info\\\/2009-2015\\\/#website\"},\"primaryImageOfPage\":{\"@id\":\"https:\\\/\\\/fjala.info\\\/2009-2015\\\/grusht-shteti\\\/#primaryimage\"},\"image\":{\"@id\":\"https:\\\/\\\/fjala.info\\\/2009-2015\\\/grusht-shteti\\\/#primaryimage\"},\"thumbnailUrl\":\"http:\\\/\\\/fjala.shkoder.net\\\/wp-content\\\/uploads\\\/2011\\\/01\\\/grusht_shteti.png\",\"datePublished\":\"2011-01-26T20:58:03+00:00\",\"breadcrumb\":{\"@id\":\"https:\\\/\\\/fjala.info\\\/2009-2015\\\/grusht-shteti\\\/#breadcrumb\"},\"inLanguage\":\"sq-AL\",\"potentialAction\":[{\"@type\":\"ReadAction\",\"target\":[\"https:\\\/\\\/fjala.info\\\/2009-2015\\\/grusht-shteti\\\/\"]}]},{\"@type\":\"ImageObject\",\"inLanguage\":\"sq-AL\",\"@id\":\"https:\\\/\\\/fjala.info\\\/2009-2015\\\/grusht-shteti\\\/#primaryimage\",\"url\":\"http:\\\/\\\/fjala.shkoder.net\\\/wp-content\\\/uploads\\\/2011\\\/01\\\/grusht_shteti.png\",\"contentUrl\":\"http:\\\/\\\/fjala.shkoder.net\\\/wp-content\\\/uploads\\\/2011\\\/01\\\/grusht_shteti.png\"},{\"@type\":\"BreadcrumbList\",\"@id\":\"https:\\\/\\\/fjala.info\\\/2009-2015\\\/grusht-shteti\\\/#breadcrumb\",\"itemListElement\":[{\"@type\":\"ListItem\",\"position\":1,\"name\":\"Home\",\"item\":\"https:\\\/\\\/fjala.info\\\/2009-2015\\\/\"},{\"@type\":\"ListItem\",\"position\":2,\"name\":\"GRUSHT SHTETI\"}]},{\"@type\":\"WebSite\",\"@id\":\"https:\\\/\\\/fjala.info\\\/2009-2015\\\/#website\",\"url\":\"https:\\\/\\\/fjala.info\\\/2009-2015\\\/\",\"name\":\"FjALA e LIR\u00cb - Arkivi\",\"description\":\"Arkivi 2009-2015\",\"publisher\":{\"@id\":\"https:\\\/\\\/fjala.info\\\/2009-2015\\\/#organization\"},\"potentialAction\":[{\"@type\":\"SearchAction\",\"target\":{\"@type\":\"EntryPoint\",\"urlTemplate\":\"https:\\\/\\\/fjala.info\\\/2009-2015\\\/?s={search_term_string}\"},\"query-input\":{\"@type\":\"PropertyValueSpecification\",\"valueRequired\":true,\"valueName\":\"search_term_string\"}}],\"inLanguage\":\"sq-AL\"},{\"@type\":\"Organization\",\"@id\":\"https:\\\/\\\/fjala.info\\\/2009-2015\\\/#organization\",\"name\":\"FjALA e LIR\u00cb - Arkivi\",\"url\":\"https:\\\/\\\/fjala.info\\\/2009-2015\\\/\",\"logo\":{\"@type\":\"ImageObject\",\"inLanguage\":\"sq-AL\",\"@id\":\"https:\\\/\\\/fjala.info\\\/2009-2015\\\/#\\\/schema\\\/logo\\\/image\\\/\",\"url\":\"\",\"contentUrl\":\"\",\"caption\":\"FjALA e LIR\u00cb - Arkivi\"},\"image\":{\"@id\":\"https:\\\/\\\/fjala.info\\\/2009-2015\\\/#\\\/schema\\\/logo\\\/image\\\/\"}},{\"@type\":\"Person\",\"@id\":\"https:\\\/\\\/fjala.info\\\/2009-2015\\\/#\\\/schema\\\/person\\\/3aa1163ef05469c496fc94e77611ada2\",\"name\":\"admin\",\"image\":{\"@type\":\"ImageObject\",\"inLanguage\":\"sq-AL\",\"@id\":\"https:\\\/\\\/fjala.info\\\/2009-2015\\\/wp-content\\\/uploads\\\/2012\\\/02\\\/arben_cokaj-120x150.jpg\",\"url\":\"https:\\\/\\\/fjala.info\\\/2009-2015\\\/wp-content\\\/uploads\\\/2012\\\/02\\\/arben_cokaj-120x150.jpg\",\"contentUrl\":\"https:\\\/\\\/fjala.info\\\/2009-2015\\\/wp-content\\\/uploads\\\/2012\\\/02\\\/arben_cokaj-120x150.jpg\",\"caption\":\"admin\"},\"description\":\"Admin, Fjala e Lir\u00eb\",\"sameAs\":[\"https:\\\/\\\/fjala.info\\\/\"],\"url\":\"https:\\\/\\\/fjala.info\\\/2009-2015\\\/author\\\/admin\\\/\"}]}<\/script>\n<!-- \/ Yoast SEO plugin. -->","yoast_head_json":{"title":"GRUSHT SHTETI - FjALA e LIR\u00cb - Arkivi","robots":{"index":"index","follow":"follow","max-snippet":"max-snippet:-1","max-image-preview":"max-image-preview:large","max-video-preview":"max-video-preview:-1"},"canonical":"https:\/\/fjala.info\/2009-2015\/grusht-shteti\/","og_locale":"sq_AL","og_type":"article","og_title":"GRUSHT SHTETI - FjALA e LIR\u00cb - Arkivi","og_description":"GRUSHT SHTETI &#8211; fejton Kushdo q\u00eb e ngre grushtin lart akuzohet p\u00ebr Grusht Shteti Nga K.TRABOINI Isha n\u00eb kafe &#8220;Universi&#8221;, n\u00eb nj\u00eb kompleks t\u00eb ri modern n\u00eb Tiran\u00eb, ku nj\u00eb ekran i madh TV Plazma mbulonte t\u00ebr\u00eb faqen e murit.U k\u00ebnaqa. Krejt si n\u00eb Boston, madje edhe pak m\u00eb mir\u00eb. Pastaj u kujtova se atje [&hellip;]","og_url":"https:\/\/fjala.info\/2009-2015\/grusht-shteti\/","og_site_name":"FjALA e LIR\u00cb - Arkivi","article_published_time":"2011-01-26T20:58:03+00:00","og_image":[{"url":"http:\/\/fjala.shkoder.net\/wp-content\/uploads\/2011\/01\/grusht_shteti.png","type":"","width":"","height":""}],"author":"admin","twitter_card":"summary_large_image","twitter_misc":{"Written by":"admin","Est. reading time":"9 minutes"},"schema":{"@context":"https:\/\/schema.org","@graph":[{"@type":"Article","@id":"https:\/\/fjala.info\/2009-2015\/grusht-shteti\/#article","isPartOf":{"@id":"https:\/\/fjala.info\/2009-2015\/grusht-shteti\/"},"author":{"name":"admin","@id":"https:\/\/fjala.info\/2009-2015\/#\/schema\/person\/3aa1163ef05469c496fc94e77611ada2"},"headline":"GRUSHT SHTETI","datePublished":"2011-01-26T20:58:03+00:00","mainEntityOfPage":{"@id":"https:\/\/fjala.info\/2009-2015\/grusht-shteti\/"},"wordCount":1783,"commentCount":0,"publisher":{"@id":"https:\/\/fjala.info\/2009-2015\/#organization"},"image":{"@id":"https:\/\/fjala.info\/2009-2015\/grusht-shteti\/#primaryimage"},"thumbnailUrl":"http:\/\/fjala.shkoder.net\/wp-content\/uploads\/2011\/01\/grusht_shteti.png","articleSection":["Ese","Let\u00ebrsi"],"inLanguage":"sq-AL","potentialAction":[{"@type":"CommentAction","name":"Comment","target":["https:\/\/fjala.info\/2009-2015\/grusht-shteti\/#respond"]}]},{"@type":"WebPage","@id":"https:\/\/fjala.info\/2009-2015\/grusht-shteti\/","url":"https:\/\/fjala.info\/2009-2015\/grusht-shteti\/","name":"GRUSHT SHTETI - FjALA e LIR\u00cb - Arkivi","isPartOf":{"@id":"https:\/\/fjala.info\/2009-2015\/#website"},"primaryImageOfPage":{"@id":"https:\/\/fjala.info\/2009-2015\/grusht-shteti\/#primaryimage"},"image":{"@id":"https:\/\/fjala.info\/2009-2015\/grusht-shteti\/#primaryimage"},"thumbnailUrl":"http:\/\/fjala.shkoder.net\/wp-content\/uploads\/2011\/01\/grusht_shteti.png","datePublished":"2011-01-26T20:58:03+00:00","breadcrumb":{"@id":"https:\/\/fjala.info\/2009-2015\/grusht-shteti\/#breadcrumb"},"inLanguage":"sq-AL","potentialAction":[{"@type":"ReadAction","target":["https:\/\/fjala.info\/2009-2015\/grusht-shteti\/"]}]},{"@type":"ImageObject","inLanguage":"sq-AL","@id":"https:\/\/fjala.info\/2009-2015\/grusht-shteti\/#primaryimage","url":"http:\/\/fjala.shkoder.net\/wp-content\/uploads\/2011\/01\/grusht_shteti.png","contentUrl":"http:\/\/fjala.shkoder.net\/wp-content\/uploads\/2011\/01\/grusht_shteti.png"},{"@type":"BreadcrumbList","@id":"https:\/\/fjala.info\/2009-2015\/grusht-shteti\/#breadcrumb","itemListElement":[{"@type":"ListItem","position":1,"name":"Home","item":"https:\/\/fjala.info\/2009-2015\/"},{"@type":"ListItem","position":2,"name":"GRUSHT SHTETI"}]},{"@type":"WebSite","@id":"https:\/\/fjala.info\/2009-2015\/#website","url":"https:\/\/fjala.info\/2009-2015\/","name":"FjALA e LIR\u00cb - Arkivi","description":"Arkivi 2009-2015","publisher":{"@id":"https:\/\/fjala.info\/2009-2015\/#organization"},"potentialAction":[{"@type":"SearchAction","target":{"@type":"EntryPoint","urlTemplate":"https:\/\/fjala.info\/2009-2015\/?s={search_term_string}"},"query-input":{"@type":"PropertyValueSpecification","valueRequired":true,"valueName":"search_term_string"}}],"inLanguage":"sq-AL"},{"@type":"Organization","@id":"https:\/\/fjala.info\/2009-2015\/#organization","name":"FjALA e LIR\u00cb - Arkivi","url":"https:\/\/fjala.info\/2009-2015\/","logo":{"@type":"ImageObject","inLanguage":"sq-AL","@id":"https:\/\/fjala.info\/2009-2015\/#\/schema\/logo\/image\/","url":"","contentUrl":"","caption":"FjALA e LIR\u00cb - Arkivi"},"image":{"@id":"https:\/\/fjala.info\/2009-2015\/#\/schema\/logo\/image\/"}},{"@type":"Person","@id":"https:\/\/fjala.info\/2009-2015\/#\/schema\/person\/3aa1163ef05469c496fc94e77611ada2","name":"admin","image":{"@type":"ImageObject","inLanguage":"sq-AL","@id":"https:\/\/fjala.info\/2009-2015\/wp-content\/uploads\/2012\/02\/arben_cokaj-120x150.jpg","url":"https:\/\/fjala.info\/2009-2015\/wp-content\/uploads\/2012\/02\/arben_cokaj-120x150.jpg","contentUrl":"https:\/\/fjala.info\/2009-2015\/wp-content\/uploads\/2012\/02\/arben_cokaj-120x150.jpg","caption":"admin"},"description":"Admin, Fjala e Lir\u00eb","sameAs":["https:\/\/fjala.info\/"],"url":"https:\/\/fjala.info\/2009-2015\/author\/admin\/"}]}},"_links":{"self":[{"href":"https:\/\/fjala.info\/2009-2015\/wp-json\/wp\/v2\/posts\/5915","targetHints":{"allow":["GET"]}}],"collection":[{"href":"https:\/\/fjala.info\/2009-2015\/wp-json\/wp\/v2\/posts"}],"about":[{"href":"https:\/\/fjala.info\/2009-2015\/wp-json\/wp\/v2\/types\/post"}],"author":[{"embeddable":true,"href":"https:\/\/fjala.info\/2009-2015\/wp-json\/wp\/v2\/users\/1"}],"replies":[{"embeddable":true,"href":"https:\/\/fjala.info\/2009-2015\/wp-json\/wp\/v2\/comments?post=5915"}],"version-history":[{"count":0,"href":"https:\/\/fjala.info\/2009-2015\/wp-json\/wp\/v2\/posts\/5915\/revisions"}],"wp:attachment":[{"href":"https:\/\/fjala.info\/2009-2015\/wp-json\/wp\/v2\/media?parent=5915"}],"wp:term":[{"taxonomy":"category","embeddable":true,"href":"https:\/\/fjala.info\/2009-2015\/wp-json\/wp\/v2\/categories?post=5915"},{"taxonomy":"post_tag","embeddable":true,"href":"https:\/\/fjala.info\/2009-2015\/wp-json\/wp\/v2\/tags?post=5915"}],"curies":[{"name":"wp","href":"https:\/\/api.w.org\/{rel}","templated":true}]}}