{"id":5912,"date":"2011-01-26T21:45:28","date_gmt":"2011-01-26T20:45:28","guid":{"rendered":"http:\/\/fjala.shkoder.net\/?p=5912"},"modified":"2011-01-26T21:45:28","modified_gmt":"2011-01-26T20:45:28","slug":"un%d1%91-di","status":"publish","type":"post","link":"https:\/\/fjala.info\/2009-2015\/un%d1%91-di\/","title":{"rendered":"UN\u0401 DI"},"content":{"rendered":"<p><strong>Mitat Shuli<\/strong><\/p>\n<p>Un\u00eb di q\u00eb tre Shqiptar\u00eb t\u00eb mir\u00eb u vran\u00eb p\u00ebrpara kryeministris\u00eb,u vran\u00eb sepse mor\u00ebn pjes\u00eb n\u00eb protest\u00ebn e opozit\u00ebs p\u00ebr ti th\u00ebn\u00eb Berish\u00ebs ik.Faji i tyre n\u00eb nj\u00eb Shqip\u00ebri ku t\u00eb zot\u00eb e t\u00eb aft\u00eb jan\u00eb ata q\u00eb b\u00ebjn\u00eb vila e miliona n\u00ebp\u00ebrmjet pla\u00e7kitjes e krimit ishte se protestuan.Faji i protestuesve \u00ebsht\u00eb se jan\u00eb t\u00eb papun\u00eb e i kan\u00eb f\u00ebmij\u00ebt pa buk\u00eb.<\/p>\n<p>Un\u00eb e di se kush e gjakosi Shqip\u00ebrin\u00eb n\u00eb 21 janar 2011.<\/p>\n<p>Un\u00eb di kush e gjakosi at\u00eb bulevard q\u00eb nuk u gjakos as n\u00eb 1990-\u00ebn.Un\u00eb nuk di kush shkrepi arm\u00ebn,emrin e vras\u00ebsit fizik dhe as kush dha urdh\u00ebr por di guzhin\u00ebn q\u00eb i prodhon n\u00eb m\u00ebnyr\u00eb ciklike k\u00ebto krime.<\/p>\n<p>Un\u00eb nuk e dija q\u00eb do t\u00eb ndodhte ajo q\u00eb ndodhi aq m\u00eb tep\u00ebr n\u00eb k\u00ebt\u00eb m\u00ebnyr\u00eb dhe pa asnj\u00eb motiv,jasht\u00eb kryeministris\u00eb q\u00eb kryeministri kujton se ja ka l\u00ebn\u00eb e j\u00ebma, por ja kisha frik\u00ebn.Oborrtar\u00ebt kishin dit\u00eb q\u00eb paralajm\u00ebronin opozit\u00ebn se do mbante p\u00ebrgjegj\u00ebsi.P\u00ebr \u00e7far\u00eb? N\u00eb angli shkat\u00ebrruan plot\u00ebsisht selin\u00eb e Partis\u00eb Konservatore t\u00eb Kryeministrit David Cameron por nuk d\u00ebgjuam p\u00ebr t\u00eb vrar\u00eb.<\/p>\n<p>Un\u00eb di kush e gjakosi Shqip\u00ebrin\u00eb n\u00eb 15 mars 2008 n\u00eb at\u00eb q\u00eb tashm\u00eb po harrohet dhe po b\u00ebhet teat\u00ebr e p\u00ebrqeshje cinike e t\u00eb fort\u00ebve dhe pse vazhdojm\u00eb ta th\u00ebrrasim tragjedia e G\u00ebrdecit.Un\u00eb di pse drejt\u00ebsia nuk ve drejt\u00ebsi p\u00ebr tragjedin\u00eb e G\u00ebrdecit,dhe meq\u00eb jemi ketu a ua sekuestroi t\u00eb gjitha arm\u00ebt drejt\u00ebsia dje rojeve q\u00eb shtin\u00eb pra polic\u00ebve e ushtarak\u00ebve q\u00eb ruanin kryeministrin\u00eb p\u00ebrball\u00eb protestuesve t\u00eb pa armatosur?<\/p>\n<p>Un\u00eb di q\u00eb Ilir Meta pati th\u00ebn\u00eb se masakra e G\u00ebrdecit nuk ka p\u00ebr t\u00eb patur drejt\u00ebsi p\u00ebrderisa Berisha t\u00eb jet\u00eb n\u00eb pushtet,paska patur t\u00eb drejt\u00eb.Un\u00eb nuk di si do ti vej\u00eb k\u00ebt\u00eb radh\u00eb por kam frik\u00eb.<br \/>\nUn\u00eb di kush vrau Azem Hajdarin 13 vjet m\u00eb par\u00eb.Un\u00eb di kush dha urdh\u00ebr q\u00eb t\u00eb sulmohej me tank e t\u00eb digjej kryeministria, pa ndonj\u00eb video korrupsioni p\u00ebr pushtetar\u00ebt pa asnj\u00eb motiv, duke l\u00ebn\u00eb arkivolin e Azemit n\u00eb rrug\u00eb e pa ju hyr\u00eb gjemb n\u00eb k\u00ebmb\u00eb.<\/p>\n<p>Un\u00eb di se kush e p\u00ebrmbyti Shkodr\u00ebn dhe sot mundohet t\u00eb na ndaj\u00eb p\u00ebrs\u00ebri n\u00eb jug e veri.<br \/>\nUn\u00eb e di pse Ministria e Ekonomis\u00eb Trasportit dhe Energjitik\u00ebs \u00ebsht\u00eb p\u00ebrs\u00ebri n\u00eb duart e Ilir Met\u00ebs.Un\u00eb di pse Meta shiti votat e atyre q\u00eb e votuan p\u00ebr t\u00eb shporrur Berish\u00ebn.<br \/>\nUn\u00eb di pse kjo qeveri ndan me p\u00ebrqindje pushtetin me Ilir Met\u00ebn nj\u00eblloj si bandat mafioze p\u00ebrqindjet e zullumeve n\u00eb territorin e n\u00ebp\u00ebrk\u00ebmbur.<\/p>\n<p>Un\u00eb di se kush ka karburantet, kush ka zhvatur minierat, guroret, fshatrat turistik\u00eb apo hidrocentralet.Un\u00eb i di pazaret e Met\u00ebs apo Bregut, t\u00eb Bodes apo Rulit,Argit\u00ebs dhe Shk\u00eblzenit,t\u00eb Mejdiut dhe t\u00eb Priftit.<\/p>\n<p>Un\u00eb di se kush ka 20 vjet q\u00eb mbjell strategjin\u00eb e tensionit e t\u00eb luft\u00ebs pa fund,se kush i vjedh zgjedhjet e nuk na le t\u00eb zgjedhim.Un\u00eb di pse qeveriset sikur nes\u00ebr do b\u00ebhet kiameti.Si i lindur n\u00eb Mok\u00ebr e banues n\u00eb Elbasan un\u00eb di pse i vet\u00ebem\u00ebruari deputet i Mokr\u00ebs (pasi ligji i \u201cmir\u00eb\u201d nuk na lejon t\u00eb zgjedhim nj\u00ebrin nga kandidat\u00ebt e forcave politike p\u00ebr zon\u00ebn por duhet t\u00eb votojm\u00eb n\u00eb thes si qark dhe list\u00ebn e deputet\u00ebve te qarkut n\u00eb k\u00ebt\u00eb rast t\u00eb Kor\u00e7\u00ebs e b\u00ebn Ai i madhi fare) si dhe deputet\u00ebt e Elbasanit nuk k\u00ebrkuan dor\u00ebheqjen e Met\u00ebs pas videos vrastare q\u00eb trembi pushtetin.Sepse i vetmi paramet\u00ebr mat\u00ebs n\u00eb PD \u00ebsht\u00eb besnik\u00ebria ndaj Bosit.<\/p>\n<p>Un\u00eb di pse PD-ja nuk ka asnj\u00eb organiz\u00ebm demokratik dhe se meritokracia atje nuk ekziston.<br \/>\nUn\u00eb i di t\u00eb gjitha k\u00ebto si\u00e7 i din\u00eb t\u00eb gjith\u00eb shqiptar\u00ebt.T\u00eb gjitha k\u00ebto i kam par\u00eb, lexuar apo d\u00ebgjuar.T\u00eb gjitha k\u00ebto JU i dini .Pas lajmit se videon e famshme do ta ekzaminoj\u00eb nj\u00eb grup ekspert\u00ebsh Amerikan\u00eb nj\u00eb lexues komentonte \u201cshpresojme t\u00eb mos jen\u00eb t\u00eb nj\u00ebjtit e Kosta Trebick\u00ebs\u201d d\u00ebshmitari ky\u00e7 i eliminuar pasi kishte premtuar t\u00eb thosh t\u00eb v\u00ebrtet\u00ebn e G\u00ebrdecit.<\/p>\n<p>Puna \u00ebsht\u00eb q\u00eb duhen th\u00ebn\u00eb, un\u00eb di q\u00eb duhet vrar\u00eb frika edhe sikur t\u00eb na vrasin t\u00eb gjith\u00ebve. Un\u00eb di q\u00eb k\u00ebt\u00eb t\u00eb v\u00ebrtet\u00eb duhet ta thon\u00eb intelektual\u00ebt.Un\u00eb jam nj\u00eb intelektual q\u00eb ndjek se\u00e7 ndodh duke lidhur gj\u00ebrat me nj\u00ebra tjetr\u00ebn.<\/p>\n<p>Un\u00eb di q\u00eb Ilir Meta e p\u00ebrdorte bllokun p\u00ebr t\u00eb nxjerr\u00eb shumat milionare me pazare t\u00eb pista.Di q\u00eb \u00ebsht\u00eb i paguar nga ne t\u00eb papun\u00ebt ,t\u00eb pastreh\u00ebt a t\u00eb vet\u00ebpun\u00ebsuar,rrog\u00ebtar\u00eb q\u00eb sja dalin dot e di q\u00eb shumica e shqiptar\u00ebve se ka votuar.<\/p>\n<p>Un\u00eb di q\u00eb k\u00ebto dit\u00eb pas publikimit t\u00eb videos Meta ka dal\u00eb p\u00ebrdit\u00eb n\u00eb televizor pa turp e p\u00ebr t\u00eb na dhunuar,duke na treguar se nuk i hyn gjemb n\u00eb k\u00ebmb\u00eb e p\u00ebr t\u00eb na treguar se kush \u00ebsht\u00eb i forti n\u00eb k\u00ebt\u00eb vend.<\/p>\n<p>Un\u00eb di si\u00e7 dinte Migjeni dhe Pier Paolo Pazolini q\u00eb k\u00ebta heronj n\u00eb nj\u00eb vend jonormal jan\u00eb \u201cdhurat\u00eb e et\u00ebnve bastard\u00eb\u201d.<br \/>\nUn\u00eb di q\u00eb n\u00eb nj\u00eb vend normal nuk ka nevoj\u00eb p\u00ebr heronj.<\/p>\n<p>Un\u00eb di q\u00eb seanca e fundit e parlamentit veremosi nd\u00ebrgjegjen e kombit,nuk ishte e rastit q\u00eb nga Ki\u00e7o Blushi tek Mustafa Nano shkruanin se u tmerruan kur Kryetarja e Parlamentit zg\u00ebrdhihej nd\u00ebrsa i paudhi ul\u00ebrinte n\u00eb parlament \u201clakuriq,lakuriq\u201d, \u201csillni dhe motrat\u201d, \u201c\u00e7imka\u201d.<\/p>\n<p>Un\u00eb di pse sot nuk jemi nj\u00eb vend demokratik normal e kush na e ka z\u00ebn\u00eb rrug\u00ebn plot 20 vjet e ska nd\u00ebrmend t\u00eb na e liroj\u00eb vet\u00eb.<\/p>\n","protected":false},"excerpt":{"rendered":"<p>Mitat Shuli Un\u00eb di q\u00eb tre Shqiptar\u00eb t\u00eb mir\u00eb u vran\u00eb p\u00ebrpara kryeministris\u00eb,u vran\u00eb sepse mor\u00ebn pjes\u00eb n\u00eb protest\u00ebn e opozit\u00ebs p\u00ebr ti th\u00ebn\u00eb Berish\u00ebs ik.Faji i tyre n\u00eb nj\u00eb Shqip\u00ebri ku t\u00eb zot\u00eb e t\u00eb aft\u00eb jan\u00eb ata q\u00eb b\u00ebjn\u00eb vila e miliona n\u00ebp\u00ebrmjet pla\u00e7kitjes e krimit ishte se protestuan.Faji i protestuesve \u00ebsht\u00eb se [&hellip;]<\/p>\n","protected":false},"author":1,"featured_media":0,"comment_status":"open","ping_status":"closed","sticky":false,"template":"","format":"standard","meta":{"footnotes":""},"categories":[2],"tags":[],"class_list":{"0":"post-5912","1":"post","2":"type-post","3":"status-publish","4":"format-standard","6":"category-artikuj"},"yoast_head":"<!-- This site is optimized with the Yoast SEO plugin v27.4 - https:\/\/yoast.com\/product\/yoast-seo-wordpress\/ -->\n<title>UN\u0401 DI - FjALA e LIR\u00cb - Arkivi<\/title>\n<meta name=\"robots\" content=\"index, follow, max-snippet:-1, max-image-preview:large, max-video-preview:-1\" \/>\n<link rel=\"canonical\" href=\"https:\/\/fjala.info\/2009-2015\/un\u0451-di\/\" \/>\n<meta property=\"og:locale\" content=\"sq_AL\" \/>\n<meta property=\"og:type\" content=\"article\" \/>\n<meta property=\"og:title\" content=\"UN\u0401 DI - FjALA e LIR\u00cb - Arkivi\" \/>\n<meta property=\"og:description\" content=\"Mitat Shuli Un\u00eb di q\u00eb tre Shqiptar\u00eb t\u00eb mir\u00eb u vran\u00eb p\u00ebrpara kryeministris\u00eb,u vran\u00eb sepse mor\u00ebn pjes\u00eb n\u00eb protest\u00ebn e opozit\u00ebs p\u00ebr ti th\u00ebn\u00eb Berish\u00ebs ik.Faji i tyre n\u00eb nj\u00eb Shqip\u00ebri ku t\u00eb zot\u00eb e t\u00eb aft\u00eb jan\u00eb ata q\u00eb b\u00ebjn\u00eb vila e miliona n\u00ebp\u00ebrmjet pla\u00e7kitjes e krimit ishte se protestuan.Faji i protestuesve \u00ebsht\u00eb se [&hellip;]\" \/>\n<meta property=\"og:url\" content=\"https:\/\/fjala.info\/2009-2015\/un\u0451-di\/\" \/>\n<meta property=\"og:site_name\" content=\"FjALA e LIR\u00cb - Arkivi\" \/>\n<meta property=\"article:published_time\" content=\"2011-01-26T20:45:28+00:00\" \/>\n<meta name=\"author\" content=\"admin\" \/>\n<meta name=\"twitter:card\" content=\"summary_large_image\" \/>\n<meta name=\"twitter:label1\" content=\"Written by\" \/>\n\t<meta name=\"twitter:data1\" content=\"admin\" \/>\n\t<meta name=\"twitter:label2\" content=\"Est. reading time\" \/>\n\t<meta name=\"twitter:data2\" content=\"5 minutes\" \/>\n<script type=\"application\/ld+json\" class=\"yoast-schema-graph\">{\"@context\":\"https:\\\/\\\/schema.org\",\"@graph\":[{\"@type\":\"Article\",\"@id\":\"https:\\\/\\\/fjala.info\\\/2009-2015\\\/un%d1%91-di\\\/#article\",\"isPartOf\":{\"@id\":\"https:\\\/\\\/fjala.info\\\/2009-2015\\\/un%d1%91-di\\\/\"},\"author\":{\"name\":\"admin\",\"@id\":\"https:\\\/\\\/fjala.info\\\/2009-2015\\\/#\\\/schema\\\/person\\\/3aa1163ef05469c496fc94e77611ada2\"},\"headline\":\"UN\u0401 DI\",\"datePublished\":\"2011-01-26T20:45:28+00:00\",\"mainEntityOfPage\":{\"@id\":\"https:\\\/\\\/fjala.info\\\/2009-2015\\\/un%d1%91-di\\\/\"},\"wordCount\":1040,\"commentCount\":0,\"publisher\":{\"@id\":\"https:\\\/\\\/fjala.info\\\/2009-2015\\\/#organization\"},\"articleSection\":[\"Artikuj\"],\"inLanguage\":\"sq-AL\",\"potentialAction\":[{\"@type\":\"CommentAction\",\"name\":\"Comment\",\"target\":[\"https:\\\/\\\/fjala.info\\\/2009-2015\\\/un%d1%91-di\\\/#respond\"]}]},{\"@type\":\"WebPage\",\"@id\":\"https:\\\/\\\/fjala.info\\\/2009-2015\\\/un%d1%91-di\\\/\",\"url\":\"https:\\\/\\\/fjala.info\\\/2009-2015\\\/un%d1%91-di\\\/\",\"name\":\"UN\u0401 DI - FjALA e LIR\u00cb - Arkivi\",\"isPartOf\":{\"@id\":\"https:\\\/\\\/fjala.info\\\/2009-2015\\\/#website\"},\"datePublished\":\"2011-01-26T20:45:28+00:00\",\"breadcrumb\":{\"@id\":\"https:\\\/\\\/fjala.info\\\/2009-2015\\\/un%d1%91-di\\\/#breadcrumb\"},\"inLanguage\":\"sq-AL\",\"potentialAction\":[{\"@type\":\"ReadAction\",\"target\":[\"https:\\\/\\\/fjala.info\\\/2009-2015\\\/un%d1%91-di\\\/\"]}]},{\"@type\":\"BreadcrumbList\",\"@id\":\"https:\\\/\\\/fjala.info\\\/2009-2015\\\/un%d1%91-di\\\/#breadcrumb\",\"itemListElement\":[{\"@type\":\"ListItem\",\"position\":1,\"name\":\"Home\",\"item\":\"https:\\\/\\\/fjala.info\\\/2009-2015\\\/\"},{\"@type\":\"ListItem\",\"position\":2,\"name\":\"UN\u0401 DI\"}]},{\"@type\":\"WebSite\",\"@id\":\"https:\\\/\\\/fjala.info\\\/2009-2015\\\/#website\",\"url\":\"https:\\\/\\\/fjala.info\\\/2009-2015\\\/\",\"name\":\"FjALA e LIR\u00cb - Arkivi\",\"description\":\"Arkivi 2009-2015\",\"publisher\":{\"@id\":\"https:\\\/\\\/fjala.info\\\/2009-2015\\\/#organization\"},\"potentialAction\":[{\"@type\":\"SearchAction\",\"target\":{\"@type\":\"EntryPoint\",\"urlTemplate\":\"https:\\\/\\\/fjala.info\\\/2009-2015\\\/?s={search_term_string}\"},\"query-input\":{\"@type\":\"PropertyValueSpecification\",\"valueRequired\":true,\"valueName\":\"search_term_string\"}}],\"inLanguage\":\"sq-AL\"},{\"@type\":\"Organization\",\"@id\":\"https:\\\/\\\/fjala.info\\\/2009-2015\\\/#organization\",\"name\":\"FjALA e LIR\u00cb - Arkivi\",\"url\":\"https:\\\/\\\/fjala.info\\\/2009-2015\\\/\",\"logo\":{\"@type\":\"ImageObject\",\"inLanguage\":\"sq-AL\",\"@id\":\"https:\\\/\\\/fjala.info\\\/2009-2015\\\/#\\\/schema\\\/logo\\\/image\\\/\",\"url\":\"\",\"contentUrl\":\"\",\"caption\":\"FjALA e LIR\u00cb - Arkivi\"},\"image\":{\"@id\":\"https:\\\/\\\/fjala.info\\\/2009-2015\\\/#\\\/schema\\\/logo\\\/image\\\/\"}},{\"@type\":\"Person\",\"@id\":\"https:\\\/\\\/fjala.info\\\/2009-2015\\\/#\\\/schema\\\/person\\\/3aa1163ef05469c496fc94e77611ada2\",\"name\":\"admin\",\"image\":{\"@type\":\"ImageObject\",\"inLanguage\":\"sq-AL\",\"@id\":\"https:\\\/\\\/fjala.info\\\/2009-2015\\\/wp-content\\\/uploads\\\/2012\\\/02\\\/arben_cokaj-120x150.jpg\",\"url\":\"https:\\\/\\\/fjala.info\\\/2009-2015\\\/wp-content\\\/uploads\\\/2012\\\/02\\\/arben_cokaj-120x150.jpg\",\"contentUrl\":\"https:\\\/\\\/fjala.info\\\/2009-2015\\\/wp-content\\\/uploads\\\/2012\\\/02\\\/arben_cokaj-120x150.jpg\",\"caption\":\"admin\"},\"description\":\"Admin, Fjala e Lir\u00eb\",\"sameAs\":[\"https:\\\/\\\/fjala.info\\\/\"],\"url\":\"https:\\\/\\\/fjala.info\\\/2009-2015\\\/author\\\/admin\\\/\"}]}<\/script>\n<!-- \/ Yoast SEO plugin. -->","yoast_head_json":{"title":"UN\u0401 DI - FjALA e LIR\u00cb - Arkivi","robots":{"index":"index","follow":"follow","max-snippet":"max-snippet:-1","max-image-preview":"max-image-preview:large","max-video-preview":"max-video-preview:-1"},"canonical":"https:\/\/fjala.info\/2009-2015\/un\u0451-di\/","og_locale":"sq_AL","og_type":"article","og_title":"UN\u0401 DI - FjALA e LIR\u00cb - Arkivi","og_description":"Mitat Shuli Un\u00eb di q\u00eb tre Shqiptar\u00eb t\u00eb mir\u00eb u vran\u00eb p\u00ebrpara kryeministris\u00eb,u vran\u00eb sepse mor\u00ebn pjes\u00eb n\u00eb protest\u00ebn e opozit\u00ebs p\u00ebr ti th\u00ebn\u00eb Berish\u00ebs ik.Faji i tyre n\u00eb nj\u00eb Shqip\u00ebri ku t\u00eb zot\u00eb e t\u00eb aft\u00eb jan\u00eb ata q\u00eb b\u00ebjn\u00eb vila e miliona n\u00ebp\u00ebrmjet pla\u00e7kitjes e krimit ishte se protestuan.Faji i protestuesve \u00ebsht\u00eb se [&hellip;]","og_url":"https:\/\/fjala.info\/2009-2015\/un\u0451-di\/","og_site_name":"FjALA e LIR\u00cb - Arkivi","article_published_time":"2011-01-26T20:45:28+00:00","author":"admin","twitter_card":"summary_large_image","twitter_misc":{"Written by":"admin","Est. reading time":"5 minutes"},"schema":{"@context":"https:\/\/schema.org","@graph":[{"@type":"Article","@id":"https:\/\/fjala.info\/2009-2015\/un%d1%91-di\/#article","isPartOf":{"@id":"https:\/\/fjala.info\/2009-2015\/un%d1%91-di\/"},"author":{"name":"admin","@id":"https:\/\/fjala.info\/2009-2015\/#\/schema\/person\/3aa1163ef05469c496fc94e77611ada2"},"headline":"UN\u0401 DI","datePublished":"2011-01-26T20:45:28+00:00","mainEntityOfPage":{"@id":"https:\/\/fjala.info\/2009-2015\/un%d1%91-di\/"},"wordCount":1040,"commentCount":0,"publisher":{"@id":"https:\/\/fjala.info\/2009-2015\/#organization"},"articleSection":["Artikuj"],"inLanguage":"sq-AL","potentialAction":[{"@type":"CommentAction","name":"Comment","target":["https:\/\/fjala.info\/2009-2015\/un%d1%91-di\/#respond"]}]},{"@type":"WebPage","@id":"https:\/\/fjala.info\/2009-2015\/un%d1%91-di\/","url":"https:\/\/fjala.info\/2009-2015\/un%d1%91-di\/","name":"UN\u0401 DI - FjALA e LIR\u00cb - Arkivi","isPartOf":{"@id":"https:\/\/fjala.info\/2009-2015\/#website"},"datePublished":"2011-01-26T20:45:28+00:00","breadcrumb":{"@id":"https:\/\/fjala.info\/2009-2015\/un%d1%91-di\/#breadcrumb"},"inLanguage":"sq-AL","potentialAction":[{"@type":"ReadAction","target":["https:\/\/fjala.info\/2009-2015\/un%d1%91-di\/"]}]},{"@type":"BreadcrumbList","@id":"https:\/\/fjala.info\/2009-2015\/un%d1%91-di\/#breadcrumb","itemListElement":[{"@type":"ListItem","position":1,"name":"Home","item":"https:\/\/fjala.info\/2009-2015\/"},{"@type":"ListItem","position":2,"name":"UN\u0401 DI"}]},{"@type":"WebSite","@id":"https:\/\/fjala.info\/2009-2015\/#website","url":"https:\/\/fjala.info\/2009-2015\/","name":"FjALA e LIR\u00cb - Arkivi","description":"Arkivi 2009-2015","publisher":{"@id":"https:\/\/fjala.info\/2009-2015\/#organization"},"potentialAction":[{"@type":"SearchAction","target":{"@type":"EntryPoint","urlTemplate":"https:\/\/fjala.info\/2009-2015\/?s={search_term_string}"},"query-input":{"@type":"PropertyValueSpecification","valueRequired":true,"valueName":"search_term_string"}}],"inLanguage":"sq-AL"},{"@type":"Organization","@id":"https:\/\/fjala.info\/2009-2015\/#organization","name":"FjALA e LIR\u00cb - Arkivi","url":"https:\/\/fjala.info\/2009-2015\/","logo":{"@type":"ImageObject","inLanguage":"sq-AL","@id":"https:\/\/fjala.info\/2009-2015\/#\/schema\/logo\/image\/","url":"","contentUrl":"","caption":"FjALA e LIR\u00cb - Arkivi"},"image":{"@id":"https:\/\/fjala.info\/2009-2015\/#\/schema\/logo\/image\/"}},{"@type":"Person","@id":"https:\/\/fjala.info\/2009-2015\/#\/schema\/person\/3aa1163ef05469c496fc94e77611ada2","name":"admin","image":{"@type":"ImageObject","inLanguage":"sq-AL","@id":"https:\/\/fjala.info\/2009-2015\/wp-content\/uploads\/2012\/02\/arben_cokaj-120x150.jpg","url":"https:\/\/fjala.info\/2009-2015\/wp-content\/uploads\/2012\/02\/arben_cokaj-120x150.jpg","contentUrl":"https:\/\/fjala.info\/2009-2015\/wp-content\/uploads\/2012\/02\/arben_cokaj-120x150.jpg","caption":"admin"},"description":"Admin, Fjala e Lir\u00eb","sameAs":["https:\/\/fjala.info\/"],"url":"https:\/\/fjala.info\/2009-2015\/author\/admin\/"}]}},"_links":{"self":[{"href":"https:\/\/fjala.info\/2009-2015\/wp-json\/wp\/v2\/posts\/5912","targetHints":{"allow":["GET"]}}],"collection":[{"href":"https:\/\/fjala.info\/2009-2015\/wp-json\/wp\/v2\/posts"}],"about":[{"href":"https:\/\/fjala.info\/2009-2015\/wp-json\/wp\/v2\/types\/post"}],"author":[{"embeddable":true,"href":"https:\/\/fjala.info\/2009-2015\/wp-json\/wp\/v2\/users\/1"}],"replies":[{"embeddable":true,"href":"https:\/\/fjala.info\/2009-2015\/wp-json\/wp\/v2\/comments?post=5912"}],"version-history":[{"count":0,"href":"https:\/\/fjala.info\/2009-2015\/wp-json\/wp\/v2\/posts\/5912\/revisions"}],"wp:attachment":[{"href":"https:\/\/fjala.info\/2009-2015\/wp-json\/wp\/v2\/media?parent=5912"}],"wp:term":[{"taxonomy":"category","embeddable":true,"href":"https:\/\/fjala.info\/2009-2015\/wp-json\/wp\/v2\/categories?post=5912"},{"taxonomy":"post_tag","embeddable":true,"href":"https:\/\/fjala.info\/2009-2015\/wp-json\/wp\/v2\/tags?post=5912"}],"curies":[{"name":"wp","href":"https:\/\/api.w.org\/{rel}","templated":true}]}}