{"id":5905,"date":"2011-01-26T11:47:38","date_gmt":"2011-01-26T10:47:38","guid":{"rendered":"http:\/\/fjala.shkoder.net\/?p=5905"},"modified":"2011-01-26T11:47:38","modified_gmt":"2011-01-26T10:47:38","slug":"flamurmbajtesi-i-republikes-se-berishes-dhe-flamurmbajtesi-i-republikes-se-shqiperise","status":"publish","type":"post","link":"https:\/\/fjala.info\/2009-2015\/flamurmbajtesi-i-republikes-se-berishes-dhe-flamurmbajtesi-i-republikes-se-shqiperise\/","title":{"rendered":"Flamurmbajt\u00ebsi i Republik\u00ebs s\u00eb Berish\u00ebs dhe flamurmbajt\u00ebsi i Republik\u00ebs s\u00eb Shqip\u00ebris\u00eb"},"content":{"rendered":"<p><img loading=\"lazy\" decoding=\"async\" class=\"alignright size-medium wp-image-5870\" title=\"me_vrisni_dhe_mua\" src=\"http:\/\/fjala.shkoder.net\/wp-content\/uploads\/2011\/01\/me_vrisni_dhe_mua-300x168.jpg\" alt=\"\" width=\"300\" height=\"168\" \/><br \/>\nNga <strong>Mero Baze<\/strong><\/p>\n<p>K\u00ebt\u00eb shkrim duhet ta shoq\u00ebroj doemos me nj\u00eb foto nga protesta e s\u00eb premtes. Nj\u00eb qytetar shqiptar, emrin e t\u00eb cilit nuk e di akoma, m\u00eb ka impresionuar kur pas shkum\u00ebs s\u00eb eg\u00ebr t\u00eb ujit q\u00eb hidheshin nga dy makina t\u00eb policis\u00eb mbi ta, vraponte i vet\u00ebm mes sheshit t\u00eb zbrazur nga gazi lotsjell\u00ebs dhe uji i makinave me flamur t\u00eb kuq n\u00eb dor\u00eb. Ishte nj\u00eb sken\u00eb paksa epike dhe e dhimbshme, sikur t\u00eb mos nd\u00ebrpritej pak \u00e7aste m\u00eb pas. Nj\u00eb grup polic\u00ebsh special t\u00eb veshur me antiplumb, skafandra, parzmore dhe shkopinj gome ju turr\u00ebn, e rrethuan dhe e masakruan. Ra n\u00eb syt\u00eb tan\u00eb, n\u00eb syt\u00eb e t\u00eb gjith\u00ebve p\u00ebrtok\u00eb bashk\u00eb me flamurin q\u00eb mbante pa e l\u00ebshuar nga dora mes ujit dhe gazit lotsjell\u00ebs, si\u00e7 duket dhe n\u00eb foto.<\/p>\n<p>E rrah\u00ebn barbarisht pa ndjenja dhe e shkel\u00ebn me k\u00ebmb\u00eb flamurin pa ju dhimbsur. Dje m\u00ebsova se nj\u00eb nga k\u00ebta bisha q\u00eb e ka rrahur dhe p\u00ebrdhosur qenka nj\u00eb oficer policie q\u00eb e dekoroi kryeministri si \u201cshp\u00ebtimtar t\u00eb flamurit\u201d, nd\u00ebrkoh\u00eb q\u00eb n\u00eb syt\u00eb tan\u00eb ai ishte vras\u00ebsi dhe p\u00ebrdhos\u00ebsi i flamurmbajt\u00ebsit t\u00eb Republik\u00ebs s\u00eb Shqip\u00ebris\u00eb. Diferenca mes Berish\u00ebs dhe qytetar\u00ebve shqiptar\u00eb sot \u00ebsht\u00eb se ai dekoron nj\u00eb njeri q\u00eb vrau dhe p\u00ebrdhosi nj\u00eb njeri q\u00eb mbante flamurin e Republik\u00ebs son\u00eb dhe e dekoron pasi at\u00eb flamur ia dor\u00ebzoi Republik\u00ebs s\u00eb Sali Berish\u00ebs, q\u00eb \u00ebsht\u00eb shpallur prej dy dit\u00ebsh.<\/p>\n<p>\u00cbsht\u00eb pik\u00ebrisht kjo diferenc\u00eb q\u00eb na b\u00ebn t\u00eb ndjehemi sot se vendi yn\u00eb \u00ebsht\u00eb i ndar\u00eb p\u00ebrfundimisht n\u00eb dy Republika, t\u00eb cilat kan\u00eb hyr\u00eb n\u00eb konflikt me nj\u00ebra- tjetr\u00ebn. Republika e Shqip\u00ebris\u00eb ka President Bamir Topin, Kryeminist\u00ebr Sali Berish\u00ebn, kryeprokurore Ina Ram\u00ebn, Kryetar t\u00eb SHISH-it Bahri Shaqirin, Drejtor t\u00eb P\u00ebrgjithsh\u00ebm t\u00eb Policis\u00eb, Hysen Burgaj, kurse Republika e Sali Berish\u00ebs ka President Sali Berish\u00ebn, kryeminist\u00ebr Sali Berish\u00ebn, Kryeprokuror Sali Berish\u00ebn, Shef t\u00eb SHIK Sali Berish\u00ebn, Komandant t\u00eb Forcave t\u00eb Armatosura Sali Berish\u00ebn, Komandant t\u00eb Gard\u00ebs Shk\u00eblzen Berish\u00ebn dhe m\u00eb posht\u00eb gjith\u00eb familja n\u00eb pushtet.<\/p>\n<p>Para nj\u00eb situate t\u00eb till\u00eb q\u00ebndrimi per\u00ebndimor \u00ebsht\u00eb t\u00ebr\u00ebsisht konfuz. Per\u00ebndimi ka caktuar nj\u00eb kryediplomat t\u00eb negocioj\u00eb mes dy republikave, nd\u00ebrsa Shtetet e Bashkuara t\u00eb Amerik\u00ebs kan\u00eb r\u00ebn\u00eb n\u00eb grack\u00ebn e Sali Berish\u00ebs duke u p\u00ebrfshir\u00eb n\u00eb spiralen e gjetjes s\u00eb ekspert\u00ebve t\u00eb pavarur p\u00ebr vrasjet n\u00eb bulevard, duke zhvler\u00ebsuar realisht institucionet p\u00ebr t\u00eb cilat kemi g\u00ebnjyer veten se i kemi forcuar k\u00ebto 20 vite. Kjo n\u00eb t\u00eb v\u00ebrtet\u00eb \u00ebsht\u00eb ajo q\u00eb k\u00ebrkon Sali Berisha. Ai e di se tashm\u00eb e pret tat\u00ebpjeta dhe k\u00ebrkon t\u00eb dal\u00eb nga kjo histori me pjes\u00ebn e vet. Ai k\u00ebrkon q\u00eb Republika e Shqip\u00ebris\u00eb dhe faktori per\u00ebndimor t\u00eb ket\u00eb p\u00ebr pal\u00eb vet\u00ebm nj\u00eb negociator, Sali Berish\u00ebn.<\/p>\n<p>Me t\u00eb duhet t\u00eb negocioj\u00eb p\u00ebr t\u00eb lejuar hetimet, me t\u00eb duhet t\u00eb negocioj\u00eb p\u00ebr t\u00eb lejuar tubimet, me t\u00eb duhet t\u00eb negocioj\u00eb p\u00ebr t\u00eb lejuar shtypin e lir\u00eb, me t\u00eb duhet t\u00eb negocioj\u00eb p\u00ebr t\u00eb respektuar depolitizimin e ushtris\u00eb dhe policis\u00eb. Duke i q\u00ebndruar fanatik skem\u00ebs s\u00eb vitit 1997, Sali Berisha k\u00ebrkon t\u00eb dal\u00eb nga kjo histori si pal\u00eb, duke djegur dhe keqp\u00ebrdorur secilin prej t\u00eb vet\u00ebve, n\u00eb em\u00ebr t\u00eb republik\u00ebs s\u00eb tij. P\u00ebrball\u00eb Ina Ram\u00ebs ka Komisionin Hetimor, p\u00ebrball\u00eb sh\u00ebrbimeve sekrete ka thashethemet e sh\u00ebrbimeve t\u00eb veta sekrete, p\u00ebrball\u00eb Bamir Topit si Komandat i P\u00ebrgjithsh\u00ebm ka Arben Imamin dhe kapter\u00ebt e graduar gjeneral\u00eb, dhe p\u00ebrball\u00eb popullit shqiptar ka falanga fanatik\u00ebsh, t\u00eb cil\u00ebve u var n\u00eb qaf\u00eb pasurit e Shqip\u00ebris\u00eb p\u00ebr t\u2019i pla\u00e7kitur me q\u00ebllim q\u00eb t\u2019i p\u00ebrdor\u00eb ata p\u00ebr dit\u00eb t\u00eb tilla t\u00eb zeza t\u00eb pushtetit t\u00eb tij.<\/p>\n<p>Shqip\u00ebria sot ka shkelmuar me t\u00eb dyja k\u00ebmb\u00ebt gjith\u00eb standardet e nj\u00eb vendi t\u00eb NATO-s, qysh n\u00eb momentin kur t\u00eb ashtuquajturit gjeneral\u00eb raportojn\u00eb forc\u00ebn para kryeministrit t\u00eb vendit dhe betohen se do ruajn\u00eb pushtetin e tij. Mes tyre shquan gjenerali q\u00eb i dhuroi territorin e uj\u00ebrave t\u00eb Greqis\u00eb, dhe kryekomandanti i tij Arben Imami, \u00ebndrra e t\u00eb cilit p\u00ebr tu b\u00ebr\u00eb gjeneral ka nisur qysh n\u00eb trazirat e vitit 1997. \u00cbsht\u00eb fatkeq\u00ebsi e madhe q\u00eb t\u00eb ashtuquajturit gjeneral\u00eb t\u00eb vendit tim nuk kan\u00eb v\u00ebn\u00eb mend nga gjeneral\u00ebt e vitit 1997 q\u00eb sot kan\u00eb ngelur rrug\u00ebve vet\u00ebm pse Sali Berisha i p\u00ebrdori p\u00ebr t\u00eb mbrojtur pushtetin e vet.<\/p>\n<p>\u00cbsht\u00eb nj\u00eb posht\u00ebrim i standardeve t\u00eb NATO ku ushtria \u00ebsht\u00eb e ndar\u00eb qartazi nga politika, q\u00eb gjeneral\u00ebt t\u00eb betohen dhe t\u00eb p\u00ebrg\u00ebzohen nga kryeministri p\u00ebr besnik\u00ebri politike ndaj tij. Nj\u00eb raport t\u00eb till\u00eb kaq t\u00eb af\u00ebrt mes gjeneral\u00ebve dhe kryeministrit e ka vet\u00ebm Turqia, por n\u00eb sensin e kund\u00ebrt, pasi atje kur mbledhin gjeneral\u00ebt shkarkojn\u00eb kryeministrin, kurse k\u00ebtu kryeministri mbledh gjeneral\u00ebt p\u00ebr t\u00eb k\u00ebrc\u00ebnuar shefin e opozit\u00ebs.<\/p>\n<p>Shqip\u00ebria sot ka shkelmuar parimet e parlamentarizmit, duke mbledhur nj\u00eb seanc\u00eb parlamenti ilegale n\u00ebn duartrokitje histerike p\u00ebr fjalimin e nj\u00eb kufome politike, duke ngritur nj\u00eb komision hetimor parlamentar qesharak q\u00eb do t\u00eb p\u00ebrfundoj\u00eb me nj\u00eb komunikat\u00eb shtypi t\u00eb botuar n\u00eb gazet\u00ebn RD. Ky komision do t\u00eb jet\u00eb opozita e Prokuroris\u00eb s\u00eb P\u00ebrgjithshme, e cila \u00ebsht\u00eb kompleksuar aq shum\u00eb, sa vet\u00eb pranon se ka nevoj\u00eb p\u00ebr ekspert\u00eb t\u00eb pavarur p\u00ebr t\u00eb gjykuar \u00e7\u00ebshtjen, duke shmangur n\u00eb t\u00eb v\u00ebrtet\u00eb p\u00ebrgjegj\u00ebsin\u00eb p\u00ebr t\u00eb cil\u00ebn shqiptar\u00ebt paguajn\u00eb taksa p\u00ebr at\u00eb institucion.<\/p>\n<p>Shqip\u00ebria sot ka hedhur posht\u00eb institucionin e Sh\u00ebrbimit Informativ, qyshkurse kryeministri del para gazetareve dhe lexon SMS nga \u201csh\u00ebrbimet e tij, t\u00eb cil\u00ebt i shprehin gatishm\u00ebri p\u00ebr tu nisur ta mbrojn\u00eb ata n\u00eb Tiran\u00eb, apo q\u00eb i tregojn\u00eb \u201cplanin sekret Rama- Ruci- Gjinushi\u201d, dhe urdhrat q\u00eb jan\u00eb dh\u00ebn\u00eb me telefon nga kullat dykat\u00ebshe, ku n\u00eb fakt kam qen\u00eb vet\u00ebm un\u00eb me 4 koleg\u00eb gazetar\u00eb.<\/p>\n<p>Shqip\u00ebria \u00ebsht\u00eb sot qartazi e ndar\u00eb n\u00eb dy republika. Dhe si p\u00ebr t\u00eb inauguruar Republik\u00ebn e vet, Sali Berisha dekoroi sot njeriun q\u00eb p\u00ebrdhosi flamurmbajt\u00ebsin e Republik\u00ebs s\u00eb Shqip\u00ebris\u00eb, duke ja shkelur me k\u00ebmb\u00eb flamurin komb\u00ebtar t\u00eb Republik\u00ebs son\u00eb, dhe q\u00eb \u00e7udit\u00ebrisht e pa veten sot i hutuar n\u00eb zyr\u00ebn e kryeministrit duke u dekoruar p\u00ebr nj\u00eb flamur q\u00eb e kish rr\u00ebmbyer si burracak n\u00eb em\u00ebr t\u00eb pushtetit. Dhe kur horrat vishen me flamur komb\u00ebtar, ruajuani se t\u00eb gjitha krimet n\u00eb k\u00ebt\u00eb vend kan\u00eb ndodhur n\u00eb em\u00ebr t\u00eb Atdheut.<\/p>\n","protected":false},"excerpt":{"rendered":"<p>Nga Mero Baze K\u00ebt\u00eb shkrim duhet ta shoq\u00ebroj doemos me nj\u00eb foto nga protesta e s\u00eb premtes. Nj\u00eb qytetar shqiptar, emrin e t\u00eb cilit nuk e di akoma, m\u00eb ka impresionuar kur pas shkum\u00ebs s\u00eb eg\u00ebr t\u00eb ujit q\u00eb hidheshin nga dy makina t\u00eb policis\u00eb mbi ta, vraponte i vet\u00ebm mes sheshit t\u00eb zbrazur nga [&hellip;]<\/p>\n","protected":false},"author":1,"featured_media":0,"comment_status":"open","ping_status":"closed","sticky":false,"template":"","format":"standard","meta":{"footnotes":""},"categories":[2],"tags":[],"class_list":{"0":"post-5905","1":"post","2":"type-post","3":"status-publish","4":"format-standard","6":"category-artikuj"},"yoast_head":"<!-- This site is optimized with the Yoast SEO plugin v27.4 - https:\/\/yoast.com\/product\/yoast-seo-wordpress\/ -->\n<title>Flamurmbajt\u00ebsi i Republik\u00ebs s\u00eb Berish\u00ebs dhe flamurmbajt\u00ebsi i Republik\u00ebs s\u00eb Shqip\u00ebris\u00eb - FjALA e LIR\u00cb - Arkivi<\/title>\n<meta name=\"robots\" content=\"index, follow, max-snippet:-1, max-image-preview:large, max-video-preview:-1\" \/>\n<link rel=\"canonical\" href=\"https:\/\/fjala.info\/2009-2015\/flamurmbajtesi-i-republikes-se-berishes-dhe-flamurmbajtesi-i-republikes-se-shqiperise\/\" \/>\n<meta property=\"og:locale\" content=\"sq_AL\" \/>\n<meta property=\"og:type\" content=\"article\" \/>\n<meta property=\"og:title\" content=\"Flamurmbajt\u00ebsi i Republik\u00ebs s\u00eb Berish\u00ebs dhe flamurmbajt\u00ebsi i Republik\u00ebs s\u00eb Shqip\u00ebris\u00eb - FjALA e LIR\u00cb - Arkivi\" \/>\n<meta property=\"og:description\" content=\"Nga Mero Baze K\u00ebt\u00eb shkrim duhet ta shoq\u00ebroj doemos me nj\u00eb foto nga protesta e s\u00eb premtes. Nj\u00eb qytetar shqiptar, emrin e t\u00eb cilit nuk e di akoma, m\u00eb ka impresionuar kur pas shkum\u00ebs s\u00eb eg\u00ebr t\u00eb ujit q\u00eb hidheshin nga dy makina t\u00eb policis\u00eb mbi ta, vraponte i vet\u00ebm mes sheshit t\u00eb zbrazur nga [&hellip;]\" \/>\n<meta property=\"og:url\" content=\"https:\/\/fjala.info\/2009-2015\/flamurmbajtesi-i-republikes-se-berishes-dhe-flamurmbajtesi-i-republikes-se-shqiperise\/\" \/>\n<meta property=\"og:site_name\" content=\"FjALA e LIR\u00cb - Arkivi\" \/>\n<meta property=\"article:published_time\" content=\"2011-01-26T10:47:38+00:00\" \/>\n<meta property=\"og:image\" content=\"http:\/\/fjala.shkoder.net\/wp-content\/uploads\/2011\/01\/me_vrisni_dhe_mua-300x168.jpg\" \/>\n<meta name=\"author\" content=\"admin\" \/>\n<meta name=\"twitter:card\" content=\"summary_large_image\" \/>\n<meta name=\"twitter:label1\" content=\"Written by\" \/>\n\t<meta name=\"twitter:data1\" content=\"admin\" \/>\n\t<meta name=\"twitter:label2\" content=\"Est. reading time\" \/>\n\t<meta name=\"twitter:data2\" content=\"6 minutes\" \/>\n<script type=\"application\/ld+json\" class=\"yoast-schema-graph\">{\"@context\":\"https:\\\/\\\/schema.org\",\"@graph\":[{\"@type\":\"Article\",\"@id\":\"https:\\\/\\\/fjala.info\\\/2009-2015\\\/flamurmbajtesi-i-republikes-se-berishes-dhe-flamurmbajtesi-i-republikes-se-shqiperise\\\/#article\",\"isPartOf\":{\"@id\":\"https:\\\/\\\/fjala.info\\\/2009-2015\\\/flamurmbajtesi-i-republikes-se-berishes-dhe-flamurmbajtesi-i-republikes-se-shqiperise\\\/\"},\"author\":{\"name\":\"admin\",\"@id\":\"https:\\\/\\\/fjala.info\\\/2009-2015\\\/#\\\/schema\\\/person\\\/3aa1163ef05469c496fc94e77611ada2\"},\"headline\":\"Flamurmbajt\u00ebsi i Republik\u00ebs s\u00eb Berish\u00ebs dhe flamurmbajt\u00ebsi i Republik\u00ebs s\u00eb Shqip\u00ebris\u00eb\",\"datePublished\":\"2011-01-26T10:47:38+00:00\",\"mainEntityOfPage\":{\"@id\":\"https:\\\/\\\/fjala.info\\\/2009-2015\\\/flamurmbajtesi-i-republikes-se-berishes-dhe-flamurmbajtesi-i-republikes-se-shqiperise\\\/\"},\"wordCount\":1190,\"commentCount\":0,\"publisher\":{\"@id\":\"https:\\\/\\\/fjala.info\\\/2009-2015\\\/#organization\"},\"image\":{\"@id\":\"https:\\\/\\\/fjala.info\\\/2009-2015\\\/flamurmbajtesi-i-republikes-se-berishes-dhe-flamurmbajtesi-i-republikes-se-shqiperise\\\/#primaryimage\"},\"thumbnailUrl\":\"http:\\\/\\\/fjala.shkoder.net\\\/wp-content\\\/uploads\\\/2011\\\/01\\\/me_vrisni_dhe_mua-300x168.jpg\",\"articleSection\":[\"Artikuj\"],\"inLanguage\":\"sq-AL\",\"potentialAction\":[{\"@type\":\"CommentAction\",\"name\":\"Comment\",\"target\":[\"https:\\\/\\\/fjala.info\\\/2009-2015\\\/flamurmbajtesi-i-republikes-se-berishes-dhe-flamurmbajtesi-i-republikes-se-shqiperise\\\/#respond\"]}]},{\"@type\":\"WebPage\",\"@id\":\"https:\\\/\\\/fjala.info\\\/2009-2015\\\/flamurmbajtesi-i-republikes-se-berishes-dhe-flamurmbajtesi-i-republikes-se-shqiperise\\\/\",\"url\":\"https:\\\/\\\/fjala.info\\\/2009-2015\\\/flamurmbajtesi-i-republikes-se-berishes-dhe-flamurmbajtesi-i-republikes-se-shqiperise\\\/\",\"name\":\"Flamurmbajt\u00ebsi i Republik\u00ebs s\u00eb Berish\u00ebs dhe flamurmbajt\u00ebsi i Republik\u00ebs s\u00eb Shqip\u00ebris\u00eb - FjALA e LIR\u00cb - Arkivi\",\"isPartOf\":{\"@id\":\"https:\\\/\\\/fjala.info\\\/2009-2015\\\/#website\"},\"primaryImageOfPage\":{\"@id\":\"https:\\\/\\\/fjala.info\\\/2009-2015\\\/flamurmbajtesi-i-republikes-se-berishes-dhe-flamurmbajtesi-i-republikes-se-shqiperise\\\/#primaryimage\"},\"image\":{\"@id\":\"https:\\\/\\\/fjala.info\\\/2009-2015\\\/flamurmbajtesi-i-republikes-se-berishes-dhe-flamurmbajtesi-i-republikes-se-shqiperise\\\/#primaryimage\"},\"thumbnailUrl\":\"http:\\\/\\\/fjala.shkoder.net\\\/wp-content\\\/uploads\\\/2011\\\/01\\\/me_vrisni_dhe_mua-300x168.jpg\",\"datePublished\":\"2011-01-26T10:47:38+00:00\",\"breadcrumb\":{\"@id\":\"https:\\\/\\\/fjala.info\\\/2009-2015\\\/flamurmbajtesi-i-republikes-se-berishes-dhe-flamurmbajtesi-i-republikes-se-shqiperise\\\/#breadcrumb\"},\"inLanguage\":\"sq-AL\",\"potentialAction\":[{\"@type\":\"ReadAction\",\"target\":[\"https:\\\/\\\/fjala.info\\\/2009-2015\\\/flamurmbajtesi-i-republikes-se-berishes-dhe-flamurmbajtesi-i-republikes-se-shqiperise\\\/\"]}]},{\"@type\":\"ImageObject\",\"inLanguage\":\"sq-AL\",\"@id\":\"https:\\\/\\\/fjala.info\\\/2009-2015\\\/flamurmbajtesi-i-republikes-se-berishes-dhe-flamurmbajtesi-i-republikes-se-shqiperise\\\/#primaryimage\",\"url\":\"http:\\\/\\\/fjala.shkoder.net\\\/wp-content\\\/uploads\\\/2011\\\/01\\\/me_vrisni_dhe_mua-300x168.jpg\",\"contentUrl\":\"http:\\\/\\\/fjala.shkoder.net\\\/wp-content\\\/uploads\\\/2011\\\/01\\\/me_vrisni_dhe_mua-300x168.jpg\"},{\"@type\":\"BreadcrumbList\",\"@id\":\"https:\\\/\\\/fjala.info\\\/2009-2015\\\/flamurmbajtesi-i-republikes-se-berishes-dhe-flamurmbajtesi-i-republikes-se-shqiperise\\\/#breadcrumb\",\"itemListElement\":[{\"@type\":\"ListItem\",\"position\":1,\"name\":\"Home\",\"item\":\"https:\\\/\\\/fjala.info\\\/2009-2015\\\/\"},{\"@type\":\"ListItem\",\"position\":2,\"name\":\"Flamurmbajt\u00ebsi i Republik\u00ebs s\u00eb Berish\u00ebs dhe flamurmbajt\u00ebsi i Republik\u00ebs s\u00eb Shqip\u00ebris\u00eb\"}]},{\"@type\":\"WebSite\",\"@id\":\"https:\\\/\\\/fjala.info\\\/2009-2015\\\/#website\",\"url\":\"https:\\\/\\\/fjala.info\\\/2009-2015\\\/\",\"name\":\"FjALA e LIR\u00cb - Arkivi\",\"description\":\"Arkivi 2009-2015\",\"publisher\":{\"@id\":\"https:\\\/\\\/fjala.info\\\/2009-2015\\\/#organization\"},\"potentialAction\":[{\"@type\":\"SearchAction\",\"target\":{\"@type\":\"EntryPoint\",\"urlTemplate\":\"https:\\\/\\\/fjala.info\\\/2009-2015\\\/?s={search_term_string}\"},\"query-input\":{\"@type\":\"PropertyValueSpecification\",\"valueRequired\":true,\"valueName\":\"search_term_string\"}}],\"inLanguage\":\"sq-AL\"},{\"@type\":\"Organization\",\"@id\":\"https:\\\/\\\/fjala.info\\\/2009-2015\\\/#organization\",\"name\":\"FjALA e LIR\u00cb - Arkivi\",\"url\":\"https:\\\/\\\/fjala.info\\\/2009-2015\\\/\",\"logo\":{\"@type\":\"ImageObject\",\"inLanguage\":\"sq-AL\",\"@id\":\"https:\\\/\\\/fjala.info\\\/2009-2015\\\/#\\\/schema\\\/logo\\\/image\\\/\",\"url\":\"\",\"contentUrl\":\"\",\"caption\":\"FjALA e LIR\u00cb - Arkivi\"},\"image\":{\"@id\":\"https:\\\/\\\/fjala.info\\\/2009-2015\\\/#\\\/schema\\\/logo\\\/image\\\/\"}},{\"@type\":\"Person\",\"@id\":\"https:\\\/\\\/fjala.info\\\/2009-2015\\\/#\\\/schema\\\/person\\\/3aa1163ef05469c496fc94e77611ada2\",\"name\":\"admin\",\"image\":{\"@type\":\"ImageObject\",\"inLanguage\":\"sq-AL\",\"@id\":\"https:\\\/\\\/fjala.info\\\/2009-2015\\\/wp-content\\\/uploads\\\/2012\\\/02\\\/arben_cokaj-120x150.jpg\",\"url\":\"https:\\\/\\\/fjala.info\\\/2009-2015\\\/wp-content\\\/uploads\\\/2012\\\/02\\\/arben_cokaj-120x150.jpg\",\"contentUrl\":\"https:\\\/\\\/fjala.info\\\/2009-2015\\\/wp-content\\\/uploads\\\/2012\\\/02\\\/arben_cokaj-120x150.jpg\",\"caption\":\"admin\"},\"description\":\"Admin, Fjala e Lir\u00eb\",\"sameAs\":[\"https:\\\/\\\/fjala.info\\\/\"],\"url\":\"https:\\\/\\\/fjala.info\\\/2009-2015\\\/author\\\/admin\\\/\"}]}<\/script>\n<!-- \/ Yoast SEO plugin. -->","yoast_head_json":{"title":"Flamurmbajt\u00ebsi i Republik\u00ebs s\u00eb Berish\u00ebs dhe flamurmbajt\u00ebsi i Republik\u00ebs s\u00eb Shqip\u00ebris\u00eb - FjALA e LIR\u00cb - Arkivi","robots":{"index":"index","follow":"follow","max-snippet":"max-snippet:-1","max-image-preview":"max-image-preview:large","max-video-preview":"max-video-preview:-1"},"canonical":"https:\/\/fjala.info\/2009-2015\/flamurmbajtesi-i-republikes-se-berishes-dhe-flamurmbajtesi-i-republikes-se-shqiperise\/","og_locale":"sq_AL","og_type":"article","og_title":"Flamurmbajt\u00ebsi i Republik\u00ebs s\u00eb Berish\u00ebs dhe flamurmbajt\u00ebsi i Republik\u00ebs s\u00eb Shqip\u00ebris\u00eb - FjALA e LIR\u00cb - Arkivi","og_description":"Nga Mero Baze K\u00ebt\u00eb shkrim duhet ta shoq\u00ebroj doemos me nj\u00eb foto nga protesta e s\u00eb premtes. Nj\u00eb qytetar shqiptar, emrin e t\u00eb cilit nuk e di akoma, m\u00eb ka impresionuar kur pas shkum\u00ebs s\u00eb eg\u00ebr t\u00eb ujit q\u00eb hidheshin nga dy makina t\u00eb policis\u00eb mbi ta, vraponte i vet\u00ebm mes sheshit t\u00eb zbrazur nga [&hellip;]","og_url":"https:\/\/fjala.info\/2009-2015\/flamurmbajtesi-i-republikes-se-berishes-dhe-flamurmbajtesi-i-republikes-se-shqiperise\/","og_site_name":"FjALA e LIR\u00cb - Arkivi","article_published_time":"2011-01-26T10:47:38+00:00","og_image":[{"url":"http:\/\/fjala.shkoder.net\/wp-content\/uploads\/2011\/01\/me_vrisni_dhe_mua-300x168.jpg","type":"","width":"","height":""}],"author":"admin","twitter_card":"summary_large_image","twitter_misc":{"Written by":"admin","Est. reading time":"6 minutes"},"schema":{"@context":"https:\/\/schema.org","@graph":[{"@type":"Article","@id":"https:\/\/fjala.info\/2009-2015\/flamurmbajtesi-i-republikes-se-berishes-dhe-flamurmbajtesi-i-republikes-se-shqiperise\/#article","isPartOf":{"@id":"https:\/\/fjala.info\/2009-2015\/flamurmbajtesi-i-republikes-se-berishes-dhe-flamurmbajtesi-i-republikes-se-shqiperise\/"},"author":{"name":"admin","@id":"https:\/\/fjala.info\/2009-2015\/#\/schema\/person\/3aa1163ef05469c496fc94e77611ada2"},"headline":"Flamurmbajt\u00ebsi i Republik\u00ebs s\u00eb Berish\u00ebs dhe flamurmbajt\u00ebsi i Republik\u00ebs s\u00eb Shqip\u00ebris\u00eb","datePublished":"2011-01-26T10:47:38+00:00","mainEntityOfPage":{"@id":"https:\/\/fjala.info\/2009-2015\/flamurmbajtesi-i-republikes-se-berishes-dhe-flamurmbajtesi-i-republikes-se-shqiperise\/"},"wordCount":1190,"commentCount":0,"publisher":{"@id":"https:\/\/fjala.info\/2009-2015\/#organization"},"image":{"@id":"https:\/\/fjala.info\/2009-2015\/flamurmbajtesi-i-republikes-se-berishes-dhe-flamurmbajtesi-i-republikes-se-shqiperise\/#primaryimage"},"thumbnailUrl":"http:\/\/fjala.shkoder.net\/wp-content\/uploads\/2011\/01\/me_vrisni_dhe_mua-300x168.jpg","articleSection":["Artikuj"],"inLanguage":"sq-AL","potentialAction":[{"@type":"CommentAction","name":"Comment","target":["https:\/\/fjala.info\/2009-2015\/flamurmbajtesi-i-republikes-se-berishes-dhe-flamurmbajtesi-i-republikes-se-shqiperise\/#respond"]}]},{"@type":"WebPage","@id":"https:\/\/fjala.info\/2009-2015\/flamurmbajtesi-i-republikes-se-berishes-dhe-flamurmbajtesi-i-republikes-se-shqiperise\/","url":"https:\/\/fjala.info\/2009-2015\/flamurmbajtesi-i-republikes-se-berishes-dhe-flamurmbajtesi-i-republikes-se-shqiperise\/","name":"Flamurmbajt\u00ebsi i Republik\u00ebs s\u00eb Berish\u00ebs dhe flamurmbajt\u00ebsi i Republik\u00ebs s\u00eb Shqip\u00ebris\u00eb - FjALA e LIR\u00cb - Arkivi","isPartOf":{"@id":"https:\/\/fjala.info\/2009-2015\/#website"},"primaryImageOfPage":{"@id":"https:\/\/fjala.info\/2009-2015\/flamurmbajtesi-i-republikes-se-berishes-dhe-flamurmbajtesi-i-republikes-se-shqiperise\/#primaryimage"},"image":{"@id":"https:\/\/fjala.info\/2009-2015\/flamurmbajtesi-i-republikes-se-berishes-dhe-flamurmbajtesi-i-republikes-se-shqiperise\/#primaryimage"},"thumbnailUrl":"http:\/\/fjala.shkoder.net\/wp-content\/uploads\/2011\/01\/me_vrisni_dhe_mua-300x168.jpg","datePublished":"2011-01-26T10:47:38+00:00","breadcrumb":{"@id":"https:\/\/fjala.info\/2009-2015\/flamurmbajtesi-i-republikes-se-berishes-dhe-flamurmbajtesi-i-republikes-se-shqiperise\/#breadcrumb"},"inLanguage":"sq-AL","potentialAction":[{"@type":"ReadAction","target":["https:\/\/fjala.info\/2009-2015\/flamurmbajtesi-i-republikes-se-berishes-dhe-flamurmbajtesi-i-republikes-se-shqiperise\/"]}]},{"@type":"ImageObject","inLanguage":"sq-AL","@id":"https:\/\/fjala.info\/2009-2015\/flamurmbajtesi-i-republikes-se-berishes-dhe-flamurmbajtesi-i-republikes-se-shqiperise\/#primaryimage","url":"http:\/\/fjala.shkoder.net\/wp-content\/uploads\/2011\/01\/me_vrisni_dhe_mua-300x168.jpg","contentUrl":"http:\/\/fjala.shkoder.net\/wp-content\/uploads\/2011\/01\/me_vrisni_dhe_mua-300x168.jpg"},{"@type":"BreadcrumbList","@id":"https:\/\/fjala.info\/2009-2015\/flamurmbajtesi-i-republikes-se-berishes-dhe-flamurmbajtesi-i-republikes-se-shqiperise\/#breadcrumb","itemListElement":[{"@type":"ListItem","position":1,"name":"Home","item":"https:\/\/fjala.info\/2009-2015\/"},{"@type":"ListItem","position":2,"name":"Flamurmbajt\u00ebsi i Republik\u00ebs s\u00eb Berish\u00ebs dhe flamurmbajt\u00ebsi i Republik\u00ebs s\u00eb Shqip\u00ebris\u00eb"}]},{"@type":"WebSite","@id":"https:\/\/fjala.info\/2009-2015\/#website","url":"https:\/\/fjala.info\/2009-2015\/","name":"FjALA e LIR\u00cb - Arkivi","description":"Arkivi 2009-2015","publisher":{"@id":"https:\/\/fjala.info\/2009-2015\/#organization"},"potentialAction":[{"@type":"SearchAction","target":{"@type":"EntryPoint","urlTemplate":"https:\/\/fjala.info\/2009-2015\/?s={search_term_string}"},"query-input":{"@type":"PropertyValueSpecification","valueRequired":true,"valueName":"search_term_string"}}],"inLanguage":"sq-AL"},{"@type":"Organization","@id":"https:\/\/fjala.info\/2009-2015\/#organization","name":"FjALA e LIR\u00cb - Arkivi","url":"https:\/\/fjala.info\/2009-2015\/","logo":{"@type":"ImageObject","inLanguage":"sq-AL","@id":"https:\/\/fjala.info\/2009-2015\/#\/schema\/logo\/image\/","url":"","contentUrl":"","caption":"FjALA e LIR\u00cb - Arkivi"},"image":{"@id":"https:\/\/fjala.info\/2009-2015\/#\/schema\/logo\/image\/"}},{"@type":"Person","@id":"https:\/\/fjala.info\/2009-2015\/#\/schema\/person\/3aa1163ef05469c496fc94e77611ada2","name":"admin","image":{"@type":"ImageObject","inLanguage":"sq-AL","@id":"https:\/\/fjala.info\/2009-2015\/wp-content\/uploads\/2012\/02\/arben_cokaj-120x150.jpg","url":"https:\/\/fjala.info\/2009-2015\/wp-content\/uploads\/2012\/02\/arben_cokaj-120x150.jpg","contentUrl":"https:\/\/fjala.info\/2009-2015\/wp-content\/uploads\/2012\/02\/arben_cokaj-120x150.jpg","caption":"admin"},"description":"Admin, Fjala e Lir\u00eb","sameAs":["https:\/\/fjala.info\/"],"url":"https:\/\/fjala.info\/2009-2015\/author\/admin\/"}]}},"_links":{"self":[{"href":"https:\/\/fjala.info\/2009-2015\/wp-json\/wp\/v2\/posts\/5905","targetHints":{"allow":["GET"]}}],"collection":[{"href":"https:\/\/fjala.info\/2009-2015\/wp-json\/wp\/v2\/posts"}],"about":[{"href":"https:\/\/fjala.info\/2009-2015\/wp-json\/wp\/v2\/types\/post"}],"author":[{"embeddable":true,"href":"https:\/\/fjala.info\/2009-2015\/wp-json\/wp\/v2\/users\/1"}],"replies":[{"embeddable":true,"href":"https:\/\/fjala.info\/2009-2015\/wp-json\/wp\/v2\/comments?post=5905"}],"version-history":[{"count":0,"href":"https:\/\/fjala.info\/2009-2015\/wp-json\/wp\/v2\/posts\/5905\/revisions"}],"wp:attachment":[{"href":"https:\/\/fjala.info\/2009-2015\/wp-json\/wp\/v2\/media?parent=5905"}],"wp:term":[{"taxonomy":"category","embeddable":true,"href":"https:\/\/fjala.info\/2009-2015\/wp-json\/wp\/v2\/categories?post=5905"},{"taxonomy":"post_tag","embeddable":true,"href":"https:\/\/fjala.info\/2009-2015\/wp-json\/wp\/v2\/tags?post=5905"}],"curies":[{"name":"wp","href":"https:\/\/api.w.org\/{rel}","templated":true}]}}