{"id":5902,"date":"2011-01-26T11:42:32","date_gmt":"2011-01-26T10:42:32","guid":{"rendered":"http:\/\/fjala.shkoder.net\/?p=5902"},"modified":"2011-01-26T11:42:32","modified_gmt":"2011-01-26T10:42:32","slug":"skenari-tunizian","status":"publish","type":"post","link":"https:\/\/fjala.info\/2009-2015\/skenari-tunizian\/","title":{"rendered":"Skenari tunizian&#8230;"},"content":{"rendered":"<p><strong>Arben Rrozhani<\/strong>, <em>26.01.2011<\/em><\/p>\n<p>Meq\u00eb Sali Berisha parap\u00eblqen t\u00eb thot\u00eb se n\u00eb 21 janar u zbatua skenari tunizian, ja \u00e7far\u00eb ishte Tunizia me pak fjal\u00eb, sipas nj\u00eb mediaje per\u00ebndimore n\u00eb 23 vitet e fundit, n\u00ebn thundr\u00ebn e ish-presidentit Zine el Abidine Ben Ali:<\/p>\n<p>&#8220;Kur 23 vjet t\u00eb shkuara, n\u00eb 7 n\u00ebntor t\u00eb vitit 1987-\u00ebs, mori n\u00eb dor\u00eb pushtetin pa dhun\u00eb dhe gjakderdhje, Ben Ali u p\u00ebrsh\u00ebndet me shum\u00eb simpati edhe nga vet\u00eb islamist\u00ebt, t\u00eb cil\u00ebt e njihnin p\u00ebr nj\u00eb polic shum\u00eb ekspert n\u00eb periudh\u00ebn e represionit. \u00c7do lloj kund\u00ebrshtimi q\u00eb dilte ndaj tij n\u00eb publik etiketohej menj\u00ebher\u00eb si &#8220;komplot&#8221; dhe ndaj atyre q\u00eb e kishin ideuar merreshin masat m\u00eb t\u00eb ashpra dhe k\u00ebshtu, pak nga pak &#8220;heroi&#8221;, nga i dashuri i popullit u shnd\u00ebrrua n\u00eb makthin e tij, duke krijuar nj\u00eb situat\u00eb zhgj\u00ebndrre.<\/p>\n<p>P\u00ebrgjimet e telefonave u shtrin\u00eb n\u00eb t\u00eb gjitha shtresat dhe klasat e shoq\u00ebris\u00eb. Ai arriti q\u00eb t\u00eb shtinte n\u00eb dor\u00eb t\u00eb gjitha pushtetet e vendit t\u00eb tij si dhe t\u00eb mjeteve t\u00eb komunikimit dhe mediave njer\u00ebzit e tij i shtrin\u00eb duart n\u00eb t\u00eb gjitha asetet m\u00eb me vler\u00eb t\u00eb vendit, n\u00eb t\u00eb gjitha aktivitetet ekonomike.<\/p>\n<p>Nj\u00eb nga parullat e hedhura nga njer\u00ebzit e Ben Ali-s\u00eb dhe q\u00eb nuk mund t\u00eb linte indiferent\u00eb kancelarit\u00eb per\u00ebndimore, ishte: &#8220;Aleat\u00ebt e Bin Ladenit duan t\u00eb marrin pushtetin&#8221;. Mjaftonte kjo parull\u00eb, p\u00ebr t\u00eb justifikuar dhe mbuluar \u00e7do shtypje dhe represion ndaj t\u00eb gjith\u00eb z\u00ebrave opozitar\u00eb n\u00eb vend. Pra, gjith\u00e7ka b\u00ebhej p\u00ebr t\u00eb mbajtur islamist\u00ebt larg pushtetit.<\/p>\n<p>Dhe, per\u00ebndimor\u00ebt t\u00eb k\u00ebnaqur, mbyllnin nj\u00ebrin sy dhe b\u00ebnin shurdhin ndaj realitetit gjithnj\u00eb e m\u00eb t\u00eb r\u00ebnd\u00eb n\u00eb Tunizi, ndaj shtetit policor dhe shtypjes s\u00eb dhunshme q\u00eb i b\u00ebheshin n\u00eb k\u00ebt\u00eb vend t\u00eb drejtave t\u00eb njeriut dhe atyre t\u00eb fjal\u00ebs s\u00eb lire.<\/p>\n<p>N\u00eb vitin 2007, ekonomia tuniziane u klasifikua m\u00eb e mira nd\u00ebr vendet e Magrebit dhe n\u00eb t\u00eb nj\u00ebjt\u00ebn koh\u00eb, mbrojt\u00ebsit e t\u00eb drejtave t\u00eb njeriut e konsideronin k\u00ebt\u00eb regjim si nj\u00eb nd\u00ebr m\u00eb t\u00eb mir\u00ebt dhe t\u00eb lir\u00ebt n\u00eb rajon. Por, e v\u00ebrteta ishte ndryshe dhe m\u00eb n\u00eb fund edhe Tunizia shp\u00ebrtheu&#8221;.<\/p>\n<p>Sali Berisha erdhi n\u00eb pushtet n\u00eb 22 mars 1992-it, dhe premtoi se do t\u00eb \u00e7onte vendin n\u00eb Europ\u00eb. Pati mb\u00ebshtetjen e Komunitetit Nd\u00ebrkomb\u00ebtar q\u00eb dha mbi 1 miliard dollar\u00eb ndihma p\u00ebr t\u00eb kryer reformat. N\u00eb 1994-\u00ebn k\u00ebrkoi me referendum t\u00eb kalonte nj\u00eb kushtetut\u00eb q\u00eb do ta b\u00ebnte president t\u00eb gjith\u00ebpushtetsh\u00ebm, por populli e hodhi posht\u00eb.<\/p>\n<p>N\u00eb 1996-\u00ebn, pasi kishte humbur t\u00eb gjitha sfidat zgjedhore t\u00eb m\u00ebparshme, vodhi zgjedhjet parlamentare dhe m\u00eb pas pasi dhunoi edhe opozit\u00ebn, vodhi n\u00eb firmat piramidale mbi 1.2 miliard\u00eb dollar\u00eb t\u00eb kursimeve t\u00eb popullit n\u00eb firmat piramidale t\u00eb ngritura nga qeveria e tij. N\u00eb mars t\u00eb 1997-\u00ebs e zhyti vendin n\u00eb kaos e shkat\u00ebrrim, pasi nuk pranoi t\u00eb ikte, dhe doli kund\u00ebr kancelar\u00ebve t\u00eb huaj, q\u00eb i akuzoi p\u00ebr pu\u00e7 kund\u00ebr Shqip\u00ebris\u00eb.<\/p>\n<p>N\u00eb shtator t\u00eb1998-\u00ebs me grusht shteti tentoi t\u00eb vinte n\u00eb pushtet, por, pasi iu hoq imuniteti nuk u hetua. N\u00eb vitin 2005 erdhi s\u00ebrish n\u00eb pushtet, duke premtuar se do t\u00eb ishte kryeministri i t\u00eb gjith\u00ebve dhe se do t\u00eb qeveriste me duar t\u00eb pastra. P\u00ebr kat\u00ebr vite sulmoi ashp\u00ebr institucionet e pavarura kushtetuese nga kreu i shtetit deri te agjencit\u00eb e pavarura t\u00eb t\u00eb drejtave t\u00eb njeriut, p\u00ebr t\u00eb arritur marrjen e t\u00eb gjitha pushteteve n\u00ebn sqetull.<\/p>\n<p>N\u00eb fund t\u00eb mandatit t\u00eb par\u00eb qeverisja e tij prodhoi krime ndaj qytetar\u00ebve si n\u00eb G\u00ebrdec, varf\u00ebroi edhe m\u00eb tej popullin, nd\u00ebrsa ai dhe njer\u00ebzit e tij shtin\u00eb n\u00eb duar gjith\u00eb asetet e vendit. Me moton &#8220;kund\u00ebr t\u00eb kuqve&#8221; dhe me premtimin se do t\u00eb \u00e7onte vendin n\u00eb Europ\u00eb, vodhi zgjedhjet e 28 qershorit 2009, n\u00ebn syt\u00eb indiferent\u00eb t\u00eb kancelar\u00ebve t\u00eb huaja, t\u00eb cilave u kishte hedhur ndonj\u00eb kock\u00eb n\u00eb investimet q\u00eb paguheshin me parat\u00eb e taksapaguesve vendas dhe t\u00eb ndihmave p\u00ebr Shqip\u00ebrin\u00eb.<\/p>\n<p>Bleu shumic\u00ebn e mediave t\u00eb vendit, n\u00ebnshtroi institucionet e pavarura, rekrutoi shoq\u00ebrin\u00eb civile dhe me presion t\u00eb papar\u00eb politik tentoi t\u00eb shkat\u00ebrronte opozit\u00ebn n\u00eb vend. Nd\u00ebrsa vendi u g\u00ebrrye nga kriza ekonomike bot\u00ebrore, ngrinte lart rritjen ekonomike, mrekullin\u00eb ekonomike, turizmin e papar\u00eb, nd\u00ebrsa p\u00ebr t\u00eb huajt ky ishte nj\u00eb tregues i stabilitetit dhe ecuris\u00eb pozitive n\u00eb rajonin e Ballkanit. Por 21 janari 2011, kur mij\u00ebra demonstrues dol\u00ebn n\u00eb shtet p\u00ebr t\u00eb protestuar kund\u00ebr tij, tregoi se e v\u00ebrteta ishte ndryshe.<\/p>\n<p>Nj\u00eb Ben Ali po mbante n\u00ebn thund\u00ebr nj\u00eb popull t\u00eb t\u00ebr\u00eb t\u00eb shtypur, me lirit\u00eb ekonomike dhe politike t\u00eb k\u00ebrc\u00ebnuara, me pabarazin\u00eb e thell\u00eb sociale dhe ekonomike q\u00eb ka dalluar nj\u00eb grusht qeveritar\u00ebsh dhe mb\u00ebshtet\u00ebsish t\u00eb tyre, q\u00eb kan\u00eb sht\u00ebn\u00eb n\u00eb duar asetet e vendit dhe ekonomin\u00eb komb\u00ebtare dhe nj\u00eb shumic\u00eb gjithnj\u00eb e m\u00eb t\u00eb varf\u00ebr dhe m\u00eb t\u00eb p\u00ebrbuzur.<\/p>\n<p>Pas 21 janari tregoi fytyr\u00ebn e v\u00ebrtet\u00eb t\u00eb regjimit, sepse si Ben Aliu ai shtypi me gjak dhe terror protest\u00ebn e popullit antiqeveritar. Sot ai ka p\u00ebr heronj ata q\u00eb vran\u00eb njer\u00ebz t\u00eb pafajsh\u00ebm, t\u00eb papun\u00eb dhe t\u00eb pashpres\u00eb si Ziver Veizi, dhe ndryshe nga Ben Aliu q\u00eb urdh\u00ebroi uljen e arm\u00ebve ndaj popullit, ai ka premtuar se do ta b\u00ebj\u00eb k\u00ebt\u00eb s\u00ebrish t\u00eb premten tjet\u00ebr.<\/p>\n<p>Ndryshe nga Ben Aliu ai nuk di ta lexoj\u00eb zem\u00ebrimin popullor kund\u00ebr tij dhe as t\u00eb jap\u00eb mesazhe t\u00ebrheqje. Ai ka premtuar se do t&#8217;i shtyp\u00eb t\u00eb gjith\u00eb, opozit\u00ebn, prokurorin\u00eb, sh\u00ebrbimin Informativ, shoq\u00ebrin\u00eb civile, mediat anti-qeveritare.<\/p>\n<p>Faktori nd\u00ebrkomb\u00ebtar? Tunizia dha nj\u00eb shembull kuptimplot\u00eb: sa ishte n\u00eb fuqi Ben Aliu, vende si Franca ishin me t\u00eb, sepse k\u00ebshtu ia donte interesi e Parisit zyrtar, q\u00eb kishte lidhje ekonomike dhe financiare me nj\u00eb regjim diktatorial dhe nuk donte t&#8217;i cenonte p\u00ebr &#8220;arsye politike&#8221;.<\/p>\n<p>Shqip\u00ebria \u00ebsht\u00eb nj\u00eb shembull edhe m\u00eb tragjik: amerikan\u00ebt, italian\u00ebt apo francez\u00ebt jan\u00eb t\u00eb kapur nga nj\u00eb regjim q\u00eb u ka hedhur ndonj\u00eb &#8220;kock\u00eb&#8221;, p\u00ebr bizneset, apo plehrat e tyre dhe ata t\u00eb verbuar nga koncesionet ekonomike q\u00eb Sali Berisha po u b\u00ebn me parat\u00eb dhe jet\u00ebt e shqiptar\u00ebve, nuk po arrijn\u00eb t\u00eb shohin realitetin e sot\u00ebm t\u00eb Shqip\u00ebris\u00eb, t\u00eb zhytur n\u00eb nj\u00eb tirani.<\/p>\n","protected":false},"excerpt":{"rendered":"<p>Arben Rrozhani, 26.01.2011 Meq\u00eb Sali Berisha parap\u00eblqen t\u00eb thot\u00eb se n\u00eb 21 janar u zbatua skenari tunizian, ja \u00e7far\u00eb ishte Tunizia me pak fjal\u00eb, sipas nj\u00eb mediaje per\u00ebndimore n\u00eb 23 vitet e fundit, n\u00ebn thundr\u00ebn e ish-presidentit Zine el Abidine Ben Ali: &#8220;Kur 23 vjet t\u00eb shkuara, n\u00eb 7 n\u00ebntor t\u00eb vitit 1987-\u00ebs, mori n\u00eb [&hellip;]<\/p>\n","protected":false},"author":1,"featured_media":0,"comment_status":"open","ping_status":"closed","sticky":false,"template":"","format":"standard","meta":{"footnotes":""},"categories":[2],"tags":[],"class_list":{"0":"post-5902","1":"post","2":"type-post","3":"status-publish","4":"format-standard","6":"category-artikuj"},"yoast_head":"<!-- This site is optimized with the Yoast SEO plugin v27.4 - https:\/\/yoast.com\/product\/yoast-seo-wordpress\/ -->\n<title>Skenari tunizian... - FjALA e LIR\u00cb - Arkivi<\/title>\n<meta name=\"robots\" content=\"index, follow, max-snippet:-1, max-image-preview:large, max-video-preview:-1\" \/>\n<link rel=\"canonical\" href=\"https:\/\/fjala.info\/2009-2015\/skenari-tunizian\/\" \/>\n<meta property=\"og:locale\" content=\"sq_AL\" \/>\n<meta property=\"og:type\" content=\"article\" \/>\n<meta property=\"og:title\" content=\"Skenari tunizian... - FjALA e LIR\u00cb - Arkivi\" \/>\n<meta property=\"og:description\" content=\"Arben Rrozhani, 26.01.2011 Meq\u00eb Sali Berisha parap\u00eblqen t\u00eb thot\u00eb se n\u00eb 21 janar u zbatua skenari tunizian, ja \u00e7far\u00eb ishte Tunizia me pak fjal\u00eb, sipas nj\u00eb mediaje per\u00ebndimore n\u00eb 23 vitet e fundit, n\u00ebn thundr\u00ebn e ish-presidentit Zine el Abidine Ben Ali: &#8220;Kur 23 vjet t\u00eb shkuara, n\u00eb 7 n\u00ebntor t\u00eb vitit 1987-\u00ebs, mori n\u00eb [&hellip;]\" \/>\n<meta property=\"og:url\" content=\"https:\/\/fjala.info\/2009-2015\/skenari-tunizian\/\" \/>\n<meta property=\"og:site_name\" content=\"FjALA e LIR\u00cb - Arkivi\" \/>\n<meta property=\"article:published_time\" content=\"2011-01-26T10:42:32+00:00\" \/>\n<meta name=\"author\" content=\"admin\" \/>\n<meta name=\"twitter:card\" content=\"summary_large_image\" \/>\n<meta name=\"twitter:label1\" content=\"Written by\" \/>\n\t<meta name=\"twitter:data1\" content=\"admin\" \/>\n\t<meta name=\"twitter:label2\" content=\"Est. reading time\" \/>\n\t<meta name=\"twitter:data2\" content=\"6 minutes\" \/>\n<script type=\"application\/ld+json\" class=\"yoast-schema-graph\">{\"@context\":\"https:\\\/\\\/schema.org\",\"@graph\":[{\"@type\":\"Article\",\"@id\":\"https:\\\/\\\/fjala.info\\\/2009-2015\\\/skenari-tunizian\\\/#article\",\"isPartOf\":{\"@id\":\"https:\\\/\\\/fjala.info\\\/2009-2015\\\/skenari-tunizian\\\/\"},\"author\":{\"name\":\"admin\",\"@id\":\"https:\\\/\\\/fjala.info\\\/2009-2015\\\/#\\\/schema\\\/person\\\/3aa1163ef05469c496fc94e77611ada2\"},\"headline\":\"Skenari tunizian&#8230;\",\"datePublished\":\"2011-01-26T10:42:32+00:00\",\"mainEntityOfPage\":{\"@id\":\"https:\\\/\\\/fjala.info\\\/2009-2015\\\/skenari-tunizian\\\/\"},\"wordCount\":1108,\"commentCount\":0,\"publisher\":{\"@id\":\"https:\\\/\\\/fjala.info\\\/2009-2015\\\/#organization\"},\"articleSection\":[\"Artikuj\"],\"inLanguage\":\"sq-AL\",\"potentialAction\":[{\"@type\":\"CommentAction\",\"name\":\"Comment\",\"target\":[\"https:\\\/\\\/fjala.info\\\/2009-2015\\\/skenari-tunizian\\\/#respond\"]}]},{\"@type\":\"WebPage\",\"@id\":\"https:\\\/\\\/fjala.info\\\/2009-2015\\\/skenari-tunizian\\\/\",\"url\":\"https:\\\/\\\/fjala.info\\\/2009-2015\\\/skenari-tunizian\\\/\",\"name\":\"Skenari tunizian... - FjALA e LIR\u00cb - Arkivi\",\"isPartOf\":{\"@id\":\"https:\\\/\\\/fjala.info\\\/2009-2015\\\/#website\"},\"datePublished\":\"2011-01-26T10:42:32+00:00\",\"breadcrumb\":{\"@id\":\"https:\\\/\\\/fjala.info\\\/2009-2015\\\/skenari-tunizian\\\/#breadcrumb\"},\"inLanguage\":\"sq-AL\",\"potentialAction\":[{\"@type\":\"ReadAction\",\"target\":[\"https:\\\/\\\/fjala.info\\\/2009-2015\\\/skenari-tunizian\\\/\"]}]},{\"@type\":\"BreadcrumbList\",\"@id\":\"https:\\\/\\\/fjala.info\\\/2009-2015\\\/skenari-tunizian\\\/#breadcrumb\",\"itemListElement\":[{\"@type\":\"ListItem\",\"position\":1,\"name\":\"Home\",\"item\":\"https:\\\/\\\/fjala.info\\\/2009-2015\\\/\"},{\"@type\":\"ListItem\",\"position\":2,\"name\":\"Skenari tunizian&#8230;\"}]},{\"@type\":\"WebSite\",\"@id\":\"https:\\\/\\\/fjala.info\\\/2009-2015\\\/#website\",\"url\":\"https:\\\/\\\/fjala.info\\\/2009-2015\\\/\",\"name\":\"FjALA e LIR\u00cb - Arkivi\",\"description\":\"Arkivi 2009-2015\",\"publisher\":{\"@id\":\"https:\\\/\\\/fjala.info\\\/2009-2015\\\/#organization\"},\"potentialAction\":[{\"@type\":\"SearchAction\",\"target\":{\"@type\":\"EntryPoint\",\"urlTemplate\":\"https:\\\/\\\/fjala.info\\\/2009-2015\\\/?s={search_term_string}\"},\"query-input\":{\"@type\":\"PropertyValueSpecification\",\"valueRequired\":true,\"valueName\":\"search_term_string\"}}],\"inLanguage\":\"sq-AL\"},{\"@type\":\"Organization\",\"@id\":\"https:\\\/\\\/fjala.info\\\/2009-2015\\\/#organization\",\"name\":\"FjALA e LIR\u00cb - Arkivi\",\"url\":\"https:\\\/\\\/fjala.info\\\/2009-2015\\\/\",\"logo\":{\"@type\":\"ImageObject\",\"inLanguage\":\"sq-AL\",\"@id\":\"https:\\\/\\\/fjala.info\\\/2009-2015\\\/#\\\/schema\\\/logo\\\/image\\\/\",\"url\":\"\",\"contentUrl\":\"\",\"caption\":\"FjALA e LIR\u00cb - Arkivi\"},\"image\":{\"@id\":\"https:\\\/\\\/fjala.info\\\/2009-2015\\\/#\\\/schema\\\/logo\\\/image\\\/\"}},{\"@type\":\"Person\",\"@id\":\"https:\\\/\\\/fjala.info\\\/2009-2015\\\/#\\\/schema\\\/person\\\/3aa1163ef05469c496fc94e77611ada2\",\"name\":\"admin\",\"image\":{\"@type\":\"ImageObject\",\"inLanguage\":\"sq-AL\",\"@id\":\"https:\\\/\\\/fjala.info\\\/2009-2015\\\/wp-content\\\/uploads\\\/2012\\\/02\\\/arben_cokaj-120x150.jpg\",\"url\":\"https:\\\/\\\/fjala.info\\\/2009-2015\\\/wp-content\\\/uploads\\\/2012\\\/02\\\/arben_cokaj-120x150.jpg\",\"contentUrl\":\"https:\\\/\\\/fjala.info\\\/2009-2015\\\/wp-content\\\/uploads\\\/2012\\\/02\\\/arben_cokaj-120x150.jpg\",\"caption\":\"admin\"},\"description\":\"Admin, Fjala e Lir\u00eb\",\"sameAs\":[\"https:\\\/\\\/fjala.info\\\/\"],\"url\":\"https:\\\/\\\/fjala.info\\\/2009-2015\\\/author\\\/admin\\\/\"}]}<\/script>\n<!-- \/ Yoast SEO plugin. -->","yoast_head_json":{"title":"Skenari tunizian... - FjALA e LIR\u00cb - Arkivi","robots":{"index":"index","follow":"follow","max-snippet":"max-snippet:-1","max-image-preview":"max-image-preview:large","max-video-preview":"max-video-preview:-1"},"canonical":"https:\/\/fjala.info\/2009-2015\/skenari-tunizian\/","og_locale":"sq_AL","og_type":"article","og_title":"Skenari tunizian... - FjALA e LIR\u00cb - Arkivi","og_description":"Arben Rrozhani, 26.01.2011 Meq\u00eb Sali Berisha parap\u00eblqen t\u00eb thot\u00eb se n\u00eb 21 janar u zbatua skenari tunizian, ja \u00e7far\u00eb ishte Tunizia me pak fjal\u00eb, sipas nj\u00eb mediaje per\u00ebndimore n\u00eb 23 vitet e fundit, n\u00ebn thundr\u00ebn e ish-presidentit Zine el Abidine Ben Ali: &#8220;Kur 23 vjet t\u00eb shkuara, n\u00eb 7 n\u00ebntor t\u00eb vitit 1987-\u00ebs, mori n\u00eb [&hellip;]","og_url":"https:\/\/fjala.info\/2009-2015\/skenari-tunizian\/","og_site_name":"FjALA e LIR\u00cb - Arkivi","article_published_time":"2011-01-26T10:42:32+00:00","author":"admin","twitter_card":"summary_large_image","twitter_misc":{"Written by":"admin","Est. reading time":"6 minutes"},"schema":{"@context":"https:\/\/schema.org","@graph":[{"@type":"Article","@id":"https:\/\/fjala.info\/2009-2015\/skenari-tunizian\/#article","isPartOf":{"@id":"https:\/\/fjala.info\/2009-2015\/skenari-tunizian\/"},"author":{"name":"admin","@id":"https:\/\/fjala.info\/2009-2015\/#\/schema\/person\/3aa1163ef05469c496fc94e77611ada2"},"headline":"Skenari tunizian&#8230;","datePublished":"2011-01-26T10:42:32+00:00","mainEntityOfPage":{"@id":"https:\/\/fjala.info\/2009-2015\/skenari-tunizian\/"},"wordCount":1108,"commentCount":0,"publisher":{"@id":"https:\/\/fjala.info\/2009-2015\/#organization"},"articleSection":["Artikuj"],"inLanguage":"sq-AL","potentialAction":[{"@type":"CommentAction","name":"Comment","target":["https:\/\/fjala.info\/2009-2015\/skenari-tunizian\/#respond"]}]},{"@type":"WebPage","@id":"https:\/\/fjala.info\/2009-2015\/skenari-tunizian\/","url":"https:\/\/fjala.info\/2009-2015\/skenari-tunizian\/","name":"Skenari tunizian... - FjALA e LIR\u00cb - Arkivi","isPartOf":{"@id":"https:\/\/fjala.info\/2009-2015\/#website"},"datePublished":"2011-01-26T10:42:32+00:00","breadcrumb":{"@id":"https:\/\/fjala.info\/2009-2015\/skenari-tunizian\/#breadcrumb"},"inLanguage":"sq-AL","potentialAction":[{"@type":"ReadAction","target":["https:\/\/fjala.info\/2009-2015\/skenari-tunizian\/"]}]},{"@type":"BreadcrumbList","@id":"https:\/\/fjala.info\/2009-2015\/skenari-tunizian\/#breadcrumb","itemListElement":[{"@type":"ListItem","position":1,"name":"Home","item":"https:\/\/fjala.info\/2009-2015\/"},{"@type":"ListItem","position":2,"name":"Skenari tunizian&#8230;"}]},{"@type":"WebSite","@id":"https:\/\/fjala.info\/2009-2015\/#website","url":"https:\/\/fjala.info\/2009-2015\/","name":"FjALA e LIR\u00cb - Arkivi","description":"Arkivi 2009-2015","publisher":{"@id":"https:\/\/fjala.info\/2009-2015\/#organization"},"potentialAction":[{"@type":"SearchAction","target":{"@type":"EntryPoint","urlTemplate":"https:\/\/fjala.info\/2009-2015\/?s={search_term_string}"},"query-input":{"@type":"PropertyValueSpecification","valueRequired":true,"valueName":"search_term_string"}}],"inLanguage":"sq-AL"},{"@type":"Organization","@id":"https:\/\/fjala.info\/2009-2015\/#organization","name":"FjALA e LIR\u00cb - Arkivi","url":"https:\/\/fjala.info\/2009-2015\/","logo":{"@type":"ImageObject","inLanguage":"sq-AL","@id":"https:\/\/fjala.info\/2009-2015\/#\/schema\/logo\/image\/","url":"","contentUrl":"","caption":"FjALA e LIR\u00cb - Arkivi"},"image":{"@id":"https:\/\/fjala.info\/2009-2015\/#\/schema\/logo\/image\/"}},{"@type":"Person","@id":"https:\/\/fjala.info\/2009-2015\/#\/schema\/person\/3aa1163ef05469c496fc94e77611ada2","name":"admin","image":{"@type":"ImageObject","inLanguage":"sq-AL","@id":"https:\/\/fjala.info\/2009-2015\/wp-content\/uploads\/2012\/02\/arben_cokaj-120x150.jpg","url":"https:\/\/fjala.info\/2009-2015\/wp-content\/uploads\/2012\/02\/arben_cokaj-120x150.jpg","contentUrl":"https:\/\/fjala.info\/2009-2015\/wp-content\/uploads\/2012\/02\/arben_cokaj-120x150.jpg","caption":"admin"},"description":"Admin, Fjala e Lir\u00eb","sameAs":["https:\/\/fjala.info\/"],"url":"https:\/\/fjala.info\/2009-2015\/author\/admin\/"}]}},"_links":{"self":[{"href":"https:\/\/fjala.info\/2009-2015\/wp-json\/wp\/v2\/posts\/5902","targetHints":{"allow":["GET"]}}],"collection":[{"href":"https:\/\/fjala.info\/2009-2015\/wp-json\/wp\/v2\/posts"}],"about":[{"href":"https:\/\/fjala.info\/2009-2015\/wp-json\/wp\/v2\/types\/post"}],"author":[{"embeddable":true,"href":"https:\/\/fjala.info\/2009-2015\/wp-json\/wp\/v2\/users\/1"}],"replies":[{"embeddable":true,"href":"https:\/\/fjala.info\/2009-2015\/wp-json\/wp\/v2\/comments?post=5902"}],"version-history":[{"count":0,"href":"https:\/\/fjala.info\/2009-2015\/wp-json\/wp\/v2\/posts\/5902\/revisions"}],"wp:attachment":[{"href":"https:\/\/fjala.info\/2009-2015\/wp-json\/wp\/v2\/media?parent=5902"}],"wp:term":[{"taxonomy":"category","embeddable":true,"href":"https:\/\/fjala.info\/2009-2015\/wp-json\/wp\/v2\/categories?post=5902"},{"taxonomy":"post_tag","embeddable":true,"href":"https:\/\/fjala.info\/2009-2015\/wp-json\/wp\/v2\/tags?post=5902"}],"curies":[{"name":"wp","href":"https:\/\/api.w.org\/{rel}","templated":true}]}}