{"id":5900,"date":"2011-01-26T11:38:27","date_gmt":"2011-01-26T10:38:27","guid":{"rendered":"http:\/\/fjala.shkoder.net\/?p=5900"},"modified":"2011-01-26T11:38:27","modified_gmt":"2011-01-26T10:38:27","slug":"shba-ja-mbeshtet-kryeprokuroren-rama-mazhoranca-e-cileson-puciste","status":"publish","type":"post","link":"https:\/\/fjala.info\/2009-2015\/shba-ja-mbeshtet-kryeprokuroren-rama-mazhoranca-e-cileson-puciste\/","title":{"rendered":"SHBA-ja mb\u00ebshtet kryeprokuroren Rama, mazhoranca e cil\u00ebson &#8220;pu\u00e7iste&#8221;"},"content":{"rendered":"<p><strong>Flamur Vezaj<\/strong>, <em>26.01.2011<\/em><\/p>\n<p>TIRAN\u00cb- Edhe pse kryeministri Sali Berisha e cil\u00ebsoi kryeprokuroren znj.Ina Rama si pjes\u00eb e planit t\u00eb &#8220;grushtit t\u00eb shtetit&#8221; t\u00eb organizuar nga opozita e duke etiketuar si &#8220;pu\u00e7iste&#8221;, p\u00ebrfaq\u00ebsuesi i SHBA-s\u00eb n\u00eb Tiran\u00eb ambasadori z.Aleksander Arvizu del hapur n\u00eb mb\u00ebshtetje t\u00eb plot\u00eb ndaj pun\u00ebs s\u00eb institucionit t\u00eb akuz\u00ebs. N\u00eb nj\u00eb konferenc\u00eb t\u00eb p\u00ebrbashk\u00ebt n\u00eb ambientet e Prokuroris\u00eb s\u00eb P\u00ebrgjithshme mes ambasadorit Arvizu dhe kryeprokurores Rama, kjo e fundit njoftoi se do t&#8217;i shkoi deri n\u00eb fund me ndihm\u00ebn e SHBA-ve procesit hetimor t\u00eb nisur p\u00ebr zbardhjen e ngjarjes s\u00eb 21 janarit.<\/p>\n<p>&#8220;Jemi t\u00eb nd\u00ebrgjegjsh\u00ebm se hetimi i k\u00ebtyre ngjarjeve paraqet v\u00ebshtir\u00ebsi p\u00ebr shkak t\u00eb kompleksitetit t\u00eb ngjarjes, p\u00ebr shkak t\u00eb p\u00ebrfshirjes s\u00eb institucioneve shtet\u00ebrore q\u00eb kan\u00eb qen\u00eb me detyr\u00eb n\u00eb mbrojtje t\u00eb institucioneve, nevoj\u00ebs p\u00ebr t\u00eb zbardhur ngjarjen dhe situat\u00ebs politike. Duke ndjer\u00eb detyrimin ligjor dhe p\u00ebrgjegj\u00ebsin\u00eb p\u00ebr mbar\u00ebvajtjen e hetimit, k\u00ebrkoj mb\u00ebshtetjen e ambasad\u00ebs amerikane n\u00eb hetimin e k\u00ebsaj \u00e7\u00ebshtjeje, n\u00eb dh\u00ebnien e nj\u00eb asistence teknike. Kjo ka t\u00eb b\u00ebj\u00eb me disa aspekte q\u00eb lidhen me procedurat e hetimit. Kjo do t\u00eb sjell\u00eb q\u00eb hetimi t\u00eb jet\u00eb m\u00eb i arrir\u00eb dhe m\u00eb i besuesh\u00ebm&#8221;-theksoi kryeprokurorja Rama nd\u00ebr t\u00eb tjera n\u00eb fjal\u00ebn e saj.<\/p>\n<p>N\u00eb vazhdim, ajo u shpreh se institucioni q\u00eb ajo drejton, ka angazhuar t\u00eb gjith\u00eb trup\u00ebn e prokuror\u00ebve t\u00eb Rrethit Gjyq\u00ebsor Tiran\u00eb q\u00eb kan\u00eb kryer me shum\u00eb p\u00ebrgjegj\u00ebsi dhe p\u00ebrkushtim mbledhjen e t\u00eb dh\u00ebnave t\u00eb para, pas ndodhjes s\u00eb ngjarjes. &#8220;P\u00ebr t\u00eb dh\u00ebnat e mbledhura \u00ebsht\u00eb e nevojshme t&#8217;i n\u00ebnshtrohen nj\u00eb s\u00ebr\u00eb ekzaminimesh, konkluzionet e t\u00eb cilave jan\u00eb shum\u00eb t\u00eb r\u00ebnd\u00ebsishme p\u00ebr nxjerrjen e nj\u00eb hetimi t\u00eb pavarur dhe t\u00eb gjithansh\u00ebm, ndihma do t\u00eb garantoj\u00eb nj\u00eb standard t\u00eb madh n\u00eb besueshm\u00ebrin\u00eb e saj&#8221;-deklaroi znj.Rama.<\/p>\n<p>E pyetur n\u00eb lidhje me mos ekzekutimet e urdh\u00ebr-ndalimet nga policia p\u00ebr gjasht\u00eb drejtuesit e Gard\u00ebs s\u00eb republik\u00ebs, kryeprokurorja theksoi se ekzekutimi i shpejt i tyre do t\u00eb jepte m\u00eb shum\u00eb detaje p\u00ebr zbardhjen e \u00e7\u00ebshtjes dhe do e b\u00ebnte m\u00eb t\u00eb leht\u00eb vijimin e hetimit. &#8220;N\u00ebse urdh\u00ebr-ndalimet do t\u00eb ishin ekzekutuar do t\u00eb kishim pasur m\u00eb shum\u00eb t\u00eb dh\u00ebna p\u00ebr hetimin. Ata nuk jan\u00eb urdh\u00ebr-arreste, por, urdh\u00ebr-ndalime t\u00eb cilat l\u00ebshohen p\u00ebr personat e dyshuar p\u00ebr nj\u00eb vep\u00ebr. Kemi pasur dyshime se k\u00ebta persona kan\u00eb qen\u00eb t\u00eb p\u00ebrfshir\u00eb n\u00eb ngjarjet e t\u00eb premtes. \u00cbsht\u00eb gjith\u00e7ka p\u00ebr t&#8217;u verifikuar m\u00eb tej dhe vet\u00eb pjesa e ekzekutimit t\u00eb ndalimeve do na ndihmonte n\u00eb zbardhjen e \u00e7\u00ebshtjes&#8221;-tha kryeprokurorja Rama. Nd\u00ebrkaq, n\u00eb lidhje ngritjen e Komisionit Hetimor nga Kuvendi kryeprokurorja e cil\u00ebsoi k\u00ebt\u00eb veprim si nj\u00eb vendimarrje politike nd\u00ebrsa, cil\u00ebsimin e demonstrat\u00ebs si nj\u00eb &#8220;pu\u00e7 politik&#8221;, znj.Rama e cil\u00ebsoi si nj\u00eb akuz\u00eb poltike.<\/p>\n<p><strong>Ambasadori SHBA-s\u00eb, mb\u00ebshtet kryeprokuroren Rama<br \/>\n<\/strong>&#8220;Sipas ligjit shqiptar, Prokuroria e P\u00ebrgjithshme \u00ebsht\u00eb organi kryesor p\u00ebr hetimin e asaj situate dhe un\u00eb d\u00ebshiroj t\u00eb deklaroj k\u00ebtu, p\u00ebrpara t\u00eb gjith\u00ebve, q\u00eb Shtetet e Bashkuara e mb\u00ebshtesin Prokurorin\u00eb n\u00eb m\u00ebnyr\u00eb t\u00eb plot\u00eb dhe t\u00ebr\u00ebsore. Do ta shoh dhe shqyrtoj me shum\u00eb kujdes letr\u00ebn e Prokurores s\u00eb P\u00ebrgjithshme. Do t\u00eb m\u00eb duhet ta d\u00ebrgoj n\u00eb Uashington, DC p\u00ebr shqyrtim t\u00eb m\u00ebtejsh\u00ebm. Megjithat\u00eb, pres q\u00eb p\u00ebrgjigja do t\u00eb jet\u00eb e favorshme dhe pozitive megjith\u00ebse holl\u00ebsit\u00eb do duhet t\u00eb p\u00ebrcaktohen m\u00eb pas. V\u00ebrej q\u00eb shum\u00eb shqiptar\u00eb, duke filluar me Prokuroren e P\u00ebrgjithshme, por edhe Kryeministri, z.Edi Rama, si dhe shum\u00eb shqiptar\u00eb kan\u00eb b\u00ebr\u00eb thirrje p\u00ebr ndihm\u00eb nd\u00ebrkomb\u00ebtare p\u00ebr k\u00ebt\u00eb hetim. N\u00ebse \u00ebsht\u00eb vendimi apo vendosm\u00ebria e Prokurores s\u00eb P\u00ebrgjithshme q\u00eb Shtetet e Bashkuara mund t\u00eb ndihmojn\u00eb, ndihem i detyruar q\u00eb duhet t\u00eb p\u00ebrpiqemi. Shpresoj gjithashtu q\u00eb me an\u00eb t\u00eb k\u00ebtij gjesti po demonstrojm\u00eb sinqeritetin ton\u00eb p\u00ebr vendosjen e nj\u00eb klime m\u00eb t\u00eb mir\u00eb politike k\u00ebtu n\u00eb Shqip\u00ebri, e cila v\u00ebrtet ka nevoj\u00eb p\u00ebr t\u00eb sot. Dhe, n\u00eb drit\u00ebn e k\u00ebtij zhvillimi, shpresoj q\u00eb dy udh\u00ebheq\u00ebsit kryesor\u00eb, Kryeministri dhe udh\u00ebheq\u00ebsi i opozit\u00ebs do t\u00eb marrin n\u00eb konsiderat\u00eb shtyrjen apo anulimin e mitingjeve t\u00eb planifikuara p\u00ebr t\u00eb premten dhe t\u00eb shtun\u00ebn k\u00ebt\u00eb jav\u00eb.<br \/>\nP\u00ebrs\u00ebris, pres me k\u00ebnaq\u00ebsi t\u00eb punoj me Prokuroren e P\u00ebrgjithshme n\u00eb p\u00ebrpjekjet e saj p\u00ebr t\u00eb kryer nj\u00eb hetim gjith\u00ebp\u00ebrfshir\u00ebs, t\u00eb plot\u00eb dhe t\u00eb besuesh\u00ebm&#8221;-tha ambasadori Arizu n\u00eb fjal\u00ebn e tij n\u00eb konferenc\u00ebn p\u00ebr media.<\/p>\n<p>**************************<\/p>\n<p>TIRANE- Kryeprokuroja Ina Rama n\u00eb nj\u00eb konferenc\u00eb p\u00ebr shtyp ku kishte ftuar dhe ambasadorin e SHBA-s\u00eb Aleksand\u00ebr Arvizu i ka k\u00ebrkuar k\u00ebtij t\u00eb fundit asistenc\u00eb hetimore nga vendi i tij. Kryeprokurorja Ina Rama n\u00eb konferenc\u00ebn e par\u00eb p\u00ebr shtyp pas ngjarjeve t\u00eb 21 janarit, tha se Prokuroria ka nisur hetimet dhe se ky do t\u00eb jet\u00eb nj\u00eb hetim profesional dhe i pavarur. Sipas kryeprokurores Shtetet e Bashkuara t\u00eb Amerik\u00ebs disponojn\u00eb asistenc\u00ebn e nevojshme teknike.<\/p>\n<p>&#8220;Kjo asistenc\u00eb, kerkohet t\u00eb shtrihet n\u00eb aspekte t\u00eb ve\u00e7anta t\u00eb ekspertiz\u00ebs kriminalistike dhe hetimit, ne te cilen SHBA kane nje standart te larte profesional, fakt i cili besojme se do t\u00eb jap\u00eb garanci te mjaftueshme se procesi i nisur i hetimit do t\u00eb jet\u00eb m\u00eb i arrire profesionalisht dhe m\u00eb i besueshem n\u00eb paanshm\u00ebrin\u00eb e tij&#8221; &#8211; tha Ina Rama<\/p>\n<p>Sipas Kryeprokurores Ina Rama, &#8220;rezultatet e kesaj veprimtarie hetimore t\u00eb kryer q\u00eb n\u00eb \u00e7astet e para pas ndodhjes s\u00eb ngjarjes me profesionalizem t\u00eb lart\u00eb nga prokuroret dhe oficeret e prokurorise Tirane, eshte e nevojshem t&#8217;i nenshtrohen nje s\u00ebr\u00eb ekzaminimeve kriminalistike apo mjeko ligjore, konkluzionet shkencore te te cilave jane teper te rendesishme per ezaurimin e nje hetimi te pavarur dhe te gjithanshem&#8221; &#8211; thuhet n\u00eb deklarat\u00ebn e Kryeprokurores<\/p>\n<p>Nd\u00ebrsa n\u00eb fjal\u00ebn e tij ambasadori i SHBA-s\u00eb Aleksand\u00ebr Arvizu pasi shprehu keqardhjen e tij p\u00ebr ngjarjet e 21 janarit, dhe p\u00ebr jet\u00ebt e humbura, tha se do ta shqyrtoj\u00eb me kujdes k\u00ebrkes\u00ebn e Kryeprokurores Ina Rama. Arvizu b\u00ebri thirrje gjithashtu qe dy partit\u00eb m\u00eb t\u00eb m\u00ebdha n\u00eb vend t\u00eb anullonin tubimet e paralajmeruara.<\/p>\n<p>KJo deklarate ishte reagimi i par\u00eb i Kryeprokurores pas demonstrat\u00ebs s\u00eb 21 janarit, ku humb\u00ebn jet\u00ebn tre persona dhe shum\u00eb t\u00eb tjer\u00eb u plagos\u00ebn. Kryeprokurorja Ina Rama \u00ebsht\u00eb p\u00ebrballur gjat\u00eb k\u00ebyre dit\u00ebve me akuza t\u00eb nj\u00ebpasnj\u00ebshme nga ana e mazhoranc\u00ebs p\u00ebr anshm\u00ebri t\u00eb saj n\u00eb hetime.<\/p>\n","protected":false},"excerpt":{"rendered":"<p>Flamur Vezaj, 26.01.2011 TIRAN\u00cb- Edhe pse kryeministri Sali Berisha e cil\u00ebsoi kryeprokuroren znj.Ina Rama si pjes\u00eb e planit t\u00eb &#8220;grushtit t\u00eb shtetit&#8221; t\u00eb organizuar nga opozita e duke etiketuar si &#8220;pu\u00e7iste&#8221;, p\u00ebrfaq\u00ebsuesi i SHBA-s\u00eb n\u00eb Tiran\u00eb ambasadori z.Aleksander Arvizu del hapur n\u00eb mb\u00ebshtetje t\u00eb plot\u00eb ndaj pun\u00ebs s\u00eb institucionit t\u00eb akuz\u00ebs. N\u00eb nj\u00eb konferenc\u00eb t\u00eb [&hellip;]<\/p>\n","protected":false},"author":1,"featured_media":0,"comment_status":"open","ping_status":"closed","sticky":false,"template":"","format":"standard","meta":{"footnotes":""},"categories":[2],"tags":[],"class_list":{"0":"post-5900","1":"post","2":"type-post","3":"status-publish","4":"format-standard","6":"category-artikuj"},"yoast_head":"<!-- This site is optimized with the Yoast SEO plugin v27.4 - https:\/\/yoast.com\/product\/yoast-seo-wordpress\/ -->\n<title>SHBA-ja mb\u00ebshtet kryeprokuroren Rama, mazhoranca e cil\u00ebson &quot;pu\u00e7iste&quot; - FjALA e LIR\u00cb - Arkivi<\/title>\n<meta name=\"robots\" content=\"index, follow, max-snippet:-1, max-image-preview:large, max-video-preview:-1\" \/>\n<link rel=\"canonical\" href=\"https:\/\/fjala.info\/2009-2015\/shba-ja-mbeshtet-kryeprokuroren-rama-mazhoranca-e-cileson-puciste\/\" \/>\n<meta property=\"og:locale\" content=\"sq_AL\" \/>\n<meta property=\"og:type\" content=\"article\" \/>\n<meta property=\"og:title\" content=\"SHBA-ja mb\u00ebshtet kryeprokuroren Rama, mazhoranca e cil\u00ebson &quot;pu\u00e7iste&quot; - FjALA e LIR\u00cb - Arkivi\" \/>\n<meta property=\"og:description\" content=\"Flamur Vezaj, 26.01.2011 TIRAN\u00cb- Edhe pse kryeministri Sali Berisha e cil\u00ebsoi kryeprokuroren znj.Ina Rama si pjes\u00eb e planit t\u00eb &#8220;grushtit t\u00eb shtetit&#8221; t\u00eb organizuar nga opozita e duke etiketuar si &#8220;pu\u00e7iste&#8221;, p\u00ebrfaq\u00ebsuesi i SHBA-s\u00eb n\u00eb Tiran\u00eb ambasadori z.Aleksander Arvizu del hapur n\u00eb mb\u00ebshtetje t\u00eb plot\u00eb ndaj pun\u00ebs s\u00eb institucionit t\u00eb akuz\u00ebs. N\u00eb nj\u00eb konferenc\u00eb t\u00eb [&hellip;]\" \/>\n<meta property=\"og:url\" content=\"https:\/\/fjala.info\/2009-2015\/shba-ja-mbeshtet-kryeprokuroren-rama-mazhoranca-e-cileson-puciste\/\" \/>\n<meta property=\"og:site_name\" content=\"FjALA e LIR\u00cb - Arkivi\" \/>\n<meta property=\"article:published_time\" content=\"2011-01-26T10:38:27+00:00\" \/>\n<meta name=\"author\" content=\"admin\" \/>\n<meta name=\"twitter:card\" content=\"summary_large_image\" \/>\n<meta name=\"twitter:label1\" content=\"Written by\" \/>\n\t<meta name=\"twitter:data1\" content=\"admin\" \/>\n\t<meta name=\"twitter:label2\" content=\"Est. reading time\" \/>\n\t<meta name=\"twitter:data2\" content=\"6 minutes\" \/>\n<script type=\"application\/ld+json\" class=\"yoast-schema-graph\">{\"@context\":\"https:\\\/\\\/schema.org\",\"@graph\":[{\"@type\":\"Article\",\"@id\":\"https:\\\/\\\/fjala.info\\\/2009-2015\\\/shba-ja-mbeshtet-kryeprokuroren-rama-mazhoranca-e-cileson-puciste\\\/#article\",\"isPartOf\":{\"@id\":\"https:\\\/\\\/fjala.info\\\/2009-2015\\\/shba-ja-mbeshtet-kryeprokuroren-rama-mazhoranca-e-cileson-puciste\\\/\"},\"author\":{\"name\":\"admin\",\"@id\":\"https:\\\/\\\/fjala.info\\\/2009-2015\\\/#\\\/schema\\\/person\\\/3aa1163ef05469c496fc94e77611ada2\"},\"headline\":\"SHBA-ja mb\u00ebshtet kryeprokuroren Rama, mazhoranca e cil\u00ebson &#8220;pu\u00e7iste&#8221;\",\"datePublished\":\"2011-01-26T10:38:27+00:00\",\"mainEntityOfPage\":{\"@id\":\"https:\\\/\\\/fjala.info\\\/2009-2015\\\/shba-ja-mbeshtet-kryeprokuroren-rama-mazhoranca-e-cileson-puciste\\\/\"},\"wordCount\":1169,\"commentCount\":0,\"publisher\":{\"@id\":\"https:\\\/\\\/fjala.info\\\/2009-2015\\\/#organization\"},\"articleSection\":[\"Artikuj\"],\"inLanguage\":\"sq-AL\",\"potentialAction\":[{\"@type\":\"CommentAction\",\"name\":\"Comment\",\"target\":[\"https:\\\/\\\/fjala.info\\\/2009-2015\\\/shba-ja-mbeshtet-kryeprokuroren-rama-mazhoranca-e-cileson-puciste\\\/#respond\"]}]},{\"@type\":\"WebPage\",\"@id\":\"https:\\\/\\\/fjala.info\\\/2009-2015\\\/shba-ja-mbeshtet-kryeprokuroren-rama-mazhoranca-e-cileson-puciste\\\/\",\"url\":\"https:\\\/\\\/fjala.info\\\/2009-2015\\\/shba-ja-mbeshtet-kryeprokuroren-rama-mazhoranca-e-cileson-puciste\\\/\",\"name\":\"SHBA-ja mb\u00ebshtet kryeprokuroren Rama, mazhoranca e cil\u00ebson \\\"pu\u00e7iste\\\" - FjALA e LIR\u00cb - Arkivi\",\"isPartOf\":{\"@id\":\"https:\\\/\\\/fjala.info\\\/2009-2015\\\/#website\"},\"datePublished\":\"2011-01-26T10:38:27+00:00\",\"breadcrumb\":{\"@id\":\"https:\\\/\\\/fjala.info\\\/2009-2015\\\/shba-ja-mbeshtet-kryeprokuroren-rama-mazhoranca-e-cileson-puciste\\\/#breadcrumb\"},\"inLanguage\":\"sq-AL\",\"potentialAction\":[{\"@type\":\"ReadAction\",\"target\":[\"https:\\\/\\\/fjala.info\\\/2009-2015\\\/shba-ja-mbeshtet-kryeprokuroren-rama-mazhoranca-e-cileson-puciste\\\/\"]}]},{\"@type\":\"BreadcrumbList\",\"@id\":\"https:\\\/\\\/fjala.info\\\/2009-2015\\\/shba-ja-mbeshtet-kryeprokuroren-rama-mazhoranca-e-cileson-puciste\\\/#breadcrumb\",\"itemListElement\":[{\"@type\":\"ListItem\",\"position\":1,\"name\":\"Home\",\"item\":\"https:\\\/\\\/fjala.info\\\/2009-2015\\\/\"},{\"@type\":\"ListItem\",\"position\":2,\"name\":\"SHBA-ja mb\u00ebshtet kryeprokuroren Rama, mazhoranca e cil\u00ebson &#8220;pu\u00e7iste&#8221;\"}]},{\"@type\":\"WebSite\",\"@id\":\"https:\\\/\\\/fjala.info\\\/2009-2015\\\/#website\",\"url\":\"https:\\\/\\\/fjala.info\\\/2009-2015\\\/\",\"name\":\"FjALA e LIR\u00cb - Arkivi\",\"description\":\"Arkivi 2009-2015\",\"publisher\":{\"@id\":\"https:\\\/\\\/fjala.info\\\/2009-2015\\\/#organization\"},\"potentialAction\":[{\"@type\":\"SearchAction\",\"target\":{\"@type\":\"EntryPoint\",\"urlTemplate\":\"https:\\\/\\\/fjala.info\\\/2009-2015\\\/?s={search_term_string}\"},\"query-input\":{\"@type\":\"PropertyValueSpecification\",\"valueRequired\":true,\"valueName\":\"search_term_string\"}}],\"inLanguage\":\"sq-AL\"},{\"@type\":\"Organization\",\"@id\":\"https:\\\/\\\/fjala.info\\\/2009-2015\\\/#organization\",\"name\":\"FjALA e LIR\u00cb - Arkivi\",\"url\":\"https:\\\/\\\/fjala.info\\\/2009-2015\\\/\",\"logo\":{\"@type\":\"ImageObject\",\"inLanguage\":\"sq-AL\",\"@id\":\"https:\\\/\\\/fjala.info\\\/2009-2015\\\/#\\\/schema\\\/logo\\\/image\\\/\",\"url\":\"\",\"contentUrl\":\"\",\"caption\":\"FjALA e LIR\u00cb - Arkivi\"},\"image\":{\"@id\":\"https:\\\/\\\/fjala.info\\\/2009-2015\\\/#\\\/schema\\\/logo\\\/image\\\/\"}},{\"@type\":\"Person\",\"@id\":\"https:\\\/\\\/fjala.info\\\/2009-2015\\\/#\\\/schema\\\/person\\\/3aa1163ef05469c496fc94e77611ada2\",\"name\":\"admin\",\"image\":{\"@type\":\"ImageObject\",\"inLanguage\":\"sq-AL\",\"@id\":\"https:\\\/\\\/fjala.info\\\/2009-2015\\\/wp-content\\\/uploads\\\/2012\\\/02\\\/arben_cokaj-120x150.jpg\",\"url\":\"https:\\\/\\\/fjala.info\\\/2009-2015\\\/wp-content\\\/uploads\\\/2012\\\/02\\\/arben_cokaj-120x150.jpg\",\"contentUrl\":\"https:\\\/\\\/fjala.info\\\/2009-2015\\\/wp-content\\\/uploads\\\/2012\\\/02\\\/arben_cokaj-120x150.jpg\",\"caption\":\"admin\"},\"description\":\"Admin, Fjala e Lir\u00eb\",\"sameAs\":[\"https:\\\/\\\/fjala.info\\\/\"],\"url\":\"https:\\\/\\\/fjala.info\\\/2009-2015\\\/author\\\/admin\\\/\"}]}<\/script>\n<!-- \/ Yoast SEO plugin. -->","yoast_head_json":{"title":"SHBA-ja mb\u00ebshtet kryeprokuroren Rama, mazhoranca e cil\u00ebson \"pu\u00e7iste\" - FjALA e LIR\u00cb - Arkivi","robots":{"index":"index","follow":"follow","max-snippet":"max-snippet:-1","max-image-preview":"max-image-preview:large","max-video-preview":"max-video-preview:-1"},"canonical":"https:\/\/fjala.info\/2009-2015\/shba-ja-mbeshtet-kryeprokuroren-rama-mazhoranca-e-cileson-puciste\/","og_locale":"sq_AL","og_type":"article","og_title":"SHBA-ja mb\u00ebshtet kryeprokuroren Rama, mazhoranca e cil\u00ebson \"pu\u00e7iste\" - FjALA e LIR\u00cb - Arkivi","og_description":"Flamur Vezaj, 26.01.2011 TIRAN\u00cb- Edhe pse kryeministri Sali Berisha e cil\u00ebsoi kryeprokuroren znj.Ina Rama si pjes\u00eb e planit t\u00eb &#8220;grushtit t\u00eb shtetit&#8221; t\u00eb organizuar nga opozita e duke etiketuar si &#8220;pu\u00e7iste&#8221;, p\u00ebrfaq\u00ebsuesi i SHBA-s\u00eb n\u00eb Tiran\u00eb ambasadori z.Aleksander Arvizu del hapur n\u00eb mb\u00ebshtetje t\u00eb plot\u00eb ndaj pun\u00ebs s\u00eb institucionit t\u00eb akuz\u00ebs. N\u00eb nj\u00eb konferenc\u00eb t\u00eb [&hellip;]","og_url":"https:\/\/fjala.info\/2009-2015\/shba-ja-mbeshtet-kryeprokuroren-rama-mazhoranca-e-cileson-puciste\/","og_site_name":"FjALA e LIR\u00cb - Arkivi","article_published_time":"2011-01-26T10:38:27+00:00","author":"admin","twitter_card":"summary_large_image","twitter_misc":{"Written by":"admin","Est. reading time":"6 minutes"},"schema":{"@context":"https:\/\/schema.org","@graph":[{"@type":"Article","@id":"https:\/\/fjala.info\/2009-2015\/shba-ja-mbeshtet-kryeprokuroren-rama-mazhoranca-e-cileson-puciste\/#article","isPartOf":{"@id":"https:\/\/fjala.info\/2009-2015\/shba-ja-mbeshtet-kryeprokuroren-rama-mazhoranca-e-cileson-puciste\/"},"author":{"name":"admin","@id":"https:\/\/fjala.info\/2009-2015\/#\/schema\/person\/3aa1163ef05469c496fc94e77611ada2"},"headline":"SHBA-ja mb\u00ebshtet kryeprokuroren Rama, mazhoranca e cil\u00ebson &#8220;pu\u00e7iste&#8221;","datePublished":"2011-01-26T10:38:27+00:00","mainEntityOfPage":{"@id":"https:\/\/fjala.info\/2009-2015\/shba-ja-mbeshtet-kryeprokuroren-rama-mazhoranca-e-cileson-puciste\/"},"wordCount":1169,"commentCount":0,"publisher":{"@id":"https:\/\/fjala.info\/2009-2015\/#organization"},"articleSection":["Artikuj"],"inLanguage":"sq-AL","potentialAction":[{"@type":"CommentAction","name":"Comment","target":["https:\/\/fjala.info\/2009-2015\/shba-ja-mbeshtet-kryeprokuroren-rama-mazhoranca-e-cileson-puciste\/#respond"]}]},{"@type":"WebPage","@id":"https:\/\/fjala.info\/2009-2015\/shba-ja-mbeshtet-kryeprokuroren-rama-mazhoranca-e-cileson-puciste\/","url":"https:\/\/fjala.info\/2009-2015\/shba-ja-mbeshtet-kryeprokuroren-rama-mazhoranca-e-cileson-puciste\/","name":"SHBA-ja mb\u00ebshtet kryeprokuroren Rama, mazhoranca e cil\u00ebson \"pu\u00e7iste\" - FjALA e LIR\u00cb - Arkivi","isPartOf":{"@id":"https:\/\/fjala.info\/2009-2015\/#website"},"datePublished":"2011-01-26T10:38:27+00:00","breadcrumb":{"@id":"https:\/\/fjala.info\/2009-2015\/shba-ja-mbeshtet-kryeprokuroren-rama-mazhoranca-e-cileson-puciste\/#breadcrumb"},"inLanguage":"sq-AL","potentialAction":[{"@type":"ReadAction","target":["https:\/\/fjala.info\/2009-2015\/shba-ja-mbeshtet-kryeprokuroren-rama-mazhoranca-e-cileson-puciste\/"]}]},{"@type":"BreadcrumbList","@id":"https:\/\/fjala.info\/2009-2015\/shba-ja-mbeshtet-kryeprokuroren-rama-mazhoranca-e-cileson-puciste\/#breadcrumb","itemListElement":[{"@type":"ListItem","position":1,"name":"Home","item":"https:\/\/fjala.info\/2009-2015\/"},{"@type":"ListItem","position":2,"name":"SHBA-ja mb\u00ebshtet kryeprokuroren Rama, mazhoranca e cil\u00ebson &#8220;pu\u00e7iste&#8221;"}]},{"@type":"WebSite","@id":"https:\/\/fjala.info\/2009-2015\/#website","url":"https:\/\/fjala.info\/2009-2015\/","name":"FjALA e LIR\u00cb - Arkivi","description":"Arkivi 2009-2015","publisher":{"@id":"https:\/\/fjala.info\/2009-2015\/#organization"},"potentialAction":[{"@type":"SearchAction","target":{"@type":"EntryPoint","urlTemplate":"https:\/\/fjala.info\/2009-2015\/?s={search_term_string}"},"query-input":{"@type":"PropertyValueSpecification","valueRequired":true,"valueName":"search_term_string"}}],"inLanguage":"sq-AL"},{"@type":"Organization","@id":"https:\/\/fjala.info\/2009-2015\/#organization","name":"FjALA e LIR\u00cb - Arkivi","url":"https:\/\/fjala.info\/2009-2015\/","logo":{"@type":"ImageObject","inLanguage":"sq-AL","@id":"https:\/\/fjala.info\/2009-2015\/#\/schema\/logo\/image\/","url":"","contentUrl":"","caption":"FjALA e LIR\u00cb - Arkivi"},"image":{"@id":"https:\/\/fjala.info\/2009-2015\/#\/schema\/logo\/image\/"}},{"@type":"Person","@id":"https:\/\/fjala.info\/2009-2015\/#\/schema\/person\/3aa1163ef05469c496fc94e77611ada2","name":"admin","image":{"@type":"ImageObject","inLanguage":"sq-AL","@id":"https:\/\/fjala.info\/2009-2015\/wp-content\/uploads\/2012\/02\/arben_cokaj-120x150.jpg","url":"https:\/\/fjala.info\/2009-2015\/wp-content\/uploads\/2012\/02\/arben_cokaj-120x150.jpg","contentUrl":"https:\/\/fjala.info\/2009-2015\/wp-content\/uploads\/2012\/02\/arben_cokaj-120x150.jpg","caption":"admin"},"description":"Admin, Fjala e Lir\u00eb","sameAs":["https:\/\/fjala.info\/"],"url":"https:\/\/fjala.info\/2009-2015\/author\/admin\/"}]}},"_links":{"self":[{"href":"https:\/\/fjala.info\/2009-2015\/wp-json\/wp\/v2\/posts\/5900","targetHints":{"allow":["GET"]}}],"collection":[{"href":"https:\/\/fjala.info\/2009-2015\/wp-json\/wp\/v2\/posts"}],"about":[{"href":"https:\/\/fjala.info\/2009-2015\/wp-json\/wp\/v2\/types\/post"}],"author":[{"embeddable":true,"href":"https:\/\/fjala.info\/2009-2015\/wp-json\/wp\/v2\/users\/1"}],"replies":[{"embeddable":true,"href":"https:\/\/fjala.info\/2009-2015\/wp-json\/wp\/v2\/comments?post=5900"}],"version-history":[{"count":0,"href":"https:\/\/fjala.info\/2009-2015\/wp-json\/wp\/v2\/posts\/5900\/revisions"}],"wp:attachment":[{"href":"https:\/\/fjala.info\/2009-2015\/wp-json\/wp\/v2\/media?parent=5900"}],"wp:term":[{"taxonomy":"category","embeddable":true,"href":"https:\/\/fjala.info\/2009-2015\/wp-json\/wp\/v2\/categories?post=5900"},{"taxonomy":"post_tag","embeddable":true,"href":"https:\/\/fjala.info\/2009-2015\/wp-json\/wp\/v2\/tags?post=5900"}],"curies":[{"name":"wp","href":"https:\/\/api.w.org\/{rel}","templated":true}]}}