{"id":590,"date":"2011-12-14T21:31:18","date_gmt":"2011-12-14T20:31:18","guid":{"rendered":"http:\/\/fjala.shkoder.net\/?p=590"},"modified":"2011-12-14T21:31:18","modified_gmt":"2011-12-14T20:31:18","slug":"reportazh-nga-kremitimi-i-fundit-i-dites-se-flamurit-ne-itali","status":"publish","type":"post","link":"https:\/\/fjala.info\/2009-2015\/reportazh-nga-kremitimi-i-fundit-i-dites-se-flamurit-ne-itali\/","title":{"rendered":"REPORTAZH NGA KREMITIMI I FUNDIT I DIT\u00cbS S\u00cb FLAMURIT N\u00cb ITALI"},"content":{"rendered":"<p><strong>\u00cbngj\u00ebll Koliqi<\/strong><\/p>\n<p>Qind\u00ebra shqiptar\u00eb, nga t\u00eb gjitha trojet tona etnike, t\u00eb organizuar nga Shoqata e Lecco-s Sofra Shqiptare, me shum\u00eb dinjitet, devotshm\u00ebri, por edhe me krenari, muar\u00ebn pjes\u00eb n\u00eb fest\u00ebn e mrekullueshme t\u00eb 99 Vjetorit t\u00eb Pavar\u00ebsis\u00eb dhe t\u00eb Dit\u00ebs s\u00eb Flamurit ton\u00eb Komb\u00ebtar.<\/p>\n<p><img decoding=\"async\" class=\"aligncenter size-thumbnail wp-image-7236\" title=\"28 n\u00ebntor 2011\" src=\"http:\/\/www.shkoder.net\/images\/fjala\/2011\/28nen_banner.jpg\" alt=\"\" width=\"450\" \/><\/p>\n<p style=\"text-align: center;\"><em>ME FJAL\u00cb E ME MUZIK\u00cb U K\u00cbRKUA FUQISH\u00cbM RIB\u00cbRJA E SHQIP\u00cbRIS\u00cb ETNIKE<\/em><\/p>\n<p>K\u00ebrkesa k\u00ebmb\u00ebngul\u00ebse p\u00ebr rib\u00ebrjen e Shqip\u00ebris\u00eb Etnike, nga t\u00eb pranishmit, u shpreh n\u00eb m\u00ebnyra t\u00eb ndryshme dhe me forma t\u00eb ndryshme \u2013 n\u00eb fjalimet, n\u00eb k\u00ebng\u00ebt dhe n\u00eb poezit\u00eb e deklamuara n\u00eb kremte. Kishte t\u00eb pranish\u00ebm, veprimtar\u00eb, shkrimtar\u00eb dhe artist\u00eb, t\u00eb ardhur nga atdheu, por edhe nga diaspora. Si zakonisht n\u00eb Lecco, as n\u00eb k\u00ebt\u00eb kremtim, nuk u la n\u00eb harres\u00eb kontributi humanitar, n\u00eb t\u00eb mir \u00eb t\u00eb nevojtar\u00ebve.<\/p>\n<p style=\"text-align: center;\"><img decoding=\"async\" class=\"aligncenter size-thumbnail wp-image-7236\" title=\"Ndue Qokaj\" src=\"http:\/\/www.shkoder.net\/images\/fjala\/2011\/ndue_qokaj.jpg\" alt=\"\" width=\"450\" \/><em>PRESIDENTI I SHOQATES\u201d SOFRA SHQIPTARE NE ITALI\u201d NDUE QOKAJ<\/em><\/p>\n<p>Shkruan: <strong>Engj\u00ebll KOLIQI<\/strong><br \/>\n<em>Lecco, dhjetor 2011<\/em><\/p>\n<p>T\u00eb diel\u00ebn e 4 dhjetorit, n\u00eb Lecco u mbajt kremtimi i fundit i fest\u00ebs son\u00eb t\u00eb shum\u00ebfisht\u00eb \u2013 28 N\u00ebntorit \u2013 Dita e Flamurit, 99 Vjetori i Pavar\u00ebsis\u00eb s\u00eb Shqip\u00ebris\u00eb dhe Dit\u00eblindja e Heroit ton\u00eb komb\u00ebtar Adem Jasharit.<\/p>\n<p><img decoding=\"async\" class=\"aligncenter size-thumbnail wp-image-7236\" title=\"Valle\" src=\"http:\/\/www.shkoder.net\/images\/fjala\/2011\/28nen_valle.jpg\" alt=\"\" width=\"450\" \/><\/p>\n<p>Si\u00e7 ishte b\u00ebr\u00eb marr\u00ebveshja paraprake, mes shoqatave, organizimin e k\u00ebsaj feste, nj\u00eb jav\u00eb m\u00eb par\u00eb, e kishin b\u00ebr\u00eb shoqatat e m\u00ebrgimtar\u00ebve kosovar\u00eb, kurse p\u00ebr ta mbyllur ishte caktuar shoqata Sofra Shqiptare. Presidenti i k\u00ebsaj shoqate, Z. Ndue Qokaj i kishte ftuar t\u00eb gjitha shoqatat e rrethit dhe m\u00eb gjer\u00eb, si dhe t\u00eb gjith\u00eb m\u00ebrgimtar\u00ebt e far\u00ebs arb\u00ebrore q\u00eb duan t\u00eb festojn\u00eb p\u00ebr atdheun dhe flamurin e tyre komb\u00ebtar. N\u00eb ora 14, gjith\u00e7ka ishte gati p\u00ebr t\u00eb filluar.<\/p>\n<p style=\"text-align: center;\"><img decoding=\"async\" class=\"aligncenter size-thumbnail wp-image-7236\" title=\"Pjes\u00ebmarr\u00ebs...\" src=\"http:\/\/www.shkoder.net\/images\/fjala\/2011\/28nen_ita.jpg\" alt=\"\" width=\"450\" \/><em>Feride e Hamit Peci, Ndue Qokaj, Dr Zef Mulaj, Kastriot Pjetri, Engj\u00ebll Koliqi, Drita Qokaj, Paulin Kolndreu<\/em><\/p>\n<p>Kjo kremte u hap n\u00eb nj\u00eb stil shum\u00eb t\u00eb p\u00eblqyesh\u00ebm nga t\u00eb pranishmit, krejt origjinal. Hymni komb\u00ebtar nuk u intonua nga nj\u00eb CD, por u k\u00ebndua origjinal nga t\u00eb pranishmit. Pastaj artist\u00ebt hyn\u00eb nga publiku, nga fundi i sall\u00ebs, duke vall\u00ebzuar mrekullisht vallen e bukur t\u00eb flamurit. Edhe veshja e larmishme e valltar\u00ebve, me kostume t\u00eb trevave tona t\u00eb ndryshme, i dha nj\u00eb hijeshi speciale valles. Sidomos bukur rrinin k\u00ebmishat e kuqe te valltar\u00ebt e gjinis\u00eb mashkullore, me shqiponj\u00ebn e zez\u00eb dykrenare, n\u00eb shpine.<\/p>\n<p><strong>Valle e bukur festive<\/strong><br \/>\nPastaj e mori fjal\u00ebn presidenti Ndue Qokaj, i cili foli p\u00ebr historikun krenar t\u00eb k\u00ebsaj kremteje t\u00eb shum\u00ebfisht\u00eb, duke u endur n\u00ebp\u00ebr histori, prej 28 N\u00ebntorit 1443, e deri ter 28 N\u00ebntori i vitit 1997, kur ishte paraqitja e par\u00eb publike e U\u00c7K-s\u00eb. Z. Qokaj nuk harroi t\u00eb porosis, q\u00eb m\u00eb 28 N\u00ebntor 2012, n\u00eb 100 Vjetorin e Pavar\u00ebsis\u00eb, t\u00eb caktojm\u00eb qart\u00eb pikat dhe vijat e Shqip\u00ebris\u00eb, mbi t\u00eb gjitha trojet arb\u00ebrore. Ky propozim i tij u duartrokit fuqish\u00ebm nga t\u00eb pranishmit.<\/p>\n<p><img decoding=\"async\" class=\"aligncenter size-thumbnail wp-image-7236\" title=\"Valle\" src=\"http:\/\/www.shkoder.net\/images\/fjala\/2011\/28nen_valle1.jpg\" alt=\"\" width=\"450\" \/><\/p>\n<p>Pastaj festa vazhdoi, sipas nj\u00eb regjie speciale q\u00eb kishin hartuar organizator\u00ebt \u2013 nj\u00eb fjal\u00eb p\u00ebrsh\u00ebndet\u00ebse, nj\u00eb pik\u00eb artistike, g\u00ebrshetim ky q\u00eb nuk lejonte monotoni te t\u00eb pranishmit. Fjala e nderit p\u00ebrsh\u00ebndet\u00ebse iu \u00ebsht\u00eb dh\u00ebn\u00eb mysafir\u00ebve special\u00eb: Dr Zef Mulaj-t, shkenc\u00ebtar dhe shkrimtar tropojan, i ardhur nga Ankona, presidentit t\u00eb shoqat\u00ebs \u201cUra e Kombit\u201d \u2013 Petrit Gjinaj, i cili u paraqit edhe n\u00eb rolin e artistit, me k\u00ebng\u00eb t\u00eb mrekullueshme, ambasadorit t\u00eb paqes dhe laureatit t\u00eb \u00c7mimit t\u00eb k\u00ebsaj shoqate \u201cSimbol Nderi i Sofr\u00ebs Shqiptare\u201d \u2013 Engj\u00ebll Koliqi, si dhe kryeredaktori i revist\u00ebs s\u00eb mir\u00ebfillt\u00eb komb\u00ebtare DRINI \u2013 Valentin Bru\u00e7aj. Q\u00eb t\u00eb gjith\u00eb jan\u00eb p\u00ebrsh\u00ebndetur me duartrokitje frenetike.<\/p>\n<p><strong>Valentin Bru\u00e7aj<\/strong><\/p>\n<p>Hijeshi te madhe kremtes i kan\u00eb dh\u00ebn\u00eb artist\u00ebt, me k\u00ebng\u00eb dhe valle shum\u00eb t\u00eb bukura dhe dometh\u00ebn\u00ebse.<\/p>\n<p><img decoding=\"async\" class=\"aligncenter size-thumbnail wp-image-7236\" title=\"Zef Mulaj\" src=\"http:\/\/www.shkoder.net\/images\/fjala\/2011\/28nen_zef_mulaj.jpg\" alt=\"\" width=\"450\" \/><\/p>\n<p style=\"text-align: center;\"><em>Doktor Zef Mulaj, shkenc\u00ebtar, shkrimtar dhe poet me shum\u00eb vlera komb\u00ebtare<\/em><\/p>\n<p>Duhet ve\u00e7uar k\u00ebng\u00ebtarin tropojan, Bardhok Prenbibaj, i ardhur nga atdheu, special p\u00ebr k\u00ebt\u00eb fest\u00eb, i cili i ka emocionuar shum\u00eb t\u00eb pranishmit, me stilin dhe fuqin\u00eb e G\u00ebzim Nik\u00ebs. Kan\u00eb shk\u00eblqye edhe rrapsod\u00ebt, tashm\u00eb t\u00eb mir\u00ebnjohur \u2013 m\u00ebrgimtar\u00ebt mirditor\u00eb, Gjergj Kaza dhe Tonin Pren\u00e7i. Shum\u00eb i k\u00ebndsh\u00ebm ka qen\u00eb edhe k\u00ebng\u00ebtari tjet\u00ebr, Petrit Gjinaj.<\/p>\n<p>M\u00ebkatnojm\u00eb t\u00eb mos flasim p\u00ebr larmin\u00eb dhe vler\u00ebn e madhe artistike t\u00eb k\u00ebng\u00ebve t\u00eb k\u00ebnduara nga Majlinda Kapedani, e cila tashm\u00eb esht\u00eb artistja e preferuar e m\u00ebrgimtar\u00ebve t\u00eb k\u00ebtush\u00ebm. Ka k\u00ebnduar bukur edhe Luz Koliqi, tashm\u00eb i njohur dhe i k\u00ebrkuar nga m\u00ebrgimtar\u00ebt e k\u00ebtush\u00ebm. Sidomos t\u00eb pranishmit i ka emocionuar zonja Feride Peci, si imituese e denj\u00eb e t\u00eb ndjer\u00ebs Fatime Sokoli. Gati t\u00eb gjith\u00eb k\u00ebng\u00ebtar\u00ebt kan\u00eb shk\u00eblqyer edhe n\u00eb vall\u00ebzimet e bukura, organizuar mrekulluesh\u00ebm nga zonja Drita Qokaj.<\/p>\n<p>Me shum\u00eb entuziaz\u00ebm \u00ebsht\u00eb p\u00ebrcjell\u00eb humori i leht\u00eb dhe i k\u00ebndsh\u00ebm, i interpretuar nga Kastriot Pjet\u00ebrnikaj. Gjithashtu shum\u00eb emocionuese ishte poezia \u201cAnatomia e atdheut tim\u201d, e autorit Zef Mulaj, t\u00eb cil\u00ebn mrekulluesh\u00ebm dhe shum\u00eb rrjedhsh\u00ebm, nga libri i tij poetik, n\u00eb kat\u00ebr gjuh\u00eb (shqip, italisht, anglisht dhe gjermanisht), e deklamoi Valentin Bru\u00e7aj. Nj\u00eb fjalim t\u00eb zjarrt\u00eb e ka ber\u00eb presidenti i Unionit t\u00eb Shoqatave Komb\u00ebtare Shqiptare, Z. Paulin Kolndreu, q\u00eb \u00ebsht\u00eb pritur me shum\u00eb entuziaz\u00ebm nga t\u00eb pranishmit. Do t\u00eb gabonim shum\u00eb, po t\u00eb mos fal\u00ebnderonim \u00e7iftin bashk\u00ebshortor tropojan, ardhur nga Bergamo \u2013 Feride dhe Hamit Peci, t\u00eb cil\u00ebt ve\u00e7 kontributit t\u00eb madh n\u00eb programin artistik, kan\u00eb kontribuuar edhe me mjete financiare p\u00ebr sh\u00ebrimin e Ervisit nga Shkodra, prejekt ky i shoqat\u00ebs \u201cSofra Shqiptare\u201d.<\/p>\n<p>Ishte v\u00ebrtet\u00eb k\u00ebnaq\u00ebsi dhe krenari t\u00eb shoh\u00ebsh sa bukur dijn\u00eb t\u00eb organizohen dhe t\u00eb festojn\u00eb shqiptar\u00ebt, dhe p\u00ebr k\u00ebt\u00eb duhet fal\u00ebnderuar shoqat\u00ebn e lartp\u00ebrmendur, e sidomos presidentin e saj \u2013 Ndue Qokaj. Urimi m\u00eb i shpesht\u00eb ishte: Rroft\u00eb Shqip\u00ebria mbi t\u00eb gjitha trojet arb\u00ebrore.<\/p>\n","protected":false},"excerpt":{"rendered":"<p>\u00cbngj\u00ebll Koliqi Qind\u00ebra shqiptar\u00eb, nga t\u00eb gjitha trojet tona etnike, t\u00eb organizuar nga Shoqata e Lecco-s Sofra Shqiptare, me shum\u00eb dinjitet, devotshm\u00ebri, por edhe me krenari, muar\u00ebn pjes\u00eb n\u00eb fest\u00ebn e mrekullueshme t\u00eb 99 Vjetorit t\u00eb Pavar\u00ebsis\u00eb dhe t\u00eb Dit\u00ebs s\u00eb Flamurit ton\u00eb Komb\u00ebtar. ME FJAL\u00cb E ME MUZIK\u00cb U K\u00cbRKUA FUQISH\u00cbM RIB\u00cbRJA E SHQIP\u00cbRIS\u00cb [&hellip;]<\/p>\n","protected":false},"author":1,"featured_media":0,"comment_status":"open","ping_status":"closed","sticky":false,"template":"","format":"standard","meta":{"footnotes":""},"categories":[2],"tags":[],"class_list":{"0":"post-590","1":"post","2":"type-post","3":"status-publish","4":"format-standard","6":"category-artikuj"},"yoast_head":"<!-- This site is optimized with the Yoast SEO plugin v27.4 - https:\/\/yoast.com\/product\/yoast-seo-wordpress\/ -->\n<title>REPORTAZH NGA KREMITIMI I FUNDIT I DIT\u00cbS S\u00cb FLAMURIT N\u00cb ITALI - FjALA e LIR\u00cb - Arkivi<\/title>\n<meta name=\"robots\" content=\"index, follow, max-snippet:-1, max-image-preview:large, max-video-preview:-1\" \/>\n<link rel=\"canonical\" href=\"https:\/\/fjala.info\/2009-2015\/reportazh-nga-kremitimi-i-fundit-i-dites-se-flamurit-ne-itali\/\" \/>\n<meta property=\"og:locale\" content=\"sq_AL\" \/>\n<meta property=\"og:type\" content=\"article\" \/>\n<meta property=\"og:title\" content=\"REPORTAZH NGA KREMITIMI I FUNDIT I DIT\u00cbS S\u00cb FLAMURIT N\u00cb ITALI - FjALA e LIR\u00cb - Arkivi\" \/>\n<meta property=\"og:description\" content=\"\u00cbngj\u00ebll Koliqi Qind\u00ebra shqiptar\u00eb, nga t\u00eb gjitha trojet tona etnike, t\u00eb organizuar nga Shoqata e Lecco-s Sofra Shqiptare, me shum\u00eb dinjitet, devotshm\u00ebri, por edhe me krenari, muar\u00ebn pjes\u00eb n\u00eb fest\u00ebn e mrekullueshme t\u00eb 99 Vjetorit t\u00eb Pavar\u00ebsis\u00eb dhe t\u00eb Dit\u00ebs s\u00eb Flamurit ton\u00eb Komb\u00ebtar. ME FJAL\u00cb E ME MUZIK\u00cb U K\u00cbRKUA FUQISH\u00cbM RIB\u00cbRJA E SHQIP\u00cbRIS\u00cb [&hellip;]\" \/>\n<meta property=\"og:url\" content=\"https:\/\/fjala.info\/2009-2015\/reportazh-nga-kremitimi-i-fundit-i-dites-se-flamurit-ne-itali\/\" \/>\n<meta property=\"og:site_name\" content=\"FjALA e LIR\u00cb - Arkivi\" \/>\n<meta property=\"article:published_time\" content=\"2011-12-14T20:31:18+00:00\" \/>\n<meta property=\"og:image\" content=\"http:\/\/www.shkoder.net\/images\/fjala\/2011\/28nen_banner.jpg\" \/>\n<meta name=\"author\" content=\"admin\" \/>\n<meta name=\"twitter:card\" content=\"summary_large_image\" \/>\n<meta name=\"twitter:label1\" content=\"Written by\" \/>\n\t<meta name=\"twitter:data1\" content=\"admin\" \/>\n\t<meta name=\"twitter:label2\" content=\"Est. reading time\" \/>\n\t<meta name=\"twitter:data2\" content=\"5 minutes\" \/>\n<script type=\"application\/ld+json\" class=\"yoast-schema-graph\">{\"@context\":\"https:\\\/\\\/schema.org\",\"@graph\":[{\"@type\":\"Article\",\"@id\":\"https:\\\/\\\/fjala.info\\\/2009-2015\\\/reportazh-nga-kremitimi-i-fundit-i-dites-se-flamurit-ne-itali\\\/#article\",\"isPartOf\":{\"@id\":\"https:\\\/\\\/fjala.info\\\/2009-2015\\\/reportazh-nga-kremitimi-i-fundit-i-dites-se-flamurit-ne-itali\\\/\"},\"author\":{\"name\":\"admin\",\"@id\":\"https:\\\/\\\/fjala.info\\\/2009-2015\\\/#\\\/schema\\\/person\\\/3aa1163ef05469c496fc94e77611ada2\"},\"headline\":\"REPORTAZH NGA KREMITIMI I FUNDIT I DIT\u00cbS S\u00cb FLAMURIT N\u00cb ITALI\",\"datePublished\":\"2011-12-14T20:31:18+00:00\",\"mainEntityOfPage\":{\"@id\":\"https:\\\/\\\/fjala.info\\\/2009-2015\\\/reportazh-nga-kremitimi-i-fundit-i-dites-se-flamurit-ne-itali\\\/\"},\"wordCount\":1046,\"commentCount\":0,\"publisher\":{\"@id\":\"https:\\\/\\\/fjala.info\\\/2009-2015\\\/#organization\"},\"image\":{\"@id\":\"https:\\\/\\\/fjala.info\\\/2009-2015\\\/reportazh-nga-kremitimi-i-fundit-i-dites-se-flamurit-ne-itali\\\/#primaryimage\"},\"thumbnailUrl\":\"http:\\\/\\\/www.shkoder.net\\\/images\\\/fjala\\\/2011\\\/28nen_banner.jpg\",\"articleSection\":[\"Artikuj\"],\"inLanguage\":\"sq-AL\",\"potentialAction\":[{\"@type\":\"CommentAction\",\"name\":\"Comment\",\"target\":[\"https:\\\/\\\/fjala.info\\\/2009-2015\\\/reportazh-nga-kremitimi-i-fundit-i-dites-se-flamurit-ne-itali\\\/#respond\"]}]},{\"@type\":\"WebPage\",\"@id\":\"https:\\\/\\\/fjala.info\\\/2009-2015\\\/reportazh-nga-kremitimi-i-fundit-i-dites-se-flamurit-ne-itali\\\/\",\"url\":\"https:\\\/\\\/fjala.info\\\/2009-2015\\\/reportazh-nga-kremitimi-i-fundit-i-dites-se-flamurit-ne-itali\\\/\",\"name\":\"REPORTAZH NGA KREMITIMI I FUNDIT I DIT\u00cbS S\u00cb FLAMURIT N\u00cb ITALI - FjALA e LIR\u00cb - Arkivi\",\"isPartOf\":{\"@id\":\"https:\\\/\\\/fjala.info\\\/2009-2015\\\/#website\"},\"primaryImageOfPage\":{\"@id\":\"https:\\\/\\\/fjala.info\\\/2009-2015\\\/reportazh-nga-kremitimi-i-fundit-i-dites-se-flamurit-ne-itali\\\/#primaryimage\"},\"image\":{\"@id\":\"https:\\\/\\\/fjala.info\\\/2009-2015\\\/reportazh-nga-kremitimi-i-fundit-i-dites-se-flamurit-ne-itali\\\/#primaryimage\"},\"thumbnailUrl\":\"http:\\\/\\\/www.shkoder.net\\\/images\\\/fjala\\\/2011\\\/28nen_banner.jpg\",\"datePublished\":\"2011-12-14T20:31:18+00:00\",\"breadcrumb\":{\"@id\":\"https:\\\/\\\/fjala.info\\\/2009-2015\\\/reportazh-nga-kremitimi-i-fundit-i-dites-se-flamurit-ne-itali\\\/#breadcrumb\"},\"inLanguage\":\"sq-AL\",\"potentialAction\":[{\"@type\":\"ReadAction\",\"target\":[\"https:\\\/\\\/fjala.info\\\/2009-2015\\\/reportazh-nga-kremitimi-i-fundit-i-dites-se-flamurit-ne-itali\\\/\"]}]},{\"@type\":\"ImageObject\",\"inLanguage\":\"sq-AL\",\"@id\":\"https:\\\/\\\/fjala.info\\\/2009-2015\\\/reportazh-nga-kremitimi-i-fundit-i-dites-se-flamurit-ne-itali\\\/#primaryimage\",\"url\":\"http:\\\/\\\/www.shkoder.net\\\/images\\\/fjala\\\/2011\\\/28nen_banner.jpg\",\"contentUrl\":\"http:\\\/\\\/www.shkoder.net\\\/images\\\/fjala\\\/2011\\\/28nen_banner.jpg\"},{\"@type\":\"BreadcrumbList\",\"@id\":\"https:\\\/\\\/fjala.info\\\/2009-2015\\\/reportazh-nga-kremitimi-i-fundit-i-dites-se-flamurit-ne-itali\\\/#breadcrumb\",\"itemListElement\":[{\"@type\":\"ListItem\",\"position\":1,\"name\":\"Home\",\"item\":\"https:\\\/\\\/fjala.info\\\/2009-2015\\\/\"},{\"@type\":\"ListItem\",\"position\":2,\"name\":\"REPORTAZH NGA KREMITIMI I FUNDIT I DIT\u00cbS S\u00cb FLAMURIT N\u00cb ITALI\"}]},{\"@type\":\"WebSite\",\"@id\":\"https:\\\/\\\/fjala.info\\\/2009-2015\\\/#website\",\"url\":\"https:\\\/\\\/fjala.info\\\/2009-2015\\\/\",\"name\":\"FjALA e LIR\u00cb - Arkivi\",\"description\":\"Arkivi 2009-2015\",\"publisher\":{\"@id\":\"https:\\\/\\\/fjala.info\\\/2009-2015\\\/#organization\"},\"potentialAction\":[{\"@type\":\"SearchAction\",\"target\":{\"@type\":\"EntryPoint\",\"urlTemplate\":\"https:\\\/\\\/fjala.info\\\/2009-2015\\\/?s={search_term_string}\"},\"query-input\":{\"@type\":\"PropertyValueSpecification\",\"valueRequired\":true,\"valueName\":\"search_term_string\"}}],\"inLanguage\":\"sq-AL\"},{\"@type\":\"Organization\",\"@id\":\"https:\\\/\\\/fjala.info\\\/2009-2015\\\/#organization\",\"name\":\"FjALA e LIR\u00cb - Arkivi\",\"url\":\"https:\\\/\\\/fjala.info\\\/2009-2015\\\/\",\"logo\":{\"@type\":\"ImageObject\",\"inLanguage\":\"sq-AL\",\"@id\":\"https:\\\/\\\/fjala.info\\\/2009-2015\\\/#\\\/schema\\\/logo\\\/image\\\/\",\"url\":\"\",\"contentUrl\":\"\",\"caption\":\"FjALA e LIR\u00cb - Arkivi\"},\"image\":{\"@id\":\"https:\\\/\\\/fjala.info\\\/2009-2015\\\/#\\\/schema\\\/logo\\\/image\\\/\"}},{\"@type\":\"Person\",\"@id\":\"https:\\\/\\\/fjala.info\\\/2009-2015\\\/#\\\/schema\\\/person\\\/3aa1163ef05469c496fc94e77611ada2\",\"name\":\"admin\",\"image\":{\"@type\":\"ImageObject\",\"inLanguage\":\"sq-AL\",\"@id\":\"https:\\\/\\\/fjala.info\\\/2009-2015\\\/wp-content\\\/uploads\\\/2012\\\/02\\\/arben_cokaj-120x150.jpg\",\"url\":\"https:\\\/\\\/fjala.info\\\/2009-2015\\\/wp-content\\\/uploads\\\/2012\\\/02\\\/arben_cokaj-120x150.jpg\",\"contentUrl\":\"https:\\\/\\\/fjala.info\\\/2009-2015\\\/wp-content\\\/uploads\\\/2012\\\/02\\\/arben_cokaj-120x150.jpg\",\"caption\":\"admin\"},\"description\":\"Admin, Fjala e Lir\u00eb\",\"sameAs\":[\"https:\\\/\\\/fjala.info\\\/\"],\"url\":\"https:\\\/\\\/fjala.info\\\/2009-2015\\\/author\\\/admin\\\/\"}]}<\/script>\n<!-- \/ Yoast SEO plugin. -->","yoast_head_json":{"title":"REPORTAZH NGA KREMITIMI I FUNDIT I DIT\u00cbS S\u00cb FLAMURIT N\u00cb ITALI - FjALA e LIR\u00cb - Arkivi","robots":{"index":"index","follow":"follow","max-snippet":"max-snippet:-1","max-image-preview":"max-image-preview:large","max-video-preview":"max-video-preview:-1"},"canonical":"https:\/\/fjala.info\/2009-2015\/reportazh-nga-kremitimi-i-fundit-i-dites-se-flamurit-ne-itali\/","og_locale":"sq_AL","og_type":"article","og_title":"REPORTAZH NGA KREMITIMI I FUNDIT I DIT\u00cbS S\u00cb FLAMURIT N\u00cb ITALI - FjALA e LIR\u00cb - Arkivi","og_description":"\u00cbngj\u00ebll Koliqi Qind\u00ebra shqiptar\u00eb, nga t\u00eb gjitha trojet tona etnike, t\u00eb organizuar nga Shoqata e Lecco-s Sofra Shqiptare, me shum\u00eb dinjitet, devotshm\u00ebri, por edhe me krenari, muar\u00ebn pjes\u00eb n\u00eb fest\u00ebn e mrekullueshme t\u00eb 99 Vjetorit t\u00eb Pavar\u00ebsis\u00eb dhe t\u00eb Dit\u00ebs s\u00eb Flamurit ton\u00eb Komb\u00ebtar. ME FJAL\u00cb E ME MUZIK\u00cb U K\u00cbRKUA FUQISH\u00cbM RIB\u00cbRJA E SHQIP\u00cbRIS\u00cb [&hellip;]","og_url":"https:\/\/fjala.info\/2009-2015\/reportazh-nga-kremitimi-i-fundit-i-dites-se-flamurit-ne-itali\/","og_site_name":"FjALA e LIR\u00cb - Arkivi","article_published_time":"2011-12-14T20:31:18+00:00","og_image":[{"url":"http:\/\/www.shkoder.net\/images\/fjala\/2011\/28nen_banner.jpg","type":"","width":"","height":""}],"author":"admin","twitter_card":"summary_large_image","twitter_misc":{"Written by":"admin","Est. reading time":"5 minutes"},"schema":{"@context":"https:\/\/schema.org","@graph":[{"@type":"Article","@id":"https:\/\/fjala.info\/2009-2015\/reportazh-nga-kremitimi-i-fundit-i-dites-se-flamurit-ne-itali\/#article","isPartOf":{"@id":"https:\/\/fjala.info\/2009-2015\/reportazh-nga-kremitimi-i-fundit-i-dites-se-flamurit-ne-itali\/"},"author":{"name":"admin","@id":"https:\/\/fjala.info\/2009-2015\/#\/schema\/person\/3aa1163ef05469c496fc94e77611ada2"},"headline":"REPORTAZH NGA KREMITIMI I FUNDIT I DIT\u00cbS S\u00cb FLAMURIT N\u00cb ITALI","datePublished":"2011-12-14T20:31:18+00:00","mainEntityOfPage":{"@id":"https:\/\/fjala.info\/2009-2015\/reportazh-nga-kremitimi-i-fundit-i-dites-se-flamurit-ne-itali\/"},"wordCount":1046,"commentCount":0,"publisher":{"@id":"https:\/\/fjala.info\/2009-2015\/#organization"},"image":{"@id":"https:\/\/fjala.info\/2009-2015\/reportazh-nga-kremitimi-i-fundit-i-dites-se-flamurit-ne-itali\/#primaryimage"},"thumbnailUrl":"http:\/\/www.shkoder.net\/images\/fjala\/2011\/28nen_banner.jpg","articleSection":["Artikuj"],"inLanguage":"sq-AL","potentialAction":[{"@type":"CommentAction","name":"Comment","target":["https:\/\/fjala.info\/2009-2015\/reportazh-nga-kremitimi-i-fundit-i-dites-se-flamurit-ne-itali\/#respond"]}]},{"@type":"WebPage","@id":"https:\/\/fjala.info\/2009-2015\/reportazh-nga-kremitimi-i-fundit-i-dites-se-flamurit-ne-itali\/","url":"https:\/\/fjala.info\/2009-2015\/reportazh-nga-kremitimi-i-fundit-i-dites-se-flamurit-ne-itali\/","name":"REPORTAZH NGA KREMITIMI I FUNDIT I DIT\u00cbS S\u00cb FLAMURIT N\u00cb ITALI - FjALA e LIR\u00cb - Arkivi","isPartOf":{"@id":"https:\/\/fjala.info\/2009-2015\/#website"},"primaryImageOfPage":{"@id":"https:\/\/fjala.info\/2009-2015\/reportazh-nga-kremitimi-i-fundit-i-dites-se-flamurit-ne-itali\/#primaryimage"},"image":{"@id":"https:\/\/fjala.info\/2009-2015\/reportazh-nga-kremitimi-i-fundit-i-dites-se-flamurit-ne-itali\/#primaryimage"},"thumbnailUrl":"http:\/\/www.shkoder.net\/images\/fjala\/2011\/28nen_banner.jpg","datePublished":"2011-12-14T20:31:18+00:00","breadcrumb":{"@id":"https:\/\/fjala.info\/2009-2015\/reportazh-nga-kremitimi-i-fundit-i-dites-se-flamurit-ne-itali\/#breadcrumb"},"inLanguage":"sq-AL","potentialAction":[{"@type":"ReadAction","target":["https:\/\/fjala.info\/2009-2015\/reportazh-nga-kremitimi-i-fundit-i-dites-se-flamurit-ne-itali\/"]}]},{"@type":"ImageObject","inLanguage":"sq-AL","@id":"https:\/\/fjala.info\/2009-2015\/reportazh-nga-kremitimi-i-fundit-i-dites-se-flamurit-ne-itali\/#primaryimage","url":"http:\/\/www.shkoder.net\/images\/fjala\/2011\/28nen_banner.jpg","contentUrl":"http:\/\/www.shkoder.net\/images\/fjala\/2011\/28nen_banner.jpg"},{"@type":"BreadcrumbList","@id":"https:\/\/fjala.info\/2009-2015\/reportazh-nga-kremitimi-i-fundit-i-dites-se-flamurit-ne-itali\/#breadcrumb","itemListElement":[{"@type":"ListItem","position":1,"name":"Home","item":"https:\/\/fjala.info\/2009-2015\/"},{"@type":"ListItem","position":2,"name":"REPORTAZH NGA KREMITIMI I FUNDIT I DIT\u00cbS S\u00cb FLAMURIT N\u00cb ITALI"}]},{"@type":"WebSite","@id":"https:\/\/fjala.info\/2009-2015\/#website","url":"https:\/\/fjala.info\/2009-2015\/","name":"FjALA e LIR\u00cb - Arkivi","description":"Arkivi 2009-2015","publisher":{"@id":"https:\/\/fjala.info\/2009-2015\/#organization"},"potentialAction":[{"@type":"SearchAction","target":{"@type":"EntryPoint","urlTemplate":"https:\/\/fjala.info\/2009-2015\/?s={search_term_string}"},"query-input":{"@type":"PropertyValueSpecification","valueRequired":true,"valueName":"search_term_string"}}],"inLanguage":"sq-AL"},{"@type":"Organization","@id":"https:\/\/fjala.info\/2009-2015\/#organization","name":"FjALA e LIR\u00cb - Arkivi","url":"https:\/\/fjala.info\/2009-2015\/","logo":{"@type":"ImageObject","inLanguage":"sq-AL","@id":"https:\/\/fjala.info\/2009-2015\/#\/schema\/logo\/image\/","url":"","contentUrl":"","caption":"FjALA e LIR\u00cb - Arkivi"},"image":{"@id":"https:\/\/fjala.info\/2009-2015\/#\/schema\/logo\/image\/"}},{"@type":"Person","@id":"https:\/\/fjala.info\/2009-2015\/#\/schema\/person\/3aa1163ef05469c496fc94e77611ada2","name":"admin","image":{"@type":"ImageObject","inLanguage":"sq-AL","@id":"https:\/\/fjala.info\/2009-2015\/wp-content\/uploads\/2012\/02\/arben_cokaj-120x150.jpg","url":"https:\/\/fjala.info\/2009-2015\/wp-content\/uploads\/2012\/02\/arben_cokaj-120x150.jpg","contentUrl":"https:\/\/fjala.info\/2009-2015\/wp-content\/uploads\/2012\/02\/arben_cokaj-120x150.jpg","caption":"admin"},"description":"Admin, Fjala e Lir\u00eb","sameAs":["https:\/\/fjala.info\/"],"url":"https:\/\/fjala.info\/2009-2015\/author\/admin\/"}]}},"_links":{"self":[{"href":"https:\/\/fjala.info\/2009-2015\/wp-json\/wp\/v2\/posts\/590","targetHints":{"allow":["GET"]}}],"collection":[{"href":"https:\/\/fjala.info\/2009-2015\/wp-json\/wp\/v2\/posts"}],"about":[{"href":"https:\/\/fjala.info\/2009-2015\/wp-json\/wp\/v2\/types\/post"}],"author":[{"embeddable":true,"href":"https:\/\/fjala.info\/2009-2015\/wp-json\/wp\/v2\/users\/1"}],"replies":[{"embeddable":true,"href":"https:\/\/fjala.info\/2009-2015\/wp-json\/wp\/v2\/comments?post=590"}],"version-history":[{"count":0,"href":"https:\/\/fjala.info\/2009-2015\/wp-json\/wp\/v2\/posts\/590\/revisions"}],"wp:attachment":[{"href":"https:\/\/fjala.info\/2009-2015\/wp-json\/wp\/v2\/media?parent=590"}],"wp:term":[{"taxonomy":"category","embeddable":true,"href":"https:\/\/fjala.info\/2009-2015\/wp-json\/wp\/v2\/categories?post=590"},{"taxonomy":"post_tag","embeddable":true,"href":"https:\/\/fjala.info\/2009-2015\/wp-json\/wp\/v2\/tags?post=590"}],"curies":[{"name":"wp","href":"https:\/\/api.w.org\/{rel}","templated":true}]}}