{"id":5898,"date":"2011-01-26T11:35:04","date_gmt":"2011-01-26T10:35:04","guid":{"rendered":"http:\/\/fjala.shkoder.net\/?p=5898"},"modified":"2011-01-26T11:35:04","modified_gmt":"2011-01-26T10:35:04","slug":"21-janari-nje-tjeter-rreshqitje-ne-anarki","status":"publish","type":"post","link":"https:\/\/fjala.info\/2009-2015\/21-janari-nje-tjeter-rreshqitje-ne-anarki\/","title":{"rendered":"21 Janari &#8211; nj\u00eb tjet\u00ebr rr\u00ebshqitje n\u00eb anarki?"},"content":{"rendered":"<p>Ng: <strong>KI\u00c7O BLUSHI <\/strong><\/p>\n<p>N\u00eb dit\u00ebt dhe n\u00eb net\u00ebt e pas 21 janarit, a mund t\u00eb thuhet z\u00ebplot se kemi shtet, demokraci, rend kushtetues, Ligj, Kushtetut\u00eb, nj\u00eb \u201cpolici e qeveri q\u00eb \u00ebsht\u00eb me ne\u201d, d.m.th, nj\u00eb sistem t\u00eb mir\u00ebfillt\u00eb demokratik, me norma morale e standarde e, p\u00ebr m\u00eb tep\u00ebr, me institucione q\u00eb funksionojn\u00eb m\u00ebvet\u00ebsisht, n\u00eb dobi t\u00eb qytetarit, t\u00eb kombit dhe t\u00eb bashk\u00ebjetes\u00ebs harmonike? Ky nuk \u00ebsht\u00eb rasti as i par\u00eb e as i fundit q\u00eb lipset t\u2019i p\u00ebrgjigjemi ndershm\u00ebrisht k\u00ebsaj pyetjeje.<\/p>\n<p>Natyrisht jo sikur po na interviston ndonj\u00eb kanal televiziv, ku tjet\u00ebr themi e tjet\u00ebr mendojm\u00eb; jo sikur po na d\u00ebgjon kryetari i partis\u00eb; jo sikur detyrohemi t\u00eb pohojm\u00eb n\u00eb media q\u00eb t\u00eb na d\u00ebgjoj\u00eb mbar\u00eb bota, pra jo sikur po molloisim e bro\u00e7kullijm\u00eb si ata analist\u00ebt tan\u00eb t\u00eb pavarur q\u00eb kan\u00eb pushtuar ekranet, po sikur po flasim vetmevete, me nj\u2019at sinqeritet e d\u00eblir\u00ebsi q\u00eb ka \u00e7do njeri normal kur e v\u00eb kok\u00ebn n\u00eb jast\u00ebk: A thua demokracia q\u00eb shpresuam p\u00ebrnj\u00ebmend \u00ebsht\u00eb ajo q\u00eb g\u00ebzojm\u00eb sot?<\/p>\n<p>Pse pas 2 Prillit erdhi 14 Shtatori e m\u00eb pas 21 Janari? Liri-demokracia e \u201cidealeve t\u00eb dhjetorit\u201d kjo \u00ebsht\u00eb? Ku gjendet shteti i t\u00eb Drejt\u00ebs? Ku \u00ebsht\u00eb Evropa, m\u00eb larg apo m\u00eb af\u00ebr jemi ne me t\u00eb e sidomos me nj\u00ebrit-tjetrin? P\u00ebrse pushteti, pavar\u00ebsisht nga ngjyrat, vazhdon t\u00eb na trajtoj\u00eb si armiq t\u00eb tij, edhe pse jemi me karta identiteti e Kushtetut\u00eb? Pse nuk kemi siguri e paqe, mir\u00ebkuptim e marr\u00ebveshje n\u00eb vendin ton\u00eb, ku nj\u00eb i fort\u00eb me pushtet ka m\u00eb tep\u00ebr vler\u00eb, dinjitet e imunitet?<\/p>\n<p>Nuk ka pyetje m\u00eb naive dhe m\u00eb t\u00eb pafajshme, e nj\u00ebkoh\u00ebsisht edhe m\u00eb t\u00eb qen\u00ebsishme! N\u00ebse p\u00ebrgjigja do t\u00eb jet\u00eb e sinqert\u00eb, e pashfytyruar prej interesit vetjak, nga p\u00ebrfitimi i atyp\u00ebratysh\u00ebm, nga an\u00ebsia e verb\u00ebria partiake, ne mund t\u00eb shohim pak\u00ebz drit\u00eb n\u00eb fund t\u00eb tunelit q\u00eb quhet tranzicion\u2026Por ne nuk e shohim dot t\u00eb v\u00ebrtet\u00ebn n\u00eb sy. Nuk na l\u00ebn\u00eb ekranet e zaptuara nga kryetar\u00ebt e partive dhe z\u00ebdh\u00ebn\u00ebsit e tyre! Ne nuk na manipulon dot videokaseta e Priftit; ne na manipulon llum-propaganda e prift\u00ebrinjve t\u00eb partive!<\/p>\n<p>N\u00ebse n\u00eb diktatur\u00eb, p\u00ebr hir t\u00eb mbijetes\u00ebs, mund t\u00eb g\u00ebnjesh veten (oh, sa t\u00eb lumtur jemi meq\u00eb nuk e kuptojm\u00eb dot sa keq jemi!) ky &#8211; mashtrimi i vetes &#8211; do t\u00eb ishte m\u00ebkat i pafalsh\u00ebm n\u00eb demokraci! Ndaj shp\u00eblarja intensive e truve sot b\u00ebhet nj\u00eblloj si dje me format e edukimit: ndaj jo pak deputet\u00eb, analist\u00eb, intelektual\u00eb partiak\u00eb dalin e pa e b\u00ebr\u00eb qejfin qeder, pa u skuqur e pa u tutur recitojn\u00eb po ato fraza, ide, shpifje e akuza q\u00eb bro\u00e7kullit kryetari i partis\u00eb! Ky degradim moral i Fjal\u00ebs dhe i opinionit publik e b\u00ebn tablon\u00eb ton\u00eb shoq\u00ebrore t\u00eb zymt\u00eb, t\u00eb zezont\u00eb, m\u00eb t\u00eb pashpres\u00eb! Nj\u00eb honorar, nj\u00eb post, nj\u00eb shp\u00ebrblim me apo pa tender, paskan m\u00eb shum\u00eb vler\u00eb se tre t\u00eb vrar\u00eb para kryeministris\u00eb. Sot mercenari partiak, dmth nj\u00eb llapaqen e nj\u00eb humhum televiziv i kryetarit p\u00ebrkat\u00ebs ka m\u00eb shum\u00eb vler\u00eb se \u00e7do rilindas!<\/p>\n<p style=\"text-align: center;\">* * *<\/p>\n<p>Tre qytetar\u00eb t\u00eb vrar\u00eb n\u00eb dyert e qeveris\u00eb, pushteti i quajti horra. Ngrihet opozita dhe horra quan gardist\u00ebt q\u00eb q\u00eblluan mbi ta\u2026Po kush \u00ebsht\u00eb horri i v\u00ebrtet\u00eb n\u00eb k\u00ebt\u00eb vend? Ina Rama ka m\u00eb shum\u00eb frik\u00eb se ne qytetar\u00ebt e zakont\u00eb, ndaj m\u00ebrm\u00ebrit edhe kur gjendet p\u00ebrkrah ambasadorit t\u00eb ri amerikan! E pra, ku gjendet shkaku i v\u00ebrtet\u00eb q\u00eb ne, t\u00eb pakt\u00ebn nj\u00eb her\u00eb n\u00eb pes\u00eb vjet t\u00eb futemi \u201cpapritur e pakujtuar\u201d n\u00eb kolaps moral, ligjor, politik dhe, pse jo, edhe nd\u00ebrvetjak? A ka dhe a mund t\u00eb ket\u00eb Drejt\u00ebsi n\u00eb k\u00ebt\u00eb shoq\u00ebri, ku krimineli politik, q\u00eb pas 2 prillit, u bind se sukses quhet \u201ct\u00eb ik\u00eb n\u00eb drejtim t\u00eb paditur\u201d, si dhe t\u00eb hip\u00eb e t\u00eb mbetet gjat\u00eb n\u00eb maj\u00eb t\u00eb pushtetit, me \u201cmjete dhe me rrug\u00eb demokratike\u201d?<\/p>\n<p>Nuk lipset shum\u00eb mend p\u00ebr t\u00eb kuptuar se faqja e par\u00eb e demokracis\u00eb ton\u00eb \u00ebsht\u00eb shkruar me gjak e me mashtrim, me mosnd\u00ebshkim e me moszbulim, madje edhe me lart\u00ebsim t\u00eb kriminel\u00ebve t\u00eb 2 prillit t\u00eb Shkodr\u00ebs e jo vet\u00ebm! A nuk u soll\u00ebn nga an\u2019 e an\u00ebs dhe u em\u00ebruan n\u00eb poste t\u00eb larta t\u00eb gjith\u00eb kriminel\u00ebt e SHIK-ut t\u00eb Gazidedes, fill pasi Saliu u b\u00eb kryeminist\u00ebr? Kjo \u00ebsht\u00eb e v\u00ebrteta lakuriq! Pse e b\u00ebri Berisha k\u00ebt\u00eb? Sepse ai pushtetin do ta mbante n\u00eb \u201ckuror\u00ebzimin e dyt\u00eb\u201d me t\u00eb till\u00ebt, -ca me dosje korrupsioni, ca me dosje t\u00eb sigurimit, ca me dosje t\u00eb krimeve pas \u201890-\u00ebs\u2026<\/p>\n<p>Sepse vet\u00ebm tek ta mund t\u00eb ish besimplot\u00eb, vet\u00ebm ata mund t\u00eb q\u00ebllonin m\u00eb 21 janar, vet\u00ebm t\u00eb till\u00ebt kishin garanci q\u00eb jo vet\u00ebm nuk do t\u00eb zbuloheshin e nd\u00ebshkoheshin, por p\u00ebrkundrazi, do t\u00eb shp\u00ebrbleheshin! Prandaj q\u00eb n\u00eb filles\u00eb, pra q\u00eb m\u00eb 2 prill, aspirata jon\u00eb p\u00ebr demokraci mori nj\u00eb plag\u00eb t\u00eb pash\u00ebrueshme, pasoj\u00ebn e s\u00eb cil\u00ebs po e vuajm\u00eb edhe sot e k\u00ebsaj dite, jo vet\u00ebm m\u00eb 1997 e m\u00eb 1998, por edhe tash! E pra, 21 janari \u00ebsht\u00eb ana e pasme e 2 prillit! As n\u00eb diktaturat e Amerik\u00ebs Latine nuk mund t\u00eb ndodh\u00eb q\u00eb mandat arrestet e Prokuroris\u00eb t\u00eb mos zbatohen nga policia! \u201cPolitika n\u00eb plan t\u00eb par\u00eb! Partia mbi t\u00eb gjitha! E sidomos kryetari!\u201d<\/p>\n<p>N\u00eb k\u00ebt\u00eb atmosfer\u00eb gjasme demokratike doli nga funksioni vegla qorre, &#8211; Kuvendi, deputet\u00ebt, pesha e Fjal\u00ebs publike. Nj\u00eblloj si n\u00eb vitin 1997 kur Kuvendi, pasi kuror\u00ebzoi p\u00ebr her\u00eb t\u00eb dyt\u00eb Berish\u00ebn si President t\u00eb Republik\u00ebs, e shpalli gjendjen e jasht\u00ebzakonshme, edhe n\u00eb vitin 2011 b\u00ebri t\u00eb nj\u00ebjt\u00ebn gj\u00eb: m\u00eb s\u00eb pari paralizoi institucionet, aq sa Kuvendi u mblodh urgjentisht me urdh\u00ebr (t\u00eb diel\u00ebn n\u00eb mbr\u00ebmje, sikur do t\u00eb na pushtonte armiku!) dhe miratoi nj\u00eb rezolut\u00eb ku d\u00ebnohej \u201cvideoja e montuar nga \u00c7akalli\u201d(!?), si dhe u ngrit nj\u00eb komision parlamentar p\u00ebr hetimin e \u201cgrushtit t\u00eb shtetit\u201d!<\/p>\n<p>Nuk lipset shum\u00eb mend e kultur\u00eb p\u00ebr t\u00eb kuptuar se ky \u201ckomision parlamentar\u201d do t\u00eb ngrihet jo p\u00ebr hetimin e vrasjeve, por q\u00eb \u201cme ligj\u201d t\u00eb detyrohet Prokuroria e P\u00ebrgjithshme dhe gjykatat t\u00eb mos veprojn\u00eb p\u00ebr ndjekjen, identifikimin, kapjen dhe d\u00ebnimin e gardist\u00ebve vras\u00ebs q\u00eb tashm\u00eb mesa duket kan\u00eb ikur \u201cn\u00eb drejtim t\u00eb paditur\u201d\u2026N\u00eb k\u00ebt\u00eb atmosfer\u00eb, n\u00ebse do t\u00eb gjendet nj\u00eb prokuror q\u00eb t\u00eb dal\u00eb e t\u00eb thot\u00eb se demonstruesit te kryeministria u ekzekutuan nga af\u00ebr, a nuk do ta ket\u00eb t\u00eb sigurt nes\u00ebr ky \u201cspecialist i ndersh\u00ebm\u201d postin e Ina Ram\u00ebs?<\/p>\n<p>Sot askush nuk e k\u00ebrkon shkakun, le m\u00eb shkaktarin, as pasoj\u00ebn e anarkis\u00eb\u2026Ky \u00ebsht\u00eb problemi, ky \u00ebsht\u00eb halli, ky \u00ebsht\u00eb burimi i qorrsokakut ku sherrpolitika e Nj\u00ebshave, p\u00ebr t\u00eb disat\u00ebn her\u00eb na ka \u00e7uar n\u00eb buz\u00eb t\u00eb theqafjes, n\u00eb zi komb\u00ebtare, n\u00eb luft\u00eb t\u00eb pakuptimt\u00eb, n\u00eb urrejtje t\u00eb nd\u00ebrsjell\u00eb, n\u00eb llumnaj\u00ebn e shpifsharjeve, duke na fundosur n\u00eb fund t\u00eb standardeve, teksa m\u00ebton t\u00eb na bind\u00eb se jemi t\u00eb par\u00ebt, m\u00eb t\u00eb suksesshmit, m\u00eb t\u00eb lumturit e dynjas\u00eb, etj , etj\u2026! E pra, nuk mjaftoi 2 prilli, nuk mjaftoi 1997-98-ta, nuk mjaftuan mij\u00ebra t\u00eb vrar\u00eb, nuk mjaftoi as 14 shtatori i llahtarsh\u00ebm, nuk mjaftoi as G\u00ebrdeci q\u00eb hodhi n\u00eb er\u00eb 26 njer\u00ebz, nuk mjaftuan as p\u00ebrmbytjet e Shkodr\u00ebs, po u desh edhe nj\u00eb 21 janar i p\u00ebrgjaksh\u00ebm! Mos duhet m\u00eb q\u00eb t\u00eb kthjellohemi?<\/p>\n<p style=\"text-align: center;\">* * *<\/p>\n<p>Meq\u00eb vet\u00eb krer\u00ebt tan\u00eb kan\u00eb shpallur se u vete pas historia e n\u00eb k\u00ebt\u00eb kuad\u00ebr po k\u00ebrkohet rishkrimi i historis\u00eb, ia vlen, besoj &#8211; para se t\u00eb merremi me gjynahet e Sk\u00ebnderbeut &#8211; t\u00eb pyesim veten: Kujt ka p\u00ebr t\u2019ia faturuar historia k\u00ebto merita, m\u00ebnxyra e mysybete t\u00eb pashembullta? P\u00ebr t\u00eb zbuluar k\u00ebt\u00eb t\u00eb v\u00ebrtet\u00eb, mjafton t\u00eb v\u00ebshtrohet se si \u00ebsht\u00eb sjell\u00eb Berisha me organet e Drejt\u00ebsis\u00eb n\u00eb t\u00eb gjitha b\u00ebmat e tij tragjike, si ka k\u00ebrkuar ai me nj\u00eb ngulm t\u00eb admiruesh\u00ebm jo vet\u00ebm t\u00eb paralizoj\u00eb kund\u00ebrshtar\u00ebt, Prokurorin\u00eb e P\u00ebrgjithshme, por duke e shkulur at\u00eb nga themelet, duke shkarkuar \u201cme ceremoni\u201d, d.m.th, me akuza monstruoze, si \u201ckryemafioz\u00eb\u201d, t\u00eb gjith\u00eb kryeprokuror\u00ebt e P\u00ebrgjithsh\u00ebm, p\u00ebr t\u00eb em\u00ebruar nj\u00eb besnik t\u00eb vetin, i cili, m\u00eb pas, \u00e7udit\u00ebrisht, edhe ky ka dal\u00eb nj\u00eb tjet\u00ebr \u201carmik\u201d q\u00eb e ka \u201cmeritue\u201d lin\u00e7imin! Kjo \u00ebsht\u00eb logjika vepruese e \u00e7do lloj mafie, aq m\u00eb tep\u00ebr asaj politike. Kjo \u00ebsht\u00eb m\u00ebnyra p\u00ebr t\u00eb trembur vart\u00ebsit, kund\u00ebrshtar\u00ebt, prokuror\u00ebt dhe gjykat\u00ebsit, p\u00ebr t\u00eb mos nd\u00ebshkuar kriminel\u00ebt, p\u00ebr t\u00eb mos pasur kurr\u00eb Drejt\u00ebsi n\u00eb vend, p\u00ebr t\u2019u ndjer\u00eb si nj\u00eb Zogoll i dyt\u00eb, pa u shpallur mbret me Kushtetut\u00eb!\u2026<\/p>\n<p>Historia e Saliut nuk mund t\u00eb gjykohet pa hapur \u201cdosjen \u201c e marr\u00ebdh\u00ebnieve t\u00eb tij cub\u00ebrore me organet e Drejt\u00ebsis\u00eb. Ja p\u00ebrse anarkia po na \u00e7on me shpejt\u00ebsi nga nj\u00eb sistem autoritar, te nj\u00eb sistem ku vras\u00ebsi, hajduti, banditi, shpif\u00ebsi, d\u00ebshmitari i rrem\u00eb, abuzuesi me pushtetin, demagogu, ku vet\u00ebm ai\/ata q\u00eb mbrojn\u00eb dhe i sh\u00ebrbejn\u00eb si skllev\u00ebr kryeministrit, do t\u00eb g\u00ebzojn\u00eb m\u00eb shum\u00eb merita, shp\u00ebrblime, madje ku e ku m\u00eb shum\u00eb edhe se e ardhmja e vendit!<\/p>\n<p>\u201cE mjera Shqypni, kush t\u00eb ka qit\u2019 me krye n\u00eb hi?\u201d\u2026Pas 21 Janarit duhet me pyet: Kush na ka qit n\u00eb k\u00ebt\u00eb hi-llumhan\u00eb, p\u00ebrve\u00e7 kryetar\u00ebve trushkulur? E pra, pas 21 Janarit, n\u00eb vend q\u00eb t\u00eb \u201cruhej gjakftoht\u00ebsia\u201d, si u k\u00ebrkua me naivitet nga nd\u00ebrkomb\u00ebtar\u00ebt, shoq\u00ebria, apo m\u00eb sak, shteti shqiptar, po rr\u00ebshqet, -natyrisht prej panikut dhe frik\u00ebs s\u00eb krer\u00ebve q\u00eb tmerrohen mos dalin gjurm\u00ebt e krimit t\u00eb tyre, pas humbjes s\u00eb pushtetit vetjak, n\u00eb nj\u00eb anarki t\u00eb frikshme, ku jo vet\u00ebm Ligji, po edhe arsyeja m\u00eb minimale, apo s\u00eb paku normale, nuk kan\u00eb pik\u00eb vlere n\u00eb nj\u00eb k\u00ebrleshje t\u00eb mitingjeve me antimitingjet. \u201cT\u00eb b\u00ebhen hetime t\u00eb pavarura!\u201d, nd\u00ebrkoh\u00eb q\u00eb k\u00ebt\u00eb e k\u00ebrkojn\u00eb pik\u00ebrisht ata q\u00eb e kan\u00eb penalizuar e ngrir\u00eb Prokurorin\u00eb e P\u00ebrgjithshme! Nuk ka absurditet pu\u00e7ist m\u00eb t\u00eb pashembullt se ky!<\/p>\n<p>Nuk paska m\u00eb rrezikzi se nj\u00eb kriminel, hajdut, vras\u00ebs, e sidomos se nj\u00eb pushtetar i lart\u00eb me pushtet t\u00eb pakufizuar, i cili, kur kapet me duart mbi nj\u00eb krim shtet\u00ebror, sulmon dhe paralizon gjith\u00eb sistemin e Drejt\u00ebsis\u00eb, duke shpresuar se k\u00ebsisoj i ka lar\u00eb duart! Kjo po e b\u00ebn pas 21 Janarin m\u00eb t\u00eb friksh\u00ebm se rropama tragjike e asaj dit\u00eb t\u00eb kobshme. Nxjerrja nga funksioni i Prokuroris\u00eb, bashk\u00eb me SHIK-un, \u00ebsht\u00eb nj\u00eb tjet\u00ebr atentat drumepre ndaj demokracis\u00eb, natyrisht jo vet\u00ebm p\u00ebr moszbardhjen e nj\u00eb ngjarjeje konkrete, si kjo e 21 Janarit, pra jo vet\u00ebm t\u00eb nj\u00eb krimi, por t\u00eb \u00e7do lloj krimi, abuzimi, vjedhje, korrupsioni, mashtrimi t\u00eb djesh\u00ebm e t\u00eb nes\u00ebrm q\u00eb e kan\u00eb burimin nga lart, nga qeveria\u2026<\/p>\n<p>Jo rast\u00ebsisht Nj\u00ebshi tash \u00ebsht\u00eb nj\u00ebkoh\u00ebsisht kryeminist\u00ebr, kryetar i t\u00eb vetmes parti n\u00eb pushtet, President real i Republik\u00ebs, kryeprokuror, kryetar i SHIK-ut, i Kuvendit, i grupit parlamentar, i t\u00eb gjitha gjykatave, i Gard\u00ebs, i policis\u00eb, i tatimeve, i doganave, i \u00e7mimit t\u00eb ila\u00e7eve dhe energjis\u00eb, i rritjes ose jo t\u00eb pensioneve, i heqjes s\u00eb vizave\u2026 si dhe i m\u00ebnyr\u00ebs se si ne do t\u00eb na lejohet t\u2019i kuptojm\u00eb situatat. Berisha pas 21 Janarit ka m\u00eb shum\u00eb frik\u00eb e \u201carsye familjare\u201d t\u00eb mos e l\u00ebshoj\u00eb pushtetin se n\u00eb vitin 1997, edhe pse kujton e beson se ka p\u00ebrvet\u00ebsuar monopolin e t\u00eb v\u00ebrtet\u00ebs, pa e ditur se kjo nuk \u00ebsht\u00eb arma q\u00eb mund ta shp\u00ebtoj\u00eb, p\u00ebrkundrazi, ka p\u00ebr ta eliminuar me turp!<\/p>\n<p>P\u00ebr hir t\u00eb k\u00ebtij \u201cmonopoli mediatik\u201d, k\u00ebtij bombardimi me g\u00ebnjeshtra, ai beson se do t\u00eb mbret\u00ebroj\u00eb gjat\u00eb; por ky shkat\u00ebrrim i Fjal\u00ebs publike rrezikon q\u00eb edhe nj\u00ebzet vitet e ardhme t\u00eb mos kemi jo vet\u00ebm media, por as Drejt\u00ebsi t\u00eb pavarur e t\u00eb besueshme q\u00eb mund t\u00eb gjykoj\u00eb jo nj\u00eb G\u00ebrdec, po qoft\u00eb larg disa G\u00ebrdec\u00eb, pra jo vet\u00ebm nj\u00eb p\u00ebrmbytje t\u00eb Shkodr\u00ebs, por edhe p\u00ebrmbytjet e shpres\u00ebs s\u00eb shqiptar\u00ebve\u2026Ja p\u00ebrse 21 Janari, pas 2 Prillit e 14 Shtatorit, nj\u00eblloj si te \u201cMakbethi\u201d, ku krimi politik pjell nj\u00eb tjet\u00ebr krim politik, edhe nj\u00eb her\u00eb na d\u00ebshmoi fytyr\u00ebn reale t\u00eb krer\u00ebve tan\u00eb makbethjan\u00eb&#8230;E pra, edhe kjo m\u00ebnxyr\u00eb e radh\u00ebs na doli borxhit, se na tregoi \u00e7\u2019na pret e sa t\u00eb lumtur jemi n\u00eb k\u00ebt\u00eb Salistan!<\/p>\n<p>(<em>shkrimi eshte botuar sot ne GSH<\/em>)<\/p>\n","protected":false},"excerpt":{"rendered":"<p>Ng: KI\u00c7O BLUSHI N\u00eb dit\u00ebt dhe n\u00eb net\u00ebt e pas 21 janarit, a mund t\u00eb thuhet z\u00ebplot se kemi shtet, demokraci, rend kushtetues, Ligj, Kushtetut\u00eb, nj\u00eb \u201cpolici e qeveri q\u00eb \u00ebsht\u00eb me ne\u201d, d.m.th, nj\u00eb sistem t\u00eb mir\u00ebfillt\u00eb demokratik, me norma morale e standarde e, p\u00ebr m\u00eb tep\u00ebr, me institucione q\u00eb funksionojn\u00eb m\u00ebvet\u00ebsisht, n\u00eb dobi [&hellip;]<\/p>\n","protected":false},"author":1,"featured_media":0,"comment_status":"open","ping_status":"closed","sticky":false,"template":"","format":"standard","meta":{"footnotes":""},"categories":[2],"tags":[],"class_list":{"0":"post-5898","1":"post","2":"type-post","3":"status-publish","4":"format-standard","6":"category-artikuj"},"yoast_head":"<!-- This site is optimized with the Yoast SEO plugin v27.4 - https:\/\/yoast.com\/product\/yoast-seo-wordpress\/ -->\n<title>21 Janari - nj\u00eb tjet\u00ebr rr\u00ebshqitje n\u00eb anarki? - FjALA e LIR\u00cb - Arkivi<\/title>\n<meta name=\"robots\" content=\"index, follow, max-snippet:-1, max-image-preview:large, max-video-preview:-1\" \/>\n<link rel=\"canonical\" href=\"https:\/\/fjala.info\/2009-2015\/21-janari-nje-tjeter-rreshqitje-ne-anarki\/\" \/>\n<meta property=\"og:locale\" content=\"sq_AL\" \/>\n<meta property=\"og:type\" content=\"article\" \/>\n<meta property=\"og:title\" content=\"21 Janari - nj\u00eb tjet\u00ebr rr\u00ebshqitje n\u00eb anarki? - FjALA e LIR\u00cb - Arkivi\" \/>\n<meta property=\"og:description\" content=\"Ng: KI\u00c7O BLUSHI N\u00eb dit\u00ebt dhe n\u00eb net\u00ebt e pas 21 janarit, a mund t\u00eb thuhet z\u00ebplot se kemi shtet, demokraci, rend kushtetues, Ligj, Kushtetut\u00eb, nj\u00eb \u201cpolici e qeveri q\u00eb \u00ebsht\u00eb me ne\u201d, d.m.th, nj\u00eb sistem t\u00eb mir\u00ebfillt\u00eb demokratik, me norma morale e standarde e, p\u00ebr m\u00eb tep\u00ebr, me institucione q\u00eb funksionojn\u00eb m\u00ebvet\u00ebsisht, n\u00eb dobi [&hellip;]\" \/>\n<meta property=\"og:url\" content=\"https:\/\/fjala.info\/2009-2015\/21-janari-nje-tjeter-rreshqitje-ne-anarki\/\" \/>\n<meta property=\"og:site_name\" content=\"FjALA e LIR\u00cb - Arkivi\" \/>\n<meta property=\"article:published_time\" content=\"2011-01-26T10:35:04+00:00\" \/>\n<meta name=\"author\" content=\"admin\" \/>\n<meta name=\"twitter:card\" content=\"summary_large_image\" \/>\n<meta name=\"twitter:label1\" content=\"Written by\" \/>\n\t<meta name=\"twitter:data1\" content=\"admin\" \/>\n\t<meta name=\"twitter:label2\" content=\"Est. reading time\" \/>\n\t<meta name=\"twitter:data2\" content=\"11 minutes\" \/>\n<script type=\"application\/ld+json\" class=\"yoast-schema-graph\">{\"@context\":\"https:\\\/\\\/schema.org\",\"@graph\":[{\"@type\":\"Article\",\"@id\":\"https:\\\/\\\/fjala.info\\\/2009-2015\\\/21-janari-nje-tjeter-rreshqitje-ne-anarki\\\/#article\",\"isPartOf\":{\"@id\":\"https:\\\/\\\/fjala.info\\\/2009-2015\\\/21-janari-nje-tjeter-rreshqitje-ne-anarki\\\/\"},\"author\":{\"name\":\"admin\",\"@id\":\"https:\\\/\\\/fjala.info\\\/2009-2015\\\/#\\\/schema\\\/person\\\/3aa1163ef05469c496fc94e77611ada2\"},\"headline\":\"21 Janari &#8211; nj\u00eb tjet\u00ebr rr\u00ebshqitje n\u00eb anarki?\",\"datePublished\":\"2011-01-26T10:35:04+00:00\",\"mainEntityOfPage\":{\"@id\":\"https:\\\/\\\/fjala.info\\\/2009-2015\\\/21-janari-nje-tjeter-rreshqitje-ne-anarki\\\/\"},\"wordCount\":2227,\"commentCount\":0,\"publisher\":{\"@id\":\"https:\\\/\\\/fjala.info\\\/2009-2015\\\/#organization\"},\"articleSection\":[\"Artikuj\"],\"inLanguage\":\"sq-AL\",\"potentialAction\":[{\"@type\":\"CommentAction\",\"name\":\"Comment\",\"target\":[\"https:\\\/\\\/fjala.info\\\/2009-2015\\\/21-janari-nje-tjeter-rreshqitje-ne-anarki\\\/#respond\"]}]},{\"@type\":\"WebPage\",\"@id\":\"https:\\\/\\\/fjala.info\\\/2009-2015\\\/21-janari-nje-tjeter-rreshqitje-ne-anarki\\\/\",\"url\":\"https:\\\/\\\/fjala.info\\\/2009-2015\\\/21-janari-nje-tjeter-rreshqitje-ne-anarki\\\/\",\"name\":\"21 Janari - nj\u00eb tjet\u00ebr rr\u00ebshqitje n\u00eb anarki? - FjALA e LIR\u00cb - Arkivi\",\"isPartOf\":{\"@id\":\"https:\\\/\\\/fjala.info\\\/2009-2015\\\/#website\"},\"datePublished\":\"2011-01-26T10:35:04+00:00\",\"breadcrumb\":{\"@id\":\"https:\\\/\\\/fjala.info\\\/2009-2015\\\/21-janari-nje-tjeter-rreshqitje-ne-anarki\\\/#breadcrumb\"},\"inLanguage\":\"sq-AL\",\"potentialAction\":[{\"@type\":\"ReadAction\",\"target\":[\"https:\\\/\\\/fjala.info\\\/2009-2015\\\/21-janari-nje-tjeter-rreshqitje-ne-anarki\\\/\"]}]},{\"@type\":\"BreadcrumbList\",\"@id\":\"https:\\\/\\\/fjala.info\\\/2009-2015\\\/21-janari-nje-tjeter-rreshqitje-ne-anarki\\\/#breadcrumb\",\"itemListElement\":[{\"@type\":\"ListItem\",\"position\":1,\"name\":\"Home\",\"item\":\"https:\\\/\\\/fjala.info\\\/2009-2015\\\/\"},{\"@type\":\"ListItem\",\"position\":2,\"name\":\"21 Janari &#8211; nj\u00eb tjet\u00ebr rr\u00ebshqitje n\u00eb anarki?\"}]},{\"@type\":\"WebSite\",\"@id\":\"https:\\\/\\\/fjala.info\\\/2009-2015\\\/#website\",\"url\":\"https:\\\/\\\/fjala.info\\\/2009-2015\\\/\",\"name\":\"FjALA e LIR\u00cb - Arkivi\",\"description\":\"Arkivi 2009-2015\",\"publisher\":{\"@id\":\"https:\\\/\\\/fjala.info\\\/2009-2015\\\/#organization\"},\"potentialAction\":[{\"@type\":\"SearchAction\",\"target\":{\"@type\":\"EntryPoint\",\"urlTemplate\":\"https:\\\/\\\/fjala.info\\\/2009-2015\\\/?s={search_term_string}\"},\"query-input\":{\"@type\":\"PropertyValueSpecification\",\"valueRequired\":true,\"valueName\":\"search_term_string\"}}],\"inLanguage\":\"sq-AL\"},{\"@type\":\"Organization\",\"@id\":\"https:\\\/\\\/fjala.info\\\/2009-2015\\\/#organization\",\"name\":\"FjALA e LIR\u00cb - Arkivi\",\"url\":\"https:\\\/\\\/fjala.info\\\/2009-2015\\\/\",\"logo\":{\"@type\":\"ImageObject\",\"inLanguage\":\"sq-AL\",\"@id\":\"https:\\\/\\\/fjala.info\\\/2009-2015\\\/#\\\/schema\\\/logo\\\/image\\\/\",\"url\":\"\",\"contentUrl\":\"\",\"caption\":\"FjALA e LIR\u00cb - Arkivi\"},\"image\":{\"@id\":\"https:\\\/\\\/fjala.info\\\/2009-2015\\\/#\\\/schema\\\/logo\\\/image\\\/\"}},{\"@type\":\"Person\",\"@id\":\"https:\\\/\\\/fjala.info\\\/2009-2015\\\/#\\\/schema\\\/person\\\/3aa1163ef05469c496fc94e77611ada2\",\"name\":\"admin\",\"image\":{\"@type\":\"ImageObject\",\"inLanguage\":\"sq-AL\",\"@id\":\"https:\\\/\\\/fjala.info\\\/2009-2015\\\/wp-content\\\/uploads\\\/2012\\\/02\\\/arben_cokaj-120x150.jpg\",\"url\":\"https:\\\/\\\/fjala.info\\\/2009-2015\\\/wp-content\\\/uploads\\\/2012\\\/02\\\/arben_cokaj-120x150.jpg\",\"contentUrl\":\"https:\\\/\\\/fjala.info\\\/2009-2015\\\/wp-content\\\/uploads\\\/2012\\\/02\\\/arben_cokaj-120x150.jpg\",\"caption\":\"admin\"},\"description\":\"Admin, Fjala e Lir\u00eb\",\"sameAs\":[\"https:\\\/\\\/fjala.info\\\/\"],\"url\":\"https:\\\/\\\/fjala.info\\\/2009-2015\\\/author\\\/admin\\\/\"}]}<\/script>\n<!-- \/ Yoast SEO plugin. -->","yoast_head_json":{"title":"21 Janari - nj\u00eb tjet\u00ebr rr\u00ebshqitje n\u00eb anarki? - FjALA e LIR\u00cb - Arkivi","robots":{"index":"index","follow":"follow","max-snippet":"max-snippet:-1","max-image-preview":"max-image-preview:large","max-video-preview":"max-video-preview:-1"},"canonical":"https:\/\/fjala.info\/2009-2015\/21-janari-nje-tjeter-rreshqitje-ne-anarki\/","og_locale":"sq_AL","og_type":"article","og_title":"21 Janari - nj\u00eb tjet\u00ebr rr\u00ebshqitje n\u00eb anarki? - FjALA e LIR\u00cb - Arkivi","og_description":"Ng: KI\u00c7O BLUSHI N\u00eb dit\u00ebt dhe n\u00eb net\u00ebt e pas 21 janarit, a mund t\u00eb thuhet z\u00ebplot se kemi shtet, demokraci, rend kushtetues, Ligj, Kushtetut\u00eb, nj\u00eb \u201cpolici e qeveri q\u00eb \u00ebsht\u00eb me ne\u201d, d.m.th, nj\u00eb sistem t\u00eb mir\u00ebfillt\u00eb demokratik, me norma morale e standarde e, p\u00ebr m\u00eb tep\u00ebr, me institucione q\u00eb funksionojn\u00eb m\u00ebvet\u00ebsisht, n\u00eb dobi [&hellip;]","og_url":"https:\/\/fjala.info\/2009-2015\/21-janari-nje-tjeter-rreshqitje-ne-anarki\/","og_site_name":"FjALA e LIR\u00cb - Arkivi","article_published_time":"2011-01-26T10:35:04+00:00","author":"admin","twitter_card":"summary_large_image","twitter_misc":{"Written by":"admin","Est. reading time":"11 minutes"},"schema":{"@context":"https:\/\/schema.org","@graph":[{"@type":"Article","@id":"https:\/\/fjala.info\/2009-2015\/21-janari-nje-tjeter-rreshqitje-ne-anarki\/#article","isPartOf":{"@id":"https:\/\/fjala.info\/2009-2015\/21-janari-nje-tjeter-rreshqitje-ne-anarki\/"},"author":{"name":"admin","@id":"https:\/\/fjala.info\/2009-2015\/#\/schema\/person\/3aa1163ef05469c496fc94e77611ada2"},"headline":"21 Janari &#8211; nj\u00eb tjet\u00ebr rr\u00ebshqitje n\u00eb anarki?","datePublished":"2011-01-26T10:35:04+00:00","mainEntityOfPage":{"@id":"https:\/\/fjala.info\/2009-2015\/21-janari-nje-tjeter-rreshqitje-ne-anarki\/"},"wordCount":2227,"commentCount":0,"publisher":{"@id":"https:\/\/fjala.info\/2009-2015\/#organization"},"articleSection":["Artikuj"],"inLanguage":"sq-AL","potentialAction":[{"@type":"CommentAction","name":"Comment","target":["https:\/\/fjala.info\/2009-2015\/21-janari-nje-tjeter-rreshqitje-ne-anarki\/#respond"]}]},{"@type":"WebPage","@id":"https:\/\/fjala.info\/2009-2015\/21-janari-nje-tjeter-rreshqitje-ne-anarki\/","url":"https:\/\/fjala.info\/2009-2015\/21-janari-nje-tjeter-rreshqitje-ne-anarki\/","name":"21 Janari - nj\u00eb tjet\u00ebr rr\u00ebshqitje n\u00eb anarki? - FjALA e LIR\u00cb - Arkivi","isPartOf":{"@id":"https:\/\/fjala.info\/2009-2015\/#website"},"datePublished":"2011-01-26T10:35:04+00:00","breadcrumb":{"@id":"https:\/\/fjala.info\/2009-2015\/21-janari-nje-tjeter-rreshqitje-ne-anarki\/#breadcrumb"},"inLanguage":"sq-AL","potentialAction":[{"@type":"ReadAction","target":["https:\/\/fjala.info\/2009-2015\/21-janari-nje-tjeter-rreshqitje-ne-anarki\/"]}]},{"@type":"BreadcrumbList","@id":"https:\/\/fjala.info\/2009-2015\/21-janari-nje-tjeter-rreshqitje-ne-anarki\/#breadcrumb","itemListElement":[{"@type":"ListItem","position":1,"name":"Home","item":"https:\/\/fjala.info\/2009-2015\/"},{"@type":"ListItem","position":2,"name":"21 Janari &#8211; nj\u00eb tjet\u00ebr rr\u00ebshqitje n\u00eb anarki?"}]},{"@type":"WebSite","@id":"https:\/\/fjala.info\/2009-2015\/#website","url":"https:\/\/fjala.info\/2009-2015\/","name":"FjALA e LIR\u00cb - Arkivi","description":"Arkivi 2009-2015","publisher":{"@id":"https:\/\/fjala.info\/2009-2015\/#organization"},"potentialAction":[{"@type":"SearchAction","target":{"@type":"EntryPoint","urlTemplate":"https:\/\/fjala.info\/2009-2015\/?s={search_term_string}"},"query-input":{"@type":"PropertyValueSpecification","valueRequired":true,"valueName":"search_term_string"}}],"inLanguage":"sq-AL"},{"@type":"Organization","@id":"https:\/\/fjala.info\/2009-2015\/#organization","name":"FjALA e LIR\u00cb - Arkivi","url":"https:\/\/fjala.info\/2009-2015\/","logo":{"@type":"ImageObject","inLanguage":"sq-AL","@id":"https:\/\/fjala.info\/2009-2015\/#\/schema\/logo\/image\/","url":"","contentUrl":"","caption":"FjALA e LIR\u00cb - Arkivi"},"image":{"@id":"https:\/\/fjala.info\/2009-2015\/#\/schema\/logo\/image\/"}},{"@type":"Person","@id":"https:\/\/fjala.info\/2009-2015\/#\/schema\/person\/3aa1163ef05469c496fc94e77611ada2","name":"admin","image":{"@type":"ImageObject","inLanguage":"sq-AL","@id":"https:\/\/fjala.info\/2009-2015\/wp-content\/uploads\/2012\/02\/arben_cokaj-120x150.jpg","url":"https:\/\/fjala.info\/2009-2015\/wp-content\/uploads\/2012\/02\/arben_cokaj-120x150.jpg","contentUrl":"https:\/\/fjala.info\/2009-2015\/wp-content\/uploads\/2012\/02\/arben_cokaj-120x150.jpg","caption":"admin"},"description":"Admin, Fjala e Lir\u00eb","sameAs":["https:\/\/fjala.info\/"],"url":"https:\/\/fjala.info\/2009-2015\/author\/admin\/"}]}},"_links":{"self":[{"href":"https:\/\/fjala.info\/2009-2015\/wp-json\/wp\/v2\/posts\/5898","targetHints":{"allow":["GET"]}}],"collection":[{"href":"https:\/\/fjala.info\/2009-2015\/wp-json\/wp\/v2\/posts"}],"about":[{"href":"https:\/\/fjala.info\/2009-2015\/wp-json\/wp\/v2\/types\/post"}],"author":[{"embeddable":true,"href":"https:\/\/fjala.info\/2009-2015\/wp-json\/wp\/v2\/users\/1"}],"replies":[{"embeddable":true,"href":"https:\/\/fjala.info\/2009-2015\/wp-json\/wp\/v2\/comments?post=5898"}],"version-history":[{"count":0,"href":"https:\/\/fjala.info\/2009-2015\/wp-json\/wp\/v2\/posts\/5898\/revisions"}],"wp:attachment":[{"href":"https:\/\/fjala.info\/2009-2015\/wp-json\/wp\/v2\/media?parent=5898"}],"wp:term":[{"taxonomy":"category","embeddable":true,"href":"https:\/\/fjala.info\/2009-2015\/wp-json\/wp\/v2\/categories?post=5898"},{"taxonomy":"post_tag","embeddable":true,"href":"https:\/\/fjala.info\/2009-2015\/wp-json\/wp\/v2\/tags?post=5898"}],"curies":[{"name":"wp","href":"https:\/\/api.w.org\/{rel}","templated":true}]}}