{"id":5896,"date":"2011-01-26T11:30:12","date_gmt":"2011-01-26T10:30:12","guid":{"rendered":"http:\/\/fjala.shkoder.net\/?p=5896"},"modified":"2011-01-26T11:30:12","modified_gmt":"2011-01-26T10:30:12","slug":"pse-e-perserisim-historine-tone","status":"publish","type":"post","link":"https:\/\/fjala.info\/2009-2015\/pse-e-perserisim-historine-tone\/","title":{"rendered":"Pse e p\u00ebrs\u00ebrisim historin\u00eb ton\u00eb?"},"content":{"rendered":"<p>Nga: <strong>ANILA BASHA <\/strong><\/p>\n<p>2 mars 1997. Parlamenti mblidhet me urgjenc\u00eb, n\u00eb or\u00ebn 17.35. Mungon opozita. N\u00eb at\u00eb koh\u00eb, ishte PS n\u00eb opozit\u00eb. Shpallet gjendja e jasht\u00ebzakonshme n\u00eb vend, pasi bandat e armatosura kishin marr\u00eb kontrollin e nj\u00eb pjese t\u00eb mir\u00eb t\u00eb vendit. Por, me nj\u00eb propozim, sa absurd, p\u00ebr vet\u00eb deputet\u00ebt e PD, aq edhe t\u00eb paqart\u00eb p\u00ebr vet\u00eb kryeministrin e asaj kohe Aleksand\u00ebr Meksi. Vendimin e kishte marr\u00eb Berisha. SHIK-u do t\u00eb bashkohej me ministrin\u00eb e brendshme. \u00c7\u2019do t\u00eb thoshte t\u00eb bashkohej SHIK-u me ministrin\u00eb e brendshme? Do t\u00eb thoshte se kthehej n\u00eb drejtori? Jo dhe jo. Gjenerali i asaj kohe, Bashkim Gazidede, do t\u00eb merrte kontrollin e gjith\u00eb trupave policore e t\u00eb SHIK-ut, dhe do t\u00eb drejtonte operacionin p\u00ebr \u201cshtypjen\u201d e kryengritjes s\u00eb armatosur.<\/p>\n<p style=\"text-align: center;\">* * *<\/p>\n<p>Nuk di pse m\u2019u kujtua kjo situat\u00eb. N\u00eb at\u00eb 2 mars, por edhe n\u00eb dat\u00ebn q\u00eb pasoi, 3 mars, kam qen\u00eb n\u00eb parlament duke ndjekur nga af\u00ebr pun\u00ebn e deputet\u00ebve. Situata, ishte kaotike. Presidenti Berisha nuk dor\u00ebzohej, p\u00ebrkundrazi, do luftonte forc\u00ebrisht. Krah meje, ishte Filip \u00c7akulli, sot \u201c\u00e7akalli\u201d apo \u201ci ngriri\u201d. Filipi, si\u00e7 e ka zakon, shpesh ka humor. Edhe gj\u00ebrave tragjike do t\u2019u jap\u00eb nj\u00eb natyr\u00eb ku n\u00ebse nuk qesh me t\u00eb madhe, patjet\u00ebr do t\u00eb v\u00ebsh buz\u00ebn n\u00eb gaz.<\/p>\n<p style=\"text-align: center;\">* * *<\/p>\n<p>23 janar 2011. Ora 20.30. Parlamenti mblidhet me urgjenc\u00eb. S\u2019ka gjendje t\u00eb jasht\u00ebzakonshme. Por Garda e Republik\u00ebs, do t\u00eb drejtohet personalisht dhe vet\u00ebm nga kryeministri. Po prisni mo? Ka ndonj\u00eb pyetje? Zonja Topalli q\u00eb n\u00eb \u201997 ishte kryetare e komisionit t\u00eb ligjeve, as k\u00ebt\u00eb komision nuk denjon ta mbledh\u00eb n\u00eb 2011. Sot, \u00ebsht\u00eb kryetare e Kuvendit. S\u2019ka fjal\u00eb. Lexon nj\u00eb vendim. T\u00eb hetohet SHISH, t\u00eb hetohet Prokuroria. 3 muaj koh\u00eb p\u00ebr t\u00eb shkarkuar dy drejtuesit e k\u00ebtyre institucioneve. K\u00ebt\u00eb radh\u00eb n\u00eb parlament, ndryshe nga viti 1997, nuk ka m\u00eb trima si Bashkim Kopliku, as si Azem Hajdari. As si deputeti Agron Musaraj.<\/p>\n<p>Nuk \u00ebsht\u00eb n\u00eb k\u00ebt\u00eb parlament as Alfred Serreqi. A prit! M\u00eb duket se shoh n\u00eb sall\u00eb Gazmend Oket\u00ebn. Ta shohim si voton. Jo, s\u2019ka z\u00ebra kund\u00ebr thot\u00eb Topalli. Miratohet. Nd\u00ebrsa n\u00eb 1997 kishim nj\u00eb Bashkim Gazidede q\u00eb do t\u00eb shtypte bandat, sot kemi nj\u00eb komandat garde q\u00eb do t\u00eb shtyp\u00eb kryebanditin. Gazidede ka ikur nga kjo bot\u00eb, duke marr\u00eb me vete t\u00eb v\u00ebrtetat e t\u00eb pav\u00ebrtetat. K\u00ebsaj radhe, shtypjen e kryebandidit, do ta nd\u00ebrmarr\u00eb gjeneral Ndrea Prendi. Drejtori aktual i SHISH, nuk kontrollohet nga Berisha. Mir\u00eb \u00ebsht\u00eb, q\u00eb k\u00ebt\u00eb detyr\u00eb, ta marr\u00eb nj\u00eb njeri i besuar prej tij.<\/p>\n<p><strong>Nd\u00ebrkomb\u00ebtar\u00ebt <\/strong><br \/>\nMars 1997. Mariza Lino, ambasadorja amerikane e asaj kohe, thuajse gati u shpall non grata nga qeveria e presidenti. Ishte e fresk\u00ebt n\u00eb detyr\u00eb n\u00eb at\u00eb koh\u00eb zonja ambasadore. Kishte ardhur n\u00eb Tiran\u00eb n\u00eb shtator 1996, dhe pak koh\u00eb ishte q\u00eb ishte njohur me zhvillimet n\u00eb vend, zgjedhjet e manipuluara t\u00eb majit t\u00eb atij viti, dhe protestat pothuajse t\u00eb p\u00ebrditshme t\u00eb opozit\u00ebs. Zonja Lino, hyri te Presidenti Berisha me nj\u00eb ofert\u00eb q\u00eb e ofronte qeveria amerikane: n\u00eb m\u00ebnyr\u00eb q\u00eb nd\u00ebrkomb\u00ebtar\u00ebt t\u00eb njihnin zgjedhjet, t\u00eb rivotohej n\u00eb 40 zona zgjedhore. Kjo ishte e papranueshme p\u00ebr Presidentin Berisha. Ai pranoi vet\u00ebm rivotim n\u00eb 17 zona.<\/p>\n<p>23 janar 2011. Ambasadori amerikan Alexand\u00ebr Arvizu, zbret n\u00eb zyr\u00ebn e Kryeministrit Berisha. I fresk\u00ebt edhe Arvizu, nuk e ka t\u00eb qart\u00eb se me k\u00eb ulet dhe me k\u00eb dialogon. Pak koh\u00eb ka q\u00eb ka ardhur n\u00eb Shqip\u00ebri. Ndihet i terrorizuar nga dhuna e t\u00eb dy pal\u00ebve, aq sa nuk ngurron ta deklaroj\u00eb n\u00eb konferenc\u00eb p\u00ebr shtyp. Por kur shkon te Berisha, i thot\u00eb k\u00ebtij t\u00eb fundit t\u00eb anuloj\u00eb demostrat\u00ebn e t\u00eb m\u00ebrkur\u00ebs p\u00ebrpara kryeministris\u00eb, demostrat\u00eb t\u00eb organizuar nga PD, dhe t\u00eb dor\u00ebzoj\u00eb para organeve t\u00eb prokuroris\u00eb 6 gardist\u00ebt p\u00ebr t\u00eb cil\u00ebt jan\u00eb prer\u00eb flet\u00eb-arrestet.<\/p>\n<p>Jo dhe jo, thot\u00eb Berisha. Mitingun po e shtyj p\u00ebr t\u00eb shtun\u00ebn. Nd\u00ebrsa gardist\u00ebt nuk i dor\u00ebzoj. M\u00eb duhen p\u00ebr dit\u00ebn e premte, p\u00ebr t\u00eb mbrojtur kryeministrin\u00eb nga bandat e Edi Ram\u00ebs. Heshtje p\u00ebr pak. Hutohen ambasador\u00ebt. E mir\u00eb, b\u00ebj si t\u00eb duash, por nuk \u00ebsht\u00eb mir\u00eb. Upsss, ngecin prap\u00eb raportet Shqip\u00ebri-SHBA.<\/p>\n<p><strong>Epilog <\/strong><br \/>\nNuk arrij ta kuptoj se pse politika shqiptare nuk arrin t\u00eb prodhoj\u00eb dot nj\u00eb politik\u00eb progresiste, nj\u00eb vizion drejt t\u00eb ardhmes, por e kemi mendjen tek e shkuara. Sikurse v\u00ebren shpeshher\u00eb n\u00eb shkrimet e tij Artan Lame, shqiptar\u00ebt nuk kan\u00eb nevoj\u00eb t\u00eb shpikin historira t\u00eb reja, sepse shembujt e demokracis\u00eb jan\u00eb t\u00eb gatsh\u00ebm gjithandej n\u00eb Evrop\u00ebn e bot\u00ebn demokratike. Ne i marrim k\u00ebto shembuj t\u00eb gatsh\u00ebm. Por, i marrim nga e kaluara jon\u00eb e hidhur. Faji, s\u00ebrish \u00ebsht\u00eb i shqiptar\u00ebve.<\/p>\n<p>(<em>Shkrimi eshte botuar sot ne Gazeta Shqiptare\/BalkanWeb<\/em>)<\/p>\n","protected":false},"excerpt":{"rendered":"<p>Nga: ANILA BASHA 2 mars 1997. Parlamenti mblidhet me urgjenc\u00eb, n\u00eb or\u00ebn 17.35. Mungon opozita. N\u00eb at\u00eb koh\u00eb, ishte PS n\u00eb opozit\u00eb. Shpallet gjendja e jasht\u00ebzakonshme n\u00eb vend, pasi bandat e armatosura kishin marr\u00eb kontrollin e nj\u00eb pjese t\u00eb mir\u00eb t\u00eb vendit. Por, me nj\u00eb propozim, sa absurd, p\u00ebr vet\u00eb deputet\u00ebt e PD, aq edhe [&hellip;]<\/p>\n","protected":false},"author":1,"featured_media":0,"comment_status":"open","ping_status":"closed","sticky":false,"template":"","format":"standard","meta":{"footnotes":""},"categories":[2],"tags":[],"class_list":{"0":"post-5896","1":"post","2":"type-post","3":"status-publish","4":"format-standard","6":"category-artikuj"},"yoast_head":"<!-- This site is optimized with the Yoast SEO plugin v27.4 - https:\/\/yoast.com\/product\/yoast-seo-wordpress\/ -->\n<title>Pse e p\u00ebrs\u00ebrisim historin\u00eb ton\u00eb? - FjALA e LIR\u00cb - Arkivi<\/title>\n<meta name=\"robots\" content=\"index, follow, max-snippet:-1, max-image-preview:large, max-video-preview:-1\" \/>\n<link rel=\"canonical\" href=\"https:\/\/fjala.info\/2009-2015\/pse-e-perserisim-historine-tone\/\" \/>\n<meta property=\"og:locale\" content=\"sq_AL\" \/>\n<meta property=\"og:type\" content=\"article\" \/>\n<meta property=\"og:title\" content=\"Pse e p\u00ebrs\u00ebrisim historin\u00eb ton\u00eb? - FjALA e LIR\u00cb - Arkivi\" \/>\n<meta property=\"og:description\" content=\"Nga: ANILA BASHA 2 mars 1997. Parlamenti mblidhet me urgjenc\u00eb, n\u00eb or\u00ebn 17.35. Mungon opozita. N\u00eb at\u00eb koh\u00eb, ishte PS n\u00eb opozit\u00eb. Shpallet gjendja e jasht\u00ebzakonshme n\u00eb vend, pasi bandat e armatosura kishin marr\u00eb kontrollin e nj\u00eb pjese t\u00eb mir\u00eb t\u00eb vendit. Por, me nj\u00eb propozim, sa absurd, p\u00ebr vet\u00eb deputet\u00ebt e PD, aq edhe [&hellip;]\" \/>\n<meta property=\"og:url\" content=\"https:\/\/fjala.info\/2009-2015\/pse-e-perserisim-historine-tone\/\" \/>\n<meta property=\"og:site_name\" content=\"FjALA e LIR\u00cb - Arkivi\" \/>\n<meta property=\"article:published_time\" content=\"2011-01-26T10:30:12+00:00\" \/>\n<meta name=\"author\" content=\"admin\" \/>\n<meta name=\"twitter:card\" content=\"summary_large_image\" \/>\n<meta name=\"twitter:label1\" content=\"Written by\" \/>\n\t<meta name=\"twitter:data1\" content=\"admin\" \/>\n\t<meta name=\"twitter:label2\" content=\"Est. reading time\" \/>\n\t<meta name=\"twitter:data2\" content=\"4 minutes\" \/>\n<script type=\"application\/ld+json\" class=\"yoast-schema-graph\">{\"@context\":\"https:\\\/\\\/schema.org\",\"@graph\":[{\"@type\":\"Article\",\"@id\":\"https:\\\/\\\/fjala.info\\\/2009-2015\\\/pse-e-perserisim-historine-tone\\\/#article\",\"isPartOf\":{\"@id\":\"https:\\\/\\\/fjala.info\\\/2009-2015\\\/pse-e-perserisim-historine-tone\\\/\"},\"author\":{\"name\":\"admin\",\"@id\":\"https:\\\/\\\/fjala.info\\\/2009-2015\\\/#\\\/schema\\\/person\\\/3aa1163ef05469c496fc94e77611ada2\"},\"headline\":\"Pse e p\u00ebrs\u00ebrisim historin\u00eb ton\u00eb?\",\"datePublished\":\"2011-01-26T10:30:12+00:00\",\"mainEntityOfPage\":{\"@id\":\"https:\\\/\\\/fjala.info\\\/2009-2015\\\/pse-e-perserisim-historine-tone\\\/\"},\"wordCount\":825,\"commentCount\":0,\"publisher\":{\"@id\":\"https:\\\/\\\/fjala.info\\\/2009-2015\\\/#organization\"},\"articleSection\":[\"Artikuj\"],\"inLanguage\":\"sq-AL\",\"potentialAction\":[{\"@type\":\"CommentAction\",\"name\":\"Comment\",\"target\":[\"https:\\\/\\\/fjala.info\\\/2009-2015\\\/pse-e-perserisim-historine-tone\\\/#respond\"]}]},{\"@type\":\"WebPage\",\"@id\":\"https:\\\/\\\/fjala.info\\\/2009-2015\\\/pse-e-perserisim-historine-tone\\\/\",\"url\":\"https:\\\/\\\/fjala.info\\\/2009-2015\\\/pse-e-perserisim-historine-tone\\\/\",\"name\":\"Pse e p\u00ebrs\u00ebrisim historin\u00eb ton\u00eb? - FjALA e LIR\u00cb - Arkivi\",\"isPartOf\":{\"@id\":\"https:\\\/\\\/fjala.info\\\/2009-2015\\\/#website\"},\"datePublished\":\"2011-01-26T10:30:12+00:00\",\"breadcrumb\":{\"@id\":\"https:\\\/\\\/fjala.info\\\/2009-2015\\\/pse-e-perserisim-historine-tone\\\/#breadcrumb\"},\"inLanguage\":\"sq-AL\",\"potentialAction\":[{\"@type\":\"ReadAction\",\"target\":[\"https:\\\/\\\/fjala.info\\\/2009-2015\\\/pse-e-perserisim-historine-tone\\\/\"]}]},{\"@type\":\"BreadcrumbList\",\"@id\":\"https:\\\/\\\/fjala.info\\\/2009-2015\\\/pse-e-perserisim-historine-tone\\\/#breadcrumb\",\"itemListElement\":[{\"@type\":\"ListItem\",\"position\":1,\"name\":\"Home\",\"item\":\"https:\\\/\\\/fjala.info\\\/2009-2015\\\/\"},{\"@type\":\"ListItem\",\"position\":2,\"name\":\"Pse e p\u00ebrs\u00ebrisim historin\u00eb ton\u00eb?\"}]},{\"@type\":\"WebSite\",\"@id\":\"https:\\\/\\\/fjala.info\\\/2009-2015\\\/#website\",\"url\":\"https:\\\/\\\/fjala.info\\\/2009-2015\\\/\",\"name\":\"FjALA e LIR\u00cb - Arkivi\",\"description\":\"Arkivi 2009-2015\",\"publisher\":{\"@id\":\"https:\\\/\\\/fjala.info\\\/2009-2015\\\/#organization\"},\"potentialAction\":[{\"@type\":\"SearchAction\",\"target\":{\"@type\":\"EntryPoint\",\"urlTemplate\":\"https:\\\/\\\/fjala.info\\\/2009-2015\\\/?s={search_term_string}\"},\"query-input\":{\"@type\":\"PropertyValueSpecification\",\"valueRequired\":true,\"valueName\":\"search_term_string\"}}],\"inLanguage\":\"sq-AL\"},{\"@type\":\"Organization\",\"@id\":\"https:\\\/\\\/fjala.info\\\/2009-2015\\\/#organization\",\"name\":\"FjALA e LIR\u00cb - Arkivi\",\"url\":\"https:\\\/\\\/fjala.info\\\/2009-2015\\\/\",\"logo\":{\"@type\":\"ImageObject\",\"inLanguage\":\"sq-AL\",\"@id\":\"https:\\\/\\\/fjala.info\\\/2009-2015\\\/#\\\/schema\\\/logo\\\/image\\\/\",\"url\":\"\",\"contentUrl\":\"\",\"caption\":\"FjALA e LIR\u00cb - Arkivi\"},\"image\":{\"@id\":\"https:\\\/\\\/fjala.info\\\/2009-2015\\\/#\\\/schema\\\/logo\\\/image\\\/\"}},{\"@type\":\"Person\",\"@id\":\"https:\\\/\\\/fjala.info\\\/2009-2015\\\/#\\\/schema\\\/person\\\/3aa1163ef05469c496fc94e77611ada2\",\"name\":\"admin\",\"image\":{\"@type\":\"ImageObject\",\"inLanguage\":\"sq-AL\",\"@id\":\"https:\\\/\\\/fjala.info\\\/2009-2015\\\/wp-content\\\/uploads\\\/2012\\\/02\\\/arben_cokaj-120x150.jpg\",\"url\":\"https:\\\/\\\/fjala.info\\\/2009-2015\\\/wp-content\\\/uploads\\\/2012\\\/02\\\/arben_cokaj-120x150.jpg\",\"contentUrl\":\"https:\\\/\\\/fjala.info\\\/2009-2015\\\/wp-content\\\/uploads\\\/2012\\\/02\\\/arben_cokaj-120x150.jpg\",\"caption\":\"admin\"},\"description\":\"Admin, Fjala e Lir\u00eb\",\"sameAs\":[\"https:\\\/\\\/fjala.info\\\/\"],\"url\":\"https:\\\/\\\/fjala.info\\\/2009-2015\\\/author\\\/admin\\\/\"}]}<\/script>\n<!-- \/ Yoast SEO plugin. -->","yoast_head_json":{"title":"Pse e p\u00ebrs\u00ebrisim historin\u00eb ton\u00eb? - FjALA e LIR\u00cb - Arkivi","robots":{"index":"index","follow":"follow","max-snippet":"max-snippet:-1","max-image-preview":"max-image-preview:large","max-video-preview":"max-video-preview:-1"},"canonical":"https:\/\/fjala.info\/2009-2015\/pse-e-perserisim-historine-tone\/","og_locale":"sq_AL","og_type":"article","og_title":"Pse e p\u00ebrs\u00ebrisim historin\u00eb ton\u00eb? - FjALA e LIR\u00cb - Arkivi","og_description":"Nga: ANILA BASHA 2 mars 1997. Parlamenti mblidhet me urgjenc\u00eb, n\u00eb or\u00ebn 17.35. Mungon opozita. N\u00eb at\u00eb koh\u00eb, ishte PS n\u00eb opozit\u00eb. Shpallet gjendja e jasht\u00ebzakonshme n\u00eb vend, pasi bandat e armatosura kishin marr\u00eb kontrollin e nj\u00eb pjese t\u00eb mir\u00eb t\u00eb vendit. Por, me nj\u00eb propozim, sa absurd, p\u00ebr vet\u00eb deputet\u00ebt e PD, aq edhe [&hellip;]","og_url":"https:\/\/fjala.info\/2009-2015\/pse-e-perserisim-historine-tone\/","og_site_name":"FjALA e LIR\u00cb - Arkivi","article_published_time":"2011-01-26T10:30:12+00:00","author":"admin","twitter_card":"summary_large_image","twitter_misc":{"Written by":"admin","Est. reading time":"4 minutes"},"schema":{"@context":"https:\/\/schema.org","@graph":[{"@type":"Article","@id":"https:\/\/fjala.info\/2009-2015\/pse-e-perserisim-historine-tone\/#article","isPartOf":{"@id":"https:\/\/fjala.info\/2009-2015\/pse-e-perserisim-historine-tone\/"},"author":{"name":"admin","@id":"https:\/\/fjala.info\/2009-2015\/#\/schema\/person\/3aa1163ef05469c496fc94e77611ada2"},"headline":"Pse e p\u00ebrs\u00ebrisim historin\u00eb ton\u00eb?","datePublished":"2011-01-26T10:30:12+00:00","mainEntityOfPage":{"@id":"https:\/\/fjala.info\/2009-2015\/pse-e-perserisim-historine-tone\/"},"wordCount":825,"commentCount":0,"publisher":{"@id":"https:\/\/fjala.info\/2009-2015\/#organization"},"articleSection":["Artikuj"],"inLanguage":"sq-AL","potentialAction":[{"@type":"CommentAction","name":"Comment","target":["https:\/\/fjala.info\/2009-2015\/pse-e-perserisim-historine-tone\/#respond"]}]},{"@type":"WebPage","@id":"https:\/\/fjala.info\/2009-2015\/pse-e-perserisim-historine-tone\/","url":"https:\/\/fjala.info\/2009-2015\/pse-e-perserisim-historine-tone\/","name":"Pse e p\u00ebrs\u00ebrisim historin\u00eb ton\u00eb? - FjALA e LIR\u00cb - Arkivi","isPartOf":{"@id":"https:\/\/fjala.info\/2009-2015\/#website"},"datePublished":"2011-01-26T10:30:12+00:00","breadcrumb":{"@id":"https:\/\/fjala.info\/2009-2015\/pse-e-perserisim-historine-tone\/#breadcrumb"},"inLanguage":"sq-AL","potentialAction":[{"@type":"ReadAction","target":["https:\/\/fjala.info\/2009-2015\/pse-e-perserisim-historine-tone\/"]}]},{"@type":"BreadcrumbList","@id":"https:\/\/fjala.info\/2009-2015\/pse-e-perserisim-historine-tone\/#breadcrumb","itemListElement":[{"@type":"ListItem","position":1,"name":"Home","item":"https:\/\/fjala.info\/2009-2015\/"},{"@type":"ListItem","position":2,"name":"Pse e p\u00ebrs\u00ebrisim historin\u00eb ton\u00eb?"}]},{"@type":"WebSite","@id":"https:\/\/fjala.info\/2009-2015\/#website","url":"https:\/\/fjala.info\/2009-2015\/","name":"FjALA e LIR\u00cb - Arkivi","description":"Arkivi 2009-2015","publisher":{"@id":"https:\/\/fjala.info\/2009-2015\/#organization"},"potentialAction":[{"@type":"SearchAction","target":{"@type":"EntryPoint","urlTemplate":"https:\/\/fjala.info\/2009-2015\/?s={search_term_string}"},"query-input":{"@type":"PropertyValueSpecification","valueRequired":true,"valueName":"search_term_string"}}],"inLanguage":"sq-AL"},{"@type":"Organization","@id":"https:\/\/fjala.info\/2009-2015\/#organization","name":"FjALA e LIR\u00cb - Arkivi","url":"https:\/\/fjala.info\/2009-2015\/","logo":{"@type":"ImageObject","inLanguage":"sq-AL","@id":"https:\/\/fjala.info\/2009-2015\/#\/schema\/logo\/image\/","url":"","contentUrl":"","caption":"FjALA e LIR\u00cb - Arkivi"},"image":{"@id":"https:\/\/fjala.info\/2009-2015\/#\/schema\/logo\/image\/"}},{"@type":"Person","@id":"https:\/\/fjala.info\/2009-2015\/#\/schema\/person\/3aa1163ef05469c496fc94e77611ada2","name":"admin","image":{"@type":"ImageObject","inLanguage":"sq-AL","@id":"https:\/\/fjala.info\/2009-2015\/wp-content\/uploads\/2012\/02\/arben_cokaj-120x150.jpg","url":"https:\/\/fjala.info\/2009-2015\/wp-content\/uploads\/2012\/02\/arben_cokaj-120x150.jpg","contentUrl":"https:\/\/fjala.info\/2009-2015\/wp-content\/uploads\/2012\/02\/arben_cokaj-120x150.jpg","caption":"admin"},"description":"Admin, Fjala e Lir\u00eb","sameAs":["https:\/\/fjala.info\/"],"url":"https:\/\/fjala.info\/2009-2015\/author\/admin\/"}]}},"_links":{"self":[{"href":"https:\/\/fjala.info\/2009-2015\/wp-json\/wp\/v2\/posts\/5896","targetHints":{"allow":["GET"]}}],"collection":[{"href":"https:\/\/fjala.info\/2009-2015\/wp-json\/wp\/v2\/posts"}],"about":[{"href":"https:\/\/fjala.info\/2009-2015\/wp-json\/wp\/v2\/types\/post"}],"author":[{"embeddable":true,"href":"https:\/\/fjala.info\/2009-2015\/wp-json\/wp\/v2\/users\/1"}],"replies":[{"embeddable":true,"href":"https:\/\/fjala.info\/2009-2015\/wp-json\/wp\/v2\/comments?post=5896"}],"version-history":[{"count":0,"href":"https:\/\/fjala.info\/2009-2015\/wp-json\/wp\/v2\/posts\/5896\/revisions"}],"wp:attachment":[{"href":"https:\/\/fjala.info\/2009-2015\/wp-json\/wp\/v2\/media?parent=5896"}],"wp:term":[{"taxonomy":"category","embeddable":true,"href":"https:\/\/fjala.info\/2009-2015\/wp-json\/wp\/v2\/categories?post=5896"},{"taxonomy":"post_tag","embeddable":true,"href":"https:\/\/fjala.info\/2009-2015\/wp-json\/wp\/v2\/tags?post=5896"}],"curies":[{"name":"wp","href":"https:\/\/api.w.org\/{rel}","templated":true}]}}