{"id":5894,"date":"2011-01-26T11:26:51","date_gmt":"2011-01-26T10:26:51","guid":{"rendered":"http:\/\/fjala.shkoder.net\/?p=5894"},"modified":"2011-01-26T11:26:51","modified_gmt":"2011-01-26T10:26:51","slug":"shansi-qe-na-jepet-te-gjitheve","status":"publish","type":"post","link":"https:\/\/fjala.info\/2009-2015\/shansi-qe-na-jepet-te-gjitheve\/","title":{"rendered":"Shansi q\u00eb na jepet t\u00eb gjith\u00ebve"},"content":{"rendered":"<p><img decoding=\"async\" src=\"http:\/\/fjala.shkoder.net\/wp-content\/uploads\/2010\/10\/alba_malltezi.jpg\" alt=\"\" title=\"Alba Malltezi\" width=\"150\" class=\"alignright size-full wp-image-4155\" \/><br \/>\n<strong>Alba Malltezi<\/strong>, <em>25 Janar 2011 <\/em> <\/p>\n<p>Sikur t\u00eb mos kishim nevoj\u00eb p\u00ebr mb\u00ebshtetjen e amerikan\u00ebve n\u00eb hetimet e ngjarjeve t\u00eb 21 janarit, por e v\u00ebrteta \u00ebsht\u00eb krejt ndryshe: Kemi shum\u00eb nevoj\u00eb. K\u00ebshtu pranojm\u00eb se gjendja n\u00eb vend \u00ebsht\u00eb v\u00ebrtet\u00eb shum\u00eb e v\u00ebshtir\u00eb. Nj\u00eb organ, shtyll\u00eb jetike e funksionimit t\u00eb Shtetit l\u00ebngon, k\u00ebrc\u00ebnohet e nuk mund t\u00eb hetoj\u00eb me profesionaliz\u00ebm. <\/p>\n<p>Dalja krah p\u00ebr krah e kryeprokurores Ina Rama, me ambasadorin amerikan Arvizu, \u00ebsht\u00eb pamja m\u00eb e trishtuar q\u00eb nj\u00eb shtet sovran, me 20 vjet demokraci, mund t\u00eb ofroj\u00eb. \u201cPu\u00e7istja\u201d Ina Rama, po t\u00eb duam t\u00eb p\u00ebrdorim fjal\u00ebt e kryeministrit ton\u00eb, doli n\u00eb krah ambasadorit t\u00eb Shteteve t\u00eb Bashkuara t\u00eb Amerik\u00ebs p\u00ebr t\u00eb k\u00ebrkuar mb\u00ebshtetje, q\u00eb ju dha plot\u00ebsisht. At\u00ebher\u00eb kemi nj\u00eb kryeminist\u00ebr t\u00eb drejt\u00eb dhe SHBA na ka \u00e7uar nj\u00eb ambasador pu\u00e7ist?<\/p>\n<p>K\u00ebto dit\u00eb, e gjith\u00eb Shqip\u00ebria e shqiptar\u00ebt po vihen p\u00ebrball\u00eb provave t\u00eb forta. Sikur Historia, n\u00eb p\u00ebrs\u00ebritjen e gj\u00ebrave, k\u00ebrkon t\u00eb mas\u00eb dinjitetin e arritur. Deri ku ka shkuar pjekuriae k\u00ebtij populli me demokraci t\u00eb re, duket t\u2019i kaloj\u00eb n\u00ebp\u00ebr mend n\u00eb k\u00ebto dit\u00eb t\u00eb v\u00ebshtira. Sa shqiptar\u00ebt do t\u00eb din\u00eb t\u00eb respektojn\u00eb jet\u00ebn dhe t\u00eb drejt\u00ebn, p\u00ebrball\u00eb g\u00ebnjeshtrave nga m\u00eb imoralet e t\u00eb sh\u00ebmtuarat q\u00eb i jan\u00eb treguar ndonj\u00ebher\u00eb nga njer\u00ebz me ambicje t\u00eb paimagjinueshme p\u00ebr pushtet? <\/p>\n<p>N\u00eb muajin e par\u00eb t\u00eb vitit 2011, media po jep shenja shpres\u00ebdh\u00ebn\u00ebse n\u00eb respektimin e misionit t\u00eb saj p\u00ebr t\u00eb v\u00ebrtet\u00ebn: Transmetimi i videos s\u00eb zv\/kryeministrit n\u00eb afera korruptive, transmetimi i pamjeve trondit\u00ebse t\u00eb vrasjes live t\u00eb nj\u00eb protestuesi, d\u00ebshmia n\u00eb prokurori e kolegut t\u00eb plagosur n\u00eb krye t\u00eb detyr\u00ebs, megjith\u00eb presionet, tradh\u00ebtin\u00eb e munges\u00ebn e respektit q\u00eb media pro-qeveritare, ku ai punonte, tregoi n\u00eb fshehjen e ngjarjes. <\/p>\n<p>Ajo pjes\u00eb e mir\u00eb e politik\u00ebs, shoq\u00ebris\u00eb civile dhe drejt\u00ebsis\u00eb ka shansin t\u00eb tregoj\u00eb gjithashtu se ka m\u00ebsuar t\u2019u rezistoj\u00eb presioneve p\u00ebr t\u2019u th\u00ebn\u00eb nj\u00ebher\u00eb e p\u00ebrgjithmon\u00eb dhunuesve t\u00eb t\u00eb drejtave dhe t\u00eb liris\u00eb: Jasht\u00eb nga jeta e k\u00ebtij populli!<br \/>\n(BalkanWeb)  <\/p>\n","protected":false},"excerpt":{"rendered":"<p>Alba Malltezi, 25 Janar 2011 Sikur t\u00eb mos kishim nevoj\u00eb p\u00ebr mb\u00ebshtetjen e amerikan\u00ebve n\u00eb hetimet e ngjarjeve t\u00eb 21 janarit, por e v\u00ebrteta \u00ebsht\u00eb krejt ndryshe: Kemi shum\u00eb nevoj\u00eb. K\u00ebshtu pranojm\u00eb se gjendja n\u00eb vend \u00ebsht\u00eb v\u00ebrtet\u00eb shum\u00eb e v\u00ebshtir\u00eb. Nj\u00eb organ, shtyll\u00eb jetike e funksionimit t\u00eb Shtetit l\u00ebngon, k\u00ebrc\u00ebnohet e nuk mund t\u00eb [&hellip;]<\/p>\n","protected":false},"author":1,"featured_media":0,"comment_status":"open","ping_status":"closed","sticky":false,"template":"","format":"standard","meta":{"footnotes":""},"categories":[2],"tags":[],"class_list":{"0":"post-5894","1":"post","2":"type-post","3":"status-publish","4":"format-standard","6":"category-artikuj"},"yoast_head":"<!-- This site is optimized with the Yoast SEO plugin v27.4 - https:\/\/yoast.com\/product\/yoast-seo-wordpress\/ -->\n<title>Shansi q\u00eb na jepet t\u00eb gjith\u00ebve - FjALA e LIR\u00cb - Arkivi<\/title>\n<meta name=\"robots\" content=\"index, follow, max-snippet:-1, max-image-preview:large, max-video-preview:-1\" \/>\n<link rel=\"canonical\" href=\"https:\/\/fjala.info\/2009-2015\/shansi-qe-na-jepet-te-gjitheve\/\" \/>\n<meta property=\"og:locale\" content=\"sq_AL\" \/>\n<meta property=\"og:type\" content=\"article\" \/>\n<meta property=\"og:title\" content=\"Shansi q\u00eb na jepet t\u00eb gjith\u00ebve - FjALA e LIR\u00cb - Arkivi\" \/>\n<meta property=\"og:description\" content=\"Alba Malltezi, 25 Janar 2011 Sikur t\u00eb mos kishim nevoj\u00eb p\u00ebr mb\u00ebshtetjen e amerikan\u00ebve n\u00eb hetimet e ngjarjeve t\u00eb 21 janarit, por e v\u00ebrteta \u00ebsht\u00eb krejt ndryshe: Kemi shum\u00eb nevoj\u00eb. K\u00ebshtu pranojm\u00eb se gjendja n\u00eb vend \u00ebsht\u00eb v\u00ebrtet\u00eb shum\u00eb e v\u00ebshtir\u00eb. Nj\u00eb organ, shtyll\u00eb jetike e funksionimit t\u00eb Shtetit l\u00ebngon, k\u00ebrc\u00ebnohet e nuk mund t\u00eb [&hellip;]\" \/>\n<meta property=\"og:url\" content=\"https:\/\/fjala.info\/2009-2015\/shansi-qe-na-jepet-te-gjitheve\/\" \/>\n<meta property=\"og:site_name\" content=\"FjALA e LIR\u00cb - Arkivi\" \/>\n<meta property=\"article:published_time\" content=\"2011-01-26T10:26:51+00:00\" \/>\n<meta property=\"og:image\" content=\"http:\/\/fjala.shkoder.net\/wp-content\/uploads\/2010\/10\/alba_malltezi.jpg\" \/>\n<meta name=\"author\" content=\"admin\" \/>\n<meta name=\"twitter:card\" content=\"summary_large_image\" \/>\n<meta name=\"twitter:label1\" content=\"Written by\" \/>\n\t<meta name=\"twitter:data1\" content=\"admin\" \/>\n\t<meta name=\"twitter:label2\" content=\"Est. reading time\" \/>\n\t<meta name=\"twitter:data2\" content=\"2 minutes\" \/>\n<script type=\"application\/ld+json\" class=\"yoast-schema-graph\">{\"@context\":\"https:\\\/\\\/schema.org\",\"@graph\":[{\"@type\":\"Article\",\"@id\":\"https:\\\/\\\/fjala.info\\\/2009-2015\\\/shansi-qe-na-jepet-te-gjitheve\\\/#article\",\"isPartOf\":{\"@id\":\"https:\\\/\\\/fjala.info\\\/2009-2015\\\/shansi-qe-na-jepet-te-gjitheve\\\/\"},\"author\":{\"name\":\"admin\",\"@id\":\"https:\\\/\\\/fjala.info\\\/2009-2015\\\/#\\\/schema\\\/person\\\/3aa1163ef05469c496fc94e77611ada2\"},\"headline\":\"Shansi q\u00eb na jepet t\u00eb gjith\u00ebve\",\"datePublished\":\"2011-01-26T10:26:51+00:00\",\"mainEntityOfPage\":{\"@id\":\"https:\\\/\\\/fjala.info\\\/2009-2015\\\/shansi-qe-na-jepet-te-gjitheve\\\/\"},\"wordCount\":388,\"commentCount\":0,\"publisher\":{\"@id\":\"https:\\\/\\\/fjala.info\\\/2009-2015\\\/#organization\"},\"image\":{\"@id\":\"https:\\\/\\\/fjala.info\\\/2009-2015\\\/shansi-qe-na-jepet-te-gjitheve\\\/#primaryimage\"},\"thumbnailUrl\":\"http:\\\/\\\/fjala.shkoder.net\\\/wp-content\\\/uploads\\\/2010\\\/10\\\/alba_malltezi.jpg\",\"articleSection\":[\"Artikuj\"],\"inLanguage\":\"sq-AL\",\"potentialAction\":[{\"@type\":\"CommentAction\",\"name\":\"Comment\",\"target\":[\"https:\\\/\\\/fjala.info\\\/2009-2015\\\/shansi-qe-na-jepet-te-gjitheve\\\/#respond\"]}]},{\"@type\":\"WebPage\",\"@id\":\"https:\\\/\\\/fjala.info\\\/2009-2015\\\/shansi-qe-na-jepet-te-gjitheve\\\/\",\"url\":\"https:\\\/\\\/fjala.info\\\/2009-2015\\\/shansi-qe-na-jepet-te-gjitheve\\\/\",\"name\":\"Shansi q\u00eb na jepet t\u00eb gjith\u00ebve - FjALA e LIR\u00cb - Arkivi\",\"isPartOf\":{\"@id\":\"https:\\\/\\\/fjala.info\\\/2009-2015\\\/#website\"},\"primaryImageOfPage\":{\"@id\":\"https:\\\/\\\/fjala.info\\\/2009-2015\\\/shansi-qe-na-jepet-te-gjitheve\\\/#primaryimage\"},\"image\":{\"@id\":\"https:\\\/\\\/fjala.info\\\/2009-2015\\\/shansi-qe-na-jepet-te-gjitheve\\\/#primaryimage\"},\"thumbnailUrl\":\"http:\\\/\\\/fjala.shkoder.net\\\/wp-content\\\/uploads\\\/2010\\\/10\\\/alba_malltezi.jpg\",\"datePublished\":\"2011-01-26T10:26:51+00:00\",\"breadcrumb\":{\"@id\":\"https:\\\/\\\/fjala.info\\\/2009-2015\\\/shansi-qe-na-jepet-te-gjitheve\\\/#breadcrumb\"},\"inLanguage\":\"sq-AL\",\"potentialAction\":[{\"@type\":\"ReadAction\",\"target\":[\"https:\\\/\\\/fjala.info\\\/2009-2015\\\/shansi-qe-na-jepet-te-gjitheve\\\/\"]}]},{\"@type\":\"ImageObject\",\"inLanguage\":\"sq-AL\",\"@id\":\"https:\\\/\\\/fjala.info\\\/2009-2015\\\/shansi-qe-na-jepet-te-gjitheve\\\/#primaryimage\",\"url\":\"http:\\\/\\\/fjala.shkoder.net\\\/wp-content\\\/uploads\\\/2010\\\/10\\\/alba_malltezi.jpg\",\"contentUrl\":\"http:\\\/\\\/fjala.shkoder.net\\\/wp-content\\\/uploads\\\/2010\\\/10\\\/alba_malltezi.jpg\"},{\"@type\":\"BreadcrumbList\",\"@id\":\"https:\\\/\\\/fjala.info\\\/2009-2015\\\/shansi-qe-na-jepet-te-gjitheve\\\/#breadcrumb\",\"itemListElement\":[{\"@type\":\"ListItem\",\"position\":1,\"name\":\"Home\",\"item\":\"https:\\\/\\\/fjala.info\\\/2009-2015\\\/\"},{\"@type\":\"ListItem\",\"position\":2,\"name\":\"Shansi q\u00eb na jepet t\u00eb gjith\u00ebve\"}]},{\"@type\":\"WebSite\",\"@id\":\"https:\\\/\\\/fjala.info\\\/2009-2015\\\/#website\",\"url\":\"https:\\\/\\\/fjala.info\\\/2009-2015\\\/\",\"name\":\"FjALA e LIR\u00cb - Arkivi\",\"description\":\"Arkivi 2009-2015\",\"publisher\":{\"@id\":\"https:\\\/\\\/fjala.info\\\/2009-2015\\\/#organization\"},\"potentialAction\":[{\"@type\":\"SearchAction\",\"target\":{\"@type\":\"EntryPoint\",\"urlTemplate\":\"https:\\\/\\\/fjala.info\\\/2009-2015\\\/?s={search_term_string}\"},\"query-input\":{\"@type\":\"PropertyValueSpecification\",\"valueRequired\":true,\"valueName\":\"search_term_string\"}}],\"inLanguage\":\"sq-AL\"},{\"@type\":\"Organization\",\"@id\":\"https:\\\/\\\/fjala.info\\\/2009-2015\\\/#organization\",\"name\":\"FjALA e LIR\u00cb - Arkivi\",\"url\":\"https:\\\/\\\/fjala.info\\\/2009-2015\\\/\",\"logo\":{\"@type\":\"ImageObject\",\"inLanguage\":\"sq-AL\",\"@id\":\"https:\\\/\\\/fjala.info\\\/2009-2015\\\/#\\\/schema\\\/logo\\\/image\\\/\",\"url\":\"\",\"contentUrl\":\"\",\"caption\":\"FjALA e LIR\u00cb - Arkivi\"},\"image\":{\"@id\":\"https:\\\/\\\/fjala.info\\\/2009-2015\\\/#\\\/schema\\\/logo\\\/image\\\/\"}},{\"@type\":\"Person\",\"@id\":\"https:\\\/\\\/fjala.info\\\/2009-2015\\\/#\\\/schema\\\/person\\\/3aa1163ef05469c496fc94e77611ada2\",\"name\":\"admin\",\"image\":{\"@type\":\"ImageObject\",\"inLanguage\":\"sq-AL\",\"@id\":\"https:\\\/\\\/fjala.info\\\/2009-2015\\\/wp-content\\\/uploads\\\/2012\\\/02\\\/arben_cokaj-120x150.jpg\",\"url\":\"https:\\\/\\\/fjala.info\\\/2009-2015\\\/wp-content\\\/uploads\\\/2012\\\/02\\\/arben_cokaj-120x150.jpg\",\"contentUrl\":\"https:\\\/\\\/fjala.info\\\/2009-2015\\\/wp-content\\\/uploads\\\/2012\\\/02\\\/arben_cokaj-120x150.jpg\",\"caption\":\"admin\"},\"description\":\"Admin, Fjala e Lir\u00eb\",\"sameAs\":[\"https:\\\/\\\/fjala.info\\\/\"],\"url\":\"https:\\\/\\\/fjala.info\\\/2009-2015\\\/author\\\/admin\\\/\"}]}<\/script>\n<!-- \/ Yoast SEO plugin. -->","yoast_head_json":{"title":"Shansi q\u00eb na jepet t\u00eb gjith\u00ebve - FjALA e LIR\u00cb - Arkivi","robots":{"index":"index","follow":"follow","max-snippet":"max-snippet:-1","max-image-preview":"max-image-preview:large","max-video-preview":"max-video-preview:-1"},"canonical":"https:\/\/fjala.info\/2009-2015\/shansi-qe-na-jepet-te-gjitheve\/","og_locale":"sq_AL","og_type":"article","og_title":"Shansi q\u00eb na jepet t\u00eb gjith\u00ebve - FjALA e LIR\u00cb - Arkivi","og_description":"Alba Malltezi, 25 Janar 2011 Sikur t\u00eb mos kishim nevoj\u00eb p\u00ebr mb\u00ebshtetjen e amerikan\u00ebve n\u00eb hetimet e ngjarjeve t\u00eb 21 janarit, por e v\u00ebrteta \u00ebsht\u00eb krejt ndryshe: Kemi shum\u00eb nevoj\u00eb. K\u00ebshtu pranojm\u00eb se gjendja n\u00eb vend \u00ebsht\u00eb v\u00ebrtet\u00eb shum\u00eb e v\u00ebshtir\u00eb. Nj\u00eb organ, shtyll\u00eb jetike e funksionimit t\u00eb Shtetit l\u00ebngon, k\u00ebrc\u00ebnohet e nuk mund t\u00eb [&hellip;]","og_url":"https:\/\/fjala.info\/2009-2015\/shansi-qe-na-jepet-te-gjitheve\/","og_site_name":"FjALA e LIR\u00cb - Arkivi","article_published_time":"2011-01-26T10:26:51+00:00","og_image":[{"url":"http:\/\/fjala.shkoder.net\/wp-content\/uploads\/2010\/10\/alba_malltezi.jpg","type":"","width":"","height":""}],"author":"admin","twitter_card":"summary_large_image","twitter_misc":{"Written by":"admin","Est. reading time":"2 minutes"},"schema":{"@context":"https:\/\/schema.org","@graph":[{"@type":"Article","@id":"https:\/\/fjala.info\/2009-2015\/shansi-qe-na-jepet-te-gjitheve\/#article","isPartOf":{"@id":"https:\/\/fjala.info\/2009-2015\/shansi-qe-na-jepet-te-gjitheve\/"},"author":{"name":"admin","@id":"https:\/\/fjala.info\/2009-2015\/#\/schema\/person\/3aa1163ef05469c496fc94e77611ada2"},"headline":"Shansi q\u00eb na jepet t\u00eb gjith\u00ebve","datePublished":"2011-01-26T10:26:51+00:00","mainEntityOfPage":{"@id":"https:\/\/fjala.info\/2009-2015\/shansi-qe-na-jepet-te-gjitheve\/"},"wordCount":388,"commentCount":0,"publisher":{"@id":"https:\/\/fjala.info\/2009-2015\/#organization"},"image":{"@id":"https:\/\/fjala.info\/2009-2015\/shansi-qe-na-jepet-te-gjitheve\/#primaryimage"},"thumbnailUrl":"http:\/\/fjala.shkoder.net\/wp-content\/uploads\/2010\/10\/alba_malltezi.jpg","articleSection":["Artikuj"],"inLanguage":"sq-AL","potentialAction":[{"@type":"CommentAction","name":"Comment","target":["https:\/\/fjala.info\/2009-2015\/shansi-qe-na-jepet-te-gjitheve\/#respond"]}]},{"@type":"WebPage","@id":"https:\/\/fjala.info\/2009-2015\/shansi-qe-na-jepet-te-gjitheve\/","url":"https:\/\/fjala.info\/2009-2015\/shansi-qe-na-jepet-te-gjitheve\/","name":"Shansi q\u00eb na jepet t\u00eb gjith\u00ebve - FjALA e LIR\u00cb - Arkivi","isPartOf":{"@id":"https:\/\/fjala.info\/2009-2015\/#website"},"primaryImageOfPage":{"@id":"https:\/\/fjala.info\/2009-2015\/shansi-qe-na-jepet-te-gjitheve\/#primaryimage"},"image":{"@id":"https:\/\/fjala.info\/2009-2015\/shansi-qe-na-jepet-te-gjitheve\/#primaryimage"},"thumbnailUrl":"http:\/\/fjala.shkoder.net\/wp-content\/uploads\/2010\/10\/alba_malltezi.jpg","datePublished":"2011-01-26T10:26:51+00:00","breadcrumb":{"@id":"https:\/\/fjala.info\/2009-2015\/shansi-qe-na-jepet-te-gjitheve\/#breadcrumb"},"inLanguage":"sq-AL","potentialAction":[{"@type":"ReadAction","target":["https:\/\/fjala.info\/2009-2015\/shansi-qe-na-jepet-te-gjitheve\/"]}]},{"@type":"ImageObject","inLanguage":"sq-AL","@id":"https:\/\/fjala.info\/2009-2015\/shansi-qe-na-jepet-te-gjitheve\/#primaryimage","url":"http:\/\/fjala.shkoder.net\/wp-content\/uploads\/2010\/10\/alba_malltezi.jpg","contentUrl":"http:\/\/fjala.shkoder.net\/wp-content\/uploads\/2010\/10\/alba_malltezi.jpg"},{"@type":"BreadcrumbList","@id":"https:\/\/fjala.info\/2009-2015\/shansi-qe-na-jepet-te-gjitheve\/#breadcrumb","itemListElement":[{"@type":"ListItem","position":1,"name":"Home","item":"https:\/\/fjala.info\/2009-2015\/"},{"@type":"ListItem","position":2,"name":"Shansi q\u00eb na jepet t\u00eb gjith\u00ebve"}]},{"@type":"WebSite","@id":"https:\/\/fjala.info\/2009-2015\/#website","url":"https:\/\/fjala.info\/2009-2015\/","name":"FjALA e LIR\u00cb - Arkivi","description":"Arkivi 2009-2015","publisher":{"@id":"https:\/\/fjala.info\/2009-2015\/#organization"},"potentialAction":[{"@type":"SearchAction","target":{"@type":"EntryPoint","urlTemplate":"https:\/\/fjala.info\/2009-2015\/?s={search_term_string}"},"query-input":{"@type":"PropertyValueSpecification","valueRequired":true,"valueName":"search_term_string"}}],"inLanguage":"sq-AL"},{"@type":"Organization","@id":"https:\/\/fjala.info\/2009-2015\/#organization","name":"FjALA e LIR\u00cb - Arkivi","url":"https:\/\/fjala.info\/2009-2015\/","logo":{"@type":"ImageObject","inLanguage":"sq-AL","@id":"https:\/\/fjala.info\/2009-2015\/#\/schema\/logo\/image\/","url":"","contentUrl":"","caption":"FjALA e LIR\u00cb - Arkivi"},"image":{"@id":"https:\/\/fjala.info\/2009-2015\/#\/schema\/logo\/image\/"}},{"@type":"Person","@id":"https:\/\/fjala.info\/2009-2015\/#\/schema\/person\/3aa1163ef05469c496fc94e77611ada2","name":"admin","image":{"@type":"ImageObject","inLanguage":"sq-AL","@id":"https:\/\/fjala.info\/2009-2015\/wp-content\/uploads\/2012\/02\/arben_cokaj-120x150.jpg","url":"https:\/\/fjala.info\/2009-2015\/wp-content\/uploads\/2012\/02\/arben_cokaj-120x150.jpg","contentUrl":"https:\/\/fjala.info\/2009-2015\/wp-content\/uploads\/2012\/02\/arben_cokaj-120x150.jpg","caption":"admin"},"description":"Admin, Fjala e Lir\u00eb","sameAs":["https:\/\/fjala.info\/"],"url":"https:\/\/fjala.info\/2009-2015\/author\/admin\/"}]}},"_links":{"self":[{"href":"https:\/\/fjala.info\/2009-2015\/wp-json\/wp\/v2\/posts\/5894","targetHints":{"allow":["GET"]}}],"collection":[{"href":"https:\/\/fjala.info\/2009-2015\/wp-json\/wp\/v2\/posts"}],"about":[{"href":"https:\/\/fjala.info\/2009-2015\/wp-json\/wp\/v2\/types\/post"}],"author":[{"embeddable":true,"href":"https:\/\/fjala.info\/2009-2015\/wp-json\/wp\/v2\/users\/1"}],"replies":[{"embeddable":true,"href":"https:\/\/fjala.info\/2009-2015\/wp-json\/wp\/v2\/comments?post=5894"}],"version-history":[{"count":0,"href":"https:\/\/fjala.info\/2009-2015\/wp-json\/wp\/v2\/posts\/5894\/revisions"}],"wp:attachment":[{"href":"https:\/\/fjala.info\/2009-2015\/wp-json\/wp\/v2\/media?parent=5894"}],"wp:term":[{"taxonomy":"category","embeddable":true,"href":"https:\/\/fjala.info\/2009-2015\/wp-json\/wp\/v2\/categories?post=5894"},{"taxonomy":"post_tag","embeddable":true,"href":"https:\/\/fjala.info\/2009-2015\/wp-json\/wp\/v2\/tags?post=5894"}],"curies":[{"name":"wp","href":"https:\/\/api.w.org\/{rel}","templated":true}]}}