{"id":5890,"date":"2011-01-26T11:21:36","date_gmt":"2011-01-26T10:21:36","guid":{"rendered":"http:\/\/fjala.shkoder.net\/?p=5890"},"modified":"2011-01-26T11:21:36","modified_gmt":"2011-01-26T10:21:36","slug":"human-rights-watch-i-ben-thirrje-kryeministrit-sali-berisha-te-mos-nderhyje-ne-procesin-hetimor-te-21-janarit","status":"publish","type":"post","link":"https:\/\/fjala.info\/2009-2015\/human-rights-watch-i-ben-thirrje-kryeministrit-sali-berisha-te-mos-nderhyje-ne-procesin-hetimor-te-21-janarit\/","title":{"rendered":"Human Rights Watch i b\u00ebn thirrje Kryeministrit Sali Berisha t\u00eb mos nd\u00ebrhyj\u00eb n\u00eb procesin hetimor t\u00eb 21 janarit"},"content":{"rendered":"<p><img loading=\"lazy\" decoding=\"async\" class=\"alignright size-medium wp-image-5891\" title=\"demonstrata_te_rinjte_sulmojne_policine\" src=\"http:\/\/fjala.shkoder.net\/wp-content\/uploads\/2011\/01\/demonstrata_te_rinjte_sulmojne_policine-300x168.jpg\" alt=\"\" width=\"300\" height=\"168\" \/>Nga <strong>Korresp. 24-ore.com<\/strong><\/p>\n<p><em>Nga p\u00ebrleshja demonstrues-polici<\/em><\/p>\n<p>Organizata nd\u00ebrkomb\u00ebtare p\u00ebr t\u00eb drejtat e njeriut \u201cHuman Rights Watch\u201d thot\u00eb se nevojiten hetime t\u00eb pavarura lidhur me vrasjen e tre pjes\u00ebmarr\u00ebsve n\u00eb protestat kund\u00ebr qeveris\u00eb m\u00eb 21 janar n\u00eb Shqip\u00ebri.<\/p>\n<p>\u201cHuman Rights Watch\u201d i ka b\u00ebr\u00eb thirrje kryeministrit Sali Berisha t\u00eb mos nd\u00ebrhyj\u00eb n\u00eb ecurin\u00eb e hetimeve.<\/p>\n<p>Prokurorja e p\u00ebrgjithshme e Shqip\u00ebris\u00eb, Ina Rama, v\u00eb n\u00eb dukje organizata e t\u00eb drejtave t\u00eb njeriut, ka k\u00ebrkuar arrestimin e gjasht\u00eb pjes\u00ebtar\u00ebve t\u00eb Gard\u00ebs s\u00eb Republik\u00ebs lidhur me vrasjet e protestuesve. Zoti Berisha u kund\u00ebrp\u00ebrgjigj duke e akuzuar zonj\u00ebn Rama se po mb\u00ebshteste nj\u00eb grusht shteti, duke theksuar se arrestimet \u201cnuk do t\u00eb kryheshin\u201d.<\/p>\n<p>Nj\u00eb zyrtar i \u201cHuman Right Watch\u201d e ka cil\u00ebsuar deklarat\u00ebn e kryeministrit shqiptar si k\u00ebrc\u00ebnim ndaj hetimit t\u00eb pavarur t\u00eb vrasjes s\u00eb protestueve. Benjamin Ward, n\u00ebndrejtor p\u00ebr Evrop\u00ebn dhe Azin\u00eb, thot\u00eb se \u201ct\u00eb gjitha forcat politike duhet t\u00eb lejojn\u00eb prokurorin\u00eb t\u00eb zhvilloj\u00eb hetimet e duhura lidhur me q\u00ebndrimin e protestuesve dhe t\u00eb forcave t\u00eb siguris\u00eb\u201d.<\/p>\n<p>Partit\u00eb opozitare n\u00eb Shqip\u00ebri, shton Human Rights Watch, duhet t\u00eb jen\u00eb t\u00eb kujdesshme t\u00eb mos nxisin dhun\u00ebn. Disa udh\u00ebheq\u00ebs t\u00eb opozit\u00ebs kishin b\u00ebr\u00eb deklarata t\u00eb ashpra kund\u00ebr qeveris\u00eb dhe kryeministrit Berisha para fillimit t\u00eb protest\u00ebs.<\/p>\n<p>Deri m\u00eb tash, policia nuk ka zbatuar urdh\u00ebrin e Prokurores s\u00eb P\u00ebrgjithshme p\u00ebr arrestimin e gjasht\u00eb pjes\u00ebtar\u00ebve t\u00eb Gard\u00ebs s\u00eb Republik\u00ebs, p\u00ebrfshir\u00eb komandantin dhe dy oficer\u00eb t\u00eb lart\u00eb.<\/p>\n<p>Sipas ligjit p\u00ebr t\u00eb drejtat e njeriut, thekson m\u00eb tej Human Rights Watch, forcat e rendit mund t\u00eb p\u00ebrdorin forc\u00ebn kund\u00ebr demonstruesve t\u00eb cil\u00ebt ushtrojn\u00eb dhun\u00eb. Por p\u00ebrdorimi i forc\u00ebs dhe arm\u00ebve t\u00eb zjarrit lejohet vet\u00ebm n\u00ebse m\u00ebnyrat e tjera nuk jan\u00eb t\u00eb efektshme. Kur p\u00ebrdorin forc\u00ebn, organet e rendit duhet t\u00eb tregojn\u00eb vet\u00eb-p\u00ebrmbajtje dhe t\u00eb veprojn\u00eb n\u00eb m\u00ebnyr\u00eb proporcionale me shkeljen. Po ashtu, n\u00eb rast se ka viktima t\u00eb shkaktuara nga p\u00ebrdorimi i arm\u00ebve t\u00eb zjarrit nga forcat e rendit, ligji parashikon hetim t\u00eb paansh\u00ebm, t\u00eb shpejt\u00eb dhe t\u00eb efektsh\u00ebm p\u00ebr t\u00eb v\u00ebrtetuar n\u00eb se vrasjet ishin n\u00eb p\u00ebrputhje me ligjin, thekson nd\u00ebr t\u00eb tjera n\u00eb deklarat\u00ebn e saj organizata e t\u00eb drejtave t\u00eb njeriut Human Rights Watch.<\/p>\n","protected":false},"excerpt":{"rendered":"<p>Nga Korresp. 24-ore.com Nga p\u00ebrleshja demonstrues-polici Organizata nd\u00ebrkomb\u00ebtare p\u00ebr t\u00eb drejtat e njeriut \u201cHuman Rights Watch\u201d thot\u00eb se nevojiten hetime t\u00eb pavarura lidhur me vrasjen e tre pjes\u00ebmarr\u00ebsve n\u00eb protestat kund\u00ebr qeveris\u00eb m\u00eb 21 janar n\u00eb Shqip\u00ebri. \u201cHuman Rights Watch\u201d i ka b\u00ebr\u00eb thirrje kryeministrit Sali Berisha t\u00eb mos nd\u00ebrhyj\u00eb n\u00eb ecurin\u00eb e hetimeve. Prokurorja [&hellip;]<\/p>\n","protected":false},"author":1,"featured_media":0,"comment_status":"open","ping_status":"closed","sticky":false,"template":"","format":"standard","meta":{"footnotes":""},"categories":[2],"tags":[],"class_list":{"0":"post-5890","1":"post","2":"type-post","3":"status-publish","4":"format-standard","6":"category-artikuj"},"yoast_head":"<!-- This site is optimized with the Yoast SEO plugin v27.4 - https:\/\/yoast.com\/product\/yoast-seo-wordpress\/ -->\n<title>Human Rights Watch i b\u00ebn thirrje Kryeministrit Sali Berisha t\u00eb mos nd\u00ebrhyj\u00eb n\u00eb procesin hetimor t\u00eb 21 janarit - FjALA e LIR\u00cb - Arkivi<\/title>\n<meta name=\"robots\" content=\"index, follow, max-snippet:-1, max-image-preview:large, max-video-preview:-1\" \/>\n<link rel=\"canonical\" href=\"https:\/\/fjala.info\/2009-2015\/human-rights-watch-i-ben-thirrje-kryeministrit-sali-berisha-te-mos-nderhyje-ne-procesin-hetimor-te-21-janarit\/\" \/>\n<meta property=\"og:locale\" content=\"sq_AL\" \/>\n<meta property=\"og:type\" content=\"article\" \/>\n<meta property=\"og:title\" content=\"Human Rights Watch i b\u00ebn thirrje Kryeministrit Sali Berisha t\u00eb mos nd\u00ebrhyj\u00eb n\u00eb procesin hetimor t\u00eb 21 janarit - FjALA e LIR\u00cb - Arkivi\" \/>\n<meta property=\"og:description\" content=\"Nga Korresp. 24-ore.com Nga p\u00ebrleshja demonstrues-polici Organizata nd\u00ebrkomb\u00ebtare p\u00ebr t\u00eb drejtat e njeriut \u201cHuman Rights Watch\u201d thot\u00eb se nevojiten hetime t\u00eb pavarura lidhur me vrasjen e tre pjes\u00ebmarr\u00ebsve n\u00eb protestat kund\u00ebr qeveris\u00eb m\u00eb 21 janar n\u00eb Shqip\u00ebri. \u201cHuman Rights Watch\u201d i ka b\u00ebr\u00eb thirrje kryeministrit Sali Berisha t\u00eb mos nd\u00ebrhyj\u00eb n\u00eb ecurin\u00eb e hetimeve. Prokurorja [&hellip;]\" \/>\n<meta property=\"og:url\" content=\"https:\/\/fjala.info\/2009-2015\/human-rights-watch-i-ben-thirrje-kryeministrit-sali-berisha-te-mos-nderhyje-ne-procesin-hetimor-te-21-janarit\/\" \/>\n<meta property=\"og:site_name\" content=\"FjALA e LIR\u00cb - Arkivi\" \/>\n<meta property=\"article:published_time\" content=\"2011-01-26T10:21:36+00:00\" \/>\n<meta property=\"og:image\" content=\"http:\/\/fjala.shkoder.net\/wp-content\/uploads\/2011\/01\/demonstrata_te_rinjte_sulmojne_policine-300x168.jpg\" \/>\n<meta name=\"author\" content=\"admin\" \/>\n<meta name=\"twitter:card\" content=\"summary_large_image\" \/>\n<meta name=\"twitter:label1\" content=\"Written by\" \/>\n\t<meta name=\"twitter:data1\" content=\"admin\" \/>\n\t<meta name=\"twitter:label2\" content=\"Est. reading time\" \/>\n\t<meta name=\"twitter:data2\" content=\"2 minutes\" \/>\n<script type=\"application\/ld+json\" class=\"yoast-schema-graph\">{\"@context\":\"https:\\\/\\\/schema.org\",\"@graph\":[{\"@type\":\"Article\",\"@id\":\"https:\\\/\\\/fjala.info\\\/2009-2015\\\/human-rights-watch-i-ben-thirrje-kryeministrit-sali-berisha-te-mos-nderhyje-ne-procesin-hetimor-te-21-janarit\\\/#article\",\"isPartOf\":{\"@id\":\"https:\\\/\\\/fjala.info\\\/2009-2015\\\/human-rights-watch-i-ben-thirrje-kryeministrit-sali-berisha-te-mos-nderhyje-ne-procesin-hetimor-te-21-janarit\\\/\"},\"author\":{\"name\":\"admin\",\"@id\":\"https:\\\/\\\/fjala.info\\\/2009-2015\\\/#\\\/schema\\\/person\\\/3aa1163ef05469c496fc94e77611ada2\"},\"headline\":\"Human Rights Watch i b\u00ebn thirrje Kryeministrit Sali Berisha t\u00eb mos nd\u00ebrhyj\u00eb n\u00eb procesin hetimor t\u00eb 21 janarit\",\"datePublished\":\"2011-01-26T10:21:36+00:00\",\"mainEntityOfPage\":{\"@id\":\"https:\\\/\\\/fjala.info\\\/2009-2015\\\/human-rights-watch-i-ben-thirrje-kryeministrit-sali-berisha-te-mos-nderhyje-ne-procesin-hetimor-te-21-janarit\\\/\"},\"wordCount\":434,\"commentCount\":0,\"publisher\":{\"@id\":\"https:\\\/\\\/fjala.info\\\/2009-2015\\\/#organization\"},\"image\":{\"@id\":\"https:\\\/\\\/fjala.info\\\/2009-2015\\\/human-rights-watch-i-ben-thirrje-kryeministrit-sali-berisha-te-mos-nderhyje-ne-procesin-hetimor-te-21-janarit\\\/#primaryimage\"},\"thumbnailUrl\":\"http:\\\/\\\/fjala.shkoder.net\\\/wp-content\\\/uploads\\\/2011\\\/01\\\/demonstrata_te_rinjte_sulmojne_policine-300x168.jpg\",\"articleSection\":[\"Artikuj\"],\"inLanguage\":\"sq-AL\",\"potentialAction\":[{\"@type\":\"CommentAction\",\"name\":\"Comment\",\"target\":[\"https:\\\/\\\/fjala.info\\\/2009-2015\\\/human-rights-watch-i-ben-thirrje-kryeministrit-sali-berisha-te-mos-nderhyje-ne-procesin-hetimor-te-21-janarit\\\/#respond\"]}]},{\"@type\":\"WebPage\",\"@id\":\"https:\\\/\\\/fjala.info\\\/2009-2015\\\/human-rights-watch-i-ben-thirrje-kryeministrit-sali-berisha-te-mos-nderhyje-ne-procesin-hetimor-te-21-janarit\\\/\",\"url\":\"https:\\\/\\\/fjala.info\\\/2009-2015\\\/human-rights-watch-i-ben-thirrje-kryeministrit-sali-berisha-te-mos-nderhyje-ne-procesin-hetimor-te-21-janarit\\\/\",\"name\":\"Human Rights Watch i b\u00ebn thirrje Kryeministrit Sali Berisha t\u00eb mos nd\u00ebrhyj\u00eb n\u00eb procesin hetimor t\u00eb 21 janarit - FjALA e LIR\u00cb - Arkivi\",\"isPartOf\":{\"@id\":\"https:\\\/\\\/fjala.info\\\/2009-2015\\\/#website\"},\"primaryImageOfPage\":{\"@id\":\"https:\\\/\\\/fjala.info\\\/2009-2015\\\/human-rights-watch-i-ben-thirrje-kryeministrit-sali-berisha-te-mos-nderhyje-ne-procesin-hetimor-te-21-janarit\\\/#primaryimage\"},\"image\":{\"@id\":\"https:\\\/\\\/fjala.info\\\/2009-2015\\\/human-rights-watch-i-ben-thirrje-kryeministrit-sali-berisha-te-mos-nderhyje-ne-procesin-hetimor-te-21-janarit\\\/#primaryimage\"},\"thumbnailUrl\":\"http:\\\/\\\/fjala.shkoder.net\\\/wp-content\\\/uploads\\\/2011\\\/01\\\/demonstrata_te_rinjte_sulmojne_policine-300x168.jpg\",\"datePublished\":\"2011-01-26T10:21:36+00:00\",\"breadcrumb\":{\"@id\":\"https:\\\/\\\/fjala.info\\\/2009-2015\\\/human-rights-watch-i-ben-thirrje-kryeministrit-sali-berisha-te-mos-nderhyje-ne-procesin-hetimor-te-21-janarit\\\/#breadcrumb\"},\"inLanguage\":\"sq-AL\",\"potentialAction\":[{\"@type\":\"ReadAction\",\"target\":[\"https:\\\/\\\/fjala.info\\\/2009-2015\\\/human-rights-watch-i-ben-thirrje-kryeministrit-sali-berisha-te-mos-nderhyje-ne-procesin-hetimor-te-21-janarit\\\/\"]}]},{\"@type\":\"ImageObject\",\"inLanguage\":\"sq-AL\",\"@id\":\"https:\\\/\\\/fjala.info\\\/2009-2015\\\/human-rights-watch-i-ben-thirrje-kryeministrit-sali-berisha-te-mos-nderhyje-ne-procesin-hetimor-te-21-janarit\\\/#primaryimage\",\"url\":\"http:\\\/\\\/fjala.shkoder.net\\\/wp-content\\\/uploads\\\/2011\\\/01\\\/demonstrata_te_rinjte_sulmojne_policine-300x168.jpg\",\"contentUrl\":\"http:\\\/\\\/fjala.shkoder.net\\\/wp-content\\\/uploads\\\/2011\\\/01\\\/demonstrata_te_rinjte_sulmojne_policine-300x168.jpg\"},{\"@type\":\"BreadcrumbList\",\"@id\":\"https:\\\/\\\/fjala.info\\\/2009-2015\\\/human-rights-watch-i-ben-thirrje-kryeministrit-sali-berisha-te-mos-nderhyje-ne-procesin-hetimor-te-21-janarit\\\/#breadcrumb\",\"itemListElement\":[{\"@type\":\"ListItem\",\"position\":1,\"name\":\"Home\",\"item\":\"https:\\\/\\\/fjala.info\\\/2009-2015\\\/\"},{\"@type\":\"ListItem\",\"position\":2,\"name\":\"Human Rights Watch i b\u00ebn thirrje Kryeministrit Sali Berisha t\u00eb mos nd\u00ebrhyj\u00eb n\u00eb procesin hetimor t\u00eb 21 janarit\"}]},{\"@type\":\"WebSite\",\"@id\":\"https:\\\/\\\/fjala.info\\\/2009-2015\\\/#website\",\"url\":\"https:\\\/\\\/fjala.info\\\/2009-2015\\\/\",\"name\":\"FjALA e LIR\u00cb - Arkivi\",\"description\":\"Arkivi 2009-2015\",\"publisher\":{\"@id\":\"https:\\\/\\\/fjala.info\\\/2009-2015\\\/#organization\"},\"potentialAction\":[{\"@type\":\"SearchAction\",\"target\":{\"@type\":\"EntryPoint\",\"urlTemplate\":\"https:\\\/\\\/fjala.info\\\/2009-2015\\\/?s={search_term_string}\"},\"query-input\":{\"@type\":\"PropertyValueSpecification\",\"valueRequired\":true,\"valueName\":\"search_term_string\"}}],\"inLanguage\":\"sq-AL\"},{\"@type\":\"Organization\",\"@id\":\"https:\\\/\\\/fjala.info\\\/2009-2015\\\/#organization\",\"name\":\"FjALA e LIR\u00cb - Arkivi\",\"url\":\"https:\\\/\\\/fjala.info\\\/2009-2015\\\/\",\"logo\":{\"@type\":\"ImageObject\",\"inLanguage\":\"sq-AL\",\"@id\":\"https:\\\/\\\/fjala.info\\\/2009-2015\\\/#\\\/schema\\\/logo\\\/image\\\/\",\"url\":\"\",\"contentUrl\":\"\",\"caption\":\"FjALA e LIR\u00cb - Arkivi\"},\"image\":{\"@id\":\"https:\\\/\\\/fjala.info\\\/2009-2015\\\/#\\\/schema\\\/logo\\\/image\\\/\"}},{\"@type\":\"Person\",\"@id\":\"https:\\\/\\\/fjala.info\\\/2009-2015\\\/#\\\/schema\\\/person\\\/3aa1163ef05469c496fc94e77611ada2\",\"name\":\"admin\",\"image\":{\"@type\":\"ImageObject\",\"inLanguage\":\"sq-AL\",\"@id\":\"https:\\\/\\\/fjala.info\\\/2009-2015\\\/wp-content\\\/uploads\\\/2012\\\/02\\\/arben_cokaj-120x150.jpg\",\"url\":\"https:\\\/\\\/fjala.info\\\/2009-2015\\\/wp-content\\\/uploads\\\/2012\\\/02\\\/arben_cokaj-120x150.jpg\",\"contentUrl\":\"https:\\\/\\\/fjala.info\\\/2009-2015\\\/wp-content\\\/uploads\\\/2012\\\/02\\\/arben_cokaj-120x150.jpg\",\"caption\":\"admin\"},\"description\":\"Admin, Fjala e Lir\u00eb\",\"sameAs\":[\"https:\\\/\\\/fjala.info\\\/\"],\"url\":\"https:\\\/\\\/fjala.info\\\/2009-2015\\\/author\\\/admin\\\/\"}]}<\/script>\n<!-- \/ Yoast SEO plugin. -->","yoast_head_json":{"title":"Human Rights Watch i b\u00ebn thirrje Kryeministrit Sali Berisha t\u00eb mos nd\u00ebrhyj\u00eb n\u00eb procesin hetimor t\u00eb 21 janarit - FjALA e LIR\u00cb - Arkivi","robots":{"index":"index","follow":"follow","max-snippet":"max-snippet:-1","max-image-preview":"max-image-preview:large","max-video-preview":"max-video-preview:-1"},"canonical":"https:\/\/fjala.info\/2009-2015\/human-rights-watch-i-ben-thirrje-kryeministrit-sali-berisha-te-mos-nderhyje-ne-procesin-hetimor-te-21-janarit\/","og_locale":"sq_AL","og_type":"article","og_title":"Human Rights Watch i b\u00ebn thirrje Kryeministrit Sali Berisha t\u00eb mos nd\u00ebrhyj\u00eb n\u00eb procesin hetimor t\u00eb 21 janarit - FjALA e LIR\u00cb - Arkivi","og_description":"Nga Korresp. 24-ore.com Nga p\u00ebrleshja demonstrues-polici Organizata nd\u00ebrkomb\u00ebtare p\u00ebr t\u00eb drejtat e njeriut \u201cHuman Rights Watch\u201d thot\u00eb se nevojiten hetime t\u00eb pavarura lidhur me vrasjen e tre pjes\u00ebmarr\u00ebsve n\u00eb protestat kund\u00ebr qeveris\u00eb m\u00eb 21 janar n\u00eb Shqip\u00ebri. \u201cHuman Rights Watch\u201d i ka b\u00ebr\u00eb thirrje kryeministrit Sali Berisha t\u00eb mos nd\u00ebrhyj\u00eb n\u00eb ecurin\u00eb e hetimeve. Prokurorja [&hellip;]","og_url":"https:\/\/fjala.info\/2009-2015\/human-rights-watch-i-ben-thirrje-kryeministrit-sali-berisha-te-mos-nderhyje-ne-procesin-hetimor-te-21-janarit\/","og_site_name":"FjALA e LIR\u00cb - Arkivi","article_published_time":"2011-01-26T10:21:36+00:00","og_image":[{"url":"http:\/\/fjala.shkoder.net\/wp-content\/uploads\/2011\/01\/demonstrata_te_rinjte_sulmojne_policine-300x168.jpg","type":"","width":"","height":""}],"author":"admin","twitter_card":"summary_large_image","twitter_misc":{"Written by":"admin","Est. reading time":"2 minutes"},"schema":{"@context":"https:\/\/schema.org","@graph":[{"@type":"Article","@id":"https:\/\/fjala.info\/2009-2015\/human-rights-watch-i-ben-thirrje-kryeministrit-sali-berisha-te-mos-nderhyje-ne-procesin-hetimor-te-21-janarit\/#article","isPartOf":{"@id":"https:\/\/fjala.info\/2009-2015\/human-rights-watch-i-ben-thirrje-kryeministrit-sali-berisha-te-mos-nderhyje-ne-procesin-hetimor-te-21-janarit\/"},"author":{"name":"admin","@id":"https:\/\/fjala.info\/2009-2015\/#\/schema\/person\/3aa1163ef05469c496fc94e77611ada2"},"headline":"Human Rights Watch i b\u00ebn thirrje Kryeministrit Sali Berisha t\u00eb mos nd\u00ebrhyj\u00eb n\u00eb procesin hetimor t\u00eb 21 janarit","datePublished":"2011-01-26T10:21:36+00:00","mainEntityOfPage":{"@id":"https:\/\/fjala.info\/2009-2015\/human-rights-watch-i-ben-thirrje-kryeministrit-sali-berisha-te-mos-nderhyje-ne-procesin-hetimor-te-21-janarit\/"},"wordCount":434,"commentCount":0,"publisher":{"@id":"https:\/\/fjala.info\/2009-2015\/#organization"},"image":{"@id":"https:\/\/fjala.info\/2009-2015\/human-rights-watch-i-ben-thirrje-kryeministrit-sali-berisha-te-mos-nderhyje-ne-procesin-hetimor-te-21-janarit\/#primaryimage"},"thumbnailUrl":"http:\/\/fjala.shkoder.net\/wp-content\/uploads\/2011\/01\/demonstrata_te_rinjte_sulmojne_policine-300x168.jpg","articleSection":["Artikuj"],"inLanguage":"sq-AL","potentialAction":[{"@type":"CommentAction","name":"Comment","target":["https:\/\/fjala.info\/2009-2015\/human-rights-watch-i-ben-thirrje-kryeministrit-sali-berisha-te-mos-nderhyje-ne-procesin-hetimor-te-21-janarit\/#respond"]}]},{"@type":"WebPage","@id":"https:\/\/fjala.info\/2009-2015\/human-rights-watch-i-ben-thirrje-kryeministrit-sali-berisha-te-mos-nderhyje-ne-procesin-hetimor-te-21-janarit\/","url":"https:\/\/fjala.info\/2009-2015\/human-rights-watch-i-ben-thirrje-kryeministrit-sali-berisha-te-mos-nderhyje-ne-procesin-hetimor-te-21-janarit\/","name":"Human Rights Watch i b\u00ebn thirrje Kryeministrit Sali Berisha t\u00eb mos nd\u00ebrhyj\u00eb n\u00eb procesin hetimor t\u00eb 21 janarit - FjALA e LIR\u00cb - Arkivi","isPartOf":{"@id":"https:\/\/fjala.info\/2009-2015\/#website"},"primaryImageOfPage":{"@id":"https:\/\/fjala.info\/2009-2015\/human-rights-watch-i-ben-thirrje-kryeministrit-sali-berisha-te-mos-nderhyje-ne-procesin-hetimor-te-21-janarit\/#primaryimage"},"image":{"@id":"https:\/\/fjala.info\/2009-2015\/human-rights-watch-i-ben-thirrje-kryeministrit-sali-berisha-te-mos-nderhyje-ne-procesin-hetimor-te-21-janarit\/#primaryimage"},"thumbnailUrl":"http:\/\/fjala.shkoder.net\/wp-content\/uploads\/2011\/01\/demonstrata_te_rinjte_sulmojne_policine-300x168.jpg","datePublished":"2011-01-26T10:21:36+00:00","breadcrumb":{"@id":"https:\/\/fjala.info\/2009-2015\/human-rights-watch-i-ben-thirrje-kryeministrit-sali-berisha-te-mos-nderhyje-ne-procesin-hetimor-te-21-janarit\/#breadcrumb"},"inLanguage":"sq-AL","potentialAction":[{"@type":"ReadAction","target":["https:\/\/fjala.info\/2009-2015\/human-rights-watch-i-ben-thirrje-kryeministrit-sali-berisha-te-mos-nderhyje-ne-procesin-hetimor-te-21-janarit\/"]}]},{"@type":"ImageObject","inLanguage":"sq-AL","@id":"https:\/\/fjala.info\/2009-2015\/human-rights-watch-i-ben-thirrje-kryeministrit-sali-berisha-te-mos-nderhyje-ne-procesin-hetimor-te-21-janarit\/#primaryimage","url":"http:\/\/fjala.shkoder.net\/wp-content\/uploads\/2011\/01\/demonstrata_te_rinjte_sulmojne_policine-300x168.jpg","contentUrl":"http:\/\/fjala.shkoder.net\/wp-content\/uploads\/2011\/01\/demonstrata_te_rinjte_sulmojne_policine-300x168.jpg"},{"@type":"BreadcrumbList","@id":"https:\/\/fjala.info\/2009-2015\/human-rights-watch-i-ben-thirrje-kryeministrit-sali-berisha-te-mos-nderhyje-ne-procesin-hetimor-te-21-janarit\/#breadcrumb","itemListElement":[{"@type":"ListItem","position":1,"name":"Home","item":"https:\/\/fjala.info\/2009-2015\/"},{"@type":"ListItem","position":2,"name":"Human Rights Watch i b\u00ebn thirrje Kryeministrit Sali Berisha t\u00eb mos nd\u00ebrhyj\u00eb n\u00eb procesin hetimor t\u00eb 21 janarit"}]},{"@type":"WebSite","@id":"https:\/\/fjala.info\/2009-2015\/#website","url":"https:\/\/fjala.info\/2009-2015\/","name":"FjALA e LIR\u00cb - Arkivi","description":"Arkivi 2009-2015","publisher":{"@id":"https:\/\/fjala.info\/2009-2015\/#organization"},"potentialAction":[{"@type":"SearchAction","target":{"@type":"EntryPoint","urlTemplate":"https:\/\/fjala.info\/2009-2015\/?s={search_term_string}"},"query-input":{"@type":"PropertyValueSpecification","valueRequired":true,"valueName":"search_term_string"}}],"inLanguage":"sq-AL"},{"@type":"Organization","@id":"https:\/\/fjala.info\/2009-2015\/#organization","name":"FjALA e LIR\u00cb - Arkivi","url":"https:\/\/fjala.info\/2009-2015\/","logo":{"@type":"ImageObject","inLanguage":"sq-AL","@id":"https:\/\/fjala.info\/2009-2015\/#\/schema\/logo\/image\/","url":"","contentUrl":"","caption":"FjALA e LIR\u00cb - Arkivi"},"image":{"@id":"https:\/\/fjala.info\/2009-2015\/#\/schema\/logo\/image\/"}},{"@type":"Person","@id":"https:\/\/fjala.info\/2009-2015\/#\/schema\/person\/3aa1163ef05469c496fc94e77611ada2","name":"admin","image":{"@type":"ImageObject","inLanguage":"sq-AL","@id":"https:\/\/fjala.info\/2009-2015\/wp-content\/uploads\/2012\/02\/arben_cokaj-120x150.jpg","url":"https:\/\/fjala.info\/2009-2015\/wp-content\/uploads\/2012\/02\/arben_cokaj-120x150.jpg","contentUrl":"https:\/\/fjala.info\/2009-2015\/wp-content\/uploads\/2012\/02\/arben_cokaj-120x150.jpg","caption":"admin"},"description":"Admin, Fjala e Lir\u00eb","sameAs":["https:\/\/fjala.info\/"],"url":"https:\/\/fjala.info\/2009-2015\/author\/admin\/"}]}},"_links":{"self":[{"href":"https:\/\/fjala.info\/2009-2015\/wp-json\/wp\/v2\/posts\/5890","targetHints":{"allow":["GET"]}}],"collection":[{"href":"https:\/\/fjala.info\/2009-2015\/wp-json\/wp\/v2\/posts"}],"about":[{"href":"https:\/\/fjala.info\/2009-2015\/wp-json\/wp\/v2\/types\/post"}],"author":[{"embeddable":true,"href":"https:\/\/fjala.info\/2009-2015\/wp-json\/wp\/v2\/users\/1"}],"replies":[{"embeddable":true,"href":"https:\/\/fjala.info\/2009-2015\/wp-json\/wp\/v2\/comments?post=5890"}],"version-history":[{"count":0,"href":"https:\/\/fjala.info\/2009-2015\/wp-json\/wp\/v2\/posts\/5890\/revisions"}],"wp:attachment":[{"href":"https:\/\/fjala.info\/2009-2015\/wp-json\/wp\/v2\/media?parent=5890"}],"wp:term":[{"taxonomy":"category","embeddable":true,"href":"https:\/\/fjala.info\/2009-2015\/wp-json\/wp\/v2\/categories?post=5890"},{"taxonomy":"post_tag","embeddable":true,"href":"https:\/\/fjala.info\/2009-2015\/wp-json\/wp\/v2\/tags?post=5890"}],"curies":[{"name":"wp","href":"https:\/\/api.w.org\/{rel}","templated":true}]}}