{"id":5887,"date":"2011-01-26T11:15:33","date_gmt":"2011-01-26T10:15:33","guid":{"rendered":"http:\/\/fjala.shkoder.net\/?p=5887"},"modified":"2011-01-26T11:15:33","modified_gmt":"2011-01-26T10:15:33","slug":"rama-ne-news-24-demonstrata-homazh-nuk-anulohet","status":"publish","type":"post","link":"https:\/\/fjala.info\/2009-2015\/rama-ne-news-24-demonstrata-homazh-nuk-anulohet\/","title":{"rendered":"Rama n\u00eb News 24: Demonstrata homazh nuk anulohet"},"content":{"rendered":"<p><img loading=\"lazy\" decoding=\"async\" class=\"alignleft size-full wp-image-5888\" title=\"rama_5_pyetje_babaramo\" src=\"http:\/\/fjala.shkoder.net\/wp-content\/uploads\/2011\/01\/rama_5_pyetje_babaramo.jpg\" alt=\"\" width=\"210\" height=\"160\" \/><\/p>\n<p><em>TIRAN\u00cb <\/em>&#8211; Kryetari i Partis\u00eb Socialiste Edi Rama menj\u00ebher\u00eb pas takimit me aleat\u00ebt rr\u00ebfen n\u00eb emisionin \u201c5 pyetje nga Babaramo\u201d n\u00eb News24 vendimet e opozit\u00ebs shqiptare. Pas apelit t\u00eb ambasadorit amerikan, p\u00ebr anulimin e demonstrat\u00ebs s\u00eb dit\u00ebs s\u00eb premte, Rama thekson se opozita nuk do t\u00eb anuloj\u00eb demonstrat\u00ebn homazh, pasi si\u00e7 tha ai, kjo demonstrat\u00eb nuk kultivon frik\u00ebn por besimin. Kryesocialisti Rama ftoi qytetar\u00ebt ti bashkohen asaj p\u00ebr t\u2019 rezistuar hijes s\u00eb t\u00eb shkuar\u00ebs, si\u00e7 tha ai.<\/p>\n<p>\u201cUn\u00eb e kam mir\u00ebkuptuar thell\u00ebsisht shqet\u00ebsimin e nd\u00ebrkomb\u00ebtar\u00ebve dhe frik\u00ebn e tyre p\u00ebr at\u00eb q\u00eb mund t\u00eb ndodh\u00eb n\u00eb bulevard n\u00eb kushtet q\u00eb ne jemi. Kam mir\u00ebkuptuar edhe thirrjet p\u00ebr anulimin e manifestimeve. K\u00ebtu nuk b\u00ebhet fjal\u00eb p\u00ebr ti v\u00ebn\u00eb kapak cfar\u00ebdo qoft\u00eb shqet\u00ebsimi dhe sado e madhe qoft\u00eb e panjohura q\u00eb \u00ebsht\u00eb p\u00ebrpara. Nuk \u00ebsht\u00eb opozita q\u00eb duhet t\u00eb garantoj\u00eb qeverin\u00eb.<\/p>\n<p>B\u00ebhet fjal\u00eb p\u00ebr nj\u00eb demonstrat\u00eb homazh n\u00eb kujtim t\u00eb dhun\u00ebs ndaj tre jet\u00ebve njer\u00ebzore. Q\u00eb shqiptar\u00ebt t\u00eb kuptojn\u00eb terrorizmin shtet\u00ebror t\u00eb ushtruar ndaj njer\u00ebzve t\u00eb lir\u00eb, ndaj opozit\u00ebs. Ne nuk anulojm\u00eb demonstrat\u00ebn ton\u00eb homazh, i b\u00ebjm\u00eb thirrje qytetar\u00ebve q\u00eb t\u00eb marrin pjes\u00eb. Ne nuk kultivojm\u00eb frik\u00ebn, kultivojm\u00eb besimin q\u00eb ti rezistojm\u00eb hijes s\u00eb t\u00eb shkuar\u00ebs. Duam t\u00eb hapim rrug\u00ebn e s\u00eb ardhmes, dhe do ta b\u00ebjm\u00eb s\u00eb shpejti\u201d, -tha Rama.<\/p>\n<p><strong>RAMA:ENDE I PAZBATUAR URDHRI I PROKURORIS\u00cb<\/strong><br \/>\nSipas Ram\u00ebs, mos zbatimi i urdh\u00ebr-ndalimeve t\u00eb Prokuroris\u00eb nga policia, p\u00ebr 6 gardian\u00eb t\u00eb dyshuar si autor\u00ebt e vrasjeve, \u201cme pretendimin se parandaluan nj\u00eb puc tregon se ka r\u00ebn\u00eb cdo garanci, vendi \u00ebsht\u00eb jasht\u00eb kontrollit\u201d.<\/p>\n<p><strong>RAMA: NUK KEMI LIDHJE ME DHUNEN <\/strong><br \/>\nKryesocialisti komentoi n\u00eb detaje ngjarjet e 21 janarit duke shprehur bindjen se demonstrata nuk degradoi nga dhuna e njer\u00ebzve t\u00eb thjesht\u00eb, por nga reagimi ndaj provokimit t\u00eb atyre q\u00eb drejtonin operacionin e policis\u00eb.<\/p>\n<p>\u201cNuk kemi lidhje me dhun\u00ebn dhe nuk e promovojm\u00eb at\u00eb. Nuk do ta pranoj kurr\u00eb se ajo demonstart\u00eb degradoi p\u00ebr shkak se demonstruesit ushtruan nj\u00eb dhun\u00eb q\u00eb e detyroi policin\u00eb dhe Gard\u00ebn t\u00eb finalizonte nj\u00eb krim shtet\u00ebror me urdh\u00ebr t\u00eb Berish\u00ebs\u201d tha Rama, nd\u00ebrsa falenderoi s\u00ebrish gazetarin e News24, Artan Hoxha, p\u00ebr publikimin e videos n\u00eb t\u00eb cil\u00ebn dukej qart\u00eb se plumbat q\u00eb vran\u00eb demonstruesit erdh\u00ebn nga brenda oborrit t\u00eb Kryeministris\u00eb.<\/p>\n<p>Rama tregon se t\u00eb premten u nis me demonstruesit drejt sheshit p\u00ebrpara Kryemistris\u00eb, por nuk mundi t\u00eb shkonte m\u00eb tej p\u00ebr shkak t\u00eb degradimit t\u00eb menj\u00ebhersh\u00ebm t\u00eb situat\u00ebs.<br \/>\n\u201cUn\u00eb kam par\u00eb me syt\u00eb e mi gjithcka ka ndodhur, deri kur situata filloi t\u00eb degradoj\u00eb. Un\u00eb kam qen\u00eb me Pandeli Majkon, Linda Nikoll\u00ebn e deputet\u00eb t\u00eb tjer\u00eb duke ecur n\u00eb bulevard dhe n\u00eb momentin kur kemi kaluar ur\u00ebn filluam t\u00eb ecnim mbrapsht p\u00ebr shkak t\u00eb gazit dhe efekteve t\u00eb tij. Protesta nuk ka shkuar kurr\u00eb p\u00ebrtej kufirit t\u00eb nj\u00eb proteste spontane si reagim i aty p\u00ebr atysh\u00ebm, si reagim ndaj provokimit t\u00eb atyre q\u00eb e drejtonin operacionin.\u201d u shpreh Rama.<\/p>\n<p><strong>RAMA: POLICIA DHUN\u00cb EDHE PAS DEMONSTRAT\u00cbS<\/strong><br \/>\nRama deklaroi m\u00eb tej, se situata e krijur n\u00eb 21 Janar \u00ebsht\u00eb e paprecedent\u00eb, pasi njer\u00ebzit u arrestuan nga policia edhe pas mbarimit t\u00eb demonstrat\u00ebs. Rama i referohet edhe rastit t\u00eb Fiqeri Xibrit.<\/p>\n<p>\u201cQet\u00ebsia ende tani nuk \u00ebsht\u00eb v\u00ebn\u00eb, p\u00ebr qytetar\u00ebt, t\u00eb cil\u00ebt merren dhe arrestohen nga policia jasht\u00eb cdo lloj norme dhe jasht\u00eb cdo ligji. Sic \u00ebsht\u00eb rasti i Fiqiri Xibrit. Ai \u00ebsht\u00eb nj\u00eb opozitar, nj\u00eb njeri i ndersh\u00ebm q\u00eb \u00ebsht\u00eb arrestuar e dhunuar barbarisht n\u00eb komisiariat\u201d,- tha Rama.<\/p>\n<p>Duke d\u00ebnuar dhun\u00ebn e ushtruar nga efektiv\u00ebt e policis\u00eb ndaj njer\u00ebzve t\u00eb pafajsh\u00ebm, Rama tha \u201ckur njer\u00ebzit po t\u00ebrhiqeshin dhe gjithcka filloi t\u00eb l\u00ebvizte n\u00eb drejtim t\u00eb largimit nga vendi, u turr\u00ebn si kafsh\u00eb njer\u00ebz me xhinse e me xhaketa l\u00ebkure, u turr\u00ebn kund\u00ebr opozit\u00ebs, si pas vitit 96. Njer\u00ebz q\u00eb u bashkuan me demonstruesit, n\u00eb fakt ishin n\u00eb sh\u00ebrbim t\u00eb Saliut\u201d.<\/p>\n<p><strong>RAMA: MEDIA ZBULOI TERRIN E VRASJEVE PARA KRYEMINISTRIS\u00cb<br \/>\n<\/strong>Kryesocialisti Rama tha se vrasjet e ndodhura p\u00ebrpara oborrit t\u00eb kryeministris\u00eb fillimisht ju faturuan opozit\u00ebs, nisur kjo nga \u201cdeklarata e mjekut se viktimiat ishin q\u00eblluar nga af\u00ebr\u201d.<br \/>\n\u201cSikur t\u00eb mos kishte dal\u00eb videoja e Artan Hoxh\u00ebs ne sot do ishim t\u00eb mbuluar nga terri. Berisha do na kishte futur n\u00eb nj\u00eb hulli pafund, nj\u00ebsoj sic tenton p\u00ebrdit\u00eb, nj\u00ebsoj sic ju thot\u00eb shqiptar\u00ebve p\u00ebrdit\u00eb, ju jeni nj\u00ebsoj t\u00eb zhytur, jeni t\u00eb gjith\u00eb pisa\u201d, &#8211; tha Rama.<\/p>\n<p>Sipas tij videoja e detyroi kryeministrin t\u00eb pranonte se \u201ci vram\u00eb se donin t\u00eb b\u00ebnin puc, se paska nj\u00eb rregullore t\u00eb brendshme q\u00eb lejon t\u00eb q\u00ebllosh k\u00ebdo q\u00eb tenton t\u00eb shkel\u00eb oborrin e kryeminstris\u00eb\u201d,- u shpreh kryesocialisti.<\/p>\n<p><strong>RAMA: T\u00cb PREMTEN PAQ\u00cbSISHT P\u00cbR T\u00cb NDERUAR VIKTIMAT<br \/>\n<\/strong>I pyetur n\u00eb lidhje me m\u00ebnyr\u00ebn se si do t\u00eb organizohet demonstrata e s\u00eb premtes, kreu i opozit\u00ebs p\u00ebrfitoi nga rasti p\u00ebr t\u00eb p\u00ebrcjell\u00eb nj\u00eb mesazh p\u00ebr qytetar\u00ebt q\u00eb do t\u2019i bashkohen demonstart\u00ebs homazh.<br \/>\n\u201cP\u00ebrcjell tek t\u00eb gjith\u00eb mesazhin e paqes dhe t\u00eb qet\u00ebsis\u00eb, p\u00ebr t\u00eb nderuar t\u00eb vrar\u00ebt q\u00eb nuk do jen\u00eb me ne t\u00eb premten. Ata humb\u00ebn jet\u00ebn p\u00ebr t\u00eb nj\u00ebjtat arsye q\u00eb t\u00eb gjith\u00eb ne ishim aty. Gjithkush duhet thjesht t\u00eb jet\u00eb aty dhe t\u00eb vij\u00eb p\u00ebr t\u00eb nderuar ata q\u00eb nuk jan\u00eb m\u00eb. P\u00ebr t\u00eb afirmuar me qytetari dhe fuqi dhe p\u00ebr t\u00eb besuar tek e ardhmja\u201d u shpreh Rama.<\/p>\n<p><strong>ZGJEDHJET LOKALE, RAMA: DUAM ZGJIDHJE T\u00cb RE POLITIKE<br \/>\n<\/strong>Lidhur me zgjedhjet e pritshme lokale, zoti Rama theksoi \u201c Si mund t\u00eb b\u00ebhen zgjedhje n\u00eb 8 maj, me k\u00ebto gj\u00ebra q\u00eb po shohim dhe q\u00eb po flasim. Duam nj\u00eb zgjidhje t\u00eb re politike q\u00eb nuk privilegjon opozit\u00ebn, por i jep mund\u00ebsi pal\u00ebve t\u00eb rikompozoj\u00eb hap\u00ebsir\u00ebn politike mbi baz\u00ebn e garancive kushtetuese\u201d.<\/p>\n<p>Rama n\u00ebnvizoi se opozita ka synim t\u2019i rikthej\u00eb popullit at\u00eb q\u00eb sipas tij i \u00ebsht\u00eb marr\u00eb padrejt\u00ebsisht, lirin\u00eb e vot\u00ebs.<br \/>\n\u201cNuk do t\u00eb ket\u00eb zgjedhje t\u00eb ndershme e t\u00eb lira n\u00eb 8 maj, n\u00ebse do jet\u00eb kjo tabloja\u201d tha Rama.<\/p>\n<p>(<em>m.a\/e.n\/BalkanWeb<\/em>)<\/p>\n","protected":false},"excerpt":{"rendered":"<p>TIRAN\u00cb &#8211; Kryetari i Partis\u00eb Socialiste Edi Rama menj\u00ebher\u00eb pas takimit me aleat\u00ebt rr\u00ebfen n\u00eb emisionin \u201c5 pyetje nga Babaramo\u201d n\u00eb News24 vendimet e opozit\u00ebs shqiptare. Pas apelit t\u00eb ambasadorit amerikan, p\u00ebr anulimin e demonstrat\u00ebs s\u00eb dit\u00ebs s\u00eb premte, Rama thekson se opozita nuk do t\u00eb anuloj\u00eb demonstrat\u00ebn homazh, pasi si\u00e7 tha ai, kjo demonstrat\u00eb [&hellip;]<\/p>\n","protected":false},"author":1,"featured_media":0,"comment_status":"open","ping_status":"closed","sticky":false,"template":"","format":"standard","meta":{"footnotes":""},"categories":[2,4],"tags":[],"class_list":{"0":"post-5887","1":"post","2":"type-post","3":"status-publish","4":"format-standard","6":"category-artikuj","7":"category-intervista"},"yoast_head":"<!-- This site is optimized with the Yoast SEO plugin v27.4 - https:\/\/yoast.com\/product\/yoast-seo-wordpress\/ -->\n<title>Rama n\u00eb News 24: Demonstrata homazh nuk anulohet - FjALA e LIR\u00cb - Arkivi<\/title>\n<meta name=\"robots\" content=\"index, follow, max-snippet:-1, max-image-preview:large, max-video-preview:-1\" \/>\n<link rel=\"canonical\" href=\"https:\/\/fjala.info\/2009-2015\/rama-ne-news-24-demonstrata-homazh-nuk-anulohet\/\" \/>\n<meta property=\"og:locale\" content=\"sq_AL\" \/>\n<meta property=\"og:type\" content=\"article\" \/>\n<meta property=\"og:title\" content=\"Rama n\u00eb News 24: Demonstrata homazh nuk anulohet - FjALA e LIR\u00cb - Arkivi\" \/>\n<meta property=\"og:description\" content=\"TIRAN\u00cb &#8211; Kryetari i Partis\u00eb Socialiste Edi Rama menj\u00ebher\u00eb pas takimit me aleat\u00ebt rr\u00ebfen n\u00eb emisionin \u201c5 pyetje nga Babaramo\u201d n\u00eb News24 vendimet e opozit\u00ebs shqiptare. Pas apelit t\u00eb ambasadorit amerikan, p\u00ebr anulimin e demonstrat\u00ebs s\u00eb dit\u00ebs s\u00eb premte, Rama thekson se opozita nuk do t\u00eb anuloj\u00eb demonstrat\u00ebn homazh, pasi si\u00e7 tha ai, kjo demonstrat\u00eb [&hellip;]\" \/>\n<meta property=\"og:url\" content=\"https:\/\/fjala.info\/2009-2015\/rama-ne-news-24-demonstrata-homazh-nuk-anulohet\/\" \/>\n<meta property=\"og:site_name\" content=\"FjALA e LIR\u00cb - Arkivi\" \/>\n<meta property=\"article:published_time\" content=\"2011-01-26T10:15:33+00:00\" \/>\n<meta property=\"og:image\" content=\"http:\/\/fjala.shkoder.net\/wp-content\/uploads\/2011\/01\/rama_5_pyetje_babaramo.jpg\" \/>\n<meta name=\"author\" content=\"admin\" \/>\n<meta name=\"twitter:card\" content=\"summary_large_image\" \/>\n<meta name=\"twitter:label1\" content=\"Written by\" \/>\n\t<meta name=\"twitter:data1\" content=\"admin\" \/>\n\t<meta name=\"twitter:label2\" content=\"Est. reading time\" \/>\n\t<meta name=\"twitter:data2\" content=\"5 minutes\" \/>\n<script type=\"application\/ld+json\" class=\"yoast-schema-graph\">{\"@context\":\"https:\\\/\\\/schema.org\",\"@graph\":[{\"@type\":\"Article\",\"@id\":\"https:\\\/\\\/fjala.info\\\/2009-2015\\\/rama-ne-news-24-demonstrata-homazh-nuk-anulohet\\\/#article\",\"isPartOf\":{\"@id\":\"https:\\\/\\\/fjala.info\\\/2009-2015\\\/rama-ne-news-24-demonstrata-homazh-nuk-anulohet\\\/\"},\"author\":{\"name\":\"admin\",\"@id\":\"https:\\\/\\\/fjala.info\\\/2009-2015\\\/#\\\/schema\\\/person\\\/3aa1163ef05469c496fc94e77611ada2\"},\"headline\":\"Rama n\u00eb News 24: Demonstrata homazh nuk anulohet\",\"datePublished\":\"2011-01-26T10:15:33+00:00\",\"mainEntityOfPage\":{\"@id\":\"https:\\\/\\\/fjala.info\\\/2009-2015\\\/rama-ne-news-24-demonstrata-homazh-nuk-anulohet\\\/\"},\"wordCount\":1105,\"commentCount\":0,\"publisher\":{\"@id\":\"https:\\\/\\\/fjala.info\\\/2009-2015\\\/#organization\"},\"image\":{\"@id\":\"https:\\\/\\\/fjala.info\\\/2009-2015\\\/rama-ne-news-24-demonstrata-homazh-nuk-anulohet\\\/#primaryimage\"},\"thumbnailUrl\":\"http:\\\/\\\/fjala.shkoder.net\\\/wp-content\\\/uploads\\\/2011\\\/01\\\/rama_5_pyetje_babaramo.jpg\",\"articleSection\":[\"Artikuj\",\"Intervista\"],\"inLanguage\":\"sq-AL\",\"potentialAction\":[{\"@type\":\"CommentAction\",\"name\":\"Comment\",\"target\":[\"https:\\\/\\\/fjala.info\\\/2009-2015\\\/rama-ne-news-24-demonstrata-homazh-nuk-anulohet\\\/#respond\"]}]},{\"@type\":\"WebPage\",\"@id\":\"https:\\\/\\\/fjala.info\\\/2009-2015\\\/rama-ne-news-24-demonstrata-homazh-nuk-anulohet\\\/\",\"url\":\"https:\\\/\\\/fjala.info\\\/2009-2015\\\/rama-ne-news-24-demonstrata-homazh-nuk-anulohet\\\/\",\"name\":\"Rama n\u00eb News 24: Demonstrata homazh nuk anulohet - FjALA e LIR\u00cb - Arkivi\",\"isPartOf\":{\"@id\":\"https:\\\/\\\/fjala.info\\\/2009-2015\\\/#website\"},\"primaryImageOfPage\":{\"@id\":\"https:\\\/\\\/fjala.info\\\/2009-2015\\\/rama-ne-news-24-demonstrata-homazh-nuk-anulohet\\\/#primaryimage\"},\"image\":{\"@id\":\"https:\\\/\\\/fjala.info\\\/2009-2015\\\/rama-ne-news-24-demonstrata-homazh-nuk-anulohet\\\/#primaryimage\"},\"thumbnailUrl\":\"http:\\\/\\\/fjala.shkoder.net\\\/wp-content\\\/uploads\\\/2011\\\/01\\\/rama_5_pyetje_babaramo.jpg\",\"datePublished\":\"2011-01-26T10:15:33+00:00\",\"breadcrumb\":{\"@id\":\"https:\\\/\\\/fjala.info\\\/2009-2015\\\/rama-ne-news-24-demonstrata-homazh-nuk-anulohet\\\/#breadcrumb\"},\"inLanguage\":\"sq-AL\",\"potentialAction\":[{\"@type\":\"ReadAction\",\"target\":[\"https:\\\/\\\/fjala.info\\\/2009-2015\\\/rama-ne-news-24-demonstrata-homazh-nuk-anulohet\\\/\"]}]},{\"@type\":\"ImageObject\",\"inLanguage\":\"sq-AL\",\"@id\":\"https:\\\/\\\/fjala.info\\\/2009-2015\\\/rama-ne-news-24-demonstrata-homazh-nuk-anulohet\\\/#primaryimage\",\"url\":\"http:\\\/\\\/fjala.shkoder.net\\\/wp-content\\\/uploads\\\/2011\\\/01\\\/rama_5_pyetje_babaramo.jpg\",\"contentUrl\":\"http:\\\/\\\/fjala.shkoder.net\\\/wp-content\\\/uploads\\\/2011\\\/01\\\/rama_5_pyetje_babaramo.jpg\"},{\"@type\":\"BreadcrumbList\",\"@id\":\"https:\\\/\\\/fjala.info\\\/2009-2015\\\/rama-ne-news-24-demonstrata-homazh-nuk-anulohet\\\/#breadcrumb\",\"itemListElement\":[{\"@type\":\"ListItem\",\"position\":1,\"name\":\"Home\",\"item\":\"https:\\\/\\\/fjala.info\\\/2009-2015\\\/\"},{\"@type\":\"ListItem\",\"position\":2,\"name\":\"Rama n\u00eb News 24: Demonstrata homazh nuk anulohet\"}]},{\"@type\":\"WebSite\",\"@id\":\"https:\\\/\\\/fjala.info\\\/2009-2015\\\/#website\",\"url\":\"https:\\\/\\\/fjala.info\\\/2009-2015\\\/\",\"name\":\"FjALA e LIR\u00cb - Arkivi\",\"description\":\"Arkivi 2009-2015\",\"publisher\":{\"@id\":\"https:\\\/\\\/fjala.info\\\/2009-2015\\\/#organization\"},\"potentialAction\":[{\"@type\":\"SearchAction\",\"target\":{\"@type\":\"EntryPoint\",\"urlTemplate\":\"https:\\\/\\\/fjala.info\\\/2009-2015\\\/?s={search_term_string}\"},\"query-input\":{\"@type\":\"PropertyValueSpecification\",\"valueRequired\":true,\"valueName\":\"search_term_string\"}}],\"inLanguage\":\"sq-AL\"},{\"@type\":\"Organization\",\"@id\":\"https:\\\/\\\/fjala.info\\\/2009-2015\\\/#organization\",\"name\":\"FjALA e LIR\u00cb - Arkivi\",\"url\":\"https:\\\/\\\/fjala.info\\\/2009-2015\\\/\",\"logo\":{\"@type\":\"ImageObject\",\"inLanguage\":\"sq-AL\",\"@id\":\"https:\\\/\\\/fjala.info\\\/2009-2015\\\/#\\\/schema\\\/logo\\\/image\\\/\",\"url\":\"\",\"contentUrl\":\"\",\"caption\":\"FjALA e LIR\u00cb - Arkivi\"},\"image\":{\"@id\":\"https:\\\/\\\/fjala.info\\\/2009-2015\\\/#\\\/schema\\\/logo\\\/image\\\/\"}},{\"@type\":\"Person\",\"@id\":\"https:\\\/\\\/fjala.info\\\/2009-2015\\\/#\\\/schema\\\/person\\\/3aa1163ef05469c496fc94e77611ada2\",\"name\":\"admin\",\"image\":{\"@type\":\"ImageObject\",\"inLanguage\":\"sq-AL\",\"@id\":\"https:\\\/\\\/fjala.info\\\/2009-2015\\\/wp-content\\\/uploads\\\/2012\\\/02\\\/arben_cokaj-120x150.jpg\",\"url\":\"https:\\\/\\\/fjala.info\\\/2009-2015\\\/wp-content\\\/uploads\\\/2012\\\/02\\\/arben_cokaj-120x150.jpg\",\"contentUrl\":\"https:\\\/\\\/fjala.info\\\/2009-2015\\\/wp-content\\\/uploads\\\/2012\\\/02\\\/arben_cokaj-120x150.jpg\",\"caption\":\"admin\"},\"description\":\"Admin, Fjala e Lir\u00eb\",\"sameAs\":[\"https:\\\/\\\/fjala.info\\\/\"],\"url\":\"https:\\\/\\\/fjala.info\\\/2009-2015\\\/author\\\/admin\\\/\"}]}<\/script>\n<!-- \/ Yoast SEO plugin. -->","yoast_head_json":{"title":"Rama n\u00eb News 24: Demonstrata homazh nuk anulohet - FjALA e LIR\u00cb - Arkivi","robots":{"index":"index","follow":"follow","max-snippet":"max-snippet:-1","max-image-preview":"max-image-preview:large","max-video-preview":"max-video-preview:-1"},"canonical":"https:\/\/fjala.info\/2009-2015\/rama-ne-news-24-demonstrata-homazh-nuk-anulohet\/","og_locale":"sq_AL","og_type":"article","og_title":"Rama n\u00eb News 24: Demonstrata homazh nuk anulohet - FjALA e LIR\u00cb - Arkivi","og_description":"TIRAN\u00cb &#8211; Kryetari i Partis\u00eb Socialiste Edi Rama menj\u00ebher\u00eb pas takimit me aleat\u00ebt rr\u00ebfen n\u00eb emisionin \u201c5 pyetje nga Babaramo\u201d n\u00eb News24 vendimet e opozit\u00ebs shqiptare. Pas apelit t\u00eb ambasadorit amerikan, p\u00ebr anulimin e demonstrat\u00ebs s\u00eb dit\u00ebs s\u00eb premte, Rama thekson se opozita nuk do t\u00eb anuloj\u00eb demonstrat\u00ebn homazh, pasi si\u00e7 tha ai, kjo demonstrat\u00eb [&hellip;]","og_url":"https:\/\/fjala.info\/2009-2015\/rama-ne-news-24-demonstrata-homazh-nuk-anulohet\/","og_site_name":"FjALA e LIR\u00cb - Arkivi","article_published_time":"2011-01-26T10:15:33+00:00","og_image":[{"url":"http:\/\/fjala.shkoder.net\/wp-content\/uploads\/2011\/01\/rama_5_pyetje_babaramo.jpg","type":"","width":"","height":""}],"author":"admin","twitter_card":"summary_large_image","twitter_misc":{"Written by":"admin","Est. reading time":"5 minutes"},"schema":{"@context":"https:\/\/schema.org","@graph":[{"@type":"Article","@id":"https:\/\/fjala.info\/2009-2015\/rama-ne-news-24-demonstrata-homazh-nuk-anulohet\/#article","isPartOf":{"@id":"https:\/\/fjala.info\/2009-2015\/rama-ne-news-24-demonstrata-homazh-nuk-anulohet\/"},"author":{"name":"admin","@id":"https:\/\/fjala.info\/2009-2015\/#\/schema\/person\/3aa1163ef05469c496fc94e77611ada2"},"headline":"Rama n\u00eb News 24: Demonstrata homazh nuk anulohet","datePublished":"2011-01-26T10:15:33+00:00","mainEntityOfPage":{"@id":"https:\/\/fjala.info\/2009-2015\/rama-ne-news-24-demonstrata-homazh-nuk-anulohet\/"},"wordCount":1105,"commentCount":0,"publisher":{"@id":"https:\/\/fjala.info\/2009-2015\/#organization"},"image":{"@id":"https:\/\/fjala.info\/2009-2015\/rama-ne-news-24-demonstrata-homazh-nuk-anulohet\/#primaryimage"},"thumbnailUrl":"http:\/\/fjala.shkoder.net\/wp-content\/uploads\/2011\/01\/rama_5_pyetje_babaramo.jpg","articleSection":["Artikuj","Intervista"],"inLanguage":"sq-AL","potentialAction":[{"@type":"CommentAction","name":"Comment","target":["https:\/\/fjala.info\/2009-2015\/rama-ne-news-24-demonstrata-homazh-nuk-anulohet\/#respond"]}]},{"@type":"WebPage","@id":"https:\/\/fjala.info\/2009-2015\/rama-ne-news-24-demonstrata-homazh-nuk-anulohet\/","url":"https:\/\/fjala.info\/2009-2015\/rama-ne-news-24-demonstrata-homazh-nuk-anulohet\/","name":"Rama n\u00eb News 24: Demonstrata homazh nuk anulohet - FjALA e LIR\u00cb - Arkivi","isPartOf":{"@id":"https:\/\/fjala.info\/2009-2015\/#website"},"primaryImageOfPage":{"@id":"https:\/\/fjala.info\/2009-2015\/rama-ne-news-24-demonstrata-homazh-nuk-anulohet\/#primaryimage"},"image":{"@id":"https:\/\/fjala.info\/2009-2015\/rama-ne-news-24-demonstrata-homazh-nuk-anulohet\/#primaryimage"},"thumbnailUrl":"http:\/\/fjala.shkoder.net\/wp-content\/uploads\/2011\/01\/rama_5_pyetje_babaramo.jpg","datePublished":"2011-01-26T10:15:33+00:00","breadcrumb":{"@id":"https:\/\/fjala.info\/2009-2015\/rama-ne-news-24-demonstrata-homazh-nuk-anulohet\/#breadcrumb"},"inLanguage":"sq-AL","potentialAction":[{"@type":"ReadAction","target":["https:\/\/fjala.info\/2009-2015\/rama-ne-news-24-demonstrata-homazh-nuk-anulohet\/"]}]},{"@type":"ImageObject","inLanguage":"sq-AL","@id":"https:\/\/fjala.info\/2009-2015\/rama-ne-news-24-demonstrata-homazh-nuk-anulohet\/#primaryimage","url":"http:\/\/fjala.shkoder.net\/wp-content\/uploads\/2011\/01\/rama_5_pyetje_babaramo.jpg","contentUrl":"http:\/\/fjala.shkoder.net\/wp-content\/uploads\/2011\/01\/rama_5_pyetje_babaramo.jpg"},{"@type":"BreadcrumbList","@id":"https:\/\/fjala.info\/2009-2015\/rama-ne-news-24-demonstrata-homazh-nuk-anulohet\/#breadcrumb","itemListElement":[{"@type":"ListItem","position":1,"name":"Home","item":"https:\/\/fjala.info\/2009-2015\/"},{"@type":"ListItem","position":2,"name":"Rama n\u00eb News 24: Demonstrata homazh nuk anulohet"}]},{"@type":"WebSite","@id":"https:\/\/fjala.info\/2009-2015\/#website","url":"https:\/\/fjala.info\/2009-2015\/","name":"FjALA e LIR\u00cb - Arkivi","description":"Arkivi 2009-2015","publisher":{"@id":"https:\/\/fjala.info\/2009-2015\/#organization"},"potentialAction":[{"@type":"SearchAction","target":{"@type":"EntryPoint","urlTemplate":"https:\/\/fjala.info\/2009-2015\/?s={search_term_string}"},"query-input":{"@type":"PropertyValueSpecification","valueRequired":true,"valueName":"search_term_string"}}],"inLanguage":"sq-AL"},{"@type":"Organization","@id":"https:\/\/fjala.info\/2009-2015\/#organization","name":"FjALA e LIR\u00cb - Arkivi","url":"https:\/\/fjala.info\/2009-2015\/","logo":{"@type":"ImageObject","inLanguage":"sq-AL","@id":"https:\/\/fjala.info\/2009-2015\/#\/schema\/logo\/image\/","url":"","contentUrl":"","caption":"FjALA e LIR\u00cb - Arkivi"},"image":{"@id":"https:\/\/fjala.info\/2009-2015\/#\/schema\/logo\/image\/"}},{"@type":"Person","@id":"https:\/\/fjala.info\/2009-2015\/#\/schema\/person\/3aa1163ef05469c496fc94e77611ada2","name":"admin","image":{"@type":"ImageObject","inLanguage":"sq-AL","@id":"https:\/\/fjala.info\/2009-2015\/wp-content\/uploads\/2012\/02\/arben_cokaj-120x150.jpg","url":"https:\/\/fjala.info\/2009-2015\/wp-content\/uploads\/2012\/02\/arben_cokaj-120x150.jpg","contentUrl":"https:\/\/fjala.info\/2009-2015\/wp-content\/uploads\/2012\/02\/arben_cokaj-120x150.jpg","caption":"admin"},"description":"Admin, Fjala e Lir\u00eb","sameAs":["https:\/\/fjala.info\/"],"url":"https:\/\/fjala.info\/2009-2015\/author\/admin\/"}]}},"_links":{"self":[{"href":"https:\/\/fjala.info\/2009-2015\/wp-json\/wp\/v2\/posts\/5887","targetHints":{"allow":["GET"]}}],"collection":[{"href":"https:\/\/fjala.info\/2009-2015\/wp-json\/wp\/v2\/posts"}],"about":[{"href":"https:\/\/fjala.info\/2009-2015\/wp-json\/wp\/v2\/types\/post"}],"author":[{"embeddable":true,"href":"https:\/\/fjala.info\/2009-2015\/wp-json\/wp\/v2\/users\/1"}],"replies":[{"embeddable":true,"href":"https:\/\/fjala.info\/2009-2015\/wp-json\/wp\/v2\/comments?post=5887"}],"version-history":[{"count":0,"href":"https:\/\/fjala.info\/2009-2015\/wp-json\/wp\/v2\/posts\/5887\/revisions"}],"wp:attachment":[{"href":"https:\/\/fjala.info\/2009-2015\/wp-json\/wp\/v2\/media?parent=5887"}],"wp:term":[{"taxonomy":"category","embeddable":true,"href":"https:\/\/fjala.info\/2009-2015\/wp-json\/wp\/v2\/categories?post=5887"},{"taxonomy":"post_tag","embeddable":true,"href":"https:\/\/fjala.info\/2009-2015\/wp-json\/wp\/v2\/tags?post=5887"}],"curies":[{"name":"wp","href":"https:\/\/api.w.org\/{rel}","templated":true}]}}