{"id":5880,"date":"2011-01-26T10:25:28","date_gmt":"2011-01-26T09:25:28","guid":{"rendered":"http:\/\/fjala.shkoder.net\/?p=5880"},"modified":"2011-01-26T10:25:28","modified_gmt":"2011-01-26T09:25:28","slug":"leter-ambasadorit-tim","status":"publish","type":"post","link":"https:\/\/fjala.info\/2009-2015\/leter-ambasadorit-tim\/","title":{"rendered":"Let\u00ebr Ambasadorit Tim"},"content":{"rendered":"<p>Nga <strong>Bledar H. Prifti<\/strong> <\/p>\n<p>I Nderuar Shk\u00eblq\u00ebsia Juaj, Z. Ambasador i Shteteve t\u00eb Bashkuara n\u00eb Tiran\u00eb:<\/p>\n<p>          Un\u00eb q\u00eb po ju shkruaj k\u00ebt\u00eb let\u00ebr quhem Bledar H. Prifti, shtetas Shqiptar\u00eb dhe Amerikan, kolumnist i s\u00eb p\u00ebrditshmes \u201cShekulli\u201d, Master n\u00eb Shkencat Politike, i specializuar n\u00eb politikat e Lindjes s\u00eb Mesme dhe Iranit, dhe pedagog i jasht\u00ebm i Everest University, Florida, USA, ku jap m\u00ebsim n\u00eb lidhje me Politikat Globale. Arsyeja p\u00ebr d\u00ebrgimin e k\u00ebsaj letre \u00ebsht\u00eb p\u00ebr t\u2019i shprehur shk\u00eblqesis\u00eb suaj nj\u00eb analiz\u00eb timen mbi situat\u00ebn alarmante t\u00eb politik\u00ebs Shqiptare dhe implikimet q\u00eb ajo ka p\u00ebr demokracin\u00eb n\u00eb Shqip\u00ebri dhe politik\u00ebn e jashtme t\u00eb Shteteve t\u00eb Bashkuara n\u00eb vend.<\/p>\n<p>          Si studiues i politikave Amerikane anemban\u00eb globit, e kuptoj fare qart\u00eb r\u00ebnd\u00ebsin\u00eb q\u00eb merr politika e jashtme e Shteteve t\u00eb Bashkuara n\u00eb mardh\u00ebniet me vendet q\u00eb ndodhen n\u00eb demokraci hibride, dhe q\u00eb pozicioni gjeografik i t\u00eb cilave i jep nj\u00eb r\u00ebnd\u00ebsi tejet t\u00eb ve\u00e7ant\u00eb interesave Amerikane. Doja tju b\u00ebja me dije juve shk\u00eblqesi dhe epror\u00ebve t\u00eb tu n\u00eb Washington se Shqip\u00ebria \u00ebsht\u00eb nj\u00eb rast unik n\u00eb mardh\u00ebniet e saj me Shtetet e Bashkuara. \u00cbsht\u00eb e v\u00ebrtet\u00eb se pozicioni gjeografik i Shqip\u00ebris\u00eb \u00ebsht\u00eb i nj\u00eb r\u00ebnd\u00ebsie tep\u00ebr t\u00eb ve\u00e7ant\u00eb p\u00ebr politik\u00ebn e jashtme Amerikane. \u00cbsht\u00eb m\u00ebse e v\u00ebrtet gjithashtu se stabiliteti politik i rajonit \u00ebsht\u00eb i nj\u00eb r\u00ebnd\u00ebsie edhe m\u00eb t\u00eb r\u00ebnd\u00ebsishme. Por, paralelisht, \u00ebsht\u00eb m\u00ebse e v\u00ebrtet\u00eb dhe bot\u00ebrisht e ditur nga t\u00eb gjith\u00eb se Shqip\u00ebria dhe Shqiptar\u00ebt jan\u00eb nj\u00eb vend dhe popull q\u00eb Zoti i ka lidhur q\u00eb n\u00eb gjenez\u00eb dhe  p\u00ebrjet\u00ebsisht me qeverin\u00eb dhe popullin Amerikan\u00eb.<\/p>\n<p>          I Nderuar Shk\u00eblqesia juaj, Shqiptar\u00ebt dhe kombi Shqiptar\u00eb ia dedikojn\u00eb krijimin dhe vazhdim\u00ebsin\u00eb e shtetit Shqiptar\u00eb popullit dhe qeveris\u00eb Amerikane. Pa ndihm\u00ebn prind\u00ebrore t\u00eb Shteteve t\u00eb Bashkuara sot nuk do t\u00eb kishte Shqip\u00ebri, dhe aq m\u00eb pak Kosov\u00eb. Mardh\u00ebniet midis Shqip\u00ebris\u00eb dhe Amerik\u00ebs nuk jan\u00eb mardh\u00ebnie interesash por jan\u00eb mardh\u00ebnie zemrash dhe ndjenjash. Sot n\u00eb Shtetet e Bashkuara t\u00eb Amerik\u00ebs jetojn\u00eb afro 10% e Shqiptar\u00ebve, pjesa d\u00ebrrmuese e t\u00eb cil\u00ebve jan\u00eb me krenari shtetas Amerikan\u00eb. Sot Shqiptar\u00ebt jan\u00eb me krenari populli m\u00eb pro-Amerikan n\u00eb k\u00ebt\u00eb planet. Ju p\u00ebrm\u00ebnda faktet e m\u00ebsip\u00ebr p\u00ebr t\u00eb theksuar se cilado qeveri q\u00eb vjen n\u00eb fuqi n\u00eb Tiran\u00eb, ajo do t\u00eb jet\u00eb ngahera nj\u00eb qeveri pro-Amerikane.<\/p>\n<p>          Si e till\u00eb, Shqip\u00ebria nuk duhet t\u00eb nj\u00ebhsohet as me Iranin e djesh\u00ebm dhe as me ndonj\u00eb vend tjet\u00ebr sot q\u00eb endet n\u00eb k\u00ebrkim t\u00eb demokracis\u00eb. Shqip\u00ebria nuk duhet t\u00eb konsiderohet nga qeveria Amerikane si nj\u00eb vend ku duhet thjesht t\u00eb vendoset stabiliteti p\u00ebr t\u00eb ruajtur interesat Amerikane. Shqip\u00ebria duhet t\u00eb konsiderohet sot nj\u00eb vend ku duhet t\u00eb mbret\u00ebroj\u00eb demokracia p\u00ebr t\u00eb forcuar interesat e popujve Shqiptar\u00eb dhe Amerikan\u00eb. Amerik\u00ebs nuk i intereson q\u00eb Shqip\u00ebria t\u00eb qeveriset nga nj\u00eb diktator q\u00eb n\u00eb rastin m\u00eb t\u00eb par\u00eb do t\u2019i sulet politik\u00ebs Amerikane. Interesat e popullit Shqiptar\u00eb dhe atij Amerikan jan\u00eb dhe do t\u00eb jen\u00eb p\u00ebrjet\u00ebsisht\u00eb t\u00eb nj\u00ebjta. Zoti k\u00ebshtu e ka krijuar k\u00ebt\u00eb mardh\u00ebnie. T\u00eb dy popujve ju intereson nj\u00eb qeveri Shqiptare demokratike q\u00eb t\u2019i sh\u00ebrbej\u00eb t\u00eb dy popujve.<\/p>\n<p>          Por fatkeq\u00ebsisht, situata aktuale \u00ebsht\u00eb tejet e zymt\u00eb. Ajo \u00ebsht\u00eb nj\u00eb situat\u00eb tep\u00ebr e r\u00ebnd\u00eb p\u00ebr popullin Shqiptar\u00eb, pak a shum\u00eb e komplikuar edhe p\u00ebr politik\u00ebn e jashtme Amerikane. Sot ne t\u00eb gjith\u00eb, p\u00ebrfshir\u00eb edhe qeverin\u00eb tuaj shk\u00eblqesi, po p\u00ebrjetojm\u00eb nj\u00eb d\u00e9j\u00e0 vu.  Sot shteti Shqiptar\u00eb drejtohet nga nj\u00eb organizat\u00eb q\u00eb nuk ka aspak lidhje me politik\u00ebn, demokracin\u00eb, dhe interesat e popullit Shqiptar dhe t\u00eb qeveris\u00eb Amerikane. Sot n\u00eb pushtet gjendet nj\u00eb kryeminist\u00ebr i cili n\u00eb vitin 1996 tmerronte dhe masakronte popullin dhe kund\u00ebrshtar\u00ebt e tij politik dhe lejonte thyerjen e embargos s\u00eb naft\u00ebs kund\u00ebr Serbis\u00eb. N\u00eb 1997-\u00ebn, po ky nj\u00ebri akuzont\u00eb publikisht dhe n\u00eb m\u00ebnyr\u00eb indirekte qeverin\u00eb Amerikane dhe agjensit\u00eb e inteligjenc\u00ebs p\u00ebr grushte shteti dhe nd\u00ebrhyrje n\u00eb pun\u00ebt e br\u00ebndshme t\u00eb Shqip\u00ebris\u00eb. Sot n\u00eb krye t\u00eb shtetit Shqiptar\u00eb, fatkeq\u00ebsisht,  ndodhet po ai nj\u00ebri i cili n\u00eb 1997 urdh\u00ebroi ngritjen e avion\u00ebve luftarak\u00eb p\u00ebr t\u00eb sulmuar popullin e pafajsh\u00ebm n\u00eb jug t\u00eb vendit. Sot shteti Shqip\u00ebtar\u00eb drejtohet nga ai nj\u00ebri q\u00eb n\u00eb Shtator t\u00eb vitit 1998 organizoi bandat e armatosura t\u00eb cilat me tanke dhe arm\u00eb t\u00eb tjera pushtuan kryeministrin\u00eb, ministrit\u00eb, dhe televizionin publik, nga ku deklaroi p\u00ebrmes hafijeve t\u00eb tij triumfin e grushtit t\u00eb shtetit.<\/p>\n<p>          Sot n\u00eb Shqip\u00ebri gjendet n\u00eb pushtet nj\u00eb qeveri q\u00eb kurr\u00eb nuk e legjitimoi pushtetin e saj p\u00ebrmes transparenc\u00ebs s\u00eb procesit zgjedhor. Ishte ky kryeminist\u00ebr q\u00eb p\u00ebr nj\u00eb vit e gjys\u00ebm ju deklaronte juve se ishte p\u00ebr transparenc\u00eb t\u00eb materialeve zgjedhore por se nuk ishte p\u00ebr rinum\u00ebrimin e flet\u00ebve t\u00eb votimit. Ky nj\u00ebri u tall me ju dhe popullin Shqiptar\u00eb dhe varrosi \u00e7dogj\u00eb q\u00eb t\u00eb \u00e7onte tek transparenca e zgjedhjeve, p\u00ebrfshir\u00eb edhe materialet zgjedhore. Sot shteti Shqiptar\u00eb drejtohet nga nj\u00eb grup hajdut\u00ebsh, vjedhjet e t\u00eb cilit po pushtojn\u00eb mediat dhe ekranet e televizionit. Koha tregoi se vjedhja e zgjedhjeve t\u00eb 28 Qershorit kishte p\u00ebr synim vjedhjen e pasurive t\u00eb popullit Shqiptar.<\/p>\n<p>          Sot shteti Shqiptar\u00eb drejtohet nga nj\u00eb qeveri dhe nj\u00eb kryeminist\u00ebr q\u00eb \u00ebsht\u00eb i gatsh\u00ebm t\u00eb organizoj\u00eb qindra funerale p\u00ebr popullin dhe kund\u00ebrshtar\u00ebt e tij politik. Sot ky kryeminist\u00ebr merr publikisht rolin e prokurorit duke paralizuar komplet institucionin e prokuroris\u00eb dhe t\u00eb drejt\u00ebsis\u00eb. Sot kryeministri Shqiptar\u00eb nuk e ka p\u00ebr gj\u00eb t\u00eb marr\u00eb edhe rolin e gjykat\u00ebsit dhe t\u00eb organizoj\u00eb gard\u00ebn e Republik\u00ebs dhe ushtrin\u00eb p\u00ebr t\u00eb vrar\u00eb popullin e tij. M\u00eb 21 Janar u organizuar nj\u00eb protest popullore e cila p\u00ebrfundoi me vrasjen e tre civil\u00ebve t\u00eb pafajsh\u00ebm nga forcat qeveritare. Mund t\u00eb shikoni mediat dhe videot e ngjarjes i nderuar sh\u00eblqesia juaj dhe do t\u00eb kuptoni se sa paq\u00ebsor\u00eb dhe t\u00eb pafajsh\u00ebm ishin viktimat e goditura nga forcat e pushtetit. Ndodhi tamam si n\u00eb Iranin e larg\u00ebt!<\/p>\n<p>          Por sikur t\u00eb mos mjaftonte me kaq, kryeministri n\u00eb detyr\u00eb vazhdon\u00eb publikisht t\u00eb k\u00ebrc\u00ebnoj\u00eb me jet\u00eb popullin dhe liderin e opozit\u00ebs. Dje Ahmadinejad vari dy kund\u00ebrshtar\u00ebt e tij politik sepse protestonin kund\u00ebr tij. Kam frik\u00eb se edhe regjimi i instaluar n\u00eb Shqip\u00ebri po p\u00ebrgatitet p\u00ebr t\u00eb vazhduar t\u00eb nj\u00ebjt\u00ebn gj\u00eb. Fundi \u00ebsht\u00eb i v\u00ebshtit\u00eb p\u00ebr tu p\u00ebrcaktuar. Sot shoq\u00ebria Shqiptare ndjehet shum\u00eb e p\u00ebr\u00e7ar\u00eb dhe e dob\u00ebt, madje edhe e pashpres\u00eb. Mediat dhe hafijet e pushtetit po p\u00ebrpiqen me sa t\u00eb mundin t\u00eb paralizojn\u00eb shqisat dhe ndjenjat e popullit dhe shoq\u00ebris\u00eb civile p\u00ebr t\u00eb vrar\u00eb sensin dhe perceptimin mbi t\u00eb drejt\u00ebn, morale, t\u00eb v\u00ebrtet\u00ebn, t\u00eb mir\u00ebn, shpres\u00ebn, dhe demokratiken. Regjimet dhe diktaturat arrijn\u00eb suksesin e tyre real kur arrijn\u00eb t\u2019i heqin popullit ndjenjat, shpres\u00ebn dhe besimin.<\/p>\n<p>          Sot Shqiptar\u00ebt jan\u00eb shnd\u00ebrruar n\u00eb nj\u00eb f\u00ebmij\u00eb t\u00eb vog\u00ebl t\u00eb dhunuar nga t\u00eb tij\u00ebt dhe t\u00eb braktisur nga shpresa. Sot Shqiptar\u00ebve ju duhet nj\u00eb ndihm\u00eb q\u00eb t\u00eb rimarrin n\u00eb dor\u00eb fatet e tyre. Sot Shqiptar\u00ebt duhen lejuar t\u00eb vendosin vet\u00eb p\u00ebr t\u00eb zgjidhur kriz\u00ebn. Pushteti n\u00eb fuqi, edhe pse n\u00eb k\u00ebt\u00eb gjendje, nuk d\u00ebshiron ta l\u00ebri popullin t\u00eb zgjidh k\u00ebt\u00eb kriz\u00eb pasi ky pushtet e di shum\u00eb mir\u00eb q\u00eb nuk \u00ebsht\u00eb i zgjedhur nga populli. Jo m\u00eb kot ky pushtet nuk lejoi transparenc\u00ebn e zgjedhjeve dhe jo m\u00eb kot\u00eb ky pushtet nuk lejon popullin t\u00eb zgjidhi vet\u00eb k\u00ebt\u00eb kriz\u00eb politike. Sot, m\u00eb shum\u00eb se kurr\u00eb, populli Shqiptar\u00eb ka nevoj\u00eb p\u00ebr popullin Amerikan dhe qeverin\u00eb e tij. Ky popull ka nevoj\u00eb p\u00ebr nj\u00eb ndihm\u00eb q\u00eb t\u2019i jap\u00eb forc\u00ebn p\u00ebr t\u00eb vendosur vet p\u00ebr fatin e tij. Vet\u00ebm ather\u00eb Shqip\u00ebria do t\u00eb jet\u00eb jo vet\u00ebm nj\u00eb vend demokratik dhe i stabilizuar, por nj\u00eb \u201cAmerik\u00eb e Vog\u00ebl\u201d n\u00eb  juglindje t\u00eb Europ\u00ebs.<\/p>\n<p>Duke uruar dhe shpresuar p\u00ebr mirkuptim nga ana juaj dhe qeveris\u00eb q\u00eb ju p\u00ebrfaq\u00ebsoni, ju uroj\u00eb nga zemra suksese, lumturi, dhe begati juve, qeveris\u00eb tuaj, dhe popullit Amerikan!!!<\/p>\n<p>Me Nderime dhe Respekte,<\/p>\n<p><strong>Bledar H. Prifti<\/strong><\/p>\n","protected":false},"excerpt":{"rendered":"<p>Nga Bledar H. Prifti I Nderuar Shk\u00eblq\u00ebsia Juaj, Z. Ambasador i Shteteve t\u00eb Bashkuara n\u00eb Tiran\u00eb: Un\u00eb q\u00eb po ju shkruaj k\u00ebt\u00eb let\u00ebr quhem Bledar H. Prifti, shtetas Shqiptar\u00eb dhe Amerikan, kolumnist i s\u00eb p\u00ebrditshmes \u201cShekulli\u201d, Master n\u00eb Shkencat Politike, i specializuar n\u00eb politikat e Lindjes s\u00eb Mesme dhe Iranit, dhe pedagog i jasht\u00ebm i [&hellip;]<\/p>\n","protected":false},"author":1,"featured_media":0,"comment_status":"open","ping_status":"closed","sticky":false,"template":"","format":"standard","meta":{"footnotes":""},"categories":[2],"tags":[],"class_list":{"0":"post-5880","1":"post","2":"type-post","3":"status-publish","4":"format-standard","6":"category-artikuj"},"yoast_head":"<!-- This site is optimized with the Yoast SEO plugin v27.4 - https:\/\/yoast.com\/product\/yoast-seo-wordpress\/ -->\n<title>Let\u00ebr Ambasadorit Tim - FjALA e LIR\u00cb - Arkivi<\/title>\n<meta name=\"robots\" content=\"index, follow, max-snippet:-1, max-image-preview:large, max-video-preview:-1\" \/>\n<link rel=\"canonical\" href=\"https:\/\/fjala.info\/2009-2015\/leter-ambasadorit-tim\/\" \/>\n<meta property=\"og:locale\" content=\"sq_AL\" \/>\n<meta property=\"og:type\" content=\"article\" \/>\n<meta property=\"og:title\" content=\"Let\u00ebr Ambasadorit Tim - FjALA e LIR\u00cb - Arkivi\" \/>\n<meta property=\"og:description\" content=\"Nga Bledar H. Prifti I Nderuar Shk\u00eblq\u00ebsia Juaj, Z. Ambasador i Shteteve t\u00eb Bashkuara n\u00eb Tiran\u00eb: Un\u00eb q\u00eb po ju shkruaj k\u00ebt\u00eb let\u00ebr quhem Bledar H. Prifti, shtetas Shqiptar\u00eb dhe Amerikan, kolumnist i s\u00eb p\u00ebrditshmes \u201cShekulli\u201d, Master n\u00eb Shkencat Politike, i specializuar n\u00eb politikat e Lindjes s\u00eb Mesme dhe Iranit, dhe pedagog i jasht\u00ebm i [&hellip;]\" \/>\n<meta property=\"og:url\" content=\"https:\/\/fjala.info\/2009-2015\/leter-ambasadorit-tim\/\" \/>\n<meta property=\"og:site_name\" content=\"FjALA e LIR\u00cb - Arkivi\" \/>\n<meta property=\"article:published_time\" content=\"2011-01-26T09:25:28+00:00\" \/>\n<meta name=\"author\" content=\"admin\" \/>\n<meta name=\"twitter:card\" content=\"summary_large_image\" \/>\n<meta name=\"twitter:label1\" content=\"Written by\" \/>\n\t<meta name=\"twitter:data1\" content=\"admin\" \/>\n\t<meta name=\"twitter:label2\" content=\"Est. reading time\" \/>\n\t<meta name=\"twitter:data2\" content=\"7 minutes\" \/>\n<script type=\"application\/ld+json\" class=\"yoast-schema-graph\">{\"@context\":\"https:\\\/\\\/schema.org\",\"@graph\":[{\"@type\":\"Article\",\"@id\":\"https:\\\/\\\/fjala.info\\\/2009-2015\\\/leter-ambasadorit-tim\\\/#article\",\"isPartOf\":{\"@id\":\"https:\\\/\\\/fjala.info\\\/2009-2015\\\/leter-ambasadorit-tim\\\/\"},\"author\":{\"name\":\"admin\",\"@id\":\"https:\\\/\\\/fjala.info\\\/2009-2015\\\/#\\\/schema\\\/person\\\/3aa1163ef05469c496fc94e77611ada2\"},\"headline\":\"Let\u00ebr Ambasadorit Tim\",\"datePublished\":\"2011-01-26T09:25:28+00:00\",\"mainEntityOfPage\":{\"@id\":\"https:\\\/\\\/fjala.info\\\/2009-2015\\\/leter-ambasadorit-tim\\\/\"},\"wordCount\":1464,\"commentCount\":0,\"publisher\":{\"@id\":\"https:\\\/\\\/fjala.info\\\/2009-2015\\\/#organization\"},\"articleSection\":[\"Artikuj\"],\"inLanguage\":\"sq-AL\",\"potentialAction\":[{\"@type\":\"CommentAction\",\"name\":\"Comment\",\"target\":[\"https:\\\/\\\/fjala.info\\\/2009-2015\\\/leter-ambasadorit-tim\\\/#respond\"]}]},{\"@type\":\"WebPage\",\"@id\":\"https:\\\/\\\/fjala.info\\\/2009-2015\\\/leter-ambasadorit-tim\\\/\",\"url\":\"https:\\\/\\\/fjala.info\\\/2009-2015\\\/leter-ambasadorit-tim\\\/\",\"name\":\"Let\u00ebr Ambasadorit Tim - FjALA e LIR\u00cb - Arkivi\",\"isPartOf\":{\"@id\":\"https:\\\/\\\/fjala.info\\\/2009-2015\\\/#website\"},\"datePublished\":\"2011-01-26T09:25:28+00:00\",\"breadcrumb\":{\"@id\":\"https:\\\/\\\/fjala.info\\\/2009-2015\\\/leter-ambasadorit-tim\\\/#breadcrumb\"},\"inLanguage\":\"sq-AL\",\"potentialAction\":[{\"@type\":\"ReadAction\",\"target\":[\"https:\\\/\\\/fjala.info\\\/2009-2015\\\/leter-ambasadorit-tim\\\/\"]}]},{\"@type\":\"BreadcrumbList\",\"@id\":\"https:\\\/\\\/fjala.info\\\/2009-2015\\\/leter-ambasadorit-tim\\\/#breadcrumb\",\"itemListElement\":[{\"@type\":\"ListItem\",\"position\":1,\"name\":\"Home\",\"item\":\"https:\\\/\\\/fjala.info\\\/2009-2015\\\/\"},{\"@type\":\"ListItem\",\"position\":2,\"name\":\"Let\u00ebr Ambasadorit Tim\"}]},{\"@type\":\"WebSite\",\"@id\":\"https:\\\/\\\/fjala.info\\\/2009-2015\\\/#website\",\"url\":\"https:\\\/\\\/fjala.info\\\/2009-2015\\\/\",\"name\":\"FjALA e LIR\u00cb - Arkivi\",\"description\":\"Arkivi 2009-2015\",\"publisher\":{\"@id\":\"https:\\\/\\\/fjala.info\\\/2009-2015\\\/#organization\"},\"potentialAction\":[{\"@type\":\"SearchAction\",\"target\":{\"@type\":\"EntryPoint\",\"urlTemplate\":\"https:\\\/\\\/fjala.info\\\/2009-2015\\\/?s={search_term_string}\"},\"query-input\":{\"@type\":\"PropertyValueSpecification\",\"valueRequired\":true,\"valueName\":\"search_term_string\"}}],\"inLanguage\":\"sq-AL\"},{\"@type\":\"Organization\",\"@id\":\"https:\\\/\\\/fjala.info\\\/2009-2015\\\/#organization\",\"name\":\"FjALA e LIR\u00cb - Arkivi\",\"url\":\"https:\\\/\\\/fjala.info\\\/2009-2015\\\/\",\"logo\":{\"@type\":\"ImageObject\",\"inLanguage\":\"sq-AL\",\"@id\":\"https:\\\/\\\/fjala.info\\\/2009-2015\\\/#\\\/schema\\\/logo\\\/image\\\/\",\"url\":\"\",\"contentUrl\":\"\",\"caption\":\"FjALA e LIR\u00cb - Arkivi\"},\"image\":{\"@id\":\"https:\\\/\\\/fjala.info\\\/2009-2015\\\/#\\\/schema\\\/logo\\\/image\\\/\"}},{\"@type\":\"Person\",\"@id\":\"https:\\\/\\\/fjala.info\\\/2009-2015\\\/#\\\/schema\\\/person\\\/3aa1163ef05469c496fc94e77611ada2\",\"name\":\"admin\",\"image\":{\"@type\":\"ImageObject\",\"inLanguage\":\"sq-AL\",\"@id\":\"https:\\\/\\\/fjala.info\\\/2009-2015\\\/wp-content\\\/uploads\\\/2012\\\/02\\\/arben_cokaj-120x150.jpg\",\"url\":\"https:\\\/\\\/fjala.info\\\/2009-2015\\\/wp-content\\\/uploads\\\/2012\\\/02\\\/arben_cokaj-120x150.jpg\",\"contentUrl\":\"https:\\\/\\\/fjala.info\\\/2009-2015\\\/wp-content\\\/uploads\\\/2012\\\/02\\\/arben_cokaj-120x150.jpg\",\"caption\":\"admin\"},\"description\":\"Admin, Fjala e Lir\u00eb\",\"sameAs\":[\"https:\\\/\\\/fjala.info\\\/\"],\"url\":\"https:\\\/\\\/fjala.info\\\/2009-2015\\\/author\\\/admin\\\/\"}]}<\/script>\n<!-- \/ Yoast SEO plugin. -->","yoast_head_json":{"title":"Let\u00ebr Ambasadorit Tim - FjALA e LIR\u00cb - Arkivi","robots":{"index":"index","follow":"follow","max-snippet":"max-snippet:-1","max-image-preview":"max-image-preview:large","max-video-preview":"max-video-preview:-1"},"canonical":"https:\/\/fjala.info\/2009-2015\/leter-ambasadorit-tim\/","og_locale":"sq_AL","og_type":"article","og_title":"Let\u00ebr Ambasadorit Tim - FjALA e LIR\u00cb - Arkivi","og_description":"Nga Bledar H. Prifti I Nderuar Shk\u00eblq\u00ebsia Juaj, Z. Ambasador i Shteteve t\u00eb Bashkuara n\u00eb Tiran\u00eb: Un\u00eb q\u00eb po ju shkruaj k\u00ebt\u00eb let\u00ebr quhem Bledar H. Prifti, shtetas Shqiptar\u00eb dhe Amerikan, kolumnist i s\u00eb p\u00ebrditshmes \u201cShekulli\u201d, Master n\u00eb Shkencat Politike, i specializuar n\u00eb politikat e Lindjes s\u00eb Mesme dhe Iranit, dhe pedagog i jasht\u00ebm i [&hellip;]","og_url":"https:\/\/fjala.info\/2009-2015\/leter-ambasadorit-tim\/","og_site_name":"FjALA e LIR\u00cb - Arkivi","article_published_time":"2011-01-26T09:25:28+00:00","author":"admin","twitter_card":"summary_large_image","twitter_misc":{"Written by":"admin","Est. reading time":"7 minutes"},"schema":{"@context":"https:\/\/schema.org","@graph":[{"@type":"Article","@id":"https:\/\/fjala.info\/2009-2015\/leter-ambasadorit-tim\/#article","isPartOf":{"@id":"https:\/\/fjala.info\/2009-2015\/leter-ambasadorit-tim\/"},"author":{"name":"admin","@id":"https:\/\/fjala.info\/2009-2015\/#\/schema\/person\/3aa1163ef05469c496fc94e77611ada2"},"headline":"Let\u00ebr Ambasadorit Tim","datePublished":"2011-01-26T09:25:28+00:00","mainEntityOfPage":{"@id":"https:\/\/fjala.info\/2009-2015\/leter-ambasadorit-tim\/"},"wordCount":1464,"commentCount":0,"publisher":{"@id":"https:\/\/fjala.info\/2009-2015\/#organization"},"articleSection":["Artikuj"],"inLanguage":"sq-AL","potentialAction":[{"@type":"CommentAction","name":"Comment","target":["https:\/\/fjala.info\/2009-2015\/leter-ambasadorit-tim\/#respond"]}]},{"@type":"WebPage","@id":"https:\/\/fjala.info\/2009-2015\/leter-ambasadorit-tim\/","url":"https:\/\/fjala.info\/2009-2015\/leter-ambasadorit-tim\/","name":"Let\u00ebr Ambasadorit Tim - FjALA e LIR\u00cb - Arkivi","isPartOf":{"@id":"https:\/\/fjala.info\/2009-2015\/#website"},"datePublished":"2011-01-26T09:25:28+00:00","breadcrumb":{"@id":"https:\/\/fjala.info\/2009-2015\/leter-ambasadorit-tim\/#breadcrumb"},"inLanguage":"sq-AL","potentialAction":[{"@type":"ReadAction","target":["https:\/\/fjala.info\/2009-2015\/leter-ambasadorit-tim\/"]}]},{"@type":"BreadcrumbList","@id":"https:\/\/fjala.info\/2009-2015\/leter-ambasadorit-tim\/#breadcrumb","itemListElement":[{"@type":"ListItem","position":1,"name":"Home","item":"https:\/\/fjala.info\/2009-2015\/"},{"@type":"ListItem","position":2,"name":"Let\u00ebr Ambasadorit Tim"}]},{"@type":"WebSite","@id":"https:\/\/fjala.info\/2009-2015\/#website","url":"https:\/\/fjala.info\/2009-2015\/","name":"FjALA e LIR\u00cb - Arkivi","description":"Arkivi 2009-2015","publisher":{"@id":"https:\/\/fjala.info\/2009-2015\/#organization"},"potentialAction":[{"@type":"SearchAction","target":{"@type":"EntryPoint","urlTemplate":"https:\/\/fjala.info\/2009-2015\/?s={search_term_string}"},"query-input":{"@type":"PropertyValueSpecification","valueRequired":true,"valueName":"search_term_string"}}],"inLanguage":"sq-AL"},{"@type":"Organization","@id":"https:\/\/fjala.info\/2009-2015\/#organization","name":"FjALA e LIR\u00cb - Arkivi","url":"https:\/\/fjala.info\/2009-2015\/","logo":{"@type":"ImageObject","inLanguage":"sq-AL","@id":"https:\/\/fjala.info\/2009-2015\/#\/schema\/logo\/image\/","url":"","contentUrl":"","caption":"FjALA e LIR\u00cb - Arkivi"},"image":{"@id":"https:\/\/fjala.info\/2009-2015\/#\/schema\/logo\/image\/"}},{"@type":"Person","@id":"https:\/\/fjala.info\/2009-2015\/#\/schema\/person\/3aa1163ef05469c496fc94e77611ada2","name":"admin","image":{"@type":"ImageObject","inLanguage":"sq-AL","@id":"https:\/\/fjala.info\/2009-2015\/wp-content\/uploads\/2012\/02\/arben_cokaj-120x150.jpg","url":"https:\/\/fjala.info\/2009-2015\/wp-content\/uploads\/2012\/02\/arben_cokaj-120x150.jpg","contentUrl":"https:\/\/fjala.info\/2009-2015\/wp-content\/uploads\/2012\/02\/arben_cokaj-120x150.jpg","caption":"admin"},"description":"Admin, Fjala e Lir\u00eb","sameAs":["https:\/\/fjala.info\/"],"url":"https:\/\/fjala.info\/2009-2015\/author\/admin\/"}]}},"_links":{"self":[{"href":"https:\/\/fjala.info\/2009-2015\/wp-json\/wp\/v2\/posts\/5880","targetHints":{"allow":["GET"]}}],"collection":[{"href":"https:\/\/fjala.info\/2009-2015\/wp-json\/wp\/v2\/posts"}],"about":[{"href":"https:\/\/fjala.info\/2009-2015\/wp-json\/wp\/v2\/types\/post"}],"author":[{"embeddable":true,"href":"https:\/\/fjala.info\/2009-2015\/wp-json\/wp\/v2\/users\/1"}],"replies":[{"embeddable":true,"href":"https:\/\/fjala.info\/2009-2015\/wp-json\/wp\/v2\/comments?post=5880"}],"version-history":[{"count":0,"href":"https:\/\/fjala.info\/2009-2015\/wp-json\/wp\/v2\/posts\/5880\/revisions"}],"wp:attachment":[{"href":"https:\/\/fjala.info\/2009-2015\/wp-json\/wp\/v2\/media?parent=5880"}],"wp:term":[{"taxonomy":"category","embeddable":true,"href":"https:\/\/fjala.info\/2009-2015\/wp-json\/wp\/v2\/categories?post=5880"},{"taxonomy":"post_tag","embeddable":true,"href":"https:\/\/fjala.info\/2009-2015\/wp-json\/wp\/v2\/tags?post=5880"}],"curies":[{"name":"wp","href":"https:\/\/api.w.org\/{rel}","templated":true}]}}