{"id":5877,"date":"2011-01-26T11:09:56","date_gmt":"2011-01-26T10:09:56","guid":{"rendered":"http:\/\/fjala.shkoder.net\/?p=5877"},"modified":"2011-01-26T11:09:56","modified_gmt":"2011-01-26T10:09:56","slug":"miliona-dollare-kunder-pavaresise-se-kosoves","status":"publish","type":"post","link":"https:\/\/fjala.info\/2009-2015\/miliona-dollare-kunder-pavaresise-se-kosoves\/","title":{"rendered":"Miliona dollar\u00eb kund\u00ebr pavar\u00ebsis\u00eb s\u00eb Kosov\u00ebs"},"content":{"rendered":"<p><img loading=\"lazy\" decoding=\"async\" class=\"alignright size-medium wp-image-5878\" title=\"krere_kisha_serbe\" src=\"http:\/\/fjala.shkoder.net\/wp-content\/uploads\/2011\/01\/krere_kisha_serbe-300x195.jpg\" alt=\"\" width=\"300\" height=\"195\" \/><br \/>\nNga <strong>Korresp. 24-ore.com<\/strong>, <em>22.01.2011<\/em><\/p>\n<p>Faktet e fundit t\u00eb publikuara nga mediat serbe tregojn\u00eb qart\u00eb se Kisha Ortodokse Serbe n\u00eb Kosov\u00eb nuk \u00ebsht\u00eb marr\u00eb asnj\u00ebher\u00eb me pun\u00ebt q\u00eb i takojn\u00eb \u2013 predikimin e fes\u00eb \u2013 por m\u00eb shum\u00eb m\u00eb \u00e7\u00ebshtjet politike, duke paguar lobist\u00ebt n\u00eb SHBA q\u00eb do t\u00eb kund\u00ebrshtonin pavar\u00ebsin\u00eb e Kosov\u00ebs.<\/p>\n<p>Kur n\u00eb krye t\u00eb Kish\u00ebs Serbe n\u00eb Kosov\u00eb ishte peshkopi Artemije (tashm\u00eb i shkarkuar nga Kisha Ortodokse Serbe), si\u00e7 b\u00ebn t\u00eb ditur gazeta serbe Kurir, kjo kish\u00eb me ndihm\u00ebn e K\u00ebshillit Nacional Serb t\u00eb Kosov\u00ebs kishte n\u00ebnshkruar kontrata me vler\u00eb prej miliona dollar\u00ebsh p\u00ebr t\u2019i paguar lobist\u00ebt amerikan\u00eb q\u00eb do t\u00eb angazhoheshin kund\u00ebr pavar\u00ebsis\u00eb s\u00eb Kosov\u00ebs&#8230;<\/p>\n<p>Si\u00e7 raporton kjo gazet\u00eb, e cila thot\u00eb t\u2019i ket\u00eb par\u00eb kontratat e n\u00ebnshkruara me zyrat e avokateris\u00eb q\u00eb merren me lobim n\u00eb SHBA, shuma e p\u00ebrgjithshme e k\u00ebtyre kontratave kap vler\u00ebn prej 4.2 milion\u00eb dollar\u00ebsh.<\/p>\n<p>Megjithat\u00eb, James Jatras, q\u00eb njihet si nj\u00eb nga lobist\u00ebt m\u00eb t\u00eb m\u00ebdhenj serb n\u00eb Uashington pohon se kjo shum\u00eb \u00ebsht\u00eb shum\u00eb m\u00eb e vog\u00ebl dhe se ajo nuk kap vler\u00ebn m\u00eb t\u00eb madhe se 800.000 dollar\u00eb.<\/p>\n<p>Si\u00e7 raporton kjo gazet\u00eb, duket qart\u00eb se k\u00ebtu i ka p\u00ebrzier gishtat prifti Simeon Vilovski, bashk\u00ebpun\u00ebtori m\u00eb i ngusht\u00eb i peshkopit Artemije, i cili ishte arrestuar n\u00eb Greqi me k\u00ebrkes\u00eb t\u00eb Serbis\u00eb p\u00ebr shkak t\u00eb dyshimeve p\u00ebr keqp\u00ebrdorimin e fondeve p\u00ebr rikonstruktimin e Kishave Ortodokse n\u00eb Kosov\u00eb.<\/p>\n<p>Adresa e tij (Manastiri Banjska n\u00eb Kosov\u00eb) gjendet n\u00eb t\u00eb dy kontratat q\u00eb jan\u00eb regjistruar n\u00eb administrat\u00ebn amerikane, e t\u00eb cilat i ka par\u00eb kjo gazet\u00eb.<\/p>\n<p>Dragan Veliq, kryetar i t\u00eb ashtuquajturit \u201cK\u00ebshill Nacional Serb i Kosov\u00ebs e Metohis\u00eb\u201d, n\u00eb nj\u00eb deklarat\u00eb p\u00ebr Kurir, thot\u00eb se kjo organizat\u00eb vet\u00ebm ka kryer sh\u00ebrbim p\u00ebr Kish\u00ebn Serbe n\u00eb Kosov\u00eb.<\/p>\n<p>E gjith\u00eb puna, sipas tij, ka shkruar n\u00ebp\u00ebrmjet peshkopit tashm\u00eb t\u00eb shkarkuar serb Artemije \u2013 dhe pasi q\u00eb Kisha nuk kishte mundur t\u00eb n\u00ebnshkruante kontrata t\u00eb k\u00ebtij lloji, KNS ka ofruar ndihm\u00eb. \u201cE kam n\u00ebnshkruar marr\u00ebveshjen, mir\u00ebpo me zbatimin e saj nuk kam pasur t\u00eb b\u00ebj fare\u201d, thot\u00eb Veliq.<\/p>\n<p>I pyetur se si mund t\u00eb n\u00ebnshkruhet nj\u00eb gj\u00eb q\u00eb nuk mund t\u00eb kontrollohet, Veliq ka th\u00ebn\u00eb: \u201cN\u00ebp\u00ebrmjet diaspor\u00ebs son\u00eb ka ardhur deri t\u00eb kontakti me Jatrasin, mir\u00ebpo me t\u00eb gjitha k\u00ebto merrej Kisha Serbe n\u00eb Kosov\u00eb. Ne nuk kemi pasur para. Nd\u00ebrsa ku i mori Kisha k\u00ebto para nuk e di\u201d, ka th\u00ebn\u00eb Veliq.<\/p>\n<p>Sa ku i kishte marr\u00eb k\u00ebto para Kisha Serbe n\u00eb Kosov\u00eb, kush i kishte zotuar ato, kush kishte dh\u00ebn\u00eb leje p\u00ebr nj\u00eb gj\u00eb t\u00eb till\u00eb, dhe kush i kishte mbik\u00ebqyrur kontratat nuk e di as Branislav Tapushkoviq, avokat i Artemijes dhe Simeon Vilovskit.<\/p>\n<p>\u201cMe klient\u00ebt e mi kurr\u00eb nuk kam biseduar p\u00ebr k\u00ebto gj\u00ebra, k\u00ebshtu q\u00eb nuk e di se p\u00ebr \u00e7far\u00eb kontratash b\u00ebhet fjal\u00eb\u201d, ka th\u00ebn\u00eb Tapushkoviq.<\/p>\n<p>Bashk\u00ebpun\u00ebtori i ngusht\u00eb i Artemijes, prifti Damjan ka th\u00ebn\u00eb se peshkopi i shkarkuar nga Kisha Serbe nuk do t\u00eb prononcohet p\u00ebr k\u00ebt\u00eb gj\u00eb.<\/p>\n<p>Nd\u00ebrkaq, n\u00eb Kishen Serbe t\u00eb Kosov\u00ebs thon\u00eb se pyetjen duhet drejtuar n\u00eb Sinodin e Shenjt\u00eb t\u00eb Kish\u00ebs Ortodokse Serbe, q\u00eb \u00ebsht\u00eb marr\u00eb me pun\u00ebt e Kish\u00ebs Serbe n\u00eb Kosov\u00eb. Mir\u00ebpo, aty askush nuk ishte i gatsh\u00ebm t\u00eb prononcohej p\u00ebr financimin e lobist\u00ebve n\u00eb SHBA nga ana e Kish\u00ebs Serbe n\u00eb Kosov\u00eb.<\/p>\n<p>Dy kontratat e n\u00ebnshkruara me amerikan\u00ebt<\/p>\n<p>Kontrata e par\u00eb \u00ebsht\u00eb realizuar m\u00eb 22 mars t\u00eb vitit 2006, n\u00eb mes t\u00eb kompanis\u00eb s\u00eb avokatur\u00ebs \u201cVenable LLP\u201d, p\u00ebr t\u00eb cil\u00ebn punonte Jatras dhe K\u00ebshillit Nacional Serb t\u00eb Kosov\u00ebs.<\/p>\n<p>N\u00eb baz\u00eb t\u00eb kontrat\u00ebs, KNS obligohej q\u00eb n\u00eb 6 muaj t\u00eb ardhsh\u00ebm t\u2019i paguante k\u00ebsaj kompanie 600.000 dollar\u00eb.<\/p>\n<p>Kontrata e dyt\u00eb \u00ebsht\u00eb goxha misterioze. \u00cbsht\u00eb n\u00ebnshkruar m\u00eb 7 shkurt t\u00eb vitit 2007, mir\u00ebpo vet\u00ebm nga nj\u00ebra pal\u00eb.<\/p>\n<p>N\u00eb em\u00ebr t\u00eb zyr\u00ebs s\u00eb avokatur\u00ebs Squire Sanders Public Advocacy, LLC. \u00ebsht\u00eb n\u00ebnshkruar nj\u00eb person i quajtur Patrick E. O\u2019Donel. Pala tjet\u00ebr nuk e kishte n\u00ebnshkruar, mir\u00ebpo adresa mbetet e nj\u00ebjt\u00eb: prifti Simeon Vilovski, Manastiri Banjska, Kosov\u00eb.<\/p>\n<p>Pala serbe obligohej t\u2019u paguaj\u00eb lobist\u00ebve nga 100.000 dollar\u00eb n\u00eb muaj.<\/p>\n<p>Kjo kontrat\u00eb kishe validitetin trevje\u00e7ar, q\u00eb n\u00eb m\u00ebnyr\u00eb hipotetike n\u00ebnkupton se amerikan\u00ebve u \u00ebsht\u00eb paguar 3.6 milion\u00eb dollar\u00eb.<\/p>\n<p>\u00cbsht\u00eb interesant fakti se Jatras ka qen\u00eb i pun\u00ebsuar n\u00eb at\u00eb koh\u00eb edhe n\u00eb k\u00ebt\u00eb zyre t\u00eb avokatur\u00ebs.<\/p>\n<p>I kontaktuar nga kjo gazet\u00eb, Jantras ka shpjeguar se lobist\u00ebt amerikan\u00eb kund\u00ebr pavar\u00ebsis\u00eb s\u00eb Kosov\u00ebs kan\u00eb marr\u00eb nga Kisha Serbe e Kosov\u00ebs, respektivisht K\u00ebshilli Nacional Serb, vet\u00ebm 800.000 dollar\u00eb \u2013 nd\u00ebrsa e ka mbrojtur pun\u00ebn e tyre, duke th\u00ebn\u00eb se marr\u00eb parasysh sa von\u00eb jan\u00eb ky\u00e7ur n\u00eb k\u00ebt\u00eb \u201cmuhabet\u201d kan\u00eb arritur sukses t\u00eb madh. Sepse dy t\u00eb tretat e shteteve t\u00eb bot\u00ebs nuk e njohin pavar\u00ebsin\u00eb e Kosov\u00ebs.<\/p>\n<p>\u201cKy \u00ebsht\u00eb nj\u00eb kapital i madh politik i cili gjithsesi se mund t\u00eb shfryt\u00ebzohet\u201d, ka th\u00ebn\u00eb ai, transmeton Z\u00ebri.<\/p>\n","protected":false},"excerpt":{"rendered":"<p>Nga Korresp. 24-ore.com, 22.01.2011 Faktet e fundit t\u00eb publikuara nga mediat serbe tregojn\u00eb qart\u00eb se Kisha Ortodokse Serbe n\u00eb Kosov\u00eb nuk \u00ebsht\u00eb marr\u00eb asnj\u00ebher\u00eb me pun\u00ebt q\u00eb i takojn\u00eb \u2013 predikimin e fes\u00eb \u2013 por m\u00eb shum\u00eb m\u00eb \u00e7\u00ebshtjet politike, duke paguar lobist\u00ebt n\u00eb SHBA q\u00eb do t\u00eb kund\u00ebrshtonin pavar\u00ebsin\u00eb e Kosov\u00ebs. Kur n\u00eb krye [&hellip;]<\/p>\n","protected":false},"author":1,"featured_media":0,"comment_status":"open","ping_status":"closed","sticky":false,"template":"","format":"standard","meta":{"footnotes":""},"categories":[2],"tags":[],"class_list":{"0":"post-5877","1":"post","2":"type-post","3":"status-publish","4":"format-standard","6":"category-artikuj"},"yoast_head":"<!-- This site is optimized with the Yoast SEO plugin v27.4 - https:\/\/yoast.com\/product\/yoast-seo-wordpress\/ -->\n<title>Miliona dollar\u00eb kund\u00ebr pavar\u00ebsis\u00eb s\u00eb Kosov\u00ebs - FjALA e LIR\u00cb - Arkivi<\/title>\n<meta name=\"robots\" content=\"index, follow, max-snippet:-1, max-image-preview:large, max-video-preview:-1\" \/>\n<link rel=\"canonical\" href=\"https:\/\/fjala.info\/2009-2015\/miliona-dollare-kunder-pavaresise-se-kosoves\/\" \/>\n<meta property=\"og:locale\" content=\"sq_AL\" \/>\n<meta property=\"og:type\" content=\"article\" \/>\n<meta property=\"og:title\" content=\"Miliona dollar\u00eb kund\u00ebr pavar\u00ebsis\u00eb s\u00eb Kosov\u00ebs - FjALA e LIR\u00cb - Arkivi\" \/>\n<meta property=\"og:description\" content=\"Nga Korresp. 24-ore.com, 22.01.2011 Faktet e fundit t\u00eb publikuara nga mediat serbe tregojn\u00eb qart\u00eb se Kisha Ortodokse Serbe n\u00eb Kosov\u00eb nuk \u00ebsht\u00eb marr\u00eb asnj\u00ebher\u00eb me pun\u00ebt q\u00eb i takojn\u00eb \u2013 predikimin e fes\u00eb \u2013 por m\u00eb shum\u00eb m\u00eb \u00e7\u00ebshtjet politike, duke paguar lobist\u00ebt n\u00eb SHBA q\u00eb do t\u00eb kund\u00ebrshtonin pavar\u00ebsin\u00eb e Kosov\u00ebs. Kur n\u00eb krye [&hellip;]\" \/>\n<meta property=\"og:url\" content=\"https:\/\/fjala.info\/2009-2015\/miliona-dollare-kunder-pavaresise-se-kosoves\/\" \/>\n<meta property=\"og:site_name\" content=\"FjALA e LIR\u00cb - Arkivi\" \/>\n<meta property=\"article:published_time\" content=\"2011-01-26T10:09:56+00:00\" \/>\n<meta property=\"og:image\" content=\"http:\/\/fjala.shkoder.net\/wp-content\/uploads\/2011\/01\/krere_kisha_serbe-300x195.jpg\" \/>\n<meta name=\"author\" content=\"admin\" \/>\n<meta name=\"twitter:card\" content=\"summary_large_image\" \/>\n<meta name=\"twitter:label1\" content=\"Written by\" \/>\n\t<meta name=\"twitter:data1\" content=\"admin\" \/>\n\t<meta name=\"twitter:label2\" content=\"Est. reading time\" \/>\n\t<meta name=\"twitter:data2\" content=\"5 minutes\" \/>\n<script type=\"application\/ld+json\" class=\"yoast-schema-graph\">{\"@context\":\"https:\\\/\\\/schema.org\",\"@graph\":[{\"@type\":\"Article\",\"@id\":\"https:\\\/\\\/fjala.info\\\/2009-2015\\\/miliona-dollare-kunder-pavaresise-se-kosoves\\\/#article\",\"isPartOf\":{\"@id\":\"https:\\\/\\\/fjala.info\\\/2009-2015\\\/miliona-dollare-kunder-pavaresise-se-kosoves\\\/\"},\"author\":{\"name\":\"admin\",\"@id\":\"https:\\\/\\\/fjala.info\\\/2009-2015\\\/#\\\/schema\\\/person\\\/3aa1163ef05469c496fc94e77611ada2\"},\"headline\":\"Miliona dollar\u00eb kund\u00ebr pavar\u00ebsis\u00eb s\u00eb Kosov\u00ebs\",\"datePublished\":\"2011-01-26T10:09:56+00:00\",\"mainEntityOfPage\":{\"@id\":\"https:\\\/\\\/fjala.info\\\/2009-2015\\\/miliona-dollare-kunder-pavaresise-se-kosoves\\\/\"},\"wordCount\":909,\"commentCount\":0,\"publisher\":{\"@id\":\"https:\\\/\\\/fjala.info\\\/2009-2015\\\/#organization\"},\"image\":{\"@id\":\"https:\\\/\\\/fjala.info\\\/2009-2015\\\/miliona-dollare-kunder-pavaresise-se-kosoves\\\/#primaryimage\"},\"thumbnailUrl\":\"http:\\\/\\\/fjala.shkoder.net\\\/wp-content\\\/uploads\\\/2011\\\/01\\\/krere_kisha_serbe-300x195.jpg\",\"articleSection\":[\"Artikuj\"],\"inLanguage\":\"sq-AL\",\"potentialAction\":[{\"@type\":\"CommentAction\",\"name\":\"Comment\",\"target\":[\"https:\\\/\\\/fjala.info\\\/2009-2015\\\/miliona-dollare-kunder-pavaresise-se-kosoves\\\/#respond\"]}]},{\"@type\":\"WebPage\",\"@id\":\"https:\\\/\\\/fjala.info\\\/2009-2015\\\/miliona-dollare-kunder-pavaresise-se-kosoves\\\/\",\"url\":\"https:\\\/\\\/fjala.info\\\/2009-2015\\\/miliona-dollare-kunder-pavaresise-se-kosoves\\\/\",\"name\":\"Miliona dollar\u00eb kund\u00ebr pavar\u00ebsis\u00eb s\u00eb Kosov\u00ebs - FjALA e LIR\u00cb - Arkivi\",\"isPartOf\":{\"@id\":\"https:\\\/\\\/fjala.info\\\/2009-2015\\\/#website\"},\"primaryImageOfPage\":{\"@id\":\"https:\\\/\\\/fjala.info\\\/2009-2015\\\/miliona-dollare-kunder-pavaresise-se-kosoves\\\/#primaryimage\"},\"image\":{\"@id\":\"https:\\\/\\\/fjala.info\\\/2009-2015\\\/miliona-dollare-kunder-pavaresise-se-kosoves\\\/#primaryimage\"},\"thumbnailUrl\":\"http:\\\/\\\/fjala.shkoder.net\\\/wp-content\\\/uploads\\\/2011\\\/01\\\/krere_kisha_serbe-300x195.jpg\",\"datePublished\":\"2011-01-26T10:09:56+00:00\",\"breadcrumb\":{\"@id\":\"https:\\\/\\\/fjala.info\\\/2009-2015\\\/miliona-dollare-kunder-pavaresise-se-kosoves\\\/#breadcrumb\"},\"inLanguage\":\"sq-AL\",\"potentialAction\":[{\"@type\":\"ReadAction\",\"target\":[\"https:\\\/\\\/fjala.info\\\/2009-2015\\\/miliona-dollare-kunder-pavaresise-se-kosoves\\\/\"]}]},{\"@type\":\"ImageObject\",\"inLanguage\":\"sq-AL\",\"@id\":\"https:\\\/\\\/fjala.info\\\/2009-2015\\\/miliona-dollare-kunder-pavaresise-se-kosoves\\\/#primaryimage\",\"url\":\"http:\\\/\\\/fjala.shkoder.net\\\/wp-content\\\/uploads\\\/2011\\\/01\\\/krere_kisha_serbe-300x195.jpg\",\"contentUrl\":\"http:\\\/\\\/fjala.shkoder.net\\\/wp-content\\\/uploads\\\/2011\\\/01\\\/krere_kisha_serbe-300x195.jpg\"},{\"@type\":\"BreadcrumbList\",\"@id\":\"https:\\\/\\\/fjala.info\\\/2009-2015\\\/miliona-dollare-kunder-pavaresise-se-kosoves\\\/#breadcrumb\",\"itemListElement\":[{\"@type\":\"ListItem\",\"position\":1,\"name\":\"Home\",\"item\":\"https:\\\/\\\/fjala.info\\\/2009-2015\\\/\"},{\"@type\":\"ListItem\",\"position\":2,\"name\":\"Miliona dollar\u00eb kund\u00ebr pavar\u00ebsis\u00eb s\u00eb Kosov\u00ebs\"}]},{\"@type\":\"WebSite\",\"@id\":\"https:\\\/\\\/fjala.info\\\/2009-2015\\\/#website\",\"url\":\"https:\\\/\\\/fjala.info\\\/2009-2015\\\/\",\"name\":\"FjALA e LIR\u00cb - Arkivi\",\"description\":\"Arkivi 2009-2015\",\"publisher\":{\"@id\":\"https:\\\/\\\/fjala.info\\\/2009-2015\\\/#organization\"},\"potentialAction\":[{\"@type\":\"SearchAction\",\"target\":{\"@type\":\"EntryPoint\",\"urlTemplate\":\"https:\\\/\\\/fjala.info\\\/2009-2015\\\/?s={search_term_string}\"},\"query-input\":{\"@type\":\"PropertyValueSpecification\",\"valueRequired\":true,\"valueName\":\"search_term_string\"}}],\"inLanguage\":\"sq-AL\"},{\"@type\":\"Organization\",\"@id\":\"https:\\\/\\\/fjala.info\\\/2009-2015\\\/#organization\",\"name\":\"FjALA e LIR\u00cb - Arkivi\",\"url\":\"https:\\\/\\\/fjala.info\\\/2009-2015\\\/\",\"logo\":{\"@type\":\"ImageObject\",\"inLanguage\":\"sq-AL\",\"@id\":\"https:\\\/\\\/fjala.info\\\/2009-2015\\\/#\\\/schema\\\/logo\\\/image\\\/\",\"url\":\"\",\"contentUrl\":\"\",\"caption\":\"FjALA e LIR\u00cb - Arkivi\"},\"image\":{\"@id\":\"https:\\\/\\\/fjala.info\\\/2009-2015\\\/#\\\/schema\\\/logo\\\/image\\\/\"}},{\"@type\":\"Person\",\"@id\":\"https:\\\/\\\/fjala.info\\\/2009-2015\\\/#\\\/schema\\\/person\\\/3aa1163ef05469c496fc94e77611ada2\",\"name\":\"admin\",\"image\":{\"@type\":\"ImageObject\",\"inLanguage\":\"sq-AL\",\"@id\":\"https:\\\/\\\/fjala.info\\\/2009-2015\\\/wp-content\\\/uploads\\\/2012\\\/02\\\/arben_cokaj-120x150.jpg\",\"url\":\"https:\\\/\\\/fjala.info\\\/2009-2015\\\/wp-content\\\/uploads\\\/2012\\\/02\\\/arben_cokaj-120x150.jpg\",\"contentUrl\":\"https:\\\/\\\/fjala.info\\\/2009-2015\\\/wp-content\\\/uploads\\\/2012\\\/02\\\/arben_cokaj-120x150.jpg\",\"caption\":\"admin\"},\"description\":\"Admin, Fjala e Lir\u00eb\",\"sameAs\":[\"https:\\\/\\\/fjala.info\\\/\"],\"url\":\"https:\\\/\\\/fjala.info\\\/2009-2015\\\/author\\\/admin\\\/\"}]}<\/script>\n<!-- \/ Yoast SEO plugin. -->","yoast_head_json":{"title":"Miliona dollar\u00eb kund\u00ebr pavar\u00ebsis\u00eb s\u00eb Kosov\u00ebs - FjALA e LIR\u00cb - Arkivi","robots":{"index":"index","follow":"follow","max-snippet":"max-snippet:-1","max-image-preview":"max-image-preview:large","max-video-preview":"max-video-preview:-1"},"canonical":"https:\/\/fjala.info\/2009-2015\/miliona-dollare-kunder-pavaresise-se-kosoves\/","og_locale":"sq_AL","og_type":"article","og_title":"Miliona dollar\u00eb kund\u00ebr pavar\u00ebsis\u00eb s\u00eb Kosov\u00ebs - FjALA e LIR\u00cb - Arkivi","og_description":"Nga Korresp. 24-ore.com, 22.01.2011 Faktet e fundit t\u00eb publikuara nga mediat serbe tregojn\u00eb qart\u00eb se Kisha Ortodokse Serbe n\u00eb Kosov\u00eb nuk \u00ebsht\u00eb marr\u00eb asnj\u00ebher\u00eb me pun\u00ebt q\u00eb i takojn\u00eb \u2013 predikimin e fes\u00eb \u2013 por m\u00eb shum\u00eb m\u00eb \u00e7\u00ebshtjet politike, duke paguar lobist\u00ebt n\u00eb SHBA q\u00eb do t\u00eb kund\u00ebrshtonin pavar\u00ebsin\u00eb e Kosov\u00ebs. Kur n\u00eb krye [&hellip;]","og_url":"https:\/\/fjala.info\/2009-2015\/miliona-dollare-kunder-pavaresise-se-kosoves\/","og_site_name":"FjALA e LIR\u00cb - Arkivi","article_published_time":"2011-01-26T10:09:56+00:00","og_image":[{"url":"http:\/\/fjala.shkoder.net\/wp-content\/uploads\/2011\/01\/krere_kisha_serbe-300x195.jpg","type":"","width":"","height":""}],"author":"admin","twitter_card":"summary_large_image","twitter_misc":{"Written by":"admin","Est. reading time":"5 minutes"},"schema":{"@context":"https:\/\/schema.org","@graph":[{"@type":"Article","@id":"https:\/\/fjala.info\/2009-2015\/miliona-dollare-kunder-pavaresise-se-kosoves\/#article","isPartOf":{"@id":"https:\/\/fjala.info\/2009-2015\/miliona-dollare-kunder-pavaresise-se-kosoves\/"},"author":{"name":"admin","@id":"https:\/\/fjala.info\/2009-2015\/#\/schema\/person\/3aa1163ef05469c496fc94e77611ada2"},"headline":"Miliona dollar\u00eb kund\u00ebr pavar\u00ebsis\u00eb s\u00eb Kosov\u00ebs","datePublished":"2011-01-26T10:09:56+00:00","mainEntityOfPage":{"@id":"https:\/\/fjala.info\/2009-2015\/miliona-dollare-kunder-pavaresise-se-kosoves\/"},"wordCount":909,"commentCount":0,"publisher":{"@id":"https:\/\/fjala.info\/2009-2015\/#organization"},"image":{"@id":"https:\/\/fjala.info\/2009-2015\/miliona-dollare-kunder-pavaresise-se-kosoves\/#primaryimage"},"thumbnailUrl":"http:\/\/fjala.shkoder.net\/wp-content\/uploads\/2011\/01\/krere_kisha_serbe-300x195.jpg","articleSection":["Artikuj"],"inLanguage":"sq-AL","potentialAction":[{"@type":"CommentAction","name":"Comment","target":["https:\/\/fjala.info\/2009-2015\/miliona-dollare-kunder-pavaresise-se-kosoves\/#respond"]}]},{"@type":"WebPage","@id":"https:\/\/fjala.info\/2009-2015\/miliona-dollare-kunder-pavaresise-se-kosoves\/","url":"https:\/\/fjala.info\/2009-2015\/miliona-dollare-kunder-pavaresise-se-kosoves\/","name":"Miliona dollar\u00eb kund\u00ebr pavar\u00ebsis\u00eb s\u00eb Kosov\u00ebs - FjALA e LIR\u00cb - Arkivi","isPartOf":{"@id":"https:\/\/fjala.info\/2009-2015\/#website"},"primaryImageOfPage":{"@id":"https:\/\/fjala.info\/2009-2015\/miliona-dollare-kunder-pavaresise-se-kosoves\/#primaryimage"},"image":{"@id":"https:\/\/fjala.info\/2009-2015\/miliona-dollare-kunder-pavaresise-se-kosoves\/#primaryimage"},"thumbnailUrl":"http:\/\/fjala.shkoder.net\/wp-content\/uploads\/2011\/01\/krere_kisha_serbe-300x195.jpg","datePublished":"2011-01-26T10:09:56+00:00","breadcrumb":{"@id":"https:\/\/fjala.info\/2009-2015\/miliona-dollare-kunder-pavaresise-se-kosoves\/#breadcrumb"},"inLanguage":"sq-AL","potentialAction":[{"@type":"ReadAction","target":["https:\/\/fjala.info\/2009-2015\/miliona-dollare-kunder-pavaresise-se-kosoves\/"]}]},{"@type":"ImageObject","inLanguage":"sq-AL","@id":"https:\/\/fjala.info\/2009-2015\/miliona-dollare-kunder-pavaresise-se-kosoves\/#primaryimage","url":"http:\/\/fjala.shkoder.net\/wp-content\/uploads\/2011\/01\/krere_kisha_serbe-300x195.jpg","contentUrl":"http:\/\/fjala.shkoder.net\/wp-content\/uploads\/2011\/01\/krere_kisha_serbe-300x195.jpg"},{"@type":"BreadcrumbList","@id":"https:\/\/fjala.info\/2009-2015\/miliona-dollare-kunder-pavaresise-se-kosoves\/#breadcrumb","itemListElement":[{"@type":"ListItem","position":1,"name":"Home","item":"https:\/\/fjala.info\/2009-2015\/"},{"@type":"ListItem","position":2,"name":"Miliona dollar\u00eb kund\u00ebr pavar\u00ebsis\u00eb s\u00eb Kosov\u00ebs"}]},{"@type":"WebSite","@id":"https:\/\/fjala.info\/2009-2015\/#website","url":"https:\/\/fjala.info\/2009-2015\/","name":"FjALA e LIR\u00cb - Arkivi","description":"Arkivi 2009-2015","publisher":{"@id":"https:\/\/fjala.info\/2009-2015\/#organization"},"potentialAction":[{"@type":"SearchAction","target":{"@type":"EntryPoint","urlTemplate":"https:\/\/fjala.info\/2009-2015\/?s={search_term_string}"},"query-input":{"@type":"PropertyValueSpecification","valueRequired":true,"valueName":"search_term_string"}}],"inLanguage":"sq-AL"},{"@type":"Organization","@id":"https:\/\/fjala.info\/2009-2015\/#organization","name":"FjALA e LIR\u00cb - Arkivi","url":"https:\/\/fjala.info\/2009-2015\/","logo":{"@type":"ImageObject","inLanguage":"sq-AL","@id":"https:\/\/fjala.info\/2009-2015\/#\/schema\/logo\/image\/","url":"","contentUrl":"","caption":"FjALA e LIR\u00cb - Arkivi"},"image":{"@id":"https:\/\/fjala.info\/2009-2015\/#\/schema\/logo\/image\/"}},{"@type":"Person","@id":"https:\/\/fjala.info\/2009-2015\/#\/schema\/person\/3aa1163ef05469c496fc94e77611ada2","name":"admin","image":{"@type":"ImageObject","inLanguage":"sq-AL","@id":"https:\/\/fjala.info\/2009-2015\/wp-content\/uploads\/2012\/02\/arben_cokaj-120x150.jpg","url":"https:\/\/fjala.info\/2009-2015\/wp-content\/uploads\/2012\/02\/arben_cokaj-120x150.jpg","contentUrl":"https:\/\/fjala.info\/2009-2015\/wp-content\/uploads\/2012\/02\/arben_cokaj-120x150.jpg","caption":"admin"},"description":"Admin, Fjala e Lir\u00eb","sameAs":["https:\/\/fjala.info\/"],"url":"https:\/\/fjala.info\/2009-2015\/author\/admin\/"}]}},"_links":{"self":[{"href":"https:\/\/fjala.info\/2009-2015\/wp-json\/wp\/v2\/posts\/5877","targetHints":{"allow":["GET"]}}],"collection":[{"href":"https:\/\/fjala.info\/2009-2015\/wp-json\/wp\/v2\/posts"}],"about":[{"href":"https:\/\/fjala.info\/2009-2015\/wp-json\/wp\/v2\/types\/post"}],"author":[{"embeddable":true,"href":"https:\/\/fjala.info\/2009-2015\/wp-json\/wp\/v2\/users\/1"}],"replies":[{"embeddable":true,"href":"https:\/\/fjala.info\/2009-2015\/wp-json\/wp\/v2\/comments?post=5877"}],"version-history":[{"count":0,"href":"https:\/\/fjala.info\/2009-2015\/wp-json\/wp\/v2\/posts\/5877\/revisions"}],"wp:attachment":[{"href":"https:\/\/fjala.info\/2009-2015\/wp-json\/wp\/v2\/media?parent=5877"}],"wp:term":[{"taxonomy":"category","embeddable":true,"href":"https:\/\/fjala.info\/2009-2015\/wp-json\/wp\/v2\/categories?post=5877"},{"taxonomy":"post_tag","embeddable":true,"href":"https:\/\/fjala.info\/2009-2015\/wp-json\/wp\/v2\/tags?post=5877"}],"curies":[{"name":"wp","href":"https:\/\/api.w.org\/{rel}","templated":true}]}}