{"id":5874,"date":"2011-01-25T22:04:12","date_gmt":"2011-01-25T21:04:12","guid":{"rendered":"http:\/\/fjala.shkoder.net\/?p=5874"},"modified":"2011-01-25T22:04:12","modified_gmt":"2011-01-25T21:04:12","slug":"majko-berisha-tek-forca-e-armatosura-eshte-precedent-i-rrezikshem","status":"publish","type":"post","link":"https:\/\/fjala.info\/2009-2015\/majko-berisha-tek-forca-e-armatosura-eshte-precedent-i-rrezikshem\/","title":{"rendered":"Majko: Berisha tek Forca e Armatosura \u00ebsht\u00eb precedent i rreziksh\u00ebm"},"content":{"rendered":"<p><img loading=\"lazy\" decoding=\"async\" class=\"alignright size-medium wp-image-5875\" title=\"Pandeli Majko\" src=\"http:\/\/fjala.shkoder.net\/wp-content\/uploads\/2011\/01\/pandeli_majko1-300x225.jpg\" alt=\"\" width=\"300\" height=\"225\" \/>Nga <strong>Korresp. 24-ore.com<\/strong><\/p>\n<p>Deputeti i Partis\u00eb Socialiste, Pandeli Majko ka deklaruar se kryeministri Berisha nuk duhet t\u2019i keqp\u00ebrdor\u00eb Forcat e Armatosura t\u00eb vendit.<br \/>\nN\u00eb nj\u00eb bashk\u00ebbisedim me gazetar\u00ebt, Majko \u00ebsht\u00eb shprehur se implikimi i institucioneve ushtarake n\u00eb q\u00ebndrime politike \u00ebsht\u00eb nj\u00eb veprim i gabuar.<\/p>\n<p>\u201cK\u00ebrkesa e Berish\u00ebs p\u00ebr t\u00eb orjentuar nj\u00eb orjentim politik t\u00eb FA \u00ebsht\u00eb nj\u00eb vendim i gabuar. Mendoj se me FA, nj\u00eb nga institucionet me t\u00eb cilat shqiptar\u00ebt mund t\u00eb krenohen, na takon t\u00eb gjith\u00ebve t\u00eb mbrojm\u00eb k\u00ebt\u00eb aset dhe jo ta keqp\u00ebrdorim. \u00cbsht\u00eb normale q\u00eb kryeministri t\u00eb takohet me krer\u00ebt e gard\u00ebs dhe policis\u00eb, por cilidoqoft\u00eb pozicioni politik i kryeministrit, \u00ebsht\u00eb anti-kushtetuese t\u00eb implikoj\u00eb FA n\u00eb q\u00ebndrimet e tij politike\u201d, ka deklaruar Majko.<\/p>\n<p>Ish-ministri i Mbrojtjes ka theksuar se nga nj\u00eb keqp\u00ebrdorim i till\u00eb Shqip\u00ebria e ka p\u00ebsuar n\u00eb t\u00eb kaluar\u00ebn dhe p\u00ebr t\u00eb shmangur degradimin e situat\u00ebs ka b\u00ebr\u00eb thirrje p\u00ebr analizimin e saj me gjakftoht\u00ebsi.<\/p>\n<p>\u201cShqip\u00ebria ka kaluar eksperienca t\u00eb hidhura kur ushtria \u00ebsht\u00eb keqp\u00ebrdorur dhe sot n\u00eb krye t\u00eb Ministris\u00eb s\u00eb Mbrojtjes \u00ebsht\u00eb shembulli m\u00eb i keq. Ajo q\u00eb po ndodh sot n\u00eb Shqip\u00ebri k\u00ebrkon gjakftoht\u00ebsi, komunikim dhe nj\u00eb zgjidhje p\u00ebr qytetar\u00ebt shqiptar\u00eb\u201d, ka pohuar Majko.<\/p>\n<p>\u201cFtoj presidentin e Republik\u00ebs q\u00eb t\u00eb nd\u00ebrhyj\u00eb. N\u00ebse do t\u00eb kishim nj\u00eb puc, kryeministri duhet t\u00eb kishte mbledhur K\u00ebshillin e Siguris\u00eb Komb\u00ebtare. Por kryeministri po ec\u00ebn n\u00eb nj\u00eb rrug\u00eb t\u00eb gabuar, q\u00eb p\u00ebr fat t\u00eb keq e ka b\u00ebr\u00eb nj\u00ebher\u00eb\u201d, ka shtuar ai.<\/p>\n","protected":false},"excerpt":{"rendered":"<p>Nga Korresp. 24-ore.com Deputeti i Partis\u00eb Socialiste, Pandeli Majko ka deklaruar se kryeministri Berisha nuk duhet t\u2019i keqp\u00ebrdor\u00eb Forcat e Armatosura t\u00eb vendit. N\u00eb nj\u00eb bashk\u00ebbisedim me gazetar\u00ebt, Majko \u00ebsht\u00eb shprehur se implikimi i institucioneve ushtarake n\u00eb q\u00ebndrime politike \u00ebsht\u00eb nj\u00eb veprim i gabuar. \u201cK\u00ebrkesa e Berish\u00ebs p\u00ebr t\u00eb orjentuar nj\u00eb orjentim politik t\u00eb FA [&hellip;]<\/p>\n","protected":false},"author":1,"featured_media":0,"comment_status":"open","ping_status":"closed","sticky":false,"template":"","format":"standard","meta":{"footnotes":""},"categories":[2],"tags":[],"class_list":{"0":"post-5874","1":"post","2":"type-post","3":"status-publish","4":"format-standard","6":"category-artikuj"},"yoast_head":"<!-- This site is optimized with the Yoast SEO plugin v27.4 - https:\/\/yoast.com\/product\/yoast-seo-wordpress\/ -->\n<title>Majko: Berisha tek Forca e Armatosura \u00ebsht\u00eb precedent i rreziksh\u00ebm - FjALA e LIR\u00cb - Arkivi<\/title>\n<meta name=\"robots\" content=\"index, follow, max-snippet:-1, max-image-preview:large, max-video-preview:-1\" \/>\n<link rel=\"canonical\" href=\"https:\/\/fjala.info\/2009-2015\/majko-berisha-tek-forca-e-armatosura-eshte-precedent-i-rrezikshem\/\" \/>\n<meta property=\"og:locale\" content=\"sq_AL\" \/>\n<meta property=\"og:type\" content=\"article\" \/>\n<meta property=\"og:title\" content=\"Majko: Berisha tek Forca e Armatosura \u00ebsht\u00eb precedent i rreziksh\u00ebm - FjALA e LIR\u00cb - Arkivi\" \/>\n<meta property=\"og:description\" content=\"Nga Korresp. 24-ore.com Deputeti i Partis\u00eb Socialiste, Pandeli Majko ka deklaruar se kryeministri Berisha nuk duhet t\u2019i keqp\u00ebrdor\u00eb Forcat e Armatosura t\u00eb vendit. N\u00eb nj\u00eb bashk\u00ebbisedim me gazetar\u00ebt, Majko \u00ebsht\u00eb shprehur se implikimi i institucioneve ushtarake n\u00eb q\u00ebndrime politike \u00ebsht\u00eb nj\u00eb veprim i gabuar. \u201cK\u00ebrkesa e Berish\u00ebs p\u00ebr t\u00eb orjentuar nj\u00eb orjentim politik t\u00eb FA [&hellip;]\" \/>\n<meta property=\"og:url\" content=\"https:\/\/fjala.info\/2009-2015\/majko-berisha-tek-forca-e-armatosura-eshte-precedent-i-rrezikshem\/\" \/>\n<meta property=\"og:site_name\" content=\"FjALA e LIR\u00cb - Arkivi\" \/>\n<meta property=\"article:published_time\" content=\"2011-01-25T21:04:12+00:00\" \/>\n<meta property=\"og:image\" content=\"http:\/\/fjala.shkoder.net\/wp-content\/uploads\/2011\/01\/pandeli_majko1-300x225.jpg\" \/>\n<meta name=\"author\" content=\"admin\" \/>\n<meta name=\"twitter:card\" content=\"summary_large_image\" \/>\n<meta name=\"twitter:label1\" content=\"Written by\" \/>\n\t<meta name=\"twitter:data1\" content=\"admin\" \/>\n\t<meta name=\"twitter:label2\" content=\"Est. reading time\" \/>\n\t<meta name=\"twitter:data2\" content=\"1 minute\" \/>\n<script type=\"application\/ld+json\" class=\"yoast-schema-graph\">{\"@context\":\"https:\\\/\\\/schema.org\",\"@graph\":[{\"@type\":\"Article\",\"@id\":\"https:\\\/\\\/fjala.info\\\/2009-2015\\\/majko-berisha-tek-forca-e-armatosura-eshte-precedent-i-rrezikshem\\\/#article\",\"isPartOf\":{\"@id\":\"https:\\\/\\\/fjala.info\\\/2009-2015\\\/majko-berisha-tek-forca-e-armatosura-eshte-precedent-i-rrezikshem\\\/\"},\"author\":{\"name\":\"admin\",\"@id\":\"https:\\\/\\\/fjala.info\\\/2009-2015\\\/#\\\/schema\\\/person\\\/3aa1163ef05469c496fc94e77611ada2\"},\"headline\":\"Majko: Berisha tek Forca e Armatosura \u00ebsht\u00eb precedent i rreziksh\u00ebm\",\"datePublished\":\"2011-01-25T21:04:12+00:00\",\"mainEntityOfPage\":{\"@id\":\"https:\\\/\\\/fjala.info\\\/2009-2015\\\/majko-berisha-tek-forca-e-armatosura-eshte-precedent-i-rrezikshem\\\/\"},\"wordCount\":288,\"commentCount\":0,\"publisher\":{\"@id\":\"https:\\\/\\\/fjala.info\\\/2009-2015\\\/#organization\"},\"image\":{\"@id\":\"https:\\\/\\\/fjala.info\\\/2009-2015\\\/majko-berisha-tek-forca-e-armatosura-eshte-precedent-i-rrezikshem\\\/#primaryimage\"},\"thumbnailUrl\":\"http:\\\/\\\/fjala.shkoder.net\\\/wp-content\\\/uploads\\\/2011\\\/01\\\/pandeli_majko1-300x225.jpg\",\"articleSection\":[\"Artikuj\"],\"inLanguage\":\"sq-AL\",\"potentialAction\":[{\"@type\":\"CommentAction\",\"name\":\"Comment\",\"target\":[\"https:\\\/\\\/fjala.info\\\/2009-2015\\\/majko-berisha-tek-forca-e-armatosura-eshte-precedent-i-rrezikshem\\\/#respond\"]}]},{\"@type\":\"WebPage\",\"@id\":\"https:\\\/\\\/fjala.info\\\/2009-2015\\\/majko-berisha-tek-forca-e-armatosura-eshte-precedent-i-rrezikshem\\\/\",\"url\":\"https:\\\/\\\/fjala.info\\\/2009-2015\\\/majko-berisha-tek-forca-e-armatosura-eshte-precedent-i-rrezikshem\\\/\",\"name\":\"Majko: Berisha tek Forca e Armatosura \u00ebsht\u00eb precedent i rreziksh\u00ebm - FjALA e LIR\u00cb - Arkivi\",\"isPartOf\":{\"@id\":\"https:\\\/\\\/fjala.info\\\/2009-2015\\\/#website\"},\"primaryImageOfPage\":{\"@id\":\"https:\\\/\\\/fjala.info\\\/2009-2015\\\/majko-berisha-tek-forca-e-armatosura-eshte-precedent-i-rrezikshem\\\/#primaryimage\"},\"image\":{\"@id\":\"https:\\\/\\\/fjala.info\\\/2009-2015\\\/majko-berisha-tek-forca-e-armatosura-eshte-precedent-i-rrezikshem\\\/#primaryimage\"},\"thumbnailUrl\":\"http:\\\/\\\/fjala.shkoder.net\\\/wp-content\\\/uploads\\\/2011\\\/01\\\/pandeli_majko1-300x225.jpg\",\"datePublished\":\"2011-01-25T21:04:12+00:00\",\"breadcrumb\":{\"@id\":\"https:\\\/\\\/fjala.info\\\/2009-2015\\\/majko-berisha-tek-forca-e-armatosura-eshte-precedent-i-rrezikshem\\\/#breadcrumb\"},\"inLanguage\":\"sq-AL\",\"potentialAction\":[{\"@type\":\"ReadAction\",\"target\":[\"https:\\\/\\\/fjala.info\\\/2009-2015\\\/majko-berisha-tek-forca-e-armatosura-eshte-precedent-i-rrezikshem\\\/\"]}]},{\"@type\":\"ImageObject\",\"inLanguage\":\"sq-AL\",\"@id\":\"https:\\\/\\\/fjala.info\\\/2009-2015\\\/majko-berisha-tek-forca-e-armatosura-eshte-precedent-i-rrezikshem\\\/#primaryimage\",\"url\":\"http:\\\/\\\/fjala.shkoder.net\\\/wp-content\\\/uploads\\\/2011\\\/01\\\/pandeli_majko1-300x225.jpg\",\"contentUrl\":\"http:\\\/\\\/fjala.shkoder.net\\\/wp-content\\\/uploads\\\/2011\\\/01\\\/pandeli_majko1-300x225.jpg\"},{\"@type\":\"BreadcrumbList\",\"@id\":\"https:\\\/\\\/fjala.info\\\/2009-2015\\\/majko-berisha-tek-forca-e-armatosura-eshte-precedent-i-rrezikshem\\\/#breadcrumb\",\"itemListElement\":[{\"@type\":\"ListItem\",\"position\":1,\"name\":\"Home\",\"item\":\"https:\\\/\\\/fjala.info\\\/2009-2015\\\/\"},{\"@type\":\"ListItem\",\"position\":2,\"name\":\"Majko: Berisha tek Forca e Armatosura \u00ebsht\u00eb precedent i rreziksh\u00ebm\"}]},{\"@type\":\"WebSite\",\"@id\":\"https:\\\/\\\/fjala.info\\\/2009-2015\\\/#website\",\"url\":\"https:\\\/\\\/fjala.info\\\/2009-2015\\\/\",\"name\":\"FjALA e LIR\u00cb - Arkivi\",\"description\":\"Arkivi 2009-2015\",\"publisher\":{\"@id\":\"https:\\\/\\\/fjala.info\\\/2009-2015\\\/#organization\"},\"potentialAction\":[{\"@type\":\"SearchAction\",\"target\":{\"@type\":\"EntryPoint\",\"urlTemplate\":\"https:\\\/\\\/fjala.info\\\/2009-2015\\\/?s={search_term_string}\"},\"query-input\":{\"@type\":\"PropertyValueSpecification\",\"valueRequired\":true,\"valueName\":\"search_term_string\"}}],\"inLanguage\":\"sq-AL\"},{\"@type\":\"Organization\",\"@id\":\"https:\\\/\\\/fjala.info\\\/2009-2015\\\/#organization\",\"name\":\"FjALA e LIR\u00cb - Arkivi\",\"url\":\"https:\\\/\\\/fjala.info\\\/2009-2015\\\/\",\"logo\":{\"@type\":\"ImageObject\",\"inLanguage\":\"sq-AL\",\"@id\":\"https:\\\/\\\/fjala.info\\\/2009-2015\\\/#\\\/schema\\\/logo\\\/image\\\/\",\"url\":\"\",\"contentUrl\":\"\",\"caption\":\"FjALA e LIR\u00cb - Arkivi\"},\"image\":{\"@id\":\"https:\\\/\\\/fjala.info\\\/2009-2015\\\/#\\\/schema\\\/logo\\\/image\\\/\"}},{\"@type\":\"Person\",\"@id\":\"https:\\\/\\\/fjala.info\\\/2009-2015\\\/#\\\/schema\\\/person\\\/3aa1163ef05469c496fc94e77611ada2\",\"name\":\"admin\",\"image\":{\"@type\":\"ImageObject\",\"inLanguage\":\"sq-AL\",\"@id\":\"https:\\\/\\\/fjala.info\\\/2009-2015\\\/wp-content\\\/uploads\\\/2012\\\/02\\\/arben_cokaj-120x150.jpg\",\"url\":\"https:\\\/\\\/fjala.info\\\/2009-2015\\\/wp-content\\\/uploads\\\/2012\\\/02\\\/arben_cokaj-120x150.jpg\",\"contentUrl\":\"https:\\\/\\\/fjala.info\\\/2009-2015\\\/wp-content\\\/uploads\\\/2012\\\/02\\\/arben_cokaj-120x150.jpg\",\"caption\":\"admin\"},\"description\":\"Admin, Fjala e Lir\u00eb\",\"sameAs\":[\"https:\\\/\\\/fjala.info\\\/\"],\"url\":\"https:\\\/\\\/fjala.info\\\/2009-2015\\\/author\\\/admin\\\/\"}]}<\/script>\n<!-- \/ Yoast SEO plugin. -->","yoast_head_json":{"title":"Majko: Berisha tek Forca e Armatosura \u00ebsht\u00eb precedent i rreziksh\u00ebm - FjALA e LIR\u00cb - Arkivi","robots":{"index":"index","follow":"follow","max-snippet":"max-snippet:-1","max-image-preview":"max-image-preview:large","max-video-preview":"max-video-preview:-1"},"canonical":"https:\/\/fjala.info\/2009-2015\/majko-berisha-tek-forca-e-armatosura-eshte-precedent-i-rrezikshem\/","og_locale":"sq_AL","og_type":"article","og_title":"Majko: Berisha tek Forca e Armatosura \u00ebsht\u00eb precedent i rreziksh\u00ebm - FjALA e LIR\u00cb - Arkivi","og_description":"Nga Korresp. 24-ore.com Deputeti i Partis\u00eb Socialiste, Pandeli Majko ka deklaruar se kryeministri Berisha nuk duhet t\u2019i keqp\u00ebrdor\u00eb Forcat e Armatosura t\u00eb vendit. N\u00eb nj\u00eb bashk\u00ebbisedim me gazetar\u00ebt, Majko \u00ebsht\u00eb shprehur se implikimi i institucioneve ushtarake n\u00eb q\u00ebndrime politike \u00ebsht\u00eb nj\u00eb veprim i gabuar. \u201cK\u00ebrkesa e Berish\u00ebs p\u00ebr t\u00eb orjentuar nj\u00eb orjentim politik t\u00eb FA [&hellip;]","og_url":"https:\/\/fjala.info\/2009-2015\/majko-berisha-tek-forca-e-armatosura-eshte-precedent-i-rrezikshem\/","og_site_name":"FjALA e LIR\u00cb - Arkivi","article_published_time":"2011-01-25T21:04:12+00:00","og_image":[{"url":"http:\/\/fjala.shkoder.net\/wp-content\/uploads\/2011\/01\/pandeli_majko1-300x225.jpg","type":"","width":"","height":""}],"author":"admin","twitter_card":"summary_large_image","twitter_misc":{"Written by":"admin","Est. reading time":"1 minute"},"schema":{"@context":"https:\/\/schema.org","@graph":[{"@type":"Article","@id":"https:\/\/fjala.info\/2009-2015\/majko-berisha-tek-forca-e-armatosura-eshte-precedent-i-rrezikshem\/#article","isPartOf":{"@id":"https:\/\/fjala.info\/2009-2015\/majko-berisha-tek-forca-e-armatosura-eshte-precedent-i-rrezikshem\/"},"author":{"name":"admin","@id":"https:\/\/fjala.info\/2009-2015\/#\/schema\/person\/3aa1163ef05469c496fc94e77611ada2"},"headline":"Majko: Berisha tek Forca e Armatosura \u00ebsht\u00eb precedent i rreziksh\u00ebm","datePublished":"2011-01-25T21:04:12+00:00","mainEntityOfPage":{"@id":"https:\/\/fjala.info\/2009-2015\/majko-berisha-tek-forca-e-armatosura-eshte-precedent-i-rrezikshem\/"},"wordCount":288,"commentCount":0,"publisher":{"@id":"https:\/\/fjala.info\/2009-2015\/#organization"},"image":{"@id":"https:\/\/fjala.info\/2009-2015\/majko-berisha-tek-forca-e-armatosura-eshte-precedent-i-rrezikshem\/#primaryimage"},"thumbnailUrl":"http:\/\/fjala.shkoder.net\/wp-content\/uploads\/2011\/01\/pandeli_majko1-300x225.jpg","articleSection":["Artikuj"],"inLanguage":"sq-AL","potentialAction":[{"@type":"CommentAction","name":"Comment","target":["https:\/\/fjala.info\/2009-2015\/majko-berisha-tek-forca-e-armatosura-eshte-precedent-i-rrezikshem\/#respond"]}]},{"@type":"WebPage","@id":"https:\/\/fjala.info\/2009-2015\/majko-berisha-tek-forca-e-armatosura-eshte-precedent-i-rrezikshem\/","url":"https:\/\/fjala.info\/2009-2015\/majko-berisha-tek-forca-e-armatosura-eshte-precedent-i-rrezikshem\/","name":"Majko: Berisha tek Forca e Armatosura \u00ebsht\u00eb precedent i rreziksh\u00ebm - FjALA e LIR\u00cb - Arkivi","isPartOf":{"@id":"https:\/\/fjala.info\/2009-2015\/#website"},"primaryImageOfPage":{"@id":"https:\/\/fjala.info\/2009-2015\/majko-berisha-tek-forca-e-armatosura-eshte-precedent-i-rrezikshem\/#primaryimage"},"image":{"@id":"https:\/\/fjala.info\/2009-2015\/majko-berisha-tek-forca-e-armatosura-eshte-precedent-i-rrezikshem\/#primaryimage"},"thumbnailUrl":"http:\/\/fjala.shkoder.net\/wp-content\/uploads\/2011\/01\/pandeli_majko1-300x225.jpg","datePublished":"2011-01-25T21:04:12+00:00","breadcrumb":{"@id":"https:\/\/fjala.info\/2009-2015\/majko-berisha-tek-forca-e-armatosura-eshte-precedent-i-rrezikshem\/#breadcrumb"},"inLanguage":"sq-AL","potentialAction":[{"@type":"ReadAction","target":["https:\/\/fjala.info\/2009-2015\/majko-berisha-tek-forca-e-armatosura-eshte-precedent-i-rrezikshem\/"]}]},{"@type":"ImageObject","inLanguage":"sq-AL","@id":"https:\/\/fjala.info\/2009-2015\/majko-berisha-tek-forca-e-armatosura-eshte-precedent-i-rrezikshem\/#primaryimage","url":"http:\/\/fjala.shkoder.net\/wp-content\/uploads\/2011\/01\/pandeli_majko1-300x225.jpg","contentUrl":"http:\/\/fjala.shkoder.net\/wp-content\/uploads\/2011\/01\/pandeli_majko1-300x225.jpg"},{"@type":"BreadcrumbList","@id":"https:\/\/fjala.info\/2009-2015\/majko-berisha-tek-forca-e-armatosura-eshte-precedent-i-rrezikshem\/#breadcrumb","itemListElement":[{"@type":"ListItem","position":1,"name":"Home","item":"https:\/\/fjala.info\/2009-2015\/"},{"@type":"ListItem","position":2,"name":"Majko: Berisha tek Forca e Armatosura \u00ebsht\u00eb precedent i rreziksh\u00ebm"}]},{"@type":"WebSite","@id":"https:\/\/fjala.info\/2009-2015\/#website","url":"https:\/\/fjala.info\/2009-2015\/","name":"FjALA e LIR\u00cb - Arkivi","description":"Arkivi 2009-2015","publisher":{"@id":"https:\/\/fjala.info\/2009-2015\/#organization"},"potentialAction":[{"@type":"SearchAction","target":{"@type":"EntryPoint","urlTemplate":"https:\/\/fjala.info\/2009-2015\/?s={search_term_string}"},"query-input":{"@type":"PropertyValueSpecification","valueRequired":true,"valueName":"search_term_string"}}],"inLanguage":"sq-AL"},{"@type":"Organization","@id":"https:\/\/fjala.info\/2009-2015\/#organization","name":"FjALA e LIR\u00cb - Arkivi","url":"https:\/\/fjala.info\/2009-2015\/","logo":{"@type":"ImageObject","inLanguage":"sq-AL","@id":"https:\/\/fjala.info\/2009-2015\/#\/schema\/logo\/image\/","url":"","contentUrl":"","caption":"FjALA e LIR\u00cb - Arkivi"},"image":{"@id":"https:\/\/fjala.info\/2009-2015\/#\/schema\/logo\/image\/"}},{"@type":"Person","@id":"https:\/\/fjala.info\/2009-2015\/#\/schema\/person\/3aa1163ef05469c496fc94e77611ada2","name":"admin","image":{"@type":"ImageObject","inLanguage":"sq-AL","@id":"https:\/\/fjala.info\/2009-2015\/wp-content\/uploads\/2012\/02\/arben_cokaj-120x150.jpg","url":"https:\/\/fjala.info\/2009-2015\/wp-content\/uploads\/2012\/02\/arben_cokaj-120x150.jpg","contentUrl":"https:\/\/fjala.info\/2009-2015\/wp-content\/uploads\/2012\/02\/arben_cokaj-120x150.jpg","caption":"admin"},"description":"Admin, Fjala e Lir\u00eb","sameAs":["https:\/\/fjala.info\/"],"url":"https:\/\/fjala.info\/2009-2015\/author\/admin\/"}]}},"_links":{"self":[{"href":"https:\/\/fjala.info\/2009-2015\/wp-json\/wp\/v2\/posts\/5874","targetHints":{"allow":["GET"]}}],"collection":[{"href":"https:\/\/fjala.info\/2009-2015\/wp-json\/wp\/v2\/posts"}],"about":[{"href":"https:\/\/fjala.info\/2009-2015\/wp-json\/wp\/v2\/types\/post"}],"author":[{"embeddable":true,"href":"https:\/\/fjala.info\/2009-2015\/wp-json\/wp\/v2\/users\/1"}],"replies":[{"embeddable":true,"href":"https:\/\/fjala.info\/2009-2015\/wp-json\/wp\/v2\/comments?post=5874"}],"version-history":[{"count":0,"href":"https:\/\/fjala.info\/2009-2015\/wp-json\/wp\/v2\/posts\/5874\/revisions"}],"wp:attachment":[{"href":"https:\/\/fjala.info\/2009-2015\/wp-json\/wp\/v2\/media?parent=5874"}],"wp:term":[{"taxonomy":"category","embeddable":true,"href":"https:\/\/fjala.info\/2009-2015\/wp-json\/wp\/v2\/categories?post=5874"},{"taxonomy":"post_tag","embeddable":true,"href":"https:\/\/fjala.info\/2009-2015\/wp-json\/wp\/v2\/tags?post=5874"}],"curies":[{"name":"wp","href":"https:\/\/api.w.org\/{rel}","templated":true}]}}