{"id":5867,"date":"2011-01-24T22:44:30","date_gmt":"2011-01-24T21:44:30","guid":{"rendered":"http:\/\/fjala.shkoder.net\/?p=5867"},"modified":"2011-01-24T22:44:30","modified_gmt":"2011-01-24T21:44:30","slug":"duartrokitje-per-kufomen","status":"publish","type":"post","link":"https:\/\/fjala.info\/2009-2015\/duartrokitje-per-kufomen\/","title":{"rendered":"Duartrokitje p\u00ebr kufom\u00ebn"},"content":{"rendered":"<p><img loading=\"lazy\" decoding=\"async\" src=\"http:\/\/fjala.shkoder.net\/wp-content\/uploads\/2010\/10\/mero_baze1.jpg\" alt=\"\" title=\"Mero Baze\" width=\"149\" height=\"200\" class=\"alignright size-full wp-image-4090\" \/><br \/>\nNga <strong>Mero Baze<\/strong><\/p>\n<p>Shumica parlamentare e kryeministrit Sali Berisha u posht\u00ebrua publikisht t\u00eb diel\u00ebn n\u00eb mbr\u00ebmje n\u00eb seanc\u00ebn e jasht\u00ebzakonshme t\u00eb Kuvendit, e thirrur p\u00ebr t\u00eb n\u00ebnshkruar luft\u00ebn ndaj gjith\u00eb pushteteve t\u00eb tjera n\u00eb vend, ndaj atij gjyq\u00ebsor, Presidentit dhe medies s\u00eb lir\u00eb. Nuk dua t\u00eb ndalem tek hapat e shpejt\u00eb me t\u00eb cilat Sali Berisha po p\u00ebrpiqet t\u00eb ringjall\u00eb kronologjin\u00eb e vitit 1997. <\/p>\n<p>Nuk ka nevoj\u00eb as t\u00eb komentoj \u00e7mendurit\u00eb e tij kund\u00ebr kryeprokurores, kryetarit t\u00eb sh\u00ebrbimit informativ, presidentit dhe gazetar\u00ebve q\u00eb kan\u00eb mbuluar ngjarjet e 21 Janarit. Dua t\u00eb ndalem tek nj\u00eb detaj trondit\u00ebs nga seanca e jasht\u00ebzakonshme, e cila tregon shum\u00eb sa posht\u00eb ka r\u00ebn\u00eb dinjiteti i nj\u00eb deputeti t\u00eb zakonsh\u00ebm shqiptar. Ishte momenti kur fliste Ilir Meta, njeriu p\u00ebr bllokun e ryshfeteve t\u00eb t\u00eb cilit po digjet Shqip\u00ebria. <\/p>\n<p>P\u00ebr miliona shqiptar\u00eb n\u00eb at\u00eb koh\u00eb ai q\u00eb fliste ishte nj\u00eb fytyr\u00eb e urryer, nj\u00eb hajdut perfekt i kapur me presh n\u00eb duar duke b\u00ebr\u00eb pazare p\u00ebr miliona n\u00eb zyrat e shtetit shqiptar. P\u00ebr miliona shqiptar\u00eb t\u00eb majt\u00eb e t\u00eb djatht\u00eb, kur flet privatisht, ai \u00ebsht\u00eb nj\u00eb njeri q\u00eb nuk duhet t\u00eb ket\u00eb m\u00eb vend, jo m\u00eb n\u00eb politik\u00ebn shqiptare dhe n\u00eb pushtet, por as n\u00eb radh\u00ebt e qytetar\u00ebve t\u00eb lir\u00eb. E pra, t\u00eb diel\u00ebn n\u00eb mbr\u00ebmje nuk m\u00eb kishte shkuar mendja se ekzistonte nj\u00eb cop\u00eb toke n\u00eb Shqip\u00ebri ku ky njeri nuk urrehej si hajdut, por duartrokitej si hero. <\/p>\n<p>Ajo ishte gjysma e territorit t\u00eb sall\u00ebs s\u00eb Kuvendit t\u00eb Shqip\u00ebris\u00eb, n\u00eb pjes\u00ebn ku ulen deputet\u00ebt e Partis\u00eb Demokratike. Ilir Meta fliste  dhe hak\u00ebrrehej ndaj liderit t\u00eb opozit\u00ebs, e mallkonte at\u00eb bashke m\u00eb t\u00eb gjall\u00ebt dhe t\u00eb vdekurit e tij, dhe rreth 70 burra e gra t\u00eb pafytyr\u00eb, pa em\u00ebr e pa dinjitet e duartrokisnin. Kam koh\u00eb q\u00eb kur takoj demokrat\u00eb apo socialist\u00eb kam vet\u00ebm nj\u00eb pik\u00eb t\u00eb p\u00ebrbashk\u00ebt me ta, q\u00eb Ilir Meta \u00ebsht\u00eb hajdut. <\/p>\n<p>Kam koh\u00eb q\u00eb takoj deputet\u00eb t\u00eb PD-s\u00eb, q\u00eb privatisht t\u00eb thon\u00eb se po b\u00ebhen kurban p\u00ebr kok\u00ebn e Ilir Met\u00ebs. Kam koh\u00eb q\u00eb nuk gjej njeri n\u00eb k\u00ebt\u00eb vend t\u00eb mbroj at\u00eb q\u00eb ka b\u00ebr\u00eb ky zyrtar me paret e qytetar\u00ebve shqiptar\u00eb. Por t\u00eb diel\u00ebn n\u00eb mbr\u00ebmje kam par\u00eb di\u00e7ka q\u00eb nuk do ta harroj kurr\u00eb. N\u00eb nj\u00eb sall\u00eb gjys\u00ebm t\u00eb mbushur, deputet\u00ebt e partis\u00eb m\u00eb t\u00eb madhe n\u00eb pushtet, partis\u00eb e cila ka p\u00ebrmbysur komunizmin dhe ka nj\u00eb shpres\u00eb p\u00ebr miliona shqiptar\u00eb, ishin zvog\u00ebluar nga tmerri i asaj q\u00eb po ndodhte dhe t\u00eb strukur n\u00eb karriget e tyre prisnin tu nxirrte frik\u00ebn nj\u00eb njeri, Ilir Meta. <\/p>\n<p>Nj\u00eb parti e madhe, dinjitoze, nj\u00eb parti q\u00eb ka b\u00ebr\u00eb histori n\u00eb k\u00ebt\u00eb vend, ishte katandisur t\u00eb diel\u00ebn n\u00eb mbr\u00ebmje n\u00eb nj\u00eb \u00e7et\u00eb frikacake q\u00eb priste t\u2019i nxirrte frik\u00ebn z\u00ebvend\u00ebs-kryehajduti i Shqip\u00ebris\u00eb. Duartrokitjet e tyre at\u00eb mbasdite t\u00eb diele, do t\u00eb kujtohen gjat\u00eb n\u00eb historin\u00eb e politik\u00ebs shqiptare, si posht\u00ebrim i parlamentarizmit. Rrall\u00ebher\u00eb deputet\u00ebt e nj\u00eb parlamenti t\u00eb lir\u00eb mund t\u00eb duartrokasin. Duartrokitjet e deputet\u00ebve ishte nj\u00eb gjest i parlamentit komunist, q\u00eb njoftonte hyrjen n\u00eb sall\u00eb t\u00eb Enver Hoxh\u00ebs apo fillimin dhe fundin e fjalimit t\u00eb tij. <\/p>\n<p>Pas 20 vjet\u00ebsh n\u00eb sall\u00ebn e atij Kuvendi duartrokitjet u kthyen fatkeq\u00ebsisht nga partia q\u00eb ka p\u00ebrmbysur komunizmin, p\u00ebr nj\u00eb  figurin\u00eb q\u00eb tashm\u00eb ka p\u00ebrfunduar n\u00eb koshin e plehrave t\u00eb historis\u00eb si hajdut. Un\u00eb nuk e di \u00e7\u2019do t\u00eb thon\u00eb nes\u00ebr ata deputet\u00eb kur t\u00eb jen\u00eb njer\u00ebz t\u00eb lir\u00eb, por di t\u00eb them se \u00e7do demokrat i ndersh\u00ebm shqiptar t\u00eb diel\u00ebn n\u00eb mbr\u00ebmje \u00ebsht\u00eb ndjer\u00eb i turp\u00ebruar nga duartrokitjet e p\u00ebrfaq\u00ebsuesve t\u00eb tyre t\u00eb zgjedhur p\u00ebr Ilir Met\u00ebn. PD ka plot probleme t\u00eb saj. Ka t\u00eb gjall\u00ebt dhe t\u00eb vdekurit e saj, ka d\u00ebshtimet dhe sukseset e saj. <\/p>\n<p>\u00cbsht\u00eb e turpshme q\u00eb n\u00eb vitin 2011 ajo t\u00eb ket\u00eb vet\u00ebm nj\u00eb hero, p\u00ebr t\u00eb cil\u00ebn \u00ebsht\u00eb gati t\u00eb fus\u00eb Shqip\u00ebrin\u00eb n\u00eb luft\u00eb, Ilir Met\u00ebn. Nuk di si ndjehen ato familje demokrat\u00ebsh q\u00eb Ilir Meta u ka vrar\u00eb djemt\u00eb n\u00eb Komisariatin e Tropoj\u00ebs, pasi shpresoj q\u00eb ato nuk jan\u00eb t\u00eb pacipa si Familja Berisha q\u00eb e ha turpin me buk\u00eb. Nuk di si ndjehen ata deputet\u00eb q\u00eb kan\u00eb qen\u00eb t\u00eb diel\u00ebn n\u00eb mbr\u00ebmje t\u00eb detyruar t\u00eb duartrokasin Ilir Met\u00ebn, pasi nuk besoj se ata jan\u00eb pjes\u00eb e vjedhjeve dhe pla\u00e7kitjes s\u00eb vendit si familja Meta dhe Berisha. <\/p>\n<p>Nuk di si ndjehen ata mij\u00ebra demokrat\u00eb q\u00eb shkojn\u00eb tashm\u00eb si hero t\u00eb tyre Ilir Met\u00ebn dhe si armiq t\u00eb vendit t\u00eb tyre Presidentin, Kryeprokurore, Kryetarin e SHIK, ambasador\u00ebt e huaj, medien e lir\u00eb dhe gjithk\u00ebnd tjet\u00ebr q\u00eb k\u00ebrkon d\u00ebnimin e hajdut\u00ebve dhe vras\u00ebsve n\u00eb k\u00ebt\u00eb vend. Di t\u00eb them se ky vend kurr\u00eb nuk ka qen\u00eb m\u00eb i posht\u00ebruar nga nj\u00eb hajdut, si\u00e7 \u00ebsht\u00eb sot. Di t\u00eb them se ky vend kurr\u00eb nuk ka qen\u00eb n\u00eb prag t\u00eb nj\u00eb grushti shteti si\u00e7 \u00ebsht\u00eb sot, kur kryeministri i ka shpallur luft\u00eb gjith\u00eb institucioneve. <\/p>\n<p>Di t\u00eb them se ky vend nuk ka qen\u00eb prej 1997 kurr\u00eb m\u00eb af\u00ebr se sot n\u00eb prag t\u00eb luft\u00ebs civile dhe v\u00ebllavrasjes. Dhe kur mendon se e gjitha kjo po ndodh vet\u00ebm p\u00ebr shkak t\u00eb bllokut t\u00eb Ilir Met\u00ebs, ku \u00ebsht\u00eb gdhendur axhenda e hajdut\u00ebris\u00eb dhe pla\u00e7kitjes s\u00eb k\u00ebtij vendi,  e kupton pse duartrokitjet e shumic\u00ebs n\u00eb Kuvend p\u00ebr k\u00ebt\u00eb kufom\u00eb, ndajn\u00eb Shqip\u00ebrin\u00eb normale dhe dinjitoze, nga nj\u00eb pakic\u00eb n\u00eb pushtet e posht\u00ebruar nga Familja Berisha Meta. <\/p>\n<p>Shum\u00eb njer\u00ebz ishin tronditur nga fakti se deputet\u00ebt duartrokisnin dit\u00ebn q\u00eb n\u00eb tok\u00eb u p\u00ebrcoll\u00ebn tri kufoma. Edhe pse e r\u00ebnd\u00eb, kjo gj\u00eb nuk m\u00eb trondit kur e b\u00ebjn\u00eb ata q\u00eb kan\u00eb vrar\u00eb me gjakftoht\u00ebsi. Un\u00eb u trondita m\u00eb shum\u00eb nga fakti q\u00eb ata duartrokisnin Kufom\u00ebn e politik\u00ebs shqiptare q\u00eb \u00ebsht\u00eb gjall\u00eb. Ky \u00ebsht\u00eb fundi i PD-s\u00eb.<\/p>\n","protected":false},"excerpt":{"rendered":"<p>Nga Mero Baze Shumica parlamentare e kryeministrit Sali Berisha u posht\u00ebrua publikisht t\u00eb diel\u00ebn n\u00eb mbr\u00ebmje n\u00eb seanc\u00ebn e jasht\u00ebzakonshme t\u00eb Kuvendit, e thirrur p\u00ebr t\u00eb n\u00ebnshkruar luft\u00ebn ndaj gjith\u00eb pushteteve t\u00eb tjera n\u00eb vend, ndaj atij gjyq\u00ebsor, Presidentit dhe medies s\u00eb lir\u00eb. Nuk dua t\u00eb ndalem tek hapat e shpejt\u00eb me t\u00eb cilat Sali [&hellip;]<\/p>\n","protected":false},"author":1,"featured_media":0,"comment_status":"open","ping_status":"closed","sticky":false,"template":"","format":"standard","meta":{"footnotes":""},"categories":[2],"tags":[],"class_list":{"0":"post-5867","1":"post","2":"type-post","3":"status-publish","4":"format-standard","6":"category-artikuj"},"yoast_head":"<!-- This site is optimized with the Yoast SEO plugin v27.4 - https:\/\/yoast.com\/product\/yoast-seo-wordpress\/ -->\n<title>Duartrokitje p\u00ebr kufom\u00ebn - FjALA e LIR\u00cb - Arkivi<\/title>\n<meta name=\"robots\" content=\"index, follow, max-snippet:-1, max-image-preview:large, max-video-preview:-1\" \/>\n<link rel=\"canonical\" href=\"https:\/\/fjala.info\/2009-2015\/duartrokitje-per-kufomen\/\" \/>\n<meta property=\"og:locale\" content=\"sq_AL\" \/>\n<meta property=\"og:type\" content=\"article\" \/>\n<meta property=\"og:title\" content=\"Duartrokitje p\u00ebr kufom\u00ebn - FjALA e LIR\u00cb - Arkivi\" \/>\n<meta property=\"og:description\" content=\"Nga Mero Baze Shumica parlamentare e kryeministrit Sali Berisha u posht\u00ebrua publikisht t\u00eb diel\u00ebn n\u00eb mbr\u00ebmje n\u00eb seanc\u00ebn e jasht\u00ebzakonshme t\u00eb Kuvendit, e thirrur p\u00ebr t\u00eb n\u00ebnshkruar luft\u00ebn ndaj gjith\u00eb pushteteve t\u00eb tjera n\u00eb vend, ndaj atij gjyq\u00ebsor, Presidentit dhe medies s\u00eb lir\u00eb. Nuk dua t\u00eb ndalem tek hapat e shpejt\u00eb me t\u00eb cilat Sali [&hellip;]\" \/>\n<meta property=\"og:url\" content=\"https:\/\/fjala.info\/2009-2015\/duartrokitje-per-kufomen\/\" \/>\n<meta property=\"og:site_name\" content=\"FjALA e LIR\u00cb - Arkivi\" \/>\n<meta property=\"article:published_time\" content=\"2011-01-24T21:44:30+00:00\" \/>\n<meta property=\"og:image\" content=\"http:\/\/fjala.shkoder.net\/wp-content\/uploads\/2010\/10\/mero_baze1.jpg\" \/>\n<meta name=\"author\" content=\"admin\" \/>\n<meta name=\"twitter:card\" content=\"summary_large_image\" \/>\n<meta name=\"twitter:label1\" content=\"Written by\" \/>\n\t<meta name=\"twitter:data1\" content=\"admin\" \/>\n\t<meta name=\"twitter:label2\" content=\"Est. reading time\" \/>\n\t<meta name=\"twitter:data2\" content=\"5 minutes\" \/>\n<script type=\"application\/ld+json\" class=\"yoast-schema-graph\">{\"@context\":\"https:\\\/\\\/schema.org\",\"@graph\":[{\"@type\":\"Article\",\"@id\":\"https:\\\/\\\/fjala.info\\\/2009-2015\\\/duartrokitje-per-kufomen\\\/#article\",\"isPartOf\":{\"@id\":\"https:\\\/\\\/fjala.info\\\/2009-2015\\\/duartrokitje-per-kufomen\\\/\"},\"author\":{\"name\":\"admin\",\"@id\":\"https:\\\/\\\/fjala.info\\\/2009-2015\\\/#\\\/schema\\\/person\\\/3aa1163ef05469c496fc94e77611ada2\"},\"headline\":\"Duartrokitje p\u00ebr kufom\u00ebn\",\"datePublished\":\"2011-01-24T21:44:30+00:00\",\"mainEntityOfPage\":{\"@id\":\"https:\\\/\\\/fjala.info\\\/2009-2015\\\/duartrokitje-per-kufomen\\\/\"},\"wordCount\":1059,\"commentCount\":0,\"publisher\":{\"@id\":\"https:\\\/\\\/fjala.info\\\/2009-2015\\\/#organization\"},\"image\":{\"@id\":\"https:\\\/\\\/fjala.info\\\/2009-2015\\\/duartrokitje-per-kufomen\\\/#primaryimage\"},\"thumbnailUrl\":\"http:\\\/\\\/fjala.shkoder.net\\\/wp-content\\\/uploads\\\/2010\\\/10\\\/mero_baze1.jpg\",\"articleSection\":[\"Artikuj\"],\"inLanguage\":\"sq-AL\",\"potentialAction\":[{\"@type\":\"CommentAction\",\"name\":\"Comment\",\"target\":[\"https:\\\/\\\/fjala.info\\\/2009-2015\\\/duartrokitje-per-kufomen\\\/#respond\"]}]},{\"@type\":\"WebPage\",\"@id\":\"https:\\\/\\\/fjala.info\\\/2009-2015\\\/duartrokitje-per-kufomen\\\/\",\"url\":\"https:\\\/\\\/fjala.info\\\/2009-2015\\\/duartrokitje-per-kufomen\\\/\",\"name\":\"Duartrokitje p\u00ebr kufom\u00ebn - FjALA e LIR\u00cb - Arkivi\",\"isPartOf\":{\"@id\":\"https:\\\/\\\/fjala.info\\\/2009-2015\\\/#website\"},\"primaryImageOfPage\":{\"@id\":\"https:\\\/\\\/fjala.info\\\/2009-2015\\\/duartrokitje-per-kufomen\\\/#primaryimage\"},\"image\":{\"@id\":\"https:\\\/\\\/fjala.info\\\/2009-2015\\\/duartrokitje-per-kufomen\\\/#primaryimage\"},\"thumbnailUrl\":\"http:\\\/\\\/fjala.shkoder.net\\\/wp-content\\\/uploads\\\/2010\\\/10\\\/mero_baze1.jpg\",\"datePublished\":\"2011-01-24T21:44:30+00:00\",\"breadcrumb\":{\"@id\":\"https:\\\/\\\/fjala.info\\\/2009-2015\\\/duartrokitje-per-kufomen\\\/#breadcrumb\"},\"inLanguage\":\"sq-AL\",\"potentialAction\":[{\"@type\":\"ReadAction\",\"target\":[\"https:\\\/\\\/fjala.info\\\/2009-2015\\\/duartrokitje-per-kufomen\\\/\"]}]},{\"@type\":\"ImageObject\",\"inLanguage\":\"sq-AL\",\"@id\":\"https:\\\/\\\/fjala.info\\\/2009-2015\\\/duartrokitje-per-kufomen\\\/#primaryimage\",\"url\":\"http:\\\/\\\/fjala.shkoder.net\\\/wp-content\\\/uploads\\\/2010\\\/10\\\/mero_baze1.jpg\",\"contentUrl\":\"http:\\\/\\\/fjala.shkoder.net\\\/wp-content\\\/uploads\\\/2010\\\/10\\\/mero_baze1.jpg\"},{\"@type\":\"BreadcrumbList\",\"@id\":\"https:\\\/\\\/fjala.info\\\/2009-2015\\\/duartrokitje-per-kufomen\\\/#breadcrumb\",\"itemListElement\":[{\"@type\":\"ListItem\",\"position\":1,\"name\":\"Home\",\"item\":\"https:\\\/\\\/fjala.info\\\/2009-2015\\\/\"},{\"@type\":\"ListItem\",\"position\":2,\"name\":\"Duartrokitje p\u00ebr kufom\u00ebn\"}]},{\"@type\":\"WebSite\",\"@id\":\"https:\\\/\\\/fjala.info\\\/2009-2015\\\/#website\",\"url\":\"https:\\\/\\\/fjala.info\\\/2009-2015\\\/\",\"name\":\"FjALA e LIR\u00cb - Arkivi\",\"description\":\"Arkivi 2009-2015\",\"publisher\":{\"@id\":\"https:\\\/\\\/fjala.info\\\/2009-2015\\\/#organization\"},\"potentialAction\":[{\"@type\":\"SearchAction\",\"target\":{\"@type\":\"EntryPoint\",\"urlTemplate\":\"https:\\\/\\\/fjala.info\\\/2009-2015\\\/?s={search_term_string}\"},\"query-input\":{\"@type\":\"PropertyValueSpecification\",\"valueRequired\":true,\"valueName\":\"search_term_string\"}}],\"inLanguage\":\"sq-AL\"},{\"@type\":\"Organization\",\"@id\":\"https:\\\/\\\/fjala.info\\\/2009-2015\\\/#organization\",\"name\":\"FjALA e LIR\u00cb - Arkivi\",\"url\":\"https:\\\/\\\/fjala.info\\\/2009-2015\\\/\",\"logo\":{\"@type\":\"ImageObject\",\"inLanguage\":\"sq-AL\",\"@id\":\"https:\\\/\\\/fjala.info\\\/2009-2015\\\/#\\\/schema\\\/logo\\\/image\\\/\",\"url\":\"\",\"contentUrl\":\"\",\"caption\":\"FjALA e LIR\u00cb - Arkivi\"},\"image\":{\"@id\":\"https:\\\/\\\/fjala.info\\\/2009-2015\\\/#\\\/schema\\\/logo\\\/image\\\/\"}},{\"@type\":\"Person\",\"@id\":\"https:\\\/\\\/fjala.info\\\/2009-2015\\\/#\\\/schema\\\/person\\\/3aa1163ef05469c496fc94e77611ada2\",\"name\":\"admin\",\"image\":{\"@type\":\"ImageObject\",\"inLanguage\":\"sq-AL\",\"@id\":\"https:\\\/\\\/fjala.info\\\/2009-2015\\\/wp-content\\\/uploads\\\/2012\\\/02\\\/arben_cokaj-120x150.jpg\",\"url\":\"https:\\\/\\\/fjala.info\\\/2009-2015\\\/wp-content\\\/uploads\\\/2012\\\/02\\\/arben_cokaj-120x150.jpg\",\"contentUrl\":\"https:\\\/\\\/fjala.info\\\/2009-2015\\\/wp-content\\\/uploads\\\/2012\\\/02\\\/arben_cokaj-120x150.jpg\",\"caption\":\"admin\"},\"description\":\"Admin, Fjala e Lir\u00eb\",\"sameAs\":[\"https:\\\/\\\/fjala.info\\\/\"],\"url\":\"https:\\\/\\\/fjala.info\\\/2009-2015\\\/author\\\/admin\\\/\"}]}<\/script>\n<!-- \/ Yoast SEO plugin. -->","yoast_head_json":{"title":"Duartrokitje p\u00ebr kufom\u00ebn - FjALA e LIR\u00cb - Arkivi","robots":{"index":"index","follow":"follow","max-snippet":"max-snippet:-1","max-image-preview":"max-image-preview:large","max-video-preview":"max-video-preview:-1"},"canonical":"https:\/\/fjala.info\/2009-2015\/duartrokitje-per-kufomen\/","og_locale":"sq_AL","og_type":"article","og_title":"Duartrokitje p\u00ebr kufom\u00ebn - FjALA e LIR\u00cb - Arkivi","og_description":"Nga Mero Baze Shumica parlamentare e kryeministrit Sali Berisha u posht\u00ebrua publikisht t\u00eb diel\u00ebn n\u00eb mbr\u00ebmje n\u00eb seanc\u00ebn e jasht\u00ebzakonshme t\u00eb Kuvendit, e thirrur p\u00ebr t\u00eb n\u00ebnshkruar luft\u00ebn ndaj gjith\u00eb pushteteve t\u00eb tjera n\u00eb vend, ndaj atij gjyq\u00ebsor, Presidentit dhe medies s\u00eb lir\u00eb. Nuk dua t\u00eb ndalem tek hapat e shpejt\u00eb me t\u00eb cilat Sali [&hellip;]","og_url":"https:\/\/fjala.info\/2009-2015\/duartrokitje-per-kufomen\/","og_site_name":"FjALA e LIR\u00cb - Arkivi","article_published_time":"2011-01-24T21:44:30+00:00","og_image":[{"url":"http:\/\/fjala.shkoder.net\/wp-content\/uploads\/2010\/10\/mero_baze1.jpg","type":"","width":"","height":""}],"author":"admin","twitter_card":"summary_large_image","twitter_misc":{"Written by":"admin","Est. reading time":"5 minutes"},"schema":{"@context":"https:\/\/schema.org","@graph":[{"@type":"Article","@id":"https:\/\/fjala.info\/2009-2015\/duartrokitje-per-kufomen\/#article","isPartOf":{"@id":"https:\/\/fjala.info\/2009-2015\/duartrokitje-per-kufomen\/"},"author":{"name":"admin","@id":"https:\/\/fjala.info\/2009-2015\/#\/schema\/person\/3aa1163ef05469c496fc94e77611ada2"},"headline":"Duartrokitje p\u00ebr kufom\u00ebn","datePublished":"2011-01-24T21:44:30+00:00","mainEntityOfPage":{"@id":"https:\/\/fjala.info\/2009-2015\/duartrokitje-per-kufomen\/"},"wordCount":1059,"commentCount":0,"publisher":{"@id":"https:\/\/fjala.info\/2009-2015\/#organization"},"image":{"@id":"https:\/\/fjala.info\/2009-2015\/duartrokitje-per-kufomen\/#primaryimage"},"thumbnailUrl":"http:\/\/fjala.shkoder.net\/wp-content\/uploads\/2010\/10\/mero_baze1.jpg","articleSection":["Artikuj"],"inLanguage":"sq-AL","potentialAction":[{"@type":"CommentAction","name":"Comment","target":["https:\/\/fjala.info\/2009-2015\/duartrokitje-per-kufomen\/#respond"]}]},{"@type":"WebPage","@id":"https:\/\/fjala.info\/2009-2015\/duartrokitje-per-kufomen\/","url":"https:\/\/fjala.info\/2009-2015\/duartrokitje-per-kufomen\/","name":"Duartrokitje p\u00ebr kufom\u00ebn - FjALA e LIR\u00cb - Arkivi","isPartOf":{"@id":"https:\/\/fjala.info\/2009-2015\/#website"},"primaryImageOfPage":{"@id":"https:\/\/fjala.info\/2009-2015\/duartrokitje-per-kufomen\/#primaryimage"},"image":{"@id":"https:\/\/fjala.info\/2009-2015\/duartrokitje-per-kufomen\/#primaryimage"},"thumbnailUrl":"http:\/\/fjala.shkoder.net\/wp-content\/uploads\/2010\/10\/mero_baze1.jpg","datePublished":"2011-01-24T21:44:30+00:00","breadcrumb":{"@id":"https:\/\/fjala.info\/2009-2015\/duartrokitje-per-kufomen\/#breadcrumb"},"inLanguage":"sq-AL","potentialAction":[{"@type":"ReadAction","target":["https:\/\/fjala.info\/2009-2015\/duartrokitje-per-kufomen\/"]}]},{"@type":"ImageObject","inLanguage":"sq-AL","@id":"https:\/\/fjala.info\/2009-2015\/duartrokitje-per-kufomen\/#primaryimage","url":"http:\/\/fjala.shkoder.net\/wp-content\/uploads\/2010\/10\/mero_baze1.jpg","contentUrl":"http:\/\/fjala.shkoder.net\/wp-content\/uploads\/2010\/10\/mero_baze1.jpg"},{"@type":"BreadcrumbList","@id":"https:\/\/fjala.info\/2009-2015\/duartrokitje-per-kufomen\/#breadcrumb","itemListElement":[{"@type":"ListItem","position":1,"name":"Home","item":"https:\/\/fjala.info\/2009-2015\/"},{"@type":"ListItem","position":2,"name":"Duartrokitje p\u00ebr kufom\u00ebn"}]},{"@type":"WebSite","@id":"https:\/\/fjala.info\/2009-2015\/#website","url":"https:\/\/fjala.info\/2009-2015\/","name":"FjALA e LIR\u00cb - Arkivi","description":"Arkivi 2009-2015","publisher":{"@id":"https:\/\/fjala.info\/2009-2015\/#organization"},"potentialAction":[{"@type":"SearchAction","target":{"@type":"EntryPoint","urlTemplate":"https:\/\/fjala.info\/2009-2015\/?s={search_term_string}"},"query-input":{"@type":"PropertyValueSpecification","valueRequired":true,"valueName":"search_term_string"}}],"inLanguage":"sq-AL"},{"@type":"Organization","@id":"https:\/\/fjala.info\/2009-2015\/#organization","name":"FjALA e LIR\u00cb - Arkivi","url":"https:\/\/fjala.info\/2009-2015\/","logo":{"@type":"ImageObject","inLanguage":"sq-AL","@id":"https:\/\/fjala.info\/2009-2015\/#\/schema\/logo\/image\/","url":"","contentUrl":"","caption":"FjALA e LIR\u00cb - Arkivi"},"image":{"@id":"https:\/\/fjala.info\/2009-2015\/#\/schema\/logo\/image\/"}},{"@type":"Person","@id":"https:\/\/fjala.info\/2009-2015\/#\/schema\/person\/3aa1163ef05469c496fc94e77611ada2","name":"admin","image":{"@type":"ImageObject","inLanguage":"sq-AL","@id":"https:\/\/fjala.info\/2009-2015\/wp-content\/uploads\/2012\/02\/arben_cokaj-120x150.jpg","url":"https:\/\/fjala.info\/2009-2015\/wp-content\/uploads\/2012\/02\/arben_cokaj-120x150.jpg","contentUrl":"https:\/\/fjala.info\/2009-2015\/wp-content\/uploads\/2012\/02\/arben_cokaj-120x150.jpg","caption":"admin"},"description":"Admin, Fjala e Lir\u00eb","sameAs":["https:\/\/fjala.info\/"],"url":"https:\/\/fjala.info\/2009-2015\/author\/admin\/"}]}},"_links":{"self":[{"href":"https:\/\/fjala.info\/2009-2015\/wp-json\/wp\/v2\/posts\/5867","targetHints":{"allow":["GET"]}}],"collection":[{"href":"https:\/\/fjala.info\/2009-2015\/wp-json\/wp\/v2\/posts"}],"about":[{"href":"https:\/\/fjala.info\/2009-2015\/wp-json\/wp\/v2\/types\/post"}],"author":[{"embeddable":true,"href":"https:\/\/fjala.info\/2009-2015\/wp-json\/wp\/v2\/users\/1"}],"replies":[{"embeddable":true,"href":"https:\/\/fjala.info\/2009-2015\/wp-json\/wp\/v2\/comments?post=5867"}],"version-history":[{"count":0,"href":"https:\/\/fjala.info\/2009-2015\/wp-json\/wp\/v2\/posts\/5867\/revisions"}],"wp:attachment":[{"href":"https:\/\/fjala.info\/2009-2015\/wp-json\/wp\/v2\/media?parent=5867"}],"wp:term":[{"taxonomy":"category","embeddable":true,"href":"https:\/\/fjala.info\/2009-2015\/wp-json\/wp\/v2\/categories?post=5867"},{"taxonomy":"post_tag","embeddable":true,"href":"https:\/\/fjala.info\/2009-2015\/wp-json\/wp\/v2\/tags?post=5867"}],"curies":[{"name":"wp","href":"https:\/\/api.w.org\/{rel}","templated":true}]}}