{"id":5865,"date":"2012-11-12T21:24:15","date_gmt":"2012-11-12T20:24:15","guid":{"rendered":"http:\/\/www.fjala.info\/?p=5865"},"modified":"2012-11-12T21:24:15","modified_gmt":"2012-11-12T20:24:15","slug":"15-e-familjeve-shqiptare-jetojne-me-lista","status":"publish","type":"post","link":"https:\/\/fjala.info\/2009-2015\/15-e-familjeve-shqiptare-jetojne-me-lista\/","title":{"rendered":"15% e familjeve shqiptare jetojn\u00eb me lista"},"content":{"rendered":"<p><img decoding=\"async\" class=\"alignright size-thumbnail wp-image-7236\" title=\"Shqiptar\u00ebt me lista\" src=\"http:\/\/www.fjala.info\/2012\/shqiptare_me_lista.jpg\" alt=\"\" width=\"300\" \/> <strong>TemA Online<\/strong>, <em>12 N\u00ebntor 2012<\/em><\/p>\n<p>Nj\u00eb vrojtim i fundit i Bank\u00ebs s\u00eb Shqip\u00ebris\u00eb mbi gjendjen financiare t\u00eb individ\u00ebve hedh p\u00ebr her\u00eb t\u00eb par\u00eb drit\u00eb mbi nj\u00eb fenomen shqet\u00ebsues por t\u00eb njohur t\u00eb ekonomis\u00eb shqiptare, t\u00eb ashtuquajturat listat e buk\u00ebs.<\/p>\n<p>Vrojtimi i kryer mbi nj\u00eb kampion prej 1200 familjesh tregon se 31 p\u00ebr qind jan\u00eb n\u00eb borxh dhe nga k\u00ebto familje huamarr\u00ebse, 15 p\u00ebr qind prej tyre e kan\u00eb marr\u00eb borxhin n\u00eb dyqane. E vendosur n\u00eb nivel komb\u00ebtar me t\u00eb nj\u00ebjtat raporte, shifra prodhon nj\u00eb rezultat shqet\u00ebsues, sipas t\u00eb cilit nga rreth 900 mij\u00eb familje q\u00eb ka ekonomia shqiptare, afro 45 mij\u00eb prej tyre kan\u00eb emrin n\u00eb listat e dyqaneve.<\/p>\n<p>Huamarrja informale \u00ebsht\u00eb nj\u00eb fenomen i p\u00ebrhapur n\u00eb ekonomin\u00eb shqiptare. Sipas Bank\u00ebs s\u00eb Shqip\u00ebris\u00eb, m\u00eb shum\u00eb se gjysma e familjeve shqiptare q\u00eb kan\u00eb aktualisht nj\u00eb borxh p\u00ebr t\u00eb shlyer, ose 54 p\u00ebr qind e tyre, e kan\u00eb marr\u00eb at\u00eb prej burimeve informale jasht\u00eb sistemit bankar dhe kryesisht tek persona t\u00eb tjer\u00eb fizik\u00eb, q\u00eb mund t\u00eb jen\u00eb t\u00eb af\u00ebrm apo t\u00eb njohur.<\/p>\n<p>Por huamarrja n\u00ebp\u00ebr dyqane mbetet forma m\u00eb shqet\u00ebsuese, pasi lidhet drejtp\u00ebrdrejt\u00eb me nevojat m\u00eb jetike si borxh mbijetese. N\u00eb pamund\u00ebsi p\u00ebr t\u00eb mbuluar shpenzimet baz\u00eb p\u00ebr ushqime, k\u00ebto familje detyrohet t\u2019i marrin ato pa para duke akumuluar borxh n\u00eb pikat e tregtimit. Qeveria shqiptare asiston rreth 140 mij\u00eb familje p\u00ebrmes ndihm\u00ebs ekonomike, por k\u00ebto shifra tregojn\u00eb se rreth 32 p\u00ebr qind e tyre nuk munden q\u00eb t\u00eb plot\u00ebsojn\u00eb dot as nevojat m\u00eb jetike. \/<em>TCH<\/em><\/p>\n","protected":false},"excerpt":{"rendered":"<p>TemA Online, 12 N\u00ebntor 2012 Nj\u00eb vrojtim i fundit i Bank\u00ebs s\u00eb Shqip\u00ebris\u00eb mbi gjendjen financiare t\u00eb individ\u00ebve hedh p\u00ebr her\u00eb t\u00eb par\u00eb drit\u00eb mbi nj\u00eb fenomen shqet\u00ebsues por t\u00eb njohur t\u00eb ekonomis\u00eb shqiptare, t\u00eb ashtuquajturat listat e buk\u00ebs. Vrojtimi i kryer mbi nj\u00eb kampion prej 1200 familjesh tregon se 31 p\u00ebr qind jan\u00eb n\u00eb [&hellip;]<\/p>\n","protected":false},"author":1,"featured_media":0,"comment_status":"open","ping_status":"closed","sticky":false,"template":"","format":"standard","meta":{"footnotes":""},"categories":[2],"tags":[],"class_list":{"0":"post-5865","1":"post","2":"type-post","3":"status-publish","4":"format-standard","6":"category-artikuj"},"yoast_head":"<!-- This site is optimized with the Yoast SEO plugin v27.4 - https:\/\/yoast.com\/product\/yoast-seo-wordpress\/ -->\n<title>15% e familjeve shqiptare jetojn\u00eb me lista - FjALA e LIR\u00cb - Arkivi<\/title>\n<meta name=\"robots\" content=\"index, follow, max-snippet:-1, max-image-preview:large, max-video-preview:-1\" \/>\n<link rel=\"canonical\" href=\"https:\/\/fjala.info\/2009-2015\/15-e-familjeve-shqiptare-jetojne-me-lista\/\" \/>\n<meta property=\"og:locale\" content=\"sq_AL\" \/>\n<meta property=\"og:type\" content=\"article\" \/>\n<meta property=\"og:title\" content=\"15% e familjeve shqiptare jetojn\u00eb me lista - FjALA e LIR\u00cb - Arkivi\" \/>\n<meta property=\"og:description\" content=\"TemA Online, 12 N\u00ebntor 2012 Nj\u00eb vrojtim i fundit i Bank\u00ebs s\u00eb Shqip\u00ebris\u00eb mbi gjendjen financiare t\u00eb individ\u00ebve hedh p\u00ebr her\u00eb t\u00eb par\u00eb drit\u00eb mbi nj\u00eb fenomen shqet\u00ebsues por t\u00eb njohur t\u00eb ekonomis\u00eb shqiptare, t\u00eb ashtuquajturat listat e buk\u00ebs. Vrojtimi i kryer mbi nj\u00eb kampion prej 1200 familjesh tregon se 31 p\u00ebr qind jan\u00eb n\u00eb [&hellip;]\" \/>\n<meta property=\"og:url\" content=\"https:\/\/fjala.info\/2009-2015\/15-e-familjeve-shqiptare-jetojne-me-lista\/\" \/>\n<meta property=\"og:site_name\" content=\"FjALA e LIR\u00cb - Arkivi\" \/>\n<meta property=\"article:published_time\" content=\"2012-11-12T20:24:15+00:00\" \/>\n<meta property=\"og:image\" content=\"http:\/\/www.fjala.info\/2012\/shqiptare_me_lista.jpg\" \/>\n<meta name=\"author\" content=\"admin\" \/>\n<meta name=\"twitter:card\" content=\"summary_large_image\" \/>\n<meta name=\"twitter:label1\" content=\"Written by\" \/>\n\t<meta name=\"twitter:data1\" content=\"admin\" \/>\n\t<meta name=\"twitter:label2\" content=\"Est. reading time\" \/>\n\t<meta name=\"twitter:data2\" content=\"1 minute\" \/>\n<script type=\"application\/ld+json\" class=\"yoast-schema-graph\">{\"@context\":\"https:\\\/\\\/schema.org\",\"@graph\":[{\"@type\":\"Article\",\"@id\":\"https:\\\/\\\/fjala.info\\\/2009-2015\\\/15-e-familjeve-shqiptare-jetojne-me-lista\\\/#article\",\"isPartOf\":{\"@id\":\"https:\\\/\\\/fjala.info\\\/2009-2015\\\/15-e-familjeve-shqiptare-jetojne-me-lista\\\/\"},\"author\":{\"name\":\"admin\",\"@id\":\"https:\\\/\\\/fjala.info\\\/2009-2015\\\/#\\\/schema\\\/person\\\/3aa1163ef05469c496fc94e77611ada2\"},\"headline\":\"15% e familjeve shqiptare jetojn\u00eb me lista\",\"datePublished\":\"2012-11-12T20:24:15+00:00\",\"mainEntityOfPage\":{\"@id\":\"https:\\\/\\\/fjala.info\\\/2009-2015\\\/15-e-familjeve-shqiptare-jetojne-me-lista\\\/\"},\"wordCount\":274,\"commentCount\":0,\"publisher\":{\"@id\":\"https:\\\/\\\/fjala.info\\\/2009-2015\\\/#organization\"},\"image\":{\"@id\":\"https:\\\/\\\/fjala.info\\\/2009-2015\\\/15-e-familjeve-shqiptare-jetojne-me-lista\\\/#primaryimage\"},\"thumbnailUrl\":\"http:\\\/\\\/www.fjala.info\\\/2012\\\/shqiptare_me_lista.jpg\",\"articleSection\":[\"Artikuj\"],\"inLanguage\":\"sq-AL\",\"potentialAction\":[{\"@type\":\"CommentAction\",\"name\":\"Comment\",\"target\":[\"https:\\\/\\\/fjala.info\\\/2009-2015\\\/15-e-familjeve-shqiptare-jetojne-me-lista\\\/#respond\"]}]},{\"@type\":\"WebPage\",\"@id\":\"https:\\\/\\\/fjala.info\\\/2009-2015\\\/15-e-familjeve-shqiptare-jetojne-me-lista\\\/\",\"url\":\"https:\\\/\\\/fjala.info\\\/2009-2015\\\/15-e-familjeve-shqiptare-jetojne-me-lista\\\/\",\"name\":\"15% e familjeve shqiptare jetojn\u00eb me lista - FjALA e LIR\u00cb - Arkivi\",\"isPartOf\":{\"@id\":\"https:\\\/\\\/fjala.info\\\/2009-2015\\\/#website\"},\"primaryImageOfPage\":{\"@id\":\"https:\\\/\\\/fjala.info\\\/2009-2015\\\/15-e-familjeve-shqiptare-jetojne-me-lista\\\/#primaryimage\"},\"image\":{\"@id\":\"https:\\\/\\\/fjala.info\\\/2009-2015\\\/15-e-familjeve-shqiptare-jetojne-me-lista\\\/#primaryimage\"},\"thumbnailUrl\":\"http:\\\/\\\/www.fjala.info\\\/2012\\\/shqiptare_me_lista.jpg\",\"datePublished\":\"2012-11-12T20:24:15+00:00\",\"breadcrumb\":{\"@id\":\"https:\\\/\\\/fjala.info\\\/2009-2015\\\/15-e-familjeve-shqiptare-jetojne-me-lista\\\/#breadcrumb\"},\"inLanguage\":\"sq-AL\",\"potentialAction\":[{\"@type\":\"ReadAction\",\"target\":[\"https:\\\/\\\/fjala.info\\\/2009-2015\\\/15-e-familjeve-shqiptare-jetojne-me-lista\\\/\"]}]},{\"@type\":\"ImageObject\",\"inLanguage\":\"sq-AL\",\"@id\":\"https:\\\/\\\/fjala.info\\\/2009-2015\\\/15-e-familjeve-shqiptare-jetojne-me-lista\\\/#primaryimage\",\"url\":\"http:\\\/\\\/www.fjala.info\\\/2012\\\/shqiptare_me_lista.jpg\",\"contentUrl\":\"http:\\\/\\\/www.fjala.info\\\/2012\\\/shqiptare_me_lista.jpg\"},{\"@type\":\"BreadcrumbList\",\"@id\":\"https:\\\/\\\/fjala.info\\\/2009-2015\\\/15-e-familjeve-shqiptare-jetojne-me-lista\\\/#breadcrumb\",\"itemListElement\":[{\"@type\":\"ListItem\",\"position\":1,\"name\":\"Home\",\"item\":\"https:\\\/\\\/fjala.info\\\/2009-2015\\\/\"},{\"@type\":\"ListItem\",\"position\":2,\"name\":\"15% e familjeve shqiptare jetojn\u00eb me lista\"}]},{\"@type\":\"WebSite\",\"@id\":\"https:\\\/\\\/fjala.info\\\/2009-2015\\\/#website\",\"url\":\"https:\\\/\\\/fjala.info\\\/2009-2015\\\/\",\"name\":\"FjALA e LIR\u00cb - Arkivi\",\"description\":\"Arkivi 2009-2015\",\"publisher\":{\"@id\":\"https:\\\/\\\/fjala.info\\\/2009-2015\\\/#organization\"},\"potentialAction\":[{\"@type\":\"SearchAction\",\"target\":{\"@type\":\"EntryPoint\",\"urlTemplate\":\"https:\\\/\\\/fjala.info\\\/2009-2015\\\/?s={search_term_string}\"},\"query-input\":{\"@type\":\"PropertyValueSpecification\",\"valueRequired\":true,\"valueName\":\"search_term_string\"}}],\"inLanguage\":\"sq-AL\"},{\"@type\":\"Organization\",\"@id\":\"https:\\\/\\\/fjala.info\\\/2009-2015\\\/#organization\",\"name\":\"FjALA e LIR\u00cb - Arkivi\",\"url\":\"https:\\\/\\\/fjala.info\\\/2009-2015\\\/\",\"logo\":{\"@type\":\"ImageObject\",\"inLanguage\":\"sq-AL\",\"@id\":\"https:\\\/\\\/fjala.info\\\/2009-2015\\\/#\\\/schema\\\/logo\\\/image\\\/\",\"url\":\"\",\"contentUrl\":\"\",\"caption\":\"FjALA e LIR\u00cb - Arkivi\"},\"image\":{\"@id\":\"https:\\\/\\\/fjala.info\\\/2009-2015\\\/#\\\/schema\\\/logo\\\/image\\\/\"}},{\"@type\":\"Person\",\"@id\":\"https:\\\/\\\/fjala.info\\\/2009-2015\\\/#\\\/schema\\\/person\\\/3aa1163ef05469c496fc94e77611ada2\",\"name\":\"admin\",\"image\":{\"@type\":\"ImageObject\",\"inLanguage\":\"sq-AL\",\"@id\":\"https:\\\/\\\/fjala.info\\\/2009-2015\\\/wp-content\\\/uploads\\\/2012\\\/02\\\/arben_cokaj-120x150.jpg\",\"url\":\"https:\\\/\\\/fjala.info\\\/2009-2015\\\/wp-content\\\/uploads\\\/2012\\\/02\\\/arben_cokaj-120x150.jpg\",\"contentUrl\":\"https:\\\/\\\/fjala.info\\\/2009-2015\\\/wp-content\\\/uploads\\\/2012\\\/02\\\/arben_cokaj-120x150.jpg\",\"caption\":\"admin\"},\"description\":\"Admin, Fjala e Lir\u00eb\",\"sameAs\":[\"https:\\\/\\\/fjala.info\\\/\"],\"url\":\"https:\\\/\\\/fjala.info\\\/2009-2015\\\/author\\\/admin\\\/\"}]}<\/script>\n<!-- \/ Yoast SEO plugin. -->","yoast_head_json":{"title":"15% e familjeve shqiptare jetojn\u00eb me lista - FjALA e LIR\u00cb - Arkivi","robots":{"index":"index","follow":"follow","max-snippet":"max-snippet:-1","max-image-preview":"max-image-preview:large","max-video-preview":"max-video-preview:-1"},"canonical":"https:\/\/fjala.info\/2009-2015\/15-e-familjeve-shqiptare-jetojne-me-lista\/","og_locale":"sq_AL","og_type":"article","og_title":"15% e familjeve shqiptare jetojn\u00eb me lista - FjALA e LIR\u00cb - Arkivi","og_description":"TemA Online, 12 N\u00ebntor 2012 Nj\u00eb vrojtim i fundit i Bank\u00ebs s\u00eb Shqip\u00ebris\u00eb mbi gjendjen financiare t\u00eb individ\u00ebve hedh p\u00ebr her\u00eb t\u00eb par\u00eb drit\u00eb mbi nj\u00eb fenomen shqet\u00ebsues por t\u00eb njohur t\u00eb ekonomis\u00eb shqiptare, t\u00eb ashtuquajturat listat e buk\u00ebs. Vrojtimi i kryer mbi nj\u00eb kampion prej 1200 familjesh tregon se 31 p\u00ebr qind jan\u00eb n\u00eb [&hellip;]","og_url":"https:\/\/fjala.info\/2009-2015\/15-e-familjeve-shqiptare-jetojne-me-lista\/","og_site_name":"FjALA e LIR\u00cb - Arkivi","article_published_time":"2012-11-12T20:24:15+00:00","og_image":[{"url":"http:\/\/www.fjala.info\/2012\/shqiptare_me_lista.jpg","type":"","width":"","height":""}],"author":"admin","twitter_card":"summary_large_image","twitter_misc":{"Written by":"admin","Est. reading time":"1 minute"},"schema":{"@context":"https:\/\/schema.org","@graph":[{"@type":"Article","@id":"https:\/\/fjala.info\/2009-2015\/15-e-familjeve-shqiptare-jetojne-me-lista\/#article","isPartOf":{"@id":"https:\/\/fjala.info\/2009-2015\/15-e-familjeve-shqiptare-jetojne-me-lista\/"},"author":{"name":"admin","@id":"https:\/\/fjala.info\/2009-2015\/#\/schema\/person\/3aa1163ef05469c496fc94e77611ada2"},"headline":"15% e familjeve shqiptare jetojn\u00eb me lista","datePublished":"2012-11-12T20:24:15+00:00","mainEntityOfPage":{"@id":"https:\/\/fjala.info\/2009-2015\/15-e-familjeve-shqiptare-jetojne-me-lista\/"},"wordCount":274,"commentCount":0,"publisher":{"@id":"https:\/\/fjala.info\/2009-2015\/#organization"},"image":{"@id":"https:\/\/fjala.info\/2009-2015\/15-e-familjeve-shqiptare-jetojne-me-lista\/#primaryimage"},"thumbnailUrl":"http:\/\/www.fjala.info\/2012\/shqiptare_me_lista.jpg","articleSection":["Artikuj"],"inLanguage":"sq-AL","potentialAction":[{"@type":"CommentAction","name":"Comment","target":["https:\/\/fjala.info\/2009-2015\/15-e-familjeve-shqiptare-jetojne-me-lista\/#respond"]}]},{"@type":"WebPage","@id":"https:\/\/fjala.info\/2009-2015\/15-e-familjeve-shqiptare-jetojne-me-lista\/","url":"https:\/\/fjala.info\/2009-2015\/15-e-familjeve-shqiptare-jetojne-me-lista\/","name":"15% e familjeve shqiptare jetojn\u00eb me lista - FjALA e LIR\u00cb - Arkivi","isPartOf":{"@id":"https:\/\/fjala.info\/2009-2015\/#website"},"primaryImageOfPage":{"@id":"https:\/\/fjala.info\/2009-2015\/15-e-familjeve-shqiptare-jetojne-me-lista\/#primaryimage"},"image":{"@id":"https:\/\/fjala.info\/2009-2015\/15-e-familjeve-shqiptare-jetojne-me-lista\/#primaryimage"},"thumbnailUrl":"http:\/\/www.fjala.info\/2012\/shqiptare_me_lista.jpg","datePublished":"2012-11-12T20:24:15+00:00","breadcrumb":{"@id":"https:\/\/fjala.info\/2009-2015\/15-e-familjeve-shqiptare-jetojne-me-lista\/#breadcrumb"},"inLanguage":"sq-AL","potentialAction":[{"@type":"ReadAction","target":["https:\/\/fjala.info\/2009-2015\/15-e-familjeve-shqiptare-jetojne-me-lista\/"]}]},{"@type":"ImageObject","inLanguage":"sq-AL","@id":"https:\/\/fjala.info\/2009-2015\/15-e-familjeve-shqiptare-jetojne-me-lista\/#primaryimage","url":"http:\/\/www.fjala.info\/2012\/shqiptare_me_lista.jpg","contentUrl":"http:\/\/www.fjala.info\/2012\/shqiptare_me_lista.jpg"},{"@type":"BreadcrumbList","@id":"https:\/\/fjala.info\/2009-2015\/15-e-familjeve-shqiptare-jetojne-me-lista\/#breadcrumb","itemListElement":[{"@type":"ListItem","position":1,"name":"Home","item":"https:\/\/fjala.info\/2009-2015\/"},{"@type":"ListItem","position":2,"name":"15% e familjeve shqiptare jetojn\u00eb me lista"}]},{"@type":"WebSite","@id":"https:\/\/fjala.info\/2009-2015\/#website","url":"https:\/\/fjala.info\/2009-2015\/","name":"FjALA e LIR\u00cb - Arkivi","description":"Arkivi 2009-2015","publisher":{"@id":"https:\/\/fjala.info\/2009-2015\/#organization"},"potentialAction":[{"@type":"SearchAction","target":{"@type":"EntryPoint","urlTemplate":"https:\/\/fjala.info\/2009-2015\/?s={search_term_string}"},"query-input":{"@type":"PropertyValueSpecification","valueRequired":true,"valueName":"search_term_string"}}],"inLanguage":"sq-AL"},{"@type":"Organization","@id":"https:\/\/fjala.info\/2009-2015\/#organization","name":"FjALA e LIR\u00cb - Arkivi","url":"https:\/\/fjala.info\/2009-2015\/","logo":{"@type":"ImageObject","inLanguage":"sq-AL","@id":"https:\/\/fjala.info\/2009-2015\/#\/schema\/logo\/image\/","url":"","contentUrl":"","caption":"FjALA e LIR\u00cb - Arkivi"},"image":{"@id":"https:\/\/fjala.info\/2009-2015\/#\/schema\/logo\/image\/"}},{"@type":"Person","@id":"https:\/\/fjala.info\/2009-2015\/#\/schema\/person\/3aa1163ef05469c496fc94e77611ada2","name":"admin","image":{"@type":"ImageObject","inLanguage":"sq-AL","@id":"https:\/\/fjala.info\/2009-2015\/wp-content\/uploads\/2012\/02\/arben_cokaj-120x150.jpg","url":"https:\/\/fjala.info\/2009-2015\/wp-content\/uploads\/2012\/02\/arben_cokaj-120x150.jpg","contentUrl":"https:\/\/fjala.info\/2009-2015\/wp-content\/uploads\/2012\/02\/arben_cokaj-120x150.jpg","caption":"admin"},"description":"Admin, Fjala e Lir\u00eb","sameAs":["https:\/\/fjala.info\/"],"url":"https:\/\/fjala.info\/2009-2015\/author\/admin\/"}]}},"_links":{"self":[{"href":"https:\/\/fjala.info\/2009-2015\/wp-json\/wp\/v2\/posts\/5865","targetHints":{"allow":["GET"]}}],"collection":[{"href":"https:\/\/fjala.info\/2009-2015\/wp-json\/wp\/v2\/posts"}],"about":[{"href":"https:\/\/fjala.info\/2009-2015\/wp-json\/wp\/v2\/types\/post"}],"author":[{"embeddable":true,"href":"https:\/\/fjala.info\/2009-2015\/wp-json\/wp\/v2\/users\/1"}],"replies":[{"embeddable":true,"href":"https:\/\/fjala.info\/2009-2015\/wp-json\/wp\/v2\/comments?post=5865"}],"version-history":[{"count":0,"href":"https:\/\/fjala.info\/2009-2015\/wp-json\/wp\/v2\/posts\/5865\/revisions"}],"wp:attachment":[{"href":"https:\/\/fjala.info\/2009-2015\/wp-json\/wp\/v2\/media?parent=5865"}],"wp:term":[{"taxonomy":"category","embeddable":true,"href":"https:\/\/fjala.info\/2009-2015\/wp-json\/wp\/v2\/categories?post=5865"},{"taxonomy":"post_tag","embeddable":true,"href":"https:\/\/fjala.info\/2009-2015\/wp-json\/wp\/v2\/tags?post=5865"}],"curies":[{"name":"wp","href":"https:\/\/api.w.org\/{rel}","templated":true}]}}