{"id":5862,"date":"2011-01-24T22:28:09","date_gmt":"2011-01-24T21:28:09","guid":{"rendered":"http:\/\/fjala.shkoder.net\/?p=5862"},"modified":"2011-01-24T22:28:09","modified_gmt":"2011-01-24T21:28:09","slug":"topi-shtet-ligjor-hetim-profesional","status":"publish","type":"post","link":"https:\/\/fjala.info\/2009-2015\/topi-shtet-ligjor-hetim-profesional\/","title":{"rendered":"Topi: Shtet ligjor, hetim profesional"},"content":{"rendered":"<p><img loading=\"lazy\" decoding=\"async\" class=\"alignright size-full wp-image-5863\" title=\"presidenti_topi_rama\" src=\"http:\/\/fjala.shkoder.net\/wp-content\/uploads\/2011\/01\/presidenti_topi_rama.jpg\" alt=\"\" width=\"360\" height=\"251\" \/><br \/>\nNga <strong>Korresp. 24-ore.com<\/strong><\/p>\n<p>Presidenti i Republik\u00ebs priti t\u00eb h\u00ebn\u00ebn pasdreke kryetarin e Partis\u00eb Socialiste Edi Rama, me k\u00ebrkes\u00eb t\u00eb k\u00ebtij t\u00eb fundit. Zoti Rama erdhi n\u00eb Presidenc\u00eb p\u00ebr t\u00eb shpalosur shqet\u00ebsimet e tij p\u00ebr situat\u00ebn m\u00eb t\u00eb fundit n\u00eb vend.<\/p>\n<p>Pik\u00ebrisht p\u00ebr shkak t\u00eb k\u00ebsaj situate t\u00eb nder\u00eb, institucioni i Presidentit u kujdes q\u00eb t\u00eb n\u00ebnvizoj\u00eb q\u00ebndrimin e kreut te shtetit dhe p\u00ebrvec njoftimit n\u00eb faqen e internetit, sic ndodh r\u00ebndom, thirri edhe nj\u00eb komunikim p\u00ebr mediat.<\/p>\n<p>\u201cInstitucionet e shtetit dhe punonj\u00ebsit n\u00eb detyr\u00eb jan\u00eb t\u00eb shenjt\u00eb e t\u00eb papreksh\u00ebm, ashtu sikurse \u00ebsht\u00eb edhe mbrojtja dhe kujdesi p\u00ebr jet\u00ebn e qytetar\u00ebve. N\u00eb \u00e7do rrethan\u00eb, e drejta legjitime p\u00ebr t\u00eb demonstruar paq\u00ebsisht duhet administruar me p\u00ebrgjegj\u00ebsi maksimale!\u201d, deklaroi z\u00ebdh\u00ebn\u00ebsja Mimoza Kociu.<\/p>\n<p>Gjithashtu kreu i shtetit, p\u00ebrmes z\u00ebdh\u00ebn\u00ebses s\u00eb tij, mb\u00ebshteti edhe nj\u00eb her\u00eb zhvillimin e nj\u00eb hetimi t\u00ebr\u00ebsor, t\u00eb paansh\u00ebm, profesional dhe transparent t\u00eb ngjarjeve t\u00eb dat\u00ebs 21 janar, duke nxitur bashk\u00ebpunimin mes institucioneve t\u00eb zbatimit t\u00eb ligjit.<\/p>\n<p>\u201cVet\u00ebm shteti ligjor \u00ebsht\u00eb garancia e nj\u00eb vendi demokratik dhe ai duhet t\u00eb respektohet nga cilido!\u201d, u shpreh presidenti Topi.<\/p>\n<p><strong>Analiz\u00eb<\/strong>:<\/p>\n<p>Nj\u00eb lexim i kujdessh\u00ebm i k\u00ebsaj deklarate t\u00eb b\u00ebn kuptosh se p\u00ebr kreun e shtetit, askush nuk \u00ebsht\u00eb i lar\u00eb dhe askush nuk \u00ebsht\u00eb pa faj n\u00eb at\u00eb q\u00eb ndodhi m\u00eb 21 janar.<\/p>\n<p>Dy paragraf\u00ebt e fundit t\u00eb deklarat\u00ebs s\u00eb tij japin thelbin e mendimit t\u00eb kreut shtetit p\u00ebr at\u00eb q\u00eb po ndodh aktualisht n\u00eb vend. Formulimi i mendimit v\u00ebrtet \u00ebsht\u00eb i kujdessh\u00ebm, por \u00ebsht\u00eb konkret dhe i formuluar n\u00eb at\u00eb rradh\u00eb q\u00eb ngjarjet kan\u00eb ndodhur. Institucionet dhe punonj\u00ebsit n\u00eb detyr\u00eb jan\u00eb t\u00eb shenjt\u00eb e t\u00eb papreksh\u00ebm.<\/p>\n<p>Por po aq t\u00eb shenjt\u00eb jan\u00eb edhe mbrojtja dhe kujdesi p\u00ebr jet\u00ebn e qytetar\u00ebve. Ky detyrim p\u00ebr t\u00eb ruajtur jet\u00ebn e qytetar\u00ebve \u00ebsht\u00eb i sanksionuar n\u00eb fakt edhe n\u00eb ligjin p\u00ebr p\u00ebrdorimin e arm\u00ebve t\u00eb zjarrit, t\u00eb cilit i n\u00ebnshtrohet si Policia e Shtetit edhe Garda e Republik\u00ebs.<\/p>\n<p>N\u00eb cdo rrethan\u00eb, e drejta p\u00ebr t\u00eb protestuar paq\u00ebsisht duhet administruar me p\u00ebrgjegj\u00ebsi maksimale, nd\u00ebrkoh\u00eb q\u00eb n\u00eb demonstrat\u00ebn e 21 janarit njer\u00ebzit u lan\u00eb t\u00eb lir\u00eb pa u udhehequr.<\/p>\n<p>N\u00eb cdo rast, e v\u00ebrteta dhe p\u00ebrgjegj\u00ebsit\u00eb p\u00ebr at\u00eb q\u00eb ndodhi mund t\u00eb dalin vet\u00ebm nga nj\u00eb hetim t\u00ebr\u00ebsor, i paansh\u00ebm, profesional dhe transparent. P\u00ebr k\u00ebt\u00eb nevojitet bashk\u00ebpunimi i institucioneve t\u00eb zbatimit t\u00eb ligjit.<\/p>\n<p>Th\u00ebn\u00eb me fjal\u00eb t\u00eb tjera, policia duhet t&#8217;i p\u00ebrgjigjet k\u00ebrkesave t\u00eb prokuroris\u00eb dhe t\u00eb dyja k\u00ebto, duhet t&#8217;i binden verdiktit t\u00eb gjykatave. Pra, duke p\u00ebrmendur bashk\u00ebpunimin e institucioneve t\u00eb zbatimit t\u00eb ligjit, kreu i shtetit e mbeshtet prokurorin\u00eb, t\u00eb cil\u00ebn mazhoranca e ka cil\u00ebsuar si puciste.<\/p>\n<p>Por duke evokuar ligjin, presidenti duket se nuk e p\u00ebrjashton nga hetimi as pun\u00ebn e komisionit hetimor, tagri i t\u00eb cilit p\u00ebr t\u00eb hetuar pa nd\u00ebrhyr\u00eb n\u00eb pun\u00ebn e prokuroris\u00eb, mb\u00ebshtetet n\u00eb ligj, komision hetimor ku opozita ka vendet e saj bosh, gati p\u00ebr t&#8217;i z\u00ebn\u00eb n\u00eb cdo moment.<\/p>\n<p>Pavar\u00ebsisht se nuk ka gjasa q\u00eb opozita t\u00eb b\u00ebhet pjes\u00eb e hetimit t\u00eb nisur nga mazhoranca, sipas presidentit, vendi do t\u00eb jet\u00eb v\u00ebrtet demokratik vet\u00ebm kur t\u00eb zbatohet shteti ligjor nga t\u00eb t\u00ebr\u00eb.<\/p>\n","protected":false},"excerpt":{"rendered":"<p>Nga Korresp. 24-ore.com Presidenti i Republik\u00ebs priti t\u00eb h\u00ebn\u00ebn pasdreke kryetarin e Partis\u00eb Socialiste Edi Rama, me k\u00ebrkes\u00eb t\u00eb k\u00ebtij t\u00eb fundit. Zoti Rama erdhi n\u00eb Presidenc\u00eb p\u00ebr t\u00eb shpalosur shqet\u00ebsimet e tij p\u00ebr situat\u00ebn m\u00eb t\u00eb fundit n\u00eb vend. Pik\u00ebrisht p\u00ebr shkak t\u00eb k\u00ebsaj situate t\u00eb nder\u00eb, institucioni i Presidentit u kujdes q\u00eb t\u00eb [&hellip;]<\/p>\n","protected":false},"author":1,"featured_media":0,"comment_status":"open","ping_status":"closed","sticky":false,"template":"","format":"standard","meta":{"footnotes":""},"categories":[2],"tags":[],"class_list":{"0":"post-5862","1":"post","2":"type-post","3":"status-publish","4":"format-standard","6":"category-artikuj"},"yoast_head":"<!-- This site is optimized with the Yoast SEO plugin v27.4 - https:\/\/yoast.com\/product\/yoast-seo-wordpress\/ -->\n<title>Topi: Shtet ligjor, hetim profesional - FjALA e LIR\u00cb - Arkivi<\/title>\n<meta name=\"robots\" content=\"index, follow, max-snippet:-1, max-image-preview:large, max-video-preview:-1\" \/>\n<link rel=\"canonical\" href=\"https:\/\/fjala.info\/2009-2015\/topi-shtet-ligjor-hetim-profesional\/\" \/>\n<meta property=\"og:locale\" content=\"sq_AL\" \/>\n<meta property=\"og:type\" content=\"article\" \/>\n<meta property=\"og:title\" content=\"Topi: Shtet ligjor, hetim profesional - FjALA e LIR\u00cb - Arkivi\" \/>\n<meta property=\"og:description\" content=\"Nga Korresp. 24-ore.com Presidenti i Republik\u00ebs priti t\u00eb h\u00ebn\u00ebn pasdreke kryetarin e Partis\u00eb Socialiste Edi Rama, me k\u00ebrkes\u00eb t\u00eb k\u00ebtij t\u00eb fundit. Zoti Rama erdhi n\u00eb Presidenc\u00eb p\u00ebr t\u00eb shpalosur shqet\u00ebsimet e tij p\u00ebr situat\u00ebn m\u00eb t\u00eb fundit n\u00eb vend. Pik\u00ebrisht p\u00ebr shkak t\u00eb k\u00ebsaj situate t\u00eb nder\u00eb, institucioni i Presidentit u kujdes q\u00eb t\u00eb [&hellip;]\" \/>\n<meta property=\"og:url\" content=\"https:\/\/fjala.info\/2009-2015\/topi-shtet-ligjor-hetim-profesional\/\" \/>\n<meta property=\"og:site_name\" content=\"FjALA e LIR\u00cb - Arkivi\" \/>\n<meta property=\"article:published_time\" content=\"2011-01-24T21:28:09+00:00\" \/>\n<meta property=\"og:image\" content=\"http:\/\/fjala.shkoder.net\/wp-content\/uploads\/2011\/01\/presidenti_topi_rama.jpg\" \/>\n<meta name=\"author\" content=\"admin\" \/>\n<meta name=\"twitter:card\" content=\"summary_large_image\" \/>\n<meta name=\"twitter:label1\" content=\"Written by\" \/>\n\t<meta name=\"twitter:data1\" content=\"admin\" \/>\n\t<meta name=\"twitter:label2\" content=\"Est. reading time\" \/>\n\t<meta name=\"twitter:data2\" content=\"3 minutes\" \/>\n<script type=\"application\/ld+json\" class=\"yoast-schema-graph\">{\"@context\":\"https:\\\/\\\/schema.org\",\"@graph\":[{\"@type\":\"Article\",\"@id\":\"https:\\\/\\\/fjala.info\\\/2009-2015\\\/topi-shtet-ligjor-hetim-profesional\\\/#article\",\"isPartOf\":{\"@id\":\"https:\\\/\\\/fjala.info\\\/2009-2015\\\/topi-shtet-ligjor-hetim-profesional\\\/\"},\"author\":{\"name\":\"admin\",\"@id\":\"https:\\\/\\\/fjala.info\\\/2009-2015\\\/#\\\/schema\\\/person\\\/3aa1163ef05469c496fc94e77611ada2\"},\"headline\":\"Topi: Shtet ligjor, hetim profesional\",\"datePublished\":\"2011-01-24T21:28:09+00:00\",\"mainEntityOfPage\":{\"@id\":\"https:\\\/\\\/fjala.info\\\/2009-2015\\\/topi-shtet-ligjor-hetim-profesional\\\/\"},\"wordCount\":611,\"commentCount\":0,\"publisher\":{\"@id\":\"https:\\\/\\\/fjala.info\\\/2009-2015\\\/#organization\"},\"image\":{\"@id\":\"https:\\\/\\\/fjala.info\\\/2009-2015\\\/topi-shtet-ligjor-hetim-profesional\\\/#primaryimage\"},\"thumbnailUrl\":\"http:\\\/\\\/fjala.shkoder.net\\\/wp-content\\\/uploads\\\/2011\\\/01\\\/presidenti_topi_rama.jpg\",\"articleSection\":[\"Artikuj\"],\"inLanguage\":\"sq-AL\",\"potentialAction\":[{\"@type\":\"CommentAction\",\"name\":\"Comment\",\"target\":[\"https:\\\/\\\/fjala.info\\\/2009-2015\\\/topi-shtet-ligjor-hetim-profesional\\\/#respond\"]}]},{\"@type\":\"WebPage\",\"@id\":\"https:\\\/\\\/fjala.info\\\/2009-2015\\\/topi-shtet-ligjor-hetim-profesional\\\/\",\"url\":\"https:\\\/\\\/fjala.info\\\/2009-2015\\\/topi-shtet-ligjor-hetim-profesional\\\/\",\"name\":\"Topi: Shtet ligjor, hetim profesional - FjALA e LIR\u00cb - Arkivi\",\"isPartOf\":{\"@id\":\"https:\\\/\\\/fjala.info\\\/2009-2015\\\/#website\"},\"primaryImageOfPage\":{\"@id\":\"https:\\\/\\\/fjala.info\\\/2009-2015\\\/topi-shtet-ligjor-hetim-profesional\\\/#primaryimage\"},\"image\":{\"@id\":\"https:\\\/\\\/fjala.info\\\/2009-2015\\\/topi-shtet-ligjor-hetim-profesional\\\/#primaryimage\"},\"thumbnailUrl\":\"http:\\\/\\\/fjala.shkoder.net\\\/wp-content\\\/uploads\\\/2011\\\/01\\\/presidenti_topi_rama.jpg\",\"datePublished\":\"2011-01-24T21:28:09+00:00\",\"breadcrumb\":{\"@id\":\"https:\\\/\\\/fjala.info\\\/2009-2015\\\/topi-shtet-ligjor-hetim-profesional\\\/#breadcrumb\"},\"inLanguage\":\"sq-AL\",\"potentialAction\":[{\"@type\":\"ReadAction\",\"target\":[\"https:\\\/\\\/fjala.info\\\/2009-2015\\\/topi-shtet-ligjor-hetim-profesional\\\/\"]}]},{\"@type\":\"ImageObject\",\"inLanguage\":\"sq-AL\",\"@id\":\"https:\\\/\\\/fjala.info\\\/2009-2015\\\/topi-shtet-ligjor-hetim-profesional\\\/#primaryimage\",\"url\":\"http:\\\/\\\/fjala.shkoder.net\\\/wp-content\\\/uploads\\\/2011\\\/01\\\/presidenti_topi_rama.jpg\",\"contentUrl\":\"http:\\\/\\\/fjala.shkoder.net\\\/wp-content\\\/uploads\\\/2011\\\/01\\\/presidenti_topi_rama.jpg\"},{\"@type\":\"BreadcrumbList\",\"@id\":\"https:\\\/\\\/fjala.info\\\/2009-2015\\\/topi-shtet-ligjor-hetim-profesional\\\/#breadcrumb\",\"itemListElement\":[{\"@type\":\"ListItem\",\"position\":1,\"name\":\"Home\",\"item\":\"https:\\\/\\\/fjala.info\\\/2009-2015\\\/\"},{\"@type\":\"ListItem\",\"position\":2,\"name\":\"Topi: Shtet ligjor, hetim profesional\"}]},{\"@type\":\"WebSite\",\"@id\":\"https:\\\/\\\/fjala.info\\\/2009-2015\\\/#website\",\"url\":\"https:\\\/\\\/fjala.info\\\/2009-2015\\\/\",\"name\":\"FjALA e LIR\u00cb - Arkivi\",\"description\":\"Arkivi 2009-2015\",\"publisher\":{\"@id\":\"https:\\\/\\\/fjala.info\\\/2009-2015\\\/#organization\"},\"potentialAction\":[{\"@type\":\"SearchAction\",\"target\":{\"@type\":\"EntryPoint\",\"urlTemplate\":\"https:\\\/\\\/fjala.info\\\/2009-2015\\\/?s={search_term_string}\"},\"query-input\":{\"@type\":\"PropertyValueSpecification\",\"valueRequired\":true,\"valueName\":\"search_term_string\"}}],\"inLanguage\":\"sq-AL\"},{\"@type\":\"Organization\",\"@id\":\"https:\\\/\\\/fjala.info\\\/2009-2015\\\/#organization\",\"name\":\"FjALA e LIR\u00cb - Arkivi\",\"url\":\"https:\\\/\\\/fjala.info\\\/2009-2015\\\/\",\"logo\":{\"@type\":\"ImageObject\",\"inLanguage\":\"sq-AL\",\"@id\":\"https:\\\/\\\/fjala.info\\\/2009-2015\\\/#\\\/schema\\\/logo\\\/image\\\/\",\"url\":\"\",\"contentUrl\":\"\",\"caption\":\"FjALA e LIR\u00cb - Arkivi\"},\"image\":{\"@id\":\"https:\\\/\\\/fjala.info\\\/2009-2015\\\/#\\\/schema\\\/logo\\\/image\\\/\"}},{\"@type\":\"Person\",\"@id\":\"https:\\\/\\\/fjala.info\\\/2009-2015\\\/#\\\/schema\\\/person\\\/3aa1163ef05469c496fc94e77611ada2\",\"name\":\"admin\",\"image\":{\"@type\":\"ImageObject\",\"inLanguage\":\"sq-AL\",\"@id\":\"https:\\\/\\\/fjala.info\\\/2009-2015\\\/wp-content\\\/uploads\\\/2012\\\/02\\\/arben_cokaj-120x150.jpg\",\"url\":\"https:\\\/\\\/fjala.info\\\/2009-2015\\\/wp-content\\\/uploads\\\/2012\\\/02\\\/arben_cokaj-120x150.jpg\",\"contentUrl\":\"https:\\\/\\\/fjala.info\\\/2009-2015\\\/wp-content\\\/uploads\\\/2012\\\/02\\\/arben_cokaj-120x150.jpg\",\"caption\":\"admin\"},\"description\":\"Admin, Fjala e Lir\u00eb\",\"sameAs\":[\"https:\\\/\\\/fjala.info\\\/\"],\"url\":\"https:\\\/\\\/fjala.info\\\/2009-2015\\\/author\\\/admin\\\/\"}]}<\/script>\n<!-- \/ Yoast SEO plugin. -->","yoast_head_json":{"title":"Topi: Shtet ligjor, hetim profesional - FjALA e LIR\u00cb - Arkivi","robots":{"index":"index","follow":"follow","max-snippet":"max-snippet:-1","max-image-preview":"max-image-preview:large","max-video-preview":"max-video-preview:-1"},"canonical":"https:\/\/fjala.info\/2009-2015\/topi-shtet-ligjor-hetim-profesional\/","og_locale":"sq_AL","og_type":"article","og_title":"Topi: Shtet ligjor, hetim profesional - FjALA e LIR\u00cb - Arkivi","og_description":"Nga Korresp. 24-ore.com Presidenti i Republik\u00ebs priti t\u00eb h\u00ebn\u00ebn pasdreke kryetarin e Partis\u00eb Socialiste Edi Rama, me k\u00ebrkes\u00eb t\u00eb k\u00ebtij t\u00eb fundit. Zoti Rama erdhi n\u00eb Presidenc\u00eb p\u00ebr t\u00eb shpalosur shqet\u00ebsimet e tij p\u00ebr situat\u00ebn m\u00eb t\u00eb fundit n\u00eb vend. Pik\u00ebrisht p\u00ebr shkak t\u00eb k\u00ebsaj situate t\u00eb nder\u00eb, institucioni i Presidentit u kujdes q\u00eb t\u00eb [&hellip;]","og_url":"https:\/\/fjala.info\/2009-2015\/topi-shtet-ligjor-hetim-profesional\/","og_site_name":"FjALA e LIR\u00cb - Arkivi","article_published_time":"2011-01-24T21:28:09+00:00","og_image":[{"url":"http:\/\/fjala.shkoder.net\/wp-content\/uploads\/2011\/01\/presidenti_topi_rama.jpg","type":"","width":"","height":""}],"author":"admin","twitter_card":"summary_large_image","twitter_misc":{"Written by":"admin","Est. reading time":"3 minutes"},"schema":{"@context":"https:\/\/schema.org","@graph":[{"@type":"Article","@id":"https:\/\/fjala.info\/2009-2015\/topi-shtet-ligjor-hetim-profesional\/#article","isPartOf":{"@id":"https:\/\/fjala.info\/2009-2015\/topi-shtet-ligjor-hetim-profesional\/"},"author":{"name":"admin","@id":"https:\/\/fjala.info\/2009-2015\/#\/schema\/person\/3aa1163ef05469c496fc94e77611ada2"},"headline":"Topi: Shtet ligjor, hetim profesional","datePublished":"2011-01-24T21:28:09+00:00","mainEntityOfPage":{"@id":"https:\/\/fjala.info\/2009-2015\/topi-shtet-ligjor-hetim-profesional\/"},"wordCount":611,"commentCount":0,"publisher":{"@id":"https:\/\/fjala.info\/2009-2015\/#organization"},"image":{"@id":"https:\/\/fjala.info\/2009-2015\/topi-shtet-ligjor-hetim-profesional\/#primaryimage"},"thumbnailUrl":"http:\/\/fjala.shkoder.net\/wp-content\/uploads\/2011\/01\/presidenti_topi_rama.jpg","articleSection":["Artikuj"],"inLanguage":"sq-AL","potentialAction":[{"@type":"CommentAction","name":"Comment","target":["https:\/\/fjala.info\/2009-2015\/topi-shtet-ligjor-hetim-profesional\/#respond"]}]},{"@type":"WebPage","@id":"https:\/\/fjala.info\/2009-2015\/topi-shtet-ligjor-hetim-profesional\/","url":"https:\/\/fjala.info\/2009-2015\/topi-shtet-ligjor-hetim-profesional\/","name":"Topi: Shtet ligjor, hetim profesional - FjALA e LIR\u00cb - Arkivi","isPartOf":{"@id":"https:\/\/fjala.info\/2009-2015\/#website"},"primaryImageOfPage":{"@id":"https:\/\/fjala.info\/2009-2015\/topi-shtet-ligjor-hetim-profesional\/#primaryimage"},"image":{"@id":"https:\/\/fjala.info\/2009-2015\/topi-shtet-ligjor-hetim-profesional\/#primaryimage"},"thumbnailUrl":"http:\/\/fjala.shkoder.net\/wp-content\/uploads\/2011\/01\/presidenti_topi_rama.jpg","datePublished":"2011-01-24T21:28:09+00:00","breadcrumb":{"@id":"https:\/\/fjala.info\/2009-2015\/topi-shtet-ligjor-hetim-profesional\/#breadcrumb"},"inLanguage":"sq-AL","potentialAction":[{"@type":"ReadAction","target":["https:\/\/fjala.info\/2009-2015\/topi-shtet-ligjor-hetim-profesional\/"]}]},{"@type":"ImageObject","inLanguage":"sq-AL","@id":"https:\/\/fjala.info\/2009-2015\/topi-shtet-ligjor-hetim-profesional\/#primaryimage","url":"http:\/\/fjala.shkoder.net\/wp-content\/uploads\/2011\/01\/presidenti_topi_rama.jpg","contentUrl":"http:\/\/fjala.shkoder.net\/wp-content\/uploads\/2011\/01\/presidenti_topi_rama.jpg"},{"@type":"BreadcrumbList","@id":"https:\/\/fjala.info\/2009-2015\/topi-shtet-ligjor-hetim-profesional\/#breadcrumb","itemListElement":[{"@type":"ListItem","position":1,"name":"Home","item":"https:\/\/fjala.info\/2009-2015\/"},{"@type":"ListItem","position":2,"name":"Topi: Shtet ligjor, hetim profesional"}]},{"@type":"WebSite","@id":"https:\/\/fjala.info\/2009-2015\/#website","url":"https:\/\/fjala.info\/2009-2015\/","name":"FjALA e LIR\u00cb - Arkivi","description":"Arkivi 2009-2015","publisher":{"@id":"https:\/\/fjala.info\/2009-2015\/#organization"},"potentialAction":[{"@type":"SearchAction","target":{"@type":"EntryPoint","urlTemplate":"https:\/\/fjala.info\/2009-2015\/?s={search_term_string}"},"query-input":{"@type":"PropertyValueSpecification","valueRequired":true,"valueName":"search_term_string"}}],"inLanguage":"sq-AL"},{"@type":"Organization","@id":"https:\/\/fjala.info\/2009-2015\/#organization","name":"FjALA e LIR\u00cb - Arkivi","url":"https:\/\/fjala.info\/2009-2015\/","logo":{"@type":"ImageObject","inLanguage":"sq-AL","@id":"https:\/\/fjala.info\/2009-2015\/#\/schema\/logo\/image\/","url":"","contentUrl":"","caption":"FjALA e LIR\u00cb - Arkivi"},"image":{"@id":"https:\/\/fjala.info\/2009-2015\/#\/schema\/logo\/image\/"}},{"@type":"Person","@id":"https:\/\/fjala.info\/2009-2015\/#\/schema\/person\/3aa1163ef05469c496fc94e77611ada2","name":"admin","image":{"@type":"ImageObject","inLanguage":"sq-AL","@id":"https:\/\/fjala.info\/2009-2015\/wp-content\/uploads\/2012\/02\/arben_cokaj-120x150.jpg","url":"https:\/\/fjala.info\/2009-2015\/wp-content\/uploads\/2012\/02\/arben_cokaj-120x150.jpg","contentUrl":"https:\/\/fjala.info\/2009-2015\/wp-content\/uploads\/2012\/02\/arben_cokaj-120x150.jpg","caption":"admin"},"description":"Admin, Fjala e Lir\u00eb","sameAs":["https:\/\/fjala.info\/"],"url":"https:\/\/fjala.info\/2009-2015\/author\/admin\/"}]}},"_links":{"self":[{"href":"https:\/\/fjala.info\/2009-2015\/wp-json\/wp\/v2\/posts\/5862","targetHints":{"allow":["GET"]}}],"collection":[{"href":"https:\/\/fjala.info\/2009-2015\/wp-json\/wp\/v2\/posts"}],"about":[{"href":"https:\/\/fjala.info\/2009-2015\/wp-json\/wp\/v2\/types\/post"}],"author":[{"embeddable":true,"href":"https:\/\/fjala.info\/2009-2015\/wp-json\/wp\/v2\/users\/1"}],"replies":[{"embeddable":true,"href":"https:\/\/fjala.info\/2009-2015\/wp-json\/wp\/v2\/comments?post=5862"}],"version-history":[{"count":0,"href":"https:\/\/fjala.info\/2009-2015\/wp-json\/wp\/v2\/posts\/5862\/revisions"}],"wp:attachment":[{"href":"https:\/\/fjala.info\/2009-2015\/wp-json\/wp\/v2\/media?parent=5862"}],"wp:term":[{"taxonomy":"category","embeddable":true,"href":"https:\/\/fjala.info\/2009-2015\/wp-json\/wp\/v2\/categories?post=5862"},{"taxonomy":"post_tag","embeddable":true,"href":"https:\/\/fjala.info\/2009-2015\/wp-json\/wp\/v2\/tags?post=5862"}],"curies":[{"name":"wp","href":"https:\/\/api.w.org\/{rel}","templated":true}]}}