{"id":5860,"date":"2012-11-12T21:15:24","date_gmt":"2012-11-12T20:15:24","guid":{"rendered":"http:\/\/www.fjala.info\/?p=5860"},"modified":"2012-11-12T21:15:24","modified_gmt":"2012-11-12T20:15:24","slug":"ka-vdekur-daniel-gazulli-nje-ze-i-nderuar-i-kultures-sone","status":"publish","type":"post","link":"https:\/\/fjala.info\/2009-2015\/ka-vdekur-daniel-gazulli-nje-ze-i-nderuar-i-kultures-sone\/","title":{"rendered":"Ka vdekur Daniel Gazulli, nj\u00eb z\u00eb i nderuar i kultur\u00ebs son\u00eb"},"content":{"rendered":"<p><img decoding=\"async\" class=\"alignright size-thumbnail wp-image-7236\" title=\"Daniel Gazulli\" src=\"http:\/\/www.fjala.info\/2012\/daniel_gazulli_old.jpg\" alt=\"\" width=\"200\" \/> <strong>TemA Online<\/strong>, <em>12 N\u00ebntor 2012<\/em><\/p>\n<p><em>Ka vdekur Daniel Gazulli, nj\u00eb z\u00eb i nderuar i kultur\u00ebs son\u00eb, p\u00ebrkthyes, njeri i letrave dhe m\u00ebsues i nderuar i disa brezave. Ka qene nj\u00eb bashk\u00ebpun\u00ebtor i nderuar i gazet\u00ebs Tema p\u00ebr vite t\u00eb t\u00ebra. Ai ka botuar shkrime me tema historike dhe portrete t\u00eb figurave t\u00eb shquara t\u00eb kombit ton\u00eb.<\/em><\/p>\n<p>N\u00eb shenj\u00eb nderimi p\u00ebr t\u00eb po ribotojm\u00eb shkrimin e fundit, botuar n\u00eb gazet\u00ebn Tema me rastin e 84 vjetorit t\u00eb pushkatimit t\u00eb nj\u00eb prej paraardh\u00ebsve t\u00eb tij, Martiri i Atdheut, Dom Gjon Gazulli, i pushkatuar prej Mbretit Zog.<br \/>\n__________________________________________<\/p>\n<p><strong>MARTIRI I ATDHEUT DOM GJON G\u00c0ZULLI<\/strong><\/p>\n<p>&#8211; <em><strong>N\u00eb 84 vjetorin e varjes<\/strong><\/em> \u2013<\/p>\n<p>Nga <strong>Daniel G\u00e0zulli<\/strong><\/p>\n<p><strong>I<\/strong>.<\/p>\n<p>Mbas vrasjes s\u00eb atdhetarit opozitar, demokratit t\u00eb madh Luigj Gurakuqi, t\u00eb idhullit t\u00eb rinis\u00eb shqiptare e liridash\u00ebsit t\u00eb zjarrt\u00eb Avni Rrustemi, t\u00eb Plakut t\u00eb Maleve, Lisit t\u00eb paepun t\u00eb Kosov\u00ebs, Bajram Curri, nga mbeturinat antikombtare osmane haxhiqamiliste, rradha e eleminimit fizik i kishte ardh\u00eb deputetit t\u00eb Opozit\u00ebs, atdhetarit intelektual, Dom Gjon G\u00e0zulli, t\u00eb cilit anadollaku Ahmet Zogolli i zgjodhi, si prift katolik q\u00eb ishte, m\u00ebnyr\u00ebn ma \u201cspaciale\u201d dhe ma \u00e7njer\u00ebzore: \u201cvarjen\u201d.<\/p>\n<p>N\u00eb Vorrezat e Rr\u00ebmajit, atje ku prehen bij\u00eb t\u00eb shquem t\u00eb Shqipes, atje ku jan\u00eb themelet prej graniti t\u00eb nj\u00eb Kombi, asht vorr i tij i thjesht\u00eb, ndreq\u00eb rishtas prej familjar\u00ebve pse ishte damtue shum\u00eb. Ka plot 84 vjet q\u00eb besimtar\u00eb e jo besimtar\u00eb, t\u00eb krishten\u00eb e musliman\u00eb, ndalen tek ai vorr, ndezin nj\u00eb qiri, lan\u00eb nj\u00eb tuf\u00eb lule apo l\u00ebmosh\u00eb p\u00ebr t\u00eb vorfnit. \u201cVorri i Dom Gjonit\u201d, i thon\u00eb thjesht\u00eb shkodran\u00ebt, ndoshta edhe pa dijt\u00eb shum\u00eb\u00e7ka p\u00ebr T\u00eb, por tashma me nj\u00eb bindje t\u00eb trash\u00ebgueme nga brezi n\u00eb brez se Ai asht Vorr i Shejt\u00eb. Asht vorri i thjesht\u00eb i Martirit Dom Gjon G\u00e0zullit, var\u00eb n\u00eb litar 84 vjet ma par\u00eb, me 5 Mars 1927. Dora gjakatare po ajo: Ahmet Zogolli.<\/p>\n<p>Sot edhe Vatikani ka hap\u00eb procedur\u00ebn p\u00ebr shejtnimin e tij. Dhe ja, dhjetorin q\u00eb shkoi, n\u00eb Katedralen e Shkodr\u00ebs, u zhvillua seanca e fundit e Gjyqit Kishtar Kanonik p\u00ebr shpalljen Martir\u00eb t\u00eb Kish\u00ebs Katolike t\u00eb 40 klerik\u00ebve e laik\u00ebve t\u00eb mbytun gjat\u00eb shekullit XX, nd\u00ebr ta edhe Martiri Dom Gjon G\u00e0zulli.<\/p>\n<p><strong>Po a ishte Shejt Dom Gjoni?<\/strong><\/p>\n<p>Le t\u2019i p\u00ebrgjigjen t\u00eb tjer\u00eb k\u00ebsaj pyetje.<\/p>\n<p>Jeta e vepra e Tij jan\u00eb d\u00ebshmi e ndrit\u00ebshme se Ai ishte, po, Atdhetar dhe demokrat nd\u00ebr ma t\u00eb past\u00ebrtit q\u00eb shkelen, jetuen, punuen e u flijuen p\u00ebr vendin dhe popullin e vet.<\/p>\n<p>Kleri Katolik, sogje nd\u00ebr shekuj n\u00eb mbrojtje e n\u00eb luft\u00eb p\u00ebr liri t\u00eb Shqiptaris\u00eb e t\u00eb Fes\u00eb, kishte provue mijra sh\u00ebmtime mbi vete prej pushtues\u00ebve otoman\u00eb. Mjaft t\u00eb kujtojm\u00eb nj\u00eb prej tyne: Masakrimin e t\u00eb madhit, madh\u00ebshtorit, Imzot Pjet\u00ebr Bogdanit. Si Ai u masakruen sa e sa Meshtar\u00eb e besimtar\u00eb t\u00eb tjer\u00eb katolik\u00eb!<\/p>\n<p>Kujtuen shqiptar\u00ebt se mbas Dit\u00ebs s\u00eb Madhe t\u00eb 28 Nandorit 1912 nuk do t\u00eb provonin ma sh\u00ebmtime e masakrime si ato t\u00eb turq\u00ebve. Po jo, \u00e7iban\u00ebt q\u00eb la mbrapa otomani, feudal\u00ebt e agallar\u00ebt atavik\u00eb, shartue shpirtin me urrejtje aziatike ndaj t\u00eb krishten\u00ebve, edhe pse bashkatdhetar\u00eb t\u00eb tyne, shikonin po t\u00eb njejtat andrra t\u00eb kobshme:<\/p>\n<p>\u201cMe ambasadorin anglez Ahmet Zogu n\u00eb 1927 u ankue p\u00ebr klerik\u00ebt katolik\u00eb: \u201cAh sa shum\u00eb do t\u00eb d\u00ebshroja t\u2019i varja ashtu si\u00e7 e meritojn\u00eb\u201d\u2026E q\u00eb t\u00eb k\u00ebnaqte k\u00ebrkesen e mbrendshme p\u00ebr t\u2019i var\u00eb, ai \u00e7oi n\u00eb trekamb\u00ebsh nj\u00eb klerik\u2026( Dom Gjon G\u00e0zullin).<\/p>\n<p>Ky veprim bani q\u00eb p\u00ebrfaq\u00ebsuesi amerikan n\u00eb Tiran\u00eb t\u00eb komentonte, lidhun me k\u00ebte ngjarje, se ndrysh nga p\u00ebrsonifikimi i Drejt\u00ebsis\u00eb P\u00ebrendimore, nj\u00eb P\u00ebrendesh\u00eb me sy t\u00eb lidhun, q\u00eb mban n\u00eb dor\u00eb peshoren e paan\u00ebshme t\u00eb fajeve t\u00eb t\u00eb gjith\u00eb atyne q\u00eb gjykohen prej saj, drejt\u00ebsia shqiptare asht nj\u00eb zonj\u00eb muhamedane, q\u00eb her\u00eb mbas here v\u00ebshtron tinzisht p\u00ebrmes per\u00e7es se cili ndodhet mbi pjat\u00eb, p\u00ebrpara se t\u00eb rregulloj\u00eb gurin e peshores.\u201d (Bernd Fischer \u2013 Re Zog e la lotta per stabilit\u00e0 in Albania, Monographs dell\u2019Europa orientale, Boulder, 1984.)<\/p>\n<p>Ky ishte Ahmet Zogolli i Matit, q\u00eb d\u00ebnonte me tre vjet burg atentatorin e tij Beqir Valteri, nd\u00ebrsa \u00e7onte n\u00eb litar meshtarin Dom Gjon G\u00e0zulli, pa i provue asnj\u00eb faj, n\u00ebse faj nuk do t\u00eb konsiderohen:<\/p>\n<p>&#8211; T\u00eb duesh Atdheun deri n\u00eb flijim p\u00ebr t\u00eb;<\/p>\n<p>&#8211; T\u00eb flijohesh p\u00ebr liri e drejt\u00ebsi t\u00eb popullit tand;<\/p>\n<p>&#8211; T\u00eb shkrihesh p\u00ebr p\u00ebrparimin e tij;<\/p>\n<p>&#8211; T\u00eb kesh miq tosk\u00eb e geg\u00eb, t\u00eb krishten\u00eb e musliman\u00eb, e me t\u00eb gjith\u00eb tok t\u00eb luftojsh p\u00ebr nj\u00eb Shqipni Etnike.<\/p>\n<p>Ndoshta k\u00ebto vepra p\u00ebr disa jan\u00eb faje edhe sot, pse, nd\u00ebrsa Dom Gjoni n\u00ebmos tjet\u00ebr e ka nj\u00eb vorr, i v\u00ebllaj, gjuh\u00ebtari i shquem Dom Nikoll\u00eb G\u00e0zulli, pushkatue pa gjyq me 02 shkurt 1946, nuk dihet as ku i ka eshtnat, ashtu si nuk dihet ku kan\u00eb eshtnat shum\u00eb e shum\u00eb klerik\u00eb e atdhetar\u00eb t\u00eb mir\u00ebfillt\u00eb masakrue prej band\u00ebs serbo-komuniste me n\u00eb krye Mehmet Shehun, Shefqet Pe\u00e7in, Ko\u00e7i Xoxen etj., n\u00eb Mal\u00ebsi t\u00eb Mbishkodr\u00ebs n\u00eb vitet 1944-1946.<\/p>\n<p>Ahmet Zogolli nuk e nd\u00ebrpreu asnj\u00ebher\u00eb luft\u00ebn kund\u00ebr Klerit Katolik. Jo rast\u00ebsisht ipeshkvijt\u00eb i drejtoheshin m\u00eb 1933 (kur i paten zan\u00eb \u201cdrit\u00ebn\u201d shkollat katolike) se, \u201cNa jemi k\u00ebtu prej dymij\u00eb vjet\u00ebsh; katolik\u00eb at\u00ebher\u00eb edhe sot, shqiptar\u00eb at\u00ebher\u00eb shqiptar\u00eb edhe sot\u201d.<\/p>\n<p><em>Si mund t\u00eb shpjegohet kjo?<\/em><\/p>\n<p>P\u00ebgjigjen na e jep qysh n\u00eb vitin 1933 nj\u00eb njeri i \u00e7liruem nga \u00e7do lloj trysnie, pse tashma gjendej i m\u00ebrguem n\u00eb Franc\u00eb e mund t\u00eb shprehej lirisht. Sundimtar\u00ebt shqiptar\u00eb, q\u00eb vinin nga administrata osmane, her\u00eb mbas here ktheheshin tek origjina, qoft\u00eb si mend\u00ebsi, por sidomos n\u00eb veprime. Ja si thot\u00eb, pra, At Frano Karma n\u00eb 1933: \u201cFara e keqe e sektarizmit kund\u00ebr katolik\u00ebve, p\u00ebrhap\u00eb nga Turqit ve\u00e7anarisht tek paria shqiptare muslimane, prodhoi p\u00ebrgjat\u00eb tre shekujve frytet e veta ma t\u00eb k\u00ebqija, dhe p\u00ebr fat t\u00eb keq vazhdoi t\u2019i prodhoj\u00eb edhe ma t\u00eb helmta q\u00ebkurse nj\u00eb pjes\u00eb e Shqipnis\u00eb u shpall e pavarun qysh para nj\u00ebzet vjet\u00ebve. P\u00ebr rrjedhoj\u00eb, katolik\u00ebt shqiptar\u00eb ndjejn\u00eb t\u00eb randoj\u00eb mbi ta nj\u00eb atmosfer\u00eb e rand\u00eb vdekjepruese.<\/p>\n<p>N\u00eb t\u00eb v\u00ebrtet\u00eb, duhet than\u00eb se shumica e musliman\u00ebve shqiptar\u00eb \u2026.. gjithmon\u00eb kan\u00eb dasht\u00eb t\u00eb jetojn\u00eb n\u00eb paq\u00eb v\u00ebllaznore me katolik\u00ebt. Tue p\u00ebrfitue n\u00eb t\u00eb gjitha rastet p\u00ebr t\u00eb nxit\u00eb nd\u00ebr ta fanatizmin fetar musliman, jan\u00eb gjithmon\u00eb kren\u00ebt ata q\u00eb kan\u00eb ushqye urrejtjen ndaj katolik\u00ebve\u201d.<\/p>\n<p>Natyrisht, mundet mos me qen\u00eb e k\u00ebtij mendimi historiografia e sotme shqiptare. Jo q\u00eb sigurisht nuk asht. Fatkeq\u00ebsisht tek na shkenca i asht n\u00ebnshtrue gjithmon\u00eb politik\u00ebs. K\u00ebshtu, n\u00eb nj\u00eb koh\u00eb kur qeverit\u00eb tona me radh\u00eb i shesin p\u00ebr dy kacidhe pasunit\u00eb komb\u00ebtare Turqis\u00eb, prej Albtelekomit e deri te Minierat e Bakrit; kur shtetar\u00ebt tan\u00eb heqin nga zyrat bustin e Kastriotit pse u vjen p\u00ebr vizit\u00eb \u201cv\u00ebllau\u201d turk, kur presidenti Topi quen Lek\u00eb Zogollin \u201cNaltmadhni\u201d (e na kujtonim se mbas kapitullimit t\u00eb Italis\u00eb Fashiste nuk kishte ma mbret\u00ebn n\u00eb Shqipni), e nipi i Zogollit quhet Leka II, k\u00ebshilltar i Ministrit t\u00eb Jasht\u00ebm, kur \u2026. Nuk do t\u00eb kishin fund sh\u00ebmtimet e fallsifikimet e titujve t\u00eb pamoralsh\u00ebm. Shqiptar\u00ebt jan\u00eb hutue: po baltosen p\u00ebrdit\u00eb liberatori i madh, demokrati Luigj Gurakuqi (Ndoshta ndokush sot shfren me vete: \u201cAh, t\u00eb kisha mund\u00ebsi t\u2019ia hiqja emnin e tij Universitetit t\u00eb Shkodr\u00ebs!\u201d- ashtu si prish\u00ebn Sht\u00ebpin\u00eb e tij Muze), i shk\u00eblqyeshmi liridash\u00ebs Avni Rrustemi, Plaku i Maleve Bajram Curri, atdhetari i urt\u00eb Hasan Prishtina \u2026 E nuk asht me u \u00e7udit\u00eb: A nuk po hedhin balt\u00eb deri mbi Gjergj Kastriotin \u201cinglishmen\u00ebt\u201d e Tiran\u00ebs e \u201cjatullah\u00ebt\u201d e Prishtin\u00ebs?<\/p>\n<p><strong>II<\/strong>.<\/p>\n<p>N\u00eb vitin 1961, kur u kthye n\u00eb Atdhe mbas 35 vjet\u00ebve m\u00ebrgim, tregonte v\u00ebllaj i Dom Gjonit, Stefani:<\/p>\n<p>\u201cNa e ndjenim thell\u00eb p\u00ebrgjegj\u00ebsin\u00eb ndaj Atdheut. Lirin\u00eb e kishim n\u00eb gjak, e kishim trash\u00ebgue, nuk na u desht shum\u00eb me e k\u00ebrkue \u201d.<\/p>\n<p>E t\u00eb par\u00ebt e tyne ishin Gjon G\u00e0zulli i madh, astronomi, matematikani e ambasadori i Kastriotit n\u00eb Shekullin e Madh, Pal G\u00e0zulli, ambasador i Kastriotit pran\u00eb Republik\u00ebse s\u00eb Raguz\u00ebs n\u00eb vitet 1452-1459 dhe Rektor i Shkollave t\u00eb asaj Republike, Doktori i Filozofis\u00eb Imzot Ndue G\u00e0zulli, Arqipeshk\u00ebv i Shkupit (1702-1753), Abati i Mirdit\u00ebs Ndr\u00e8 G\u00e0zulli (shek XVII), Andrea G\u00e0zulli, komandant i Forcave t\u00eb Veriut pran\u00eb Ali Pash\u00eb Tepelen\u00ebs deri me sulmin e tij barbar mbi Kardhiq, e k\u00ebshtu me radh\u00eb, pse gjithmon\u00eb nd\u00ebr shekuj ka qen\u00eb t\u00eb pakt\u00ebn nj\u00eb pinjoll i familjes q\u00eb do t\u00eb shkonte p\u00ebr studime n\u00eb Universitetet e Europ\u00ebs, e seicili prej tyne u shkri p\u00ebr Atdhe. Jo, nuk dijt\u00ebn Ata t\u00eb vdisnin me krye n\u00eb jastek, sa koh\u00eb q\u00eb Atdheu ishte n\u00ebn thundr\u00ebn e mner\u00ebshme otomane apo t\u00eb sllavit.<\/p>\n<p>Po n\u00eb fillim t\u00eb shekullit XX, ishin tre v\u00ebllaz\u00ebn nj\u00ebher\u00ebsh, Gjoni (1893 \u2013 1927), Nikolla (1895 \u2013 1946) dhe Stefani (1896 \u2013 1964), q\u00eb vijuen studimet jasht\u00eb shteti.<\/p>\n<p>Gjoni, ashtu siedhe Nikolla e Stefani, leu n\u00eb Daj\u00e7 t\u00eb Sap\u00ebs (Zadrim\u00eb) me 26 Mars 1893. M\u00ebsimet e para i bani n\u00eb shkoll\u00ebn e fshatit, q\u00eb e kishte \u00e7el\u00eb Dom Ndre Mjeda.<\/p>\n<p>Si vijoi t\u00eb mesm\u00ebn n\u00eb Shkod\u00ebr, studimet e matejshme i ndoq n\u00eb Itali dhe Austri, ku ishte edhe v\u00ebllaj tjet\u00ebr, Nikolla.<\/p>\n<p>Ai u Shugurue Meshtar me 4 Gusht 1919 n\u00eb vendlindje, n\u00eb Daj\u00e7. Mbas nj\u00eb sh\u00ebrbimi t\u00eb shkurt\u00eb n\u00eb Gjad\u00ebr t\u00eb Lezh\u00ebs, e \u00e7uen n\u00eb Qel\u00ebz t\u00eb Puk\u00ebs.<\/p>\n<p>Famullia e Qel\u00ebzes ishte i p\u00ebrbame prej 9 katundesh. Kishte nj\u00eb organizim shembullor, gja jo e zakont\u00eb p\u00ebr at\u00eb koh\u00eb. Dom Gjoni dijti me i hy n\u00eb zem\u00ebr popullit, e t\u00eb gjith\u00eb p\u00ebrendonin mbas tij. Ishte sh\u00ebndetpak\u00eb, por me vullnet hekuri. P\u00ebrher\u00eb buz\u00ebgaz, i rrept\u00eb me vete, poaq bujar, i \u00e7ilt\u00eb e i dashtun me t\u00eb tjer\u00ebt.<\/p>\n<p>Dom Gjoni u ishte p\u00ebrkushtue problemeve t\u00eb vendit qysh kur ndiqte studimet n\u00eb Rom\u00eb, aqsa poeti arb\u00ebresh Agostino Ribecco (1867-1928) e cil\u00ebson m\u00eb 1915 \u201cAtdhetari i madh Gjon G\u00e0zulli\u201d.<\/p>\n<p>Tue pa trazimet e Atdheut, ai u angazhue p\u00ebrkrah Luigj Gurakuqit, Avni Rrustemit, Fan Nolit, Bajram Currit, Gjergj Fisht\u00ebs, Hasan Prishtin\u00ebs, n\u00eb at\u00eb krah q\u00eb asht quejt\u00eb n\u00eb histori \u201copozita\u201d, pse i ishte kund\u00ebrvu \u201cpopullores\u201d s\u00eb Ahmet Zogut, dhe n\u00eb zgjedhjet politike t\u00eb vitit 1923 Dom Gjoni u zgjodh deputet.<\/p>\n<p><em>Po le t\u00eb ndalemi pak k\u00ebtu.<\/em><\/p>\n<p>A ishin parti politike \u201copozita\u201d dhe \u201cpopullorja\u201d? Absolutisht jo! Ato ishin dy kahje t\u00eb politik\u00ebs shqiptare t\u00eb koh\u00ebs, q\u00eb p\u00ebrfaq\u00ebsonin dy mend\u00ebsi. Nd\u00ebrsa \u201copozita\u201d kishte n\u00eb p\u00ebrbamjen e saj atdhetar\u00eb t\u00eb shquem, intelektual\u00eb t\u00eb mir\u00ebfillt\u00eb, and\u00ebrrues t\u00eb pandreqsh\u00ebm t\u00eb nj\u00eb Shqipnia Etnike e t\u00eb lir\u00eb, me v\u00ebshtrim nga Europa, \u201cpopullorja\u201d e Ahmet Zogollit dhe vjehrrit t\u00eb tij Shefqet Verlaci, donte t\u00eb vendoste ligje aziatike, nd\u00ebrkoh\u00eb q\u00eb edhe vet\u00eb Turqia e Ataturkut i kishte kthye syt\u00eb nga Europa, donte nj\u00eb popull \u201craja\u201d, q\u00eb ta shkelte e ta shfryt\u00ebzonte nj\u00eblloj si kishte ba turku me ta e aty edhe ma keq.<\/p>\n<p>T\u00eb ndjekun prej mbetjeve ma t\u00eb p\u00ebr\u00e7udnueme t\u00eb Stambollit, ashtu si i ka pikturue At Fishta, \u201cKy bab\u00ebn gjaks, gjyshin katil, st\u00ebrgjyshin mizuer \u2026 has\u00ebm t\u00eb kultur\u00ebs \u2026\u201d, ata nuk p\u00ebrfaq\u00ebsonin asnj\u00eb interes t\u00eb popullit shqiptar, po nj\u00eb interes t\u00eb ngusht\u00eb bejler\u00ebsh q\u00eb donin me ruejt\u00eb ato previlegje q\u00eb i kishin sigurue tue i sh\u00ebrbue pushtuesit otoman, kryesisht n\u00eb nj\u00eb rreth nepotik: Ahmet Zogu, nipi i Esat Pash\u00eb Toptanit, dhandrri i Shefqet Verlacit, kunati i Ceno bej Kryeziut, nj\u00eb qerthull mehmur\u00ebsh anadollak\u00eb, ataviz\u00ebm e koh\u00ebs kobzez\u00eb t\u00eb gjys\u00ebmhan\u00ebs, t\u00eb shitun te serbi deri n\u00eb dit\u00ebn e vdekjes.<\/p>\n<p>Nd\u00ebrkoh\u00eb, tue qen\u00eb meshtar n\u00eb Qel\u00ebz, meshtari-deputet Dom Gjon Gazulli kreu at\u00eb akt q\u00eb p\u00ebr koh\u00ebn ishte nj\u00eb veprim revolucionar i pashembullt: Hapi n\u00eb qel\u00eb (sht\u00ebpin\u00eb ku banonte vet\u00eb, ashtu si ban\u00eb edhe shum\u00eb klerik\u00eb t\u00eb tjer\u00eb) shkoll\u00ebn e par\u00eb mikse n\u00eb bot\u00eb. Po po, n\u00eb bot\u00eb. Asht di\u00e7ka e v\u00ebshtir\u00eb p\u00ebr brezin e ri me kuptue disa gjana, por edhe n\u00eb Europ\u00ebn e p\u00ebrparueme shkollat mikse (djelm e vajza bashk\u00eb) jan\u00eb \u00e7el\u00eb p\u00ebr her\u00eb t\u00eb par\u00eb mbas Luft\u00ebs s\u00eb Dyt\u00eb Botnore, n\u00eb Franc\u00eb m\u00eb 1948, kurse n\u00eb Itali kat\u00ebr vjet ma von\u00eb, m\u00eb 1952. Kurse ai, prift, hapi n\u00eb qel\u00eb shkoll\u00eb mikse me djelm e vajza bashk\u00eb, t\u00eb krishten\u00eb e musliman\u00eb bashk\u00eb. Ja p\u00ebrse thash se ai ishte nj\u00eb revolucionar i v\u00ebrtet\u00eb, n\u00eb kuptimin ma t\u00eb mir\u00eb, t\u00eb sakt\u00eb e ma modern t\u00eb vet\u00eb konceptit t\u00eb v\u00ebrtet\u00eb t\u00eb fjal\u00ebs \u201crevolucionar\u201d.<\/p>\n<p>Jo rast\u00ebsisht nj\u00eb nd\u00ebr votuesit e tij kryesor\u00eb, pse zgjedhjet n\u00eb at\u00eb koh\u00eb baheshin me p\u00ebrfaq\u00ebsim, ka qen\u00eb Myftiu i Hasit. Kur Musa Juka iu drejtue Myftiut: \u201cPo ti, si nuk pate turp q\u00eb votove p\u00ebr priftin?!\u201d, Myftiu, pa prish\u00eb terezin\u00eb, iu gjegj i qet\u00eb: \u201cNuk votova p\u00ebr priftin, po p\u00ebr at\u00eb q\u00eb po na m\u00ebson p\u00ebrdit\u00eb \u00e7ka do me than\u00eb Shqipni, \u00e7ka do me than\u00eb Atdhe\u201d.<\/p>\n<p>N\u00eb nj\u00eb fletore kujtimesh me titull t\u00eb p\u00ebrgjith\u00ebsh\u00ebm q\u00eb pat lan\u00eb, shkrue me dor\u00ebn e Tij,\u201cNjizet fytyrat ma n\u00eb shej t\u00eb koh\u00ebs teme\u201d (Nj\u00ebzet figurat ma t\u00eb shqueme t\u00eb koh\u00ebs time), tremb\u00ebdhjet\u00eb ishin musliman\u00eb: Bajram Curri, Hasan Pristina, Avni Rrustemi, Mehmet Vokshi etj; e Ai vet\u00eb ishte prift, po prift SHQIPTAR, me t\u00eb gjitha shkronjat t\u00eb m\u00ebdhaja.<\/p>\n<p>Paraardh\u00ebsit e tij, n\u00eb koh\u00eb shum\u00eb ma pak t\u00eb kthjellta, e kishin tregue se asnj\u00ebher\u00eb nuk i kishte v\u00ebrbue ndasia, apo deri urrejtja, p\u00ebr motive fetare.<\/p>\n<p>Ja \u00e7\u2019thot\u00eb Pouqueville tek \u201cHistoria e P\u00ebrlindjes greke\u201d: \u201cAndrea (Ndreka) u gjet si prijs i Mirditasve at\u00eb dit\u00eb q\u00eb Ali Pasha (Tepelena) mblodhi popullin e Kardhiqit te Hani i Hormov\u00ebs me u pajtue me ta, por n\u00eb t\u00eb v\u00ebrtet\u00eb me mendimin me i gr\u00ec. Alia, tue mendue se katolik\u00ebt, p\u00ebr fanatiz\u00ebm fetar, kishin me e zbatue urdhnin kund\u00ebr nj\u00eb popullsie muslimane, sillet prej Taborrit t\u00eb Zi, quejt\u00eb k\u00ebshtu prej xhurdinit t\u00eb zi q\u00eb mbanin, e u thot\u00eb me gr\u00ec anmiqt\u00eb. Nd\u00ebr ata trima katolik\u00eb u ndje nj\u00eb za i leht\u00eb \u2013 Pasha kujton se duem me lyp\u00eb pare p\u00ebr shp\u00ebrblim; e Aliu i sillet: Lypni sa t\u00eb doni, por m\u2019i grini k\u00ebta qafira! At\u00ebher\u00eb duel komandanti i tyne Andrea G\u00e0zulli e i thot\u00eb Ali Pash\u00ebs: \u201cNa nuk kemi ardh\u00eb k\u00ebtu me u vra me njer\u00ebzit tan\u00eb! \u2026 \u201c. Por u gjet nj\u00eb far\u00eb Athanas Vajo, grek i pashpirt, e at\u00eb dit\u00eb qen\u00eb pr\u00e9 n\u00eb sakica 600 vet\u00eb n\u00eb Han t\u00eb Hormov\u00ebs\u201d.<\/p>\n<p>Komandanti Andrea Gazulli mori taborrin e geg\u00ebve e u kthye n\u00eb Veri.<\/p>\n<p>Dom Gjon G\u00e0zulli kishte nj\u00eb histori shembullore mbas vetes, q\u00eb do t\u2019i sh\u00ebrbente n\u00eb jet\u00ebn e tij t\u00eb panjoll\u00eb.<\/p>\n<p><strong>III<\/strong>.<\/p>\n<p>T\u00eb ndalemi s\u00ebrishmi tek ai q\u00eb asht quejt\u00eb dikur \u201cRevolucioni i qershorit 1924\u201d, kurse sot \u201cinglishmen\u00ebt\u201d e Tiran\u00ebs, lakejt e Lek\u00eb Zogollit e miqt\u00eb Lek\u00ebs II (sic!) e quejn\u00eb me eleganc\u00eb n\u00eb frengjisht \u201cCoup d\u2019\u00catat\u201d (grusht shteti),kurse Fishta e quente \u201cTrazimet e qershorit 1924\u201d.<\/p>\n<p>N\u00ebse q\u00e9 nj\u00eb \u201cCoup d\u2019\u00catat\u201d (grusht shteti), kush e bani at\u00eb?<\/p>\n<p>Fan S. Noli! \u2013 Japin p\u00ebrgjigjen menj\u00ebher\u00eb \u201chistorian\u00ebt\u201d e papaguem t\u00eb Tiran\u00ebs. Se k\u00ebtu q\u00ebndron e bukura tek na: historian\u00ebt shiten edhe pa u pague.<\/p>\n<p>Po e v\u00ebrteta? Po d\u00ebshmitar\u00ebt e koh\u00ebs \u00e7\u2019thon\u00eb? Vall\u00eb akt i nj\u00eb t\u00eb \u00e7menduni t\u00eb quejtun Selim Re\u00e7i ishte vrasja e Avni Rrustemit me 22 prill 1924?<\/p>\n<p>Zgjedhjet e 27 Nandorit 1923, edhe pse i fitoi, nuk e pat\u00ebn k\u00ebnaq\u00eb Ahmet Zogollin. Ato u zhvilluen n\u00eb rrethana e kushte tejet t\u00eb pafavorshme p\u00ebr opozit\u00ebn demokratike, megjithate nuk u realizue gjith\u00eb ambicja e tij. Ja si shkruen Fishta pak muej ma von\u00eb: \u201cKalben gjindja n\u00eb burg, tue prit\u00eb me vjet\u00eb e vjet gjygjin definitiv t\u00eb gjykatoreve: por Nuz Vrijoni&amp;Co, t\u00eb gjykuem p\u00ebr jet\u00eb, l\u00ebshohen prej burgut koh\u00ebn e eleksjoneve, pa kurrnji vendim t\u2019autoritetit judicjar. Derdhen miljona e derdhet gjak p\u00ebr me \u00e7armatis\u00eb popullin: por q\u00e9 ministrat e kryeministri vet\u00eb, tin\u00ebz e n\u00ebn dor\u00eb, armatisin boshibozuk\u00ebt e Shqipnis\u00eb s\u00eb mesme e gjaksit e Dibr\u00ebs e t\u00eb Matit\u201d. Kjo pra kishte qen\u00eb klima e atyne zgjedhjeve.<\/p>\n<p>Praktikisht Asambleja e dal\u00eb nga ato zgjedhje ishte e pamundun t\u00eb bante di\u00e7ka p\u00ebr s\u00eb mbari.<\/p>\n<p>At\u00ebher\u00eb Ahmet Zogolli mendoi ta shp\u00ebrbante ate. Po si? Nuk kishte asnj\u00eb t\u00eb drejt\u00eb kushtetuese ta bante k\u00ebte.<\/p>\n<p>\u201cPrandaj \u2013 vijon Fishta \u2013 duhej qi aj xhahili shqyptar t\u00eb gjete shkakun e t\u00eb gjete koh\u00ebn, se kur me ba k\u00ebt\u00eb Coup d\u2019\u00catat. Shkaku ma i mir\u00eb do t\u00eb ishte: me krijue anarkin n\u00eb Shqypni, p\u00ebr me mujt\u00eb me than\u00eb, se Asambleja nuk ishte e zoja me ruejt\u00eb qetsin e vendit. Mbasandej, per modum facti, me marr\u00eb fuqin\u00eb n\u00eb dor\u00eb n\u00ebp\u00ebrmjet njasaj force ilegale e boshibozuke, qi tinzi ishte tue e mb\u00ebkam\u00eb n\u00eb Mat e Dib\u00ebr.At\u00ebbot\u00eb me u deklarue diktator \u2026 \u201c.<\/p>\n<p>Ideja e shp\u00ebrbamjes s\u00eb Asambles\u00eb Komb\u00ebtare iu p\u00ebrshpejtue mbas atentatit t\u00eb Beqir Valterit. M\u2019at\u00eb rast ai filloi shp\u00ebrndamjen e arm\u00ebve boshibozuk\u00ebve t\u00eb tij an\u00eb e kand, nd\u00ebrsa p\u00ebrgjakte Mal\u00ebsit\u00eb e Veriut n\u00eb mbledhjen e arm\u00ebve.<\/p>\n<p>(N\u00eb parantez\u00eb duhet than\u00eb se e gjith\u00eb periudha e sundimit t\u00eb tij ishte e mbushun me atentate kund\u00ebr tij, e sidomos me vrasje me pages\u00eb prej tij t\u00eb lules s\u00eb kombit. Nd\u00ebr ata atentate q\u00eb kan\u00eb mbet\u00eb n\u00eb histori asht ai q\u00eb i bani Ndok\u00eb Gjeloshi n\u00eb Vjen\u00eb, por kalohet nj\u00eb fakt: \u00c7\u2019desht Zogolli n\u00eb Vjen\u00eb? Shkoi p\u00ebr mjekim, thon\u00eb. Apo n\u00eb nj\u00eb prej orgjive t\u00eb tij t\u00eb zakonshme seksuale me zojushat e atjeshme Fran\u00e7eska Janko dhe e motra Maria? Deri sa paguente aq vras\u00ebs, p\u00ebrse t\u00eb mos paguente edhe dy prostituta vieneze me taksat e shqiptar\u00ebve?)<\/p>\n<p>Historian\u00ebt nd\u00ebrkoh\u00eb duhet t\u00eb shpjegojn\u00eb p\u00ebrse i organizuen atentate deri edhe bashkpun\u00ebtor\u00ebt e tij ma t\u00eb ngusht\u00eb, si Eshref Frash\u00ebri, kryetar i Senatit, Ceno bej Kreziu, kunati i tij, Shefqet Verlaci, vjehrri i tij, e vargu do t\u00eb ishte i gjat\u00eb.<\/p>\n<p>Po le t\u00eb kthehemi n\u00eb pran\u00ebver\u00ebn e vitit 1924 kur nj\u00eb mullis, nj\u00eb i krisun i paguem e i strehuem prej tij: Selim Re\u00e7i q\u00eb shtin mbi fatosin e kombit Avni Rrustemi. Pra anarkia u sigurue!<\/p>\n<p>Po Zogolli dhe vjehrri i tij kryeminst\u00ebr Shefqet Verlaci k\u00ebsaj radhe nuk i kishin ba llogarit\u00eb mir\u00eb: P\u00eb rreth trupit t\u00eb Fatosit t\u00eb Kombit u mblodh Shqipnia mbar\u00eb, prej Kosove, deri n\u00eb \u00c7am\u00ebri.<\/p>\n<p>Ishte kjo gjendje tragjike q\u00eb kishte krijue Zogolli e flama e tij n\u00eb mbar\u00eb vendin q\u00eb \u00e7oi n\u00eb rr\u00ebzimin e qeveris\u00eb dhe ikjen e Zogollit n\u00eb Beograd. Po po, n\u00eb Beograd, ku tjet\u00ebr? Vall\u00eb as ato fakte historike q\u00eb i ka n\u00eb dor\u00eb nj\u00eb Europ\u00eb mbar\u00eb mbi tradh\u00ebtin\u00eb e Zogollit historian\u00ebt tan\u00eb nuk i din\u00eb?!<\/p>\n<p><strong>IV<\/strong>.<\/p>\n<p>Dom Gjoni nuk u largue kur n\u00eb Shqipni u rikthye Zogu me hordhit\u00eb serbe e bjellogardist\u00ebt e Wrangelit. Nuk iku as at\u00ebher\u00eb kur Zogu i vrau miqt\u00eb e tij ma t\u00eb mir\u00eb, Luigj Gurakuqin e Bajram Currin.<\/p>\n<p>N\u00eb tetor 1945 Eduard Kardeli, numuri dy i Beogradit, porosiste Enver Hoxh\u00ebn: N\u00ebse do t\u00eb mbajsh pushtetin, n\u00eb radh\u00eb t\u00eb par\u00eb duhet t\u00eb zhdukish klerin katolik, dhe Enver Hoxha ashtu bani. T\u00eb njejt\u00ebn porosi i pat dhan\u00eb edhe Pashiqi Ahmet Zogut e ky u l\u00ebshue mbi Mirdit\u00eb, Zadrim\u00eb, Puk\u00eb e Dukagjin ma keq se serbi mbi Drenic\u00eb.<\/p>\n<p>Dom Gjonin, mbasi iu desht t\u00eb p\u00ebrballej n\u00eb krye t\u00eb pukjan\u00ebve t\u00eb Qelz\u00ebs me boshibozuk\u00ebt e P\u00ebllumb Lleshit, q\u00eb shkonin tue gjuejt\u00eb kudo ndeshnin Kryqat e tue vra edhe pukjan\u00ebt e pafaj tek ktheheshin me bag\u00ebti a prej mullinit, n\u00eb shkurt 1926 e transferuen dhe e \u00e7uen n\u00eb Koman. E puna e par\u00eb q\u00eb bani sa u vendue atje ishte me hap\u00eb edhe aty nj\u00eb shkoll\u00eb.<\/p>\n<p>Ahmet Zogu, para se me i shpreh\u00eb d\u00ebshiren e zjarr\u00eb ambasadorit anglez me var\u00eb klerin katolik, po zbatonte politik\u00ebn e tok\u00ebs s\u00eb djegun nd\u00ebr krahinat e krishtena t\u00eb Mirdit\u00ebs, Puk\u00ebs, Zadrim\u00ebs, Dukagjinit, Mal\u00ebsis\u00eb s\u00eb Madhe me and\u00ebrren e fsheht\u00eb q\u00eb t\u00eb ishte jo sundimtar i Shqipnis\u00eb, po i Arnautistanit anadollak. E p\u00ebr t\u00eb realizue k\u00ebte, duheshin zhduk\u00eb, ose ma e pakta, t\u00eb mundoheshin, sa t\u2019i detyronin me l\u00ebshue vendin, katolik\u00ebt e maleve, kurr\u00eb t\u00eb shtruem nga pushtuesit e tiran\u00ebt, pse si thot\u00eb Imzot Noli, \u201cVet\u00ebm Mal\u00ebsor\u00ebt e Veriut mbet\u00ebn Katholik\u00eb me arm\u00eb n\u00eb dor\u00eb\u2026\u201d.<\/p>\n<p>K\u00ebshtu, n\u00eb ver\u00ebn e vitit 1926, Ahmet Zogu i kishte dhan\u00eb let\u00ebr t\u00eb bardh\u00eb nj\u00eb katili si kapiten Ismajl Osmani, q\u00eb shkretoi fshatrat e Puk\u00ebs me njer\u00ebz e me pasuni. E njejta gja po ndodhte prej Fanit n\u00eb Dukagjin. Ajo q\u00eb asht quejt\u00eb Kryengritja e Veriut kund\u00ebr Ahmet Zogollit, n\u00eb t\u00eb v\u00ebrtet\u00eb nuk ka qen\u00eb tjet\u00ebr ve\u00e7se mbrojtje e liris\u00eb e deri egzistenc\u00ebs fizike nga masakrat mbi popullin e pambrojtun t\u00eb barbarit diktator t\u00eb Matit.<\/p>\n<p>Njer\u00ebzit u detyruen t\u00eb merrnin malet: N\u00eb Puk\u00eb, Kol\u00eb Bib\u00eb Miraka me t\u00eb v\u00ebllan\u00eb Pashukun e toger Spiro Kosov\u00ebn; n\u00eb Dukagjin nj\u00eb meshtar, Dom Loro Caka e dy oficera, togerat Ndok\u00eb Gjeloshi e Vas\u00eb Kiri (e bashk\u00eb me ta edhe At \u00c7iprian Nika, At Mati Prennushi). Malet kishte marr\u00eb edhe Shqipnia e Jugut. Por edhe asaj here shqiptar\u00ebt nuk dijt\u00ebn t\u00eb bashkoheshin e t\u2019i banin ball\u00eb s\u00eb keqes. E Puka e meshtar\u00ebve Dom Gjon G\u00e0zulli, Dom Nikoll\u00eb Gazulli e Dom Lek\u00eb Dredha, q\u00eb u p\u00ebrpoq\u00ebn t\u00eb ndalnin masakren mbi popull, po bahej zhur. Postkomandanti i Puk\u00ebs Ded\u00eb Sadrija kishte marr\u00eb urdhnin drejtp\u00ebrdrejt nga Zogolli: T\u00eb digjet Puka, sikur edhe p\u00ebr shtat\u00eb vjet atje t\u00eb mos mbij\u00eb ma bar!<\/p>\n<p>K\u00ebshtu kishte ba dikur edhe Turqia! Ahmet Zogolli po u d\u00ebshmonte shqiptar\u00ebve si ishte nip \u201ci dej\u00eb\u201d i Esat Pash\u00eb Toptanit!<\/p>\n<p>Dom Gjon G\u00e0zulli, n\u00eb pamund\u00ebsi me ndej\u00eb ma n\u00eb Koman, pse rrezikohej jeta e tij, u strehue n\u00eb Kalivare tek Dom Ndre Simoni. I than\u00eb t\u00eb largohej nga Shqipnia, n\u00ebse donte t\u00eb shp\u00ebtonte kryet. Po jo: ai nuk do ta linte kurr\u00eb truellin amtar! Ai, n\u00eb luft\u00eb me N\u00ebnprefektin anadollak t\u00eb Puk\u00ebs p\u00ebr \u00e7ashtje t\u00eb shkoll\u00ebs q\u00eb mbante n\u00eb Koman, Ai, q\u00eb ishte i mbuluem me nder prej Hasit n\u00eb Zadrim\u00eb, tashti ishte rrethue prej \u00e7akejsh e nuk mund t\u00eb kthehej ma as deri n\u00eb famull\u00ec. E Zogolli nxitoi t\u2019i thurte t\u00eb gjitha kurthet: s\u00eb pari, nj\u00eb hoxh\u00eb fanatik, q\u00eb rrejti nj\u00eb njeri qyqan e mendjeshterp\u00eb tue e nxit\u00eb t\u2019i bante nj\u00eb padi; sekreatri i Prefektur\u00ebs Ismaijl Axhemi (me origjin\u00eb turke), miku i ministrit Musa Juka, n\u00ebnprefekti Abedin Sakiqi, komandanti i rajonit Rexhep Aliaj \u2013 t\u00eb gjith\u00eb t\u00eb angazhuem me provue \u201cfajsin\u00eb\u201d e tij.<\/p>\n<p>Dom Gjon G\u00e0zulli, Dom Nikoll\u00eb G\u00e0zulli, Dom Lek\u00eb Dredha u arrestuen n\u00eb Kalivare me 28 dhjetor 1926, n\u00eb muzg t\u00eb mbramjes, n\u00ebsa po niseshin p\u00ebr Reps. I \u00e7uen n\u00eb Orosh ku i mbajten t\u00eb burgosun deri me 5 janar, kur i kthyen n\u00eb Puk\u00eb. Kapiteni katil Ismajl Osmani desht t\u2019i vriste qysh aty tre meshtar\u00ebt, po ia ndali dor\u00ebn gjakatare, q\u00eb kishte ba sa masakra an\u00eb e kand Puk\u00ebs, nj\u00eb oficer tjet\u00ebr trim, aspirant Ndue Pali.<\/p>\n<p>Tre meshtar\u00ebt u burgos\u00ebn n\u00eb nj\u00eb kthin\u00eb n\u00ebn shkall\u00eb: 75 cm e gjan\u00eb, nj\u00eb meter e gjat\u00eb. Aty u dergjen ata p\u00ebr dy net\u00eb e tri dit\u00eb.<\/p>\n<p>Gjyqi, nj\u00eb nd\u00ebr farsat ma t\u00eb neverit\u00ebshme t\u00eb Zogollit, akuzoi Dom Gjonin dhe shok\u00ebt e tij se: 1) kishte organizue kryengritjen; 2) kishte shp\u00ebrnda arm\u00eb nd\u00ebr male; 3) kishte pre telin e telefonit. Po po, e akuzuen se kishte pr\u00e9 telin e telefonit!<\/p>\n<p>Vendimi i gjyqit:<\/p>\n<p><strong>Dom Gjon G\u00e0zulli, d\u00ebnim me vdekje, varje n\u00eb litar<\/strong>.<\/p>\n<p>Dom Nikoll\u00eb G\u00e0zulli, me burg t\u00eb p\u00ebrjetsh\u00ebm \u2026. (Mbas 4 vjet\u00ebsh burg n\u00eb Kala t\u00eb Gjirokastres, me nd\u00ebrhymjen e intelektual\u00ebve ma t\u00eb shquem t\u00eb koh\u00ebs, e liruen. Sa duel prej burgut, iu dogj qela (sht\u00ebpia e banimit) \u201caksidentalisht\u201d bashk\u00eb me dor\u00ebshkrimet. A nuk i ishte djeg\u00eb 15 vjet ma par\u00eb biblioteka e pasun edhe t\u00eb Madhit Imzot Ka\u00e7orri?! Haxhi Qamil\u00ebt, q\u00eb dogj\u00ebn sh\u00ebrb\u00ebtorin, qel\u00ebn e bibliotek\u00ebn e Imzot Nikoll\u00eb Ka\u00e7orrit, nuk i kan\u00eb mungue kurr\u00eb Shqipnis\u00eb, e, p\u00ebr fat t\u00eb keq, nuk i mungojn\u00eb as sot).<\/p>\n<p>Arsyeja e v\u00ebrtet\u00eb: t\u00eb masakroheshin prift\u00ebnit, ashtu si ishin masakrue p\u00ebr pes\u00eb shekuj nga etnit e tij shpirtnor\u00eb, osman\u00ebt. Por jo si klerik\u00eb, pse at\u00ebher\u00eb do t\u00eb mbeteshin Martir\u00eb t\u00eb fes\u00eb, por si politikan\u00eb.<\/p>\n<p>Ja pra: \u201cSa d\u00ebshir\u00eb do t\u00eb kisha me i var\u00eb\u2026 \u201c<\/p>\n<p>Pjesa e pashkrueme e atij vendimi gjyqi kishte ma shum\u00eb rand\u00ebsi se d\u00ebnimi me varje i Dom Gjon G\u00e0zullit. Me at\u00eb varje barbare Zogolli u thonte t\u00eb gjith\u00ebve, n\u00eb radh\u00eb t\u00eb par\u00eb popullsis\u00eb s\u00eb Shqipnis\u00eb t\u00eb Veriut, kryesisht Mal\u00ebsor\u00ebve trima, kund\u00ebrshtar\u00ebt ma t\u00eb rrept\u00eb t\u00eb tij: Ose rrini urt\u00eb, ose t\u00eb gjith\u00eb n\u00eb litar si prifti!<\/p>\n<p><strong>V<\/strong>.<\/p>\n<p>Kujtonin ata q\u00eb u gjenden n\u00eb burg pran\u00eb Tij, nd\u00ebrsa ishte i d\u00ebnuem me varje n\u00eb litar, se si p\u00ebrpiqej t\u2019i ngushllonte. Po, t\u00eb ngushllonte ata, t\u00eb d\u00ebnuemit me burg! Ai, i d\u00ebnuemi me varje n\u00eb litar.<\/p>\n<p>Po sjell k\u00ebtu fragmente nga nj\u00eb intervist\u00eb dhan\u00eb t\u00eb p\u00ebrkoh\u00ebshmes gjermane \u201cKorrespondez des Priestergebetsve\u201d nga oficeri i ngarkuem me varjen e Dom Gjonit, nj\u00eb far\u00eb Xhemal Dibra:<\/p>\n<p>\u201cIshte ora 11 para mesnate. Udh\u00ebt e Shkodr\u00ebs ishin ende t\u00eb rrahuna prej njer\u00ebzish, pse ishte Bajram. Dhash urdh\u00ebn t\u00eb thirrej famullitari G\u00e0zulli n\u2019oborr, pse donte me fol\u00eb me t\u00eb Ipeshkvi. Gazulli zbriti posht\u00eb. E kuptoj \u00e7far\u00eb do t\u00eb ndodhte. Nj\u00eb fran\u00e7eskan me Sakramend ndej para tij (At Martin Gjoka, sh\u00ebnim im). \u2026 Fran\u00e7eskani kishte mbet\u00eb pa goj\u00eb. Famullitarit G\u00e0zulli nuk i ndrroi aspak ngjyra e fytyr\u00ebs. Un\u00eb e vuna ore mir\u00eb. Ai i kapi dor\u00ebn Atit e i tha: \u201cPater Martin, tash ke me m\u00eb rr\u00ebfye\u201d. Ati iu lut ushtar\u00ebve t\u00eb mbledhun p\u00ebr rreth me u largue. Mbasi na nuk u larguem, Ati i tha: \u2013 \u201cDom Gjon, rr\u00ebfeju, pra, latinisht a italisht\u201d. \u2013 \u201cJo, Pater, i p\u00ebrgjigjet G\u00e0zulli, t\u00eb mbramin rr\u00ebfim due me e ba n\u00eb gjuh\u00eb t\u00eb Nan\u00ebs\u201d.<\/p>\n<p>E k\u00ebshtu ai u rr\u00ebfye n\u00eb sy tan\u00eb. Na, Muhamedan\u00ebt, pak marrim vesht k\u00ebsi sendesh, por m\u00ebkat nuk d\u00ebgjuem prej goj\u00ebs s\u00eb tij. Mandej i dha Ati nj\u00eb buk\u00eb t\u00eb holl\u00eb, t\u00eb bardh\u00eb, e rrumbullak\u00ebt, q\u00eb e kap\u00ebrdini me nj\u00eb p\u00ebrshpirtn\u00ec t\u00eb madhe. Ai u dukte se po shndritte krejt fytyret. Tash u \u00e7il dera e burgut, e u nism\u00eb. Ushtar\u00ebt ishin para, mbrapa e n\u00eb t\u00eb dy an\u00ebt, ma shum\u00eb se kurr\u00eb. N\u00eb mjedis ishte Ai dhe Ati. Gjith\u00eb udh\u00ebn u luten te dy me za t\u00eb nalt\u00eb, por un\u00eb muejta me vu ore se zani i Atit dridhej, n\u00ebsa zani i famullitarit ting\u00ebllonte i qet\u00eb e i qart\u00eb. Nj\u00eb trimni kaq t\u00eb madhe kurr\u00eb s\u2019e pash n\u00eb jet\u00eb time. Un\u00eb e ushtar\u00ebt e mi ishim krejt n\u00ebn pesh\u00eb t\u00eb p\u00ebrshtypjes.<\/p>\n<p>Kishim arrijt\u00eb te vendi i vdekjes, n\u00eb Fush\u00eb t\u00eb Druve. Aty ishte shtylla e vdekjes.<\/p>\n<p>Magjypi ishte gati me litar n\u00eb dor\u00eb. Nj\u00eb drit\u00eb elektrike e shndritte thektas famullitarin n\u00eb fytyr\u00eb. Ai nuk dridhej aspak. Edhe mue m\u00eb kishte kap\u00eb frika. Mue m\u00eb ishte dasht\u00eb me p\u00ebrcjell\u00eb edhe t\u00eb tjer\u00eb te ky vend i mjer\u00eb, por tash ishte tjet\u00ebr. Un\u00eb kisha gati si nji frik\u00eb para qet\u00ebsis\u00eb s\u00eb k\u00ebtij prifti. Ai ishte me t\u00eb k\u00ebputme i pafaj. K\u00ebte e dijshim t\u00eb gjith\u00eb. Por, urdhni! Un\u00eb, sikur asht zakoni, i lash fjal\u00ebn e lir\u00eb. Por ma mir\u00eb mos ta kisha ba k\u00ebte gja! Ai nisi me fol\u00eb me nj\u00eb za aq t\u00eb fort\u00eb, e me fjal\u00eb t\u00eb drejta e q\u00eb t\u00eb k\u00ebputshin zemr\u00ebn, sa q\u00eb mue p\u00ebrnjimend m\u00eb kapi frika. E ta kisha lan\u00eb me shkue gjat\u00eb me fjal\u00eb, kishte muejt\u00eb t\u00eb gjith\u00ebve me na ba me u kthye prej vetit. Mue m\u00eb duhej me mendue p\u00ebr p\u00ebrgjegj\u00ebsin\u00eb teme. E i thash shkurt: Zotni, s\u2019duem me ndje predke! Foli fjal\u00ebt e mbrame. Mjaft! At\u00ebher\u00eb ai \u00e7oi zanin edhe ma e tha: Vet\u00eb po des i pafaj. Rroft\u00eb Krishti, Mbreti yn\u00eb! Rr\u00ebnoft\u00eb Shqipnia dhe Shqiptar\u00ebt e v\u00ebrtet\u00eb\u201d.<\/p>\n<p>Na ishim t\u00eb gjith\u00eb t\u00eb p\u00ebrmalluem fort. Lexova vendimin e dek\u00ebs. I qe vesh\u00eb nj\u00eb k\u00ebmish\u00eb e bardh\u00eb. Magjypi ia vuni vjekc\u00ebn e konopit n\u00eb fyt e i hoq shkambin n\u00ebn kamb\u00eb. Ai ishte i vdekun! \u2013 K\u00ebshtu foli kapiteni.<\/p>\n<p>Ishte dita e 5 marsit 1927.\u201d<\/p>\n<p>Kat\u00ebr or\u00eb mbas varjes, Zogolli, kjo mbeturin\u00eb atavike e me djall\u00ebzi orientale, d\u00ebrgoi nj\u00eb telegram ku gjoja i falte jet\u00ebn. Nuk kan\u00eb qen\u00eb t\u00eb pakta veprat e sh\u00ebmtueme t\u00eb Zogollit: mjaft t\u00eb kujtojm\u00eb vrasjet e Luigj Gurakuqit, Bajram Currit e Hasan Prishtin\u00ebs, por varja e Dom Gjon G\u00e0zullit asht pa dyshim nj\u00eb nd\u00ebr aktet ma t\u00eb sh\u00ebmtueme t\u00eb tij, q\u00eb e ndoq si hije nd\u00ebshkimi, kudo q\u00eb m\u00ebrgoi.<\/p>\n<p>Nuk e di n\u00ebse ishte Shejt apo jo. Di po, se edhe sot mbas 64 vjet\u00ebsh Vorri i tij n\u00eb \u201cFush\u00eb t\u00eb Rr\u00ebmajit\u201d n\u00eb Shkod\u00ebr asht qender pelegrinazhi e Shqiptar\u00ebve e se Ai ishte Atdhetar, aq sa n\u00eb gjyq pat lan\u00eb ate thanjen e tij lapidare: \u201cI vetmi faj q\u00eb i njoh vetes, asht se e kam dasht\u00eb Atdheun deri n\u00eb flijim p\u00ebr t\u00eb\u201d.<\/p>\n<p>Pat shkrue m\u00eb 1942 At Gjon Shllaku p\u00ebr Bajram Currin, Luigj Gurakuqin dhe Dom Gjon G\u00e0zullin: \u201cFatosa t\u00eb vram\u00eb dy her\u00eb, nji her\u00eb kur i mbyten, dhe nji her\u00eb kur i lan\u00eb n\u00eb harres\u00eb\u201d.<\/p>\n<p>Tue parafrazue thanjen e At Shllakut, mund t\u00eb them tashma p\u00ebr Dom Gjon G\u00e0zullin: I vram\u00eb tri her\u00eb: Nj\u00eb her\u00eb kur e var\u00ebn e dy her\u00eb me harres\u00eb.<\/p>\n<p>Po jo, nuk do t\u00eb harroj\u00eb populli i Shkodr\u00ebs, i krishten apo musliman qoft\u00eb. Do t\u00eb jet\u00eb gjithmon\u00eb dikush q\u00eb do t\u00eb \u00e7oj\u00eb lule tek ai vorr, dikush q\u00eb do t\u00eb ndez\u00eb nj\u00eb qiri, dikush q\u00eb do t\u2019i drejtohet n\u00eb heshtje: Dom Gjon, lutu p\u00ebr ne, se p\u00ebrs\u00ebri sot po vazhdojm\u00eb me ju vra, Ju, nderi e krenaria e kombit. Nuk po dijm\u00eb \u00e7ka bajm\u00eb, Dom Gjon, po rivrasim t\u00eb vram\u00ebt e po vritemi edhe mes t\u00eb gjall\u00ebve !\u2026<\/p>\n<p><strong>K\u00ebshillime<\/strong>:<br \/>\n<em>At Gjergj Fishta \u2013 Trazimet e qershorit 1924 (Hylli i Drit\u00ebs, Nr. 5, 6, 1924)<br \/>\nAt Gjon Shllaku \u2013 T\u00eb vram\u00eb dy her\u00eb \u2026. (Hylli i Drit\u00ebs, 1939)<br \/>\nAt Konrad Gjolaj \u2013\u00c7inar\u00ebt, 1996<br \/>\nBernd Fischer \u2013 Re Zog e la lotta per stabilit\u00e0 in Albania, Monographs dell\u2019Europa orientale, Boulder, 1984<br \/>\nDom Nikoll\u00eb Gazulli \u2013 Fjalori toponomastik (Gazullor\u00ebt), Hylli i Drit\u00ebs, 1941<br \/>\nFritz Radovani \u2013 Nj\u00eb monument n\u00eb dh\u00e9<br \/>\nFritz Radovani \u2013 Vllaznit Gazulli dhe \u201cPeshorja e drejt\u00ebsis\u00eb\u201d shqiptare<br \/>\nKrishterimi nd\u00ebr Shqiptar\u00eb \u2013 Simpozium nd\u00ebrkomb\u00ebtar \u2013 Tiran\u00eb 16-19 Nandor 1999.<br \/>\nLa Croix, 28.06.1933<br \/>\nPrel\u00eb Milani \u2013 Ja atentatet kund\u00ebr Mbretit Zog<\/em><\/p>\n","protected":false},"excerpt":{"rendered":"<p>TemA Online, 12 N\u00ebntor 2012 Ka vdekur Daniel Gazulli, nj\u00eb z\u00eb i nderuar i kultur\u00ebs son\u00eb, p\u00ebrkthyes, njeri i letrave dhe m\u00ebsues i nderuar i disa brezave. Ka qene nj\u00eb bashk\u00ebpun\u00ebtor i nderuar i gazet\u00ebs Tema p\u00ebr vite t\u00eb t\u00ebra. Ai ka botuar shkrime me tema historike dhe portrete t\u00eb figurave t\u00eb shquara t\u00eb kombit [&hellip;]<\/p>\n","protected":false},"author":1,"featured_media":0,"comment_status":"open","ping_status":"closed","sticky":false,"template":"","format":"standard","meta":{"footnotes":""},"categories":[2],"tags":[],"class_list":{"0":"post-5860","1":"post","2":"type-post","3":"status-publish","4":"format-standard","6":"category-artikuj"},"yoast_head":"<!-- This site is optimized with the Yoast SEO plugin v27.4 - https:\/\/yoast.com\/product\/yoast-seo-wordpress\/ -->\n<title>Ka vdekur Daniel Gazulli, nj\u00eb z\u00eb i nderuar i kultur\u00ebs son\u00eb - FjALA e LIR\u00cb - Arkivi<\/title>\n<meta name=\"robots\" content=\"index, follow, max-snippet:-1, max-image-preview:large, max-video-preview:-1\" \/>\n<link rel=\"canonical\" href=\"https:\/\/fjala.info\/2009-2015\/ka-vdekur-daniel-gazulli-nje-ze-i-nderuar-i-kultures-sone\/\" \/>\n<meta property=\"og:locale\" content=\"sq_AL\" \/>\n<meta property=\"og:type\" content=\"article\" \/>\n<meta property=\"og:title\" content=\"Ka vdekur Daniel Gazulli, nj\u00eb z\u00eb i nderuar i kultur\u00ebs son\u00eb - FjALA e LIR\u00cb - Arkivi\" \/>\n<meta property=\"og:description\" content=\"TemA Online, 12 N\u00ebntor 2012 Ka vdekur Daniel Gazulli, nj\u00eb z\u00eb i nderuar i kultur\u00ebs son\u00eb, p\u00ebrkthyes, njeri i letrave dhe m\u00ebsues i nderuar i disa brezave. Ka qene nj\u00eb bashk\u00ebpun\u00ebtor i nderuar i gazet\u00ebs Tema p\u00ebr vite t\u00eb t\u00ebra. Ai ka botuar shkrime me tema historike dhe portrete t\u00eb figurave t\u00eb shquara t\u00eb kombit [&hellip;]\" \/>\n<meta property=\"og:url\" content=\"https:\/\/fjala.info\/2009-2015\/ka-vdekur-daniel-gazulli-nje-ze-i-nderuar-i-kultures-sone\/\" \/>\n<meta property=\"og:site_name\" content=\"FjALA e LIR\u00cb - Arkivi\" \/>\n<meta property=\"article:published_time\" content=\"2012-11-12T20:15:24+00:00\" \/>\n<meta property=\"og:image\" content=\"http:\/\/www.fjala.info\/2012\/daniel_gazulli_old.jpg\" \/>\n<meta name=\"author\" content=\"admin\" \/>\n<meta name=\"twitter:card\" content=\"summary_large_image\" \/>\n<meta name=\"twitter:label1\" content=\"Written by\" \/>\n\t<meta name=\"twitter:data1\" content=\"admin\" \/>\n\t<meta name=\"twitter:label2\" content=\"Est. reading time\" \/>\n\t<meta name=\"twitter:data2\" content=\"27 minutes\" \/>\n<script type=\"application\/ld+json\" class=\"yoast-schema-graph\">{\"@context\":\"https:\\\/\\\/schema.org\",\"@graph\":[{\"@type\":\"Article\",\"@id\":\"https:\\\/\\\/fjala.info\\\/2009-2015\\\/ka-vdekur-daniel-gazulli-nje-ze-i-nderuar-i-kultures-sone\\\/#article\",\"isPartOf\":{\"@id\":\"https:\\\/\\\/fjala.info\\\/2009-2015\\\/ka-vdekur-daniel-gazulli-nje-ze-i-nderuar-i-kultures-sone\\\/\"},\"author\":{\"name\":\"admin\",\"@id\":\"https:\\\/\\\/fjala.info\\\/2009-2015\\\/#\\\/schema\\\/person\\\/3aa1163ef05469c496fc94e77611ada2\"},\"headline\":\"Ka vdekur Daniel Gazulli, nj\u00eb z\u00eb i nderuar i kultur\u00ebs son\u00eb\",\"datePublished\":\"2012-11-12T20:15:24+00:00\",\"mainEntityOfPage\":{\"@id\":\"https:\\\/\\\/fjala.info\\\/2009-2015\\\/ka-vdekur-daniel-gazulli-nje-ze-i-nderuar-i-kultures-sone\\\/\"},\"wordCount\":5401,\"commentCount\":0,\"publisher\":{\"@id\":\"https:\\\/\\\/fjala.info\\\/2009-2015\\\/#organization\"},\"image\":{\"@id\":\"https:\\\/\\\/fjala.info\\\/2009-2015\\\/ka-vdekur-daniel-gazulli-nje-ze-i-nderuar-i-kultures-sone\\\/#primaryimage\"},\"thumbnailUrl\":\"http:\\\/\\\/www.fjala.info\\\/2012\\\/daniel_gazulli_old.jpg\",\"articleSection\":[\"Artikuj\"],\"inLanguage\":\"sq-AL\",\"potentialAction\":[{\"@type\":\"CommentAction\",\"name\":\"Comment\",\"target\":[\"https:\\\/\\\/fjala.info\\\/2009-2015\\\/ka-vdekur-daniel-gazulli-nje-ze-i-nderuar-i-kultures-sone\\\/#respond\"]}]},{\"@type\":\"WebPage\",\"@id\":\"https:\\\/\\\/fjala.info\\\/2009-2015\\\/ka-vdekur-daniel-gazulli-nje-ze-i-nderuar-i-kultures-sone\\\/\",\"url\":\"https:\\\/\\\/fjala.info\\\/2009-2015\\\/ka-vdekur-daniel-gazulli-nje-ze-i-nderuar-i-kultures-sone\\\/\",\"name\":\"Ka vdekur Daniel Gazulli, nj\u00eb z\u00eb i nderuar i kultur\u00ebs son\u00eb - FjALA e LIR\u00cb - Arkivi\",\"isPartOf\":{\"@id\":\"https:\\\/\\\/fjala.info\\\/2009-2015\\\/#website\"},\"primaryImageOfPage\":{\"@id\":\"https:\\\/\\\/fjala.info\\\/2009-2015\\\/ka-vdekur-daniel-gazulli-nje-ze-i-nderuar-i-kultures-sone\\\/#primaryimage\"},\"image\":{\"@id\":\"https:\\\/\\\/fjala.info\\\/2009-2015\\\/ka-vdekur-daniel-gazulli-nje-ze-i-nderuar-i-kultures-sone\\\/#primaryimage\"},\"thumbnailUrl\":\"http:\\\/\\\/www.fjala.info\\\/2012\\\/daniel_gazulli_old.jpg\",\"datePublished\":\"2012-11-12T20:15:24+00:00\",\"breadcrumb\":{\"@id\":\"https:\\\/\\\/fjala.info\\\/2009-2015\\\/ka-vdekur-daniel-gazulli-nje-ze-i-nderuar-i-kultures-sone\\\/#breadcrumb\"},\"inLanguage\":\"sq-AL\",\"potentialAction\":[{\"@type\":\"ReadAction\",\"target\":[\"https:\\\/\\\/fjala.info\\\/2009-2015\\\/ka-vdekur-daniel-gazulli-nje-ze-i-nderuar-i-kultures-sone\\\/\"]}]},{\"@type\":\"ImageObject\",\"inLanguage\":\"sq-AL\",\"@id\":\"https:\\\/\\\/fjala.info\\\/2009-2015\\\/ka-vdekur-daniel-gazulli-nje-ze-i-nderuar-i-kultures-sone\\\/#primaryimage\",\"url\":\"http:\\\/\\\/www.fjala.info\\\/2012\\\/daniel_gazulli_old.jpg\",\"contentUrl\":\"http:\\\/\\\/www.fjala.info\\\/2012\\\/daniel_gazulli_old.jpg\"},{\"@type\":\"BreadcrumbList\",\"@id\":\"https:\\\/\\\/fjala.info\\\/2009-2015\\\/ka-vdekur-daniel-gazulli-nje-ze-i-nderuar-i-kultures-sone\\\/#breadcrumb\",\"itemListElement\":[{\"@type\":\"ListItem\",\"position\":1,\"name\":\"Home\",\"item\":\"https:\\\/\\\/fjala.info\\\/2009-2015\\\/\"},{\"@type\":\"ListItem\",\"position\":2,\"name\":\"Ka vdekur Daniel Gazulli, nj\u00eb z\u00eb i nderuar i kultur\u00ebs son\u00eb\"}]},{\"@type\":\"WebSite\",\"@id\":\"https:\\\/\\\/fjala.info\\\/2009-2015\\\/#website\",\"url\":\"https:\\\/\\\/fjala.info\\\/2009-2015\\\/\",\"name\":\"FjALA e LIR\u00cb - Arkivi\",\"description\":\"Arkivi 2009-2015\",\"publisher\":{\"@id\":\"https:\\\/\\\/fjala.info\\\/2009-2015\\\/#organization\"},\"potentialAction\":[{\"@type\":\"SearchAction\",\"target\":{\"@type\":\"EntryPoint\",\"urlTemplate\":\"https:\\\/\\\/fjala.info\\\/2009-2015\\\/?s={search_term_string}\"},\"query-input\":{\"@type\":\"PropertyValueSpecification\",\"valueRequired\":true,\"valueName\":\"search_term_string\"}}],\"inLanguage\":\"sq-AL\"},{\"@type\":\"Organization\",\"@id\":\"https:\\\/\\\/fjala.info\\\/2009-2015\\\/#organization\",\"name\":\"FjALA e LIR\u00cb - Arkivi\",\"url\":\"https:\\\/\\\/fjala.info\\\/2009-2015\\\/\",\"logo\":{\"@type\":\"ImageObject\",\"inLanguage\":\"sq-AL\",\"@id\":\"https:\\\/\\\/fjala.info\\\/2009-2015\\\/#\\\/schema\\\/logo\\\/image\\\/\",\"url\":\"\",\"contentUrl\":\"\",\"caption\":\"FjALA e LIR\u00cb - Arkivi\"},\"image\":{\"@id\":\"https:\\\/\\\/fjala.info\\\/2009-2015\\\/#\\\/schema\\\/logo\\\/image\\\/\"}},{\"@type\":\"Person\",\"@id\":\"https:\\\/\\\/fjala.info\\\/2009-2015\\\/#\\\/schema\\\/person\\\/3aa1163ef05469c496fc94e77611ada2\",\"name\":\"admin\",\"image\":{\"@type\":\"ImageObject\",\"inLanguage\":\"sq-AL\",\"@id\":\"https:\\\/\\\/fjala.info\\\/2009-2015\\\/wp-content\\\/uploads\\\/2012\\\/02\\\/arben_cokaj-120x150.jpg\",\"url\":\"https:\\\/\\\/fjala.info\\\/2009-2015\\\/wp-content\\\/uploads\\\/2012\\\/02\\\/arben_cokaj-120x150.jpg\",\"contentUrl\":\"https:\\\/\\\/fjala.info\\\/2009-2015\\\/wp-content\\\/uploads\\\/2012\\\/02\\\/arben_cokaj-120x150.jpg\",\"caption\":\"admin\"},\"description\":\"Admin, Fjala e Lir\u00eb\",\"sameAs\":[\"https:\\\/\\\/fjala.info\\\/\"],\"url\":\"https:\\\/\\\/fjala.info\\\/2009-2015\\\/author\\\/admin\\\/\"}]}<\/script>\n<!-- \/ Yoast SEO plugin. -->","yoast_head_json":{"title":"Ka vdekur Daniel Gazulli, nj\u00eb z\u00eb i nderuar i kultur\u00ebs son\u00eb - FjALA e LIR\u00cb - Arkivi","robots":{"index":"index","follow":"follow","max-snippet":"max-snippet:-1","max-image-preview":"max-image-preview:large","max-video-preview":"max-video-preview:-1"},"canonical":"https:\/\/fjala.info\/2009-2015\/ka-vdekur-daniel-gazulli-nje-ze-i-nderuar-i-kultures-sone\/","og_locale":"sq_AL","og_type":"article","og_title":"Ka vdekur Daniel Gazulli, nj\u00eb z\u00eb i nderuar i kultur\u00ebs son\u00eb - FjALA e LIR\u00cb - Arkivi","og_description":"TemA Online, 12 N\u00ebntor 2012 Ka vdekur Daniel Gazulli, nj\u00eb z\u00eb i nderuar i kultur\u00ebs son\u00eb, p\u00ebrkthyes, njeri i letrave dhe m\u00ebsues i nderuar i disa brezave. Ka qene nj\u00eb bashk\u00ebpun\u00ebtor i nderuar i gazet\u00ebs Tema p\u00ebr vite t\u00eb t\u00ebra. Ai ka botuar shkrime me tema historike dhe portrete t\u00eb figurave t\u00eb shquara t\u00eb kombit [&hellip;]","og_url":"https:\/\/fjala.info\/2009-2015\/ka-vdekur-daniel-gazulli-nje-ze-i-nderuar-i-kultures-sone\/","og_site_name":"FjALA e LIR\u00cb - Arkivi","article_published_time":"2012-11-12T20:15:24+00:00","og_image":[{"url":"http:\/\/www.fjala.info\/2012\/daniel_gazulli_old.jpg","type":"","width":"","height":""}],"author":"admin","twitter_card":"summary_large_image","twitter_misc":{"Written by":"admin","Est. reading time":"27 minutes"},"schema":{"@context":"https:\/\/schema.org","@graph":[{"@type":"Article","@id":"https:\/\/fjala.info\/2009-2015\/ka-vdekur-daniel-gazulli-nje-ze-i-nderuar-i-kultures-sone\/#article","isPartOf":{"@id":"https:\/\/fjala.info\/2009-2015\/ka-vdekur-daniel-gazulli-nje-ze-i-nderuar-i-kultures-sone\/"},"author":{"name":"admin","@id":"https:\/\/fjala.info\/2009-2015\/#\/schema\/person\/3aa1163ef05469c496fc94e77611ada2"},"headline":"Ka vdekur Daniel Gazulli, nj\u00eb z\u00eb i nderuar i kultur\u00ebs son\u00eb","datePublished":"2012-11-12T20:15:24+00:00","mainEntityOfPage":{"@id":"https:\/\/fjala.info\/2009-2015\/ka-vdekur-daniel-gazulli-nje-ze-i-nderuar-i-kultures-sone\/"},"wordCount":5401,"commentCount":0,"publisher":{"@id":"https:\/\/fjala.info\/2009-2015\/#organization"},"image":{"@id":"https:\/\/fjala.info\/2009-2015\/ka-vdekur-daniel-gazulli-nje-ze-i-nderuar-i-kultures-sone\/#primaryimage"},"thumbnailUrl":"http:\/\/www.fjala.info\/2012\/daniel_gazulli_old.jpg","articleSection":["Artikuj"],"inLanguage":"sq-AL","potentialAction":[{"@type":"CommentAction","name":"Comment","target":["https:\/\/fjala.info\/2009-2015\/ka-vdekur-daniel-gazulli-nje-ze-i-nderuar-i-kultures-sone\/#respond"]}]},{"@type":"WebPage","@id":"https:\/\/fjala.info\/2009-2015\/ka-vdekur-daniel-gazulli-nje-ze-i-nderuar-i-kultures-sone\/","url":"https:\/\/fjala.info\/2009-2015\/ka-vdekur-daniel-gazulli-nje-ze-i-nderuar-i-kultures-sone\/","name":"Ka vdekur Daniel Gazulli, nj\u00eb z\u00eb i nderuar i kultur\u00ebs son\u00eb - FjALA e LIR\u00cb - Arkivi","isPartOf":{"@id":"https:\/\/fjala.info\/2009-2015\/#website"},"primaryImageOfPage":{"@id":"https:\/\/fjala.info\/2009-2015\/ka-vdekur-daniel-gazulli-nje-ze-i-nderuar-i-kultures-sone\/#primaryimage"},"image":{"@id":"https:\/\/fjala.info\/2009-2015\/ka-vdekur-daniel-gazulli-nje-ze-i-nderuar-i-kultures-sone\/#primaryimage"},"thumbnailUrl":"http:\/\/www.fjala.info\/2012\/daniel_gazulli_old.jpg","datePublished":"2012-11-12T20:15:24+00:00","breadcrumb":{"@id":"https:\/\/fjala.info\/2009-2015\/ka-vdekur-daniel-gazulli-nje-ze-i-nderuar-i-kultures-sone\/#breadcrumb"},"inLanguage":"sq-AL","potentialAction":[{"@type":"ReadAction","target":["https:\/\/fjala.info\/2009-2015\/ka-vdekur-daniel-gazulli-nje-ze-i-nderuar-i-kultures-sone\/"]}]},{"@type":"ImageObject","inLanguage":"sq-AL","@id":"https:\/\/fjala.info\/2009-2015\/ka-vdekur-daniel-gazulli-nje-ze-i-nderuar-i-kultures-sone\/#primaryimage","url":"http:\/\/www.fjala.info\/2012\/daniel_gazulli_old.jpg","contentUrl":"http:\/\/www.fjala.info\/2012\/daniel_gazulli_old.jpg"},{"@type":"BreadcrumbList","@id":"https:\/\/fjala.info\/2009-2015\/ka-vdekur-daniel-gazulli-nje-ze-i-nderuar-i-kultures-sone\/#breadcrumb","itemListElement":[{"@type":"ListItem","position":1,"name":"Home","item":"https:\/\/fjala.info\/2009-2015\/"},{"@type":"ListItem","position":2,"name":"Ka vdekur Daniel Gazulli, nj\u00eb z\u00eb i nderuar i kultur\u00ebs son\u00eb"}]},{"@type":"WebSite","@id":"https:\/\/fjala.info\/2009-2015\/#website","url":"https:\/\/fjala.info\/2009-2015\/","name":"FjALA e LIR\u00cb - Arkivi","description":"Arkivi 2009-2015","publisher":{"@id":"https:\/\/fjala.info\/2009-2015\/#organization"},"potentialAction":[{"@type":"SearchAction","target":{"@type":"EntryPoint","urlTemplate":"https:\/\/fjala.info\/2009-2015\/?s={search_term_string}"},"query-input":{"@type":"PropertyValueSpecification","valueRequired":true,"valueName":"search_term_string"}}],"inLanguage":"sq-AL"},{"@type":"Organization","@id":"https:\/\/fjala.info\/2009-2015\/#organization","name":"FjALA e LIR\u00cb - Arkivi","url":"https:\/\/fjala.info\/2009-2015\/","logo":{"@type":"ImageObject","inLanguage":"sq-AL","@id":"https:\/\/fjala.info\/2009-2015\/#\/schema\/logo\/image\/","url":"","contentUrl":"","caption":"FjALA e LIR\u00cb - Arkivi"},"image":{"@id":"https:\/\/fjala.info\/2009-2015\/#\/schema\/logo\/image\/"}},{"@type":"Person","@id":"https:\/\/fjala.info\/2009-2015\/#\/schema\/person\/3aa1163ef05469c496fc94e77611ada2","name":"admin","image":{"@type":"ImageObject","inLanguage":"sq-AL","@id":"https:\/\/fjala.info\/2009-2015\/wp-content\/uploads\/2012\/02\/arben_cokaj-120x150.jpg","url":"https:\/\/fjala.info\/2009-2015\/wp-content\/uploads\/2012\/02\/arben_cokaj-120x150.jpg","contentUrl":"https:\/\/fjala.info\/2009-2015\/wp-content\/uploads\/2012\/02\/arben_cokaj-120x150.jpg","caption":"admin"},"description":"Admin, Fjala e Lir\u00eb","sameAs":["https:\/\/fjala.info\/"],"url":"https:\/\/fjala.info\/2009-2015\/author\/admin\/"}]}},"_links":{"self":[{"href":"https:\/\/fjala.info\/2009-2015\/wp-json\/wp\/v2\/posts\/5860","targetHints":{"allow":["GET"]}}],"collection":[{"href":"https:\/\/fjala.info\/2009-2015\/wp-json\/wp\/v2\/posts"}],"about":[{"href":"https:\/\/fjala.info\/2009-2015\/wp-json\/wp\/v2\/types\/post"}],"author":[{"embeddable":true,"href":"https:\/\/fjala.info\/2009-2015\/wp-json\/wp\/v2\/users\/1"}],"replies":[{"embeddable":true,"href":"https:\/\/fjala.info\/2009-2015\/wp-json\/wp\/v2\/comments?post=5860"}],"version-history":[{"count":0,"href":"https:\/\/fjala.info\/2009-2015\/wp-json\/wp\/v2\/posts\/5860\/revisions"}],"wp:attachment":[{"href":"https:\/\/fjala.info\/2009-2015\/wp-json\/wp\/v2\/media?parent=5860"}],"wp:term":[{"taxonomy":"category","embeddable":true,"href":"https:\/\/fjala.info\/2009-2015\/wp-json\/wp\/v2\/categories?post=5860"},{"taxonomy":"post_tag","embeddable":true,"href":"https:\/\/fjala.info\/2009-2015\/wp-json\/wp\/v2\/tags?post=5860"}],"curies":[{"name":"wp","href":"https:\/\/api.w.org\/{rel}","templated":true}]}}