{"id":5856,"date":"2011-01-23T21:26:51","date_gmt":"2011-01-23T20:26:51","guid":{"rendered":"http:\/\/fjala.shkoder.net\/?p=5856"},"modified":"2011-01-23T21:26:51","modified_gmt":"2011-01-23T20:26:51","slug":"pergjakja-e-popullit","status":"publish","type":"post","link":"https:\/\/fjala.info\/2009-2015\/pergjakja-e-popullit\/","title":{"rendered":"PERGJAKJA E POPULLIT"},"content":{"rendered":"<p>Nga <strong>KOLEC TRABOINI<\/strong><\/p>\n<p>Nuk m\u00eb intereson politika. M\u00eb intereson njeriu. Njeriu i thjesht\u00eb i popullit tim! Jeta e nj\u00eb qytetari t\u00eb k\u00ebtij vendi vlen m\u00eb shum\u00eb se jeta e nj\u00eb shtetari, e nj\u00eb maskarai me kollaro e celular q\u00eb b\u00ebn afera me hidro\u00e7entrale, apo ndonj\u00eb ministri debil me buz\u00ebqeshje idioti.<\/p>\n<p style=\"text-align: center;\"><img loading=\"lazy\" decoding=\"async\" class=\"alignnone size-full wp-image-5857\" title=\"pergjakja_e_popullit\" src=\"http:\/\/fjala.shkoder.net\/wp-content\/uploads\/2011\/01\/pergjakja_e_popullit.jpg\" alt=\"\" width=\"500\" height=\"345\" \/><br \/>\n<em>Politika p\u00ebrcjell njer\u00ebz n\u00eb varrez\u00eb!<\/em><\/p>\n<p>Qeveritar\u00ebt jan\u00eb atje ku jan\u00eb p\u00ebr ti sherbyer k\u00ebtij populli dhe jo ta dhunojn\u00eb at\u00eb. Mjerisht kolltukofag\u00ebt e Shqip\u00ebris\u00eb k\u00ebt\u00eb nuk e kan\u00eb kuptuar kurr\u00eb ndaj nuk ngopen as me pushtet, as me para e as me gjak. Kam marr\u00eb pjes\u00eb n\u00eb demonstratat antikomuniste e fillimit t\u00eb vitit 91, nj\u00eb prej tyre at\u00eb para stadiumit &#8220;Qemal Stafa&#8221; q\u00eb kam organizuar personalisht, por Ramiz Alia nuk guxoi t\u00eb vriste njer\u00ebz n\u00eb demostrat\u00eb. Pushtetar\u00ebt e sot\u00ebm n\u00ebn skeptrin e demokracis\u00eb n\u00eb vend q\u00eb t\u00eb ruanin qet\u00ebsin\u00eb, u l\u00ebshuan si bisha t\u00eb t\u00ebrbuara mbi njer\u00ebzit.<\/p>\n<p>N\u00eb k\u00ebt\u00eb vend nuk ka demokraci t\u00eb vertet\u00eb, sepse demokracia nuk vret, pluralizmi politik nuk vret, nuk prodhon gjak.Gjak prodhojn\u00eb hienat. Falangat q\u00eb paguhen me parat e popullit dhe vrasin pik\u00ebrisht popullin. Sot ca mediok\u00ebrr, ca ministra totalisht injorant, flasin p\u00ebr grusht shteti por gushti i shtetit gjithnj\u00eb realizohet br\u00ebnda pushtetit dhe jo nga njer\u00ebzit q\u00eb protestojn\u00eb n\u00eb rrug\u00eb sepse nuk kan\u00eb pun\u00eb, nuk kan\u00eb buk\u00eb, nuk kan\u00eb shpres\u00eb..<\/p>\n<p>K\u00ebto mediok\u00ebrr si nj\u00eb aktor i d\u00ebshtuar, nj\u00eb general i vetgraduar i 97\u2013t\u00ebs, i degraduar deri n\u00eb zvetnim si Arben Imami, q\u00eb n\u00eb t\u00eb vertet\u00eb \u00ebsht\u00eb pjell\u00eb komunist\u00ebsh, nuk mund ta kuptojn\u00eb. Sa p\u00ebr Ministrin e Br\u00ebndsh\u00ebm Lulzim Basha, q\u00eb deri tani ka q\u00ebn\u00eb nj\u00eb kukull vitrine n\u00eb duar e klanit t\u00eb Kryqeveritarit, sot \u00ebsht\u00eb nj\u00eb kukull vampire, fytyra e tij si beniamin, tashm\u00eb na shfaqet me duar t\u00eb p\u00ebrgjakura. U pa e qart\u00eb edhe nga pamjet TV se si u p\u00ebrdor\u00ebn bresh\u00ebrit e automatikeve si nj\u00eb betej\u00eb, por n\u00eb mes demostruesve ishin edhe qindra polic\u00eb civil\u00eb t\u00eb futur n\u00eb mes t\u00eb qytetar\u00ebve q\u00ebllimisht t\u00eb ngjallnin panik, ta frik\u00ebsonin popullin dhe si hiena mor\u00ebn jet\u00eb njer\u00ebzish.<\/p>\n<p>Posht\u00eb kjo m\u00ebnyr\u00eb mizerab\u00ebl qeverisje si t\u00eb ishim n\u00eb Tunizi, kjo m\u00ebnyr\u00eb hajdutll\u00ebku, kjo m\u00ebnyr\u00eb cinizmi ku kryeministri i vendit si nj\u00eb faqezi, nga dritarja e kryeministris\u00eb urdh\u00ebron t\u00eb vritet populli i vet dhe p\u00ebrgjakjen e sheh me nj\u00eb ciniz\u00ebm i paprecedent n\u00eb historin\u00eb e Shqip\u00ebris\u00eb, ve\u00e7 vetvet\u00ebs n\u00eb &#8217;97.<\/p>\n<p>Dhe kan\u00eb guximin t\u00eb dalin n\u00eb media dhe t\u00eb falenderoj\u00eb nxeht\u00ebsisht policin\u00eb q\u00eb tre njer\u00ebz i ktheu n\u00eb tre kufoma. Dhe te dalin te skremitin dh\u00ebmbet si \u00e7akej, e, bashk\u00ebshkodrania ime e pudrosur si Ledi Makbeth n\u00eb k\u00ebt\u00eb dit\u00eb morti, p\u00ebr t\u00eb cil\u00ebn dikur kam shkruar mjerisht bukur, t\u00eb thot\u00eb, o Zot, polic\u00ebt q\u00eb sot vran\u00eb tre qytetar jan\u00eb heroj.<\/p>\n<p>Ku na \u00e7on ky lloj heroizmi?! Po populli moj zonj\u00eb e \u00e7merituar \u00e7far\u00eb \u00ebsht\u00eb? Populli n\u00eb rrug\u00eb \u00e7far\u00eb \u00ebsht\u00eb?! Mjer k\u00ebta njer\u00ebz q\u00eb e quajn\u00eb veten bijt\u00eb e shqiponj\u00ebs, dhe qeveris\u00ebn nga injoranca dhe harbutll\u00ebku.<\/p>\n<p>Dy her\u00eb e p\u00ebrgjake k\u00ebt\u00eb popull, o insan\u00eb. A nuk \u00ebsht\u00eb kjo pak si tep\u00ebr. Ndale vrapin prej t\u00eb \u00e7m\u00ebndur se po kalon n\u00eb \u00e7m\u00ebnduri nj\u00eb popull t\u00eb t\u00ebr\u00eb.<br \/>\nMbajeni m\u00ebnd k\u00ebt\u00eb dit\u00eb t\u00eb p\u00ebrgjakur dhe sh\u00ebnojeni n\u00eb kalendarin e kujtes\u00ebs:<br \/>\n21 janar 2011. Vampir\u00ebt e p\u00ebrgjak\u00ebn popullin. Gjithmon\u00eb guxoni ta urreni dhun\u00ebn !<\/p>\n<p><em>\u00a9 Traboini 2011<\/em><\/p>\n","protected":false},"excerpt":{"rendered":"<p>Nga KOLEC TRABOINI Nuk m\u00eb intereson politika. M\u00eb intereson njeriu. Njeriu i thjesht\u00eb i popullit tim! Jeta e nj\u00eb qytetari t\u00eb k\u00ebtij vendi vlen m\u00eb shum\u00eb se jeta e nj\u00eb shtetari, e nj\u00eb maskarai me kollaro e celular q\u00eb b\u00ebn afera me hidro\u00e7entrale, apo ndonj\u00eb ministri debil me buz\u00ebqeshje idioti. Politika p\u00ebrcjell njer\u00ebz n\u00eb varrez\u00eb! [&hellip;]<\/p>\n","protected":false},"author":1,"featured_media":0,"comment_status":"open","ping_status":"closed","sticky":false,"template":"","format":"standard","meta":{"footnotes":""},"categories":[2],"tags":[],"class_list":{"0":"post-5856","1":"post","2":"type-post","3":"status-publish","4":"format-standard","6":"category-artikuj"},"yoast_head":"<!-- This site is optimized with the Yoast SEO plugin v27.4 - https:\/\/yoast.com\/product\/yoast-seo-wordpress\/ -->\n<title>PERGJAKJA E POPULLIT - FjALA e LIR\u00cb - Arkivi<\/title>\n<meta name=\"robots\" content=\"index, follow, max-snippet:-1, max-image-preview:large, max-video-preview:-1\" \/>\n<link rel=\"canonical\" href=\"https:\/\/fjala.info\/2009-2015\/pergjakja-e-popullit\/\" \/>\n<meta property=\"og:locale\" content=\"sq_AL\" \/>\n<meta property=\"og:type\" content=\"article\" \/>\n<meta property=\"og:title\" content=\"PERGJAKJA E POPULLIT - FjALA e LIR\u00cb - Arkivi\" \/>\n<meta property=\"og:description\" content=\"Nga KOLEC TRABOINI Nuk m\u00eb intereson politika. M\u00eb intereson njeriu. Njeriu i thjesht\u00eb i popullit tim! Jeta e nj\u00eb qytetari t\u00eb k\u00ebtij vendi vlen m\u00eb shum\u00eb se jeta e nj\u00eb shtetari, e nj\u00eb maskarai me kollaro e celular q\u00eb b\u00ebn afera me hidro\u00e7entrale, apo ndonj\u00eb ministri debil me buz\u00ebqeshje idioti. Politika p\u00ebrcjell njer\u00ebz n\u00eb varrez\u00eb! [&hellip;]\" \/>\n<meta property=\"og:url\" content=\"https:\/\/fjala.info\/2009-2015\/pergjakja-e-popullit\/\" \/>\n<meta property=\"og:site_name\" content=\"FjALA e LIR\u00cb - Arkivi\" \/>\n<meta property=\"article:published_time\" content=\"2011-01-23T20:26:51+00:00\" \/>\n<meta property=\"og:image\" content=\"http:\/\/fjala.shkoder.net\/wp-content\/uploads\/2011\/01\/pergjakja_e_popullit.jpg\" \/>\n<meta name=\"author\" content=\"admin\" \/>\n<meta name=\"twitter:card\" content=\"summary_large_image\" \/>\n<meta name=\"twitter:label1\" content=\"Written by\" \/>\n\t<meta name=\"twitter:data1\" content=\"admin\" \/>\n\t<meta name=\"twitter:label2\" content=\"Est. reading time\" \/>\n\t<meta name=\"twitter:data2\" content=\"3 minutes\" \/>\n<script type=\"application\/ld+json\" class=\"yoast-schema-graph\">{\"@context\":\"https:\\\/\\\/schema.org\",\"@graph\":[{\"@type\":\"Article\",\"@id\":\"https:\\\/\\\/fjala.info\\\/2009-2015\\\/pergjakja-e-popullit\\\/#article\",\"isPartOf\":{\"@id\":\"https:\\\/\\\/fjala.info\\\/2009-2015\\\/pergjakja-e-popullit\\\/\"},\"author\":{\"name\":\"admin\",\"@id\":\"https:\\\/\\\/fjala.info\\\/2009-2015\\\/#\\\/schema\\\/person\\\/3aa1163ef05469c496fc94e77611ada2\"},\"headline\":\"PERGJAKJA E POPULLIT\",\"datePublished\":\"2011-01-23T20:26:51+00:00\",\"mainEntityOfPage\":{\"@id\":\"https:\\\/\\\/fjala.info\\\/2009-2015\\\/pergjakja-e-popullit\\\/\"},\"wordCount\":613,\"commentCount\":0,\"publisher\":{\"@id\":\"https:\\\/\\\/fjala.info\\\/2009-2015\\\/#organization\"},\"image\":{\"@id\":\"https:\\\/\\\/fjala.info\\\/2009-2015\\\/pergjakja-e-popullit\\\/#primaryimage\"},\"thumbnailUrl\":\"http:\\\/\\\/fjala.shkoder.net\\\/wp-content\\\/uploads\\\/2011\\\/01\\\/pergjakja_e_popullit.jpg\",\"articleSection\":[\"Artikuj\"],\"inLanguage\":\"sq-AL\",\"potentialAction\":[{\"@type\":\"CommentAction\",\"name\":\"Comment\",\"target\":[\"https:\\\/\\\/fjala.info\\\/2009-2015\\\/pergjakja-e-popullit\\\/#respond\"]}]},{\"@type\":\"WebPage\",\"@id\":\"https:\\\/\\\/fjala.info\\\/2009-2015\\\/pergjakja-e-popullit\\\/\",\"url\":\"https:\\\/\\\/fjala.info\\\/2009-2015\\\/pergjakja-e-popullit\\\/\",\"name\":\"PERGJAKJA E POPULLIT - FjALA e LIR\u00cb - Arkivi\",\"isPartOf\":{\"@id\":\"https:\\\/\\\/fjala.info\\\/2009-2015\\\/#website\"},\"primaryImageOfPage\":{\"@id\":\"https:\\\/\\\/fjala.info\\\/2009-2015\\\/pergjakja-e-popullit\\\/#primaryimage\"},\"image\":{\"@id\":\"https:\\\/\\\/fjala.info\\\/2009-2015\\\/pergjakja-e-popullit\\\/#primaryimage\"},\"thumbnailUrl\":\"http:\\\/\\\/fjala.shkoder.net\\\/wp-content\\\/uploads\\\/2011\\\/01\\\/pergjakja_e_popullit.jpg\",\"datePublished\":\"2011-01-23T20:26:51+00:00\",\"breadcrumb\":{\"@id\":\"https:\\\/\\\/fjala.info\\\/2009-2015\\\/pergjakja-e-popullit\\\/#breadcrumb\"},\"inLanguage\":\"sq-AL\",\"potentialAction\":[{\"@type\":\"ReadAction\",\"target\":[\"https:\\\/\\\/fjala.info\\\/2009-2015\\\/pergjakja-e-popullit\\\/\"]}]},{\"@type\":\"ImageObject\",\"inLanguage\":\"sq-AL\",\"@id\":\"https:\\\/\\\/fjala.info\\\/2009-2015\\\/pergjakja-e-popullit\\\/#primaryimage\",\"url\":\"http:\\\/\\\/fjala.shkoder.net\\\/wp-content\\\/uploads\\\/2011\\\/01\\\/pergjakja_e_popullit.jpg\",\"contentUrl\":\"http:\\\/\\\/fjala.shkoder.net\\\/wp-content\\\/uploads\\\/2011\\\/01\\\/pergjakja_e_popullit.jpg\"},{\"@type\":\"BreadcrumbList\",\"@id\":\"https:\\\/\\\/fjala.info\\\/2009-2015\\\/pergjakja-e-popullit\\\/#breadcrumb\",\"itemListElement\":[{\"@type\":\"ListItem\",\"position\":1,\"name\":\"Home\",\"item\":\"https:\\\/\\\/fjala.info\\\/2009-2015\\\/\"},{\"@type\":\"ListItem\",\"position\":2,\"name\":\"PERGJAKJA E POPULLIT\"}]},{\"@type\":\"WebSite\",\"@id\":\"https:\\\/\\\/fjala.info\\\/2009-2015\\\/#website\",\"url\":\"https:\\\/\\\/fjala.info\\\/2009-2015\\\/\",\"name\":\"FjALA e LIR\u00cb - Arkivi\",\"description\":\"Arkivi 2009-2015\",\"publisher\":{\"@id\":\"https:\\\/\\\/fjala.info\\\/2009-2015\\\/#organization\"},\"potentialAction\":[{\"@type\":\"SearchAction\",\"target\":{\"@type\":\"EntryPoint\",\"urlTemplate\":\"https:\\\/\\\/fjala.info\\\/2009-2015\\\/?s={search_term_string}\"},\"query-input\":{\"@type\":\"PropertyValueSpecification\",\"valueRequired\":true,\"valueName\":\"search_term_string\"}}],\"inLanguage\":\"sq-AL\"},{\"@type\":\"Organization\",\"@id\":\"https:\\\/\\\/fjala.info\\\/2009-2015\\\/#organization\",\"name\":\"FjALA e LIR\u00cb - Arkivi\",\"url\":\"https:\\\/\\\/fjala.info\\\/2009-2015\\\/\",\"logo\":{\"@type\":\"ImageObject\",\"inLanguage\":\"sq-AL\",\"@id\":\"https:\\\/\\\/fjala.info\\\/2009-2015\\\/#\\\/schema\\\/logo\\\/image\\\/\",\"url\":\"\",\"contentUrl\":\"\",\"caption\":\"FjALA e LIR\u00cb - Arkivi\"},\"image\":{\"@id\":\"https:\\\/\\\/fjala.info\\\/2009-2015\\\/#\\\/schema\\\/logo\\\/image\\\/\"}},{\"@type\":\"Person\",\"@id\":\"https:\\\/\\\/fjala.info\\\/2009-2015\\\/#\\\/schema\\\/person\\\/3aa1163ef05469c496fc94e77611ada2\",\"name\":\"admin\",\"image\":{\"@type\":\"ImageObject\",\"inLanguage\":\"sq-AL\",\"@id\":\"https:\\\/\\\/fjala.info\\\/2009-2015\\\/wp-content\\\/uploads\\\/2012\\\/02\\\/arben_cokaj-120x150.jpg\",\"url\":\"https:\\\/\\\/fjala.info\\\/2009-2015\\\/wp-content\\\/uploads\\\/2012\\\/02\\\/arben_cokaj-120x150.jpg\",\"contentUrl\":\"https:\\\/\\\/fjala.info\\\/2009-2015\\\/wp-content\\\/uploads\\\/2012\\\/02\\\/arben_cokaj-120x150.jpg\",\"caption\":\"admin\"},\"description\":\"Admin, Fjala e Lir\u00eb\",\"sameAs\":[\"https:\\\/\\\/fjala.info\\\/\"],\"url\":\"https:\\\/\\\/fjala.info\\\/2009-2015\\\/author\\\/admin\\\/\"}]}<\/script>\n<!-- \/ Yoast SEO plugin. -->","yoast_head_json":{"title":"PERGJAKJA E POPULLIT - FjALA e LIR\u00cb - Arkivi","robots":{"index":"index","follow":"follow","max-snippet":"max-snippet:-1","max-image-preview":"max-image-preview:large","max-video-preview":"max-video-preview:-1"},"canonical":"https:\/\/fjala.info\/2009-2015\/pergjakja-e-popullit\/","og_locale":"sq_AL","og_type":"article","og_title":"PERGJAKJA E POPULLIT - FjALA e LIR\u00cb - Arkivi","og_description":"Nga KOLEC TRABOINI Nuk m\u00eb intereson politika. M\u00eb intereson njeriu. Njeriu i thjesht\u00eb i popullit tim! Jeta e nj\u00eb qytetari t\u00eb k\u00ebtij vendi vlen m\u00eb shum\u00eb se jeta e nj\u00eb shtetari, e nj\u00eb maskarai me kollaro e celular q\u00eb b\u00ebn afera me hidro\u00e7entrale, apo ndonj\u00eb ministri debil me buz\u00ebqeshje idioti. Politika p\u00ebrcjell njer\u00ebz n\u00eb varrez\u00eb! [&hellip;]","og_url":"https:\/\/fjala.info\/2009-2015\/pergjakja-e-popullit\/","og_site_name":"FjALA e LIR\u00cb - Arkivi","article_published_time":"2011-01-23T20:26:51+00:00","og_image":[{"url":"http:\/\/fjala.shkoder.net\/wp-content\/uploads\/2011\/01\/pergjakja_e_popullit.jpg","type":"","width":"","height":""}],"author":"admin","twitter_card":"summary_large_image","twitter_misc":{"Written by":"admin","Est. reading time":"3 minutes"},"schema":{"@context":"https:\/\/schema.org","@graph":[{"@type":"Article","@id":"https:\/\/fjala.info\/2009-2015\/pergjakja-e-popullit\/#article","isPartOf":{"@id":"https:\/\/fjala.info\/2009-2015\/pergjakja-e-popullit\/"},"author":{"name":"admin","@id":"https:\/\/fjala.info\/2009-2015\/#\/schema\/person\/3aa1163ef05469c496fc94e77611ada2"},"headline":"PERGJAKJA E POPULLIT","datePublished":"2011-01-23T20:26:51+00:00","mainEntityOfPage":{"@id":"https:\/\/fjala.info\/2009-2015\/pergjakja-e-popullit\/"},"wordCount":613,"commentCount":0,"publisher":{"@id":"https:\/\/fjala.info\/2009-2015\/#organization"},"image":{"@id":"https:\/\/fjala.info\/2009-2015\/pergjakja-e-popullit\/#primaryimage"},"thumbnailUrl":"http:\/\/fjala.shkoder.net\/wp-content\/uploads\/2011\/01\/pergjakja_e_popullit.jpg","articleSection":["Artikuj"],"inLanguage":"sq-AL","potentialAction":[{"@type":"CommentAction","name":"Comment","target":["https:\/\/fjala.info\/2009-2015\/pergjakja-e-popullit\/#respond"]}]},{"@type":"WebPage","@id":"https:\/\/fjala.info\/2009-2015\/pergjakja-e-popullit\/","url":"https:\/\/fjala.info\/2009-2015\/pergjakja-e-popullit\/","name":"PERGJAKJA E POPULLIT - FjALA e LIR\u00cb - Arkivi","isPartOf":{"@id":"https:\/\/fjala.info\/2009-2015\/#website"},"primaryImageOfPage":{"@id":"https:\/\/fjala.info\/2009-2015\/pergjakja-e-popullit\/#primaryimage"},"image":{"@id":"https:\/\/fjala.info\/2009-2015\/pergjakja-e-popullit\/#primaryimage"},"thumbnailUrl":"http:\/\/fjala.shkoder.net\/wp-content\/uploads\/2011\/01\/pergjakja_e_popullit.jpg","datePublished":"2011-01-23T20:26:51+00:00","breadcrumb":{"@id":"https:\/\/fjala.info\/2009-2015\/pergjakja-e-popullit\/#breadcrumb"},"inLanguage":"sq-AL","potentialAction":[{"@type":"ReadAction","target":["https:\/\/fjala.info\/2009-2015\/pergjakja-e-popullit\/"]}]},{"@type":"ImageObject","inLanguage":"sq-AL","@id":"https:\/\/fjala.info\/2009-2015\/pergjakja-e-popullit\/#primaryimage","url":"http:\/\/fjala.shkoder.net\/wp-content\/uploads\/2011\/01\/pergjakja_e_popullit.jpg","contentUrl":"http:\/\/fjala.shkoder.net\/wp-content\/uploads\/2011\/01\/pergjakja_e_popullit.jpg"},{"@type":"BreadcrumbList","@id":"https:\/\/fjala.info\/2009-2015\/pergjakja-e-popullit\/#breadcrumb","itemListElement":[{"@type":"ListItem","position":1,"name":"Home","item":"https:\/\/fjala.info\/2009-2015\/"},{"@type":"ListItem","position":2,"name":"PERGJAKJA E POPULLIT"}]},{"@type":"WebSite","@id":"https:\/\/fjala.info\/2009-2015\/#website","url":"https:\/\/fjala.info\/2009-2015\/","name":"FjALA e LIR\u00cb - Arkivi","description":"Arkivi 2009-2015","publisher":{"@id":"https:\/\/fjala.info\/2009-2015\/#organization"},"potentialAction":[{"@type":"SearchAction","target":{"@type":"EntryPoint","urlTemplate":"https:\/\/fjala.info\/2009-2015\/?s={search_term_string}"},"query-input":{"@type":"PropertyValueSpecification","valueRequired":true,"valueName":"search_term_string"}}],"inLanguage":"sq-AL"},{"@type":"Organization","@id":"https:\/\/fjala.info\/2009-2015\/#organization","name":"FjALA e LIR\u00cb - Arkivi","url":"https:\/\/fjala.info\/2009-2015\/","logo":{"@type":"ImageObject","inLanguage":"sq-AL","@id":"https:\/\/fjala.info\/2009-2015\/#\/schema\/logo\/image\/","url":"","contentUrl":"","caption":"FjALA e LIR\u00cb - Arkivi"},"image":{"@id":"https:\/\/fjala.info\/2009-2015\/#\/schema\/logo\/image\/"}},{"@type":"Person","@id":"https:\/\/fjala.info\/2009-2015\/#\/schema\/person\/3aa1163ef05469c496fc94e77611ada2","name":"admin","image":{"@type":"ImageObject","inLanguage":"sq-AL","@id":"https:\/\/fjala.info\/2009-2015\/wp-content\/uploads\/2012\/02\/arben_cokaj-120x150.jpg","url":"https:\/\/fjala.info\/2009-2015\/wp-content\/uploads\/2012\/02\/arben_cokaj-120x150.jpg","contentUrl":"https:\/\/fjala.info\/2009-2015\/wp-content\/uploads\/2012\/02\/arben_cokaj-120x150.jpg","caption":"admin"},"description":"Admin, Fjala e Lir\u00eb","sameAs":["https:\/\/fjala.info\/"],"url":"https:\/\/fjala.info\/2009-2015\/author\/admin\/"}]}},"_links":{"self":[{"href":"https:\/\/fjala.info\/2009-2015\/wp-json\/wp\/v2\/posts\/5856","targetHints":{"allow":["GET"]}}],"collection":[{"href":"https:\/\/fjala.info\/2009-2015\/wp-json\/wp\/v2\/posts"}],"about":[{"href":"https:\/\/fjala.info\/2009-2015\/wp-json\/wp\/v2\/types\/post"}],"author":[{"embeddable":true,"href":"https:\/\/fjala.info\/2009-2015\/wp-json\/wp\/v2\/users\/1"}],"replies":[{"embeddable":true,"href":"https:\/\/fjala.info\/2009-2015\/wp-json\/wp\/v2\/comments?post=5856"}],"version-history":[{"count":0,"href":"https:\/\/fjala.info\/2009-2015\/wp-json\/wp\/v2\/posts\/5856\/revisions"}],"wp:attachment":[{"href":"https:\/\/fjala.info\/2009-2015\/wp-json\/wp\/v2\/media?parent=5856"}],"wp:term":[{"taxonomy":"category","embeddable":true,"href":"https:\/\/fjala.info\/2009-2015\/wp-json\/wp\/v2\/categories?post=5856"},{"taxonomy":"post_tag","embeddable":true,"href":"https:\/\/fjala.info\/2009-2015\/wp-json\/wp\/v2\/tags?post=5856"}],"curies":[{"name":"wp","href":"https:\/\/api.w.org\/{rel}","templated":true}]}}