{"id":5850,"date":"2011-01-23T12:21:56","date_gmt":"2011-01-23T11:21:56","guid":{"rendered":"http:\/\/fjala.shkoder.net\/?p=5850"},"modified":"2011-01-23T12:21:56","modified_gmt":"2011-01-23T11:21:56","slug":"ambasadori-danez-jensen-politika-te-reflektoje-kujdes-retorikat","status":"publish","type":"post","link":"https:\/\/fjala.info\/2009-2015\/ambasadori-danez-jensen-politika-te-reflektoje-kujdes-retorikat\/","title":{"rendered":"Ambasadori danez Jensen: Politika t\u00eb reflektoj\u00eb, kujdes retorikat"},"content":{"rendered":"<p><img loading=\"lazy\" decoding=\"async\" src=\"http:\/\/fjala.shkoder.net\/wp-content\/uploads\/2011\/01\/karsten_ankjaer_jensen1.jpg\" alt=\"\" title=\"Karsten Ankj\u00e6r Jensen\" width=\"215\" height=\"170\" class=\"alignright size-full wp-image-5851\" \/><br \/>\nTIRANE &#8211; Ambasadori i Danimark\u00ebs, Karsten Ankjaer Jensen deklaroi sot se viktimat e sh\u00ebnuara gjat\u00eb demonstrat\u00ebs s\u00eb 21 Janarit jan\u00eb pasoj\u00eb e paaft\u00ebsis\u00eb politike. <\/p>\n<p>\u201cTre persona, paguan me \u00e7mimin m\u00eb t\u00eb lart\u00eb t\u00eb mundsh\u00ebm paaft\u00ebsin\u00eb e politik\u00ebs shqiptare p\u00ebr t\u00eb gjetur kompromiset.- kjo eshte deklarata e ambasadorit t\u00eb danimarkes n\u00eb Tiran\u00eb, Karsten Ankjaer Jensen, reagim q\u00eb vjen pas disa q\u00ebndrimeve t\u00eb tilla t\u00eb p\u00ebrfaqesive diplomatike te akredituara ne vendin ton\u00eb n\u00eb lidhje me demonstrat\u00ebn e 21 Janarit. <\/p>\n<p>Deklarata vijon me tej duke theksuar se \u201cNj\u00eb num\u00ebr shum\u00eb i madh personash u plagos\u00ebn dhe mund t\u00eb mbartin p\u00ebrgjithmon\u00eb shenjat e plag\u00ebve t\u00eb shkaktuara nga d\u00ebshtimi i politik\u00ebs s\u00eb demokracis\u00eb shqiptare. Ky fakt, thell\u00ebsisht trishtues, duhet t\u00eb na jap\u00eb shkak p\u00ebr qet\u00ebsi dhe reflektim t\u00eb thell\u00eb. Ambasadori Jensen apelon per vendime t\u00eb men\u00e7ura dhe jo intensifikim i veprimeve e retorikave. <\/p>\n<p>\u201cE drejta p\u00ebr t\u00eb demonstruar me mjete paq\u00ebsore, \u00ebsht\u00eb themelore n\u00eb demokraci. \u00c7do p\u00ebrpjekje p\u00ebr ta kufizuar k\u00ebt\u00eb t\u00eb drejt\u00eb \u00ebsht\u00eb nj\u00eb sulm ndaj demokracis\u00eb. Por dhuna e shkat\u00ebrrimi nuk mund t\u00eb justifikohen. As forca e tepruar e ushtruar pa dallim. N\u00eb nj\u00eb demokraci t\u00eb v\u00ebrtet\u00eb \u00ebsht\u00eb n\u00eb dor\u00eb t\u00eb sistemit t\u00eb drejt\u00ebsis\u00eb t\u00eb gjykoj\u00eb dhe jo t\u00eb politikan\u00ebve\u201d, theksohet ne deklarat\u00ebn e ambasadorit danez i cili shprehet se institucionet e drejt\u00ebsis\u00eb shqiptare duhet t\u00eb marrin p\u00ebrgjegj\u00ebsit\u00eb e tyre, n\u00eb m\u00ebnyr\u00eb t\u00eb qart\u00eb e transparente, dhe t\u00eb ndjekin ligj\u00ebrisht, n\u00eb p\u00ebrputhje t\u00eb plot\u00eb me ligjin, t\u00eb gjith\u00eb shkel\u00ebsit e tij nga t\u00eb dy pal\u00ebt. <\/p>\n<p>Jensen i b\u00ebri thirrje qeveris\u00eb dhe opozit\u00ebs t\u00eb bashk\u00ebpunojn\u00eb p\u00ebr nj\u00eb zgjidhje dhe t\u00eb mos intensifikojn\u00eb retorikat mes tyre. Jensen thekson se Demokracia shqiptare \u00ebsht\u00eb sfiduar p\u00ebrs\u00ebri tashm\u00eb si nga ng\u00ebr\u00e7i i gjat\u00eb politik ashtu edhe nga ngjarjet e fundit q\u00eb \u00e7uan n\u00eb tre t\u00eb vdekur. \u201cPor, \u00e7do shoq\u00ebri, at\u00ebher\u00eb kur ajo sfidohet nxjerr n\u00eb pah vlerat e saj t\u00eb v\u00ebrteta dhe forc\u00ebn e institucioneve t\u00eb saj demokratike. N\u00eb nj\u00eb udh\u00ebkryq t\u00eb till\u00eb, un\u00eb i b\u00ebj thirrje t\u00eb fort\u00eb qeveris\u00eb dhe opozit\u00ebs t\u00eb zgjedhin me men\u00e7uri n\u00eb interes t\u00eb popullit shqiptar dhe t\u00eb ardhmes s\u00eb begat\u00eb europiane t\u00eb cil\u00ebn populli i k\u00ebtij kombi t\u00eb madh meriton.\u201d <\/p>\n<p>(<em>d.b\/BalkanWeb<\/em>)<\/p>\n","protected":false},"excerpt":{"rendered":"<p>TIRANE &#8211; Ambasadori i Danimark\u00ebs, Karsten Ankjaer Jensen deklaroi sot se viktimat e sh\u00ebnuara gjat\u00eb demonstrat\u00ebs s\u00eb 21 Janarit jan\u00eb pasoj\u00eb e paaft\u00ebsis\u00eb politike. \u201cTre persona, paguan me \u00e7mimin m\u00eb t\u00eb lart\u00eb t\u00eb mundsh\u00ebm paaft\u00ebsin\u00eb e politik\u00ebs shqiptare p\u00ebr t\u00eb gjetur kompromiset.- kjo eshte deklarata e ambasadorit t\u00eb danimarkes n\u00eb Tiran\u00eb, Karsten Ankjaer Jensen, reagim [&hellip;]<\/p>\n","protected":false},"author":1,"featured_media":0,"comment_status":"open","ping_status":"closed","sticky":false,"template":"","format":"standard","meta":{"footnotes":""},"categories":[2],"tags":[],"class_list":{"0":"post-5850","1":"post","2":"type-post","3":"status-publish","4":"format-standard","6":"category-artikuj"},"yoast_head":"<!-- This site is optimized with the Yoast SEO plugin v27.4 - https:\/\/yoast.com\/product\/yoast-seo-wordpress\/ -->\n<title>Ambasadori danez Jensen: Politika t\u00eb reflektoj\u00eb, kujdes retorikat - FjALA e LIR\u00cb - Arkivi<\/title>\n<meta name=\"robots\" content=\"index, follow, max-snippet:-1, max-image-preview:large, max-video-preview:-1\" \/>\n<link rel=\"canonical\" href=\"https:\/\/fjala.info\/2009-2015\/ambasadori-danez-jensen-politika-te-reflektoje-kujdes-retorikat\/\" \/>\n<meta property=\"og:locale\" content=\"sq_AL\" \/>\n<meta property=\"og:type\" content=\"article\" \/>\n<meta property=\"og:title\" content=\"Ambasadori danez Jensen: Politika t\u00eb reflektoj\u00eb, kujdes retorikat - FjALA e LIR\u00cb - Arkivi\" \/>\n<meta property=\"og:description\" content=\"TIRANE &#8211; Ambasadori i Danimark\u00ebs, Karsten Ankjaer Jensen deklaroi sot se viktimat e sh\u00ebnuara gjat\u00eb demonstrat\u00ebs s\u00eb 21 Janarit jan\u00eb pasoj\u00eb e paaft\u00ebsis\u00eb politike. \u201cTre persona, paguan me \u00e7mimin m\u00eb t\u00eb lart\u00eb t\u00eb mundsh\u00ebm paaft\u00ebsin\u00eb e politik\u00ebs shqiptare p\u00ebr t\u00eb gjetur kompromiset.- kjo eshte deklarata e ambasadorit t\u00eb danimarkes n\u00eb Tiran\u00eb, Karsten Ankjaer Jensen, reagim [&hellip;]\" \/>\n<meta property=\"og:url\" content=\"https:\/\/fjala.info\/2009-2015\/ambasadori-danez-jensen-politika-te-reflektoje-kujdes-retorikat\/\" \/>\n<meta property=\"og:site_name\" content=\"FjALA e LIR\u00cb - Arkivi\" \/>\n<meta property=\"article:published_time\" content=\"2011-01-23T11:21:56+00:00\" \/>\n<meta property=\"og:image\" content=\"http:\/\/fjala.shkoder.net\/wp-content\/uploads\/2011\/01\/karsten_ankjaer_jensen1.jpg\" \/>\n<meta name=\"author\" content=\"admin\" \/>\n<meta name=\"twitter:card\" content=\"summary_large_image\" \/>\n<meta name=\"twitter:label1\" content=\"Written by\" \/>\n\t<meta name=\"twitter:data1\" content=\"admin\" \/>\n\t<meta name=\"twitter:label2\" content=\"Est. reading time\" \/>\n\t<meta name=\"twitter:data2\" content=\"2 minutes\" \/>\n<script type=\"application\/ld+json\" class=\"yoast-schema-graph\">{\"@context\":\"https:\\\/\\\/schema.org\",\"@graph\":[{\"@type\":\"Article\",\"@id\":\"https:\\\/\\\/fjala.info\\\/2009-2015\\\/ambasadori-danez-jensen-politika-te-reflektoje-kujdes-retorikat\\\/#article\",\"isPartOf\":{\"@id\":\"https:\\\/\\\/fjala.info\\\/2009-2015\\\/ambasadori-danez-jensen-politika-te-reflektoje-kujdes-retorikat\\\/\"},\"author\":{\"name\":\"admin\",\"@id\":\"https:\\\/\\\/fjala.info\\\/2009-2015\\\/#\\\/schema\\\/person\\\/3aa1163ef05469c496fc94e77611ada2\"},\"headline\":\"Ambasadori danez Jensen: Politika t\u00eb reflektoj\u00eb, kujdes retorikat\",\"datePublished\":\"2011-01-23T11:21:56+00:00\",\"mainEntityOfPage\":{\"@id\":\"https:\\\/\\\/fjala.info\\\/2009-2015\\\/ambasadori-danez-jensen-politika-te-reflektoje-kujdes-retorikat\\\/\"},\"wordCount\":415,\"commentCount\":0,\"publisher\":{\"@id\":\"https:\\\/\\\/fjala.info\\\/2009-2015\\\/#organization\"},\"image\":{\"@id\":\"https:\\\/\\\/fjala.info\\\/2009-2015\\\/ambasadori-danez-jensen-politika-te-reflektoje-kujdes-retorikat\\\/#primaryimage\"},\"thumbnailUrl\":\"http:\\\/\\\/fjala.shkoder.net\\\/wp-content\\\/uploads\\\/2011\\\/01\\\/karsten_ankjaer_jensen1.jpg\",\"articleSection\":[\"Artikuj\"],\"inLanguage\":\"sq-AL\",\"potentialAction\":[{\"@type\":\"CommentAction\",\"name\":\"Comment\",\"target\":[\"https:\\\/\\\/fjala.info\\\/2009-2015\\\/ambasadori-danez-jensen-politika-te-reflektoje-kujdes-retorikat\\\/#respond\"]}]},{\"@type\":\"WebPage\",\"@id\":\"https:\\\/\\\/fjala.info\\\/2009-2015\\\/ambasadori-danez-jensen-politika-te-reflektoje-kujdes-retorikat\\\/\",\"url\":\"https:\\\/\\\/fjala.info\\\/2009-2015\\\/ambasadori-danez-jensen-politika-te-reflektoje-kujdes-retorikat\\\/\",\"name\":\"Ambasadori danez Jensen: Politika t\u00eb reflektoj\u00eb, kujdes retorikat - FjALA e LIR\u00cb - Arkivi\",\"isPartOf\":{\"@id\":\"https:\\\/\\\/fjala.info\\\/2009-2015\\\/#website\"},\"primaryImageOfPage\":{\"@id\":\"https:\\\/\\\/fjala.info\\\/2009-2015\\\/ambasadori-danez-jensen-politika-te-reflektoje-kujdes-retorikat\\\/#primaryimage\"},\"image\":{\"@id\":\"https:\\\/\\\/fjala.info\\\/2009-2015\\\/ambasadori-danez-jensen-politika-te-reflektoje-kujdes-retorikat\\\/#primaryimage\"},\"thumbnailUrl\":\"http:\\\/\\\/fjala.shkoder.net\\\/wp-content\\\/uploads\\\/2011\\\/01\\\/karsten_ankjaer_jensen1.jpg\",\"datePublished\":\"2011-01-23T11:21:56+00:00\",\"breadcrumb\":{\"@id\":\"https:\\\/\\\/fjala.info\\\/2009-2015\\\/ambasadori-danez-jensen-politika-te-reflektoje-kujdes-retorikat\\\/#breadcrumb\"},\"inLanguage\":\"sq-AL\",\"potentialAction\":[{\"@type\":\"ReadAction\",\"target\":[\"https:\\\/\\\/fjala.info\\\/2009-2015\\\/ambasadori-danez-jensen-politika-te-reflektoje-kujdes-retorikat\\\/\"]}]},{\"@type\":\"ImageObject\",\"inLanguage\":\"sq-AL\",\"@id\":\"https:\\\/\\\/fjala.info\\\/2009-2015\\\/ambasadori-danez-jensen-politika-te-reflektoje-kujdes-retorikat\\\/#primaryimage\",\"url\":\"http:\\\/\\\/fjala.shkoder.net\\\/wp-content\\\/uploads\\\/2011\\\/01\\\/karsten_ankjaer_jensen1.jpg\",\"contentUrl\":\"http:\\\/\\\/fjala.shkoder.net\\\/wp-content\\\/uploads\\\/2011\\\/01\\\/karsten_ankjaer_jensen1.jpg\"},{\"@type\":\"BreadcrumbList\",\"@id\":\"https:\\\/\\\/fjala.info\\\/2009-2015\\\/ambasadori-danez-jensen-politika-te-reflektoje-kujdes-retorikat\\\/#breadcrumb\",\"itemListElement\":[{\"@type\":\"ListItem\",\"position\":1,\"name\":\"Home\",\"item\":\"https:\\\/\\\/fjala.info\\\/2009-2015\\\/\"},{\"@type\":\"ListItem\",\"position\":2,\"name\":\"Ambasadori danez Jensen: Politika t\u00eb reflektoj\u00eb, kujdes retorikat\"}]},{\"@type\":\"WebSite\",\"@id\":\"https:\\\/\\\/fjala.info\\\/2009-2015\\\/#website\",\"url\":\"https:\\\/\\\/fjala.info\\\/2009-2015\\\/\",\"name\":\"FjALA e LIR\u00cb - Arkivi\",\"description\":\"Arkivi 2009-2015\",\"publisher\":{\"@id\":\"https:\\\/\\\/fjala.info\\\/2009-2015\\\/#organization\"},\"potentialAction\":[{\"@type\":\"SearchAction\",\"target\":{\"@type\":\"EntryPoint\",\"urlTemplate\":\"https:\\\/\\\/fjala.info\\\/2009-2015\\\/?s={search_term_string}\"},\"query-input\":{\"@type\":\"PropertyValueSpecification\",\"valueRequired\":true,\"valueName\":\"search_term_string\"}}],\"inLanguage\":\"sq-AL\"},{\"@type\":\"Organization\",\"@id\":\"https:\\\/\\\/fjala.info\\\/2009-2015\\\/#organization\",\"name\":\"FjALA e LIR\u00cb - Arkivi\",\"url\":\"https:\\\/\\\/fjala.info\\\/2009-2015\\\/\",\"logo\":{\"@type\":\"ImageObject\",\"inLanguage\":\"sq-AL\",\"@id\":\"https:\\\/\\\/fjala.info\\\/2009-2015\\\/#\\\/schema\\\/logo\\\/image\\\/\",\"url\":\"\",\"contentUrl\":\"\",\"caption\":\"FjALA e LIR\u00cb - Arkivi\"},\"image\":{\"@id\":\"https:\\\/\\\/fjala.info\\\/2009-2015\\\/#\\\/schema\\\/logo\\\/image\\\/\"}},{\"@type\":\"Person\",\"@id\":\"https:\\\/\\\/fjala.info\\\/2009-2015\\\/#\\\/schema\\\/person\\\/3aa1163ef05469c496fc94e77611ada2\",\"name\":\"admin\",\"image\":{\"@type\":\"ImageObject\",\"inLanguage\":\"sq-AL\",\"@id\":\"https:\\\/\\\/fjala.info\\\/2009-2015\\\/wp-content\\\/uploads\\\/2012\\\/02\\\/arben_cokaj-120x150.jpg\",\"url\":\"https:\\\/\\\/fjala.info\\\/2009-2015\\\/wp-content\\\/uploads\\\/2012\\\/02\\\/arben_cokaj-120x150.jpg\",\"contentUrl\":\"https:\\\/\\\/fjala.info\\\/2009-2015\\\/wp-content\\\/uploads\\\/2012\\\/02\\\/arben_cokaj-120x150.jpg\",\"caption\":\"admin\"},\"description\":\"Admin, Fjala e Lir\u00eb\",\"sameAs\":[\"https:\\\/\\\/fjala.info\\\/\"],\"url\":\"https:\\\/\\\/fjala.info\\\/2009-2015\\\/author\\\/admin\\\/\"}]}<\/script>\n<!-- \/ Yoast SEO plugin. -->","yoast_head_json":{"title":"Ambasadori danez Jensen: Politika t\u00eb reflektoj\u00eb, kujdes retorikat - FjALA e LIR\u00cb - Arkivi","robots":{"index":"index","follow":"follow","max-snippet":"max-snippet:-1","max-image-preview":"max-image-preview:large","max-video-preview":"max-video-preview:-1"},"canonical":"https:\/\/fjala.info\/2009-2015\/ambasadori-danez-jensen-politika-te-reflektoje-kujdes-retorikat\/","og_locale":"sq_AL","og_type":"article","og_title":"Ambasadori danez Jensen: Politika t\u00eb reflektoj\u00eb, kujdes retorikat - FjALA e LIR\u00cb - Arkivi","og_description":"TIRANE &#8211; Ambasadori i Danimark\u00ebs, Karsten Ankjaer Jensen deklaroi sot se viktimat e sh\u00ebnuara gjat\u00eb demonstrat\u00ebs s\u00eb 21 Janarit jan\u00eb pasoj\u00eb e paaft\u00ebsis\u00eb politike. \u201cTre persona, paguan me \u00e7mimin m\u00eb t\u00eb lart\u00eb t\u00eb mundsh\u00ebm paaft\u00ebsin\u00eb e politik\u00ebs shqiptare p\u00ebr t\u00eb gjetur kompromiset.- kjo eshte deklarata e ambasadorit t\u00eb danimarkes n\u00eb Tiran\u00eb, Karsten Ankjaer Jensen, reagim [&hellip;]","og_url":"https:\/\/fjala.info\/2009-2015\/ambasadori-danez-jensen-politika-te-reflektoje-kujdes-retorikat\/","og_site_name":"FjALA e LIR\u00cb - Arkivi","article_published_time":"2011-01-23T11:21:56+00:00","og_image":[{"url":"http:\/\/fjala.shkoder.net\/wp-content\/uploads\/2011\/01\/karsten_ankjaer_jensen1.jpg","type":"","width":"","height":""}],"author":"admin","twitter_card":"summary_large_image","twitter_misc":{"Written by":"admin","Est. reading time":"2 minutes"},"schema":{"@context":"https:\/\/schema.org","@graph":[{"@type":"Article","@id":"https:\/\/fjala.info\/2009-2015\/ambasadori-danez-jensen-politika-te-reflektoje-kujdes-retorikat\/#article","isPartOf":{"@id":"https:\/\/fjala.info\/2009-2015\/ambasadori-danez-jensen-politika-te-reflektoje-kujdes-retorikat\/"},"author":{"name":"admin","@id":"https:\/\/fjala.info\/2009-2015\/#\/schema\/person\/3aa1163ef05469c496fc94e77611ada2"},"headline":"Ambasadori danez Jensen: Politika t\u00eb reflektoj\u00eb, kujdes retorikat","datePublished":"2011-01-23T11:21:56+00:00","mainEntityOfPage":{"@id":"https:\/\/fjala.info\/2009-2015\/ambasadori-danez-jensen-politika-te-reflektoje-kujdes-retorikat\/"},"wordCount":415,"commentCount":0,"publisher":{"@id":"https:\/\/fjala.info\/2009-2015\/#organization"},"image":{"@id":"https:\/\/fjala.info\/2009-2015\/ambasadori-danez-jensen-politika-te-reflektoje-kujdes-retorikat\/#primaryimage"},"thumbnailUrl":"http:\/\/fjala.shkoder.net\/wp-content\/uploads\/2011\/01\/karsten_ankjaer_jensen1.jpg","articleSection":["Artikuj"],"inLanguage":"sq-AL","potentialAction":[{"@type":"CommentAction","name":"Comment","target":["https:\/\/fjala.info\/2009-2015\/ambasadori-danez-jensen-politika-te-reflektoje-kujdes-retorikat\/#respond"]}]},{"@type":"WebPage","@id":"https:\/\/fjala.info\/2009-2015\/ambasadori-danez-jensen-politika-te-reflektoje-kujdes-retorikat\/","url":"https:\/\/fjala.info\/2009-2015\/ambasadori-danez-jensen-politika-te-reflektoje-kujdes-retorikat\/","name":"Ambasadori danez Jensen: Politika t\u00eb reflektoj\u00eb, kujdes retorikat - FjALA e LIR\u00cb - Arkivi","isPartOf":{"@id":"https:\/\/fjala.info\/2009-2015\/#website"},"primaryImageOfPage":{"@id":"https:\/\/fjala.info\/2009-2015\/ambasadori-danez-jensen-politika-te-reflektoje-kujdes-retorikat\/#primaryimage"},"image":{"@id":"https:\/\/fjala.info\/2009-2015\/ambasadori-danez-jensen-politika-te-reflektoje-kujdes-retorikat\/#primaryimage"},"thumbnailUrl":"http:\/\/fjala.shkoder.net\/wp-content\/uploads\/2011\/01\/karsten_ankjaer_jensen1.jpg","datePublished":"2011-01-23T11:21:56+00:00","breadcrumb":{"@id":"https:\/\/fjala.info\/2009-2015\/ambasadori-danez-jensen-politika-te-reflektoje-kujdes-retorikat\/#breadcrumb"},"inLanguage":"sq-AL","potentialAction":[{"@type":"ReadAction","target":["https:\/\/fjala.info\/2009-2015\/ambasadori-danez-jensen-politika-te-reflektoje-kujdes-retorikat\/"]}]},{"@type":"ImageObject","inLanguage":"sq-AL","@id":"https:\/\/fjala.info\/2009-2015\/ambasadori-danez-jensen-politika-te-reflektoje-kujdes-retorikat\/#primaryimage","url":"http:\/\/fjala.shkoder.net\/wp-content\/uploads\/2011\/01\/karsten_ankjaer_jensen1.jpg","contentUrl":"http:\/\/fjala.shkoder.net\/wp-content\/uploads\/2011\/01\/karsten_ankjaer_jensen1.jpg"},{"@type":"BreadcrumbList","@id":"https:\/\/fjala.info\/2009-2015\/ambasadori-danez-jensen-politika-te-reflektoje-kujdes-retorikat\/#breadcrumb","itemListElement":[{"@type":"ListItem","position":1,"name":"Home","item":"https:\/\/fjala.info\/2009-2015\/"},{"@type":"ListItem","position":2,"name":"Ambasadori danez Jensen: Politika t\u00eb reflektoj\u00eb, kujdes retorikat"}]},{"@type":"WebSite","@id":"https:\/\/fjala.info\/2009-2015\/#website","url":"https:\/\/fjala.info\/2009-2015\/","name":"FjALA e LIR\u00cb - Arkivi","description":"Arkivi 2009-2015","publisher":{"@id":"https:\/\/fjala.info\/2009-2015\/#organization"},"potentialAction":[{"@type":"SearchAction","target":{"@type":"EntryPoint","urlTemplate":"https:\/\/fjala.info\/2009-2015\/?s={search_term_string}"},"query-input":{"@type":"PropertyValueSpecification","valueRequired":true,"valueName":"search_term_string"}}],"inLanguage":"sq-AL"},{"@type":"Organization","@id":"https:\/\/fjala.info\/2009-2015\/#organization","name":"FjALA e LIR\u00cb - Arkivi","url":"https:\/\/fjala.info\/2009-2015\/","logo":{"@type":"ImageObject","inLanguage":"sq-AL","@id":"https:\/\/fjala.info\/2009-2015\/#\/schema\/logo\/image\/","url":"","contentUrl":"","caption":"FjALA e LIR\u00cb - Arkivi"},"image":{"@id":"https:\/\/fjala.info\/2009-2015\/#\/schema\/logo\/image\/"}},{"@type":"Person","@id":"https:\/\/fjala.info\/2009-2015\/#\/schema\/person\/3aa1163ef05469c496fc94e77611ada2","name":"admin","image":{"@type":"ImageObject","inLanguage":"sq-AL","@id":"https:\/\/fjala.info\/2009-2015\/wp-content\/uploads\/2012\/02\/arben_cokaj-120x150.jpg","url":"https:\/\/fjala.info\/2009-2015\/wp-content\/uploads\/2012\/02\/arben_cokaj-120x150.jpg","contentUrl":"https:\/\/fjala.info\/2009-2015\/wp-content\/uploads\/2012\/02\/arben_cokaj-120x150.jpg","caption":"admin"},"description":"Admin, Fjala e Lir\u00eb","sameAs":["https:\/\/fjala.info\/"],"url":"https:\/\/fjala.info\/2009-2015\/author\/admin\/"}]}},"_links":{"self":[{"href":"https:\/\/fjala.info\/2009-2015\/wp-json\/wp\/v2\/posts\/5850","targetHints":{"allow":["GET"]}}],"collection":[{"href":"https:\/\/fjala.info\/2009-2015\/wp-json\/wp\/v2\/posts"}],"about":[{"href":"https:\/\/fjala.info\/2009-2015\/wp-json\/wp\/v2\/types\/post"}],"author":[{"embeddable":true,"href":"https:\/\/fjala.info\/2009-2015\/wp-json\/wp\/v2\/users\/1"}],"replies":[{"embeddable":true,"href":"https:\/\/fjala.info\/2009-2015\/wp-json\/wp\/v2\/comments?post=5850"}],"version-history":[{"count":0,"href":"https:\/\/fjala.info\/2009-2015\/wp-json\/wp\/v2\/posts\/5850\/revisions"}],"wp:attachment":[{"href":"https:\/\/fjala.info\/2009-2015\/wp-json\/wp\/v2\/media?parent=5850"}],"wp:term":[{"taxonomy":"category","embeddable":true,"href":"https:\/\/fjala.info\/2009-2015\/wp-json\/wp\/v2\/categories?post=5850"},{"taxonomy":"post_tag","embeddable":true,"href":"https:\/\/fjala.info\/2009-2015\/wp-json\/wp\/v2\/tags?post=5850"}],"curies":[{"name":"wp","href":"https:\/\/api.w.org\/{rel}","templated":true}]}}